{"id":6117,"date":"2025-10-27T12:00:00","date_gmt":"2025-10-27T11:00:00","guid":{"rendered":"https:\/\/unaymilletras.com\/?p=6117"},"modified":"2025-10-26T20:00:35","modified_gmt":"2025-10-26T19:00:35","slug":"5sos-conciertos-espana-2026","status":"publish","type":"post","link":"https:\/\/unaymilletras.com\/en\/5sos-conciertos-espana-2026\/","title":{"rendered":"5 Seconds of Summer anuncian su regreso a Espa\u00f1a en 2026"},"content":{"rendered":"<div data-elementor-type=\"wp-post\" data-elementor-id=\"6117\" class=\"elementor elementor-6117\">\n\t\t\t\t\t\t<section class=\"elementor-section elementor-top-section elementor-element elementor-element-1d0188e elementor-section-boxed elementor-section-height-default elementor-section-height-default\" data-id=\"1d0188e\" data-element_type=\"section\" data-e-type=\"section\">\n\t\t\t\t\t\t<div class=\"elementor-container elementor-column-gap-default\">\n\t\t\t\t\t<div class=\"elementor-column elementor-col-100 elementor-top-column elementor-element elementor-element-1e8784a\" data-id=\"1e8784a\" data-element_type=\"column\" data-e-type=\"column\">\n\t\t\t<div class=\"elementor-widget-wrap elementor-element-populated\">\n\t\t\t\t\t\t<div class=\"elementor-element elementor-element-cbad9bc elementor-widget elementor-widget-heading\" data-id=\"cbad9bc\" data-element_type=\"widget\" data-e-type=\"widget\" data-widget_type=\"heading.default\">\n\t\t\t\t<div class=\"elementor-widget-container\">\n\t\t\t\t\t<h2 class=\"elementor-heading-title elementor-size-default\">La banda australiana 5 Seconds of Summer confirma su regreso a Espa\u00f1a en 2026 con fechas: el 30 de abril en el Palacio Vistalegre de Madrid y el 1 de mayo en el Roig Arena de Valencia.<\/h2>\t\t\t\t<\/div>\n\t\t\t\t<\/div>\n\t\t\t\t\t<\/div>\n\t\t<\/div>\n\t\t\t\t\t<\/div>\n\t\t<\/section>\n\t\t\t\t<section class=\"elementor-section elementor-top-section elementor-element elementor-element-8ab0d29 elementor-section-boxed elementor-section-height-default elementor-section-height-default\" data-id=\"8ab0d29\" data-element_type=\"section\" data-e-type=\"section\">\n\t\t\t\t\t\t<div class=\"elementor-container elementor-column-gap-default\">\n\t\t\t\t\t<div class=\"elementor-column elementor-col-100 elementor-top-column elementor-element elementor-element-554cac2\" data-id=\"554cac2\" data-element_type=\"column\" data-e-type=\"column\">\n\t\t\t<div class=\"elementor-widget-wrap elementor-element-populated\">\n\t\t\t\t\t\t<div class=\"elementor-element elementor-element-984f870 elementor-widget elementor-widget-image\" data-id=\"984f870\" data-element_type=\"widget\" data-e-type=\"widget\" data-widget_type=\"image.default\">\n\t\t\t\t<div class=\"elementor-widget-container\">\n\t\t\t\t\t\t\t\t\t\t\t\t\t\t\t<img decoding=\"async\" src=\"http:\/\/unaymilletras.com\/wp-content\/uploads\/2025\/10\/unnamed-3-2.jpg\" title=\"\" alt=\"\" loading=\"lazy\" \/>\t\t\t\t\t\t\t\t\t\t\t\t\t\t\t<\/div>\n\t\t\t\t<\/div>\n\t\t\t\t\t<\/div>\n\t\t<\/div>\n\t\t\t\t\t<\/div>\n\t\t<\/section>\n\t\t\t\t<section class=\"elementor-section elementor-top-section elementor-element elementor-element-b6a92d2 elementor-section-boxed elementor-section-height-default elementor-section-height-default\" data-id=\"b6a92d2\" data-element_type=\"section\" data-e-type=\"section\">\n\t\t\t\t\t\t<div class=\"elementor-container elementor-column-gap-default\">\n\t\t\t\t\t<div class=\"elementor-column elementor-col-100 elementor-top-column elementor-element elementor-element-5c4d219\" data-id=\"5c4d219\" data-element_type=\"column\" data-e-type=\"column\">\n\t\t\t<div class=\"elementor-widget-wrap elementor-element-populated\">\n\t\t\t\t\t\t<div class=\"elementor-element elementor-element-47035d8 elementor-widget elementor-widget-text-editor\" data-id=\"47035d8\" data-element_type=\"widget\" data-e-type=\"widget\" data-widget_type=\"text-editor.default\">\n\t\t\t\t<div class=\"elementor-widget-container\">\n\t\t\t\t\t\t\t\t\t<p>Los fans de 5 Seconds of Summer podr\u00e1n disfrutar de la energ\u00eda y el potente directo de uno de los grupos m\u00e1s influyentes del pop-rock actual, en el marco de una nueva gira que acompa\u00f1ar\u00e1 el lanzamiento de su pr\u00f3ximo \u00e1lbum, <strong data-start=\"649\" data-end=\"672\"><em data-start=\"651\" data-end=\"670\">Everyone\u2019s a Star<\/em><\/strong>.<\/p><p style=\"text-align: justify;\" data-start=\"677\" data-end=\"964\">Las <strong data-start=\"681\" data-end=\"755\">entradas saldr\u00e1n a la venta el viernes 31 de octubre a las 10:00 horas<\/strong> a trav\u00e9s de <strong data-start=\"768\" data-end=\"817\">Livenation.es, Ticketmaster y El Corte Ingl\u00e9s<\/strong>, aunque se habilitar\u00e1n <strong data-start=\"841\" data-end=\"865\">preventas exclusivas<\/strong> los d\u00edas <strong data-start=\"875\" data-end=\"897\">29 y 30 de octubre<\/strong> para los usuarios registrados en <strong data-start=\"931\" data-end=\"943\">S.SMUSIC<\/strong> y <strong data-start=\"946\" data-end=\"961\">Live Nation<\/strong>.<\/p><p style=\"text-align: justify;\" data-start=\"966\" data-end=\"1374\">Formados en S\u00eddney en 2011, <strong data-start=\"994\" data-end=\"1056\">Luke Hemmings, Michael Clifford, Calum Hood y Ashton Irwin<\/strong> han pasado de ser un grupo de amigos del instituto a consolidarse como una de las grandes bandas del siglo XXI. Con m\u00e1s de <strong data-start=\"1180\" data-end=\"1214\">18 millones de discos vendidos<\/strong>, <strong data-start=\"1216\" data-end=\"1253\">10.000 millones de reproducciones<\/strong> en plataformas digitales y <strong data-start=\"1281\" data-end=\"1310\">seis millones de entradas<\/strong> vendidas en todo el mundo, su impacto global es indiscutible.<\/p><p style=\"text-align: justify;\" data-start=\"1376\" data-end=\"1578\">A lo largo de su carrera, 5 Seconds of Summer ha conseguido <strong data-start=\"1436\" data-end=\"1489\">tres n\u00fameros uno consecutivos en el Billboard 200<\/strong> y ha sido reconocido en premios como los <strong data-start=\"1531\" data-end=\"1546\">ARIA Awards<\/strong>, <strong data-start=\"1548\" data-end=\"1560\">MTV EMAs<\/strong> y <strong data-start=\"1563\" data-end=\"1575\">MTV VMAs<\/strong>.<\/p><p style=\"text-align: justify;\" data-start=\"1580\" data-end=\"1829\">Con su nuevo trabajo, encabezado por los sencillos <strong data-start=\"1631\" data-end=\"1643\">\u201cNOT OK\u201d<\/strong> y <strong data-start=\"1646\" data-end=\"1659\">\u201cBoyband\u201d<\/strong>, el grupo inicia una etapa m\u00e1s ambiciosa y madura, reafirmando su capacidad para reinventarse sin perder la esencia que los llev\u00f3 a la cima del pop-rock internacional.<\/p>\t\t\t\t\t\t\t\t<\/div>\n\t\t\t\t<\/div>\n\t\t\t\t\t<\/div>\n\t\t<\/div>\n\t\t\t\t\t<\/div>\n\t\t<\/section>\n\t\t\t\t<section class=\"elementor-section elementor-top-section elementor-element elementor-element-21ed2d3 elementor-section-boxed elementor-section-height-default elementor-section-height-default\" data-id=\"21ed2d3\" data-element_type=\"section\" data-e-type=\"section\">\n\t\t\t\t\t\t<div class=\"elementor-container elementor-column-gap-default\">\n\t\t\t\t\t<div class=\"elementor-column elementor-col-100 elementor-top-column elementor-element elementor-element-e3103c3\" data-id=\"e3103c3\" data-element_type=\"column\" data-e-type=\"column\">\n\t\t\t<div class=\"elementor-widget-wrap elementor-element-populated\">\n\t\t\t\t\t\t<div class=\"elementor-element elementor-element-71ec08a elementor-widget elementor-widget-video\" data-id=\"71ec08a\" data-element_type=\"widget\" data-e-type=\"widget\" data-settings=\"{&quot;youtube_url&quot;:&quot;https:\\\/\\\/www.youtube.com\\\/watch?v=OOHndihD7Dc&quot;,&quot;video_type&quot;:&quot;youtube&quot;,&quot;controls&quot;:&quot;yes&quot;}\" data-widget_type=\"video.default\">\n\t\t\t\t<div class=\"elementor-widget-container\">\n\t\t\t\t\t\t\t<div class=\"elementor-wrapper elementor-open-inline\">\n\t\t\t<div class=\"elementor-video\"><\/div>\t\t<\/div>\n\t\t\t\t\t\t<\/div>\n\t\t\t\t<\/div>\n\t\t\t\t\t<\/div>\n\t\t<\/div>\n\t\t\t\t\t<\/div>\n\t\t<\/section>\n\t\t\t\t<\/div>","protected":false},"excerpt":{"rendered":"<p>La banda australiana 5 Seconds of Summer confirma su regreso a Espa\u00f1a en 2026 con fechas: el 30 de abril en el Palacio Vistalegre de Madrid y el 1 de mayo en el Roig Arena de Valencia. Los fans de 5 Seconds of Summer podr\u00e1n disfrutar de la energ\u00eda y el potente directo de uno [&hellip;]<\/p>\n","protected":false},"author":9,"featured_media":6118,"comment_status":"closed","ping_status":"closed","sticky":false,"template":"","format":"standard","meta":{"footnotes":""},"categories":[119,4],"tags":[244,171],"class_list":["post-6117","post","type-post","status-publish","format-standard","has-post-thumbnail","hentry","category-eventos","category-musica","tag-5sos","tag-gira"],"yoast_head":"<!-- This site is optimized with the Yoast SEO plugin v27.4 - https:\/\/yoast.com\/product\/yoast-seo-wordpress\/ -->\n<title>5 Seconds of Summer regresan a Espa\u00f1a en 2026<\/title>\n<meta name=\"description\" content=\"5 Seconds of Summer regresan a Espa\u00f1a en 2026 con conciertos en Madrid y Valencia. Entradas a la venta el 31 de octubre\" \/>\n<meta name=\"robots\" content=\"index, follow, max-snippet:-1, max-image-preview:large, max-video-preview:-1\" \/>\n<link rel=\"canonical\" href=\"https:\/\/unaymilletras.com\/en\/5sos-conciertos-espana-2026\/\" \/>\n<meta property=\"og:locale\" content=\"en_GB\" \/>\n<meta property=\"og:type\" content=\"article\" \/>\n<meta property=\"og:title\" content=\"5 Seconds of Summer regresan a Espa\u00f1a en 2026\" \/>\n<meta property=\"og:description\" content=\"5 Seconds of Summer regresan a Espa\u00f1a en 2026 con conciertos en Madrid y Valencia. Entradas a la venta el 31 de octubre\" \/>\n<meta property=\"og:url\" content=\"https:\/\/unaymilletras.com\/en\/5sos-conciertos-espana-2026\/\" \/>\n<meta property=\"og:site_name\" content=\"Una y Mil Letras\" \/>\n<meta property=\"article:published_time\" content=\"2025-10-27T11:00:00+00:00\" \/>\n<meta property=\"og:image\" content=\"https:\/\/unaymilletras.com\/wp-content\/uploads\/2025\/10\/unnamed-3-1-e1761502072807.jpg\" \/>\n\t<meta property=\"og:image:width\" content=\"422\" \/>\n\t<meta property=\"og:image:height\" content=\"600\" \/>\n\t<meta property=\"og:image:type\" content=\"image\/jpeg\" \/>\n<meta name=\"author\" content=\"Victoria Hern\u00e1ndez\" \/>\n<meta name=\"twitter:card\" content=\"summary_large_image\" \/>\n<meta name=\"twitter:creator\" content=\"@UnaYMilLetras\" \/>\n<meta name=\"twitter:site\" content=\"@UnaYMilLetras\" \/>\n<meta name=\"twitter:label1\" content=\"Written by\" \/>\n\t<meta name=\"twitter:data1\" content=\"Victoria Hern\u00e1ndez\" \/>\n\t<meta name=\"twitter:label2\" content=\"Estimated reading time\" \/>\n\t<meta name=\"twitter:data2\" content=\"2 minutes\" \/>\n<script type=\"application\/ld+json\" class=\"yoast-schema-graph\">{\"@context\":\"https:\\\/\\\/schema.org\",\"@graph\":[{\"@type\":\"Article\",\"@id\":\"https:\\\/\\\/unaymilletras.com\\\/5sos-conciertos-espana-2026\\\/#article\",\"isPartOf\":{\"@id\":\"https:\\\/\\\/unaymilletras.com\\\/5sos-conciertos-espana-2026\\\/\"},\"author\":{\"name\":\"Victoria Hern\u00e1ndez\",\"@id\":\"http:\\\/\\\/unaymilletras.com\\\/#\\\/schema\\\/person\\\/90f1e88e4c10951a79965c8106280f0a\"},\"headline\":\"5 Seconds of Summer anuncian su regreso a Espa\u00f1a en 2026\",\"datePublished\":\"2025-10-27T11:00:00+00:00\",\"mainEntityOfPage\":{\"@id\":\"https:\\\/\\\/unaymilletras.com\\\/5sos-conciertos-espana-2026\\\/\"},\"wordCount\":287,\"publisher\":{\"@id\":\"http:\\\/\\\/unaymilletras.com\\\/#organization\"},\"image\":{\"@id\":\"https:\\\/\\\/unaymilletras.com\\\/5sos-conciertos-espana-2026\\\/#primaryimage\"},\"thumbnailUrl\":\"https:\\\/\\\/unaymilletras.com\\\/wp-content\\\/uploads\\\/2025\\\/10\\\/unnamed-3-1-e1761502072807.jpg\",\"keywords\":[\"5sos\",\"Gira\"],\"articleSection\":[\"Eventos\",\"M\u00fasica\"],\"inLanguage\":\"en-GB\"},{\"@type\":\"WebPage\",\"@id\":\"https:\\\/\\\/unaymilletras.com\\\/5sos-conciertos-espana-2026\\\/\",\"url\":\"https:\\\/\\\/unaymilletras.com\\\/5sos-conciertos-espana-2026\\\/\",\"name\":\"5 Seconds of Summer regresan a Espa\u00f1a en 2026\",\"isPartOf\":{\"@id\":\"http:\\\/\\\/unaymilletras.com\\\/#website\"},\"primaryImageOfPage\":{\"@id\":\"https:\\\/\\\/unaymilletras.com\\\/5sos-conciertos-espana-2026\\\/#primaryimage\"},\"image\":{\"@id\":\"https:\\\/\\\/unaymilletras.com\\\/5sos-conciertos-espana-2026\\\/#primaryimage\"},\"thumbnailUrl\":\"https:\\\/\\\/unaymilletras.com\\\/wp-content\\\/uploads\\\/2025\\\/10\\\/unnamed-3-1-e1761502072807.jpg\",\"datePublished\":\"2025-10-27T11:00:00+00:00\",\"description\":\"5 Seconds of Summer regresan a Espa\u00f1a en 2026 con conciertos en Madrid y Valencia. Entradas a la venta el 31 de octubre\",\"breadcrumb\":{\"@id\":\"https:\\\/\\\/unaymilletras.com\\\/5sos-conciertos-espana-2026\\\/#breadcrumb\"},\"inLanguage\":\"en-GB\",\"potentialAction\":[{\"@type\":\"ReadAction\",\"target\":[\"https:\\\/\\\/unaymilletras.com\\\/5sos-conciertos-espana-2026\\\/\"]}]},{\"@type\":\"ImageObject\",\"inLanguage\":\"en-GB\",\"@id\":\"https:\\\/\\\/unaymilletras.com\\\/5sos-conciertos-espana-2026\\\/#primaryimage\",\"url\":\"https:\\\/\\\/unaymilletras.com\\\/wp-content\\\/uploads\\\/2025\\\/10\\\/unnamed-3-1-e1761502072807.jpg\",\"contentUrl\":\"https:\\\/\\\/unaymilletras.com\\\/wp-content\\\/uploads\\\/2025\\\/10\\\/unnamed-3-1-e1761502072807.jpg\",\"width\":422,\"height\":600},{\"@type\":\"BreadcrumbList\",\"@id\":\"https:\\\/\\\/unaymilletras.com\\\/5sos-conciertos-espana-2026\\\/#breadcrumb\",\"itemListElement\":[{\"@type\":\"ListItem\",\"position\":1,\"name\":\"Home\",\"item\":\"http:\\\/\\\/unaymilletras.com\\\/\"},{\"@type\":\"ListItem\",\"position\":2,\"name\":\"5 Seconds of Summer anuncian su regreso a Espa\u00f1a en 2026\"}]},{\"@type\":\"WebSite\",\"@id\":\"http:\\\/\\\/unaymilletras.com\\\/#website\",\"url\":\"http:\\\/\\\/unaymilletras.com\\\/\",\"name\":\"Una y Mil Letras\",\"description\":\"\",\"publisher\":{\"@id\":\"http:\\\/\\\/unaymilletras.com\\\/#organization\"},\"potentialAction\":[{\"@type\":\"SearchAction\",\"target\":{\"@type\":\"EntryPoint\",\"urlTemplate\":\"http:\\\/\\\/unaymilletras.com\\\/?s={search_term_string}\"},\"query-input\":{\"@type\":\"PropertyValueSpecification\",\"valueRequired\":true,\"valueName\":\"search_term_string\"}}],\"inLanguage\":\"en-GB\"},{\"@type\":\"Organization\",\"@id\":\"http:\\\/\\\/unaymilletras.com\\\/#organization\",\"name\":\"Una y Mil Letras\",\"url\":\"http:\\\/\\\/unaymilletras.com\\\/\",\"logo\":{\"@type\":\"ImageObject\",\"inLanguage\":\"en-GB\",\"@id\":\"http:\\\/\\\/unaymilletras.com\\\/#\\\/schema\\\/logo\\\/image\\\/\",\"url\":\"https:\\\/\\\/unaymilletras.com\\\/wp-content\\\/uploads\\\/2024\\\/06\\\/cropped-Logo-removebg-preview.png\",\"contentUrl\":\"https:\\\/\\\/unaymilletras.com\\\/wp-content\\\/uploads\\\/2024\\\/06\\\/cropped-Logo-removebg-preview.png\",\"width\":512,\"height\":512,\"caption\":\"Una y Mil Letras\"},\"image\":{\"@id\":\"http:\\\/\\\/unaymilletras.com\\\/#\\\/schema\\\/logo\\\/image\\\/\"},\"sameAs\":[\"https:\\\/\\\/x.com\\\/UnaYMilLetras\",\"https:\\\/\\\/instagram.com\\\/UnaYMilLetras\"]},{\"@type\":\"Person\",\"@id\":\"http:\\\/\\\/unaymilletras.com\\\/#\\\/schema\\\/person\\\/90f1e88e4c10951a79965c8106280f0a\",\"name\":\"Victoria Hern\u00e1ndez\",\"image\":{\"@type\":\"ImageObject\",\"inLanguage\":\"en-GB\",\"@id\":\"https:\\\/\\\/secure.gravatar.com\\\/avatar\\\/4a6a914c964cf29cc45dd00ef5c74e847f221f6a1039c94b8aa244949baeeda4?s=96&d=mm&r=g\",\"url\":\"https:\\\/\\\/secure.gravatar.com\\\/avatar\\\/4a6a914c964cf29cc45dd00ef5c74e847f221f6a1039c94b8aa244949baeeda4?s=96&d=mm&r=g\",\"contentUrl\":\"https:\\\/\\\/secure.gravatar.com\\\/avatar\\\/4a6a914c964cf29cc45dd00ef5c74e847f221f6a1039c94b8aa244949baeeda4?s=96&d=mm&r=g\",\"caption\":\"Victoria Hern\u00e1ndez\"},\"url\":\"https:\\\/\\\/unaymilletras.com\\\/en\\\/author\\\/victoriahernandez\\\/\"}]}<\/script>\n<!-- \/ Yoast SEO plugin. -->","yoast_head_json":{"title":"5 Seconds of Summer regresan a Espa\u00f1a en 2026","description":"5 Seconds of Summer regresan a Espa\u00f1a en 2026 con conciertos en Madrid y Valencia. Entradas a la venta el 31 de octubre","robots":{"index":"index","follow":"follow","max-snippet":"max-snippet:-1","max-image-preview":"max-image-preview:large","max-video-preview":"max-video-preview:-1"},"canonical":"https:\/\/unaymilletras.com\/en\/5sos-conciertos-espana-2026\/","og_locale":"en_GB","og_type":"article","og_title":"5 Seconds of Summer regresan a Espa\u00f1a en 2026","og_description":"5 Seconds of Summer regresan a Espa\u00f1a en 2026 con conciertos en Madrid y Valencia. Entradas a la venta el 31 de octubre","og_url":"https:\/\/unaymilletras.com\/en\/5sos-conciertos-espana-2026\/","og_site_name":"Una y Mil Letras","article_published_time":"2025-10-27T11:00:00+00:00","og_image":[{"width":422,"height":600,"url":"https:\/\/unaymilletras.com\/wp-content\/uploads\/2025\/10\/unnamed-3-1-e1761502072807.jpg","type":"image\/jpeg"}],"author":"Victoria Hern\u00e1ndez","twitter_card":"summary_large_image","twitter_creator":"@UnaYMilLetras","twitter_site":"@UnaYMilLetras","twitter_misc":{"Written by":"Victoria Hern\u00e1ndez","Estimated reading time":"2 minutes"},"schema":{"@context":"https:\/\/schema.org","@graph":[{"@type":"Article","@id":"https:\/\/unaymilletras.com\/5sos-conciertos-espana-2026\/#article","isPartOf":{"@id":"https:\/\/unaymilletras.com\/5sos-conciertos-espana-2026\/"},"author":{"name":"Victoria Hern\u00e1ndez","@id":"http:\/\/unaymilletras.com\/#\/schema\/person\/90f1e88e4c10951a79965c8106280f0a"},"headline":"5 Seconds of Summer anuncian su regreso a Espa\u00f1a en 2026","datePublished":"2025-10-27T11:00:00+00:00","mainEntityOfPage":{"@id":"https:\/\/unaymilletras.com\/5sos-conciertos-espana-2026\/"},"wordCount":287,"publisher":{"@id":"http:\/\/unaymilletras.com\/#organization"},"image":{"@id":"https:\/\/unaymilletras.com\/5sos-conciertos-espana-2026\/#primaryimage"},"thumbnailUrl":"https:\/\/unaymilletras.com\/wp-content\/uploads\/2025\/10\/unnamed-3-1-e1761502072807.jpg","keywords":["5sos","Gira"],"articleSection":["Eventos","M\u00fasica"],"inLanguage":"en-GB"},{"@type":"WebPage","@id":"https:\/\/unaymilletras.com\/5sos-conciertos-espana-2026\/","url":"https:\/\/unaymilletras.com\/5sos-conciertos-espana-2026\/","name":"5 Seconds of Summer regresan a Espa\u00f1a en 2026","isPartOf":{"@id":"http:\/\/unaymilletras.com\/#website"},"primaryImageOfPage":{"@id":"https:\/\/unaymilletras.com\/5sos-conciertos-espana-2026\/#primaryimage"},"image":{"@id":"https:\/\/unaymilletras.com\/5sos-conciertos-espana-2026\/#primaryimage"},"thumbnailUrl":"https:\/\/unaymilletras.com\/wp-content\/uploads\/2025\/10\/unnamed-3-1-e1761502072807.jpg","datePublished":"2025-10-27T11:00:00+00:00","description":"5 Seconds of Summer regresan a Espa\u00f1a en 2026 con conciertos en Madrid y Valencia. Entradas a la venta el 31 de octubre","breadcrumb":{"@id":"https:\/\/unaymilletras.com\/5sos-conciertos-espana-2026\/#breadcrumb"},"inLanguage":"en-GB","potentialAction":[{"@type":"ReadAction","target":["https:\/\/unaymilletras.com\/5sos-conciertos-espana-2026\/"]}]},{"@type":"ImageObject","inLanguage":"en-GB","@id":"https:\/\/unaymilletras.com\/5sos-conciertos-espana-2026\/#primaryimage","url":"https:\/\/unaymilletras.com\/wp-content\/uploads\/2025\/10\/unnamed-3-1-e1761502072807.jpg","contentUrl":"https:\/\/unaymilletras.com\/wp-content\/uploads\/2025\/10\/unnamed-3-1-e1761502072807.jpg","width":422,"height":600},{"@type":"BreadcrumbList","@id":"https:\/\/unaymilletras.com\/5sos-conciertos-espana-2026\/#breadcrumb","itemListElement":[{"@type":"ListItem","position":1,"name":"Home","item":"http:\/\/unaymilletras.com\/"},{"@type":"ListItem","position":2,"name":"5 Seconds of Summer anuncian su regreso a Espa\u00f1a en 2026"}]},{"@type":"WebSite","@id":"http:\/\/unaymilletras.com\/#website","url":"http:\/\/unaymilletras.com\/","name":"Una y Mil Letras","description":"","publisher":{"@id":"http:\/\/unaymilletras.com\/#organization"},"potentialAction":[{"@type":"SearchAction","target":{"@type":"EntryPoint","urlTemplate":"http:\/\/unaymilletras.com\/?s={search_term_string}"},"query-input":{"@type":"PropertyValueSpecification","valueRequired":true,"valueName":"search_term_string"}}],"inLanguage":"en-GB"},{"@type":"Organization","@id":"http:\/\/unaymilletras.com\/#organization","name":"Una y Mil Letras","url":"http:\/\/unaymilletras.com\/","logo":{"@type":"ImageObject","inLanguage":"en-GB","@id":"http:\/\/unaymilletras.com\/#\/schema\/logo\/image\/","url":"https:\/\/unaymilletras.com\/wp-content\/uploads\/2024\/06\/cropped-Logo-removebg-preview.png","contentUrl":"https:\/\/unaymilletras.com\/wp-content\/uploads\/2024\/06\/cropped-Logo-removebg-preview.png","width":512,"height":512,"caption":"Una y Mil Letras"},"image":{"@id":"http:\/\/unaymilletras.com\/#\/schema\/logo\/image\/"},"sameAs":["https:\/\/x.com\/UnaYMilLetras","https:\/\/instagram.com\/UnaYMilLetras"]},{"@type":"Person","@id":"http:\/\/unaymilletras.com\/#\/schema\/person\/90f1e88e4c10951a79965c8106280f0a","name":"Victoria Hern\u00e1ndez","image":{"@type":"ImageObject","inLanguage":"en-GB","@id":"https:\/\/secure.gravatar.com\/avatar\/4a6a914c964cf29cc45dd00ef5c74e847f221f6a1039c94b8aa244949baeeda4?s=96&d=mm&r=g","url":"https:\/\/secure.gravatar.com\/avatar\/4a6a914c964cf29cc45dd00ef5c74e847f221f6a1039c94b8aa244949baeeda4?s=96&d=mm&r=g","contentUrl":"https:\/\/secure.gravatar.com\/avatar\/4a6a914c964cf29cc45dd00ef5c74e847f221f6a1039c94b8aa244949baeeda4?s=96&d=mm&r=g","caption":"Victoria Hern\u00e1ndez"},"url":"https:\/\/unaymilletras.com\/en\/author\/victoriahernandez\/"}]}},"_links":{"self":[{"href":"https:\/\/unaymilletras.com\/en\/wp-json\/wp\/v2\/posts\/6117","targetHints":{"allow":["GET"]}}],"collection":[{"href":"https:\/\/unaymilletras.com\/en\/wp-json\/wp\/v2\/posts"}],"about":[{"href":"https:\/\/unaymilletras.com\/en\/wp-json\/wp\/v2\/types\/post"}],"author":[{"embeddable":true,"href":"https:\/\/unaymilletras.com\/en\/wp-json\/wp\/v2\/users\/9"}],"replies":[{"embeddable":true,"href":"https:\/\/unaymilletras.com\/en\/wp-json\/wp\/v2\/comments?post=6117"}],"version-history":[{"count":6,"href":"https:\/\/unaymilletras.com\/en\/wp-json\/wp\/v2\/posts\/6117\/revisions"}],"predecessor-version":[{"id":6125,"href":"https:\/\/unaymilletras.com\/en\/wp-json\/wp\/v2\/posts\/6117\/revisions\/6125"}],"wp:featuredmedia":[{"embeddable":true,"href":"https:\/\/unaymilletras.com\/en\/wp-json\/wp\/v2\/media\/6118"}],"wp:attachment":[{"href":"https:\/\/unaymilletras.com\/en\/wp-json\/wp\/v2\/media?parent=6117"}],"wp:term":[{"taxonomy":"category","embeddable":true,"href":"https:\/\/unaymilletras.com\/en\/wp-json\/wp\/v2\/categories?post=6117"},{"taxonomy":"post_tag","embeddable":true,"href":"https:\/\/unaymilletras.com\/en\/wp-json\/wp\/v2\/tags?post=6117"}],"curies":[{"name":"wp","href":"https:\/\/api.w.org\/{rel}","templated":true}]}}