{"id":6126,"date":"2025-10-27T20:00:00","date_gmt":"2025-10-27T19:00:00","guid":{"rendered":"https:\/\/unaymilletras.com\/?p=6126"},"modified":"2025-10-26T20:09:04","modified_gmt":"2025-10-26T19:09:04","slug":"maikel-delacalle-regresa-con-fuerza-y-colaboracion-con-camin-retro-11","status":"publish","type":"post","link":"https:\/\/unaymilletras.com\/en\/maikel-delacalle-regresa-con-fuerza-y-colaboracion-con-camin-retro-11\/","title":{"rendered":"Maikel Delacalle regresa con fuerza y colaboraci\u00f3n con Camin: Retro 11"},"content":{"rendered":"<div data-elementor-type=\"wp-post\" data-elementor-id=\"6126\" class=\"elementor elementor-6126\">\n\t\t\t\t\t\t<section class=\"elementor-section elementor-top-section elementor-element elementor-element-41a6be5 elementor-section-boxed elementor-section-height-default elementor-section-height-default\" data-id=\"41a6be5\" data-element_type=\"section\" data-e-type=\"section\">\n\t\t\t\t\t\t<div class=\"elementor-container elementor-column-gap-default\">\n\t\t\t\t\t<div class=\"elementor-column elementor-col-100 elementor-top-column elementor-element elementor-element-ef07a7b\" data-id=\"ef07a7b\" data-element_type=\"column\" data-e-type=\"column\">\n\t\t\t<div class=\"elementor-widget-wrap elementor-element-populated\">\n\t\t\t\t\t\t<div class=\"elementor-element elementor-element-8536820 elementor-widget elementor-widget-text-editor\" data-id=\"8536820\" data-element_type=\"widget\" data-e-type=\"widget\" data-widget_type=\"text-editor.default\">\n\t\t\t\t<div class=\"elementor-widget-container\">\n\t\t\t\t\t\t\t\t\t<h2 style=\"text-align: center;\"><span style=\"color: #808080;\"><em>El tema es el primer adelanto del pr\u00f3ximo disco de Maikel Delacalle DLC Vol.1, que ver\u00e1 la luz a comienzos de 2026<\/em><\/span><\/h2>\t\t\t\t\t\t\t\t<\/div>\n\t\t\t\t<\/div>\n\t\t\t\t\t<\/div>\n\t\t<\/div>\n\t\t\t\t\t<\/div>\n\t\t<\/section>\n\t\t\t\t<section class=\"elementor-section elementor-top-section elementor-element elementor-element-941fe6d elementor-section-boxed elementor-section-height-default elementor-section-height-default\" data-id=\"941fe6d\" data-element_type=\"section\" data-e-type=\"section\">\n\t\t\t\t\t\t<div class=\"elementor-container elementor-column-gap-default\">\n\t\t\t\t\t<div class=\"elementor-column elementor-col-100 elementor-top-column elementor-element elementor-element-8e5b07f\" data-id=\"8e5b07f\" data-element_type=\"column\" data-e-type=\"column\">\n\t\t\t<div class=\"elementor-widget-wrap elementor-element-populated\">\n\t\t\t\t\t\t<div class=\"elementor-element elementor-element-3376f00 elementor-widget elementor-widget-text-editor\" data-id=\"3376f00\" data-element_type=\"widget\" data-e-type=\"widget\" data-widget_type=\"text-editor.default\">\n\t\t\t\t<div class=\"elementor-widget-container\">\n\t\t\t\t\t\t\t\t\t<p data-start=\"435\" data-end=\"712\"><strong data-start=\"435\" data-end=\"455\">Maikel Delacalle<\/strong> vuelve con energ\u00eda renovada y una nueva propuesta que marca el inicio de una etapa crucial en su carrera. El artista tinerfe\u00f1o presenta <em data-start=\"592\" data-end=\"602\">Retro 11<\/em>, su esperad\u00edsimo nuevo single junto a <strong data-start=\"641\" data-end=\"650\">Camin<\/strong>, que ya est\u00e1 disponible en todas las plataformas digitales.<\/p>\n<p data-start=\"714\" data-end=\"937\">El tema sirve como primer adelanto de su pr\u00f3ximo \u00e1lbum, <em data-start=\"770\" data-end=\"781\">DLC Vol.1<\/em>, previsto para principios de 2026, un proyecto con el que Maikel promete mostrar una evoluci\u00f3n art\u00edstica m\u00e1s madura, m\u00e1s oscura y profundamente personal.<\/p>\t\t\t\t\t\t\t\t<\/div>\n\t\t\t\t<\/div>\n\t\t\t\t\t<\/div>\n\t\t<\/div>\n\t\t\t\t\t<\/div>\n\t\t<\/section>\n\t\t\t\t<section class=\"elementor-section elementor-top-section elementor-element elementor-element-7749c62 elementor-section-boxed elementor-section-height-default elementor-section-height-default\" data-id=\"7749c62\" data-element_type=\"section\" data-e-type=\"section\">\n\t\t\t\t\t\t<div class=\"elementor-container elementor-column-gap-default\">\n\t\t\t\t\t<div class=\"elementor-column elementor-col-100 elementor-top-column elementor-element elementor-element-576c0a2\" data-id=\"576c0a2\" data-element_type=\"column\" data-e-type=\"column\">\n\t\t\t<div class=\"elementor-widget-wrap elementor-element-populated\">\n\t\t\t\t\t\t<div class=\"elementor-element elementor-element-2095b76 elementor-widget elementor-widget-image\" data-id=\"2095b76\" data-element_type=\"widget\" data-e-type=\"widget\" data-widget_type=\"image.default\">\n\t\t\t\t<div class=\"elementor-widget-container\">\n\t\t\t\t\t\t\t\t\t\t\t\t\t\t\t<img fetchpriority=\"high\" decoding=\"async\" width=\"640\" height=\"396\" src=\"https:\/\/unaymilletras.com\/wp-content\/uploads\/2025\/10\/47d9f000-dc4a-f831-d473-88e915dd-1024x633.jpg\" class=\"attachment-large size-large wp-image-6128\" alt=\"Maikel Delacalle Camin\" srcset=\"https:\/\/unaymilletras.com\/wp-content\/uploads\/2025\/10\/47d9f000-dc4a-f831-d473-88e915dd-1024x633.jpg 1024w, https:\/\/unaymilletras.com\/wp-content\/uploads\/2025\/10\/47d9f000-dc4a-f831-d473-88e915dd-300x185.jpg 300w, https:\/\/unaymilletras.com\/wp-content\/uploads\/2025\/10\/47d9f000-dc4a-f831-d473-88e915dd-768x475.jpg 768w, https:\/\/unaymilletras.com\/wp-content\/uploads\/2025\/10\/47d9f000-dc4a-f831-d473-88e915dd-18x12.jpg 18w, https:\/\/unaymilletras.com\/wp-content\/uploads\/2025\/10\/47d9f000-dc4a-f831-d473-88e915dd-e1761505424283.jpg 600w\" sizes=\"(max-width: 640px) 100vw, 640px\" \/>\t\t\t\t\t\t\t\t\t\t\t\t\t\t\t<\/div>\n\t\t\t\t<\/div>\n\t\t\t\t\t<\/div>\n\t\t<\/div>\n\t\t\t\t\t<\/div>\n\t\t<\/section>\n\t\t\t\t<section class=\"elementor-section elementor-top-section elementor-element elementor-element-b374869 elementor-section-boxed elementor-section-height-default elementor-section-height-default\" data-id=\"b374869\" data-element_type=\"section\" data-e-type=\"section\">\n\t\t\t\t\t\t<div class=\"elementor-container elementor-column-gap-default\">\n\t\t\t\t\t<div class=\"elementor-column elementor-col-100 elementor-top-column elementor-element elementor-element-ba6e899\" data-id=\"ba6e899\" data-element_type=\"column\" data-e-type=\"column\">\n\t\t\t<div class=\"elementor-widget-wrap elementor-element-populated\">\n\t\t\t\t\t\t<div class=\"elementor-element elementor-element-1d0ba58 elementor-widget elementor-widget-text-editor\" data-id=\"1d0ba58\" data-element_type=\"widget\" data-e-type=\"widget\" data-widget_type=\"text-editor.default\">\n\t\t\t\t<div class=\"elementor-widget-container\">\n\t\t\t\t\t\t\t\t\t<p data-start=\"939\" data-end=\"1452\"><em data-start=\"939\" data-end=\"949\">Retro 11<\/em> combina <strong data-start=\"958\" data-end=\"977\">trap y reguet\u00f3n<\/strong> con una producci\u00f3n envolvente firmada por <strong data-start=\"1020\" data-end=\"1028\">Soul<\/strong>, responsable de todo el sonido del \u00e1lbum. En esta colaboraci\u00f3n, Maikel Delacalle une fuerzas con Camin \u2014uno de los talentos m\u00e1s prometedores de la escena urbana espa\u00f1ola\u2014 para crear un tema que equilibra fuerza, sensualidad y actitud. \u201cPara m\u00ed, <em data-start=\"1274\" data-end=\"1284\">Retro 11<\/em> significa poder y motivaci\u00f3n. Cuando digo \u2018salgo pa\u2019 la calle, me enganch\u00e9 las Retro 11\u2019, es una forma de decir que estoy listo para salir con todo\u201d, explica Maikel.<\/p>\n<p data-start=\"1454\" data-end=\"1695\">El videoclip, rodado en <strong data-start=\"1478\" data-end=\"1490\">Tenerife<\/strong> y dirigido por <strong data-start=\"1506\" data-end=\"1515\">FRIAS<\/strong>, rinde homenaje a los paisajes y colores de su tierra natal. Con una est\u00e9tica urbana cuidada al detalle, el video captura la esencia del artista: autenticidad, ra\u00edz y presencia.<\/p>\t\t\t\t\t\t\t\t<\/div>\n\t\t\t\t<\/div>\n\t\t\t\t\t<\/div>\n\t\t<\/div>\n\t\t\t\t\t<\/div>\n\t\t<\/section>\n\t\t\t\t<section class=\"elementor-section elementor-top-section elementor-element elementor-element-af291cb elementor-section-boxed elementor-section-height-default elementor-section-height-default\" data-id=\"af291cb\" data-element_type=\"section\" data-e-type=\"section\">\n\t\t\t\t\t\t<div class=\"elementor-container elementor-column-gap-default\">\n\t\t\t\t\t<div class=\"elementor-column elementor-col-100 elementor-top-column elementor-element elementor-element-16193d4\" data-id=\"16193d4\" data-element_type=\"column\" data-e-type=\"column\">\n\t\t\t<div class=\"elementor-widget-wrap elementor-element-populated\">\n\t\t\t\t\t\t<div class=\"elementor-element elementor-element-5443d29 elementor-widget elementor-widget-video\" data-id=\"5443d29\" data-element_type=\"widget\" data-e-type=\"widget\" data-settings=\"{&quot;youtube_url&quot;:&quot;youtube.com\\\/watch?si=m17Z7vVf6pkgUsRo&amp;v=9lJEwEgnteo&amp;feature=youtu.be&quot;,&quot;video_type&quot;:&quot;youtube&quot;,&quot;controls&quot;:&quot;yes&quot;}\" data-widget_type=\"video.default\">\n\t\t\t\t<div class=\"elementor-widget-container\">\n\t\t\t\t\t\t\t<div class=\"elementor-wrapper elementor-open-inline\">\n\t\t\t<div class=\"elementor-video\"><\/div>\t\t<\/div>\n\t\t\t\t\t\t<\/div>\n\t\t\t\t<\/div>\n\t\t\t\t\t<\/div>\n\t\t<\/div>\n\t\t\t\t\t<\/div>\n\t\t<\/section>\n\t\t\t\t<section class=\"elementor-section elementor-top-section elementor-element elementor-element-b41d026 elementor-section-boxed elementor-section-height-default elementor-section-height-default\" data-id=\"b41d026\" data-element_type=\"section\" data-e-type=\"section\">\n\t\t\t\t\t\t<div class=\"elementor-container elementor-column-gap-default\">\n\t\t\t\t\t<div class=\"elementor-column elementor-col-100 elementor-top-column elementor-element elementor-element-e756eb9\" data-id=\"e756eb9\" data-element_type=\"column\" data-e-type=\"column\">\n\t\t\t<div class=\"elementor-widget-wrap elementor-element-populated\">\n\t\t\t\t\t\t<div class=\"elementor-element elementor-element-ebbac54 elementor-widget elementor-widget-text-editor\" data-id=\"ebbac54\" data-element_type=\"widget\" data-e-type=\"widget\" data-widget_type=\"text-editor.default\">\n\t\t\t\t<div class=\"elementor-widget-container\">\n\t\t\t\t\t\t\t\t\t<p data-start=\"1697\" data-end=\"1980\">Maikel describe\u00a0<em data-start=\"1713\" data-end=\"1724\">DLC Vol.1<\/em>\u00a0como su proyecto m\u00e1s trabajado hasta la fecha: \u201cLlevo un a\u00f1o y medio centrado en este disco. Es m\u00e1s oscuro de lo que est\u00e1n acostumbrados a ver de m\u00ed, pero sin perder mi esencia. Tiene esa mezcla entre calle y sentimiento que siempre me ha representado.\u201d<\/p>\n<p data-start=\"1982\" data-end=\"2199\">El \u00e1lbum contar\u00e1 con\u00a0<strong data-start=\"2003\" data-end=\"2015\">11 temas<\/strong>\u00a0y\u00a0<strong data-start=\"2018\" data-end=\"2065\">colaboraciones nacionales e internacionales<\/strong>\u00a0de alto nivel. \u201cQuiero que este disco siga educando musicalmente. Es mi manera de crecer sin olvidar qui\u00e9n soy\u201d, afirma el artista.<\/p>\t\t\t\t\t\t\t\t<\/div>\n\t\t\t\t<\/div>\n\t\t\t\t\t<\/div>\n\t\t<\/div>\n\t\t\t\t\t<\/div>\n\t\t<\/section>\n\t\t\t\t<\/div>","protected":false},"excerpt":{"rendered":"<p>El tema es el primer adelanto del pr\u00f3ximo disco de Maikel Delacalle DLC Vol.1, que ver\u00e1 la luz a comienzos de 2026 Maikel Delacalle vuelve con energ\u00eda renovada y una nueva propuesta que marca el inicio de una etapa crucial en su carrera. El artista tinerfe\u00f1o presenta Retro 11, su esperad\u00edsimo nuevo single junto a [&hellip;]<\/p>\n","protected":false},"author":6,"featured_media":6128,"comment_status":"closed","ping_status":"closed","sticky":false,"template":"","format":"standard","meta":{"footnotes":""},"categories":[4],"tags":[],"class_list":["post-6126","post","type-post","status-publish","format-standard","has-post-thumbnail","hentry","category-musica"],"yoast_head":"<!-- This site is optimized with the Yoast SEO plugin v27.4 - https:\/\/yoast.com\/product\/yoast-seo-wordpress\/ -->\n<title>Maikel Delacalle regresa con fuerza y colaboraci\u00f3n con Camin: Retro 11<\/title>\n<meta name=\"description\" content=\"El tema junto a Camin es el primer adelanto del pr\u00f3ximo disco de Maikel Delacalle DLC Vol.1, que ver\u00e1 la luz a comienzos de 2026\" \/>\n<meta name=\"robots\" content=\"index, follow, max-snippet:-1, max-image-preview:large, max-video-preview:-1\" \/>\n<link rel=\"canonical\" href=\"https:\/\/unaymilletras.com\/en\/maikel-delacalle-regresa-con-fuerza-y-colaboracion-con-camin-retro-11\/\" \/>\n<meta property=\"og:locale\" content=\"en_GB\" \/>\n<meta property=\"og:type\" content=\"article\" \/>\n<meta property=\"og:title\" content=\"Maikel Delacalle regresa con fuerza y colaboraci\u00f3n con Camin: Retro 11\" \/>\n<meta property=\"og:description\" content=\"El tema junto a Camin es el primer adelanto del pr\u00f3ximo disco de Maikel Delacalle DLC Vol.1, que ver\u00e1 la luz a comienzos de 2026\" \/>\n<meta property=\"og:url\" content=\"https:\/\/unaymilletras.com\/en\/maikel-delacalle-regresa-con-fuerza-y-colaboracion-con-camin-retro-11\/\" \/>\n<meta property=\"og:site_name\" content=\"Una y Mil Letras\" \/>\n<meta property=\"article:published_time\" content=\"2025-10-27T19:00:00+00:00\" \/>\n<meta property=\"og:image\" content=\"https:\/\/unaymilletras.com\/wp-content\/uploads\/2025\/10\/47d9f000-dc4a-f831-d473-88e915dd-e1761505424283.jpg\" \/>\n\t<meta property=\"og:image:width\" content=\"600\" \/>\n\t<meta property=\"og:image:height\" content=\"371\" \/>\n\t<meta property=\"og:image:type\" content=\"image\/jpeg\" \/>\n<meta name=\"author\" content=\"Redacci\u00f3n\" \/>\n<meta name=\"twitter:card\" content=\"summary_large_image\" \/>\n<meta name=\"twitter:creator\" content=\"@UnaYMilLetras\" \/>\n<meta name=\"twitter:site\" content=\"@UnaYMilLetras\" \/>\n<meta name=\"twitter:label1\" content=\"Written by\" \/>\n\t<meta name=\"twitter:data1\" content=\"Redacci\u00f3n\" \/>\n\t<meta name=\"twitter:label2\" content=\"Estimated reading time\" \/>\n\t<meta name=\"twitter:data2\" content=\"2 minutes\" \/>\n<script type=\"application\/ld+json\" class=\"yoast-schema-graph\">{\"@context\":\"https:\\\/\\\/schema.org\",\"@graph\":[{\"@type\":\"Article\",\"@id\":\"https:\\\/\\\/unaymilletras.com\\\/maikel-delacalle-regresa-con-fuerza-y-colaboracion-con-camin-retro-11\\\/#article\",\"isPartOf\":{\"@id\":\"https:\\\/\\\/unaymilletras.com\\\/maikel-delacalle-regresa-con-fuerza-y-colaboracion-con-camin-retro-11\\\/\"},\"author\":{\"name\":\"Redacci\u00f3n\",\"@id\":\"http:\\\/\\\/unaymilletras.com\\\/#\\\/schema\\\/person\\\/0860dc8a218329991ee2c7591f4f849d\"},\"headline\":\"Maikel Delacalle regresa con fuerza y colaboraci\u00f3n con Camin: Retro 11\",\"datePublished\":\"2025-10-27T19:00:00+00:00\",\"mainEntityOfPage\":{\"@id\":\"https:\\\/\\\/unaymilletras.com\\\/maikel-delacalle-regresa-con-fuerza-y-colaboracion-con-camin-retro-11\\\/\"},\"wordCount\":343,\"publisher\":{\"@id\":\"http:\\\/\\\/unaymilletras.com\\\/#organization\"},\"image\":{\"@id\":\"https:\\\/\\\/unaymilletras.com\\\/maikel-delacalle-regresa-con-fuerza-y-colaboracion-con-camin-retro-11\\\/#primaryimage\"},\"thumbnailUrl\":\"https:\\\/\\\/unaymilletras.com\\\/wp-content\\\/uploads\\\/2025\\\/10\\\/47d9f000-dc4a-f831-d473-88e915dd-e1761505424283.jpg\",\"articleSection\":[\"M\u00fasica\"],\"inLanguage\":\"en-GB\"},{\"@type\":\"WebPage\",\"@id\":\"https:\\\/\\\/unaymilletras.com\\\/maikel-delacalle-regresa-con-fuerza-y-colaboracion-con-camin-retro-11\\\/\",\"url\":\"https:\\\/\\\/unaymilletras.com\\\/maikel-delacalle-regresa-con-fuerza-y-colaboracion-con-camin-retro-11\\\/\",\"name\":\"Maikel Delacalle regresa con fuerza y colaboraci\u00f3n con Camin: Retro 11\",\"isPartOf\":{\"@id\":\"http:\\\/\\\/unaymilletras.com\\\/#website\"},\"primaryImageOfPage\":{\"@id\":\"https:\\\/\\\/unaymilletras.com\\\/maikel-delacalle-regresa-con-fuerza-y-colaboracion-con-camin-retro-11\\\/#primaryimage\"},\"image\":{\"@id\":\"https:\\\/\\\/unaymilletras.com\\\/maikel-delacalle-regresa-con-fuerza-y-colaboracion-con-camin-retro-11\\\/#primaryimage\"},\"thumbnailUrl\":\"https:\\\/\\\/unaymilletras.com\\\/wp-content\\\/uploads\\\/2025\\\/10\\\/47d9f000-dc4a-f831-d473-88e915dd-e1761505424283.jpg\",\"datePublished\":\"2025-10-27T19:00:00+00:00\",\"description\":\"El tema junto a Camin es el primer adelanto del pr\u00f3ximo disco de Maikel Delacalle DLC Vol.1, que ver\u00e1 la luz a comienzos de 2026\",\"breadcrumb\":{\"@id\":\"https:\\\/\\\/unaymilletras.com\\\/maikel-delacalle-regresa-con-fuerza-y-colaboracion-con-camin-retro-11\\\/#breadcrumb\"},\"inLanguage\":\"en-GB\",\"potentialAction\":[{\"@type\":\"ReadAction\",\"target\":[\"https:\\\/\\\/unaymilletras.com\\\/maikel-delacalle-regresa-con-fuerza-y-colaboracion-con-camin-retro-11\\\/\"]}]},{\"@type\":\"ImageObject\",\"inLanguage\":\"en-GB\",\"@id\":\"https:\\\/\\\/unaymilletras.com\\\/maikel-delacalle-regresa-con-fuerza-y-colaboracion-con-camin-retro-11\\\/#primaryimage\",\"url\":\"https:\\\/\\\/unaymilletras.com\\\/wp-content\\\/uploads\\\/2025\\\/10\\\/47d9f000-dc4a-f831-d473-88e915dd-e1761505424283.jpg\",\"contentUrl\":\"https:\\\/\\\/unaymilletras.com\\\/wp-content\\\/uploads\\\/2025\\\/10\\\/47d9f000-dc4a-f831-d473-88e915dd-e1761505424283.jpg\",\"width\":600,\"height\":371,\"caption\":\"Maikel Delacalle Camin\"},{\"@type\":\"BreadcrumbList\",\"@id\":\"https:\\\/\\\/unaymilletras.com\\\/maikel-delacalle-regresa-con-fuerza-y-colaboracion-con-camin-retro-11\\\/#breadcrumb\",\"itemListElement\":[{\"@type\":\"ListItem\",\"position\":1,\"name\":\"Home\",\"item\":\"http:\\\/\\\/unaymilletras.com\\\/\"},{\"@type\":\"ListItem\",\"position\":2,\"name\":\"Maikel Delacalle regresa con fuerza y colaboraci\u00f3n con Camin: Retro 11\"}]},{\"@type\":\"WebSite\",\"@id\":\"http:\\\/\\\/unaymilletras.com\\\/#website\",\"url\":\"http:\\\/\\\/unaymilletras.com\\\/\",\"name\":\"Una y Mil Letras\",\"description\":\"\",\"publisher\":{\"@id\":\"http:\\\/\\\/unaymilletras.com\\\/#organization\"},\"potentialAction\":[{\"@type\":\"SearchAction\",\"target\":{\"@type\":\"EntryPoint\",\"urlTemplate\":\"http:\\\/\\\/unaymilletras.com\\\/?s={search_term_string}\"},\"query-input\":{\"@type\":\"PropertyValueSpecification\",\"valueRequired\":true,\"valueName\":\"search_term_string\"}}],\"inLanguage\":\"en-GB\"},{\"@type\":\"Organization\",\"@id\":\"http:\\\/\\\/unaymilletras.com\\\/#organization\",\"name\":\"Una y Mil Letras\",\"url\":\"http:\\\/\\\/unaymilletras.com\\\/\",\"logo\":{\"@type\":\"ImageObject\",\"inLanguage\":\"en-GB\",\"@id\":\"http:\\\/\\\/unaymilletras.com\\\/#\\\/schema\\\/logo\\\/image\\\/\",\"url\":\"https:\\\/\\\/unaymilletras.com\\\/wp-content\\\/uploads\\\/2024\\\/06\\\/cropped-Logo-removebg-preview.png\",\"contentUrl\":\"https:\\\/\\\/unaymilletras.com\\\/wp-content\\\/uploads\\\/2024\\\/06\\\/cropped-Logo-removebg-preview.png\",\"width\":512,\"height\":512,\"caption\":\"Una y Mil Letras\"},\"image\":{\"@id\":\"http:\\\/\\\/unaymilletras.com\\\/#\\\/schema\\\/logo\\\/image\\\/\"},\"sameAs\":[\"https:\\\/\\\/x.com\\\/UnaYMilLetras\",\"https:\\\/\\\/instagram.com\\\/UnaYMilLetras\"]},{\"@type\":\"Person\",\"@id\":\"http:\\\/\\\/unaymilletras.com\\\/#\\\/schema\\\/person\\\/0860dc8a218329991ee2c7591f4f849d\",\"name\":\"Redacci\u00f3n\",\"image\":{\"@type\":\"ImageObject\",\"inLanguage\":\"en-GB\",\"@id\":\"https:\\\/\\\/secure.gravatar.com\\\/avatar\\\/d8f55e05a8b6597e45c55a1dcbdbfe44f4a360d88b48e00de5216a79b7732796?s=96&d=mm&r=g\",\"url\":\"https:\\\/\\\/secure.gravatar.com\\\/avatar\\\/d8f55e05a8b6597e45c55a1dcbdbfe44f4a360d88b48e00de5216a79b7732796?s=96&d=mm&r=g\",\"contentUrl\":\"https:\\\/\\\/secure.gravatar.com\\\/avatar\\\/d8f55e05a8b6597e45c55a1dcbdbfe44f4a360d88b48e00de5216a79b7732796?s=96&d=mm&r=g\",\"caption\":\"Redacci\u00f3n\"},\"url\":\"https:\\\/\\\/unaymilletras.com\\\/en\\\/author\\\/redaccion\\\/\"}]}<\/script>\n<!-- \/ Yoast SEO plugin. -->","yoast_head_json":{"title":"Maikel Delacalle regresa con fuerza y colaboraci\u00f3n con Camin: Retro 11","description":"El tema junto a Camin es el primer adelanto del pr\u00f3ximo disco de Maikel Delacalle DLC Vol.1, que ver\u00e1 la luz a comienzos de 2026","robots":{"index":"index","follow":"follow","max-snippet":"max-snippet:-1","max-image-preview":"max-image-preview:large","max-video-preview":"max-video-preview:-1"},"canonical":"https:\/\/unaymilletras.com\/en\/maikel-delacalle-regresa-con-fuerza-y-colaboracion-con-camin-retro-11\/","og_locale":"en_GB","og_type":"article","og_title":"Maikel Delacalle regresa con fuerza y colaboraci\u00f3n con Camin: Retro 11","og_description":"El tema junto a Camin es el primer adelanto del pr\u00f3ximo disco de Maikel Delacalle DLC Vol.1, que ver\u00e1 la luz a comienzos de 2026","og_url":"https:\/\/unaymilletras.com\/en\/maikel-delacalle-regresa-con-fuerza-y-colaboracion-con-camin-retro-11\/","og_site_name":"Una y Mil Letras","article_published_time":"2025-10-27T19:00:00+00:00","og_image":[{"width":600,"height":371,"url":"https:\/\/unaymilletras.com\/wp-content\/uploads\/2025\/10\/47d9f000-dc4a-f831-d473-88e915dd-e1761505424283.jpg","type":"image\/jpeg"}],"author":"Redacci\u00f3n","twitter_card":"summary_large_image","twitter_creator":"@UnaYMilLetras","twitter_site":"@UnaYMilLetras","twitter_misc":{"Written by":"Redacci\u00f3n","Estimated reading time":"2 minutes"},"schema":{"@context":"https:\/\/schema.org","@graph":[{"@type":"Article","@id":"https:\/\/unaymilletras.com\/maikel-delacalle-regresa-con-fuerza-y-colaboracion-con-camin-retro-11\/#article","isPartOf":{"@id":"https:\/\/unaymilletras.com\/maikel-delacalle-regresa-con-fuerza-y-colaboracion-con-camin-retro-11\/"},"author":{"name":"Redacci\u00f3n","@id":"http:\/\/unaymilletras.com\/#\/schema\/person\/0860dc8a218329991ee2c7591f4f849d"},"headline":"Maikel Delacalle regresa con fuerza y colaboraci\u00f3n con Camin: Retro 11","datePublished":"2025-10-27T19:00:00+00:00","mainEntityOfPage":{"@id":"https:\/\/unaymilletras.com\/maikel-delacalle-regresa-con-fuerza-y-colaboracion-con-camin-retro-11\/"},"wordCount":343,"publisher":{"@id":"http:\/\/unaymilletras.com\/#organization"},"image":{"@id":"https:\/\/unaymilletras.com\/maikel-delacalle-regresa-con-fuerza-y-colaboracion-con-camin-retro-11\/#primaryimage"},"thumbnailUrl":"https:\/\/unaymilletras.com\/wp-content\/uploads\/2025\/10\/47d9f000-dc4a-f831-d473-88e915dd-e1761505424283.jpg","articleSection":["M\u00fasica"],"inLanguage":"en-GB"},{"@type":"WebPage","@id":"https:\/\/unaymilletras.com\/maikel-delacalle-regresa-con-fuerza-y-colaboracion-con-camin-retro-11\/","url":"https:\/\/unaymilletras.com\/maikel-delacalle-regresa-con-fuerza-y-colaboracion-con-camin-retro-11\/","name":"Maikel Delacalle regresa con fuerza y colaboraci\u00f3n con Camin: Retro 11","isPartOf":{"@id":"http:\/\/unaymilletras.com\/#website"},"primaryImageOfPage":{"@id":"https:\/\/unaymilletras.com\/maikel-delacalle-regresa-con-fuerza-y-colaboracion-con-camin-retro-11\/#primaryimage"},"image":{"@id":"https:\/\/unaymilletras.com\/maikel-delacalle-regresa-con-fuerza-y-colaboracion-con-camin-retro-11\/#primaryimage"},"thumbnailUrl":"https:\/\/unaymilletras.com\/wp-content\/uploads\/2025\/10\/47d9f000-dc4a-f831-d473-88e915dd-e1761505424283.jpg","datePublished":"2025-10-27T19:00:00+00:00","description":"El tema junto a Camin es el primer adelanto del pr\u00f3ximo disco de Maikel Delacalle DLC Vol.1, que ver\u00e1 la luz a comienzos de 2026","breadcrumb":{"@id":"https:\/\/unaymilletras.com\/maikel-delacalle-regresa-con-fuerza-y-colaboracion-con-camin-retro-11\/#breadcrumb"},"inLanguage":"en-GB","potentialAction":[{"@type":"ReadAction","target":["https:\/\/unaymilletras.com\/maikel-delacalle-regresa-con-fuerza-y-colaboracion-con-camin-retro-11\/"]}]},{"@type":"ImageObject","inLanguage":"en-GB","@id":"https:\/\/unaymilletras.com\/maikel-delacalle-regresa-con-fuerza-y-colaboracion-con-camin-retro-11\/#primaryimage","url":"https:\/\/unaymilletras.com\/wp-content\/uploads\/2025\/10\/47d9f000-dc4a-f831-d473-88e915dd-e1761505424283.jpg","contentUrl":"https:\/\/unaymilletras.com\/wp-content\/uploads\/2025\/10\/47d9f000-dc4a-f831-d473-88e915dd-e1761505424283.jpg","width":600,"height":371,"caption":"Maikel Delacalle Camin"},{"@type":"BreadcrumbList","@id":"https:\/\/unaymilletras.com\/maikel-delacalle-regresa-con-fuerza-y-colaboracion-con-camin-retro-11\/#breadcrumb","itemListElement":[{"@type":"ListItem","position":1,"name":"Home","item":"http:\/\/unaymilletras.com\/"},{"@type":"ListItem","position":2,"name":"Maikel Delacalle regresa con fuerza y colaboraci\u00f3n con Camin: Retro 11"}]},{"@type":"WebSite","@id":"http:\/\/unaymilletras.com\/#website","url":"http:\/\/unaymilletras.com\/","name":"Una y Mil Letras","description":"","publisher":{"@id":"http:\/\/unaymilletras.com\/#organization"},"potentialAction":[{"@type":"SearchAction","target":{"@type":"EntryPoint","urlTemplate":"http:\/\/unaymilletras.com\/?s={search_term_string}"},"query-input":{"@type":"PropertyValueSpecification","valueRequired":true,"valueName":"search_term_string"}}],"inLanguage":"en-GB"},{"@type":"Organization","@id":"http:\/\/unaymilletras.com\/#organization","name":"Una y Mil Letras","url":"http:\/\/unaymilletras.com\/","logo":{"@type":"ImageObject","inLanguage":"en-GB","@id":"http:\/\/unaymilletras.com\/#\/schema\/logo\/image\/","url":"https:\/\/unaymilletras.com\/wp-content\/uploads\/2024\/06\/cropped-Logo-removebg-preview.png","contentUrl":"https:\/\/unaymilletras.com\/wp-content\/uploads\/2024\/06\/cropped-Logo-removebg-preview.png","width":512,"height":512,"caption":"Una y Mil Letras"},"image":{"@id":"http:\/\/unaymilletras.com\/#\/schema\/logo\/image\/"},"sameAs":["https:\/\/x.com\/UnaYMilLetras","https:\/\/instagram.com\/UnaYMilLetras"]},{"@type":"Person","@id":"http:\/\/unaymilletras.com\/#\/schema\/person\/0860dc8a218329991ee2c7591f4f849d","name":"Redacci\u00f3n","image":{"@type":"ImageObject","inLanguage":"en-GB","@id":"https:\/\/secure.gravatar.com\/avatar\/d8f55e05a8b6597e45c55a1dcbdbfe44f4a360d88b48e00de5216a79b7732796?s=96&d=mm&r=g","url":"https:\/\/secure.gravatar.com\/avatar\/d8f55e05a8b6597e45c55a1dcbdbfe44f4a360d88b48e00de5216a79b7732796?s=96&d=mm&r=g","contentUrl":"https:\/\/secure.gravatar.com\/avatar\/d8f55e05a8b6597e45c55a1dcbdbfe44f4a360d88b48e00de5216a79b7732796?s=96&d=mm&r=g","caption":"Redacci\u00f3n"},"url":"https:\/\/unaymilletras.com\/en\/author\/redaccion\/"}]}},"_links":{"self":[{"href":"https:\/\/unaymilletras.com\/en\/wp-json\/wp\/v2\/posts\/6126","targetHints":{"allow":["GET"]}}],"collection":[{"href":"https:\/\/unaymilletras.com\/en\/wp-json\/wp\/v2\/posts"}],"about":[{"href":"https:\/\/unaymilletras.com\/en\/wp-json\/wp\/v2\/types\/post"}],"author":[{"embeddable":true,"href":"https:\/\/unaymilletras.com\/en\/wp-json\/wp\/v2\/users\/6"}],"replies":[{"embeddable":true,"href":"https:\/\/unaymilletras.com\/en\/wp-json\/wp\/v2\/comments?post=6126"}],"version-history":[{"count":7,"href":"https:\/\/unaymilletras.com\/en\/wp-json\/wp\/v2\/posts\/6126\/revisions"}],"predecessor-version":[{"id":6134,"href":"https:\/\/unaymilletras.com\/en\/wp-json\/wp\/v2\/posts\/6126\/revisions\/6134"}],"wp:featuredmedia":[{"embeddable":true,"href":"https:\/\/unaymilletras.com\/en\/wp-json\/wp\/v2\/media\/6128"}],"wp:attachment":[{"href":"https:\/\/unaymilletras.com\/en\/wp-json\/wp\/v2\/media?parent=6126"}],"wp:term":[{"taxonomy":"category","embeddable":true,"href":"https:\/\/unaymilletras.com\/en\/wp-json\/wp\/v2\/categories?post=6126"},{"taxonomy":"post_tag","embeddable":true,"href":"https:\/\/unaymilletras.com\/en\/wp-json\/wp\/v2\/tags?post=6126"}],"curies":[{"name":"wp","href":"https:\/\/api.w.org\/{rel}","templated":true}]}}