{"id":6135,"date":"2025-10-26T20:53:48","date_gmt":"2025-10-26T19:53:48","guid":{"rendered":"https:\/\/unaymilletras.com\/?p=6135"},"modified":"2025-10-26T20:57:55","modified_gmt":"2025-10-26T19:57:55","slug":"natouraleza-aterriza-en-madrid-con-la-parte-mas-personal-de-martin","status":"publish","type":"post","link":"https:\/\/unaymilletras.com\/en\/natouraleza-aterriza-en-madrid-con-la-parte-mas-personal-de-martin\/","title":{"rendered":"naTOURaleza aterriza en Madrid con la parte m\u00e1s personal de Mart\u00edn"},"content":{"rendered":"<div data-elementor-type=\"wp-post\" data-elementor-id=\"6135\" class=\"elementor elementor-6135\">\n\t\t\t\t\t\t<section class=\"elementor-section elementor-top-section elementor-element elementor-element-933ceaf elementor-section-boxed elementor-section-height-default elementor-section-height-default\" data-id=\"933ceaf\" data-element_type=\"section\" data-e-type=\"section\">\n\t\t\t\t\t\t<div class=\"elementor-container elementor-column-gap-default\">\n\t\t\t\t\t<div class=\"elementor-column elementor-col-100 elementor-top-column elementor-element elementor-element-b6d0896\" data-id=\"b6d0896\" data-element_type=\"column\" data-e-type=\"column\">\n\t\t\t<div class=\"elementor-widget-wrap elementor-element-populated\">\n\t\t\t\t\t\t<div class=\"elementor-element elementor-element-d073dac elementor-widget elementor-widget-text-editor\" data-id=\"d073dac\" data-element_type=\"widget\" data-e-type=\"widget\" data-widget_type=\"text-editor.default\">\n\t\t\t\t<div class=\"elementor-widget-container\">\n\t\t\t\t\t\t\t\t\t<h2 style=\"text-align: center;\"><span style=\"color: #808080;\"><em>Martin Ceballos cierra su naTOURaleza en la sala Galileo Galilei de Madrid con una gran cantidad de sorpresas incluidas<\/em><\/span><\/h2>\t\t\t\t\t\t\t\t<\/div>\n\t\t\t\t<\/div>\n\t\t\t\t\t<\/div>\n\t\t<\/div>\n\t\t\t\t\t<\/div>\n\t\t<\/section>\n\t\t\t\t<section class=\"elementor-section elementor-top-section elementor-element elementor-element-c13c854 elementor-section-boxed elementor-section-height-default elementor-section-height-default\" data-id=\"c13c854\" data-element_type=\"section\" data-e-type=\"section\">\n\t\t\t\t\t\t<div class=\"elementor-container elementor-column-gap-default\">\n\t\t\t\t\t<div class=\"elementor-column elementor-col-100 elementor-top-column elementor-element elementor-element-2db2721\" data-id=\"2db2721\" data-element_type=\"column\" data-e-type=\"column\">\n\t\t\t<div class=\"elementor-widget-wrap elementor-element-populated\">\n\t\t\t\t\t\t<div class=\"elementor-element elementor-element-c837415 elementor-widget elementor-widget-text-editor\" data-id=\"c837415\" data-element_type=\"widget\" data-e-type=\"widget\" data-widget_type=\"text-editor.default\">\n\t\t\t\t<div class=\"elementor-widget-container\">\n\t\t\t\t\t\t\t\t\t<p class=\"p1\">Mart\u00edn ya no mira atr\u00e1s. El exintegrante de Dvicio se plant\u00f3 el 25 de octubre en la sala Galileo Galilei para demostrar que su historia contin\u00faa con m\u00e1s fuerza que nunca. Con naTOURaleza, su nuevo proyecto, Mart\u00edn busca algo m\u00e1s que aplausos: quiere reencontrarse con lo esencial. Y anoche, lo encontr\u00f3 en cada voz que lo acompa\u00f1\u00f3.<\/p><p class=\"p1\">La noche comenz\u00f3 con Evic como telonero, encargado de calentar a un p\u00fablico que ven\u00eda dispuesto a celebrar este nuevo cap\u00edtulo. Con la sala ya entregada, Mart\u00edn apareci\u00f3 sobre el escenario acompa\u00f1ado de una banda espectacular y una puesta visual que evocaba esa conexi\u00f3n con la naturaleza que gu\u00eda su nueva propuesta. Luces verdes, tonos c\u00e1lidos y un ambiente cercano crearon una atm\u00f3sfera \u00edntima.<\/p>\t\t\t\t\t\t\t\t<\/div>\n\t\t\t\t<\/div>\n\t\t\t\t\t<\/div>\n\t\t<\/div>\n\t\t\t\t\t<\/div>\n\t\t<\/section>\n\t\t\t\t<section class=\"elementor-section elementor-top-section elementor-element elementor-element-c8351e2 elementor-section-boxed elementor-section-height-default elementor-section-height-default\" data-id=\"c8351e2\" data-element_type=\"section\" data-e-type=\"section\">\n\t\t\t\t\t\t<div class=\"elementor-container elementor-column-gap-default\">\n\t\t\t\t\t<div class=\"elementor-column elementor-col-100 elementor-top-column elementor-element elementor-element-b5f5650\" data-id=\"b5f5650\" data-element_type=\"column\" data-e-type=\"column\">\n\t\t\t<div class=\"elementor-widget-wrap elementor-element-populated\">\n\t\t\t\t\t\t<div class=\"elementor-element elementor-element-4a80709 elementor-widget elementor-widget-image\" data-id=\"4a80709\" data-element_type=\"widget\" data-e-type=\"widget\" data-widget_type=\"image.default\">\n\t\t\t\t<div class=\"elementor-widget-container\">\n\t\t\t\t\t\t\t\t\t\t\t\t\t\t\t<img fetchpriority=\"high\" decoding=\"async\" width=\"640\" height=\"427\" src=\"https:\/\/unaymilletras.com\/wp-content\/uploads\/2025\/10\/IMG_7418-1024x683.jpeg\" class=\"attachment-large size-large wp-image-6137\" alt=\"NaTOURaleza\" srcset=\"https:\/\/unaymilletras.com\/wp-content\/uploads\/2025\/10\/IMG_7418-1024x683.jpeg 1024w, https:\/\/unaymilletras.com\/wp-content\/uploads\/2025\/10\/IMG_7418-300x200.jpeg 300w, https:\/\/unaymilletras.com\/wp-content\/uploads\/2025\/10\/IMG_7418-768x512.jpeg 768w, https:\/\/unaymilletras.com\/wp-content\/uploads\/2025\/10\/IMG_7418-1536x1024.jpeg 1536w, https:\/\/unaymilletras.com\/wp-content\/uploads\/2025\/10\/IMG_7418-2048x1365.jpeg 2048w, https:\/\/unaymilletras.com\/wp-content\/uploads\/2025\/10\/IMG_7418-18x12.jpeg 18w, https:\/\/unaymilletras.com\/wp-content\/uploads\/2025\/10\/IMG_7418-scaled-e1761508463488.jpeg 600w\" sizes=\"(max-width: 640px) 100vw, 640px\" \/>\t\t\t\t\t\t\t\t\t\t\t\t\t\t\t<\/div>\n\t\t\t\t<\/div>\n\t\t\t\t\t<\/div>\n\t\t<\/div>\n\t\t\t\t\t<\/div>\n\t\t<\/section>\n\t\t\t\t<section class=\"elementor-section elementor-top-section elementor-element elementor-element-2040a04 elementor-section-boxed elementor-section-height-default elementor-section-height-default\" data-id=\"2040a04\" data-element_type=\"section\" data-e-type=\"section\">\n\t\t\t\t\t\t<div class=\"elementor-container elementor-column-gap-default\">\n\t\t\t\t\t<div class=\"elementor-column elementor-col-100 elementor-top-column elementor-element elementor-element-9d193f0\" data-id=\"9d193f0\" data-element_type=\"column\" data-e-type=\"column\">\n\t\t\t<div class=\"elementor-widget-wrap elementor-element-populated\">\n\t\t\t\t\t\t<div class=\"elementor-element elementor-element-1866e50 elementor-widget elementor-widget-text-editor\" data-id=\"1866e50\" data-element_type=\"widget\" data-e-type=\"widget\" data-widget_type=\"text-editor.default\">\n\t\t\t\t<div class=\"elementor-widget-container\">\n\t\t\t\t\t\t\t\t\t<p class=\"p1\"><em>No tenemos fotos<\/em>, el sencillo que abri\u00f3 esta etapa, fue tambi\u00e9n uno de los momentos m\u00e1s coreados. El repertorio mezcl\u00f3 temas de su debut Odiseo con material nuevo que apunta hacia un sonido m\u00e1s personal y org\u00e1nico. Aunque tambi\u00e9n hubo tiempo para recordar temas antiguos, como su interpretaci\u00f3n de 5 sentidos, la colaboraci\u00f3n de Taburete y Dvicio.<\/p><p class=\"p1\">Adem\u00e1s, sorprendi\u00f3 al p\u00fablico con una canci\u00f3n in\u00e9dita en ac\u00fastico, interpretada \u00fanicamente con guitarra y una luz suave enfoc\u00e1ndolo. Un adelanto de lo que est\u00e1 por llegar, que ver\u00e1 la luz pr\u00f3ximamente y que emocion\u00f3 a la sala con su fragilidad y honestidad.<\/p><p class=\"p1\">Uno de los momentos m\u00e1s especiales lleg\u00f3 cuando dedic\u00f3 una canci\u00f3n a su mujer, que no pudo estar presente y sigui\u00f3 el concierto por videollamada. Mart\u00edn cant\u00f3 mir\u00e1ndola en la pantalla de su tel\u00e9fono, compartiendo con toda la sala un gesto \u00edntimo y lleno de cari\u00f1o que provoc\u00f3 aplausos c\u00f3mplices entre el p\u00fablico.<\/p>\t\t\t\t\t\t\t\t<\/div>\n\t\t\t\t<\/div>\n\t\t\t\t\t<\/div>\n\t\t<\/div>\n\t\t\t\t\t<\/div>\n\t\t<\/section>\n\t\t\t\t<section class=\"elementor-section elementor-top-section elementor-element elementor-element-1c0ad3e elementor-section-boxed elementor-section-height-default elementor-section-height-default\" data-id=\"1c0ad3e\" data-element_type=\"section\" data-e-type=\"section\">\n\t\t\t\t\t\t<div class=\"elementor-container elementor-column-gap-default\">\n\t\t\t\t\t<div class=\"elementor-column elementor-col-100 elementor-top-column elementor-element elementor-element-e62e64c\" data-id=\"e62e64c\" data-element_type=\"column\" data-e-type=\"column\">\n\t\t\t<div class=\"elementor-widget-wrap elementor-element-populated\">\n\t\t\t\t\t\t<div class=\"elementor-element elementor-element-72a7ff9 elementor-widget elementor-widget-image\" data-id=\"72a7ff9\" data-element_type=\"widget\" data-e-type=\"widget\" data-widget_type=\"image.default\">\n\t\t\t\t<div class=\"elementor-widget-container\">\n\t\t\t\t\t\t\t\t\t\t\t\t\t\t\t<img decoding=\"async\" width=\"640\" height=\"427\" src=\"https:\/\/unaymilletras.com\/wp-content\/uploads\/2025\/10\/IMG_7465-1024x683.jpeg\" class=\"attachment-large size-large wp-image-6138\" alt=\"\" srcset=\"https:\/\/unaymilletras.com\/wp-content\/uploads\/2025\/10\/IMG_7465-1024x683.jpeg 1024w, https:\/\/unaymilletras.com\/wp-content\/uploads\/2025\/10\/IMG_7465-300x200.jpeg 300w, https:\/\/unaymilletras.com\/wp-content\/uploads\/2025\/10\/IMG_7465-768x512.jpeg 768w, https:\/\/unaymilletras.com\/wp-content\/uploads\/2025\/10\/IMG_7465-1536x1024.jpeg 1536w, https:\/\/unaymilletras.com\/wp-content\/uploads\/2025\/10\/IMG_7465-2048x1365.jpeg 2048w, https:\/\/unaymilletras.com\/wp-content\/uploads\/2025\/10\/IMG_7465-18x12.jpeg 18w, https:\/\/unaymilletras.com\/wp-content\/uploads\/2025\/10\/IMG_7465-scaled-e1761508578218.jpeg 600w\" sizes=\"(max-width: 640px) 100vw, 640px\" \/>\t\t\t\t\t\t\t\t\t\t\t\t\t\t\t<\/div>\n\t\t\t\t<\/div>\n\t\t\t\t\t<\/div>\n\t\t<\/div>\n\t\t\t\t\t<\/div>\n\t\t<\/section>\n\t\t\t\t<section class=\"elementor-section elementor-top-section elementor-element elementor-element-4b48282 elementor-section-boxed elementor-section-height-default elementor-section-height-default\" data-id=\"4b48282\" data-element_type=\"section\" data-e-type=\"section\">\n\t\t\t\t\t\t<div class=\"elementor-container elementor-column-gap-default\">\n\t\t\t\t\t<div class=\"elementor-column elementor-col-100 elementor-top-column elementor-element elementor-element-932697c\" data-id=\"932697c\" data-element_type=\"column\" data-e-type=\"column\">\n\t\t\t<div class=\"elementor-widget-wrap elementor-element-populated\">\n\t\t\t\t\t\t<div class=\"elementor-element elementor-element-8593623 elementor-widget elementor-widget-text-editor\" data-id=\"8593623\" data-element_type=\"widget\" data-e-type=\"widget\" data-widget_type=\"text-editor.default\">\n\t\t\t\t<div class=\"elementor-widget-container\">\n\t\t\t\t\t\t\t\t\t<p class=\"p1\">Mart\u00edn se mostr\u00f3 c\u00f3modo, hablador, agradecido. No solo interpret\u00f3 canciones; conect\u00f3. Hubo espacio para recuerdos, para risas y para esa complicidad que solo se consigue cuando el p\u00fablico quiere ver crecer al artista.<\/p><p class=\"p1\">Y la noche dej\u00f3 lugar tambi\u00e9n para invitados que son parte de su historia y de su presente: Sazza, Julia Deb\u00eds y, especialmente, Andr\u00e9s Koi, su hermano y excompa\u00f1ero de Dvicio, cuya aparici\u00f3n levant\u00f3 una ovaci\u00f3n cargada de emoci\u00f3n y nostalgia.<\/p><p class=\"p1\">El tramo final del concierto fue un estallido de energ\u00eda. Mart\u00edn se movi\u00f3 con naturalidad, disfrutando de cada aplauso como quien celebra un logro personal m\u00e1s que profesional.\u00a0 naTOURaleza no busca impresionar con espectacularidad t\u00e9cnica; busca ser honesto. Es un viaje de redescubrimiento y, a juzgar por la respuesta del p\u00fablico madrile\u00f1o, va en la direcci\u00f3n correcta.<\/p>\t\t\t\t\t\t\t\t<\/div>\n\t\t\t\t<\/div>\n\t\t\t\t\t<\/div>\n\t\t<\/div>\n\t\t\t\t\t<\/div>\n\t\t<\/section>\n\t\t\t\t<\/div>","protected":false},"excerpt":{"rendered":"<p>Martin Ceballos cierra su naTOURaleza en la sala Galileo Galilei de Madrid con una gran cantidad de sorpresas incluidas Mart\u00edn ya no mira atr\u00e1s. El exintegrante de Dvicio se plant\u00f3 el 25 de octubre en la sala Galileo Galilei para demostrar que su historia contin\u00faa con m\u00e1s fuerza que nunca. Con naTOURaleza, su nuevo proyecto, [&hellip;]<\/p>\n","protected":false},"author":6,"featured_media":6137,"comment_status":"closed","ping_status":"closed","sticky":false,"template":"","format":"standard","meta":{"footnotes":""},"categories":[4],"tags":[],"class_list":["post-6135","post","type-post","status-publish","format-standard","has-post-thumbnail","hentry","category-musica"],"yoast_head":"<!-- This site is optimized with the Yoast SEO plugin v27.4 - https:\/\/yoast.com\/product\/yoast-seo-wordpress\/ -->\n<title>naTOURaleza aterriza en Madrid con la parte m\u00e1s personal de Mart\u00edn<\/title>\n<meta name=\"description\" content=\"Martin Ceballos cierra su naTOURaleza en la sala Galileo Galilei de Madrid con una gran cantidad de sorpresas incluidas\" \/>\n<meta name=\"robots\" content=\"index, follow, max-snippet:-1, max-image-preview:large, max-video-preview:-1\" \/>\n<link rel=\"canonical\" href=\"https:\/\/unaymilletras.com\/en\/natouraleza-aterriza-en-madrid-con-la-parte-mas-personal-de-martin\/\" \/>\n<meta property=\"og:locale\" content=\"en_GB\" \/>\n<meta property=\"og:type\" content=\"article\" \/>\n<meta property=\"og:title\" content=\"naTOURaleza aterriza en Madrid con la parte m\u00e1s personal de Mart\u00edn\" \/>\n<meta property=\"og:description\" content=\"Martin Ceballos cierra su naTOURaleza en la sala Galileo Galilei de Madrid con una gran cantidad de sorpresas incluidas\" \/>\n<meta property=\"og:url\" content=\"https:\/\/unaymilletras.com\/en\/natouraleza-aterriza-en-madrid-con-la-parte-mas-personal-de-martin\/\" \/>\n<meta property=\"og:site_name\" content=\"Una y Mil Letras\" \/>\n<meta property=\"article:published_time\" content=\"2025-10-26T19:53:48+00:00\" \/>\n<meta property=\"article:modified_time\" content=\"2025-10-26T19:57:55+00:00\" \/>\n<meta property=\"og:image\" content=\"http:\/\/unaymilletras.com\/wp-content\/uploads\/2025\/10\/IMG_7418-scaled-e1761508463488.jpeg\" \/>\n\t<meta property=\"og:image:width\" content=\"600\" \/>\n\t<meta property=\"og:image:height\" content=\"400\" \/>\n\t<meta property=\"og:image:type\" content=\"image\/jpeg\" \/>\n<meta name=\"author\" content=\"Redacci\u00f3n\" \/>\n<meta name=\"twitter:card\" content=\"summary_large_image\" \/>\n<meta name=\"twitter:creator\" content=\"@UnaYMilLetras\" \/>\n<meta name=\"twitter:site\" content=\"@UnaYMilLetras\" \/>\n<meta name=\"twitter:label1\" content=\"Written by\" \/>\n\t<meta name=\"twitter:data1\" content=\"Redacci\u00f3n\" \/>\n\t<meta name=\"twitter:label2\" content=\"Estimated reading time\" \/>\n\t<meta name=\"twitter:data2\" content=\"3 minutes\" \/>\n<script type=\"application\/ld+json\" class=\"yoast-schema-graph\">{\"@context\":\"https:\\\/\\\/schema.org\",\"@graph\":[{\"@type\":\"Article\",\"@id\":\"https:\\\/\\\/unaymilletras.com\\\/natouraleza-aterriza-en-madrid-con-la-parte-mas-personal-de-martin\\\/#article\",\"isPartOf\":{\"@id\":\"https:\\\/\\\/unaymilletras.com\\\/natouraleza-aterriza-en-madrid-con-la-parte-mas-personal-de-martin\\\/\"},\"author\":{\"name\":\"Redacci\u00f3n\",\"@id\":\"http:\\\/\\\/unaymilletras.com\\\/#\\\/schema\\\/person\\\/0860dc8a218329991ee2c7591f4f849d\"},\"headline\":\"naTOURaleza aterriza en Madrid con la parte m\u00e1s personal de Mart\u00edn\",\"datePublished\":\"2025-10-26T19:53:48+00:00\",\"dateModified\":\"2025-10-26T19:57:55+00:00\",\"mainEntityOfPage\":{\"@id\":\"https:\\\/\\\/unaymilletras.com\\\/natouraleza-aterriza-en-madrid-con-la-parte-mas-personal-de-martin\\\/\"},\"wordCount\":489,\"publisher\":{\"@id\":\"http:\\\/\\\/unaymilletras.com\\\/#organization\"},\"image\":{\"@id\":\"https:\\\/\\\/unaymilletras.com\\\/natouraleza-aterriza-en-madrid-con-la-parte-mas-personal-de-martin\\\/#primaryimage\"},\"thumbnailUrl\":\"https:\\\/\\\/unaymilletras.com\\\/wp-content\\\/uploads\\\/2025\\\/10\\\/IMG_7418-scaled-e1761508463488.jpeg\",\"articleSection\":[\"M\u00fasica\"],\"inLanguage\":\"en-GB\"},{\"@type\":\"WebPage\",\"@id\":\"https:\\\/\\\/unaymilletras.com\\\/natouraleza-aterriza-en-madrid-con-la-parte-mas-personal-de-martin\\\/\",\"url\":\"https:\\\/\\\/unaymilletras.com\\\/natouraleza-aterriza-en-madrid-con-la-parte-mas-personal-de-martin\\\/\",\"name\":\"naTOURaleza aterriza en Madrid con la parte m\u00e1s personal de Mart\u00edn\",\"isPartOf\":{\"@id\":\"http:\\\/\\\/unaymilletras.com\\\/#website\"},\"primaryImageOfPage\":{\"@id\":\"https:\\\/\\\/unaymilletras.com\\\/natouraleza-aterriza-en-madrid-con-la-parte-mas-personal-de-martin\\\/#primaryimage\"},\"image\":{\"@id\":\"https:\\\/\\\/unaymilletras.com\\\/natouraleza-aterriza-en-madrid-con-la-parte-mas-personal-de-martin\\\/#primaryimage\"},\"thumbnailUrl\":\"https:\\\/\\\/unaymilletras.com\\\/wp-content\\\/uploads\\\/2025\\\/10\\\/IMG_7418-scaled-e1761508463488.jpeg\",\"datePublished\":\"2025-10-26T19:53:48+00:00\",\"dateModified\":\"2025-10-26T19:57:55+00:00\",\"description\":\"Martin Ceballos cierra su naTOURaleza en la sala Galileo Galilei de Madrid con una gran cantidad de sorpresas incluidas\",\"breadcrumb\":{\"@id\":\"https:\\\/\\\/unaymilletras.com\\\/natouraleza-aterriza-en-madrid-con-la-parte-mas-personal-de-martin\\\/#breadcrumb\"},\"inLanguage\":\"en-GB\",\"potentialAction\":[{\"@type\":\"ReadAction\",\"target\":[\"https:\\\/\\\/unaymilletras.com\\\/natouraleza-aterriza-en-madrid-con-la-parte-mas-personal-de-martin\\\/\"]}]},{\"@type\":\"ImageObject\",\"inLanguage\":\"en-GB\",\"@id\":\"https:\\\/\\\/unaymilletras.com\\\/natouraleza-aterriza-en-madrid-con-la-parte-mas-personal-de-martin\\\/#primaryimage\",\"url\":\"https:\\\/\\\/unaymilletras.com\\\/wp-content\\\/uploads\\\/2025\\\/10\\\/IMG_7418-scaled-e1761508463488.jpeg\",\"contentUrl\":\"https:\\\/\\\/unaymilletras.com\\\/wp-content\\\/uploads\\\/2025\\\/10\\\/IMG_7418-scaled-e1761508463488.jpeg\",\"width\":600,\"height\":400,\"caption\":\"Foto: Ariana Aparisi\"},{\"@type\":\"BreadcrumbList\",\"@id\":\"https:\\\/\\\/unaymilletras.com\\\/natouraleza-aterriza-en-madrid-con-la-parte-mas-personal-de-martin\\\/#breadcrumb\",\"itemListElement\":[{\"@type\":\"ListItem\",\"position\":1,\"name\":\"Home\",\"item\":\"http:\\\/\\\/unaymilletras.com\\\/\"},{\"@type\":\"ListItem\",\"position\":2,\"name\":\"naTOURaleza aterriza en Madrid con la parte m\u00e1s personal de Mart\u00edn\"}]},{\"@type\":\"WebSite\",\"@id\":\"http:\\\/\\\/unaymilletras.com\\\/#website\",\"url\":\"http:\\\/\\\/unaymilletras.com\\\/\",\"name\":\"Una y Mil Letras\",\"description\":\"\",\"publisher\":{\"@id\":\"http:\\\/\\\/unaymilletras.com\\\/#organization\"},\"potentialAction\":[{\"@type\":\"SearchAction\",\"target\":{\"@type\":\"EntryPoint\",\"urlTemplate\":\"http:\\\/\\\/unaymilletras.com\\\/?s={search_term_string}\"},\"query-input\":{\"@type\":\"PropertyValueSpecification\",\"valueRequired\":true,\"valueName\":\"search_term_string\"}}],\"inLanguage\":\"en-GB\"},{\"@type\":\"Organization\",\"@id\":\"http:\\\/\\\/unaymilletras.com\\\/#organization\",\"name\":\"Una y Mil Letras\",\"url\":\"http:\\\/\\\/unaymilletras.com\\\/\",\"logo\":{\"@type\":\"ImageObject\",\"inLanguage\":\"en-GB\",\"@id\":\"http:\\\/\\\/unaymilletras.com\\\/#\\\/schema\\\/logo\\\/image\\\/\",\"url\":\"https:\\\/\\\/unaymilletras.com\\\/wp-content\\\/uploads\\\/2024\\\/06\\\/cropped-Logo-removebg-preview.png\",\"contentUrl\":\"https:\\\/\\\/unaymilletras.com\\\/wp-content\\\/uploads\\\/2024\\\/06\\\/cropped-Logo-removebg-preview.png\",\"width\":512,\"height\":512,\"caption\":\"Una y Mil Letras\"},\"image\":{\"@id\":\"http:\\\/\\\/unaymilletras.com\\\/#\\\/schema\\\/logo\\\/image\\\/\"},\"sameAs\":[\"https:\\\/\\\/x.com\\\/UnaYMilLetras\",\"https:\\\/\\\/instagram.com\\\/UnaYMilLetras\"]},{\"@type\":\"Person\",\"@id\":\"http:\\\/\\\/unaymilletras.com\\\/#\\\/schema\\\/person\\\/0860dc8a218329991ee2c7591f4f849d\",\"name\":\"Redacci\u00f3n\",\"image\":{\"@type\":\"ImageObject\",\"inLanguage\":\"en-GB\",\"@id\":\"https:\\\/\\\/secure.gravatar.com\\\/avatar\\\/d8f55e05a8b6597e45c55a1dcbdbfe44f4a360d88b48e00de5216a79b7732796?s=96&d=mm&r=g\",\"url\":\"https:\\\/\\\/secure.gravatar.com\\\/avatar\\\/d8f55e05a8b6597e45c55a1dcbdbfe44f4a360d88b48e00de5216a79b7732796?s=96&d=mm&r=g\",\"contentUrl\":\"https:\\\/\\\/secure.gravatar.com\\\/avatar\\\/d8f55e05a8b6597e45c55a1dcbdbfe44f4a360d88b48e00de5216a79b7732796?s=96&d=mm&r=g\",\"caption\":\"Redacci\u00f3n\"},\"url\":\"https:\\\/\\\/unaymilletras.com\\\/en\\\/author\\\/redaccion\\\/\"}]}<\/script>\n<!-- \/ Yoast SEO plugin. -->","yoast_head_json":{"title":"naTOURaleza aterriza en Madrid con la parte m\u00e1s personal de Mart\u00edn","description":"Martin Ceballos cierra su naTOURaleza en la sala Galileo Galilei de Madrid con una gran cantidad de sorpresas incluidas","robots":{"index":"index","follow":"follow","max-snippet":"max-snippet:-1","max-image-preview":"max-image-preview:large","max-video-preview":"max-video-preview:-1"},"canonical":"https:\/\/unaymilletras.com\/en\/natouraleza-aterriza-en-madrid-con-la-parte-mas-personal-de-martin\/","og_locale":"en_GB","og_type":"article","og_title":"naTOURaleza aterriza en Madrid con la parte m\u00e1s personal de Mart\u00edn","og_description":"Martin Ceballos cierra su naTOURaleza en la sala Galileo Galilei de Madrid con una gran cantidad de sorpresas incluidas","og_url":"https:\/\/unaymilletras.com\/en\/natouraleza-aterriza-en-madrid-con-la-parte-mas-personal-de-martin\/","og_site_name":"Una y Mil Letras","article_published_time":"2025-10-26T19:53:48+00:00","article_modified_time":"2025-10-26T19:57:55+00:00","og_image":[{"width":600,"height":400,"url":"http:\/\/unaymilletras.com\/wp-content\/uploads\/2025\/10\/IMG_7418-scaled-e1761508463488.jpeg","type":"image\/jpeg"}],"author":"Redacci\u00f3n","twitter_card":"summary_large_image","twitter_creator":"@UnaYMilLetras","twitter_site":"@UnaYMilLetras","twitter_misc":{"Written by":"Redacci\u00f3n","Estimated reading time":"3 minutes"},"schema":{"@context":"https:\/\/schema.org","@graph":[{"@type":"Article","@id":"https:\/\/unaymilletras.com\/natouraleza-aterriza-en-madrid-con-la-parte-mas-personal-de-martin\/#article","isPartOf":{"@id":"https:\/\/unaymilletras.com\/natouraleza-aterriza-en-madrid-con-la-parte-mas-personal-de-martin\/"},"author":{"name":"Redacci\u00f3n","@id":"http:\/\/unaymilletras.com\/#\/schema\/person\/0860dc8a218329991ee2c7591f4f849d"},"headline":"naTOURaleza aterriza en Madrid con la parte m\u00e1s personal de Mart\u00edn","datePublished":"2025-10-26T19:53:48+00:00","dateModified":"2025-10-26T19:57:55+00:00","mainEntityOfPage":{"@id":"https:\/\/unaymilletras.com\/natouraleza-aterriza-en-madrid-con-la-parte-mas-personal-de-martin\/"},"wordCount":489,"publisher":{"@id":"http:\/\/unaymilletras.com\/#organization"},"image":{"@id":"https:\/\/unaymilletras.com\/natouraleza-aterriza-en-madrid-con-la-parte-mas-personal-de-martin\/#primaryimage"},"thumbnailUrl":"https:\/\/unaymilletras.com\/wp-content\/uploads\/2025\/10\/IMG_7418-scaled-e1761508463488.jpeg","articleSection":["M\u00fasica"],"inLanguage":"en-GB"},{"@type":"WebPage","@id":"https:\/\/unaymilletras.com\/natouraleza-aterriza-en-madrid-con-la-parte-mas-personal-de-martin\/","url":"https:\/\/unaymilletras.com\/natouraleza-aterriza-en-madrid-con-la-parte-mas-personal-de-martin\/","name":"naTOURaleza aterriza en Madrid con la parte m\u00e1s personal de Mart\u00edn","isPartOf":{"@id":"http:\/\/unaymilletras.com\/#website"},"primaryImageOfPage":{"@id":"https:\/\/unaymilletras.com\/natouraleza-aterriza-en-madrid-con-la-parte-mas-personal-de-martin\/#primaryimage"},"image":{"@id":"https:\/\/unaymilletras.com\/natouraleza-aterriza-en-madrid-con-la-parte-mas-personal-de-martin\/#primaryimage"},"thumbnailUrl":"https:\/\/unaymilletras.com\/wp-content\/uploads\/2025\/10\/IMG_7418-scaled-e1761508463488.jpeg","datePublished":"2025-10-26T19:53:48+00:00","dateModified":"2025-10-26T19:57:55+00:00","description":"Martin Ceballos cierra su naTOURaleza en la sala Galileo Galilei de Madrid con una gran cantidad de sorpresas incluidas","breadcrumb":{"@id":"https:\/\/unaymilletras.com\/natouraleza-aterriza-en-madrid-con-la-parte-mas-personal-de-martin\/#breadcrumb"},"inLanguage":"en-GB","potentialAction":[{"@type":"ReadAction","target":["https:\/\/unaymilletras.com\/natouraleza-aterriza-en-madrid-con-la-parte-mas-personal-de-martin\/"]}]},{"@type":"ImageObject","inLanguage":"en-GB","@id":"https:\/\/unaymilletras.com\/natouraleza-aterriza-en-madrid-con-la-parte-mas-personal-de-martin\/#primaryimage","url":"https:\/\/unaymilletras.com\/wp-content\/uploads\/2025\/10\/IMG_7418-scaled-e1761508463488.jpeg","contentUrl":"https:\/\/unaymilletras.com\/wp-content\/uploads\/2025\/10\/IMG_7418-scaled-e1761508463488.jpeg","width":600,"height":400,"caption":"Foto: Ariana Aparisi"},{"@type":"BreadcrumbList","@id":"https:\/\/unaymilletras.com\/natouraleza-aterriza-en-madrid-con-la-parte-mas-personal-de-martin\/#breadcrumb","itemListElement":[{"@type":"ListItem","position":1,"name":"Home","item":"http:\/\/unaymilletras.com\/"},{"@type":"ListItem","position":2,"name":"naTOURaleza aterriza en Madrid con la parte m\u00e1s personal de Mart\u00edn"}]},{"@type":"WebSite","@id":"http:\/\/unaymilletras.com\/#website","url":"http:\/\/unaymilletras.com\/","name":"Una y Mil Letras","description":"","publisher":{"@id":"http:\/\/unaymilletras.com\/#organization"},"potentialAction":[{"@type":"SearchAction","target":{"@type":"EntryPoint","urlTemplate":"http:\/\/unaymilletras.com\/?s={search_term_string}"},"query-input":{"@type":"PropertyValueSpecification","valueRequired":true,"valueName":"search_term_string"}}],"inLanguage":"en-GB"},{"@type":"Organization","@id":"http:\/\/unaymilletras.com\/#organization","name":"Una y Mil Letras","url":"http:\/\/unaymilletras.com\/","logo":{"@type":"ImageObject","inLanguage":"en-GB","@id":"http:\/\/unaymilletras.com\/#\/schema\/logo\/image\/","url":"https:\/\/unaymilletras.com\/wp-content\/uploads\/2024\/06\/cropped-Logo-removebg-preview.png","contentUrl":"https:\/\/unaymilletras.com\/wp-content\/uploads\/2024\/06\/cropped-Logo-removebg-preview.png","width":512,"height":512,"caption":"Una y Mil Letras"},"image":{"@id":"http:\/\/unaymilletras.com\/#\/schema\/logo\/image\/"},"sameAs":["https:\/\/x.com\/UnaYMilLetras","https:\/\/instagram.com\/UnaYMilLetras"]},{"@type":"Person","@id":"http:\/\/unaymilletras.com\/#\/schema\/person\/0860dc8a218329991ee2c7591f4f849d","name":"Redacci\u00f3n","image":{"@type":"ImageObject","inLanguage":"en-GB","@id":"https:\/\/secure.gravatar.com\/avatar\/d8f55e05a8b6597e45c55a1dcbdbfe44f4a360d88b48e00de5216a79b7732796?s=96&d=mm&r=g","url":"https:\/\/secure.gravatar.com\/avatar\/d8f55e05a8b6597e45c55a1dcbdbfe44f4a360d88b48e00de5216a79b7732796?s=96&d=mm&r=g","contentUrl":"https:\/\/secure.gravatar.com\/avatar\/d8f55e05a8b6597e45c55a1dcbdbfe44f4a360d88b48e00de5216a79b7732796?s=96&d=mm&r=g","caption":"Redacci\u00f3n"},"url":"https:\/\/unaymilletras.com\/en\/author\/redaccion\/"}]}},"_links":{"self":[{"href":"https:\/\/unaymilletras.com\/en\/wp-json\/wp\/v2\/posts\/6135","targetHints":{"allow":["GET"]}}],"collection":[{"href":"https:\/\/unaymilletras.com\/en\/wp-json\/wp\/v2\/posts"}],"about":[{"href":"https:\/\/unaymilletras.com\/en\/wp-json\/wp\/v2\/types\/post"}],"author":[{"embeddable":true,"href":"https:\/\/unaymilletras.com\/en\/wp-json\/wp\/v2\/users\/6"}],"replies":[{"embeddable":true,"href":"https:\/\/unaymilletras.com\/en\/wp-json\/wp\/v2\/comments?post=6135"}],"version-history":[{"count":7,"href":"https:\/\/unaymilletras.com\/en\/wp-json\/wp\/v2\/posts\/6135\/revisions"}],"predecessor-version":[{"id":6144,"href":"https:\/\/unaymilletras.com\/en\/wp-json\/wp\/v2\/posts\/6135\/revisions\/6144"}],"wp:featuredmedia":[{"embeddable":true,"href":"https:\/\/unaymilletras.com\/en\/wp-json\/wp\/v2\/media\/6137"}],"wp:attachment":[{"href":"https:\/\/unaymilletras.com\/en\/wp-json\/wp\/v2\/media?parent=6135"}],"wp:term":[{"taxonomy":"category","embeddable":true,"href":"https:\/\/unaymilletras.com\/en\/wp-json\/wp\/v2\/categories?post=6135"},{"taxonomy":"post_tag","embeddable":true,"href":"https:\/\/unaymilletras.com\/en\/wp-json\/wp\/v2\/tags?post=6135"}],"curies":[{"name":"wp","href":"https:\/\/api.w.org\/{rel}","templated":true}]}}