{"id":6146,"date":"2025-10-28T21:00:00","date_gmt":"2025-10-28T20:00:00","guid":{"rendered":"https:\/\/unaymilletras.com\/?p=6146"},"modified":"2025-10-27T13:31:37","modified_gmt":"2025-10-27T12:31:37","slug":"elena-rose-lanza-bendito-verano","status":"publish","type":"post","link":"https:\/\/unaymilletras.com\/en\/elena-rose-lanza-bendito-verano\/","title":{"rendered":"Elena Rose lanza \u00abBendito Verano\u00bb"},"content":{"rendered":"<div data-elementor-type=\"wp-post\" data-elementor-id=\"6146\" class=\"elementor elementor-6146\">\n\t\t\t\t\t\t<section class=\"elementor-section elementor-top-section elementor-element elementor-element-90691ae elementor-section-boxed elementor-section-height-default elementor-section-height-default\" data-id=\"90691ae\" data-element_type=\"section\" data-e-type=\"section\">\n\t\t\t\t\t\t<div class=\"elementor-container elementor-column-gap-default\">\n\t\t\t\t\t<div class=\"elementor-column elementor-col-100 elementor-top-column elementor-element elementor-element-ef5d82d\" data-id=\"ef5d82d\" data-element_type=\"column\" data-e-type=\"column\">\n\t\t\t<div class=\"elementor-widget-wrap elementor-element-populated\">\n\t\t\t\t\t\t<div class=\"elementor-element elementor-element-d58eccf elementor-widget elementor-widget-text-editor\" data-id=\"d58eccf\" data-element_type=\"widget\" data-e-type=\"widget\" data-widget_type=\"text-editor.default\">\n\t\t\t\t<div class=\"elementor-widget-container\">\n\t\t\t\t\t\t\t\t\t<h2><span style=\"color: #808080\"><strong>La cantautora venezolana lanza su esperado debut, un proyecto que combina pop, afrobeat y m\u00e1s.\u00a0<\/strong><\/span><\/h2>\t\t\t\t\t\t\t\t<\/div>\n\t\t\t\t<\/div>\n\t\t\t\t<div class=\"elementor-element elementor-element-d49f1a3 elementor-widget elementor-widget-text-editor\" data-id=\"d49f1a3\" data-element_type=\"widget\" data-e-type=\"widget\" data-widget_type=\"text-editor.default\">\n\t\t\t\t<div class=\"elementor-widget-container\">\n\t\t\t\t\t\t\t\t\t<p><span style=\"font-weight: 400;\">La artista venezolana Elena Rose estrena su primer \u00e1lbum de estudio, <\/span><i><span style=\"font-weight: 400;\">Bendito Verano<\/span><\/i><span style=\"font-weight: 400;\">, <strong><a href=\"https:\/\/open.spotify.com\/intl-es\/album\/3879XuqQ01JARbfd5pMH3s?si=1Av_xD1uRtO7TbA7iGWiBQ\">disponible en todas las plataformas digitales<\/a>.<\/strong> El disco representa una nueva etapa en su carrera y se define como un viaje de <strong>autodescubrimiento<\/strong>, l<strong>ibertad creativa y conexi\u00f3n emocional.<\/strong><\/span><\/p><p><span style=\"font-weight: 400;\">Con este trabajo, la int\u00e9rprete de <\/span><i><span style=\"font-weight: 400;\">Me Lo Merezco<\/span><\/i><span style=\"font-weight: 400;\"> deja atr\u00e1s su EP <\/span><i><span style=\"font-weight: 400;\">En Las Nubes <\/span><\/i><span style=\"font-weight: 400;\">para ofrecer un<strong> proyecto m\u00e1s personal y maduro.<\/strong> <\/span><i><span style=\"font-weight: 400;\">Bendito Verano<\/span><\/i><span style=\"font-weight: 400;\"> combina sonidos pop con influencias de afrobeat y matices tropicales, construyendo un universo musical que <strong>celebra tanto la luz como la vulnerabilidad.<\/strong><\/span><\/p><p><span style=\"font-weight: 400;\">El \u00e1lbum cuenta con la participaci\u00f3n de artistas como Eladio Carri\u00f3n, Beto Montenegro, Young Miko y Justin Quiles, con quien lanz\u00f3 previamente el tema<\/span><i><span style=\"font-weight: 400;\"> Cosita Linda,<\/span><\/i><span style=\"font-weight: 400;\"> uno de los m\u00e1s escuchados del a\u00f1o y presente en la <strong>lista global de Spotify Viral Songs.<\/strong><\/span><\/p><p><span style=\"font-weight: 400;\">El 2025 marca un momento clave para la trayectoria de Elena Rose: tras ser imagen de Adidas y agotar las fechas de su <\/span><i><span style=\"font-weight: 400;\">Alma Tour<\/span><\/i><span style=\"font-weight: 400;\"> en Europa, la cantante iniciar\u00e1 su <strong>primera gira por Estados Unidos el pr\u00f3ximo 28 de noviembre<\/strong> bajo la producci\u00f3n de Live Nation.<\/span><\/p><p><span style=\"font-weight: 400;\">Adem\u00e1s, la artista suma <strong>cuatro nominaciones a los Latin GRAMMY\u00ae,<\/strong> entre ellas \u00c1lbum del A\u00f1o y Canci\u00f3n del A\u00f1o, consolid\u00e1ndose como una de las voces m\u00e1s destacadas y aut\u00e9nticas del panorama musical latino.\u00a0<\/span><\/p>\t\t\t\t\t\t\t\t<\/div>\n\t\t\t\t<\/div>\n\t\t\t\t<div class=\"elementor-element elementor-element-99a2599 elementor-widget elementor-widget-video\" data-id=\"99a2599\" data-element_type=\"widget\" data-e-type=\"widget\" data-settings=\"{&quot;youtube_url&quot;:&quot;https:\\\/\\\/youtu.be\\\/95kYsVOf_sw?si=gP9vd9_wFubsAHuL&quot;,&quot;video_type&quot;:&quot;youtube&quot;,&quot;controls&quot;:&quot;yes&quot;}\" data-widget_type=\"video.default\">\n\t\t\t\t<div class=\"elementor-widget-container\">\n\t\t\t\t\t\t\t<div class=\"elementor-wrapper elementor-open-inline\">\n\t\t\t<div class=\"elementor-video\"><\/div>\t\t<\/div>\n\t\t\t\t\t\t<\/div>\n\t\t\t\t<\/div>\n\t\t\t\t\t<\/div>\n\t\t<\/div>\n\t\t\t\t\t<\/div>\n\t\t<\/section>\n\t\t\t\t<\/div>","protected":false},"excerpt":{"rendered":"<p>La cantautora venezolana lanza su esperado debut, un proyecto que combina pop, afrobeat y m\u00e1s.\u00a0 La artista venezolana Elena Rose estrena su primer \u00e1lbum de estudio, Bendito Verano, disponible en todas las plataformas digitales. El disco representa una nueva etapa en su carrera y se define como un viaje de autodescubrimiento, libertad creativa y conexi\u00f3n [&hellip;]<\/p>\n","protected":false},"author":8,"featured_media":6149,"comment_status":"closed","ping_status":"closed","sticky":false,"template":"","format":"standard","meta":{"footnotes":""},"categories":[4],"tags":[168,245,169],"class_list":["post-6146","post","type-post","status-publish","format-standard","has-post-thumbnail","hentry","category-musica","tag-disco","tag-elena-rose","tag-musica"],"yoast_head":"<!-- This site is optimized with the Yoast SEO plugin v27.4 - https:\/\/yoast.com\/product\/yoast-seo-wordpress\/ -->\n<title>Elena Rose lanza \u00abBendito Verano\u00bb &#8902; Una y Mil Letras<\/title>\n<meta name=\"description\" content=\"Elena Rose estrena su primer \u00e1lbum de estudio, Bendito Verano, disponible en todas las plataformas digitales.\" \/>\n<meta name=\"robots\" content=\"index, follow, max-snippet:-1, max-image-preview:large, max-video-preview:-1\" \/>\n<link rel=\"canonical\" href=\"https:\/\/unaymilletras.com\/en\/elena-rose-lanza-bendito-verano\/\" \/>\n<meta property=\"og:locale\" content=\"en_GB\" \/>\n<meta property=\"og:type\" content=\"article\" \/>\n<meta property=\"og:title\" content=\"Elena Rose lanza \u00abBendito Verano\u00bb &#8902; Una y Mil Letras\" \/>\n<meta property=\"og:description\" content=\"Elena Rose estrena su primer \u00e1lbum de estudio, Bendito Verano, disponible en todas las plataformas digitales.\" \/>\n<meta property=\"og:url\" content=\"https:\/\/unaymilletras.com\/en\/elena-rose-lanza-bendito-verano\/\" \/>\n<meta property=\"og:site_name\" content=\"Una y Mil Letras\" \/>\n<meta property=\"article:published_time\" content=\"2025-10-28T20:00:00+00:00\" \/>\n<meta property=\"og:image\" content=\"https:\/\/unaymilletras.com\/wp-content\/uploads\/2025\/10\/unnamed-2-1024x1024.png\" \/>\n\t<meta property=\"og:image:width\" content=\"1024\" \/>\n\t<meta property=\"og:image:height\" content=\"1024\" \/>\n\t<meta property=\"og:image:type\" content=\"image\/png\" \/>\n<meta name=\"author\" content=\"Alvany Pereira\" \/>\n<meta name=\"twitter:card\" content=\"summary_large_image\" \/>\n<meta name=\"twitter:creator\" content=\"@UnaYMilLetras\" \/>\n<meta name=\"twitter:site\" content=\"@UnaYMilLetras\" \/>\n<meta name=\"twitter:label1\" content=\"Written by\" \/>\n\t<meta name=\"twitter:data1\" content=\"Alvany Pereira\" \/>\n\t<meta name=\"twitter:label2\" content=\"Estimated reading time\" \/>\n\t<meta name=\"twitter:data2\" content=\"2 minutes\" \/>\n<script type=\"application\/ld+json\" class=\"yoast-schema-graph\">{\"@context\":\"https:\\\/\\\/schema.org\",\"@graph\":[{\"@type\":\"Article\",\"@id\":\"https:\\\/\\\/unaymilletras.com\\\/elena-rose-lanza-bendito-verano\\\/#article\",\"isPartOf\":{\"@id\":\"https:\\\/\\\/unaymilletras.com\\\/elena-rose-lanza-bendito-verano\\\/\"},\"author\":{\"name\":\"Alvany Pereira\",\"@id\":\"http:\\\/\\\/unaymilletras.com\\\/#\\\/schema\\\/person\\\/f9792b0b93704f9d3f6cef46c2048d7d\"},\"headline\":\"Elena Rose lanza \u00abBendito Verano\u00bb\",\"datePublished\":\"2025-10-28T20:00:00+00:00\",\"mainEntityOfPage\":{\"@id\":\"https:\\\/\\\/unaymilletras.com\\\/elena-rose-lanza-bendito-verano\\\/\"},\"wordCount\":257,\"publisher\":{\"@id\":\"http:\\\/\\\/unaymilletras.com\\\/#organization\"},\"image\":{\"@id\":\"https:\\\/\\\/unaymilletras.com\\\/elena-rose-lanza-bendito-verano\\\/#primaryimage\"},\"thumbnailUrl\":\"https:\\\/\\\/unaymilletras.com\\\/wp-content\\\/uploads\\\/2025\\\/10\\\/unnamed-2-e1761557991925.png\",\"keywords\":[\"disco\",\"Elena rose\",\"musica\"],\"articleSection\":[\"M\u00fasica\"],\"inLanguage\":\"en-GB\"},{\"@type\":\"WebPage\",\"@id\":\"https:\\\/\\\/unaymilletras.com\\\/elena-rose-lanza-bendito-verano\\\/\",\"url\":\"https:\\\/\\\/unaymilletras.com\\\/elena-rose-lanza-bendito-verano\\\/\",\"name\":\"Elena Rose lanza \u00abBendito Verano\u00bb &#8902; Una y Mil Letras\",\"isPartOf\":{\"@id\":\"http:\\\/\\\/unaymilletras.com\\\/#website\"},\"primaryImageOfPage\":{\"@id\":\"https:\\\/\\\/unaymilletras.com\\\/elena-rose-lanza-bendito-verano\\\/#primaryimage\"},\"image\":{\"@id\":\"https:\\\/\\\/unaymilletras.com\\\/elena-rose-lanza-bendito-verano\\\/#primaryimage\"},\"thumbnailUrl\":\"https:\\\/\\\/unaymilletras.com\\\/wp-content\\\/uploads\\\/2025\\\/10\\\/unnamed-2-e1761557991925.png\",\"datePublished\":\"2025-10-28T20:00:00+00:00\",\"description\":\"Elena Rose estrena su primer \u00e1lbum de estudio, Bendito Verano, disponible en todas las plataformas digitales.\",\"breadcrumb\":{\"@id\":\"https:\\\/\\\/unaymilletras.com\\\/elena-rose-lanza-bendito-verano\\\/#breadcrumb\"},\"inLanguage\":\"en-GB\",\"potentialAction\":[{\"@type\":\"ReadAction\",\"target\":[\"https:\\\/\\\/unaymilletras.com\\\/elena-rose-lanza-bendito-verano\\\/\"]}]},{\"@type\":\"ImageObject\",\"inLanguage\":\"en-GB\",\"@id\":\"https:\\\/\\\/unaymilletras.com\\\/elena-rose-lanza-bendito-verano\\\/#primaryimage\",\"url\":\"https:\\\/\\\/unaymilletras.com\\\/wp-content\\\/uploads\\\/2025\\\/10\\\/unnamed-2-e1761557991925.png\",\"contentUrl\":\"https:\\\/\\\/unaymilletras.com\\\/wp-content\\\/uploads\\\/2025\\\/10\\\/unnamed-2-e1761557991925.png\",\"width\":1920,\"height\":1920,\"caption\":\"Elena Rose\"},{\"@type\":\"BreadcrumbList\",\"@id\":\"https:\\\/\\\/unaymilletras.com\\\/elena-rose-lanza-bendito-verano\\\/#breadcrumb\",\"itemListElement\":[{\"@type\":\"ListItem\",\"position\":1,\"name\":\"Home\",\"item\":\"http:\\\/\\\/unaymilletras.com\\\/\"},{\"@type\":\"ListItem\",\"position\":2,\"name\":\"Elena Rose lanza \u00abBendito Verano\u00bb\"}]},{\"@type\":\"WebSite\",\"@id\":\"http:\\\/\\\/unaymilletras.com\\\/#website\",\"url\":\"http:\\\/\\\/unaymilletras.com\\\/\",\"name\":\"Una y Mil Letras\",\"description\":\"\",\"publisher\":{\"@id\":\"http:\\\/\\\/unaymilletras.com\\\/#organization\"},\"potentialAction\":[{\"@type\":\"SearchAction\",\"target\":{\"@type\":\"EntryPoint\",\"urlTemplate\":\"http:\\\/\\\/unaymilletras.com\\\/?s={search_term_string}\"},\"query-input\":{\"@type\":\"PropertyValueSpecification\",\"valueRequired\":true,\"valueName\":\"search_term_string\"}}],\"inLanguage\":\"en-GB\"},{\"@type\":\"Organization\",\"@id\":\"http:\\\/\\\/unaymilletras.com\\\/#organization\",\"name\":\"Una y Mil Letras\",\"url\":\"http:\\\/\\\/unaymilletras.com\\\/\",\"logo\":{\"@type\":\"ImageObject\",\"inLanguage\":\"en-GB\",\"@id\":\"http:\\\/\\\/unaymilletras.com\\\/#\\\/schema\\\/logo\\\/image\\\/\",\"url\":\"https:\\\/\\\/unaymilletras.com\\\/wp-content\\\/uploads\\\/2024\\\/06\\\/cropped-Logo-removebg-preview.png\",\"contentUrl\":\"https:\\\/\\\/unaymilletras.com\\\/wp-content\\\/uploads\\\/2024\\\/06\\\/cropped-Logo-removebg-preview.png\",\"width\":512,\"height\":512,\"caption\":\"Una y Mil Letras\"},\"image\":{\"@id\":\"http:\\\/\\\/unaymilletras.com\\\/#\\\/schema\\\/logo\\\/image\\\/\"},\"sameAs\":[\"https:\\\/\\\/x.com\\\/UnaYMilLetras\",\"https:\\\/\\\/instagram.com\\\/UnaYMilLetras\"]},{\"@type\":\"Person\",\"@id\":\"http:\\\/\\\/unaymilletras.com\\\/#\\\/schema\\\/person\\\/f9792b0b93704f9d3f6cef46c2048d7d\",\"name\":\"Alvany Pereira\",\"image\":{\"@type\":\"ImageObject\",\"inLanguage\":\"en-GB\",\"@id\":\"https:\\\/\\\/secure.gravatar.com\\\/avatar\\\/1a5fbcc81714220624d70f391a6187cd1434ccfcb154238afd238d6b8bb7f593?s=96&d=mm&r=g\",\"url\":\"https:\\\/\\\/secure.gravatar.com\\\/avatar\\\/1a5fbcc81714220624d70f391a6187cd1434ccfcb154238afd238d6b8bb7f593?s=96&d=mm&r=g\",\"contentUrl\":\"https:\\\/\\\/secure.gravatar.com\\\/avatar\\\/1a5fbcc81714220624d70f391a6187cd1434ccfcb154238afd238d6b8bb7f593?s=96&d=mm&r=g\",\"caption\":\"Alvany Pereira\"},\"url\":\"https:\\\/\\\/unaymilletras.com\\\/en\\\/author\\\/alvanysophia\\\/\"}]}<\/script>\n<!-- \/ Yoast SEO plugin. -->","yoast_head_json":{"title":"Elena Rose lanza \u00abBendito Verano\u00bb &#8902; Una y Mil Letras","description":"Elena Rose estrena su primer \u00e1lbum de estudio, Bendito Verano, disponible en todas las plataformas digitales.","robots":{"index":"index","follow":"follow","max-snippet":"max-snippet:-1","max-image-preview":"max-image-preview:large","max-video-preview":"max-video-preview:-1"},"canonical":"https:\/\/unaymilletras.com\/en\/elena-rose-lanza-bendito-verano\/","og_locale":"en_GB","og_type":"article","og_title":"Elena Rose lanza \u00abBendito Verano\u00bb &#8902; Una y Mil Letras","og_description":"Elena Rose estrena su primer \u00e1lbum de estudio, Bendito Verano, disponible en todas las plataformas digitales.","og_url":"https:\/\/unaymilletras.com\/en\/elena-rose-lanza-bendito-verano\/","og_site_name":"Una y Mil Letras","article_published_time":"2025-10-28T20:00:00+00:00","og_image":[{"width":1024,"height":1024,"url":"https:\/\/unaymilletras.com\/wp-content\/uploads\/2025\/10\/unnamed-2-1024x1024.png","type":"image\/png"}],"author":"Alvany Pereira","twitter_card":"summary_large_image","twitter_creator":"@UnaYMilLetras","twitter_site":"@UnaYMilLetras","twitter_misc":{"Written by":"Alvany Pereira","Estimated reading time":"2 minutes"},"schema":{"@context":"https:\/\/schema.org","@graph":[{"@type":"Article","@id":"https:\/\/unaymilletras.com\/elena-rose-lanza-bendito-verano\/#article","isPartOf":{"@id":"https:\/\/unaymilletras.com\/elena-rose-lanza-bendito-verano\/"},"author":{"name":"Alvany Pereira","@id":"http:\/\/unaymilletras.com\/#\/schema\/person\/f9792b0b93704f9d3f6cef46c2048d7d"},"headline":"Elena Rose lanza \u00abBendito Verano\u00bb","datePublished":"2025-10-28T20:00:00+00:00","mainEntityOfPage":{"@id":"https:\/\/unaymilletras.com\/elena-rose-lanza-bendito-verano\/"},"wordCount":257,"publisher":{"@id":"http:\/\/unaymilletras.com\/#organization"},"image":{"@id":"https:\/\/unaymilletras.com\/elena-rose-lanza-bendito-verano\/#primaryimage"},"thumbnailUrl":"https:\/\/unaymilletras.com\/wp-content\/uploads\/2025\/10\/unnamed-2-e1761557991925.png","keywords":["disco","Elena rose","musica"],"articleSection":["M\u00fasica"],"inLanguage":"en-GB"},{"@type":"WebPage","@id":"https:\/\/unaymilletras.com\/elena-rose-lanza-bendito-verano\/","url":"https:\/\/unaymilletras.com\/elena-rose-lanza-bendito-verano\/","name":"Elena Rose lanza \u00abBendito Verano\u00bb &#8902; Una y Mil Letras","isPartOf":{"@id":"http:\/\/unaymilletras.com\/#website"},"primaryImageOfPage":{"@id":"https:\/\/unaymilletras.com\/elena-rose-lanza-bendito-verano\/#primaryimage"},"image":{"@id":"https:\/\/unaymilletras.com\/elena-rose-lanza-bendito-verano\/#primaryimage"},"thumbnailUrl":"https:\/\/unaymilletras.com\/wp-content\/uploads\/2025\/10\/unnamed-2-e1761557991925.png","datePublished":"2025-10-28T20:00:00+00:00","description":"Elena Rose estrena su primer \u00e1lbum de estudio, Bendito Verano, disponible en todas las plataformas digitales.","breadcrumb":{"@id":"https:\/\/unaymilletras.com\/elena-rose-lanza-bendito-verano\/#breadcrumb"},"inLanguage":"en-GB","potentialAction":[{"@type":"ReadAction","target":["https:\/\/unaymilletras.com\/elena-rose-lanza-bendito-verano\/"]}]},{"@type":"ImageObject","inLanguage":"en-GB","@id":"https:\/\/unaymilletras.com\/elena-rose-lanza-bendito-verano\/#primaryimage","url":"https:\/\/unaymilletras.com\/wp-content\/uploads\/2025\/10\/unnamed-2-e1761557991925.png","contentUrl":"https:\/\/unaymilletras.com\/wp-content\/uploads\/2025\/10\/unnamed-2-e1761557991925.png","width":1920,"height":1920,"caption":"Elena Rose"},{"@type":"BreadcrumbList","@id":"https:\/\/unaymilletras.com\/elena-rose-lanza-bendito-verano\/#breadcrumb","itemListElement":[{"@type":"ListItem","position":1,"name":"Home","item":"http:\/\/unaymilletras.com\/"},{"@type":"ListItem","position":2,"name":"Elena Rose lanza \u00abBendito Verano\u00bb"}]},{"@type":"WebSite","@id":"http:\/\/unaymilletras.com\/#website","url":"http:\/\/unaymilletras.com\/","name":"Una y Mil Letras","description":"","publisher":{"@id":"http:\/\/unaymilletras.com\/#organization"},"potentialAction":[{"@type":"SearchAction","target":{"@type":"EntryPoint","urlTemplate":"http:\/\/unaymilletras.com\/?s={search_term_string}"},"query-input":{"@type":"PropertyValueSpecification","valueRequired":true,"valueName":"search_term_string"}}],"inLanguage":"en-GB"},{"@type":"Organization","@id":"http:\/\/unaymilletras.com\/#organization","name":"Una y Mil Letras","url":"http:\/\/unaymilletras.com\/","logo":{"@type":"ImageObject","inLanguage":"en-GB","@id":"http:\/\/unaymilletras.com\/#\/schema\/logo\/image\/","url":"https:\/\/unaymilletras.com\/wp-content\/uploads\/2024\/06\/cropped-Logo-removebg-preview.png","contentUrl":"https:\/\/unaymilletras.com\/wp-content\/uploads\/2024\/06\/cropped-Logo-removebg-preview.png","width":512,"height":512,"caption":"Una y Mil Letras"},"image":{"@id":"http:\/\/unaymilletras.com\/#\/schema\/logo\/image\/"},"sameAs":["https:\/\/x.com\/UnaYMilLetras","https:\/\/instagram.com\/UnaYMilLetras"]},{"@type":"Person","@id":"http:\/\/unaymilletras.com\/#\/schema\/person\/f9792b0b93704f9d3f6cef46c2048d7d","name":"Alvany Pereira","image":{"@type":"ImageObject","inLanguage":"en-GB","@id":"https:\/\/secure.gravatar.com\/avatar\/1a5fbcc81714220624d70f391a6187cd1434ccfcb154238afd238d6b8bb7f593?s=96&d=mm&r=g","url":"https:\/\/secure.gravatar.com\/avatar\/1a5fbcc81714220624d70f391a6187cd1434ccfcb154238afd238d6b8bb7f593?s=96&d=mm&r=g","contentUrl":"https:\/\/secure.gravatar.com\/avatar\/1a5fbcc81714220624d70f391a6187cd1434ccfcb154238afd238d6b8bb7f593?s=96&d=mm&r=g","caption":"Alvany Pereira"},"url":"https:\/\/unaymilletras.com\/en\/author\/alvanysophia\/"}]}},"_links":{"self":[{"href":"https:\/\/unaymilletras.com\/en\/wp-json\/wp\/v2\/posts\/6146","targetHints":{"allow":["GET"]}}],"collection":[{"href":"https:\/\/unaymilletras.com\/en\/wp-json\/wp\/v2\/posts"}],"about":[{"href":"https:\/\/unaymilletras.com\/en\/wp-json\/wp\/v2\/types\/post"}],"author":[{"embeddable":true,"href":"https:\/\/unaymilletras.com\/en\/wp-json\/wp\/v2\/users\/8"}],"replies":[{"embeddable":true,"href":"https:\/\/unaymilletras.com\/en\/wp-json\/wp\/v2\/comments?post=6146"}],"version-history":[{"count":11,"href":"https:\/\/unaymilletras.com\/en\/wp-json\/wp\/v2\/posts\/6146\/revisions"}],"predecessor-version":[{"id":6168,"href":"https:\/\/unaymilletras.com\/en\/wp-json\/wp\/v2\/posts\/6146\/revisions\/6168"}],"wp:featuredmedia":[{"embeddable":true,"href":"https:\/\/unaymilletras.com\/en\/wp-json\/wp\/v2\/media\/6149"}],"wp:attachment":[{"href":"https:\/\/unaymilletras.com\/en\/wp-json\/wp\/v2\/media?parent=6146"}],"wp:term":[{"taxonomy":"category","embeddable":true,"href":"https:\/\/unaymilletras.com\/en\/wp-json\/wp\/v2\/categories?post=6146"},{"taxonomy":"post_tag","embeddable":true,"href":"https:\/\/unaymilletras.com\/en\/wp-json\/wp\/v2\/tags?post=6146"}],"curies":[{"name":"wp","href":"https:\/\/api.w.org\/{rel}","templated":true}]}}