{"id":6170,"date":"2025-10-30T11:30:00","date_gmt":"2025-10-30T10:30:00","guid":{"rendered":"https:\/\/unaymilletras.com\/?p=6170"},"modified":"2025-10-29T23:17:50","modified_gmt":"2025-10-29T22:17:50","slug":"la-elite-espanola-del-freestyle-viaja-a-buenos-aires-para-celebrar-los-20-anos-de-red-bull-batalla","status":"publish","type":"post","link":"https:\/\/unaymilletras.com\/en\/la-elite-espanola-del-freestyle-viaja-a-buenos-aires-para-celebrar-los-20-anos-de-red-bull-batalla\/","title":{"rendered":"La \u00e9lite espa\u00f1ola del freestyle viaja a Buenos Aires para celebrar los 20 a\u00f1os de Red Bull Batalla"},"content":{"rendered":"<p><strong><em>El 29 de noviembre las grandes leyendas y promesas de los gallos del habla hispano protagonizaran el 20 aniversario de Red Bull Batalla<\/em><\/strong><\/p>\n\n\n\n<p>El pr\u00f3ximo <strong>s\u00e1bado 29 de noviembre<\/strong>, el recinto <strong>Tecn\u00f3polis de Buenos Aires<\/strong> acoger\u00e1 <strong>Red Bull Batalla: Nueva Historia<\/strong>, una edici\u00f3n especial que conmemora <strong>dos d\u00e9cadas de rimas, talento y evoluci\u00f3n<\/strong> del freestyle en espa\u00f1ol. <\/p>\n\n\n\n<p>El pa\u00eds que contar\u00e1 con mayor representaci\u00f3n es Espa\u00f1a, con hasta seis integrantes que conforman una selecci\u00f3n de batalleros cuyo legado en la franquicia es incuestionable. Los campeones internacionales Bnet, Arkano, Skone, Invert, Noult, adem\u00e1s, del \u00abmedio campe\u00f3n\u00bb del a\u00f1o anterior, Gazir, ofrecen distintos estilos que representan 20 a\u00f1os de improvisaci\u00f3n sobre el micr\u00f3fono y el legado de diferentes generaciones de MCs. A pesar de la ausencia de Chuty, bicampe\u00f3n internacional, el continente europeo acude a la cita con batalleros que no pod\u00edan faltar.<\/p>\n\n\n\n<h2 class=\"wp-block-heading\">Seis nombres para una misma historia<\/h2>\n\n\n\n<p>El m\u00e1s joven de los espa\u00f1oles, Gazir, pero con una trayectoria formidable acude a la cita en busca de escalar puestos y prestigio en un evento \u00fanico contra los mejores de todos los tiempos. Su momento de forma es el mejor de todos liderando la FMS Colombia y consagr\u00e1ndose como uno de los claros favoritos a llevarse este trofeo. Otro que llega con hambre es Bnet, que tras realizar su regreso en 2025 a las batallas y convertirse en bicampe\u00f3n nacional, tratar\u00e1 de ganar la competici\u00f3n haciendo lo que mejor sabe, freestyle. <\/p>\n\n\n\n<p>Desde Alicante regresa Arkano, que en la liga espa\u00f1ola se encuentra con pleno de victorias (Dani VK, Fabiuki, Mowlihawk y Bar\u00f3n) y l\u00edder, con m\u00e1s ganas que nunca y buscar\u00e1 demostrar porque es uno de los campeones m\u00e1s ic\u00f3nicos de la historia de Red Bull (2015), adem\u00e1s de plasmar sobre el escenario las razones por la que es una de las figuras m\u00e1s influyentes de este movimiento, que no ser\u00eda lo mismo sin Arkano. Algo parecido pasa con el eterno Skone. Su puesta en escena e ingenio no pod\u00eda faltar en esta cita, especialmente para un campe\u00f3n mundial que no pierde las ganas de batallar y demostrar\u00e1 su veteran\u00eda.<\/p>\n\n\n\n<p>En cuanto a los regresos m\u00e1s expectantes y retirados del circuito est\u00e1n Noult e Invert. Los campeones de 2009 y 2014, no sin pol\u00e9mica en dichas ediciones, querr\u00e1n demostrar porque son poseedores del t\u00edtulo de mejor gallo del mundo de sus respectivos a\u00f1os. Ser\u00e1 un choque apasionante de estos raperos con su estilo caracter\u00edstico de la vieja escuela, para enfrentarse a las nuevas corrientes con ideas frescas.<\/p>\n\n\n\n<h2 class=\"wp-block-heading\">Un aniversario legendario<\/h2>\n\n\n\n<p>El evento reunir\u00e1 en un mismo escenario a leyendas del freestyle hispano como <strong>Aczino, Rapder, Azuky y Hadrian<\/strong> (M\u00e9xico), <strong>Frescolate y Exe<\/strong> (Argentina), <strong>Fat N<\/strong> (Colombia) o <strong>Link One<\/strong> (Puerto Rico). Ser\u00e1 una cita que mirar\u00e1 hacia el pasado para rendir homenaje a los pioneros, pero con la vista puesta en el futuro del movimiento. Desde aquella primera final internacional celebrada en Puerto Rico en 2005, hasta esta gran reuni\u00f3n en Buenos Aires, Red Bull Batalla ha sido testigo de c\u00f3mo el freestyle se convirti\u00f3 en un fen\u00f3meno global. El evento podr\u00e1 seguirse en directo a trav\u00e9s de los canales oficiales y redes sociales de Red Bull Batalla, permitiendo a los fans vivir de cerca cada rima, cada punchline y cada momento hist\u00f3rico.<\/p>","protected":false},"excerpt":{"rendered":"<p>El 29 de noviembre las grandes leyendas y promesas de los gallos del habla hispano protagonizaran el 20 aniversario de Red Bull Batalla El pr\u00f3ximo s\u00e1bado 29 de noviembre, el recinto Tecn\u00f3polis de Buenos Aires acoger\u00e1 Red Bull Batalla: Nueva Historia, una edici\u00f3n especial que conmemora dos d\u00e9cadas de rimas, talento y evoluci\u00f3n del freestyle [&hellip;]<\/p>\n","protected":false},"author":10,"featured_media":6171,"comment_status":"closed","ping_status":"closed","sticky":false,"template":"","format":"standard","meta":{"footnotes":""},"categories":[1],"tags":[],"class_list":["post-6170","post","type-post","status-publish","format-standard","has-post-thumbnail","hentry","category-uncategorized"],"yoast_head":"<!-- This site is optimized with the Yoast SEO plugin v27.4 - https:\/\/yoast.com\/product\/yoast-seo-wordpress\/ -->\n<title>La \u00e9lite espa\u00f1ola del freestyle viaja a Buenos Aires para celebrar los 20 a\u00f1os de Red Bull Batalla &#8902; Una y Mil Letras<\/title>\n<meta name=\"description\" content=\"El 29 de noviembre las grandes leyendas y promesas de los gallos del habla hispano protagonizaran el 20 aniversario de Red Bull Batalla\" \/>\n<meta name=\"robots\" content=\"index, follow, max-snippet:-1, max-image-preview:large, max-video-preview:-1\" \/>\n<link rel=\"canonical\" href=\"https:\/\/unaymilletras.com\/en\/la-elite-espanola-del-freestyle-viaja-a-buenos-aires-para-celebrar-los-20-anos-de-red-bull-batalla\/\" \/>\n<meta property=\"og:locale\" content=\"en_GB\" \/>\n<meta property=\"og:type\" content=\"article\" \/>\n<meta property=\"og:title\" content=\"La \u00e9lite espa\u00f1ola del freestyle viaja a Buenos Aires para celebrar los 20 a\u00f1os de Red Bull Batalla &#8902; Una y Mil Letras\" \/>\n<meta property=\"og:description\" content=\"El 29 de noviembre las grandes leyendas y promesas de los gallos del habla hispano protagonizaran el 20 aniversario de Red Bull Batalla\" \/>\n<meta property=\"og:url\" content=\"https:\/\/unaymilletras.com\/en\/la-elite-espanola-del-freestyle-viaja-a-buenos-aires-para-celebrar-los-20-anos-de-red-bull-batalla\/\" \/>\n<meta property=\"og:site_name\" content=\"Una y Mil Letras\" \/>\n<meta property=\"article:published_time\" content=\"2025-10-30T10:30:00+00:00\" \/>\n<meta property=\"og:image\" content=\"https:\/\/unaymilletras.com\/wp-content\/uploads\/2025\/10\/gazir.jpeg\" \/>\n\t<meta property=\"og:image:width\" content=\"800\" \/>\n\t<meta property=\"og:image:height\" content=\"533\" \/>\n\t<meta property=\"og:image:type\" content=\"image\/jpeg\" \/>\n<meta name=\"author\" content=\"David Hern\u00e1ndez\" \/>\n<meta name=\"twitter:card\" content=\"summary_large_image\" \/>\n<meta name=\"twitter:creator\" content=\"@UnaYMilLetras\" \/>\n<meta name=\"twitter:site\" content=\"@UnaYMilLetras\" \/>\n<meta name=\"twitter:label1\" content=\"Written by\" \/>\n\t<meta name=\"twitter:data1\" content=\"David Hern\u00e1ndez\" \/>\n\t<meta name=\"twitter:label2\" content=\"Estimated reading time\" \/>\n\t<meta name=\"twitter:data2\" content=\"3 minutes\" \/>\n<script type=\"application\/ld+json\" class=\"yoast-schema-graph\">{\"@context\":\"https:\\\/\\\/schema.org\",\"@graph\":[{\"@type\":\"Article\",\"@id\":\"https:\\\/\\\/unaymilletras.com\\\/la-elite-espanola-del-freestyle-viaja-a-buenos-aires-para-celebrar-los-20-anos-de-red-bull-batalla\\\/#article\",\"isPartOf\":{\"@id\":\"https:\\\/\\\/unaymilletras.com\\\/la-elite-espanola-del-freestyle-viaja-a-buenos-aires-para-celebrar-los-20-anos-de-red-bull-batalla\\\/\"},\"author\":{\"name\":\"David Hern\u00e1ndez\",\"@id\":\"http:\\\/\\\/unaymilletras.com\\\/#\\\/schema\\\/person\\\/0c171c80bc49a58d7a8ed3394548370c\"},\"headline\":\"La \u00e9lite espa\u00f1ola del freestyle viaja a Buenos Aires para celebrar los 20 a\u00f1os de Red Bull Batalla\",\"datePublished\":\"2025-10-30T10:30:00+00:00\",\"mainEntityOfPage\":{\"@id\":\"https:\\\/\\\/unaymilletras.com\\\/la-elite-espanola-del-freestyle-viaja-a-buenos-aires-para-celebrar-los-20-anos-de-red-bull-batalla\\\/\"},\"wordCount\":600,\"publisher\":{\"@id\":\"http:\\\/\\\/unaymilletras.com\\\/#organization\"},\"image\":{\"@id\":\"https:\\\/\\\/unaymilletras.com\\\/la-elite-espanola-del-freestyle-viaja-a-buenos-aires-para-celebrar-los-20-anos-de-red-bull-batalla\\\/#primaryimage\"},\"thumbnailUrl\":\"https:\\\/\\\/unaymilletras.com\\\/wp-content\\\/uploads\\\/2025\\\/10\\\/gazir.jpeg\",\"articleSection\":[\"Uncategorized\"],\"inLanguage\":\"en-GB\"},{\"@type\":\"WebPage\",\"@id\":\"https:\\\/\\\/unaymilletras.com\\\/la-elite-espanola-del-freestyle-viaja-a-buenos-aires-para-celebrar-los-20-anos-de-red-bull-batalla\\\/\",\"url\":\"https:\\\/\\\/unaymilletras.com\\\/la-elite-espanola-del-freestyle-viaja-a-buenos-aires-para-celebrar-los-20-anos-de-red-bull-batalla\\\/\",\"name\":\"La \u00e9lite espa\u00f1ola del freestyle viaja a Buenos Aires para celebrar los 20 a\u00f1os de Red Bull Batalla &#8902; Una y Mil Letras\",\"isPartOf\":{\"@id\":\"http:\\\/\\\/unaymilletras.com\\\/#website\"},\"primaryImageOfPage\":{\"@id\":\"https:\\\/\\\/unaymilletras.com\\\/la-elite-espanola-del-freestyle-viaja-a-buenos-aires-para-celebrar-los-20-anos-de-red-bull-batalla\\\/#primaryimage\"},\"image\":{\"@id\":\"https:\\\/\\\/unaymilletras.com\\\/la-elite-espanola-del-freestyle-viaja-a-buenos-aires-para-celebrar-los-20-anos-de-red-bull-batalla\\\/#primaryimage\"},\"thumbnailUrl\":\"https:\\\/\\\/unaymilletras.com\\\/wp-content\\\/uploads\\\/2025\\\/10\\\/gazir.jpeg\",\"datePublished\":\"2025-10-30T10:30:00+00:00\",\"description\":\"El 29 de noviembre las grandes leyendas y promesas de los gallos del habla hispano protagonizaran el 20 aniversario de Red Bull Batalla\",\"breadcrumb\":{\"@id\":\"https:\\\/\\\/unaymilletras.com\\\/la-elite-espanola-del-freestyle-viaja-a-buenos-aires-para-celebrar-los-20-anos-de-red-bull-batalla\\\/#breadcrumb\"},\"inLanguage\":\"en-GB\",\"potentialAction\":[{\"@type\":\"ReadAction\",\"target\":[\"https:\\\/\\\/unaymilletras.com\\\/la-elite-espanola-del-freestyle-viaja-a-buenos-aires-para-celebrar-los-20-anos-de-red-bull-batalla\\\/\"]}]},{\"@type\":\"ImageObject\",\"inLanguage\":\"en-GB\",\"@id\":\"https:\\\/\\\/unaymilletras.com\\\/la-elite-espanola-del-freestyle-viaja-a-buenos-aires-para-celebrar-los-20-anos-de-red-bull-batalla\\\/#primaryimage\",\"url\":\"https:\\\/\\\/unaymilletras.com\\\/wp-content\\\/uploads\\\/2025\\\/10\\\/gazir.jpeg\",\"contentUrl\":\"https:\\\/\\\/unaymilletras.com\\\/wp-content\\\/uploads\\\/2025\\\/10\\\/gazir.jpeg\",\"width\":800,\"height\":533,\"caption\":\"Red Bull Batalla\"},{\"@type\":\"BreadcrumbList\",\"@id\":\"https:\\\/\\\/unaymilletras.com\\\/la-elite-espanola-del-freestyle-viaja-a-buenos-aires-para-celebrar-los-20-anos-de-red-bull-batalla\\\/#breadcrumb\",\"itemListElement\":[{\"@type\":\"ListItem\",\"position\":1,\"name\":\"Home\",\"item\":\"http:\\\/\\\/unaymilletras.com\\\/\"},{\"@type\":\"ListItem\",\"position\":2,\"name\":\"La \u00e9lite espa\u00f1ola del freestyle viaja a Buenos Aires para celebrar los 20 a\u00f1os de Red Bull Batalla\"}]},{\"@type\":\"WebSite\",\"@id\":\"http:\\\/\\\/unaymilletras.com\\\/#website\",\"url\":\"http:\\\/\\\/unaymilletras.com\\\/\",\"name\":\"Una y Mil Letras\",\"description\":\"\",\"publisher\":{\"@id\":\"http:\\\/\\\/unaymilletras.com\\\/#organization\"},\"potentialAction\":[{\"@type\":\"SearchAction\",\"target\":{\"@type\":\"EntryPoint\",\"urlTemplate\":\"http:\\\/\\\/unaymilletras.com\\\/?s={search_term_string}\"},\"query-input\":{\"@type\":\"PropertyValueSpecification\",\"valueRequired\":true,\"valueName\":\"search_term_string\"}}],\"inLanguage\":\"en-GB\"},{\"@type\":\"Organization\",\"@id\":\"http:\\\/\\\/unaymilletras.com\\\/#organization\",\"name\":\"Una y Mil Letras\",\"url\":\"http:\\\/\\\/unaymilletras.com\\\/\",\"logo\":{\"@type\":\"ImageObject\",\"inLanguage\":\"en-GB\",\"@id\":\"http:\\\/\\\/unaymilletras.com\\\/#\\\/schema\\\/logo\\\/image\\\/\",\"url\":\"https:\\\/\\\/unaymilletras.com\\\/wp-content\\\/uploads\\\/2024\\\/06\\\/cropped-Logo-removebg-preview.png\",\"contentUrl\":\"https:\\\/\\\/unaymilletras.com\\\/wp-content\\\/uploads\\\/2024\\\/06\\\/cropped-Logo-removebg-preview.png\",\"width\":512,\"height\":512,\"caption\":\"Una y Mil Letras\"},\"image\":{\"@id\":\"http:\\\/\\\/unaymilletras.com\\\/#\\\/schema\\\/logo\\\/image\\\/\"},\"sameAs\":[\"https:\\\/\\\/x.com\\\/UnaYMilLetras\",\"https:\\\/\\\/instagram.com\\\/UnaYMilLetras\"]},{\"@type\":\"Person\",\"@id\":\"http:\\\/\\\/unaymilletras.com\\\/#\\\/schema\\\/person\\\/0c171c80bc49a58d7a8ed3394548370c\",\"name\":\"David Hern\u00e1ndez\",\"image\":{\"@type\":\"ImageObject\",\"inLanguage\":\"en-GB\",\"@id\":\"https:\\\/\\\/secure.gravatar.com\\\/avatar\\\/86739d73874dcbc11e4278af33fb905704f5c29329727efb3b0e0bc838b0d469?s=96&d=mm&r=g\",\"url\":\"https:\\\/\\\/secure.gravatar.com\\\/avatar\\\/86739d73874dcbc11e4278af33fb905704f5c29329727efb3b0e0bc838b0d469?s=96&d=mm&r=g\",\"contentUrl\":\"https:\\\/\\\/secure.gravatar.com\\\/avatar\\\/86739d73874dcbc11e4278af33fb905704f5c29329727efb3b0e0bc838b0d469?s=96&d=mm&r=g\",\"caption\":\"David Hern\u00e1ndez\"},\"url\":\"https:\\\/\\\/unaymilletras.com\\\/en\\\/author\\\/davidesel\\\/\"}]}<\/script>\n<!-- \/ Yoast SEO plugin. -->","yoast_head_json":{"title":"La \u00e9lite espa\u00f1ola del freestyle viaja a Buenos Aires para celebrar los 20 a\u00f1os de Red Bull Batalla &#8902; Una y Mil Letras","description":"El 29 de noviembre las grandes leyendas y promesas de los gallos del habla hispano protagonizaran el 20 aniversario de Red Bull Batalla","robots":{"index":"index","follow":"follow","max-snippet":"max-snippet:-1","max-image-preview":"max-image-preview:large","max-video-preview":"max-video-preview:-1"},"canonical":"https:\/\/unaymilletras.com\/en\/la-elite-espanola-del-freestyle-viaja-a-buenos-aires-para-celebrar-los-20-anos-de-red-bull-batalla\/","og_locale":"en_GB","og_type":"article","og_title":"La \u00e9lite espa\u00f1ola del freestyle viaja a Buenos Aires para celebrar los 20 a\u00f1os de Red Bull Batalla &#8902; Una y Mil Letras","og_description":"El 29 de noviembre las grandes leyendas y promesas de los gallos del habla hispano protagonizaran el 20 aniversario de Red Bull Batalla","og_url":"https:\/\/unaymilletras.com\/en\/la-elite-espanola-del-freestyle-viaja-a-buenos-aires-para-celebrar-los-20-anos-de-red-bull-batalla\/","og_site_name":"Una y Mil Letras","article_published_time":"2025-10-30T10:30:00+00:00","og_image":[{"width":800,"height":533,"url":"https:\/\/unaymilletras.com\/wp-content\/uploads\/2025\/10\/gazir.jpeg","type":"image\/jpeg"}],"author":"David Hern\u00e1ndez","twitter_card":"summary_large_image","twitter_creator":"@UnaYMilLetras","twitter_site":"@UnaYMilLetras","twitter_misc":{"Written by":"David Hern\u00e1ndez","Estimated reading time":"3 minutes"},"schema":{"@context":"https:\/\/schema.org","@graph":[{"@type":"Article","@id":"https:\/\/unaymilletras.com\/la-elite-espanola-del-freestyle-viaja-a-buenos-aires-para-celebrar-los-20-anos-de-red-bull-batalla\/#article","isPartOf":{"@id":"https:\/\/unaymilletras.com\/la-elite-espanola-del-freestyle-viaja-a-buenos-aires-para-celebrar-los-20-anos-de-red-bull-batalla\/"},"author":{"name":"David Hern\u00e1ndez","@id":"http:\/\/unaymilletras.com\/#\/schema\/person\/0c171c80bc49a58d7a8ed3394548370c"},"headline":"La \u00e9lite espa\u00f1ola del freestyle viaja a Buenos Aires para celebrar los 20 a\u00f1os de Red Bull Batalla","datePublished":"2025-10-30T10:30:00+00:00","mainEntityOfPage":{"@id":"https:\/\/unaymilletras.com\/la-elite-espanola-del-freestyle-viaja-a-buenos-aires-para-celebrar-los-20-anos-de-red-bull-batalla\/"},"wordCount":600,"publisher":{"@id":"http:\/\/unaymilletras.com\/#organization"},"image":{"@id":"https:\/\/unaymilletras.com\/la-elite-espanola-del-freestyle-viaja-a-buenos-aires-para-celebrar-los-20-anos-de-red-bull-batalla\/#primaryimage"},"thumbnailUrl":"https:\/\/unaymilletras.com\/wp-content\/uploads\/2025\/10\/gazir.jpeg","articleSection":["Uncategorized"],"inLanguage":"en-GB"},{"@type":"WebPage","@id":"https:\/\/unaymilletras.com\/la-elite-espanola-del-freestyle-viaja-a-buenos-aires-para-celebrar-los-20-anos-de-red-bull-batalla\/","url":"https:\/\/unaymilletras.com\/la-elite-espanola-del-freestyle-viaja-a-buenos-aires-para-celebrar-los-20-anos-de-red-bull-batalla\/","name":"La \u00e9lite espa\u00f1ola del freestyle viaja a Buenos Aires para celebrar los 20 a\u00f1os de Red Bull Batalla &#8902; Una y Mil Letras","isPartOf":{"@id":"http:\/\/unaymilletras.com\/#website"},"primaryImageOfPage":{"@id":"https:\/\/unaymilletras.com\/la-elite-espanola-del-freestyle-viaja-a-buenos-aires-para-celebrar-los-20-anos-de-red-bull-batalla\/#primaryimage"},"image":{"@id":"https:\/\/unaymilletras.com\/la-elite-espanola-del-freestyle-viaja-a-buenos-aires-para-celebrar-los-20-anos-de-red-bull-batalla\/#primaryimage"},"thumbnailUrl":"https:\/\/unaymilletras.com\/wp-content\/uploads\/2025\/10\/gazir.jpeg","datePublished":"2025-10-30T10:30:00+00:00","description":"El 29 de noviembre las grandes leyendas y promesas de los gallos del habla hispano protagonizaran el 20 aniversario de Red Bull Batalla","breadcrumb":{"@id":"https:\/\/unaymilletras.com\/la-elite-espanola-del-freestyle-viaja-a-buenos-aires-para-celebrar-los-20-anos-de-red-bull-batalla\/#breadcrumb"},"inLanguage":"en-GB","potentialAction":[{"@type":"ReadAction","target":["https:\/\/unaymilletras.com\/la-elite-espanola-del-freestyle-viaja-a-buenos-aires-para-celebrar-los-20-anos-de-red-bull-batalla\/"]}]},{"@type":"ImageObject","inLanguage":"en-GB","@id":"https:\/\/unaymilletras.com\/la-elite-espanola-del-freestyle-viaja-a-buenos-aires-para-celebrar-los-20-anos-de-red-bull-batalla\/#primaryimage","url":"https:\/\/unaymilletras.com\/wp-content\/uploads\/2025\/10\/gazir.jpeg","contentUrl":"https:\/\/unaymilletras.com\/wp-content\/uploads\/2025\/10\/gazir.jpeg","width":800,"height":533,"caption":"Red Bull Batalla"},{"@type":"BreadcrumbList","@id":"https:\/\/unaymilletras.com\/la-elite-espanola-del-freestyle-viaja-a-buenos-aires-para-celebrar-los-20-anos-de-red-bull-batalla\/#breadcrumb","itemListElement":[{"@type":"ListItem","position":1,"name":"Home","item":"http:\/\/unaymilletras.com\/"},{"@type":"ListItem","position":2,"name":"La \u00e9lite espa\u00f1ola del freestyle viaja a Buenos Aires para celebrar los 20 a\u00f1os de Red Bull Batalla"}]},{"@type":"WebSite","@id":"http:\/\/unaymilletras.com\/#website","url":"http:\/\/unaymilletras.com\/","name":"Una y Mil Letras","description":"","publisher":{"@id":"http:\/\/unaymilletras.com\/#organization"},"potentialAction":[{"@type":"SearchAction","target":{"@type":"EntryPoint","urlTemplate":"http:\/\/unaymilletras.com\/?s={search_term_string}"},"query-input":{"@type":"PropertyValueSpecification","valueRequired":true,"valueName":"search_term_string"}}],"inLanguage":"en-GB"},{"@type":"Organization","@id":"http:\/\/unaymilletras.com\/#organization","name":"Una y Mil Letras","url":"http:\/\/unaymilletras.com\/","logo":{"@type":"ImageObject","inLanguage":"en-GB","@id":"http:\/\/unaymilletras.com\/#\/schema\/logo\/image\/","url":"https:\/\/unaymilletras.com\/wp-content\/uploads\/2024\/06\/cropped-Logo-removebg-preview.png","contentUrl":"https:\/\/unaymilletras.com\/wp-content\/uploads\/2024\/06\/cropped-Logo-removebg-preview.png","width":512,"height":512,"caption":"Una y Mil Letras"},"image":{"@id":"http:\/\/unaymilletras.com\/#\/schema\/logo\/image\/"},"sameAs":["https:\/\/x.com\/UnaYMilLetras","https:\/\/instagram.com\/UnaYMilLetras"]},{"@type":"Person","@id":"http:\/\/unaymilletras.com\/#\/schema\/person\/0c171c80bc49a58d7a8ed3394548370c","name":"David Hern\u00e1ndez","image":{"@type":"ImageObject","inLanguage":"en-GB","@id":"https:\/\/secure.gravatar.com\/avatar\/86739d73874dcbc11e4278af33fb905704f5c29329727efb3b0e0bc838b0d469?s=96&d=mm&r=g","url":"https:\/\/secure.gravatar.com\/avatar\/86739d73874dcbc11e4278af33fb905704f5c29329727efb3b0e0bc838b0d469?s=96&d=mm&r=g","contentUrl":"https:\/\/secure.gravatar.com\/avatar\/86739d73874dcbc11e4278af33fb905704f5c29329727efb3b0e0bc838b0d469?s=96&d=mm&r=g","caption":"David Hern\u00e1ndez"},"url":"https:\/\/unaymilletras.com\/en\/author\/davidesel\/"}]}},"_links":{"self":[{"href":"https:\/\/unaymilletras.com\/en\/wp-json\/wp\/v2\/posts\/6170","targetHints":{"allow":["GET"]}}],"collection":[{"href":"https:\/\/unaymilletras.com\/en\/wp-json\/wp\/v2\/posts"}],"about":[{"href":"https:\/\/unaymilletras.com\/en\/wp-json\/wp\/v2\/types\/post"}],"author":[{"embeddable":true,"href":"https:\/\/unaymilletras.com\/en\/wp-json\/wp\/v2\/users\/10"}],"replies":[{"embeddable":true,"href":"https:\/\/unaymilletras.com\/en\/wp-json\/wp\/v2\/comments?post=6170"}],"version-history":[{"count":2,"href":"https:\/\/unaymilletras.com\/en\/wp-json\/wp\/v2\/posts\/6170\/revisions"}],"predecessor-version":[{"id":6173,"href":"https:\/\/unaymilletras.com\/en\/wp-json\/wp\/v2\/posts\/6170\/revisions\/6173"}],"wp:featuredmedia":[{"embeddable":true,"href":"https:\/\/unaymilletras.com\/en\/wp-json\/wp\/v2\/media\/6171"}],"wp:attachment":[{"href":"https:\/\/unaymilletras.com\/en\/wp-json\/wp\/v2\/media?parent=6170"}],"wp:term":[{"taxonomy":"category","embeddable":true,"href":"https:\/\/unaymilletras.com\/en\/wp-json\/wp\/v2\/categories?post=6170"},{"taxonomy":"post_tag","embeddable":true,"href":"https:\/\/unaymilletras.com\/en\/wp-json\/wp\/v2\/tags?post=6170"}],"curies":[{"name":"wp","href":"https:\/\/api.w.org\/{rel}","templated":true}]}}