{"id":6218,"date":"2025-11-04T17:54:06","date_gmt":"2025-11-04T16:54:06","guid":{"rendered":"https:\/\/unaymilletras.com\/?p=6218"},"modified":"2025-11-04T17:54:54","modified_gmt":"2025-11-04T16:54:54","slug":"brandon-parasole-reconquista-su-etapa-artistica-con-segundo-intento","status":"publish","type":"post","link":"https:\/\/unaymilletras.com\/en\/brandon-parasole-reconquista-su-etapa-artistica-con-segundo-intento\/","title":{"rendered":"Brandon Parasole reconquista su etapa art\u00edstica con Segundo Intento"},"content":{"rendered":"<div data-elementor-type=\"wp-post\" data-elementor-id=\"6218\" class=\"elementor elementor-6218\">\n\t\t\t\t\t\t<section class=\"elementor-section elementor-top-section elementor-element elementor-element-f4ae36d elementor-section-boxed elementor-section-height-default elementor-section-height-default\" data-id=\"f4ae36d\" data-element_type=\"section\" data-e-type=\"section\">\n\t\t\t\t\t\t<div class=\"elementor-container elementor-column-gap-default\">\n\t\t\t\t\t<div class=\"elementor-column elementor-col-100 elementor-top-column elementor-element elementor-element-bbf6aa7\" data-id=\"bbf6aa7\" data-element_type=\"column\" data-e-type=\"column\">\n\t\t\t<div class=\"elementor-widget-wrap elementor-element-populated\">\n\t\t\t\t\t\t<div class=\"elementor-element elementor-element-2b32c81 elementor-widget elementor-widget-text-editor\" data-id=\"2b32c81\" data-element_type=\"widget\" data-e-type=\"widget\" data-widget_type=\"text-editor.default\">\n\t\t\t\t<div class=\"elementor-widget-container\">\n\t\t\t\t\t\t\t\t\t<h2 style=\"text-align: center;\"><span style=\"color: #808080;\"><em>El artista italo-canario Brandon Parasole presenta su nuevo single, una propuesta fresca y honesta que marca el inicio de una nueva etapa<\/em><\/span><\/h2>\t\t\t\t\t\t\t\t<\/div>\n\t\t\t\t<\/div>\n\t\t\t\t\t<\/div>\n\t\t<\/div>\n\t\t\t\t\t<\/div>\n\t\t<\/section>\n\t\t\t\t<section class=\"elementor-section elementor-top-section elementor-element elementor-element-8e9ba41 elementor-section-boxed elementor-section-height-default elementor-section-height-default\" data-id=\"8e9ba41\" data-element_type=\"section\" data-e-type=\"section\">\n\t\t\t\t\t\t<div class=\"elementor-container elementor-column-gap-default\">\n\t\t\t\t\t<div class=\"elementor-column elementor-col-100 elementor-top-column elementor-element elementor-element-80705a5\" data-id=\"80705a5\" data-element_type=\"column\" data-e-type=\"column\">\n\t\t\t<div class=\"elementor-widget-wrap elementor-element-populated\">\n\t\t\t\t\t\t<div class=\"elementor-element elementor-element-aa888f9 elementor-widget elementor-widget-text-editor\" data-id=\"aa888f9\" data-element_type=\"widget\" data-e-type=\"widget\" data-widget_type=\"text-editor.default\">\n\t\t\t\t<div class=\"elementor-widget-container\">\n\t\t\t\t\t\t\t\t\t<p data-start=\"417\" data-end=\"891\">Brandon Parasole, artista italo-canario nacido en Lanzarote, vuelve a poner el foco en su faceta musical con el lanzamiento de <em data-start=\"544\" data-end=\"561\">Segundo Intento<\/em>, disponible desde el 15 de octubre de 2025. El tema, con una producci\u00f3n moderna y un sonido pop urbano, supone un punto de inflexi\u00f3n en su carrera, reflejando una etapa m\u00e1s madura y emocional. \u201cHabla de las segundas oportunidades, de apostar por uno mismo despu\u00e9s de caer, y de aprender a empezar de nuevo\u201d, explica el artista.<\/p><p data-start=\"893\" data-end=\"1385\">Su v\u00ednculo con la m\u00fasica viene de lejos. Con apenas tres a\u00f1os, Brandon se subi\u00f3 por primera vez a un escenario junto al grupo de su padre y sus t\u00edos, y a los doce ya participaba en musicales en su isla natal. En 2021 public\u00f3 su primer single, <em data-start=\"1136\" data-end=\"1149\">La Historia<\/em>, elegido por Radio 3 para el concierto del 50\u00ba aniversario de la Facultad de Ciencias de la Informaci\u00f3n, y desde entonces ha ido consolidando una trayectoria marcada por la versatilidad y la b\u00fasqueda constante de identidad art\u00edstica.<\/p>\t\t\t\t\t\t\t\t<\/div>\n\t\t\t\t<\/div>\n\t\t\t\t\t<\/div>\n\t\t<\/div>\n\t\t\t\t\t<\/div>\n\t\t<\/section>\n\t\t\t\t<section class=\"elementor-section elementor-top-section elementor-element elementor-element-1500119 elementor-section-boxed elementor-section-height-default elementor-section-height-default\" data-id=\"1500119\" data-element_type=\"section\" data-e-type=\"section\">\n\t\t\t\t\t\t<div class=\"elementor-container elementor-column-gap-default\">\n\t\t\t\t\t<div class=\"elementor-column elementor-col-50 elementor-top-column elementor-element elementor-element-75f5d17\" data-id=\"75f5d17\" data-element_type=\"column\" data-e-type=\"column\">\n\t\t\t<div class=\"elementor-widget-wrap elementor-element-populated\">\n\t\t\t\t\t\t<div class=\"elementor-element elementor-element-1a5651c elementor-widget elementor-widget-image\" data-id=\"1a5651c\" data-element_type=\"widget\" data-e-type=\"widget\" data-widget_type=\"image.default\">\n\t\t\t\t<div class=\"elementor-widget-container\">\n\t\t\t\t\t\t\t\t\t\t\t\t\t\t\t<img fetchpriority=\"high\" decoding=\"async\" width=\"640\" height=\"944\" src=\"https:\/\/unaymilletras.com\/wp-content\/uploads\/2025\/11\/DSC07138-694x1024.jpg\" class=\"attachment-large size-large wp-image-6232\" alt=\"Brandon Parasole\" srcset=\"https:\/\/unaymilletras.com\/wp-content\/uploads\/2025\/11\/DSC07138-694x1024.jpg 694w, https:\/\/unaymilletras.com\/wp-content\/uploads\/2025\/11\/DSC07138-203x300.jpg 203w, https:\/\/unaymilletras.com\/wp-content\/uploads\/2025\/11\/DSC07138-768x1133.jpg 768w, https:\/\/unaymilletras.com\/wp-content\/uploads\/2025\/11\/DSC07138-1041x1536.jpg 1041w, https:\/\/unaymilletras.com\/wp-content\/uploads\/2025\/11\/DSC07138-1388x2048.jpg 1388w, https:\/\/unaymilletras.com\/wp-content\/uploads\/2025\/11\/DSC07138-8x12.jpg 8w, https:\/\/unaymilletras.com\/wp-content\/uploads\/2025\/11\/DSC07138-1024x1511.jpg 1024w, https:\/\/unaymilletras.com\/wp-content\/uploads\/2025\/11\/DSC07138-scaled-e1762275281639.jpg 600w\" sizes=\"(max-width: 640px) 100vw, 640px\" \/>\t\t\t\t\t\t\t\t\t\t\t\t\t\t\t<\/div>\n\t\t\t\t<\/div>\n\t\t\t\t\t<\/div>\n\t\t<\/div>\n\t\t\t\t<div class=\"elementor-column elementor-col-50 elementor-top-column elementor-element elementor-element-044381a\" data-id=\"044381a\" data-element_type=\"column\" data-e-type=\"column\">\n\t\t\t<div class=\"elementor-widget-wrap elementor-element-populated\">\n\t\t\t\t\t\t<div class=\"elementor-element elementor-element-d8729b3 elementor-widget elementor-widget-text-editor\" data-id=\"d8729b3\" data-element_type=\"widget\" data-e-type=\"widget\" data-widget_type=\"text-editor.default\">\n\t\t\t\t<div class=\"elementor-widget-container\">\n\t\t\t\t\t\t\t\t\t<p data-start=\"1387\" data-end=\"1789\">Adem\u00e1s de su carrera musical, Brandon ha desarrollado un camino s\u00f3lido en la interpretaci\u00f3n y la moda. Form\u00f3 parte de la pel\u00edcula <em data-start=\"1517\" data-end=\"1528\">Culpa M\u00eda<\/em>, apareci\u00f3 en <em data-start=\"1556\" data-end=\"1567\">Matusal\u00e9n<\/em>&nbsp;y protagoniz\u00f3 el videoclip <em data-start=\"1630\" data-end=\"1642\">Legendaria<\/em>, de MYA junto a Cali y El Dandee. Tambi\u00e9n ha trabajado como modelo, destacando su colaboraci\u00f3n junto a Karim Benzema para la Riyadh Season 2022.<\/p>\n<p data-start=\"1791\" data-end=\"2261\">En 2023 fue semifinalista de <em data-start=\"1820\" data-end=\"1845\">Una Voce Per San Marino<\/em>, la preselecci\u00f3n italiana para Eurovisi\u00f3n, y ese mismo a\u00f1o lanz\u00f3 <em data-start=\"1911\" data-end=\"1924\">Te esperar\u00e9<\/em> junto a D\u00edmelo Sam, su tema m\u00e1s exitoso hasta la fecha. Actualmente, compagina su carrera art\u00edstica con su trabajo como m\u00fasico, cantante y sampler en <em data-start=\"2075\" data-end=\"2102\">El Chiringuito de Jugones<\/em>, el popular programa deportivo presentado por Josep Pedrerol, donde su talento y carisma lo han convertido en una de las caras m\u00e1s reconocibles del formato.<\/p>\t\t\t\t\t\t\t\t<\/div>\n\t\t\t\t<\/div>\n\t\t\t\t\t<\/div>\n\t\t<\/div>\n\t\t\t\t\t<\/div>\n\t\t<\/section>\n\t\t\t\t<section class=\"elementor-section elementor-top-section elementor-element elementor-element-df10aae elementor-section-boxed elementor-section-height-default elementor-section-height-default\" data-id=\"df10aae\" data-element_type=\"section\" data-e-type=\"section\">\n\t\t\t\t\t\t<div class=\"elementor-container elementor-column-gap-default\">\n\t\t\t\t\t<div class=\"elementor-column elementor-col-100 elementor-top-column elementor-element elementor-element-267e2ef\" data-id=\"267e2ef\" data-element_type=\"column\" data-e-type=\"column\">\n\t\t\t<div class=\"elementor-widget-wrap elementor-element-populated\">\n\t\t\t\t\t\t<div class=\"elementor-element elementor-element-b526659 elementor-widget elementor-widget-text-editor\" data-id=\"b526659\" data-element_type=\"widget\" data-e-type=\"widget\" data-widget_type=\"text-editor.default\">\n\t\t\t\t<div class=\"elementor-widget-container\">\n\t\t\t\t\t\t\t\t\t<p data-start=\"2263\" data-end=\"2540\">Con <em data-start=\"2267\" data-end=\"2284\">Segundo Intento<\/em>, Brandon Parasole inicia una nueva etapa que combina su experiencia y madurez con una mirada fresca hacia el futuro. Su regreso no solo reafirma su pasi\u00f3n por la m\u00fasica, sino tambi\u00e9n su capacidad para reinventarse y seguir creando desde la autenticidad.<\/p>\t\t\t\t\t\t\t\t<\/div>\n\t\t\t\t<\/div>\n\t\t\t\t\t<\/div>\n\t\t<\/div>\n\t\t\t\t\t<\/div>\n\t\t<\/section>\n\t\t\t\t<\/div>","protected":false},"excerpt":{"rendered":"<p>El artista italo-canario Brandon Parasole presenta su nuevo single, una propuesta fresca y honesta que marca el inicio de una nueva etapa Brandon Parasole, artista italo-canario nacido en Lanzarote, vuelve a poner el foco en su faceta musical con el lanzamiento de Segundo Intento, disponible desde el 15 de octubre de 2025. El tema, con [&hellip;]<\/p>\n","protected":false},"author":6,"featured_media":6232,"comment_status":"closed","ping_status":"closed","sticky":false,"template":"","format":"standard","meta":{"footnotes":""},"categories":[4],"tags":[],"class_list":["post-6218","post","type-post","status-publish","format-standard","has-post-thumbnail","hentry","category-musica"],"yoast_head":"<!-- This site is optimized with the Yoast SEO plugin v27.4 - https:\/\/yoast.com\/product\/yoast-seo-wordpress\/ -->\n<title>Brandon Parasole reconquista su etapa art\u00edstica con Segundo Intento<\/title>\n<meta name=\"description\" content=\"El artista italo-canario Brandon Parasole presenta su nuevo single, una propuesta fresca y honesta que marca el inicio de una nueva etapa.\" \/>\n<meta name=\"robots\" content=\"index, follow, max-snippet:-1, max-image-preview:large, max-video-preview:-1\" \/>\n<link rel=\"canonical\" href=\"https:\/\/unaymilletras.com\/en\/brandon-parasole-reconquista-su-etapa-artistica-con-segundo-intento\/\" \/>\n<meta property=\"og:locale\" content=\"en_GB\" \/>\n<meta property=\"og:type\" content=\"article\" \/>\n<meta property=\"og:title\" content=\"Brandon Parasole reconquista su etapa art\u00edstica con Segundo Intento\" \/>\n<meta property=\"og:description\" content=\"El artista italo-canario Brandon Parasole presenta su nuevo single, una propuesta fresca y honesta que marca el inicio de una nueva etapa.\" \/>\n<meta property=\"og:url\" content=\"https:\/\/unaymilletras.com\/en\/brandon-parasole-reconquista-su-etapa-artistica-con-segundo-intento\/\" \/>\n<meta property=\"og:site_name\" content=\"Una y Mil Letras\" \/>\n<meta property=\"article:published_time\" content=\"2025-11-04T16:54:06+00:00\" \/>\n<meta property=\"article:modified_time\" content=\"2025-11-04T16:54:54+00:00\" \/>\n<meta property=\"og:image\" content=\"http:\/\/unaymilletras.com\/wp-content\/uploads\/2025\/11\/DSC07138-scaled-e1762275281639.jpg\" \/>\n\t<meta property=\"og:image:width\" content=\"600\" \/>\n\t<meta property=\"og:image:height\" content=\"885\" \/>\n\t<meta property=\"og:image:type\" content=\"image\/jpeg\" \/>\n<meta name=\"author\" content=\"Redacci\u00f3n\" \/>\n<meta name=\"twitter:card\" content=\"summary_large_image\" \/>\n<meta name=\"twitter:creator\" content=\"@UnaYMilLetras\" \/>\n<meta name=\"twitter:site\" content=\"@UnaYMilLetras\" \/>\n<meta name=\"twitter:label1\" content=\"Written by\" \/>\n\t<meta name=\"twitter:data1\" content=\"Redacci\u00f3n\" \/>\n\t<meta name=\"twitter:label2\" content=\"Estimated reading time\" \/>\n\t<meta name=\"twitter:data2\" content=\"2 minutes\" \/>\n<script type=\"application\/ld+json\" class=\"yoast-schema-graph\">{\"@context\":\"https:\\\/\\\/schema.org\",\"@graph\":[{\"@type\":\"Article\",\"@id\":\"https:\\\/\\\/unaymilletras.com\\\/brandon-parasole-reconquista-su-etapa-artistica-con-segundo-intento\\\/#article\",\"isPartOf\":{\"@id\":\"https:\\\/\\\/unaymilletras.com\\\/brandon-parasole-reconquista-su-etapa-artistica-con-segundo-intento\\\/\"},\"author\":{\"name\":\"Redacci\u00f3n\",\"@id\":\"http:\\\/\\\/unaymilletras.com\\\/#\\\/schema\\\/person\\\/0860dc8a218329991ee2c7591f4f849d\"},\"headline\":\"Brandon Parasole reconquista su etapa art\u00edstica con Segundo Intento\",\"datePublished\":\"2025-11-04T16:54:06+00:00\",\"dateModified\":\"2025-11-04T16:54:54+00:00\",\"mainEntityOfPage\":{\"@id\":\"https:\\\/\\\/unaymilletras.com\\\/brandon-parasole-reconquista-su-etapa-artistica-con-segundo-intento\\\/\"},\"wordCount\":399,\"publisher\":{\"@id\":\"http:\\\/\\\/unaymilletras.com\\\/#organization\"},\"image\":{\"@id\":\"https:\\\/\\\/unaymilletras.com\\\/brandon-parasole-reconquista-su-etapa-artistica-con-segundo-intento\\\/#primaryimage\"},\"thumbnailUrl\":\"https:\\\/\\\/unaymilletras.com\\\/wp-content\\\/uploads\\\/2025\\\/11\\\/DSC07138-scaled-e1762275281639.jpg\",\"articleSection\":[\"M\u00fasica\"],\"inLanguage\":\"en-GB\"},{\"@type\":\"WebPage\",\"@id\":\"https:\\\/\\\/unaymilletras.com\\\/brandon-parasole-reconquista-su-etapa-artistica-con-segundo-intento\\\/\",\"url\":\"https:\\\/\\\/unaymilletras.com\\\/brandon-parasole-reconquista-su-etapa-artistica-con-segundo-intento\\\/\",\"name\":\"Brandon Parasole reconquista su etapa art\u00edstica con Segundo Intento\",\"isPartOf\":{\"@id\":\"http:\\\/\\\/unaymilletras.com\\\/#website\"},\"primaryImageOfPage\":{\"@id\":\"https:\\\/\\\/unaymilletras.com\\\/brandon-parasole-reconquista-su-etapa-artistica-con-segundo-intento\\\/#primaryimage\"},\"image\":{\"@id\":\"https:\\\/\\\/unaymilletras.com\\\/brandon-parasole-reconquista-su-etapa-artistica-con-segundo-intento\\\/#primaryimage\"},\"thumbnailUrl\":\"https:\\\/\\\/unaymilletras.com\\\/wp-content\\\/uploads\\\/2025\\\/11\\\/DSC07138-scaled-e1762275281639.jpg\",\"datePublished\":\"2025-11-04T16:54:06+00:00\",\"dateModified\":\"2025-11-04T16:54:54+00:00\",\"description\":\"El artista italo-canario Brandon Parasole presenta su nuevo single, una propuesta fresca y honesta que marca el inicio de una nueva etapa.\",\"breadcrumb\":{\"@id\":\"https:\\\/\\\/unaymilletras.com\\\/brandon-parasole-reconquista-su-etapa-artistica-con-segundo-intento\\\/#breadcrumb\"},\"inLanguage\":\"en-GB\",\"potentialAction\":[{\"@type\":\"ReadAction\",\"target\":[\"https:\\\/\\\/unaymilletras.com\\\/brandon-parasole-reconquista-su-etapa-artistica-con-segundo-intento\\\/\"]}]},{\"@type\":\"ImageObject\",\"inLanguage\":\"en-GB\",\"@id\":\"https:\\\/\\\/unaymilletras.com\\\/brandon-parasole-reconquista-su-etapa-artistica-con-segundo-intento\\\/#primaryimage\",\"url\":\"https:\\\/\\\/unaymilletras.com\\\/wp-content\\\/uploads\\\/2025\\\/11\\\/DSC07138-scaled-e1762275281639.jpg\",\"contentUrl\":\"https:\\\/\\\/unaymilletras.com\\\/wp-content\\\/uploads\\\/2025\\\/11\\\/DSC07138-scaled-e1762275281639.jpg\",\"width\":600,\"height\":885,\"caption\":\"Brandon Parasole\"},{\"@type\":\"BreadcrumbList\",\"@id\":\"https:\\\/\\\/unaymilletras.com\\\/brandon-parasole-reconquista-su-etapa-artistica-con-segundo-intento\\\/#breadcrumb\",\"itemListElement\":[{\"@type\":\"ListItem\",\"position\":1,\"name\":\"Home\",\"item\":\"http:\\\/\\\/unaymilletras.com\\\/\"},{\"@type\":\"ListItem\",\"position\":2,\"name\":\"Brandon Parasole reconquista su etapa art\u00edstica con Segundo Intento\"}]},{\"@type\":\"WebSite\",\"@id\":\"http:\\\/\\\/unaymilletras.com\\\/#website\",\"url\":\"http:\\\/\\\/unaymilletras.com\\\/\",\"name\":\"Una y Mil Letras\",\"description\":\"\",\"publisher\":{\"@id\":\"http:\\\/\\\/unaymilletras.com\\\/#organization\"},\"potentialAction\":[{\"@type\":\"SearchAction\",\"target\":{\"@type\":\"EntryPoint\",\"urlTemplate\":\"http:\\\/\\\/unaymilletras.com\\\/?s={search_term_string}\"},\"query-input\":{\"@type\":\"PropertyValueSpecification\",\"valueRequired\":true,\"valueName\":\"search_term_string\"}}],\"inLanguage\":\"en-GB\"},{\"@type\":\"Organization\",\"@id\":\"http:\\\/\\\/unaymilletras.com\\\/#organization\",\"name\":\"Una y Mil Letras\",\"url\":\"http:\\\/\\\/unaymilletras.com\\\/\",\"logo\":{\"@type\":\"ImageObject\",\"inLanguage\":\"en-GB\",\"@id\":\"http:\\\/\\\/unaymilletras.com\\\/#\\\/schema\\\/logo\\\/image\\\/\",\"url\":\"https:\\\/\\\/unaymilletras.com\\\/wp-content\\\/uploads\\\/2024\\\/06\\\/cropped-Logo-removebg-preview.png\",\"contentUrl\":\"https:\\\/\\\/unaymilletras.com\\\/wp-content\\\/uploads\\\/2024\\\/06\\\/cropped-Logo-removebg-preview.png\",\"width\":512,\"height\":512,\"caption\":\"Una y Mil Letras\"},\"image\":{\"@id\":\"http:\\\/\\\/unaymilletras.com\\\/#\\\/schema\\\/logo\\\/image\\\/\"},\"sameAs\":[\"https:\\\/\\\/x.com\\\/UnaYMilLetras\",\"https:\\\/\\\/instagram.com\\\/UnaYMilLetras\"]},{\"@type\":\"Person\",\"@id\":\"http:\\\/\\\/unaymilletras.com\\\/#\\\/schema\\\/person\\\/0860dc8a218329991ee2c7591f4f849d\",\"name\":\"Redacci\u00f3n\",\"image\":{\"@type\":\"ImageObject\",\"inLanguage\":\"en-GB\",\"@id\":\"https:\\\/\\\/secure.gravatar.com\\\/avatar\\\/d8f55e05a8b6597e45c55a1dcbdbfe44f4a360d88b48e00de5216a79b7732796?s=96&d=mm&r=g\",\"url\":\"https:\\\/\\\/secure.gravatar.com\\\/avatar\\\/d8f55e05a8b6597e45c55a1dcbdbfe44f4a360d88b48e00de5216a79b7732796?s=96&d=mm&r=g\",\"contentUrl\":\"https:\\\/\\\/secure.gravatar.com\\\/avatar\\\/d8f55e05a8b6597e45c55a1dcbdbfe44f4a360d88b48e00de5216a79b7732796?s=96&d=mm&r=g\",\"caption\":\"Redacci\u00f3n\"},\"url\":\"https:\\\/\\\/unaymilletras.com\\\/en\\\/author\\\/redaccion\\\/\"}]}<\/script>\n<!-- \/ Yoast SEO plugin. -->","yoast_head_json":{"title":"Brandon Parasole reconquista su etapa art\u00edstica con Segundo Intento","description":"El artista italo-canario Brandon Parasole presenta su nuevo single, una propuesta fresca y honesta que marca el inicio de una nueva etapa.","robots":{"index":"index","follow":"follow","max-snippet":"max-snippet:-1","max-image-preview":"max-image-preview:large","max-video-preview":"max-video-preview:-1"},"canonical":"https:\/\/unaymilletras.com\/en\/brandon-parasole-reconquista-su-etapa-artistica-con-segundo-intento\/","og_locale":"en_GB","og_type":"article","og_title":"Brandon Parasole reconquista su etapa art\u00edstica con Segundo Intento","og_description":"El artista italo-canario Brandon Parasole presenta su nuevo single, una propuesta fresca y honesta que marca el inicio de una nueva etapa.","og_url":"https:\/\/unaymilletras.com\/en\/brandon-parasole-reconquista-su-etapa-artistica-con-segundo-intento\/","og_site_name":"Una y Mil Letras","article_published_time":"2025-11-04T16:54:06+00:00","article_modified_time":"2025-11-04T16:54:54+00:00","og_image":[{"width":600,"height":885,"url":"http:\/\/unaymilletras.com\/wp-content\/uploads\/2025\/11\/DSC07138-scaled-e1762275281639.jpg","type":"image\/jpeg"}],"author":"Redacci\u00f3n","twitter_card":"summary_large_image","twitter_creator":"@UnaYMilLetras","twitter_site":"@UnaYMilLetras","twitter_misc":{"Written by":"Redacci\u00f3n","Estimated reading time":"2 minutes"},"schema":{"@context":"https:\/\/schema.org","@graph":[{"@type":"Article","@id":"https:\/\/unaymilletras.com\/brandon-parasole-reconquista-su-etapa-artistica-con-segundo-intento\/#article","isPartOf":{"@id":"https:\/\/unaymilletras.com\/brandon-parasole-reconquista-su-etapa-artistica-con-segundo-intento\/"},"author":{"name":"Redacci\u00f3n","@id":"http:\/\/unaymilletras.com\/#\/schema\/person\/0860dc8a218329991ee2c7591f4f849d"},"headline":"Brandon Parasole reconquista su etapa art\u00edstica con Segundo Intento","datePublished":"2025-11-04T16:54:06+00:00","dateModified":"2025-11-04T16:54:54+00:00","mainEntityOfPage":{"@id":"https:\/\/unaymilletras.com\/brandon-parasole-reconquista-su-etapa-artistica-con-segundo-intento\/"},"wordCount":399,"publisher":{"@id":"http:\/\/unaymilletras.com\/#organization"},"image":{"@id":"https:\/\/unaymilletras.com\/brandon-parasole-reconquista-su-etapa-artistica-con-segundo-intento\/#primaryimage"},"thumbnailUrl":"https:\/\/unaymilletras.com\/wp-content\/uploads\/2025\/11\/DSC07138-scaled-e1762275281639.jpg","articleSection":["M\u00fasica"],"inLanguage":"en-GB"},{"@type":"WebPage","@id":"https:\/\/unaymilletras.com\/brandon-parasole-reconquista-su-etapa-artistica-con-segundo-intento\/","url":"https:\/\/unaymilletras.com\/brandon-parasole-reconquista-su-etapa-artistica-con-segundo-intento\/","name":"Brandon Parasole reconquista su etapa art\u00edstica con Segundo Intento","isPartOf":{"@id":"http:\/\/unaymilletras.com\/#website"},"primaryImageOfPage":{"@id":"https:\/\/unaymilletras.com\/brandon-parasole-reconquista-su-etapa-artistica-con-segundo-intento\/#primaryimage"},"image":{"@id":"https:\/\/unaymilletras.com\/brandon-parasole-reconquista-su-etapa-artistica-con-segundo-intento\/#primaryimage"},"thumbnailUrl":"https:\/\/unaymilletras.com\/wp-content\/uploads\/2025\/11\/DSC07138-scaled-e1762275281639.jpg","datePublished":"2025-11-04T16:54:06+00:00","dateModified":"2025-11-04T16:54:54+00:00","description":"El artista italo-canario Brandon Parasole presenta su nuevo single, una propuesta fresca y honesta que marca el inicio de una nueva etapa.","breadcrumb":{"@id":"https:\/\/unaymilletras.com\/brandon-parasole-reconquista-su-etapa-artistica-con-segundo-intento\/#breadcrumb"},"inLanguage":"en-GB","potentialAction":[{"@type":"ReadAction","target":["https:\/\/unaymilletras.com\/brandon-parasole-reconquista-su-etapa-artistica-con-segundo-intento\/"]}]},{"@type":"ImageObject","inLanguage":"en-GB","@id":"https:\/\/unaymilletras.com\/brandon-parasole-reconquista-su-etapa-artistica-con-segundo-intento\/#primaryimage","url":"https:\/\/unaymilletras.com\/wp-content\/uploads\/2025\/11\/DSC07138-scaled-e1762275281639.jpg","contentUrl":"https:\/\/unaymilletras.com\/wp-content\/uploads\/2025\/11\/DSC07138-scaled-e1762275281639.jpg","width":600,"height":885,"caption":"Brandon Parasole"},{"@type":"BreadcrumbList","@id":"https:\/\/unaymilletras.com\/brandon-parasole-reconquista-su-etapa-artistica-con-segundo-intento\/#breadcrumb","itemListElement":[{"@type":"ListItem","position":1,"name":"Home","item":"http:\/\/unaymilletras.com\/"},{"@type":"ListItem","position":2,"name":"Brandon Parasole reconquista su etapa art\u00edstica con Segundo Intento"}]},{"@type":"WebSite","@id":"http:\/\/unaymilletras.com\/#website","url":"http:\/\/unaymilletras.com\/","name":"Una y Mil Letras","description":"","publisher":{"@id":"http:\/\/unaymilletras.com\/#organization"},"potentialAction":[{"@type":"SearchAction","target":{"@type":"EntryPoint","urlTemplate":"http:\/\/unaymilletras.com\/?s={search_term_string}"},"query-input":{"@type":"PropertyValueSpecification","valueRequired":true,"valueName":"search_term_string"}}],"inLanguage":"en-GB"},{"@type":"Organization","@id":"http:\/\/unaymilletras.com\/#organization","name":"Una y Mil Letras","url":"http:\/\/unaymilletras.com\/","logo":{"@type":"ImageObject","inLanguage":"en-GB","@id":"http:\/\/unaymilletras.com\/#\/schema\/logo\/image\/","url":"https:\/\/unaymilletras.com\/wp-content\/uploads\/2024\/06\/cropped-Logo-removebg-preview.png","contentUrl":"https:\/\/unaymilletras.com\/wp-content\/uploads\/2024\/06\/cropped-Logo-removebg-preview.png","width":512,"height":512,"caption":"Una y Mil Letras"},"image":{"@id":"http:\/\/unaymilletras.com\/#\/schema\/logo\/image\/"},"sameAs":["https:\/\/x.com\/UnaYMilLetras","https:\/\/instagram.com\/UnaYMilLetras"]},{"@type":"Person","@id":"http:\/\/unaymilletras.com\/#\/schema\/person\/0860dc8a218329991ee2c7591f4f849d","name":"Redacci\u00f3n","image":{"@type":"ImageObject","inLanguage":"en-GB","@id":"https:\/\/secure.gravatar.com\/avatar\/d8f55e05a8b6597e45c55a1dcbdbfe44f4a360d88b48e00de5216a79b7732796?s=96&d=mm&r=g","url":"https:\/\/secure.gravatar.com\/avatar\/d8f55e05a8b6597e45c55a1dcbdbfe44f4a360d88b48e00de5216a79b7732796?s=96&d=mm&r=g","contentUrl":"https:\/\/secure.gravatar.com\/avatar\/d8f55e05a8b6597e45c55a1dcbdbfe44f4a360d88b48e00de5216a79b7732796?s=96&d=mm&r=g","caption":"Redacci\u00f3n"},"url":"https:\/\/unaymilletras.com\/en\/author\/redaccion\/"}]}},"_links":{"self":[{"href":"https:\/\/unaymilletras.com\/en\/wp-json\/wp\/v2\/posts\/6218","targetHints":{"allow":["GET"]}}],"collection":[{"href":"https:\/\/unaymilletras.com\/en\/wp-json\/wp\/v2\/posts"}],"about":[{"href":"https:\/\/unaymilletras.com\/en\/wp-json\/wp\/v2\/types\/post"}],"author":[{"embeddable":true,"href":"https:\/\/unaymilletras.com\/en\/wp-json\/wp\/v2\/users\/6"}],"replies":[{"embeddable":true,"href":"https:\/\/unaymilletras.com\/en\/wp-json\/wp\/v2\/comments?post=6218"}],"version-history":[{"count":10,"href":"https:\/\/unaymilletras.com\/en\/wp-json\/wp\/v2\/posts\/6218\/revisions"}],"predecessor-version":[{"id":6238,"href":"https:\/\/unaymilletras.com\/en\/wp-json\/wp\/v2\/posts\/6218\/revisions\/6238"}],"wp:featuredmedia":[{"embeddable":true,"href":"https:\/\/unaymilletras.com\/en\/wp-json\/wp\/v2\/media\/6232"}],"wp:attachment":[{"href":"https:\/\/unaymilletras.com\/en\/wp-json\/wp\/v2\/media?parent=6218"}],"wp:term":[{"taxonomy":"category","embeddable":true,"href":"https:\/\/unaymilletras.com\/en\/wp-json\/wp\/v2\/categories?post=6218"},{"taxonomy":"post_tag","embeddable":true,"href":"https:\/\/unaymilletras.com\/en\/wp-json\/wp\/v2\/tags?post=6218"}],"curies":[{"name":"wp","href":"https:\/\/api.w.org\/{rel}","templated":true}]}}