{"id":6225,"date":"2025-11-03T20:19:27","date_gmt":"2025-11-03T19:19:27","guid":{"rendered":"https:\/\/unaymilletras.com\/?p=6225"},"modified":"2025-11-03T20:19:27","modified_gmt":"2025-11-03T19:19:27","slug":"marcelo-se-queda-fuera-de-las-finales-de-la-kings-cup-a-pesar-de-volver-a-anotar","status":"publish","type":"post","link":"https:\/\/unaymilletras.com\/en\/marcelo-se-queda-fuera-de-las-finales-de-la-kings-cup-a-pesar-de-volver-a-anotar\/","title":{"rendered":"Marcelo se queda fuera de las finales de la Kings Cup, a pesar de volver a anotar"},"content":{"rendered":"<p><em><strong>Marcelo fue eliminado en una pen\u00faltima fecha en la que cinco conjuntos sellaron su clasificaci\u00f3n a los playoff uni\u00e9ndose a Pio y La Capital<\/strong><\/em><\/p>\n\n\n\n<p>La pen\u00faltima jornada de la fase regular de la Kings Cup tuvo alegr\u00eda, decepci\u00f3n, pero sobre todo pol\u00e9mica. El capit\u00e1n de Skull, <a href=\"https:\/\/unaymilletras.com\/en\/marcelo-deslumbra-en-su-debut-con-skull-pese-a-la-derrota-en-una-jornada-sin-sorpresas\/\">Marcelo, volvi\u00f3 a liderar a su equipo<\/a> contra el cuadro de los Buyer, pero su esfuerzo, calidad y el gol anotado, no fueron suficientes para consumar la victoria. Marcelo, adem\u00e1s, se retir\u00f3 del terreno de juego tras un lance en el que un rival le arroll\u00f3 y por el cual el \u00e1rbitro no sancion\u00f3 penalti. Molesto por la decisi\u00f3n, el ex jugador del Real Madrid se quej\u00f3 de la decisi\u00f3n, que en especial m\u00e1s que perjudicarle a \u00e9l, lo hac\u00eda a los jugadores de su equipo que en gran parte dependen del \u00e9xito del proyecto. Este tropiezo por 3-5 supuso la eliminaci\u00f3n de Skull y sell\u00f3 el pase de Xbuyer Team.<\/p>\n\n\n\n<figure class=\"wp-block-image size-full\"><img fetchpriority=\"high\" decoding=\"async\" width=\"800\" height=\"450\" src=\"http:\/\/unaymilletras.com\/wp-content\/uploads\/2025\/11\/unnamed-3.jpg\" alt=\"Kings Cup\" class=\"wp-image-6226\" srcset=\"https:\/\/unaymilletras.com\/wp-content\/uploads\/2025\/11\/unnamed-3.jpg 800w, https:\/\/unaymilletras.com\/wp-content\/uploads\/2025\/11\/unnamed-3-300x169.jpg 300w, https:\/\/unaymilletras.com\/wp-content\/uploads\/2025\/11\/unnamed-3-768x432.jpg 768w, https:\/\/unaymilletras.com\/wp-content\/uploads\/2025\/11\/unnamed-3-18x10.jpg 18w\" sizes=\"(max-width: 800px) 100vw, 800px\" \/><\/figure>\n\n\n\n<p>Por otra parte, los dos equipos que ya estaban clasificados, Pio y La Capital, vencieron en sus respectivos duelos. El cuadro presidido por la Rivers mexicana ultim\u00f3 un paso perfecto de cuatro victorias tras imponerse a Jijantes, que pese a la derrota plant\u00f3 cara y, gracias a otros resultados, se meti\u00f3 en playoff. Algo m\u00e1s re\u00f1ido fue lo que vivi\u00f3 el equipo de Lamine Yamal, que se llev\u00f3 dos puntos desde los once metros tras un encuentro tenso contra El Barrio.<\/p>\n\n\n\n<h2 class=\"wp-block-heading\">\u00daltimo puesto en juego<\/h2>\n\n\n\n<p>El equipo de Adri Contreras camina en la cuerda floja y necesitar\u00e1 ganar a Ultimate M\u00f3stoles en la fecha final si quiere so\u00f1ar con el pase. Para ello necesita que Porcinos no sume contra 1K, al igual que no pudo hacer esta jornada contra el conjunto de DjMariio. La decepci\u00f3n de Ibai fue notoria, ya que ve como su proyecto estelar no termina de arrancar y se jugar\u00e1 el \u00faltimo billete a los Playoff, cuando aparentemente, seg\u00fan las previsiones iniciales, ya tendr\u00eda que estar clasificado. <\/p>\n\n\n\n<p>El equipo que confirma su eliminaci\u00f3n, pero sobre todo, que enciende las alarmas sobre su proyecto es Los Troncos. A pesar de ser campeones del mundo hace solo unos meses, este domingo cosecharon su cuarta derrota consecutiva. El segundo triplete seguido de Gabriel Verge sell\u00f3 el pase de 1K, en un d\u00eda olvidable para los jugadores de Perxita. El \u00faltimo eliminado fue Rayo de Barcelona, que perdi\u00f3 5-7 contra Saiyans en el partido que decid\u00eda el \u00faltimo cupo del grupo B.<\/p>","protected":false},"excerpt":{"rendered":"<p>Marcelo fue eliminado en una pen\u00faltima fecha en la que cinco conjuntos sellaron su clasificaci\u00f3n a los playoff uni\u00e9ndose a Pio y La Capital La pen\u00faltima jornada de la fase regular de la Kings Cup tuvo alegr\u00eda, decepci\u00f3n, pero sobre todo pol\u00e9mica. El capit\u00e1n de Skull, Marcelo, volvi\u00f3 a liderar a su equipo contra el [&hellip;]<\/p>\n","protected":false},"author":10,"featured_media":6227,"comment_status":"closed","ping_status":"closed","sticky":false,"template":"","format":"standard","meta":{"footnotes":""},"categories":[1],"tags":[],"class_list":["post-6225","post","type-post","status-publish","format-standard","has-post-thumbnail","hentry","category-uncategorized"],"yoast_head":"<!-- This site is optimized with the Yoast SEO plugin v27.4 - https:\/\/yoast.com\/product\/yoast-seo-wordpress\/ -->\n<title>Marcelo se queda fuera de las finales de la Kings Cup, a pesar de volver a anotar &#8902; Una y Mil Letras<\/title>\n<meta name=\"description\" content=\"Marcelo fue eliminado en una pen\u00faltima fecha en la que cinco conjuntos sellaron su clasificaci\u00f3n a los playoff uni\u00e9ndose a Pio y La Capital\" \/>\n<meta name=\"robots\" content=\"index, follow, max-snippet:-1, max-image-preview:large, max-video-preview:-1\" \/>\n<link rel=\"canonical\" href=\"https:\/\/unaymilletras.com\/en\/marcelo-se-queda-fuera-de-las-finales-de-la-kings-cup-a-pesar-de-volver-a-anotar\/\" \/>\n<meta property=\"og:locale\" content=\"en_GB\" \/>\n<meta property=\"og:type\" content=\"article\" \/>\n<meta property=\"og:title\" content=\"Marcelo se queda fuera de las finales de la Kings Cup, a pesar de volver a anotar &#8902; Una y Mil Letras\" \/>\n<meta property=\"og:description\" content=\"Marcelo fue eliminado en una pen\u00faltima fecha en la que cinco conjuntos sellaron su clasificaci\u00f3n a los playoff uni\u00e9ndose a Pio y La Capital\" \/>\n<meta property=\"og:url\" content=\"https:\/\/unaymilletras.com\/en\/marcelo-se-queda-fuera-de-las-finales-de-la-kings-cup-a-pesar-de-volver-a-anotar\/\" \/>\n<meta property=\"og:site_name\" content=\"Una y Mil Letras\" \/>\n<meta property=\"article:published_time\" content=\"2025-11-03T19:19:27+00:00\" \/>\n<meta property=\"og:image\" content=\"http:\/\/unaymilletras.com\/wp-content\/uploads\/2025\/11\/unnamed-4.jpg\" \/>\n\t<meta property=\"og:image:width\" content=\"1120\" \/>\n\t<meta property=\"og:image:height\" content=\"746\" \/>\n\t<meta property=\"og:image:type\" content=\"image\/jpeg\" \/>\n<meta name=\"author\" content=\"David Hern\u00e1ndez\" \/>\n<meta name=\"twitter:card\" content=\"summary_large_image\" \/>\n<meta name=\"twitter:creator\" content=\"@UnaYMilLetras\" \/>\n<meta name=\"twitter:site\" content=\"@UnaYMilLetras\" \/>\n<meta name=\"twitter:label1\" content=\"Written by\" \/>\n\t<meta name=\"twitter:data1\" content=\"David Hern\u00e1ndez\" \/>\n\t<meta name=\"twitter:label2\" content=\"Estimated reading time\" \/>\n\t<meta name=\"twitter:data2\" content=\"3 minutes\" \/>\n<script type=\"application\/ld+json\" class=\"yoast-schema-graph\">{\"@context\":\"https:\\\/\\\/schema.org\",\"@graph\":[{\"@type\":\"Article\",\"@id\":\"https:\\\/\\\/unaymilletras.com\\\/marcelo-se-queda-fuera-de-las-finales-de-la-kings-cup-a-pesar-de-volver-a-anotar\\\/#article\",\"isPartOf\":{\"@id\":\"https:\\\/\\\/unaymilletras.com\\\/marcelo-se-queda-fuera-de-las-finales-de-la-kings-cup-a-pesar-de-volver-a-anotar\\\/\"},\"author\":{\"name\":\"David Hern\u00e1ndez\",\"@id\":\"http:\\\/\\\/unaymilletras.com\\\/#\\\/schema\\\/person\\\/0c171c80bc49a58d7a8ed3394548370c\"},\"headline\":\"Marcelo se queda fuera de las finales de la Kings Cup, a pesar de volver a anotar\",\"datePublished\":\"2025-11-03T19:19:27+00:00\",\"mainEntityOfPage\":{\"@id\":\"https:\\\/\\\/unaymilletras.com\\\/marcelo-se-queda-fuera-de-las-finales-de-la-kings-cup-a-pesar-de-volver-a-anotar\\\/\"},\"wordCount\":449,\"publisher\":{\"@id\":\"http:\\\/\\\/unaymilletras.com\\\/#organization\"},\"image\":{\"@id\":\"https:\\\/\\\/unaymilletras.com\\\/marcelo-se-queda-fuera-de-las-finales-de-la-kings-cup-a-pesar-de-volver-a-anotar\\\/#primaryimage\"},\"thumbnailUrl\":\"https:\\\/\\\/unaymilletras.com\\\/wp-content\\\/uploads\\\/2025\\\/11\\\/unnamed-4.jpg\",\"articleSection\":[\"Uncategorized\"],\"inLanguage\":\"en-GB\"},{\"@type\":\"WebPage\",\"@id\":\"https:\\\/\\\/unaymilletras.com\\\/marcelo-se-queda-fuera-de-las-finales-de-la-kings-cup-a-pesar-de-volver-a-anotar\\\/\",\"url\":\"https:\\\/\\\/unaymilletras.com\\\/marcelo-se-queda-fuera-de-las-finales-de-la-kings-cup-a-pesar-de-volver-a-anotar\\\/\",\"name\":\"Marcelo se queda fuera de las finales de la Kings Cup, a pesar de volver a anotar &#8902; Una y Mil Letras\",\"isPartOf\":{\"@id\":\"http:\\\/\\\/unaymilletras.com\\\/#website\"},\"primaryImageOfPage\":{\"@id\":\"https:\\\/\\\/unaymilletras.com\\\/marcelo-se-queda-fuera-de-las-finales-de-la-kings-cup-a-pesar-de-volver-a-anotar\\\/#primaryimage\"},\"image\":{\"@id\":\"https:\\\/\\\/unaymilletras.com\\\/marcelo-se-queda-fuera-de-las-finales-de-la-kings-cup-a-pesar-de-volver-a-anotar\\\/#primaryimage\"},\"thumbnailUrl\":\"https:\\\/\\\/unaymilletras.com\\\/wp-content\\\/uploads\\\/2025\\\/11\\\/unnamed-4.jpg\",\"datePublished\":\"2025-11-03T19:19:27+00:00\",\"description\":\"Marcelo fue eliminado en una pen\u00faltima fecha en la que cinco conjuntos sellaron su clasificaci\u00f3n a los playoff uni\u00e9ndose a Pio y La Capital\",\"breadcrumb\":{\"@id\":\"https:\\\/\\\/unaymilletras.com\\\/marcelo-se-queda-fuera-de-las-finales-de-la-kings-cup-a-pesar-de-volver-a-anotar\\\/#breadcrumb\"},\"inLanguage\":\"en-GB\",\"potentialAction\":[{\"@type\":\"ReadAction\",\"target\":[\"https:\\\/\\\/unaymilletras.com\\\/marcelo-se-queda-fuera-de-las-finales-de-la-kings-cup-a-pesar-de-volver-a-anotar\\\/\"]}]},{\"@type\":\"ImageObject\",\"inLanguage\":\"en-GB\",\"@id\":\"https:\\\/\\\/unaymilletras.com\\\/marcelo-se-queda-fuera-de-las-finales-de-la-kings-cup-a-pesar-de-volver-a-anotar\\\/#primaryimage\",\"url\":\"https:\\\/\\\/unaymilletras.com\\\/wp-content\\\/uploads\\\/2025\\\/11\\\/unnamed-4.jpg\",\"contentUrl\":\"https:\\\/\\\/unaymilletras.com\\\/wp-content\\\/uploads\\\/2025\\\/11\\\/unnamed-4.jpg\",\"width\":1120,\"height\":746,\"caption\":\"Marcelo\"},{\"@type\":\"BreadcrumbList\",\"@id\":\"https:\\\/\\\/unaymilletras.com\\\/marcelo-se-queda-fuera-de-las-finales-de-la-kings-cup-a-pesar-de-volver-a-anotar\\\/#breadcrumb\",\"itemListElement\":[{\"@type\":\"ListItem\",\"position\":1,\"name\":\"Home\",\"item\":\"http:\\\/\\\/unaymilletras.com\\\/\"},{\"@type\":\"ListItem\",\"position\":2,\"name\":\"Marcelo se queda fuera de las finales de la Kings Cup, a pesar de volver a anotar\"}]},{\"@type\":\"WebSite\",\"@id\":\"http:\\\/\\\/unaymilletras.com\\\/#website\",\"url\":\"http:\\\/\\\/unaymilletras.com\\\/\",\"name\":\"Una y Mil Letras\",\"description\":\"\",\"publisher\":{\"@id\":\"http:\\\/\\\/unaymilletras.com\\\/#organization\"},\"potentialAction\":[{\"@type\":\"SearchAction\",\"target\":{\"@type\":\"EntryPoint\",\"urlTemplate\":\"http:\\\/\\\/unaymilletras.com\\\/?s={search_term_string}\"},\"query-input\":{\"@type\":\"PropertyValueSpecification\",\"valueRequired\":true,\"valueName\":\"search_term_string\"}}],\"inLanguage\":\"en-GB\"},{\"@type\":\"Organization\",\"@id\":\"http:\\\/\\\/unaymilletras.com\\\/#organization\",\"name\":\"Una y Mil Letras\",\"url\":\"http:\\\/\\\/unaymilletras.com\\\/\",\"logo\":{\"@type\":\"ImageObject\",\"inLanguage\":\"en-GB\",\"@id\":\"http:\\\/\\\/unaymilletras.com\\\/#\\\/schema\\\/logo\\\/image\\\/\",\"url\":\"https:\\\/\\\/unaymilletras.com\\\/wp-content\\\/uploads\\\/2024\\\/06\\\/cropped-Logo-removebg-preview.png\",\"contentUrl\":\"https:\\\/\\\/unaymilletras.com\\\/wp-content\\\/uploads\\\/2024\\\/06\\\/cropped-Logo-removebg-preview.png\",\"width\":512,\"height\":512,\"caption\":\"Una y Mil Letras\"},\"image\":{\"@id\":\"http:\\\/\\\/unaymilletras.com\\\/#\\\/schema\\\/logo\\\/image\\\/\"},\"sameAs\":[\"https:\\\/\\\/x.com\\\/UnaYMilLetras\",\"https:\\\/\\\/instagram.com\\\/UnaYMilLetras\"]},{\"@type\":\"Person\",\"@id\":\"http:\\\/\\\/unaymilletras.com\\\/#\\\/schema\\\/person\\\/0c171c80bc49a58d7a8ed3394548370c\",\"name\":\"David Hern\u00e1ndez\",\"image\":{\"@type\":\"ImageObject\",\"inLanguage\":\"en-GB\",\"@id\":\"https:\\\/\\\/secure.gravatar.com\\\/avatar\\\/86739d73874dcbc11e4278af33fb905704f5c29329727efb3b0e0bc838b0d469?s=96&d=mm&r=g\",\"url\":\"https:\\\/\\\/secure.gravatar.com\\\/avatar\\\/86739d73874dcbc11e4278af33fb905704f5c29329727efb3b0e0bc838b0d469?s=96&d=mm&r=g\",\"contentUrl\":\"https:\\\/\\\/secure.gravatar.com\\\/avatar\\\/86739d73874dcbc11e4278af33fb905704f5c29329727efb3b0e0bc838b0d469?s=96&d=mm&r=g\",\"caption\":\"David Hern\u00e1ndez\"},\"url\":\"https:\\\/\\\/unaymilletras.com\\\/en\\\/author\\\/davidesel\\\/\"}]}<\/script>\n<!-- \/ Yoast SEO plugin. -->","yoast_head_json":{"title":"Marcelo se queda fuera de las finales de la Kings Cup, a pesar de volver a anotar &#8902; Una y Mil Letras","description":"Marcelo fue eliminado en una pen\u00faltima fecha en la que cinco conjuntos sellaron su clasificaci\u00f3n a los playoff uni\u00e9ndose a Pio y La Capital","robots":{"index":"index","follow":"follow","max-snippet":"max-snippet:-1","max-image-preview":"max-image-preview:large","max-video-preview":"max-video-preview:-1"},"canonical":"https:\/\/unaymilletras.com\/en\/marcelo-se-queda-fuera-de-las-finales-de-la-kings-cup-a-pesar-de-volver-a-anotar\/","og_locale":"en_GB","og_type":"article","og_title":"Marcelo se queda fuera de las finales de la Kings Cup, a pesar de volver a anotar &#8902; Una y Mil Letras","og_description":"Marcelo fue eliminado en una pen\u00faltima fecha en la que cinco conjuntos sellaron su clasificaci\u00f3n a los playoff uni\u00e9ndose a Pio y La Capital","og_url":"https:\/\/unaymilletras.com\/en\/marcelo-se-queda-fuera-de-las-finales-de-la-kings-cup-a-pesar-de-volver-a-anotar\/","og_site_name":"Una y Mil Letras","article_published_time":"2025-11-03T19:19:27+00:00","og_image":[{"width":1120,"height":746,"url":"http:\/\/unaymilletras.com\/wp-content\/uploads\/2025\/11\/unnamed-4.jpg","type":"image\/jpeg"}],"author":"David Hern\u00e1ndez","twitter_card":"summary_large_image","twitter_creator":"@UnaYMilLetras","twitter_site":"@UnaYMilLetras","twitter_misc":{"Written by":"David Hern\u00e1ndez","Estimated reading time":"3 minutes"},"schema":{"@context":"https:\/\/schema.org","@graph":[{"@type":"Article","@id":"https:\/\/unaymilletras.com\/marcelo-se-queda-fuera-de-las-finales-de-la-kings-cup-a-pesar-de-volver-a-anotar\/#article","isPartOf":{"@id":"https:\/\/unaymilletras.com\/marcelo-se-queda-fuera-de-las-finales-de-la-kings-cup-a-pesar-de-volver-a-anotar\/"},"author":{"name":"David Hern\u00e1ndez","@id":"http:\/\/unaymilletras.com\/#\/schema\/person\/0c171c80bc49a58d7a8ed3394548370c"},"headline":"Marcelo se queda fuera de las finales de la Kings Cup, a pesar de volver a anotar","datePublished":"2025-11-03T19:19:27+00:00","mainEntityOfPage":{"@id":"https:\/\/unaymilletras.com\/marcelo-se-queda-fuera-de-las-finales-de-la-kings-cup-a-pesar-de-volver-a-anotar\/"},"wordCount":449,"publisher":{"@id":"http:\/\/unaymilletras.com\/#organization"},"image":{"@id":"https:\/\/unaymilletras.com\/marcelo-se-queda-fuera-de-las-finales-de-la-kings-cup-a-pesar-de-volver-a-anotar\/#primaryimage"},"thumbnailUrl":"https:\/\/unaymilletras.com\/wp-content\/uploads\/2025\/11\/unnamed-4.jpg","articleSection":["Uncategorized"],"inLanguage":"en-GB"},{"@type":"WebPage","@id":"https:\/\/unaymilletras.com\/marcelo-se-queda-fuera-de-las-finales-de-la-kings-cup-a-pesar-de-volver-a-anotar\/","url":"https:\/\/unaymilletras.com\/marcelo-se-queda-fuera-de-las-finales-de-la-kings-cup-a-pesar-de-volver-a-anotar\/","name":"Marcelo se queda fuera de las finales de la Kings Cup, a pesar de volver a anotar &#8902; Una y Mil Letras","isPartOf":{"@id":"http:\/\/unaymilletras.com\/#website"},"primaryImageOfPage":{"@id":"https:\/\/unaymilletras.com\/marcelo-se-queda-fuera-de-las-finales-de-la-kings-cup-a-pesar-de-volver-a-anotar\/#primaryimage"},"image":{"@id":"https:\/\/unaymilletras.com\/marcelo-se-queda-fuera-de-las-finales-de-la-kings-cup-a-pesar-de-volver-a-anotar\/#primaryimage"},"thumbnailUrl":"https:\/\/unaymilletras.com\/wp-content\/uploads\/2025\/11\/unnamed-4.jpg","datePublished":"2025-11-03T19:19:27+00:00","description":"Marcelo fue eliminado en una pen\u00faltima fecha en la que cinco conjuntos sellaron su clasificaci\u00f3n a los playoff uni\u00e9ndose a Pio y La Capital","breadcrumb":{"@id":"https:\/\/unaymilletras.com\/marcelo-se-queda-fuera-de-las-finales-de-la-kings-cup-a-pesar-de-volver-a-anotar\/#breadcrumb"},"inLanguage":"en-GB","potentialAction":[{"@type":"ReadAction","target":["https:\/\/unaymilletras.com\/marcelo-se-queda-fuera-de-las-finales-de-la-kings-cup-a-pesar-de-volver-a-anotar\/"]}]},{"@type":"ImageObject","inLanguage":"en-GB","@id":"https:\/\/unaymilletras.com\/marcelo-se-queda-fuera-de-las-finales-de-la-kings-cup-a-pesar-de-volver-a-anotar\/#primaryimage","url":"https:\/\/unaymilletras.com\/wp-content\/uploads\/2025\/11\/unnamed-4.jpg","contentUrl":"https:\/\/unaymilletras.com\/wp-content\/uploads\/2025\/11\/unnamed-4.jpg","width":1120,"height":746,"caption":"Marcelo"},{"@type":"BreadcrumbList","@id":"https:\/\/unaymilletras.com\/marcelo-se-queda-fuera-de-las-finales-de-la-kings-cup-a-pesar-de-volver-a-anotar\/#breadcrumb","itemListElement":[{"@type":"ListItem","position":1,"name":"Home","item":"http:\/\/unaymilletras.com\/"},{"@type":"ListItem","position":2,"name":"Marcelo se queda fuera de las finales de la Kings Cup, a pesar de volver a anotar"}]},{"@type":"WebSite","@id":"http:\/\/unaymilletras.com\/#website","url":"http:\/\/unaymilletras.com\/","name":"Una y Mil Letras","description":"","publisher":{"@id":"http:\/\/unaymilletras.com\/#organization"},"potentialAction":[{"@type":"SearchAction","target":{"@type":"EntryPoint","urlTemplate":"http:\/\/unaymilletras.com\/?s={search_term_string}"},"query-input":{"@type":"PropertyValueSpecification","valueRequired":true,"valueName":"search_term_string"}}],"inLanguage":"en-GB"},{"@type":"Organization","@id":"http:\/\/unaymilletras.com\/#organization","name":"Una y Mil Letras","url":"http:\/\/unaymilletras.com\/","logo":{"@type":"ImageObject","inLanguage":"en-GB","@id":"http:\/\/unaymilletras.com\/#\/schema\/logo\/image\/","url":"https:\/\/unaymilletras.com\/wp-content\/uploads\/2024\/06\/cropped-Logo-removebg-preview.png","contentUrl":"https:\/\/unaymilletras.com\/wp-content\/uploads\/2024\/06\/cropped-Logo-removebg-preview.png","width":512,"height":512,"caption":"Una y Mil Letras"},"image":{"@id":"http:\/\/unaymilletras.com\/#\/schema\/logo\/image\/"},"sameAs":["https:\/\/x.com\/UnaYMilLetras","https:\/\/instagram.com\/UnaYMilLetras"]},{"@type":"Person","@id":"http:\/\/unaymilletras.com\/#\/schema\/person\/0c171c80bc49a58d7a8ed3394548370c","name":"David Hern\u00e1ndez","image":{"@type":"ImageObject","inLanguage":"en-GB","@id":"https:\/\/secure.gravatar.com\/avatar\/86739d73874dcbc11e4278af33fb905704f5c29329727efb3b0e0bc838b0d469?s=96&d=mm&r=g","url":"https:\/\/secure.gravatar.com\/avatar\/86739d73874dcbc11e4278af33fb905704f5c29329727efb3b0e0bc838b0d469?s=96&d=mm&r=g","contentUrl":"https:\/\/secure.gravatar.com\/avatar\/86739d73874dcbc11e4278af33fb905704f5c29329727efb3b0e0bc838b0d469?s=96&d=mm&r=g","caption":"David Hern\u00e1ndez"},"url":"https:\/\/unaymilletras.com\/en\/author\/davidesel\/"}]}},"_links":{"self":[{"href":"https:\/\/unaymilletras.com\/en\/wp-json\/wp\/v2\/posts\/6225","targetHints":{"allow":["GET"]}}],"collection":[{"href":"https:\/\/unaymilletras.com\/en\/wp-json\/wp\/v2\/posts"}],"about":[{"href":"https:\/\/unaymilletras.com\/en\/wp-json\/wp\/v2\/types\/post"}],"author":[{"embeddable":true,"href":"https:\/\/unaymilletras.com\/en\/wp-json\/wp\/v2\/users\/10"}],"replies":[{"embeddable":true,"href":"https:\/\/unaymilletras.com\/en\/wp-json\/wp\/v2\/comments?post=6225"}],"version-history":[{"count":1,"href":"https:\/\/unaymilletras.com\/en\/wp-json\/wp\/v2\/posts\/6225\/revisions"}],"predecessor-version":[{"id":6228,"href":"https:\/\/unaymilletras.com\/en\/wp-json\/wp\/v2\/posts\/6225\/revisions\/6228"}],"wp:featuredmedia":[{"embeddable":true,"href":"https:\/\/unaymilletras.com\/en\/wp-json\/wp\/v2\/media\/6227"}],"wp:attachment":[{"href":"https:\/\/unaymilletras.com\/en\/wp-json\/wp\/v2\/media?parent=6225"}],"wp:term":[{"taxonomy":"category","embeddable":true,"href":"https:\/\/unaymilletras.com\/en\/wp-json\/wp\/v2\/categories?post=6225"},{"taxonomy":"post_tag","embeddable":true,"href":"https:\/\/unaymilletras.com\/en\/wp-json\/wp\/v2\/tags?post=6225"}],"curies":[{"name":"wp","href":"https:\/\/api.w.org\/{rel}","templated":true}]}}