{"id":6239,"date":"2025-10-29T18:00:00","date_gmt":"2025-10-29T17:00:00","guid":{"rendered":"https:\/\/unaymilletras.com\/?p=6239"},"modified":"2025-11-05T11:23:52","modified_gmt":"2025-11-05T10:23:52","slug":"dei-v-vuelve-a-espana-en-marzo-con-su-underwater-tour","status":"publish","type":"post","link":"https:\/\/unaymilletras.com\/en\/dei-v-vuelve-a-espana-en-marzo-con-su-underwater-tour\/","title":{"rendered":"Dei V vuelve a Espa\u00f1a en marzo con su  Underwater Tour"},"content":{"rendered":"<div data-elementor-type=\"wp-post\" data-elementor-id=\"6239\" class=\"elementor elementor-6239\">\n\t\t\t\t\t\t<section class=\"elementor-section elementor-top-section elementor-element elementor-element-e1e8826 elementor-section-boxed elementor-section-height-default elementor-section-height-default\" data-id=\"e1e8826\" data-element_type=\"section\" data-e-type=\"section\">\n\t\t\t\t\t\t<div class=\"elementor-container elementor-column-gap-default\">\n\t\t\t\t\t<div class=\"elementor-column elementor-col-100 elementor-top-column elementor-element elementor-element-65045cc\" data-id=\"65045cc\" data-element_type=\"column\" data-e-type=\"column\">\n\t\t\t<div class=\"elementor-widget-wrap elementor-element-populated\">\n\t\t\t\t\t\t<div class=\"elementor-element elementor-element-994f12c elementor-widget elementor-widget-text-editor\" data-id=\"994f12c\" data-element_type=\"widget\" data-e-type=\"widget\" data-widget_type=\"text-editor.default\">\n\t\t\t\t<div class=\"elementor-widget-container\">\n\t\t\t\t\t\t\t\t\t<h2 style=\"text-align: center;\"><span style=\"color: #808080;\"><em>El fen\u00f3meno puertorrique\u00f1o Dei V actuar\u00e1 en Madrid, Sevilla y Barcelona tras agotar tres fechas en el Coliseo de Puerto Rico<\/em><\/span><\/h2>\t\t\t\t\t\t\t\t<\/div>\n\t\t\t\t<\/div>\n\t\t\t\t\t<\/div>\n\t\t<\/div>\n\t\t\t\t\t<\/div>\n\t\t<\/section>\n\t\t\t\t<section class=\"elementor-section elementor-top-section elementor-element elementor-element-59799fe elementor-section-boxed elementor-section-height-default elementor-section-height-default\" data-id=\"59799fe\" data-element_type=\"section\" data-e-type=\"section\">\n\t\t\t\t\t\t<div class=\"elementor-container elementor-column-gap-default\">\n\t\t\t\t\t<div class=\"elementor-column elementor-col-100 elementor-top-column elementor-element elementor-element-e7cea03\" data-id=\"e7cea03\" data-element_type=\"column\" data-e-type=\"column\">\n\t\t\t<div class=\"elementor-widget-wrap elementor-element-populated\">\n\t\t\t\t\t\t<div class=\"elementor-element elementor-element-c1bd0e3 elementor-widget elementor-widget-text-editor\" data-id=\"c1bd0e3\" data-element_type=\"widget\" data-e-type=\"widget\" data-widget_type=\"text-editor.default\">\n\t\t\t\t<div class=\"elementor-widget-container\">\n\t\t\t\t\t\t\t\t\t<p data-start=\"414\" data-end=\"801\">El artista puertorrique\u00f1o <strong data-start=\"440\" data-end=\"449\">Dei V<\/strong>, una de las figuras m\u00e1s destacadas de la nueva escena urbana, regresa a Espa\u00f1a en marzo como parte de su nueva gira mundial. El tour, que lleva el nombre de su reciente \u00e1lbum <em data-start=\"625\" data-end=\"637\">Underwater<\/em>, pasar\u00e1 por <strong data-start=\"650\" data-end=\"681\">Madrid, Sevilla y Barcelona<\/strong>, consolidando su conexi\u00f3n con el p\u00fablico espa\u00f1ol y marcando un nuevo cap\u00edtulo en su ascendente carrera internacional.<\/p>\n<p data-start=\"803\" data-end=\"1366\">Espa\u00f1a ha sido un punto clave en la trayectoria del artista. Desde sus primeros pasos con <em data-start=\"893\" data-end=\"903\">Yin Yang<\/em> y <em data-start=\"906\" data-end=\"922\">Quieren Ser Yo<\/em>, Dei V llam\u00f3 la atenci\u00f3n por su estilo mel\u00f3dico y su energ\u00eda \u00fanica. Pero fue su tema <em data-start=\"1008\" data-end=\"1017\">BADGYAL<\/em> junto a <strong data-start=\"1026\" data-end=\"1046\">JC Reyes y Saiko<\/strong> el que lo catapult\u00f3 definitivamente en nuestro pa\u00eds, convirti\u00e9ndose en uno de los grandes \u00e9xitos urbanos de 2024. A partir de ah\u00ed, su relaci\u00f3n con la escena espa\u00f1ola se fortaleci\u00f3 con colaboraciones junto a <strong data-start=\"1254\" data-end=\"1269\">Omar Montes<\/strong> o <strong data-start=\"1272\" data-end=\"1281\">Morad<\/strong>, y conciertos que pasaron de llenar <strong data-start=\"1318\" data-end=\"1332\">La Riviera<\/strong> a agotar el <strong data-start=\"1345\" data-end=\"1363\">Movistar Arena<\/strong>.<\/p>\t\t\t\t\t\t\t\t<\/div>\n\t\t\t\t<\/div>\n\t\t\t\t\t<\/div>\n\t\t<\/div>\n\t\t\t\t\t<\/div>\n\t\t<\/section>\n\t\t\t\t<section class=\"elementor-section elementor-top-section elementor-element elementor-element-4c5319f elementor-section-boxed elementor-section-height-default elementor-section-height-default\" data-id=\"4c5319f\" data-element_type=\"section\" data-e-type=\"section\">\n\t\t\t\t\t\t<div class=\"elementor-container elementor-column-gap-default\">\n\t\t\t\t\t<div class=\"elementor-column elementor-col-100 elementor-top-column elementor-element elementor-element-9d54792\" data-id=\"9d54792\" data-element_type=\"column\" data-e-type=\"column\">\n\t\t\t<div class=\"elementor-widget-wrap elementor-element-populated\">\n\t\t\t\t\t\t<div class=\"elementor-element elementor-element-439a131 elementor-widget elementor-widget-image\" data-id=\"439a131\" data-element_type=\"widget\" data-e-type=\"widget\" data-widget_type=\"image.default\">\n\t\t\t\t<div class=\"elementor-widget-container\">\n\t\t\t\t\t\t\t\t\t\t\t\t\t\t\t<img fetchpriority=\"high\" decoding=\"async\" width=\"640\" height=\"800\" src=\"https:\/\/unaymilletras.com\/wp-content\/uploads\/2025\/11\/Post-Tour-819x1024.jpg\" class=\"attachment-large size-large wp-image-6241\" alt=\"Dei V\" srcset=\"https:\/\/unaymilletras.com\/wp-content\/uploads\/2025\/11\/Post-Tour-819x1024.jpg 819w, https:\/\/unaymilletras.com\/wp-content\/uploads\/2025\/11\/Post-Tour-240x300.jpg 240w, https:\/\/unaymilletras.com\/wp-content\/uploads\/2025\/11\/Post-Tour-768x960.jpg 768w, https:\/\/unaymilletras.com\/wp-content\/uploads\/2025\/11\/Post-Tour-1229x1536.jpg 1229w, https:\/\/unaymilletras.com\/wp-content\/uploads\/2025\/11\/Post-Tour-10x12.jpg 10w, https:\/\/unaymilletras.com\/wp-content\/uploads\/2025\/11\/Post-Tour-1024x1280.jpg 1024w, https:\/\/unaymilletras.com\/wp-content\/uploads\/2025\/11\/Post-Tour-e1762338065456.jpg 600w\" sizes=\"(max-width: 640px) 100vw, 640px\" \/>\t\t\t\t\t\t\t\t\t\t\t\t\t\t\t<\/div>\n\t\t\t\t<\/div>\n\t\t\t\t\t<\/div>\n\t\t<\/div>\n\t\t\t\t\t<\/div>\n\t\t<\/section>\n\t\t\t\t<section class=\"elementor-section elementor-top-section elementor-element elementor-element-a762b2d elementor-section-boxed elementor-section-height-default elementor-section-height-default\" data-id=\"a762b2d\" data-element_type=\"section\" data-e-type=\"section\">\n\t\t\t\t\t\t<div class=\"elementor-container elementor-column-gap-default\">\n\t\t\t\t\t<div class=\"elementor-column elementor-col-100 elementor-top-column elementor-element elementor-element-73d7e88\" data-id=\"73d7e88\" data-element_type=\"column\" data-e-type=\"column\">\n\t\t\t<div class=\"elementor-widget-wrap elementor-element-populated\">\n\t\t\t\t\t\t<div class=\"elementor-element elementor-element-97ce369 elementor-widget elementor-widget-text-editor\" data-id=\"97ce369\" data-element_type=\"widget\" data-e-type=\"widget\" data-widget_type=\"text-editor.default\">\n\t\t\t\t<div class=\"elementor-widget-container\">\n\t\t\t\t\t\t\t\t\t<p data-start=\"1368\" data-end=\"1852\">Ahora, tras consagrarse con <strong data-start=\"1396\" data-end=\"1443\">tres sold outs en el Coliseo de Puerto Rico<\/strong>, donde comparti\u00f3 escenario con nombres como <strong data-start=\"1488\" data-end=\"1561\">Bad Bunny, Yandel, Arc\u00e1ngel, Mora, Myke Towers, Jhayco o De La Ghetto<\/strong>, Dei V se embarca en su gira global para presentar <em data-start=\"1613\" data-end=\"1625\">Underwater<\/em>. El disco, considerado el m\u00e1s completo y personal de su carrera, incluye colaboraciones con algunas de las leyendas del g\u00e9nero y refleja su madurez art\u00edstica a trav\u00e9s de una dualidad sonora entre lo callejero y lo emocional.<\/p>\n<p data-start=\"1854\" data-end=\"2196\">El artista debutar\u00e1 en Espa\u00f1a el <strong data-start=\"1887\" data-end=\"1932\">6 de marzo en el Movistar Arena de Madrid<\/strong>, continuar\u00e1 el <strong data-start=\"1948\" data-end=\"1996\">7 de marzo en el Live Sur Stadium de Sevilla<\/strong> y cerrar\u00e1 el triplete el <strong data-start=\"2022\" data-end=\"2072\">8 de marzo en el Palau Sant Jordi de Barcelona<\/strong>, de la mano de <strong data-start=\"2088\" data-end=\"2114\">Iglesias Entertainment<\/strong>, promotora l\u00edder en traer a Espa\u00f1a a las mayores estrellas de la m\u00fasica latina.<\/p>\t\t\t\t\t\t\t\t<\/div>\n\t\t\t\t<\/div>\n\t\t\t\t\t<\/div>\n\t\t<\/div>\n\t\t\t\t\t<\/div>\n\t\t<\/section>\n\t\t\t\t<section class=\"elementor-section elementor-top-section elementor-element elementor-element-66aaf17 elementor-section-boxed elementor-section-height-default elementor-section-height-default\" data-id=\"66aaf17\" data-element_type=\"section\" data-e-type=\"section\">\n\t\t\t\t\t\t<div class=\"elementor-container elementor-column-gap-default\">\n\t\t\t\t\t<div class=\"elementor-column elementor-col-100 elementor-top-column elementor-element elementor-element-aed9171\" data-id=\"aed9171\" data-element_type=\"column\" data-e-type=\"column\">\n\t\t\t<div class=\"elementor-widget-wrap elementor-element-populated\">\n\t\t\t\t\t\t<div class=\"elementor-element elementor-element-f1e3dfd elementor-widget elementor-widget-video\" data-id=\"f1e3dfd\" data-element_type=\"widget\" data-e-type=\"widget\" data-settings=\"{&quot;youtube_url&quot;:&quot;https:\\\/\\\/www.youtube.com\\\/watch?v=heediUmXHjs&quot;,&quot;video_type&quot;:&quot;youtube&quot;,&quot;controls&quot;:&quot;yes&quot;}\" data-widget_type=\"video.default\">\n\t\t\t\t<div class=\"elementor-widget-container\">\n\t\t\t\t\t\t\t<div class=\"elementor-wrapper elementor-open-inline\">\n\t\t\t<div class=\"elementor-video\"><\/div>\t\t<\/div>\n\t\t\t\t\t\t<\/div>\n\t\t\t\t<\/div>\n\t\t\t\t\t<\/div>\n\t\t<\/div>\n\t\t\t\t\t<\/div>\n\t\t<\/section>\n\t\t\t\t<section class=\"elementor-section elementor-top-section elementor-element elementor-element-ce02198 elementor-section-boxed elementor-section-height-default elementor-section-height-default\" data-id=\"ce02198\" data-element_type=\"section\" data-e-type=\"section\">\n\t\t\t\t\t\t<div class=\"elementor-container elementor-column-gap-default\">\n\t\t\t\t\t<div class=\"elementor-column elementor-col-100 elementor-top-column elementor-element elementor-element-790efe1\" data-id=\"790efe1\" data-element_type=\"column\" data-e-type=\"column\">\n\t\t\t<div class=\"elementor-widget-wrap elementor-element-populated\">\n\t\t\t\t\t\t<div class=\"elementor-element elementor-element-c3da50f elementor-widget elementor-widget-text-editor\" data-id=\"c3da50f\" data-element_type=\"widget\" data-e-type=\"widget\" data-widget_type=\"text-editor.default\">\n\t\t\t\t<div class=\"elementor-widget-container\">\n\t\t\t\t\t\t\t\t\t<p data-start=\"2198\" data-end=\"2400\">En <em data-start=\"2201\" data-end=\"2218\">Underwater Tour<\/em>, Dei V promete un espect\u00e1culo de gran formato en el que repasar\u00e1 sus nuevos temas y los hits que lo han convertido en una referencia global, como <em data-start=\"2365\" data-end=\"2374\">Martini<\/em>, <em data-start=\"2376\" data-end=\"2383\">Crush<\/em> o <em data-start=\"2386\" data-end=\"2397\">Narcotics<\/em>.<\/p>\n<p data-start=\"2402\" data-end=\"2626\">Las entradas ya est\u00e1n disponibles<strong data-start=\"2435\" data-end=\"2508\">\u00a0en Ticketmaster.es<\/strong>, y se espera que los tres conciertos se conviertan en una de las citas m\u00e1s esperadas del calendario urbano de 2026.<\/p>\t\t\t\t\t\t\t\t<\/div>\n\t\t\t\t<\/div>\n\t\t\t\t\t<\/div>\n\t\t<\/div>\n\t\t\t\t\t<\/div>\n\t\t<\/section>\n\t\t\t\t<\/div>","protected":false},"excerpt":{"rendered":"<p>El fen\u00f3meno puertorrique\u00f1o Dei V actuar\u00e1 en Madrid, Sevilla y Barcelona tras agotar tres fechas en el Coliseo de Puerto Rico El artista puertorrique\u00f1o Dei V, una de las figuras m\u00e1s destacadas de la nueva escena urbana, regresa a Espa\u00f1a en marzo como parte de su nueva gira mundial. El tour, que lleva el nombre [&hellip;]<\/p>\n","protected":false},"author":6,"featured_media":6241,"comment_status":"closed","ping_status":"closed","sticky":false,"template":"","format":"standard","meta":{"footnotes":""},"categories":[4],"tags":[],"class_list":["post-6239","post","type-post","status-publish","format-standard","has-post-thumbnail","hentry","category-musica"],"yoast_head":"<!-- This site is optimized with the Yoast SEO plugin v27.4 - https:\/\/yoast.com\/product\/yoast-seo-wordpress\/ -->\n<title>Dei V vuelve a Espa\u00f1a en marzo con su Underwater Tour<\/title>\n<meta name=\"description\" content=\"El fen\u00f3meno puertorrique\u00f1o Dei V actuar\u00e1 en Madrid, Sevilla y Barcelona tras agotar tres fechas en el Coliseo de Puerto Rico\" \/>\n<meta name=\"robots\" content=\"index, follow, max-snippet:-1, max-image-preview:large, max-video-preview:-1\" \/>\n<link rel=\"canonical\" href=\"https:\/\/unaymilletras.com\/en\/dei-v-vuelve-a-espana-en-marzo-con-su-underwater-tour\/\" \/>\n<meta property=\"og:locale\" content=\"en_GB\" \/>\n<meta property=\"og:type\" content=\"article\" \/>\n<meta property=\"og:title\" content=\"Dei V vuelve a Espa\u00f1a en marzo con su Underwater Tour\" \/>\n<meta property=\"og:description\" content=\"El fen\u00f3meno puertorrique\u00f1o Dei V actuar\u00e1 en Madrid, Sevilla y Barcelona tras agotar tres fechas en el Coliseo de Puerto Rico\" \/>\n<meta property=\"og:url\" content=\"https:\/\/unaymilletras.com\/en\/dei-v-vuelve-a-espana-en-marzo-con-su-underwater-tour\/\" \/>\n<meta property=\"og:site_name\" content=\"Una y Mil Letras\" \/>\n<meta property=\"article:published_time\" content=\"2025-10-29T17:00:00+00:00\" \/>\n<meta property=\"article:modified_time\" content=\"2025-11-05T10:23:52+00:00\" \/>\n<meta property=\"og:image\" content=\"http:\/\/unaymilletras.com\/wp-content\/uploads\/2025\/11\/Post-Tour-e1762338065456.jpg\" \/>\n\t<meta property=\"og:image:width\" content=\"600\" \/>\n\t<meta property=\"og:image:height\" content=\"750\" \/>\n\t<meta property=\"og:image:type\" content=\"image\/jpeg\" \/>\n<meta name=\"author\" content=\"Redacci\u00f3n\" \/>\n<meta name=\"twitter:card\" content=\"summary_large_image\" \/>\n<meta name=\"twitter:creator\" content=\"@UnaYMilLetras\" \/>\n<meta name=\"twitter:site\" content=\"@UnaYMilLetras\" \/>\n<meta name=\"twitter:label1\" content=\"Written by\" \/>\n\t<meta name=\"twitter:data1\" content=\"Redacci\u00f3n\" \/>\n\t<meta name=\"twitter:label2\" content=\"Estimated reading time\" \/>\n\t<meta name=\"twitter:data2\" content=\"3 minutes\" \/>\n<script type=\"application\/ld+json\" class=\"yoast-schema-graph\">{\"@context\":\"https:\\\/\\\/schema.org\",\"@graph\":[{\"@type\":\"Article\",\"@id\":\"https:\\\/\\\/unaymilletras.com\\\/dei-v-vuelve-a-espana-en-marzo-con-su-underwater-tour\\\/#article\",\"isPartOf\":{\"@id\":\"https:\\\/\\\/unaymilletras.com\\\/dei-v-vuelve-a-espana-en-marzo-con-su-underwater-tour\\\/\"},\"author\":{\"name\":\"Redacci\u00f3n\",\"@id\":\"http:\\\/\\\/unaymilletras.com\\\/#\\\/schema\\\/person\\\/0860dc8a218329991ee2c7591f4f849d\"},\"headline\":\"Dei V vuelve a Espa\u00f1a en marzo con su Underwater Tour\",\"datePublished\":\"2025-10-29T17:00:00+00:00\",\"dateModified\":\"2025-11-05T10:23:52+00:00\",\"mainEntityOfPage\":{\"@id\":\"https:\\\/\\\/unaymilletras.com\\\/dei-v-vuelve-a-espana-en-marzo-con-su-underwater-tour\\\/\"},\"wordCount\":426,\"publisher\":{\"@id\":\"http:\\\/\\\/unaymilletras.com\\\/#organization\"},\"image\":{\"@id\":\"https:\\\/\\\/unaymilletras.com\\\/dei-v-vuelve-a-espana-en-marzo-con-su-underwater-tour\\\/#primaryimage\"},\"thumbnailUrl\":\"https:\\\/\\\/unaymilletras.com\\\/wp-content\\\/uploads\\\/2025\\\/11\\\/Post-Tour-e1762338065456.jpg\",\"articleSection\":[\"M\u00fasica\"],\"inLanguage\":\"en-GB\"},{\"@type\":\"WebPage\",\"@id\":\"https:\\\/\\\/unaymilletras.com\\\/dei-v-vuelve-a-espana-en-marzo-con-su-underwater-tour\\\/\",\"url\":\"https:\\\/\\\/unaymilletras.com\\\/dei-v-vuelve-a-espana-en-marzo-con-su-underwater-tour\\\/\",\"name\":\"Dei V vuelve a Espa\u00f1a en marzo con su Underwater Tour\",\"isPartOf\":{\"@id\":\"http:\\\/\\\/unaymilletras.com\\\/#website\"},\"primaryImageOfPage\":{\"@id\":\"https:\\\/\\\/unaymilletras.com\\\/dei-v-vuelve-a-espana-en-marzo-con-su-underwater-tour\\\/#primaryimage\"},\"image\":{\"@id\":\"https:\\\/\\\/unaymilletras.com\\\/dei-v-vuelve-a-espana-en-marzo-con-su-underwater-tour\\\/#primaryimage\"},\"thumbnailUrl\":\"https:\\\/\\\/unaymilletras.com\\\/wp-content\\\/uploads\\\/2025\\\/11\\\/Post-Tour-e1762338065456.jpg\",\"datePublished\":\"2025-10-29T17:00:00+00:00\",\"dateModified\":\"2025-11-05T10:23:52+00:00\",\"description\":\"El fen\u00f3meno puertorrique\u00f1o Dei V actuar\u00e1 en Madrid, Sevilla y Barcelona tras agotar tres fechas en el Coliseo de Puerto Rico\",\"breadcrumb\":{\"@id\":\"https:\\\/\\\/unaymilletras.com\\\/dei-v-vuelve-a-espana-en-marzo-con-su-underwater-tour\\\/#breadcrumb\"},\"inLanguage\":\"en-GB\",\"potentialAction\":[{\"@type\":\"ReadAction\",\"target\":[\"https:\\\/\\\/unaymilletras.com\\\/dei-v-vuelve-a-espana-en-marzo-con-su-underwater-tour\\\/\"]}]},{\"@type\":\"ImageObject\",\"inLanguage\":\"en-GB\",\"@id\":\"https:\\\/\\\/unaymilletras.com\\\/dei-v-vuelve-a-espana-en-marzo-con-su-underwater-tour\\\/#primaryimage\",\"url\":\"https:\\\/\\\/unaymilletras.com\\\/wp-content\\\/uploads\\\/2025\\\/11\\\/Post-Tour-e1762338065456.jpg\",\"contentUrl\":\"https:\\\/\\\/unaymilletras.com\\\/wp-content\\\/uploads\\\/2025\\\/11\\\/Post-Tour-e1762338065456.jpg\",\"width\":600,\"height\":750,\"caption\":\"Dei V\"},{\"@type\":\"BreadcrumbList\",\"@id\":\"https:\\\/\\\/unaymilletras.com\\\/dei-v-vuelve-a-espana-en-marzo-con-su-underwater-tour\\\/#breadcrumb\",\"itemListElement\":[{\"@type\":\"ListItem\",\"position\":1,\"name\":\"Home\",\"item\":\"http:\\\/\\\/unaymilletras.com\\\/\"},{\"@type\":\"ListItem\",\"position\":2,\"name\":\"Dei V vuelve a Espa\u00f1a en marzo con su Underwater Tour\"}]},{\"@type\":\"WebSite\",\"@id\":\"http:\\\/\\\/unaymilletras.com\\\/#website\",\"url\":\"http:\\\/\\\/unaymilletras.com\\\/\",\"name\":\"Una y Mil Letras\",\"description\":\"\",\"publisher\":{\"@id\":\"http:\\\/\\\/unaymilletras.com\\\/#organization\"},\"potentialAction\":[{\"@type\":\"SearchAction\",\"target\":{\"@type\":\"EntryPoint\",\"urlTemplate\":\"http:\\\/\\\/unaymilletras.com\\\/?s={search_term_string}\"},\"query-input\":{\"@type\":\"PropertyValueSpecification\",\"valueRequired\":true,\"valueName\":\"search_term_string\"}}],\"inLanguage\":\"en-GB\"},{\"@type\":\"Organization\",\"@id\":\"http:\\\/\\\/unaymilletras.com\\\/#organization\",\"name\":\"Una y Mil Letras\",\"url\":\"http:\\\/\\\/unaymilletras.com\\\/\",\"logo\":{\"@type\":\"ImageObject\",\"inLanguage\":\"en-GB\",\"@id\":\"http:\\\/\\\/unaymilletras.com\\\/#\\\/schema\\\/logo\\\/image\\\/\",\"url\":\"https:\\\/\\\/unaymilletras.com\\\/wp-content\\\/uploads\\\/2024\\\/06\\\/cropped-Logo-removebg-preview.png\",\"contentUrl\":\"https:\\\/\\\/unaymilletras.com\\\/wp-content\\\/uploads\\\/2024\\\/06\\\/cropped-Logo-removebg-preview.png\",\"width\":512,\"height\":512,\"caption\":\"Una y Mil Letras\"},\"image\":{\"@id\":\"http:\\\/\\\/unaymilletras.com\\\/#\\\/schema\\\/logo\\\/image\\\/\"},\"sameAs\":[\"https:\\\/\\\/x.com\\\/UnaYMilLetras\",\"https:\\\/\\\/instagram.com\\\/UnaYMilLetras\"]},{\"@type\":\"Person\",\"@id\":\"http:\\\/\\\/unaymilletras.com\\\/#\\\/schema\\\/person\\\/0860dc8a218329991ee2c7591f4f849d\",\"name\":\"Redacci\u00f3n\",\"image\":{\"@type\":\"ImageObject\",\"inLanguage\":\"en-GB\",\"@id\":\"https:\\\/\\\/secure.gravatar.com\\\/avatar\\\/d8f55e05a8b6597e45c55a1dcbdbfe44f4a360d88b48e00de5216a79b7732796?s=96&d=mm&r=g\",\"url\":\"https:\\\/\\\/secure.gravatar.com\\\/avatar\\\/d8f55e05a8b6597e45c55a1dcbdbfe44f4a360d88b48e00de5216a79b7732796?s=96&d=mm&r=g\",\"contentUrl\":\"https:\\\/\\\/secure.gravatar.com\\\/avatar\\\/d8f55e05a8b6597e45c55a1dcbdbfe44f4a360d88b48e00de5216a79b7732796?s=96&d=mm&r=g\",\"caption\":\"Redacci\u00f3n\"},\"url\":\"https:\\\/\\\/unaymilletras.com\\\/en\\\/author\\\/redaccion\\\/\"}]}<\/script>\n<!-- \/ Yoast SEO plugin. -->","yoast_head_json":{"title":"Dei V vuelve a Espa\u00f1a en marzo con su Underwater Tour","description":"El fen\u00f3meno puertorrique\u00f1o Dei V actuar\u00e1 en Madrid, Sevilla y Barcelona tras agotar tres fechas en el Coliseo de Puerto Rico","robots":{"index":"index","follow":"follow","max-snippet":"max-snippet:-1","max-image-preview":"max-image-preview:large","max-video-preview":"max-video-preview:-1"},"canonical":"https:\/\/unaymilletras.com\/en\/dei-v-vuelve-a-espana-en-marzo-con-su-underwater-tour\/","og_locale":"en_GB","og_type":"article","og_title":"Dei V vuelve a Espa\u00f1a en marzo con su Underwater Tour","og_description":"El fen\u00f3meno puertorrique\u00f1o Dei V actuar\u00e1 en Madrid, Sevilla y Barcelona tras agotar tres fechas en el Coliseo de Puerto Rico","og_url":"https:\/\/unaymilletras.com\/en\/dei-v-vuelve-a-espana-en-marzo-con-su-underwater-tour\/","og_site_name":"Una y Mil Letras","article_published_time":"2025-10-29T17:00:00+00:00","article_modified_time":"2025-11-05T10:23:52+00:00","og_image":[{"width":600,"height":750,"url":"http:\/\/unaymilletras.com\/wp-content\/uploads\/2025\/11\/Post-Tour-e1762338065456.jpg","type":"image\/jpeg"}],"author":"Redacci\u00f3n","twitter_card":"summary_large_image","twitter_creator":"@UnaYMilLetras","twitter_site":"@UnaYMilLetras","twitter_misc":{"Written by":"Redacci\u00f3n","Estimated reading time":"3 minutes"},"schema":{"@context":"https:\/\/schema.org","@graph":[{"@type":"Article","@id":"https:\/\/unaymilletras.com\/dei-v-vuelve-a-espana-en-marzo-con-su-underwater-tour\/#article","isPartOf":{"@id":"https:\/\/unaymilletras.com\/dei-v-vuelve-a-espana-en-marzo-con-su-underwater-tour\/"},"author":{"name":"Redacci\u00f3n","@id":"http:\/\/unaymilletras.com\/#\/schema\/person\/0860dc8a218329991ee2c7591f4f849d"},"headline":"Dei V vuelve a Espa\u00f1a en marzo con su Underwater Tour","datePublished":"2025-10-29T17:00:00+00:00","dateModified":"2025-11-05T10:23:52+00:00","mainEntityOfPage":{"@id":"https:\/\/unaymilletras.com\/dei-v-vuelve-a-espana-en-marzo-con-su-underwater-tour\/"},"wordCount":426,"publisher":{"@id":"http:\/\/unaymilletras.com\/#organization"},"image":{"@id":"https:\/\/unaymilletras.com\/dei-v-vuelve-a-espana-en-marzo-con-su-underwater-tour\/#primaryimage"},"thumbnailUrl":"https:\/\/unaymilletras.com\/wp-content\/uploads\/2025\/11\/Post-Tour-e1762338065456.jpg","articleSection":["M\u00fasica"],"inLanguage":"en-GB"},{"@type":"WebPage","@id":"https:\/\/unaymilletras.com\/dei-v-vuelve-a-espana-en-marzo-con-su-underwater-tour\/","url":"https:\/\/unaymilletras.com\/dei-v-vuelve-a-espana-en-marzo-con-su-underwater-tour\/","name":"Dei V vuelve a Espa\u00f1a en marzo con su Underwater Tour","isPartOf":{"@id":"http:\/\/unaymilletras.com\/#website"},"primaryImageOfPage":{"@id":"https:\/\/unaymilletras.com\/dei-v-vuelve-a-espana-en-marzo-con-su-underwater-tour\/#primaryimage"},"image":{"@id":"https:\/\/unaymilletras.com\/dei-v-vuelve-a-espana-en-marzo-con-su-underwater-tour\/#primaryimage"},"thumbnailUrl":"https:\/\/unaymilletras.com\/wp-content\/uploads\/2025\/11\/Post-Tour-e1762338065456.jpg","datePublished":"2025-10-29T17:00:00+00:00","dateModified":"2025-11-05T10:23:52+00:00","description":"El fen\u00f3meno puertorrique\u00f1o Dei V actuar\u00e1 en Madrid, Sevilla y Barcelona tras agotar tres fechas en el Coliseo de Puerto Rico","breadcrumb":{"@id":"https:\/\/unaymilletras.com\/dei-v-vuelve-a-espana-en-marzo-con-su-underwater-tour\/#breadcrumb"},"inLanguage":"en-GB","potentialAction":[{"@type":"ReadAction","target":["https:\/\/unaymilletras.com\/dei-v-vuelve-a-espana-en-marzo-con-su-underwater-tour\/"]}]},{"@type":"ImageObject","inLanguage":"en-GB","@id":"https:\/\/unaymilletras.com\/dei-v-vuelve-a-espana-en-marzo-con-su-underwater-tour\/#primaryimage","url":"https:\/\/unaymilletras.com\/wp-content\/uploads\/2025\/11\/Post-Tour-e1762338065456.jpg","contentUrl":"https:\/\/unaymilletras.com\/wp-content\/uploads\/2025\/11\/Post-Tour-e1762338065456.jpg","width":600,"height":750,"caption":"Dei V"},{"@type":"BreadcrumbList","@id":"https:\/\/unaymilletras.com\/dei-v-vuelve-a-espana-en-marzo-con-su-underwater-tour\/#breadcrumb","itemListElement":[{"@type":"ListItem","position":1,"name":"Home","item":"http:\/\/unaymilletras.com\/"},{"@type":"ListItem","position":2,"name":"Dei V vuelve a Espa\u00f1a en marzo con su Underwater Tour"}]},{"@type":"WebSite","@id":"http:\/\/unaymilletras.com\/#website","url":"http:\/\/unaymilletras.com\/","name":"Una y Mil Letras","description":"","publisher":{"@id":"http:\/\/unaymilletras.com\/#organization"},"potentialAction":[{"@type":"SearchAction","target":{"@type":"EntryPoint","urlTemplate":"http:\/\/unaymilletras.com\/?s={search_term_string}"},"query-input":{"@type":"PropertyValueSpecification","valueRequired":true,"valueName":"search_term_string"}}],"inLanguage":"en-GB"},{"@type":"Organization","@id":"http:\/\/unaymilletras.com\/#organization","name":"Una y Mil Letras","url":"http:\/\/unaymilletras.com\/","logo":{"@type":"ImageObject","inLanguage":"en-GB","@id":"http:\/\/unaymilletras.com\/#\/schema\/logo\/image\/","url":"https:\/\/unaymilletras.com\/wp-content\/uploads\/2024\/06\/cropped-Logo-removebg-preview.png","contentUrl":"https:\/\/unaymilletras.com\/wp-content\/uploads\/2024\/06\/cropped-Logo-removebg-preview.png","width":512,"height":512,"caption":"Una y Mil Letras"},"image":{"@id":"http:\/\/unaymilletras.com\/#\/schema\/logo\/image\/"},"sameAs":["https:\/\/x.com\/UnaYMilLetras","https:\/\/instagram.com\/UnaYMilLetras"]},{"@type":"Person","@id":"http:\/\/unaymilletras.com\/#\/schema\/person\/0860dc8a218329991ee2c7591f4f849d","name":"Redacci\u00f3n","image":{"@type":"ImageObject","inLanguage":"en-GB","@id":"https:\/\/secure.gravatar.com\/avatar\/d8f55e05a8b6597e45c55a1dcbdbfe44f4a360d88b48e00de5216a79b7732796?s=96&d=mm&r=g","url":"https:\/\/secure.gravatar.com\/avatar\/d8f55e05a8b6597e45c55a1dcbdbfe44f4a360d88b48e00de5216a79b7732796?s=96&d=mm&r=g","contentUrl":"https:\/\/secure.gravatar.com\/avatar\/d8f55e05a8b6597e45c55a1dcbdbfe44f4a360d88b48e00de5216a79b7732796?s=96&d=mm&r=g","caption":"Redacci\u00f3n"},"url":"https:\/\/unaymilletras.com\/en\/author\/redaccion\/"}]}},"_links":{"self":[{"href":"https:\/\/unaymilletras.com\/en\/wp-json\/wp\/v2\/posts\/6239","targetHints":{"allow":["GET"]}}],"collection":[{"href":"https:\/\/unaymilletras.com\/en\/wp-json\/wp\/v2\/posts"}],"about":[{"href":"https:\/\/unaymilletras.com\/en\/wp-json\/wp\/v2\/types\/post"}],"author":[{"embeddable":true,"href":"https:\/\/unaymilletras.com\/en\/wp-json\/wp\/v2\/users\/6"}],"replies":[{"embeddable":true,"href":"https:\/\/unaymilletras.com\/en\/wp-json\/wp\/v2\/comments?post=6239"}],"version-history":[{"count":10,"href":"https:\/\/unaymilletras.com\/en\/wp-json\/wp\/v2\/posts\/6239\/revisions"}],"predecessor-version":[{"id":6250,"href":"https:\/\/unaymilletras.com\/en\/wp-json\/wp\/v2\/posts\/6239\/revisions\/6250"}],"wp:featuredmedia":[{"embeddable":true,"href":"https:\/\/unaymilletras.com\/en\/wp-json\/wp\/v2\/media\/6241"}],"wp:attachment":[{"href":"https:\/\/unaymilletras.com\/en\/wp-json\/wp\/v2\/media?parent=6239"}],"wp:term":[{"taxonomy":"category","embeddable":true,"href":"https:\/\/unaymilletras.com\/en\/wp-json\/wp\/v2\/categories?post=6239"},{"taxonomy":"post_tag","embeddable":true,"href":"https:\/\/unaymilletras.com\/en\/wp-json\/wp\/v2\/tags?post=6239"}],"curies":[{"name":"wp","href":"https:\/\/api.w.org\/{rel}","templated":true}]}}