{"id":625,"date":"2023-05-20T14:48:21","date_gmt":"2023-05-20T14:48:21","guid":{"rendered":"http:\/\/unaymilletras.com\/?p=625"},"modified":"2023-05-20T14:48:26","modified_gmt":"2023-05-20T14:48:26","slug":"nano-mz-el-nuevo-nombre-artistico-de-nano","status":"publish","type":"post","link":"https:\/\/unaymilletras.com\/en\/nano-mz-el-nuevo-nombre-artistico-de-nano\/","title":{"rendered":"Nano Mz, el nuevo nombre art\u00edstico de Nano."},"content":{"rendered":"<div data-elementor-type=\"wp-post\" data-elementor-id=\"625\" class=\"elementor elementor-625\">\n\t\t\t\t\t\t<section class=\"elementor-section elementor-top-section elementor-element elementor-element-267a3bc elementor-section-boxed elementor-section-height-default elementor-section-height-default\" data-id=\"267a3bc\" data-element_type=\"section\" data-e-type=\"section\">\n\t\t\t\t\t\t<div class=\"elementor-container elementor-column-gap-default\">\n\t\t\t\t\t<div class=\"elementor-column elementor-col-100 elementor-top-column elementor-element elementor-element-8ca8303\" data-id=\"8ca8303\" data-element_type=\"column\" data-e-type=\"column\">\n\t\t\t<div class=\"elementor-widget-wrap elementor-element-populated\">\n\t\t\t\t\t\t<div class=\"elementor-element elementor-element-feb22d7 elementor-widget elementor-widget-text-editor\" data-id=\"feb22d7\" data-element_type=\"widget\" data-e-type=\"widget\" data-widget_type=\"text-editor.default\">\n\t\t\t\t<div class=\"elementor-widget-container\">\n\t\t\t\t\t\t\t\t\t<h2><span style=\"color: #999999;\">\u00abA partir de ahora, mi m\u00fasica, mis redes sociales, y todo lo que envuelva mi proyecto musical, llevar\u00e1 el nombre de: Nano Mz\u00bb\u00a0<\/span><\/h2>\t\t\t\t\t\t\t\t<\/div>\n\t\t\t\t<\/div>\n\t\t\t\t\t<\/div>\n\t\t<\/div>\n\t\t\t\t\t<\/div>\n\t\t<\/section>\n\t\t\t\t<section class=\"elementor-section elementor-top-section elementor-element elementor-element-592a34d elementor-section-boxed elementor-section-height-default elementor-section-height-default\" data-id=\"592a34d\" data-element_type=\"section\" data-e-type=\"section\">\n\t\t\t\t\t\t<div class=\"elementor-container elementor-column-gap-default\">\n\t\t\t\t\t<div class=\"elementor-column elementor-col-100 elementor-top-column elementor-element elementor-element-a0ab5a9\" data-id=\"a0ab5a9\" data-element_type=\"column\" data-e-type=\"column\">\n\t\t\t<div class=\"elementor-widget-wrap elementor-element-populated\">\n\t\t\t\t\t\t<div class=\"elementor-element elementor-element-f39dde4 elementor-widget elementor-widget-text-editor\" data-id=\"f39dde4\" data-element_type=\"widget\" data-e-type=\"widget\" data-widget_type=\"text-editor.default\">\n\t\t\t\t<div class=\"elementor-widget-container\">\n\t\t\t\t\t\t\t\t\t<p>Tras la ola de confusiones que ha creado la confirmaci\u00f3n de <b>Nano.<\/b> en algunos de los festivales m\u00e1s importantes de Espa\u00f1a, el artista se cambiar\u00e1 su nombre art\u00edstico a <b>Nano Mz<\/b>.\u00a0<\/p>\t\t\t\t\t\t\t\t<\/div>\n\t\t\t\t<\/div>\n\t\t\t\t\t<\/div>\n\t\t<\/div>\n\t\t\t\t\t<\/div>\n\t\t<\/section>\n\t\t\t\t<section class=\"elementor-section elementor-top-section elementor-element elementor-element-75c6ebf elementor-section-boxed elementor-section-height-default elementor-section-height-default\" data-id=\"75c6ebf\" data-element_type=\"section\" data-e-type=\"section\">\n\t\t\t\t\t\t<div class=\"elementor-container elementor-column-gap-default\">\n\t\t\t\t\t<div class=\"elementor-column elementor-col-100 elementor-top-column elementor-element elementor-element-2cfbb7d\" data-id=\"2cfbb7d\" data-element_type=\"column\" data-e-type=\"column\">\n\t\t\t<div class=\"elementor-widget-wrap elementor-element-populated\">\n\t\t\t\t\t\t<div class=\"elementor-element elementor-element-3ee8967 elementor-widget elementor-widget-text-editor\" data-id=\"3ee8967\" data-element_type=\"widget\" data-e-type=\"widget\" data-widget_type=\"text-editor.default\">\n\t\t\t\t<div class=\"elementor-widget-container\">\n\t\t\t\t\t\t\t\t\t<h4><em><span style=\"color: #808080;\">\u00abPara poder diferenciarnos con mayor claridad de cara a los fans, promotores e incluso medios de comunicaci\u00f3n, nuestros equipos se han puesto de acuerdo en que hab\u00eda que tomar alguna medida\u00bb, Nano Mz.<\/span><\/em><\/h4>\t\t\t\t\t\t\t\t<\/div>\n\t\t\t\t<\/div>\n\t\t\t\t\t<\/div>\n\t\t<\/div>\n\t\t\t\t\t<\/div>\n\t\t<\/section>\n\t\t\t\t<section class=\"elementor-section elementor-top-section elementor-element elementor-element-36a02f3 elementor-section-boxed elementor-section-height-default elementor-section-height-default\" data-id=\"36a02f3\" data-element_type=\"section\" data-e-type=\"section\">\n\t\t\t\t\t\t<div class=\"elementor-container elementor-column-gap-default\">\n\t\t\t\t\t<div class=\"elementor-column elementor-col-50 elementor-top-column elementor-element elementor-element-f1addf0\" data-id=\"f1addf0\" data-element_type=\"column\" data-e-type=\"column\">\n\t\t\t<div class=\"elementor-widget-wrap elementor-element-populated\">\n\t\t\t\t\t\t<div class=\"elementor-element elementor-element-ee17c24 elementor-widget elementor-widget-image\" data-id=\"ee17c24\" data-element_type=\"widget\" data-e-type=\"widget\" data-widget_type=\"image.default\">\n\t\t\t\t<div class=\"elementor-widget-container\">\n\t\t\t\t\t\t\t\t\t\t\t\t<figure class=\"wp-caption\">\n\t\t\t\t\t\t\t\t\t\t<img fetchpriority=\"high\" decoding=\"async\" width=\"640\" height=\"640\" src=\"https:\/\/unaymilletras.com\/wp-content\/uploads\/2023\/05\/dj-nano-1024x1024.jpeg\" class=\"attachment-large size-large wp-image-635\" alt=\"\" srcset=\"https:\/\/unaymilletras.com\/wp-content\/uploads\/2023\/05\/dj-nano-1024x1024.jpeg 1024w, https:\/\/unaymilletras.com\/wp-content\/uploads\/2023\/05\/dj-nano-e1684593871798-300x300.jpeg 300w, https:\/\/unaymilletras.com\/wp-content\/uploads\/2023\/05\/dj-nano-e1684593871798-150x150.jpeg 150w, https:\/\/unaymilletras.com\/wp-content\/uploads\/2023\/05\/dj-nano-768x768.jpeg 768w, https:\/\/unaymilletras.com\/wp-content\/uploads\/2023\/05\/dj-nano-1536x1536.jpeg 1536w, https:\/\/unaymilletras.com\/wp-content\/uploads\/2023\/05\/dj-nano-e1684593871798.jpeg 600w\" sizes=\"(max-width: 640px) 100vw, 640px\" \/>\t\t\t\t\t\t\t\t\t\t\t<figcaption class=\"widget-image-caption wp-caption-text\">DJ Nano<\/figcaption>\n\t\t\t\t\t\t\t\t\t\t<\/figure>\n\t\t\t\t\t\t\t\t\t<\/div>\n\t\t\t\t<\/div>\n\t\t\t\t\t<\/div>\n\t\t<\/div>\n\t\t\t\t<div class=\"elementor-column elementor-col-50 elementor-top-column elementor-element elementor-element-910880d\" data-id=\"910880d\" data-element_type=\"column\" data-e-type=\"column\">\n\t\t\t<div class=\"elementor-widget-wrap elementor-element-populated\">\n\t\t\t\t\t\t<div class=\"elementor-element elementor-element-0cb113e elementor-widget elementor-widget-image\" data-id=\"0cb113e\" data-element_type=\"widget\" data-e-type=\"widget\" data-widget_type=\"image.default\">\n\t\t\t\t<div class=\"elementor-widget-container\">\n\t\t\t\t\t\t\t\t\t\t\t\t<figure class=\"wp-caption\">\n\t\t\t\t\t\t\t\t\t\t<img decoding=\"async\" width=\"640\" height=\"853\" src=\"https:\/\/unaymilletras.com\/wp-content\/uploads\/2023\/05\/nano-768x1024.jpeg\" class=\"attachment-large size-large wp-image-636\" alt=\"Nano Mz\" srcset=\"https:\/\/unaymilletras.com\/wp-content\/uploads\/2023\/05\/nano-768x1024.jpeg 768w, https:\/\/unaymilletras.com\/wp-content\/uploads\/2023\/05\/nano-e1684593809275-225x300.jpeg 225w, https:\/\/unaymilletras.com\/wp-content\/uploads\/2023\/05\/nano-1152x1536.jpeg 1152w, https:\/\/unaymilletras.com\/wp-content\/uploads\/2023\/05\/nano-1024x1365.jpeg 1024w, https:\/\/unaymilletras.com\/wp-content\/uploads\/2023\/05\/nano-e1684593809275.jpeg 600w\" sizes=\"(max-width: 640px) 100vw, 640px\" \/>\t\t\t\t\t\t\t\t\t\t\t<figcaption class=\"widget-image-caption wp-caption-text\">Nano Mz<\/figcaption>\n\t\t\t\t\t\t\t\t\t\t<\/figure>\n\t\t\t\t\t\t\t\t\t<\/div>\n\t\t\t\t<\/div>\n\t\t\t\t\t<\/div>\n\t\t<\/div>\n\t\t\t\t\t<\/div>\n\t\t<\/section>\n\t\t\t\t<section class=\"elementor-section elementor-top-section elementor-element elementor-element-5213971 elementor-section-boxed elementor-section-height-default elementor-section-height-default\" data-id=\"5213971\" data-element_type=\"section\" data-e-type=\"section\">\n\t\t\t\t\t\t<div class=\"elementor-container elementor-column-gap-default\">\n\t\t\t\t\t<div class=\"elementor-column elementor-col-100 elementor-top-column elementor-element elementor-element-58df1aa\" data-id=\"58df1aa\" data-element_type=\"column\" data-e-type=\"column\">\n\t\t\t<div class=\"elementor-widget-wrap elementor-element-populated\">\n\t\t\t\t\t\t<div class=\"elementor-element elementor-element-428707e elementor-widget elementor-widget-text-editor\" data-id=\"428707e\" data-element_type=\"widget\" data-e-type=\"widget\" data-widget_type=\"text-editor.default\">\n\t\t\t\t<div class=\"elementor-widget-container\">\n\t\t\t\t\t\t\t\t\t<p>La noticia la ha dado <a href=\"https:\/\/open.spotify.com\/artist\/4ixkwHeiUM9SF9WaJ0GHwn?si=T76hB29_SCCgIY2UGM5wqw\">Nano Mz<\/a> a trav\u00e9s de un comunicado publicado en su cuenta de <a href=\"https:\/\/twitter.com\/nanomzzz\">Twitter<\/a>, donde asegura que, despu\u00e9s de reunirse, concluyeron que <a href=\"https:\/\/open.spotify.com\/artist\/3bxfcfxKQ7rbS93s7jZhiw?si=z_J18B3BTtqLc4boOs9BOg\">Dj Nano<\/a> conservar\u00eda su nombre, respetando as\u00ed su trayectoria de d\u00e9cadas y a \u00e9l. Por su parte, Nano. cambiar\u00eda su pseud\u00f3nimo con el fin de evitar futuros problemas entre ambos.\u00a0<\/p>\t\t\t\t\t\t\t\t<\/div>\n\t\t\t\t<\/div>\n\t\t\t\t\t<\/div>\n\t\t<\/div>\n\t\t\t\t\t<\/div>\n\t\t<\/section>\n\t\t\t\t<section class=\"elementor-section elementor-top-section elementor-element elementor-element-57bb171 elementor-section-boxed elementor-section-height-default elementor-section-height-default\" data-id=\"57bb171\" data-element_type=\"section\" data-e-type=\"section\">\n\t\t\t\t\t\t<div class=\"elementor-container elementor-column-gap-default\">\n\t\t\t\t\t<div class=\"elementor-column elementor-col-100 elementor-top-column elementor-element elementor-element-e619b90\" data-id=\"e619b90\" data-element_type=\"column\" data-e-type=\"column\">\n\t\t\t<div class=\"elementor-widget-wrap elementor-element-populated\">\n\t\t\t\t\t\t<div class=\"elementor-element elementor-element-b4c85cb elementor-widget elementor-widget-text-editor\" data-id=\"b4c85cb\" data-element_type=\"widget\" data-e-type=\"widget\" data-widget_type=\"text-editor.default\">\n\t\t\t\t<div class=\"elementor-widget-container\">\n\t\t\t\t\t\t\t\t\t<p>Este nuevo nombre art\u00edstico viene de su nombre original (Nano) y su primer apellido (Mart\u00ednez). El artista ha agradecido tanto a Dj Nano como a su equipo la amabilidad que han tenido y el hecho de que le hayan permitido conservar su nombre pues, seg\u00fan asegura: \u00abal fin y al cabo mi familia y amigos me llaman Nano desde que nac\u00ed, este soy yo, no es un alter ego del artista\u00bb. Siempre ha querido mantener su esencia en todo lo que hace.\u00a0<\/p>\t\t\t\t\t\t\t\t<\/div>\n\t\t\t\t<\/div>\n\t\t\t\t\t<\/div>\n\t\t<\/div>\n\t\t\t\t\t<\/div>\n\t\t<\/section>\n\t\t\t\t<section class=\"elementor-section elementor-top-section elementor-element elementor-element-c586cc3 elementor-section-boxed elementor-section-height-default elementor-section-height-default\" data-id=\"c586cc3\" data-element_type=\"section\" data-e-type=\"section\">\n\t\t\t\t\t\t<div class=\"elementor-container elementor-column-gap-default\">\n\t\t\t\t\t<div class=\"elementor-column elementor-col-100 elementor-top-column elementor-element elementor-element-1e5a38d\" data-id=\"1e5a38d\" data-element_type=\"column\" data-e-type=\"column\">\n\t\t\t<div class=\"elementor-widget-wrap elementor-element-populated\">\n\t\t\t\t\t\t<div class=\"elementor-element elementor-element-0a7399d elementor-widget elementor-widget-text-editor\" data-id=\"0a7399d\" data-element_type=\"widget\" data-e-type=\"widget\" data-widget_type=\"text-editor.default\">\n\t\t\t\t<div class=\"elementor-widget-container\">\n\t\t\t\t\t\t\t\t\t<p>Este cambio ha obligado a Nano Mz a retrasar algunos de los estrenos que ten\u00eda previstos ya que, a pesar de ser un peque\u00f1o cambio, es un proceso lento que requiere bastante tiempo. El cantante finaliza el comunicado anunciando que pronto habr\u00e1 m\u00fasica nueva y con humor. \u00abCon mucho amor: Nano Mz (Dj Nano no, el otro, el que canta)\u00bb, se despide.\u00a0<\/p>\t\t\t\t\t\t\t\t<\/div>\n\t\t\t\t<\/div>\n\t\t\t\t\t<\/div>\n\t\t<\/div>\n\t\t\t\t\t<\/div>\n\t\t<\/section>\n\t\t\t\t<section class=\"elementor-section elementor-top-section elementor-element elementor-element-a75ae87 elementor-section-boxed elementor-section-height-default elementor-section-height-default\" data-id=\"a75ae87\" data-element_type=\"section\" data-e-type=\"section\">\n\t\t\t\t\t\t<div class=\"elementor-container elementor-column-gap-default\">\n\t\t\t\t\t<div class=\"elementor-column elementor-col-100 elementor-top-column elementor-element elementor-element-c251aed\" data-id=\"c251aed\" data-element_type=\"column\" data-e-type=\"column\">\n\t\t\t<div class=\"elementor-widget-wrap elementor-element-populated\">\n\t\t\t\t\t\t<div class=\"elementor-element elementor-element-ea85db0 elementor-widget elementor-widget-image\" data-id=\"ea85db0\" data-element_type=\"widget\" data-e-type=\"widget\" data-widget_type=\"image.default\">\n\t\t\t\t<div class=\"elementor-widget-container\">\n\t\t\t\t\t\t\t\t\t\t\t\t<figure class=\"wp-caption\">\n\t\t\t\t\t\t\t\t\t\t<img decoding=\"async\" width=\"640\" height=\"616\" src=\"https:\/\/unaymilletras.com\/wp-content\/uploads\/2023\/05\/nano.-concierto.jpeg\" class=\"attachment-large size-large wp-image-637\" alt=\"Nano Mz\" srcset=\"https:\/\/unaymilletras.com\/wp-content\/uploads\/2023\/05\/nano.-concierto.jpeg 749w, https:\/\/unaymilletras.com\/wp-content\/uploads\/2023\/05\/nano.-concierto-300x289.jpeg 300w\" sizes=\"(max-width: 640px) 100vw, 640px\" \/>\t\t\t\t\t\t\t\t\t\t\t<figcaption class=\"widget-image-caption wp-caption-text\">Nano Mz en concierto<\/figcaption>\n\t\t\t\t\t\t\t\t\t\t<\/figure>\n\t\t\t\t\t\t\t\t\t<\/div>\n\t\t\t\t<\/div>\n\t\t\t\t\t<\/div>\n\t\t<\/div>\n\t\t\t\t\t<\/div>\n\t\t<\/section>\n\t\t\t\t<section class=\"elementor-section elementor-top-section elementor-element elementor-element-366170a elementor-section-boxed elementor-section-height-default elementor-section-height-default\" data-id=\"366170a\" data-element_type=\"section\" data-e-type=\"section\">\n\t\t\t\t\t\t<div class=\"elementor-container elementor-column-gap-default\">\n\t\t\t\t\t<div class=\"elementor-column elementor-col-100 elementor-top-column elementor-element elementor-element-25c4bbf\" data-id=\"25c4bbf\" data-element_type=\"column\" data-e-type=\"column\">\n\t\t\t<div class=\"elementor-widget-wrap elementor-element-populated\">\n\t\t\t\t\t\t<div class=\"elementor-element elementor-element-43103c1 elementor-widget elementor-widget-text-editor\" data-id=\"43103c1\" data-element_type=\"widget\" data-e-type=\"widget\" data-widget_type=\"text-editor.default\">\n\t\t\t\t<div class=\"elementor-widget-container\">\n\t\t\t\t\t\t\t\t\t<p>Nano comenz\u00f3 en la m\u00fasica como productor y en 2018 escribi\u00f3 sus primeras letras a los 18 a\u00f1os. A los 20 dej\u00f3 todo atr\u00e1s mud\u00e1ndose a Madrid ya que quiso centrarse en la m\u00fasica.&nbsp;<\/p>\n<p>En 2021 algunos de sus v\u00eddeos fueron un boom en redes hasta que consigui\u00f3 que su m\u00fasica llegase a la televisi\u00f3n, siendo usada en la serie <em>Entrev\u00edas<\/em>. Esto fue un gran empuj\u00f3n para \u00e9l, que se convirti\u00f3 en uno de los artistas espa\u00f1oles emergentes con mayor crecimiento, logrando un Sold Out en su primer concierto un mes antes de que tuviese lugar.<\/p>\n<p>M\u00e1s tarde, en 2022, lanza <i><a href=\"https:\/\/open.spotify.com\/album\/0NiwV8XfcQsJnZZOzOp2u0?si=eFeg6wGmQ9e_nUaHmZu3zA\">Pa tu Carita<\/a><\/i>, su primer \u00e1lbum que ya cuenta con m\u00e1s de 3,3 millones de reproducciones en Spotify, llegando a obtener un peak de 330.000 oyentes.&nbsp;<\/p>\t\t\t\t\t\t\t\t<\/div>\n\t\t\t\t<\/div>\n\t\t\t\t\t<\/div>\n\t\t<\/div>\n\t\t\t\t\t<\/div>\n\t\t<\/section>\n\t\t\t\t<\/div>","protected":false},"excerpt":{"rendered":"<p>\u00abA partir de ahora, mi m\u00fasica, mis redes sociales, y todo lo que envuelva mi proyecto musical, llevar\u00e1 el nombre de: Nano Mz\u00bb&nbsp; Tras la ola de confusiones que ha creado la confirmaci\u00f3n de Nano. en algunos de los festivales m\u00e1s importantes de Espa\u00f1a, el artista se cambiar\u00e1 su nombre art\u00edstico a Nano Mz.&nbsp; \u00abPara [&hellip;]<\/p>\n","protected":false},"author":1,"featured_media":636,"comment_status":"open","ping_status":"open","sticky":false,"template":"","format":"standard","meta":{"footnotes":""},"categories":[4],"tags":[],"class_list":["post-625","post","type-post","status-publish","format-standard","has-post-thumbnail","hentry","category-musica"],"yoast_head":"<!-- This site is optimized with the Yoast SEO plugin v27.4 - https:\/\/yoast.com\/product\/yoast-seo-wordpress\/ -->\n<title>Nano Mz, el nuevo nombre art\u00edstico de Nano. &#8902; Una y Mil Letras<\/title>\n<meta name=\"description\" content=\"Tras la ola de confusiones que ha creado la confirmaci\u00f3n de Nano. en algunos festivales, el artista se cambiar\u00e1 su nombre art\u00edstico a Nano Mz\" \/>\n<meta name=\"robots\" content=\"index, follow, max-snippet:-1, max-image-preview:large, max-video-preview:-1\" \/>\n<link rel=\"canonical\" href=\"https:\/\/unaymilletras.com\/en\/nano-mz-el-nuevo-nombre-artistico-de-nano\/\" \/>\n<meta property=\"og:locale\" content=\"en_GB\" \/>\n<meta property=\"og:type\" content=\"article\" \/>\n<meta property=\"og:title\" content=\"Nano Mz, el nuevo nombre art\u00edstico de Nano. &#8902; Una y Mil Letras\" \/>\n<meta property=\"og:description\" content=\"Tras la ola de confusiones que ha creado la confirmaci\u00f3n de Nano. en algunos festivales, el artista se cambiar\u00e1 su nombre art\u00edstico a Nano Mz\" \/>\n<meta property=\"og:url\" content=\"https:\/\/unaymilletras.com\/en\/nano-mz-el-nuevo-nombre-artistico-de-nano\/\" \/>\n<meta property=\"og:site_name\" content=\"Una y Mil Letras\" \/>\n<meta property=\"article:published_time\" content=\"2023-05-20T14:48:21+00:00\" \/>\n<meta property=\"article:modified_time\" content=\"2023-05-20T14:48:26+00:00\" \/>\n<meta property=\"og:image\" content=\"https:\/\/unaymilletras.com\/wp-content\/uploads\/2023\/05\/nano-e1684593809275.jpeg\" \/>\n\t<meta property=\"og:image:width\" content=\"600\" \/>\n\t<meta property=\"og:image:height\" content=\"800\" \/>\n\t<meta property=\"og:image:type\" content=\"image\/jpeg\" \/>\n<meta name=\"author\" content=\"Maria Gil Robledo\" \/>\n<meta name=\"twitter:card\" content=\"summary_large_image\" \/>\n<meta name=\"twitter:creator\" content=\"@UnaYMilLetras\" \/>\n<meta name=\"twitter:site\" content=\"@UnaYMilLetras\" \/>\n<meta name=\"twitter:label1\" content=\"Written by\" \/>\n\t<meta name=\"twitter:data1\" content=\"Maria Gil Robledo\" \/>\n\t<meta name=\"twitter:label2\" content=\"Estimated reading time\" \/>\n\t<meta name=\"twitter:data2\" content=\"3 minutes\" \/>\n<script type=\"application\/ld+json\" class=\"yoast-schema-graph\">{\"@context\":\"https:\\\/\\\/schema.org\",\"@graph\":[{\"@type\":\"Article\",\"@id\":\"https:\\\/\\\/unaymilletras.com\\\/nano-mz-el-nuevo-nombre-artistico-de-nano\\\/#article\",\"isPartOf\":{\"@id\":\"https:\\\/\\\/unaymilletras.com\\\/nano-mz-el-nuevo-nombre-artistico-de-nano\\\/\"},\"author\":{\"name\":\"Maria Gil Robledo\",\"@id\":\"http:\\\/\\\/unaymilletras.com\\\/#\\\/schema\\\/person\\\/d55ba681b8a4e463d8982dbe36a5dc94\"},\"headline\":\"Nano Mz, el nuevo nombre art\u00edstico de Nano.\",\"datePublished\":\"2023-05-20T14:48:21+00:00\",\"dateModified\":\"2023-05-20T14:48:26+00:00\",\"mainEntityOfPage\":{\"@id\":\"https:\\\/\\\/unaymilletras.com\\\/nano-mz-el-nuevo-nombre-artistico-de-nano\\\/\"},\"wordCount\":463,\"commentCount\":0,\"publisher\":{\"@id\":\"http:\\\/\\\/unaymilletras.com\\\/#organization\"},\"image\":{\"@id\":\"https:\\\/\\\/unaymilletras.com\\\/nano-mz-el-nuevo-nombre-artistico-de-nano\\\/#primaryimage\"},\"thumbnailUrl\":\"https:\\\/\\\/unaymilletras.com\\\/wp-content\\\/uploads\\\/2023\\\/05\\\/nano-e1684593809275.jpeg\",\"articleSection\":[\"M\u00fasica\"],\"inLanguage\":\"en-GB\",\"potentialAction\":[{\"@type\":\"CommentAction\",\"name\":\"Comment\",\"target\":[\"https:\\\/\\\/unaymilletras.com\\\/nano-mz-el-nuevo-nombre-artistico-de-nano\\\/#respond\"]}]},{\"@type\":\"WebPage\",\"@id\":\"https:\\\/\\\/unaymilletras.com\\\/nano-mz-el-nuevo-nombre-artistico-de-nano\\\/\",\"url\":\"https:\\\/\\\/unaymilletras.com\\\/nano-mz-el-nuevo-nombre-artistico-de-nano\\\/\",\"name\":\"Nano Mz, el nuevo nombre art\u00edstico de Nano. &#8902; Una y Mil Letras\",\"isPartOf\":{\"@id\":\"http:\\\/\\\/unaymilletras.com\\\/#website\"},\"primaryImageOfPage\":{\"@id\":\"https:\\\/\\\/unaymilletras.com\\\/nano-mz-el-nuevo-nombre-artistico-de-nano\\\/#primaryimage\"},\"image\":{\"@id\":\"https:\\\/\\\/unaymilletras.com\\\/nano-mz-el-nuevo-nombre-artistico-de-nano\\\/#primaryimage\"},\"thumbnailUrl\":\"https:\\\/\\\/unaymilletras.com\\\/wp-content\\\/uploads\\\/2023\\\/05\\\/nano-e1684593809275.jpeg\",\"datePublished\":\"2023-05-20T14:48:21+00:00\",\"dateModified\":\"2023-05-20T14:48:26+00:00\",\"description\":\"Tras la ola de confusiones que ha creado la confirmaci\u00f3n de Nano. en algunos festivales, el artista se cambiar\u00e1 su nombre art\u00edstico a Nano Mz\",\"breadcrumb\":{\"@id\":\"https:\\\/\\\/unaymilletras.com\\\/nano-mz-el-nuevo-nombre-artistico-de-nano\\\/#breadcrumb\"},\"inLanguage\":\"en-GB\",\"potentialAction\":[{\"@type\":\"ReadAction\",\"target\":[\"https:\\\/\\\/unaymilletras.com\\\/nano-mz-el-nuevo-nombre-artistico-de-nano\\\/\"]}]},{\"@type\":\"ImageObject\",\"inLanguage\":\"en-GB\",\"@id\":\"https:\\\/\\\/unaymilletras.com\\\/nano-mz-el-nuevo-nombre-artistico-de-nano\\\/#primaryimage\",\"url\":\"https:\\\/\\\/unaymilletras.com\\\/wp-content\\\/uploads\\\/2023\\\/05\\\/nano-e1684593809275.jpeg\",\"contentUrl\":\"https:\\\/\\\/unaymilletras.com\\\/wp-content\\\/uploads\\\/2023\\\/05\\\/nano-e1684593809275.jpeg\",\"width\":600,\"height\":800,\"caption\":\"Nano Mz\"},{\"@type\":\"BreadcrumbList\",\"@id\":\"https:\\\/\\\/unaymilletras.com\\\/nano-mz-el-nuevo-nombre-artistico-de-nano\\\/#breadcrumb\",\"itemListElement\":[{\"@type\":\"ListItem\",\"position\":1,\"name\":\"Home\",\"item\":\"http:\\\/\\\/unaymilletras.com\\\/\"},{\"@type\":\"ListItem\",\"position\":2,\"name\":\"Nano Mz, el nuevo nombre art\u00edstico de Nano.\"}]},{\"@type\":\"WebSite\",\"@id\":\"http:\\\/\\\/unaymilletras.com\\\/#website\",\"url\":\"http:\\\/\\\/unaymilletras.com\\\/\",\"name\":\"Una y Mil Letras\",\"description\":\"\",\"publisher\":{\"@id\":\"http:\\\/\\\/unaymilletras.com\\\/#organization\"},\"potentialAction\":[{\"@type\":\"SearchAction\",\"target\":{\"@type\":\"EntryPoint\",\"urlTemplate\":\"http:\\\/\\\/unaymilletras.com\\\/?s={search_term_string}\"},\"query-input\":{\"@type\":\"PropertyValueSpecification\",\"valueRequired\":true,\"valueName\":\"search_term_string\"}}],\"inLanguage\":\"en-GB\"},{\"@type\":\"Organization\",\"@id\":\"http:\\\/\\\/unaymilletras.com\\\/#organization\",\"name\":\"Una y Mil Letras\",\"url\":\"http:\\\/\\\/unaymilletras.com\\\/\",\"logo\":{\"@type\":\"ImageObject\",\"inLanguage\":\"en-GB\",\"@id\":\"http:\\\/\\\/unaymilletras.com\\\/#\\\/schema\\\/logo\\\/image\\\/\",\"url\":\"https:\\\/\\\/unaymilletras.com\\\/wp-content\\\/uploads\\\/2024\\\/06\\\/cropped-Logo-removebg-preview.png\",\"contentUrl\":\"https:\\\/\\\/unaymilletras.com\\\/wp-content\\\/uploads\\\/2024\\\/06\\\/cropped-Logo-removebg-preview.png\",\"width\":512,\"height\":512,\"caption\":\"Una y Mil Letras\"},\"image\":{\"@id\":\"http:\\\/\\\/unaymilletras.com\\\/#\\\/schema\\\/logo\\\/image\\\/\"},\"sameAs\":[\"https:\\\/\\\/x.com\\\/UnaYMilLetras\",\"https:\\\/\\\/instagram.com\\\/UnaYMilLetras\"]},{\"@type\":\"Person\",\"@id\":\"http:\\\/\\\/unaymilletras.com\\\/#\\\/schema\\\/person\\\/d55ba681b8a4e463d8982dbe36a5dc94\",\"name\":\"Maria Gil Robledo\",\"image\":{\"@type\":\"ImageObject\",\"inLanguage\":\"en-GB\",\"@id\":\"https:\\\/\\\/secure.gravatar.com\\\/avatar\\\/4b8e5102e0015789407eb4870b12f0f2857952d83ca124058f92b764bd1840c3?s=96&d=mm&r=g\",\"url\":\"https:\\\/\\\/secure.gravatar.com\\\/avatar\\\/4b8e5102e0015789407eb4870b12f0f2857952d83ca124058f92b764bd1840c3?s=96&d=mm&r=g\",\"contentUrl\":\"https:\\\/\\\/secure.gravatar.com\\\/avatar\\\/4b8e5102e0015789407eb4870b12f0f2857952d83ca124058f92b764bd1840c3?s=96&d=mm&r=g\",\"caption\":\"Maria Gil Robledo\"},\"sameAs\":[\"http:\\\/\\\/unaymilletras.com\"],\"url\":\"https:\\\/\\\/unaymilletras.com\\\/en\\\/author\\\/mariiagiil02_\\\/\"}]}<\/script>\n<!-- \/ Yoast SEO plugin. -->","yoast_head_json":{"title":"Nano Mz, el nuevo nombre art\u00edstico de Nano. &#8902; Una y Mil Letras","description":"Tras la ola de confusiones que ha creado la confirmaci\u00f3n de Nano. en algunos festivales, el artista se cambiar\u00e1 su nombre art\u00edstico a Nano Mz","robots":{"index":"index","follow":"follow","max-snippet":"max-snippet:-1","max-image-preview":"max-image-preview:large","max-video-preview":"max-video-preview:-1"},"canonical":"https:\/\/unaymilletras.com\/en\/nano-mz-el-nuevo-nombre-artistico-de-nano\/","og_locale":"en_GB","og_type":"article","og_title":"Nano Mz, el nuevo nombre art\u00edstico de Nano. &#8902; Una y Mil Letras","og_description":"Tras la ola de confusiones que ha creado la confirmaci\u00f3n de Nano. en algunos festivales, el artista se cambiar\u00e1 su nombre art\u00edstico a Nano Mz","og_url":"https:\/\/unaymilletras.com\/en\/nano-mz-el-nuevo-nombre-artistico-de-nano\/","og_site_name":"Una y Mil Letras","article_published_time":"2023-05-20T14:48:21+00:00","article_modified_time":"2023-05-20T14:48:26+00:00","og_image":[{"width":600,"height":800,"url":"https:\/\/unaymilletras.com\/wp-content\/uploads\/2023\/05\/nano-e1684593809275.jpeg","type":"image\/jpeg"}],"author":"Maria Gil Robledo","twitter_card":"summary_large_image","twitter_creator":"@UnaYMilLetras","twitter_site":"@UnaYMilLetras","twitter_misc":{"Written by":"Maria Gil Robledo","Estimated reading time":"3 minutes"},"schema":{"@context":"https:\/\/schema.org","@graph":[{"@type":"Article","@id":"https:\/\/unaymilletras.com\/nano-mz-el-nuevo-nombre-artistico-de-nano\/#article","isPartOf":{"@id":"https:\/\/unaymilletras.com\/nano-mz-el-nuevo-nombre-artistico-de-nano\/"},"author":{"name":"Maria Gil Robledo","@id":"http:\/\/unaymilletras.com\/#\/schema\/person\/d55ba681b8a4e463d8982dbe36a5dc94"},"headline":"Nano Mz, el nuevo nombre art\u00edstico de Nano.","datePublished":"2023-05-20T14:48:21+00:00","dateModified":"2023-05-20T14:48:26+00:00","mainEntityOfPage":{"@id":"https:\/\/unaymilletras.com\/nano-mz-el-nuevo-nombre-artistico-de-nano\/"},"wordCount":463,"commentCount":0,"publisher":{"@id":"http:\/\/unaymilletras.com\/#organization"},"image":{"@id":"https:\/\/unaymilletras.com\/nano-mz-el-nuevo-nombre-artistico-de-nano\/#primaryimage"},"thumbnailUrl":"https:\/\/unaymilletras.com\/wp-content\/uploads\/2023\/05\/nano-e1684593809275.jpeg","articleSection":["M\u00fasica"],"inLanguage":"en-GB","potentialAction":[{"@type":"CommentAction","name":"Comment","target":["https:\/\/unaymilletras.com\/nano-mz-el-nuevo-nombre-artistico-de-nano\/#respond"]}]},{"@type":"WebPage","@id":"https:\/\/unaymilletras.com\/nano-mz-el-nuevo-nombre-artistico-de-nano\/","url":"https:\/\/unaymilletras.com\/nano-mz-el-nuevo-nombre-artistico-de-nano\/","name":"Nano Mz, el nuevo nombre art\u00edstico de Nano. &#8902; Una y Mil Letras","isPartOf":{"@id":"http:\/\/unaymilletras.com\/#website"},"primaryImageOfPage":{"@id":"https:\/\/unaymilletras.com\/nano-mz-el-nuevo-nombre-artistico-de-nano\/#primaryimage"},"image":{"@id":"https:\/\/unaymilletras.com\/nano-mz-el-nuevo-nombre-artistico-de-nano\/#primaryimage"},"thumbnailUrl":"https:\/\/unaymilletras.com\/wp-content\/uploads\/2023\/05\/nano-e1684593809275.jpeg","datePublished":"2023-05-20T14:48:21+00:00","dateModified":"2023-05-20T14:48:26+00:00","description":"Tras la ola de confusiones que ha creado la confirmaci\u00f3n de Nano. en algunos festivales, el artista se cambiar\u00e1 su nombre art\u00edstico a Nano Mz","breadcrumb":{"@id":"https:\/\/unaymilletras.com\/nano-mz-el-nuevo-nombre-artistico-de-nano\/#breadcrumb"},"inLanguage":"en-GB","potentialAction":[{"@type":"ReadAction","target":["https:\/\/unaymilletras.com\/nano-mz-el-nuevo-nombre-artistico-de-nano\/"]}]},{"@type":"ImageObject","inLanguage":"en-GB","@id":"https:\/\/unaymilletras.com\/nano-mz-el-nuevo-nombre-artistico-de-nano\/#primaryimage","url":"https:\/\/unaymilletras.com\/wp-content\/uploads\/2023\/05\/nano-e1684593809275.jpeg","contentUrl":"https:\/\/unaymilletras.com\/wp-content\/uploads\/2023\/05\/nano-e1684593809275.jpeg","width":600,"height":800,"caption":"Nano Mz"},{"@type":"BreadcrumbList","@id":"https:\/\/unaymilletras.com\/nano-mz-el-nuevo-nombre-artistico-de-nano\/#breadcrumb","itemListElement":[{"@type":"ListItem","position":1,"name":"Home","item":"http:\/\/unaymilletras.com\/"},{"@type":"ListItem","position":2,"name":"Nano Mz, el nuevo nombre art\u00edstico de Nano."}]},{"@type":"WebSite","@id":"http:\/\/unaymilletras.com\/#website","url":"http:\/\/unaymilletras.com\/","name":"Una y Mil Letras","description":"","publisher":{"@id":"http:\/\/unaymilletras.com\/#organization"},"potentialAction":[{"@type":"SearchAction","target":{"@type":"EntryPoint","urlTemplate":"http:\/\/unaymilletras.com\/?s={search_term_string}"},"query-input":{"@type":"PropertyValueSpecification","valueRequired":true,"valueName":"search_term_string"}}],"inLanguage":"en-GB"},{"@type":"Organization","@id":"http:\/\/unaymilletras.com\/#organization","name":"Una y Mil Letras","url":"http:\/\/unaymilletras.com\/","logo":{"@type":"ImageObject","inLanguage":"en-GB","@id":"http:\/\/unaymilletras.com\/#\/schema\/logo\/image\/","url":"https:\/\/unaymilletras.com\/wp-content\/uploads\/2024\/06\/cropped-Logo-removebg-preview.png","contentUrl":"https:\/\/unaymilletras.com\/wp-content\/uploads\/2024\/06\/cropped-Logo-removebg-preview.png","width":512,"height":512,"caption":"Una y Mil Letras"},"image":{"@id":"http:\/\/unaymilletras.com\/#\/schema\/logo\/image\/"},"sameAs":["https:\/\/x.com\/UnaYMilLetras","https:\/\/instagram.com\/UnaYMilLetras"]},{"@type":"Person","@id":"http:\/\/unaymilletras.com\/#\/schema\/person\/d55ba681b8a4e463d8982dbe36a5dc94","name":"Maria Gil Robledo","image":{"@type":"ImageObject","inLanguage":"en-GB","@id":"https:\/\/secure.gravatar.com\/avatar\/4b8e5102e0015789407eb4870b12f0f2857952d83ca124058f92b764bd1840c3?s=96&d=mm&r=g","url":"https:\/\/secure.gravatar.com\/avatar\/4b8e5102e0015789407eb4870b12f0f2857952d83ca124058f92b764bd1840c3?s=96&d=mm&r=g","contentUrl":"https:\/\/secure.gravatar.com\/avatar\/4b8e5102e0015789407eb4870b12f0f2857952d83ca124058f92b764bd1840c3?s=96&d=mm&r=g","caption":"Maria Gil Robledo"},"sameAs":["http:\/\/unaymilletras.com"],"url":"https:\/\/unaymilletras.com\/en\/author\/mariiagiil02_\/"}]}},"_links":{"self":[{"href":"https:\/\/unaymilletras.com\/en\/wp-json\/wp\/v2\/posts\/625","targetHints":{"allow":["GET"]}}],"collection":[{"href":"https:\/\/unaymilletras.com\/en\/wp-json\/wp\/v2\/posts"}],"about":[{"href":"https:\/\/unaymilletras.com\/en\/wp-json\/wp\/v2\/types\/post"}],"author":[{"embeddable":true,"href":"https:\/\/unaymilletras.com\/en\/wp-json\/wp\/v2\/users\/1"}],"replies":[{"embeddable":true,"href":"https:\/\/unaymilletras.com\/en\/wp-json\/wp\/v2\/comments?post=625"}],"version-history":[{"count":8,"href":"https:\/\/unaymilletras.com\/en\/wp-json\/wp\/v2\/posts\/625\/revisions"}],"predecessor-version":[{"id":641,"href":"https:\/\/unaymilletras.com\/en\/wp-json\/wp\/v2\/posts\/625\/revisions\/641"}],"wp:featuredmedia":[{"embeddable":true,"href":"https:\/\/unaymilletras.com\/en\/wp-json\/wp\/v2\/media\/636"}],"wp:attachment":[{"href":"https:\/\/unaymilletras.com\/en\/wp-json\/wp\/v2\/media?parent=625"}],"wp:term":[{"taxonomy":"category","embeddable":true,"href":"https:\/\/unaymilletras.com\/en\/wp-json\/wp\/v2\/categories?post=625"},{"taxonomy":"post_tag","embeddable":true,"href":"https:\/\/unaymilletras.com\/en\/wp-json\/wp\/v2\/tags?post=625"}],"curies":[{"name":"wp","href":"https:\/\/api.w.org\/{rel}","templated":true}]}}