{"id":6264,"date":"2025-11-06T18:25:14","date_gmt":"2025-11-06T17:25:14","guid":{"rendered":"https:\/\/unaymilletras.com\/?p=6264"},"modified":"2025-11-06T18:25:47","modified_gmt":"2025-11-06T17:25:47","slug":"guitarricadelafuente-pondra-fin-a-la-era-spanish-leather-con-un-concierto-final-madrid","status":"publish","type":"post","link":"https:\/\/unaymilletras.com\/en\/guitarricadelafuente-pondra-fin-a-la-era-spanish-leather-con-un-concierto-final-madrid\/","title":{"rendered":"Guitarricadelafuente pondr\u00e1 fin a la era Spanish Leather con un concierto final en el Movistar Arena de Madrid"},"content":{"rendered":"<div data-elementor-type=\"wp-post\" data-elementor-id=\"6264\" class=\"elementor elementor-6264\">\n\t\t\t\t\t\t<section class=\"elementor-section elementor-top-section elementor-element elementor-element-9f073ab elementor-section-boxed elementor-section-height-default elementor-section-height-default\" data-id=\"9f073ab\" data-element_type=\"section\" data-e-type=\"section\">\n\t\t\t\t\t\t<div class=\"elementor-container elementor-column-gap-default\">\n\t\t\t\t\t<div class=\"elementor-column elementor-col-100 elementor-top-column elementor-element elementor-element-191409f\" data-id=\"191409f\" data-element_type=\"column\" data-e-type=\"column\">\n\t\t\t<div class=\"elementor-widget-wrap elementor-element-populated\">\n\t\t\t\t\t\t<div class=\"elementor-element elementor-element-ec10d76 elementor-widget elementor-widget-text-editor\" data-id=\"ec10d76\" data-element_type=\"widget\" data-e-type=\"widget\" data-widget_type=\"text-editor.default\">\n\t\t\t\t<div class=\"elementor-widget-container\">\n\t\t\t\t\t\t\t\t\t<h3 style=\"text-align: justify\">Guitarricadelafuente cierra la era <em>Spanish Leather<\/em> con un concierto final en el Movistar Arena de Madrid el 2 de octubre de 2026<\/h3>\t\t\t\t\t\t\t\t<\/div>\n\t\t\t\t<\/div>\n\t\t\t\t\t<\/div>\n\t\t<\/div>\n\t\t\t\t\t<\/div>\n\t\t<\/section>\n\t\t\t\t<section class=\"elementor-section elementor-top-section elementor-element elementor-element-b037875 elementor-section-boxed elementor-section-height-default elementor-section-height-default\" data-id=\"b037875\" data-element_type=\"section\" data-e-type=\"section\">\n\t\t\t\t\t\t<div class=\"elementor-container elementor-column-gap-default\">\n\t\t\t\t\t<div class=\"elementor-column elementor-col-100 elementor-top-column elementor-element elementor-element-c740247\" data-id=\"c740247\" data-element_type=\"column\" data-e-type=\"column\">\n\t\t\t<div class=\"elementor-widget-wrap elementor-element-populated\">\n\t\t\t\t\t\t<div class=\"elementor-element elementor-element-b183c6f elementor-widget elementor-widget-text-editor\" data-id=\"b183c6f\" data-element_type=\"widget\" data-e-type=\"widget\" data-widget_type=\"text-editor.default\">\n\t\t\t\t<div class=\"elementor-widget-container\">\n\t\t\t\t\t\t\t\t\t<p style=\"text-align: justify\"><strong data-start=\"979\" data-end=\"1070\">Guitarricadelafuente cierra la era <em data-start=\"1016\" data-end=\"1033\">Spanish Leather<\/em> con un \u00faltimo concierto en Madrid.<\/strong> El artista despedir\u00e1 esta etapa el <strong data-start=\"1106\" data-end=\"1130\">2 de octubre de 2026<\/strong> en el <strong data-start=\"1137\" data-end=\"1155\">Movistar Arena<\/strong>, donde ofrecer\u00e1 el show final de su aclamada gira <em data-start=\"1206\" data-end=\"1228\">Spanish Leather Tour<\/em>, con la que ha recorrido Europa, Estados Unidos y Latinoam\u00e9rica.<\/p>\t\t\t\t\t\t\t\t<\/div>\n\t\t\t\t<\/div>\n\t\t\t\t\t<\/div>\n\t\t<\/div>\n\t\t\t\t\t<\/div>\n\t\t<\/section>\n\t\t\t\t<section class=\"elementor-section elementor-top-section elementor-element elementor-element-91d2c6c elementor-section-boxed elementor-section-height-default elementor-section-height-default\" data-id=\"91d2c6c\" data-element_type=\"section\" data-e-type=\"section\">\n\t\t\t\t\t\t<div class=\"elementor-container elementor-column-gap-default\">\n\t\t\t\t\t<div class=\"elementor-column elementor-col-100 elementor-top-column elementor-element elementor-element-b9470a3\" data-id=\"b9470a3\" data-element_type=\"column\" data-e-type=\"column\">\n\t\t\t<div class=\"elementor-widget-wrap elementor-element-populated\">\n\t\t\t\t\t\t<div class=\"elementor-element elementor-element-30c5eab elementor-widget elementor-widget-image\" data-id=\"30c5eab\" data-element_type=\"widget\" data-e-type=\"widget\" data-widget_type=\"image.default\">\n\t\t\t\t<div class=\"elementor-widget-container\">\n\t\t\t\t\t\t\t\t\t\t\t\t\t\t\t<img fetchpriority=\"high\" decoding=\"async\" width=\"640\" height=\"431\" src=\"https:\/\/unaymilletras.com\/wp-content\/uploads\/2025\/11\/guitarrica-2-1024x690.jpg\" class=\"attachment-large size-large wp-image-6269\" alt=\"\" srcset=\"https:\/\/unaymilletras.com\/wp-content\/uploads\/2025\/11\/guitarrica-2-1024x690.jpg 1024w, https:\/\/unaymilletras.com\/wp-content\/uploads\/2025\/11\/guitarrica-2-300x202.jpg 300w, https:\/\/unaymilletras.com\/wp-content\/uploads\/2025\/11\/guitarrica-2-768x517.jpg 768w, https:\/\/unaymilletras.com\/wp-content\/uploads\/2025\/11\/guitarrica-2-18x12.jpg 18w, https:\/\/unaymilletras.com\/wp-content\/uploads\/2025\/11\/guitarrica-2-e1762438337233.jpg 600w\" sizes=\"(max-width: 640px) 100vw, 640px\" \/>\t\t\t\t\t\t\t\t\t\t\t\t\t\t\t<\/div>\n\t\t\t\t<\/div>\n\t\t\t\t\t<\/div>\n\t\t<\/div>\n\t\t\t\t\t<\/div>\n\t\t<\/section>\n\t\t\t\t<section class=\"elementor-section elementor-top-section elementor-element elementor-element-2c9cb12 elementor-section-boxed elementor-section-height-default elementor-section-height-default\" data-id=\"2c9cb12\" data-element_type=\"section\" data-e-type=\"section\">\n\t\t\t\t\t\t<div class=\"elementor-container elementor-column-gap-default\">\n\t\t\t\t\t<div class=\"elementor-column elementor-col-100 elementor-top-column elementor-element elementor-element-c79fc49\" data-id=\"c79fc49\" data-element_type=\"column\" data-e-type=\"column\">\n\t\t\t<div class=\"elementor-widget-wrap elementor-element-populated\">\n\t\t\t\t\t\t<div class=\"elementor-element elementor-element-b07a414 elementor-widget elementor-widget-text-editor\" data-id=\"b07a414\" data-element_type=\"widget\" data-e-type=\"widget\" data-widget_type=\"text-editor.default\">\n\t\t\t\t<div class=\"elementor-widget-container\">\n\t\t\t\t\t\t\t\t\t<p style=\"text-align: justify\">El \u00e1lbum, aclamado por p\u00fablico y cr\u00edtica, confirma a Guitarricadelafuente como una de las voces m\u00e1s personales y reconocibles de la escena actual. En <em data-start=\"280\" data-end=\"297\">Spanish Leather<\/em>, el artista entrelaza el <strong data-start=\"323\" data-end=\"361\">folclore espa\u00f1ol y latinoamericano<\/strong> con una sensibilidad moderna, explorando el equilibrio entre lo tradicional y lo contempor\u00e1neo, lo \u00edntimo y lo universal. Sus canciones dibujan un viaje emocional marcado por el amor, la b\u00fasqueda de identidad y el paso hacia la madurez.<\/p>\t\t\t\t\t\t\t\t<\/div>\n\t\t\t\t<\/div>\n\t\t\t\t\t<\/div>\n\t\t<\/div>\n\t\t\t\t\t<\/div>\n\t\t<\/section>\n\t\t\t\t<section class=\"elementor-section elementor-top-section elementor-element elementor-element-a4df608 elementor-section-boxed elementor-section-height-default elementor-section-height-default\" data-id=\"a4df608\" data-element_type=\"section\" data-e-type=\"section\">\n\t\t\t\t\t\t<div class=\"elementor-container elementor-column-gap-default\">\n\t\t\t\t\t<div class=\"elementor-column elementor-col-50 elementor-top-column elementor-element elementor-element-c46f0ac\" data-id=\"c46f0ac\" data-element_type=\"column\" data-e-type=\"column\">\n\t\t\t<div class=\"elementor-widget-wrap elementor-element-populated\">\n\t\t\t\t\t\t<div class=\"elementor-element elementor-element-6495ade elementor-widget elementor-widget-image\" data-id=\"6495ade\" data-element_type=\"widget\" data-e-type=\"widget\" data-widget_type=\"image.default\">\n\t\t\t\t<div class=\"elementor-widget-container\">\n\t\t\t\t\t\t\t\t\t\t\t\t\t\t\t<img decoding=\"async\" src=\"https:\/\/unaymilletras.com\/wp-content\/uploads\/2025\/11\/guitarrica.jpg\" title=\"guitarrica\" alt=\"guitarrica\" loading=\"lazy\" \/>\t\t\t\t\t\t\t\t\t\t\t\t\t\t\t<\/div>\n\t\t\t\t<\/div>\n\t\t\t\t\t<\/div>\n\t\t<\/div>\n\t\t\t\t<div class=\"elementor-column elementor-col-50 elementor-top-column elementor-element elementor-element-fd70b78\" data-id=\"fd70b78\" data-element_type=\"column\" data-e-type=\"column\">\n\t\t\t<div class=\"elementor-widget-wrap elementor-element-populated\">\n\t\t\t\t\t\t<div class=\"elementor-element elementor-element-72ae00f elementor-widget elementor-widget-text-editor\" data-id=\"72ae00f\" data-element_type=\"widget\" data-e-type=\"widget\" data-widget_type=\"text-editor.default\">\n\t\t\t\t<div class=\"elementor-widget-container\">\n\t\t\t\t\t\t\t\t\t<h3 style=\"text-align: center\"><span style=\"color: #808080\">\u201cSer\u00e1 una despedida, pero tambi\u00e9n una celebraci\u00f3n. Una forma de agradecer todo lo vivido junto a la gente que me ha acompa\u00f1ado desde el principio\u201d<\/span><\/h3>\t\t\t\t\t\t\t\t<\/div>\n\t\t\t\t<\/div>\n\t\t\t\t\t<\/div>\n\t\t<\/div>\n\t\t\t\t\t<\/div>\n\t\t<\/section>\n\t\t\t\t<section class=\"elementor-section elementor-top-section elementor-element elementor-element-affd827 elementor-section-boxed elementor-section-height-default elementor-section-height-default\" data-id=\"affd827\" data-element_type=\"section\" data-e-type=\"section\">\n\t\t\t\t\t\t<div class=\"elementor-container elementor-column-gap-default\">\n\t\t\t\t\t<div class=\"elementor-column elementor-col-100 elementor-top-column elementor-element elementor-element-b3a7bb5\" data-id=\"b3a7bb5\" data-element_type=\"column\" data-e-type=\"column\">\n\t\t\t<div class=\"elementor-widget-wrap elementor-element-populated\">\n\t\t\t\t\t\t<div class=\"elementor-element elementor-element-fb121fe elementor-widget elementor-widget-text-editor\" data-id=\"fb121fe\" data-element_type=\"widget\" data-e-type=\"widget\" data-widget_type=\"text-editor.default\">\n\t\t\t\t<div class=\"elementor-widget-container\">\n\t\t\t\t\t\t\t\t\t<p style=\"text-align: justify\">Tras el \u00e9xito de su gira internacional y el <strong data-start=\"1222\" data-end=\"1234\">sold out<\/strong> de su anterior concierto en el mismo recinto en 2025, el artista volver\u00e1 al Movistar Arena para ofrecer un espect\u00e1culo \u00fanico, con una <strong data-start=\"1369\" data-end=\"1424\">producci\u00f3n renovada y una puesta en escena especial<\/strong> pensada para celebrar el final de esta etapa.<\/p>\t\t\t\t\t\t\t\t<\/div>\n\t\t\t\t<\/div>\n\t\t\t\t\t<\/div>\n\t\t<\/div>\n\t\t\t\t\t<\/div>\n\t\t<\/section>\n\t\t\t\t<section class=\"elementor-section elementor-top-section elementor-element elementor-element-dc77e44 elementor-section-boxed elementor-section-height-default elementor-section-height-default\" data-id=\"dc77e44\" data-element_type=\"section\" data-e-type=\"section\">\n\t\t\t\t\t\t<div class=\"elementor-container elementor-column-gap-default\">\n\t\t\t\t\t<div class=\"elementor-column elementor-col-100 elementor-top-column elementor-element elementor-element-576ead1\" data-id=\"576ead1\" data-element_type=\"column\" data-e-type=\"column\">\n\t\t\t<div class=\"elementor-widget-wrap elementor-element-populated\">\n\t\t\t\t\t\t<div class=\"elementor-element elementor-element-b2ad087 elementor-widget elementor-widget-text-editor\" data-id=\"b2ad087\" data-element_type=\"widget\" data-e-type=\"widget\" data-widget_type=\"text-editor.default\">\n\t\t\t\t<div class=\"elementor-widget-container\">\n\t\t\t\t\t\t\t\t\t<p style=\"text-align: justify\" data-start=\"1657\" data-end=\"2080\">El <em data-start=\"1660\" data-end=\"1682\">Spanish Leather Tour<\/em> ha sido una experiencia inmersiva donde m\u00fasica, palabra y emoci\u00f3n se han entrelazado para crear un espacio compartido con el p\u00fablico. Este concierto final promete ser el <strong data-start=\"1853\" data-end=\"1874\">\u201cClosing Chapter\u201d<\/strong> de un proyecto que ha trascendido fronteras sonoras y emocionales, reafirmando la capacidad del artista para llevar el <em data-start=\"1994\" data-end=\"2009\">cuero espa\u00f1ol<\/em> como s\u00edmbolo de identidad y resistencia hacia una nueva era musical.<\/p><p data-start=\"2082\" data-end=\"2199\">Las <strong data-start=\"2086\" data-end=\"2196\">entradas ya est\u00e1n disponibles en <a class=\"decorated-link\" href=\"https:\/\/feverup.com\" target=\"_new\" rel=\"noopener\" data-start=\"2160\" data-end=\"2194\">feverup.com<\/a><\/strong>.<\/p><p data-start=\"2082\" data-end=\"2199\">Sigue descubriendo m\u00e1s sobre la actualidad musical en\u00a0<em><a href=\"https:\/\/unaymilletras.com\/en\/\">Una y mil letras<\/a>.<\/em><\/p>\t\t\t\t\t\t\t\t<\/div>\n\t\t\t\t<\/div>\n\t\t\t\t\t<\/div>\n\t\t<\/div>\n\t\t\t\t\t<\/div>\n\t\t<\/section>\n\t\t\t\t<\/div>","protected":false},"excerpt":{"rendered":"<p>Guitarricadelafuente cierra la era Spanish Leather con un concierto final en el Movistar Arena de Madrid el 2 de octubre de 2026 Guitarricadelafuente cierra la era Spanish Leather con un \u00faltimo concierto en Madrid. El artista despedir\u00e1 esta etapa el 2 de octubre de 2026 en el Movistar Arena, donde ofrecer\u00e1 el show final de [&hellip;]<\/p>\n","protected":false},"author":13,"featured_media":6269,"comment_status":"closed","ping_status":"closed","sticky":false,"template":"","format":"standard","meta":{"footnotes":""},"categories":[4],"tags":[],"class_list":["post-6264","post","type-post","status-publish","format-standard","has-post-thumbnail","hentry","category-musica"],"yoast_head":"<!-- This site is optimized with the Yoast SEO plugin v27.4 - https:\/\/yoast.com\/product\/yoast-seo-wordpress\/ -->\n<title>Guitarricadelafuente cierra la era Spanish Leather<\/title>\n<meta name=\"description\" content=\"Guitarricadelafuente cierra la era Spanish Leather con un \u00faltimo concierto en Madrid el 2 de octubre de 2026 en el Movistar Arena.\" \/>\n<meta name=\"robots\" content=\"index, follow, max-snippet:-1, max-image-preview:large, max-video-preview:-1\" \/>\n<link rel=\"canonical\" href=\"https:\/\/unaymilletras.com\/en\/guitarricadelafuente-pondra-fin-a-la-era-spanish-leather-con-un-concierto-final-madrid\/\" \/>\n<meta property=\"og:locale\" content=\"en_GB\" \/>\n<meta property=\"og:type\" content=\"article\" \/>\n<meta property=\"og:title\" content=\"Guitarricadelafuente cierra la era Spanish Leather\" \/>\n<meta property=\"og:description\" content=\"Guitarricadelafuente cierra la era Spanish Leather con un \u00faltimo concierto en Madrid el 2 de octubre de 2026 en el Movistar Arena.\" \/>\n<meta property=\"og:url\" content=\"https:\/\/unaymilletras.com\/en\/guitarricadelafuente-pondra-fin-a-la-era-spanish-leather-con-un-concierto-final-madrid\/\" \/>\n<meta property=\"og:site_name\" content=\"Una y Mil Letras\" \/>\n<meta property=\"article:published_time\" content=\"2025-11-06T17:25:14+00:00\" \/>\n<meta property=\"article:modified_time\" content=\"2025-11-06T17:25:47+00:00\" \/>\n<meta property=\"og:image\" content=\"http:\/\/unaymilletras.com\/wp-content\/uploads\/2025\/11\/guitarrica-2-e1762438337233.jpg\" \/>\n\t<meta property=\"og:image:width\" content=\"600\" \/>\n\t<meta property=\"og:image:height\" content=\"404\" \/>\n\t<meta property=\"og:image:type\" content=\"image\/jpeg\" \/>\n<meta name=\"author\" content=\"Alba Benito\" \/>\n<meta name=\"twitter:card\" content=\"summary_large_image\" \/>\n<meta name=\"twitter:creator\" content=\"@UnaYMilLetras\" \/>\n<meta name=\"twitter:site\" content=\"@UnaYMilLetras\" \/>\n<meta name=\"twitter:label1\" content=\"Written by\" \/>\n\t<meta name=\"twitter:data1\" content=\"Alba Benito\" \/>\n\t<meta name=\"twitter:label2\" content=\"Estimated reading time\" \/>\n\t<meta name=\"twitter:data2\" content=\"2 minutes\" \/>\n<script type=\"application\/ld+json\" class=\"yoast-schema-graph\">{\"@context\":\"https:\\\/\\\/schema.org\",\"@graph\":[{\"@type\":\"Article\",\"@id\":\"https:\\\/\\\/unaymilletras.com\\\/guitarricadelafuente-pondra-fin-a-la-era-spanish-leather-con-un-concierto-final-madrid\\\/#article\",\"isPartOf\":{\"@id\":\"https:\\\/\\\/unaymilletras.com\\\/guitarricadelafuente-pondra-fin-a-la-era-spanish-leather-con-un-concierto-final-madrid\\\/\"},\"author\":{\"name\":\"Alba Benito\",\"@id\":\"http:\\\/\\\/unaymilletras.com\\\/#\\\/schema\\\/person\\\/a10550e4bff9a23f941f52b2cd5d8686\"},\"headline\":\"Guitarricadelafuente pondr\u00e1 fin a la era Spanish Leather con un concierto final en el Movistar Arena de Madrid\",\"datePublished\":\"2025-11-06T17:25:14+00:00\",\"dateModified\":\"2025-11-06T17:25:47+00:00\",\"mainEntityOfPage\":{\"@id\":\"https:\\\/\\\/unaymilletras.com\\\/guitarricadelafuente-pondra-fin-a-la-era-spanish-leather-con-un-concierto-final-madrid\\\/\"},\"wordCount\":334,\"publisher\":{\"@id\":\"http:\\\/\\\/unaymilletras.com\\\/#organization\"},\"image\":{\"@id\":\"https:\\\/\\\/unaymilletras.com\\\/guitarricadelafuente-pondra-fin-a-la-era-spanish-leather-con-un-concierto-final-madrid\\\/#primaryimage\"},\"thumbnailUrl\":\"https:\\\/\\\/unaymilletras.com\\\/wp-content\\\/uploads\\\/2025\\\/11\\\/guitarrica-2-e1762438337233.jpg\",\"articleSection\":[\"M\u00fasica\"],\"inLanguage\":\"en-GB\"},{\"@type\":\"WebPage\",\"@id\":\"https:\\\/\\\/unaymilletras.com\\\/guitarricadelafuente-pondra-fin-a-la-era-spanish-leather-con-un-concierto-final-madrid\\\/\",\"url\":\"https:\\\/\\\/unaymilletras.com\\\/guitarricadelafuente-pondra-fin-a-la-era-spanish-leather-con-un-concierto-final-madrid\\\/\",\"name\":\"Guitarricadelafuente cierra la era Spanish Leather\",\"isPartOf\":{\"@id\":\"http:\\\/\\\/unaymilletras.com\\\/#website\"},\"primaryImageOfPage\":{\"@id\":\"https:\\\/\\\/unaymilletras.com\\\/guitarricadelafuente-pondra-fin-a-la-era-spanish-leather-con-un-concierto-final-madrid\\\/#primaryimage\"},\"image\":{\"@id\":\"https:\\\/\\\/unaymilletras.com\\\/guitarricadelafuente-pondra-fin-a-la-era-spanish-leather-con-un-concierto-final-madrid\\\/#primaryimage\"},\"thumbnailUrl\":\"https:\\\/\\\/unaymilletras.com\\\/wp-content\\\/uploads\\\/2025\\\/11\\\/guitarrica-2-e1762438337233.jpg\",\"datePublished\":\"2025-11-06T17:25:14+00:00\",\"dateModified\":\"2025-11-06T17:25:47+00:00\",\"description\":\"Guitarricadelafuente cierra la era Spanish Leather con un \u00faltimo concierto en Madrid el 2 de octubre de 2026 en el Movistar Arena.\",\"breadcrumb\":{\"@id\":\"https:\\\/\\\/unaymilletras.com\\\/guitarricadelafuente-pondra-fin-a-la-era-spanish-leather-con-un-concierto-final-madrid\\\/#breadcrumb\"},\"inLanguage\":\"en-GB\",\"potentialAction\":[{\"@type\":\"ReadAction\",\"target\":[\"https:\\\/\\\/unaymilletras.com\\\/guitarricadelafuente-pondra-fin-a-la-era-spanish-leather-con-un-concierto-final-madrid\\\/\"]}]},{\"@type\":\"ImageObject\",\"inLanguage\":\"en-GB\",\"@id\":\"https:\\\/\\\/unaymilletras.com\\\/guitarricadelafuente-pondra-fin-a-la-era-spanish-leather-con-un-concierto-final-madrid\\\/#primaryimage\",\"url\":\"https:\\\/\\\/unaymilletras.com\\\/wp-content\\\/uploads\\\/2025\\\/11\\\/guitarrica-2-e1762438337233.jpg\",\"contentUrl\":\"https:\\\/\\\/unaymilletras.com\\\/wp-content\\\/uploads\\\/2025\\\/11\\\/guitarrica-2-e1762438337233.jpg\",\"width\":600,\"height\":404},{\"@type\":\"BreadcrumbList\",\"@id\":\"https:\\\/\\\/unaymilletras.com\\\/guitarricadelafuente-pondra-fin-a-la-era-spanish-leather-con-un-concierto-final-madrid\\\/#breadcrumb\",\"itemListElement\":[{\"@type\":\"ListItem\",\"position\":1,\"name\":\"Home\",\"item\":\"http:\\\/\\\/unaymilletras.com\\\/\"},{\"@type\":\"ListItem\",\"position\":2,\"name\":\"Guitarricadelafuente pondr\u00e1 fin a la era Spanish Leather con un concierto final en el Movistar Arena de Madrid\"}]},{\"@type\":\"WebSite\",\"@id\":\"http:\\\/\\\/unaymilletras.com\\\/#website\",\"url\":\"http:\\\/\\\/unaymilletras.com\\\/\",\"name\":\"Una y Mil Letras\",\"description\":\"\",\"publisher\":{\"@id\":\"http:\\\/\\\/unaymilletras.com\\\/#organization\"},\"potentialAction\":[{\"@type\":\"SearchAction\",\"target\":{\"@type\":\"EntryPoint\",\"urlTemplate\":\"http:\\\/\\\/unaymilletras.com\\\/?s={search_term_string}\"},\"query-input\":{\"@type\":\"PropertyValueSpecification\",\"valueRequired\":true,\"valueName\":\"search_term_string\"}}],\"inLanguage\":\"en-GB\"},{\"@type\":\"Organization\",\"@id\":\"http:\\\/\\\/unaymilletras.com\\\/#organization\",\"name\":\"Una y Mil Letras\",\"url\":\"http:\\\/\\\/unaymilletras.com\\\/\",\"logo\":{\"@type\":\"ImageObject\",\"inLanguage\":\"en-GB\",\"@id\":\"http:\\\/\\\/unaymilletras.com\\\/#\\\/schema\\\/logo\\\/image\\\/\",\"url\":\"https:\\\/\\\/unaymilletras.com\\\/wp-content\\\/uploads\\\/2024\\\/06\\\/cropped-Logo-removebg-preview.png\",\"contentUrl\":\"https:\\\/\\\/unaymilletras.com\\\/wp-content\\\/uploads\\\/2024\\\/06\\\/cropped-Logo-removebg-preview.png\",\"width\":512,\"height\":512,\"caption\":\"Una y Mil Letras\"},\"image\":{\"@id\":\"http:\\\/\\\/unaymilletras.com\\\/#\\\/schema\\\/logo\\\/image\\\/\"},\"sameAs\":[\"https:\\\/\\\/x.com\\\/UnaYMilLetras\",\"https:\\\/\\\/instagram.com\\\/UnaYMilLetras\"]},{\"@type\":\"Person\",\"@id\":\"http:\\\/\\\/unaymilletras.com\\\/#\\\/schema\\\/person\\\/a10550e4bff9a23f941f52b2cd5d8686\",\"name\":\"Alba Benito\",\"image\":{\"@type\":\"ImageObject\",\"inLanguage\":\"en-GB\",\"@id\":\"https:\\\/\\\/secure.gravatar.com\\\/avatar\\\/f227a2222ee313f4b5dea91891742064ec98aa8f11b91568879eaecf941f84de?s=96&d=mm&r=g\",\"url\":\"https:\\\/\\\/secure.gravatar.com\\\/avatar\\\/f227a2222ee313f4b5dea91891742064ec98aa8f11b91568879eaecf941f84de?s=96&d=mm&r=g\",\"contentUrl\":\"https:\\\/\\\/secure.gravatar.com\\\/avatar\\\/f227a2222ee313f4b5dea91891742064ec98aa8f11b91568879eaecf941f84de?s=96&d=mm&r=g\",\"caption\":\"Alba Benito\"},\"url\":\"https:\\\/\\\/unaymilletras.com\\\/en\\\/author\\\/aalbaas_\\\/\"}]}<\/script>\n<!-- \/ Yoast SEO plugin. -->","yoast_head_json":{"title":"Guitarricadelafuente cierra la era Spanish Leather","description":"Guitarricadelafuente cierra la era Spanish Leather con un \u00faltimo concierto en Madrid el 2 de octubre de 2026 en el Movistar Arena.","robots":{"index":"index","follow":"follow","max-snippet":"max-snippet:-1","max-image-preview":"max-image-preview:large","max-video-preview":"max-video-preview:-1"},"canonical":"https:\/\/unaymilletras.com\/en\/guitarricadelafuente-pondra-fin-a-la-era-spanish-leather-con-un-concierto-final-madrid\/","og_locale":"en_GB","og_type":"article","og_title":"Guitarricadelafuente cierra la era Spanish Leather","og_description":"Guitarricadelafuente cierra la era Spanish Leather con un \u00faltimo concierto en Madrid el 2 de octubre de 2026 en el Movistar Arena.","og_url":"https:\/\/unaymilletras.com\/en\/guitarricadelafuente-pondra-fin-a-la-era-spanish-leather-con-un-concierto-final-madrid\/","og_site_name":"Una y Mil Letras","article_published_time":"2025-11-06T17:25:14+00:00","article_modified_time":"2025-11-06T17:25:47+00:00","og_image":[{"width":600,"height":404,"url":"http:\/\/unaymilletras.com\/wp-content\/uploads\/2025\/11\/guitarrica-2-e1762438337233.jpg","type":"image\/jpeg"}],"author":"Alba Benito","twitter_card":"summary_large_image","twitter_creator":"@UnaYMilLetras","twitter_site":"@UnaYMilLetras","twitter_misc":{"Written by":"Alba Benito","Estimated reading time":"2 minutes"},"schema":{"@context":"https:\/\/schema.org","@graph":[{"@type":"Article","@id":"https:\/\/unaymilletras.com\/guitarricadelafuente-pondra-fin-a-la-era-spanish-leather-con-un-concierto-final-madrid\/#article","isPartOf":{"@id":"https:\/\/unaymilletras.com\/guitarricadelafuente-pondra-fin-a-la-era-spanish-leather-con-un-concierto-final-madrid\/"},"author":{"name":"Alba Benito","@id":"http:\/\/unaymilletras.com\/#\/schema\/person\/a10550e4bff9a23f941f52b2cd5d8686"},"headline":"Guitarricadelafuente pondr\u00e1 fin a la era Spanish Leather con un concierto final en el Movistar Arena de Madrid","datePublished":"2025-11-06T17:25:14+00:00","dateModified":"2025-11-06T17:25:47+00:00","mainEntityOfPage":{"@id":"https:\/\/unaymilletras.com\/guitarricadelafuente-pondra-fin-a-la-era-spanish-leather-con-un-concierto-final-madrid\/"},"wordCount":334,"publisher":{"@id":"http:\/\/unaymilletras.com\/#organization"},"image":{"@id":"https:\/\/unaymilletras.com\/guitarricadelafuente-pondra-fin-a-la-era-spanish-leather-con-un-concierto-final-madrid\/#primaryimage"},"thumbnailUrl":"https:\/\/unaymilletras.com\/wp-content\/uploads\/2025\/11\/guitarrica-2-e1762438337233.jpg","articleSection":["M\u00fasica"],"inLanguage":"en-GB"},{"@type":"WebPage","@id":"https:\/\/unaymilletras.com\/guitarricadelafuente-pondra-fin-a-la-era-spanish-leather-con-un-concierto-final-madrid\/","url":"https:\/\/unaymilletras.com\/guitarricadelafuente-pondra-fin-a-la-era-spanish-leather-con-un-concierto-final-madrid\/","name":"Guitarricadelafuente cierra la era Spanish Leather","isPartOf":{"@id":"http:\/\/unaymilletras.com\/#website"},"primaryImageOfPage":{"@id":"https:\/\/unaymilletras.com\/guitarricadelafuente-pondra-fin-a-la-era-spanish-leather-con-un-concierto-final-madrid\/#primaryimage"},"image":{"@id":"https:\/\/unaymilletras.com\/guitarricadelafuente-pondra-fin-a-la-era-spanish-leather-con-un-concierto-final-madrid\/#primaryimage"},"thumbnailUrl":"https:\/\/unaymilletras.com\/wp-content\/uploads\/2025\/11\/guitarrica-2-e1762438337233.jpg","datePublished":"2025-11-06T17:25:14+00:00","dateModified":"2025-11-06T17:25:47+00:00","description":"Guitarricadelafuente cierra la era Spanish Leather con un \u00faltimo concierto en Madrid el 2 de octubre de 2026 en el Movistar Arena.","breadcrumb":{"@id":"https:\/\/unaymilletras.com\/guitarricadelafuente-pondra-fin-a-la-era-spanish-leather-con-un-concierto-final-madrid\/#breadcrumb"},"inLanguage":"en-GB","potentialAction":[{"@type":"ReadAction","target":["https:\/\/unaymilletras.com\/guitarricadelafuente-pondra-fin-a-la-era-spanish-leather-con-un-concierto-final-madrid\/"]}]},{"@type":"ImageObject","inLanguage":"en-GB","@id":"https:\/\/unaymilletras.com\/guitarricadelafuente-pondra-fin-a-la-era-spanish-leather-con-un-concierto-final-madrid\/#primaryimage","url":"https:\/\/unaymilletras.com\/wp-content\/uploads\/2025\/11\/guitarrica-2-e1762438337233.jpg","contentUrl":"https:\/\/unaymilletras.com\/wp-content\/uploads\/2025\/11\/guitarrica-2-e1762438337233.jpg","width":600,"height":404},{"@type":"BreadcrumbList","@id":"https:\/\/unaymilletras.com\/guitarricadelafuente-pondra-fin-a-la-era-spanish-leather-con-un-concierto-final-madrid\/#breadcrumb","itemListElement":[{"@type":"ListItem","position":1,"name":"Home","item":"http:\/\/unaymilletras.com\/"},{"@type":"ListItem","position":2,"name":"Guitarricadelafuente pondr\u00e1 fin a la era Spanish Leather con un concierto final en el Movistar Arena de Madrid"}]},{"@type":"WebSite","@id":"http:\/\/unaymilletras.com\/#website","url":"http:\/\/unaymilletras.com\/","name":"Una y Mil Letras","description":"","publisher":{"@id":"http:\/\/unaymilletras.com\/#organization"},"potentialAction":[{"@type":"SearchAction","target":{"@type":"EntryPoint","urlTemplate":"http:\/\/unaymilletras.com\/?s={search_term_string}"},"query-input":{"@type":"PropertyValueSpecification","valueRequired":true,"valueName":"search_term_string"}}],"inLanguage":"en-GB"},{"@type":"Organization","@id":"http:\/\/unaymilletras.com\/#organization","name":"Una y Mil Letras","url":"http:\/\/unaymilletras.com\/","logo":{"@type":"ImageObject","inLanguage":"en-GB","@id":"http:\/\/unaymilletras.com\/#\/schema\/logo\/image\/","url":"https:\/\/unaymilletras.com\/wp-content\/uploads\/2024\/06\/cropped-Logo-removebg-preview.png","contentUrl":"https:\/\/unaymilletras.com\/wp-content\/uploads\/2024\/06\/cropped-Logo-removebg-preview.png","width":512,"height":512,"caption":"Una y Mil Letras"},"image":{"@id":"http:\/\/unaymilletras.com\/#\/schema\/logo\/image\/"},"sameAs":["https:\/\/x.com\/UnaYMilLetras","https:\/\/instagram.com\/UnaYMilLetras"]},{"@type":"Person","@id":"http:\/\/unaymilletras.com\/#\/schema\/person\/a10550e4bff9a23f941f52b2cd5d8686","name":"Alba Benito","image":{"@type":"ImageObject","inLanguage":"en-GB","@id":"https:\/\/secure.gravatar.com\/avatar\/f227a2222ee313f4b5dea91891742064ec98aa8f11b91568879eaecf941f84de?s=96&d=mm&r=g","url":"https:\/\/secure.gravatar.com\/avatar\/f227a2222ee313f4b5dea91891742064ec98aa8f11b91568879eaecf941f84de?s=96&d=mm&r=g","contentUrl":"https:\/\/secure.gravatar.com\/avatar\/f227a2222ee313f4b5dea91891742064ec98aa8f11b91568879eaecf941f84de?s=96&d=mm&r=g","caption":"Alba Benito"},"url":"https:\/\/unaymilletras.com\/en\/author\/aalbaas_\/"}]}},"_links":{"self":[{"href":"https:\/\/unaymilletras.com\/en\/wp-json\/wp\/v2\/posts\/6264","targetHints":{"allow":["GET"]}}],"collection":[{"href":"https:\/\/unaymilletras.com\/en\/wp-json\/wp\/v2\/posts"}],"about":[{"href":"https:\/\/unaymilletras.com\/en\/wp-json\/wp\/v2\/types\/post"}],"author":[{"embeddable":true,"href":"https:\/\/unaymilletras.com\/en\/wp-json\/wp\/v2\/users\/13"}],"replies":[{"embeddable":true,"href":"https:\/\/unaymilletras.com\/en\/wp-json\/wp\/v2\/comments?post=6264"}],"version-history":[{"count":23,"href":"https:\/\/unaymilletras.com\/en\/wp-json\/wp\/v2\/posts\/6264\/revisions"}],"predecessor-version":[{"id":6296,"href":"https:\/\/unaymilletras.com\/en\/wp-json\/wp\/v2\/posts\/6264\/revisions\/6296"}],"wp:featuredmedia":[{"embeddable":true,"href":"https:\/\/unaymilletras.com\/en\/wp-json\/wp\/v2\/media\/6269"}],"wp:attachment":[{"href":"https:\/\/unaymilletras.com\/en\/wp-json\/wp\/v2\/media?parent=6264"}],"wp:term":[{"taxonomy":"category","embeddable":true,"href":"https:\/\/unaymilletras.com\/en\/wp-json\/wp\/v2\/categories?post=6264"},{"taxonomy":"post_tag","embeddable":true,"href":"https:\/\/unaymilletras.com\/en\/wp-json\/wp\/v2\/tags?post=6264"}],"curies":[{"name":"wp","href":"https:\/\/api.w.org\/{rel}","templated":true}]}}