{"id":6280,"date":"2025-11-07T17:05:19","date_gmt":"2025-11-07T16:05:19","guid":{"rendered":"https:\/\/unaymilletras.com\/?p=6280"},"modified":"2025-11-06T17:06:10","modified_gmt":"2025-11-06T16:06:10","slug":"starlite-madrid-regresa-con-un-gran-festival-musical-del-11-al-23-de-diciembre","status":"publish","type":"post","link":"https:\/\/unaymilletras.com\/en\/starlite-madrid-regresa-con-un-gran-festival-musical-del-11-al-23-de-diciembre\/","title":{"rendered":"Starlite Madrid regresa con un gran festival musical del 11 al 23 de diciembre"},"content":{"rendered":"<div data-elementor-type=\"wp-post\" data-elementor-id=\"6280\" class=\"elementor elementor-6280\">\n\t\t\t\t\t\t<section class=\"elementor-section elementor-top-section elementor-element elementor-element-9e399b2 elementor-section-boxed elementor-section-height-default elementor-section-height-default\" data-id=\"9e399b2\" data-element_type=\"section\" data-e-type=\"section\">\n\t\t\t\t\t\t<div class=\"elementor-container elementor-column-gap-default\">\n\t\t\t\t\t<div class=\"elementor-column elementor-col-100 elementor-top-column elementor-element elementor-element-825bc0e\" data-id=\"825bc0e\" data-element_type=\"column\" data-e-type=\"column\">\n\t\t\t<div class=\"elementor-widget-wrap elementor-element-populated\">\n\t\t\t\t\t\t<div class=\"elementor-element elementor-element-74cca42 elementor-widget elementor-widget-text-editor\" data-id=\"74cca42\" data-element_type=\"widget\" data-e-type=\"widget\" data-widget_type=\"text-editor.default\">\n\t\t\t\t<div class=\"elementor-widget-container\">\n\t\t\t\t\t\t\t\t\t<h2 style=\"text-align: center;\"><span style=\"color: #808080;\"><em>La nueva edici\u00f3n de Starlite Madrid reunir\u00e1 a artistas de talla de Manuel Carrasco, Ricky Martin, India Mart\u00ednez y Melendi en IFEMA<\/em><\/span><\/h2>\t\t\t\t\t\t\t\t<\/div>\n\t\t\t\t<\/div>\n\t\t\t\t\t<\/div>\n\t\t<\/div>\n\t\t\t\t\t<\/div>\n\t\t<\/section>\n\t\t\t\t<section class=\"elementor-section elementor-top-section elementor-element elementor-element-c746ee9 elementor-section-boxed elementor-section-height-default elementor-section-height-default\" data-id=\"c746ee9\" data-element_type=\"section\" data-e-type=\"section\">\n\t\t\t\t\t\t<div class=\"elementor-container elementor-column-gap-default\">\n\t\t\t\t\t<div class=\"elementor-column elementor-col-100 elementor-top-column elementor-element elementor-element-22ef0a5\" data-id=\"22ef0a5\" data-element_type=\"column\" data-e-type=\"column\">\n\t\t\t<div class=\"elementor-widget-wrap elementor-element-populated\">\n\t\t\t\t\t\t<div class=\"elementor-element elementor-element-c84cd11 elementor-widget elementor-widget-text-editor\" data-id=\"c84cd11\" data-element_type=\"widget\" data-e-type=\"widget\" data-widget_type=\"text-editor.default\">\n\t\t\t\t<div class=\"elementor-widget-container\">\n\t\t\t\t\t\t\t\t\t<p data-start=\"383\" data-end=\"735\">La magia de <strong data-start=\"395\" data-end=\"407\">Starlite<\/strong> vuelve a Madrid para cerrar el a\u00f1o con una edici\u00f3n muy especial. Del <strong data-start=\"477\" data-end=\"502\">11 al 23 de diciembre<\/strong>, los pabellones 12 y 14 de <strong data-start=\"530\" data-end=\"539\">IFEMA<\/strong> se transformar\u00e1n en un espacio \u00fanico de m\u00fasica, cultura y entretenimiento, donde algunos de los artistas m\u00e1s reconocidos del panorama nacional e internacional ofrecer\u00e1n conciertos irrepetibles.<\/p><p data-start=\"737\" data-end=\"1274\">El festival, que se ha consolidado como una de las grandes citas del calendario musical espa\u00f1ol, contar\u00e1 con un cartel de lujo que incluye nombres como <strong data-start=\"889\" data-end=\"900\">Melendi<\/strong> (12 de diciembre), <strong data-start=\"920\" data-end=\"936\">Ricky Martin<\/strong> (13 de diciembre), <strong data-start=\"956\" data-end=\"974\">India Mart\u00ednez<\/strong> (16 de diciembre), <strong data-start=\"994\" data-end=\"1011\">Miguel Poveda<\/strong> (19 de diciembre), <strong data-start=\"1031\" data-end=\"1053\">Emmanuel &amp; Mijares<\/strong> (20 de diciembre), <strong data-start=\"1073\" data-end=\"1096\">Gilberto Santa Rosa<\/strong> (21 de diciembre) y <strong data-start=\"1117\" data-end=\"1136\">Manuel Carrasco<\/strong> (22 de diciembre). Cada uno de ellos aportar\u00e1 su propio universo sonoro, en una programaci\u00f3n pensada para todos los p\u00fablicos y estilos.<\/p>\t\t\t\t\t\t\t\t<\/div>\n\t\t\t\t<\/div>\n\t\t\t\t\t<\/div>\n\t\t<\/div>\n\t\t\t\t\t<\/div>\n\t\t<\/section>\n\t\t\t\t<section class=\"elementor-section elementor-top-section elementor-element elementor-element-c8a214d elementor-section-boxed elementor-section-height-default elementor-section-height-default\" data-id=\"c8a214d\" data-element_type=\"section\" data-e-type=\"section\">\n\t\t\t\t\t\t<div class=\"elementor-container elementor-column-gap-default\">\n\t\t\t\t\t<div class=\"elementor-column elementor-col-100 elementor-top-column elementor-element elementor-element-61ea82f\" data-id=\"61ea82f\" data-element_type=\"column\" data-e-type=\"column\">\n\t\t\t<div class=\"elementor-widget-wrap elementor-element-populated\">\n\t\t\t\t\t\t<div class=\"elementor-element elementor-element-68846e6 elementor-widget elementor-widget-image\" data-id=\"68846e6\" data-element_type=\"widget\" data-e-type=\"widget\" data-widget_type=\"image.default\">\n\t\t\t\t<div class=\"elementor-widget-container\">\n\t\t\t\t\t\t\t\t\t\t\t\t\t\t\t<img fetchpriority=\"high\" decoding=\"async\" width=\"640\" height=\"301\" src=\"https:\/\/unaymilletras.com\/wp-content\/uploads\/2025\/11\/Captura-de-pantalla-2025-11-06-a-las-17.02.32-1024x481.png\" class=\"attachment-large size-large wp-image-6282\" alt=\"Starlite Madrid\" srcset=\"https:\/\/unaymilletras.com\/wp-content\/uploads\/2025\/11\/Captura-de-pantalla-2025-11-06-a-las-17.02.32-1024x481.png 1024w, https:\/\/unaymilletras.com\/wp-content\/uploads\/2025\/11\/Captura-de-pantalla-2025-11-06-a-las-17.02.32-300x141.png 300w, https:\/\/unaymilletras.com\/wp-content\/uploads\/2025\/11\/Captura-de-pantalla-2025-11-06-a-las-17.02.32-768x361.png 768w, https:\/\/unaymilletras.com\/wp-content\/uploads\/2025\/11\/Captura-de-pantalla-2025-11-06-a-las-17.02.32-1536x721.png 1536w, https:\/\/unaymilletras.com\/wp-content\/uploads\/2025\/11\/Captura-de-pantalla-2025-11-06-a-las-17.02.32-2048x961.png 2048w, https:\/\/unaymilletras.com\/wp-content\/uploads\/2025\/11\/Captura-de-pantalla-2025-11-06-a-las-17.02.32-18x8.png 18w, https:\/\/unaymilletras.com\/wp-content\/uploads\/2025\/11\/Captura-de-pantalla-2025-11-06-a-las-17.02.32-scaled-e1762445010930.png 600w\" sizes=\"(max-width: 640px) 100vw, 640px\" \/>\t\t\t\t\t\t\t\t\t\t\t\t\t\t\t<\/div>\n\t\t\t\t<\/div>\n\t\t\t\t\t<\/div>\n\t\t<\/div>\n\t\t\t\t\t<\/div>\n\t\t<\/section>\n\t\t\t\t<section class=\"elementor-section elementor-top-section elementor-element elementor-element-df1ac42 elementor-section-boxed elementor-section-height-default elementor-section-height-default\" data-id=\"df1ac42\" data-element_type=\"section\" data-e-type=\"section\">\n\t\t\t\t\t\t<div class=\"elementor-container elementor-column-gap-default\">\n\t\t\t\t\t<div class=\"elementor-column elementor-col-100 elementor-top-column elementor-element elementor-element-fcec917\" data-id=\"fcec917\" data-element_type=\"column\" data-e-type=\"column\">\n\t\t\t<div class=\"elementor-widget-wrap elementor-element-populated\">\n\t\t\t\t\t\t<div class=\"elementor-element elementor-element-522cecc elementor-widget elementor-widget-text-editor\" data-id=\"522cecc\" data-element_type=\"widget\" data-e-type=\"widget\" data-widget_type=\"text-editor.default\">\n\t\t\t\t<div class=\"elementor-widget-container\">\n\t\t\t\t\t\t\t\t\t<p data-start=\"1276\" data-end=\"1804\">El regreso de <strong data-start=\"1290\" data-end=\"1306\">Ricky Martin<\/strong> ser\u00e1 uno de los momentos m\u00e1s esperados. El artista puertorrique\u00f1o, que sigue cosechando \u00e9xitos con su gira internacional, promete una noche llena de energ\u00eda, baile y emociones, repasando himnos como <em data-start=\"1506\" data-end=\"1527\">Livin\u2019 la vida loca<\/em>, <em data-start=\"1529\" data-end=\"1543\">La mordidita<\/em> o <em data-start=\"1546\" data-end=\"1560\">Vente pa\u2019 ca<\/em>. Tambi\u00e9n destaca la presencia de <strong data-start=\"1594\" data-end=\"1613\">Manuel Carrasco<\/strong>, uno de los artistas espa\u00f1oles m\u00e1s queridos, que cerrar\u00e1 el festival el 22 de diciembre con un concierto que se espera inolvidable tras su multitudinario paso por estadios de todo el pa\u00eds.<\/p><p data-start=\"1806\" data-end=\"2234\">El flamenco tambi\u00e9n tendr\u00e1 un papel protagonista con <strong data-start=\"1859\" data-end=\"1877\">India Mart\u00ednez<\/strong> y <strong data-start=\"1880\" data-end=\"1897\">Miguel Poveda<\/strong>, dos de las voces m\u00e1s potentes y emotivas del g\u00e9nero, que llevar\u00e1n al escenario la fuerza de la tradici\u00f3n y la sensibilidad contempor\u00e1nea. La salsa y el romanticismo llegar\u00e1n de la mano del puertorrique\u00f1o <strong data-start=\"2103\" data-end=\"2126\">Gilberto Santa Rosa<\/strong>, mientras que el d\u00fao mexicano <strong data-start=\"2157\" data-end=\"2179\">Emmanuel &amp; Mijares<\/strong> pondr\u00e1 el toque latino con sus cl\u00e1sicos atemporales.<\/p><p data-start=\"2236\" data-end=\"2588\">Adem\u00e1s, el <strong data-start=\"2247\" data-end=\"2266\">15 de diciembre<\/strong>, Starlite Madrid acoger\u00e1 por primera vez en Espa\u00f1a el evento <strong data-start=\"2328\" data-end=\"2348\">Billboard No. 1s<\/strong>, una cita exclusiva que rendir\u00e1 homenaje a los artistas que han liderado las listas de \u00e9xitos de Billboard a nivel mundial. Ser\u00e1 una gala especial con actuaciones sorpresa y la participaci\u00f3n de grandes nombres del panorama internacional.<\/p>\t\t\t\t\t\t\t\t<\/div>\n\t\t\t\t<\/div>\n\t\t\t\t\t<\/div>\n\t\t<\/div>\n\t\t\t\t\t<\/div>\n\t\t<\/section>\n\t\t\t\t<section class=\"elementor-section elementor-top-section elementor-element elementor-element-d778d5c elementor-section-boxed elementor-section-height-default elementor-section-height-default\" data-id=\"d778d5c\" data-element_type=\"section\" data-e-type=\"section\">\n\t\t\t\t\t\t<div class=\"elementor-container elementor-column-gap-default\">\n\t\t\t\t\t<div class=\"elementor-column elementor-col-100 elementor-top-column elementor-element elementor-element-b804bd9\" data-id=\"b804bd9\" data-element_type=\"column\" data-e-type=\"column\">\n\t\t\t<div class=\"elementor-widget-wrap elementor-element-populated\">\n\t\t\t\t\t\t<div class=\"elementor-element elementor-element-6814be6 elementor-widget elementor-widget-video\" data-id=\"6814be6\" data-element_type=\"widget\" data-e-type=\"widget\" data-settings=\"{&quot;youtube_url&quot;:&quot;https:\\\/\\\/www.youtube.com\\\/watch?v=EFQPTPc3NU0&quot;,&quot;video_type&quot;:&quot;youtube&quot;,&quot;controls&quot;:&quot;yes&quot;}\" data-widget_type=\"video.default\">\n\t\t\t\t<div class=\"elementor-widget-container\">\n\t\t\t\t\t\t\t<div class=\"elementor-wrapper elementor-open-inline\">\n\t\t\t<div class=\"elementor-video\"><\/div>\t\t<\/div>\n\t\t\t\t\t\t<\/div>\n\t\t\t\t<\/div>\n\t\t\t\t\t<\/div>\n\t\t<\/div>\n\t\t\t\t\t<\/div>\n\t\t<\/section>\n\t\t\t\t<section class=\"elementor-section elementor-top-section elementor-element elementor-element-826773e elementor-section-boxed elementor-section-height-default elementor-section-height-default\" data-id=\"826773e\" data-element_type=\"section\" data-e-type=\"section\">\n\t\t\t\t\t\t<div class=\"elementor-container elementor-column-gap-default\">\n\t\t\t\t\t<div class=\"elementor-column elementor-col-100 elementor-top-column elementor-element elementor-element-0c072cf\" data-id=\"0c072cf\" data-element_type=\"column\" data-e-type=\"column\">\n\t\t\t<div class=\"elementor-widget-wrap elementor-element-populated\">\n\t\t\t\t\t\t<div class=\"elementor-element elementor-element-78d719e elementor-widget elementor-widget-text-editor\" data-id=\"78d719e\" data-element_type=\"widget\" data-e-type=\"widget\" data-widget_type=\"text-editor.default\">\n\t\t\t\t<div class=\"elementor-widget-container\">\n\t\t\t\t\t\t\t\t\t<p data-start=\"2590\" data-end=\"2935\">M\u00e1s all\u00e1 de la m\u00fasica, el festival ofrecer\u00e1 una experiencia inmersiva que combina <strong data-start=\"2672\" data-end=\"2722\">gastronom\u00eda, shopping navide\u00f1o y after-parties<\/strong>, con una cuidada ambientaci\u00f3n que invita a vivir la Navidad de una forma diferente. La est\u00e9tica de Starlite \u2014luces, dise\u00f1o, glamour y cercan\u00eda\u2014 se mantiene como sello inconfundible en cada una de sus ediciones.<\/p><p data-start=\"2937\" data-end=\"3182\">Con esta cita, <strong data-start=\"2952\" data-end=\"2971\">Starlite Madrid<\/strong> se consolida como una propuesta cultural imprescindible para despedir el a\u00f1o en la capital. Una fusi\u00f3n de talento, emoci\u00f3n y esp\u00edritu festivo que reunir\u00e1 a miles de asistentes en torno a la m\u00fasica en directo.<\/p>\t\t\t\t\t\t\t\t<\/div>\n\t\t\t\t<\/div>\n\t\t\t\t\t<\/div>\n\t\t<\/div>\n\t\t\t\t\t<\/div>\n\t\t<\/section>\n\t\t\t\t<\/div>","protected":false},"excerpt":{"rendered":"<p>La nueva edici\u00f3n de Starlite Madrid reunir\u00e1 a artistas de talla de Manuel Carrasco, Ricky Martin, India Mart\u00ednez y Melendi en IFEMA La magia de Starlite vuelve a Madrid para cerrar el a\u00f1o con una edici\u00f3n muy especial. Del 11 al 23 de diciembre, los pabellones 12 y 14 de IFEMA se transformar\u00e1n en un [&hellip;]<\/p>\n","protected":false},"author":6,"featured_media":6282,"comment_status":"closed","ping_status":"closed","sticky":false,"template":"","format":"standard","meta":{"footnotes":""},"categories":[4],"tags":[],"class_list":["post-6280","post","type-post","status-publish","format-standard","has-post-thumbnail","hentry","category-musica"],"yoast_head":"<!-- This site is optimized with the Yoast SEO plugin v27.4 - https:\/\/yoast.com\/product\/yoast-seo-wordpress\/ -->\n<title>Starlite Madrid regresa con un gran festival musical del 11 al 23 de diciembre<\/title>\n<meta name=\"description\" content=\"La nueva edici\u00f3n de Starlite Madrid reunir\u00e1 a artistas de talla de Manuel Carrasco, Ricky Martin, India Mart\u00ednez y Melendi en IFEMA\" \/>\n<meta name=\"robots\" content=\"index, follow, max-snippet:-1, max-image-preview:large, max-video-preview:-1\" \/>\n<link rel=\"canonical\" href=\"https:\/\/unaymilletras.com\/en\/starlite-madrid-regresa-con-un-gran-festival-musical-del-11-al-23-de-diciembre\/\" \/>\n<meta property=\"og:locale\" content=\"en_GB\" \/>\n<meta property=\"og:type\" content=\"article\" \/>\n<meta property=\"og:title\" content=\"Starlite Madrid regresa con un gran festival musical del 11 al 23 de diciembre\" \/>\n<meta property=\"og:description\" content=\"La nueva edici\u00f3n de Starlite Madrid reunir\u00e1 a artistas de talla de Manuel Carrasco, Ricky Martin, India Mart\u00ednez y Melendi en IFEMA\" \/>\n<meta property=\"og:url\" content=\"https:\/\/unaymilletras.com\/en\/starlite-madrid-regresa-con-un-gran-festival-musical-del-11-al-23-de-diciembre\/\" \/>\n<meta property=\"og:site_name\" content=\"Una y Mil Letras\" \/>\n<meta property=\"article:published_time\" content=\"2025-11-07T16:05:19+00:00\" \/>\n<meta property=\"og:image\" content=\"https:\/\/unaymilletras.com\/wp-content\/uploads\/2025\/11\/Captura-de-pantalla-2025-11-06-a-las-17.02.32-scaled-e1762445010930.png\" \/>\n\t<meta property=\"og:image:width\" content=\"600\" \/>\n\t<meta property=\"og:image:height\" content=\"282\" \/>\n\t<meta property=\"og:image:type\" content=\"image\/png\" \/>\n<meta name=\"author\" content=\"Redacci\u00f3n\" \/>\n<meta name=\"twitter:card\" content=\"summary_large_image\" \/>\n<meta name=\"twitter:creator\" content=\"@UnaYMilLetras\" \/>\n<meta name=\"twitter:site\" content=\"@UnaYMilLetras\" \/>\n<meta name=\"twitter:label1\" content=\"Written by\" \/>\n\t<meta name=\"twitter:data1\" content=\"Redacci\u00f3n\" \/>\n\t<meta name=\"twitter:label2\" content=\"Estimated reading time\" \/>\n\t<meta name=\"twitter:data2\" content=\"3 minutes\" \/>\n<script type=\"application\/ld+json\" class=\"yoast-schema-graph\">{\"@context\":\"https:\\\/\\\/schema.org\",\"@graph\":[{\"@type\":\"Article\",\"@id\":\"https:\\\/\\\/unaymilletras.com\\\/starlite-madrid-regresa-con-un-gran-festival-musical-del-11-al-23-de-diciembre\\\/#article\",\"isPartOf\":{\"@id\":\"https:\\\/\\\/unaymilletras.com\\\/starlite-madrid-regresa-con-un-gran-festival-musical-del-11-al-23-de-diciembre\\\/\"},\"author\":{\"name\":\"Redacci\u00f3n\",\"@id\":\"http:\\\/\\\/unaymilletras.com\\\/#\\\/schema\\\/person\\\/0860dc8a218329991ee2c7591f4f849d\"},\"headline\":\"Starlite Madrid regresa con un gran festival musical del 11 al 23 de diciembre\",\"datePublished\":\"2025-11-07T16:05:19+00:00\",\"mainEntityOfPage\":{\"@id\":\"https:\\\/\\\/unaymilletras.com\\\/starlite-madrid-regresa-con-un-gran-festival-musical-del-11-al-23-de-diciembre\\\/\"},\"wordCount\":509,\"publisher\":{\"@id\":\"http:\\\/\\\/unaymilletras.com\\\/#organization\"},\"image\":{\"@id\":\"https:\\\/\\\/unaymilletras.com\\\/starlite-madrid-regresa-con-un-gran-festival-musical-del-11-al-23-de-diciembre\\\/#primaryimage\"},\"thumbnailUrl\":\"https:\\\/\\\/unaymilletras.com\\\/wp-content\\\/uploads\\\/2025\\\/11\\\/Captura-de-pantalla-2025-11-06-a-las-17.02.32-scaled-e1762445010930.png\",\"articleSection\":[\"M\u00fasica\"],\"inLanguage\":\"en-GB\"},{\"@type\":\"WebPage\",\"@id\":\"https:\\\/\\\/unaymilletras.com\\\/starlite-madrid-regresa-con-un-gran-festival-musical-del-11-al-23-de-diciembre\\\/\",\"url\":\"https:\\\/\\\/unaymilletras.com\\\/starlite-madrid-regresa-con-un-gran-festival-musical-del-11-al-23-de-diciembre\\\/\",\"name\":\"Starlite Madrid regresa con un gran festival musical del 11 al 23 de diciembre\",\"isPartOf\":{\"@id\":\"http:\\\/\\\/unaymilletras.com\\\/#website\"},\"primaryImageOfPage\":{\"@id\":\"https:\\\/\\\/unaymilletras.com\\\/starlite-madrid-regresa-con-un-gran-festival-musical-del-11-al-23-de-diciembre\\\/#primaryimage\"},\"image\":{\"@id\":\"https:\\\/\\\/unaymilletras.com\\\/starlite-madrid-regresa-con-un-gran-festival-musical-del-11-al-23-de-diciembre\\\/#primaryimage\"},\"thumbnailUrl\":\"https:\\\/\\\/unaymilletras.com\\\/wp-content\\\/uploads\\\/2025\\\/11\\\/Captura-de-pantalla-2025-11-06-a-las-17.02.32-scaled-e1762445010930.png\",\"datePublished\":\"2025-11-07T16:05:19+00:00\",\"description\":\"La nueva edici\u00f3n de Starlite Madrid reunir\u00e1 a artistas de talla de Manuel Carrasco, Ricky Martin, India Mart\u00ednez y Melendi en IFEMA\",\"breadcrumb\":{\"@id\":\"https:\\\/\\\/unaymilletras.com\\\/starlite-madrid-regresa-con-un-gran-festival-musical-del-11-al-23-de-diciembre\\\/#breadcrumb\"},\"inLanguage\":\"en-GB\",\"potentialAction\":[{\"@type\":\"ReadAction\",\"target\":[\"https:\\\/\\\/unaymilletras.com\\\/starlite-madrid-regresa-con-un-gran-festival-musical-del-11-al-23-de-diciembre\\\/\"]}]},{\"@type\":\"ImageObject\",\"inLanguage\":\"en-GB\",\"@id\":\"https:\\\/\\\/unaymilletras.com\\\/starlite-madrid-regresa-con-un-gran-festival-musical-del-11-al-23-de-diciembre\\\/#primaryimage\",\"url\":\"https:\\\/\\\/unaymilletras.com\\\/wp-content\\\/uploads\\\/2025\\\/11\\\/Captura-de-pantalla-2025-11-06-a-las-17.02.32-scaled-e1762445010930.png\",\"contentUrl\":\"https:\\\/\\\/unaymilletras.com\\\/wp-content\\\/uploads\\\/2025\\\/11\\\/Captura-de-pantalla-2025-11-06-a-las-17.02.32-scaled-e1762445010930.png\",\"width\":600,\"height\":282,\"caption\":\"Starlite Madrid\"},{\"@type\":\"BreadcrumbList\",\"@id\":\"https:\\\/\\\/unaymilletras.com\\\/starlite-madrid-regresa-con-un-gran-festival-musical-del-11-al-23-de-diciembre\\\/#breadcrumb\",\"itemListElement\":[{\"@type\":\"ListItem\",\"position\":1,\"name\":\"Home\",\"item\":\"http:\\\/\\\/unaymilletras.com\\\/\"},{\"@type\":\"ListItem\",\"position\":2,\"name\":\"Starlite Madrid regresa con un gran festival musical del 11 al 23 de diciembre\"}]},{\"@type\":\"WebSite\",\"@id\":\"http:\\\/\\\/unaymilletras.com\\\/#website\",\"url\":\"http:\\\/\\\/unaymilletras.com\\\/\",\"name\":\"Una y Mil Letras\",\"description\":\"\",\"publisher\":{\"@id\":\"http:\\\/\\\/unaymilletras.com\\\/#organization\"},\"potentialAction\":[{\"@type\":\"SearchAction\",\"target\":{\"@type\":\"EntryPoint\",\"urlTemplate\":\"http:\\\/\\\/unaymilletras.com\\\/?s={search_term_string}\"},\"query-input\":{\"@type\":\"PropertyValueSpecification\",\"valueRequired\":true,\"valueName\":\"search_term_string\"}}],\"inLanguage\":\"en-GB\"},{\"@type\":\"Organization\",\"@id\":\"http:\\\/\\\/unaymilletras.com\\\/#organization\",\"name\":\"Una y Mil Letras\",\"url\":\"http:\\\/\\\/unaymilletras.com\\\/\",\"logo\":{\"@type\":\"ImageObject\",\"inLanguage\":\"en-GB\",\"@id\":\"http:\\\/\\\/unaymilletras.com\\\/#\\\/schema\\\/logo\\\/image\\\/\",\"url\":\"https:\\\/\\\/unaymilletras.com\\\/wp-content\\\/uploads\\\/2024\\\/06\\\/cropped-Logo-removebg-preview.png\",\"contentUrl\":\"https:\\\/\\\/unaymilletras.com\\\/wp-content\\\/uploads\\\/2024\\\/06\\\/cropped-Logo-removebg-preview.png\",\"width\":512,\"height\":512,\"caption\":\"Una y Mil Letras\"},\"image\":{\"@id\":\"http:\\\/\\\/unaymilletras.com\\\/#\\\/schema\\\/logo\\\/image\\\/\"},\"sameAs\":[\"https:\\\/\\\/x.com\\\/UnaYMilLetras\",\"https:\\\/\\\/instagram.com\\\/UnaYMilLetras\"]},{\"@type\":\"Person\",\"@id\":\"http:\\\/\\\/unaymilletras.com\\\/#\\\/schema\\\/person\\\/0860dc8a218329991ee2c7591f4f849d\",\"name\":\"Redacci\u00f3n\",\"image\":{\"@type\":\"ImageObject\",\"inLanguage\":\"en-GB\",\"@id\":\"https:\\\/\\\/secure.gravatar.com\\\/avatar\\\/d8f55e05a8b6597e45c55a1dcbdbfe44f4a360d88b48e00de5216a79b7732796?s=96&d=mm&r=g\",\"url\":\"https:\\\/\\\/secure.gravatar.com\\\/avatar\\\/d8f55e05a8b6597e45c55a1dcbdbfe44f4a360d88b48e00de5216a79b7732796?s=96&d=mm&r=g\",\"contentUrl\":\"https:\\\/\\\/secure.gravatar.com\\\/avatar\\\/d8f55e05a8b6597e45c55a1dcbdbfe44f4a360d88b48e00de5216a79b7732796?s=96&d=mm&r=g\",\"caption\":\"Redacci\u00f3n\"},\"url\":\"https:\\\/\\\/unaymilletras.com\\\/en\\\/author\\\/redaccion\\\/\"}]}<\/script>\n<!-- \/ Yoast SEO plugin. -->","yoast_head_json":{"title":"Starlite Madrid regresa con un gran festival musical del 11 al 23 de diciembre","description":"La nueva edici\u00f3n de Starlite Madrid reunir\u00e1 a artistas de talla de Manuel Carrasco, Ricky Martin, India Mart\u00ednez y Melendi en IFEMA","robots":{"index":"index","follow":"follow","max-snippet":"max-snippet:-1","max-image-preview":"max-image-preview:large","max-video-preview":"max-video-preview:-1"},"canonical":"https:\/\/unaymilletras.com\/en\/starlite-madrid-regresa-con-un-gran-festival-musical-del-11-al-23-de-diciembre\/","og_locale":"en_GB","og_type":"article","og_title":"Starlite Madrid regresa con un gran festival musical del 11 al 23 de diciembre","og_description":"La nueva edici\u00f3n de Starlite Madrid reunir\u00e1 a artistas de talla de Manuel Carrasco, Ricky Martin, India Mart\u00ednez y Melendi en IFEMA","og_url":"https:\/\/unaymilletras.com\/en\/starlite-madrid-regresa-con-un-gran-festival-musical-del-11-al-23-de-diciembre\/","og_site_name":"Una y Mil Letras","article_published_time":"2025-11-07T16:05:19+00:00","og_image":[{"width":600,"height":282,"url":"https:\/\/unaymilletras.com\/wp-content\/uploads\/2025\/11\/Captura-de-pantalla-2025-11-06-a-las-17.02.32-scaled-e1762445010930.png","type":"image\/png"}],"author":"Redacci\u00f3n","twitter_card":"summary_large_image","twitter_creator":"@UnaYMilLetras","twitter_site":"@UnaYMilLetras","twitter_misc":{"Written by":"Redacci\u00f3n","Estimated reading time":"3 minutes"},"schema":{"@context":"https:\/\/schema.org","@graph":[{"@type":"Article","@id":"https:\/\/unaymilletras.com\/starlite-madrid-regresa-con-un-gran-festival-musical-del-11-al-23-de-diciembre\/#article","isPartOf":{"@id":"https:\/\/unaymilletras.com\/starlite-madrid-regresa-con-un-gran-festival-musical-del-11-al-23-de-diciembre\/"},"author":{"name":"Redacci\u00f3n","@id":"http:\/\/unaymilletras.com\/#\/schema\/person\/0860dc8a218329991ee2c7591f4f849d"},"headline":"Starlite Madrid regresa con un gran festival musical del 11 al 23 de diciembre","datePublished":"2025-11-07T16:05:19+00:00","mainEntityOfPage":{"@id":"https:\/\/unaymilletras.com\/starlite-madrid-regresa-con-un-gran-festival-musical-del-11-al-23-de-diciembre\/"},"wordCount":509,"publisher":{"@id":"http:\/\/unaymilletras.com\/#organization"},"image":{"@id":"https:\/\/unaymilletras.com\/starlite-madrid-regresa-con-un-gran-festival-musical-del-11-al-23-de-diciembre\/#primaryimage"},"thumbnailUrl":"https:\/\/unaymilletras.com\/wp-content\/uploads\/2025\/11\/Captura-de-pantalla-2025-11-06-a-las-17.02.32-scaled-e1762445010930.png","articleSection":["M\u00fasica"],"inLanguage":"en-GB"},{"@type":"WebPage","@id":"https:\/\/unaymilletras.com\/starlite-madrid-regresa-con-un-gran-festival-musical-del-11-al-23-de-diciembre\/","url":"https:\/\/unaymilletras.com\/starlite-madrid-regresa-con-un-gran-festival-musical-del-11-al-23-de-diciembre\/","name":"Starlite Madrid regresa con un gran festival musical del 11 al 23 de diciembre","isPartOf":{"@id":"http:\/\/unaymilletras.com\/#website"},"primaryImageOfPage":{"@id":"https:\/\/unaymilletras.com\/starlite-madrid-regresa-con-un-gran-festival-musical-del-11-al-23-de-diciembre\/#primaryimage"},"image":{"@id":"https:\/\/unaymilletras.com\/starlite-madrid-regresa-con-un-gran-festival-musical-del-11-al-23-de-diciembre\/#primaryimage"},"thumbnailUrl":"https:\/\/unaymilletras.com\/wp-content\/uploads\/2025\/11\/Captura-de-pantalla-2025-11-06-a-las-17.02.32-scaled-e1762445010930.png","datePublished":"2025-11-07T16:05:19+00:00","description":"La nueva edici\u00f3n de Starlite Madrid reunir\u00e1 a artistas de talla de Manuel Carrasco, Ricky Martin, India Mart\u00ednez y Melendi en IFEMA","breadcrumb":{"@id":"https:\/\/unaymilletras.com\/starlite-madrid-regresa-con-un-gran-festival-musical-del-11-al-23-de-diciembre\/#breadcrumb"},"inLanguage":"en-GB","potentialAction":[{"@type":"ReadAction","target":["https:\/\/unaymilletras.com\/starlite-madrid-regresa-con-un-gran-festival-musical-del-11-al-23-de-diciembre\/"]}]},{"@type":"ImageObject","inLanguage":"en-GB","@id":"https:\/\/unaymilletras.com\/starlite-madrid-regresa-con-un-gran-festival-musical-del-11-al-23-de-diciembre\/#primaryimage","url":"https:\/\/unaymilletras.com\/wp-content\/uploads\/2025\/11\/Captura-de-pantalla-2025-11-06-a-las-17.02.32-scaled-e1762445010930.png","contentUrl":"https:\/\/unaymilletras.com\/wp-content\/uploads\/2025\/11\/Captura-de-pantalla-2025-11-06-a-las-17.02.32-scaled-e1762445010930.png","width":600,"height":282,"caption":"Starlite Madrid"},{"@type":"BreadcrumbList","@id":"https:\/\/unaymilletras.com\/starlite-madrid-regresa-con-un-gran-festival-musical-del-11-al-23-de-diciembre\/#breadcrumb","itemListElement":[{"@type":"ListItem","position":1,"name":"Home","item":"http:\/\/unaymilletras.com\/"},{"@type":"ListItem","position":2,"name":"Starlite Madrid regresa con un gran festival musical del 11 al 23 de diciembre"}]},{"@type":"WebSite","@id":"http:\/\/unaymilletras.com\/#website","url":"http:\/\/unaymilletras.com\/","name":"Una y Mil Letras","description":"","publisher":{"@id":"http:\/\/unaymilletras.com\/#organization"},"potentialAction":[{"@type":"SearchAction","target":{"@type":"EntryPoint","urlTemplate":"http:\/\/unaymilletras.com\/?s={search_term_string}"},"query-input":{"@type":"PropertyValueSpecification","valueRequired":true,"valueName":"search_term_string"}}],"inLanguage":"en-GB"},{"@type":"Organization","@id":"http:\/\/unaymilletras.com\/#organization","name":"Una y Mil Letras","url":"http:\/\/unaymilletras.com\/","logo":{"@type":"ImageObject","inLanguage":"en-GB","@id":"http:\/\/unaymilletras.com\/#\/schema\/logo\/image\/","url":"https:\/\/unaymilletras.com\/wp-content\/uploads\/2024\/06\/cropped-Logo-removebg-preview.png","contentUrl":"https:\/\/unaymilletras.com\/wp-content\/uploads\/2024\/06\/cropped-Logo-removebg-preview.png","width":512,"height":512,"caption":"Una y Mil Letras"},"image":{"@id":"http:\/\/unaymilletras.com\/#\/schema\/logo\/image\/"},"sameAs":["https:\/\/x.com\/UnaYMilLetras","https:\/\/instagram.com\/UnaYMilLetras"]},{"@type":"Person","@id":"http:\/\/unaymilletras.com\/#\/schema\/person\/0860dc8a218329991ee2c7591f4f849d","name":"Redacci\u00f3n","image":{"@type":"ImageObject","inLanguage":"en-GB","@id":"https:\/\/secure.gravatar.com\/avatar\/d8f55e05a8b6597e45c55a1dcbdbfe44f4a360d88b48e00de5216a79b7732796?s=96&d=mm&r=g","url":"https:\/\/secure.gravatar.com\/avatar\/d8f55e05a8b6597e45c55a1dcbdbfe44f4a360d88b48e00de5216a79b7732796?s=96&d=mm&r=g","contentUrl":"https:\/\/secure.gravatar.com\/avatar\/d8f55e05a8b6597e45c55a1dcbdbfe44f4a360d88b48e00de5216a79b7732796?s=96&d=mm&r=g","caption":"Redacci\u00f3n"},"url":"https:\/\/unaymilletras.com\/en\/author\/redaccion\/"}]}},"_links":{"self":[{"href":"https:\/\/unaymilletras.com\/en\/wp-json\/wp\/v2\/posts\/6280","targetHints":{"allow":["GET"]}}],"collection":[{"href":"https:\/\/unaymilletras.com\/en\/wp-json\/wp\/v2\/posts"}],"about":[{"href":"https:\/\/unaymilletras.com\/en\/wp-json\/wp\/v2\/types\/post"}],"author":[{"embeddable":true,"href":"https:\/\/unaymilletras.com\/en\/wp-json\/wp\/v2\/users\/6"}],"replies":[{"embeddable":true,"href":"https:\/\/unaymilletras.com\/en\/wp-json\/wp\/v2\/comments?post=6280"}],"version-history":[{"count":5,"href":"https:\/\/unaymilletras.com\/en\/wp-json\/wp\/v2\/posts\/6280\/revisions"}],"predecessor-version":[{"id":6286,"href":"https:\/\/unaymilletras.com\/en\/wp-json\/wp\/v2\/posts\/6280\/revisions\/6286"}],"wp:featuredmedia":[{"embeddable":true,"href":"https:\/\/unaymilletras.com\/en\/wp-json\/wp\/v2\/media\/6282"}],"wp:attachment":[{"href":"https:\/\/unaymilletras.com\/en\/wp-json\/wp\/v2\/media?parent=6280"}],"wp:term":[{"taxonomy":"category","embeddable":true,"href":"https:\/\/unaymilletras.com\/en\/wp-json\/wp\/v2\/categories?post=6280"},{"taxonomy":"post_tag","embeddable":true,"href":"https:\/\/unaymilletras.com\/en\/wp-json\/wp\/v2\/tags?post=6280"}],"curies":[{"name":"wp","href":"https:\/\/api.w.org\/{rel}","templated":true}]}}