{"id":6298,"date":"2025-11-06T19:53:10","date_gmt":"2025-11-06T18:53:10","guid":{"rendered":"https:\/\/unaymilletras.com\/?p=6298"},"modified":"2025-11-06T19:54:18","modified_gmt":"2025-11-06T18:54:18","slug":"daddy-yankee-se-junta-con-bizarrap-en-la-primera-sesion-de-2025","status":"publish","type":"post","link":"https:\/\/unaymilletras.com\/en\/daddy-yankee-se-junta-con-bizarrap-en-la-primera-sesion-de-2025\/","title":{"rendered":"Daddy Yankee se junta con Bizarrap en la primera sesi\u00f3n de 2025"},"content":{"rendered":"<p><strong><em>El productor argentino, desaparecido en lo que iba de a\u00f1o, lanz\u00f3 la edici\u00f3n n\u00famero 0 junto a leyenda del reggaet\u00f3n Daddy Yankee<\/em><\/strong><\/p>\n\n\n\n<p>Daddy Yankee rompe internet en una colaboraci\u00f3n con Bizarrap. Las m\u00edticas sesiones del productor argentino finalmente han vuelto, despu\u00e9s de que durante todo el a\u00f1o 2025 estuvieran ausentes y sin indicios de si regresar\u00edan o no. Tuvo que ser con uno de los m\u00e1s grandes compositores del g\u00e9nero urbano, leyenda del reggaet\u00f3n e inspirador de la gran mayor\u00eda de cantantes que conforman la escena musical latina. Esto le apropia de la sesi\u00f3n n\u00famero 0, ya que seg\u00fan Bizarrap, Daddy es un precursor en la m\u00fasica y va por delante de todos.<\/p>\n\n\n\n<p>En cuanto a la canci\u00f3n, dura apenas dos minutos y medio donde repite el estribillo tres veces con dos breves versos de por medio. El ritmo es un reggaet\u00f3n tildado de pinceladas electr\u00f3nicas, algo m\u00e1s que frecuente y repetitivo por parte de Biza, pero con una parte muy musical dise\u00f1ada para aprovechar a la perfecci\u00f3n todas las virtudes del cantante. La letra es un homenaje a la extensa carrera de Daddy, recogida en menciones a la \u00abgasolina\u00bb o \u00abde Santurce pa&#8217; Argentina\u00bb, aunque tambi\u00e9n menciona que el puertorrique\u00f1o est\u00e1 de vuelta con \u00abest\u00e1s viendo un hombre que renace de las cenizas\u00bb y en el estribillo insiste en la \u00abnueva temporada\u00bb, un concepto aplicable para el argentino tambi\u00e9n.<\/p>\n\n\n\n<p>El anuncio de la colaboraci\u00f3n ins\u00f3lita, con tan solo un d\u00eda de antelaci\u00f3n, levant\u00f3 tanta expectaci\u00f3n que  en menos de 24 horas supera los 9 millones de reproducciones en YouTube. Para la magnitud y las masas que mueven ambos artistas, este tema ha defraudado un poco a algunos oyentes seg\u00fan los comentarios, aunque tambi\u00e9n insisten que es una canci\u00f3n que no tiene el cl\u00e1sico contexto fiestero que acostumbra este tipo de m\u00fasica. Muchos usuarios, de hecho, afirman que el sonido creado les recuerda al empleado en los himnos de competiciones deportivas como podr\u00eda ser el mundial.<\/p>\n\n\n\n<h2 class=\"wp-block-heading\">Se acerca el final de Bizarrap<\/h2>\n\n\n\n<p>Por otra parte, parece que el fen\u00f3meno Bizarrap est\u00e1 llegando a su fin. El 0\/66 es un indicativo del n\u00famero total que habr\u00e1 de sesiones y actualmente se va por la 61. Dicho de otra manera, todo indica que solo faltan cinco sesiones, adem\u00e1s de la 42. El productor argentino hizo una de las suyas y al entrar en su web, se pueden hallar algunas pistas sobre quienes ser\u00e1n los \u00faltimos colaboradores. La \u00faltima mencionada probablemente es la de Myke Towers. La instrumental se puede escuchar y suena de la misma forma que un adelanto que ense\u00f1aron ambos artistas a\u00f1os atr\u00e1s.<\/p>\n\n\n\n<p>Para las pr\u00f3ximas cinco en cambio, no hay demasiada informaci\u00f3n. De momento solo se sabe que la 64 ser\u00e1 con un argentino, ya que aparece el prefijo de tel\u00e9fono de dicho pa\u00eds. En la anterior a esta se puede proponer adem\u00e1s un artista para dicha sesi\u00f3n. Aunque parec\u00eda algo olvidado ya, Bizarrap est\u00e1 de vuelta en lo que podr\u00eda ser su recta final y pretender\u00e1 dejar el list\u00f3n alto en esta \u00faltima etapa.<\/p>","protected":false},"excerpt":{"rendered":"<p>El productor argentino, desaparecido en lo que iba de a\u00f1o, lanz\u00f3 la edici\u00f3n n\u00famero 0 junto a leyenda del reggaet\u00f3n Daddy Yankee Daddy Yankee rompe internet en una colaboraci\u00f3n con Bizarrap. Las m\u00edticas sesiones del productor argentino finalmente han vuelto, despu\u00e9s de que durante todo el a\u00f1o 2025 estuvieran ausentes y sin indicios de si [&hellip;]<\/p>\n","protected":false},"author":10,"featured_media":6299,"comment_status":"closed","ping_status":"closed","sticky":false,"template":"","format":"standard","meta":{"footnotes":""},"categories":[4],"tags":[252,256,254,169,255,253],"class_list":["post-6298","post","type-post","status-publish","format-standard","has-post-thumbnail","hentry","category-musica","tag-bizarrap","tag-colaboracion","tag-daddy-yankee","tag-musica","tag-reggaeton","tag-sesion"],"yoast_head":"<!-- This site is optimized with the Yoast SEO plugin v27.4 - https:\/\/yoast.com\/product\/yoast-seo-wordpress\/ -->\n<title>Daddy Yankee se junta con Bizarrap en la primera sesi\u00f3n de 2025 &#8902; Una y Mil Letras<\/title>\n<meta name=\"description\" content=\"El productor argentino, desaparecido en lo que iba de a\u00f1o, lanz\u00f3 la edici\u00f3n n\u00famero 0 junto a leyenda del reggaet\u00f3n Daddy Yankee\" \/>\n<meta name=\"robots\" content=\"index, follow, max-snippet:-1, max-image-preview:large, max-video-preview:-1\" \/>\n<link rel=\"canonical\" href=\"https:\/\/unaymilletras.com\/en\/daddy-yankee-se-junta-con-bizarrap-en-la-primera-sesion-de-2025\/\" \/>\n<meta property=\"og:locale\" content=\"en_GB\" \/>\n<meta property=\"og:type\" content=\"article\" \/>\n<meta property=\"og:title\" content=\"Daddy Yankee se junta con Bizarrap en la primera sesi\u00f3n de 2025 &#8902; Una y Mil Letras\" \/>\n<meta property=\"og:description\" content=\"El productor argentino, desaparecido en lo que iba de a\u00f1o, lanz\u00f3 la edici\u00f3n n\u00famero 0 junto a leyenda del reggaet\u00f3n Daddy Yankee\" \/>\n<meta property=\"og:url\" content=\"https:\/\/unaymilletras.com\/en\/daddy-yankee-se-junta-con-bizarrap-en-la-primera-sesion-de-2025\/\" \/>\n<meta property=\"og:site_name\" content=\"Una y Mil Letras\" \/>\n<meta property=\"article:published_time\" content=\"2025-11-06T18:53:10+00:00\" \/>\n<meta property=\"article:modified_time\" content=\"2025-11-06T18:54:18+00:00\" \/>\n<meta property=\"og:image\" content=\"http:\/\/unaymilletras.com\/wp-content\/uploads\/2025\/11\/Captura-de-pantalla-2025-11-06-195152.png\" \/>\n\t<meta property=\"og:image:width\" content=\"788\" \/>\n\t<meta property=\"og:image:height\" content=\"631\" \/>\n\t<meta property=\"og:image:type\" content=\"image\/png\" \/>\n<meta name=\"author\" content=\"David Hern\u00e1ndez\" \/>\n<meta name=\"twitter:card\" content=\"summary_large_image\" \/>\n<meta name=\"twitter:creator\" content=\"@UnaYMilLetras\" \/>\n<meta name=\"twitter:site\" content=\"@UnaYMilLetras\" \/>\n<meta name=\"twitter:label1\" content=\"Written by\" \/>\n\t<meta name=\"twitter:data1\" content=\"David Hern\u00e1ndez\" \/>\n\t<meta name=\"twitter:label2\" content=\"Estimated reading time\" \/>\n\t<meta name=\"twitter:data2\" content=\"3 minutes\" \/>\n<script type=\"application\/ld+json\" class=\"yoast-schema-graph\">{\"@context\":\"https:\\\/\\\/schema.org\",\"@graph\":[{\"@type\":\"Article\",\"@id\":\"https:\\\/\\\/unaymilletras.com\\\/daddy-yankee-se-junta-con-bizarrap-en-la-primera-sesion-de-2025\\\/#article\",\"isPartOf\":{\"@id\":\"https:\\\/\\\/unaymilletras.com\\\/daddy-yankee-se-junta-con-bizarrap-en-la-primera-sesion-de-2025\\\/\"},\"author\":{\"name\":\"David Hern\u00e1ndez\",\"@id\":\"http:\\\/\\\/unaymilletras.com\\\/#\\\/schema\\\/person\\\/0c171c80bc49a58d7a8ed3394548370c\"},\"headline\":\"Daddy Yankee se junta con Bizarrap en la primera sesi\u00f3n de 2025\",\"datePublished\":\"2025-11-06T18:53:10+00:00\",\"dateModified\":\"2025-11-06T18:54:18+00:00\",\"mainEntityOfPage\":{\"@id\":\"https:\\\/\\\/unaymilletras.com\\\/daddy-yankee-se-junta-con-bizarrap-en-la-primera-sesion-de-2025\\\/\"},\"wordCount\":563,\"publisher\":{\"@id\":\"http:\\\/\\\/unaymilletras.com\\\/#organization\"},\"image\":{\"@id\":\"https:\\\/\\\/unaymilletras.com\\\/daddy-yankee-se-junta-con-bizarrap-en-la-primera-sesion-de-2025\\\/#primaryimage\"},\"thumbnailUrl\":\"https:\\\/\\\/unaymilletras.com\\\/wp-content\\\/uploads\\\/2025\\\/11\\\/Captura-de-pantalla-2025-11-06-195152.png\",\"keywords\":[\"Bizarrap\",\"Colaboraci\u00f3n\",\"Daddy Yankee\",\"musica\",\"Reggaet\u00f3n\",\"Sesion\"],\"articleSection\":[\"M\u00fasica\"],\"inLanguage\":\"en-GB\"},{\"@type\":\"WebPage\",\"@id\":\"https:\\\/\\\/unaymilletras.com\\\/daddy-yankee-se-junta-con-bizarrap-en-la-primera-sesion-de-2025\\\/\",\"url\":\"https:\\\/\\\/unaymilletras.com\\\/daddy-yankee-se-junta-con-bizarrap-en-la-primera-sesion-de-2025\\\/\",\"name\":\"Daddy Yankee se junta con Bizarrap en la primera sesi\u00f3n de 2025 &#8902; Una y Mil Letras\",\"isPartOf\":{\"@id\":\"http:\\\/\\\/unaymilletras.com\\\/#website\"},\"primaryImageOfPage\":{\"@id\":\"https:\\\/\\\/unaymilletras.com\\\/daddy-yankee-se-junta-con-bizarrap-en-la-primera-sesion-de-2025\\\/#primaryimage\"},\"image\":{\"@id\":\"https:\\\/\\\/unaymilletras.com\\\/daddy-yankee-se-junta-con-bizarrap-en-la-primera-sesion-de-2025\\\/#primaryimage\"},\"thumbnailUrl\":\"https:\\\/\\\/unaymilletras.com\\\/wp-content\\\/uploads\\\/2025\\\/11\\\/Captura-de-pantalla-2025-11-06-195152.png\",\"datePublished\":\"2025-11-06T18:53:10+00:00\",\"dateModified\":\"2025-11-06T18:54:18+00:00\",\"description\":\"El productor argentino, desaparecido en lo que iba de a\u00f1o, lanz\u00f3 la edici\u00f3n n\u00famero 0 junto a leyenda del reggaet\u00f3n Daddy Yankee\",\"breadcrumb\":{\"@id\":\"https:\\\/\\\/unaymilletras.com\\\/daddy-yankee-se-junta-con-bizarrap-en-la-primera-sesion-de-2025\\\/#breadcrumb\"},\"inLanguage\":\"en-GB\",\"potentialAction\":[{\"@type\":\"ReadAction\",\"target\":[\"https:\\\/\\\/unaymilletras.com\\\/daddy-yankee-se-junta-con-bizarrap-en-la-primera-sesion-de-2025\\\/\"]}]},{\"@type\":\"ImageObject\",\"inLanguage\":\"en-GB\",\"@id\":\"https:\\\/\\\/unaymilletras.com\\\/daddy-yankee-se-junta-con-bizarrap-en-la-primera-sesion-de-2025\\\/#primaryimage\",\"url\":\"https:\\\/\\\/unaymilletras.com\\\/wp-content\\\/uploads\\\/2025\\\/11\\\/Captura-de-pantalla-2025-11-06-195152.png\",\"contentUrl\":\"https:\\\/\\\/unaymilletras.com\\\/wp-content\\\/uploads\\\/2025\\\/11\\\/Captura-de-pantalla-2025-11-06-195152.png\",\"width\":788,\"height\":631,\"caption\":\"Instagram\"},{\"@type\":\"BreadcrumbList\",\"@id\":\"https:\\\/\\\/unaymilletras.com\\\/daddy-yankee-se-junta-con-bizarrap-en-la-primera-sesion-de-2025\\\/#breadcrumb\",\"itemListElement\":[{\"@type\":\"ListItem\",\"position\":1,\"name\":\"Home\",\"item\":\"http:\\\/\\\/unaymilletras.com\\\/\"},{\"@type\":\"ListItem\",\"position\":2,\"name\":\"Daddy Yankee se junta con Bizarrap en la primera sesi\u00f3n de 2025\"}]},{\"@type\":\"WebSite\",\"@id\":\"http:\\\/\\\/unaymilletras.com\\\/#website\",\"url\":\"http:\\\/\\\/unaymilletras.com\\\/\",\"name\":\"Una y Mil Letras\",\"description\":\"\",\"publisher\":{\"@id\":\"http:\\\/\\\/unaymilletras.com\\\/#organization\"},\"potentialAction\":[{\"@type\":\"SearchAction\",\"target\":{\"@type\":\"EntryPoint\",\"urlTemplate\":\"http:\\\/\\\/unaymilletras.com\\\/?s={search_term_string}\"},\"query-input\":{\"@type\":\"PropertyValueSpecification\",\"valueRequired\":true,\"valueName\":\"search_term_string\"}}],\"inLanguage\":\"en-GB\"},{\"@type\":\"Organization\",\"@id\":\"http:\\\/\\\/unaymilletras.com\\\/#organization\",\"name\":\"Una y Mil Letras\",\"url\":\"http:\\\/\\\/unaymilletras.com\\\/\",\"logo\":{\"@type\":\"ImageObject\",\"inLanguage\":\"en-GB\",\"@id\":\"http:\\\/\\\/unaymilletras.com\\\/#\\\/schema\\\/logo\\\/image\\\/\",\"url\":\"https:\\\/\\\/unaymilletras.com\\\/wp-content\\\/uploads\\\/2024\\\/06\\\/cropped-Logo-removebg-preview.png\",\"contentUrl\":\"https:\\\/\\\/unaymilletras.com\\\/wp-content\\\/uploads\\\/2024\\\/06\\\/cropped-Logo-removebg-preview.png\",\"width\":512,\"height\":512,\"caption\":\"Una y Mil Letras\"},\"image\":{\"@id\":\"http:\\\/\\\/unaymilletras.com\\\/#\\\/schema\\\/logo\\\/image\\\/\"},\"sameAs\":[\"https:\\\/\\\/x.com\\\/UnaYMilLetras\",\"https:\\\/\\\/instagram.com\\\/UnaYMilLetras\"]},{\"@type\":\"Person\",\"@id\":\"http:\\\/\\\/unaymilletras.com\\\/#\\\/schema\\\/person\\\/0c171c80bc49a58d7a8ed3394548370c\",\"name\":\"David Hern\u00e1ndez\",\"image\":{\"@type\":\"ImageObject\",\"inLanguage\":\"en-GB\",\"@id\":\"https:\\\/\\\/secure.gravatar.com\\\/avatar\\\/86739d73874dcbc11e4278af33fb905704f5c29329727efb3b0e0bc838b0d469?s=96&d=mm&r=g\",\"url\":\"https:\\\/\\\/secure.gravatar.com\\\/avatar\\\/86739d73874dcbc11e4278af33fb905704f5c29329727efb3b0e0bc838b0d469?s=96&d=mm&r=g\",\"contentUrl\":\"https:\\\/\\\/secure.gravatar.com\\\/avatar\\\/86739d73874dcbc11e4278af33fb905704f5c29329727efb3b0e0bc838b0d469?s=96&d=mm&r=g\",\"caption\":\"David Hern\u00e1ndez\"},\"url\":\"https:\\\/\\\/unaymilletras.com\\\/en\\\/author\\\/davidesel\\\/\"}]}<\/script>\n<!-- \/ Yoast SEO plugin. -->","yoast_head_json":{"title":"Daddy Yankee se junta con Bizarrap en la primera sesi\u00f3n de 2025 &#8902; Una y Mil Letras","description":"El productor argentino, desaparecido en lo que iba de a\u00f1o, lanz\u00f3 la edici\u00f3n n\u00famero 0 junto a leyenda del reggaet\u00f3n Daddy Yankee","robots":{"index":"index","follow":"follow","max-snippet":"max-snippet:-1","max-image-preview":"max-image-preview:large","max-video-preview":"max-video-preview:-1"},"canonical":"https:\/\/unaymilletras.com\/en\/daddy-yankee-se-junta-con-bizarrap-en-la-primera-sesion-de-2025\/","og_locale":"en_GB","og_type":"article","og_title":"Daddy Yankee se junta con Bizarrap en la primera sesi\u00f3n de 2025 &#8902; Una y Mil Letras","og_description":"El productor argentino, desaparecido en lo que iba de a\u00f1o, lanz\u00f3 la edici\u00f3n n\u00famero 0 junto a leyenda del reggaet\u00f3n Daddy Yankee","og_url":"https:\/\/unaymilletras.com\/en\/daddy-yankee-se-junta-con-bizarrap-en-la-primera-sesion-de-2025\/","og_site_name":"Una y Mil Letras","article_published_time":"2025-11-06T18:53:10+00:00","article_modified_time":"2025-11-06T18:54:18+00:00","og_image":[{"width":788,"height":631,"url":"http:\/\/unaymilletras.com\/wp-content\/uploads\/2025\/11\/Captura-de-pantalla-2025-11-06-195152.png","type":"image\/png"}],"author":"David Hern\u00e1ndez","twitter_card":"summary_large_image","twitter_creator":"@UnaYMilLetras","twitter_site":"@UnaYMilLetras","twitter_misc":{"Written by":"David Hern\u00e1ndez","Estimated reading time":"3 minutes"},"schema":{"@context":"https:\/\/schema.org","@graph":[{"@type":"Article","@id":"https:\/\/unaymilletras.com\/daddy-yankee-se-junta-con-bizarrap-en-la-primera-sesion-de-2025\/#article","isPartOf":{"@id":"https:\/\/unaymilletras.com\/daddy-yankee-se-junta-con-bizarrap-en-la-primera-sesion-de-2025\/"},"author":{"name":"David Hern\u00e1ndez","@id":"http:\/\/unaymilletras.com\/#\/schema\/person\/0c171c80bc49a58d7a8ed3394548370c"},"headline":"Daddy Yankee se junta con Bizarrap en la primera sesi\u00f3n de 2025","datePublished":"2025-11-06T18:53:10+00:00","dateModified":"2025-11-06T18:54:18+00:00","mainEntityOfPage":{"@id":"https:\/\/unaymilletras.com\/daddy-yankee-se-junta-con-bizarrap-en-la-primera-sesion-de-2025\/"},"wordCount":563,"publisher":{"@id":"http:\/\/unaymilletras.com\/#organization"},"image":{"@id":"https:\/\/unaymilletras.com\/daddy-yankee-se-junta-con-bizarrap-en-la-primera-sesion-de-2025\/#primaryimage"},"thumbnailUrl":"https:\/\/unaymilletras.com\/wp-content\/uploads\/2025\/11\/Captura-de-pantalla-2025-11-06-195152.png","keywords":["Bizarrap","Colaboraci\u00f3n","Daddy Yankee","musica","Reggaet\u00f3n","Sesion"],"articleSection":["M\u00fasica"],"inLanguage":"en-GB"},{"@type":"WebPage","@id":"https:\/\/unaymilletras.com\/daddy-yankee-se-junta-con-bizarrap-en-la-primera-sesion-de-2025\/","url":"https:\/\/unaymilletras.com\/daddy-yankee-se-junta-con-bizarrap-en-la-primera-sesion-de-2025\/","name":"Daddy Yankee se junta con Bizarrap en la primera sesi\u00f3n de 2025 &#8902; Una y Mil Letras","isPartOf":{"@id":"http:\/\/unaymilletras.com\/#website"},"primaryImageOfPage":{"@id":"https:\/\/unaymilletras.com\/daddy-yankee-se-junta-con-bizarrap-en-la-primera-sesion-de-2025\/#primaryimage"},"image":{"@id":"https:\/\/unaymilletras.com\/daddy-yankee-se-junta-con-bizarrap-en-la-primera-sesion-de-2025\/#primaryimage"},"thumbnailUrl":"https:\/\/unaymilletras.com\/wp-content\/uploads\/2025\/11\/Captura-de-pantalla-2025-11-06-195152.png","datePublished":"2025-11-06T18:53:10+00:00","dateModified":"2025-11-06T18:54:18+00:00","description":"El productor argentino, desaparecido en lo que iba de a\u00f1o, lanz\u00f3 la edici\u00f3n n\u00famero 0 junto a leyenda del reggaet\u00f3n Daddy Yankee","breadcrumb":{"@id":"https:\/\/unaymilletras.com\/daddy-yankee-se-junta-con-bizarrap-en-la-primera-sesion-de-2025\/#breadcrumb"},"inLanguage":"en-GB","potentialAction":[{"@type":"ReadAction","target":["https:\/\/unaymilletras.com\/daddy-yankee-se-junta-con-bizarrap-en-la-primera-sesion-de-2025\/"]}]},{"@type":"ImageObject","inLanguage":"en-GB","@id":"https:\/\/unaymilletras.com\/daddy-yankee-se-junta-con-bizarrap-en-la-primera-sesion-de-2025\/#primaryimage","url":"https:\/\/unaymilletras.com\/wp-content\/uploads\/2025\/11\/Captura-de-pantalla-2025-11-06-195152.png","contentUrl":"https:\/\/unaymilletras.com\/wp-content\/uploads\/2025\/11\/Captura-de-pantalla-2025-11-06-195152.png","width":788,"height":631,"caption":"Instagram"},{"@type":"BreadcrumbList","@id":"https:\/\/unaymilletras.com\/daddy-yankee-se-junta-con-bizarrap-en-la-primera-sesion-de-2025\/#breadcrumb","itemListElement":[{"@type":"ListItem","position":1,"name":"Home","item":"http:\/\/unaymilletras.com\/"},{"@type":"ListItem","position":2,"name":"Daddy Yankee se junta con Bizarrap en la primera sesi\u00f3n de 2025"}]},{"@type":"WebSite","@id":"http:\/\/unaymilletras.com\/#website","url":"http:\/\/unaymilletras.com\/","name":"Una y Mil Letras","description":"","publisher":{"@id":"http:\/\/unaymilletras.com\/#organization"},"potentialAction":[{"@type":"SearchAction","target":{"@type":"EntryPoint","urlTemplate":"http:\/\/unaymilletras.com\/?s={search_term_string}"},"query-input":{"@type":"PropertyValueSpecification","valueRequired":true,"valueName":"search_term_string"}}],"inLanguage":"en-GB"},{"@type":"Organization","@id":"http:\/\/unaymilletras.com\/#organization","name":"Una y Mil Letras","url":"http:\/\/unaymilletras.com\/","logo":{"@type":"ImageObject","inLanguage":"en-GB","@id":"http:\/\/unaymilletras.com\/#\/schema\/logo\/image\/","url":"https:\/\/unaymilletras.com\/wp-content\/uploads\/2024\/06\/cropped-Logo-removebg-preview.png","contentUrl":"https:\/\/unaymilletras.com\/wp-content\/uploads\/2024\/06\/cropped-Logo-removebg-preview.png","width":512,"height":512,"caption":"Una y Mil Letras"},"image":{"@id":"http:\/\/unaymilletras.com\/#\/schema\/logo\/image\/"},"sameAs":["https:\/\/x.com\/UnaYMilLetras","https:\/\/instagram.com\/UnaYMilLetras"]},{"@type":"Person","@id":"http:\/\/unaymilletras.com\/#\/schema\/person\/0c171c80bc49a58d7a8ed3394548370c","name":"David Hern\u00e1ndez","image":{"@type":"ImageObject","inLanguage":"en-GB","@id":"https:\/\/secure.gravatar.com\/avatar\/86739d73874dcbc11e4278af33fb905704f5c29329727efb3b0e0bc838b0d469?s=96&d=mm&r=g","url":"https:\/\/secure.gravatar.com\/avatar\/86739d73874dcbc11e4278af33fb905704f5c29329727efb3b0e0bc838b0d469?s=96&d=mm&r=g","contentUrl":"https:\/\/secure.gravatar.com\/avatar\/86739d73874dcbc11e4278af33fb905704f5c29329727efb3b0e0bc838b0d469?s=96&d=mm&r=g","caption":"David Hern\u00e1ndez"},"url":"https:\/\/unaymilletras.com\/en\/author\/davidesel\/"}]}},"_links":{"self":[{"href":"https:\/\/unaymilletras.com\/en\/wp-json\/wp\/v2\/posts\/6298","targetHints":{"allow":["GET"]}}],"collection":[{"href":"https:\/\/unaymilletras.com\/en\/wp-json\/wp\/v2\/posts"}],"about":[{"href":"https:\/\/unaymilletras.com\/en\/wp-json\/wp\/v2\/types\/post"}],"author":[{"embeddable":true,"href":"https:\/\/unaymilletras.com\/en\/wp-json\/wp\/v2\/users\/10"}],"replies":[{"embeddable":true,"href":"https:\/\/unaymilletras.com\/en\/wp-json\/wp\/v2\/comments?post=6298"}],"version-history":[{"count":1,"href":"https:\/\/unaymilletras.com\/en\/wp-json\/wp\/v2\/posts\/6298\/revisions"}],"predecessor-version":[{"id":6300,"href":"https:\/\/unaymilletras.com\/en\/wp-json\/wp\/v2\/posts\/6298\/revisions\/6300"}],"wp:featuredmedia":[{"embeddable":true,"href":"https:\/\/unaymilletras.com\/en\/wp-json\/wp\/v2\/media\/6299"}],"wp:attachment":[{"href":"https:\/\/unaymilletras.com\/en\/wp-json\/wp\/v2\/media?parent=6298"}],"wp:term":[{"taxonomy":"category","embeddable":true,"href":"https:\/\/unaymilletras.com\/en\/wp-json\/wp\/v2\/categories?post=6298"},{"taxonomy":"post_tag","embeddable":true,"href":"https:\/\/unaymilletras.com\/en\/wp-json\/wp\/v2\/tags?post=6298"}],"curies":[{"name":"wp","href":"https:\/\/api.w.org\/{rel}","templated":true}]}}