{"id":6302,"date":"2025-11-11T19:48:47","date_gmt":"2025-11-11T18:48:47","guid":{"rendered":"https:\/\/unaymilletras.com\/?p=6302"},"modified":"2025-11-11T19:48:47","modified_gmt":"2025-11-11T18:48:47","slug":"omar-courtz-alcanza-el-climax-en-madrid-con-un-show-lleno-de-sorpresas","status":"publish","type":"post","link":"https:\/\/unaymilletras.com\/en\/omar-courtz-alcanza-el-climax-en-madrid-con-un-show-lleno-de-sorpresas\/","title":{"rendered":"Omar Courtz alcanza el cl\u00edmax en Madrid con un show lleno de sorpresas"},"content":{"rendered":"<p><strong><em>El artista puertorrique\u00f1o, Omar Courtz, revent\u00f3 el Movistar Arena con un concierto en el que trajo a Mora, Saiko y DelaRose<\/em><\/strong><\/p>\n\n\n\n<p>No descansa Omar Courtz, quien recientemente finaliz\u00f3 su gira por Sudam\u00e9rica y est\u00e1 ahora por Espa\u00f1a. El de Carolina ya cumpli\u00f3 en Barcelona y Sevilla, pero fue su show en Madrid este domingo el que rompi\u00f3 todos los pron\u00f3sticos, con una actuaci\u00f3n memorable en el Movistar Arena. Desde el momento que salieron las entradas hubo sold out y es que la capital espa\u00f1ola estaba ansiosa por ver a Ousi, en especial el p\u00fablico femenino o lo que el se refer\u00eda como \u00abbebesitas\u00bb. Omar tiene un p\u00fablico joven que lo viene acompa\u00f1ando desde los inicios de su carrera y deleit\u00f3 a los espectadores de un concierto en el que no cesaron las sorpresas.<\/p>\n\n\n\n<p>El comienzo del show fue algo gen\u00e9rico, ya que se repiti\u00f3 respecto a su actuaci\u00f3n de junio en Madrid en el Puro Latino, con Godess y Una Noti, canciones que fueron calentando al p\u00fablico. Tras cantar unos ocho temas realiz\u00f3 una pausa en la que su Dj Viejo Culprit se hizo con las riendas reproduciendo himnos de la calle y el reggaet\u00f3n en Puerto Rico que avivaron al p\u00fablico. De repente, las luces se apagaron y Omar apareci\u00f3, pero no lo hizo en el escenario, si no que atraves\u00f3 la pista con el p\u00fablico y en todo el medio del Movistar Arena, donde est\u00e1n ubicados los t\u00e9cnicos de im\u00e1genes comenz\u00f3 a cantar. Fueron dos canciones en las que Ousi se puso emotivo, brillando en especial con Margiela. <\/p>\n\n\n\n<h2 class=\"wp-block-heading\">Mora, Saiko y DelaRose<\/h2>\n\n\n\n<p>Las luces se apagaron de nuevo y el artista se march\u00f3 corriendo, pero no dej\u00f3 solo al p\u00fablico ya que en el escenario apareci\u00f3 Mora de repente y la gente estall\u00f3 ante la aparici\u00f3n sorpresa. Comenz\u00f3 a cantar su colaboraci\u00f3n m\u00e1s reciente Mas que Algo y Omar midi\u00f3 a la perfecci\u00f3n los tiempos para reaparecer en el inicio de su verso. Fue un momento \u00fanico para los aficionados madrile\u00f1os, quienes estaban viendo algo hasta ahora in\u00e9dito en Espa\u00f1a, pero las sorpresas no cesaron. Mora march\u00f3 y Ousi continu\u00f3 con normalidad su show, aunque con las revoluciones mucho m\u00e1s elevadas y entonces fue cuando sali\u00f3 tambi\u00e9n Saiko a cantar Loketunecesitas con el de Carolina.<\/p>\n\n\n\n<p>El m\u00e1ximo esplendor lleg\u00f3 con Scat Pack, una de las canciones m\u00e1s esperadas, en un tramo en el que Omar tambi\u00e9n cant\u00f3 canciones dedicadas a los hombres como Los Due\u00f1os de la Calle. Hubo una segunda pausa, algo m\u00e1s breve, y comenzaron las canciones m\u00e1s sensuales de Ousi como lo fueron Nubes o Kyoto, en las que no apareci\u00f3 DelaRose. El show estaba por finalizar con su canci\u00f3n m\u00e1s pegada en el mundo, Veld\u00e1, y luego hizo su cl\u00e1sica pregunta \u00ab\u00bfQue vas a hacer hoy?\u00bb, debido a que el lunes era festivo en Madrid, y comenz\u00f3 a sonar la canci\u00f3n estrella de Primera Musa. La sorpresa fue que sali\u00f3 DelaRose a cantar con \u00e9l y el p\u00fablico entr\u00f3 en colera con unos gritos atronadores. Ambos artistas, muy amigos, no aparec\u00edan juntos en un show desde el Choliseo en Puerto Rico, sin\u00f3nimo de lo significativo que era este junte.<\/p>\n\n\n\n<h2 class=\"wp-block-heading\">La canci\u00f3n que inspir\u00f3 a Omar Courtz<\/h2>\n\n\n\n<p>Parec\u00eda que ese iba a ser el final, pero Omar se reserv\u00f3 para la \u00faltima Luces de Colores, la canci\u00f3n que le inspir\u00f3 a hacer su gran \u00e1lbum. Tras un show de casi dos horas en el que el artista se mostr\u00f3 muy cercano en todo momento con el p\u00fablico del Movistar Arena tocaba poner punto y final. Esta actuaci\u00f3n estuvo condicionada por las sorpresas, las cuales en su mayor\u00eda estaban por Madrid gracias a la aparici\u00f3n en la gala de premios de Los 40 que tuvo lugar el pasado viernes. El Dj del artista alarg\u00f3 la fiesta por la noche madrile\u00f1a para todos aquellos que salieron con ganas de m\u00e1s tras una actuaci\u00f3n memorable. Omar cerrar\u00e1 su aventura por Espa\u00f1a con sus \u00faltimos dos conciertos, el jueves en Murcia y el S\u00e1bado en Tenerife.<\/p>","protected":false},"excerpt":{"rendered":"<p>El artista puertorrique\u00f1o, Omar Courtz, revent\u00f3 el Movistar Arena con un concierto en el que trajo a Mora, Saiko y DelaRose No descansa Omar Courtz, quien recientemente finaliz\u00f3 su gira por Sudam\u00e9rica y est\u00e1 ahora por Espa\u00f1a. El de Carolina ya cumpli\u00f3 en Barcelona y Sevilla, pero fue su show en Madrid este domingo el [&hellip;]<\/p>\n","protected":false},"author":10,"featured_media":6303,"comment_status":"closed","ping_status":"closed","sticky":false,"template":"","format":"standard","meta":{"footnotes":""},"categories":[4],"tags":[173,261,171,257,166,170,169,217,258,259,260],"class_list":["post-6302","post","type-post","status-publish","format-standard","has-post-thumbnail","hentry","category-musica","tag-concierto","tag-delarose","tag-gira","tag-madrid","tag-mora","tag-movistar-arena","tag-musica","tag-omar-courtz","tag-ousi","tag-primera-musa","tag-saiko"],"yoast_head":"<!-- This site is optimized with the Yoast SEO plugin v27.4 - https:\/\/yoast.com\/product\/yoast-seo-wordpress\/ -->\n<title>Omar Courtz alcanza el cl\u00edmax en Madrid con un show lleno de sorpresas &#8902; Una y Mil Letras<\/title>\n<meta name=\"description\" content=\"El artista puertorrique\u00f1o, Omar Courtz, revent\u00f3 el Movistar Arena con un concierto en el que trajo a Mora, Saiko y DelaRose\" \/>\n<meta name=\"robots\" content=\"index, follow, max-snippet:-1, max-image-preview:large, max-video-preview:-1\" \/>\n<link rel=\"canonical\" href=\"https:\/\/unaymilletras.com\/en\/omar-courtz-alcanza-el-climax-en-madrid-con-un-show-lleno-de-sorpresas\/\" \/>\n<meta property=\"og:locale\" content=\"en_GB\" \/>\n<meta property=\"og:type\" content=\"article\" \/>\n<meta property=\"og:title\" content=\"Omar Courtz alcanza el cl\u00edmax en Madrid con un show lleno de sorpresas &#8902; Una y Mil Letras\" \/>\n<meta property=\"og:description\" content=\"El artista puertorrique\u00f1o, Omar Courtz, revent\u00f3 el Movistar Arena con un concierto en el que trajo a Mora, Saiko y DelaRose\" \/>\n<meta property=\"og:url\" content=\"https:\/\/unaymilletras.com\/en\/omar-courtz-alcanza-el-climax-en-madrid-con-un-show-lleno-de-sorpresas\/\" \/>\n<meta property=\"og:site_name\" content=\"Una y Mil Letras\" \/>\n<meta property=\"article:published_time\" content=\"2025-11-11T18:48:47+00:00\" \/>\n<meta property=\"og:image\" content=\"http:\/\/unaymilletras.com\/wp-content\/uploads\/2025\/11\/ousi-scaled-e1762785216213.jpg\" \/>\n\t<meta property=\"og:image:width\" content=\"1440\" \/>\n\t<meta property=\"og:image:height\" content=\"917\" \/>\n\t<meta property=\"og:image:type\" content=\"image\/jpeg\" \/>\n<meta name=\"author\" content=\"David Hern\u00e1ndez\" \/>\n<meta name=\"twitter:card\" content=\"summary_large_image\" \/>\n<meta name=\"twitter:creator\" content=\"@UnaYMilLetras\" \/>\n<meta name=\"twitter:site\" content=\"@UnaYMilLetras\" \/>\n<meta name=\"twitter:label1\" content=\"Written by\" \/>\n\t<meta name=\"twitter:data1\" content=\"David Hern\u00e1ndez\" \/>\n\t<meta name=\"twitter:label2\" content=\"Estimated reading time\" \/>\n\t<meta name=\"twitter:data2\" content=\"4 minutes\" \/>\n<script type=\"application\/ld+json\" class=\"yoast-schema-graph\">{\"@context\":\"https:\\\/\\\/schema.org\",\"@graph\":[{\"@type\":\"Article\",\"@id\":\"https:\\\/\\\/unaymilletras.com\\\/omar-courtz-alcanza-el-climax-en-madrid-con-un-show-lleno-de-sorpresas\\\/#article\",\"isPartOf\":{\"@id\":\"https:\\\/\\\/unaymilletras.com\\\/omar-courtz-alcanza-el-climax-en-madrid-con-un-show-lleno-de-sorpresas\\\/\"},\"author\":{\"name\":\"David Hern\u00e1ndez\",\"@id\":\"http:\\\/\\\/unaymilletras.com\\\/#\\\/schema\\\/person\\\/0c171c80bc49a58d7a8ed3394548370c\"},\"headline\":\"Omar Courtz alcanza el cl\u00edmax en Madrid con un show lleno de sorpresas\",\"datePublished\":\"2025-11-11T18:48:47+00:00\",\"mainEntityOfPage\":{\"@id\":\"https:\\\/\\\/unaymilletras.com\\\/omar-courtz-alcanza-el-climax-en-madrid-con-un-show-lleno-de-sorpresas\\\/\"},\"wordCount\":734,\"publisher\":{\"@id\":\"http:\\\/\\\/unaymilletras.com\\\/#organization\"},\"image\":{\"@id\":\"https:\\\/\\\/unaymilletras.com\\\/omar-courtz-alcanza-el-climax-en-madrid-con-un-show-lleno-de-sorpresas\\\/#primaryimage\"},\"thumbnailUrl\":\"https:\\\/\\\/unaymilletras.com\\\/wp-content\\\/uploads\\\/2025\\\/11\\\/ousi-scaled-e1762785216213.jpg\",\"keywords\":[\"Concierto\",\"DelaRose\",\"Gira\",\"Madrid\",\"Mora\",\"Movistar Arena\",\"musica\",\"Omar Courtz\",\"Ousi\",\"Primera Musa\",\"Saiko\"],\"articleSection\":[\"M\u00fasica\"],\"inLanguage\":\"en-GB\"},{\"@type\":\"WebPage\",\"@id\":\"https:\\\/\\\/unaymilletras.com\\\/omar-courtz-alcanza-el-climax-en-madrid-con-un-show-lleno-de-sorpresas\\\/\",\"url\":\"https:\\\/\\\/unaymilletras.com\\\/omar-courtz-alcanza-el-climax-en-madrid-con-un-show-lleno-de-sorpresas\\\/\",\"name\":\"Omar Courtz alcanza el cl\u00edmax en Madrid con un show lleno de sorpresas &#8902; Una y Mil Letras\",\"isPartOf\":{\"@id\":\"http:\\\/\\\/unaymilletras.com\\\/#website\"},\"primaryImageOfPage\":{\"@id\":\"https:\\\/\\\/unaymilletras.com\\\/omar-courtz-alcanza-el-climax-en-madrid-con-un-show-lleno-de-sorpresas\\\/#primaryimage\"},\"image\":{\"@id\":\"https:\\\/\\\/unaymilletras.com\\\/omar-courtz-alcanza-el-climax-en-madrid-con-un-show-lleno-de-sorpresas\\\/#primaryimage\"},\"thumbnailUrl\":\"https:\\\/\\\/unaymilletras.com\\\/wp-content\\\/uploads\\\/2025\\\/11\\\/ousi-scaled-e1762785216213.jpg\",\"datePublished\":\"2025-11-11T18:48:47+00:00\",\"description\":\"El artista puertorrique\u00f1o, Omar Courtz, revent\u00f3 el Movistar Arena con un concierto en el que trajo a Mora, Saiko y DelaRose\",\"breadcrumb\":{\"@id\":\"https:\\\/\\\/unaymilletras.com\\\/omar-courtz-alcanza-el-climax-en-madrid-con-un-show-lleno-de-sorpresas\\\/#breadcrumb\"},\"inLanguage\":\"en-GB\",\"potentialAction\":[{\"@type\":\"ReadAction\",\"target\":[\"https:\\\/\\\/unaymilletras.com\\\/omar-courtz-alcanza-el-climax-en-madrid-con-un-show-lleno-de-sorpresas\\\/\"]}]},{\"@type\":\"ImageObject\",\"inLanguage\":\"en-GB\",\"@id\":\"https:\\\/\\\/unaymilletras.com\\\/omar-courtz-alcanza-el-climax-en-madrid-con-un-show-lleno-de-sorpresas\\\/#primaryimage\",\"url\":\"https:\\\/\\\/unaymilletras.com\\\/wp-content\\\/uploads\\\/2025\\\/11\\\/ousi-scaled-e1762785216213.jpg\",\"contentUrl\":\"https:\\\/\\\/unaymilletras.com\\\/wp-content\\\/uploads\\\/2025\\\/11\\\/ousi-scaled-e1762785216213.jpg\",\"width\":1440,\"height\":917,\"caption\":\"David Hern\u00e1ndez\"},{\"@type\":\"BreadcrumbList\",\"@id\":\"https:\\\/\\\/unaymilletras.com\\\/omar-courtz-alcanza-el-climax-en-madrid-con-un-show-lleno-de-sorpresas\\\/#breadcrumb\",\"itemListElement\":[{\"@type\":\"ListItem\",\"position\":1,\"name\":\"Home\",\"item\":\"http:\\\/\\\/unaymilletras.com\\\/\"},{\"@type\":\"ListItem\",\"position\":2,\"name\":\"Omar Courtz alcanza el cl\u00edmax en Madrid con un show lleno de sorpresas\"}]},{\"@type\":\"WebSite\",\"@id\":\"http:\\\/\\\/unaymilletras.com\\\/#website\",\"url\":\"http:\\\/\\\/unaymilletras.com\\\/\",\"name\":\"Una y Mil Letras\",\"description\":\"\",\"publisher\":{\"@id\":\"http:\\\/\\\/unaymilletras.com\\\/#organization\"},\"potentialAction\":[{\"@type\":\"SearchAction\",\"target\":{\"@type\":\"EntryPoint\",\"urlTemplate\":\"http:\\\/\\\/unaymilletras.com\\\/?s={search_term_string}\"},\"query-input\":{\"@type\":\"PropertyValueSpecification\",\"valueRequired\":true,\"valueName\":\"search_term_string\"}}],\"inLanguage\":\"en-GB\"},{\"@type\":\"Organization\",\"@id\":\"http:\\\/\\\/unaymilletras.com\\\/#organization\",\"name\":\"Una y Mil Letras\",\"url\":\"http:\\\/\\\/unaymilletras.com\\\/\",\"logo\":{\"@type\":\"ImageObject\",\"inLanguage\":\"en-GB\",\"@id\":\"http:\\\/\\\/unaymilletras.com\\\/#\\\/schema\\\/logo\\\/image\\\/\",\"url\":\"https:\\\/\\\/unaymilletras.com\\\/wp-content\\\/uploads\\\/2024\\\/06\\\/cropped-Logo-removebg-preview.png\",\"contentUrl\":\"https:\\\/\\\/unaymilletras.com\\\/wp-content\\\/uploads\\\/2024\\\/06\\\/cropped-Logo-removebg-preview.png\",\"width\":512,\"height\":512,\"caption\":\"Una y Mil Letras\"},\"image\":{\"@id\":\"http:\\\/\\\/unaymilletras.com\\\/#\\\/schema\\\/logo\\\/image\\\/\"},\"sameAs\":[\"https:\\\/\\\/x.com\\\/UnaYMilLetras\",\"https:\\\/\\\/instagram.com\\\/UnaYMilLetras\"]},{\"@type\":\"Person\",\"@id\":\"http:\\\/\\\/unaymilletras.com\\\/#\\\/schema\\\/person\\\/0c171c80bc49a58d7a8ed3394548370c\",\"name\":\"David Hern\u00e1ndez\",\"image\":{\"@type\":\"ImageObject\",\"inLanguage\":\"en-GB\",\"@id\":\"https:\\\/\\\/secure.gravatar.com\\\/avatar\\\/86739d73874dcbc11e4278af33fb905704f5c29329727efb3b0e0bc838b0d469?s=96&d=mm&r=g\",\"url\":\"https:\\\/\\\/secure.gravatar.com\\\/avatar\\\/86739d73874dcbc11e4278af33fb905704f5c29329727efb3b0e0bc838b0d469?s=96&d=mm&r=g\",\"contentUrl\":\"https:\\\/\\\/secure.gravatar.com\\\/avatar\\\/86739d73874dcbc11e4278af33fb905704f5c29329727efb3b0e0bc838b0d469?s=96&d=mm&r=g\",\"caption\":\"David Hern\u00e1ndez\"},\"url\":\"https:\\\/\\\/unaymilletras.com\\\/en\\\/author\\\/davidesel\\\/\"}]}<\/script>\n<!-- \/ Yoast SEO plugin. -->","yoast_head_json":{"title":"Omar Courtz alcanza el cl\u00edmax en Madrid con un show lleno de sorpresas &#8902; Una y Mil Letras","description":"El artista puertorrique\u00f1o, Omar Courtz, revent\u00f3 el Movistar Arena con un concierto en el que trajo a Mora, Saiko y DelaRose","robots":{"index":"index","follow":"follow","max-snippet":"max-snippet:-1","max-image-preview":"max-image-preview:large","max-video-preview":"max-video-preview:-1"},"canonical":"https:\/\/unaymilletras.com\/en\/omar-courtz-alcanza-el-climax-en-madrid-con-un-show-lleno-de-sorpresas\/","og_locale":"en_GB","og_type":"article","og_title":"Omar Courtz alcanza el cl\u00edmax en Madrid con un show lleno de sorpresas &#8902; Una y Mil Letras","og_description":"El artista puertorrique\u00f1o, Omar Courtz, revent\u00f3 el Movistar Arena con un concierto en el que trajo a Mora, Saiko y DelaRose","og_url":"https:\/\/unaymilletras.com\/en\/omar-courtz-alcanza-el-climax-en-madrid-con-un-show-lleno-de-sorpresas\/","og_site_name":"Una y Mil Letras","article_published_time":"2025-11-11T18:48:47+00:00","og_image":[{"width":1440,"height":917,"url":"http:\/\/unaymilletras.com\/wp-content\/uploads\/2025\/11\/ousi-scaled-e1762785216213.jpg","type":"image\/jpeg"}],"author":"David Hern\u00e1ndez","twitter_card":"summary_large_image","twitter_creator":"@UnaYMilLetras","twitter_site":"@UnaYMilLetras","twitter_misc":{"Written by":"David Hern\u00e1ndez","Estimated reading time":"4 minutes"},"schema":{"@context":"https:\/\/schema.org","@graph":[{"@type":"Article","@id":"https:\/\/unaymilletras.com\/omar-courtz-alcanza-el-climax-en-madrid-con-un-show-lleno-de-sorpresas\/#article","isPartOf":{"@id":"https:\/\/unaymilletras.com\/omar-courtz-alcanza-el-climax-en-madrid-con-un-show-lleno-de-sorpresas\/"},"author":{"name":"David Hern\u00e1ndez","@id":"http:\/\/unaymilletras.com\/#\/schema\/person\/0c171c80bc49a58d7a8ed3394548370c"},"headline":"Omar Courtz alcanza el cl\u00edmax en Madrid con un show lleno de sorpresas","datePublished":"2025-11-11T18:48:47+00:00","mainEntityOfPage":{"@id":"https:\/\/unaymilletras.com\/omar-courtz-alcanza-el-climax-en-madrid-con-un-show-lleno-de-sorpresas\/"},"wordCount":734,"publisher":{"@id":"http:\/\/unaymilletras.com\/#organization"},"image":{"@id":"https:\/\/unaymilletras.com\/omar-courtz-alcanza-el-climax-en-madrid-con-un-show-lleno-de-sorpresas\/#primaryimage"},"thumbnailUrl":"https:\/\/unaymilletras.com\/wp-content\/uploads\/2025\/11\/ousi-scaled-e1762785216213.jpg","keywords":["Concierto","DelaRose","Gira","Madrid","Mora","Movistar Arena","musica","Omar Courtz","Ousi","Primera Musa","Saiko"],"articleSection":["M\u00fasica"],"inLanguage":"en-GB"},{"@type":"WebPage","@id":"https:\/\/unaymilletras.com\/omar-courtz-alcanza-el-climax-en-madrid-con-un-show-lleno-de-sorpresas\/","url":"https:\/\/unaymilletras.com\/omar-courtz-alcanza-el-climax-en-madrid-con-un-show-lleno-de-sorpresas\/","name":"Omar Courtz alcanza el cl\u00edmax en Madrid con un show lleno de sorpresas &#8902; Una y Mil Letras","isPartOf":{"@id":"http:\/\/unaymilletras.com\/#website"},"primaryImageOfPage":{"@id":"https:\/\/unaymilletras.com\/omar-courtz-alcanza-el-climax-en-madrid-con-un-show-lleno-de-sorpresas\/#primaryimage"},"image":{"@id":"https:\/\/unaymilletras.com\/omar-courtz-alcanza-el-climax-en-madrid-con-un-show-lleno-de-sorpresas\/#primaryimage"},"thumbnailUrl":"https:\/\/unaymilletras.com\/wp-content\/uploads\/2025\/11\/ousi-scaled-e1762785216213.jpg","datePublished":"2025-11-11T18:48:47+00:00","description":"El artista puertorrique\u00f1o, Omar Courtz, revent\u00f3 el Movistar Arena con un concierto en el que trajo a Mora, Saiko y DelaRose","breadcrumb":{"@id":"https:\/\/unaymilletras.com\/omar-courtz-alcanza-el-climax-en-madrid-con-un-show-lleno-de-sorpresas\/#breadcrumb"},"inLanguage":"en-GB","potentialAction":[{"@type":"ReadAction","target":["https:\/\/unaymilletras.com\/omar-courtz-alcanza-el-climax-en-madrid-con-un-show-lleno-de-sorpresas\/"]}]},{"@type":"ImageObject","inLanguage":"en-GB","@id":"https:\/\/unaymilletras.com\/omar-courtz-alcanza-el-climax-en-madrid-con-un-show-lleno-de-sorpresas\/#primaryimage","url":"https:\/\/unaymilletras.com\/wp-content\/uploads\/2025\/11\/ousi-scaled-e1762785216213.jpg","contentUrl":"https:\/\/unaymilletras.com\/wp-content\/uploads\/2025\/11\/ousi-scaled-e1762785216213.jpg","width":1440,"height":917,"caption":"David Hern\u00e1ndez"},{"@type":"BreadcrumbList","@id":"https:\/\/unaymilletras.com\/omar-courtz-alcanza-el-climax-en-madrid-con-un-show-lleno-de-sorpresas\/#breadcrumb","itemListElement":[{"@type":"ListItem","position":1,"name":"Home","item":"http:\/\/unaymilletras.com\/"},{"@type":"ListItem","position":2,"name":"Omar Courtz alcanza el cl\u00edmax en Madrid con un show lleno de sorpresas"}]},{"@type":"WebSite","@id":"http:\/\/unaymilletras.com\/#website","url":"http:\/\/unaymilletras.com\/","name":"Una y Mil Letras","description":"","publisher":{"@id":"http:\/\/unaymilletras.com\/#organization"},"potentialAction":[{"@type":"SearchAction","target":{"@type":"EntryPoint","urlTemplate":"http:\/\/unaymilletras.com\/?s={search_term_string}"},"query-input":{"@type":"PropertyValueSpecification","valueRequired":true,"valueName":"search_term_string"}}],"inLanguage":"en-GB"},{"@type":"Organization","@id":"http:\/\/unaymilletras.com\/#organization","name":"Una y Mil Letras","url":"http:\/\/unaymilletras.com\/","logo":{"@type":"ImageObject","inLanguage":"en-GB","@id":"http:\/\/unaymilletras.com\/#\/schema\/logo\/image\/","url":"https:\/\/unaymilletras.com\/wp-content\/uploads\/2024\/06\/cropped-Logo-removebg-preview.png","contentUrl":"https:\/\/unaymilletras.com\/wp-content\/uploads\/2024\/06\/cropped-Logo-removebg-preview.png","width":512,"height":512,"caption":"Una y Mil Letras"},"image":{"@id":"http:\/\/unaymilletras.com\/#\/schema\/logo\/image\/"},"sameAs":["https:\/\/x.com\/UnaYMilLetras","https:\/\/instagram.com\/UnaYMilLetras"]},{"@type":"Person","@id":"http:\/\/unaymilletras.com\/#\/schema\/person\/0c171c80bc49a58d7a8ed3394548370c","name":"David Hern\u00e1ndez","image":{"@type":"ImageObject","inLanguage":"en-GB","@id":"https:\/\/secure.gravatar.com\/avatar\/86739d73874dcbc11e4278af33fb905704f5c29329727efb3b0e0bc838b0d469?s=96&d=mm&r=g","url":"https:\/\/secure.gravatar.com\/avatar\/86739d73874dcbc11e4278af33fb905704f5c29329727efb3b0e0bc838b0d469?s=96&d=mm&r=g","contentUrl":"https:\/\/secure.gravatar.com\/avatar\/86739d73874dcbc11e4278af33fb905704f5c29329727efb3b0e0bc838b0d469?s=96&d=mm&r=g","caption":"David Hern\u00e1ndez"},"url":"https:\/\/unaymilletras.com\/en\/author\/davidesel\/"}]}},"_links":{"self":[{"href":"https:\/\/unaymilletras.com\/en\/wp-json\/wp\/v2\/posts\/6302","targetHints":{"allow":["GET"]}}],"collection":[{"href":"https:\/\/unaymilletras.com\/en\/wp-json\/wp\/v2\/posts"}],"about":[{"href":"https:\/\/unaymilletras.com\/en\/wp-json\/wp\/v2\/types\/post"}],"author":[{"embeddable":true,"href":"https:\/\/unaymilletras.com\/en\/wp-json\/wp\/v2\/users\/10"}],"replies":[{"embeddable":true,"href":"https:\/\/unaymilletras.com\/en\/wp-json\/wp\/v2\/comments?post=6302"}],"version-history":[{"count":1,"href":"https:\/\/unaymilletras.com\/en\/wp-json\/wp\/v2\/posts\/6302\/revisions"}],"predecessor-version":[{"id":6304,"href":"https:\/\/unaymilletras.com\/en\/wp-json\/wp\/v2\/posts\/6302\/revisions\/6304"}],"wp:featuredmedia":[{"embeddable":true,"href":"https:\/\/unaymilletras.com\/en\/wp-json\/wp\/v2\/media\/6303"}],"wp:attachment":[{"href":"https:\/\/unaymilletras.com\/en\/wp-json\/wp\/v2\/media?parent=6302"}],"wp:term":[{"taxonomy":"category","embeddable":true,"href":"https:\/\/unaymilletras.com\/en\/wp-json\/wp\/v2\/categories?post=6302"},{"taxonomy":"post_tag","embeddable":true,"href":"https:\/\/unaymilletras.com\/en\/wp-json\/wp\/v2\/tags?post=6302"}],"curies":[{"name":"wp","href":"https:\/\/api.w.org\/{rel}","templated":true}]}}