{"id":6305,"date":"2025-11-12T12:00:00","date_gmt":"2025-11-12T11:00:00","guid":{"rendered":"https:\/\/unaymilletras.com\/?p=6305"},"modified":"2025-11-13T11:51:40","modified_gmt":"2025-11-13T10:51:40","slug":"inna-retrocede-el-tiempo-en-madrid-con-baile-y-energia-en-la-riviera","status":"publish","type":"post","link":"https:\/\/unaymilletras.com\/en\/inna-retrocede-el-tiempo-en-madrid-con-baile-y-energia-en-la-riviera\/","title":{"rendered":"INNA retrocede el tiempo en Madrid con baile y energ\u00eda en La Riviera"},"content":{"rendered":"<div data-elementor-type=\"wp-post\" data-elementor-id=\"6305\" class=\"elementor elementor-6305\">\n\t\t\t\t\t\t<section class=\"elementor-section elementor-top-section elementor-element elementor-element-8a99cbd elementor-section-boxed elementor-section-height-default elementor-section-height-default\" data-id=\"8a99cbd\" data-element_type=\"section\" data-e-type=\"section\">\n\t\t\t\t\t\t<div class=\"elementor-container elementor-column-gap-default\">\n\t\t\t\t\t<div class=\"elementor-column elementor-col-100 elementor-top-column elementor-element elementor-element-0ff6839\" data-id=\"0ff6839\" data-element_type=\"column\" data-e-type=\"column\">\n\t\t\t<div class=\"elementor-widget-wrap elementor-element-populated\">\n\t\t\t\t\t\t<div class=\"elementor-element elementor-element-35e4bac elementor-widget elementor-widget-text-editor\" data-id=\"35e4bac\" data-element_type=\"widget\" data-e-type=\"widget\" data-widget_type=\"text-editor.default\">\n\t\t\t\t<div class=\"elementor-widget-container\">\n\t\t\t\t\t\t\t\t\t<h2 style=\"text-align: center;\"><span style=\"color: #808080;\"><em>La artista rumana INNA desat\u00f3 una fiesta en su esperada parada del Echoes Tour, con un show de hits, emoci\u00f3n y conexi\u00f3n con el p\u00fablico<\/em><\/span><\/h2>\t\t\t\t\t\t\t\t<\/div>\n\t\t\t\t<\/div>\n\t\t\t\t\t<\/div>\n\t\t<\/div>\n\t\t\t\t\t<\/div>\n\t\t<\/section>\n\t\t\t\t<section class=\"elementor-section elementor-top-section elementor-element elementor-element-f8d86a0 elementor-section-boxed elementor-section-height-default elementor-section-height-default\" data-id=\"f8d86a0\" data-element_type=\"section\" data-e-type=\"section\">\n\t\t\t\t\t\t<div class=\"elementor-container elementor-column-gap-default\">\n\t\t\t\t\t<div class=\"elementor-column elementor-col-100 elementor-top-column elementor-element elementor-element-81d8952\" data-id=\"81d8952\" data-element_type=\"column\" data-e-type=\"column\">\n\t\t\t<div class=\"elementor-widget-wrap elementor-element-populated\">\n\t\t\t\t\t\t<div class=\"elementor-element elementor-element-cf3a75b elementor-widget elementor-widget-text-editor\" data-id=\"cf3a75b\" data-element_type=\"widget\" data-e-type=\"widget\" data-widget_type=\"text-editor.default\">\n\t\t\t\t<div class=\"elementor-widget-container\">\n\t\t\t\t\t\t\t\t\t<p data-start=\"233\" data-end=\"562\">Madrid vibr\u00f3 al ritmo del pop electr\u00f3nico y el dance internacional con la llegada de <em data-start=\"318\" data-end=\"324\">INNA<\/em> y su <em data-start=\"330\" data-end=\"343\">Echoes Tour<\/em>. La artista rumana ofreci\u00f3 un concierto inolvidable en una Sala La Riviera completamente llena. Sus fans, que agotaron las entradas semanas antes, disfrutaron de una noche cargada de energ\u00eda, cercan\u00eda y \u00e9xitos.<\/p>\n<p data-start=\"564\" data-end=\"981\">Desde el inicio, el ambiente fue pura euforia. Puntual a las 20:00 h, las luces se apagaron para dar paso al esperado show. <em data-start=\"824\" data-end=\"830\">INNA<\/em> apareci\u00f3 sobre el escenario con una puesta en escena vibrante y un arranque explosivo con <em data-start=\"921\" data-end=\"926\">Hot<\/em>, su hit m\u00e1s ic\u00f3nico, que desat\u00f3 la locura colectiva.<\/p>\t\t\t\t\t\t\t\t<\/div>\n\t\t\t\t<\/div>\n\t\t\t\t\t<\/div>\n\t\t<\/div>\n\t\t\t\t\t<\/div>\n\t\t<\/section>\n\t\t\t\t<section class=\"elementor-section elementor-top-section elementor-element elementor-element-e3933a5 elementor-section-boxed elementor-section-height-default elementor-section-height-default\" data-id=\"e3933a5\" data-element_type=\"section\" data-e-type=\"section\">\n\t\t\t\t\t\t<div class=\"elementor-container elementor-column-gap-default\">\n\t\t\t\t\t<div class=\"elementor-column elementor-col-100 elementor-top-column elementor-element elementor-element-e522dbe\" data-id=\"e522dbe\" data-element_type=\"column\" data-e-type=\"column\">\n\t\t\t<div class=\"elementor-widget-wrap elementor-element-populated\">\n\t\t\t\t\t\t<div class=\"elementor-element elementor-element-8be3362 elementor-widget elementor-widget-image\" data-id=\"8be3362\" data-element_type=\"widget\" data-e-type=\"widget\" data-widget_type=\"image.default\">\n\t\t\t\t<div class=\"elementor-widget-container\">\n\t\t\t\t\t\t\t\t\t\t\t\t<figure class=\"wp-caption\">\n\t\t\t\t\t\t\t\t\t\t<img fetchpriority=\"high\" decoding=\"async\" width=\"640\" height=\"427\" src=\"https:\/\/unaymilletras.com\/wp-content\/uploads\/2025\/11\/DSC00607_resized-1024x683.jpg\" class=\"attachment-large size-large wp-image-6307\" alt=\"INNA\" srcset=\"https:\/\/unaymilletras.com\/wp-content\/uploads\/2025\/11\/DSC00607_resized-1024x683.jpg 1024w, https:\/\/unaymilletras.com\/wp-content\/uploads\/2025\/11\/DSC00607_resized-300x200.jpg 300w, https:\/\/unaymilletras.com\/wp-content\/uploads\/2025\/11\/DSC00607_resized-768x512.jpg 768w, https:\/\/unaymilletras.com\/wp-content\/uploads\/2025\/11\/DSC00607_resized-1536x1024.jpg 1536w, https:\/\/unaymilletras.com\/wp-content\/uploads\/2025\/11\/DSC00607_resized-2048x1366.jpg 2048w, https:\/\/unaymilletras.com\/wp-content\/uploads\/2025\/11\/DSC00607_resized-18x12.jpg 18w, https:\/\/unaymilletras.com\/wp-content\/uploads\/2025\/11\/DSC00607_resized-e1762900377566.jpg 600w\" sizes=\"(max-width: 640px) 100vw, 640px\" \/>\t\t\t\t\t\t\t\t\t\t\t<figcaption class=\"widget-image-caption wp-caption-text\">Foto: Andrei Via\/Artist Publicist <\/figcaption>\n\t\t\t\t\t\t\t\t\t\t<\/figure>\n\t\t\t\t\t\t\t\t\t<\/div>\n\t\t\t\t<\/div>\n\t\t\t\t\t<\/div>\n\t\t<\/div>\n\t\t\t\t\t<\/div>\n\t\t<\/section>\n\t\t\t\t<section class=\"elementor-section elementor-top-section elementor-element elementor-element-0fc12ae elementor-section-boxed elementor-section-height-default elementor-section-height-default\" data-id=\"0fc12ae\" data-element_type=\"section\" data-e-type=\"section\">\n\t\t\t\t\t\t<div class=\"elementor-container elementor-column-gap-default\">\n\t\t\t\t\t<div class=\"elementor-column elementor-col-100 elementor-top-column elementor-element elementor-element-21633d5\" data-id=\"21633d5\" data-element_type=\"column\" data-e-type=\"column\">\n\t\t\t<div class=\"elementor-widget-wrap elementor-element-populated\">\n\t\t\t\t\t\t<div class=\"elementor-element elementor-element-400f6af elementor-widget elementor-widget-text-editor\" data-id=\"400f6af\" data-element_type=\"widget\" data-e-type=\"widget\" data-widget_type=\"text-editor.default\">\n\t\t\t\t<div class=\"elementor-widget-container\">\n\t\t\t\t\t\t\t\t\t<p data-start=\"983\" data-end=\"1322\">Durante una hora y media de espect\u00e1culo, la cantante combin\u00f3 sus grandes cl\u00e1sicos con nuevas canciones, manteniendo una energ\u00eda arrolladora y una conexi\u00f3n constante con el p\u00fablico. <em data-start=\"1164\" data-end=\"1173\">Amazing<\/em>, <em data-start=\"1175\" data-end=\"1184\">D\u00e9j\u00e0 Vu<\/em>, <em data-start=\"1186\" data-end=\"1197\">Fade Away<\/em>, <em data-start=\"1199\" data-end=\"1210\">Flashback<\/em>, <em data-start=\"1212\" data-end=\"1220\">Heaven<\/em> o <em data-start=\"1223\" data-end=\"1242\">More Than Friends<\/em> fueron coreadas por toda la sala, convertida en una aut\u00e9ntica pista de baile.<\/p>\n<p data-start=\"1324\" data-end=\"1706\">Con cambios de vestuario, coreograf\u00edas din\u00e1micas y un sinf\u00edn de sonrisas, <em data-start=\"1398\" data-end=\"1404\">INNA<\/em> demostr\u00f3 una vez m\u00e1s su dominio del escenario. No faltaron los gestos de cercan\u00eda: la artista se dirigi\u00f3 a sus fans en varios idiomas: rumano, ingl\u00e9s, italiano y espa\u00f1ol. Hasta se detuvo en pleno concierto para asistir a una seguidora que se hab\u00eda mareado, gesto que fue recibido con una ovaci\u00f3n.<\/p>\n<p data-start=\"1708\" data-end=\"2030\">Uno de los momentos m\u00e1s especiales lleg\u00f3 con la interpretaci\u00f3n de <em data-start=\"1774\" data-end=\"1788\">In Your Eyes<\/em> y <em data-start=\"1791\" data-end=\"1795\">Up<\/em>, donde los ritmos latinos encendieron a\u00fan m\u00e1s el ambiente. Para el cierre, <em data-start=\"1871\" data-end=\"1877\">INNA<\/em> opt\u00f3 por una versi\u00f3n \u00edntima al piano de <em data-start=\"1918\" data-end=\"1923\">Hot<\/em>, bajando del escenario para cantarla junto a su p\u00fablico y poner as\u00ed el broche final a una velada m\u00e1gica.<\/p>\n<p data-start=\"2032\" data-end=\"2260\" data-is-last-node=\"\" data-is-only-node=\"\">Madrid se rindi\u00f3 ante <em data-start=\"2054\" data-end=\"2060\">INNA<\/em>, que volvi\u00f3 a demostrar por qu\u00e9 sigue siendo una de las figuras m\u00e1s queridas del pop-dance internacional. Una noche que dej\u00f3 claro que su conexi\u00f3n con los fans sigue tan viva y poderosa como siempre.<\/p>\t\t\t\t\t\t\t\t<\/div>\n\t\t\t\t<\/div>\n\t\t\t\t\t<\/div>\n\t\t<\/div>\n\t\t\t\t\t<\/div>\n\t\t<\/section>\n\t\t\t\t<\/div>","protected":false},"excerpt":{"rendered":"<p>La artista rumana INNA desat\u00f3 una fiesta en su esperada parada del Echoes Tour, con un show de hits, emoci\u00f3n y conexi\u00f3n con el p\u00fablico Madrid vibr\u00f3 al ritmo del pop electr\u00f3nico y el dance internacional con la llegada de INNA y su Echoes Tour. La artista rumana ofreci\u00f3 un concierto inolvidable en una Sala [&hellip;]<\/p>\n","protected":false},"author":6,"featured_media":6307,"comment_status":"closed","ping_status":"closed","sticky":false,"template":"","format":"standard","meta":{"footnotes":""},"categories":[4],"tags":[],"class_list":["post-6305","post","type-post","status-publish","format-standard","has-post-thumbnail","hentry","category-musica"],"yoast_head":"<!-- This site is optimized with the Yoast SEO plugin v27.4 - https:\/\/yoast.com\/product\/yoast-seo-wordpress\/ -->\n<title>INNA conquista Madrid con una noche de baile y energ\u00eda en La Riviera<\/title>\n<meta name=\"description\" content=\"La artista rumana INNA desat\u00f3 una fiesta en su esperada parada del Echoes Tour, con un show lleno de hits, emoci\u00f3n y conexi\u00f3n con el p\u00fablico\" \/>\n<meta name=\"robots\" content=\"index, follow, max-snippet:-1, max-image-preview:large, max-video-preview:-1\" \/>\n<link rel=\"canonical\" href=\"https:\/\/unaymilletras.com\/en\/inna-retrocede-el-tiempo-en-madrid-con-baile-y-energia-en-la-riviera\/\" \/>\n<meta property=\"og:locale\" content=\"en_GB\" \/>\n<meta property=\"og:type\" content=\"article\" \/>\n<meta property=\"og:title\" content=\"INNA conquista Madrid con una noche de baile y energ\u00eda en La Riviera\" \/>\n<meta property=\"og:description\" content=\"La artista rumana INNA desat\u00f3 una fiesta en su esperada parada del Echoes Tour, con un show lleno de hits, emoci\u00f3n y conexi\u00f3n con el p\u00fablico\" \/>\n<meta property=\"og:url\" content=\"https:\/\/unaymilletras.com\/en\/inna-retrocede-el-tiempo-en-madrid-con-baile-y-energia-en-la-riviera\/\" \/>\n<meta property=\"og:site_name\" content=\"Una y Mil Letras\" \/>\n<meta property=\"article:published_time\" content=\"2025-11-12T11:00:00+00:00\" \/>\n<meta property=\"article:modified_time\" content=\"2025-11-13T10:51:40+00:00\" \/>\n<meta property=\"og:image\" content=\"http:\/\/unaymilletras.com\/wp-content\/uploads\/2025\/11\/DSC00607_resized-e1762900377566.jpg\" \/>\n\t<meta property=\"og:image:width\" content=\"600\" \/>\n\t<meta property=\"og:image:height\" content=\"400\" \/>\n\t<meta property=\"og:image:type\" content=\"image\/jpeg\" \/>\n<meta name=\"author\" content=\"Redacci\u00f3n\" \/>\n<meta name=\"twitter:card\" content=\"summary_large_image\" \/>\n<meta name=\"twitter:creator\" content=\"@UnaYMilLetras\" \/>\n<meta name=\"twitter:site\" content=\"@UnaYMilLetras\" \/>\n<meta name=\"twitter:label1\" content=\"Written by\" \/>\n\t<meta name=\"twitter:data1\" content=\"Redacci\u00f3n\" \/>\n\t<meta name=\"twitter:label2\" content=\"Estimated reading time\" \/>\n\t<meta name=\"twitter:data2\" content=\"2 minutes\" \/>\n<script type=\"application\/ld+json\" class=\"yoast-schema-graph\">{\"@context\":\"https:\\\/\\\/schema.org\",\"@graph\":[{\"@type\":\"Article\",\"@id\":\"https:\\\/\\\/unaymilletras.com\\\/inna-retrocede-el-tiempo-en-madrid-con-baile-y-energia-en-la-riviera\\\/#article\",\"isPartOf\":{\"@id\":\"https:\\\/\\\/unaymilletras.com\\\/inna-retrocede-el-tiempo-en-madrid-con-baile-y-energia-en-la-riviera\\\/\"},\"author\":{\"name\":\"Redacci\u00f3n\",\"@id\":\"http:\\\/\\\/unaymilletras.com\\\/#\\\/schema\\\/person\\\/0860dc8a218329991ee2c7591f4f849d\"},\"headline\":\"INNA retrocede el tiempo en Madrid con baile y energ\u00eda en La Riviera\",\"datePublished\":\"2025-11-12T11:00:00+00:00\",\"dateModified\":\"2025-11-13T10:51:40+00:00\",\"mainEntityOfPage\":{\"@id\":\"https:\\\/\\\/unaymilletras.com\\\/inna-retrocede-el-tiempo-en-madrid-con-baile-y-energia-en-la-riviera\\\/\"},\"wordCount\":388,\"publisher\":{\"@id\":\"http:\\\/\\\/unaymilletras.com\\\/#organization\"},\"image\":{\"@id\":\"https:\\\/\\\/unaymilletras.com\\\/inna-retrocede-el-tiempo-en-madrid-con-baile-y-energia-en-la-riviera\\\/#primaryimage\"},\"thumbnailUrl\":\"https:\\\/\\\/unaymilletras.com\\\/wp-content\\\/uploads\\\/2025\\\/11\\\/DSC00607_resized-e1762900377566.jpg\",\"articleSection\":[\"M\u00fasica\"],\"inLanguage\":\"en-GB\"},{\"@type\":\"WebPage\",\"@id\":\"https:\\\/\\\/unaymilletras.com\\\/inna-retrocede-el-tiempo-en-madrid-con-baile-y-energia-en-la-riviera\\\/\",\"url\":\"https:\\\/\\\/unaymilletras.com\\\/inna-retrocede-el-tiempo-en-madrid-con-baile-y-energia-en-la-riviera\\\/\",\"name\":\"INNA conquista Madrid con una noche de baile y energ\u00eda en La Riviera\",\"isPartOf\":{\"@id\":\"http:\\\/\\\/unaymilletras.com\\\/#website\"},\"primaryImageOfPage\":{\"@id\":\"https:\\\/\\\/unaymilletras.com\\\/inna-retrocede-el-tiempo-en-madrid-con-baile-y-energia-en-la-riviera\\\/#primaryimage\"},\"image\":{\"@id\":\"https:\\\/\\\/unaymilletras.com\\\/inna-retrocede-el-tiempo-en-madrid-con-baile-y-energia-en-la-riviera\\\/#primaryimage\"},\"thumbnailUrl\":\"https:\\\/\\\/unaymilletras.com\\\/wp-content\\\/uploads\\\/2025\\\/11\\\/DSC00607_resized-e1762900377566.jpg\",\"datePublished\":\"2025-11-12T11:00:00+00:00\",\"dateModified\":\"2025-11-13T10:51:40+00:00\",\"description\":\"La artista rumana INNA desat\u00f3 una fiesta en su esperada parada del Echoes Tour, con un show lleno de hits, emoci\u00f3n y conexi\u00f3n con el p\u00fablico\",\"breadcrumb\":{\"@id\":\"https:\\\/\\\/unaymilletras.com\\\/inna-retrocede-el-tiempo-en-madrid-con-baile-y-energia-en-la-riviera\\\/#breadcrumb\"},\"inLanguage\":\"en-GB\",\"potentialAction\":[{\"@type\":\"ReadAction\",\"target\":[\"https:\\\/\\\/unaymilletras.com\\\/inna-retrocede-el-tiempo-en-madrid-con-baile-y-energia-en-la-riviera\\\/\"]}]},{\"@type\":\"ImageObject\",\"inLanguage\":\"en-GB\",\"@id\":\"https:\\\/\\\/unaymilletras.com\\\/inna-retrocede-el-tiempo-en-madrid-con-baile-y-energia-en-la-riviera\\\/#primaryimage\",\"url\":\"https:\\\/\\\/unaymilletras.com\\\/wp-content\\\/uploads\\\/2025\\\/11\\\/DSC00607_resized-e1762900377566.jpg\",\"contentUrl\":\"https:\\\/\\\/unaymilletras.com\\\/wp-content\\\/uploads\\\/2025\\\/11\\\/DSC00607_resized-e1762900377566.jpg\",\"width\":600,\"height\":400,\"caption\":\"Foto: Andrei Via\\\/Artist Publicist\"},{\"@type\":\"BreadcrumbList\",\"@id\":\"https:\\\/\\\/unaymilletras.com\\\/inna-retrocede-el-tiempo-en-madrid-con-baile-y-energia-en-la-riviera\\\/#breadcrumb\",\"itemListElement\":[{\"@type\":\"ListItem\",\"position\":1,\"name\":\"Home\",\"item\":\"http:\\\/\\\/unaymilletras.com\\\/\"},{\"@type\":\"ListItem\",\"position\":2,\"name\":\"INNA retrocede el tiempo en Madrid con baile y energ\u00eda en La Riviera\"}]},{\"@type\":\"WebSite\",\"@id\":\"http:\\\/\\\/unaymilletras.com\\\/#website\",\"url\":\"http:\\\/\\\/unaymilletras.com\\\/\",\"name\":\"Una y Mil Letras\",\"description\":\"\",\"publisher\":{\"@id\":\"http:\\\/\\\/unaymilletras.com\\\/#organization\"},\"potentialAction\":[{\"@type\":\"SearchAction\",\"target\":{\"@type\":\"EntryPoint\",\"urlTemplate\":\"http:\\\/\\\/unaymilletras.com\\\/?s={search_term_string}\"},\"query-input\":{\"@type\":\"PropertyValueSpecification\",\"valueRequired\":true,\"valueName\":\"search_term_string\"}}],\"inLanguage\":\"en-GB\"},{\"@type\":\"Organization\",\"@id\":\"http:\\\/\\\/unaymilletras.com\\\/#organization\",\"name\":\"Una y Mil Letras\",\"url\":\"http:\\\/\\\/unaymilletras.com\\\/\",\"logo\":{\"@type\":\"ImageObject\",\"inLanguage\":\"en-GB\",\"@id\":\"http:\\\/\\\/unaymilletras.com\\\/#\\\/schema\\\/logo\\\/image\\\/\",\"url\":\"https:\\\/\\\/unaymilletras.com\\\/wp-content\\\/uploads\\\/2024\\\/06\\\/cropped-Logo-removebg-preview.png\",\"contentUrl\":\"https:\\\/\\\/unaymilletras.com\\\/wp-content\\\/uploads\\\/2024\\\/06\\\/cropped-Logo-removebg-preview.png\",\"width\":512,\"height\":512,\"caption\":\"Una y Mil Letras\"},\"image\":{\"@id\":\"http:\\\/\\\/unaymilletras.com\\\/#\\\/schema\\\/logo\\\/image\\\/\"},\"sameAs\":[\"https:\\\/\\\/x.com\\\/UnaYMilLetras\",\"https:\\\/\\\/instagram.com\\\/UnaYMilLetras\"]},{\"@type\":\"Person\",\"@id\":\"http:\\\/\\\/unaymilletras.com\\\/#\\\/schema\\\/person\\\/0860dc8a218329991ee2c7591f4f849d\",\"name\":\"Redacci\u00f3n\",\"image\":{\"@type\":\"ImageObject\",\"inLanguage\":\"en-GB\",\"@id\":\"https:\\\/\\\/secure.gravatar.com\\\/avatar\\\/d8f55e05a8b6597e45c55a1dcbdbfe44f4a360d88b48e00de5216a79b7732796?s=96&d=mm&r=g\",\"url\":\"https:\\\/\\\/secure.gravatar.com\\\/avatar\\\/d8f55e05a8b6597e45c55a1dcbdbfe44f4a360d88b48e00de5216a79b7732796?s=96&d=mm&r=g\",\"contentUrl\":\"https:\\\/\\\/secure.gravatar.com\\\/avatar\\\/d8f55e05a8b6597e45c55a1dcbdbfe44f4a360d88b48e00de5216a79b7732796?s=96&d=mm&r=g\",\"caption\":\"Redacci\u00f3n\"},\"url\":\"https:\\\/\\\/unaymilletras.com\\\/en\\\/author\\\/redaccion\\\/\"}]}<\/script>\n<!-- \/ Yoast SEO plugin. -->","yoast_head_json":{"title":"INNA conquista Madrid con una noche de baile y energ\u00eda en La Riviera","description":"La artista rumana INNA desat\u00f3 una fiesta en su esperada parada del Echoes Tour, con un show lleno de hits, emoci\u00f3n y conexi\u00f3n con el p\u00fablico","robots":{"index":"index","follow":"follow","max-snippet":"max-snippet:-1","max-image-preview":"max-image-preview:large","max-video-preview":"max-video-preview:-1"},"canonical":"https:\/\/unaymilletras.com\/en\/inna-retrocede-el-tiempo-en-madrid-con-baile-y-energia-en-la-riviera\/","og_locale":"en_GB","og_type":"article","og_title":"INNA conquista Madrid con una noche de baile y energ\u00eda en La Riviera","og_description":"La artista rumana INNA desat\u00f3 una fiesta en su esperada parada del Echoes Tour, con un show lleno de hits, emoci\u00f3n y conexi\u00f3n con el p\u00fablico","og_url":"https:\/\/unaymilletras.com\/en\/inna-retrocede-el-tiempo-en-madrid-con-baile-y-energia-en-la-riviera\/","og_site_name":"Una y Mil Letras","article_published_time":"2025-11-12T11:00:00+00:00","article_modified_time":"2025-11-13T10:51:40+00:00","og_image":[{"width":600,"height":400,"url":"http:\/\/unaymilletras.com\/wp-content\/uploads\/2025\/11\/DSC00607_resized-e1762900377566.jpg","type":"image\/jpeg"}],"author":"Redacci\u00f3n","twitter_card":"summary_large_image","twitter_creator":"@UnaYMilLetras","twitter_site":"@UnaYMilLetras","twitter_misc":{"Written by":"Redacci\u00f3n","Estimated reading time":"2 minutes"},"schema":{"@context":"https:\/\/schema.org","@graph":[{"@type":"Article","@id":"https:\/\/unaymilletras.com\/inna-retrocede-el-tiempo-en-madrid-con-baile-y-energia-en-la-riviera\/#article","isPartOf":{"@id":"https:\/\/unaymilletras.com\/inna-retrocede-el-tiempo-en-madrid-con-baile-y-energia-en-la-riviera\/"},"author":{"name":"Redacci\u00f3n","@id":"http:\/\/unaymilletras.com\/#\/schema\/person\/0860dc8a218329991ee2c7591f4f849d"},"headline":"INNA retrocede el tiempo en Madrid con baile y energ\u00eda en La Riviera","datePublished":"2025-11-12T11:00:00+00:00","dateModified":"2025-11-13T10:51:40+00:00","mainEntityOfPage":{"@id":"https:\/\/unaymilletras.com\/inna-retrocede-el-tiempo-en-madrid-con-baile-y-energia-en-la-riviera\/"},"wordCount":388,"publisher":{"@id":"http:\/\/unaymilletras.com\/#organization"},"image":{"@id":"https:\/\/unaymilletras.com\/inna-retrocede-el-tiempo-en-madrid-con-baile-y-energia-en-la-riviera\/#primaryimage"},"thumbnailUrl":"https:\/\/unaymilletras.com\/wp-content\/uploads\/2025\/11\/DSC00607_resized-e1762900377566.jpg","articleSection":["M\u00fasica"],"inLanguage":"en-GB"},{"@type":"WebPage","@id":"https:\/\/unaymilletras.com\/inna-retrocede-el-tiempo-en-madrid-con-baile-y-energia-en-la-riviera\/","url":"https:\/\/unaymilletras.com\/inna-retrocede-el-tiempo-en-madrid-con-baile-y-energia-en-la-riviera\/","name":"INNA conquista Madrid con una noche de baile y energ\u00eda en La Riviera","isPartOf":{"@id":"http:\/\/unaymilletras.com\/#website"},"primaryImageOfPage":{"@id":"https:\/\/unaymilletras.com\/inna-retrocede-el-tiempo-en-madrid-con-baile-y-energia-en-la-riviera\/#primaryimage"},"image":{"@id":"https:\/\/unaymilletras.com\/inna-retrocede-el-tiempo-en-madrid-con-baile-y-energia-en-la-riviera\/#primaryimage"},"thumbnailUrl":"https:\/\/unaymilletras.com\/wp-content\/uploads\/2025\/11\/DSC00607_resized-e1762900377566.jpg","datePublished":"2025-11-12T11:00:00+00:00","dateModified":"2025-11-13T10:51:40+00:00","description":"La artista rumana INNA desat\u00f3 una fiesta en su esperada parada del Echoes Tour, con un show lleno de hits, emoci\u00f3n y conexi\u00f3n con el p\u00fablico","breadcrumb":{"@id":"https:\/\/unaymilletras.com\/inna-retrocede-el-tiempo-en-madrid-con-baile-y-energia-en-la-riviera\/#breadcrumb"},"inLanguage":"en-GB","potentialAction":[{"@type":"ReadAction","target":["https:\/\/unaymilletras.com\/inna-retrocede-el-tiempo-en-madrid-con-baile-y-energia-en-la-riviera\/"]}]},{"@type":"ImageObject","inLanguage":"en-GB","@id":"https:\/\/unaymilletras.com\/inna-retrocede-el-tiempo-en-madrid-con-baile-y-energia-en-la-riviera\/#primaryimage","url":"https:\/\/unaymilletras.com\/wp-content\/uploads\/2025\/11\/DSC00607_resized-e1762900377566.jpg","contentUrl":"https:\/\/unaymilletras.com\/wp-content\/uploads\/2025\/11\/DSC00607_resized-e1762900377566.jpg","width":600,"height":400,"caption":"Foto: Andrei Via\/Artist Publicist"},{"@type":"BreadcrumbList","@id":"https:\/\/unaymilletras.com\/inna-retrocede-el-tiempo-en-madrid-con-baile-y-energia-en-la-riviera\/#breadcrumb","itemListElement":[{"@type":"ListItem","position":1,"name":"Home","item":"http:\/\/unaymilletras.com\/"},{"@type":"ListItem","position":2,"name":"INNA retrocede el tiempo en Madrid con baile y energ\u00eda en La Riviera"}]},{"@type":"WebSite","@id":"http:\/\/unaymilletras.com\/#website","url":"http:\/\/unaymilletras.com\/","name":"Una y Mil Letras","description":"","publisher":{"@id":"http:\/\/unaymilletras.com\/#organization"},"potentialAction":[{"@type":"SearchAction","target":{"@type":"EntryPoint","urlTemplate":"http:\/\/unaymilletras.com\/?s={search_term_string}"},"query-input":{"@type":"PropertyValueSpecification","valueRequired":true,"valueName":"search_term_string"}}],"inLanguage":"en-GB"},{"@type":"Organization","@id":"http:\/\/unaymilletras.com\/#organization","name":"Una y Mil Letras","url":"http:\/\/unaymilletras.com\/","logo":{"@type":"ImageObject","inLanguage":"en-GB","@id":"http:\/\/unaymilletras.com\/#\/schema\/logo\/image\/","url":"https:\/\/unaymilletras.com\/wp-content\/uploads\/2024\/06\/cropped-Logo-removebg-preview.png","contentUrl":"https:\/\/unaymilletras.com\/wp-content\/uploads\/2024\/06\/cropped-Logo-removebg-preview.png","width":512,"height":512,"caption":"Una y Mil Letras"},"image":{"@id":"http:\/\/unaymilletras.com\/#\/schema\/logo\/image\/"},"sameAs":["https:\/\/x.com\/UnaYMilLetras","https:\/\/instagram.com\/UnaYMilLetras"]},{"@type":"Person","@id":"http:\/\/unaymilletras.com\/#\/schema\/person\/0860dc8a218329991ee2c7591f4f849d","name":"Redacci\u00f3n","image":{"@type":"ImageObject","inLanguage":"en-GB","@id":"https:\/\/secure.gravatar.com\/avatar\/d8f55e05a8b6597e45c55a1dcbdbfe44f4a360d88b48e00de5216a79b7732796?s=96&d=mm&r=g","url":"https:\/\/secure.gravatar.com\/avatar\/d8f55e05a8b6597e45c55a1dcbdbfe44f4a360d88b48e00de5216a79b7732796?s=96&d=mm&r=g","contentUrl":"https:\/\/secure.gravatar.com\/avatar\/d8f55e05a8b6597e45c55a1dcbdbfe44f4a360d88b48e00de5216a79b7732796?s=96&d=mm&r=g","caption":"Redacci\u00f3n"},"url":"https:\/\/unaymilletras.com\/en\/author\/redaccion\/"}]}},"_links":{"self":[{"href":"https:\/\/unaymilletras.com\/en\/wp-json\/wp\/v2\/posts\/6305","targetHints":{"allow":["GET"]}}],"collection":[{"href":"https:\/\/unaymilletras.com\/en\/wp-json\/wp\/v2\/posts"}],"about":[{"href":"https:\/\/unaymilletras.com\/en\/wp-json\/wp\/v2\/types\/post"}],"author":[{"embeddable":true,"href":"https:\/\/unaymilletras.com\/en\/wp-json\/wp\/v2\/users\/6"}],"replies":[{"embeddable":true,"href":"https:\/\/unaymilletras.com\/en\/wp-json\/wp\/v2\/comments?post=6305"}],"version-history":[{"count":7,"href":"https:\/\/unaymilletras.com\/en\/wp-json\/wp\/v2\/posts\/6305\/revisions"}],"predecessor-version":[{"id":6313,"href":"https:\/\/unaymilletras.com\/en\/wp-json\/wp\/v2\/posts\/6305\/revisions\/6313"}],"wp:featuredmedia":[{"embeddable":true,"href":"https:\/\/unaymilletras.com\/en\/wp-json\/wp\/v2\/media\/6307"}],"wp:attachment":[{"href":"https:\/\/unaymilletras.com\/en\/wp-json\/wp\/v2\/media?parent=6305"}],"wp:term":[{"taxonomy":"category","embeddable":true,"href":"https:\/\/unaymilletras.com\/en\/wp-json\/wp\/v2\/categories?post=6305"},{"taxonomy":"post_tag","embeddable":true,"href":"https:\/\/unaymilletras.com\/en\/wp-json\/wp\/v2\/tags?post=6305"}],"curies":[{"name":"wp","href":"https:\/\/api.w.org\/{rel}","templated":true}]}}