{"id":6314,"date":"2025-11-13T18:55:37","date_gmt":"2025-11-13T17:55:37","guid":{"rendered":"https:\/\/unaymilletras.com\/?p=6314"},"modified":"2025-11-13T18:57:26","modified_gmt":"2025-11-13T17:57:26","slug":"bejo-debuta-en-el-septimo-arte-con-el-interiorista","status":"publish","type":"post","link":"https:\/\/unaymilletras.com\/en\/bejo-debuta-en-el-septimo-arte-con-el-interiorista\/","title":{"rendered":"Bejo debuta en el s\u00e9ptimo arte con El Interiorista"},"content":{"rendered":"<div data-elementor-type=\"wp-post\" data-elementor-id=\"6314\" class=\"elementor elementor-6314\">\n\t\t\t\t\t\t<section class=\"elementor-section elementor-top-section elementor-element elementor-element-a26a2a2 elementor-section-boxed elementor-section-height-default elementor-section-height-default\" data-id=\"a26a2a2\" data-element_type=\"section\" data-e-type=\"section\">\n\t\t\t\t\t\t<div class=\"elementor-container elementor-column-gap-default\">\n\t\t\t\t\t<div class=\"elementor-column elementor-col-100 elementor-top-column elementor-element elementor-element-1ff091e\" data-id=\"1ff091e\" data-element_type=\"column\" data-e-type=\"column\">\n\t\t\t<div class=\"elementor-widget-wrap elementor-element-populated\">\n\t\t\t\t\t\t<div class=\"elementor-element elementor-element-007c5e4 elementor-widget elementor-widget-text-editor\" data-id=\"007c5e4\" data-element_type=\"widget\" data-e-type=\"widget\" data-widget_type=\"text-editor.default\">\n\t\t\t\t<div class=\"elementor-widget-container\">\n\t\t\t\t\t\t\t\t\t<h2 style=\"text-align: center;\"><span style=\"color: #808080;\"><em>El artista canario Bejo rompe los l\u00edmites entre cine y m\u00fasica con una obra surrealista que redefine el concepto de \u00e1lbum visual<\/em><\/span><\/h2>\t\t\t\t\t\t\t\t<\/div>\n\t\t\t\t<\/div>\n\t\t\t\t\t<\/div>\n\t\t<\/div>\n\t\t\t\t\t<\/div>\n\t\t<\/section>\n\t\t\t\t<section class=\"elementor-section elementor-top-section elementor-element elementor-element-87f785e elementor-section-boxed elementor-section-height-default elementor-section-height-default\" data-id=\"87f785e\" data-element_type=\"section\" data-e-type=\"section\">\n\t\t\t\t\t\t<div class=\"elementor-container elementor-column-gap-default\">\n\t\t\t\t\t<div class=\"elementor-column elementor-col-100 elementor-top-column elementor-element elementor-element-e23f056\" data-id=\"e23f056\" data-element_type=\"column\" data-e-type=\"column\">\n\t\t\t<div class=\"elementor-widget-wrap elementor-element-populated\">\n\t\t\t\t\t\t<div class=\"elementor-element elementor-element-f413108 elementor-widget elementor-widget-text-editor\" data-id=\"f413108\" data-element_type=\"widget\" data-e-type=\"widget\" data-widget_type=\"text-editor.default\">\n\t\t\t\t<div class=\"elementor-widget-container\">\n\t\t\t\t\t\t\t\t\t<p data-start=\"459\" data-end=\"806\">Bejo da un nuevo salto creativo con <em data-start=\"495\" data-end=\"512\">El Interiorista<\/em>, un proyecto que trasciende lo musical para adentrarse en el lenguaje cinematogr\u00e1fico. El artista canario presenta su nuevo \u00e1lbum de ocho canciones a trav\u00e9s de un <strong data-start=\"676\" data-end=\"692\">cortometraje<\/strong> que \u00e9l mismo dirige y protagoniza, Marca as\u00ed su debut en el cine y su apuesta m\u00e1s arriesgada hasta la fecha.<\/p>\n<p data-start=\"808\" data-end=\"1251\">Rodado entre <strong data-start=\"821\" data-end=\"834\">El Hierro<\/strong> y <strong data-start=\"837\" data-end=\"847\">Madrid<\/strong>, el trabajo se aleja por completo del formato videoclip para transformarse. Una obra h\u00edbrida donde la m\u00fasica y el cine conviven en un mismo plano narrativo. Bejo utiliza el audiovisual no como acompa\u00f1amiento, sino como extensi\u00f3n art\u00edstica de su discurso. En este proyecto, el cine se convierte en veh\u00edculo para explorar emociones, contradicciones y preguntas existenciales que trascienden lo sonoro.<\/p>\t\t\t\t\t\t\t\t<\/div>\n\t\t\t\t<\/div>\n\t\t\t\t\t<\/div>\n\t\t<\/div>\n\t\t\t\t\t<\/div>\n\t\t<\/section>\n\t\t\t\t<section class=\"elementor-section elementor-top-section elementor-element elementor-element-117b460 elementor-section-boxed elementor-section-height-default elementor-section-height-default\" data-id=\"117b460\" data-element_type=\"section\" data-e-type=\"section\">\n\t\t\t\t\t\t<div class=\"elementor-container elementor-column-gap-default\">\n\t\t\t\t\t<div class=\"elementor-column elementor-col-50 elementor-top-column elementor-element elementor-element-bcb1afe\" data-id=\"bcb1afe\" data-element_type=\"column\" data-e-type=\"column\">\n\t\t\t<div class=\"elementor-widget-wrap elementor-element-populated\">\n\t\t\t\t\t\t<div class=\"elementor-element elementor-element-38826af elementor-widget elementor-widget-image\" data-id=\"38826af\" data-element_type=\"widget\" data-e-type=\"widget\" data-widget_type=\"image.default\">\n\t\t\t\t<div class=\"elementor-widget-container\">\n\t\t\t\t\t\t\t\t\t\t\t\t\t\t\t<img fetchpriority=\"high\" decoding=\"async\" width=\"640\" height=\"800\" src=\"https:\/\/unaymilletras.com\/wp-content\/uploads\/2025\/11\/2-recortada-1-819x1024.jpg\" class=\"attachment-large size-large wp-image-6316\" alt=\"Bejo\" srcset=\"https:\/\/unaymilletras.com\/wp-content\/uploads\/2025\/11\/2-recortada-1-819x1024.jpg 819w, https:\/\/unaymilletras.com\/wp-content\/uploads\/2025\/11\/2-recortada-1-240x300.jpg 240w, https:\/\/unaymilletras.com\/wp-content\/uploads\/2025\/11\/2-recortada-1-768x960.jpg 768w, https:\/\/unaymilletras.com\/wp-content\/uploads\/2025\/11\/2-recortada-1-1229x1536.jpg 1229w, https:\/\/unaymilletras.com\/wp-content\/uploads\/2025\/11\/2-recortada-1-1639x2048.jpg 1639w, https:\/\/unaymilletras.com\/wp-content\/uploads\/2025\/11\/2-recortada-1-10x12.jpg 10w, https:\/\/unaymilletras.com\/wp-content\/uploads\/2025\/11\/2-recortada-1-1024x1280.jpg 1024w, https:\/\/unaymilletras.com\/wp-content\/uploads\/2025\/11\/2-recortada-1-e1763056360744.jpg 600w\" sizes=\"(max-width: 640px) 100vw, 640px\" \/>\t\t\t\t\t\t\t\t\t\t\t\t\t\t\t<\/div>\n\t\t\t\t<\/div>\n\t\t\t\t\t<\/div>\n\t\t<\/div>\n\t\t\t\t<div class=\"elementor-column elementor-col-50 elementor-top-column elementor-element elementor-element-08db45a\" data-id=\"08db45a\" data-element_type=\"column\" data-e-type=\"column\">\n\t\t\t<div class=\"elementor-widget-wrap elementor-element-populated\">\n\t\t\t\t\t\t<div class=\"elementor-element elementor-element-7983c3f elementor-widget elementor-widget-text-editor\" data-id=\"7983c3f\" data-element_type=\"widget\" data-e-type=\"widget\" data-widget_type=\"text-editor.default\">\n\t\t\t\t<div class=\"elementor-widget-container\">\n\t\t\t\t\t\t\t\t\t<p data-start=\"1253\" data-end=\"1777\"><em data-start=\"1253\" data-end=\"1270\">El Interiorista<\/em> es, en palabras del propio artista, un viaje hacia la aceptaci\u00f3n del yo, la contradicci\u00f3n humana y la b\u00fasqueda de sentido en territorios inh\u00f3spitos. A lo largo de sus ocho temas, Bejo construye un universo <strong data-start=\"1477\" data-end=\"1503\">on\u00edrico y experimental. <\/strong><span data-start=\"1477\" data-end=\"1503\">Ca<\/span>rgado de im\u00e1genes simb\u00f3licas que invitan al espectador a una experiencia sensorial y reflexiva. \u201cSabes que los sue\u00f1os son sue\u00f1os cuando te despiertas\u201d, escribe en uno de los versos m\u00e1s representativos de esta obra que difumina los l\u00edmites entre lo real y lo imaginado.<\/p>\n<p data-start=\"1779\" data-end=\"2233\">El cortometraje, rodado \u00edntegramente en <strong data-start=\"1819\" data-end=\"1837\">blanco y negro<\/strong>, utiliza elementos visuales como el carnero o el mar para construir una narrativa introspectiva donde el artista se enfrenta a su propio reflejo.&nbsp;<\/p>\t\t\t\t\t\t\t\t<\/div>\n\t\t\t\t<\/div>\n\t\t\t\t\t<\/div>\n\t\t<\/div>\n\t\t\t\t\t<\/div>\n\t\t<\/section>\n\t\t\t\t<section class=\"elementor-section elementor-top-section elementor-element elementor-element-9cadb2e elementor-section-boxed elementor-section-height-default elementor-section-height-default\" data-id=\"9cadb2e\" data-element_type=\"section\" data-e-type=\"section\">\n\t\t\t\t\t\t<div class=\"elementor-container elementor-column-gap-default\">\n\t\t\t\t\t<div class=\"elementor-column elementor-col-100 elementor-top-column elementor-element elementor-element-c141c82\" data-id=\"c141c82\" data-element_type=\"column\" data-e-type=\"column\">\n\t\t\t<div class=\"elementor-widget-wrap elementor-element-populated\">\n\t\t\t\t\t\t<div class=\"elementor-element elementor-element-dd99773 elementor-widget elementor-widget-text-editor\" data-id=\"dd99773\" data-element_type=\"widget\" data-e-type=\"widget\" data-widget_type=\"text-editor.default\">\n\t\t\t\t<div class=\"elementor-widget-container\">\n\t\t\t\t\t\t\t\t\t<p data-start=\"2235\" data-end=\"2581\">El proyecto cuenta con la participaci\u00f3n de <strong data-start=\"2278\" data-end=\"2288\">Kase.O<\/strong>, referente absoluto del rap en espa\u00f1ol, e <strong data-start=\"2331\" data-end=\"2350\">Ignatius Farray<\/strong>, que aporta su particular universo c\u00f3mico y filos\u00f3fico a la historia. Ambos colaboran en una pieza que se mueve entre el absurdo, la introspecci\u00f3n y el arte performativo, en una fusi\u00f3n que rompe las categor\u00edas del g\u00e9nero urbano.<\/p><p data-start=\"2583\" data-end=\"2992\"><em data-start=\"2583\" data-end=\"2600\">El Interiorista<\/em> se present\u00f3 de forma exclusiva y gratuita en la <strong data-start=\"2649\" data-end=\"2673\">Sala Equis de Madrid<\/strong>, acompa\u00f1ada de un mural creado por el propio Bejo, reafirmando su visi\u00f3n multidisciplinar. En el teaser publicado en Instagram, el artista sorprendi\u00f3 a sus seguidores mostrando por primera vez sus ojos sin gafas de sol, un gesto simb\u00f3lico que representa la vulnerabilidad y la honestidad que marcan esta nueva etapa.<\/p><p data-start=\"2994\" data-end=\"3292\">Con este proyecto, Bejo ampl\u00eda las fronteras del rap contempor\u00e1neo y abre un nuevo di\u00e1logo entre el cine y la m\u00fasica, posicion\u00e1ndose no solo como uno de los artistas m\u00e1s creativos de la escena espa\u00f1ola, sino tambi\u00e9n como un narrador visual dispuesto a reinventar la manera de contar una historia.<\/p>\t\t\t\t\t\t\t\t<\/div>\n\t\t\t\t<\/div>\n\t\t\t\t\t<\/div>\n\t\t<\/div>\n\t\t\t\t\t<\/div>\n\t\t<\/section>\n\t\t\t\t<\/div>","protected":false},"excerpt":{"rendered":"<p>El artista canario Bejo rompe los l\u00edmites entre cine y m\u00fasica con una obra surrealista que redefine el concepto de \u00e1lbum visual Bejo da un nuevo salto creativo con El Interiorista, un proyecto que trasciende lo musical para adentrarse en el lenguaje cinematogr\u00e1fico. El artista canario presenta su nuevo \u00e1lbum de ocho canciones a trav\u00e9s [&hellip;]<\/p>\n","protected":false},"author":1,"featured_media":6316,"comment_status":"closed","ping_status":"closed","sticky":false,"template":"","format":"standard","meta":{"footnotes":""},"categories":[1],"tags":[],"class_list":["post-6314","post","type-post","status-publish","format-standard","has-post-thumbnail","hentry","category-uncategorized"],"yoast_head":"<!-- This site is optimized with the Yoast SEO plugin v27.4 - https:\/\/yoast.com\/product\/yoast-seo-wordpress\/ -->\n<title>Bejo debuta en el s\u00e9ptimo arte con El Interiorista<\/title>\n<meta name=\"description\" content=\"El artista canario Bejo rompe los l\u00edmites entre cine y m\u00fasica con una obra surrealista que redefine el concepto de \u00e1lbum visual\" \/>\n<meta name=\"robots\" content=\"index, follow, max-snippet:-1, max-image-preview:large, max-video-preview:-1\" \/>\n<link rel=\"canonical\" href=\"https:\/\/unaymilletras.com\/en\/bejo-debuta-en-el-septimo-arte-con-el-interiorista\/\" \/>\n<meta property=\"og:locale\" content=\"en_GB\" \/>\n<meta property=\"og:type\" content=\"article\" \/>\n<meta property=\"og:title\" content=\"Bejo debuta en el s\u00e9ptimo arte con El Interiorista\" \/>\n<meta property=\"og:description\" content=\"El artista canario Bejo rompe los l\u00edmites entre cine y m\u00fasica con una obra surrealista que redefine el concepto de \u00e1lbum visual\" \/>\n<meta property=\"og:url\" content=\"https:\/\/unaymilletras.com\/en\/bejo-debuta-en-el-septimo-arte-con-el-interiorista\/\" \/>\n<meta property=\"og:site_name\" content=\"Una y Mil Letras\" \/>\n<meta property=\"article:published_time\" content=\"2025-11-13T17:55:37+00:00\" \/>\n<meta property=\"article:modified_time\" content=\"2025-11-13T17:57:26+00:00\" \/>\n<meta property=\"og:image\" content=\"http:\/\/unaymilletras.com\/wp-content\/uploads\/2025\/11\/2-recortada-1-e1763056360744.jpg\" \/>\n\t<meta property=\"og:image:width\" content=\"600\" \/>\n\t<meta property=\"og:image:height\" content=\"750\" \/>\n\t<meta property=\"og:image:type\" content=\"image\/jpeg\" \/>\n<meta name=\"author\" content=\"Maria Gil Robledo\" \/>\n<meta name=\"twitter:card\" content=\"summary_large_image\" \/>\n<meta name=\"twitter:creator\" content=\"@UnaYMilLetras\" \/>\n<meta name=\"twitter:site\" content=\"@UnaYMilLetras\" \/>\n<meta name=\"twitter:label1\" content=\"Written by\" \/>\n\t<meta name=\"twitter:data1\" content=\"Maria Gil Robledo\" \/>\n\t<meta name=\"twitter:label2\" content=\"Estimated reading time\" \/>\n\t<meta name=\"twitter:data2\" content=\"3 minutes\" \/>\n<script type=\"application\/ld+json\" class=\"yoast-schema-graph\">{\"@context\":\"https:\\\/\\\/schema.org\",\"@graph\":[{\"@type\":\"Article\",\"@id\":\"https:\\\/\\\/unaymilletras.com\\\/bejo-debuta-en-el-septimo-arte-con-el-interiorista\\\/#article\",\"isPartOf\":{\"@id\":\"https:\\\/\\\/unaymilletras.com\\\/bejo-debuta-en-el-septimo-arte-con-el-interiorista\\\/\"},\"author\":{\"name\":\"Maria Gil Robledo\",\"@id\":\"http:\\\/\\\/unaymilletras.com\\\/#\\\/schema\\\/person\\\/d55ba681b8a4e463d8982dbe36a5dc94\"},\"headline\":\"Bejo debuta en el s\u00e9ptimo arte con El Interiorista\",\"datePublished\":\"2025-11-13T17:55:37+00:00\",\"dateModified\":\"2025-11-13T17:57:26+00:00\",\"mainEntityOfPage\":{\"@id\":\"https:\\\/\\\/unaymilletras.com\\\/bejo-debuta-en-el-septimo-arte-con-el-interiorista\\\/\"},\"wordCount\":483,\"publisher\":{\"@id\":\"http:\\\/\\\/unaymilletras.com\\\/#organization\"},\"image\":{\"@id\":\"https:\\\/\\\/unaymilletras.com\\\/bejo-debuta-en-el-septimo-arte-con-el-interiorista\\\/#primaryimage\"},\"thumbnailUrl\":\"https:\\\/\\\/unaymilletras.com\\\/wp-content\\\/uploads\\\/2025\\\/11\\\/2-recortada-1-e1763056360744.jpg\",\"articleSection\":[\"Uncategorized\"],\"inLanguage\":\"en-GB\"},{\"@type\":\"WebPage\",\"@id\":\"https:\\\/\\\/unaymilletras.com\\\/bejo-debuta-en-el-septimo-arte-con-el-interiorista\\\/\",\"url\":\"https:\\\/\\\/unaymilletras.com\\\/bejo-debuta-en-el-septimo-arte-con-el-interiorista\\\/\",\"name\":\"Bejo debuta en el s\u00e9ptimo arte con El Interiorista\",\"isPartOf\":{\"@id\":\"http:\\\/\\\/unaymilletras.com\\\/#website\"},\"primaryImageOfPage\":{\"@id\":\"https:\\\/\\\/unaymilletras.com\\\/bejo-debuta-en-el-septimo-arte-con-el-interiorista\\\/#primaryimage\"},\"image\":{\"@id\":\"https:\\\/\\\/unaymilletras.com\\\/bejo-debuta-en-el-septimo-arte-con-el-interiorista\\\/#primaryimage\"},\"thumbnailUrl\":\"https:\\\/\\\/unaymilletras.com\\\/wp-content\\\/uploads\\\/2025\\\/11\\\/2-recortada-1-e1763056360744.jpg\",\"datePublished\":\"2025-11-13T17:55:37+00:00\",\"dateModified\":\"2025-11-13T17:57:26+00:00\",\"description\":\"El artista canario Bejo rompe los l\u00edmites entre cine y m\u00fasica con una obra surrealista que redefine el concepto de \u00e1lbum visual\",\"breadcrumb\":{\"@id\":\"https:\\\/\\\/unaymilletras.com\\\/bejo-debuta-en-el-septimo-arte-con-el-interiorista\\\/#breadcrumb\"},\"inLanguage\":\"en-GB\",\"potentialAction\":[{\"@type\":\"ReadAction\",\"target\":[\"https:\\\/\\\/unaymilletras.com\\\/bejo-debuta-en-el-septimo-arte-con-el-interiorista\\\/\"]}]},{\"@type\":\"ImageObject\",\"inLanguage\":\"en-GB\",\"@id\":\"https:\\\/\\\/unaymilletras.com\\\/bejo-debuta-en-el-septimo-arte-con-el-interiorista\\\/#primaryimage\",\"url\":\"https:\\\/\\\/unaymilletras.com\\\/wp-content\\\/uploads\\\/2025\\\/11\\\/2-recortada-1-e1763056360744.jpg\",\"contentUrl\":\"https:\\\/\\\/unaymilletras.com\\\/wp-content\\\/uploads\\\/2025\\\/11\\\/2-recortada-1-e1763056360744.jpg\",\"width\":600,\"height\":750,\"caption\":\"Bejo\"},{\"@type\":\"BreadcrumbList\",\"@id\":\"https:\\\/\\\/unaymilletras.com\\\/bejo-debuta-en-el-septimo-arte-con-el-interiorista\\\/#breadcrumb\",\"itemListElement\":[{\"@type\":\"ListItem\",\"position\":1,\"name\":\"Home\",\"item\":\"http:\\\/\\\/unaymilletras.com\\\/\"},{\"@type\":\"ListItem\",\"position\":2,\"name\":\"Bejo debuta en el s\u00e9ptimo arte con El Interiorista\"}]},{\"@type\":\"WebSite\",\"@id\":\"http:\\\/\\\/unaymilletras.com\\\/#website\",\"url\":\"http:\\\/\\\/unaymilletras.com\\\/\",\"name\":\"Una y Mil Letras\",\"description\":\"\",\"publisher\":{\"@id\":\"http:\\\/\\\/unaymilletras.com\\\/#organization\"},\"potentialAction\":[{\"@type\":\"SearchAction\",\"target\":{\"@type\":\"EntryPoint\",\"urlTemplate\":\"http:\\\/\\\/unaymilletras.com\\\/?s={search_term_string}\"},\"query-input\":{\"@type\":\"PropertyValueSpecification\",\"valueRequired\":true,\"valueName\":\"search_term_string\"}}],\"inLanguage\":\"en-GB\"},{\"@type\":\"Organization\",\"@id\":\"http:\\\/\\\/unaymilletras.com\\\/#organization\",\"name\":\"Una y Mil Letras\",\"url\":\"http:\\\/\\\/unaymilletras.com\\\/\",\"logo\":{\"@type\":\"ImageObject\",\"inLanguage\":\"en-GB\",\"@id\":\"http:\\\/\\\/unaymilletras.com\\\/#\\\/schema\\\/logo\\\/image\\\/\",\"url\":\"https:\\\/\\\/unaymilletras.com\\\/wp-content\\\/uploads\\\/2024\\\/06\\\/cropped-Logo-removebg-preview.png\",\"contentUrl\":\"https:\\\/\\\/unaymilletras.com\\\/wp-content\\\/uploads\\\/2024\\\/06\\\/cropped-Logo-removebg-preview.png\",\"width\":512,\"height\":512,\"caption\":\"Una y Mil Letras\"},\"image\":{\"@id\":\"http:\\\/\\\/unaymilletras.com\\\/#\\\/schema\\\/logo\\\/image\\\/\"},\"sameAs\":[\"https:\\\/\\\/x.com\\\/UnaYMilLetras\",\"https:\\\/\\\/instagram.com\\\/UnaYMilLetras\"]},{\"@type\":\"Person\",\"@id\":\"http:\\\/\\\/unaymilletras.com\\\/#\\\/schema\\\/person\\\/d55ba681b8a4e463d8982dbe36a5dc94\",\"name\":\"Maria Gil Robledo\",\"image\":{\"@type\":\"ImageObject\",\"inLanguage\":\"en-GB\",\"@id\":\"https:\\\/\\\/secure.gravatar.com\\\/avatar\\\/4b8e5102e0015789407eb4870b12f0f2857952d83ca124058f92b764bd1840c3?s=96&d=mm&r=g\",\"url\":\"https:\\\/\\\/secure.gravatar.com\\\/avatar\\\/4b8e5102e0015789407eb4870b12f0f2857952d83ca124058f92b764bd1840c3?s=96&d=mm&r=g\",\"contentUrl\":\"https:\\\/\\\/secure.gravatar.com\\\/avatar\\\/4b8e5102e0015789407eb4870b12f0f2857952d83ca124058f92b764bd1840c3?s=96&d=mm&r=g\",\"caption\":\"Maria Gil Robledo\"},\"sameAs\":[\"http:\\\/\\\/unaymilletras.com\"],\"url\":\"https:\\\/\\\/unaymilletras.com\\\/en\\\/author\\\/mariiagiil02_\\\/\"}]}<\/script>\n<!-- \/ Yoast SEO plugin. -->","yoast_head_json":{"title":"Bejo debuta en el s\u00e9ptimo arte con El Interiorista","description":"El artista canario Bejo rompe los l\u00edmites entre cine y m\u00fasica con una obra surrealista que redefine el concepto de \u00e1lbum visual","robots":{"index":"index","follow":"follow","max-snippet":"max-snippet:-1","max-image-preview":"max-image-preview:large","max-video-preview":"max-video-preview:-1"},"canonical":"https:\/\/unaymilletras.com\/en\/bejo-debuta-en-el-septimo-arte-con-el-interiorista\/","og_locale":"en_GB","og_type":"article","og_title":"Bejo debuta en el s\u00e9ptimo arte con El Interiorista","og_description":"El artista canario Bejo rompe los l\u00edmites entre cine y m\u00fasica con una obra surrealista que redefine el concepto de \u00e1lbum visual","og_url":"https:\/\/unaymilletras.com\/en\/bejo-debuta-en-el-septimo-arte-con-el-interiorista\/","og_site_name":"Una y Mil Letras","article_published_time":"2025-11-13T17:55:37+00:00","article_modified_time":"2025-11-13T17:57:26+00:00","og_image":[{"width":600,"height":750,"url":"http:\/\/unaymilletras.com\/wp-content\/uploads\/2025\/11\/2-recortada-1-e1763056360744.jpg","type":"image\/jpeg"}],"author":"Maria Gil Robledo","twitter_card":"summary_large_image","twitter_creator":"@UnaYMilLetras","twitter_site":"@UnaYMilLetras","twitter_misc":{"Written by":"Maria Gil Robledo","Estimated reading time":"3 minutes"},"schema":{"@context":"https:\/\/schema.org","@graph":[{"@type":"Article","@id":"https:\/\/unaymilletras.com\/bejo-debuta-en-el-septimo-arte-con-el-interiorista\/#article","isPartOf":{"@id":"https:\/\/unaymilletras.com\/bejo-debuta-en-el-septimo-arte-con-el-interiorista\/"},"author":{"name":"Maria Gil Robledo","@id":"http:\/\/unaymilletras.com\/#\/schema\/person\/d55ba681b8a4e463d8982dbe36a5dc94"},"headline":"Bejo debuta en el s\u00e9ptimo arte con El Interiorista","datePublished":"2025-11-13T17:55:37+00:00","dateModified":"2025-11-13T17:57:26+00:00","mainEntityOfPage":{"@id":"https:\/\/unaymilletras.com\/bejo-debuta-en-el-septimo-arte-con-el-interiorista\/"},"wordCount":483,"publisher":{"@id":"http:\/\/unaymilletras.com\/#organization"},"image":{"@id":"https:\/\/unaymilletras.com\/bejo-debuta-en-el-septimo-arte-con-el-interiorista\/#primaryimage"},"thumbnailUrl":"https:\/\/unaymilletras.com\/wp-content\/uploads\/2025\/11\/2-recortada-1-e1763056360744.jpg","articleSection":["Uncategorized"],"inLanguage":"en-GB"},{"@type":"WebPage","@id":"https:\/\/unaymilletras.com\/bejo-debuta-en-el-septimo-arte-con-el-interiorista\/","url":"https:\/\/unaymilletras.com\/bejo-debuta-en-el-septimo-arte-con-el-interiorista\/","name":"Bejo debuta en el s\u00e9ptimo arte con El Interiorista","isPartOf":{"@id":"http:\/\/unaymilletras.com\/#website"},"primaryImageOfPage":{"@id":"https:\/\/unaymilletras.com\/bejo-debuta-en-el-septimo-arte-con-el-interiorista\/#primaryimage"},"image":{"@id":"https:\/\/unaymilletras.com\/bejo-debuta-en-el-septimo-arte-con-el-interiorista\/#primaryimage"},"thumbnailUrl":"https:\/\/unaymilletras.com\/wp-content\/uploads\/2025\/11\/2-recortada-1-e1763056360744.jpg","datePublished":"2025-11-13T17:55:37+00:00","dateModified":"2025-11-13T17:57:26+00:00","description":"El artista canario Bejo rompe los l\u00edmites entre cine y m\u00fasica con una obra surrealista que redefine el concepto de \u00e1lbum visual","breadcrumb":{"@id":"https:\/\/unaymilletras.com\/bejo-debuta-en-el-septimo-arte-con-el-interiorista\/#breadcrumb"},"inLanguage":"en-GB","potentialAction":[{"@type":"ReadAction","target":["https:\/\/unaymilletras.com\/bejo-debuta-en-el-septimo-arte-con-el-interiorista\/"]}]},{"@type":"ImageObject","inLanguage":"en-GB","@id":"https:\/\/unaymilletras.com\/bejo-debuta-en-el-septimo-arte-con-el-interiorista\/#primaryimage","url":"https:\/\/unaymilletras.com\/wp-content\/uploads\/2025\/11\/2-recortada-1-e1763056360744.jpg","contentUrl":"https:\/\/unaymilletras.com\/wp-content\/uploads\/2025\/11\/2-recortada-1-e1763056360744.jpg","width":600,"height":750,"caption":"Bejo"},{"@type":"BreadcrumbList","@id":"https:\/\/unaymilletras.com\/bejo-debuta-en-el-septimo-arte-con-el-interiorista\/#breadcrumb","itemListElement":[{"@type":"ListItem","position":1,"name":"Home","item":"http:\/\/unaymilletras.com\/"},{"@type":"ListItem","position":2,"name":"Bejo debuta en el s\u00e9ptimo arte con El Interiorista"}]},{"@type":"WebSite","@id":"http:\/\/unaymilletras.com\/#website","url":"http:\/\/unaymilletras.com\/","name":"Una y Mil Letras","description":"","publisher":{"@id":"http:\/\/unaymilletras.com\/#organization"},"potentialAction":[{"@type":"SearchAction","target":{"@type":"EntryPoint","urlTemplate":"http:\/\/unaymilletras.com\/?s={search_term_string}"},"query-input":{"@type":"PropertyValueSpecification","valueRequired":true,"valueName":"search_term_string"}}],"inLanguage":"en-GB"},{"@type":"Organization","@id":"http:\/\/unaymilletras.com\/#organization","name":"Una y Mil Letras","url":"http:\/\/unaymilletras.com\/","logo":{"@type":"ImageObject","inLanguage":"en-GB","@id":"http:\/\/unaymilletras.com\/#\/schema\/logo\/image\/","url":"https:\/\/unaymilletras.com\/wp-content\/uploads\/2024\/06\/cropped-Logo-removebg-preview.png","contentUrl":"https:\/\/unaymilletras.com\/wp-content\/uploads\/2024\/06\/cropped-Logo-removebg-preview.png","width":512,"height":512,"caption":"Una y Mil Letras"},"image":{"@id":"http:\/\/unaymilletras.com\/#\/schema\/logo\/image\/"},"sameAs":["https:\/\/x.com\/UnaYMilLetras","https:\/\/instagram.com\/UnaYMilLetras"]},{"@type":"Person","@id":"http:\/\/unaymilletras.com\/#\/schema\/person\/d55ba681b8a4e463d8982dbe36a5dc94","name":"Maria Gil Robledo","image":{"@type":"ImageObject","inLanguage":"en-GB","@id":"https:\/\/secure.gravatar.com\/avatar\/4b8e5102e0015789407eb4870b12f0f2857952d83ca124058f92b764bd1840c3?s=96&d=mm&r=g","url":"https:\/\/secure.gravatar.com\/avatar\/4b8e5102e0015789407eb4870b12f0f2857952d83ca124058f92b764bd1840c3?s=96&d=mm&r=g","contentUrl":"https:\/\/secure.gravatar.com\/avatar\/4b8e5102e0015789407eb4870b12f0f2857952d83ca124058f92b764bd1840c3?s=96&d=mm&r=g","caption":"Maria Gil Robledo"},"sameAs":["http:\/\/unaymilletras.com"],"url":"https:\/\/unaymilletras.com\/en\/author\/mariiagiil02_\/"}]}},"_links":{"self":[{"href":"https:\/\/unaymilletras.com\/en\/wp-json\/wp\/v2\/posts\/6314","targetHints":{"allow":["GET"]}}],"collection":[{"href":"https:\/\/unaymilletras.com\/en\/wp-json\/wp\/v2\/posts"}],"about":[{"href":"https:\/\/unaymilletras.com\/en\/wp-json\/wp\/v2\/types\/post"}],"author":[{"embeddable":true,"href":"https:\/\/unaymilletras.com\/en\/wp-json\/wp\/v2\/users\/1"}],"replies":[{"embeddable":true,"href":"https:\/\/unaymilletras.com\/en\/wp-json\/wp\/v2\/comments?post=6314"}],"version-history":[{"count":7,"href":"https:\/\/unaymilletras.com\/en\/wp-json\/wp\/v2\/posts\/6314\/revisions"}],"predecessor-version":[{"id":6322,"href":"https:\/\/unaymilletras.com\/en\/wp-json\/wp\/v2\/posts\/6314\/revisions\/6322"}],"wp:featuredmedia":[{"embeddable":true,"href":"https:\/\/unaymilletras.com\/en\/wp-json\/wp\/v2\/media\/6316"}],"wp:attachment":[{"href":"https:\/\/unaymilletras.com\/en\/wp-json\/wp\/v2\/media?parent=6314"}],"wp:term":[{"taxonomy":"category","embeddable":true,"href":"https:\/\/unaymilletras.com\/en\/wp-json\/wp\/v2\/categories?post=6314"},{"taxonomy":"post_tag","embeddable":true,"href":"https:\/\/unaymilletras.com\/en\/wp-json\/wp\/v2\/tags?post=6314"}],"curies":[{"name":"wp","href":"https:\/\/api.w.org\/{rel}","templated":true}]}}