{"id":6325,"date":"2025-11-14T12:00:00","date_gmt":"2025-11-14T11:00:00","guid":{"rendered":"https:\/\/unaymilletras.com\/?p=6325"},"modified":"2025-11-13T22:21:42","modified_gmt":"2025-11-13T21:21:42","slug":"danny-ocean-agota-las-entradas-en-horas-para-su-show-en-madrid","status":"publish","type":"post","link":"https:\/\/unaymilletras.com\/en\/danny-ocean-agota-las-entradas-en-horas-para-su-show-en-madrid\/","title":{"rendered":"Danny Ocean agota las entradas en horas para su show en Madrid"},"content":{"rendered":"<div data-elementor-type=\"wp-post\" data-elementor-id=\"6325\" class=\"elementor elementor-6325\">\n\t\t\t\t\t\t<section class=\"elementor-section elementor-top-section elementor-element elementor-element-d1c49d6 elementor-section-boxed elementor-section-height-default elementor-section-height-default\" data-id=\"d1c49d6\" data-element_type=\"section\" data-e-type=\"section\">\n\t\t\t\t\t\t<div class=\"elementor-container elementor-column-gap-default\">\n\t\t\t\t\t<div class=\"elementor-column elementor-col-100 elementor-top-column elementor-element elementor-element-b762948\" data-id=\"b762948\" data-element_type=\"column\" data-e-type=\"column\">\n\t\t\t<div class=\"elementor-widget-wrap elementor-element-populated\">\n\t\t\t\t\t\t<div class=\"elementor-element elementor-element-4dfe7b1 elementor-widget elementor-widget-text-editor\" data-id=\"4dfe7b1\" data-element_type=\"widget\" data-e-type=\"widget\" data-widget_type=\"text-editor.default\">\n\t\t\t\t<div class=\"elementor-widget-container\">\n\t\t\t\t\t\t\t\t\t<h2 style=\"text-align: center;\"><span style=\"color: #808080;\"><em>El artista venezolano Danny Ocean anuncia una segunda fecha en el Movistar Arena tras lograr un nuevo \u201csold out\u201d<\/em><\/span><\/h2>\t\t\t\t\t\t\t\t<\/div>\n\t\t\t\t<\/div>\n\t\t\t\t\t<\/div>\n\t\t<\/div>\n\t\t\t\t\t<\/div>\n\t\t<\/section>\n\t\t\t\t<section class=\"elementor-section elementor-top-section elementor-element elementor-element-8748901 elementor-section-boxed elementor-section-height-default elementor-section-height-default\" data-id=\"8748901\" data-element_type=\"section\" data-e-type=\"section\">\n\t\t\t\t\t\t<div class=\"elementor-container elementor-column-gap-default\">\n\t\t\t\t\t<div class=\"elementor-column elementor-col-100 elementor-top-column elementor-element elementor-element-2251b5b\" data-id=\"2251b5b\" data-element_type=\"column\" data-e-type=\"column\">\n\t\t\t<div class=\"elementor-widget-wrap elementor-element-populated\">\n\t\t\t\t\t\t<div class=\"elementor-element elementor-element-3b42778 elementor-widget elementor-widget-text-editor\" data-id=\"3b42778\" data-element_type=\"widget\" data-e-type=\"widget\" data-widget_type=\"text-editor.default\">\n\t\t\t\t<div class=\"elementor-widget-container\">\n\t\t\t\t\t\t\t\t\t<p data-start=\"348\" data-end=\"730\">Danny Ocean contin\u00faa demostrando por qu\u00e9 es uno de los artistas latinos m\u00e1s influyentes del momento. En tan solo tres horas, el cantante agot\u00f3 todas las entradas para su concierto en el <strong data-start=\"593\" data-end=\"621\">Movistar Arena de Madrid. <\/strong><span data-start=\"593\" data-end=\"621\">U<\/span>n logro que confirma su arrollador \u00e9xito internacional y la fuerte conexi\u00f3n que mantiene con su p\u00fablico.<\/p>\n<p data-start=\"732\" data-end=\"1065\">La respuesta del p\u00fablico madrile\u00f1o ha sido tan abrumadora que el equipo del artista ha confirmado una <strong data-start=\"834\" data-end=\"851\">segunda fecha.<\/strong>&nbsp;Se celebrar\u00e1 el <strong data-start=\"873\" data-end=\"889\">4 de febrero<\/strong>, tambi\u00e9n en el Movistar Arena. Las entradas para esta nueva cita ya est\u00e1n disponibles a trav\u00e9s de <strong data-start=\"988\" data-end=\"1004\">Ticketmaster<\/strong>, y todo apunta a que volver\u00e1n a agotarse en tiempo r\u00e9cord.<\/p>\t\t\t\t\t\t\t\t<\/div>\n\t\t\t\t<\/div>\n\t\t\t\t\t<\/div>\n\t\t<\/div>\n\t\t\t\t\t<\/div>\n\t\t<\/section>\n\t\t\t\t<section class=\"elementor-section elementor-top-section elementor-element elementor-element-d4891ca elementor-section-boxed elementor-section-height-default elementor-section-height-default\" data-id=\"d4891ca\" data-element_type=\"section\" data-e-type=\"section\">\n\t\t\t\t\t\t<div class=\"elementor-container elementor-column-gap-default\">\n\t\t\t\t\t<div class=\"elementor-column elementor-col-66 elementor-top-column elementor-element elementor-element-9a61d11\" data-id=\"9a61d11\" data-element_type=\"column\" data-e-type=\"column\">\n\t\t\t<div class=\"elementor-widget-wrap elementor-element-populated\">\n\t\t\t\t\t\t<div class=\"elementor-element elementor-element-6a7cc8e elementor-widget elementor-widget-text-editor\" data-id=\"6a7cc8e\" data-element_type=\"widget\" data-e-type=\"widget\" data-widget_type=\"text-editor.default\">\n\t\t\t\t<div class=\"elementor-widget-container\">\n\t\t\t\t\t\t\t\t\t<p data-start=\"1067\" data-end=\"1404\">Este nuevo hito llega despu\u00e9s de una exitosa gira por Latinoam\u00e9rica, donde Danny Ocean colg\u00f3 el cartel de \u201csold out\u201d en numerosas ciudades con su tour <strong data-start=\"1218\" data-end=\"1234\">Babylon Club<\/strong>. Su capacidad para traspasar fronteras culturales y emocionales ha consolidado su posici\u00f3n como una de las voces m\u00e1s representativas de la m\u00fasica latina contempor\u00e1nea.<\/p>\n<p data-start=\"1406\" data-end=\"1774\">Con un estilo que fusiona el pop, el reguet\u00f3n y los ritmos electr\u00f3nicos, Danny Ocean ha sabido construir un sonido propio y reconocible. Esto le ha llevado a conquistar audiencias globales. Su m\u00fasica, marcada por letras honestas y una energ\u00eda vibrante, ha resonado especialmente entre las nuevas generaciones, convirti\u00e9ndolo en un referente del panorama internacional.<\/p>\t\t\t\t\t\t\t\t<\/div>\n\t\t\t\t<\/div>\n\t\t\t\t\t<\/div>\n\t\t<\/div>\n\t\t\t\t<div class=\"elementor-column elementor-col-33 elementor-top-column elementor-element elementor-element-06a3f0a\" data-id=\"06a3f0a\" data-element_type=\"column\" data-e-type=\"column\">\n\t\t\t<div class=\"elementor-widget-wrap elementor-element-populated\">\n\t\t\t\t\t\t<div class=\"elementor-element elementor-element-6425a69 elementor-widget elementor-widget-image\" data-id=\"6425a69\" data-element_type=\"widget\" data-e-type=\"widget\" data-widget_type=\"image.default\">\n\t\t\t\t<div class=\"elementor-widget-container\">\n\t\t\t\t\t\t\t\t\t\t\t\t\t\t\t<img fetchpriority=\"high\" decoding=\"async\" width=\"640\" height=\"960\" src=\"https:\/\/unaymilletras.com\/wp-content\/uploads\/2025\/11\/IMG_1108-683x1024.jpg\" class=\"attachment-large size-large wp-image-6327\" alt=\"Danny Ocean\" srcset=\"https:\/\/unaymilletras.com\/wp-content\/uploads\/2025\/11\/IMG_1108-683x1024.jpg 683w, https:\/\/unaymilletras.com\/wp-content\/uploads\/2025\/11\/IMG_1108-200x300.jpg 200w, https:\/\/unaymilletras.com\/wp-content\/uploads\/2025\/11\/IMG_1108-768x1152.jpg 768w, https:\/\/unaymilletras.com\/wp-content\/uploads\/2025\/11\/IMG_1108-1024x1536.jpg 1024w, https:\/\/unaymilletras.com\/wp-content\/uploads\/2025\/11\/IMG_1108-8x12.jpg 8w, https:\/\/unaymilletras.com\/wp-content\/uploads\/2025\/11\/IMG_1108-e1763068727127.jpg 600w\" sizes=\"(max-width: 640px) 100vw, 640px\" \/>\t\t\t\t\t\t\t\t\t\t\t\t\t\t\t<\/div>\n\t\t\t\t<\/div>\n\t\t\t\t\t<\/div>\n\t\t<\/div>\n\t\t\t\t\t<\/div>\n\t\t<\/section>\n\t\t\t\t<section class=\"elementor-section elementor-top-section elementor-element elementor-element-f7f7cc9 elementor-section-boxed elementor-section-height-default elementor-section-height-default\" data-id=\"f7f7cc9\" data-element_type=\"section\" data-e-type=\"section\">\n\t\t\t\t\t\t<div class=\"elementor-container elementor-column-gap-default\">\n\t\t\t\t\t<div class=\"elementor-column elementor-col-100 elementor-top-column elementor-element elementor-element-96e3907\" data-id=\"96e3907\" data-element_type=\"column\" data-e-type=\"column\">\n\t\t\t<div class=\"elementor-widget-wrap elementor-element-populated\">\n\t\t\t\t\t\t<div class=\"elementor-element elementor-element-6d1e048 elementor-widget elementor-widget-text-editor\" data-id=\"6d1e048\" data-element_type=\"widget\" data-e-type=\"widget\" data-widget_type=\"text-editor.default\">\n\t\t\t\t<div class=\"elementor-widget-container\">\n\t\t\t\t\t\t\t\t\t<p data-start=\"1776\" data-end=\"2131\">Temas como <em data-start=\"1787\" data-end=\"1798\">Me Reh\u00faso<\/em>, <em data-start=\"1800\" data-end=\"1808\">Dembow<\/em>, <em data-start=\"1810\" data-end=\"1829\">Fuera del Mercado<\/em> o <em data-start=\"1832\" data-end=\"1840\">Volare<\/em> se han convertido en himnos que acumulan cientos de millones de reproducciones en plataformas digitales y que suenan en escenarios de todo el mundo. En directo, el artista combina su carisma con una propuesta visual cuidada y un repertorio que invita a cantar y bailar de principio a fin.<\/p>\n<p data-start=\"2133\" data-end=\"2374\">La nueva fecha en Madrid marca el inicio de una etapa europea muy esperada por sus seguidores. Se espera que pr\u00f3ximamente Danny Ocean anuncie <strong data-start=\"2275\" data-end=\"2303\">m\u00e1s conciertos en Europa<\/strong>, dentro de una gira que promete ser una de las m\u00e1s potentes de 2026.<\/p>\n<p data-start=\"2376\" data-end=\"2588\">Con este nuevo \u201csold out\u201d, el artista reafirma su lugar como una de las grandes figuras del pop latino actual y anticipa una gira que promete emociones a flor de piel, ritmo y una conexi\u00f3n \u00fanica con el p\u00fablico.<\/p>\t\t\t\t\t\t\t\t<\/div>\n\t\t\t\t<\/div>\n\t\t\t\t\t<\/div>\n\t\t<\/div>\n\t\t\t\t\t<\/div>\n\t\t<\/section>\n\t\t\t\t<\/div>","protected":false},"excerpt":{"rendered":"<p>El artista venezolano Danny Ocean anuncia una segunda fecha en el Movistar Arena tras lograr un nuevo \u201csold out\u201d Danny Ocean contin\u00faa demostrando por qu\u00e9 es uno de los artistas latinos m\u00e1s influyentes del momento. En tan solo tres horas, el cantante agot\u00f3 todas las entradas para su concierto en el Movistar Arena de Madrid. [&hellip;]<\/p>\n","protected":false},"author":6,"featured_media":6327,"comment_status":"closed","ping_status":"closed","sticky":false,"template":"","format":"standard","meta":{"footnotes":""},"categories":[1],"tags":[],"class_list":["post-6325","post","type-post","status-publish","format-standard","has-post-thumbnail","hentry","category-uncategorized"],"yoast_head":"<!-- This site is optimized with the Yoast SEO plugin v27.4 - https:\/\/yoast.com\/product\/yoast-seo-wordpress\/ -->\n<title>Danny Ocean agota las entradas en horas para su show en Madrid<\/title>\n<meta name=\"description\" content=\"El artista venezolano Danny Ocean anuncia una segunda fecha en el Movistar Arena tras lograr un nuevo \u201csold out\u201d\" \/>\n<meta name=\"robots\" content=\"index, follow, max-snippet:-1, max-image-preview:large, max-video-preview:-1\" \/>\n<link rel=\"canonical\" href=\"https:\/\/unaymilletras.com\/en\/danny-ocean-agota-las-entradas-en-horas-para-su-show-en-madrid\/\" \/>\n<meta property=\"og:locale\" content=\"en_GB\" \/>\n<meta property=\"og:type\" content=\"article\" \/>\n<meta property=\"og:title\" content=\"Danny Ocean agota las entradas en horas para su show en Madrid\" \/>\n<meta property=\"og:description\" content=\"El artista venezolano Danny Ocean anuncia una segunda fecha en el Movistar Arena tras lograr un nuevo \u201csold out\u201d\" \/>\n<meta property=\"og:url\" content=\"https:\/\/unaymilletras.com\/en\/danny-ocean-agota-las-entradas-en-horas-para-su-show-en-madrid\/\" \/>\n<meta property=\"og:site_name\" content=\"Una y Mil Letras\" \/>\n<meta property=\"article:published_time\" content=\"2025-11-14T11:00:00+00:00\" \/>\n<meta property=\"og:image\" content=\"https:\/\/unaymilletras.com\/wp-content\/uploads\/2025\/11\/IMG_1108-e1763068727127.jpg\" \/>\n\t<meta property=\"og:image:width\" content=\"600\" \/>\n\t<meta property=\"og:image:height\" content=\"900\" \/>\n\t<meta property=\"og:image:type\" content=\"image\/jpeg\" \/>\n<meta name=\"author\" content=\"Redacci\u00f3n\" \/>\n<meta name=\"twitter:card\" content=\"summary_large_image\" \/>\n<meta name=\"twitter:creator\" content=\"@UnaYMilLetras\" \/>\n<meta name=\"twitter:site\" content=\"@UnaYMilLetras\" \/>\n<meta name=\"twitter:label1\" content=\"Written by\" \/>\n\t<meta name=\"twitter:data1\" content=\"Redacci\u00f3n\" \/>\n\t<meta name=\"twitter:label2\" content=\"Estimated reading time\" \/>\n\t<meta name=\"twitter:data2\" content=\"3 minutes\" \/>\n<script type=\"application\/ld+json\" class=\"yoast-schema-graph\">{\"@context\":\"https:\\\/\\\/schema.org\",\"@graph\":[{\"@type\":\"Article\",\"@id\":\"https:\\\/\\\/unaymilletras.com\\\/danny-ocean-agota-las-entradas-en-horas-para-su-show-en-madrid\\\/#article\",\"isPartOf\":{\"@id\":\"https:\\\/\\\/unaymilletras.com\\\/danny-ocean-agota-las-entradas-en-horas-para-su-show-en-madrid\\\/\"},\"author\":{\"name\":\"Redacci\u00f3n\",\"@id\":\"http:\\\/\\\/unaymilletras.com\\\/#\\\/schema\\\/person\\\/0860dc8a218329991ee2c7591f4f849d\"},\"headline\":\"Danny Ocean agota las entradas en horas para su show en Madrid\",\"datePublished\":\"2025-11-14T11:00:00+00:00\",\"mainEntityOfPage\":{\"@id\":\"https:\\\/\\\/unaymilletras.com\\\/danny-ocean-agota-las-entradas-en-horas-para-su-show-en-madrid\\\/\"},\"wordCount\":412,\"publisher\":{\"@id\":\"http:\\\/\\\/unaymilletras.com\\\/#organization\"},\"image\":{\"@id\":\"https:\\\/\\\/unaymilletras.com\\\/danny-ocean-agota-las-entradas-en-horas-para-su-show-en-madrid\\\/#primaryimage\"},\"thumbnailUrl\":\"https:\\\/\\\/unaymilletras.com\\\/wp-content\\\/uploads\\\/2025\\\/11\\\/IMG_1108-e1763068727127.jpg\",\"articleSection\":[\"Uncategorized\"],\"inLanguage\":\"en-GB\"},{\"@type\":\"WebPage\",\"@id\":\"https:\\\/\\\/unaymilletras.com\\\/danny-ocean-agota-las-entradas-en-horas-para-su-show-en-madrid\\\/\",\"url\":\"https:\\\/\\\/unaymilletras.com\\\/danny-ocean-agota-las-entradas-en-horas-para-su-show-en-madrid\\\/\",\"name\":\"Danny Ocean agota las entradas en horas para su show en Madrid\",\"isPartOf\":{\"@id\":\"http:\\\/\\\/unaymilletras.com\\\/#website\"},\"primaryImageOfPage\":{\"@id\":\"https:\\\/\\\/unaymilletras.com\\\/danny-ocean-agota-las-entradas-en-horas-para-su-show-en-madrid\\\/#primaryimage\"},\"image\":{\"@id\":\"https:\\\/\\\/unaymilletras.com\\\/danny-ocean-agota-las-entradas-en-horas-para-su-show-en-madrid\\\/#primaryimage\"},\"thumbnailUrl\":\"https:\\\/\\\/unaymilletras.com\\\/wp-content\\\/uploads\\\/2025\\\/11\\\/IMG_1108-e1763068727127.jpg\",\"datePublished\":\"2025-11-14T11:00:00+00:00\",\"description\":\"El artista venezolano Danny Ocean anuncia una segunda fecha en el Movistar Arena tras lograr un nuevo \u201csold out\u201d\",\"breadcrumb\":{\"@id\":\"https:\\\/\\\/unaymilletras.com\\\/danny-ocean-agota-las-entradas-en-horas-para-su-show-en-madrid\\\/#breadcrumb\"},\"inLanguage\":\"en-GB\",\"potentialAction\":[{\"@type\":\"ReadAction\",\"target\":[\"https:\\\/\\\/unaymilletras.com\\\/danny-ocean-agota-las-entradas-en-horas-para-su-show-en-madrid\\\/\"]}]},{\"@type\":\"ImageObject\",\"inLanguage\":\"en-GB\",\"@id\":\"https:\\\/\\\/unaymilletras.com\\\/danny-ocean-agota-las-entradas-en-horas-para-su-show-en-madrid\\\/#primaryimage\",\"url\":\"https:\\\/\\\/unaymilletras.com\\\/wp-content\\\/uploads\\\/2025\\\/11\\\/IMG_1108-e1763068727127.jpg\",\"contentUrl\":\"https:\\\/\\\/unaymilletras.com\\\/wp-content\\\/uploads\\\/2025\\\/11\\\/IMG_1108-e1763068727127.jpg\",\"width\":600,\"height\":900,\"caption\":\"Danny Ocean\"},{\"@type\":\"BreadcrumbList\",\"@id\":\"https:\\\/\\\/unaymilletras.com\\\/danny-ocean-agota-las-entradas-en-horas-para-su-show-en-madrid\\\/#breadcrumb\",\"itemListElement\":[{\"@type\":\"ListItem\",\"position\":1,\"name\":\"Home\",\"item\":\"http:\\\/\\\/unaymilletras.com\\\/\"},{\"@type\":\"ListItem\",\"position\":2,\"name\":\"Danny Ocean agota las entradas en horas para su show en Madrid\"}]},{\"@type\":\"WebSite\",\"@id\":\"http:\\\/\\\/unaymilletras.com\\\/#website\",\"url\":\"http:\\\/\\\/unaymilletras.com\\\/\",\"name\":\"Una y Mil Letras\",\"description\":\"\",\"publisher\":{\"@id\":\"http:\\\/\\\/unaymilletras.com\\\/#organization\"},\"potentialAction\":[{\"@type\":\"SearchAction\",\"target\":{\"@type\":\"EntryPoint\",\"urlTemplate\":\"http:\\\/\\\/unaymilletras.com\\\/?s={search_term_string}\"},\"query-input\":{\"@type\":\"PropertyValueSpecification\",\"valueRequired\":true,\"valueName\":\"search_term_string\"}}],\"inLanguage\":\"en-GB\"},{\"@type\":\"Organization\",\"@id\":\"http:\\\/\\\/unaymilletras.com\\\/#organization\",\"name\":\"Una y Mil Letras\",\"url\":\"http:\\\/\\\/unaymilletras.com\\\/\",\"logo\":{\"@type\":\"ImageObject\",\"inLanguage\":\"en-GB\",\"@id\":\"http:\\\/\\\/unaymilletras.com\\\/#\\\/schema\\\/logo\\\/image\\\/\",\"url\":\"https:\\\/\\\/unaymilletras.com\\\/wp-content\\\/uploads\\\/2024\\\/06\\\/cropped-Logo-removebg-preview.png\",\"contentUrl\":\"https:\\\/\\\/unaymilletras.com\\\/wp-content\\\/uploads\\\/2024\\\/06\\\/cropped-Logo-removebg-preview.png\",\"width\":512,\"height\":512,\"caption\":\"Una y Mil Letras\"},\"image\":{\"@id\":\"http:\\\/\\\/unaymilletras.com\\\/#\\\/schema\\\/logo\\\/image\\\/\"},\"sameAs\":[\"https:\\\/\\\/x.com\\\/UnaYMilLetras\",\"https:\\\/\\\/instagram.com\\\/UnaYMilLetras\"]},{\"@type\":\"Person\",\"@id\":\"http:\\\/\\\/unaymilletras.com\\\/#\\\/schema\\\/person\\\/0860dc8a218329991ee2c7591f4f849d\",\"name\":\"Redacci\u00f3n\",\"image\":{\"@type\":\"ImageObject\",\"inLanguage\":\"en-GB\",\"@id\":\"https:\\\/\\\/secure.gravatar.com\\\/avatar\\\/d8f55e05a8b6597e45c55a1dcbdbfe44f4a360d88b48e00de5216a79b7732796?s=96&d=mm&r=g\",\"url\":\"https:\\\/\\\/secure.gravatar.com\\\/avatar\\\/d8f55e05a8b6597e45c55a1dcbdbfe44f4a360d88b48e00de5216a79b7732796?s=96&d=mm&r=g\",\"contentUrl\":\"https:\\\/\\\/secure.gravatar.com\\\/avatar\\\/d8f55e05a8b6597e45c55a1dcbdbfe44f4a360d88b48e00de5216a79b7732796?s=96&d=mm&r=g\",\"caption\":\"Redacci\u00f3n\"},\"url\":\"https:\\\/\\\/unaymilletras.com\\\/en\\\/author\\\/redaccion\\\/\"}]}<\/script>\n<!-- \/ Yoast SEO plugin. -->","yoast_head_json":{"title":"Danny Ocean agota las entradas en horas para su show en Madrid","description":"El artista venezolano Danny Ocean anuncia una segunda fecha en el Movistar Arena tras lograr un nuevo \u201csold out\u201d","robots":{"index":"index","follow":"follow","max-snippet":"max-snippet:-1","max-image-preview":"max-image-preview:large","max-video-preview":"max-video-preview:-1"},"canonical":"https:\/\/unaymilletras.com\/en\/danny-ocean-agota-las-entradas-en-horas-para-su-show-en-madrid\/","og_locale":"en_GB","og_type":"article","og_title":"Danny Ocean agota las entradas en horas para su show en Madrid","og_description":"El artista venezolano Danny Ocean anuncia una segunda fecha en el Movistar Arena tras lograr un nuevo \u201csold out\u201d","og_url":"https:\/\/unaymilletras.com\/en\/danny-ocean-agota-las-entradas-en-horas-para-su-show-en-madrid\/","og_site_name":"Una y Mil Letras","article_published_time":"2025-11-14T11:00:00+00:00","og_image":[{"width":600,"height":900,"url":"https:\/\/unaymilletras.com\/wp-content\/uploads\/2025\/11\/IMG_1108-e1763068727127.jpg","type":"image\/jpeg"}],"author":"Redacci\u00f3n","twitter_card":"summary_large_image","twitter_creator":"@UnaYMilLetras","twitter_site":"@UnaYMilLetras","twitter_misc":{"Written by":"Redacci\u00f3n","Estimated reading time":"3 minutes"},"schema":{"@context":"https:\/\/schema.org","@graph":[{"@type":"Article","@id":"https:\/\/unaymilletras.com\/danny-ocean-agota-las-entradas-en-horas-para-su-show-en-madrid\/#article","isPartOf":{"@id":"https:\/\/unaymilletras.com\/danny-ocean-agota-las-entradas-en-horas-para-su-show-en-madrid\/"},"author":{"name":"Redacci\u00f3n","@id":"http:\/\/unaymilletras.com\/#\/schema\/person\/0860dc8a218329991ee2c7591f4f849d"},"headline":"Danny Ocean agota las entradas en horas para su show en Madrid","datePublished":"2025-11-14T11:00:00+00:00","mainEntityOfPage":{"@id":"https:\/\/unaymilletras.com\/danny-ocean-agota-las-entradas-en-horas-para-su-show-en-madrid\/"},"wordCount":412,"publisher":{"@id":"http:\/\/unaymilletras.com\/#organization"},"image":{"@id":"https:\/\/unaymilletras.com\/danny-ocean-agota-las-entradas-en-horas-para-su-show-en-madrid\/#primaryimage"},"thumbnailUrl":"https:\/\/unaymilletras.com\/wp-content\/uploads\/2025\/11\/IMG_1108-e1763068727127.jpg","articleSection":["Uncategorized"],"inLanguage":"en-GB"},{"@type":"WebPage","@id":"https:\/\/unaymilletras.com\/danny-ocean-agota-las-entradas-en-horas-para-su-show-en-madrid\/","url":"https:\/\/unaymilletras.com\/danny-ocean-agota-las-entradas-en-horas-para-su-show-en-madrid\/","name":"Danny Ocean agota las entradas en horas para su show en Madrid","isPartOf":{"@id":"http:\/\/unaymilletras.com\/#website"},"primaryImageOfPage":{"@id":"https:\/\/unaymilletras.com\/danny-ocean-agota-las-entradas-en-horas-para-su-show-en-madrid\/#primaryimage"},"image":{"@id":"https:\/\/unaymilletras.com\/danny-ocean-agota-las-entradas-en-horas-para-su-show-en-madrid\/#primaryimage"},"thumbnailUrl":"https:\/\/unaymilletras.com\/wp-content\/uploads\/2025\/11\/IMG_1108-e1763068727127.jpg","datePublished":"2025-11-14T11:00:00+00:00","description":"El artista venezolano Danny Ocean anuncia una segunda fecha en el Movistar Arena tras lograr un nuevo \u201csold out\u201d","breadcrumb":{"@id":"https:\/\/unaymilletras.com\/danny-ocean-agota-las-entradas-en-horas-para-su-show-en-madrid\/#breadcrumb"},"inLanguage":"en-GB","potentialAction":[{"@type":"ReadAction","target":["https:\/\/unaymilletras.com\/danny-ocean-agota-las-entradas-en-horas-para-su-show-en-madrid\/"]}]},{"@type":"ImageObject","inLanguage":"en-GB","@id":"https:\/\/unaymilletras.com\/danny-ocean-agota-las-entradas-en-horas-para-su-show-en-madrid\/#primaryimage","url":"https:\/\/unaymilletras.com\/wp-content\/uploads\/2025\/11\/IMG_1108-e1763068727127.jpg","contentUrl":"https:\/\/unaymilletras.com\/wp-content\/uploads\/2025\/11\/IMG_1108-e1763068727127.jpg","width":600,"height":900,"caption":"Danny Ocean"},{"@type":"BreadcrumbList","@id":"https:\/\/unaymilletras.com\/danny-ocean-agota-las-entradas-en-horas-para-su-show-en-madrid\/#breadcrumb","itemListElement":[{"@type":"ListItem","position":1,"name":"Home","item":"http:\/\/unaymilletras.com\/"},{"@type":"ListItem","position":2,"name":"Danny Ocean agota las entradas en horas para su show en Madrid"}]},{"@type":"WebSite","@id":"http:\/\/unaymilletras.com\/#website","url":"http:\/\/unaymilletras.com\/","name":"Una y Mil Letras","description":"","publisher":{"@id":"http:\/\/unaymilletras.com\/#organization"},"potentialAction":[{"@type":"SearchAction","target":{"@type":"EntryPoint","urlTemplate":"http:\/\/unaymilletras.com\/?s={search_term_string}"},"query-input":{"@type":"PropertyValueSpecification","valueRequired":true,"valueName":"search_term_string"}}],"inLanguage":"en-GB"},{"@type":"Organization","@id":"http:\/\/unaymilletras.com\/#organization","name":"Una y Mil Letras","url":"http:\/\/unaymilletras.com\/","logo":{"@type":"ImageObject","inLanguage":"en-GB","@id":"http:\/\/unaymilletras.com\/#\/schema\/logo\/image\/","url":"https:\/\/unaymilletras.com\/wp-content\/uploads\/2024\/06\/cropped-Logo-removebg-preview.png","contentUrl":"https:\/\/unaymilletras.com\/wp-content\/uploads\/2024\/06\/cropped-Logo-removebg-preview.png","width":512,"height":512,"caption":"Una y Mil Letras"},"image":{"@id":"http:\/\/unaymilletras.com\/#\/schema\/logo\/image\/"},"sameAs":["https:\/\/x.com\/UnaYMilLetras","https:\/\/instagram.com\/UnaYMilLetras"]},{"@type":"Person","@id":"http:\/\/unaymilletras.com\/#\/schema\/person\/0860dc8a218329991ee2c7591f4f849d","name":"Redacci\u00f3n","image":{"@type":"ImageObject","inLanguage":"en-GB","@id":"https:\/\/secure.gravatar.com\/avatar\/d8f55e05a8b6597e45c55a1dcbdbfe44f4a360d88b48e00de5216a79b7732796?s=96&d=mm&r=g","url":"https:\/\/secure.gravatar.com\/avatar\/d8f55e05a8b6597e45c55a1dcbdbfe44f4a360d88b48e00de5216a79b7732796?s=96&d=mm&r=g","contentUrl":"https:\/\/secure.gravatar.com\/avatar\/d8f55e05a8b6597e45c55a1dcbdbfe44f4a360d88b48e00de5216a79b7732796?s=96&d=mm&r=g","caption":"Redacci\u00f3n"},"url":"https:\/\/unaymilletras.com\/en\/author\/redaccion\/"}]}},"_links":{"self":[{"href":"https:\/\/unaymilletras.com\/en\/wp-json\/wp\/v2\/posts\/6325","targetHints":{"allow":["GET"]}}],"collection":[{"href":"https:\/\/unaymilletras.com\/en\/wp-json\/wp\/v2\/posts"}],"about":[{"href":"https:\/\/unaymilletras.com\/en\/wp-json\/wp\/v2\/types\/post"}],"author":[{"embeddable":true,"href":"https:\/\/unaymilletras.com\/en\/wp-json\/wp\/v2\/users\/6"}],"replies":[{"embeddable":true,"href":"https:\/\/unaymilletras.com\/en\/wp-json\/wp\/v2\/comments?post=6325"}],"version-history":[{"count":4,"href":"https:\/\/unaymilletras.com\/en\/wp-json\/wp\/v2\/posts\/6325\/revisions"}],"predecessor-version":[{"id":6330,"href":"https:\/\/unaymilletras.com\/en\/wp-json\/wp\/v2\/posts\/6325\/revisions\/6330"}],"wp:featuredmedia":[{"embeddable":true,"href":"https:\/\/unaymilletras.com\/en\/wp-json\/wp\/v2\/media\/6327"}],"wp:attachment":[{"href":"https:\/\/unaymilletras.com\/en\/wp-json\/wp\/v2\/media?parent=6325"}],"wp:term":[{"taxonomy":"category","embeddable":true,"href":"https:\/\/unaymilletras.com\/en\/wp-json\/wp\/v2\/categories?post=6325"},{"taxonomy":"post_tag","embeddable":true,"href":"https:\/\/unaymilletras.com\/en\/wp-json\/wp\/v2\/tags?post=6325"}],"curies":[{"name":"wp","href":"https:\/\/api.w.org\/{rel}","templated":true}]}}