{"id":6350,"date":"2025-11-15T12:00:00","date_gmt":"2025-11-15T11:00:00","guid":{"rendered":"https:\/\/unaymilletras.com\/?p=6350"},"modified":"2025-11-14T19:22:26","modified_gmt":"2025-11-14T18:22:26","slug":"mau-y-ricky-anuncian-tres-fechas-para-presentar-su-nuevo-album","status":"publish","type":"post","link":"https:\/\/unaymilletras.com\/en\/mau-y-ricky-anuncian-tres-fechas-para-presentar-su-nuevo-album\/","title":{"rendered":"Mau y Ricky anuncian tres fechas para presentar su nuevo album"},"content":{"rendered":"<div data-elementor-type=\"wp-post\" data-elementor-id=\"6350\" class=\"elementor elementor-6350\">\n\t\t\t\t\t\t<section class=\"elementor-section elementor-top-section elementor-element elementor-element-d9af617 elementor-section-boxed elementor-section-height-default elementor-section-height-default\" data-id=\"d9af617\" data-element_type=\"section\" data-e-type=\"section\">\n\t\t\t\t\t\t<div class=\"elementor-container elementor-column-gap-default\">\n\t\t\t\t\t<div class=\"elementor-column elementor-col-100 elementor-top-column elementor-element elementor-element-38c263a\" data-id=\"38c263a\" data-element_type=\"column\" data-e-type=\"column\">\n\t\t\t<div class=\"elementor-widget-wrap elementor-element-populated\">\n\t\t\t\t\t\t<div class=\"elementor-element elementor-element-ec93c33 elementor-widget elementor-widget-text-editor\" data-id=\"ec93c33\" data-element_type=\"widget\" data-e-type=\"widget\" data-widget_type=\"text-editor.default\">\n\t\t\t\t<div class=\"elementor-widget-container\">\n\t\t\t\t\t\t\t\t\t<h2><span style=\"color: #808080\"><strong>El d\u00fao venezolano Mau y Ricky adelantar\u00e1 en directo canciones de su pr\u00f3ximo disco en varias ciudades&nbsp;<\/strong><\/span><\/h2>\t\t\t\t\t\t\t\t<\/div>\n\t\t\t\t<\/div>\n\t\t\t\t<div class=\"elementor-element elementor-element-3704e7b elementor-widget elementor-widget-text-editor\" data-id=\"3704e7b\" data-element_type=\"widget\" data-e-type=\"widget\" data-widget_type=\"text-editor.default\">\n\t\t\t\t<div class=\"elementor-widget-container\">\n\t\t\t\t\t\t\t\t\t<p>Mau y Ricky confirman\u00a0<strong>tres fechas en Espa\u00f1a<\/strong>\u00a0para presentar en exclusiva las canciones de su pr\u00f3ximo \u00e1lbum, un trabajo que a\u00fan no tiene nombre. La gira, planteada en un formato \u00edntimo, comenzar\u00e1 el\u00a0<strong>5 de marzo en la Sala Bikini de Barcelona<\/strong>, seguir\u00e1 el\u00a0<strong>7 de marzo en la Sala Peter Rock de Valencia<\/strong>\u00a0y concluir\u00e1 el\u00a0<strong>8 de marzo en la Sala BUT de Madrid.<\/strong><\/p><p>Los hermanos Montaner ofrecer\u00e1n un\u00a0<strong>adelanto en directo<\/strong>\u00a0de su nueva etapa musical antes del lanzamiento oficial del disco. Ser\u00e1 una oportunidad para escuchar el\u00a0<strong>nuevo material<\/strong>\u00a0en un entorno cercano y limitado. Las entradas est\u00e1n disponibles\u00a0<a href=\"https:\/\/www.ticketmaster.es\/artist\/mau-y-ricky-entradas\/1004966\">aqu\u00ed<\/a>.\u00a0<\/p>\t\t\t\t\t\t\t\t<\/div>\n\t\t\t\t<\/div>\n\t\t\t\t<div class=\"elementor-element elementor-element-2286271 elementor-widget elementor-widget-image\" data-id=\"2286271\" data-element_type=\"widget\" data-e-type=\"widget\" data-widget_type=\"image.default\">\n\t\t\t\t<div class=\"elementor-widget-container\">\n\t\t\t\t\t\t\t\t\t\t\t\t\t\t\t<img fetchpriority=\"high\" decoding=\"async\" width=\"640\" height=\"800\" src=\"https:\/\/unaymilletras.com\/wp-content\/uploads\/2025\/11\/fhvA3OJL_SR-819x1024.jpg\" class=\"attachment-large size-large wp-image-6371\" alt=\"Mau y Ricky\" srcset=\"https:\/\/unaymilletras.com\/wp-content\/uploads\/2025\/11\/fhvA3OJL_SR-819x1024.jpg 819w, https:\/\/unaymilletras.com\/wp-content\/uploads\/2025\/11\/fhvA3OJL_SR-240x300.jpg 240w, https:\/\/unaymilletras.com\/wp-content\/uploads\/2025\/11\/fhvA3OJL_SR-768x960.jpg 768w, https:\/\/unaymilletras.com\/wp-content\/uploads\/2025\/11\/fhvA3OJL_SR-1229x1536.jpg 1229w, https:\/\/unaymilletras.com\/wp-content\/uploads\/2025\/11\/fhvA3OJL_SR-1638x2048.jpg 1638w, https:\/\/unaymilletras.com\/wp-content\/uploads\/2025\/11\/fhvA3OJL_SR-10x12.jpg 10w, https:\/\/unaymilletras.com\/wp-content\/uploads\/2025\/11\/fhvA3OJL_SR-1024x1280.jpg 1024w, https:\/\/unaymilletras.com\/wp-content\/uploads\/2025\/11\/fhvA3OJL_SR-e1763144472682.jpg 600w\" sizes=\"(max-width: 640px) 100vw, 640px\" \/>\t\t\t\t\t\t\t\t\t\t\t\t\t\t\t<\/div>\n\t\t\t\t<\/div>\n\t\t\t\t<div class=\"elementor-element elementor-element-2385c44 elementor-widget elementor-widget-text-editor\" data-id=\"2385c44\" data-element_type=\"widget\" data-e-type=\"widget\" data-widget_type=\"text-editor.default\">\n\t\t\t\t<div class=\"elementor-widget-container\">\n\t\t\t\t\t\t\t\t\t<p style=\"text-align: justify;\">El d\u00fao venezolano, reconocido por su conexi\u00f3n creativa y su impacto en la m\u00fasica latina, acumula <strong>miles de millones de reproducciones,<\/strong> certificaciones de diamante y giras con entradas agotadas. <strong>Como compositores<\/strong>, han participado en \u00e9xitos globales como <em>Vente Pa\u2019 Ca<\/em> y <em>Sin Pijama <\/em>y colaboraciones como<a href=\"https:\/\/unaymilletras.com\/en\/mau-y-ricky-ft-jay-wheeler-un-junte-que-no-es-normal\/\"><em> Un junte que \u00abno es normal\u00bb.<\/em><\/a> Su <strong>\u00faltimo \u00e1lbum,<\/strong> <em>Hotel Caracas<\/em> (2024), les vali\u00f3 <strong>tres nominaciones a los Latin GRAMMYs<\/strong> y el reconocimiento de <strong>Billboard<\/strong> y <strong>Rolling Stone<\/strong> entre los mejores discos del a\u00f1o.<\/p><p>Adem\u00e1s de presentar nuevas canciones, los artistas destacan que estos conciertos buscan recuperar y fortalecer la <strong>cercan\u00eda con su p\u00fablico<\/strong>, factor esencial en su carrera.<\/p><p>Para ellos, compartir <strong>procesos creativos<\/strong> y momentos de transici\u00f3n musical en directo fortalece el v\u00ednculo con <strong>quienes los han acompa\u00f1ado<\/strong> desde sus inicios.<\/p><p>Esta breve gira por Espa\u00f1a servir\u00e1 tambi\u00e9n como herramienta para medir la recepci\u00f3n de su pr\u00f3ximo proyecto y cerrar detalles antes de su lanzamiento, consolidando as\u00ed una <strong>relaci\u00f3n m\u00e1s directa y participativa con sus fans<\/strong>.<\/p>\t\t\t\t\t\t\t\t<\/div>\n\t\t\t\t<\/div>\n\t\t\t\t<div class=\"elementor-element elementor-element-b4f6a9f elementor-widget elementor-widget-video\" data-id=\"b4f6a9f\" data-element_type=\"widget\" data-e-type=\"widget\" data-settings=\"{&quot;youtube_url&quot;:&quot;https:\\\/\\\/youtu.be\\\/YzcSQaZFO5U?si=FgFme-AOlhJ4VLOQ&quot;,&quot;video_type&quot;:&quot;youtube&quot;,&quot;controls&quot;:&quot;yes&quot;}\" data-widget_type=\"video.default\">\n\t\t\t\t<div class=\"elementor-widget-container\">\n\t\t\t\t\t\t\t<div class=\"elementor-wrapper elementor-open-inline\">\n\t\t\t<div class=\"elementor-video\"><\/div>\t\t<\/div>\n\t\t\t\t\t\t<\/div>\n\t\t\t\t<\/div>\n\t\t\t\t\t<\/div>\n\t\t<\/div>\n\t\t\t\t\t<\/div>\n\t\t<\/section>\n\t\t\t\t<\/div>","protected":false},"excerpt":{"rendered":"<p>El d\u00fao venezolano Mau y Ricky adelantar\u00e1 en directo canciones de su pr\u00f3ximo disco en varias ciudades&nbsp; Mau y Ricky confirman\u00a0tres fechas en Espa\u00f1a\u00a0para presentar en exclusiva las canciones de su pr\u00f3ximo \u00e1lbum, un trabajo que a\u00fan no tiene nombre. La gira, planteada en un formato \u00edntimo, comenzar\u00e1 el\u00a05 de marzo en la Sala Bikini [&hellip;]<\/p>\n","protected":false},"author":8,"featured_media":6371,"comment_status":"closed","ping_status":"closed","sticky":false,"template":"","format":"standard","meta":{"footnotes":""},"categories":[4],"tags":[262,263,169],"class_list":["post-6350","post","type-post","status-publish","format-standard","has-post-thumbnail","hentry","category-musica","tag-mau-y-ricky","tag-montaner","tag-musica"],"yoast_head":"<!-- This site is optimized with the Yoast SEO plugin v27.4 - https:\/\/yoast.com\/product\/yoast-seo-wordpress\/ -->\n<title>Mau y Ricky anuncian tres fechas para presentar su nuevo album &#8902; Una y Mil Letras<\/title>\n<meta name=\"description\" content=\"El d\u00fao venezolano Mau y Ricky adelantar\u00e1 en directo canciones de su pr\u00f3ximo disco en varias ciudades de Espa\u00f1a\" \/>\n<meta name=\"robots\" content=\"index, follow, max-snippet:-1, max-image-preview:large, max-video-preview:-1\" \/>\n<link rel=\"canonical\" href=\"https:\/\/unaymilletras.com\/en\/mau-y-ricky-anuncian-tres-fechas-para-presentar-su-nuevo-album\/\" \/>\n<meta property=\"og:locale\" content=\"en_GB\" \/>\n<meta property=\"og:type\" content=\"article\" \/>\n<meta property=\"og:title\" content=\"Mau y Ricky anuncian tres fechas para presentar su nuevo album &#8902; Una y Mil Letras\" \/>\n<meta property=\"og:description\" content=\"El d\u00fao venezolano Mau y Ricky adelantar\u00e1 en directo canciones de su pr\u00f3ximo disco en varias ciudades de Espa\u00f1a\" \/>\n<meta property=\"og:url\" content=\"https:\/\/unaymilletras.com\/en\/mau-y-ricky-anuncian-tres-fechas-para-presentar-su-nuevo-album\/\" \/>\n<meta property=\"og:site_name\" content=\"Una y Mil Letras\" \/>\n<meta property=\"article:published_time\" content=\"2025-11-15T11:00:00+00:00\" \/>\n<meta property=\"og:image\" content=\"https:\/\/unaymilletras.com\/wp-content\/uploads\/2025\/11\/fhvA3OJL_SR-e1763144472682.jpg\" \/>\n\t<meta property=\"og:image:width\" content=\"600\" \/>\n\t<meta property=\"og:image:height\" content=\"750\" \/>\n\t<meta property=\"og:image:type\" content=\"image\/jpeg\" \/>\n<meta name=\"author\" content=\"Alvany Pereira\" \/>\n<meta name=\"twitter:card\" content=\"summary_large_image\" \/>\n<meta name=\"twitter:creator\" content=\"@UnaYMilLetras\" \/>\n<meta name=\"twitter:site\" content=\"@UnaYMilLetras\" \/>\n<meta name=\"twitter:label1\" content=\"Written by\" \/>\n\t<meta name=\"twitter:data1\" content=\"Alvany Pereira\" \/>\n\t<meta name=\"twitter:label2\" content=\"Estimated reading time\" \/>\n\t<meta name=\"twitter:data2\" content=\"2 minutes\" \/>\n<script type=\"application\/ld+json\" class=\"yoast-schema-graph\">{\"@context\":\"https:\\\/\\\/schema.org\",\"@graph\":[{\"@type\":\"Article\",\"@id\":\"https:\\\/\\\/unaymilletras.com\\\/mau-y-ricky-anuncian-tres-fechas-para-presentar-su-nuevo-album\\\/#article\",\"isPartOf\":{\"@id\":\"https:\\\/\\\/unaymilletras.com\\\/mau-y-ricky-anuncian-tres-fechas-para-presentar-su-nuevo-album\\\/\"},\"author\":{\"name\":\"Alvany Pereira\",\"@id\":\"http:\\\/\\\/unaymilletras.com\\\/#\\\/schema\\\/person\\\/f9792b0b93704f9d3f6cef46c2048d7d\"},\"headline\":\"Mau y Ricky anuncian tres fechas para presentar su nuevo album\",\"datePublished\":\"2025-11-15T11:00:00+00:00\",\"mainEntityOfPage\":{\"@id\":\"https:\\\/\\\/unaymilletras.com\\\/mau-y-ricky-anuncian-tres-fechas-para-presentar-su-nuevo-album\\\/\"},\"wordCount\":324,\"publisher\":{\"@id\":\"http:\\\/\\\/unaymilletras.com\\\/#organization\"},\"image\":{\"@id\":\"https:\\\/\\\/unaymilletras.com\\\/mau-y-ricky-anuncian-tres-fechas-para-presentar-su-nuevo-album\\\/#primaryimage\"},\"thumbnailUrl\":\"https:\\\/\\\/unaymilletras.com\\\/wp-content\\\/uploads\\\/2025\\\/11\\\/fhvA3OJL_SR-e1763144472682.jpg\",\"keywords\":[\"Mau y Ricky\",\"Montaner\",\"musica\"],\"articleSection\":[\"M\u00fasica\"],\"inLanguage\":\"en-GB\"},{\"@type\":\"WebPage\",\"@id\":\"https:\\\/\\\/unaymilletras.com\\\/mau-y-ricky-anuncian-tres-fechas-para-presentar-su-nuevo-album\\\/\",\"url\":\"https:\\\/\\\/unaymilletras.com\\\/mau-y-ricky-anuncian-tres-fechas-para-presentar-su-nuevo-album\\\/\",\"name\":\"Mau y Ricky anuncian tres fechas para presentar su nuevo album &#8902; Una y Mil Letras\",\"isPartOf\":{\"@id\":\"http:\\\/\\\/unaymilletras.com\\\/#website\"},\"primaryImageOfPage\":{\"@id\":\"https:\\\/\\\/unaymilletras.com\\\/mau-y-ricky-anuncian-tres-fechas-para-presentar-su-nuevo-album\\\/#primaryimage\"},\"image\":{\"@id\":\"https:\\\/\\\/unaymilletras.com\\\/mau-y-ricky-anuncian-tres-fechas-para-presentar-su-nuevo-album\\\/#primaryimage\"},\"thumbnailUrl\":\"https:\\\/\\\/unaymilletras.com\\\/wp-content\\\/uploads\\\/2025\\\/11\\\/fhvA3OJL_SR-e1763144472682.jpg\",\"datePublished\":\"2025-11-15T11:00:00+00:00\",\"description\":\"El d\u00fao venezolano Mau y Ricky adelantar\u00e1 en directo canciones de su pr\u00f3ximo disco en varias ciudades de Espa\u00f1a\",\"breadcrumb\":{\"@id\":\"https:\\\/\\\/unaymilletras.com\\\/mau-y-ricky-anuncian-tres-fechas-para-presentar-su-nuevo-album\\\/#breadcrumb\"},\"inLanguage\":\"en-GB\",\"potentialAction\":[{\"@type\":\"ReadAction\",\"target\":[\"https:\\\/\\\/unaymilletras.com\\\/mau-y-ricky-anuncian-tres-fechas-para-presentar-su-nuevo-album\\\/\"]}]},{\"@type\":\"ImageObject\",\"inLanguage\":\"en-GB\",\"@id\":\"https:\\\/\\\/unaymilletras.com\\\/mau-y-ricky-anuncian-tres-fechas-para-presentar-su-nuevo-album\\\/#primaryimage\",\"url\":\"https:\\\/\\\/unaymilletras.com\\\/wp-content\\\/uploads\\\/2025\\\/11\\\/fhvA3OJL_SR-e1763144472682.jpg\",\"contentUrl\":\"https:\\\/\\\/unaymilletras.com\\\/wp-content\\\/uploads\\\/2025\\\/11\\\/fhvA3OJL_SR-e1763144472682.jpg\",\"width\":600,\"height\":750,\"caption\":\"Mau y Ricky\"},{\"@type\":\"BreadcrumbList\",\"@id\":\"https:\\\/\\\/unaymilletras.com\\\/mau-y-ricky-anuncian-tres-fechas-para-presentar-su-nuevo-album\\\/#breadcrumb\",\"itemListElement\":[{\"@type\":\"ListItem\",\"position\":1,\"name\":\"Home\",\"item\":\"http:\\\/\\\/unaymilletras.com\\\/\"},{\"@type\":\"ListItem\",\"position\":2,\"name\":\"Mau y Ricky anuncian tres fechas para presentar su nuevo album\"}]},{\"@type\":\"WebSite\",\"@id\":\"http:\\\/\\\/unaymilletras.com\\\/#website\",\"url\":\"http:\\\/\\\/unaymilletras.com\\\/\",\"name\":\"Una y Mil Letras\",\"description\":\"\",\"publisher\":{\"@id\":\"http:\\\/\\\/unaymilletras.com\\\/#organization\"},\"potentialAction\":[{\"@type\":\"SearchAction\",\"target\":{\"@type\":\"EntryPoint\",\"urlTemplate\":\"http:\\\/\\\/unaymilletras.com\\\/?s={search_term_string}\"},\"query-input\":{\"@type\":\"PropertyValueSpecification\",\"valueRequired\":true,\"valueName\":\"search_term_string\"}}],\"inLanguage\":\"en-GB\"},{\"@type\":\"Organization\",\"@id\":\"http:\\\/\\\/unaymilletras.com\\\/#organization\",\"name\":\"Una y Mil Letras\",\"url\":\"http:\\\/\\\/unaymilletras.com\\\/\",\"logo\":{\"@type\":\"ImageObject\",\"inLanguage\":\"en-GB\",\"@id\":\"http:\\\/\\\/unaymilletras.com\\\/#\\\/schema\\\/logo\\\/image\\\/\",\"url\":\"https:\\\/\\\/unaymilletras.com\\\/wp-content\\\/uploads\\\/2024\\\/06\\\/cropped-Logo-removebg-preview.png\",\"contentUrl\":\"https:\\\/\\\/unaymilletras.com\\\/wp-content\\\/uploads\\\/2024\\\/06\\\/cropped-Logo-removebg-preview.png\",\"width\":512,\"height\":512,\"caption\":\"Una y Mil Letras\"},\"image\":{\"@id\":\"http:\\\/\\\/unaymilletras.com\\\/#\\\/schema\\\/logo\\\/image\\\/\"},\"sameAs\":[\"https:\\\/\\\/x.com\\\/UnaYMilLetras\",\"https:\\\/\\\/instagram.com\\\/UnaYMilLetras\"]},{\"@type\":\"Person\",\"@id\":\"http:\\\/\\\/unaymilletras.com\\\/#\\\/schema\\\/person\\\/f9792b0b93704f9d3f6cef46c2048d7d\",\"name\":\"Alvany Pereira\",\"image\":{\"@type\":\"ImageObject\",\"inLanguage\":\"en-GB\",\"@id\":\"https:\\\/\\\/secure.gravatar.com\\\/avatar\\\/1a5fbcc81714220624d70f391a6187cd1434ccfcb154238afd238d6b8bb7f593?s=96&d=mm&r=g\",\"url\":\"https:\\\/\\\/secure.gravatar.com\\\/avatar\\\/1a5fbcc81714220624d70f391a6187cd1434ccfcb154238afd238d6b8bb7f593?s=96&d=mm&r=g\",\"contentUrl\":\"https:\\\/\\\/secure.gravatar.com\\\/avatar\\\/1a5fbcc81714220624d70f391a6187cd1434ccfcb154238afd238d6b8bb7f593?s=96&d=mm&r=g\",\"caption\":\"Alvany Pereira\"},\"url\":\"https:\\\/\\\/unaymilletras.com\\\/en\\\/author\\\/alvanysophia\\\/\"}]}<\/script>\n<!-- \/ Yoast SEO plugin. -->","yoast_head_json":{"title":"Mau y Ricky anuncian tres fechas para presentar su nuevo album &#8902; Una y Mil Letras","description":"El d\u00fao venezolano Mau y Ricky adelantar\u00e1 en directo canciones de su pr\u00f3ximo disco en varias ciudades de Espa\u00f1a","robots":{"index":"index","follow":"follow","max-snippet":"max-snippet:-1","max-image-preview":"max-image-preview:large","max-video-preview":"max-video-preview:-1"},"canonical":"https:\/\/unaymilletras.com\/en\/mau-y-ricky-anuncian-tres-fechas-para-presentar-su-nuevo-album\/","og_locale":"en_GB","og_type":"article","og_title":"Mau y Ricky anuncian tres fechas para presentar su nuevo album &#8902; Una y Mil Letras","og_description":"El d\u00fao venezolano Mau y Ricky adelantar\u00e1 en directo canciones de su pr\u00f3ximo disco en varias ciudades de Espa\u00f1a","og_url":"https:\/\/unaymilletras.com\/en\/mau-y-ricky-anuncian-tres-fechas-para-presentar-su-nuevo-album\/","og_site_name":"Una y Mil Letras","article_published_time":"2025-11-15T11:00:00+00:00","og_image":[{"width":600,"height":750,"url":"https:\/\/unaymilletras.com\/wp-content\/uploads\/2025\/11\/fhvA3OJL_SR-e1763144472682.jpg","type":"image\/jpeg"}],"author":"Alvany Pereira","twitter_card":"summary_large_image","twitter_creator":"@UnaYMilLetras","twitter_site":"@UnaYMilLetras","twitter_misc":{"Written by":"Alvany Pereira","Estimated reading time":"2 minutes"},"schema":{"@context":"https:\/\/schema.org","@graph":[{"@type":"Article","@id":"https:\/\/unaymilletras.com\/mau-y-ricky-anuncian-tres-fechas-para-presentar-su-nuevo-album\/#article","isPartOf":{"@id":"https:\/\/unaymilletras.com\/mau-y-ricky-anuncian-tres-fechas-para-presentar-su-nuevo-album\/"},"author":{"name":"Alvany Pereira","@id":"http:\/\/unaymilletras.com\/#\/schema\/person\/f9792b0b93704f9d3f6cef46c2048d7d"},"headline":"Mau y Ricky anuncian tres fechas para presentar su nuevo album","datePublished":"2025-11-15T11:00:00+00:00","mainEntityOfPage":{"@id":"https:\/\/unaymilletras.com\/mau-y-ricky-anuncian-tres-fechas-para-presentar-su-nuevo-album\/"},"wordCount":324,"publisher":{"@id":"http:\/\/unaymilletras.com\/#organization"},"image":{"@id":"https:\/\/unaymilletras.com\/mau-y-ricky-anuncian-tres-fechas-para-presentar-su-nuevo-album\/#primaryimage"},"thumbnailUrl":"https:\/\/unaymilletras.com\/wp-content\/uploads\/2025\/11\/fhvA3OJL_SR-e1763144472682.jpg","keywords":["Mau y Ricky","Montaner","musica"],"articleSection":["M\u00fasica"],"inLanguage":"en-GB"},{"@type":"WebPage","@id":"https:\/\/unaymilletras.com\/mau-y-ricky-anuncian-tres-fechas-para-presentar-su-nuevo-album\/","url":"https:\/\/unaymilletras.com\/mau-y-ricky-anuncian-tres-fechas-para-presentar-su-nuevo-album\/","name":"Mau y Ricky anuncian tres fechas para presentar su nuevo album &#8902; Una y Mil Letras","isPartOf":{"@id":"http:\/\/unaymilletras.com\/#website"},"primaryImageOfPage":{"@id":"https:\/\/unaymilletras.com\/mau-y-ricky-anuncian-tres-fechas-para-presentar-su-nuevo-album\/#primaryimage"},"image":{"@id":"https:\/\/unaymilletras.com\/mau-y-ricky-anuncian-tres-fechas-para-presentar-su-nuevo-album\/#primaryimage"},"thumbnailUrl":"https:\/\/unaymilletras.com\/wp-content\/uploads\/2025\/11\/fhvA3OJL_SR-e1763144472682.jpg","datePublished":"2025-11-15T11:00:00+00:00","description":"El d\u00fao venezolano Mau y Ricky adelantar\u00e1 en directo canciones de su pr\u00f3ximo disco en varias ciudades de Espa\u00f1a","breadcrumb":{"@id":"https:\/\/unaymilletras.com\/mau-y-ricky-anuncian-tres-fechas-para-presentar-su-nuevo-album\/#breadcrumb"},"inLanguage":"en-GB","potentialAction":[{"@type":"ReadAction","target":["https:\/\/unaymilletras.com\/mau-y-ricky-anuncian-tres-fechas-para-presentar-su-nuevo-album\/"]}]},{"@type":"ImageObject","inLanguage":"en-GB","@id":"https:\/\/unaymilletras.com\/mau-y-ricky-anuncian-tres-fechas-para-presentar-su-nuevo-album\/#primaryimage","url":"https:\/\/unaymilletras.com\/wp-content\/uploads\/2025\/11\/fhvA3OJL_SR-e1763144472682.jpg","contentUrl":"https:\/\/unaymilletras.com\/wp-content\/uploads\/2025\/11\/fhvA3OJL_SR-e1763144472682.jpg","width":600,"height":750,"caption":"Mau y Ricky"},{"@type":"BreadcrumbList","@id":"https:\/\/unaymilletras.com\/mau-y-ricky-anuncian-tres-fechas-para-presentar-su-nuevo-album\/#breadcrumb","itemListElement":[{"@type":"ListItem","position":1,"name":"Home","item":"http:\/\/unaymilletras.com\/"},{"@type":"ListItem","position":2,"name":"Mau y Ricky anuncian tres fechas para presentar su nuevo album"}]},{"@type":"WebSite","@id":"http:\/\/unaymilletras.com\/#website","url":"http:\/\/unaymilletras.com\/","name":"Una y Mil Letras","description":"","publisher":{"@id":"http:\/\/unaymilletras.com\/#organization"},"potentialAction":[{"@type":"SearchAction","target":{"@type":"EntryPoint","urlTemplate":"http:\/\/unaymilletras.com\/?s={search_term_string}"},"query-input":{"@type":"PropertyValueSpecification","valueRequired":true,"valueName":"search_term_string"}}],"inLanguage":"en-GB"},{"@type":"Organization","@id":"http:\/\/unaymilletras.com\/#organization","name":"Una y Mil Letras","url":"http:\/\/unaymilletras.com\/","logo":{"@type":"ImageObject","inLanguage":"en-GB","@id":"http:\/\/unaymilletras.com\/#\/schema\/logo\/image\/","url":"https:\/\/unaymilletras.com\/wp-content\/uploads\/2024\/06\/cropped-Logo-removebg-preview.png","contentUrl":"https:\/\/unaymilletras.com\/wp-content\/uploads\/2024\/06\/cropped-Logo-removebg-preview.png","width":512,"height":512,"caption":"Una y Mil Letras"},"image":{"@id":"http:\/\/unaymilletras.com\/#\/schema\/logo\/image\/"},"sameAs":["https:\/\/x.com\/UnaYMilLetras","https:\/\/instagram.com\/UnaYMilLetras"]},{"@type":"Person","@id":"http:\/\/unaymilletras.com\/#\/schema\/person\/f9792b0b93704f9d3f6cef46c2048d7d","name":"Alvany Pereira","image":{"@type":"ImageObject","inLanguage":"en-GB","@id":"https:\/\/secure.gravatar.com\/avatar\/1a5fbcc81714220624d70f391a6187cd1434ccfcb154238afd238d6b8bb7f593?s=96&d=mm&r=g","url":"https:\/\/secure.gravatar.com\/avatar\/1a5fbcc81714220624d70f391a6187cd1434ccfcb154238afd238d6b8bb7f593?s=96&d=mm&r=g","contentUrl":"https:\/\/secure.gravatar.com\/avatar\/1a5fbcc81714220624d70f391a6187cd1434ccfcb154238afd238d6b8bb7f593?s=96&d=mm&r=g","caption":"Alvany Pereira"},"url":"https:\/\/unaymilletras.com\/en\/author\/alvanysophia\/"}]}},"_links":{"self":[{"href":"https:\/\/unaymilletras.com\/en\/wp-json\/wp\/v2\/posts\/6350","targetHints":{"allow":["GET"]}}],"collection":[{"href":"https:\/\/unaymilletras.com\/en\/wp-json\/wp\/v2\/posts"}],"about":[{"href":"https:\/\/unaymilletras.com\/en\/wp-json\/wp\/v2\/types\/post"}],"author":[{"embeddable":true,"href":"https:\/\/unaymilletras.com\/en\/wp-json\/wp\/v2\/users\/8"}],"replies":[{"embeddable":true,"href":"https:\/\/unaymilletras.com\/en\/wp-json\/wp\/v2\/comments?post=6350"}],"version-history":[{"count":26,"href":"https:\/\/unaymilletras.com\/en\/wp-json\/wp\/v2\/posts\/6350\/revisions"}],"predecessor-version":[{"id":6377,"href":"https:\/\/unaymilletras.com\/en\/wp-json\/wp\/v2\/posts\/6350\/revisions\/6377"}],"wp:featuredmedia":[{"embeddable":true,"href":"https:\/\/unaymilletras.com\/en\/wp-json\/wp\/v2\/media\/6371"}],"wp:attachment":[{"href":"https:\/\/unaymilletras.com\/en\/wp-json\/wp\/v2\/media?parent=6350"}],"wp:term":[{"taxonomy":"category","embeddable":true,"href":"https:\/\/unaymilletras.com\/en\/wp-json\/wp\/v2\/categories?post=6350"},{"taxonomy":"post_tag","embeddable":true,"href":"https:\/\/unaymilletras.com\/en\/wp-json\/wp\/v2\/tags?post=6350"}],"curies":[{"name":"wp","href":"https:\/\/api.w.org\/{rel}","templated":true}]}}