{"id":6398,"date":"2025-11-17T17:01:25","date_gmt":"2025-11-17T16:01:25","guid":{"rendered":"https:\/\/unaymilletras.com\/?p=6398"},"modified":"2025-11-17T17:02:03","modified_gmt":"2025-11-17T16:02:03","slug":"fito-fitipaldis-vuelven-a-rugir-con-el-monte-de-los-aullidos","status":"publish","type":"post","link":"https:\/\/unaymilletras.com\/en\/fito-fitipaldis-vuelven-a-rugir-con-el-monte-de-los-aullidos\/","title":{"rendered":"Fito &amp; Fitipaldis vuelven a rugir con \u00abEl monte de los aullidos\u00bb"},"content":{"rendered":"<div data-elementor-type=\"wp-post\" data-elementor-id=\"6398\" class=\"elementor elementor-6398\">\n\t\t\t\t\t\t<section class=\"elementor-section elementor-top-section elementor-element elementor-element-b62243a elementor-section-boxed elementor-section-height-default elementor-section-height-default\" data-id=\"b62243a\" data-element_type=\"section\" data-e-type=\"section\">\n\t\t\t\t\t\t<div class=\"elementor-container elementor-column-gap-default\">\n\t\t\t\t\t<div class=\"elementor-column elementor-col-100 elementor-top-column elementor-element elementor-element-b4fe6ab\" data-id=\"b4fe6ab\" data-element_type=\"column\" data-e-type=\"column\">\n\t\t\t<div class=\"elementor-widget-wrap elementor-element-populated\">\n\t\t\t\t\t\t<div class=\"elementor-element elementor-element-3f7e395 elementor-widget elementor-widget-heading\" data-id=\"3f7e395\" data-element_type=\"widget\" data-e-type=\"widget\" data-widget_type=\"heading.default\">\n\t\t\t\t<div class=\"elementor-widget-container\">\n\t\t\t\t\t<h2 class=\"elementor-heading-title elementor-size-default\">La banda bilba\u00edna vuelve a los escenarios para presentar su octavo \u00e1lbum de estudio<\/h2>\t\t\t\t<\/div>\n\t\t\t\t<\/div>\n\t\t\t\t\t<\/div>\n\t\t<\/div>\n\t\t\t\t\t<\/div>\n\t\t<\/section>\n\t\t\t\t<section class=\"elementor-section elementor-top-section elementor-element elementor-element-2ca75bf4 elementor-section-boxed elementor-section-height-default elementor-section-height-default\" data-id=\"2ca75bf4\" data-element_type=\"section\" data-e-type=\"section\">\n\t\t\t\t\t\t<div class=\"elementor-container elementor-column-gap-default\">\n\t\t\t\t\t<div class=\"elementor-column elementor-col-100 elementor-top-column elementor-element elementor-element-2ad59461\" data-id=\"2ad59461\" data-element_type=\"column\" data-e-type=\"column\">\n\t\t\t<div class=\"elementor-widget-wrap elementor-element-populated\">\n\t\t\t\t\t\t<div class=\"elementor-element elementor-element-de4c59b elementor-widget elementor-widget-text-editor\" data-id=\"de4c59b\" data-element_type=\"widget\" data-e-type=\"widget\" data-widget_type=\"text-editor.default\">\n\t\t\t\t<div class=\"elementor-widget-container\">\n\t\t\t\t\t\t\t\t\t\n<p>Llev\u00e1bamos m\u00e1s de dos a\u00f1os y medio sin ver a Fito &amp; Fitipaldis subidos a un escenario. Mucho tiempo para una banda que siempre ha tenido el directo como refugio. Y, esa espera va a llegar a su fin. El grupo vuelve a la carretera con \u00abAullidos Tour\u00bb, <strong>una gira que pasar\u00e1 por 28 ciudades<\/strong> y que ha agotado en la mayor\u00eda de las localidades, que se llenar\u00e1n de ese rock nost\u00e1lgico que tanto hemos echado de menos. <\/p>\n\n\n\n<p>La gira ser\u00e1 la presentaci\u00f3n de \u00ab<strong>El monte de los aullidos<\/strong>\u00ab, el octavo \u00e1lbum de estudio de la banda. Un trabajo de diez canciones en el que el rock que siempre ha definido a Fito &amp; Fitipaldis con un tono y una mirada mucho m\u00e1s emocional. Es un disco muy honesto, que se  convierte en un retrato del momento vital de Fito, donde se cuelan temas como la guerra, la identidad o la ansiedad, pero siempre a medio camino entre la tristeza y el consuelo. <\/p>\n\n\n\n<figure class=\"wp-block-embed is-type-rich is-provider-spotify wp-block-embed-spotify wp-embed-aspect-21-9 wp-has-aspect-ratio\"><div class=\"wp-block-embed__wrapper\">\n<iframe title=\"Spotify Embed: El monte de los aullidos\" style=\"border-radius: 12px\" width=\"100%\" height=\"352\" frameborder=\"0\" allowfullscreen allow=\"autoplay; clipboard-write; encrypted-media; fullscreen; picture-in-picture\" loading=\"lazy\" src=\"https:\/\/open.spotify.com\/embed\/album\/6V4kLiUC505wnvGWqfnys1?si=Y2jluH7GRkmjL-73YfKiKA&utm_source=oembed\"><\/iframe>\n<\/div><\/figure>\n\n\n\n<h3 class=\"wp-block-heading\">\u00abAullidos Tour\u00bb, la gira de presentaci\u00f3n del \u00e1lbum<\/h3>\n\n\n\n<p>Ahora, con el \u00e1lbum en manos de sus seguidores, llega el momento de sacar esas canciones del estudio y verlas cobrar vida en el escenario. <strong>Desde Santander a Fuengirola, pasando por A Coru\u00f1a, Bilbao, Barcelona o Sevilla<\/strong>, sus canciones volver\u00e1n a brillar: de cl\u00e1sicos como \u00ab<strong>Por la boca vive el pez<\/strong>\u00bb hasta canciones reci\u00e9n salidas del horno como \u00ab<strong>A contraluz<\/strong>\u00bb o \u00ab<strong>Los cuervos se lo pasan bien<\/strong>\u00ab. Ser\u00e1 un recorrido completo por la carrera de la banda, y el p\u00fablico ya est\u00e1 listo para cantar y emocionarse como en los viejos tiempos.<\/p>\n\n\n\n<figure class=\"wp-block-image size-large\"><img fetchpriority=\"high\" decoding=\"async\" width=\"819\" height=\"1024\" src=\"https:\/\/unaymilletras.com\/wp-content\/uploads\/2025\/11\/image-819x1024.png\" alt=\"\" class=\"wp-image-6399\" srcset=\"https:\/\/unaymilletras.com\/wp-content\/uploads\/2025\/11\/image-819x1024.png 819w, https:\/\/unaymilletras.com\/wp-content\/uploads\/2025\/11\/image-240x300.png 240w, https:\/\/unaymilletras.com\/wp-content\/uploads\/2025\/11\/image-768x960.png 768w, https:\/\/unaymilletras.com\/wp-content\/uploads\/2025\/11\/image-10x12.png 10w, https:\/\/unaymilletras.com\/wp-content\/uploads\/2025\/11\/image-1024x1280.png 1024w, https:\/\/unaymilletras.com\/wp-content\/uploads\/2025\/11\/image.png 1188w\" sizes=\"(max-width: 819px) 100vw, 819px\" \/><figcaption class=\"wp-element-caption\">Fuente: Live Nation Espa\u00f1a<\/figcaption><\/figure>\n\n\n\n<p>Las entradas para el \u00abAullidos Tour\u00bb se encuentran disponibles en <a href=\"https:\/\/www.livenation.es\/fito-and-fitipaldis-tickets-adp1037415\">Live Nation<\/a>, <a href=\"https:\/\/www.fitoyfitipaldis.com\/\">la web oficial de la banda<\/a> y <a href=\"https:\/\/www.google.com\/aclk?sa=L&amp;ai=DChsSEwiY99mhw_mQAxUROwYAHcU1JqcYACICCAEQABoCd3M&amp;ae=2&amp;co=1&amp;ase=2&amp;gclid=Cj0KCQiArOvIBhDLARIsAPwJXOYQB1QvY0qV9pdRHmz1ggvSBetdy_LV7R28G6ZrRG64cI0KIK-uNtYaApM2EALw_wcB&amp;cce=2&amp;category=acrcp_v1_71&amp;sig=AOD64_0cxk60NSeCYxnZUo-ZAOYhNAF1yA&amp;q&amp;nis=4&amp;adurl&amp;ved=2ahUKEwj6uNGhw_mQAxUQSPEDHQUVEpAQ0Qx6BAgKEAE\">Ticketmaster<\/a>. Cada parada de la gira ser\u00e1 un reencuentro con la m\u00fasica que ha acompa\u00f1ado a muchos durante a\u00f1os. Y, la vuelta de la magia del directo de uno de los grupos m\u00e1s queridos de la escena musical espa\u00f1ola. \u00a1No te quedes sin la tuya!<\/p>\n\t\t\t\t\t\t\t\t<\/div>\n\t\t\t\t<\/div>\n\t\t\t\t\t<\/div>\n\t\t<\/div>\n\t\t\t\t\t<\/div>\n\t\t<\/section>\n\t\t\t\t<\/div>","protected":false},"excerpt":{"rendered":"<p>La banda bilba\u00edna vuelve a los escenarios para presentar su octavo \u00e1lbum de estudio Llev\u00e1bamos m\u00e1s de dos a\u00f1os y medio sin ver a Fito &amp; Fitipaldis subidos a un escenario. Mucho tiempo para una banda que siempre ha tenido el directo como refugio. Y, esa espera va a llegar a su fin. El grupo [&hellip;]<\/p>\n","protected":false},"author":5,"featured_media":6404,"comment_status":"closed","ping_status":"closed","sticky":false,"template":"","format":"standard","meta":{"footnotes":""},"categories":[4],"tags":[],"class_list":["post-6398","post","type-post","status-publish","format-standard","has-post-thumbnail","hentry","category-musica"],"yoast_head":"<!-- This site is optimized with the Yoast SEO plugin v27.4 - https:\/\/yoast.com\/product\/yoast-seo-wordpress\/ -->\n<title>Fito &amp; Fitipaldis vuelven a rugir con &quot;El monte de los aullidos&quot; &#8902; Una y Mil Letras<\/title>\n<meta name=\"description\" content=\"&quot;Aullidos Tour&quot; es su vuelta a los escenarios de 28 ciudades espa\u00f1olas\" \/>\n<meta name=\"robots\" content=\"index, follow, max-snippet:-1, max-image-preview:large, max-video-preview:-1\" \/>\n<link rel=\"canonical\" href=\"https:\/\/unaymilletras.com\/en\/fito-fitipaldis-vuelven-a-rugir-con-el-monte-de-los-aullidos\/\" \/>\n<meta property=\"og:locale\" content=\"en_GB\" \/>\n<meta property=\"og:type\" content=\"article\" \/>\n<meta property=\"og:title\" content=\"Fito &amp; Fitipaldis vuelven a rugir con &quot;El monte de los aullidos&quot; &#8902; Una y Mil Letras\" \/>\n<meta property=\"og:description\" content=\"&quot;Aullidos Tour&quot; es su vuelta a los escenarios de 28 ciudades espa\u00f1olas\" \/>\n<meta property=\"og:url\" content=\"https:\/\/unaymilletras.com\/en\/fito-fitipaldis-vuelven-a-rugir-con-el-monte-de-los-aullidos\/\" \/>\n<meta property=\"og:site_name\" content=\"Una y Mil Letras\" \/>\n<meta property=\"article:published_time\" content=\"2025-11-17T16:01:25+00:00\" \/>\n<meta property=\"article:modified_time\" content=\"2025-11-17T16:02:03+00:00\" \/>\n<meta property=\"og:image\" content=\"http:\/\/unaymilletras.com\/wp-content\/uploads\/2025\/11\/fito26.jpeg\" \/>\n\t<meta property=\"og:image:width\" content=\"1200\" \/>\n\t<meta property=\"og:image:height\" content=\"800\" \/>\n\t<meta property=\"og:image:type\" content=\"image\/jpeg\" \/>\n<meta name=\"author\" content=\"Luc\u00eda Fandi\u00f1o\" \/>\n<meta name=\"twitter:card\" content=\"summary_large_image\" \/>\n<meta name=\"twitter:creator\" content=\"@UnaYMilLetras\" \/>\n<meta name=\"twitter:site\" content=\"@UnaYMilLetras\" \/>\n<meta name=\"twitter:label1\" content=\"Written by\" \/>\n\t<meta name=\"twitter:data1\" content=\"Luc\u00eda Fandi\u00f1o\" \/>\n\t<meta name=\"twitter:label2\" content=\"Estimated reading time\" \/>\n\t<meta name=\"twitter:data2\" content=\"1 minute\" \/>\n<script type=\"application\/ld+json\" class=\"yoast-schema-graph\">{\"@context\":\"https:\\\/\\\/schema.org\",\"@graph\":[{\"@type\":\"Article\",\"@id\":\"https:\\\/\\\/unaymilletras.com\\\/fito-fitipaldis-vuelven-a-rugir-con-el-monte-de-los-aullidos\\\/#article\",\"isPartOf\":{\"@id\":\"https:\\\/\\\/unaymilletras.com\\\/fito-fitipaldis-vuelven-a-rugir-con-el-monte-de-los-aullidos\\\/\"},\"author\":{\"name\":\"Luc\u00eda Fandi\u00f1o\",\"@id\":\"http:\\\/\\\/unaymilletras.com\\\/#\\\/schema\\\/person\\\/047a24f09ead3f0ba2387e5df86d9336\"},\"headline\":\"Fito &amp; Fitipaldis vuelven a rugir con \u00abEl monte de los aullidos\u00bb\",\"datePublished\":\"2025-11-17T16:01:25+00:00\",\"dateModified\":\"2025-11-17T16:02:03+00:00\",\"mainEntityOfPage\":{\"@id\":\"https:\\\/\\\/unaymilletras.com\\\/fito-fitipaldis-vuelven-a-rugir-con-el-monte-de-los-aullidos\\\/\"},\"wordCount\":391,\"publisher\":{\"@id\":\"http:\\\/\\\/unaymilletras.com\\\/#organization\"},\"image\":{\"@id\":\"https:\\\/\\\/unaymilletras.com\\\/fito-fitipaldis-vuelven-a-rugir-con-el-monte-de-los-aullidos\\\/#primaryimage\"},\"thumbnailUrl\":\"https:\\\/\\\/unaymilletras.com\\\/wp-content\\\/uploads\\\/2025\\\/11\\\/fito26.jpeg\",\"articleSection\":[\"M\u00fasica\"],\"inLanguage\":\"en-GB\"},{\"@type\":\"WebPage\",\"@id\":\"https:\\\/\\\/unaymilletras.com\\\/fito-fitipaldis-vuelven-a-rugir-con-el-monte-de-los-aullidos\\\/\",\"url\":\"https:\\\/\\\/unaymilletras.com\\\/fito-fitipaldis-vuelven-a-rugir-con-el-monte-de-los-aullidos\\\/\",\"name\":\"Fito &amp; Fitipaldis vuelven a rugir con \\\"El monte de los aullidos\\\" &#8902; Una y Mil Letras\",\"isPartOf\":{\"@id\":\"http:\\\/\\\/unaymilletras.com\\\/#website\"},\"primaryImageOfPage\":{\"@id\":\"https:\\\/\\\/unaymilletras.com\\\/fito-fitipaldis-vuelven-a-rugir-con-el-monte-de-los-aullidos\\\/#primaryimage\"},\"image\":{\"@id\":\"https:\\\/\\\/unaymilletras.com\\\/fito-fitipaldis-vuelven-a-rugir-con-el-monte-de-los-aullidos\\\/#primaryimage\"},\"thumbnailUrl\":\"https:\\\/\\\/unaymilletras.com\\\/wp-content\\\/uploads\\\/2025\\\/11\\\/fito26.jpeg\",\"datePublished\":\"2025-11-17T16:01:25+00:00\",\"dateModified\":\"2025-11-17T16:02:03+00:00\",\"description\":\"\\\"Aullidos Tour\\\" es su vuelta a los escenarios de 28 ciudades espa\u00f1olas\",\"breadcrumb\":{\"@id\":\"https:\\\/\\\/unaymilletras.com\\\/fito-fitipaldis-vuelven-a-rugir-con-el-monte-de-los-aullidos\\\/#breadcrumb\"},\"inLanguage\":\"en-GB\",\"potentialAction\":[{\"@type\":\"ReadAction\",\"target\":[\"https:\\\/\\\/unaymilletras.com\\\/fito-fitipaldis-vuelven-a-rugir-con-el-monte-de-los-aullidos\\\/\"]}]},{\"@type\":\"ImageObject\",\"inLanguage\":\"en-GB\",\"@id\":\"https:\\\/\\\/unaymilletras.com\\\/fito-fitipaldis-vuelven-a-rugir-con-el-monte-de-los-aullidos\\\/#primaryimage\",\"url\":\"https:\\\/\\\/unaymilletras.com\\\/wp-content\\\/uploads\\\/2025\\\/11\\\/fito26.jpeg\",\"contentUrl\":\"https:\\\/\\\/unaymilletras.com\\\/wp-content\\\/uploads\\\/2025\\\/11\\\/fito26.jpeg\",\"width\":1200,\"height\":800},{\"@type\":\"BreadcrumbList\",\"@id\":\"https:\\\/\\\/unaymilletras.com\\\/fito-fitipaldis-vuelven-a-rugir-con-el-monte-de-los-aullidos\\\/#breadcrumb\",\"itemListElement\":[{\"@type\":\"ListItem\",\"position\":1,\"name\":\"Home\",\"item\":\"http:\\\/\\\/unaymilletras.com\\\/\"},{\"@type\":\"ListItem\",\"position\":2,\"name\":\"Fito &amp; Fitipaldis vuelven a rugir con \u00abEl monte de los aullidos\u00bb\"}]},{\"@type\":\"WebSite\",\"@id\":\"http:\\\/\\\/unaymilletras.com\\\/#website\",\"url\":\"http:\\\/\\\/unaymilletras.com\\\/\",\"name\":\"Una y Mil Letras\",\"description\":\"\",\"publisher\":{\"@id\":\"http:\\\/\\\/unaymilletras.com\\\/#organization\"},\"potentialAction\":[{\"@type\":\"SearchAction\",\"target\":{\"@type\":\"EntryPoint\",\"urlTemplate\":\"http:\\\/\\\/unaymilletras.com\\\/?s={search_term_string}\"},\"query-input\":{\"@type\":\"PropertyValueSpecification\",\"valueRequired\":true,\"valueName\":\"search_term_string\"}}],\"inLanguage\":\"en-GB\"},{\"@type\":\"Organization\",\"@id\":\"http:\\\/\\\/unaymilletras.com\\\/#organization\",\"name\":\"Una y Mil Letras\",\"url\":\"http:\\\/\\\/unaymilletras.com\\\/\",\"logo\":{\"@type\":\"ImageObject\",\"inLanguage\":\"en-GB\",\"@id\":\"http:\\\/\\\/unaymilletras.com\\\/#\\\/schema\\\/logo\\\/image\\\/\",\"url\":\"https:\\\/\\\/unaymilletras.com\\\/wp-content\\\/uploads\\\/2024\\\/06\\\/cropped-Logo-removebg-preview.png\",\"contentUrl\":\"https:\\\/\\\/unaymilletras.com\\\/wp-content\\\/uploads\\\/2024\\\/06\\\/cropped-Logo-removebg-preview.png\",\"width\":512,\"height\":512,\"caption\":\"Una y Mil Letras\"},\"image\":{\"@id\":\"http:\\\/\\\/unaymilletras.com\\\/#\\\/schema\\\/logo\\\/image\\\/\"},\"sameAs\":[\"https:\\\/\\\/x.com\\\/UnaYMilLetras\",\"https:\\\/\\\/instagram.com\\\/UnaYMilLetras\"]},{\"@type\":\"Person\",\"@id\":\"http:\\\/\\\/unaymilletras.com\\\/#\\\/schema\\\/person\\\/047a24f09ead3f0ba2387e5df86d9336\",\"name\":\"Luc\u00eda Fandi\u00f1o\",\"image\":{\"@type\":\"ImageObject\",\"inLanguage\":\"en-GB\",\"@id\":\"https:\\\/\\\/secure.gravatar.com\\\/avatar\\\/d22d9eea03f89c5d17f4b05c3efeb11bad23ff32b99e63bbf54232bc1b6a06b2?s=96&d=mm&r=g\",\"url\":\"https:\\\/\\\/secure.gravatar.com\\\/avatar\\\/d22d9eea03f89c5d17f4b05c3efeb11bad23ff32b99e63bbf54232bc1b6a06b2?s=96&d=mm&r=g\",\"contentUrl\":\"https:\\\/\\\/secure.gravatar.com\\\/avatar\\\/d22d9eea03f89c5d17f4b05c3efeb11bad23ff32b99e63bbf54232bc1b6a06b2?s=96&d=mm&r=g\",\"caption\":\"Luc\u00eda Fandi\u00f1o\"},\"sameAs\":[\"www.instagram.com\\\/luciaafandino\"],\"url\":\"https:\\\/\\\/unaymilletras.com\\\/en\\\/author\\\/luciaafandino\\\/\"}]}<\/script>\n<!-- \/ Yoast SEO plugin. -->","yoast_head_json":{"title":"Fito &amp; Fitipaldis vuelven a rugir con \"El monte de los aullidos\" &#8902; Una y Mil Letras","description":"\"Aullidos Tour\" es su vuelta a los escenarios de 28 ciudades espa\u00f1olas","robots":{"index":"index","follow":"follow","max-snippet":"max-snippet:-1","max-image-preview":"max-image-preview:large","max-video-preview":"max-video-preview:-1"},"canonical":"https:\/\/unaymilletras.com\/en\/fito-fitipaldis-vuelven-a-rugir-con-el-monte-de-los-aullidos\/","og_locale":"en_GB","og_type":"article","og_title":"Fito &amp; Fitipaldis vuelven a rugir con \"El monte de los aullidos\" &#8902; Una y Mil Letras","og_description":"\"Aullidos Tour\" es su vuelta a los escenarios de 28 ciudades espa\u00f1olas","og_url":"https:\/\/unaymilletras.com\/en\/fito-fitipaldis-vuelven-a-rugir-con-el-monte-de-los-aullidos\/","og_site_name":"Una y Mil Letras","article_published_time":"2025-11-17T16:01:25+00:00","article_modified_time":"2025-11-17T16:02:03+00:00","og_image":[{"width":1200,"height":800,"url":"http:\/\/unaymilletras.com\/wp-content\/uploads\/2025\/11\/fito26.jpeg","type":"image\/jpeg"}],"author":"Luc\u00eda Fandi\u00f1o","twitter_card":"summary_large_image","twitter_creator":"@UnaYMilLetras","twitter_site":"@UnaYMilLetras","twitter_misc":{"Written by":"Luc\u00eda Fandi\u00f1o","Estimated reading time":"1 minute"},"schema":{"@context":"https:\/\/schema.org","@graph":[{"@type":"Article","@id":"https:\/\/unaymilletras.com\/fito-fitipaldis-vuelven-a-rugir-con-el-monte-de-los-aullidos\/#article","isPartOf":{"@id":"https:\/\/unaymilletras.com\/fito-fitipaldis-vuelven-a-rugir-con-el-monte-de-los-aullidos\/"},"author":{"name":"Luc\u00eda Fandi\u00f1o","@id":"http:\/\/unaymilletras.com\/#\/schema\/person\/047a24f09ead3f0ba2387e5df86d9336"},"headline":"Fito &amp; Fitipaldis vuelven a rugir con \u00abEl monte de los aullidos\u00bb","datePublished":"2025-11-17T16:01:25+00:00","dateModified":"2025-11-17T16:02:03+00:00","mainEntityOfPage":{"@id":"https:\/\/unaymilletras.com\/fito-fitipaldis-vuelven-a-rugir-con-el-monte-de-los-aullidos\/"},"wordCount":391,"publisher":{"@id":"http:\/\/unaymilletras.com\/#organization"},"image":{"@id":"https:\/\/unaymilletras.com\/fito-fitipaldis-vuelven-a-rugir-con-el-monte-de-los-aullidos\/#primaryimage"},"thumbnailUrl":"https:\/\/unaymilletras.com\/wp-content\/uploads\/2025\/11\/fito26.jpeg","articleSection":["M\u00fasica"],"inLanguage":"en-GB"},{"@type":"WebPage","@id":"https:\/\/unaymilletras.com\/fito-fitipaldis-vuelven-a-rugir-con-el-monte-de-los-aullidos\/","url":"https:\/\/unaymilletras.com\/fito-fitipaldis-vuelven-a-rugir-con-el-monte-de-los-aullidos\/","name":"Fito &amp; Fitipaldis vuelven a rugir con \"El monte de los aullidos\" &#8902; Una y Mil Letras","isPartOf":{"@id":"http:\/\/unaymilletras.com\/#website"},"primaryImageOfPage":{"@id":"https:\/\/unaymilletras.com\/fito-fitipaldis-vuelven-a-rugir-con-el-monte-de-los-aullidos\/#primaryimage"},"image":{"@id":"https:\/\/unaymilletras.com\/fito-fitipaldis-vuelven-a-rugir-con-el-monte-de-los-aullidos\/#primaryimage"},"thumbnailUrl":"https:\/\/unaymilletras.com\/wp-content\/uploads\/2025\/11\/fito26.jpeg","datePublished":"2025-11-17T16:01:25+00:00","dateModified":"2025-11-17T16:02:03+00:00","description":"\"Aullidos Tour\" es su vuelta a los escenarios de 28 ciudades espa\u00f1olas","breadcrumb":{"@id":"https:\/\/unaymilletras.com\/fito-fitipaldis-vuelven-a-rugir-con-el-monte-de-los-aullidos\/#breadcrumb"},"inLanguage":"en-GB","potentialAction":[{"@type":"ReadAction","target":["https:\/\/unaymilletras.com\/fito-fitipaldis-vuelven-a-rugir-con-el-monte-de-los-aullidos\/"]}]},{"@type":"ImageObject","inLanguage":"en-GB","@id":"https:\/\/unaymilletras.com\/fito-fitipaldis-vuelven-a-rugir-con-el-monte-de-los-aullidos\/#primaryimage","url":"https:\/\/unaymilletras.com\/wp-content\/uploads\/2025\/11\/fito26.jpeg","contentUrl":"https:\/\/unaymilletras.com\/wp-content\/uploads\/2025\/11\/fito26.jpeg","width":1200,"height":800},{"@type":"BreadcrumbList","@id":"https:\/\/unaymilletras.com\/fito-fitipaldis-vuelven-a-rugir-con-el-monte-de-los-aullidos\/#breadcrumb","itemListElement":[{"@type":"ListItem","position":1,"name":"Home","item":"http:\/\/unaymilletras.com\/"},{"@type":"ListItem","position":2,"name":"Fito &amp; Fitipaldis vuelven a rugir con \u00abEl monte de los aullidos\u00bb"}]},{"@type":"WebSite","@id":"http:\/\/unaymilletras.com\/#website","url":"http:\/\/unaymilletras.com\/","name":"Una y Mil Letras","description":"","publisher":{"@id":"http:\/\/unaymilletras.com\/#organization"},"potentialAction":[{"@type":"SearchAction","target":{"@type":"EntryPoint","urlTemplate":"http:\/\/unaymilletras.com\/?s={search_term_string}"},"query-input":{"@type":"PropertyValueSpecification","valueRequired":true,"valueName":"search_term_string"}}],"inLanguage":"en-GB"},{"@type":"Organization","@id":"http:\/\/unaymilletras.com\/#organization","name":"Una y Mil Letras","url":"http:\/\/unaymilletras.com\/","logo":{"@type":"ImageObject","inLanguage":"en-GB","@id":"http:\/\/unaymilletras.com\/#\/schema\/logo\/image\/","url":"https:\/\/unaymilletras.com\/wp-content\/uploads\/2024\/06\/cropped-Logo-removebg-preview.png","contentUrl":"https:\/\/unaymilletras.com\/wp-content\/uploads\/2024\/06\/cropped-Logo-removebg-preview.png","width":512,"height":512,"caption":"Una y Mil Letras"},"image":{"@id":"http:\/\/unaymilletras.com\/#\/schema\/logo\/image\/"},"sameAs":["https:\/\/x.com\/UnaYMilLetras","https:\/\/instagram.com\/UnaYMilLetras"]},{"@type":"Person","@id":"http:\/\/unaymilletras.com\/#\/schema\/person\/047a24f09ead3f0ba2387e5df86d9336","name":"Luc\u00eda Fandi\u00f1o","image":{"@type":"ImageObject","inLanguage":"en-GB","@id":"https:\/\/secure.gravatar.com\/avatar\/d22d9eea03f89c5d17f4b05c3efeb11bad23ff32b99e63bbf54232bc1b6a06b2?s=96&d=mm&r=g","url":"https:\/\/secure.gravatar.com\/avatar\/d22d9eea03f89c5d17f4b05c3efeb11bad23ff32b99e63bbf54232bc1b6a06b2?s=96&d=mm&r=g","contentUrl":"https:\/\/secure.gravatar.com\/avatar\/d22d9eea03f89c5d17f4b05c3efeb11bad23ff32b99e63bbf54232bc1b6a06b2?s=96&d=mm&r=g","caption":"Luc\u00eda Fandi\u00f1o"},"sameAs":["www.instagram.com\/luciaafandino"],"url":"https:\/\/unaymilletras.com\/en\/author\/luciaafandino\/"}]}},"_links":{"self":[{"href":"https:\/\/unaymilletras.com\/en\/wp-json\/wp\/v2\/posts\/6398","targetHints":{"allow":["GET"]}}],"collection":[{"href":"https:\/\/unaymilletras.com\/en\/wp-json\/wp\/v2\/posts"}],"about":[{"href":"https:\/\/unaymilletras.com\/en\/wp-json\/wp\/v2\/types\/post"}],"author":[{"embeddable":true,"href":"https:\/\/unaymilletras.com\/en\/wp-json\/wp\/v2\/users\/5"}],"replies":[{"embeddable":true,"href":"https:\/\/unaymilletras.com\/en\/wp-json\/wp\/v2\/comments?post=6398"}],"version-history":[{"count":4,"href":"https:\/\/unaymilletras.com\/en\/wp-json\/wp\/v2\/posts\/6398\/revisions"}],"predecessor-version":[{"id":6403,"href":"https:\/\/unaymilletras.com\/en\/wp-json\/wp\/v2\/posts\/6398\/revisions\/6403"}],"wp:featuredmedia":[{"embeddable":true,"href":"https:\/\/unaymilletras.com\/en\/wp-json\/wp\/v2\/media\/6404"}],"wp:attachment":[{"href":"https:\/\/unaymilletras.com\/en\/wp-json\/wp\/v2\/media?parent=6398"}],"wp:term":[{"taxonomy":"category","embeddable":true,"href":"https:\/\/unaymilletras.com\/en\/wp-json\/wp\/v2\/categories?post=6398"},{"taxonomy":"post_tag","embeddable":true,"href":"https:\/\/unaymilletras.com\/en\/wp-json\/wp\/v2\/tags?post=6398"}],"curies":[{"name":"wp","href":"https:\/\/api.w.org\/{rel}","templated":true}]}}