{"id":6407,"date":"2025-11-18T21:28:34","date_gmt":"2025-11-18T20:28:34","guid":{"rendered":"https:\/\/unaymilletras.com\/?p=6407"},"modified":"2025-11-18T21:32:25","modified_gmt":"2025-11-18T20:32:25","slug":"maria-becerra-embajadora-de-la-nueva-campana-de-xti","status":"publish","type":"post","link":"https:\/\/unaymilletras.com\/en\/maria-becerra-embajadora-de-la-nueva-campana-de-xti\/","title":{"rendered":"Mar\u00eda Becerra, embajadora de la nueva campa\u00f1a de XTI"},"content":{"rendered":"<div data-elementor-type=\"wp-post\" data-elementor-id=\"6407\" class=\"elementor elementor-6407\">\n\t\t\t\t\t\t<section class=\"elementor-section elementor-top-section elementor-element elementor-element-88f6e2f elementor-section-boxed elementor-section-height-default elementor-section-height-default\" data-id=\"88f6e2f\" data-element_type=\"section\" data-e-type=\"section\">\n\t\t\t\t\t\t<div class=\"elementor-container elementor-column-gap-default\">\n\t\t\t\t\t<div class=\"elementor-column elementor-col-100 elementor-top-column elementor-element elementor-element-b60fa00\" data-id=\"b60fa00\" data-element_type=\"column\" data-e-type=\"column\">\n\t\t\t<div class=\"elementor-widget-wrap elementor-element-populated\">\n\t\t\t\t\t\t<div class=\"elementor-element elementor-element-0dea8b1 elementor-widget elementor-widget-text-editor\" data-id=\"0dea8b1\" data-element_type=\"widget\" data-e-type=\"widget\" data-widget_type=\"text-editor.default\">\n\t\t\t\t<div class=\"elementor-widget-container\">\n\t\t\t\t\t\t\t\t\t<h2 class=\"p1\" style=\"text-align: center;\"><span style=\"color: #808080;\"><i>XTI presenta \u201cExpress Yourself\u201d, la colecci\u00f3n FW25 en la que mar\u00eda Becerra vuelve a ser la protagonista<\/i><\/span><\/h2>\t\t\t\t\t\t\t\t<\/div>\n\t\t\t\t<\/div>\n\t\t\t\t\t<\/div>\n\t\t<\/div>\n\t\t\t\t\t<\/div>\n\t\t<\/section>\n\t\t\t\t<section class=\"elementor-section elementor-top-section elementor-element elementor-element-8edded5 elementor-section-boxed elementor-section-height-default elementor-section-height-default\" data-id=\"8edded5\" data-element_type=\"section\" data-e-type=\"section\">\n\t\t\t\t\t\t<div class=\"elementor-container elementor-column-gap-default\">\n\t\t\t\t\t<div class=\"elementor-column elementor-col-100 elementor-top-column elementor-element elementor-element-9802af7\" data-id=\"9802af7\" data-element_type=\"column\" data-e-type=\"column\">\n\t\t\t<div class=\"elementor-widget-wrap elementor-element-populated\">\n\t\t\t\t\t\t<div class=\"elementor-element elementor-element-723cb6f elementor-widget elementor-widget-text-editor\" data-id=\"723cb6f\" data-element_type=\"widget\" data-e-type=\"widget\" data-widget_type=\"text-editor.default\">\n\t\t\t\t<div class=\"elementor-widget-container\">\n\t\t\t\t\t\t\t\t\t<p class=\"p1\">El pasado 12 de noviembre XTI presento su nueva colecci\u00f3n oto\u00f1o-invierno. Un evento al que asisti\u00f3 Mar\u00eda Becerra como imagen de la marca y protagonista del d\u00eda. Invitados, actividades, caf\u00e9 y muchas cosas m\u00e1s hicieron una presentaci\u00f3n inmejorable.<\/p>\t\t\t\t\t\t\t\t<\/div>\n\t\t\t\t<\/div>\n\t\t\t\t\t<\/div>\n\t\t<\/div>\n\t\t\t\t\t<\/div>\n\t\t<\/section>\n\t\t\t\t<section class=\"elementor-section elementor-top-section elementor-element elementor-element-823dd30 elementor-section-boxed elementor-section-height-default elementor-section-height-default\" data-id=\"823dd30\" data-element_type=\"section\" data-e-type=\"section\">\n\t\t\t\t\t\t<div class=\"elementor-container elementor-column-gap-default\">\n\t\t\t\t\t<div class=\"elementor-column elementor-col-50 elementor-top-column elementor-element elementor-element-ddb158c\" data-id=\"ddb158c\" data-element_type=\"column\" data-e-type=\"column\">\n\t\t\t<div class=\"elementor-widget-wrap elementor-element-populated\">\n\t\t\t\t\t\t<div class=\"elementor-element elementor-element-e06ff4b elementor-widget elementor-widget-image\" data-id=\"e06ff4b\" data-element_type=\"widget\" data-e-type=\"widget\" data-widget_type=\"image.default\">\n\t\t\t\t<div class=\"elementor-widget-container\">\n\t\t\t\t\t\t\t\t\t\t\t\t\t\t\t<img fetchpriority=\"high\" decoding=\"async\" width=\"640\" height=\"961\" src=\"https:\/\/unaymilletras.com\/wp-content\/uploads\/2025\/11\/I96A3304-682x1024.jpeg\" class=\"attachment-large size-large wp-image-6410\" alt=\"Mar\u00eda Becerra XTI\" srcset=\"https:\/\/unaymilletras.com\/wp-content\/uploads\/2025\/11\/I96A3304-682x1024.jpeg 682w, https:\/\/unaymilletras.com\/wp-content\/uploads\/2025\/11\/I96A3304-200x300.jpeg 200w, https:\/\/unaymilletras.com\/wp-content\/uploads\/2025\/11\/I96A3304-768x1152.jpeg 768w, https:\/\/unaymilletras.com\/wp-content\/uploads\/2025\/11\/I96A3304-8x12.jpeg 8w, https:\/\/unaymilletras.com\/wp-content\/uploads\/2025\/11\/I96A3304.jpeg 853w\" sizes=\"(max-width: 640px) 100vw, 640px\" \/>\t\t\t\t\t\t\t\t\t\t\t\t\t\t\t<\/div>\n\t\t\t\t<\/div>\n\t\t\t\t\t<\/div>\n\t\t<\/div>\n\t\t\t\t<div class=\"elementor-column elementor-col-50 elementor-top-column elementor-element elementor-element-cb178ed\" data-id=\"cb178ed\" data-element_type=\"column\" data-e-type=\"column\">\n\t\t\t<div class=\"elementor-widget-wrap elementor-element-populated\">\n\t\t\t\t\t\t<div class=\"elementor-element elementor-element-929fbfc elementor-widget elementor-widget-image\" data-id=\"929fbfc\" data-element_type=\"widget\" data-e-type=\"widget\" data-widget_type=\"image.default\">\n\t\t\t\t<div class=\"elementor-widget-container\">\n\t\t\t\t\t\t\t\t\t\t\t\t\t\t\t<img decoding=\"async\" width=\"640\" height=\"961\" src=\"https:\/\/unaymilletras.com\/wp-content\/uploads\/2025\/11\/I96A3828-682x1024.jpeg\" class=\"attachment-large size-large wp-image-6409\" alt=\"Mar\u00eda Becerra XTI\" srcset=\"https:\/\/unaymilletras.com\/wp-content\/uploads\/2025\/11\/I96A3828-682x1024.jpeg 682w, https:\/\/unaymilletras.com\/wp-content\/uploads\/2025\/11\/I96A3828-200x300.jpeg 200w, https:\/\/unaymilletras.com\/wp-content\/uploads\/2025\/11\/I96A3828-768x1152.jpeg 768w, https:\/\/unaymilletras.com\/wp-content\/uploads\/2025\/11\/I96A3828-8x12.jpeg 8w, https:\/\/unaymilletras.com\/wp-content\/uploads\/2025\/11\/I96A3828.jpeg 853w\" sizes=\"(max-width: 640px) 100vw, 640px\" \/>\t\t\t\t\t\t\t\t\t\t\t\t\t\t\t<\/div>\n\t\t\t\t<\/div>\n\t\t\t\t\t<\/div>\n\t\t<\/div>\n\t\t\t\t\t<\/div>\n\t\t<\/section>\n\t\t\t\t<section class=\"elementor-section elementor-top-section elementor-element elementor-element-c64bbd7 elementor-section-boxed elementor-section-height-default elementor-section-height-default\" data-id=\"c64bbd7\" data-element_type=\"section\" data-e-type=\"section\">\n\t\t\t\t\t\t<div class=\"elementor-container elementor-column-gap-default\">\n\t\t\t\t\t<div class=\"elementor-column elementor-col-100 elementor-top-column elementor-element elementor-element-5c33dbc\" data-id=\"5c33dbc\" data-element_type=\"column\" data-e-type=\"column\">\n\t\t\t<div class=\"elementor-widget-wrap elementor-element-populated\">\n\t\t\t\t\t\t<div class=\"elementor-element elementor-element-bd4cdaf elementor-widget elementor-widget-text-editor\" data-id=\"bd4cdaf\" data-element_type=\"widget\" data-e-type=\"widget\" data-widget_type=\"text-editor.default\">\n\t\t\t\t<div class=\"elementor-widget-container\">\n\t\t\t\t\t\t\t\t\t<p class=\"p1\"><i>Express yourself <\/i>est\u00e1 hecha para celebrar la fuerza y la esencia de cada mujer. Refuerza tambi\u00e9n la idea de usar la ropa como una forma de expresarse y mandar un mensaje. Est\u00e1 colecci\u00f3n se inspira en la energ\u00eda tan caracter\u00edstica de Mar\u00eda Becerra. Mezclando un estilo urbano con su actitud a\u00f1ade el valor de la libertad de mostrarnos tal y como somos.<\/p>\t\t\t\t\t\t\t\t<\/div>\n\t\t\t\t<\/div>\n\t\t\t\t\t<\/div>\n\t\t<\/div>\n\t\t\t\t\t<\/div>\n\t\t<\/section>\n\t\t\t\t<section class=\"elementor-section elementor-top-section elementor-element elementor-element-2d0aae0 elementor-section-boxed elementor-section-height-default elementor-section-height-default\" data-id=\"2d0aae0\" data-element_type=\"section\" data-e-type=\"section\">\n\t\t\t\t\t\t<div class=\"elementor-container elementor-column-gap-default\">\n\t\t\t\t\t<div class=\"elementor-column elementor-col-100 elementor-top-column elementor-element elementor-element-c6f09cd\" data-id=\"c6f09cd\" data-element_type=\"column\" data-e-type=\"column\">\n\t\t\t<div class=\"elementor-widget-wrap elementor-element-populated\">\n\t\t\t\t\t\t<section class=\"elementor-section elementor-inner-section elementor-element elementor-element-83ef856 elementor-section-boxed elementor-section-height-default elementor-section-height-default\" data-id=\"83ef856\" data-element_type=\"section\" data-e-type=\"section\">\n\t\t\t\t\t\t<div class=\"elementor-container elementor-column-gap-default\">\n\t\t\t\t\t<div class=\"elementor-column elementor-col-50 elementor-inner-column elementor-element elementor-element-56edb64\" data-id=\"56edb64\" data-element_type=\"column\" data-e-type=\"column\">\n\t\t\t<div class=\"elementor-widget-wrap elementor-element-populated\">\n\t\t\t\t\t\t<div class=\"elementor-element elementor-element-341abb7 elementor-widget elementor-widget-text-editor\" data-id=\"341abb7\" data-element_type=\"widget\" data-e-type=\"widget\" data-widget_type=\"text-editor.default\">\n\t\t\t\t<div class=\"elementor-widget-container\">\n\t\t\t\t\t\t\t\t\t<blockquote><p class=\"p1\">\u201cSon una marca que me permite mucho tirar ideas creativas, ser como soy. No me exigen nada, ni posar de una manera o de otra. Es algo que valoro mucho\u201d, Mar\u00eda Becerra sobre XTI<\/p><\/blockquote>\t\t\t\t\t\t\t\t<\/div>\n\t\t\t\t<\/div>\n\t\t\t\t\t<\/div>\n\t\t<\/div>\n\t\t\t\t<div class=\"elementor-column elementor-col-50 elementor-inner-column elementor-element elementor-element-5fbdb1e\" data-id=\"5fbdb1e\" data-element_type=\"column\" data-e-type=\"column\">\n\t\t\t<div class=\"elementor-widget-wrap elementor-element-populated\">\n\t\t\t\t\t\t<div class=\"elementor-element elementor-element-9ec2a51 elementor-widget elementor-widget-text-editor\" data-id=\"9ec2a51\" data-element_type=\"widget\" data-e-type=\"widget\" data-widget_type=\"text-editor.default\">\n\t\t\t\t<div class=\"elementor-widget-container\">\n\t\t\t\t\t\t\t\t\t<p class=\"p1\">La presentaci\u00f3n tuvo lugar en Madrid, con un evento que reflejaba a la perfecci\u00f3n la imagen de la marca: un lugar moderno y urbano. Ademas de la artista argentina, tambi\u00e9n acudieron otros personajes conocidos como Sonia G\u00f3mez, Marina Mese o Mar\u00eda Reus Huang. Asimismo, Sergio Ojer fue el encargado de dinamizar el evento con la narraci\u00f3n y entrevistas a los distintos invitados.<\/p>\t\t\t\t\t\t\t\t<\/div>\n\t\t\t\t<\/div>\n\t\t\t\t\t<\/div>\n\t\t<\/div>\n\t\t\t\t\t<\/div>\n\t\t<\/section>\n\t\t\t\t\t<\/div>\n\t\t<\/div>\n\t\t\t\t\t<\/div>\n\t\t<\/section>\n\t\t\t\t<section class=\"elementor-section elementor-top-section elementor-element elementor-element-081a560 elementor-section-boxed elementor-section-height-default elementor-section-height-default\" data-id=\"081a560\" data-element_type=\"section\" data-e-type=\"section\">\n\t\t\t\t\t\t<div class=\"elementor-container elementor-column-gap-default\">\n\t\t\t\t\t<div class=\"elementor-column elementor-col-100 elementor-top-column elementor-element elementor-element-b34a118\" data-id=\"b34a118\" data-element_type=\"column\" data-e-type=\"column\">\n\t\t\t<div class=\"elementor-widget-wrap elementor-element-populated\">\n\t\t\t\t\t\t<div class=\"elementor-element elementor-element-10efa30 elementor-widget elementor-widget-text-editor\" data-id=\"10efa30\" data-element_type=\"widget\" data-e-type=\"widget\" data-widget_type=\"text-editor.default\">\n\t\t\t\t<div class=\"elementor-widget-container\">\n\t\t\t\t\t\t\t\t\t<p class=\"p1\">Por otro lado, El Rey de la Ruina se encargo de pintar en directo un cuadro de la propia Mar\u00eda Becerra con grafitis que logr\u00f3 capturar la atenci\u00f3n de los presentes. La m\u00fasica corri\u00f3 de la mano del DJ Da Rossi y Mospresso reparti\u00f3 caf\u00e9s a todo el que se acercaba a su stand. Junto a XTI crearon una propuesta exclusiva del evento: XTI Red Latte.<\/p><p class=\"p1\">Una velada \u00fanica en la que tuvimos el placer de hablar con la protagonista. No te pierdas la entrevista:<\/p>\t\t\t\t\t\t\t\t<\/div>\n\t\t\t\t<\/div>\n\t\t\t\t\t<\/div>\n\t\t<\/div>\n\t\t\t\t\t<\/div>\n\t\t<\/section>\n\t\t\t\t<section class=\"elementor-section elementor-top-section elementor-element elementor-element-f480ff2 elementor-section-boxed elementor-section-height-default elementor-section-height-default\" data-id=\"f480ff2\" data-element_type=\"section\" data-e-type=\"section\">\n\t\t\t\t\t\t<div class=\"elementor-container elementor-column-gap-default\">\n\t\t\t\t\t<div class=\"elementor-column elementor-col-100 elementor-top-column elementor-element elementor-element-660bd38\" data-id=\"660bd38\" data-element_type=\"column\" data-e-type=\"column\">\n\t\t\t<div class=\"elementor-widget-wrap elementor-element-populated\">\n\t\t\t\t\t\t<div class=\"elementor-element elementor-element-f55ea54 elementor-widget elementor-widget-video\" data-id=\"f55ea54\" data-element_type=\"widget\" data-e-type=\"widget\" data-settings=\"{&quot;youtube_url&quot;:&quot;https:\\\/\\\/www.youtube.com\\\/watch?v=EbZKYBpO3rY&amp;t=10s&quot;,&quot;video_type&quot;:&quot;youtube&quot;,&quot;controls&quot;:&quot;yes&quot;}\" data-widget_type=\"video.default\">\n\t\t\t\t<div class=\"elementor-widget-container\">\n\t\t\t\t\t\t\t<div class=\"elementor-wrapper elementor-open-inline\">\n\t\t\t<div class=\"elementor-video\"><\/div>\t\t<\/div>\n\t\t\t\t\t\t<\/div>\n\t\t\t\t<\/div>\n\t\t\t\t\t<\/div>\n\t\t<\/div>\n\t\t\t\t\t<\/div>\n\t\t<\/section>\n\t\t\t\t<\/div>","protected":false},"excerpt":{"rendered":"<p>XTI presenta \u201cExpress Yourself\u201d, la colecci\u00f3n FW25 en la que mar\u00eda Becerra vuelve a ser la protagonista El pasado 12 de noviembre XTI presento su nueva colecci\u00f3n oto\u00f1o-invierno. Un evento al que asisti\u00f3 Mar\u00eda Becerra como imagen de la marca y protagonista del d\u00eda. Invitados, actividades, caf\u00e9 y muchas cosas m\u00e1s hicieron una presentaci\u00f3n inmejorable. [&hellip;]<\/p>\n","protected":false},"author":1,"featured_media":6409,"comment_status":"closed","ping_status":"closed","sticky":false,"template":"","format":"standard","meta":{"footnotes":""},"categories":[119,4],"tags":[],"class_list":["post-6407","post","type-post","status-publish","format-standard","has-post-thumbnail","hentry","category-eventos","category-musica"],"yoast_head":"<!-- This site is optimized with the Yoast SEO plugin v27.4 - https:\/\/yoast.com\/product\/yoast-seo-wordpress\/ -->\n<title>Mar\u00eda Becerra, embajadora de la nueva campa\u00f1a de XTI<\/title>\n<meta name=\"description\" content=\"XTI presenta en Madrid \u201cExpress Yourself\u201d, la colecci\u00f3n FW25 en la que Mar\u00eda Becerra vuelve a ser la protagonista\" \/>\n<meta name=\"robots\" content=\"index, follow, max-snippet:-1, max-image-preview:large, max-video-preview:-1\" \/>\n<link rel=\"canonical\" href=\"https:\/\/unaymilletras.com\/en\/maria-becerra-embajadora-de-la-nueva-campana-de-xti\/\" \/>\n<meta property=\"og:locale\" content=\"en_GB\" \/>\n<meta property=\"og:type\" content=\"article\" \/>\n<meta property=\"og:title\" content=\"Mar\u00eda Becerra, embajadora de la nueva campa\u00f1a de XTI\" \/>\n<meta property=\"og:description\" content=\"XTI presenta en Madrid \u201cExpress Yourself\u201d, la colecci\u00f3n FW25 en la que Mar\u00eda Becerra vuelve a ser la protagonista\" \/>\n<meta property=\"og:url\" content=\"https:\/\/unaymilletras.com\/en\/maria-becerra-embajadora-de-la-nueva-campana-de-xti\/\" \/>\n<meta property=\"og:site_name\" content=\"Una y Mil Letras\" \/>\n<meta property=\"article:published_time\" content=\"2025-11-18T20:28:34+00:00\" \/>\n<meta property=\"article:modified_time\" content=\"2025-11-18T20:32:25+00:00\" \/>\n<meta property=\"og:image\" content=\"http:\/\/unaymilletras.com\/wp-content\/uploads\/2025\/11\/I96A3828.jpeg\" \/>\n\t<meta property=\"og:image:width\" content=\"853\" \/>\n\t<meta property=\"og:image:height\" content=\"1280\" \/>\n\t<meta property=\"og:image:type\" content=\"image\/jpeg\" \/>\n<meta name=\"author\" content=\"Maria Gil Robledo\" \/>\n<meta name=\"twitter:card\" content=\"summary_large_image\" \/>\n<meta name=\"twitter:creator\" content=\"@UnaYMilLetras\" \/>\n<meta name=\"twitter:site\" content=\"@UnaYMilLetras\" \/>\n<meta name=\"twitter:label1\" content=\"Written by\" \/>\n\t<meta name=\"twitter:data1\" content=\"Maria Gil Robledo\" \/>\n\t<meta name=\"twitter:label2\" content=\"Estimated reading time\" \/>\n\t<meta name=\"twitter:data2\" content=\"2 minutes\" \/>\n<script type=\"application\/ld+json\" class=\"yoast-schema-graph\">{\"@context\":\"https:\\\/\\\/schema.org\",\"@graph\":[{\"@type\":\"Article\",\"@id\":\"https:\\\/\\\/unaymilletras.com\\\/maria-becerra-embajadora-de-la-nueva-campana-de-xti\\\/#article\",\"isPartOf\":{\"@id\":\"https:\\\/\\\/unaymilletras.com\\\/maria-becerra-embajadora-de-la-nueva-campana-de-xti\\\/\"},\"author\":{\"name\":\"Maria Gil Robledo\",\"@id\":\"http:\\\/\\\/unaymilletras.com\\\/#\\\/schema\\\/person\\\/d55ba681b8a4e463d8982dbe36a5dc94\"},\"headline\":\"Mar\u00eda Becerra, embajadora de la nueva campa\u00f1a de XTI\",\"datePublished\":\"2025-11-18T20:28:34+00:00\",\"dateModified\":\"2025-11-18T20:32:25+00:00\",\"mainEntityOfPage\":{\"@id\":\"https:\\\/\\\/unaymilletras.com\\\/maria-becerra-embajadora-de-la-nueva-campana-de-xti\\\/\"},\"wordCount\":343,\"publisher\":{\"@id\":\"http:\\\/\\\/unaymilletras.com\\\/#organization\"},\"image\":{\"@id\":\"https:\\\/\\\/unaymilletras.com\\\/maria-becerra-embajadora-de-la-nueva-campana-de-xti\\\/#primaryimage\"},\"thumbnailUrl\":\"https:\\\/\\\/unaymilletras.com\\\/wp-content\\\/uploads\\\/2025\\\/11\\\/I96A3828.jpeg\",\"articleSection\":[\"Eventos\",\"M\u00fasica\"],\"inLanguage\":\"en-GB\"},{\"@type\":\"WebPage\",\"@id\":\"https:\\\/\\\/unaymilletras.com\\\/maria-becerra-embajadora-de-la-nueva-campana-de-xti\\\/\",\"url\":\"https:\\\/\\\/unaymilletras.com\\\/maria-becerra-embajadora-de-la-nueva-campana-de-xti\\\/\",\"name\":\"Mar\u00eda Becerra, embajadora de la nueva campa\u00f1a de XTI\",\"isPartOf\":{\"@id\":\"http:\\\/\\\/unaymilletras.com\\\/#website\"},\"primaryImageOfPage\":{\"@id\":\"https:\\\/\\\/unaymilletras.com\\\/maria-becerra-embajadora-de-la-nueva-campana-de-xti\\\/#primaryimage\"},\"image\":{\"@id\":\"https:\\\/\\\/unaymilletras.com\\\/maria-becerra-embajadora-de-la-nueva-campana-de-xti\\\/#primaryimage\"},\"thumbnailUrl\":\"https:\\\/\\\/unaymilletras.com\\\/wp-content\\\/uploads\\\/2025\\\/11\\\/I96A3828.jpeg\",\"datePublished\":\"2025-11-18T20:28:34+00:00\",\"dateModified\":\"2025-11-18T20:32:25+00:00\",\"description\":\"XTI presenta en Madrid \u201cExpress Yourself\u201d, la colecci\u00f3n FW25 en la que Mar\u00eda Becerra vuelve a ser la protagonista\",\"breadcrumb\":{\"@id\":\"https:\\\/\\\/unaymilletras.com\\\/maria-becerra-embajadora-de-la-nueva-campana-de-xti\\\/#breadcrumb\"},\"inLanguage\":\"en-GB\",\"potentialAction\":[{\"@type\":\"ReadAction\",\"target\":[\"https:\\\/\\\/unaymilletras.com\\\/maria-becerra-embajadora-de-la-nueva-campana-de-xti\\\/\"]}]},{\"@type\":\"ImageObject\",\"inLanguage\":\"en-GB\",\"@id\":\"https:\\\/\\\/unaymilletras.com\\\/maria-becerra-embajadora-de-la-nueva-campana-de-xti\\\/#primaryimage\",\"url\":\"https:\\\/\\\/unaymilletras.com\\\/wp-content\\\/uploads\\\/2025\\\/11\\\/I96A3828.jpeg\",\"contentUrl\":\"https:\\\/\\\/unaymilletras.com\\\/wp-content\\\/uploads\\\/2025\\\/11\\\/I96A3828.jpeg\",\"width\":853,\"height\":1280,\"caption\":\"Mar\u00eda Becerra XTI\"},{\"@type\":\"BreadcrumbList\",\"@id\":\"https:\\\/\\\/unaymilletras.com\\\/maria-becerra-embajadora-de-la-nueva-campana-de-xti\\\/#breadcrumb\",\"itemListElement\":[{\"@type\":\"ListItem\",\"position\":1,\"name\":\"Home\",\"item\":\"http:\\\/\\\/unaymilletras.com\\\/\"},{\"@type\":\"ListItem\",\"position\":2,\"name\":\"Mar\u00eda Becerra, embajadora de la nueva campa\u00f1a de XTI\"}]},{\"@type\":\"WebSite\",\"@id\":\"http:\\\/\\\/unaymilletras.com\\\/#website\",\"url\":\"http:\\\/\\\/unaymilletras.com\\\/\",\"name\":\"Una y Mil Letras\",\"description\":\"\",\"publisher\":{\"@id\":\"http:\\\/\\\/unaymilletras.com\\\/#organization\"},\"potentialAction\":[{\"@type\":\"SearchAction\",\"target\":{\"@type\":\"EntryPoint\",\"urlTemplate\":\"http:\\\/\\\/unaymilletras.com\\\/?s={search_term_string}\"},\"query-input\":{\"@type\":\"PropertyValueSpecification\",\"valueRequired\":true,\"valueName\":\"search_term_string\"}}],\"inLanguage\":\"en-GB\"},{\"@type\":\"Organization\",\"@id\":\"http:\\\/\\\/unaymilletras.com\\\/#organization\",\"name\":\"Una y Mil Letras\",\"url\":\"http:\\\/\\\/unaymilletras.com\\\/\",\"logo\":{\"@type\":\"ImageObject\",\"inLanguage\":\"en-GB\",\"@id\":\"http:\\\/\\\/unaymilletras.com\\\/#\\\/schema\\\/logo\\\/image\\\/\",\"url\":\"https:\\\/\\\/unaymilletras.com\\\/wp-content\\\/uploads\\\/2024\\\/06\\\/cropped-Logo-removebg-preview.png\",\"contentUrl\":\"https:\\\/\\\/unaymilletras.com\\\/wp-content\\\/uploads\\\/2024\\\/06\\\/cropped-Logo-removebg-preview.png\",\"width\":512,\"height\":512,\"caption\":\"Una y Mil Letras\"},\"image\":{\"@id\":\"http:\\\/\\\/unaymilletras.com\\\/#\\\/schema\\\/logo\\\/image\\\/\"},\"sameAs\":[\"https:\\\/\\\/x.com\\\/UnaYMilLetras\",\"https:\\\/\\\/instagram.com\\\/UnaYMilLetras\"]},{\"@type\":\"Person\",\"@id\":\"http:\\\/\\\/unaymilletras.com\\\/#\\\/schema\\\/person\\\/d55ba681b8a4e463d8982dbe36a5dc94\",\"name\":\"Maria Gil Robledo\",\"image\":{\"@type\":\"ImageObject\",\"inLanguage\":\"en-GB\",\"@id\":\"https:\\\/\\\/secure.gravatar.com\\\/avatar\\\/4b8e5102e0015789407eb4870b12f0f2857952d83ca124058f92b764bd1840c3?s=96&d=mm&r=g\",\"url\":\"https:\\\/\\\/secure.gravatar.com\\\/avatar\\\/4b8e5102e0015789407eb4870b12f0f2857952d83ca124058f92b764bd1840c3?s=96&d=mm&r=g\",\"contentUrl\":\"https:\\\/\\\/secure.gravatar.com\\\/avatar\\\/4b8e5102e0015789407eb4870b12f0f2857952d83ca124058f92b764bd1840c3?s=96&d=mm&r=g\",\"caption\":\"Maria Gil Robledo\"},\"sameAs\":[\"http:\\\/\\\/unaymilletras.com\"],\"url\":\"https:\\\/\\\/unaymilletras.com\\\/en\\\/author\\\/mariiagiil02_\\\/\"}]}<\/script>\n<!-- \/ Yoast SEO plugin. -->","yoast_head_json":{"title":"Mar\u00eda Becerra, embajadora de la nueva campa\u00f1a de XTI","description":"XTI presenta en Madrid \u201cExpress Yourself\u201d, la colecci\u00f3n FW25 en la que Mar\u00eda Becerra vuelve a ser la protagonista","robots":{"index":"index","follow":"follow","max-snippet":"max-snippet:-1","max-image-preview":"max-image-preview:large","max-video-preview":"max-video-preview:-1"},"canonical":"https:\/\/unaymilletras.com\/en\/maria-becerra-embajadora-de-la-nueva-campana-de-xti\/","og_locale":"en_GB","og_type":"article","og_title":"Mar\u00eda Becerra, embajadora de la nueva campa\u00f1a de XTI","og_description":"XTI presenta en Madrid \u201cExpress Yourself\u201d, la colecci\u00f3n FW25 en la que Mar\u00eda Becerra vuelve a ser la protagonista","og_url":"https:\/\/unaymilletras.com\/en\/maria-becerra-embajadora-de-la-nueva-campana-de-xti\/","og_site_name":"Una y Mil Letras","article_published_time":"2025-11-18T20:28:34+00:00","article_modified_time":"2025-11-18T20:32:25+00:00","og_image":[{"width":853,"height":1280,"url":"http:\/\/unaymilletras.com\/wp-content\/uploads\/2025\/11\/I96A3828.jpeg","type":"image\/jpeg"}],"author":"Maria Gil Robledo","twitter_card":"summary_large_image","twitter_creator":"@UnaYMilLetras","twitter_site":"@UnaYMilLetras","twitter_misc":{"Written by":"Maria Gil Robledo","Estimated reading time":"2 minutes"},"schema":{"@context":"https:\/\/schema.org","@graph":[{"@type":"Article","@id":"https:\/\/unaymilletras.com\/maria-becerra-embajadora-de-la-nueva-campana-de-xti\/#article","isPartOf":{"@id":"https:\/\/unaymilletras.com\/maria-becerra-embajadora-de-la-nueva-campana-de-xti\/"},"author":{"name":"Maria Gil Robledo","@id":"http:\/\/unaymilletras.com\/#\/schema\/person\/d55ba681b8a4e463d8982dbe36a5dc94"},"headline":"Mar\u00eda Becerra, embajadora de la nueva campa\u00f1a de XTI","datePublished":"2025-11-18T20:28:34+00:00","dateModified":"2025-11-18T20:32:25+00:00","mainEntityOfPage":{"@id":"https:\/\/unaymilletras.com\/maria-becerra-embajadora-de-la-nueva-campana-de-xti\/"},"wordCount":343,"publisher":{"@id":"http:\/\/unaymilletras.com\/#organization"},"image":{"@id":"https:\/\/unaymilletras.com\/maria-becerra-embajadora-de-la-nueva-campana-de-xti\/#primaryimage"},"thumbnailUrl":"https:\/\/unaymilletras.com\/wp-content\/uploads\/2025\/11\/I96A3828.jpeg","articleSection":["Eventos","M\u00fasica"],"inLanguage":"en-GB"},{"@type":"WebPage","@id":"https:\/\/unaymilletras.com\/maria-becerra-embajadora-de-la-nueva-campana-de-xti\/","url":"https:\/\/unaymilletras.com\/maria-becerra-embajadora-de-la-nueva-campana-de-xti\/","name":"Mar\u00eda Becerra, embajadora de la nueva campa\u00f1a de XTI","isPartOf":{"@id":"http:\/\/unaymilletras.com\/#website"},"primaryImageOfPage":{"@id":"https:\/\/unaymilletras.com\/maria-becerra-embajadora-de-la-nueva-campana-de-xti\/#primaryimage"},"image":{"@id":"https:\/\/unaymilletras.com\/maria-becerra-embajadora-de-la-nueva-campana-de-xti\/#primaryimage"},"thumbnailUrl":"https:\/\/unaymilletras.com\/wp-content\/uploads\/2025\/11\/I96A3828.jpeg","datePublished":"2025-11-18T20:28:34+00:00","dateModified":"2025-11-18T20:32:25+00:00","description":"XTI presenta en Madrid \u201cExpress Yourself\u201d, la colecci\u00f3n FW25 en la que Mar\u00eda Becerra vuelve a ser la protagonista","breadcrumb":{"@id":"https:\/\/unaymilletras.com\/maria-becerra-embajadora-de-la-nueva-campana-de-xti\/#breadcrumb"},"inLanguage":"en-GB","potentialAction":[{"@type":"ReadAction","target":["https:\/\/unaymilletras.com\/maria-becerra-embajadora-de-la-nueva-campana-de-xti\/"]}]},{"@type":"ImageObject","inLanguage":"en-GB","@id":"https:\/\/unaymilletras.com\/maria-becerra-embajadora-de-la-nueva-campana-de-xti\/#primaryimage","url":"https:\/\/unaymilletras.com\/wp-content\/uploads\/2025\/11\/I96A3828.jpeg","contentUrl":"https:\/\/unaymilletras.com\/wp-content\/uploads\/2025\/11\/I96A3828.jpeg","width":853,"height":1280,"caption":"Mar\u00eda Becerra XTI"},{"@type":"BreadcrumbList","@id":"https:\/\/unaymilletras.com\/maria-becerra-embajadora-de-la-nueva-campana-de-xti\/#breadcrumb","itemListElement":[{"@type":"ListItem","position":1,"name":"Home","item":"http:\/\/unaymilletras.com\/"},{"@type":"ListItem","position":2,"name":"Mar\u00eda Becerra, embajadora de la nueva campa\u00f1a de XTI"}]},{"@type":"WebSite","@id":"http:\/\/unaymilletras.com\/#website","url":"http:\/\/unaymilletras.com\/","name":"Una y Mil Letras","description":"","publisher":{"@id":"http:\/\/unaymilletras.com\/#organization"},"potentialAction":[{"@type":"SearchAction","target":{"@type":"EntryPoint","urlTemplate":"http:\/\/unaymilletras.com\/?s={search_term_string}"},"query-input":{"@type":"PropertyValueSpecification","valueRequired":true,"valueName":"search_term_string"}}],"inLanguage":"en-GB"},{"@type":"Organization","@id":"http:\/\/unaymilletras.com\/#organization","name":"Una y Mil Letras","url":"http:\/\/unaymilletras.com\/","logo":{"@type":"ImageObject","inLanguage":"en-GB","@id":"http:\/\/unaymilletras.com\/#\/schema\/logo\/image\/","url":"https:\/\/unaymilletras.com\/wp-content\/uploads\/2024\/06\/cropped-Logo-removebg-preview.png","contentUrl":"https:\/\/unaymilletras.com\/wp-content\/uploads\/2024\/06\/cropped-Logo-removebg-preview.png","width":512,"height":512,"caption":"Una y Mil Letras"},"image":{"@id":"http:\/\/unaymilletras.com\/#\/schema\/logo\/image\/"},"sameAs":["https:\/\/x.com\/UnaYMilLetras","https:\/\/instagram.com\/UnaYMilLetras"]},{"@type":"Person","@id":"http:\/\/unaymilletras.com\/#\/schema\/person\/d55ba681b8a4e463d8982dbe36a5dc94","name":"Maria Gil Robledo","image":{"@type":"ImageObject","inLanguage":"en-GB","@id":"https:\/\/secure.gravatar.com\/avatar\/4b8e5102e0015789407eb4870b12f0f2857952d83ca124058f92b764bd1840c3?s=96&d=mm&r=g","url":"https:\/\/secure.gravatar.com\/avatar\/4b8e5102e0015789407eb4870b12f0f2857952d83ca124058f92b764bd1840c3?s=96&d=mm&r=g","contentUrl":"https:\/\/secure.gravatar.com\/avatar\/4b8e5102e0015789407eb4870b12f0f2857952d83ca124058f92b764bd1840c3?s=96&d=mm&r=g","caption":"Maria Gil Robledo"},"sameAs":["http:\/\/unaymilletras.com"],"url":"https:\/\/unaymilletras.com\/en\/author\/mariiagiil02_\/"}]}},"_links":{"self":[{"href":"https:\/\/unaymilletras.com\/en\/wp-json\/wp\/v2\/posts\/6407","targetHints":{"allow":["GET"]}}],"collection":[{"href":"https:\/\/unaymilletras.com\/en\/wp-json\/wp\/v2\/posts"}],"about":[{"href":"https:\/\/unaymilletras.com\/en\/wp-json\/wp\/v2\/types\/post"}],"author":[{"embeddable":true,"href":"https:\/\/unaymilletras.com\/en\/wp-json\/wp\/v2\/users\/1"}],"replies":[{"embeddable":true,"href":"https:\/\/unaymilletras.com\/en\/wp-json\/wp\/v2\/comments?post=6407"}],"version-history":[{"count":7,"href":"https:\/\/unaymilletras.com\/en\/wp-json\/wp\/v2\/posts\/6407\/revisions"}],"predecessor-version":[{"id":6416,"href":"https:\/\/unaymilletras.com\/en\/wp-json\/wp\/v2\/posts\/6407\/revisions\/6416"}],"wp:featuredmedia":[{"embeddable":true,"href":"https:\/\/unaymilletras.com\/en\/wp-json\/wp\/v2\/media\/6409"}],"wp:attachment":[{"href":"https:\/\/unaymilletras.com\/en\/wp-json\/wp\/v2\/media?parent=6407"}],"wp:term":[{"taxonomy":"category","embeddable":true,"href":"https:\/\/unaymilletras.com\/en\/wp-json\/wp\/v2\/categories?post=6407"},{"taxonomy":"post_tag","embeddable":true,"href":"https:\/\/unaymilletras.com\/en\/wp-json\/wp\/v2\/tags?post=6407"}],"curies":[{"name":"wp","href":"https:\/\/api.w.org\/{rel}","templated":true}]}}