{"id":6424,"date":"2025-11-19T15:04:54","date_gmt":"2025-11-19T14:04:54","guid":{"rendered":"https:\/\/unaymilletras.com\/?p=6424"},"modified":"2025-11-19T15:06:49","modified_gmt":"2025-11-19T14:06:49","slug":"dani-fernandez-anuncia-la-insurreccion-tour-su-gira-mas-revolucionaria","status":"publish","type":"post","link":"https:\/\/unaymilletras.com\/en\/dani-fernandez-anuncia-la-insurreccion-tour-su-gira-mas-revolucionaria\/","title":{"rendered":"Dani Fern\u00e1ndez anuncia La Insurrecci\u00f3n Tour, su gira m\u00e1s revolucionaria"},"content":{"rendered":"<div data-elementor-type=\"wp-post\" data-elementor-id=\"6424\" class=\"elementor elementor-6424\">\n\t\t\t\t\t\t<section class=\"elementor-section elementor-top-section elementor-element elementor-element-a8124c0 elementor-section-boxed elementor-section-height-default elementor-section-height-default\" data-id=\"a8124c0\" data-element_type=\"section\" data-e-type=\"section\">\n\t\t\t\t\t\t<div class=\"elementor-container elementor-column-gap-default\">\n\t\t\t\t\t<div class=\"elementor-column elementor-col-100 elementor-top-column elementor-element elementor-element-d6c2e56\" data-id=\"d6c2e56\" data-element_type=\"column\" data-e-type=\"column\">\n\t\t\t<div class=\"elementor-widget-wrap elementor-element-populated\">\n\t\t\t\t\t\t<div class=\"elementor-element elementor-element-e6e9a89 elementor-widget elementor-widget-text-editor\" data-id=\"e6e9a89\" data-element_type=\"widget\" data-e-type=\"widget\" data-widget_type=\"text-editor.default\">\n\t\t\t\t<div class=\"elementor-widget-container\">\n\t\t\t\t\t\t\t\t\t<p style=\"text-align: justify\">Dani Fern\u00e1ndez anuncia <strong data-start=\"977\" data-end=\"1019\"><em>La Insurrecci\u00f3n Tour<\/em> de Dani Fern\u00e1ndez<\/strong>, una gira que lo llevar\u00e1 en 2026 por algunos de los recintos m\u00e1s emblem\u00e1ticos de Espa\u00f1a y Latinoam\u00e9rica en el inicio de una nueva etapa en su carrera.<\/p>\t\t\t\t\t\t\t\t<\/div>\n\t\t\t\t<\/div>\n\t\t\t\t\t<\/div>\n\t\t<\/div>\n\t\t\t\t\t<\/div>\n\t\t<\/section>\n\t\t\t\t<section class=\"elementor-section elementor-top-section elementor-element elementor-element-0425f11 elementor-section-boxed elementor-section-height-default elementor-section-height-default\" data-id=\"0425f11\" data-element_type=\"section\" data-e-type=\"section\">\n\t\t\t\t\t\t<div class=\"elementor-container elementor-column-gap-default\">\n\t\t\t\t\t<div class=\"elementor-column elementor-col-50 elementor-top-column elementor-element elementor-element-2056681\" data-id=\"2056681\" data-element_type=\"column\" data-e-type=\"column\">\n\t\t\t<div class=\"elementor-widget-wrap elementor-element-populated\">\n\t\t\t\t\t\t<div class=\"elementor-element elementor-element-e436434 elementor-widget elementor-widget-text-editor\" data-id=\"e436434\" data-element_type=\"widget\" data-e-type=\"widget\" data-widget_type=\"text-editor.default\">\n\t\t\t\t<div class=\"elementor-widget-container\">\n\t\t\t\t\t\t\t\t\t<p style=\"text-align: justify\">El lanzamiento de <em>Insurrecci\u00f3n Tour<\/em> llega en uno de los momentos m\u00e1s dulces del artista, apenas d\u00edas despu\u00e9s de alzarse con dos premios en Los40 Music Awards 2025: <strong data-start=\"558\" data-end=\"573\">Mejor Disco<\/strong> por <em data-start=\"578\" data-end=\"589\">La Jaur\u00eda<\/em> y <strong data-start=\"592\" data-end=\"614\">Mejor Colaboraci\u00f3n<\/strong> por <em data-start=\"619\" data-end=\"636\">Y si lo hacemos<\/em>, junto a Valeria Castro.<\/p>\t\t\t\t\t\t\t\t<\/div>\n\t\t\t\t<\/div>\n\t\t\t\t\t<\/div>\n\t\t<\/div>\n\t\t\t\t<div class=\"elementor-column elementor-col-50 elementor-top-column elementor-element elementor-element-297dc4a\" data-id=\"297dc4a\" data-element_type=\"column\" data-e-type=\"column\">\n\t\t\t<div class=\"elementor-widget-wrap elementor-element-populated\">\n\t\t\t\t\t\t<div class=\"elementor-element elementor-element-5de8452 elementor-widget elementor-widget-image\" data-id=\"5de8452\" data-element_type=\"widget\" data-e-type=\"widget\" data-widget_type=\"image.default\">\n\t\t\t\t<div class=\"elementor-widget-container\">\n\t\t\t\t\t\t\t\t\t\t\t\t<figure class=\"wp-caption\">\n\t\t\t\t\t\t\t\t\t\t<img fetchpriority=\"high\" decoding=\"async\" width=\"640\" height=\"480\" src=\"https:\/\/unaymilletras.com\/wp-content\/uploads\/2025\/11\/2-1024x768.jpg\" class=\"attachment-large size-large wp-image-6439\" alt=\"\" srcset=\"https:\/\/unaymilletras.com\/wp-content\/uploads\/2025\/11\/2-1024x768.jpg 1024w, https:\/\/unaymilletras.com\/wp-content\/uploads\/2025\/11\/2-300x225.jpg 300w, https:\/\/unaymilletras.com\/wp-content\/uploads\/2025\/11\/2-768x576.jpg 768w, https:\/\/unaymilletras.com\/wp-content\/uploads\/2025\/11\/2-1536x1152.jpg 1536w, https:\/\/unaymilletras.com\/wp-content\/uploads\/2025\/11\/2-2048x1536.jpg 2048w, https:\/\/unaymilletras.com\/wp-content\/uploads\/2025\/11\/2-16x12.jpg 16w\" sizes=\"(max-width: 640px) 100vw, 640px\" \/>\t\t\t\t\t\t\t\t\t\t\t<figcaption class=\"widget-image-caption wp-caption-text\"><\/figcaption>\n\t\t\t\t\t\t\t\t\t\t<\/figure>\n\t\t\t\t\t\t\t\t\t<\/div>\n\t\t\t\t<\/div>\n\t\t\t\t\t<\/div>\n\t\t<\/div>\n\t\t\t\t\t<\/div>\n\t\t<\/section>\n\t\t\t\t<section class=\"elementor-section elementor-top-section elementor-element elementor-element-6b26157 elementor-section-boxed elementor-section-height-default elementor-section-height-default\" data-id=\"6b26157\" data-element_type=\"section\" data-e-type=\"section\">\n\t\t\t\t\t\t<div class=\"elementor-container elementor-column-gap-default\">\n\t\t\t\t\t<div class=\"elementor-column elementor-col-100 elementor-top-column elementor-element elementor-element-5c5f644\" data-id=\"5c5f644\" data-element_type=\"column\" data-e-type=\"column\">\n\t\t\t<div class=\"elementor-widget-wrap elementor-element-populated\">\n\t\t\t\t\t\t<div class=\"elementor-element elementor-element-d7d1ceb elementor-widget elementor-widget-text-editor\" data-id=\"d7d1ceb\" data-element_type=\"widget\" data-e-type=\"widget\" data-widget_type=\"text-editor.default\">\n\t\t\t\t<div class=\"elementor-widget-container\">\n\t\t\t\t\t\t\t\t\t<p style=\"text-align: justify\">Con este nuevo tour, producido por <strong>Mapache Music y The Music Republic<\/strong> y con<strong> Los40<\/strong> como emisora oficial, Dani\u00a0 propone mucho m\u00e1s que una serie de conciertos: plantea una declaraci\u00f3n art\u00edstica y vital que invita a su p\u00fablico a romper la jaula, abrazar la imperfecci\u00f3n y desafiar la cultura del juicio constante. Todo ello parte del concepto central de la gira:<\/p>\t\t\t\t\t\t\t\t<\/div>\n\t\t\t\t<\/div>\n\t\t\t\t\t<\/div>\n\t\t<\/div>\n\t\t\t\t\t<\/div>\n\t\t<\/section>\n\t\t\t\t<section class=\"elementor-section elementor-top-section elementor-element elementor-element-a80c69e elementor-section-boxed elementor-section-height-default elementor-section-height-default\" data-id=\"a80c69e\" data-element_type=\"section\" data-e-type=\"section\">\n\t\t\t\t\t\t<div class=\"elementor-container elementor-column-gap-default\">\n\t\t\t\t\t<div class=\"elementor-column elementor-col-100 elementor-top-column elementor-element elementor-element-69ff4d5\" data-id=\"69ff4d5\" data-element_type=\"column\" data-e-type=\"column\">\n\t\t\t<div class=\"elementor-widget-wrap elementor-element-populated\">\n\t\t\t\t\t\t<div class=\"elementor-element elementor-element-9387a07 elementor-widget elementor-widget-text-editor\" data-id=\"9387a07\" data-element_type=\"widget\" data-e-type=\"widget\" data-widget_type=\"text-editor.default\">\n\t\t\t\t<div class=\"elementor-widget-container\">\n\t\t\t\t\t\t\t\t\t<h3 style=\"text-align: center\"><em><span style=\"color: #808080\">La necesidad de rebelarse contra el \u201czoo digital\u201d en el que vive atrapada la sociedad actual<\/span><\/em><\/h3>\t\t\t\t\t\t\t\t<\/div>\n\t\t\t\t<\/div>\n\t\t\t\t\t<\/div>\n\t\t<\/div>\n\t\t\t\t\t<\/div>\n\t\t<\/section>\n\t\t\t\t<section class=\"elementor-section elementor-top-section elementor-element elementor-element-7c6ab31 elementor-section-boxed elementor-section-height-default elementor-section-height-default\" data-id=\"7c6ab31\" data-element_type=\"section\" data-e-type=\"section\">\n\t\t\t\t\t\t<div class=\"elementor-container elementor-column-gap-default\">\n\t\t\t\t\t<div class=\"elementor-column elementor-col-100 elementor-top-column elementor-element elementor-element-3091588\" data-id=\"3091588\" data-element_type=\"column\" data-e-type=\"column\">\n\t\t\t<div class=\"elementor-widget-wrap elementor-element-populated\">\n\t\t\t\t\t\t<div class=\"elementor-element elementor-element-37d432e elementor-widget elementor-widget-image\" data-id=\"37d432e\" data-element_type=\"widget\" data-e-type=\"widget\" data-widget_type=\"image.default\">\n\t\t\t\t<div class=\"elementor-widget-container\">\n\t\t\t\t\t\t\t\t\t\t\t\t\t\t\t<img decoding=\"async\" width=\"640\" height=\"902\" src=\"https:\/\/unaymilletras.com\/wp-content\/uploads\/2025\/11\/unnamed-768x1082.png\" class=\"attachment-medium_large size-medium_large wp-image-6426\" alt=\"\" srcset=\"https:\/\/unaymilletras.com\/wp-content\/uploads\/2025\/11\/unnamed-768x1082.png 768w, https:\/\/unaymilletras.com\/wp-content\/uploads\/2025\/11\/unnamed-213x300.png 213w, https:\/\/unaymilletras.com\/wp-content\/uploads\/2025\/11\/unnamed-727x1024.png 727w, https:\/\/unaymilletras.com\/wp-content\/uploads\/2025\/11\/unnamed-9x12.png 9w, https:\/\/unaymilletras.com\/wp-content\/uploads\/2025\/11\/unnamed.png 972w\" sizes=\"(max-width: 640px) 100vw, 640px\" \/>\t\t\t\t\t\t\t\t\t\t\t\t\t\t\t<\/div>\n\t\t\t\t<\/div>\n\t\t\t\t\t<\/div>\n\t\t<\/div>\n\t\t\t\t\t<\/div>\n\t\t<\/section>\n\t\t\t\t<section class=\"elementor-section elementor-top-section elementor-element elementor-element-5f4b006 elementor-section-boxed elementor-section-height-default elementor-section-height-default\" data-id=\"5f4b006\" data-element_type=\"section\" data-e-type=\"section\">\n\t\t\t\t\t\t<div class=\"elementor-container elementor-column-gap-default\">\n\t\t\t\t\t<div class=\"elementor-column elementor-col-100 elementor-top-column elementor-element elementor-element-4d5e6ab\" data-id=\"4d5e6ab\" data-element_type=\"column\" data-e-type=\"column\">\n\t\t\t<div class=\"elementor-widget-wrap elementor-element-populated\">\n\t\t\t\t\t\t<div class=\"elementor-element elementor-element-1eea346 elementor-widget elementor-widget-text-editor\" data-id=\"1eea346\" data-element_type=\"widget\" data-e-type=\"widget\" data-widget_type=\"text-editor.default\">\n\t\t\t\t<div class=\"elementor-widget-container\">\n\t\t\t\t\t\t\t\t\t<p style=\"text-align: justify\"><em data-start=\"1979\" data-end=\"2001\">La Insurrecci\u00f3n Tour<\/em> se presenta como la continuaci\u00f3n natural de una trayectoria en pleno auge. Su \u00faltimo disco, <em data-start=\"2094\" data-end=\"2105\">La Jaur\u00eda<\/em>, debut\u00f3 directamente en el n\u00famero 1 de ventas en \u00e1lbumes y vinilos, acumula <strong data-start=\"2182\" data-end=\"2209\">238 millones de streams<\/strong> y ya ha sido certificado <strong data-start=\"2235\" data-end=\"2251\">disco de oro<\/strong>. Adem\u00e1s, los singles \u201cTodo Cambia\u201d y \u201cMe has invitado a bailar\u201d han alcanzado el <strong data-start=\"2333\" data-end=\"2359\">doble disco de platino<\/strong> y figuran entre los temas m\u00e1s radiados del pa\u00eds.<\/p>\t\t\t\t\t\t\t\t<\/div>\n\t\t\t\t<\/div>\n\t\t\t\t\t<\/div>\n\t\t<\/div>\n\t\t\t\t\t<\/div>\n\t\t<\/section>\n\t\t\t\t<section class=\"elementor-section elementor-top-section elementor-element elementor-element-af10aaa elementor-section-boxed elementor-section-height-default elementor-section-height-default\" data-id=\"af10aaa\" data-element_type=\"section\" data-e-type=\"section\">\n\t\t\t\t\t\t<div class=\"elementor-container elementor-column-gap-default\">\n\t\t\t\t\t<div class=\"elementor-column elementor-col-50 elementor-top-column elementor-element elementor-element-baf9b4b\" data-id=\"baf9b4b\" data-element_type=\"column\" data-e-type=\"column\">\n\t\t\t<div class=\"elementor-widget-wrap elementor-element-populated\">\n\t\t\t\t\t\t<div class=\"elementor-element elementor-element-a033526 elementor-widget elementor-widget-image\" data-id=\"a033526\" data-element_type=\"widget\" data-e-type=\"widget\" data-widget_type=\"image.default\">\n\t\t\t\t<div class=\"elementor-widget-container\">\n\t\t\t\t\t\t\t\t\t\t\t\t\t\t\t<img decoding=\"async\" src=\"https:\/\/unaymilletras.com\/wp-content\/uploads\/2025\/11\/4-scaled.jpg\" title=\"dani fernandez\" alt=\"dani fernandez\" loading=\"lazy\" \/>\t\t\t\t\t\t\t\t\t\t\t\t\t\t\t<\/div>\n\t\t\t\t<\/div>\n\t\t\t\t\t<\/div>\n\t\t<\/div>\n\t\t\t\t<div class=\"elementor-column elementor-col-50 elementor-top-column elementor-element elementor-element-12da588\" data-id=\"12da588\" data-element_type=\"column\" data-e-type=\"column\">\n\t\t\t<div class=\"elementor-widget-wrap elementor-element-populated\">\n\t\t\t\t\t\t<div class=\"elementor-element elementor-element-3f602bb elementor-widget elementor-widget-text-editor\" data-id=\"3f602bb\" data-element_type=\"widget\" data-e-type=\"widget\" data-widget_type=\"text-editor.default\">\n\t\t\t\t<div class=\"elementor-widget-container\">\n\t\t\t\t\t\t\t\t\t<p style=\"text-align: justify\">El impulso de Dani tambi\u00e9n se ha sentido en el terreno audiovisual. Su documental <em data-start=\"2497\" data-end=\"2510\">Todo cambia<\/em> triunf\u00f3 en cines y se consolid\u00f3 tras su llegada a plataformas.<\/p><p style=\"text-align: justify\">Su anterior gira agot\u00f3 todas las entradas, con m\u00e1s de <strong data-start=\"2628\" data-end=\"2655\">70.000 tickets vendidos<\/strong>, incluyendo dos llenos absolutos en el Movistar Arena de Madrid.<\/p>\t\t\t\t\t\t\t\t<\/div>\n\t\t\t\t<\/div>\n\t\t\t\t\t<\/div>\n\t\t<\/div>\n\t\t\t\t\t<\/div>\n\t\t<\/section>\n\t\t\t\t<section class=\"elementor-section elementor-top-section elementor-element elementor-element-90a292b elementor-section-boxed elementor-section-height-default elementor-section-height-default\" data-id=\"90a292b\" data-element_type=\"section\" data-e-type=\"section\">\n\t\t\t\t\t\t<div class=\"elementor-container elementor-column-gap-default\">\n\t\t\t\t\t<div class=\"elementor-column elementor-col-100 elementor-top-column elementor-element elementor-element-54a236f\" data-id=\"54a236f\" data-element_type=\"column\" data-e-type=\"column\">\n\t\t\t<div class=\"elementor-widget-wrap elementor-element-populated\">\n\t\t\t\t\t\t<div class=\"elementor-element elementor-element-4888b25 elementor-widget elementor-widget-text-editor\" data-id=\"4888b25\" data-element_type=\"widget\" data-e-type=\"widget\" data-widget_type=\"text-editor.default\">\n\t\t\t\t<div class=\"elementor-widget-container\">\n\t\t\t\t\t\t\t\t\t<p>Con este nuevo proyecto, Dani Fern\u00e1ndez confirma su posici\u00f3n como uno de los grandes nombres del pop rock espa\u00f1ol y una de las voces m\u00e1s influyentes de su generaci\u00f3n.<\/p><p><span style=\"color: #808080\">Las entradas saldr\u00e1n a la <a style=\"color: #808080\" href=\"https:\/\/danifernandezoficial.es\/\">venta el <strong>20 de noviembre a las 17:00 horas.<\/strong><\/a><\/span><\/p><p>Sigue descubriendo m\u00e1s sobre la actualidad musical en <em><a href=\"https:\/\/unaymilletras.com\/en\/\">Una y mil letras<\/a>.<\/em><\/p>\t\t\t\t\t\t\t\t<\/div>\n\t\t\t\t<\/div>\n\t\t\t\t\t<\/div>\n\t\t<\/div>\n\t\t\t\t\t<\/div>\n\t\t<\/section>\n\t\t\t\t<\/div>","protected":false},"excerpt":{"rendered":"<p>Dani Fern\u00e1ndez anuncia La Insurrecci\u00f3n Tour de Dani Fern\u00e1ndez, una gira que lo llevar\u00e1 en 2026 por algunos de los recintos m\u00e1s emblem\u00e1ticos de Espa\u00f1a y Latinoam\u00e9rica en el inicio de una nueva etapa en su carrera. El lanzamiento de Insurrecci\u00f3n Tour llega en uno de los momentos m\u00e1s dulces del artista, apenas d\u00edas despu\u00e9s [&hellip;]<\/p>\n","protected":false},"author":13,"featured_media":6426,"comment_status":"closed","ping_status":"closed","sticky":false,"template":"","format":"standard","meta":{"footnotes":""},"categories":[119,4],"tags":[],"class_list":["post-6424","post","type-post","status-publish","format-standard","has-post-thumbnail","hentry","category-eventos","category-musica"],"yoast_head":"<!-- This site is optimized with the Yoast SEO plugin v27.4 - https:\/\/yoast.com\/product\/yoast-seo-wordpress\/ -->\n<title>Dani Fern\u00e1ndez anuncia La Insurrecci\u00f3n Tour<\/title>\n<meta name=\"description\" content=\"Dani Fern\u00e1ndez anuncia La Insurrecci\u00f3n Tour de Dani Fern\u00e1ndez, una gira que recorrer\u00e1 los principales recintos del pa\u00eds.\" \/>\n<meta name=\"robots\" content=\"index, follow, max-snippet:-1, max-image-preview:large, max-video-preview:-1\" \/>\n<link rel=\"canonical\" href=\"https:\/\/unaymilletras.com\/en\/dani-fernandez-anuncia-la-insurreccion-tour-su-gira-mas-revolucionaria\/\" \/>\n<meta property=\"og:locale\" content=\"en_GB\" \/>\n<meta property=\"og:type\" content=\"article\" \/>\n<meta property=\"og:title\" content=\"Dani Fern\u00e1ndez anuncia La Insurrecci\u00f3n Tour\" \/>\n<meta property=\"og:description\" content=\"Dani Fern\u00e1ndez anuncia La Insurrecci\u00f3n Tour de Dani Fern\u00e1ndez, una gira que recorrer\u00e1 los principales recintos del pa\u00eds.\" \/>\n<meta property=\"og:url\" content=\"https:\/\/unaymilletras.com\/en\/dani-fernandez-anuncia-la-insurreccion-tour-su-gira-mas-revolucionaria\/\" \/>\n<meta property=\"og:site_name\" content=\"Una y Mil Letras\" \/>\n<meta property=\"article:published_time\" content=\"2025-11-19T14:04:54+00:00\" \/>\n<meta property=\"article:modified_time\" content=\"2025-11-19T14:06:49+00:00\" \/>\n<meta property=\"og:image\" content=\"http:\/\/unaymilletras.com\/wp-content\/uploads\/2025\/11\/unnamed-727x1024.png\" \/>\n\t<meta property=\"og:image:width\" content=\"727\" \/>\n\t<meta property=\"og:image:height\" content=\"1024\" \/>\n\t<meta property=\"og:image:type\" content=\"image\/png\" \/>\n<meta name=\"author\" content=\"Alba Benito\" \/>\n<meta name=\"twitter:card\" content=\"summary_large_image\" \/>\n<meta name=\"twitter:creator\" content=\"@UnaYMilLetras\" \/>\n<meta name=\"twitter:site\" content=\"@UnaYMilLetras\" \/>\n<meta name=\"twitter:label1\" content=\"Written by\" \/>\n\t<meta name=\"twitter:data1\" content=\"Alba Benito\" \/>\n\t<meta name=\"twitter:label2\" content=\"Estimated reading time\" \/>\n\t<meta name=\"twitter:data2\" content=\"3 minutes\" \/>\n<script type=\"application\/ld+json\" class=\"yoast-schema-graph\">{\"@context\":\"https:\\\/\\\/schema.org\",\"@graph\":[{\"@type\":\"Article\",\"@id\":\"https:\\\/\\\/unaymilletras.com\\\/dani-fernandez-anuncia-la-insurreccion-tour-su-gira-mas-revolucionaria\\\/#article\",\"isPartOf\":{\"@id\":\"https:\\\/\\\/unaymilletras.com\\\/dani-fernandez-anuncia-la-insurreccion-tour-su-gira-mas-revolucionaria\\\/\"},\"author\":{\"name\":\"Alba Benito\",\"@id\":\"http:\\\/\\\/unaymilletras.com\\\/#\\\/schema\\\/person\\\/a10550e4bff9a23f941f52b2cd5d8686\"},\"headline\":\"Dani Fern\u00e1ndez anuncia La Insurrecci\u00f3n Tour, su gira m\u00e1s revolucionaria\",\"datePublished\":\"2025-11-19T14:04:54+00:00\",\"dateModified\":\"2025-11-19T14:06:49+00:00\",\"mainEntityOfPage\":{\"@id\":\"https:\\\/\\\/unaymilletras.com\\\/dani-fernandez-anuncia-la-insurreccion-tour-su-gira-mas-revolucionaria\\\/\"},\"wordCount\":376,\"publisher\":{\"@id\":\"http:\\\/\\\/unaymilletras.com\\\/#organization\"},\"image\":{\"@id\":\"https:\\\/\\\/unaymilletras.com\\\/dani-fernandez-anuncia-la-insurreccion-tour-su-gira-mas-revolucionaria\\\/#primaryimage\"},\"thumbnailUrl\":\"https:\\\/\\\/unaymilletras.com\\\/wp-content\\\/uploads\\\/2025\\\/11\\\/unnamed.png\",\"articleSection\":[\"Eventos\",\"M\u00fasica\"],\"inLanguage\":\"en-GB\"},{\"@type\":\"WebPage\",\"@id\":\"https:\\\/\\\/unaymilletras.com\\\/dani-fernandez-anuncia-la-insurreccion-tour-su-gira-mas-revolucionaria\\\/\",\"url\":\"https:\\\/\\\/unaymilletras.com\\\/dani-fernandez-anuncia-la-insurreccion-tour-su-gira-mas-revolucionaria\\\/\",\"name\":\"Dani Fern\u00e1ndez anuncia La Insurrecci\u00f3n Tour\",\"isPartOf\":{\"@id\":\"http:\\\/\\\/unaymilletras.com\\\/#website\"},\"primaryImageOfPage\":{\"@id\":\"https:\\\/\\\/unaymilletras.com\\\/dani-fernandez-anuncia-la-insurreccion-tour-su-gira-mas-revolucionaria\\\/#primaryimage\"},\"image\":{\"@id\":\"https:\\\/\\\/unaymilletras.com\\\/dani-fernandez-anuncia-la-insurreccion-tour-su-gira-mas-revolucionaria\\\/#primaryimage\"},\"thumbnailUrl\":\"https:\\\/\\\/unaymilletras.com\\\/wp-content\\\/uploads\\\/2025\\\/11\\\/unnamed.png\",\"datePublished\":\"2025-11-19T14:04:54+00:00\",\"dateModified\":\"2025-11-19T14:06:49+00:00\",\"description\":\"Dani Fern\u00e1ndez anuncia La Insurrecci\u00f3n Tour de Dani Fern\u00e1ndez, una gira que recorrer\u00e1 los principales recintos del pa\u00eds.\",\"breadcrumb\":{\"@id\":\"https:\\\/\\\/unaymilletras.com\\\/dani-fernandez-anuncia-la-insurreccion-tour-su-gira-mas-revolucionaria\\\/#breadcrumb\"},\"inLanguage\":\"en-GB\",\"potentialAction\":[{\"@type\":\"ReadAction\",\"target\":[\"https:\\\/\\\/unaymilletras.com\\\/dani-fernandez-anuncia-la-insurreccion-tour-su-gira-mas-revolucionaria\\\/\"]}]},{\"@type\":\"ImageObject\",\"inLanguage\":\"en-GB\",\"@id\":\"https:\\\/\\\/unaymilletras.com\\\/dani-fernandez-anuncia-la-insurreccion-tour-su-gira-mas-revolucionaria\\\/#primaryimage\",\"url\":\"https:\\\/\\\/unaymilletras.com\\\/wp-content\\\/uploads\\\/2025\\\/11\\\/unnamed.png\",\"contentUrl\":\"https:\\\/\\\/unaymilletras.com\\\/wp-content\\\/uploads\\\/2025\\\/11\\\/unnamed.png\",\"width\":972,\"height\":1370},{\"@type\":\"BreadcrumbList\",\"@id\":\"https:\\\/\\\/unaymilletras.com\\\/dani-fernandez-anuncia-la-insurreccion-tour-su-gira-mas-revolucionaria\\\/#breadcrumb\",\"itemListElement\":[{\"@type\":\"ListItem\",\"position\":1,\"name\":\"Home\",\"item\":\"http:\\\/\\\/unaymilletras.com\\\/\"},{\"@type\":\"ListItem\",\"position\":2,\"name\":\"Dani Fern\u00e1ndez anuncia La Insurrecci\u00f3n Tour, su gira m\u00e1s revolucionaria\"}]},{\"@type\":\"WebSite\",\"@id\":\"http:\\\/\\\/unaymilletras.com\\\/#website\",\"url\":\"http:\\\/\\\/unaymilletras.com\\\/\",\"name\":\"Una y Mil Letras\",\"description\":\"\",\"publisher\":{\"@id\":\"http:\\\/\\\/unaymilletras.com\\\/#organization\"},\"potentialAction\":[{\"@type\":\"SearchAction\",\"target\":{\"@type\":\"EntryPoint\",\"urlTemplate\":\"http:\\\/\\\/unaymilletras.com\\\/?s={search_term_string}\"},\"query-input\":{\"@type\":\"PropertyValueSpecification\",\"valueRequired\":true,\"valueName\":\"search_term_string\"}}],\"inLanguage\":\"en-GB\"},{\"@type\":\"Organization\",\"@id\":\"http:\\\/\\\/unaymilletras.com\\\/#organization\",\"name\":\"Una y Mil Letras\",\"url\":\"http:\\\/\\\/unaymilletras.com\\\/\",\"logo\":{\"@type\":\"ImageObject\",\"inLanguage\":\"en-GB\",\"@id\":\"http:\\\/\\\/unaymilletras.com\\\/#\\\/schema\\\/logo\\\/image\\\/\",\"url\":\"https:\\\/\\\/unaymilletras.com\\\/wp-content\\\/uploads\\\/2024\\\/06\\\/cropped-Logo-removebg-preview.png\",\"contentUrl\":\"https:\\\/\\\/unaymilletras.com\\\/wp-content\\\/uploads\\\/2024\\\/06\\\/cropped-Logo-removebg-preview.png\",\"width\":512,\"height\":512,\"caption\":\"Una y Mil Letras\"},\"image\":{\"@id\":\"http:\\\/\\\/unaymilletras.com\\\/#\\\/schema\\\/logo\\\/image\\\/\"},\"sameAs\":[\"https:\\\/\\\/x.com\\\/UnaYMilLetras\",\"https:\\\/\\\/instagram.com\\\/UnaYMilLetras\"]},{\"@type\":\"Person\",\"@id\":\"http:\\\/\\\/unaymilletras.com\\\/#\\\/schema\\\/person\\\/a10550e4bff9a23f941f52b2cd5d8686\",\"name\":\"Alba Benito\",\"image\":{\"@type\":\"ImageObject\",\"inLanguage\":\"en-GB\",\"@id\":\"https:\\\/\\\/secure.gravatar.com\\\/avatar\\\/f227a2222ee313f4b5dea91891742064ec98aa8f11b91568879eaecf941f84de?s=96&d=mm&r=g\",\"url\":\"https:\\\/\\\/secure.gravatar.com\\\/avatar\\\/f227a2222ee313f4b5dea91891742064ec98aa8f11b91568879eaecf941f84de?s=96&d=mm&r=g\",\"contentUrl\":\"https:\\\/\\\/secure.gravatar.com\\\/avatar\\\/f227a2222ee313f4b5dea91891742064ec98aa8f11b91568879eaecf941f84de?s=96&d=mm&r=g\",\"caption\":\"Alba Benito\"},\"url\":\"https:\\\/\\\/unaymilletras.com\\\/en\\\/author\\\/aalbaas_\\\/\"}]}<\/script>\n<!-- \/ Yoast SEO plugin. -->","yoast_head_json":{"title":"Dani Fern\u00e1ndez anuncia La Insurrecci\u00f3n Tour","description":"Dani Fern\u00e1ndez anuncia La Insurrecci\u00f3n Tour de Dani Fern\u00e1ndez, una gira que recorrer\u00e1 los principales recintos del pa\u00eds.","robots":{"index":"index","follow":"follow","max-snippet":"max-snippet:-1","max-image-preview":"max-image-preview:large","max-video-preview":"max-video-preview:-1"},"canonical":"https:\/\/unaymilletras.com\/en\/dani-fernandez-anuncia-la-insurreccion-tour-su-gira-mas-revolucionaria\/","og_locale":"en_GB","og_type":"article","og_title":"Dani Fern\u00e1ndez anuncia La Insurrecci\u00f3n Tour","og_description":"Dani Fern\u00e1ndez anuncia La Insurrecci\u00f3n Tour de Dani Fern\u00e1ndez, una gira que recorrer\u00e1 los principales recintos del pa\u00eds.","og_url":"https:\/\/unaymilletras.com\/en\/dani-fernandez-anuncia-la-insurreccion-tour-su-gira-mas-revolucionaria\/","og_site_name":"Una y Mil Letras","article_published_time":"2025-11-19T14:04:54+00:00","article_modified_time":"2025-11-19T14:06:49+00:00","og_image":[{"width":727,"height":1024,"url":"http:\/\/unaymilletras.com\/wp-content\/uploads\/2025\/11\/unnamed-727x1024.png","type":"image\/png"}],"author":"Alba Benito","twitter_card":"summary_large_image","twitter_creator":"@UnaYMilLetras","twitter_site":"@UnaYMilLetras","twitter_misc":{"Written by":"Alba Benito","Estimated reading time":"3 minutes"},"schema":{"@context":"https:\/\/schema.org","@graph":[{"@type":"Article","@id":"https:\/\/unaymilletras.com\/dani-fernandez-anuncia-la-insurreccion-tour-su-gira-mas-revolucionaria\/#article","isPartOf":{"@id":"https:\/\/unaymilletras.com\/dani-fernandez-anuncia-la-insurreccion-tour-su-gira-mas-revolucionaria\/"},"author":{"name":"Alba Benito","@id":"http:\/\/unaymilletras.com\/#\/schema\/person\/a10550e4bff9a23f941f52b2cd5d8686"},"headline":"Dani Fern\u00e1ndez anuncia La Insurrecci\u00f3n Tour, su gira m\u00e1s revolucionaria","datePublished":"2025-11-19T14:04:54+00:00","dateModified":"2025-11-19T14:06:49+00:00","mainEntityOfPage":{"@id":"https:\/\/unaymilletras.com\/dani-fernandez-anuncia-la-insurreccion-tour-su-gira-mas-revolucionaria\/"},"wordCount":376,"publisher":{"@id":"http:\/\/unaymilletras.com\/#organization"},"image":{"@id":"https:\/\/unaymilletras.com\/dani-fernandez-anuncia-la-insurreccion-tour-su-gira-mas-revolucionaria\/#primaryimage"},"thumbnailUrl":"https:\/\/unaymilletras.com\/wp-content\/uploads\/2025\/11\/unnamed.png","articleSection":["Eventos","M\u00fasica"],"inLanguage":"en-GB"},{"@type":"WebPage","@id":"https:\/\/unaymilletras.com\/dani-fernandez-anuncia-la-insurreccion-tour-su-gira-mas-revolucionaria\/","url":"https:\/\/unaymilletras.com\/dani-fernandez-anuncia-la-insurreccion-tour-su-gira-mas-revolucionaria\/","name":"Dani Fern\u00e1ndez anuncia La Insurrecci\u00f3n Tour","isPartOf":{"@id":"http:\/\/unaymilletras.com\/#website"},"primaryImageOfPage":{"@id":"https:\/\/unaymilletras.com\/dani-fernandez-anuncia-la-insurreccion-tour-su-gira-mas-revolucionaria\/#primaryimage"},"image":{"@id":"https:\/\/unaymilletras.com\/dani-fernandez-anuncia-la-insurreccion-tour-su-gira-mas-revolucionaria\/#primaryimage"},"thumbnailUrl":"https:\/\/unaymilletras.com\/wp-content\/uploads\/2025\/11\/unnamed.png","datePublished":"2025-11-19T14:04:54+00:00","dateModified":"2025-11-19T14:06:49+00:00","description":"Dani Fern\u00e1ndez anuncia La Insurrecci\u00f3n Tour de Dani Fern\u00e1ndez, una gira que recorrer\u00e1 los principales recintos del pa\u00eds.","breadcrumb":{"@id":"https:\/\/unaymilletras.com\/dani-fernandez-anuncia-la-insurreccion-tour-su-gira-mas-revolucionaria\/#breadcrumb"},"inLanguage":"en-GB","potentialAction":[{"@type":"ReadAction","target":["https:\/\/unaymilletras.com\/dani-fernandez-anuncia-la-insurreccion-tour-su-gira-mas-revolucionaria\/"]}]},{"@type":"ImageObject","inLanguage":"en-GB","@id":"https:\/\/unaymilletras.com\/dani-fernandez-anuncia-la-insurreccion-tour-su-gira-mas-revolucionaria\/#primaryimage","url":"https:\/\/unaymilletras.com\/wp-content\/uploads\/2025\/11\/unnamed.png","contentUrl":"https:\/\/unaymilletras.com\/wp-content\/uploads\/2025\/11\/unnamed.png","width":972,"height":1370},{"@type":"BreadcrumbList","@id":"https:\/\/unaymilletras.com\/dani-fernandez-anuncia-la-insurreccion-tour-su-gira-mas-revolucionaria\/#breadcrumb","itemListElement":[{"@type":"ListItem","position":1,"name":"Home","item":"http:\/\/unaymilletras.com\/"},{"@type":"ListItem","position":2,"name":"Dani Fern\u00e1ndez anuncia La Insurrecci\u00f3n Tour, su gira m\u00e1s revolucionaria"}]},{"@type":"WebSite","@id":"http:\/\/unaymilletras.com\/#website","url":"http:\/\/unaymilletras.com\/","name":"Una y Mil Letras","description":"","publisher":{"@id":"http:\/\/unaymilletras.com\/#organization"},"potentialAction":[{"@type":"SearchAction","target":{"@type":"EntryPoint","urlTemplate":"http:\/\/unaymilletras.com\/?s={search_term_string}"},"query-input":{"@type":"PropertyValueSpecification","valueRequired":true,"valueName":"search_term_string"}}],"inLanguage":"en-GB"},{"@type":"Organization","@id":"http:\/\/unaymilletras.com\/#organization","name":"Una y Mil Letras","url":"http:\/\/unaymilletras.com\/","logo":{"@type":"ImageObject","inLanguage":"en-GB","@id":"http:\/\/unaymilletras.com\/#\/schema\/logo\/image\/","url":"https:\/\/unaymilletras.com\/wp-content\/uploads\/2024\/06\/cropped-Logo-removebg-preview.png","contentUrl":"https:\/\/unaymilletras.com\/wp-content\/uploads\/2024\/06\/cropped-Logo-removebg-preview.png","width":512,"height":512,"caption":"Una y Mil Letras"},"image":{"@id":"http:\/\/unaymilletras.com\/#\/schema\/logo\/image\/"},"sameAs":["https:\/\/x.com\/UnaYMilLetras","https:\/\/instagram.com\/UnaYMilLetras"]},{"@type":"Person","@id":"http:\/\/unaymilletras.com\/#\/schema\/person\/a10550e4bff9a23f941f52b2cd5d8686","name":"Alba Benito","image":{"@type":"ImageObject","inLanguage":"en-GB","@id":"https:\/\/secure.gravatar.com\/avatar\/f227a2222ee313f4b5dea91891742064ec98aa8f11b91568879eaecf941f84de?s=96&d=mm&r=g","url":"https:\/\/secure.gravatar.com\/avatar\/f227a2222ee313f4b5dea91891742064ec98aa8f11b91568879eaecf941f84de?s=96&d=mm&r=g","contentUrl":"https:\/\/secure.gravatar.com\/avatar\/f227a2222ee313f4b5dea91891742064ec98aa8f11b91568879eaecf941f84de?s=96&d=mm&r=g","caption":"Alba Benito"},"url":"https:\/\/unaymilletras.com\/en\/author\/aalbaas_\/"}]}},"_links":{"self":[{"href":"https:\/\/unaymilletras.com\/en\/wp-json\/wp\/v2\/posts\/6424","targetHints":{"allow":["GET"]}}],"collection":[{"href":"https:\/\/unaymilletras.com\/en\/wp-json\/wp\/v2\/posts"}],"about":[{"href":"https:\/\/unaymilletras.com\/en\/wp-json\/wp\/v2\/types\/post"}],"author":[{"embeddable":true,"href":"https:\/\/unaymilletras.com\/en\/wp-json\/wp\/v2\/users\/13"}],"replies":[{"embeddable":true,"href":"https:\/\/unaymilletras.com\/en\/wp-json\/wp\/v2\/comments?post=6424"}],"version-history":[{"count":22,"href":"https:\/\/unaymilletras.com\/en\/wp-json\/wp\/v2\/posts\/6424\/revisions"}],"predecessor-version":[{"id":6456,"href":"https:\/\/unaymilletras.com\/en\/wp-json\/wp\/v2\/posts\/6424\/revisions\/6456"}],"wp:featuredmedia":[{"embeddable":true,"href":"https:\/\/unaymilletras.com\/en\/wp-json\/wp\/v2\/media\/6426"}],"wp:attachment":[{"href":"https:\/\/unaymilletras.com\/en\/wp-json\/wp\/v2\/media?parent=6424"}],"wp:term":[{"taxonomy":"category","embeddable":true,"href":"https:\/\/unaymilletras.com\/en\/wp-json\/wp\/v2\/categories?post=6424"},{"taxonomy":"post_tag","embeddable":true,"href":"https:\/\/unaymilletras.com\/en\/wp-json\/wp\/v2\/tags?post=6424"}],"curies":[{"name":"wp","href":"https:\/\/api.w.org\/{rel}","templated":true}]}}