{"id":6449,"date":"2025-11-23T18:00:00","date_gmt":"2025-11-23T17:00:00","guid":{"rendered":"https:\/\/unaymilletras.com\/?p=6449"},"modified":"2025-11-23T14:32:41","modified_gmt":"2025-11-23T13:32:41","slug":"caudal-fest-2026-vuelve-a-lugo-con-lori-meyers-y-siloe-entre-los-primeros-confirmados","status":"publish","type":"post","link":"https:\/\/unaymilletras.com\/en\/caudal-fest-2026-vuelve-a-lugo-con-lori-meyers-y-siloe-entre-los-primeros-confirmados\/","title":{"rendered":"Caudal Fest 2026 vuelve a Lugo con Lori Meyers y Silo\u00e9 entre los primeros confirmados"},"content":{"rendered":"<div data-elementor-type=\"wp-post\" data-elementor-id=\"6449\" class=\"elementor elementor-6449\">\n\t\t\t\t\t\t<section class=\"elementor-section elementor-top-section elementor-element elementor-element-e404e7a elementor-section-boxed elementor-section-height-default elementor-section-height-default\" data-id=\"e404e7a\" data-element_type=\"section\" data-e-type=\"section\">\n\t\t\t\t\t\t<div class=\"elementor-container elementor-column-gap-default\">\n\t\t\t\t\t<div class=\"elementor-column elementor-col-100 elementor-top-column elementor-element elementor-element-6804483\" data-id=\"6804483\" data-element_type=\"column\" data-e-type=\"column\">\n\t\t\t<div class=\"elementor-widget-wrap elementor-element-populated\">\n\t\t\t\t\t\t<div class=\"elementor-element elementor-element-54813d1 elementor-widget elementor-widget-heading\" data-id=\"54813d1\" data-element_type=\"widget\" data-e-type=\"widget\" data-widget_type=\"heading.default\">\n\t\t\t\t<div class=\"elementor-widget-container\">\n\t\t\t\t\t<h2 class=\"elementor-heading-title elementor-size-default\">Los abonos salen a la venta el 21 de noviembre a las 12:00 horas<\/h2>\t\t\t\t<\/div>\n\t\t\t\t<\/div>\n\t\t\t\t\t<\/div>\n\t\t<\/div>\n\t\t\t\t\t<\/div>\n\t\t<\/section>\n\t\t\t\t<section class=\"elementor-section elementor-top-section elementor-element elementor-element-3a570149 elementor-section-boxed elementor-section-height-default elementor-section-height-default\" data-id=\"3a570149\" data-element_type=\"section\" data-e-type=\"section\">\n\t\t\t\t\t\t<div class=\"elementor-container elementor-column-gap-default\">\n\t\t\t\t\t<div class=\"elementor-column elementor-col-100 elementor-top-column elementor-element elementor-element-543502a9\" data-id=\"543502a9\" data-element_type=\"column\" data-e-type=\"column\">\n\t\t\t<div class=\"elementor-widget-wrap elementor-element-populated\">\n\t\t\t\t\t\t<div class=\"elementor-element elementor-element-cf96e02 elementor-widget elementor-widget-text-editor\" data-id=\"cf96e02\" data-element_type=\"widget\" data-e-type=\"widget\" data-widget_type=\"text-editor.default\">\n\t\t\t\t<div class=\"elementor-widget-container\">\n\t\t\t\t\t\t\t\t\t<p><\/p>\n<p>El <strong>Caudal Fest<\/strong> vuelve a Lugo los d\u00edas <strong>18 y 19 de septiembre de 2026<\/strong>, y ya ha desvelado el primer adelanto de su programaci\u00f3n. La selecci\u00f3n incluye tanto nombres consolidados como nuevos proyectos que est\u00e1n dejando huella en la escena musical espa\u00f1ola.<\/p>\n<p><\/p>\n<h2 class=\"wp-block-heading\">Primer avance de cartel:<\/h2>\n<p><\/p>\n<p>Entre los grandes nombres confirmados, <strong>Lori Meyers<\/strong> brilla como uno de los pilares del indie rock espa\u00f1ol. Con m\u00e1s de veinte a\u00f1os sobre los escenarios, los granadinos han dejado una huella imborrable gracias a sus directos llenos de energ\u00eda y su capacidad para reinventarse sin perder su esencia. Ellos y su m\u00fasica son un viaje de emociones, donde florecen los recuerdos y los momentos compartidos por varias generaciones. Y, verlos en el Caudal ser\u00e1 como dejarse llevar por la magia de su m\u00fasica.<\/p>\n<p><\/p>\n<p><strong>Silo\u00e9<\/strong> llega con un sonido que mezcla pop, rock y electr\u00f3nica, capaz de emocionar y de hacer sentir cada canci\u00f3n de una manera muy especial y cercana. <strong>La La Love You<\/strong>, en cambio, es pura fiesta. Su pop punk lleno de humor y energ\u00eda convierte cualquier escenario en un momento para saltar, cantar y dejarse llevar.<\/p>\n<p><\/p>\n<p>Dentro del pop-rock espa\u00f1ol, <strong>Pignoise<\/strong> sigue siendo un cl\u00e1sico que despierta nostalgia y conecta generaciones. Mientras que <strong>Sexy Zebras<\/strong> aportan la fuerza del rock alternativo con guitarras que rugen y directos en\u00e9rgicos. <strong>Barry B<\/strong> suma un toque moderno y atrevido con su electr\u00f3nica experimental y pop vanguardista.<\/p>\n<p><\/p>\n<p>Tambi\u00e9n hay hueco para nuevas voces. <strong>Sanguijuelas del Guadiana<\/strong> envuelven al p\u00fablico con su folk ac\u00fastico y pop alternativo. <strong>Besmaya<\/strong> aporta frescura y creatividad, mezclando g\u00e9neros y sonidos que sorprenden y captan la atenci\u00f3n desde el primer instante. <strong>Anni B Sweet<\/strong>, con su voz delicada, pero poderosa, combina sensibilidad y fuerza en un estilo que fusiona indie, folk y pop. Para cerrar, <strong>Inazio<\/strong> trae un enfoque contempor\u00e1neo, fusionando electr\u00f3nica, pop y elementos experimentales, completando un cartel diverso que recorre pr\u00e1cticamente todos los sonidos del panorama musical espa\u00f1ol.<\/p>\n<p><\/p>\n<figure class=\"wp-block-image size-large\"><img fetchpriority=\"high\" decoding=\"async\" width=\"819\" height=\"1024\" class=\"wp-image-6450\" src=\"https:\/\/unaymilletras.com\/wp-content\/uploads\/2025\/11\/image-2-819x1024.png\" alt=\"\" srcset=\"https:\/\/unaymilletras.com\/wp-content\/uploads\/2025\/11\/image-2-819x1024.png 819w, https:\/\/unaymilletras.com\/wp-content\/uploads\/2025\/11\/image-2-240x300.png 240w, https:\/\/unaymilletras.com\/wp-content\/uploads\/2025\/11\/image-2-768x960.png 768w, https:\/\/unaymilletras.com\/wp-content\/uploads\/2025\/11\/image-2-10x12.png 10w, https:\/\/unaymilletras.com\/wp-content\/uploads\/2025\/11\/image-2-1024x1280.png 1024w, https:\/\/unaymilletras.com\/wp-content\/uploads\/2025\/11\/image-2.png 1080w\" sizes=\"(max-width: 819px) 100vw, 819px\" \/>\n<p>\u00a0<\/p>\n<figcaption class=\"wp-element-caption\">Fuente: Bring The Noise<\/figcaption>\n<\/figure>\n<p><\/p>\n<p>Lugo, que ha acogido el festival desde su primera edici\u00f3n, vuelve a convertirse en epicentro musical en Galicia. Con los a\u00f1os, Caudal Fest se ha consolidado como uno de los principales eventos de septiembre gracias a su cartel y al ambiente lleno de cercan\u00eda. Porque pasear por sus escenarios es encontrarse con la m\u00fasica en todas sus formas, desde el rock hasta los ritmos electr\u00f3nicos m\u00e1s atrevidos.<\/p>\n<p><\/p>\n<p>Los abonos para el Caudal Fest 2026 se pondr\u00e1n a la venta el <strong>viernes 21 de noviembre a las 12:00 horas<\/strong> a trav\u00e9s de los <a href=\"https:\/\/www.caudalfest.es\/\">canales oficiales del festival<\/a>. Y, esta edici\u00f3n promete ser una de esas citas musicales que no querr\u00e1s perderte.<\/p>\n<p><\/p>\t\t\t\t\t\t\t\t<\/div>\n\t\t\t\t<\/div>\n\t\t\t\t\t<\/div>\n\t\t<\/div>\n\t\t\t\t\t<\/div>\n\t\t<\/section>\n\t\t\t\t<\/div>","protected":false},"excerpt":{"rendered":"<p>Los abonos salen a la venta el 21 de noviembre a las 12:00 horas Primer avance de cartel: Entre los grandes nombres confirmados, Lori Meyers brilla como uno de los pilares del indie rock espa\u00f1ol. Con m\u00e1s de veinte a\u00f1os sobre los escenarios, los granadinos han dejado una huella imborrable gracias a sus directos llenos [&hellip;]<\/p>\n","protected":false},"author":5,"featured_media":6461,"comment_status":"closed","ping_status":"closed","sticky":false,"template":"","format":"standard","meta":{"footnotes":""},"categories":[4],"tags":[281,275,280,269,282,278,273,270,279,274,276,277],"class_list":["post-6449","post","type-post","status-publish","format-standard","has-post-thumbnail","hentry","category-musica","tag-anny-b-sweet","tag-barry-b","tag-besmaya","tag-caudal-fest","tag-inazio","tag-la-la-love-you","tag-lori-meyers","tag-lugo","tag-pignoise","tag-sanguijuelas-del-guadiana","tag-sexy-zebras","tag-siloe"],"yoast_head":"<!-- This site is optimized with the Yoast SEO plugin v27.4 - https:\/\/yoast.com\/product\/yoast-seo-wordpress\/ -->\n<title>Caudal Fest 2026 vuelve a Lugo con Lori Meyers y Silo\u00e9 entre los primeros confirmados<\/title>\n<meta name=\"description\" content=\"El Caudal Fest 2026 vuelve a Lugo los d\u00edas 18 y 19 de septiembre con una selecci\u00f3n variada de nombres de la m\u00fasica espa\u00f1ola.\" \/>\n<meta name=\"robots\" content=\"index, follow, max-snippet:-1, max-image-preview:large, max-video-preview:-1\" \/>\n<link rel=\"canonical\" href=\"https:\/\/unaymilletras.com\/en\/caudal-fest-2026-vuelve-a-lugo-con-lori-meyers-y-siloe-entre-los-primeros-confirmados\/\" \/>\n<meta property=\"og:locale\" content=\"en_GB\" \/>\n<meta property=\"og:type\" content=\"article\" \/>\n<meta property=\"og:title\" content=\"Caudal Fest 2026 vuelve a Lugo con Lori Meyers y Silo\u00e9 entre los primeros confirmados\" \/>\n<meta property=\"og:description\" content=\"El Caudal Fest 2026 vuelve a Lugo los d\u00edas 18 y 19 de septiembre con una selecci\u00f3n variada de nombres de la m\u00fasica espa\u00f1ola.\" \/>\n<meta property=\"og:url\" content=\"https:\/\/unaymilletras.com\/en\/caudal-fest-2026-vuelve-a-lugo-con-lori-meyers-y-siloe-entre-los-primeros-confirmados\/\" \/>\n<meta property=\"og:site_name\" content=\"Una y Mil Letras\" \/>\n<meta property=\"article:published_time\" content=\"2025-11-23T17:00:00+00:00\" \/>\n<meta property=\"og:image\" content=\"https:\/\/unaymilletras.com\/wp-content\/uploads\/2025\/11\/a_lorimeyers.jpg\" \/>\n\t<meta property=\"og:image:width\" content=\"640\" \/>\n\t<meta property=\"og:image:height\" content=\"427\" \/>\n\t<meta property=\"og:image:type\" content=\"image\/jpeg\" \/>\n<meta name=\"author\" content=\"Luc\u00eda Fandi\u00f1o\" \/>\n<meta name=\"twitter:card\" content=\"summary_large_image\" \/>\n<meta name=\"twitter:creator\" content=\"@UnaYMilLetras\" \/>\n<meta name=\"twitter:site\" content=\"@UnaYMilLetras\" \/>\n<meta name=\"twitter:label1\" content=\"Written by\" \/>\n\t<meta name=\"twitter:data1\" content=\"Luc\u00eda Fandi\u00f1o\" \/>\n\t<meta name=\"twitter:label2\" content=\"Estimated reading time\" \/>\n\t<meta name=\"twitter:data2\" content=\"3 minutes\" \/>\n<script type=\"application\/ld+json\" class=\"yoast-schema-graph\">{\"@context\":\"https:\\\/\\\/schema.org\",\"@graph\":[{\"@type\":\"Article\",\"@id\":\"https:\\\/\\\/unaymilletras.com\\\/caudal-fest-2026-vuelve-a-lugo-con-lori-meyers-y-siloe-entre-los-primeros-confirmados\\\/#article\",\"isPartOf\":{\"@id\":\"https:\\\/\\\/unaymilletras.com\\\/caudal-fest-2026-vuelve-a-lugo-con-lori-meyers-y-siloe-entre-los-primeros-confirmados\\\/\"},\"author\":{\"name\":\"Luc\u00eda Fandi\u00f1o\",\"@id\":\"http:\\\/\\\/unaymilletras.com\\\/#\\\/schema\\\/person\\\/047a24f09ead3f0ba2387e5df86d9336\"},\"headline\":\"Caudal Fest 2026 vuelve a Lugo con Lori Meyers y Silo\u00e9 entre los primeros confirmados\",\"datePublished\":\"2025-11-23T17:00:00+00:00\",\"mainEntityOfPage\":{\"@id\":\"https:\\\/\\\/unaymilletras.com\\\/caudal-fest-2026-vuelve-a-lugo-con-lori-meyers-y-siloe-entre-los-primeros-confirmados\\\/\"},\"wordCount\":446,\"publisher\":{\"@id\":\"http:\\\/\\\/unaymilletras.com\\\/#organization\"},\"image\":{\"@id\":\"https:\\\/\\\/unaymilletras.com\\\/caudal-fest-2026-vuelve-a-lugo-con-lori-meyers-y-siloe-entre-los-primeros-confirmados\\\/#primaryimage\"},\"thumbnailUrl\":\"https:\\\/\\\/unaymilletras.com\\\/wp-content\\\/uploads\\\/2025\\\/11\\\/a_lorimeyers.jpg\",\"keywords\":[\"Anny B Sweet\",\"Barry B\",\"Besmaya\",\"Caudal Fest\",\"Inazio\",\"La La Love You\",\"Lori Meyers\",\"Lugo\",\"Pignoise\",\"Sanguijuelas del Guadiana\",\"Sexy Zebras\",\"Silo\u00e9\"],\"articleSection\":[\"M\u00fasica\"],\"inLanguage\":\"en-GB\"},{\"@type\":\"WebPage\",\"@id\":\"https:\\\/\\\/unaymilletras.com\\\/caudal-fest-2026-vuelve-a-lugo-con-lori-meyers-y-siloe-entre-los-primeros-confirmados\\\/\",\"url\":\"https:\\\/\\\/unaymilletras.com\\\/caudal-fest-2026-vuelve-a-lugo-con-lori-meyers-y-siloe-entre-los-primeros-confirmados\\\/\",\"name\":\"Caudal Fest 2026 vuelve a Lugo con Lori Meyers y Silo\u00e9 entre los primeros confirmados\",\"isPartOf\":{\"@id\":\"http:\\\/\\\/unaymilletras.com\\\/#website\"},\"primaryImageOfPage\":{\"@id\":\"https:\\\/\\\/unaymilletras.com\\\/caudal-fest-2026-vuelve-a-lugo-con-lori-meyers-y-siloe-entre-los-primeros-confirmados\\\/#primaryimage\"},\"image\":{\"@id\":\"https:\\\/\\\/unaymilletras.com\\\/caudal-fest-2026-vuelve-a-lugo-con-lori-meyers-y-siloe-entre-los-primeros-confirmados\\\/#primaryimage\"},\"thumbnailUrl\":\"https:\\\/\\\/unaymilletras.com\\\/wp-content\\\/uploads\\\/2025\\\/11\\\/a_lorimeyers.jpg\",\"datePublished\":\"2025-11-23T17:00:00+00:00\",\"description\":\"El Caudal Fest 2026 vuelve a Lugo los d\u00edas 18 y 19 de septiembre con una selecci\u00f3n variada de nombres de la m\u00fasica espa\u00f1ola.\",\"breadcrumb\":{\"@id\":\"https:\\\/\\\/unaymilletras.com\\\/caudal-fest-2026-vuelve-a-lugo-con-lori-meyers-y-siloe-entre-los-primeros-confirmados\\\/#breadcrumb\"},\"inLanguage\":\"en-GB\",\"potentialAction\":[{\"@type\":\"ReadAction\",\"target\":[\"https:\\\/\\\/unaymilletras.com\\\/caudal-fest-2026-vuelve-a-lugo-con-lori-meyers-y-siloe-entre-los-primeros-confirmados\\\/\"]}]},{\"@type\":\"ImageObject\",\"inLanguage\":\"en-GB\",\"@id\":\"https:\\\/\\\/unaymilletras.com\\\/caudal-fest-2026-vuelve-a-lugo-con-lori-meyers-y-siloe-entre-los-primeros-confirmados\\\/#primaryimage\",\"url\":\"https:\\\/\\\/unaymilletras.com\\\/wp-content\\\/uploads\\\/2025\\\/11\\\/a_lorimeyers.jpg\",\"contentUrl\":\"https:\\\/\\\/unaymilletras.com\\\/wp-content\\\/uploads\\\/2025\\\/11\\\/a_lorimeyers.jpg\",\"width\":640,\"height\":427},{\"@type\":\"BreadcrumbList\",\"@id\":\"https:\\\/\\\/unaymilletras.com\\\/caudal-fest-2026-vuelve-a-lugo-con-lori-meyers-y-siloe-entre-los-primeros-confirmados\\\/#breadcrumb\",\"itemListElement\":[{\"@type\":\"ListItem\",\"position\":1,\"name\":\"Home\",\"item\":\"http:\\\/\\\/unaymilletras.com\\\/\"},{\"@type\":\"ListItem\",\"position\":2,\"name\":\"Caudal Fest 2026 vuelve a Lugo con Lori Meyers y Silo\u00e9 entre los primeros confirmados\"}]},{\"@type\":\"WebSite\",\"@id\":\"http:\\\/\\\/unaymilletras.com\\\/#website\",\"url\":\"http:\\\/\\\/unaymilletras.com\\\/\",\"name\":\"Una y Mil Letras\",\"description\":\"\",\"publisher\":{\"@id\":\"http:\\\/\\\/unaymilletras.com\\\/#organization\"},\"potentialAction\":[{\"@type\":\"SearchAction\",\"target\":{\"@type\":\"EntryPoint\",\"urlTemplate\":\"http:\\\/\\\/unaymilletras.com\\\/?s={search_term_string}\"},\"query-input\":{\"@type\":\"PropertyValueSpecification\",\"valueRequired\":true,\"valueName\":\"search_term_string\"}}],\"inLanguage\":\"en-GB\"},{\"@type\":\"Organization\",\"@id\":\"http:\\\/\\\/unaymilletras.com\\\/#organization\",\"name\":\"Una y Mil Letras\",\"url\":\"http:\\\/\\\/unaymilletras.com\\\/\",\"logo\":{\"@type\":\"ImageObject\",\"inLanguage\":\"en-GB\",\"@id\":\"http:\\\/\\\/unaymilletras.com\\\/#\\\/schema\\\/logo\\\/image\\\/\",\"url\":\"https:\\\/\\\/unaymilletras.com\\\/wp-content\\\/uploads\\\/2024\\\/06\\\/cropped-Logo-removebg-preview.png\",\"contentUrl\":\"https:\\\/\\\/unaymilletras.com\\\/wp-content\\\/uploads\\\/2024\\\/06\\\/cropped-Logo-removebg-preview.png\",\"width\":512,\"height\":512,\"caption\":\"Una y Mil Letras\"},\"image\":{\"@id\":\"http:\\\/\\\/unaymilletras.com\\\/#\\\/schema\\\/logo\\\/image\\\/\"},\"sameAs\":[\"https:\\\/\\\/x.com\\\/UnaYMilLetras\",\"https:\\\/\\\/instagram.com\\\/UnaYMilLetras\"]},{\"@type\":\"Person\",\"@id\":\"http:\\\/\\\/unaymilletras.com\\\/#\\\/schema\\\/person\\\/047a24f09ead3f0ba2387e5df86d9336\",\"name\":\"Luc\u00eda Fandi\u00f1o\",\"image\":{\"@type\":\"ImageObject\",\"inLanguage\":\"en-GB\",\"@id\":\"https:\\\/\\\/secure.gravatar.com\\\/avatar\\\/d22d9eea03f89c5d17f4b05c3efeb11bad23ff32b99e63bbf54232bc1b6a06b2?s=96&d=mm&r=g\",\"url\":\"https:\\\/\\\/secure.gravatar.com\\\/avatar\\\/d22d9eea03f89c5d17f4b05c3efeb11bad23ff32b99e63bbf54232bc1b6a06b2?s=96&d=mm&r=g\",\"contentUrl\":\"https:\\\/\\\/secure.gravatar.com\\\/avatar\\\/d22d9eea03f89c5d17f4b05c3efeb11bad23ff32b99e63bbf54232bc1b6a06b2?s=96&d=mm&r=g\",\"caption\":\"Luc\u00eda Fandi\u00f1o\"},\"sameAs\":[\"www.instagram.com\\\/luciaafandino\"],\"url\":\"https:\\\/\\\/unaymilletras.com\\\/en\\\/author\\\/luciaafandino\\\/\"}]}<\/script>\n<!-- \/ Yoast SEO plugin. -->","yoast_head_json":{"title":"Caudal Fest 2026 vuelve a Lugo con Lori Meyers y Silo\u00e9 entre los primeros confirmados","description":"El Caudal Fest 2026 vuelve a Lugo los d\u00edas 18 y 19 de septiembre con una selecci\u00f3n variada de nombres de la m\u00fasica espa\u00f1ola.","robots":{"index":"index","follow":"follow","max-snippet":"max-snippet:-1","max-image-preview":"max-image-preview:large","max-video-preview":"max-video-preview:-1"},"canonical":"https:\/\/unaymilletras.com\/en\/caudal-fest-2026-vuelve-a-lugo-con-lori-meyers-y-siloe-entre-los-primeros-confirmados\/","og_locale":"en_GB","og_type":"article","og_title":"Caudal Fest 2026 vuelve a Lugo con Lori Meyers y Silo\u00e9 entre los primeros confirmados","og_description":"El Caudal Fest 2026 vuelve a Lugo los d\u00edas 18 y 19 de septiembre con una selecci\u00f3n variada de nombres de la m\u00fasica espa\u00f1ola.","og_url":"https:\/\/unaymilletras.com\/en\/caudal-fest-2026-vuelve-a-lugo-con-lori-meyers-y-siloe-entre-los-primeros-confirmados\/","og_site_name":"Una y Mil Letras","article_published_time":"2025-11-23T17:00:00+00:00","og_image":[{"width":640,"height":427,"url":"https:\/\/unaymilletras.com\/wp-content\/uploads\/2025\/11\/a_lorimeyers.jpg","type":"image\/jpeg"}],"author":"Luc\u00eda Fandi\u00f1o","twitter_card":"summary_large_image","twitter_creator":"@UnaYMilLetras","twitter_site":"@UnaYMilLetras","twitter_misc":{"Written by":"Luc\u00eda Fandi\u00f1o","Estimated reading time":"3 minutes"},"schema":{"@context":"https:\/\/schema.org","@graph":[{"@type":"Article","@id":"https:\/\/unaymilletras.com\/caudal-fest-2026-vuelve-a-lugo-con-lori-meyers-y-siloe-entre-los-primeros-confirmados\/#article","isPartOf":{"@id":"https:\/\/unaymilletras.com\/caudal-fest-2026-vuelve-a-lugo-con-lori-meyers-y-siloe-entre-los-primeros-confirmados\/"},"author":{"name":"Luc\u00eda Fandi\u00f1o","@id":"http:\/\/unaymilletras.com\/#\/schema\/person\/047a24f09ead3f0ba2387e5df86d9336"},"headline":"Caudal Fest 2026 vuelve a Lugo con Lori Meyers y Silo\u00e9 entre los primeros confirmados","datePublished":"2025-11-23T17:00:00+00:00","mainEntityOfPage":{"@id":"https:\/\/unaymilletras.com\/caudal-fest-2026-vuelve-a-lugo-con-lori-meyers-y-siloe-entre-los-primeros-confirmados\/"},"wordCount":446,"publisher":{"@id":"http:\/\/unaymilletras.com\/#organization"},"image":{"@id":"https:\/\/unaymilletras.com\/caudal-fest-2026-vuelve-a-lugo-con-lori-meyers-y-siloe-entre-los-primeros-confirmados\/#primaryimage"},"thumbnailUrl":"https:\/\/unaymilletras.com\/wp-content\/uploads\/2025\/11\/a_lorimeyers.jpg","keywords":["Anny B Sweet","Barry B","Besmaya","Caudal Fest","Inazio","La La Love You","Lori Meyers","Lugo","Pignoise","Sanguijuelas del Guadiana","Sexy Zebras","Silo\u00e9"],"articleSection":["M\u00fasica"],"inLanguage":"en-GB"},{"@type":"WebPage","@id":"https:\/\/unaymilletras.com\/caudal-fest-2026-vuelve-a-lugo-con-lori-meyers-y-siloe-entre-los-primeros-confirmados\/","url":"https:\/\/unaymilletras.com\/caudal-fest-2026-vuelve-a-lugo-con-lori-meyers-y-siloe-entre-los-primeros-confirmados\/","name":"Caudal Fest 2026 vuelve a Lugo con Lori Meyers y Silo\u00e9 entre los primeros confirmados","isPartOf":{"@id":"http:\/\/unaymilletras.com\/#website"},"primaryImageOfPage":{"@id":"https:\/\/unaymilletras.com\/caudal-fest-2026-vuelve-a-lugo-con-lori-meyers-y-siloe-entre-los-primeros-confirmados\/#primaryimage"},"image":{"@id":"https:\/\/unaymilletras.com\/caudal-fest-2026-vuelve-a-lugo-con-lori-meyers-y-siloe-entre-los-primeros-confirmados\/#primaryimage"},"thumbnailUrl":"https:\/\/unaymilletras.com\/wp-content\/uploads\/2025\/11\/a_lorimeyers.jpg","datePublished":"2025-11-23T17:00:00+00:00","description":"El Caudal Fest 2026 vuelve a Lugo los d\u00edas 18 y 19 de septiembre con una selecci\u00f3n variada de nombres de la m\u00fasica espa\u00f1ola.","breadcrumb":{"@id":"https:\/\/unaymilletras.com\/caudal-fest-2026-vuelve-a-lugo-con-lori-meyers-y-siloe-entre-los-primeros-confirmados\/#breadcrumb"},"inLanguage":"en-GB","potentialAction":[{"@type":"ReadAction","target":["https:\/\/unaymilletras.com\/caudal-fest-2026-vuelve-a-lugo-con-lori-meyers-y-siloe-entre-los-primeros-confirmados\/"]}]},{"@type":"ImageObject","inLanguage":"en-GB","@id":"https:\/\/unaymilletras.com\/caudal-fest-2026-vuelve-a-lugo-con-lori-meyers-y-siloe-entre-los-primeros-confirmados\/#primaryimage","url":"https:\/\/unaymilletras.com\/wp-content\/uploads\/2025\/11\/a_lorimeyers.jpg","contentUrl":"https:\/\/unaymilletras.com\/wp-content\/uploads\/2025\/11\/a_lorimeyers.jpg","width":640,"height":427},{"@type":"BreadcrumbList","@id":"https:\/\/unaymilletras.com\/caudal-fest-2026-vuelve-a-lugo-con-lori-meyers-y-siloe-entre-los-primeros-confirmados\/#breadcrumb","itemListElement":[{"@type":"ListItem","position":1,"name":"Home","item":"http:\/\/unaymilletras.com\/"},{"@type":"ListItem","position":2,"name":"Caudal Fest 2026 vuelve a Lugo con Lori Meyers y Silo\u00e9 entre los primeros confirmados"}]},{"@type":"WebSite","@id":"http:\/\/unaymilletras.com\/#website","url":"http:\/\/unaymilletras.com\/","name":"Una y Mil Letras","description":"","publisher":{"@id":"http:\/\/unaymilletras.com\/#organization"},"potentialAction":[{"@type":"SearchAction","target":{"@type":"EntryPoint","urlTemplate":"http:\/\/unaymilletras.com\/?s={search_term_string}"},"query-input":{"@type":"PropertyValueSpecification","valueRequired":true,"valueName":"search_term_string"}}],"inLanguage":"en-GB"},{"@type":"Organization","@id":"http:\/\/unaymilletras.com\/#organization","name":"Una y Mil Letras","url":"http:\/\/unaymilletras.com\/","logo":{"@type":"ImageObject","inLanguage":"en-GB","@id":"http:\/\/unaymilletras.com\/#\/schema\/logo\/image\/","url":"https:\/\/unaymilletras.com\/wp-content\/uploads\/2024\/06\/cropped-Logo-removebg-preview.png","contentUrl":"https:\/\/unaymilletras.com\/wp-content\/uploads\/2024\/06\/cropped-Logo-removebg-preview.png","width":512,"height":512,"caption":"Una y Mil Letras"},"image":{"@id":"http:\/\/unaymilletras.com\/#\/schema\/logo\/image\/"},"sameAs":["https:\/\/x.com\/UnaYMilLetras","https:\/\/instagram.com\/UnaYMilLetras"]},{"@type":"Person","@id":"http:\/\/unaymilletras.com\/#\/schema\/person\/047a24f09ead3f0ba2387e5df86d9336","name":"Luc\u00eda Fandi\u00f1o","image":{"@type":"ImageObject","inLanguage":"en-GB","@id":"https:\/\/secure.gravatar.com\/avatar\/d22d9eea03f89c5d17f4b05c3efeb11bad23ff32b99e63bbf54232bc1b6a06b2?s=96&d=mm&r=g","url":"https:\/\/secure.gravatar.com\/avatar\/d22d9eea03f89c5d17f4b05c3efeb11bad23ff32b99e63bbf54232bc1b6a06b2?s=96&d=mm&r=g","contentUrl":"https:\/\/secure.gravatar.com\/avatar\/d22d9eea03f89c5d17f4b05c3efeb11bad23ff32b99e63bbf54232bc1b6a06b2?s=96&d=mm&r=g","caption":"Luc\u00eda Fandi\u00f1o"},"sameAs":["www.instagram.com\/luciaafandino"],"url":"https:\/\/unaymilletras.com\/en\/author\/luciaafandino\/"}]}},"_links":{"self":[{"href":"https:\/\/unaymilletras.com\/en\/wp-json\/wp\/v2\/posts\/6449","targetHints":{"allow":["GET"]}}],"collection":[{"href":"https:\/\/unaymilletras.com\/en\/wp-json\/wp\/v2\/posts"}],"about":[{"href":"https:\/\/unaymilletras.com\/en\/wp-json\/wp\/v2\/types\/post"}],"author":[{"embeddable":true,"href":"https:\/\/unaymilletras.com\/en\/wp-json\/wp\/v2\/users\/5"}],"replies":[{"embeddable":true,"href":"https:\/\/unaymilletras.com\/en\/wp-json\/wp\/v2\/comments?post=6449"}],"version-history":[{"count":4,"href":"https:\/\/unaymilletras.com\/en\/wp-json\/wp\/v2\/posts\/6449\/revisions"}],"predecessor-version":[{"id":6460,"href":"https:\/\/unaymilletras.com\/en\/wp-json\/wp\/v2\/posts\/6449\/revisions\/6460"}],"wp:featuredmedia":[{"embeddable":true,"href":"https:\/\/unaymilletras.com\/en\/wp-json\/wp\/v2\/media\/6461"}],"wp:attachment":[{"href":"https:\/\/unaymilletras.com\/en\/wp-json\/wp\/v2\/media?parent=6449"}],"wp:term":[{"taxonomy":"category","embeddable":true,"href":"https:\/\/unaymilletras.com\/en\/wp-json\/wp\/v2\/categories?post=6449"},{"taxonomy":"post_tag","embeddable":true,"href":"https:\/\/unaymilletras.com\/en\/wp-json\/wp\/v2\/tags?post=6449"}],"curies":[{"name":"wp","href":"https:\/\/api.w.org\/{rel}","templated":true}]}}