{"id":645,"date":"2023-05-31T12:40:21","date_gmt":"2023-05-31T12:40:21","guid":{"rendered":"http:\/\/unaymilletras.com\/?p=645"},"modified":"2023-05-31T13:14:51","modified_gmt":"2023-05-31T13:14:51","slug":"entrevista-a-vidal-210","status":"publish","type":"post","link":"https:\/\/unaymilletras.com\/en\/entrevista-a-vidal-210\/","title":{"rendered":"Vidal 210: \u00abIba a clase por las ma\u00f1anas, cog\u00eda el metro sin comer, por las tardes iba a su casa a hacer m\u00fasica y hasta la noche\u00bb"},"content":{"rendered":"<div data-elementor-type=\"wp-post\" data-elementor-id=\"645\" class=\"elementor elementor-645\">\n\t\t\t\t\t\t<section class=\"elementor-section elementor-top-section elementor-element elementor-element-9d66001 elementor-section-boxed elementor-section-height-default elementor-section-height-default\" data-id=\"9d66001\" data-element_type=\"section\" data-e-type=\"section\">\n\t\t\t\t\t\t<div class=\"elementor-container elementor-column-gap-default\">\n\t\t\t\t\t<div class=\"elementor-column elementor-col-100 elementor-top-column elementor-element elementor-element-43991c2\" data-id=\"43991c2\" data-element_type=\"column\" data-e-type=\"column\">\n\t\t\t<div class=\"elementor-widget-wrap elementor-element-populated\">\n\t\t\t\t\t\t<div class=\"elementor-element elementor-element-e07cab6 elementor-widget elementor-widget-text-editor\" data-id=\"e07cab6\" data-element_type=\"widget\" data-e-type=\"widget\" data-widget_type=\"text-editor.default\">\n\t\t\t\t<div class=\"elementor-widget-container\">\n\t\t\t\t\t\t\t\t\t<p>Vidal 210 es un artista emergente de 22 a\u00f1os que empez\u00f3 a componer desde peque\u00f1o. M\u00e1s adelante form\u00f3 Del 210, un grupo con unos amigos de su pueblo y en el que hac\u00edan Hip Hop\/Rap. Su carrera en solitario comienza en 2020 mezclando el pop con la m\u00fasica urbana. Este mismo a\u00f1o, sac\u00f3 <em><a href=\"https:\/\/open.spotify.com\/album\/1q5mYgWWnbt2QaiK8deZrG?si=yfut908ySiacgvRR4D0fmA\">Tenerte a mi lado<\/a>\u00a0<\/em>una de sus canciones m\u00e1s importantes y que supuso un impulso para \u00e9l.\u00a0<\/p><p>Desde que comenz\u00f3, Vidal 210 ha tenido canciones virales, como\u00a0<em><a href=\"https:\/\/open.spotify.com\/album\/6AryfpQacVRSjWn5cVcm0U?si=2-B-ufiKQwyGQwUMLlvUhQ\">En otra ciudad (Spanish Version)<\/a><\/em> y no ha dejado de trabajar. Ahora, ha anunciado su primer concierto en\u00a0<span style=\"color: #808080;\"><a style=\"color: #808080;\" href=\"http:\/\/unaymilletras.com\/en\/trueno-llega-a-espana-este-verano\/\" target=\"_blank\" rel=\"noopener\">Madrid<\/a><\/span>\u00a0el pr\u00f3ximo 21 de octubre en la Sala La Caverna y las entradas ya est\u00e1n a la venta.\u00a0<\/p>\t\t\t\t\t\t\t\t<\/div>\n\t\t\t\t<\/div>\n\t\t\t\t\t<\/div>\n\t\t<\/div>\n\t\t\t\t\t<\/div>\n\t\t<\/section>\n\t\t\t\t<section class=\"elementor-section elementor-top-section elementor-element elementor-element-c8872e9 elementor-section-boxed elementor-section-height-default elementor-section-height-default\" data-id=\"c8872e9\" data-element_type=\"section\" data-e-type=\"section\">\n\t\t\t\t\t\t<div class=\"elementor-container elementor-column-gap-default\">\n\t\t\t\t\t<div class=\"elementor-column elementor-col-100 elementor-top-column elementor-element elementor-element-bfc0273\" data-id=\"bfc0273\" data-element_type=\"column\" data-e-type=\"column\">\n\t\t\t<div class=\"elementor-widget-wrap elementor-element-populated\">\n\t\t\t\t\t\t<div class=\"elementor-element elementor-element-e49dd18 elementor-widget elementor-widget-image\" data-id=\"e49dd18\" data-element_type=\"widget\" data-e-type=\"widget\" data-widget_type=\"image.default\">\n\t\t\t\t<div class=\"elementor-widget-container\">\n\t\t\t\t\t\t\t\t\t\t\t\t\t\t\t<img fetchpriority=\"high\" decoding=\"async\" width=\"640\" height=\"800\" src=\"https:\/\/unaymilletras.com\/wp-content\/uploads\/2023\/05\/Vidal-210-madrid-819x1024.jpeg\" class=\"attachment-large size-large wp-image-657\" alt=\"Vidal 210\" srcset=\"https:\/\/unaymilletras.com\/wp-content\/uploads\/2023\/05\/Vidal-210-madrid-819x1024.jpeg 819w, https:\/\/unaymilletras.com\/wp-content\/uploads\/2023\/05\/Vidal-210-madrid-e1685536322720-240x300.jpeg 240w, https:\/\/unaymilletras.com\/wp-content\/uploads\/2023\/05\/Vidal-210-madrid-768x960.jpeg 768w, https:\/\/unaymilletras.com\/wp-content\/uploads\/2023\/05\/Vidal-210-madrid-1024x1280.jpeg 1024w, https:\/\/unaymilletras.com\/wp-content\/uploads\/2023\/05\/Vidal-210-madrid-e1685536322720.jpeg 600w\" sizes=\"(max-width: 640px) 100vw, 640px\" \/>\t\t\t\t\t\t\t\t\t\t\t\t\t\t\t<\/div>\n\t\t\t\t<\/div>\n\t\t\t\t\t<\/div>\n\t\t<\/div>\n\t\t\t\t\t<\/div>\n\t\t<\/section>\n\t\t\t\t<section class=\"elementor-section elementor-top-section elementor-element elementor-element-32c6c86 elementor-section-boxed elementor-section-height-default elementor-section-height-default\" data-id=\"32c6c86\" data-element_type=\"section\" data-e-type=\"section\">\n\t\t\t\t\t\t<div class=\"elementor-container elementor-column-gap-default\">\n\t\t\t\t\t<div class=\"elementor-column elementor-col-100 elementor-top-column elementor-element elementor-element-286387f\" data-id=\"286387f\" data-element_type=\"column\" data-e-type=\"column\">\n\t\t\t<div class=\"elementor-widget-wrap elementor-element-populated\">\n\t\t\t\t\t\t<div class=\"elementor-element elementor-element-6ac5d63 elementor-widget elementor-widget-text-editor\" data-id=\"6ac5d63\" data-element_type=\"widget\" data-e-type=\"widget\" data-widget_type=\"text-editor.default\">\n\t\t\t\t<div class=\"elementor-widget-container\">\n\t\t\t\t\t\t\t\t\t<p><strong>\u00bfQu\u00e9 es el grupo de Del210?<br \/><\/strong>Es un grupo en el que al principio \u00e9ramos 5 y todos \u00e9ramos del mismo pueblo y de ah\u00ed viene el nombre. Yo soy de un pueblo de Valencia llamado Pica\u00f1a y su c\u00f3digo postal es 46210. Por eso nos pusimos ese nombre, como para representar un poco al pueblo. Nos conocimos todos de all\u00ed, de salir. Algunos cantaban, otros hac\u00edan batallas de gallos y as\u00ed nos conocimos. Nos juntamos los 4 o 5 chavales que a d\u00eda de hoy siguen siendo mis amigos y nos junt\u00e1bamos para hacer m\u00fasica. Grab\u00e1bamos en mi asa que me compr\u00e9 un micr\u00f3fono, una tarjeta y hac\u00edamos canciones de rap. De ah\u00ed sali\u00f3 ese grupo. Tuvimos un par de bolos, sal\u00edamos los 4 al escenario. Por eso mantengo el 210 en mi nombre, por ellos, por mi c\u00edrculo de amigos y por todo lo que llevo detr\u00e1s.<\/p>\t\t\t\t\t\t\t\t<\/div>\n\t\t\t\t<\/div>\n\t\t\t\t\t<\/div>\n\t\t<\/div>\n\t\t\t\t\t<\/div>\n\t\t<\/section>\n\t\t\t\t<section class=\"elementor-section elementor-top-section elementor-element elementor-element-d2749aa elementor-section-boxed elementor-section-height-default elementor-section-height-default\" data-id=\"d2749aa\" data-element_type=\"section\" data-e-type=\"section\">\n\t\t\t\t\t\t<div class=\"elementor-container elementor-column-gap-default\">\n\t\t\t\t\t<div class=\"elementor-column elementor-col-50 elementor-top-column elementor-element elementor-element-89105a4\" data-id=\"89105a4\" data-element_type=\"column\" data-e-type=\"column\">\n\t\t\t<div class=\"elementor-widget-wrap elementor-element-populated\">\n\t\t\t\t\t\t<div class=\"elementor-element elementor-element-9fd3943 elementor-widget elementor-widget-text-editor\" data-id=\"9fd3943\" data-element_type=\"widget\" data-e-type=\"widget\" data-widget_type=\"text-editor.default\">\n\t\t\t\t<div class=\"elementor-widget-container\">\n\t\t\t\t\t\t\t\t\t<p><strong>Hace poco ha salido una nueva canci\u00f3n, \u00bfqu\u00e9 nos puedes contar de ella?<br \/><\/strong><em>Como un gato en el tejao <\/em>la\u00a0compuse con mi hermano Pauet y con Mart\u00ednez. Es una canci\u00f3n de pop electr\u00f3nico, que es a lo que le estamos dando ahora y es lo que m\u00e1s me identifica. Representa tambi\u00e9n un poco el desamor de pensar mucho en una persona y aunque lo arregles las cosas no est\u00e1n bien, tapas unas cosas con otras pero todo sigue m\u00e1s o menos igual.<\/p>\t\t\t\t\t\t\t\t<\/div>\n\t\t\t\t<\/div>\n\t\t\t\t\t<\/div>\n\t\t<\/div>\n\t\t\t\t<div class=\"elementor-column elementor-col-50 elementor-top-column elementor-element elementor-element-ead573b\" data-id=\"ead573b\" data-element_type=\"column\" data-e-type=\"column\">\n\t\t\t<div class=\"elementor-widget-wrap elementor-element-populated\">\n\t\t\t\t\t\t<div class=\"elementor-element elementor-element-b240b30 elementor-widget elementor-widget-image\" data-id=\"b240b30\" data-element_type=\"widget\" data-e-type=\"widget\" data-widget_type=\"image.default\">\n\t\t\t\t<div class=\"elementor-widget-container\">\n\t\t\t\t\t\t\t\t\t\t\t\t\t\t\t<img decoding=\"async\" width=\"640\" height=\"800\" src=\"https:\/\/unaymilletras.com\/wp-content\/uploads\/2023\/05\/IMG_2693.png\" class=\"attachment-large size-large wp-image-648\" alt=\"Vidal 210\" srcset=\"https:\/\/unaymilletras.com\/wp-content\/uploads\/2023\/05\/IMG_2693.png 800w, https:\/\/unaymilletras.com\/wp-content\/uploads\/2023\/05\/IMG_2693-240x300.png 240w, https:\/\/unaymilletras.com\/wp-content\/uploads\/2023\/05\/IMG_2693-768x960.png 768w\" sizes=\"(max-width: 640px) 100vw, 640px\" \/>\t\t\t\t\t\t\t\t\t\t\t\t\t\t\t<\/div>\n\t\t\t\t<\/div>\n\t\t\t\t\t<\/div>\n\t\t<\/div>\n\t\t\t\t\t<\/div>\n\t\t<\/section>\n\t\t\t\t<section class=\"elementor-section elementor-top-section elementor-element elementor-element-7d59a42 elementor-section-boxed elementor-section-height-default elementor-section-height-default\" data-id=\"7d59a42\" data-element_type=\"section\" data-e-type=\"section\">\n\t\t\t\t\t\t<div class=\"elementor-container elementor-column-gap-default\">\n\t\t\t\t\t<div class=\"elementor-column elementor-col-100 elementor-top-column elementor-element elementor-element-cc99652\" data-id=\"cc99652\" data-element_type=\"column\" data-e-type=\"column\">\n\t\t\t<div class=\"elementor-widget-wrap elementor-element-populated\">\n\t\t\t\t\t\t<div class=\"elementor-element elementor-element-af07740 elementor-widget elementor-widget-text-editor\" data-id=\"af07740\" data-element_type=\"widget\" data-e-type=\"widget\" data-widget_type=\"text-editor.default\">\n\t\t\t\t<div class=\"elementor-widget-container\">\n\t\t\t\t\t\t\t\t\t<p><strong>Has hablado de Pauet con quien trabajas mucho. \u00bfC\u00f3mo es tu relaci\u00f3n con \u00e9l? \u00bfC\u00f3mo os conocisteis? <br><\/strong>Ten\u00eda unos 17 a\u00f1os, grababa en casa y grababa mis propias voces, nada de m\u00fasica. Entonces un amigo me dijo que un chico que iba con \u00e9l a clase y produc\u00eda y ten\u00eda un estudio en casa. Era Pauet. A ra\u00edz de ah\u00ed contact\u00e9 con \u00e9l, quedamos, hubo muy buen rollo, nos hicimos muy amigos, empezamos a grabar juntos y desde entonces no nos hemos separado. Es mi hermano. Gracias a \u00e9l yo creo que estoy donde estoy, porque es un chaval muy disciplinado, me ha transmitido eso a m\u00ed, hemos dejado muchas cosas atr\u00e1s por la m\u00fasica, \u00e9l es m\u00fasico desde que es peque\u00f1o\u2026<\/p>\n<p><strong>Cuentas lo que te ha transmitido \u00e9l pero, \u00bfqu\u00e9 crees que le has transmitido t\u00fa?<br><\/strong>\u00c9l me suele decir que lo mismo. Pauet antes trabajaba con m\u00e1s gente, pero me dijo que cuando llegu\u00e9 yo, le gust\u00f3 c\u00f3mo lo hac\u00eda. Tambi\u00e9n vio que lo estaba dej\u00e1ndome la piel por ir todos los d\u00edas, currar y hacer canciones. As\u00ed empez\u00f3 a coger \u00e9l tambi\u00e9n la marcha y creo que fue un poco mutuo. Me acuerdo de que la \u00e9poca en la que le conoc\u00ed iba a clase por las ma\u00f1anas, me cog\u00eda el metro sin comer, me iba por las tardes a su casa y all\u00ed hasta la noche. As\u00ed todos los d\u00edas.<\/p>\t\t\t\t\t\t\t\t<\/div>\n\t\t\t\t<\/div>\n\t\t\t\t\t<\/div>\n\t\t<\/div>\n\t\t\t\t\t<\/div>\n\t\t<\/section>\n\t\t\t\t<section class=\"elementor-section elementor-top-section elementor-element elementor-element-8f0fb3b elementor-section-boxed elementor-section-height-default elementor-section-height-default\" data-id=\"8f0fb3b\" data-element_type=\"section\" data-e-type=\"section\">\n\t\t\t\t\t\t<div class=\"elementor-container elementor-column-gap-default\">\n\t\t\t\t\t<div class=\"elementor-column elementor-col-50 elementor-top-column elementor-element elementor-element-2dd29fa\" data-id=\"2dd29fa\" data-element_type=\"column\" data-e-type=\"column\">\n\t\t\t<div class=\"elementor-widget-wrap elementor-element-populated\">\n\t\t\t\t\t\t<div class=\"elementor-element elementor-element-752d7f5 elementor-widget elementor-widget-image\" data-id=\"752d7f5\" data-element_type=\"widget\" data-e-type=\"widget\" data-widget_type=\"image.default\">\n\t\t\t\t<div class=\"elementor-widget-container\">\n\t\t\t\t\t\t\t\t\t\t\t\t\t\t\t<img decoding=\"async\" width=\"527\" height=\"1024\" src=\"https:\/\/unaymilletras.com\/wp-content\/uploads\/2023\/05\/image00001.jpeg\" class=\"attachment-large size-large wp-image-649\" alt=\"\" srcset=\"https:\/\/unaymilletras.com\/wp-content\/uploads\/2023\/05\/image00001.jpeg 527w, https:\/\/unaymilletras.com\/wp-content\/uploads\/2023\/05\/image00001-154x300.jpeg 154w\" sizes=\"(max-width: 527px) 100vw, 527px\" \/>\t\t\t\t\t\t\t\t\t\t\t\t\t\t\t<\/div>\n\t\t\t\t<\/div>\n\t\t\t\t\t<\/div>\n\t\t<\/div>\n\t\t\t\t<div class=\"elementor-column elementor-col-50 elementor-top-column elementor-element elementor-element-8c597f9\" data-id=\"8c597f9\" data-element_type=\"column\" data-e-type=\"column\">\n\t\t\t<div class=\"elementor-widget-wrap elementor-element-populated\">\n\t\t\t\t\t\t<div class=\"elementor-element elementor-element-a531327 elementor-widget elementor-widget-image\" data-id=\"a531327\" data-element_type=\"widget\" data-e-type=\"widget\" data-widget_type=\"image.default\">\n\t\t\t\t<div class=\"elementor-widget-container\">\n\t\t\t\t\t\t\t\t\t\t\t\t\t\t\t<img loading=\"lazy\" decoding=\"async\" width=\"527\" height=\"1024\" src=\"https:\/\/unaymilletras.com\/wp-content\/uploads\/2023\/05\/image00004-527x1024.jpeg\" class=\"attachment-large size-large wp-image-652\" alt=\"\" srcset=\"https:\/\/unaymilletras.com\/wp-content\/uploads\/2023\/05\/image00004-527x1024.jpeg 527w, https:\/\/unaymilletras.com\/wp-content\/uploads\/2023\/05\/image00004-154x300.jpeg 154w, https:\/\/unaymilletras.com\/wp-content\/uploads\/2023\/05\/image00004.jpeg 695w\" sizes=\"(max-width: 527px) 100vw, 527px\" \/>\t\t\t\t\t\t\t\t\t\t\t\t\t\t\t<\/div>\n\t\t\t\t<\/div>\n\t\t\t\t\t<\/div>\n\t\t<\/div>\n\t\t\t\t\t<\/div>\n\t\t<\/section>\n\t\t\t\t<section class=\"elementor-section elementor-top-section elementor-element elementor-element-174a2ac elementor-section-boxed elementor-section-height-default elementor-section-height-default\" data-id=\"174a2ac\" data-element_type=\"section\" data-e-type=\"section\">\n\t\t\t\t\t\t<div class=\"elementor-container elementor-column-gap-default\">\n\t\t\t\t\t<div class=\"elementor-column elementor-col-100 elementor-top-column elementor-element elementor-element-359b146\" data-id=\"359b146\" data-element_type=\"column\" data-e-type=\"column\">\n\t\t\t<div class=\"elementor-widget-wrap elementor-element-populated\">\n\t\t\t\t\t\t<div class=\"elementor-element elementor-element-2d210e4 elementor-widget elementor-widget-text-editor\" data-id=\"2d210e4\" data-element_type=\"widget\" data-e-type=\"widget\" data-widget_type=\"text-editor.default\">\n\t\t\t\t<div class=\"elementor-widget-container\">\n\t\t\t\t\t\t\t\t\t<p><strong>Entonces, tu familia cuando ve que te involucras tanto en la m\u00fasica cuando reci\u00e9n est\u00e1s empezando, \u00bfc\u00f3mo lo llevaban? \u00bfQu\u00e9 opinaban?<br><\/strong>Como empec\u00e9 tan de peque\u00f1o, al principio lo ve\u00edan como un hobbie, algo con lo que yo me distra\u00eda y que a m\u00ed me hac\u00eda disfrutar. Todo lo compaginaba porque al final sigo siendo emergente.<span style=\"color: var( --e-global-color-text ); font-family: var( --e-global-typography-text-font-family ), Sans-serif; font-weight: var( --e-global-typography-text-font-weight );\">&nbsp;No vivo de ello. Fue un poco complicado porque yo ve\u00eda que estaba estudiando y que estaba dando todas mis horas posibles para la m\u00fasica, para poder mejorar, para hacerlo bien. Estaba estudiando y a la vez trabajaba para poder pag\u00e1rmelo todo. Ah\u00ed me satur\u00e9 e hice un grado medio. Cuando lo termin\u00e9 le dije a mi padre que iba a dejar de estudiar pero que nunca me iba a ver en la cama tirado. Me iba a ver levant\u00e1ndome todas las ma\u00f1anas para hacer lo que realmente quiero. Ah\u00ed ya le cambi\u00f3 el chip y se vio que iba en serio. Siempre me han apoyado.<\/span><\/p>\t\t\t\t\t\t\t\t<\/div>\n\t\t\t\t<\/div>\n\t\t\t\t\t<\/div>\n\t\t<\/div>\n\t\t\t\t\t<\/div>\n\t\t<\/section>\n\t\t\t\t<section class=\"elementor-section elementor-top-section elementor-element elementor-element-7e6e868 elementor-section-boxed elementor-section-height-default elementor-section-height-default\" data-id=\"7e6e868\" data-element_type=\"section\" data-e-type=\"section\">\n\t\t\t\t\t\t<div class=\"elementor-container elementor-column-gap-default\">\n\t\t\t\t\t<div class=\"elementor-column elementor-col-100 elementor-top-column elementor-element elementor-element-3339fb7\" data-id=\"3339fb7\" data-element_type=\"column\" data-e-type=\"column\">\n\t\t\t<div class=\"elementor-widget-wrap elementor-element-populated\">\n\t\t\t\t\t\t<div class=\"elementor-element elementor-element-70c990f elementor-widget elementor-widget-text-editor\" data-id=\"70c990f\" data-element_type=\"widget\" data-e-type=\"widget\" data-widget_type=\"text-editor.default\">\n\t\t\t\t<div class=\"elementor-widget-container\">\n\t\t\t\t\t\t\t\t\t<p><strong>Hablando de c\u00f3mo hac\u00edas los videoclips, \u00bfqu\u00e9 evoluci\u00f3n consideras que has tenido desde el principio hasta ahora?<\/strong><\/p><p>He sido un poco loco y no he organizado muchas veces las cosas antes. Creo que la esencia de mis v\u00eddeos siempre ha sido asegurarme un escenario incre\u00edble. Por ejemplo, grab\u00e9 un videoclip en un campo de golf, otro en una nave donde hab\u00eda un avi\u00f3n dentro. Yo igual no ten\u00eda la idea de lo que iba a pasar en el v\u00eddeo, pero s\u00ed que ten\u00eda asegurado el escenario porque eso era lo que m\u00e1s iba a impactar. La gente quer\u00eda ver algo novedoso, algo nuevo. Yo luego llegaba al sitio con mi c\u00e1mara que nos conoc\u00edamos de siempre y empez\u00e1bamos a grabar y todo flu\u00eda. Ahora aparte de buscar un escenario estoy intentando hacer un guion, estoy intentando que todo tenga sentido y me est\u00e1n ayudando.<\/p>\t\t\t\t\t\t\t\t<\/div>\n\t\t\t\t<\/div>\n\t\t\t\t\t<\/div>\n\t\t<\/div>\n\t\t\t\t\t<\/div>\n\t\t<\/section>\n\t\t\t\t<section class=\"elementor-section elementor-top-section elementor-element elementor-element-a70f993 elementor-section-boxed elementor-section-height-default elementor-section-height-default\" data-id=\"a70f993\" data-element_type=\"section\" data-e-type=\"section\">\n\t\t\t\t\t\t<div class=\"elementor-container elementor-column-gap-default\">\n\t\t\t\t\t<div class=\"elementor-column elementor-col-100 elementor-top-column elementor-element elementor-element-066ea85\" data-id=\"066ea85\" data-element_type=\"column\" data-e-type=\"column\">\n\t\t\t<div class=\"elementor-widget-wrap elementor-element-populated\">\n\t\t\t\t\t\t<div class=\"elementor-element elementor-element-fcd2c15 elementor-widget elementor-widget-video\" data-id=\"fcd2c15\" data-element_type=\"widget\" data-e-type=\"widget\" data-settings=\"{&quot;youtube_url&quot;:&quot;https:\\\/\\\/www.youtube.com\\\/watch?v=0bRG1wRIcdM&quot;,&quot;video_type&quot;:&quot;youtube&quot;,&quot;controls&quot;:&quot;yes&quot;}\" data-widget_type=\"video.default\">\n\t\t\t\t<div class=\"elementor-widget-container\">\n\t\t\t\t\t\t\t<div class=\"elementor-wrapper elementor-open-inline\">\n\t\t\t<div class=\"elementor-video\"><\/div>\t\t<\/div>\n\t\t\t\t\t\t<\/div>\n\t\t\t\t<\/div>\n\t\t\t\t\t<\/div>\n\t\t<\/div>\n\t\t\t\t\t<\/div>\n\t\t<\/section>\n\t\t\t\t<section class=\"elementor-section elementor-top-section elementor-element elementor-element-5907f77 elementor-section-boxed elementor-section-height-default elementor-section-height-default\" data-id=\"5907f77\" data-element_type=\"section\" data-e-type=\"section\">\n\t\t\t\t\t\t<div class=\"elementor-container elementor-column-gap-default\">\n\t\t\t\t\t<div class=\"elementor-column elementor-col-100 elementor-top-column elementor-element elementor-element-da05acc\" data-id=\"da05acc\" data-element_type=\"column\" data-e-type=\"column\">\n\t\t\t<div class=\"elementor-widget-wrap elementor-element-populated\">\n\t\t\t\t\t\t<div class=\"elementor-element elementor-element-ce633b1 elementor-widget elementor-widget-text-editor\" data-id=\"ce633b1\" data-element_type=\"widget\" data-e-type=\"widget\" data-widget_type=\"text-editor.default\">\n\t\t\t\t<div class=\"elementor-widget-container\">\n\t\t\t\t\t\t\t\t\t<p><strong>Tienes una canci\u00f3n dedicada para tu padre. \u00bfc\u00f3mo fue el crear una canci\u00f3n tan distinta a las que sueles hacer de amor?<br \/><\/strong>Me gusta contar la historia de esta canci\u00f3n ya que no la iba a hacer. Naci\u00f3 porque mi padre se iba a jubilar y mi madre me pidi\u00f3 que le hiciese una canci\u00f3n para su fiesta. Ten\u00eda m\u00e1s o menos la idea, pero lo estaba dejando porque ten\u00eda muchos proyectos que terminar. Entonces un par de d\u00edas antes de la fiesta mi madre me dijo \u201coye, \u00bftienes la canci\u00f3n ya o no?\u201d, y le dije que no. Ese mismo d\u00eda fui a la casa que tengo en el campo y la compuse con un beat que estaba escuchando. Hice la letra sin melod\u00eda, algo que casi nunca hago. Todo me fluy\u00f3 r\u00e1pido, como si escribieses un poema. Esa misma ma\u00f1ana me fui a mi casa, la prob\u00e9 y le saqu\u00e9 las melod\u00edas. La grab\u00e9 as\u00ed, tal cual. Fue s\u00faper r\u00e1pido. Me encant\u00f3 escribirla y la sent\u00ed al 100%.<\/p><p><strong>Y no sali\u00f3 mal porque es tu segunda canci\u00f3n m\u00e1s escuchada. La primera es <em>En otra ciudad (Spanish Version), <\/em>de la cual se hizo un tren muy conocido en TikTok.<br \/><\/strong>Yo quiero pensar que era un trend de broma porque vi muchos v\u00eddeos que eran muy fuertes. Al principio lo sub\u00eda la gente porque le gustaba el inicio y bien. Despu\u00e9s empec\u00e9 a ver ese trend, lo ve\u00eda con mis amigos y est\u00e1bamos flipando la verdad. Yo quiero pensar que lo hac\u00edan de broma y que no es verdad.<\/p><p><strong>\u00bfC\u00f3mo surgi\u00f3 la idea de hacer una Spanish Version de esa canci\u00f3n?<br \/><\/strong>No es el primero que hago porque un a\u00f1o antes empec\u00e9 con mi cuenta en Tiktok y comenc\u00e9 a subir muchas canciones que hac\u00eda yo y Spanish Version de canciones que me gustaban. Un domingo estaba en el restaurante trabajando y estaba escuchando esa canci\u00f3n de Katy Perry que me encanta. De escucharla fui cogiendo las melod\u00edas y la forma que tiene ella de rimar. Intent\u00e9 pasarlo yo al espa\u00f1ol sin usar lo que ella dice, d\u00e1ndole una vuelta y expresando otra cosa para que no fuese igual. Grab\u00e9 la primera parte hasta el estribillo. Al d\u00eda siguiente al salir de clase ten\u00eda 20 o 30 mil visitas, que en ese momento yo no sol\u00eda tener eso. Impact\u00f3 mucho, supongo que fue por la primera frase que a la gente le gust\u00f3 y tambi\u00e9n por la tem\u00e1tica.<\/p>\t\t\t\t\t\t\t\t<\/div>\n\t\t\t\t<\/div>\n\t\t\t\t\t<\/div>\n\t\t<\/div>\n\t\t\t\t\t<\/div>\n\t\t<\/section>\n\t\t\t\t<section class=\"elementor-section elementor-top-section elementor-element elementor-element-e079ce5 elementor-section-boxed elementor-section-height-default elementor-section-height-default\" data-id=\"e079ce5\" data-element_type=\"section\" data-e-type=\"section\">\n\t\t\t\t\t\t<div class=\"elementor-container elementor-column-gap-default\">\n\t\t\t\t\t<div class=\"elementor-column elementor-col-50 elementor-top-column elementor-element elementor-element-214e62b\" data-id=\"214e62b\" data-element_type=\"column\" data-e-type=\"column\">\n\t\t\t<div class=\"elementor-widget-wrap elementor-element-populated\">\n\t\t\t\t\t\t<div class=\"elementor-element elementor-element-8f53ab1 elementor-widget elementor-widget-image\" data-id=\"8f53ab1\" data-element_type=\"widget\" data-e-type=\"widget\" data-widget_type=\"image.default\">\n\t\t\t\t<div class=\"elementor-widget-container\">\n\t\t\t\t\t\t\t\t\t\t\t\t\t\t\t<img loading=\"lazy\" decoding=\"async\" width=\"640\" height=\"960\" src=\"https:\/\/unaymilletras.com\/wp-content\/uploads\/2023\/05\/image00003-683x1024.jpeg\" class=\"attachment-large size-large wp-image-651\" alt=\"\" srcset=\"https:\/\/unaymilletras.com\/wp-content\/uploads\/2023\/05\/image00003-683x1024.jpeg 683w, https:\/\/unaymilletras.com\/wp-content\/uploads\/2023\/05\/image00003-scaled-e1685535914623-200x300.jpeg 200w, https:\/\/unaymilletras.com\/wp-content\/uploads\/2023\/05\/image00003-768x1152.jpeg 768w, https:\/\/unaymilletras.com\/wp-content\/uploads\/2023\/05\/image00003-1024x1536.jpeg 1024w, https:\/\/unaymilletras.com\/wp-content\/uploads\/2023\/05\/image00003-1365x2048.jpeg 1365w, https:\/\/unaymilletras.com\/wp-content\/uploads\/2023\/05\/image00003-scaled-e1685535914623.jpeg 600w\" sizes=\"(max-width: 640px) 100vw, 640px\" \/>\t\t\t\t\t\t\t\t\t\t\t\t\t\t\t<\/div>\n\t\t\t\t<\/div>\n\t\t\t\t\t<\/div>\n\t\t<\/div>\n\t\t\t\t<div class=\"elementor-column elementor-col-50 elementor-top-column elementor-element elementor-element-cf36914\" data-id=\"cf36914\" data-element_type=\"column\" data-e-type=\"column\">\n\t\t\t<div class=\"elementor-widget-wrap elementor-element-populated\">\n\t\t\t\t\t\t<div class=\"elementor-element elementor-element-7449008 elementor-widget elementor-widget-text-editor\" data-id=\"7449008\" data-element_type=\"widget\" data-e-type=\"widget\" data-widget_type=\"text-editor.default\">\n\t\t\t\t<div class=\"elementor-widget-container\">\n\t\t\t\t\t\t\t\t\t<p><strong>\u00bfC\u00f3mo es la sensaci\u00f3n de estar mal y lograr sacar algo bueno de esa situaci\u00f3n?<br><\/strong>Es una sensaci\u00f3n incre\u00edble. Cuando escuchas una canci\u00f3n con la que te sientes identificada, \u00bfa que se siente incre\u00edble? Pues imag\u00ednate hacerla t\u00fa mismo. Te ha pasado algo, lo haces, est\u00e1 tal cual lo que t\u00fa sientes en ese momento y la escuchas. Es brutal. Me estoy sintiendo identificado con lo que acabo de hacer. Yo creo que la mejor sensaci\u00f3n del mundo de los artistas es cuando acabamos una canci\u00f3n y la escuchamos en alto. El momento de acabar la \u00faltima frase y escucharla entera.&nbsp;<\/p>\t\t\t\t\t\t\t\t<\/div>\n\t\t\t\t<\/div>\n\t\t\t\t\t<\/div>\n\t\t<\/div>\n\t\t\t\t\t<\/div>\n\t\t<\/section>\n\t\t\t\t<section class=\"elementor-section elementor-top-section elementor-element elementor-element-f81bb6e elementor-section-boxed elementor-section-height-default elementor-section-height-default\" data-id=\"f81bb6e\" data-element_type=\"section\" data-e-type=\"section\">\n\t\t\t\t\t\t<div class=\"elementor-container elementor-column-gap-default\">\n\t\t\t\t\t<div class=\"elementor-column elementor-col-100 elementor-top-column elementor-element elementor-element-09d1a78\" data-id=\"09d1a78\" data-element_type=\"column\" data-e-type=\"column\">\n\t\t\t<div class=\"elementor-widget-wrap elementor-element-populated\">\n\t\t\t\t\t\t<div class=\"elementor-element elementor-element-ad6e2d2 elementor-widget elementor-widget-text-editor\" data-id=\"ad6e2d2\" data-element_type=\"widget\" data-e-type=\"widget\" data-widget_type=\"text-editor.default\">\n\t\t\t\t<div class=\"elementor-widget-container\">\n\t\t\t\t\t\t\t\t\t<p><strong>Cu\u00e1ndo un artista saca una canci\u00f3n, una vez que ya ha salido, \u00bfsol\u00e9is consumir vuestra propia m\u00fasica?<br \/><\/strong>No. Obviamente no. A lo mejor puedes tener una canci\u00f3n guardada durante ocho meses y durante ese tiempo la vas a escuchar. Pero cuando sale, puedes escucharla ese d\u00eda porque la est\u00e1s promocionando, pero dos d\u00edas despu\u00e9s ya no. No la vuelves a escuchar nunca m\u00e1s. La aborreces, puedes encontrarle fallos nuevos\u2026 la mente es muy retorcida<\/p><p><strong>\u00bfTienes alguna costumbre que te ayude a escribir mejor?<br \/><\/strong>Cuando voy a mi casa del campo a escribir y componer me pongo en una hamaca con vistas al bosque y suelo leer. A veces hago eso. Otras simplemente voy, me abro una cerveza y me pongo ya.<\/p>\t\t\t\t\t\t\t\t<\/div>\n\t\t\t\t<\/div>\n\t\t\t\t\t<\/div>\n\t\t<\/div>\n\t\t\t\t\t<\/div>\n\t\t<\/section>\n\t\t\t\t<section class=\"elementor-section elementor-top-section elementor-element elementor-element-83574e6 elementor-section-boxed elementor-section-height-default elementor-section-height-default\" data-id=\"83574e6\" data-element_type=\"section\" data-e-type=\"section\">\n\t\t\t\t\t\t<div class=\"elementor-container elementor-column-gap-default\">\n\t\t\t\t\t<div class=\"elementor-column elementor-col-100 elementor-top-column elementor-element elementor-element-b0a9e8b\" data-id=\"b0a9e8b\" data-element_type=\"column\" data-e-type=\"column\">\n\t\t\t<div class=\"elementor-widget-wrap elementor-element-populated\">\n\t\t\t\t\t\t<div class=\"elementor-element elementor-element-bc8e7b5 elementor-widget elementor-widget-image\" data-id=\"bc8e7b5\" data-element_type=\"widget\" data-e-type=\"widget\" data-widget_type=\"image.default\">\n\t\t\t\t<div class=\"elementor-widget-container\">\n\t\t\t\t\t\t\t\t\t\t\t\t\t\t\t<img loading=\"lazy\" decoding=\"async\" width=\"640\" height=\"640\" src=\"https:\/\/unaymilletras.com\/wp-content\/uploads\/2023\/05\/image00002-1024x1024.jpeg\" class=\"attachment-large size-large wp-image-650\" alt=\"Vidal 210\" srcset=\"https:\/\/unaymilletras.com\/wp-content\/uploads\/2023\/05\/image00002-1024x1024.jpeg 1024w, https:\/\/unaymilletras.com\/wp-content\/uploads\/2023\/05\/image00002-e1685536101661-300x300.jpeg 300w, https:\/\/unaymilletras.com\/wp-content\/uploads\/2023\/05\/image00002-e1685536101661-150x150.jpeg 150w, https:\/\/unaymilletras.com\/wp-content\/uploads\/2023\/05\/image00002-768x768.jpeg 768w, https:\/\/unaymilletras.com\/wp-content\/uploads\/2023\/05\/image00002-1536x1536.jpeg 1536w, https:\/\/unaymilletras.com\/wp-content\/uploads\/2023\/05\/image00002-e1685536101661.jpeg 600w\" sizes=\"(max-width: 640px) 100vw, 640px\" \/>\t\t\t\t\t\t\t\t\t\t\t\t\t\t\t<\/div>\n\t\t\t\t<\/div>\n\t\t\t\t\t<\/div>\n\t\t<\/div>\n\t\t\t\t\t<\/div>\n\t\t<\/section>\n\t\t\t\t<section class=\"elementor-section elementor-top-section elementor-element elementor-element-d734d32 elementor-section-boxed elementor-section-height-default elementor-section-height-default\" data-id=\"d734d32\" data-element_type=\"section\" data-e-type=\"section\">\n\t\t\t\t\t\t<div class=\"elementor-container elementor-column-gap-default\">\n\t\t\t\t\t<div class=\"elementor-column elementor-col-100 elementor-top-column elementor-element elementor-element-59d89df\" data-id=\"59d89df\" data-element_type=\"column\" data-e-type=\"column\">\n\t\t\t<div class=\"elementor-widget-wrap elementor-element-populated\">\n\t\t\t\t\t\t<div class=\"elementor-element elementor-element-1fea84f elementor-widget elementor-widget-text-editor\" data-id=\"1fea84f\" data-element_type=\"widget\" data-e-type=\"widget\" data-widget_type=\"text-editor.default\">\n\t\t\t\t<div class=\"elementor-widget-container\">\n\t\t\t\t\t\t\t\t\t<p><strong>Ya que hac\u00edas rap, \u00bfno has pensado en hacer alguna canci\u00f3n de ese estilo?<br \/><\/strong>El a\u00f1o pasado prob\u00e9 yo en mi casa pero ya no me llena tanto, por lo mismo que te digo. El rap se puede hacer de forma que todo tenga un sentido y vaya por un camino, pero normalmente sule ser de desahogo. Contar much\u00edsimas cosas. A mi lo que me gusta es que todo bien estructurado y te lleve hacia el estribillo, te cuente eso, luego en los versos te cuente otra cosa. \u00bfSabes?<\/p><p><strong>T\u00fa tocas instrumentos. \u00bfLas bases son siempre hechas o alguna vez las has hecho t\u00fa?<br \/><\/strong>Que va, a\u00fan estoy aprendiendo. Chapurreo la guitarra y desde hace a\u00f1os que s\u00e9 tocas la canci\u00f3n de Harry Potter jajaja. Ahora estoy dando clases de guitarra con mi hermano Mart\u00ednez y he aprendido much\u00edsimas cosas. A parte, estudi\u00e9 solfeo de peque\u00f1o. Estamos preparando ahora un EP para despu\u00e9s de verano y de las canciones que salgan, unas dos s\u00ed que llevan el punteo de la guitarra hecho por m\u00ed. Con eso compuse la canci\u00f3n y luego se lo llev\u00e9 a Pauet para producirla.<\/p><p><strong>\u00bfNo has pensado en sacar una versi\u00f3n ac\u00fastica de alguna canci\u00f3n que ya tengas?<br \/><\/strong>Pues s\u00ed. La verdad es que lo he pensado y seguramente que salga.<\/p><p><strong>\u00bfEn el EP?<br \/><\/strong>Puede ser.<\/p>\t\t\t\t\t\t\t\t<\/div>\n\t\t\t\t<\/div>\n\t\t\t\t\t<\/div>\n\t\t<\/div>\n\t\t\t\t\t<\/div>\n\t\t<\/section>\n\t\t\t\t<\/div>","protected":false},"excerpt":{"rendered":"<p>Vidal 210 es un artista emergente de 22 a\u00f1os que empez\u00f3 a componer desde peque\u00f1o. M\u00e1s adelante form\u00f3 Del 210, un grupo con unos amigos de su pueblo y en el que hac\u00edan Hip Hop\/Rap.<\/p>","protected":false},"author":1,"featured_media":651,"comment_status":"open","ping_status":"open","sticky":false,"template":"","format":"standard","meta":{"footnotes":""},"categories":[112,4],"tags":[],"class_list":["post-645","post","type-post","status-publish","format-standard","has-post-thumbnail","hentry","category-entrevistas","category-musica"],"yoast_head":"<!-- This site is optimized with the Yoast SEO plugin v27.4 - https:\/\/yoast.com\/product\/yoast-seo-wordpress\/ -->\n<title>Vidal 210: &quot;Iba a clase por las ma\u00f1anas, cog\u00eda el metro sin comer, por las tardes iba a su casa a hacer m\u00fasica y hasta la noche&quot; &#8902; Una y Mil Letras<\/title>\n<meta name=\"description\" content=\"Vidal 210 es un artista emergente de 22 a\u00f1os que empez\u00f3 a componer desde peque\u00f1o. M\u00e1s adelante form\u00f3 Del 210, un grupo con unos amigos de...\" \/>\n<meta name=\"robots\" content=\"index, follow, max-snippet:-1, max-image-preview:large, max-video-preview:-1\" \/>\n<link rel=\"canonical\" href=\"https:\/\/unaymilletras.com\/en\/entrevista-a-vidal-210\/\" \/>\n<meta property=\"og:locale\" content=\"en_GB\" \/>\n<meta property=\"og:type\" content=\"article\" \/>\n<meta property=\"og:title\" content=\"Vidal 210: &quot;Iba a clase por las ma\u00f1anas, cog\u00eda el metro sin comer, por las tardes iba a su casa a hacer m\u00fasica y hasta la noche&quot; &#8902; Una y Mil Letras\" \/>\n<meta property=\"og:description\" content=\"Vidal 210 es un artista emergente de 22 a\u00f1os que empez\u00f3 a componer desde peque\u00f1o. M\u00e1s adelante form\u00f3 Del 210, un grupo con unos amigos de...\" \/>\n<meta property=\"og:url\" content=\"https:\/\/unaymilletras.com\/en\/entrevista-a-vidal-210\/\" \/>\n<meta property=\"og:site_name\" content=\"Una y Mil Letras\" \/>\n<meta property=\"article:published_time\" content=\"2023-05-31T12:40:21+00:00\" \/>\n<meta property=\"article:modified_time\" content=\"2023-05-31T13:14:51+00:00\" \/>\n<meta property=\"og:image\" content=\"https:\/\/unaymilletras.com\/wp-content\/uploads\/2023\/05\/image00003-scaled-e1685535914623.jpeg\" \/>\n\t<meta property=\"og:image:width\" content=\"600\" \/>\n\t<meta property=\"og:image:height\" content=\"900\" \/>\n\t<meta property=\"og:image:type\" content=\"image\/jpeg\" \/>\n<meta name=\"author\" content=\"Maria Gil Robledo\" \/>\n<meta name=\"twitter:card\" content=\"summary_large_image\" \/>\n<meta name=\"twitter:creator\" content=\"@UnaYMilLetras\" \/>\n<meta name=\"twitter:site\" content=\"@UnaYMilLetras\" \/>\n<meta name=\"twitter:label1\" content=\"Written by\" \/>\n\t<meta name=\"twitter:data1\" content=\"Maria Gil Robledo\" \/>\n\t<meta name=\"twitter:label2\" content=\"Estimated reading time\" \/>\n\t<meta name=\"twitter:data2\" content=\"10 minutes\" \/>\n<script type=\"application\/ld+json\" class=\"yoast-schema-graph\">{\"@context\":\"https:\\\/\\\/schema.org\",\"@graph\":[{\"@type\":\"Article\",\"@id\":\"https:\\\/\\\/unaymilletras.com\\\/entrevista-a-vidal-210\\\/#article\",\"isPartOf\":{\"@id\":\"https:\\\/\\\/unaymilletras.com\\\/entrevista-a-vidal-210\\\/\"},\"author\":{\"name\":\"Maria Gil Robledo\",\"@id\":\"http:\\\/\\\/unaymilletras.com\\\/#\\\/schema\\\/person\\\/d55ba681b8a4e463d8982dbe36a5dc94\"},\"headline\":\"Vidal 210: \u00abIba a clase por las ma\u00f1anas, cog\u00eda el metro sin comer, por las tardes iba a su casa a hacer m\u00fasica y hasta la noche\u00bb\",\"datePublished\":\"2023-05-31T12:40:21+00:00\",\"dateModified\":\"2023-05-31T13:14:51+00:00\",\"mainEntityOfPage\":{\"@id\":\"https:\\\/\\\/unaymilletras.com\\\/entrevista-a-vidal-210\\\/\"},\"wordCount\":1918,\"commentCount\":0,\"publisher\":{\"@id\":\"http:\\\/\\\/unaymilletras.com\\\/#organization\"},\"image\":{\"@id\":\"https:\\\/\\\/unaymilletras.com\\\/entrevista-a-vidal-210\\\/#primaryimage\"},\"thumbnailUrl\":\"https:\\\/\\\/unaymilletras.com\\\/wp-content\\\/uploads\\\/2023\\\/05\\\/image00003-scaled-e1685535914623.jpeg\",\"articleSection\":[\"Entrevistas\",\"M\u00fasica\"],\"inLanguage\":\"en-GB\",\"potentialAction\":[{\"@type\":\"CommentAction\",\"name\":\"Comment\",\"target\":[\"https:\\\/\\\/unaymilletras.com\\\/entrevista-a-vidal-210\\\/#respond\"]}]},{\"@type\":\"WebPage\",\"@id\":\"https:\\\/\\\/unaymilletras.com\\\/entrevista-a-vidal-210\\\/\",\"url\":\"https:\\\/\\\/unaymilletras.com\\\/entrevista-a-vidal-210\\\/\",\"name\":\"Vidal 210: \\\"Iba a clase por las ma\u00f1anas, cog\u00eda el metro sin comer, por las tardes iba a su casa a hacer m\u00fasica y hasta la noche\\\" &#8902; Una y Mil Letras\",\"isPartOf\":{\"@id\":\"http:\\\/\\\/unaymilletras.com\\\/#website\"},\"primaryImageOfPage\":{\"@id\":\"https:\\\/\\\/unaymilletras.com\\\/entrevista-a-vidal-210\\\/#primaryimage\"},\"image\":{\"@id\":\"https:\\\/\\\/unaymilletras.com\\\/entrevista-a-vidal-210\\\/#primaryimage\"},\"thumbnailUrl\":\"https:\\\/\\\/unaymilletras.com\\\/wp-content\\\/uploads\\\/2023\\\/05\\\/image00003-scaled-e1685535914623.jpeg\",\"datePublished\":\"2023-05-31T12:40:21+00:00\",\"dateModified\":\"2023-05-31T13:14:51+00:00\",\"description\":\"Vidal 210 es un artista emergente de 22 a\u00f1os que empez\u00f3 a componer desde peque\u00f1o. M\u00e1s adelante form\u00f3 Del 210, un grupo con unos amigos de...\",\"breadcrumb\":{\"@id\":\"https:\\\/\\\/unaymilletras.com\\\/entrevista-a-vidal-210\\\/#breadcrumb\"},\"inLanguage\":\"en-GB\",\"potentialAction\":[{\"@type\":\"ReadAction\",\"target\":[\"https:\\\/\\\/unaymilletras.com\\\/entrevista-a-vidal-210\\\/\"]}]},{\"@type\":\"ImageObject\",\"inLanguage\":\"en-GB\",\"@id\":\"https:\\\/\\\/unaymilletras.com\\\/entrevista-a-vidal-210\\\/#primaryimage\",\"url\":\"https:\\\/\\\/unaymilletras.com\\\/wp-content\\\/uploads\\\/2023\\\/05\\\/image00003-scaled-e1685535914623.jpeg\",\"contentUrl\":\"https:\\\/\\\/unaymilletras.com\\\/wp-content\\\/uploads\\\/2023\\\/05\\\/image00003-scaled-e1685535914623.jpeg\",\"width\":600,\"height\":900},{\"@type\":\"BreadcrumbList\",\"@id\":\"https:\\\/\\\/unaymilletras.com\\\/entrevista-a-vidal-210\\\/#breadcrumb\",\"itemListElement\":[{\"@type\":\"ListItem\",\"position\":1,\"name\":\"Home\",\"item\":\"http:\\\/\\\/unaymilletras.com\\\/\"},{\"@type\":\"ListItem\",\"position\":2,\"name\":\"Vidal 210: \u00abIba a clase por las ma\u00f1anas, cog\u00eda el metro sin comer, por las tardes iba a su casa a hacer m\u00fasica y hasta la noche\u00bb\"}]},{\"@type\":\"WebSite\",\"@id\":\"http:\\\/\\\/unaymilletras.com\\\/#website\",\"url\":\"http:\\\/\\\/unaymilletras.com\\\/\",\"name\":\"Una y Mil Letras\",\"description\":\"\",\"publisher\":{\"@id\":\"http:\\\/\\\/unaymilletras.com\\\/#organization\"},\"potentialAction\":[{\"@type\":\"SearchAction\",\"target\":{\"@type\":\"EntryPoint\",\"urlTemplate\":\"http:\\\/\\\/unaymilletras.com\\\/?s={search_term_string}\"},\"query-input\":{\"@type\":\"PropertyValueSpecification\",\"valueRequired\":true,\"valueName\":\"search_term_string\"}}],\"inLanguage\":\"en-GB\"},{\"@type\":\"Organization\",\"@id\":\"http:\\\/\\\/unaymilletras.com\\\/#organization\",\"name\":\"Una y Mil Letras\",\"url\":\"http:\\\/\\\/unaymilletras.com\\\/\",\"logo\":{\"@type\":\"ImageObject\",\"inLanguage\":\"en-GB\",\"@id\":\"http:\\\/\\\/unaymilletras.com\\\/#\\\/schema\\\/logo\\\/image\\\/\",\"url\":\"https:\\\/\\\/unaymilletras.com\\\/wp-content\\\/uploads\\\/2024\\\/06\\\/cropped-Logo-removebg-preview.png\",\"contentUrl\":\"https:\\\/\\\/unaymilletras.com\\\/wp-content\\\/uploads\\\/2024\\\/06\\\/cropped-Logo-removebg-preview.png\",\"width\":512,\"height\":512,\"caption\":\"Una y Mil Letras\"},\"image\":{\"@id\":\"http:\\\/\\\/unaymilletras.com\\\/#\\\/schema\\\/logo\\\/image\\\/\"},\"sameAs\":[\"https:\\\/\\\/x.com\\\/UnaYMilLetras\",\"https:\\\/\\\/instagram.com\\\/UnaYMilLetras\"]},{\"@type\":\"Person\",\"@id\":\"http:\\\/\\\/unaymilletras.com\\\/#\\\/schema\\\/person\\\/d55ba681b8a4e463d8982dbe36a5dc94\",\"name\":\"Maria Gil Robledo\",\"image\":{\"@type\":\"ImageObject\",\"inLanguage\":\"en-GB\",\"@id\":\"https:\\\/\\\/secure.gravatar.com\\\/avatar\\\/4b8e5102e0015789407eb4870b12f0f2857952d83ca124058f92b764bd1840c3?s=96&d=mm&r=g\",\"url\":\"https:\\\/\\\/secure.gravatar.com\\\/avatar\\\/4b8e5102e0015789407eb4870b12f0f2857952d83ca124058f92b764bd1840c3?s=96&d=mm&r=g\",\"contentUrl\":\"https:\\\/\\\/secure.gravatar.com\\\/avatar\\\/4b8e5102e0015789407eb4870b12f0f2857952d83ca124058f92b764bd1840c3?s=96&d=mm&r=g\",\"caption\":\"Maria Gil Robledo\"},\"sameAs\":[\"http:\\\/\\\/unaymilletras.com\"],\"url\":\"https:\\\/\\\/unaymilletras.com\\\/en\\\/author\\\/mariiagiil02_\\\/\"}]}<\/script>\n<!-- \/ Yoast SEO plugin. -->","yoast_head_json":{"title":"Vidal 210: \"Iba a clase por las ma\u00f1anas, cog\u00eda el metro sin comer, por las tardes iba a su casa a hacer m\u00fasica y hasta la noche\" &#8902; Una y Mil Letras","description":"Vidal 210 es un artista emergente de 22 a\u00f1os que empez\u00f3 a componer desde peque\u00f1o. M\u00e1s adelante form\u00f3 Del 210, un grupo con unos amigos de...","robots":{"index":"index","follow":"follow","max-snippet":"max-snippet:-1","max-image-preview":"max-image-preview:large","max-video-preview":"max-video-preview:-1"},"canonical":"https:\/\/unaymilletras.com\/en\/entrevista-a-vidal-210\/","og_locale":"en_GB","og_type":"article","og_title":"Vidal 210: \"Iba a clase por las ma\u00f1anas, cog\u00eda el metro sin comer, por las tardes iba a su casa a hacer m\u00fasica y hasta la noche\" &#8902; Una y Mil Letras","og_description":"Vidal 210 es un artista emergente de 22 a\u00f1os que empez\u00f3 a componer desde peque\u00f1o. M\u00e1s adelante form\u00f3 Del 210, un grupo con unos amigos de...","og_url":"https:\/\/unaymilletras.com\/en\/entrevista-a-vidal-210\/","og_site_name":"Una y Mil Letras","article_published_time":"2023-05-31T12:40:21+00:00","article_modified_time":"2023-05-31T13:14:51+00:00","og_image":[{"width":600,"height":900,"url":"https:\/\/unaymilletras.com\/wp-content\/uploads\/2023\/05\/image00003-scaled-e1685535914623.jpeg","type":"image\/jpeg"}],"author":"Maria Gil Robledo","twitter_card":"summary_large_image","twitter_creator":"@UnaYMilLetras","twitter_site":"@UnaYMilLetras","twitter_misc":{"Written by":"Maria Gil Robledo","Estimated reading time":"10 minutes"},"schema":{"@context":"https:\/\/schema.org","@graph":[{"@type":"Article","@id":"https:\/\/unaymilletras.com\/entrevista-a-vidal-210\/#article","isPartOf":{"@id":"https:\/\/unaymilletras.com\/entrevista-a-vidal-210\/"},"author":{"name":"Maria Gil Robledo","@id":"http:\/\/unaymilletras.com\/#\/schema\/person\/d55ba681b8a4e463d8982dbe36a5dc94"},"headline":"Vidal 210: \u00abIba a clase por las ma\u00f1anas, cog\u00eda el metro sin comer, por las tardes iba a su casa a hacer m\u00fasica y hasta la noche\u00bb","datePublished":"2023-05-31T12:40:21+00:00","dateModified":"2023-05-31T13:14:51+00:00","mainEntityOfPage":{"@id":"https:\/\/unaymilletras.com\/entrevista-a-vidal-210\/"},"wordCount":1918,"commentCount":0,"publisher":{"@id":"http:\/\/unaymilletras.com\/#organization"},"image":{"@id":"https:\/\/unaymilletras.com\/entrevista-a-vidal-210\/#primaryimage"},"thumbnailUrl":"https:\/\/unaymilletras.com\/wp-content\/uploads\/2023\/05\/image00003-scaled-e1685535914623.jpeg","articleSection":["Entrevistas","M\u00fasica"],"inLanguage":"en-GB","potentialAction":[{"@type":"CommentAction","name":"Comment","target":["https:\/\/unaymilletras.com\/entrevista-a-vidal-210\/#respond"]}]},{"@type":"WebPage","@id":"https:\/\/unaymilletras.com\/entrevista-a-vidal-210\/","url":"https:\/\/unaymilletras.com\/entrevista-a-vidal-210\/","name":"Vidal 210: \"Iba a clase por las ma\u00f1anas, cog\u00eda el metro sin comer, por las tardes iba a su casa a hacer m\u00fasica y hasta la noche\" &#8902; Una y Mil Letras","isPartOf":{"@id":"http:\/\/unaymilletras.com\/#website"},"primaryImageOfPage":{"@id":"https:\/\/unaymilletras.com\/entrevista-a-vidal-210\/#primaryimage"},"image":{"@id":"https:\/\/unaymilletras.com\/entrevista-a-vidal-210\/#primaryimage"},"thumbnailUrl":"https:\/\/unaymilletras.com\/wp-content\/uploads\/2023\/05\/image00003-scaled-e1685535914623.jpeg","datePublished":"2023-05-31T12:40:21+00:00","dateModified":"2023-05-31T13:14:51+00:00","description":"Vidal 210 es un artista emergente de 22 a\u00f1os que empez\u00f3 a componer desde peque\u00f1o. M\u00e1s adelante form\u00f3 Del 210, un grupo con unos amigos de...","breadcrumb":{"@id":"https:\/\/unaymilletras.com\/entrevista-a-vidal-210\/#breadcrumb"},"inLanguage":"en-GB","potentialAction":[{"@type":"ReadAction","target":["https:\/\/unaymilletras.com\/entrevista-a-vidal-210\/"]}]},{"@type":"ImageObject","inLanguage":"en-GB","@id":"https:\/\/unaymilletras.com\/entrevista-a-vidal-210\/#primaryimage","url":"https:\/\/unaymilletras.com\/wp-content\/uploads\/2023\/05\/image00003-scaled-e1685535914623.jpeg","contentUrl":"https:\/\/unaymilletras.com\/wp-content\/uploads\/2023\/05\/image00003-scaled-e1685535914623.jpeg","width":600,"height":900},{"@type":"BreadcrumbList","@id":"https:\/\/unaymilletras.com\/entrevista-a-vidal-210\/#breadcrumb","itemListElement":[{"@type":"ListItem","position":1,"name":"Home","item":"http:\/\/unaymilletras.com\/"},{"@type":"ListItem","position":2,"name":"Vidal 210: \u00abIba a clase por las ma\u00f1anas, cog\u00eda el metro sin comer, por las tardes iba a su casa a hacer m\u00fasica y hasta la noche\u00bb"}]},{"@type":"WebSite","@id":"http:\/\/unaymilletras.com\/#website","url":"http:\/\/unaymilletras.com\/","name":"Una y Mil Letras","description":"","publisher":{"@id":"http:\/\/unaymilletras.com\/#organization"},"potentialAction":[{"@type":"SearchAction","target":{"@type":"EntryPoint","urlTemplate":"http:\/\/unaymilletras.com\/?s={search_term_string}"},"query-input":{"@type":"PropertyValueSpecification","valueRequired":true,"valueName":"search_term_string"}}],"inLanguage":"en-GB"},{"@type":"Organization","@id":"http:\/\/unaymilletras.com\/#organization","name":"Una y Mil Letras","url":"http:\/\/unaymilletras.com\/","logo":{"@type":"ImageObject","inLanguage":"en-GB","@id":"http:\/\/unaymilletras.com\/#\/schema\/logo\/image\/","url":"https:\/\/unaymilletras.com\/wp-content\/uploads\/2024\/06\/cropped-Logo-removebg-preview.png","contentUrl":"https:\/\/unaymilletras.com\/wp-content\/uploads\/2024\/06\/cropped-Logo-removebg-preview.png","width":512,"height":512,"caption":"Una y Mil Letras"},"image":{"@id":"http:\/\/unaymilletras.com\/#\/schema\/logo\/image\/"},"sameAs":["https:\/\/x.com\/UnaYMilLetras","https:\/\/instagram.com\/UnaYMilLetras"]},{"@type":"Person","@id":"http:\/\/unaymilletras.com\/#\/schema\/person\/d55ba681b8a4e463d8982dbe36a5dc94","name":"Maria Gil Robledo","image":{"@type":"ImageObject","inLanguage":"en-GB","@id":"https:\/\/secure.gravatar.com\/avatar\/4b8e5102e0015789407eb4870b12f0f2857952d83ca124058f92b764bd1840c3?s=96&d=mm&r=g","url":"https:\/\/secure.gravatar.com\/avatar\/4b8e5102e0015789407eb4870b12f0f2857952d83ca124058f92b764bd1840c3?s=96&d=mm&r=g","contentUrl":"https:\/\/secure.gravatar.com\/avatar\/4b8e5102e0015789407eb4870b12f0f2857952d83ca124058f92b764bd1840c3?s=96&d=mm&r=g","caption":"Maria Gil Robledo"},"sameAs":["http:\/\/unaymilletras.com"],"url":"https:\/\/unaymilletras.com\/en\/author\/mariiagiil02_\/"}]}},"_links":{"self":[{"href":"https:\/\/unaymilletras.com\/en\/wp-json\/wp\/v2\/posts\/645","targetHints":{"allow":["GET"]}}],"collection":[{"href":"https:\/\/unaymilletras.com\/en\/wp-json\/wp\/v2\/posts"}],"about":[{"href":"https:\/\/unaymilletras.com\/en\/wp-json\/wp\/v2\/types\/post"}],"author":[{"embeddable":true,"href":"https:\/\/unaymilletras.com\/en\/wp-json\/wp\/v2\/users\/1"}],"replies":[{"embeddable":true,"href":"https:\/\/unaymilletras.com\/en\/wp-json\/wp\/v2\/comments?post=645"}],"version-history":[{"count":26,"href":"https:\/\/unaymilletras.com\/en\/wp-json\/wp\/v2\/posts\/645\/revisions"}],"predecessor-version":[{"id":682,"href":"https:\/\/unaymilletras.com\/en\/wp-json\/wp\/v2\/posts\/645\/revisions\/682"}],"wp:featuredmedia":[{"embeddable":true,"href":"https:\/\/unaymilletras.com\/en\/wp-json\/wp\/v2\/media\/651"}],"wp:attachment":[{"href":"https:\/\/unaymilletras.com\/en\/wp-json\/wp\/v2\/media?parent=645"}],"wp:term":[{"taxonomy":"category","embeddable":true,"href":"https:\/\/unaymilletras.com\/en\/wp-json\/wp\/v2\/categories?post=645"},{"taxonomy":"post_tag","embeddable":true,"href":"https:\/\/unaymilletras.com\/en\/wp-json\/wp\/v2\/tags?post=645"}],"curies":[{"name":"wp","href":"https:\/\/api.w.org\/{rel}","templated":true}]}}