{"id":6462,"date":"2025-11-20T17:51:00","date_gmt":"2025-11-20T16:51:00","guid":{"rendered":"https:\/\/unaymilletras.com\/?p=6462"},"modified":"2025-11-20T17:51:26","modified_gmt":"2025-11-20T16:51:26","slug":"mafalda-cardenal-protagonista-de-la-campana-de-navidad-de-suchard","status":"publish","type":"post","link":"https:\/\/unaymilletras.com\/en\/mafalda-cardenal-protagonista-de-la-campana-de-navidad-de-suchard\/","title":{"rendered":"MAFALDA CARDENAL, PROTAGONISTA DE LA CAMPA\u00d1A DE NAVIDAD DE SUCHARD"},"content":{"rendered":"<div data-elementor-type=\"wp-post\" data-elementor-id=\"6462\" class=\"elementor elementor-6462\">\n\t\t\t\t\t\t<section class=\"elementor-section elementor-top-section elementor-element elementor-element-51732d1 elementor-section-boxed elementor-section-height-default elementor-section-height-default\" data-id=\"51732d1\" data-element_type=\"section\" data-e-type=\"section\">\n\t\t\t\t\t\t<div class=\"elementor-container elementor-column-gap-default\">\n\t\t\t\t\t<div class=\"elementor-column elementor-col-100 elementor-top-column elementor-element elementor-element-4c1b142\" data-id=\"4c1b142\" data-element_type=\"column\" data-e-type=\"column\">\n\t\t\t<div class=\"elementor-widget-wrap elementor-element-populated\">\n\t\t\t\t\t\t<div class=\"elementor-element elementor-element-960df5c elementor-widget elementor-widget-text-editor\" data-id=\"960df5c\" data-element_type=\"widget\" data-e-type=\"widget\" data-widget_type=\"text-editor.default\">\n\t\t\t\t<div class=\"elementor-widget-container\">\n\t\t\t\t\t\t\t\t\t<p style=\"text-align: justify\">Suchard ha presentado oficialmente su campa\u00f1a navide\u00f1a de este a\u00f1o y, con ella, una protagonista que promete marcar un antes y un despu\u00e9s: <strong data-start=\"211\" data-end=\"231\">Mafalda Cardenal<\/strong>. La joven cantautora alicantina, que contin\u00faa consolid\u00e1ndose como una de las voces m\u00e1s prometedoras del panorama musical espa\u00f1ol, debuta por primera vez como actriz en un spot que ya est\u00e1 generando una enorme expectaci\u00f3n.<\/p>\t\t\t\t\t\t\t\t<\/div>\n\t\t\t\t<\/div>\n\t\t\t\t\t<\/div>\n\t\t<\/div>\n\t\t\t\t\t<\/div>\n\t\t<\/section>\n\t\t\t\t<section class=\"elementor-section elementor-top-section elementor-element elementor-element-fba61db elementor-section-boxed elementor-section-height-default elementor-section-height-default\" data-id=\"fba61db\" data-element_type=\"section\" data-e-type=\"section\">\n\t\t\t\t\t\t<div class=\"elementor-container elementor-column-gap-default\">\n\t\t\t\t\t<div class=\"elementor-column elementor-col-100 elementor-top-column elementor-element elementor-element-0dc5c07\" data-id=\"0dc5c07\" data-element_type=\"column\" data-e-type=\"column\">\n\t\t\t<div class=\"elementor-widget-wrap elementor-element-populated\">\n\t\t\t\t\t\t<div class=\"elementor-element elementor-element-c32218d elementor-widget elementor-widget-text-editor\" data-id=\"c32218d\" data-element_type=\"widget\" data-e-type=\"widget\" data-widget_type=\"text-editor.default\">\n\t\t\t\t<div class=\"elementor-widget-container\">\n\t\t\t\t\t\t\t\t\t<p style=\"text-align: justify\">Hace tan solo unas semanas, Mafalda sorprend\u00eda al p\u00fablico al subir al escenario junto a <strong data-start=\"544\" data-end=\"562\">Alejandro Sanz<\/strong> en el Auditorio Nacional de M\u00e9xico. Ahora, la artista da el salto a la peque\u00f1a pantalla de la mano de Suchard, liderando un anuncio que apuesta por la emoci\u00f3n, la tradici\u00f3n y la identidad generacional.<\/p>\t\t\t\t\t\t\t\t<\/div>\n\t\t\t\t<\/div>\n\t\t\t\t\t<\/div>\n\t\t<\/div>\n\t\t\t\t\t<\/div>\n\t\t<\/section>\n\t\t\t\t<section class=\"elementor-section elementor-top-section elementor-element elementor-element-abe4af1 elementor-section-boxed elementor-section-height-default elementor-section-height-default\" data-id=\"abe4af1\" data-element_type=\"section\" data-e-type=\"section\">\n\t\t\t\t\t\t<div class=\"elementor-container elementor-column-gap-default\">\n\t\t\t\t\t<div class=\"elementor-column elementor-col-50 elementor-top-column elementor-element elementor-element-ffe0cca\" data-id=\"ffe0cca\" data-element_type=\"column\" data-e-type=\"column\">\n\t\t\t<div class=\"elementor-widget-wrap elementor-element-populated\">\n\t\t\t\t\t\t<div class=\"elementor-element elementor-element-e7714e4 elementor-widget elementor-widget-image\" data-id=\"e7714e4\" data-element_type=\"widget\" data-e-type=\"widget\" data-widget_type=\"image.default\">\n\t\t\t\t<div class=\"elementor-widget-container\">\n\t\t\t\t\t\t\t\t\t\t\t\t\t\t\t<img fetchpriority=\"high\" decoding=\"async\" width=\"640\" height=\"448\" src=\"https:\/\/unaymilletras.com\/wp-content\/uploads\/2025\/11\/mafalda-cardenal-768x538.png\" class=\"attachment-medium_large size-medium_large wp-image-6464\" alt=\"\" srcset=\"https:\/\/unaymilletras.com\/wp-content\/uploads\/2025\/11\/mafalda-cardenal-768x538.png 768w, https:\/\/unaymilletras.com\/wp-content\/uploads\/2025\/11\/mafalda-cardenal-300x210.png 300w, https:\/\/unaymilletras.com\/wp-content\/uploads\/2025\/11\/mafalda-cardenal-1024x718.png 1024w, https:\/\/unaymilletras.com\/wp-content\/uploads\/2025\/11\/mafalda-cardenal-1536x1077.png 1536w, https:\/\/unaymilletras.com\/wp-content\/uploads\/2025\/11\/mafalda-cardenal-2048x1436.png 2048w, https:\/\/unaymilletras.com\/wp-content\/uploads\/2025\/11\/mafalda-cardenal-18x12.png 18w\" sizes=\"(max-width: 640px) 100vw, 640px\" \/>\t\t\t\t\t\t\t\t\t\t\t\t\t\t\t<\/div>\n\t\t\t\t<\/div>\n\t\t\t\t\t<\/div>\n\t\t<\/div>\n\t\t\t\t<div class=\"elementor-column elementor-col-50 elementor-top-column elementor-element elementor-element-de44a30\" data-id=\"de44a30\" data-element_type=\"column\" data-e-type=\"column\">\n\t\t\t<div class=\"elementor-widget-wrap elementor-element-populated\">\n\t\t\t\t\t\t<div class=\"elementor-element elementor-element-33789bf elementor-widget elementor-widget-text-editor\" data-id=\"33789bf\" data-element_type=\"widget\" data-e-type=\"widget\" data-widget_type=\"text-editor.default\">\n\t\t\t\t<div class=\"elementor-widget-container\">\n\t\t\t\t\t\t\t\t\t<p style=\"text-align: justify\">El spot, producido en <strong data-start=\"828\" data-end=\"843\">stop motion<\/strong> por Hogarth y desarrollado bajo el sello creativo de <strong data-start=\"897\" data-end=\"907\">Ogilvy<\/strong>, recupera una est\u00e9tica artesanal y retro que contrasta con la animaci\u00f3n digital de campa\u00f1as anteriores. Seg\u00fan la productora de animaci\u00f3n <strong data-start=\"1045\" data-end=\"1055\">Pangur<\/strong>, la t\u00e9cnica se eligi\u00f3 por su capacidad para transmitir \u201ctiempo, mimo y dedicaci\u00f3n\u201d, valores que la marca asocia a la Navidad y a su cl\u00e1sico turr\u00f3n de chocolate.<\/p>\t\t\t\t\t\t\t\t<\/div>\n\t\t\t\t<\/div>\n\t\t\t\t\t<\/div>\n\t\t<\/div>\n\t\t\t\t\t<\/div>\n\t\t<\/section>\n\t\t\t\t<section class=\"elementor-section elementor-top-section elementor-element elementor-element-d763a94 elementor-section-boxed elementor-section-height-default elementor-section-height-default\" data-id=\"d763a94\" data-element_type=\"section\" data-e-type=\"section\">\n\t\t\t\t\t\t<div class=\"elementor-container elementor-column-gap-default\">\n\t\t\t\t\t<div class=\"elementor-column elementor-col-100 elementor-top-column elementor-element elementor-element-67d55e4\" data-id=\"67d55e4\" data-element_type=\"column\" data-e-type=\"column\">\n\t\t\t<div class=\"elementor-widget-wrap elementor-element-populated\">\n\t\t\t\t\t\t<div class=\"elementor-element elementor-element-cccdeea elementor-widget elementor-widget-text-editor\" data-id=\"cccdeea\" data-element_type=\"widget\" data-e-type=\"widget\" data-widget_type=\"text-editor.default\">\n\t\t\t\t<div class=\"elementor-widget-container\">\n\t\t\t\t\t\t\t\t\t<p style=\"text-align: justify\">La historia del anuncio muestra a Mafalda Cardenal celebrando la Navidad junto a su familia. Al comenzar a tocar el piano, su personaje se transforma en un mu\u00f1eco animado que viaja a los primeros a\u00f1os 2000 para reinterpretar el m\u00edtico jingle de Suchard: <em data-start=\"1472\" data-end=\"1552\">\u201cEn estas navidades turr\u00f3n de chocolate, en estas navidades turr\u00f3n de Suchard\u201d<\/em>. La letra se ha actualizado para conectar con las nuevas generaciones manteniendo intacta la esencia del original.<\/p>\t\t\t\t\t\t\t\t<\/div>\n\t\t\t\t<\/div>\n\t\t\t\t\t<\/div>\n\t\t<\/div>\n\t\t\t\t\t<\/div>\n\t\t<\/section>\n\t\t\t\t<section class=\"elementor-section elementor-top-section elementor-element elementor-element-9e87f62 elementor-section-boxed elementor-section-height-default elementor-section-height-default\" data-id=\"9e87f62\" data-element_type=\"section\" data-e-type=\"section\">\n\t\t\t\t\t\t<div class=\"elementor-container elementor-column-gap-default\">\n\t\t\t\t\t<div class=\"elementor-column elementor-col-100 elementor-top-column elementor-element elementor-element-a446aee\" data-id=\"a446aee\" data-element_type=\"column\" data-e-type=\"column\">\n\t\t\t<div class=\"elementor-widget-wrap elementor-element-populated\">\n\t\t\t\t\t\t<div class=\"elementor-element elementor-element-df1a95e elementor-widget elementor-widget-video\" data-id=\"df1a95e\" data-element_type=\"widget\" data-e-type=\"widget\" data-settings=\"{&quot;youtube_url&quot;:&quot;https:\\\/\\\/youtu.be\\\/JNLKEblx2_o?si=RB2fBTC6iT59xBQq&quot;,&quot;video_type&quot;:&quot;youtube&quot;,&quot;controls&quot;:&quot;yes&quot;}\" data-widget_type=\"video.default\">\n\t\t\t\t<div class=\"elementor-widget-container\">\n\t\t\t\t\t\t\t<div class=\"elementor-wrapper elementor-open-inline\">\n\t\t\t<div class=\"elementor-video\"><\/div>\t\t<\/div>\n\t\t\t\t\t\t<\/div>\n\t\t\t\t<\/div>\n\t\t\t\t\t<\/div>\n\t\t<\/div>\n\t\t\t\t\t<\/div>\n\t\t<\/section>\n\t\t\t\t<section class=\"elementor-section elementor-top-section elementor-element elementor-element-c070b69 elementor-section-boxed elementor-section-height-default elementor-section-height-default\" data-id=\"c070b69\" data-element_type=\"section\" data-e-type=\"section\">\n\t\t\t\t\t\t<div class=\"elementor-container elementor-column-gap-default\">\n\t\t\t\t\t<div class=\"elementor-column elementor-col-100 elementor-top-column elementor-element elementor-element-84bbcd1\" data-id=\"84bbcd1\" data-element_type=\"column\" data-e-type=\"column\">\n\t\t\t<div class=\"elementor-widget-wrap elementor-element-populated\">\n\t\t\t\t\t\t<div class=\"elementor-element elementor-element-22dc221 elementor-widget elementor-widget-text-editor\" data-id=\"22dc221\" data-element_type=\"widget\" data-e-type=\"widget\" data-widget_type=\"text-editor.default\">\n\t\t\t\t<div class=\"elementor-widget-container\">\n\t\t\t\t\t\t\t\t\t<p style=\"text-align: justify\">La presencia de Mafalda Cardenal aporta \u201cuna enorme carga emocional\u201d, seg\u00fan detalla la marca, reforzando el v\u00ednculo entre la tradici\u00f3n navide\u00f1a de Suchard y la sensibilidad musical contempor\u00e1nea. Su interpretaci\u00f3n funciona como hilo conductor del relato y de la nueva versi\u00f3n del jingle, elemento central de la campa\u00f1a.<\/p>\t\t\t\t\t\t\t\t<\/div>\n\t\t\t\t<\/div>\n\t\t\t\t\t<\/div>\n\t\t<\/div>\n\t\t\t\t\t<\/div>\n\t\t<\/section>\n\t\t\t\t<section class=\"elementor-section elementor-top-section elementor-element elementor-element-ebf1ac6 elementor-section-boxed elementor-section-height-default elementor-section-height-default\" data-id=\"ebf1ac6\" data-element_type=\"section\" data-e-type=\"section\">\n\t\t\t\t\t\t<div class=\"elementor-container elementor-column-gap-default\">\n\t\t\t\t\t<div class=\"elementor-column elementor-col-100 elementor-top-column elementor-element elementor-element-82b81a9\" data-id=\"82b81a9\" data-element_type=\"column\" data-e-type=\"column\">\n\t\t\t<div class=\"elementor-widget-wrap elementor-element-populated\">\n\t\t\t\t\t\t<div class=\"elementor-element elementor-element-c0a0883 elementor-widget elementor-widget-text-editor\" data-id=\"c0a0883\" data-element_type=\"widget\" data-e-type=\"widget\" data-widget_type=\"text-editor.default\">\n\t\t\t\t<div class=\"elementor-widget-container\">\n\t\t\t\t\t\t\t\t\t<p>La pieza publicitaria ya supera lo<span style=\"color: #808080\">s <\/span><strong data-start=\"2126\" data-end=\"2179\"><span style=\"color: #808080\"><a style=\"color: #808080\" href=\"https:\/\/youtu.be\/JNLKEblx2_o?si=RB2fBTC6iT59xBQq\">7,5<\/a><\/span> millones de visualizaciones en redes sociales<\/strong> y est\u00e1 emiti\u00e9ndose en todas las cadenas de televisi\u00f3n nacionales. Con esta campa\u00f1a, Suchard consolida a Mafalda Cardenal como una de las im\u00e1genes indiscutibles de la Navidad 2025 y reafirma su apuesta por el talento emergente.<\/p><p>\u00a0<\/p><p>Sigue descubriendo m\u00e1s sobre la actualidad musical en\u00a0<em><a href=\"https:\/\/unaymilletras.com\/en\/\">Una y mil letras<\/a>.<\/em><\/p>\t\t\t\t\t\t\t\t<\/div>\n\t\t\t\t<\/div>\n\t\t\t\t\t<\/div>\n\t\t<\/div>\n\t\t\t\t\t<\/div>\n\t\t<\/section>\n\t\t\t\t<\/div>","protected":false},"excerpt":{"rendered":"<p>Suchard ha presentado oficialmente su campa\u00f1a navide\u00f1a de este a\u00f1o y, con ella, una protagonista que promete marcar un antes y un despu\u00e9s: Mafalda Cardenal. La joven cantautora alicantina, que contin\u00faa consolid\u00e1ndose como una de las voces m\u00e1s prometedoras del panorama musical espa\u00f1ol, debuta por primera vez como actriz en un spot que ya est\u00e1 [&hellip;]<\/p>\n","protected":false},"author":13,"featured_media":6464,"comment_status":"closed","ping_status":"closed","sticky":false,"template":"","format":"standard","meta":{"footnotes":""},"categories":[4],"tags":[],"class_list":["post-6462","post","type-post","status-publish","format-standard","has-post-thumbnail","hentry","category-musica"],"yoast_head":"<!-- This site is optimized with the Yoast SEO plugin v27.4 - https:\/\/yoast.com\/product\/yoast-seo-wordpress\/ -->\n<title>Mafalda Cardenal protagoniza la campa\u00f1a de Navidad de Suchard<\/title>\n<meta name=\"description\" content=\"Descubre el nuevo anuncio de Suchard protagonizado por Mafalda Cardenal, una campa\u00f1a de Navidad que apuesta por la emoci\u00f3n y la tradici\u00f3n.\" \/>\n<meta name=\"robots\" content=\"index, follow, max-snippet:-1, max-image-preview:large, max-video-preview:-1\" \/>\n<link rel=\"canonical\" href=\"https:\/\/unaymilletras.com\/en\/mafalda-cardenal-protagonista-de-la-campana-de-navidad-de-suchard\/\" \/>\n<meta property=\"og:locale\" content=\"en_GB\" \/>\n<meta property=\"og:type\" content=\"article\" \/>\n<meta property=\"og:title\" content=\"Mafalda Cardenal protagoniza la campa\u00f1a de Navidad de Suchard\" \/>\n<meta property=\"og:description\" content=\"Descubre el nuevo anuncio de Suchard protagonizado por Mafalda Cardenal, una campa\u00f1a de Navidad que apuesta por la emoci\u00f3n y la tradici\u00f3n.\" \/>\n<meta property=\"og:url\" content=\"https:\/\/unaymilletras.com\/en\/mafalda-cardenal-protagonista-de-la-campana-de-navidad-de-suchard\/\" \/>\n<meta property=\"og:site_name\" content=\"Una y Mil Letras\" \/>\n<meta property=\"article:published_time\" content=\"2025-11-20T16:51:00+00:00\" \/>\n<meta property=\"article:modified_time\" content=\"2025-11-20T16:51:26+00:00\" \/>\n<meta property=\"og:image\" content=\"http:\/\/unaymilletras.com\/wp-content\/uploads\/2025\/11\/mafalda-cardenal.png\" \/>\n\t<meta property=\"og:image:width\" content=\"2214\" \/>\n\t<meta property=\"og:image:height\" content=\"1552\" \/>\n\t<meta property=\"og:image:type\" content=\"image\/png\" \/>\n<meta name=\"author\" content=\"Alba Benito\" \/>\n<meta name=\"twitter:card\" content=\"summary_large_image\" \/>\n<meta name=\"twitter:creator\" content=\"@UnaYMilLetras\" \/>\n<meta name=\"twitter:site\" content=\"@UnaYMilLetras\" \/>\n<meta name=\"twitter:label1\" content=\"Written by\" \/>\n\t<meta name=\"twitter:data1\" content=\"Alba Benito\" \/>\n\t<meta name=\"twitter:label2\" content=\"Estimated reading time\" \/>\n\t<meta name=\"twitter:data2\" content=\"2 minutes\" \/>\n<script type=\"application\/ld+json\" class=\"yoast-schema-graph\">{\"@context\":\"https:\\\/\\\/schema.org\",\"@graph\":[{\"@type\":\"Article\",\"@id\":\"https:\\\/\\\/unaymilletras.com\\\/mafalda-cardenal-protagonista-de-la-campana-de-navidad-de-suchard\\\/#article\",\"isPartOf\":{\"@id\":\"https:\\\/\\\/unaymilletras.com\\\/mafalda-cardenal-protagonista-de-la-campana-de-navidad-de-suchard\\\/\"},\"author\":{\"name\":\"Alba Benito\",\"@id\":\"http:\\\/\\\/unaymilletras.com\\\/#\\\/schema\\\/person\\\/a10550e4bff9a23f941f52b2cd5d8686\"},\"headline\":\"MAFALDA CARDENAL, PROTAGONISTA DE LA CAMPA\u00d1A DE NAVIDAD DE SUCHARD\",\"datePublished\":\"2025-11-20T16:51:00+00:00\",\"dateModified\":\"2025-11-20T16:51:26+00:00\",\"mainEntityOfPage\":{\"@id\":\"https:\\\/\\\/unaymilletras.com\\\/mafalda-cardenal-protagonista-de-la-campana-de-navidad-de-suchard\\\/\"},\"wordCount\":416,\"publisher\":{\"@id\":\"http:\\\/\\\/unaymilletras.com\\\/#organization\"},\"image\":{\"@id\":\"https:\\\/\\\/unaymilletras.com\\\/mafalda-cardenal-protagonista-de-la-campana-de-navidad-de-suchard\\\/#primaryimage\"},\"thumbnailUrl\":\"https:\\\/\\\/unaymilletras.com\\\/wp-content\\\/uploads\\\/2025\\\/11\\\/mafalda-cardenal.png\",\"articleSection\":[\"M\u00fasica\"],\"inLanguage\":\"en-GB\"},{\"@type\":\"WebPage\",\"@id\":\"https:\\\/\\\/unaymilletras.com\\\/mafalda-cardenal-protagonista-de-la-campana-de-navidad-de-suchard\\\/\",\"url\":\"https:\\\/\\\/unaymilletras.com\\\/mafalda-cardenal-protagonista-de-la-campana-de-navidad-de-suchard\\\/\",\"name\":\"Mafalda Cardenal protagoniza la campa\u00f1a de Navidad de Suchard\",\"isPartOf\":{\"@id\":\"http:\\\/\\\/unaymilletras.com\\\/#website\"},\"primaryImageOfPage\":{\"@id\":\"https:\\\/\\\/unaymilletras.com\\\/mafalda-cardenal-protagonista-de-la-campana-de-navidad-de-suchard\\\/#primaryimage\"},\"image\":{\"@id\":\"https:\\\/\\\/unaymilletras.com\\\/mafalda-cardenal-protagonista-de-la-campana-de-navidad-de-suchard\\\/#primaryimage\"},\"thumbnailUrl\":\"https:\\\/\\\/unaymilletras.com\\\/wp-content\\\/uploads\\\/2025\\\/11\\\/mafalda-cardenal.png\",\"datePublished\":\"2025-11-20T16:51:00+00:00\",\"dateModified\":\"2025-11-20T16:51:26+00:00\",\"description\":\"Descubre el nuevo anuncio de Suchard protagonizado por Mafalda Cardenal, una campa\u00f1a de Navidad que apuesta por la emoci\u00f3n y la tradici\u00f3n.\",\"breadcrumb\":{\"@id\":\"https:\\\/\\\/unaymilletras.com\\\/mafalda-cardenal-protagonista-de-la-campana-de-navidad-de-suchard\\\/#breadcrumb\"},\"inLanguage\":\"en-GB\",\"potentialAction\":[{\"@type\":\"ReadAction\",\"target\":[\"https:\\\/\\\/unaymilletras.com\\\/mafalda-cardenal-protagonista-de-la-campana-de-navidad-de-suchard\\\/\"]}]},{\"@type\":\"ImageObject\",\"inLanguage\":\"en-GB\",\"@id\":\"https:\\\/\\\/unaymilletras.com\\\/mafalda-cardenal-protagonista-de-la-campana-de-navidad-de-suchard\\\/#primaryimage\",\"url\":\"https:\\\/\\\/unaymilletras.com\\\/wp-content\\\/uploads\\\/2025\\\/11\\\/mafalda-cardenal.png\",\"contentUrl\":\"https:\\\/\\\/unaymilletras.com\\\/wp-content\\\/uploads\\\/2025\\\/11\\\/mafalda-cardenal.png\",\"width\":2214,\"height\":1552},{\"@type\":\"BreadcrumbList\",\"@id\":\"https:\\\/\\\/unaymilletras.com\\\/mafalda-cardenal-protagonista-de-la-campana-de-navidad-de-suchard\\\/#breadcrumb\",\"itemListElement\":[{\"@type\":\"ListItem\",\"position\":1,\"name\":\"Home\",\"item\":\"http:\\\/\\\/unaymilletras.com\\\/\"},{\"@type\":\"ListItem\",\"position\":2,\"name\":\"MAFALDA CARDENAL, PROTAGONISTA DE LA CAMPA\u00d1A DE NAVIDAD DE SUCHARD\"}]},{\"@type\":\"WebSite\",\"@id\":\"http:\\\/\\\/unaymilletras.com\\\/#website\",\"url\":\"http:\\\/\\\/unaymilletras.com\\\/\",\"name\":\"Una y Mil Letras\",\"description\":\"\",\"publisher\":{\"@id\":\"http:\\\/\\\/unaymilletras.com\\\/#organization\"},\"potentialAction\":[{\"@type\":\"SearchAction\",\"target\":{\"@type\":\"EntryPoint\",\"urlTemplate\":\"http:\\\/\\\/unaymilletras.com\\\/?s={search_term_string}\"},\"query-input\":{\"@type\":\"PropertyValueSpecification\",\"valueRequired\":true,\"valueName\":\"search_term_string\"}}],\"inLanguage\":\"en-GB\"},{\"@type\":\"Organization\",\"@id\":\"http:\\\/\\\/unaymilletras.com\\\/#organization\",\"name\":\"Una y Mil Letras\",\"url\":\"http:\\\/\\\/unaymilletras.com\\\/\",\"logo\":{\"@type\":\"ImageObject\",\"inLanguage\":\"en-GB\",\"@id\":\"http:\\\/\\\/unaymilletras.com\\\/#\\\/schema\\\/logo\\\/image\\\/\",\"url\":\"https:\\\/\\\/unaymilletras.com\\\/wp-content\\\/uploads\\\/2024\\\/06\\\/cropped-Logo-removebg-preview.png\",\"contentUrl\":\"https:\\\/\\\/unaymilletras.com\\\/wp-content\\\/uploads\\\/2024\\\/06\\\/cropped-Logo-removebg-preview.png\",\"width\":512,\"height\":512,\"caption\":\"Una y Mil Letras\"},\"image\":{\"@id\":\"http:\\\/\\\/unaymilletras.com\\\/#\\\/schema\\\/logo\\\/image\\\/\"},\"sameAs\":[\"https:\\\/\\\/x.com\\\/UnaYMilLetras\",\"https:\\\/\\\/instagram.com\\\/UnaYMilLetras\"]},{\"@type\":\"Person\",\"@id\":\"http:\\\/\\\/unaymilletras.com\\\/#\\\/schema\\\/person\\\/a10550e4bff9a23f941f52b2cd5d8686\",\"name\":\"Alba Benito\",\"image\":{\"@type\":\"ImageObject\",\"inLanguage\":\"en-GB\",\"@id\":\"https:\\\/\\\/secure.gravatar.com\\\/avatar\\\/f227a2222ee313f4b5dea91891742064ec98aa8f11b91568879eaecf941f84de?s=96&d=mm&r=g\",\"url\":\"https:\\\/\\\/secure.gravatar.com\\\/avatar\\\/f227a2222ee313f4b5dea91891742064ec98aa8f11b91568879eaecf941f84de?s=96&d=mm&r=g\",\"contentUrl\":\"https:\\\/\\\/secure.gravatar.com\\\/avatar\\\/f227a2222ee313f4b5dea91891742064ec98aa8f11b91568879eaecf941f84de?s=96&d=mm&r=g\",\"caption\":\"Alba Benito\"},\"url\":\"https:\\\/\\\/unaymilletras.com\\\/en\\\/author\\\/aalbaas_\\\/\"}]}<\/script>\n<!-- \/ Yoast SEO plugin. -->","yoast_head_json":{"title":"Mafalda Cardenal protagoniza la campa\u00f1a de Navidad de Suchard","description":"Descubre el nuevo anuncio de Suchard protagonizado por Mafalda Cardenal, una campa\u00f1a de Navidad que apuesta por la emoci\u00f3n y la tradici\u00f3n.","robots":{"index":"index","follow":"follow","max-snippet":"max-snippet:-1","max-image-preview":"max-image-preview:large","max-video-preview":"max-video-preview:-1"},"canonical":"https:\/\/unaymilletras.com\/en\/mafalda-cardenal-protagonista-de-la-campana-de-navidad-de-suchard\/","og_locale":"en_GB","og_type":"article","og_title":"Mafalda Cardenal protagoniza la campa\u00f1a de Navidad de Suchard","og_description":"Descubre el nuevo anuncio de Suchard protagonizado por Mafalda Cardenal, una campa\u00f1a de Navidad que apuesta por la emoci\u00f3n y la tradici\u00f3n.","og_url":"https:\/\/unaymilletras.com\/en\/mafalda-cardenal-protagonista-de-la-campana-de-navidad-de-suchard\/","og_site_name":"Una y Mil Letras","article_published_time":"2025-11-20T16:51:00+00:00","article_modified_time":"2025-11-20T16:51:26+00:00","og_image":[{"width":2214,"height":1552,"url":"http:\/\/unaymilletras.com\/wp-content\/uploads\/2025\/11\/mafalda-cardenal.png","type":"image\/png"}],"author":"Alba Benito","twitter_card":"summary_large_image","twitter_creator":"@UnaYMilLetras","twitter_site":"@UnaYMilLetras","twitter_misc":{"Written by":"Alba Benito","Estimated reading time":"2 minutes"},"schema":{"@context":"https:\/\/schema.org","@graph":[{"@type":"Article","@id":"https:\/\/unaymilletras.com\/mafalda-cardenal-protagonista-de-la-campana-de-navidad-de-suchard\/#article","isPartOf":{"@id":"https:\/\/unaymilletras.com\/mafalda-cardenal-protagonista-de-la-campana-de-navidad-de-suchard\/"},"author":{"name":"Alba Benito","@id":"http:\/\/unaymilletras.com\/#\/schema\/person\/a10550e4bff9a23f941f52b2cd5d8686"},"headline":"MAFALDA CARDENAL, PROTAGONISTA DE LA CAMPA\u00d1A DE NAVIDAD DE SUCHARD","datePublished":"2025-11-20T16:51:00+00:00","dateModified":"2025-11-20T16:51:26+00:00","mainEntityOfPage":{"@id":"https:\/\/unaymilletras.com\/mafalda-cardenal-protagonista-de-la-campana-de-navidad-de-suchard\/"},"wordCount":416,"publisher":{"@id":"http:\/\/unaymilletras.com\/#organization"},"image":{"@id":"https:\/\/unaymilletras.com\/mafalda-cardenal-protagonista-de-la-campana-de-navidad-de-suchard\/#primaryimage"},"thumbnailUrl":"https:\/\/unaymilletras.com\/wp-content\/uploads\/2025\/11\/mafalda-cardenal.png","articleSection":["M\u00fasica"],"inLanguage":"en-GB"},{"@type":"WebPage","@id":"https:\/\/unaymilletras.com\/mafalda-cardenal-protagonista-de-la-campana-de-navidad-de-suchard\/","url":"https:\/\/unaymilletras.com\/mafalda-cardenal-protagonista-de-la-campana-de-navidad-de-suchard\/","name":"Mafalda Cardenal protagoniza la campa\u00f1a de Navidad de Suchard","isPartOf":{"@id":"http:\/\/unaymilletras.com\/#website"},"primaryImageOfPage":{"@id":"https:\/\/unaymilletras.com\/mafalda-cardenal-protagonista-de-la-campana-de-navidad-de-suchard\/#primaryimage"},"image":{"@id":"https:\/\/unaymilletras.com\/mafalda-cardenal-protagonista-de-la-campana-de-navidad-de-suchard\/#primaryimage"},"thumbnailUrl":"https:\/\/unaymilletras.com\/wp-content\/uploads\/2025\/11\/mafalda-cardenal.png","datePublished":"2025-11-20T16:51:00+00:00","dateModified":"2025-11-20T16:51:26+00:00","description":"Descubre el nuevo anuncio de Suchard protagonizado por Mafalda Cardenal, una campa\u00f1a de Navidad que apuesta por la emoci\u00f3n y la tradici\u00f3n.","breadcrumb":{"@id":"https:\/\/unaymilletras.com\/mafalda-cardenal-protagonista-de-la-campana-de-navidad-de-suchard\/#breadcrumb"},"inLanguage":"en-GB","potentialAction":[{"@type":"ReadAction","target":["https:\/\/unaymilletras.com\/mafalda-cardenal-protagonista-de-la-campana-de-navidad-de-suchard\/"]}]},{"@type":"ImageObject","inLanguage":"en-GB","@id":"https:\/\/unaymilletras.com\/mafalda-cardenal-protagonista-de-la-campana-de-navidad-de-suchard\/#primaryimage","url":"https:\/\/unaymilletras.com\/wp-content\/uploads\/2025\/11\/mafalda-cardenal.png","contentUrl":"https:\/\/unaymilletras.com\/wp-content\/uploads\/2025\/11\/mafalda-cardenal.png","width":2214,"height":1552},{"@type":"BreadcrumbList","@id":"https:\/\/unaymilletras.com\/mafalda-cardenal-protagonista-de-la-campana-de-navidad-de-suchard\/#breadcrumb","itemListElement":[{"@type":"ListItem","position":1,"name":"Home","item":"http:\/\/unaymilletras.com\/"},{"@type":"ListItem","position":2,"name":"MAFALDA CARDENAL, PROTAGONISTA DE LA CAMPA\u00d1A DE NAVIDAD DE SUCHARD"}]},{"@type":"WebSite","@id":"http:\/\/unaymilletras.com\/#website","url":"http:\/\/unaymilletras.com\/","name":"Una y Mil Letras","description":"","publisher":{"@id":"http:\/\/unaymilletras.com\/#organization"},"potentialAction":[{"@type":"SearchAction","target":{"@type":"EntryPoint","urlTemplate":"http:\/\/unaymilletras.com\/?s={search_term_string}"},"query-input":{"@type":"PropertyValueSpecification","valueRequired":true,"valueName":"search_term_string"}}],"inLanguage":"en-GB"},{"@type":"Organization","@id":"http:\/\/unaymilletras.com\/#organization","name":"Una y Mil Letras","url":"http:\/\/unaymilletras.com\/","logo":{"@type":"ImageObject","inLanguage":"en-GB","@id":"http:\/\/unaymilletras.com\/#\/schema\/logo\/image\/","url":"https:\/\/unaymilletras.com\/wp-content\/uploads\/2024\/06\/cropped-Logo-removebg-preview.png","contentUrl":"https:\/\/unaymilletras.com\/wp-content\/uploads\/2024\/06\/cropped-Logo-removebg-preview.png","width":512,"height":512,"caption":"Una y Mil Letras"},"image":{"@id":"http:\/\/unaymilletras.com\/#\/schema\/logo\/image\/"},"sameAs":["https:\/\/x.com\/UnaYMilLetras","https:\/\/instagram.com\/UnaYMilLetras"]},{"@type":"Person","@id":"http:\/\/unaymilletras.com\/#\/schema\/person\/a10550e4bff9a23f941f52b2cd5d8686","name":"Alba Benito","image":{"@type":"ImageObject","inLanguage":"en-GB","@id":"https:\/\/secure.gravatar.com\/avatar\/f227a2222ee313f4b5dea91891742064ec98aa8f11b91568879eaecf941f84de?s=96&d=mm&r=g","url":"https:\/\/secure.gravatar.com\/avatar\/f227a2222ee313f4b5dea91891742064ec98aa8f11b91568879eaecf941f84de?s=96&d=mm&r=g","contentUrl":"https:\/\/secure.gravatar.com\/avatar\/f227a2222ee313f4b5dea91891742064ec98aa8f11b91568879eaecf941f84de?s=96&d=mm&r=g","caption":"Alba Benito"},"url":"https:\/\/unaymilletras.com\/en\/author\/aalbaas_\/"}]}},"_links":{"self":[{"href":"https:\/\/unaymilletras.com\/en\/wp-json\/wp\/v2\/posts\/6462","targetHints":{"allow":["GET"]}}],"collection":[{"href":"https:\/\/unaymilletras.com\/en\/wp-json\/wp\/v2\/posts"}],"about":[{"href":"https:\/\/unaymilletras.com\/en\/wp-json\/wp\/v2\/types\/post"}],"author":[{"embeddable":true,"href":"https:\/\/unaymilletras.com\/en\/wp-json\/wp\/v2\/users\/13"}],"replies":[{"embeddable":true,"href":"https:\/\/unaymilletras.com\/en\/wp-json\/wp\/v2\/comments?post=6462"}],"version-history":[{"count":16,"href":"https:\/\/unaymilletras.com\/en\/wp-json\/wp\/v2\/posts\/6462\/revisions"}],"predecessor-version":[{"id":6479,"href":"https:\/\/unaymilletras.com\/en\/wp-json\/wp\/v2\/posts\/6462\/revisions\/6479"}],"wp:featuredmedia":[{"embeddable":true,"href":"https:\/\/unaymilletras.com\/en\/wp-json\/wp\/v2\/media\/6464"}],"wp:attachment":[{"href":"https:\/\/unaymilletras.com\/en\/wp-json\/wp\/v2\/media?parent=6462"}],"wp:term":[{"taxonomy":"category","embeddable":true,"href":"https:\/\/unaymilletras.com\/en\/wp-json\/wp\/v2\/categories?post=6462"},{"taxonomy":"post_tag","embeddable":true,"href":"https:\/\/unaymilletras.com\/en\/wp-json\/wp\/v2\/tags?post=6462"}],"curies":[{"name":"wp","href":"https:\/\/api.w.org\/{rel}","templated":true}]}}