{"id":6481,"date":"2025-11-21T13:18:51","date_gmt":"2025-11-21T12:18:51","guid":{"rendered":"https:\/\/unaymilletras.com\/?p=6481"},"modified":"2025-11-21T13:19:30","modified_gmt":"2025-11-21T12:19:30","slug":"minelli-lanza-mixed-feelings-su-album-mas-ambicioso","status":"publish","type":"post","link":"https:\/\/unaymilletras.com\/en\/minelli-lanza-mixed-feelings-su-album-mas-ambicioso\/","title":{"rendered":"Minelli lanza Mixed Feelings, su \u00e1lbum m\u00e1s ambicioso"},"content":{"rendered":"<div data-elementor-type=\"wp-post\" data-elementor-id=\"6481\" class=\"elementor elementor-6481\">\n\t\t\t\t\t\t<section class=\"elementor-section elementor-top-section elementor-element elementor-element-2f1af3f elementor-section-boxed elementor-section-height-default elementor-section-height-default\" data-id=\"2f1af3f\" data-element_type=\"section\" data-e-type=\"section\">\n\t\t\t\t\t\t<div class=\"elementor-container elementor-column-gap-default\">\n\t\t\t\t\t<div class=\"elementor-column elementor-col-100 elementor-top-column elementor-element elementor-element-9d02e64\" data-id=\"9d02e64\" data-element_type=\"column\" data-e-type=\"column\">\n\t\t\t<div class=\"elementor-widget-wrap elementor-element-populated\">\n\t\t\t\t\t\t<div class=\"elementor-element elementor-element-e0313e5 elementor-widget elementor-widget-text-editor\" data-id=\"e0313e5\" data-element_type=\"widget\" data-e-type=\"widget\" data-widget_type=\"text-editor.default\">\n\t\t\t\t<div class=\"elementor-widget-container\">\n\t\t\t\t\t\t\t\t\t<h2 style=\"text-align: center;\"><span style=\"color: #808080;\"><em>La artista rumana Minelli fusiona EDM, pop y sonidos urbanos junto a Busta Rhymes, Guaynaa, INNA y Natan &amp; Shander<\/em><\/span><\/h2>\t\t\t\t\t\t\t\t<\/div>\n\t\t\t\t<\/div>\n\t\t\t\t\t<\/div>\n\t\t<\/div>\n\t\t\t\t\t<\/div>\n\t\t<\/section>\n\t\t\t\t<section class=\"elementor-section elementor-top-section elementor-element elementor-element-de9f4cd elementor-section-boxed elementor-section-height-default elementor-section-height-default\" data-id=\"de9f4cd\" data-element_type=\"section\" data-e-type=\"section\">\n\t\t\t\t\t\t<div class=\"elementor-container elementor-column-gap-default\">\n\t\t\t\t\t<div class=\"elementor-column elementor-col-100 elementor-top-column elementor-element elementor-element-7843152\" data-id=\"7843152\" data-element_type=\"column\" data-e-type=\"column\">\n\t\t\t<div class=\"elementor-widget-wrap elementor-element-populated\">\n\t\t\t\t\t\t<div class=\"elementor-element elementor-element-d57b782 elementor-widget elementor-widget-text-editor\" data-id=\"d57b782\" data-element_type=\"widget\" data-e-type=\"widget\" data-widget_type=\"text-editor.default\">\n\t\t\t\t<div class=\"elementor-widget-container\">\n\t\t\t\t\t\t\t\t\t<p data-start=\"387\" data-end=\"695\"><b>Minelli<\/b> se consolida como una de las promesas m\u00e1s s\u00f3lidas del EDM europeo con el lanzamiento de <em data-start=\"483\" data-end=\"499\">Mixed Feelings<\/em>, un \u00e1lbum que re\u00fane energ\u00eda dance, pop y matices urbanos. El proyecto llega tras una intensa gira por Norteam\u00e9rica y Europa y presenta a la artista en una etapa creativa m\u00e1s atrevida y diversa.<\/p>\n<p data-start=\"697\" data-end=\"1058\">El disco incluye colaboraciones de peso: <em data-start=\"738\" data-end=\"746\">Az\u00facar<\/em> junto a <strong data-start=\"755\" data-end=\"771\">Busta Rhymes<\/strong>, <em data-start=\"773\" data-end=\"781\">RiTiTi<\/em> con <strong data-start=\"786\" data-end=\"797\">Guaynaa<\/strong>, <em data-start=\"799\" data-end=\"808\">In Love<\/em> con <strong data-start=\"813\" data-end=\"821\">INNA<\/strong>, y aportes de <strong data-start=\"836\" data-end=\"855\">Natan &amp; Shander<\/strong> que ampl\u00edan la paleta sonora del conjunto. Cada tema funciona como una ventana a un estado emocional, y en su conjunto el \u00e1lbum construye un viaje coherente entre la pista de baile y la introspecci\u00f3n.<\/p>\n<p data-start=\"1060\" data-end=\"1444\">\n<\/p>\t\t\t\t\t\t\t\t<\/div>\n\t\t\t\t<\/div>\n\t\t\t\t\t<\/div>\n\t\t<\/div>\n\t\t\t\t\t<\/div>\n\t\t<\/section>\n\t\t\t\t<section class=\"elementor-section elementor-top-section elementor-element elementor-element-536219e elementor-section-boxed elementor-section-height-default elementor-section-height-default\" data-id=\"536219e\" data-element_type=\"section\" data-e-type=\"section\">\n\t\t\t\t\t\t<div class=\"elementor-container elementor-column-gap-default\">\n\t\t\t\t\t<div class=\"elementor-column elementor-col-100 elementor-top-column elementor-element elementor-element-aac1ee6\" data-id=\"aac1ee6\" data-element_type=\"column\" data-e-type=\"column\">\n\t\t\t<div class=\"elementor-widget-wrap elementor-element-populated\">\n\t\t\t\t\t\t<section class=\"elementor-section elementor-inner-section elementor-element elementor-element-a554626 elementor-section-boxed elementor-section-height-default elementor-section-height-default\" data-id=\"a554626\" data-element_type=\"section\" data-e-type=\"section\">\n\t\t\t\t\t\t<div class=\"elementor-container elementor-column-gap-default\">\n\t\t\t\t\t<div class=\"elementor-column elementor-col-50 elementor-inner-column elementor-element elementor-element-69a81de\" data-id=\"69a81de\" data-element_type=\"column\" data-e-type=\"column\">\n\t\t\t<div class=\"elementor-widget-wrap elementor-element-populated\">\n\t\t\t\t\t\t<div class=\"elementor-element elementor-element-07e139f elementor-widget elementor-widget-text-editor\" data-id=\"07e139f\" data-element_type=\"widget\" data-e-type=\"widget\" data-widget_type=\"text-editor.default\">\n\t\t\t\t<div class=\"elementor-widget-container\">\n\t\t\t\t\t\t\t\t\t<p data-start=\"1060\" data-end=\"1444\">Minelli define <em data-start=\"1075\" data-end=\"1091\">Mixed Feelings<\/em> como el reflejo de su camino: noches en vela, dudas, alegr\u00edas y aprendizajes. \u201cCada canci\u00f3n guarda un recuerdo\u201d, explica la artista. Ahora busca que su p\u00fablico encuentre pedazos de su propia historia entre las pistas.\u00a0<\/p>\n<p data-start=\"1446\" data-end=\"1738\">El single <em data-start=\"1456\" data-end=\"1464\">Az\u00facar<\/em> viene acompa\u00f1ado de videoclip oficial. En pantalla, la est\u00e9tica vibrante y el magnetismo de Busta Rhymes potencian la energ\u00eda del tema. El resultado es un hit visual y sonoro que subraya la dimensi\u00f3n global de Minelli y su ambici\u00f3n por combinar creatividad y espect\u00e1culo.<\/p>\t\t\t\t\t\t\t\t<\/div>\n\t\t\t\t<\/div>\n\t\t\t\t\t<\/div>\n\t\t<\/div>\n\t\t\t\t<div class=\"elementor-column elementor-col-50 elementor-inner-column elementor-element elementor-element-eb5a500\" data-id=\"eb5a500\" data-element_type=\"column\" data-e-type=\"column\">\n\t\t\t<div class=\"elementor-widget-wrap elementor-element-populated\">\n\t\t\t\t\t\t<div class=\"elementor-element elementor-element-5273f36 elementor-widget elementor-widget-image\" data-id=\"5273f36\" data-element_type=\"widget\" data-e-type=\"widget\" data-widget_type=\"image.default\">\n\t\t\t\t<div class=\"elementor-widget-container\">\n\t\t\t\t\t\t\t\t\t\t\t\t\t\t\t<img fetchpriority=\"high\" decoding=\"async\" width=\"640\" height=\"640\" src=\"https:\/\/unaymilletras.com\/wp-content\/uploads\/2025\/11\/IMG_7292.png\" class=\"attachment-large size-large wp-image-6483\" alt=\"Minelli\" srcset=\"https:\/\/unaymilletras.com\/wp-content\/uploads\/2025\/11\/IMG_7292.png 640w, https:\/\/unaymilletras.com\/wp-content\/uploads\/2025\/11\/IMG_7292-300x300.png 300w, https:\/\/unaymilletras.com\/wp-content\/uploads\/2025\/11\/IMG_7292-150x150.png 150w, https:\/\/unaymilletras.com\/wp-content\/uploads\/2025\/11\/IMG_7292-12x12.png 12w\" sizes=\"(max-width: 640px) 100vw, 640px\" \/>\t\t\t\t\t\t\t\t\t\t\t\t\t\t\t<\/div>\n\t\t\t\t<\/div>\n\t\t\t\t\t<\/div>\n\t\t<\/div>\n\t\t\t\t\t<\/div>\n\t\t<\/section>\n\t\t\t\t\t<\/div>\n\t\t<\/div>\n\t\t\t\t\t<\/div>\n\t\t<\/section>\n\t\t\t\t<section class=\"elementor-section elementor-top-section elementor-element elementor-element-9b1d6af elementor-section-boxed elementor-section-height-default elementor-section-height-default\" data-id=\"9b1d6af\" data-element_type=\"section\" data-e-type=\"section\">\n\t\t\t\t\t\t<div class=\"elementor-container elementor-column-gap-default\">\n\t\t\t\t\t<div class=\"elementor-column elementor-col-100 elementor-top-column elementor-element elementor-element-c83db50\" data-id=\"c83db50\" data-element_type=\"column\" data-e-type=\"column\">\n\t\t\t<div class=\"elementor-widget-wrap elementor-element-populated\">\n\t\t\t\t\t\t<div class=\"elementor-element elementor-element-a9f3030 elementor-widget elementor-widget-text-editor\" data-id=\"a9f3030\" data-element_type=\"widget\" data-e-type=\"widget\" data-widget_type=\"text-editor.default\">\n\t\t\t\t<div class=\"elementor-widget-container\">\n\t\t\t\t\t\t\t\t\t<p data-start=\"1740\" data-end=\"2173\">La trayectoria de Minelli la respalda: \u00e9xitos como <em data-start=\"1791\" data-end=\"1802\">Rampampam<\/em>, <em data-start=\"1804\" data-end=\"1814\">Deep Sea<\/em> (con R3HAB) o <em data-start=\"1829\" data-end=\"1834\">MMM<\/em> la han situado en listas y plataformas internacionales. Sus cifras hablan de alcance masivo: millones de reproducciones, entradas destacadas en Shazam y una comunidad global que sigue creciendo. Con m\u00e1s de 930.000 oyentes mensuales en Spotify y millones de visualizaciones, su propuesta ya es un fen\u00f3meno europeo con proyecci\u00f3n mundial.<\/p>\n<p data-start=\"2175\" data-end=\"2475\"><em data-start=\"2175\" data-end=\"2191\">Mixed Feelings<\/em> no es solo un disco de baile. Es la declaraci\u00f3n de una artista que expande su lenguaje y que apuesta por colaboraciones inesperadas. Minelli invita as\u00ed a bailar, a sentir y a escuchar con atenci\u00f3n: un nuevo cap\u00edtulo que confirma su ascenso dentro del pop electr\u00f3nico internacional.<\/p>\t\t\t\t\t\t\t\t<\/div>\n\t\t\t\t<\/div>\n\t\t\t\t\t<\/div>\n\t\t<\/div>\n\t\t\t\t\t<\/div>\n\t\t<\/section>\n\t\t\t\t<\/div>","protected":false},"excerpt":{"rendered":"<p>La artista rumana Minelli fusiona EDM, pop y sonidos urbanos junto a Busta Rhymes, Guaynaa, INNA y Natan &amp; Shander Minelli se consolida como una de las promesas m\u00e1s s\u00f3lidas del EDM europeo con el lanzamiento de Mixed Feelings, un \u00e1lbum que re\u00fane energ\u00eda dance, pop y matices urbanos. El proyecto llega tras una intensa [&hellip;]<\/p>\n","protected":false},"author":6,"featured_media":6483,"comment_status":"closed","ping_status":"closed","sticky":false,"template":"","format":"standard","meta":{"footnotes":""},"categories":[4],"tags":[],"class_list":["post-6481","post","type-post","status-publish","format-standard","has-post-thumbnail","hentry","category-musica"],"yoast_head":"<!-- This site is optimized with the Yoast SEO plugin v27.4 - https:\/\/yoast.com\/product\/yoast-seo-wordpress\/ -->\n<title>Minelli lanza Mixed Feelings, su \u00e1lbum m\u00e1s ambicioso<\/title>\n<meta name=\"description\" content=\"La artista rumana Minelli fusiona EDM, pop y sonidos urbanos junto a Busta Rhymes, Guaynaa, INNA y Natan &amp; Shander\" \/>\n<meta name=\"robots\" content=\"index, follow, max-snippet:-1, max-image-preview:large, max-video-preview:-1\" \/>\n<link rel=\"canonical\" href=\"https:\/\/unaymilletras.com\/en\/minelli-lanza-mixed-feelings-su-album-mas-ambicioso\/\" \/>\n<meta property=\"og:locale\" content=\"en_GB\" \/>\n<meta property=\"og:type\" content=\"article\" \/>\n<meta property=\"og:title\" content=\"Minelli lanza Mixed Feelings, su \u00e1lbum m\u00e1s ambicioso\" \/>\n<meta property=\"og:description\" content=\"La artista rumana Minelli fusiona EDM, pop y sonidos urbanos junto a Busta Rhymes, Guaynaa, INNA y Natan &amp; Shander\" \/>\n<meta property=\"og:url\" content=\"https:\/\/unaymilletras.com\/en\/minelli-lanza-mixed-feelings-su-album-mas-ambicioso\/\" \/>\n<meta property=\"og:site_name\" content=\"Una y Mil Letras\" \/>\n<meta property=\"article:published_time\" content=\"2025-11-21T12:18:51+00:00\" \/>\n<meta property=\"article:modified_time\" content=\"2025-11-21T12:19:30+00:00\" \/>\n<meta property=\"og:image\" content=\"http:\/\/unaymilletras.com\/wp-content\/uploads\/2025\/11\/IMG_7292.png\" \/>\n\t<meta property=\"og:image:width\" content=\"640\" \/>\n\t<meta property=\"og:image:height\" content=\"640\" \/>\n\t<meta property=\"og:image:type\" content=\"image\/png\" \/>\n<meta name=\"author\" content=\"Redacci\u00f3n\" \/>\n<meta name=\"twitter:card\" content=\"summary_large_image\" \/>\n<meta name=\"twitter:creator\" content=\"@UnaYMilLetras\" \/>\n<meta name=\"twitter:site\" content=\"@UnaYMilLetras\" \/>\n<meta name=\"twitter:label1\" content=\"Written by\" \/>\n\t<meta name=\"twitter:data1\" content=\"Redacci\u00f3n\" \/>\n\t<meta name=\"twitter:label2\" content=\"Estimated reading time\" \/>\n\t<meta name=\"twitter:data2\" content=\"2 minutes\" \/>\n<script type=\"application\/ld+json\" class=\"yoast-schema-graph\">{\"@context\":\"https:\\\/\\\/schema.org\",\"@graph\":[{\"@type\":\"Article\",\"@id\":\"https:\\\/\\\/unaymilletras.com\\\/minelli-lanza-mixed-feelings-su-album-mas-ambicioso\\\/#article\",\"isPartOf\":{\"@id\":\"https:\\\/\\\/unaymilletras.com\\\/minelli-lanza-mixed-feelings-su-album-mas-ambicioso\\\/\"},\"author\":{\"name\":\"Redacci\u00f3n\",\"@id\":\"http:\\\/\\\/unaymilletras.com\\\/#\\\/schema\\\/person\\\/0860dc8a218329991ee2c7591f4f849d\"},\"headline\":\"Minelli lanza Mixed Feelings, su \u00e1lbum m\u00e1s ambicioso\",\"datePublished\":\"2025-11-21T12:18:51+00:00\",\"dateModified\":\"2025-11-21T12:19:30+00:00\",\"mainEntityOfPage\":{\"@id\":\"https:\\\/\\\/unaymilletras.com\\\/minelli-lanza-mixed-feelings-su-album-mas-ambicioso\\\/\"},\"wordCount\":367,\"publisher\":{\"@id\":\"http:\\\/\\\/unaymilletras.com\\\/#organization\"},\"image\":{\"@id\":\"https:\\\/\\\/unaymilletras.com\\\/minelli-lanza-mixed-feelings-su-album-mas-ambicioso\\\/#primaryimage\"},\"thumbnailUrl\":\"https:\\\/\\\/unaymilletras.com\\\/wp-content\\\/uploads\\\/2025\\\/11\\\/IMG_7292.png\",\"articleSection\":[\"M\u00fasica\"],\"inLanguage\":\"en-GB\"},{\"@type\":\"WebPage\",\"@id\":\"https:\\\/\\\/unaymilletras.com\\\/minelli-lanza-mixed-feelings-su-album-mas-ambicioso\\\/\",\"url\":\"https:\\\/\\\/unaymilletras.com\\\/minelli-lanza-mixed-feelings-su-album-mas-ambicioso\\\/\",\"name\":\"Minelli lanza Mixed Feelings, su \u00e1lbum m\u00e1s ambicioso\",\"isPartOf\":{\"@id\":\"http:\\\/\\\/unaymilletras.com\\\/#website\"},\"primaryImageOfPage\":{\"@id\":\"https:\\\/\\\/unaymilletras.com\\\/minelli-lanza-mixed-feelings-su-album-mas-ambicioso\\\/#primaryimage\"},\"image\":{\"@id\":\"https:\\\/\\\/unaymilletras.com\\\/minelli-lanza-mixed-feelings-su-album-mas-ambicioso\\\/#primaryimage\"},\"thumbnailUrl\":\"https:\\\/\\\/unaymilletras.com\\\/wp-content\\\/uploads\\\/2025\\\/11\\\/IMG_7292.png\",\"datePublished\":\"2025-11-21T12:18:51+00:00\",\"dateModified\":\"2025-11-21T12:19:30+00:00\",\"description\":\"La artista rumana Minelli fusiona EDM, pop y sonidos urbanos junto a Busta Rhymes, Guaynaa, INNA y Natan & Shander\",\"breadcrumb\":{\"@id\":\"https:\\\/\\\/unaymilletras.com\\\/minelli-lanza-mixed-feelings-su-album-mas-ambicioso\\\/#breadcrumb\"},\"inLanguage\":\"en-GB\",\"potentialAction\":[{\"@type\":\"ReadAction\",\"target\":[\"https:\\\/\\\/unaymilletras.com\\\/minelli-lanza-mixed-feelings-su-album-mas-ambicioso\\\/\"]}]},{\"@type\":\"ImageObject\",\"inLanguage\":\"en-GB\",\"@id\":\"https:\\\/\\\/unaymilletras.com\\\/minelli-lanza-mixed-feelings-su-album-mas-ambicioso\\\/#primaryimage\",\"url\":\"https:\\\/\\\/unaymilletras.com\\\/wp-content\\\/uploads\\\/2025\\\/11\\\/IMG_7292.png\",\"contentUrl\":\"https:\\\/\\\/unaymilletras.com\\\/wp-content\\\/uploads\\\/2025\\\/11\\\/IMG_7292.png\",\"width\":640,\"height\":640,\"caption\":\"Minelli\"},{\"@type\":\"BreadcrumbList\",\"@id\":\"https:\\\/\\\/unaymilletras.com\\\/minelli-lanza-mixed-feelings-su-album-mas-ambicioso\\\/#breadcrumb\",\"itemListElement\":[{\"@type\":\"ListItem\",\"position\":1,\"name\":\"Home\",\"item\":\"http:\\\/\\\/unaymilletras.com\\\/\"},{\"@type\":\"ListItem\",\"position\":2,\"name\":\"Minelli lanza Mixed Feelings, su \u00e1lbum m\u00e1s ambicioso\"}]},{\"@type\":\"WebSite\",\"@id\":\"http:\\\/\\\/unaymilletras.com\\\/#website\",\"url\":\"http:\\\/\\\/unaymilletras.com\\\/\",\"name\":\"Una y Mil Letras\",\"description\":\"\",\"publisher\":{\"@id\":\"http:\\\/\\\/unaymilletras.com\\\/#organization\"},\"potentialAction\":[{\"@type\":\"SearchAction\",\"target\":{\"@type\":\"EntryPoint\",\"urlTemplate\":\"http:\\\/\\\/unaymilletras.com\\\/?s={search_term_string}\"},\"query-input\":{\"@type\":\"PropertyValueSpecification\",\"valueRequired\":true,\"valueName\":\"search_term_string\"}}],\"inLanguage\":\"en-GB\"},{\"@type\":\"Organization\",\"@id\":\"http:\\\/\\\/unaymilletras.com\\\/#organization\",\"name\":\"Una y Mil Letras\",\"url\":\"http:\\\/\\\/unaymilletras.com\\\/\",\"logo\":{\"@type\":\"ImageObject\",\"inLanguage\":\"en-GB\",\"@id\":\"http:\\\/\\\/unaymilletras.com\\\/#\\\/schema\\\/logo\\\/image\\\/\",\"url\":\"https:\\\/\\\/unaymilletras.com\\\/wp-content\\\/uploads\\\/2024\\\/06\\\/cropped-Logo-removebg-preview.png\",\"contentUrl\":\"https:\\\/\\\/unaymilletras.com\\\/wp-content\\\/uploads\\\/2024\\\/06\\\/cropped-Logo-removebg-preview.png\",\"width\":512,\"height\":512,\"caption\":\"Una y Mil Letras\"},\"image\":{\"@id\":\"http:\\\/\\\/unaymilletras.com\\\/#\\\/schema\\\/logo\\\/image\\\/\"},\"sameAs\":[\"https:\\\/\\\/x.com\\\/UnaYMilLetras\",\"https:\\\/\\\/instagram.com\\\/UnaYMilLetras\"]},{\"@type\":\"Person\",\"@id\":\"http:\\\/\\\/unaymilletras.com\\\/#\\\/schema\\\/person\\\/0860dc8a218329991ee2c7591f4f849d\",\"name\":\"Redacci\u00f3n\",\"image\":{\"@type\":\"ImageObject\",\"inLanguage\":\"en-GB\",\"@id\":\"https:\\\/\\\/secure.gravatar.com\\\/avatar\\\/d8f55e05a8b6597e45c55a1dcbdbfe44f4a360d88b48e00de5216a79b7732796?s=96&d=mm&r=g\",\"url\":\"https:\\\/\\\/secure.gravatar.com\\\/avatar\\\/d8f55e05a8b6597e45c55a1dcbdbfe44f4a360d88b48e00de5216a79b7732796?s=96&d=mm&r=g\",\"contentUrl\":\"https:\\\/\\\/secure.gravatar.com\\\/avatar\\\/d8f55e05a8b6597e45c55a1dcbdbfe44f4a360d88b48e00de5216a79b7732796?s=96&d=mm&r=g\",\"caption\":\"Redacci\u00f3n\"},\"url\":\"https:\\\/\\\/unaymilletras.com\\\/en\\\/author\\\/redaccion\\\/\"}]}<\/script>\n<!-- \/ Yoast SEO plugin. -->","yoast_head_json":{"title":"Minelli lanza Mixed Feelings, su \u00e1lbum m\u00e1s ambicioso","description":"La artista rumana Minelli fusiona EDM, pop y sonidos urbanos junto a Busta Rhymes, Guaynaa, INNA y Natan & Shander","robots":{"index":"index","follow":"follow","max-snippet":"max-snippet:-1","max-image-preview":"max-image-preview:large","max-video-preview":"max-video-preview:-1"},"canonical":"https:\/\/unaymilletras.com\/en\/minelli-lanza-mixed-feelings-su-album-mas-ambicioso\/","og_locale":"en_GB","og_type":"article","og_title":"Minelli lanza Mixed Feelings, su \u00e1lbum m\u00e1s ambicioso","og_description":"La artista rumana Minelli fusiona EDM, pop y sonidos urbanos junto a Busta Rhymes, Guaynaa, INNA y Natan & Shander","og_url":"https:\/\/unaymilletras.com\/en\/minelli-lanza-mixed-feelings-su-album-mas-ambicioso\/","og_site_name":"Una y Mil Letras","article_published_time":"2025-11-21T12:18:51+00:00","article_modified_time":"2025-11-21T12:19:30+00:00","og_image":[{"width":640,"height":640,"url":"http:\/\/unaymilletras.com\/wp-content\/uploads\/2025\/11\/IMG_7292.png","type":"image\/png"}],"author":"Redacci\u00f3n","twitter_card":"summary_large_image","twitter_creator":"@UnaYMilLetras","twitter_site":"@UnaYMilLetras","twitter_misc":{"Written by":"Redacci\u00f3n","Estimated reading time":"2 minutes"},"schema":{"@context":"https:\/\/schema.org","@graph":[{"@type":"Article","@id":"https:\/\/unaymilletras.com\/minelli-lanza-mixed-feelings-su-album-mas-ambicioso\/#article","isPartOf":{"@id":"https:\/\/unaymilletras.com\/minelli-lanza-mixed-feelings-su-album-mas-ambicioso\/"},"author":{"name":"Redacci\u00f3n","@id":"http:\/\/unaymilletras.com\/#\/schema\/person\/0860dc8a218329991ee2c7591f4f849d"},"headline":"Minelli lanza Mixed Feelings, su \u00e1lbum m\u00e1s ambicioso","datePublished":"2025-11-21T12:18:51+00:00","dateModified":"2025-11-21T12:19:30+00:00","mainEntityOfPage":{"@id":"https:\/\/unaymilletras.com\/minelli-lanza-mixed-feelings-su-album-mas-ambicioso\/"},"wordCount":367,"publisher":{"@id":"http:\/\/unaymilletras.com\/#organization"},"image":{"@id":"https:\/\/unaymilletras.com\/minelli-lanza-mixed-feelings-su-album-mas-ambicioso\/#primaryimage"},"thumbnailUrl":"https:\/\/unaymilletras.com\/wp-content\/uploads\/2025\/11\/IMG_7292.png","articleSection":["M\u00fasica"],"inLanguage":"en-GB"},{"@type":"WebPage","@id":"https:\/\/unaymilletras.com\/minelli-lanza-mixed-feelings-su-album-mas-ambicioso\/","url":"https:\/\/unaymilletras.com\/minelli-lanza-mixed-feelings-su-album-mas-ambicioso\/","name":"Minelli lanza Mixed Feelings, su \u00e1lbum m\u00e1s ambicioso","isPartOf":{"@id":"http:\/\/unaymilletras.com\/#website"},"primaryImageOfPage":{"@id":"https:\/\/unaymilletras.com\/minelli-lanza-mixed-feelings-su-album-mas-ambicioso\/#primaryimage"},"image":{"@id":"https:\/\/unaymilletras.com\/minelli-lanza-mixed-feelings-su-album-mas-ambicioso\/#primaryimage"},"thumbnailUrl":"https:\/\/unaymilletras.com\/wp-content\/uploads\/2025\/11\/IMG_7292.png","datePublished":"2025-11-21T12:18:51+00:00","dateModified":"2025-11-21T12:19:30+00:00","description":"La artista rumana Minelli fusiona EDM, pop y sonidos urbanos junto a Busta Rhymes, Guaynaa, INNA y Natan & Shander","breadcrumb":{"@id":"https:\/\/unaymilletras.com\/minelli-lanza-mixed-feelings-su-album-mas-ambicioso\/#breadcrumb"},"inLanguage":"en-GB","potentialAction":[{"@type":"ReadAction","target":["https:\/\/unaymilletras.com\/minelli-lanza-mixed-feelings-su-album-mas-ambicioso\/"]}]},{"@type":"ImageObject","inLanguage":"en-GB","@id":"https:\/\/unaymilletras.com\/minelli-lanza-mixed-feelings-su-album-mas-ambicioso\/#primaryimage","url":"https:\/\/unaymilletras.com\/wp-content\/uploads\/2025\/11\/IMG_7292.png","contentUrl":"https:\/\/unaymilletras.com\/wp-content\/uploads\/2025\/11\/IMG_7292.png","width":640,"height":640,"caption":"Minelli"},{"@type":"BreadcrumbList","@id":"https:\/\/unaymilletras.com\/minelli-lanza-mixed-feelings-su-album-mas-ambicioso\/#breadcrumb","itemListElement":[{"@type":"ListItem","position":1,"name":"Home","item":"http:\/\/unaymilletras.com\/"},{"@type":"ListItem","position":2,"name":"Minelli lanza Mixed Feelings, su \u00e1lbum m\u00e1s ambicioso"}]},{"@type":"WebSite","@id":"http:\/\/unaymilletras.com\/#website","url":"http:\/\/unaymilletras.com\/","name":"Una y Mil Letras","description":"","publisher":{"@id":"http:\/\/unaymilletras.com\/#organization"},"potentialAction":[{"@type":"SearchAction","target":{"@type":"EntryPoint","urlTemplate":"http:\/\/unaymilletras.com\/?s={search_term_string}"},"query-input":{"@type":"PropertyValueSpecification","valueRequired":true,"valueName":"search_term_string"}}],"inLanguage":"en-GB"},{"@type":"Organization","@id":"http:\/\/unaymilletras.com\/#organization","name":"Una y Mil Letras","url":"http:\/\/unaymilletras.com\/","logo":{"@type":"ImageObject","inLanguage":"en-GB","@id":"http:\/\/unaymilletras.com\/#\/schema\/logo\/image\/","url":"https:\/\/unaymilletras.com\/wp-content\/uploads\/2024\/06\/cropped-Logo-removebg-preview.png","contentUrl":"https:\/\/unaymilletras.com\/wp-content\/uploads\/2024\/06\/cropped-Logo-removebg-preview.png","width":512,"height":512,"caption":"Una y Mil Letras"},"image":{"@id":"http:\/\/unaymilletras.com\/#\/schema\/logo\/image\/"},"sameAs":["https:\/\/x.com\/UnaYMilLetras","https:\/\/instagram.com\/UnaYMilLetras"]},{"@type":"Person","@id":"http:\/\/unaymilletras.com\/#\/schema\/person\/0860dc8a218329991ee2c7591f4f849d","name":"Redacci\u00f3n","image":{"@type":"ImageObject","inLanguage":"en-GB","@id":"https:\/\/secure.gravatar.com\/avatar\/d8f55e05a8b6597e45c55a1dcbdbfe44f4a360d88b48e00de5216a79b7732796?s=96&d=mm&r=g","url":"https:\/\/secure.gravatar.com\/avatar\/d8f55e05a8b6597e45c55a1dcbdbfe44f4a360d88b48e00de5216a79b7732796?s=96&d=mm&r=g","contentUrl":"https:\/\/secure.gravatar.com\/avatar\/d8f55e05a8b6597e45c55a1dcbdbfe44f4a360d88b48e00de5216a79b7732796?s=96&d=mm&r=g","caption":"Redacci\u00f3n"},"url":"https:\/\/unaymilletras.com\/en\/author\/redaccion\/"}]}},"_links":{"self":[{"href":"https:\/\/unaymilletras.com\/en\/wp-json\/wp\/v2\/posts\/6481","targetHints":{"allow":["GET"]}}],"collection":[{"href":"https:\/\/unaymilletras.com\/en\/wp-json\/wp\/v2\/posts"}],"about":[{"href":"https:\/\/unaymilletras.com\/en\/wp-json\/wp\/v2\/types\/post"}],"author":[{"embeddable":true,"href":"https:\/\/unaymilletras.com\/en\/wp-json\/wp\/v2\/users\/6"}],"replies":[{"embeddable":true,"href":"https:\/\/unaymilletras.com\/en\/wp-json\/wp\/v2\/comments?post=6481"}],"version-history":[{"count":7,"href":"https:\/\/unaymilletras.com\/en\/wp-json\/wp\/v2\/posts\/6481\/revisions"}],"predecessor-version":[{"id":6489,"href":"https:\/\/unaymilletras.com\/en\/wp-json\/wp\/v2\/posts\/6481\/revisions\/6489"}],"wp:featuredmedia":[{"embeddable":true,"href":"https:\/\/unaymilletras.com\/en\/wp-json\/wp\/v2\/media\/6483"}],"wp:attachment":[{"href":"https:\/\/unaymilletras.com\/en\/wp-json\/wp\/v2\/media?parent=6481"}],"wp:term":[{"taxonomy":"category","embeddable":true,"href":"https:\/\/unaymilletras.com\/en\/wp-json\/wp\/v2\/categories?post=6481"},{"taxonomy":"post_tag","embeddable":true,"href":"https:\/\/unaymilletras.com\/en\/wp-json\/wp\/v2\/tags?post=6481"}],"curies":[{"name":"wp","href":"https:\/\/api.w.org\/{rel}","templated":true}]}}