{"id":6490,"date":"2025-11-22T18:00:00","date_gmt":"2025-11-22T17:00:00","guid":{"rendered":"https:\/\/unaymilletras.com\/?p=6490"},"modified":"2025-11-21T19:49:48","modified_gmt":"2025-11-21T18:49:48","slug":"ginebras-lanzan-mi-diario-primer-adelanto-de-su-tercer-disco","status":"publish","type":"post","link":"https:\/\/unaymilletras.com\/en\/ginebras-lanzan-mi-diario-primer-adelanto-de-su-tercer-disco\/","title":{"rendered":"Ginebras lanzan \u201cMi diario\u201d, primer adelanto de su tercer disco"},"content":{"rendered":"<div data-elementor-type=\"wp-post\" data-elementor-id=\"6490\" class=\"elementor elementor-6490\">\n\t\t\t\t\t\t<section class=\"elementor-section elementor-top-section elementor-element elementor-element-bd9cba5 elementor-section-boxed elementor-section-height-default elementor-section-height-default\" data-id=\"bd9cba5\" data-element_type=\"section\" data-e-type=\"section\">\n\t\t\t\t\t\t<div class=\"elementor-container elementor-column-gap-default\">\n\t\t\t\t\t<div class=\"elementor-column elementor-col-100 elementor-top-column elementor-element elementor-element-7866484\" data-id=\"7866484\" data-element_type=\"column\" data-e-type=\"column\">\n\t\t\t<div class=\"elementor-widget-wrap elementor-element-populated\">\n\t\t\t\t\t\t<div class=\"elementor-element elementor-element-81470e3 elementor-widget elementor-widget-text-editor\" data-id=\"81470e3\" data-element_type=\"widget\" data-e-type=\"widget\" data-widget_type=\"text-editor.default\">\n\t\t\t\t<div class=\"elementor-widget-container\">\n\t\t\t\t\t\t\t\t\t<h2><span style=\"color: #808080\"><strong>Ginebras apuesta por letras en primera persona y un sonido m\u00e1s rock para presentar su nuevo single, disponible ya en plataformas<\/strong><\/span><\/h2>\t\t\t\t\t\t\t\t<\/div>\n\t\t\t\t<\/div>\n\t\t\t\t<div class=\"elementor-element elementor-element-a74a7ff elementor-widget elementor-widget-text-editor\" data-id=\"a74a7ff\" data-element_type=\"widget\" data-e-type=\"widget\" data-widget_type=\"text-editor.default\">\n\t\t\t\t<div class=\"elementor-widget-container\">\n\t\t\t\t\t\t\t\t\t<p style=\"text-align: justify;\">Ginebras dan el primer paso hacia su <strong>tercer \u00e1lbum, previsto para 2026,<\/strong> con el lanzamiento de <em><a href=\"https:\/\/youtu.be\/1hjDL7Df1fI?si=JxTVleGfuOk1L3-x\">Mi diario<\/a>,<\/em> un single en el que Mag\u00fci, Sandra, Raquel y Juls se muestran m\u00e1s <strong>personales<\/strong>.<\/p><p style=\"text-align: justify;\">Tras el \u00e9xito de <em>\u00bfQui\u00e9n es Billie Max?<\/em> y el Premio Ondas 2024 al Fen\u00f3meno Musical del A\u00f1o, el grupo abre una <strong>nueva fase creativa<\/strong> centrada en sus propias experiencias.<\/p><p style=\"text-align: justify;\">En esta canci\u00f3n, la banda reflexiona sobre la tendencia a recordar los <strong>momentos dif\u00edciles.<\/strong> \u201cCuando abrimos nuestro diario vimos que solo escrib\u00edamos cuando est\u00e1bamos tristes\u201d.<\/p><p style=\"text-align: justify;\">Explican, una idea que <strong>desemboca en preguntas como<\/strong> \u201c\u00bfPor qu\u00e9 solo escribimos cuando estamos en la mierda? \u00bfAcaso no merezco recordar las cosas buenas?\u201d. El tema busca <strong>equilibrar esa mirada<\/strong> y transmitir que, con distancia, nada resulta tan grave.<\/p><p style=\"text-align: justify;\">A nivel musical, Ginebras <strong>ampl\u00edan su identidad pop<\/strong> hacia un sonido m\u00e1s rock, con guitarras m\u00e1s presentes, bajo distorsionado y bater\u00eda reforzada. La <strong>producci\u00f3n<\/strong> corre a cargo de <strong>Manuel Cabezal\u00ed<\/strong> y <strong>V\u00edctor Cabezuelo,<\/strong> responsables tambi\u00e9n de sus dos trabajos anteriores <strong>publicados por Vanana Records.<\/strong><\/p><p style=\"text-align: justify;\">El single llega acompa\u00f1ado de un visualizer dirigido por Migue V\u00e1zquez, con direcci\u00f3n creativa de delaschuches, donde el grupo interpreta la canci\u00f3n en un <strong>espacio \u00edntimo<\/strong> presidido por la cama que aparece en la portada, <strong>obra de Boo Studio.<\/strong><br \/><em>Mi diario<\/em> <strong>ya est\u00e1 disponible en todas las plataformas<\/strong> digitales, editado por Vanana Records y compuesto por la propia banda.<\/p>\t\t\t\t\t\t\t\t<\/div>\n\t\t\t\t<\/div>\n\t\t\t\t<div class=\"elementor-element elementor-element-523475b elementor-widget elementor-widget-image\" data-id=\"523475b\" data-element_type=\"widget\" data-e-type=\"widget\" data-widget_type=\"image.default\">\n\t\t\t\t<div class=\"elementor-widget-container\">\n\t\t\t\t\t\t\t\t\t\t\t\t\t\t\t<img fetchpriority=\"high\" decoding=\"async\" width=\"640\" height=\"427\" src=\"https:\/\/unaymilletras.com\/wp-content\/uploads\/2025\/11\/Ginebras-cdelaschuches_4-1024x683.jpg\" class=\"attachment-large size-large wp-image-6499\" alt=\"Ginebras\" srcset=\"https:\/\/unaymilletras.com\/wp-content\/uploads\/2025\/11\/Ginebras-cdelaschuches_4-1024x683.jpg 1024w, https:\/\/unaymilletras.com\/wp-content\/uploads\/2025\/11\/Ginebras-cdelaschuches_4-300x200.jpg 300w, https:\/\/unaymilletras.com\/wp-content\/uploads\/2025\/11\/Ginebras-cdelaschuches_4-768x512.jpg 768w, https:\/\/unaymilletras.com\/wp-content\/uploads\/2025\/11\/Ginebras-cdelaschuches_4-1536x1024.jpg 1536w, https:\/\/unaymilletras.com\/wp-content\/uploads\/2025\/11\/Ginebras-cdelaschuches_4-2048x1365.jpg 2048w, https:\/\/unaymilletras.com\/wp-content\/uploads\/2025\/11\/Ginebras-cdelaschuches_4-18x12.jpg 18w, https:\/\/unaymilletras.com\/wp-content\/uploads\/2025\/11\/Ginebras-cdelaschuches_4-scaled-e1763745337803.jpg 600w\" sizes=\"(max-width: 640px) 100vw, 640px\" \/>\t\t\t\t\t\t\t\t\t\t\t\t\t\t\t<\/div>\n\t\t\t\t<\/div>\n\t\t\t\t\t<\/div>\n\t\t<\/div>\n\t\t\t\t\t<\/div>\n\t\t<\/section>\n\t\t\t\t<\/div>","protected":false},"excerpt":{"rendered":"<p>Ginebras apuesta por letras en primera persona y un sonido m\u00e1s rock para presentar su nuevo single, disponible ya en plataformas Ginebras dan el primer paso hacia su tercer \u00e1lbum, previsto para 2026, con el lanzamiento de Mi diario, un single en el que Mag\u00fci, Sandra, Raquel y Juls se muestran m\u00e1s personales. Tras el [&hellip;]<\/p>\n","protected":false},"author":8,"featured_media":6503,"comment_status":"closed","ping_status":"closed","sticky":false,"template":"","format":"standard","meta":{"footnotes":""},"categories":[4],"tags":[],"class_list":["post-6490","post","type-post","status-publish","format-standard","has-post-thumbnail","hentry","category-musica"],"yoast_head":"<!-- This site is optimized with the Yoast SEO plugin v27.4 - https:\/\/yoast.com\/product\/yoast-seo-wordpress\/ -->\n<title>Ginebras lanzan \u201cMi diario\u201d, primer adelanto de su tercer disco<\/title>\n<meta name=\"description\" content=\"Ginebras inauguran su tercer \u00e1lbum con el lanzamiento de \u201cMi diario\u201d, un single en el que se muestran m\u00e1s directas y personales.\" \/>\n<meta name=\"robots\" content=\"index, follow, max-snippet:-1, max-image-preview:large, max-video-preview:-1\" \/>\n<link rel=\"canonical\" href=\"https:\/\/unaymilletras.com\/en\/ginebras-lanzan-mi-diario-primer-adelanto-de-su-tercer-disco\/\" \/>\n<meta property=\"og:locale\" content=\"en_GB\" \/>\n<meta property=\"og:type\" content=\"article\" \/>\n<meta property=\"og:title\" content=\"Ginebras lanzan \u201cMi diario\u201d, primer adelanto de su tercer disco\" \/>\n<meta property=\"og:description\" content=\"Ginebras inauguran su tercer \u00e1lbum con el lanzamiento de \u201cMi diario\u201d, un single en el que se muestran m\u00e1s directas y personales.\" \/>\n<meta property=\"og:url\" content=\"https:\/\/unaymilletras.com\/en\/ginebras-lanzan-mi-diario-primer-adelanto-de-su-tercer-disco\/\" \/>\n<meta property=\"og:site_name\" content=\"Una y Mil Letras\" \/>\n<meta property=\"article:published_time\" content=\"2025-11-22T17:00:00+00:00\" \/>\n<meta property=\"og:image\" content=\"https:\/\/unaymilletras.com\/wp-content\/uploads\/2025\/11\/Ginebras-cdelaschuches_2-scaled-e1763745470290.jpg\" \/>\n\t<meta property=\"og:image:width\" content=\"600\" \/>\n\t<meta property=\"og:image:height\" content=\"900\" \/>\n\t<meta property=\"og:image:type\" content=\"image\/jpeg\" \/>\n<meta name=\"author\" content=\"Alvany Pereira\" \/>\n<meta name=\"twitter:card\" content=\"summary_large_image\" \/>\n<meta name=\"twitter:creator\" content=\"@UnaYMilLetras\" \/>\n<meta name=\"twitter:site\" content=\"@UnaYMilLetras\" \/>\n<meta name=\"twitter:label1\" content=\"Written by\" \/>\n\t<meta name=\"twitter:data1\" content=\"Alvany Pereira\" \/>\n\t<meta name=\"twitter:label2\" content=\"Estimated reading time\" \/>\n\t<meta name=\"twitter:data2\" content=\"2 minutes\" \/>\n<script type=\"application\/ld+json\" class=\"yoast-schema-graph\">{\"@context\":\"https:\\\/\\\/schema.org\",\"@graph\":[{\"@type\":\"Article\",\"@id\":\"https:\\\/\\\/unaymilletras.com\\\/ginebras-lanzan-mi-diario-primer-adelanto-de-su-tercer-disco\\\/#article\",\"isPartOf\":{\"@id\":\"https:\\\/\\\/unaymilletras.com\\\/ginebras-lanzan-mi-diario-primer-adelanto-de-su-tercer-disco\\\/\"},\"author\":{\"name\":\"Alvany Pereira\",\"@id\":\"http:\\\/\\\/unaymilletras.com\\\/#\\\/schema\\\/person\\\/f9792b0b93704f9d3f6cef46c2048d7d\"},\"headline\":\"Ginebras lanzan \u201cMi diario\u201d, primer adelanto de su tercer disco\",\"datePublished\":\"2025-11-22T17:00:00+00:00\",\"mainEntityOfPage\":{\"@id\":\"https:\\\/\\\/unaymilletras.com\\\/ginebras-lanzan-mi-diario-primer-adelanto-de-su-tercer-disco\\\/\"},\"wordCount\":279,\"publisher\":{\"@id\":\"http:\\\/\\\/unaymilletras.com\\\/#organization\"},\"image\":{\"@id\":\"https:\\\/\\\/unaymilletras.com\\\/ginebras-lanzan-mi-diario-primer-adelanto-de-su-tercer-disco\\\/#primaryimage\"},\"thumbnailUrl\":\"https:\\\/\\\/unaymilletras.com\\\/wp-content\\\/uploads\\\/2025\\\/11\\\/Ginebras-cdelaschuches_2-scaled-e1763745470290.jpg\",\"articleSection\":[\"M\u00fasica\"],\"inLanguage\":\"en-GB\"},{\"@type\":\"WebPage\",\"@id\":\"https:\\\/\\\/unaymilletras.com\\\/ginebras-lanzan-mi-diario-primer-adelanto-de-su-tercer-disco\\\/\",\"url\":\"https:\\\/\\\/unaymilletras.com\\\/ginebras-lanzan-mi-diario-primer-adelanto-de-su-tercer-disco\\\/\",\"name\":\"Ginebras lanzan \u201cMi diario\u201d, primer adelanto de su tercer disco\",\"isPartOf\":{\"@id\":\"http:\\\/\\\/unaymilletras.com\\\/#website\"},\"primaryImageOfPage\":{\"@id\":\"https:\\\/\\\/unaymilletras.com\\\/ginebras-lanzan-mi-diario-primer-adelanto-de-su-tercer-disco\\\/#primaryimage\"},\"image\":{\"@id\":\"https:\\\/\\\/unaymilletras.com\\\/ginebras-lanzan-mi-diario-primer-adelanto-de-su-tercer-disco\\\/#primaryimage\"},\"thumbnailUrl\":\"https:\\\/\\\/unaymilletras.com\\\/wp-content\\\/uploads\\\/2025\\\/11\\\/Ginebras-cdelaschuches_2-scaled-e1763745470290.jpg\",\"datePublished\":\"2025-11-22T17:00:00+00:00\",\"description\":\"Ginebras inauguran su tercer \u00e1lbum con el lanzamiento de \u201cMi diario\u201d, un single en el que se muestran m\u00e1s directas y personales.\",\"breadcrumb\":{\"@id\":\"https:\\\/\\\/unaymilletras.com\\\/ginebras-lanzan-mi-diario-primer-adelanto-de-su-tercer-disco\\\/#breadcrumb\"},\"inLanguage\":\"en-GB\",\"potentialAction\":[{\"@type\":\"ReadAction\",\"target\":[\"https:\\\/\\\/unaymilletras.com\\\/ginebras-lanzan-mi-diario-primer-adelanto-de-su-tercer-disco\\\/\"]}]},{\"@type\":\"ImageObject\",\"inLanguage\":\"en-GB\",\"@id\":\"https:\\\/\\\/unaymilletras.com\\\/ginebras-lanzan-mi-diario-primer-adelanto-de-su-tercer-disco\\\/#primaryimage\",\"url\":\"https:\\\/\\\/unaymilletras.com\\\/wp-content\\\/uploads\\\/2025\\\/11\\\/Ginebras-cdelaschuches_2-scaled-e1763745470290.jpg\",\"contentUrl\":\"https:\\\/\\\/unaymilletras.com\\\/wp-content\\\/uploads\\\/2025\\\/11\\\/Ginebras-cdelaschuches_2-scaled-e1763745470290.jpg\",\"width\":600,\"height\":900},{\"@type\":\"BreadcrumbList\",\"@id\":\"https:\\\/\\\/unaymilletras.com\\\/ginebras-lanzan-mi-diario-primer-adelanto-de-su-tercer-disco\\\/#breadcrumb\",\"itemListElement\":[{\"@type\":\"ListItem\",\"position\":1,\"name\":\"Home\",\"item\":\"http:\\\/\\\/unaymilletras.com\\\/\"},{\"@type\":\"ListItem\",\"position\":2,\"name\":\"Ginebras lanzan \u201cMi diario\u201d, primer adelanto de su tercer disco\"}]},{\"@type\":\"WebSite\",\"@id\":\"http:\\\/\\\/unaymilletras.com\\\/#website\",\"url\":\"http:\\\/\\\/unaymilletras.com\\\/\",\"name\":\"Una y Mil Letras\",\"description\":\"\",\"publisher\":{\"@id\":\"http:\\\/\\\/unaymilletras.com\\\/#organization\"},\"potentialAction\":[{\"@type\":\"SearchAction\",\"target\":{\"@type\":\"EntryPoint\",\"urlTemplate\":\"http:\\\/\\\/unaymilletras.com\\\/?s={search_term_string}\"},\"query-input\":{\"@type\":\"PropertyValueSpecification\",\"valueRequired\":true,\"valueName\":\"search_term_string\"}}],\"inLanguage\":\"en-GB\"},{\"@type\":\"Organization\",\"@id\":\"http:\\\/\\\/unaymilletras.com\\\/#organization\",\"name\":\"Una y Mil Letras\",\"url\":\"http:\\\/\\\/unaymilletras.com\\\/\",\"logo\":{\"@type\":\"ImageObject\",\"inLanguage\":\"en-GB\",\"@id\":\"http:\\\/\\\/unaymilletras.com\\\/#\\\/schema\\\/logo\\\/image\\\/\",\"url\":\"https:\\\/\\\/unaymilletras.com\\\/wp-content\\\/uploads\\\/2024\\\/06\\\/cropped-Logo-removebg-preview.png\",\"contentUrl\":\"https:\\\/\\\/unaymilletras.com\\\/wp-content\\\/uploads\\\/2024\\\/06\\\/cropped-Logo-removebg-preview.png\",\"width\":512,\"height\":512,\"caption\":\"Una y Mil Letras\"},\"image\":{\"@id\":\"http:\\\/\\\/unaymilletras.com\\\/#\\\/schema\\\/logo\\\/image\\\/\"},\"sameAs\":[\"https:\\\/\\\/x.com\\\/UnaYMilLetras\",\"https:\\\/\\\/instagram.com\\\/UnaYMilLetras\"]},{\"@type\":\"Person\",\"@id\":\"http:\\\/\\\/unaymilletras.com\\\/#\\\/schema\\\/person\\\/f9792b0b93704f9d3f6cef46c2048d7d\",\"name\":\"Alvany Pereira\",\"image\":{\"@type\":\"ImageObject\",\"inLanguage\":\"en-GB\",\"@id\":\"https:\\\/\\\/secure.gravatar.com\\\/avatar\\\/1a5fbcc81714220624d70f391a6187cd1434ccfcb154238afd238d6b8bb7f593?s=96&d=mm&r=g\",\"url\":\"https:\\\/\\\/secure.gravatar.com\\\/avatar\\\/1a5fbcc81714220624d70f391a6187cd1434ccfcb154238afd238d6b8bb7f593?s=96&d=mm&r=g\",\"contentUrl\":\"https:\\\/\\\/secure.gravatar.com\\\/avatar\\\/1a5fbcc81714220624d70f391a6187cd1434ccfcb154238afd238d6b8bb7f593?s=96&d=mm&r=g\",\"caption\":\"Alvany Pereira\"},\"url\":\"https:\\\/\\\/unaymilletras.com\\\/en\\\/author\\\/alvanysophia\\\/\"}]}<\/script>\n<!-- \/ Yoast SEO plugin. -->","yoast_head_json":{"title":"Ginebras lanzan \u201cMi diario\u201d, primer adelanto de su tercer disco","description":"Ginebras inauguran su tercer \u00e1lbum con el lanzamiento de \u201cMi diario\u201d, un single en el que se muestran m\u00e1s directas y personales.","robots":{"index":"index","follow":"follow","max-snippet":"max-snippet:-1","max-image-preview":"max-image-preview:large","max-video-preview":"max-video-preview:-1"},"canonical":"https:\/\/unaymilletras.com\/en\/ginebras-lanzan-mi-diario-primer-adelanto-de-su-tercer-disco\/","og_locale":"en_GB","og_type":"article","og_title":"Ginebras lanzan \u201cMi diario\u201d, primer adelanto de su tercer disco","og_description":"Ginebras inauguran su tercer \u00e1lbum con el lanzamiento de \u201cMi diario\u201d, un single en el que se muestran m\u00e1s directas y personales.","og_url":"https:\/\/unaymilletras.com\/en\/ginebras-lanzan-mi-diario-primer-adelanto-de-su-tercer-disco\/","og_site_name":"Una y Mil Letras","article_published_time":"2025-11-22T17:00:00+00:00","og_image":[{"width":600,"height":900,"url":"https:\/\/unaymilletras.com\/wp-content\/uploads\/2025\/11\/Ginebras-cdelaschuches_2-scaled-e1763745470290.jpg","type":"image\/jpeg"}],"author":"Alvany Pereira","twitter_card":"summary_large_image","twitter_creator":"@UnaYMilLetras","twitter_site":"@UnaYMilLetras","twitter_misc":{"Written by":"Alvany Pereira","Estimated reading time":"2 minutes"},"schema":{"@context":"https:\/\/schema.org","@graph":[{"@type":"Article","@id":"https:\/\/unaymilletras.com\/ginebras-lanzan-mi-diario-primer-adelanto-de-su-tercer-disco\/#article","isPartOf":{"@id":"https:\/\/unaymilletras.com\/ginebras-lanzan-mi-diario-primer-adelanto-de-su-tercer-disco\/"},"author":{"name":"Alvany Pereira","@id":"http:\/\/unaymilletras.com\/#\/schema\/person\/f9792b0b93704f9d3f6cef46c2048d7d"},"headline":"Ginebras lanzan \u201cMi diario\u201d, primer adelanto de su tercer disco","datePublished":"2025-11-22T17:00:00+00:00","mainEntityOfPage":{"@id":"https:\/\/unaymilletras.com\/ginebras-lanzan-mi-diario-primer-adelanto-de-su-tercer-disco\/"},"wordCount":279,"publisher":{"@id":"http:\/\/unaymilletras.com\/#organization"},"image":{"@id":"https:\/\/unaymilletras.com\/ginebras-lanzan-mi-diario-primer-adelanto-de-su-tercer-disco\/#primaryimage"},"thumbnailUrl":"https:\/\/unaymilletras.com\/wp-content\/uploads\/2025\/11\/Ginebras-cdelaschuches_2-scaled-e1763745470290.jpg","articleSection":["M\u00fasica"],"inLanguage":"en-GB"},{"@type":"WebPage","@id":"https:\/\/unaymilletras.com\/ginebras-lanzan-mi-diario-primer-adelanto-de-su-tercer-disco\/","url":"https:\/\/unaymilletras.com\/ginebras-lanzan-mi-diario-primer-adelanto-de-su-tercer-disco\/","name":"Ginebras lanzan \u201cMi diario\u201d, primer adelanto de su tercer disco","isPartOf":{"@id":"http:\/\/unaymilletras.com\/#website"},"primaryImageOfPage":{"@id":"https:\/\/unaymilletras.com\/ginebras-lanzan-mi-diario-primer-adelanto-de-su-tercer-disco\/#primaryimage"},"image":{"@id":"https:\/\/unaymilletras.com\/ginebras-lanzan-mi-diario-primer-adelanto-de-su-tercer-disco\/#primaryimage"},"thumbnailUrl":"https:\/\/unaymilletras.com\/wp-content\/uploads\/2025\/11\/Ginebras-cdelaschuches_2-scaled-e1763745470290.jpg","datePublished":"2025-11-22T17:00:00+00:00","description":"Ginebras inauguran su tercer \u00e1lbum con el lanzamiento de \u201cMi diario\u201d, un single en el que se muestran m\u00e1s directas y personales.","breadcrumb":{"@id":"https:\/\/unaymilletras.com\/ginebras-lanzan-mi-diario-primer-adelanto-de-su-tercer-disco\/#breadcrumb"},"inLanguage":"en-GB","potentialAction":[{"@type":"ReadAction","target":["https:\/\/unaymilletras.com\/ginebras-lanzan-mi-diario-primer-adelanto-de-su-tercer-disco\/"]}]},{"@type":"ImageObject","inLanguage":"en-GB","@id":"https:\/\/unaymilletras.com\/ginebras-lanzan-mi-diario-primer-adelanto-de-su-tercer-disco\/#primaryimage","url":"https:\/\/unaymilletras.com\/wp-content\/uploads\/2025\/11\/Ginebras-cdelaschuches_2-scaled-e1763745470290.jpg","contentUrl":"https:\/\/unaymilletras.com\/wp-content\/uploads\/2025\/11\/Ginebras-cdelaschuches_2-scaled-e1763745470290.jpg","width":600,"height":900},{"@type":"BreadcrumbList","@id":"https:\/\/unaymilletras.com\/ginebras-lanzan-mi-diario-primer-adelanto-de-su-tercer-disco\/#breadcrumb","itemListElement":[{"@type":"ListItem","position":1,"name":"Home","item":"http:\/\/unaymilletras.com\/"},{"@type":"ListItem","position":2,"name":"Ginebras lanzan \u201cMi diario\u201d, primer adelanto de su tercer disco"}]},{"@type":"WebSite","@id":"http:\/\/unaymilletras.com\/#website","url":"http:\/\/unaymilletras.com\/","name":"Una y Mil Letras","description":"","publisher":{"@id":"http:\/\/unaymilletras.com\/#organization"},"potentialAction":[{"@type":"SearchAction","target":{"@type":"EntryPoint","urlTemplate":"http:\/\/unaymilletras.com\/?s={search_term_string}"},"query-input":{"@type":"PropertyValueSpecification","valueRequired":true,"valueName":"search_term_string"}}],"inLanguage":"en-GB"},{"@type":"Organization","@id":"http:\/\/unaymilletras.com\/#organization","name":"Una y Mil Letras","url":"http:\/\/unaymilletras.com\/","logo":{"@type":"ImageObject","inLanguage":"en-GB","@id":"http:\/\/unaymilletras.com\/#\/schema\/logo\/image\/","url":"https:\/\/unaymilletras.com\/wp-content\/uploads\/2024\/06\/cropped-Logo-removebg-preview.png","contentUrl":"https:\/\/unaymilletras.com\/wp-content\/uploads\/2024\/06\/cropped-Logo-removebg-preview.png","width":512,"height":512,"caption":"Una y Mil Letras"},"image":{"@id":"http:\/\/unaymilletras.com\/#\/schema\/logo\/image\/"},"sameAs":["https:\/\/x.com\/UnaYMilLetras","https:\/\/instagram.com\/UnaYMilLetras"]},{"@type":"Person","@id":"http:\/\/unaymilletras.com\/#\/schema\/person\/f9792b0b93704f9d3f6cef46c2048d7d","name":"Alvany Pereira","image":{"@type":"ImageObject","inLanguage":"en-GB","@id":"https:\/\/secure.gravatar.com\/avatar\/1a5fbcc81714220624d70f391a6187cd1434ccfcb154238afd238d6b8bb7f593?s=96&d=mm&r=g","url":"https:\/\/secure.gravatar.com\/avatar\/1a5fbcc81714220624d70f391a6187cd1434ccfcb154238afd238d6b8bb7f593?s=96&d=mm&r=g","contentUrl":"https:\/\/secure.gravatar.com\/avatar\/1a5fbcc81714220624d70f391a6187cd1434ccfcb154238afd238d6b8bb7f593?s=96&d=mm&r=g","caption":"Alvany Pereira"},"url":"https:\/\/unaymilletras.com\/en\/author\/alvanysophia\/"}]}},"_links":{"self":[{"href":"https:\/\/unaymilletras.com\/en\/wp-json\/wp\/v2\/posts\/6490","targetHints":{"allow":["GET"]}}],"collection":[{"href":"https:\/\/unaymilletras.com\/en\/wp-json\/wp\/v2\/posts"}],"about":[{"href":"https:\/\/unaymilletras.com\/en\/wp-json\/wp\/v2\/types\/post"}],"author":[{"embeddable":true,"href":"https:\/\/unaymilletras.com\/en\/wp-json\/wp\/v2\/users\/8"}],"replies":[{"embeddable":true,"href":"https:\/\/unaymilletras.com\/en\/wp-json\/wp\/v2\/comments?post=6490"}],"version-history":[{"count":15,"href":"https:\/\/unaymilletras.com\/en\/wp-json\/wp\/v2\/posts\/6490\/revisions"}],"predecessor-version":[{"id":6513,"href":"https:\/\/unaymilletras.com\/en\/wp-json\/wp\/v2\/posts\/6490\/revisions\/6513"}],"wp:featuredmedia":[{"embeddable":true,"href":"https:\/\/unaymilletras.com\/en\/wp-json\/wp\/v2\/media\/6503"}],"wp:attachment":[{"href":"https:\/\/unaymilletras.com\/en\/wp-json\/wp\/v2\/media?parent=6490"}],"wp:term":[{"taxonomy":"category","embeddable":true,"href":"https:\/\/unaymilletras.com\/en\/wp-json\/wp\/v2\/categories?post=6490"},{"taxonomy":"post_tag","embeddable":true,"href":"https:\/\/unaymilletras.com\/en\/wp-json\/wp\/v2\/tags?post=6490"}],"curies":[{"name":"wp","href":"https:\/\/api.w.org\/{rel}","templated":true}]}}