{"id":6504,"date":"2025-11-22T12:00:00","date_gmt":"2025-11-22T11:00:00","guid":{"rendered":"https:\/\/unaymilletras.com\/?p=6504"},"modified":"2025-11-21T19:51:03","modified_gmt":"2025-11-21T18:51:03","slug":"pablo-alboran-amplia-su-global-tour-km0","status":"publish","type":"post","link":"https:\/\/unaymilletras.com\/en\/pablo-alboran-amplia-su-global-tour-km0\/","title":{"rendered":"Pablo Albor\u00e1n ampl\u00eda su Global Tour KM0"},"content":{"rendered":"<div data-elementor-type=\"wp-post\" data-elementor-id=\"6504\" class=\"elementor elementor-6504\">\n\t\t\t\t\t\t<section class=\"elementor-section elementor-top-section elementor-element elementor-element-35bedb8 elementor-section-boxed elementor-section-height-default elementor-section-height-default\" data-id=\"35bedb8\" data-element_type=\"section\" data-e-type=\"section\">\n\t\t\t\t\t\t<div class=\"elementor-container elementor-column-gap-default\">\n\t\t\t\t\t<div class=\"elementor-column elementor-col-100 elementor-top-column elementor-element elementor-element-eb300f5\" data-id=\"eb300f5\" data-element_type=\"column\" data-e-type=\"column\">\n\t\t\t<div class=\"elementor-widget-wrap elementor-element-populated\">\n\t\t\t\t\t\t<div class=\"elementor-element elementor-element-9db2f66 elementor-widget elementor-widget-text-editor\" data-id=\"9db2f66\" data-element_type=\"widget\" data-e-type=\"widget\" data-widget_type=\"text-editor.default\">\n\t\t\t\t<div class=\"elementor-widget-container\">\n\t\t\t\t\t\t\t\t\t<h2><span style=\"color: #808080\"><b>Pablo Albor\u00e1n incluye nuevas paradas en siete ciudades y un segundo concierto en Madrid tras agotarse las entradas<\/b><\/span><\/h2>\t\t\t\t\t\t\t\t<\/div>\n\t\t\t\t<\/div>\n\t\t\t\t<div class=\"elementor-element elementor-element-9101d09 elementor-widget elementor-widget-text-editor\" data-id=\"9101d09\" data-element_type=\"widget\" data-e-type=\"widget\" data-widget_type=\"text-editor.default\">\n\t\t\t\t<div class=\"elementor-widget-container\">\n\t\t\t\t\t\t\t\t\t<p style=\"text-align: justify\">El artista ha anunciado la <strong>ampliaci\u00f3n de su Global Tour KM0<\/strong> con <strong>diez nuevas fechas<\/strong> para 2026. La gira, presentada recientemente como la m\u00e1s ambiciosa de su carrera, suma actuaciones en Tenerife, Zaragoza, Mallorca, Roses, Las Palmas de Gran Canaria, Santa Cruz de La Palma y Chiclana.<\/p><p style=\"text-align: justify\">Adem\u00e1s, tras <strong>agotar todas las entradas en Madrid,<\/strong> se incorpora una <strong>segunda fecha<\/strong> en la capital el 21 de mayo en el Movistar Arena.<\/p><p style=\"text-align: justify\">El anuncio coincide con la publicaci\u00f3n de KM0, el <strong>s\u00e9ptimo \u00e1lbum de estudio<\/strong> del cantante, que abre una nueva etapa creativa caracterizada por la introspecci\u00f3n, la h<strong>onestidad y una mayor libertad art\u00edstica.<\/strong><\/p><p style=\"text-align: justify\">El Global Tour KM0 ofrecer\u00e1 al p\u00fablico la oportunidad de <strong>escuchar en directo las canciones del nuevo \u00e1lbum<\/strong> y revivir los \u00e9xitos que han marcado su trayectoria internacional.<\/p><h3 style=\"text-align: justify\"><span style=\"color: #999999\"><strong>Nuevas fechas del Global Tour KM0<\/strong><\/span><\/h3><ul style=\"text-align: justify\"><li><strong>21\/05 \u2013 Madrid<\/strong> \u2013 Movistar Arena (nueva fecha)<\/li><li><strong>13\/06 \u2013 Tenerife<\/strong> \u2013 Tenerife Music Fest<\/li><li><strong>20\/06 \u2013 Zaragoza<\/strong> \u2013 Pabell\u00f3n Pr\u00edncipe Felipe<\/li><li><strong>16\/07 \u2013 Mallorca<\/strong> \u2013 Plaza de Toros<\/li><li><strong>25\/07 \u2013 Roses<\/strong> \u2013 Sons del M\u00f3n<\/li><li><strong>07\/08 \u2013 Las Palmas de Gran Canaria<\/strong> \u2013 Gran Canaria Arena<\/li><li><strong>08\/08 \u2013 Santa Cruz de La Palma<\/strong> \u2013 Capital Pop<\/li><li><strong>13\/08 \u2013 Chiclana<\/strong> \u2013 CMF<\/li><\/ul><p style=\"text-align: justify\">Toda la informaci\u00f3n sobre las entradas\u00a0en <a href=\"https:\/\/pabloalboran.es\/\">pabloalboran.es<\/a><\/p>\t\t\t\t\t\t\t\t<\/div>\n\t\t\t\t<\/div>\n\t\t\t\t<div class=\"elementor-element elementor-element-17907dd elementor-widget elementor-widget-image\" data-id=\"17907dd\" data-element_type=\"widget\" data-e-type=\"widget\" data-widget_type=\"image.default\">\n\t\t\t\t<div class=\"elementor-widget-container\">\n\t\t\t\t\t\t\t\t\t\t\t\t\t\t\t<img fetchpriority=\"high\" decoding=\"async\" width=\"600\" height=\"600\" src=\"https:\/\/unaymilletras.com\/wp-content\/uploads\/2025\/11\/unnamed-10-e1763745749109.jpg\" class=\"attachment-large size-large wp-image-6506\" alt=\"\" \/>\t\t\t\t\t\t\t\t\t\t\t\t\t\t\t<\/div>\n\t\t\t\t<\/div>\n\t\t\t\t\t<\/div>\n\t\t<\/div>\n\t\t\t\t\t<\/div>\n\t\t<\/section>\n\t\t\t\t<\/div>","protected":false},"excerpt":{"rendered":"<p>Pablo Albor\u00e1n incluye nuevas paradas en siete ciudades y un segundo concierto en Madrid tras agotarse las entradas El artista ha anunciado la ampliaci\u00f3n de su Global Tour KM0 con diez nuevas fechas para 2026. La gira, presentada recientemente como la m\u00e1s ambiciosa de su carrera, suma actuaciones en Tenerife, Zaragoza, Mallorca, Roses, Las Palmas [&hellip;]<\/p>\n","protected":false},"author":8,"featured_media":6506,"comment_status":"closed","ping_status":"closed","sticky":false,"template":"","format":"standard","meta":{"footnotes":""},"categories":[1],"tags":[],"class_list":["post-6504","post","type-post","status-publish","format-standard","has-post-thumbnail","hentry","category-uncategorized"],"yoast_head":"<!-- This site is optimized with the Yoast SEO plugin v27.4 - https:\/\/yoast.com\/product\/yoast-seo-wordpress\/ -->\n<title>Pablo Albor\u00e1n ampl\u00eda su Global Tour KM0<\/title>\n<meta name=\"description\" content=\"Pablo Albor\u00e1n ha anunciado la ampliaci\u00f3n de su Global Tour KM0 con diez nuevas fechas para su gira nacional en 2026\" \/>\n<meta name=\"robots\" content=\"index, follow, max-snippet:-1, max-image-preview:large, max-video-preview:-1\" \/>\n<link rel=\"canonical\" href=\"https:\/\/unaymilletras.com\/en\/pablo-alboran-amplia-su-global-tour-km0\/\" \/>\n<meta property=\"og:locale\" content=\"en_GB\" \/>\n<meta property=\"og:type\" content=\"article\" \/>\n<meta property=\"og:title\" content=\"Pablo Albor\u00e1n ampl\u00eda su Global Tour KM0\" \/>\n<meta property=\"og:description\" content=\"Pablo Albor\u00e1n ha anunciado la ampliaci\u00f3n de su Global Tour KM0 con diez nuevas fechas para su gira nacional en 2026\" \/>\n<meta property=\"og:url\" content=\"https:\/\/unaymilletras.com\/en\/pablo-alboran-amplia-su-global-tour-km0\/\" \/>\n<meta property=\"og:site_name\" content=\"Una y Mil Letras\" \/>\n<meta property=\"article:published_time\" content=\"2025-11-22T11:00:00+00:00\" \/>\n<meta property=\"og:image\" content=\"https:\/\/unaymilletras.com\/wp-content\/uploads\/2025\/11\/unnamed-10-e1763745749109.jpg\" \/>\n\t<meta property=\"og:image:width\" content=\"600\" \/>\n\t<meta property=\"og:image:height\" content=\"600\" \/>\n\t<meta property=\"og:image:type\" content=\"image\/jpeg\" \/>\n<meta name=\"author\" content=\"Alvany Pereira\" \/>\n<meta name=\"twitter:card\" content=\"summary_large_image\" \/>\n<meta name=\"twitter:creator\" content=\"@UnaYMilLetras\" \/>\n<meta name=\"twitter:site\" content=\"@UnaYMilLetras\" \/>\n<meta name=\"twitter:label1\" content=\"Written by\" \/>\n\t<meta name=\"twitter:data1\" content=\"Alvany Pereira\" \/>\n\t<meta name=\"twitter:label2\" content=\"Estimated reading time\" \/>\n\t<meta name=\"twitter:data2\" content=\"2 minutes\" \/>\n<script type=\"application\/ld+json\" class=\"yoast-schema-graph\">{\"@context\":\"https:\\\/\\\/schema.org\",\"@graph\":[{\"@type\":\"Article\",\"@id\":\"https:\\\/\\\/unaymilletras.com\\\/pablo-alboran-amplia-su-global-tour-km0\\\/#article\",\"isPartOf\":{\"@id\":\"https:\\\/\\\/unaymilletras.com\\\/pablo-alboran-amplia-su-global-tour-km0\\\/\"},\"author\":{\"name\":\"Alvany Pereira\",\"@id\":\"http:\\\/\\\/unaymilletras.com\\\/#\\\/schema\\\/person\\\/f9792b0b93704f9d3f6cef46c2048d7d\"},\"headline\":\"Pablo Albor\u00e1n ampl\u00eda su Global Tour KM0\",\"datePublished\":\"2025-11-22T11:00:00+00:00\",\"mainEntityOfPage\":{\"@id\":\"https:\\\/\\\/unaymilletras.com\\\/pablo-alboran-amplia-su-global-tour-km0\\\/\"},\"wordCount\":222,\"publisher\":{\"@id\":\"http:\\\/\\\/unaymilletras.com\\\/#organization\"},\"image\":{\"@id\":\"https:\\\/\\\/unaymilletras.com\\\/pablo-alboran-amplia-su-global-tour-km0\\\/#primaryimage\"},\"thumbnailUrl\":\"https:\\\/\\\/unaymilletras.com\\\/wp-content\\\/uploads\\\/2025\\\/11\\\/unnamed-10-e1763745749109.jpg\",\"articleSection\":[\"Uncategorized\"],\"inLanguage\":\"en-GB\"},{\"@type\":\"WebPage\",\"@id\":\"https:\\\/\\\/unaymilletras.com\\\/pablo-alboran-amplia-su-global-tour-km0\\\/\",\"url\":\"https:\\\/\\\/unaymilletras.com\\\/pablo-alboran-amplia-su-global-tour-km0\\\/\",\"name\":\"Pablo Albor\u00e1n ampl\u00eda su Global Tour KM0\",\"isPartOf\":{\"@id\":\"http:\\\/\\\/unaymilletras.com\\\/#website\"},\"primaryImageOfPage\":{\"@id\":\"https:\\\/\\\/unaymilletras.com\\\/pablo-alboran-amplia-su-global-tour-km0\\\/#primaryimage\"},\"image\":{\"@id\":\"https:\\\/\\\/unaymilletras.com\\\/pablo-alboran-amplia-su-global-tour-km0\\\/#primaryimage\"},\"thumbnailUrl\":\"https:\\\/\\\/unaymilletras.com\\\/wp-content\\\/uploads\\\/2025\\\/11\\\/unnamed-10-e1763745749109.jpg\",\"datePublished\":\"2025-11-22T11:00:00+00:00\",\"description\":\"Pablo Albor\u00e1n ha anunciado la ampliaci\u00f3n de su Global Tour KM0 con diez nuevas fechas para su gira nacional en 2026\",\"breadcrumb\":{\"@id\":\"https:\\\/\\\/unaymilletras.com\\\/pablo-alboran-amplia-su-global-tour-km0\\\/#breadcrumb\"},\"inLanguage\":\"en-GB\",\"potentialAction\":[{\"@type\":\"ReadAction\",\"target\":[\"https:\\\/\\\/unaymilletras.com\\\/pablo-alboran-amplia-su-global-tour-km0\\\/\"]}]},{\"@type\":\"ImageObject\",\"inLanguage\":\"en-GB\",\"@id\":\"https:\\\/\\\/unaymilletras.com\\\/pablo-alboran-amplia-su-global-tour-km0\\\/#primaryimage\",\"url\":\"https:\\\/\\\/unaymilletras.com\\\/wp-content\\\/uploads\\\/2025\\\/11\\\/unnamed-10-e1763745749109.jpg\",\"contentUrl\":\"https:\\\/\\\/unaymilletras.com\\\/wp-content\\\/uploads\\\/2025\\\/11\\\/unnamed-10-e1763745749109.jpg\",\"width\":600,\"height\":600},{\"@type\":\"BreadcrumbList\",\"@id\":\"https:\\\/\\\/unaymilletras.com\\\/pablo-alboran-amplia-su-global-tour-km0\\\/#breadcrumb\",\"itemListElement\":[{\"@type\":\"ListItem\",\"position\":1,\"name\":\"Home\",\"item\":\"http:\\\/\\\/unaymilletras.com\\\/\"},{\"@type\":\"ListItem\",\"position\":2,\"name\":\"Pablo Albor\u00e1n ampl\u00eda su Global Tour KM0\"}]},{\"@type\":\"WebSite\",\"@id\":\"http:\\\/\\\/unaymilletras.com\\\/#website\",\"url\":\"http:\\\/\\\/unaymilletras.com\\\/\",\"name\":\"Una y Mil Letras\",\"description\":\"\",\"publisher\":{\"@id\":\"http:\\\/\\\/unaymilletras.com\\\/#organization\"},\"potentialAction\":[{\"@type\":\"SearchAction\",\"target\":{\"@type\":\"EntryPoint\",\"urlTemplate\":\"http:\\\/\\\/unaymilletras.com\\\/?s={search_term_string}\"},\"query-input\":{\"@type\":\"PropertyValueSpecification\",\"valueRequired\":true,\"valueName\":\"search_term_string\"}}],\"inLanguage\":\"en-GB\"},{\"@type\":\"Organization\",\"@id\":\"http:\\\/\\\/unaymilletras.com\\\/#organization\",\"name\":\"Una y Mil Letras\",\"url\":\"http:\\\/\\\/unaymilletras.com\\\/\",\"logo\":{\"@type\":\"ImageObject\",\"inLanguage\":\"en-GB\",\"@id\":\"http:\\\/\\\/unaymilletras.com\\\/#\\\/schema\\\/logo\\\/image\\\/\",\"url\":\"https:\\\/\\\/unaymilletras.com\\\/wp-content\\\/uploads\\\/2024\\\/06\\\/cropped-Logo-removebg-preview.png\",\"contentUrl\":\"https:\\\/\\\/unaymilletras.com\\\/wp-content\\\/uploads\\\/2024\\\/06\\\/cropped-Logo-removebg-preview.png\",\"width\":512,\"height\":512,\"caption\":\"Una y Mil Letras\"},\"image\":{\"@id\":\"http:\\\/\\\/unaymilletras.com\\\/#\\\/schema\\\/logo\\\/image\\\/\"},\"sameAs\":[\"https:\\\/\\\/x.com\\\/UnaYMilLetras\",\"https:\\\/\\\/instagram.com\\\/UnaYMilLetras\"]},{\"@type\":\"Person\",\"@id\":\"http:\\\/\\\/unaymilletras.com\\\/#\\\/schema\\\/person\\\/f9792b0b93704f9d3f6cef46c2048d7d\",\"name\":\"Alvany Pereira\",\"image\":{\"@type\":\"ImageObject\",\"inLanguage\":\"en-GB\",\"@id\":\"https:\\\/\\\/secure.gravatar.com\\\/avatar\\\/1a5fbcc81714220624d70f391a6187cd1434ccfcb154238afd238d6b8bb7f593?s=96&d=mm&r=g\",\"url\":\"https:\\\/\\\/secure.gravatar.com\\\/avatar\\\/1a5fbcc81714220624d70f391a6187cd1434ccfcb154238afd238d6b8bb7f593?s=96&d=mm&r=g\",\"contentUrl\":\"https:\\\/\\\/secure.gravatar.com\\\/avatar\\\/1a5fbcc81714220624d70f391a6187cd1434ccfcb154238afd238d6b8bb7f593?s=96&d=mm&r=g\",\"caption\":\"Alvany Pereira\"},\"url\":\"https:\\\/\\\/unaymilletras.com\\\/en\\\/author\\\/alvanysophia\\\/\"}]}<\/script>\n<!-- \/ Yoast SEO plugin. -->","yoast_head_json":{"title":"Pablo Albor\u00e1n ampl\u00eda su Global Tour KM0","description":"Pablo Albor\u00e1n ha anunciado la ampliaci\u00f3n de su Global Tour KM0 con diez nuevas fechas para su gira nacional en 2026","robots":{"index":"index","follow":"follow","max-snippet":"max-snippet:-1","max-image-preview":"max-image-preview:large","max-video-preview":"max-video-preview:-1"},"canonical":"https:\/\/unaymilletras.com\/en\/pablo-alboran-amplia-su-global-tour-km0\/","og_locale":"en_GB","og_type":"article","og_title":"Pablo Albor\u00e1n ampl\u00eda su Global Tour KM0","og_description":"Pablo Albor\u00e1n ha anunciado la ampliaci\u00f3n de su Global Tour KM0 con diez nuevas fechas para su gira nacional en 2026","og_url":"https:\/\/unaymilletras.com\/en\/pablo-alboran-amplia-su-global-tour-km0\/","og_site_name":"Una y Mil Letras","article_published_time":"2025-11-22T11:00:00+00:00","og_image":[{"width":600,"height":600,"url":"https:\/\/unaymilletras.com\/wp-content\/uploads\/2025\/11\/unnamed-10-e1763745749109.jpg","type":"image\/jpeg"}],"author":"Alvany Pereira","twitter_card":"summary_large_image","twitter_creator":"@UnaYMilLetras","twitter_site":"@UnaYMilLetras","twitter_misc":{"Written by":"Alvany Pereira","Estimated reading time":"2 minutes"},"schema":{"@context":"https:\/\/schema.org","@graph":[{"@type":"Article","@id":"https:\/\/unaymilletras.com\/pablo-alboran-amplia-su-global-tour-km0\/#article","isPartOf":{"@id":"https:\/\/unaymilletras.com\/pablo-alboran-amplia-su-global-tour-km0\/"},"author":{"name":"Alvany Pereira","@id":"http:\/\/unaymilletras.com\/#\/schema\/person\/f9792b0b93704f9d3f6cef46c2048d7d"},"headline":"Pablo Albor\u00e1n ampl\u00eda su Global Tour KM0","datePublished":"2025-11-22T11:00:00+00:00","mainEntityOfPage":{"@id":"https:\/\/unaymilletras.com\/pablo-alboran-amplia-su-global-tour-km0\/"},"wordCount":222,"publisher":{"@id":"http:\/\/unaymilletras.com\/#organization"},"image":{"@id":"https:\/\/unaymilletras.com\/pablo-alboran-amplia-su-global-tour-km0\/#primaryimage"},"thumbnailUrl":"https:\/\/unaymilletras.com\/wp-content\/uploads\/2025\/11\/unnamed-10-e1763745749109.jpg","articleSection":["Uncategorized"],"inLanguage":"en-GB"},{"@type":"WebPage","@id":"https:\/\/unaymilletras.com\/pablo-alboran-amplia-su-global-tour-km0\/","url":"https:\/\/unaymilletras.com\/pablo-alboran-amplia-su-global-tour-km0\/","name":"Pablo Albor\u00e1n ampl\u00eda su Global Tour KM0","isPartOf":{"@id":"http:\/\/unaymilletras.com\/#website"},"primaryImageOfPage":{"@id":"https:\/\/unaymilletras.com\/pablo-alboran-amplia-su-global-tour-km0\/#primaryimage"},"image":{"@id":"https:\/\/unaymilletras.com\/pablo-alboran-amplia-su-global-tour-km0\/#primaryimage"},"thumbnailUrl":"https:\/\/unaymilletras.com\/wp-content\/uploads\/2025\/11\/unnamed-10-e1763745749109.jpg","datePublished":"2025-11-22T11:00:00+00:00","description":"Pablo Albor\u00e1n ha anunciado la ampliaci\u00f3n de su Global Tour KM0 con diez nuevas fechas para su gira nacional en 2026","breadcrumb":{"@id":"https:\/\/unaymilletras.com\/pablo-alboran-amplia-su-global-tour-km0\/#breadcrumb"},"inLanguage":"en-GB","potentialAction":[{"@type":"ReadAction","target":["https:\/\/unaymilletras.com\/pablo-alboran-amplia-su-global-tour-km0\/"]}]},{"@type":"ImageObject","inLanguage":"en-GB","@id":"https:\/\/unaymilletras.com\/pablo-alboran-amplia-su-global-tour-km0\/#primaryimage","url":"https:\/\/unaymilletras.com\/wp-content\/uploads\/2025\/11\/unnamed-10-e1763745749109.jpg","contentUrl":"https:\/\/unaymilletras.com\/wp-content\/uploads\/2025\/11\/unnamed-10-e1763745749109.jpg","width":600,"height":600},{"@type":"BreadcrumbList","@id":"https:\/\/unaymilletras.com\/pablo-alboran-amplia-su-global-tour-km0\/#breadcrumb","itemListElement":[{"@type":"ListItem","position":1,"name":"Home","item":"http:\/\/unaymilletras.com\/"},{"@type":"ListItem","position":2,"name":"Pablo Albor\u00e1n ampl\u00eda su Global Tour KM0"}]},{"@type":"WebSite","@id":"http:\/\/unaymilletras.com\/#website","url":"http:\/\/unaymilletras.com\/","name":"Una y Mil Letras","description":"","publisher":{"@id":"http:\/\/unaymilletras.com\/#organization"},"potentialAction":[{"@type":"SearchAction","target":{"@type":"EntryPoint","urlTemplate":"http:\/\/unaymilletras.com\/?s={search_term_string}"},"query-input":{"@type":"PropertyValueSpecification","valueRequired":true,"valueName":"search_term_string"}}],"inLanguage":"en-GB"},{"@type":"Organization","@id":"http:\/\/unaymilletras.com\/#organization","name":"Una y Mil Letras","url":"http:\/\/unaymilletras.com\/","logo":{"@type":"ImageObject","inLanguage":"en-GB","@id":"http:\/\/unaymilletras.com\/#\/schema\/logo\/image\/","url":"https:\/\/unaymilletras.com\/wp-content\/uploads\/2024\/06\/cropped-Logo-removebg-preview.png","contentUrl":"https:\/\/unaymilletras.com\/wp-content\/uploads\/2024\/06\/cropped-Logo-removebg-preview.png","width":512,"height":512,"caption":"Una y Mil Letras"},"image":{"@id":"http:\/\/unaymilletras.com\/#\/schema\/logo\/image\/"},"sameAs":["https:\/\/x.com\/UnaYMilLetras","https:\/\/instagram.com\/UnaYMilLetras"]},{"@type":"Person","@id":"http:\/\/unaymilletras.com\/#\/schema\/person\/f9792b0b93704f9d3f6cef46c2048d7d","name":"Alvany Pereira","image":{"@type":"ImageObject","inLanguage":"en-GB","@id":"https:\/\/secure.gravatar.com\/avatar\/1a5fbcc81714220624d70f391a6187cd1434ccfcb154238afd238d6b8bb7f593?s=96&d=mm&r=g","url":"https:\/\/secure.gravatar.com\/avatar\/1a5fbcc81714220624d70f391a6187cd1434ccfcb154238afd238d6b8bb7f593?s=96&d=mm&r=g","contentUrl":"https:\/\/secure.gravatar.com\/avatar\/1a5fbcc81714220624d70f391a6187cd1434ccfcb154238afd238d6b8bb7f593?s=96&d=mm&r=g","caption":"Alvany Pereira"},"url":"https:\/\/unaymilletras.com\/en\/author\/alvanysophia\/"}]}},"_links":{"self":[{"href":"https:\/\/unaymilletras.com\/en\/wp-json\/wp\/v2\/posts\/6504","targetHints":{"allow":["GET"]}}],"collection":[{"href":"https:\/\/unaymilletras.com\/en\/wp-json\/wp\/v2\/posts"}],"about":[{"href":"https:\/\/unaymilletras.com\/en\/wp-json\/wp\/v2\/types\/post"}],"author":[{"embeddable":true,"href":"https:\/\/unaymilletras.com\/en\/wp-json\/wp\/v2\/users\/8"}],"replies":[{"embeddable":true,"href":"https:\/\/unaymilletras.com\/en\/wp-json\/wp\/v2\/comments?post=6504"}],"version-history":[{"count":4,"href":"https:\/\/unaymilletras.com\/en\/wp-json\/wp\/v2\/posts\/6504\/revisions"}],"predecessor-version":[{"id":6512,"href":"https:\/\/unaymilletras.com\/en\/wp-json\/wp\/v2\/posts\/6504\/revisions\/6512"}],"wp:featuredmedia":[{"embeddable":true,"href":"https:\/\/unaymilletras.com\/en\/wp-json\/wp\/v2\/media\/6506"}],"wp:attachment":[{"href":"https:\/\/unaymilletras.com\/en\/wp-json\/wp\/v2\/media?parent=6504"}],"wp:term":[{"taxonomy":"category","embeddable":true,"href":"https:\/\/unaymilletras.com\/en\/wp-json\/wp\/v2\/categories?post=6504"},{"taxonomy":"post_tag","embeddable":true,"href":"https:\/\/unaymilletras.com\/en\/wp-json\/wp\/v2\/tags?post=6504"}],"curies":[{"name":"wp","href":"https:\/\/api.w.org\/{rel}","templated":true}]}}