{"id":6514,"date":"2025-11-23T14:32:22","date_gmt":"2025-11-23T13:32:22","guid":{"rendered":"https:\/\/unaymilletras.com\/?p=6514"},"modified":"2025-11-23T14:32:22","modified_gmt":"2025-11-23T13:32:22","slug":"ivan-rojo-y-salma-de-diego-lanzan-su-primer-single","status":"publish","type":"post","link":"https:\/\/unaymilletras.com\/en\/ivan-rojo-y-salma-de-diego-lanzan-su-primer-single\/","title":{"rendered":"Iv\u00e1n Rojo y Salma de Diego lanzan su primer single"},"content":{"rendered":"<div data-elementor-type=\"wp-post\" data-elementor-id=\"6514\" class=\"elementor elementor-6514\">\n\t\t\t\t\t\t<section class=\"elementor-section elementor-top-section elementor-element elementor-element-aca83d1 elementor-section-boxed elementor-section-height-default elementor-section-height-default\" data-id=\"aca83d1\" data-element_type=\"section\" data-e-type=\"section\">\n\t\t\t\t\t\t<div class=\"elementor-container elementor-column-gap-default\">\n\t\t\t\t\t<div class=\"elementor-column elementor-col-100 elementor-top-column elementor-element elementor-element-8093452\" data-id=\"8093452\" data-element_type=\"column\" data-e-type=\"column\">\n\t\t\t<div class=\"elementor-widget-wrap elementor-element-populated\">\n\t\t\t\t\t\t<div class=\"elementor-element elementor-element-4ba67ef elementor-widget elementor-widget-text-editor\" data-id=\"4ba67ef\" data-element_type=\"widget\" data-e-type=\"widget\" data-widget_type=\"text-editor.default\">\n\t\t\t\t<div class=\"elementor-widget-container\">\n\t\t\t\t\t\t\t\t\t<h2 class=\"p1\" style=\"text-align: center;\"><span style=\"color: #808080;\"><em>Ya est\u00e1n disponibles los dos primeros singles de OT25: Iv\u00e1n Rojo y Salma de Diego<\/em><\/span><\/h2>\t\t\t\t\t\t\t\t<\/div>\n\t\t\t\t<\/div>\n\t\t\t\t\t<\/div>\n\t\t<\/div>\n\t\t\t\t\t<\/div>\n\t\t<\/section>\n\t\t\t\t<section class=\"elementor-section elementor-top-section elementor-element elementor-element-1b788e6 elementor-section-boxed elementor-section-height-default elementor-section-height-default\" data-id=\"1b788e6\" data-element_type=\"section\" data-e-type=\"section\">\n\t\t\t\t\t\t<div class=\"elementor-container elementor-column-gap-default\">\n\t\t\t\t\t<div class=\"elementor-column elementor-col-100 elementor-top-column elementor-element elementor-element-5dea7fc\" data-id=\"5dea7fc\" data-element_type=\"column\" data-e-type=\"column\">\n\t\t\t<div class=\"elementor-widget-wrap elementor-element-populated\">\n\t\t\t\t\t\t<div class=\"elementor-element elementor-element-113fd2e elementor-widget elementor-widget-text-editor\" data-id=\"113fd2e\" data-element_type=\"widget\" data-e-type=\"widget\" data-widget_type=\"text-editor.default\">\n\t\t\t\t<div class=\"elementor-widget-container\">\n\t\t\t\t\t\t\t\t\t<p class=\"p1\">Los triunfos Iv\u00e1n Rojo y Salma de Diego han sido los primeros en sacar su single post <span style=\"color: #808080;\"><a style=\"color: #808080;\" href=\"https:\/\/www.instagram.com\/operaciontriunfo\/?hl=es\">OT<\/a><\/span>. <i>UFFF <\/i>y <i>29<\/i> han visto la luz hoy y los fans no han tardado en correr a las plataformas para escucharlas. Esta canci\u00f3n es el inicio de un proyecto musical que ambos artistas ir\u00e1n desvelando poco a poco. Asimismo, es el principio de su nueva etapa profesional.<\/p><p class=\"p1\">El tema escogido por Iv\u00e1n Rojo para dar comienzo a su carrera en solitario ha sido <i>29<\/i>. Se trata de un tema \u00edntimo y emocional. Una canci\u00f3n de pop contempor\u00e1neo que mezclada con su sensibilidad personal crea la combinaci\u00f3n perfecta. En ella, habla sobre el v\u00e9rtigo de crecer, los cambios que atraviesas en la vida y el encontrar tu propia identidad.<\/p>\t\t\t\t\t\t\t\t<\/div>\n\t\t\t\t<\/div>\n\t\t\t\t\t<\/div>\n\t\t<\/div>\n\t\t\t\t\t<\/div>\n\t\t<\/section>\n\t\t\t\t<section class=\"elementor-section elementor-top-section elementor-element elementor-element-2f0afa4 elementor-section-boxed elementor-section-height-default elementor-section-height-default\" data-id=\"2f0afa4\" data-element_type=\"section\" data-e-type=\"section\">\n\t\t\t\t\t\t<div class=\"elementor-container elementor-column-gap-default\">\n\t\t\t\t\t<div class=\"elementor-column elementor-col-50 elementor-top-column elementor-element elementor-element-78d3686\" data-id=\"78d3686\" data-element_type=\"column\" data-e-type=\"column\">\n\t\t\t<div class=\"elementor-widget-wrap elementor-element-populated\">\n\t\t\t\t\t\t<div class=\"elementor-element elementor-element-0e65f8b elementor-widget elementor-widget-text-editor\" data-id=\"0e65f8b\" data-element_type=\"widget\" data-e-type=\"widget\" data-widget_type=\"text-editor.default\">\n\t\t\t\t<div class=\"elementor-widget-container\">\n\t\t\t\t\t\t\t\t\t<blockquote><p class=\"p1\">\u201c\u201829\u2019 es una canci\u00f3n que nace de una necesidad muy real: ordenar todo lo que siento. Es un punto de inflexi\u00f3n para m\u00ed, y quer\u00eda que fuera honesto, directo y sin artificios\u201d, explica Iv\u00e1n Rojo.<\/p><\/blockquote>\t\t\t\t\t\t\t\t<\/div>\n\t\t\t\t<\/div>\n\t\t\t\t\t<\/div>\n\t\t<\/div>\n\t\t\t\t<div class=\"elementor-column elementor-col-50 elementor-top-column elementor-element elementor-element-d419a97\" data-id=\"d419a97\" data-element_type=\"column\" data-e-type=\"column\">\n\t\t\t<div class=\"elementor-widget-wrap elementor-element-populated\">\n\t\t\t\t\t\t<div class=\"elementor-element elementor-element-81d45b3 elementor-widget elementor-widget-image\" data-id=\"81d45b3\" data-element_type=\"widget\" data-e-type=\"widget\" data-widget_type=\"image.default\">\n\t\t\t\t<div class=\"elementor-widget-container\">\n\t\t\t\t\t\t\t\t\t\t\t\t\t\t\t<img fetchpriority=\"high\" decoding=\"async\" width=\"640\" height=\"640\" src=\"https:\/\/unaymilletras.com\/wp-content\/uploads\/2025\/11\/02-IVAN-1024x1024.jpg\" class=\"attachment-large size-large wp-image-6516\" alt=\"Iv\u00e1n Rojo y Salma de Diego\" srcset=\"https:\/\/unaymilletras.com\/wp-content\/uploads\/2025\/11\/02-IVAN-1024x1024.jpg 1024w, https:\/\/unaymilletras.com\/wp-content\/uploads\/2025\/11\/02-IVAN-300x300.jpg 300w, https:\/\/unaymilletras.com\/wp-content\/uploads\/2025\/11\/02-IVAN-150x150.jpg 150w, https:\/\/unaymilletras.com\/wp-content\/uploads\/2025\/11\/02-IVAN-768x768.jpg 768w, https:\/\/unaymilletras.com\/wp-content\/uploads\/2025\/11\/02-IVAN-1536x1536.jpg 1536w, https:\/\/unaymilletras.com\/wp-content\/uploads\/2025\/11\/02-IVAN-2048x2048.jpg 2048w, https:\/\/unaymilletras.com\/wp-content\/uploads\/2025\/11\/02-IVAN-12x12.jpg 12w, https:\/\/unaymilletras.com\/wp-content\/uploads\/2025\/11\/02-IVAN-scaled-e1763904509891.jpg 600w\" sizes=\"(max-width: 640px) 100vw, 640px\" \/>\t\t\t\t\t\t\t\t\t\t\t\t\t\t\t<\/div>\n\t\t\t\t<\/div>\n\t\t\t\t\t<\/div>\n\t\t<\/div>\n\t\t\t\t\t<\/div>\n\t\t<\/section>\n\t\t\t\t<section class=\"elementor-section elementor-top-section elementor-element elementor-element-ae3b848 elementor-section-boxed elementor-section-height-default elementor-section-height-default\" data-id=\"ae3b848\" data-element_type=\"section\" data-e-type=\"section\">\n\t\t\t\t\t\t<div class=\"elementor-container elementor-column-gap-default\">\n\t\t\t\t\t<div class=\"elementor-column elementor-col-100 elementor-top-column elementor-element elementor-element-ebf767e\" data-id=\"ebf767e\" data-element_type=\"column\" data-e-type=\"column\">\n\t\t\t<div class=\"elementor-widget-wrap elementor-element-populated\">\n\t\t\t\t\t\t<div class=\"elementor-element elementor-element-52a6198 elementor-widget elementor-widget-text-editor\" data-id=\"52a6198\" data-element_type=\"widget\" data-e-type=\"widget\" data-widget_type=\"text-editor.default\">\n\t\t\t\t<div class=\"elementor-widget-container\">\n\t\t\t\t\t\t\t\t\t<p class=\"p1\">Por su parte, Salma de Diego presenta <i>Ufff. <\/i>Se trata de una propuesta atrevida y elegante que refleja su personalidad y refleja su identidad art\u00edstica desde el primer segundo. El tema fusiona un toque de jazz cl\u00e1sico con un tono \u00edntimo y seductor llevando al oyente a un ambiente de cine negro.<\/p>\t\t\t\t\t\t\t\t<\/div>\n\t\t\t\t<\/div>\n\t\t\t\t\t<\/div>\n\t\t<\/div>\n\t\t\t\t\t<\/div>\n\t\t<\/section>\n\t\t\t\t<section class=\"elementor-section elementor-top-section elementor-element elementor-element-ee38691 elementor-section-boxed elementor-section-height-default elementor-section-height-default\" data-id=\"ee38691\" data-element_type=\"section\" data-e-type=\"section\">\n\t\t\t\t\t\t<div class=\"elementor-container elementor-column-gap-default\">\n\t\t\t\t\t<div class=\"elementor-column elementor-col-100 elementor-top-column elementor-element elementor-element-58a1c6e\" data-id=\"58a1c6e\" data-element_type=\"column\" data-e-type=\"column\">\n\t\t\t<div class=\"elementor-widget-wrap elementor-element-populated\">\n\t\t\t\t\t\t<div class=\"elementor-element elementor-element-1bb9faa elementor-widget elementor-widget-video\" data-id=\"1bb9faa\" data-element_type=\"widget\" data-e-type=\"widget\" data-settings=\"{&quot;youtube_url&quot;:&quot;https:\\\/\\\/www.youtube.com\\\/watch?v=w9PAZ744kic&quot;,&quot;video_type&quot;:&quot;youtube&quot;,&quot;controls&quot;:&quot;yes&quot;}\" data-widget_type=\"video.default\">\n\t\t\t\t<div class=\"elementor-widget-container\">\n\t\t\t\t\t\t\t<div class=\"elementor-wrapper elementor-open-inline\">\n\t\t\t<div class=\"elementor-video\"><\/div>\t\t<\/div>\n\t\t\t\t\t\t<\/div>\n\t\t\t\t<\/div>\n\t\t\t\t\t<\/div>\n\t\t<\/div>\n\t\t\t\t\t<\/div>\n\t\t<\/section>\n\t\t\t\t<section class=\"elementor-section elementor-top-section elementor-element elementor-element-3e2dea3 elementor-section-boxed elementor-section-height-default elementor-section-height-default\" data-id=\"3e2dea3\" data-element_type=\"section\" data-e-type=\"section\">\n\t\t\t\t\t\t<div class=\"elementor-container elementor-column-gap-default\">\n\t\t\t\t\t<div class=\"elementor-column elementor-col-100 elementor-top-column elementor-element elementor-element-c70f506\" data-id=\"c70f506\" data-element_type=\"column\" data-e-type=\"column\">\n\t\t\t<div class=\"elementor-widget-wrap elementor-element-populated\">\n\t\t\t\t\t\t<div class=\"elementor-element elementor-element-58a4310 elementor-widget elementor-widget-text-editor\" data-id=\"58a4310\" data-element_type=\"widget\" data-e-type=\"widget\" data-widget_type=\"text-editor.default\">\n\t\t\t\t<div class=\"elementor-widget-container\">\n\t\t\t\t\t\t\t\t\t<p class=\"p1\">Con este sencillo, Salma de Diego da el pistoletazo de salida de su nuevo proyecto discogr\u00e1fico. Una propuesta s\u00f3lida y \u00fanica que refleja a la perfecci\u00f3n su personalidad art\u00edstica. Una cantante<span class=\"Apple-converted-space\">\u00a0 <\/span>madura, coherente y preparada para marcar tendencia entre la nueva generaci\u00f3n de talentos.<\/p>\t\t\t\t\t\t\t\t<\/div>\n\t\t\t\t<\/div>\n\t\t\t\t\t<\/div>\n\t\t<\/div>\n\t\t\t\t\t<\/div>\n\t\t<\/section>\n\t\t\t\t<\/div>","protected":false},"excerpt":{"rendered":"<p>Ya est\u00e1n disponibles los dos primeros singles de OT25: Iv\u00e1n Rojo y Salma de Diego Los triunfos Iv\u00e1n Rojo y Salma de Diego han sido los primeros en sacar su single post OT. UFFF y 29 han visto la luz hoy y los fans no han tardado en correr a las plataformas para escucharlas. Esta [&hellip;]<\/p>\n","protected":false},"author":1,"featured_media":6516,"comment_status":"closed","ping_status":"closed","sticky":false,"template":"","format":"standard","meta":{"footnotes":""},"categories":[4],"tags":[],"class_list":["post-6514","post","type-post","status-publish","format-standard","has-post-thumbnail","hentry","category-musica"],"yoast_head":"<!-- This site is optimized with the Yoast SEO plugin v27.4 - https:\/\/yoast.com\/product\/yoast-seo-wordpress\/ -->\n<title>Iv\u00e1n Rojo y Salma de Diego lanzan su primer single &#8902; Una y Mil Letras<\/title>\n<meta name=\"description\" content=\"Ya est\u00e1n disponibles en todas las plataformas los dos primeros singles de OT 2025: Iv\u00e1n Rojo y Salma de Diego\" \/>\n<meta name=\"robots\" content=\"index, follow, max-snippet:-1, max-image-preview:large, max-video-preview:-1\" \/>\n<link rel=\"canonical\" href=\"https:\/\/unaymilletras.com\/en\/ivan-rojo-y-salma-de-diego-lanzan-su-primer-single\/\" \/>\n<meta property=\"og:locale\" content=\"en_GB\" \/>\n<meta property=\"og:type\" content=\"article\" \/>\n<meta property=\"og:title\" content=\"Iv\u00e1n Rojo y Salma de Diego lanzan su primer single &#8902; Una y Mil Letras\" \/>\n<meta property=\"og:description\" content=\"Ya est\u00e1n disponibles en todas las plataformas los dos primeros singles de OT 2025: Iv\u00e1n Rojo y Salma de Diego\" \/>\n<meta property=\"og:url\" content=\"https:\/\/unaymilletras.com\/en\/ivan-rojo-y-salma-de-diego-lanzan-su-primer-single\/\" \/>\n<meta property=\"og:site_name\" content=\"Una y Mil Letras\" \/>\n<meta property=\"article:published_time\" content=\"2025-11-23T13:32:22+00:00\" \/>\n<meta property=\"og:image\" content=\"http:\/\/unaymilletras.com\/wp-content\/uploads\/2025\/11\/02-IVAN-scaled-e1763904509891.jpg\" \/>\n\t<meta property=\"og:image:width\" content=\"600\" \/>\n\t<meta property=\"og:image:height\" content=\"600\" \/>\n\t<meta property=\"og:image:type\" content=\"image\/jpeg\" \/>\n<meta name=\"author\" content=\"Maria Gil Robledo\" \/>\n<meta name=\"twitter:card\" content=\"summary_large_image\" \/>\n<meta name=\"twitter:creator\" content=\"@UnaYMilLetras\" \/>\n<meta name=\"twitter:site\" content=\"@UnaYMilLetras\" \/>\n<meta name=\"twitter:label1\" content=\"Written by\" \/>\n\t<meta name=\"twitter:data1\" content=\"Maria Gil Robledo\" \/>\n\t<meta name=\"twitter:label2\" content=\"Estimated reading time\" \/>\n\t<meta name=\"twitter:data2\" content=\"2 minutes\" \/>\n<script type=\"application\/ld+json\" class=\"yoast-schema-graph\">{\"@context\":\"https:\\\/\\\/schema.org\",\"@graph\":[{\"@type\":\"Article\",\"@id\":\"https:\\\/\\\/unaymilletras.com\\\/ivan-rojo-y-salma-de-diego-lanzan-su-primer-single\\\/#article\",\"isPartOf\":{\"@id\":\"https:\\\/\\\/unaymilletras.com\\\/ivan-rojo-y-salma-de-diego-lanzan-su-primer-single\\\/\"},\"author\":{\"name\":\"Maria Gil Robledo\",\"@id\":\"http:\\\/\\\/unaymilletras.com\\\/#\\\/schema\\\/person\\\/d55ba681b8a4e463d8982dbe36a5dc94\"},\"headline\":\"Iv\u00e1n Rojo y Salma de Diego lanzan su primer single\",\"datePublished\":\"2025-11-23T13:32:22+00:00\",\"mainEntityOfPage\":{\"@id\":\"https:\\\/\\\/unaymilletras.com\\\/ivan-rojo-y-salma-de-diego-lanzan-su-primer-single\\\/\"},\"wordCount\":309,\"publisher\":{\"@id\":\"http:\\\/\\\/unaymilletras.com\\\/#organization\"},\"image\":{\"@id\":\"https:\\\/\\\/unaymilletras.com\\\/ivan-rojo-y-salma-de-diego-lanzan-su-primer-single\\\/#primaryimage\"},\"thumbnailUrl\":\"https:\\\/\\\/unaymilletras.com\\\/wp-content\\\/uploads\\\/2025\\\/11\\\/02-IVAN-scaled-e1763904509891.jpg\",\"articleSection\":[\"M\u00fasica\"],\"inLanguage\":\"en-GB\"},{\"@type\":\"WebPage\",\"@id\":\"https:\\\/\\\/unaymilletras.com\\\/ivan-rojo-y-salma-de-diego-lanzan-su-primer-single\\\/\",\"url\":\"https:\\\/\\\/unaymilletras.com\\\/ivan-rojo-y-salma-de-diego-lanzan-su-primer-single\\\/\",\"name\":\"Iv\u00e1n Rojo y Salma de Diego lanzan su primer single &#8902; Una y Mil Letras\",\"isPartOf\":{\"@id\":\"http:\\\/\\\/unaymilletras.com\\\/#website\"},\"primaryImageOfPage\":{\"@id\":\"https:\\\/\\\/unaymilletras.com\\\/ivan-rojo-y-salma-de-diego-lanzan-su-primer-single\\\/#primaryimage\"},\"image\":{\"@id\":\"https:\\\/\\\/unaymilletras.com\\\/ivan-rojo-y-salma-de-diego-lanzan-su-primer-single\\\/#primaryimage\"},\"thumbnailUrl\":\"https:\\\/\\\/unaymilletras.com\\\/wp-content\\\/uploads\\\/2025\\\/11\\\/02-IVAN-scaled-e1763904509891.jpg\",\"datePublished\":\"2025-11-23T13:32:22+00:00\",\"description\":\"Ya est\u00e1n disponibles en todas las plataformas los dos primeros singles de OT 2025: Iv\u00e1n Rojo y Salma de Diego\",\"breadcrumb\":{\"@id\":\"https:\\\/\\\/unaymilletras.com\\\/ivan-rojo-y-salma-de-diego-lanzan-su-primer-single\\\/#breadcrumb\"},\"inLanguage\":\"en-GB\",\"potentialAction\":[{\"@type\":\"ReadAction\",\"target\":[\"https:\\\/\\\/unaymilletras.com\\\/ivan-rojo-y-salma-de-diego-lanzan-su-primer-single\\\/\"]}]},{\"@type\":\"ImageObject\",\"inLanguage\":\"en-GB\",\"@id\":\"https:\\\/\\\/unaymilletras.com\\\/ivan-rojo-y-salma-de-diego-lanzan-su-primer-single\\\/#primaryimage\",\"url\":\"https:\\\/\\\/unaymilletras.com\\\/wp-content\\\/uploads\\\/2025\\\/11\\\/02-IVAN-scaled-e1763904509891.jpg\",\"contentUrl\":\"https:\\\/\\\/unaymilletras.com\\\/wp-content\\\/uploads\\\/2025\\\/11\\\/02-IVAN-scaled-e1763904509891.jpg\",\"width\":600,\"height\":600,\"caption\":\"Iv\u00e1n Rojo y Salma de Diego\"},{\"@type\":\"BreadcrumbList\",\"@id\":\"https:\\\/\\\/unaymilletras.com\\\/ivan-rojo-y-salma-de-diego-lanzan-su-primer-single\\\/#breadcrumb\",\"itemListElement\":[{\"@type\":\"ListItem\",\"position\":1,\"name\":\"Home\",\"item\":\"http:\\\/\\\/unaymilletras.com\\\/\"},{\"@type\":\"ListItem\",\"position\":2,\"name\":\"Iv\u00e1n Rojo y Salma de Diego lanzan su primer single\"}]},{\"@type\":\"WebSite\",\"@id\":\"http:\\\/\\\/unaymilletras.com\\\/#website\",\"url\":\"http:\\\/\\\/unaymilletras.com\\\/\",\"name\":\"Una y Mil Letras\",\"description\":\"\",\"publisher\":{\"@id\":\"http:\\\/\\\/unaymilletras.com\\\/#organization\"},\"potentialAction\":[{\"@type\":\"SearchAction\",\"target\":{\"@type\":\"EntryPoint\",\"urlTemplate\":\"http:\\\/\\\/unaymilletras.com\\\/?s={search_term_string}\"},\"query-input\":{\"@type\":\"PropertyValueSpecification\",\"valueRequired\":true,\"valueName\":\"search_term_string\"}}],\"inLanguage\":\"en-GB\"},{\"@type\":\"Organization\",\"@id\":\"http:\\\/\\\/unaymilletras.com\\\/#organization\",\"name\":\"Una y Mil Letras\",\"url\":\"http:\\\/\\\/unaymilletras.com\\\/\",\"logo\":{\"@type\":\"ImageObject\",\"inLanguage\":\"en-GB\",\"@id\":\"http:\\\/\\\/unaymilletras.com\\\/#\\\/schema\\\/logo\\\/image\\\/\",\"url\":\"https:\\\/\\\/unaymilletras.com\\\/wp-content\\\/uploads\\\/2024\\\/06\\\/cropped-Logo-removebg-preview.png\",\"contentUrl\":\"https:\\\/\\\/unaymilletras.com\\\/wp-content\\\/uploads\\\/2024\\\/06\\\/cropped-Logo-removebg-preview.png\",\"width\":512,\"height\":512,\"caption\":\"Una y Mil Letras\"},\"image\":{\"@id\":\"http:\\\/\\\/unaymilletras.com\\\/#\\\/schema\\\/logo\\\/image\\\/\"},\"sameAs\":[\"https:\\\/\\\/x.com\\\/UnaYMilLetras\",\"https:\\\/\\\/instagram.com\\\/UnaYMilLetras\"]},{\"@type\":\"Person\",\"@id\":\"http:\\\/\\\/unaymilletras.com\\\/#\\\/schema\\\/person\\\/d55ba681b8a4e463d8982dbe36a5dc94\",\"name\":\"Maria Gil Robledo\",\"image\":{\"@type\":\"ImageObject\",\"inLanguage\":\"en-GB\",\"@id\":\"https:\\\/\\\/secure.gravatar.com\\\/avatar\\\/4b8e5102e0015789407eb4870b12f0f2857952d83ca124058f92b764bd1840c3?s=96&d=mm&r=g\",\"url\":\"https:\\\/\\\/secure.gravatar.com\\\/avatar\\\/4b8e5102e0015789407eb4870b12f0f2857952d83ca124058f92b764bd1840c3?s=96&d=mm&r=g\",\"contentUrl\":\"https:\\\/\\\/secure.gravatar.com\\\/avatar\\\/4b8e5102e0015789407eb4870b12f0f2857952d83ca124058f92b764bd1840c3?s=96&d=mm&r=g\",\"caption\":\"Maria Gil Robledo\"},\"sameAs\":[\"http:\\\/\\\/unaymilletras.com\"],\"url\":\"https:\\\/\\\/unaymilletras.com\\\/en\\\/author\\\/mariiagiil02_\\\/\"}]}<\/script>\n<!-- \/ Yoast SEO plugin. -->","yoast_head_json":{"title":"Iv\u00e1n Rojo y Salma de Diego lanzan su primer single &#8902; Una y Mil Letras","description":"Ya est\u00e1n disponibles en todas las plataformas los dos primeros singles de OT 2025: Iv\u00e1n Rojo y Salma de Diego","robots":{"index":"index","follow":"follow","max-snippet":"max-snippet:-1","max-image-preview":"max-image-preview:large","max-video-preview":"max-video-preview:-1"},"canonical":"https:\/\/unaymilletras.com\/en\/ivan-rojo-y-salma-de-diego-lanzan-su-primer-single\/","og_locale":"en_GB","og_type":"article","og_title":"Iv\u00e1n Rojo y Salma de Diego lanzan su primer single &#8902; Una y Mil Letras","og_description":"Ya est\u00e1n disponibles en todas las plataformas los dos primeros singles de OT 2025: Iv\u00e1n Rojo y Salma de Diego","og_url":"https:\/\/unaymilletras.com\/en\/ivan-rojo-y-salma-de-diego-lanzan-su-primer-single\/","og_site_name":"Una y Mil Letras","article_published_time":"2025-11-23T13:32:22+00:00","og_image":[{"width":600,"height":600,"url":"http:\/\/unaymilletras.com\/wp-content\/uploads\/2025\/11\/02-IVAN-scaled-e1763904509891.jpg","type":"image\/jpeg"}],"author":"Maria Gil Robledo","twitter_card":"summary_large_image","twitter_creator":"@UnaYMilLetras","twitter_site":"@UnaYMilLetras","twitter_misc":{"Written by":"Maria Gil Robledo","Estimated reading time":"2 minutes"},"schema":{"@context":"https:\/\/schema.org","@graph":[{"@type":"Article","@id":"https:\/\/unaymilletras.com\/ivan-rojo-y-salma-de-diego-lanzan-su-primer-single\/#article","isPartOf":{"@id":"https:\/\/unaymilletras.com\/ivan-rojo-y-salma-de-diego-lanzan-su-primer-single\/"},"author":{"name":"Maria Gil Robledo","@id":"http:\/\/unaymilletras.com\/#\/schema\/person\/d55ba681b8a4e463d8982dbe36a5dc94"},"headline":"Iv\u00e1n Rojo y Salma de Diego lanzan su primer single","datePublished":"2025-11-23T13:32:22+00:00","mainEntityOfPage":{"@id":"https:\/\/unaymilletras.com\/ivan-rojo-y-salma-de-diego-lanzan-su-primer-single\/"},"wordCount":309,"publisher":{"@id":"http:\/\/unaymilletras.com\/#organization"},"image":{"@id":"https:\/\/unaymilletras.com\/ivan-rojo-y-salma-de-diego-lanzan-su-primer-single\/#primaryimage"},"thumbnailUrl":"https:\/\/unaymilletras.com\/wp-content\/uploads\/2025\/11\/02-IVAN-scaled-e1763904509891.jpg","articleSection":["M\u00fasica"],"inLanguage":"en-GB"},{"@type":"WebPage","@id":"https:\/\/unaymilletras.com\/ivan-rojo-y-salma-de-diego-lanzan-su-primer-single\/","url":"https:\/\/unaymilletras.com\/ivan-rojo-y-salma-de-diego-lanzan-su-primer-single\/","name":"Iv\u00e1n Rojo y Salma de Diego lanzan su primer single &#8902; Una y Mil Letras","isPartOf":{"@id":"http:\/\/unaymilletras.com\/#website"},"primaryImageOfPage":{"@id":"https:\/\/unaymilletras.com\/ivan-rojo-y-salma-de-diego-lanzan-su-primer-single\/#primaryimage"},"image":{"@id":"https:\/\/unaymilletras.com\/ivan-rojo-y-salma-de-diego-lanzan-su-primer-single\/#primaryimage"},"thumbnailUrl":"https:\/\/unaymilletras.com\/wp-content\/uploads\/2025\/11\/02-IVAN-scaled-e1763904509891.jpg","datePublished":"2025-11-23T13:32:22+00:00","description":"Ya est\u00e1n disponibles en todas las plataformas los dos primeros singles de OT 2025: Iv\u00e1n Rojo y Salma de Diego","breadcrumb":{"@id":"https:\/\/unaymilletras.com\/ivan-rojo-y-salma-de-diego-lanzan-su-primer-single\/#breadcrumb"},"inLanguage":"en-GB","potentialAction":[{"@type":"ReadAction","target":["https:\/\/unaymilletras.com\/ivan-rojo-y-salma-de-diego-lanzan-su-primer-single\/"]}]},{"@type":"ImageObject","inLanguage":"en-GB","@id":"https:\/\/unaymilletras.com\/ivan-rojo-y-salma-de-diego-lanzan-su-primer-single\/#primaryimage","url":"https:\/\/unaymilletras.com\/wp-content\/uploads\/2025\/11\/02-IVAN-scaled-e1763904509891.jpg","contentUrl":"https:\/\/unaymilletras.com\/wp-content\/uploads\/2025\/11\/02-IVAN-scaled-e1763904509891.jpg","width":600,"height":600,"caption":"Iv\u00e1n Rojo y Salma de Diego"},{"@type":"BreadcrumbList","@id":"https:\/\/unaymilletras.com\/ivan-rojo-y-salma-de-diego-lanzan-su-primer-single\/#breadcrumb","itemListElement":[{"@type":"ListItem","position":1,"name":"Home","item":"http:\/\/unaymilletras.com\/"},{"@type":"ListItem","position":2,"name":"Iv\u00e1n Rojo y Salma de Diego lanzan su primer single"}]},{"@type":"WebSite","@id":"http:\/\/unaymilletras.com\/#website","url":"http:\/\/unaymilletras.com\/","name":"Una y Mil Letras","description":"","publisher":{"@id":"http:\/\/unaymilletras.com\/#organization"},"potentialAction":[{"@type":"SearchAction","target":{"@type":"EntryPoint","urlTemplate":"http:\/\/unaymilletras.com\/?s={search_term_string}"},"query-input":{"@type":"PropertyValueSpecification","valueRequired":true,"valueName":"search_term_string"}}],"inLanguage":"en-GB"},{"@type":"Organization","@id":"http:\/\/unaymilletras.com\/#organization","name":"Una y Mil Letras","url":"http:\/\/unaymilletras.com\/","logo":{"@type":"ImageObject","inLanguage":"en-GB","@id":"http:\/\/unaymilletras.com\/#\/schema\/logo\/image\/","url":"https:\/\/unaymilletras.com\/wp-content\/uploads\/2024\/06\/cropped-Logo-removebg-preview.png","contentUrl":"https:\/\/unaymilletras.com\/wp-content\/uploads\/2024\/06\/cropped-Logo-removebg-preview.png","width":512,"height":512,"caption":"Una y Mil Letras"},"image":{"@id":"http:\/\/unaymilletras.com\/#\/schema\/logo\/image\/"},"sameAs":["https:\/\/x.com\/UnaYMilLetras","https:\/\/instagram.com\/UnaYMilLetras"]},{"@type":"Person","@id":"http:\/\/unaymilletras.com\/#\/schema\/person\/d55ba681b8a4e463d8982dbe36a5dc94","name":"Maria Gil Robledo","image":{"@type":"ImageObject","inLanguage":"en-GB","@id":"https:\/\/secure.gravatar.com\/avatar\/4b8e5102e0015789407eb4870b12f0f2857952d83ca124058f92b764bd1840c3?s=96&d=mm&r=g","url":"https:\/\/secure.gravatar.com\/avatar\/4b8e5102e0015789407eb4870b12f0f2857952d83ca124058f92b764bd1840c3?s=96&d=mm&r=g","contentUrl":"https:\/\/secure.gravatar.com\/avatar\/4b8e5102e0015789407eb4870b12f0f2857952d83ca124058f92b764bd1840c3?s=96&d=mm&r=g","caption":"Maria Gil Robledo"},"sameAs":["http:\/\/unaymilletras.com"],"url":"https:\/\/unaymilletras.com\/en\/author\/mariiagiil02_\/"}]}},"_links":{"self":[{"href":"https:\/\/unaymilletras.com\/en\/wp-json\/wp\/v2\/posts\/6514","targetHints":{"allow":["GET"]}}],"collection":[{"href":"https:\/\/unaymilletras.com\/en\/wp-json\/wp\/v2\/posts"}],"about":[{"href":"https:\/\/unaymilletras.com\/en\/wp-json\/wp\/v2\/types\/post"}],"author":[{"embeddable":true,"href":"https:\/\/unaymilletras.com\/en\/wp-json\/wp\/v2\/users\/1"}],"replies":[{"embeddable":true,"href":"https:\/\/unaymilletras.com\/en\/wp-json\/wp\/v2\/comments?post=6514"}],"version-history":[{"count":4,"href":"https:\/\/unaymilletras.com\/en\/wp-json\/wp\/v2\/posts\/6514\/revisions"}],"predecessor-version":[{"id":6519,"href":"https:\/\/unaymilletras.com\/en\/wp-json\/wp\/v2\/posts\/6514\/revisions\/6519"}],"wp:featuredmedia":[{"embeddable":true,"href":"https:\/\/unaymilletras.com\/en\/wp-json\/wp\/v2\/media\/6516"}],"wp:attachment":[{"href":"https:\/\/unaymilletras.com\/en\/wp-json\/wp\/v2\/media?parent=6514"}],"wp:term":[{"taxonomy":"category","embeddable":true,"href":"https:\/\/unaymilletras.com\/en\/wp-json\/wp\/v2\/categories?post=6514"},{"taxonomy":"post_tag","embeddable":true,"href":"https:\/\/unaymilletras.com\/en\/wp-json\/wp\/v2\/tags?post=6514"}],"curies":[{"name":"wp","href":"https:\/\/api.w.org\/{rel}","templated":true}]}}