{"id":6520,"date":"2025-11-24T14:00:00","date_gmt":"2025-11-24T13:00:00","guid":{"rendered":"https:\/\/unaymilletras.com\/?p=6520"},"modified":"2025-11-23T22:27:16","modified_gmt":"2025-11-23T21:27:16","slug":"pignoise-vuelve-a-sus-origenes-con-las-ganas-su-nuevo-album","status":"publish","type":"post","link":"https:\/\/unaymilletras.com\/en\/pignoise-vuelve-a-sus-origenes-con-las-ganas-su-nuevo-album\/","title":{"rendered":"Pignoise vuelve a sus or\u00edgenes con \u00abLas Ganas\u00bb, su nuevo \u00e1lbum"},"content":{"rendered":"<div data-elementor-type=\"wp-post\" data-elementor-id=\"6520\" class=\"elementor elementor-6520\">\n\t\t\t\t\t\t<section class=\"elementor-section elementor-top-section elementor-element elementor-element-4dcc655 elementor-section-boxed elementor-section-height-default elementor-section-height-default\" data-id=\"4dcc655\" data-element_type=\"section\" data-e-type=\"section\">\n\t\t\t\t\t\t<div class=\"elementor-container elementor-column-gap-default\">\n\t\t\t\t\t<div class=\"elementor-column elementor-col-100 elementor-top-column elementor-element elementor-element-5568f99\" data-id=\"5568f99\" data-element_type=\"column\" data-e-type=\"column\">\n\t\t\t<div class=\"elementor-widget-wrap elementor-element-populated\">\n\t\t\t\t\t\t<div class=\"elementor-element elementor-element-f2c89ff elementor-widget elementor-widget-heading\" data-id=\"f2c89ff\" data-element_type=\"widget\" data-e-type=\"widget\" data-widget_type=\"heading.default\">\n\t\t\t\t<div class=\"elementor-widget-container\">\n\t\t\t\t\t<h2 class=\"elementor-heading-title elementor-size-default\">Un disco que celebra dos d\u00e9cadas de carrera <\/h2>\t\t\t\t<\/div>\n\t\t\t\t<\/div>\n\t\t\t\t\t<\/div>\n\t\t<\/div>\n\t\t\t\t\t<\/div>\n\t\t<\/section>\n\t\t\t\t<section class=\"elementor-section elementor-top-section elementor-element elementor-element-5009b9d2 elementor-section-boxed elementor-section-height-default elementor-section-height-default\" data-id=\"5009b9d2\" data-element_type=\"section\" data-e-type=\"section\">\n\t\t\t\t\t\t<div class=\"elementor-container elementor-column-gap-default\">\n\t\t\t\t\t<div class=\"elementor-column elementor-col-100 elementor-top-column elementor-element elementor-element-6662858\" data-id=\"6662858\" data-element_type=\"column\" data-e-type=\"column\">\n\t\t\t<div class=\"elementor-widget-wrap elementor-element-populated\">\n\t\t\t\t\t\t<div class=\"elementor-element elementor-element-521ea1d5 elementor-widget elementor-widget-text-editor\" data-id=\"521ea1d5\" data-element_type=\"widget\" data-e-type=\"widget\" data-widget_type=\"text-editor.default\">\n\t\t\t\t<div class=\"elementor-widget-container\">\n\t\t\t\t\t\t\t\t\t\n<p>Pignoise ha marcado la vida de muchos. Su m\u00fasica ha sonado en los cascos de distintas generaciones, acompa\u00f1ando momentos de fiesta, desahogo, risas y recuerdos que se resisten a desvanecerse. Tras veinte a\u00f1os sobre los escenarios, \u00c1lvaro Benito, Pablo Alonso y H\u00e9ctor Polo regresan con \u00abLas Ganas\u00bb, su s\u00e9ptimo \u00e1lbum de estudio. Un disco que es un homenaje a su historia y una demostraci\u00f3n de que la ilusi\u00f3n y las ganas de hacer m\u00fasica siguen intactas. <\/p>\n\n\n\n<p>\u00abLas Ganas\u00bb combina el sonido caracter\u00edstico de Pignoise con nuevas propuestas musicales. Alterna canciones r\u00e1pidas de punk-rock con medios tiempos m\u00e1s pausados, equilibrando la fuerza de sus ra\u00edces con la claridad que les da la experiencia. Entre los temas destacados se encuentran \u00abLas horas muertas\u00bb, \u00abCelos\u00bb, \u00abQueroseno\u00bb y \u00abHojas en el viento\u00bb, que muestran desde la urgencia y la crudeza sonora hasta la reflexi\u00f3n y la delicadeza de los medios tiempos.<\/p>\n\n\n\n<blockquote class=\"wp-block-quote is-layout-flow wp-block-quote-is-layout-flow\">\n<p>Estamos casi con las mismas ganas que cuando empezamos, con la misma ilusi\u00f3n<\/p>\n<\/blockquote>\n\n\n\n<p>El \u00e1lbum ha sido producido \u00edntegramente por los miembros del grupo. \u00c1lvaro grab\u00f3 voces y guitarras desde su casa, mientras que Pablo se encarg\u00f3 de bajos, coros y bater\u00eda. La mezcla y masterizaci\u00f3n estuvo a cargo de Dani Alcover, colaborador habitual de la banda en discos anteriores como \u00abAnunciado en televisi\u00f3n\u00bb o \u00abDiversi\u00f3n\u00bb.<\/p>\n\n\n\n<figure class=\"wp-block-embed is-type-rich is-provider-spotify wp-block-embed-spotify wp-embed-aspect-21-9 wp-has-aspect-ratio\"><div class=\"wp-block-embed__wrapper\">\n<iframe title=\"Spotify Embed: Las Ganas\" style=\"border-radius: 12px\" width=\"100%\" height=\"352\" frameborder=\"0\" allowfullscreen allow=\"autoplay; clipboard-write; encrypted-media; fullscreen; picture-in-picture\" loading=\"lazy\" src=\"https:\/\/open.spotify.com\/embed\/album\/5mUcY9vdYiLvyJ0GKTs6PZ?si=i_8JHzzlSX61uFN2KSrsKA&utm_source=oembed\"><\/iframe>\n<\/div><\/figure>\n\n\n\n<p>\u00abLas Ganas\u00bb se publica en vinilo est\u00e1ndar y en una edici\u00f3n deluxe limitada a 300 ejemplares, firmada por los tres integrantes. La edici\u00f3n incluye cuatro sencillos de siete pulgadas con caras B exclusivas, como <em>Flores<\/em>, que no estar\u00e1n disponibles en plataformas digitales.<\/p>\n\n\n\n<h2 class=\"wp-block-heading\">Pignoise Day, un plan que no te puedes perder<\/h2>\n\n\n\n<p>Adem\u00e1s del lanzamiento del disco, la banda ha anunciado el <strong>Pignoise Day<\/strong>, que se celebrar\u00e1 el 20 de diciembre en The Garage, en el Autocine Madrid. La jornada combina m\u00fasica, gastronom\u00eda y entretenimiento, pensada tanto para disfrutar en familia como con amigos.<\/p>\n\n\n\n<p>Durante el d\u00eda, la sesi\u00f3n FAMILY ofrecer\u00e1 un entorno seguro y lleno de diversi\u00f3n, con actividades dise\u00f1adas para adultos y ni\u00f1os, adem\u00e1s de un concierto especial de Pignoise. Por la noche, la sesi\u00f3n TARDEO transformar\u00e1 el espacio en una gran fiesta al aire libre, con m\u00fasica en vivo, food trucks y experiencias interactivas, cerrando la jornada con otro concierto de la banda. Las entradas ya est\u00e1n disponibles.<\/p>\n\n\n\n<figure class=\"wp-block-image size-large\"><img fetchpriority=\"high\" decoding=\"async\" width=\"1024\" height=\"1024\" src=\"https:\/\/unaymilletras.com\/wp-content\/uploads\/2025\/11\/image-3-1024x1024.png\" alt=\"\" class=\"wp-image-6521\" srcset=\"https:\/\/unaymilletras.com\/wp-content\/uploads\/2025\/11\/image-3-1024x1024.png 1024w, https:\/\/unaymilletras.com\/wp-content\/uploads\/2025\/11\/image-3-300x300.png 300w, https:\/\/unaymilletras.com\/wp-content\/uploads\/2025\/11\/image-3-150x150.png 150w, https:\/\/unaymilletras.com\/wp-content\/uploads\/2025\/11\/image-3-768x768.png 768w, https:\/\/unaymilletras.com\/wp-content\/uploads\/2025\/11\/image-3-12x12.png 12w, https:\/\/unaymilletras.com\/wp-content\/uploads\/2025\/11\/image-3.png 1080w\" sizes=\"(max-width: 1024px) 100vw, 1024px\" \/><figcaption class=\"wp-element-caption\">Fuente: Innercia<\/figcaption><\/figure>\n\n\n\n<p>Veinte a\u00f1os despu\u00e9s, Pignoise sigue corriendo, sin perder velocidad, sin dejar de pelear. Porque a veces gana quien nunca deja de intentarlo. Y eso es \u00abLas Ganas\u00bb: un disco que respira recuerdos, pasi\u00f3n y buenrollismo.<\/p>\n\t\t\t\t\t\t\t\t<\/div>\n\t\t\t\t<\/div>\n\t\t\t\t\t<\/div>\n\t\t<\/div>\n\t\t\t\t\t<\/div>\n\t\t<\/section>\n\t\t\t\t<\/div>","protected":false},"excerpt":{"rendered":"<p>Un disco que celebra dos d\u00e9cadas de carrera Pignoise ha marcado la vida de muchos. Su m\u00fasica ha sonado en los cascos de distintas generaciones, acompa\u00f1ando momentos de fiesta, desahogo, risas y recuerdos que se resisten a desvanecerse. Tras veinte a\u00f1os sobre los escenarios, \u00c1lvaro Benito, Pablo Alonso y H\u00e9ctor Polo regresan con \u00abLas Ganas\u00bb, [&hellip;]<\/p>\n","protected":false},"author":5,"featured_media":6525,"comment_status":"closed","ping_status":"closed","sticky":false,"template":"","format":"standard","meta":{"footnotes":""},"categories":[4],"tags":[],"class_list":["post-6520","post","type-post","status-publish","format-standard","has-post-thumbnail","hentry","category-musica"],"yoast_head":"<!-- This site is optimized with the Yoast SEO plugin v27.4 - https:\/\/yoast.com\/product\/yoast-seo-wordpress\/ -->\n<title>Pignoise vuelve a sus or\u00edgenes con &quot;Las Ganas&quot;, su nuevo \u00e1lbum<\/title>\n<meta name=\"description\" content=\"Pignoise celebra 20 a\u00f1os de carrera con Las ganas, su nuevo \u00e1lbum de estudio, y anuncia el Pignoise Day en Madrid.\" \/>\n<meta name=\"robots\" content=\"index, follow, max-snippet:-1, max-image-preview:large, max-video-preview:-1\" \/>\n<link rel=\"canonical\" href=\"https:\/\/unaymilletras.com\/en\/pignoise-vuelve-a-sus-origenes-con-las-ganas-su-nuevo-album\/\" \/>\n<meta property=\"og:locale\" content=\"en_GB\" \/>\n<meta property=\"og:type\" content=\"article\" \/>\n<meta property=\"og:title\" content=\"Pignoise vuelve a sus or\u00edgenes con &quot;Las Ganas&quot;, su nuevo \u00e1lbum\" \/>\n<meta property=\"og:description\" content=\"Pignoise celebra 20 a\u00f1os de carrera con Las ganas, su nuevo \u00e1lbum de estudio, y anuncia el Pignoise Day en Madrid.\" \/>\n<meta property=\"og:url\" content=\"https:\/\/unaymilletras.com\/en\/pignoise-vuelve-a-sus-origenes-con-las-ganas-su-nuevo-album\/\" \/>\n<meta property=\"og:site_name\" content=\"Una y Mil Letras\" \/>\n<meta property=\"article:published_time\" content=\"2025-11-24T13:00:00+00:00\" \/>\n<meta property=\"og:image\" content=\"https:\/\/unaymilletras.com\/wp-content\/uploads\/2025\/11\/unnamed-37.jpg\" \/>\n\t<meta property=\"og:image:width\" content=\"2340\" \/>\n\t<meta property=\"og:image:height\" content=\"1561\" \/>\n\t<meta property=\"og:image:type\" content=\"image\/jpeg\" \/>\n<meta name=\"author\" content=\"Luc\u00eda Fandi\u00f1o\" \/>\n<meta name=\"twitter:card\" content=\"summary_large_image\" \/>\n<meta name=\"twitter:creator\" content=\"@UnaYMilLetras\" \/>\n<meta name=\"twitter:site\" content=\"@UnaYMilLetras\" \/>\n<meta name=\"twitter:label1\" content=\"Written by\" \/>\n\t<meta name=\"twitter:data1\" content=\"Luc\u00eda Fandi\u00f1o\" \/>\n\t<meta name=\"twitter:label2\" content=\"Estimated reading time\" \/>\n\t<meta name=\"twitter:data2\" content=\"3 minutes\" \/>\n<script type=\"application\/ld+json\" class=\"yoast-schema-graph\">{\"@context\":\"https:\\\/\\\/schema.org\",\"@graph\":[{\"@type\":\"Article\",\"@id\":\"https:\\\/\\\/unaymilletras.com\\\/pignoise-vuelve-a-sus-origenes-con-las-ganas-su-nuevo-album\\\/#article\",\"isPartOf\":{\"@id\":\"https:\\\/\\\/unaymilletras.com\\\/pignoise-vuelve-a-sus-origenes-con-las-ganas-su-nuevo-album\\\/\"},\"author\":{\"name\":\"Luc\u00eda Fandi\u00f1o\",\"@id\":\"http:\\\/\\\/unaymilletras.com\\\/#\\\/schema\\\/person\\\/047a24f09ead3f0ba2387e5df86d9336\"},\"headline\":\"Pignoise vuelve a sus or\u00edgenes con \u00abLas Ganas\u00bb, su nuevo \u00e1lbum\",\"datePublished\":\"2025-11-24T13:00:00+00:00\",\"mainEntityOfPage\":{\"@id\":\"https:\\\/\\\/unaymilletras.com\\\/pignoise-vuelve-a-sus-origenes-con-las-ganas-su-nuevo-album\\\/\"},\"wordCount\":481,\"publisher\":{\"@id\":\"http:\\\/\\\/unaymilletras.com\\\/#organization\"},\"image\":{\"@id\":\"https:\\\/\\\/unaymilletras.com\\\/pignoise-vuelve-a-sus-origenes-con-las-ganas-su-nuevo-album\\\/#primaryimage\"},\"thumbnailUrl\":\"https:\\\/\\\/unaymilletras.com\\\/wp-content\\\/uploads\\\/2025\\\/11\\\/unnamed-37.jpg\",\"articleSection\":[\"M\u00fasica\"],\"inLanguage\":\"en-GB\"},{\"@type\":\"WebPage\",\"@id\":\"https:\\\/\\\/unaymilletras.com\\\/pignoise-vuelve-a-sus-origenes-con-las-ganas-su-nuevo-album\\\/\",\"url\":\"https:\\\/\\\/unaymilletras.com\\\/pignoise-vuelve-a-sus-origenes-con-las-ganas-su-nuevo-album\\\/\",\"name\":\"Pignoise vuelve a sus or\u00edgenes con \\\"Las Ganas\\\", su nuevo \u00e1lbum\",\"isPartOf\":{\"@id\":\"http:\\\/\\\/unaymilletras.com\\\/#website\"},\"primaryImageOfPage\":{\"@id\":\"https:\\\/\\\/unaymilletras.com\\\/pignoise-vuelve-a-sus-origenes-con-las-ganas-su-nuevo-album\\\/#primaryimage\"},\"image\":{\"@id\":\"https:\\\/\\\/unaymilletras.com\\\/pignoise-vuelve-a-sus-origenes-con-las-ganas-su-nuevo-album\\\/#primaryimage\"},\"thumbnailUrl\":\"https:\\\/\\\/unaymilletras.com\\\/wp-content\\\/uploads\\\/2025\\\/11\\\/unnamed-37.jpg\",\"datePublished\":\"2025-11-24T13:00:00+00:00\",\"description\":\"Pignoise celebra 20 a\u00f1os de carrera con Las ganas, su nuevo \u00e1lbum de estudio, y anuncia el Pignoise Day en Madrid.\",\"breadcrumb\":{\"@id\":\"https:\\\/\\\/unaymilletras.com\\\/pignoise-vuelve-a-sus-origenes-con-las-ganas-su-nuevo-album\\\/#breadcrumb\"},\"inLanguage\":\"en-GB\",\"potentialAction\":[{\"@type\":\"ReadAction\",\"target\":[\"https:\\\/\\\/unaymilletras.com\\\/pignoise-vuelve-a-sus-origenes-con-las-ganas-su-nuevo-album\\\/\"]}]},{\"@type\":\"ImageObject\",\"inLanguage\":\"en-GB\",\"@id\":\"https:\\\/\\\/unaymilletras.com\\\/pignoise-vuelve-a-sus-origenes-con-las-ganas-su-nuevo-album\\\/#primaryimage\",\"url\":\"https:\\\/\\\/unaymilletras.com\\\/wp-content\\\/uploads\\\/2025\\\/11\\\/unnamed-37.jpg\",\"contentUrl\":\"https:\\\/\\\/unaymilletras.com\\\/wp-content\\\/uploads\\\/2025\\\/11\\\/unnamed-37.jpg\",\"width\":2340,\"height\":1561},{\"@type\":\"BreadcrumbList\",\"@id\":\"https:\\\/\\\/unaymilletras.com\\\/pignoise-vuelve-a-sus-origenes-con-las-ganas-su-nuevo-album\\\/#breadcrumb\",\"itemListElement\":[{\"@type\":\"ListItem\",\"position\":1,\"name\":\"Home\",\"item\":\"http:\\\/\\\/unaymilletras.com\\\/\"},{\"@type\":\"ListItem\",\"position\":2,\"name\":\"Pignoise vuelve a sus or\u00edgenes con \u00abLas Ganas\u00bb, su nuevo \u00e1lbum\"}]},{\"@type\":\"WebSite\",\"@id\":\"http:\\\/\\\/unaymilletras.com\\\/#website\",\"url\":\"http:\\\/\\\/unaymilletras.com\\\/\",\"name\":\"Una y Mil Letras\",\"description\":\"\",\"publisher\":{\"@id\":\"http:\\\/\\\/unaymilletras.com\\\/#organization\"},\"potentialAction\":[{\"@type\":\"SearchAction\",\"target\":{\"@type\":\"EntryPoint\",\"urlTemplate\":\"http:\\\/\\\/unaymilletras.com\\\/?s={search_term_string}\"},\"query-input\":{\"@type\":\"PropertyValueSpecification\",\"valueRequired\":true,\"valueName\":\"search_term_string\"}}],\"inLanguage\":\"en-GB\"},{\"@type\":\"Organization\",\"@id\":\"http:\\\/\\\/unaymilletras.com\\\/#organization\",\"name\":\"Una y Mil Letras\",\"url\":\"http:\\\/\\\/unaymilletras.com\\\/\",\"logo\":{\"@type\":\"ImageObject\",\"inLanguage\":\"en-GB\",\"@id\":\"http:\\\/\\\/unaymilletras.com\\\/#\\\/schema\\\/logo\\\/image\\\/\",\"url\":\"https:\\\/\\\/unaymilletras.com\\\/wp-content\\\/uploads\\\/2024\\\/06\\\/cropped-Logo-removebg-preview.png\",\"contentUrl\":\"https:\\\/\\\/unaymilletras.com\\\/wp-content\\\/uploads\\\/2024\\\/06\\\/cropped-Logo-removebg-preview.png\",\"width\":512,\"height\":512,\"caption\":\"Una y Mil Letras\"},\"image\":{\"@id\":\"http:\\\/\\\/unaymilletras.com\\\/#\\\/schema\\\/logo\\\/image\\\/\"},\"sameAs\":[\"https:\\\/\\\/x.com\\\/UnaYMilLetras\",\"https:\\\/\\\/instagram.com\\\/UnaYMilLetras\"]},{\"@type\":\"Person\",\"@id\":\"http:\\\/\\\/unaymilletras.com\\\/#\\\/schema\\\/person\\\/047a24f09ead3f0ba2387e5df86d9336\",\"name\":\"Luc\u00eda Fandi\u00f1o\",\"image\":{\"@type\":\"ImageObject\",\"inLanguage\":\"en-GB\",\"@id\":\"https:\\\/\\\/secure.gravatar.com\\\/avatar\\\/d22d9eea03f89c5d17f4b05c3efeb11bad23ff32b99e63bbf54232bc1b6a06b2?s=96&d=mm&r=g\",\"url\":\"https:\\\/\\\/secure.gravatar.com\\\/avatar\\\/d22d9eea03f89c5d17f4b05c3efeb11bad23ff32b99e63bbf54232bc1b6a06b2?s=96&d=mm&r=g\",\"contentUrl\":\"https:\\\/\\\/secure.gravatar.com\\\/avatar\\\/d22d9eea03f89c5d17f4b05c3efeb11bad23ff32b99e63bbf54232bc1b6a06b2?s=96&d=mm&r=g\",\"caption\":\"Luc\u00eda Fandi\u00f1o\"},\"sameAs\":[\"www.instagram.com\\\/luciaafandino\"],\"url\":\"https:\\\/\\\/unaymilletras.com\\\/en\\\/author\\\/luciaafandino\\\/\"}]}<\/script>\n<!-- \/ Yoast SEO plugin. -->","yoast_head_json":{"title":"Pignoise vuelve a sus or\u00edgenes con \"Las Ganas\", su nuevo \u00e1lbum","description":"Pignoise celebra 20 a\u00f1os de carrera con Las ganas, su nuevo \u00e1lbum de estudio, y anuncia el Pignoise Day en Madrid.","robots":{"index":"index","follow":"follow","max-snippet":"max-snippet:-1","max-image-preview":"max-image-preview:large","max-video-preview":"max-video-preview:-1"},"canonical":"https:\/\/unaymilletras.com\/en\/pignoise-vuelve-a-sus-origenes-con-las-ganas-su-nuevo-album\/","og_locale":"en_GB","og_type":"article","og_title":"Pignoise vuelve a sus or\u00edgenes con \"Las Ganas\", su nuevo \u00e1lbum","og_description":"Pignoise celebra 20 a\u00f1os de carrera con Las ganas, su nuevo \u00e1lbum de estudio, y anuncia el Pignoise Day en Madrid.","og_url":"https:\/\/unaymilletras.com\/en\/pignoise-vuelve-a-sus-origenes-con-las-ganas-su-nuevo-album\/","og_site_name":"Una y Mil Letras","article_published_time":"2025-11-24T13:00:00+00:00","og_image":[{"width":2340,"height":1561,"url":"https:\/\/unaymilletras.com\/wp-content\/uploads\/2025\/11\/unnamed-37.jpg","type":"image\/jpeg"}],"author":"Luc\u00eda Fandi\u00f1o","twitter_card":"summary_large_image","twitter_creator":"@UnaYMilLetras","twitter_site":"@UnaYMilLetras","twitter_misc":{"Written by":"Luc\u00eda Fandi\u00f1o","Estimated reading time":"3 minutes"},"schema":{"@context":"https:\/\/schema.org","@graph":[{"@type":"Article","@id":"https:\/\/unaymilletras.com\/pignoise-vuelve-a-sus-origenes-con-las-ganas-su-nuevo-album\/#article","isPartOf":{"@id":"https:\/\/unaymilletras.com\/pignoise-vuelve-a-sus-origenes-con-las-ganas-su-nuevo-album\/"},"author":{"name":"Luc\u00eda Fandi\u00f1o","@id":"http:\/\/unaymilletras.com\/#\/schema\/person\/047a24f09ead3f0ba2387e5df86d9336"},"headline":"Pignoise vuelve a sus or\u00edgenes con \u00abLas Ganas\u00bb, su nuevo \u00e1lbum","datePublished":"2025-11-24T13:00:00+00:00","mainEntityOfPage":{"@id":"https:\/\/unaymilletras.com\/pignoise-vuelve-a-sus-origenes-con-las-ganas-su-nuevo-album\/"},"wordCount":481,"publisher":{"@id":"http:\/\/unaymilletras.com\/#organization"},"image":{"@id":"https:\/\/unaymilletras.com\/pignoise-vuelve-a-sus-origenes-con-las-ganas-su-nuevo-album\/#primaryimage"},"thumbnailUrl":"https:\/\/unaymilletras.com\/wp-content\/uploads\/2025\/11\/unnamed-37.jpg","articleSection":["M\u00fasica"],"inLanguage":"en-GB"},{"@type":"WebPage","@id":"https:\/\/unaymilletras.com\/pignoise-vuelve-a-sus-origenes-con-las-ganas-su-nuevo-album\/","url":"https:\/\/unaymilletras.com\/pignoise-vuelve-a-sus-origenes-con-las-ganas-su-nuevo-album\/","name":"Pignoise vuelve a sus or\u00edgenes con \"Las Ganas\", su nuevo \u00e1lbum","isPartOf":{"@id":"http:\/\/unaymilletras.com\/#website"},"primaryImageOfPage":{"@id":"https:\/\/unaymilletras.com\/pignoise-vuelve-a-sus-origenes-con-las-ganas-su-nuevo-album\/#primaryimage"},"image":{"@id":"https:\/\/unaymilletras.com\/pignoise-vuelve-a-sus-origenes-con-las-ganas-su-nuevo-album\/#primaryimage"},"thumbnailUrl":"https:\/\/unaymilletras.com\/wp-content\/uploads\/2025\/11\/unnamed-37.jpg","datePublished":"2025-11-24T13:00:00+00:00","description":"Pignoise celebra 20 a\u00f1os de carrera con Las ganas, su nuevo \u00e1lbum de estudio, y anuncia el Pignoise Day en Madrid.","breadcrumb":{"@id":"https:\/\/unaymilletras.com\/pignoise-vuelve-a-sus-origenes-con-las-ganas-su-nuevo-album\/#breadcrumb"},"inLanguage":"en-GB","potentialAction":[{"@type":"ReadAction","target":["https:\/\/unaymilletras.com\/pignoise-vuelve-a-sus-origenes-con-las-ganas-su-nuevo-album\/"]}]},{"@type":"ImageObject","inLanguage":"en-GB","@id":"https:\/\/unaymilletras.com\/pignoise-vuelve-a-sus-origenes-con-las-ganas-su-nuevo-album\/#primaryimage","url":"https:\/\/unaymilletras.com\/wp-content\/uploads\/2025\/11\/unnamed-37.jpg","contentUrl":"https:\/\/unaymilletras.com\/wp-content\/uploads\/2025\/11\/unnamed-37.jpg","width":2340,"height":1561},{"@type":"BreadcrumbList","@id":"https:\/\/unaymilletras.com\/pignoise-vuelve-a-sus-origenes-con-las-ganas-su-nuevo-album\/#breadcrumb","itemListElement":[{"@type":"ListItem","position":1,"name":"Home","item":"http:\/\/unaymilletras.com\/"},{"@type":"ListItem","position":2,"name":"Pignoise vuelve a sus or\u00edgenes con \u00abLas Ganas\u00bb, su nuevo \u00e1lbum"}]},{"@type":"WebSite","@id":"http:\/\/unaymilletras.com\/#website","url":"http:\/\/unaymilletras.com\/","name":"Una y Mil Letras","description":"","publisher":{"@id":"http:\/\/unaymilletras.com\/#organization"},"potentialAction":[{"@type":"SearchAction","target":{"@type":"EntryPoint","urlTemplate":"http:\/\/unaymilletras.com\/?s={search_term_string}"},"query-input":{"@type":"PropertyValueSpecification","valueRequired":true,"valueName":"search_term_string"}}],"inLanguage":"en-GB"},{"@type":"Organization","@id":"http:\/\/unaymilletras.com\/#organization","name":"Una y Mil Letras","url":"http:\/\/unaymilletras.com\/","logo":{"@type":"ImageObject","inLanguage":"en-GB","@id":"http:\/\/unaymilletras.com\/#\/schema\/logo\/image\/","url":"https:\/\/unaymilletras.com\/wp-content\/uploads\/2024\/06\/cropped-Logo-removebg-preview.png","contentUrl":"https:\/\/unaymilletras.com\/wp-content\/uploads\/2024\/06\/cropped-Logo-removebg-preview.png","width":512,"height":512,"caption":"Una y Mil Letras"},"image":{"@id":"http:\/\/unaymilletras.com\/#\/schema\/logo\/image\/"},"sameAs":["https:\/\/x.com\/UnaYMilLetras","https:\/\/instagram.com\/UnaYMilLetras"]},{"@type":"Person","@id":"http:\/\/unaymilletras.com\/#\/schema\/person\/047a24f09ead3f0ba2387e5df86d9336","name":"Luc\u00eda Fandi\u00f1o","image":{"@type":"ImageObject","inLanguage":"en-GB","@id":"https:\/\/secure.gravatar.com\/avatar\/d22d9eea03f89c5d17f4b05c3efeb11bad23ff32b99e63bbf54232bc1b6a06b2?s=96&d=mm&r=g","url":"https:\/\/secure.gravatar.com\/avatar\/d22d9eea03f89c5d17f4b05c3efeb11bad23ff32b99e63bbf54232bc1b6a06b2?s=96&d=mm&r=g","contentUrl":"https:\/\/secure.gravatar.com\/avatar\/d22d9eea03f89c5d17f4b05c3efeb11bad23ff32b99e63bbf54232bc1b6a06b2?s=96&d=mm&r=g","caption":"Luc\u00eda Fandi\u00f1o"},"sameAs":["www.instagram.com\/luciaafandino"],"url":"https:\/\/unaymilletras.com\/en\/author\/luciaafandino\/"}]}},"_links":{"self":[{"href":"https:\/\/unaymilletras.com\/en\/wp-json\/wp\/v2\/posts\/6520","targetHints":{"allow":["GET"]}}],"collection":[{"href":"https:\/\/unaymilletras.com\/en\/wp-json\/wp\/v2\/posts"}],"about":[{"href":"https:\/\/unaymilletras.com\/en\/wp-json\/wp\/v2\/types\/post"}],"author":[{"embeddable":true,"href":"https:\/\/unaymilletras.com\/en\/wp-json\/wp\/v2\/users\/5"}],"replies":[{"embeddable":true,"href":"https:\/\/unaymilletras.com\/en\/wp-json\/wp\/v2\/comments?post=6520"}],"version-history":[{"count":4,"href":"https:\/\/unaymilletras.com\/en\/wp-json\/wp\/v2\/posts\/6520\/revisions"}],"predecessor-version":[{"id":6526,"href":"https:\/\/unaymilletras.com\/en\/wp-json\/wp\/v2\/posts\/6520\/revisions\/6526"}],"wp:featuredmedia":[{"embeddable":true,"href":"https:\/\/unaymilletras.com\/en\/wp-json\/wp\/v2\/media\/6525"}],"wp:attachment":[{"href":"https:\/\/unaymilletras.com\/en\/wp-json\/wp\/v2\/media?parent=6520"}],"wp:term":[{"taxonomy":"category","embeddable":true,"href":"https:\/\/unaymilletras.com\/en\/wp-json\/wp\/v2\/categories?post=6520"},{"taxonomy":"post_tag","embeddable":true,"href":"https:\/\/unaymilletras.com\/en\/wp-json\/wp\/v2\/tags?post=6520"}],"curies":[{"name":"wp","href":"https:\/\/api.w.org\/{rel}","templated":true}]}}