{"id":6527,"date":"2025-11-26T11:55:51","date_gmt":"2025-11-26T10:55:51","guid":{"rendered":"https:\/\/unaymilletras.com\/?p=6527"},"modified":"2025-11-26T11:55:51","modified_gmt":"2025-11-26T10:55:51","slug":"anuel-deja-luces-y-sombras-en-su-paso-por-madrid","status":"publish","type":"post","link":"https:\/\/unaymilletras.com\/en\/anuel-deja-luces-y-sombras-en-su-paso-por-madrid\/","title":{"rendered":"Anuel deja luces y sombras en su paso por Madrid"},"content":{"rendered":"<p><strong><em>El puertorrique\u00f1o, Anuel AA, cant\u00f3 dos noches seguidas en el Movistar Arena, donde dej\u00f3 sensaciones muy diferentes en ambas fechas<\/em><\/strong><\/p>\n\n\n\n<p>La gira de Anuel sigue envuelta en pol\u00e9mica. Las cancelaciones de Valencia y A Coru\u00f1a, los retrasos en M\u00e1laga, Murcia, Pamplona, o el hecho de que le cortasen el micr\u00f3fono en Barcelona fue la dura antesala a Madrid. Entre los madrile\u00f1os hab\u00eda muchas dudas de lo que podr\u00eda deparar su show.  Para los que asistieron en su primera fecha, el domingo, realmente fue bastante decepcionante. El concierto, programado a las 21:00, comenz\u00f3 una hora tarde, seg\u00fan<strong> <\/strong>se pudo mostrar en las pantallas del recinto. Dur\u00f3 pr\u00e1cticamente lo mismo que el tiempo de demora, con un cierre forzado que levant\u00f3 una fuerte pitada en la grada. <\/p>\n\n\n\n<figure class=\"wp-block-image size-large\"><img fetchpriority=\"high\" decoding=\"async\" width=\"1024\" height=\"908\" src=\"http:\/\/unaymilletras.com\/wp-content\/uploads\/2025\/11\/EDE54CD1-2FA3-47A7-961A-5E7305720097-1024x908.jpeg\" alt=\"Mensaje sobre Anuel\" class=\"wp-image-6531\" srcset=\"https:\/\/unaymilletras.com\/wp-content\/uploads\/2025\/11\/EDE54CD1-2FA3-47A7-961A-5E7305720097-1024x908.jpeg 1024w, https:\/\/unaymilletras.com\/wp-content\/uploads\/2025\/11\/EDE54CD1-2FA3-47A7-961A-5E7305720097-300x266.jpeg 300w, https:\/\/unaymilletras.com\/wp-content\/uploads\/2025\/11\/EDE54CD1-2FA3-47A7-961A-5E7305720097-768x681.jpeg 768w, https:\/\/unaymilletras.com\/wp-content\/uploads\/2025\/11\/EDE54CD1-2FA3-47A7-961A-5E7305720097-1536x1361.jpeg 1536w, https:\/\/unaymilletras.com\/wp-content\/uploads\/2025\/11\/EDE54CD1-2FA3-47A7-961A-5E7305720097-2048x1815.jpeg 2048w, https:\/\/unaymilletras.com\/wp-content\/uploads\/2025\/11\/EDE54CD1-2FA3-47A7-961A-5E7305720097-14x12.jpeg 14w\" sizes=\"(max-width: 1024px) 100vw, 1024px\" \/><figcaption class=\"wp-element-caption\">David Hern\u00e1ndez<\/figcaption><\/figure>\n\n\n\n<p>A pesar de ello, el cantante deleit\u00f3 a su p\u00fablico con hasta 28 canciones. Entre ellas las m\u00e1s destacadas de \u00e9l en audiencia, aunque se dej\u00f3 algunos de sus traps m\u00e1s ic\u00f3nicos como Soldado y Profeta, Ella y Yo, u Or Nah, las cuales si cant\u00f3 el segundo d\u00eda.<\/p>\n\n\n\n<h2 class=\"wp-block-heading\">Anuel aprovecha la segunda oportunidad<\/h2>\n\n\n\n<p>El lunes fue mucho mejor, ya que Anuel sali\u00f3 solo media hora tarde, por lo que pudo ofrecer una actuaci\u00f3n casi de dos horas y rozar las 40 canciones. Este concierto pudo ser tranquilamente uno de los mejores de la gira y as\u00ed Anuel sali\u00f3 del paso por lo ocurrido el d\u00eda anterior. Su setlist no ten\u00eda una estructura por \u00e9pocas o estilos musicales definidos, sino que era una simple recopilaci\u00f3n de sus mayores \u00e9xitos. Arrancaba en trap con 47 y Medusa, para pasar al reggaet\u00f3n con M\u00e1s Rica Que Ayer, Adicto o Pacto Remix. <\/p>\n\n\n\n<p>Tras una serie de intercalaciones pas\u00f3 a la parte m\u00e1s emotiva en la que destac\u00f3 Que Nos Pas\u00f3? y La \u00daltima Vez, cantando el verso de Bad Bunny adem\u00e1s. Justo durante esta canci\u00f3n mand\u00f3 un mensaje pidiendo que \u00ablo escuche el conejo\u00bb. La parte de sus primeros \u00e9xitos fue la ausente del primer d\u00eda, pero s\u00ed presente en el segundo, como fue el caso de Esclava, Ayer o Tu Me Enamoraste.<\/p>\n\n\n\n<figure class=\"wp-block-image size-large\"><img decoding=\"async\" width=\"683\" height=\"1024\" src=\"http:\/\/unaymilletras.com\/wp-content\/uploads\/2025\/11\/DSC_0069-683x1024.jpg\" alt=\"Anuel\" class=\"wp-image-6529\" srcset=\"https:\/\/unaymilletras.com\/wp-content\/uploads\/2025\/11\/DSC_0069-683x1024.jpg 683w, https:\/\/unaymilletras.com\/wp-content\/uploads\/2025\/11\/DSC_0069-200x300.jpg 200w, https:\/\/unaymilletras.com\/wp-content\/uploads\/2025\/11\/DSC_0069-768x1152.jpg 768w, https:\/\/unaymilletras.com\/wp-content\/uploads\/2025\/11\/DSC_0069-1024x1536.jpg 1024w, https:\/\/unaymilletras.com\/wp-content\/uploads\/2025\/11\/DSC_0069-8x12.jpg 8w, https:\/\/unaymilletras.com\/wp-content\/uploads\/2025\/11\/DSC_0069.jpg 1365w\" sizes=\"(max-width: 683px) 100vw, 683px\" \/><figcaption class=\"wp-element-caption\">Mar\u00eda Gil<\/figcaption><\/figure>\n\n\n\n<p>En ambos d\u00edas se cant\u00f3 las m\u00e1s recientes con Blessd y tras soltar China y La Jeepeta, Anuel cerrar\u00eda con el Remix del momento, Yogurcito, aunque con sensaciones adversas seg\u00fan el d\u00eda. Quiz\u00e1s no es el cierre esperado para Anuel, ya que es un tema que no es suyo y choca con las cl\u00e1sicas despedidas. El buen momento de la colaboraci\u00f3n hizo que el Movistar Arena se dejase la garganta en la \u00faltima de la noche. Podr\u00e1 caer mejor o peor, pero el artista demostr\u00f3 porque es una leyenda del g\u00e9nero urbano en el momento que puso un pie en el escenario. A pesar de que el p\u00fablico espa\u00f1ol es su favorito, la relaci\u00f3n se ha da\u00f1ado en esta gira y solo la calidad de su m\u00fasica puede mantener la esperanza en sus fan\u00e1ticos, para opacar el miedo a los problemas log\u00edsticos ocasionados por el artista.<\/p>","protected":false},"excerpt":{"rendered":"<p>El puertorrique\u00f1o, Anuel AA, cant\u00f3 dos noches seguidas en el Movistar Arena, donde dej\u00f3 sensaciones muy diferentes en ambas fechas La gira de Anuel sigue envuelta en pol\u00e9mica. Las cancelaciones de Valencia y A Coru\u00f1a, los retrasos en M\u00e1laga, Murcia, Pamplona, o el hecho de que le cortasen el micr\u00f3fono en Barcelona fue la dura [&hellip;]<\/p>\n","protected":false},"author":10,"featured_media":6530,"comment_status":"closed","ping_status":"closed","sticky":false,"template":"","format":"standard","meta":{"footnotes":""},"categories":[4],"tags":[187,188,178,171,257,170,169],"class_list":["post-6527","post","type-post","status-publish","format-standard","has-post-thumbnail","hentry","category-musica","tag-anuel","tag-anuel-aa","tag-espana","tag-gira","tag-madrid","tag-movistar-arena","tag-musica"],"yoast_head":"<!-- This site is optimized with the Yoast SEO plugin v27.4 - https:\/\/yoast.com\/product\/yoast-seo-wordpress\/ -->\n<title>Anuel deja luces y sombras en su paso por Madrid &#8902; Una y Mil Letras<\/title>\n<meta name=\"description\" content=\"El puertorrique\u00f1o, Anuel AA, cant\u00f3 dos noches seguidas en el Movistar Arena, donde dej\u00f3 sensaciones muy diferentes en ambas fechas\" \/>\n<meta name=\"robots\" content=\"index, follow, max-snippet:-1, max-image-preview:large, max-video-preview:-1\" \/>\n<link rel=\"canonical\" href=\"https:\/\/unaymilletras.com\/en\/anuel-deja-luces-y-sombras-en-su-paso-por-madrid\/\" \/>\n<meta property=\"og:locale\" content=\"en_GB\" \/>\n<meta property=\"og:type\" content=\"article\" \/>\n<meta property=\"og:title\" content=\"Anuel deja luces y sombras en su paso por Madrid &#8902; Una y Mil Letras\" \/>\n<meta property=\"og:description\" content=\"El puertorrique\u00f1o, Anuel AA, cant\u00f3 dos noches seguidas en el Movistar Arena, donde dej\u00f3 sensaciones muy diferentes en ambas fechas\" \/>\n<meta property=\"og:url\" content=\"https:\/\/unaymilletras.com\/en\/anuel-deja-luces-y-sombras-en-su-paso-por-madrid\/\" \/>\n<meta property=\"og:site_name\" content=\"Una y Mil Letras\" \/>\n<meta property=\"article:published_time\" content=\"2025-11-26T10:55:51+00:00\" \/>\n<meta property=\"og:image\" content=\"http:\/\/unaymilletras.com\/wp-content\/uploads\/2025\/11\/DSC_0072-683x1024.jpg\" \/>\n\t<meta property=\"og:image:width\" content=\"683\" \/>\n\t<meta property=\"og:image:height\" content=\"1024\" \/>\n\t<meta property=\"og:image:type\" content=\"image\/jpeg\" \/>\n<meta name=\"author\" content=\"David Hern\u00e1ndez\" \/>\n<meta name=\"twitter:card\" content=\"summary_large_image\" \/>\n<meta name=\"twitter:creator\" content=\"@UnaYMilLetras\" \/>\n<meta name=\"twitter:site\" content=\"@UnaYMilLetras\" \/>\n<meta name=\"twitter:label1\" content=\"Written by\" \/>\n\t<meta name=\"twitter:data1\" content=\"David Hern\u00e1ndez\" \/>\n\t<meta name=\"twitter:label2\" content=\"Estimated reading time\" \/>\n\t<meta name=\"twitter:data2\" content=\"3 minutes\" \/>\n<script type=\"application\/ld+json\" class=\"yoast-schema-graph\">{\"@context\":\"https:\\\/\\\/schema.org\",\"@graph\":[{\"@type\":\"Article\",\"@id\":\"https:\\\/\\\/unaymilletras.com\\\/anuel-deja-luces-y-sombras-en-su-paso-por-madrid\\\/#article\",\"isPartOf\":{\"@id\":\"https:\\\/\\\/unaymilletras.com\\\/anuel-deja-luces-y-sombras-en-su-paso-por-madrid\\\/\"},\"author\":{\"name\":\"David Hern\u00e1ndez\",\"@id\":\"http:\\\/\\\/unaymilletras.com\\\/#\\\/schema\\\/person\\\/0c171c80bc49a58d7a8ed3394548370c\"},\"headline\":\"Anuel deja luces y sombras en su paso por Madrid\",\"datePublished\":\"2025-11-26T10:55:51+00:00\",\"mainEntityOfPage\":{\"@id\":\"https:\\\/\\\/unaymilletras.com\\\/anuel-deja-luces-y-sombras-en-su-paso-por-madrid\\\/\"},\"wordCount\":544,\"publisher\":{\"@id\":\"http:\\\/\\\/unaymilletras.com\\\/#organization\"},\"image\":{\"@id\":\"https:\\\/\\\/unaymilletras.com\\\/anuel-deja-luces-y-sombras-en-su-paso-por-madrid\\\/#primaryimage\"},\"thumbnailUrl\":\"https:\\\/\\\/unaymilletras.com\\\/wp-content\\\/uploads\\\/2025\\\/11\\\/DSC_0072.jpg\",\"keywords\":[\"Anuel\",\"Anuel AA\",\"Espa\u00f1a\",\"Gira\",\"Madrid\",\"Movistar Arena\",\"musica\"],\"articleSection\":[\"M\u00fasica\"],\"inLanguage\":\"en-GB\"},{\"@type\":\"WebPage\",\"@id\":\"https:\\\/\\\/unaymilletras.com\\\/anuel-deja-luces-y-sombras-en-su-paso-por-madrid\\\/\",\"url\":\"https:\\\/\\\/unaymilletras.com\\\/anuel-deja-luces-y-sombras-en-su-paso-por-madrid\\\/\",\"name\":\"Anuel deja luces y sombras en su paso por Madrid &#8902; Una y Mil Letras\",\"isPartOf\":{\"@id\":\"http:\\\/\\\/unaymilletras.com\\\/#website\"},\"primaryImageOfPage\":{\"@id\":\"https:\\\/\\\/unaymilletras.com\\\/anuel-deja-luces-y-sombras-en-su-paso-por-madrid\\\/#primaryimage\"},\"image\":{\"@id\":\"https:\\\/\\\/unaymilletras.com\\\/anuel-deja-luces-y-sombras-en-su-paso-por-madrid\\\/#primaryimage\"},\"thumbnailUrl\":\"https:\\\/\\\/unaymilletras.com\\\/wp-content\\\/uploads\\\/2025\\\/11\\\/DSC_0072.jpg\",\"datePublished\":\"2025-11-26T10:55:51+00:00\",\"description\":\"El puertorrique\u00f1o, Anuel AA, cant\u00f3 dos noches seguidas en el Movistar Arena, donde dej\u00f3 sensaciones muy diferentes en ambas fechas\",\"breadcrumb\":{\"@id\":\"https:\\\/\\\/unaymilletras.com\\\/anuel-deja-luces-y-sombras-en-su-paso-por-madrid\\\/#breadcrumb\"},\"inLanguage\":\"en-GB\",\"potentialAction\":[{\"@type\":\"ReadAction\",\"target\":[\"https:\\\/\\\/unaymilletras.com\\\/anuel-deja-luces-y-sombras-en-su-paso-por-madrid\\\/\"]}]},{\"@type\":\"ImageObject\",\"inLanguage\":\"en-GB\",\"@id\":\"https:\\\/\\\/unaymilletras.com\\\/anuel-deja-luces-y-sombras-en-su-paso-por-madrid\\\/#primaryimage\",\"url\":\"https:\\\/\\\/unaymilletras.com\\\/wp-content\\\/uploads\\\/2025\\\/11\\\/DSC_0072.jpg\",\"contentUrl\":\"https:\\\/\\\/unaymilletras.com\\\/wp-content\\\/uploads\\\/2025\\\/11\\\/DSC_0072.jpg\",\"width\":1365,\"height\":2048,\"caption\":\"Mar\u00eda Gil\"},{\"@type\":\"BreadcrumbList\",\"@id\":\"https:\\\/\\\/unaymilletras.com\\\/anuel-deja-luces-y-sombras-en-su-paso-por-madrid\\\/#breadcrumb\",\"itemListElement\":[{\"@type\":\"ListItem\",\"position\":1,\"name\":\"Home\",\"item\":\"http:\\\/\\\/unaymilletras.com\\\/\"},{\"@type\":\"ListItem\",\"position\":2,\"name\":\"Anuel deja luces y sombras en su paso por Madrid\"}]},{\"@type\":\"WebSite\",\"@id\":\"http:\\\/\\\/unaymilletras.com\\\/#website\",\"url\":\"http:\\\/\\\/unaymilletras.com\\\/\",\"name\":\"Una y Mil Letras\",\"description\":\"\",\"publisher\":{\"@id\":\"http:\\\/\\\/unaymilletras.com\\\/#organization\"},\"potentialAction\":[{\"@type\":\"SearchAction\",\"target\":{\"@type\":\"EntryPoint\",\"urlTemplate\":\"http:\\\/\\\/unaymilletras.com\\\/?s={search_term_string}\"},\"query-input\":{\"@type\":\"PropertyValueSpecification\",\"valueRequired\":true,\"valueName\":\"search_term_string\"}}],\"inLanguage\":\"en-GB\"},{\"@type\":\"Organization\",\"@id\":\"http:\\\/\\\/unaymilletras.com\\\/#organization\",\"name\":\"Una y Mil Letras\",\"url\":\"http:\\\/\\\/unaymilletras.com\\\/\",\"logo\":{\"@type\":\"ImageObject\",\"inLanguage\":\"en-GB\",\"@id\":\"http:\\\/\\\/unaymilletras.com\\\/#\\\/schema\\\/logo\\\/image\\\/\",\"url\":\"https:\\\/\\\/unaymilletras.com\\\/wp-content\\\/uploads\\\/2024\\\/06\\\/cropped-Logo-removebg-preview.png\",\"contentUrl\":\"https:\\\/\\\/unaymilletras.com\\\/wp-content\\\/uploads\\\/2024\\\/06\\\/cropped-Logo-removebg-preview.png\",\"width\":512,\"height\":512,\"caption\":\"Una y Mil Letras\"},\"image\":{\"@id\":\"http:\\\/\\\/unaymilletras.com\\\/#\\\/schema\\\/logo\\\/image\\\/\"},\"sameAs\":[\"https:\\\/\\\/x.com\\\/UnaYMilLetras\",\"https:\\\/\\\/instagram.com\\\/UnaYMilLetras\"]},{\"@type\":\"Person\",\"@id\":\"http:\\\/\\\/unaymilletras.com\\\/#\\\/schema\\\/person\\\/0c171c80bc49a58d7a8ed3394548370c\",\"name\":\"David Hern\u00e1ndez\",\"image\":{\"@type\":\"ImageObject\",\"inLanguage\":\"en-GB\",\"@id\":\"https:\\\/\\\/secure.gravatar.com\\\/avatar\\\/86739d73874dcbc11e4278af33fb905704f5c29329727efb3b0e0bc838b0d469?s=96&d=mm&r=g\",\"url\":\"https:\\\/\\\/secure.gravatar.com\\\/avatar\\\/86739d73874dcbc11e4278af33fb905704f5c29329727efb3b0e0bc838b0d469?s=96&d=mm&r=g\",\"contentUrl\":\"https:\\\/\\\/secure.gravatar.com\\\/avatar\\\/86739d73874dcbc11e4278af33fb905704f5c29329727efb3b0e0bc838b0d469?s=96&d=mm&r=g\",\"caption\":\"David Hern\u00e1ndez\"},\"url\":\"https:\\\/\\\/unaymilletras.com\\\/en\\\/author\\\/davidesel\\\/\"}]}<\/script>\n<!-- \/ Yoast SEO plugin. -->","yoast_head_json":{"title":"Anuel deja luces y sombras en su paso por Madrid &#8902; Una y Mil Letras","description":"El puertorrique\u00f1o, Anuel AA, cant\u00f3 dos noches seguidas en el Movistar Arena, donde dej\u00f3 sensaciones muy diferentes en ambas fechas","robots":{"index":"index","follow":"follow","max-snippet":"max-snippet:-1","max-image-preview":"max-image-preview:large","max-video-preview":"max-video-preview:-1"},"canonical":"https:\/\/unaymilletras.com\/en\/anuel-deja-luces-y-sombras-en-su-paso-por-madrid\/","og_locale":"en_GB","og_type":"article","og_title":"Anuel deja luces y sombras en su paso por Madrid &#8902; Una y Mil Letras","og_description":"El puertorrique\u00f1o, Anuel AA, cant\u00f3 dos noches seguidas en el Movistar Arena, donde dej\u00f3 sensaciones muy diferentes en ambas fechas","og_url":"https:\/\/unaymilletras.com\/en\/anuel-deja-luces-y-sombras-en-su-paso-por-madrid\/","og_site_name":"Una y Mil Letras","article_published_time":"2025-11-26T10:55:51+00:00","og_image":[{"width":683,"height":1024,"url":"http:\/\/unaymilletras.com\/wp-content\/uploads\/2025\/11\/DSC_0072-683x1024.jpg","type":"image\/jpeg"}],"author":"David Hern\u00e1ndez","twitter_card":"summary_large_image","twitter_creator":"@UnaYMilLetras","twitter_site":"@UnaYMilLetras","twitter_misc":{"Written by":"David Hern\u00e1ndez","Estimated reading time":"3 minutes"},"schema":{"@context":"https:\/\/schema.org","@graph":[{"@type":"Article","@id":"https:\/\/unaymilletras.com\/anuel-deja-luces-y-sombras-en-su-paso-por-madrid\/#article","isPartOf":{"@id":"https:\/\/unaymilletras.com\/anuel-deja-luces-y-sombras-en-su-paso-por-madrid\/"},"author":{"name":"David Hern\u00e1ndez","@id":"http:\/\/unaymilletras.com\/#\/schema\/person\/0c171c80bc49a58d7a8ed3394548370c"},"headline":"Anuel deja luces y sombras en su paso por Madrid","datePublished":"2025-11-26T10:55:51+00:00","mainEntityOfPage":{"@id":"https:\/\/unaymilletras.com\/anuel-deja-luces-y-sombras-en-su-paso-por-madrid\/"},"wordCount":544,"publisher":{"@id":"http:\/\/unaymilletras.com\/#organization"},"image":{"@id":"https:\/\/unaymilletras.com\/anuel-deja-luces-y-sombras-en-su-paso-por-madrid\/#primaryimage"},"thumbnailUrl":"https:\/\/unaymilletras.com\/wp-content\/uploads\/2025\/11\/DSC_0072.jpg","keywords":["Anuel","Anuel AA","Espa\u00f1a","Gira","Madrid","Movistar Arena","musica"],"articleSection":["M\u00fasica"],"inLanguage":"en-GB"},{"@type":"WebPage","@id":"https:\/\/unaymilletras.com\/anuel-deja-luces-y-sombras-en-su-paso-por-madrid\/","url":"https:\/\/unaymilletras.com\/anuel-deja-luces-y-sombras-en-su-paso-por-madrid\/","name":"Anuel deja luces y sombras en su paso por Madrid &#8902; Una y Mil Letras","isPartOf":{"@id":"http:\/\/unaymilletras.com\/#website"},"primaryImageOfPage":{"@id":"https:\/\/unaymilletras.com\/anuel-deja-luces-y-sombras-en-su-paso-por-madrid\/#primaryimage"},"image":{"@id":"https:\/\/unaymilletras.com\/anuel-deja-luces-y-sombras-en-su-paso-por-madrid\/#primaryimage"},"thumbnailUrl":"https:\/\/unaymilletras.com\/wp-content\/uploads\/2025\/11\/DSC_0072.jpg","datePublished":"2025-11-26T10:55:51+00:00","description":"El puertorrique\u00f1o, Anuel AA, cant\u00f3 dos noches seguidas en el Movistar Arena, donde dej\u00f3 sensaciones muy diferentes en ambas fechas","breadcrumb":{"@id":"https:\/\/unaymilletras.com\/anuel-deja-luces-y-sombras-en-su-paso-por-madrid\/#breadcrumb"},"inLanguage":"en-GB","potentialAction":[{"@type":"ReadAction","target":["https:\/\/unaymilletras.com\/anuel-deja-luces-y-sombras-en-su-paso-por-madrid\/"]}]},{"@type":"ImageObject","inLanguage":"en-GB","@id":"https:\/\/unaymilletras.com\/anuel-deja-luces-y-sombras-en-su-paso-por-madrid\/#primaryimage","url":"https:\/\/unaymilletras.com\/wp-content\/uploads\/2025\/11\/DSC_0072.jpg","contentUrl":"https:\/\/unaymilletras.com\/wp-content\/uploads\/2025\/11\/DSC_0072.jpg","width":1365,"height":2048,"caption":"Mar\u00eda Gil"},{"@type":"BreadcrumbList","@id":"https:\/\/unaymilletras.com\/anuel-deja-luces-y-sombras-en-su-paso-por-madrid\/#breadcrumb","itemListElement":[{"@type":"ListItem","position":1,"name":"Home","item":"http:\/\/unaymilletras.com\/"},{"@type":"ListItem","position":2,"name":"Anuel deja luces y sombras en su paso por Madrid"}]},{"@type":"WebSite","@id":"http:\/\/unaymilletras.com\/#website","url":"http:\/\/unaymilletras.com\/","name":"Una y Mil Letras","description":"","publisher":{"@id":"http:\/\/unaymilletras.com\/#organization"},"potentialAction":[{"@type":"SearchAction","target":{"@type":"EntryPoint","urlTemplate":"http:\/\/unaymilletras.com\/?s={search_term_string}"},"query-input":{"@type":"PropertyValueSpecification","valueRequired":true,"valueName":"search_term_string"}}],"inLanguage":"en-GB"},{"@type":"Organization","@id":"http:\/\/unaymilletras.com\/#organization","name":"Una y Mil Letras","url":"http:\/\/unaymilletras.com\/","logo":{"@type":"ImageObject","inLanguage":"en-GB","@id":"http:\/\/unaymilletras.com\/#\/schema\/logo\/image\/","url":"https:\/\/unaymilletras.com\/wp-content\/uploads\/2024\/06\/cropped-Logo-removebg-preview.png","contentUrl":"https:\/\/unaymilletras.com\/wp-content\/uploads\/2024\/06\/cropped-Logo-removebg-preview.png","width":512,"height":512,"caption":"Una y Mil Letras"},"image":{"@id":"http:\/\/unaymilletras.com\/#\/schema\/logo\/image\/"},"sameAs":["https:\/\/x.com\/UnaYMilLetras","https:\/\/instagram.com\/UnaYMilLetras"]},{"@type":"Person","@id":"http:\/\/unaymilletras.com\/#\/schema\/person\/0c171c80bc49a58d7a8ed3394548370c","name":"David Hern\u00e1ndez","image":{"@type":"ImageObject","inLanguage":"en-GB","@id":"https:\/\/secure.gravatar.com\/avatar\/86739d73874dcbc11e4278af33fb905704f5c29329727efb3b0e0bc838b0d469?s=96&d=mm&r=g","url":"https:\/\/secure.gravatar.com\/avatar\/86739d73874dcbc11e4278af33fb905704f5c29329727efb3b0e0bc838b0d469?s=96&d=mm&r=g","contentUrl":"https:\/\/secure.gravatar.com\/avatar\/86739d73874dcbc11e4278af33fb905704f5c29329727efb3b0e0bc838b0d469?s=96&d=mm&r=g","caption":"David Hern\u00e1ndez"},"url":"https:\/\/unaymilletras.com\/en\/author\/davidesel\/"}]}},"_links":{"self":[{"href":"https:\/\/unaymilletras.com\/en\/wp-json\/wp\/v2\/posts\/6527","targetHints":{"allow":["GET"]}}],"collection":[{"href":"https:\/\/unaymilletras.com\/en\/wp-json\/wp\/v2\/posts"}],"about":[{"href":"https:\/\/unaymilletras.com\/en\/wp-json\/wp\/v2\/types\/post"}],"author":[{"embeddable":true,"href":"https:\/\/unaymilletras.com\/en\/wp-json\/wp\/v2\/users\/10"}],"replies":[{"embeddable":true,"href":"https:\/\/unaymilletras.com\/en\/wp-json\/wp\/v2\/comments?post=6527"}],"version-history":[{"count":2,"href":"https:\/\/unaymilletras.com\/en\/wp-json\/wp\/v2\/posts\/6527\/revisions"}],"predecessor-version":[{"id":6532,"href":"https:\/\/unaymilletras.com\/en\/wp-json\/wp\/v2\/posts\/6527\/revisions\/6532"}],"wp:featuredmedia":[{"embeddable":true,"href":"https:\/\/unaymilletras.com\/en\/wp-json\/wp\/v2\/media\/6530"}],"wp:attachment":[{"href":"https:\/\/unaymilletras.com\/en\/wp-json\/wp\/v2\/media?parent=6527"}],"wp:term":[{"taxonomy":"category","embeddable":true,"href":"https:\/\/unaymilletras.com\/en\/wp-json\/wp\/v2\/categories?post=6527"},{"taxonomy":"post_tag","embeddable":true,"href":"https:\/\/unaymilletras.com\/en\/wp-json\/wp\/v2\/tags?post=6527"}],"curies":[{"name":"wp","href":"https:\/\/api.w.org\/{rel}","templated":true}]}}