{"id":6534,"date":"2025-11-27T17:58:50","date_gmt":"2025-11-27T16:58:50","guid":{"rendered":"https:\/\/unaymilletras.com\/?p=6534"},"modified":"2025-11-27T17:58:51","modified_gmt":"2025-11-27T16:58:51","slug":"carino-llena-el-teatro-barcelo-en-un-concierto-gratuito-que-conquista-madrid","status":"publish","type":"post","link":"https:\/\/unaymilletras.com\/en\/carino-llena-el-teatro-barcelo-en-un-concierto-gratuito-que-conquista-madrid\/","title":{"rendered":"Cari\u00f1o llena el Teatro Barcel\u00f3 en un concierto gratuito que conquista Madrid"},"content":{"rendered":"<div data-elementor-type=\"wp-post\" data-elementor-id=\"6534\" class=\"elementor elementor-6534\">\n\t\t\t\t\t\t<section class=\"elementor-section elementor-top-section elementor-element elementor-element-e4c92a2 elementor-section-boxed elementor-section-height-default elementor-section-height-default\" data-id=\"e4c92a2\" data-element_type=\"section\" data-e-type=\"section\">\n\t\t\t\t\t\t<div class=\"elementor-container elementor-column-gap-default\">\n\t\t\t\t\t<div class=\"elementor-column elementor-col-100 elementor-top-column elementor-element elementor-element-e5ba504\" data-id=\"e5ba504\" data-element_type=\"column\" data-e-type=\"column\">\n\t\t\t<div class=\"elementor-widget-wrap elementor-element-populated\">\n\t\t\t\t\t\t<div class=\"elementor-element elementor-element-86dec74 elementor-widget elementor-widget-text-editor\" data-id=\"86dec74\" data-element_type=\"widget\" data-e-type=\"widget\" data-widget_type=\"text-editor.default\">\n\t\t\t\t<div class=\"elementor-widget-container\">\n\t\t\t\t\t\t\t\t\t<p style=\"text-align: justify\">El grupo madrile\u00f1o <span style=\"color: #808080\"><a style=\"color: #808080\" href=\"https:\/\/www.instagram.com\/p\/DPmSgkHDFns\/?utm_source=ig_web_copy_link&amp;igsh=MzRlODBiNWFlZA==\"><strong data-start=\"386\" data-end=\"396\">Cari\u00f1o<\/strong><\/a><\/span> volvi\u00f3 a demostrar el cari\u00f1o \u2014y la fidelidad\u2014 de su p\u00fablico con un concierto <strong data-start=\"474\" data-end=\"486\">gratuito<\/strong> celebrado el pasado <strong data-start=\"509\" data-end=\"536\">domingo 23 de noviembre<\/strong> en el <strong data-start=\"543\" data-end=\"561\">Teatro Barcel\u00f3 de Madrid<\/strong>. La cita, anunciada a trav\u00e9s de redes sociales, atrajo a cientos de fans que llenaron la sala hasta completar aforo, convirtiendo la noche en uno de los eventos musicales m\u00e1s comentados del fin de semana en la capital.<\/p>\t\t\t\t\t\t\t\t<\/div>\n\t\t\t\t<\/div>\n\t\t\t\t\t<\/div>\n\t\t<\/div>\n\t\t\t\t\t<\/div>\n\t\t<\/section>\n\t\t\t\t<section class=\"elementor-section elementor-top-section elementor-element elementor-element-597c157 elementor-section-boxed elementor-section-height-default elementor-section-height-default\" data-id=\"597c157\" data-element_type=\"section\" data-e-type=\"section\">\n\t\t\t\t\t\t<div class=\"elementor-container elementor-column-gap-default\">\n\t\t\t\t\t<div class=\"elementor-column elementor-col-100 elementor-top-column elementor-element elementor-element-2efa504\" data-id=\"2efa504\" data-element_type=\"column\" data-e-type=\"column\">\n\t\t\t<div class=\"elementor-widget-wrap elementor-element-populated\">\n\t\t\t\t\t\t<div class=\"elementor-element elementor-element-bf3b3bf elementor-widget elementor-widget-image\" data-id=\"bf3b3bf\" data-element_type=\"widget\" data-e-type=\"widget\" data-widget_type=\"image.default\">\n\t\t\t\t<div class=\"elementor-widget-container\">\n\t\t\t\t\t\t\t\t\t\t\t\t\t\t\t<img fetchpriority=\"high\" decoding=\"async\" width=\"640\" height=\"800\" src=\"https:\/\/unaymilletras.com\/wp-content\/uploads\/2025\/11\/WhatsApp-Image-2025-11-27-at-17.46.30.jpeg\" class=\"attachment-large size-large wp-image-6536\" alt=\"\" srcset=\"https:\/\/unaymilletras.com\/wp-content\/uploads\/2025\/11\/WhatsApp-Image-2025-11-27-at-17.46.30.jpeg 660w, https:\/\/unaymilletras.com\/wp-content\/uploads\/2025\/11\/WhatsApp-Image-2025-11-27-at-17.46.30-240x300.jpeg 240w, https:\/\/unaymilletras.com\/wp-content\/uploads\/2025\/11\/WhatsApp-Image-2025-11-27-at-17.46.30-10x12.jpeg 10w\" sizes=\"(max-width: 640px) 100vw, 640px\" \/>\t\t\t\t\t\t\t\t\t\t\t\t\t\t\t<\/div>\n\t\t\t\t<\/div>\n\t\t\t\t\t<\/div>\n\t\t<\/div>\n\t\t\t\t\t<\/div>\n\t\t<\/section>\n\t\t\t\t<section class=\"elementor-section elementor-top-section elementor-element elementor-element-90c80bf elementor-section-boxed elementor-section-height-default elementor-section-height-default\" data-id=\"90c80bf\" data-element_type=\"section\" data-e-type=\"section\">\n\t\t\t\t\t\t<div class=\"elementor-container elementor-column-gap-default\">\n\t\t\t\t\t<div class=\"elementor-column elementor-col-100 elementor-top-column elementor-element elementor-element-b8e1a58\" data-id=\"b8e1a58\" data-element_type=\"column\" data-e-type=\"column\">\n\t\t\t<div class=\"elementor-widget-wrap elementor-element-populated\">\n\t\t\t\t\t\t<div class=\"elementor-element elementor-element-6a54368 elementor-widget elementor-widget-text-editor\" data-id=\"6a54368\" data-element_type=\"widget\" data-e-type=\"widget\" data-widget_type=\"text-editor.default\">\n\t\t\t\t<div class=\"elementor-widget-container\">\n\t\t\t\t\t\t\t\t\t<p style=\"text-align: justify\">Durante el concierto sonaron algunos de sus temas m\u00e1s reconocidos, entre ellos <strong data-start=\"166\" data-end=\"180\">Tamagotchi<\/strong>, <strong data-start=\"182\" data-end=\"196\">Te brillan<\/strong> y <strong data-start=\"199\" data-end=\"211\">Bisexual<\/strong>, una de las canciones m\u00e1s coreadas por el p\u00fablico en cada uno de sus directos. La noche culmin\u00f3 con <strong data-start=\"312\" data-end=\"326\">Si quieres<\/strong>, uno de los mayores \u00e9xitos del grupo, con el que cerraron el concierto entre aplausos y gritos de euforia.<\/p>\t\t\t\t\t\t\t\t<\/div>\n\t\t\t\t<\/div>\n\t\t\t\t\t<\/div>\n\t\t<\/div>\n\t\t\t\t\t<\/div>\n\t\t<\/section>\n\t\t\t\t<section class=\"elementor-section elementor-top-section elementor-element elementor-element-ebb0295 elementor-section-boxed elementor-section-height-default elementor-section-height-default\" data-id=\"ebb0295\" data-element_type=\"section\" data-e-type=\"section\">\n\t\t\t\t\t\t<div class=\"elementor-container elementor-column-gap-default\">\n\t\t\t\t\t<div class=\"elementor-column elementor-col-100 elementor-top-column elementor-element elementor-element-d39fe03\" data-id=\"d39fe03\" data-element_type=\"column\" data-e-type=\"column\">\n\t\t\t<div class=\"elementor-widget-wrap elementor-element-populated\">\n\t\t\t\t\t\t<div class=\"elementor-element elementor-element-d67021d elementor-widget elementor-widget-text-editor\" data-id=\"d67021d\" data-element_type=\"widget\" data-e-type=\"widget\" data-widget_type=\"text-editor.default\">\n\t\t\t\t<div class=\"elementor-widget-container\">\n\t\t\t\t\t\t\t\t\t<p style=\"text-align: justify\">El ambiente fue festivo desde el primer momento: largas filas se formaron desde la tarde en la calle Barcel\u00f3 11, donde decenas de seguidores aguardaban con ilusi\u00f3n una oportunidad de entrar. La banda agradeci\u00f3 en varias ocasiones el apoyo del p\u00fablico, que core\u00f3 cada canci\u00f3n desde el inicio hasta el final del concierto.<\/p>\t\t\t\t\t\t\t\t<\/div>\n\t\t\t\t<\/div>\n\t\t\t\t\t<\/div>\n\t\t<\/div>\n\t\t\t\t\t<\/div>\n\t\t<\/section>\n\t\t\t\t<section class=\"elementor-section elementor-top-section elementor-element elementor-element-58e7cc1 elementor-section-boxed elementor-section-height-default elementor-section-height-default\" data-id=\"58e7cc1\" data-element_type=\"section\" data-e-type=\"section\">\n\t\t\t\t\t\t<div class=\"elementor-container elementor-column-gap-default\">\n\t\t\t\t\t<div class=\"elementor-column elementor-col-50 elementor-top-column elementor-element elementor-element-359ead1\" data-id=\"359ead1\" data-element_type=\"column\" data-e-type=\"column\">\n\t\t\t<div class=\"elementor-widget-wrap elementor-element-populated\">\n\t\t\t\t\t\t<div class=\"elementor-element elementor-element-327c0fd elementor-widget elementor-widget-text-editor\" data-id=\"327c0fd\" data-element_type=\"widget\" data-e-type=\"widget\" data-widget_type=\"text-editor.default\">\n\t\t\t\t<div class=\"elementor-widget-container\">\n\t\t\t\t\t\t\t\t\t<p style=\"text-align: justify\">La iniciativa de ofrecer un evento gratuito sorprendi\u00f3 positivamente a la comunidad musical madrile\u00f1a, que destac\u00f3 la cercan\u00eda del grupo con su audiencia y la apuesta por crear espacios accesibles de cultura en directo.\u00a0<\/p>\t\t\t\t\t\t\t\t<\/div>\n\t\t\t\t<\/div>\n\t\t\t\t\t<\/div>\n\t\t<\/div>\n\t\t\t\t<div class=\"elementor-column elementor-col-50 elementor-top-column elementor-element elementor-element-84f684c\" data-id=\"84f684c\" data-element_type=\"column\" data-e-type=\"column\">\n\t\t\t<div class=\"elementor-widget-wrap elementor-element-populated\">\n\t\t\t\t\t\t<div class=\"elementor-element elementor-element-53e3712 elementor-widget elementor-widget-image\" data-id=\"53e3712\" data-element_type=\"widget\" data-e-type=\"widget\" data-widget_type=\"image.default\">\n\t\t\t\t<div class=\"elementor-widget-container\">\n\t\t\t\t\t\t\t\t\t\t\t\t\t\t\t<img decoding=\"async\" width=\"640\" height=\"480\" src=\"https:\/\/unaymilletras.com\/wp-content\/uploads\/2025\/11\/Carinio-gabs.galleries-8-1024x768.jpg\" class=\"attachment-large size-large wp-image-6538\" alt=\"\" srcset=\"https:\/\/unaymilletras.com\/wp-content\/uploads\/2025\/11\/Carinio-gabs.galleries-8-1024x768.jpg 1024w, https:\/\/unaymilletras.com\/wp-content\/uploads\/2025\/11\/Carinio-gabs.galleries-8-300x225.jpg 300w, https:\/\/unaymilletras.com\/wp-content\/uploads\/2025\/11\/Carinio-gabs.galleries-8-768x576.jpg 768w, https:\/\/unaymilletras.com\/wp-content\/uploads\/2025\/11\/Carinio-gabs.galleries-8-1536x1152.jpg 1536w, https:\/\/unaymilletras.com\/wp-content\/uploads\/2025\/11\/Carinio-gabs.galleries-8-2048x1536.jpg 2048w, https:\/\/unaymilletras.com\/wp-content\/uploads\/2025\/11\/Carinio-gabs.galleries-8-16x12.jpg 16w\" sizes=\"(max-width: 640px) 100vw, 640px\" \/>\t\t\t\t\t\t\t\t\t\t\t\t\t\t\t<\/div>\n\t\t\t\t<\/div>\n\t\t\t\t\t<\/div>\n\t\t<\/div>\n\t\t\t\t\t<\/div>\n\t\t<\/section>\n\t\t\t\t<section class=\"elementor-section elementor-top-section elementor-element elementor-element-2e20a47 elementor-section-boxed elementor-section-height-default elementor-section-height-default\" data-id=\"2e20a47\" data-element_type=\"section\" data-e-type=\"section\">\n\t\t\t\t\t\t<div class=\"elementor-container elementor-column-gap-default\">\n\t\t\t\t\t<div class=\"elementor-column elementor-col-100 elementor-top-column elementor-element elementor-element-cede9d2\" data-id=\"cede9d2\" data-element_type=\"column\" data-e-type=\"column\">\n\t\t\t<div class=\"elementor-widget-wrap elementor-element-populated\">\n\t\t\t\t\t\t<div class=\"elementor-element elementor-element-e7110cf elementor-widget elementor-widget-text-editor\" data-id=\"e7110cf\" data-element_type=\"widget\" data-e-type=\"widget\" data-widget_type=\"text-editor.default\">\n\t\t\t\t<div class=\"elementor-widget-container\">\n\t\t\t\t\t\t\t\t\t<p style=\"text-align: justify\">Con este concierto, Cari\u00f1o cierra un 2025 especialmente activo y se afianza como una de las bandas pop m\u00e1s queridas del panorama indie espa\u00f1ol. Aunque no se han anunciado nuevas fechas, la respuesta del p\u00fablico deja claro que sus seguidores esperar\u00e1n impacientes la pr\u00f3xima oportunidad de verlas sobre el escenario.<\/p><p>\u00a0<\/p><p>Sigue descubriendo m\u00e1s sobre la actualidad musical en\u00a0<em><a href=\"https:\/\/unaymilletras.com\/en\/\">Una y mil letras<\/a>.<\/em><\/p>\t\t\t\t\t\t\t\t<\/div>\n\t\t\t\t<\/div>\n\t\t\t\t\t<\/div>\n\t\t<\/div>\n\t\t\t\t\t<\/div>\n\t\t<\/section>\n\t\t\t\t<\/div>","protected":false},"excerpt":{"rendered":"<p>El grupo madrile\u00f1o Cari\u00f1o volvi\u00f3 a demostrar el cari\u00f1o \u2014y la fidelidad\u2014 de su p\u00fablico con un concierto gratuito celebrado el pasado domingo 23 de noviembre en el Teatro Barcel\u00f3 de Madrid. La cita, anunciada a trav\u00e9s de redes sociales, atrajo a cientos de fans que llenaron la sala hasta completar aforo, convirtiendo la noche [&hellip;]<\/p>\n","protected":false},"author":13,"featured_media":6536,"comment_status":"closed","ping_status":"closed","sticky":false,"template":"","format":"standard","meta":{"footnotes":""},"categories":[119,4],"tags":[],"class_list":["post-6534","post","type-post","status-publish","format-standard","has-post-thumbnail","hentry","category-eventos","category-musica"],"yoast_head":"<!-- This site is optimized with the Yoast SEO plugin v27.4 - https:\/\/yoast.com\/product\/yoast-seo-wordpress\/ -->\n<title>Cari\u00f1o llena el Teatro Barcel\u00f3 en Madrid<\/title>\n<meta name=\"description\" content=\"Cari\u00f1o llena el Teatro Barcel\u00f3 en Madrid con un concierto gratuito donde sonaron Tamagotchi, Te brillan y el cierre especial con Si quieres.\" \/>\n<meta name=\"robots\" content=\"index, follow, max-snippet:-1, max-image-preview:large, max-video-preview:-1\" \/>\n<link rel=\"canonical\" href=\"https:\/\/unaymilletras.com\/en\/carino-llena-el-teatro-barcelo-en-un-concierto-gratuito-que-conquista-madrid\/\" \/>\n<meta property=\"og:locale\" content=\"en_GB\" \/>\n<meta property=\"og:type\" content=\"article\" \/>\n<meta property=\"og:title\" content=\"Cari\u00f1o llena el Teatro Barcel\u00f3 en Madrid\" \/>\n<meta property=\"og:description\" content=\"Cari\u00f1o llena el Teatro Barcel\u00f3 en Madrid con un concierto gratuito donde sonaron Tamagotchi, Te brillan y el cierre especial con Si quieres.\" \/>\n<meta property=\"og:url\" content=\"https:\/\/unaymilletras.com\/en\/carino-llena-el-teatro-barcelo-en-un-concierto-gratuito-que-conquista-madrid\/\" \/>\n<meta property=\"og:site_name\" content=\"Una y Mil Letras\" \/>\n<meta property=\"article:published_time\" content=\"2025-11-27T16:58:50+00:00\" \/>\n<meta property=\"article:modified_time\" content=\"2025-11-27T16:58:51+00:00\" \/>\n<meta property=\"og:image\" content=\"http:\/\/unaymilletras.com\/wp-content\/uploads\/2025\/11\/WhatsApp-Image-2025-11-27-at-17.46.30.jpeg\" \/>\n\t<meta property=\"og:image:width\" content=\"660\" \/>\n\t<meta property=\"og:image:height\" content=\"825\" \/>\n\t<meta property=\"og:image:type\" content=\"image\/jpeg\" \/>\n<meta name=\"author\" content=\"Alba Benito\" \/>\n<meta name=\"twitter:card\" content=\"summary_large_image\" \/>\n<meta name=\"twitter:creator\" content=\"@UnaYMilLetras\" \/>\n<meta name=\"twitter:site\" content=\"@UnaYMilLetras\" \/>\n<meta name=\"twitter:label1\" content=\"Written by\" \/>\n\t<meta name=\"twitter:data1\" content=\"Alba Benito\" \/>\n\t<meta name=\"twitter:label2\" content=\"Estimated reading time\" \/>\n\t<meta name=\"twitter:data2\" content=\"2 minutes\" \/>\n<script type=\"application\/ld+json\" class=\"yoast-schema-graph\">{\"@context\":\"https:\\\/\\\/schema.org\",\"@graph\":[{\"@type\":\"Article\",\"@id\":\"https:\\\/\\\/unaymilletras.com\\\/carino-llena-el-teatro-barcelo-en-un-concierto-gratuito-que-conquista-madrid\\\/#article\",\"isPartOf\":{\"@id\":\"https:\\\/\\\/unaymilletras.com\\\/carino-llena-el-teatro-barcelo-en-un-concierto-gratuito-que-conquista-madrid\\\/\"},\"author\":{\"name\":\"Alba Benito\",\"@id\":\"http:\\\/\\\/unaymilletras.com\\\/#\\\/schema\\\/person\\\/a10550e4bff9a23f941f52b2cd5d8686\"},\"headline\":\"Cari\u00f1o llena el Teatro Barcel\u00f3 en un concierto gratuito que conquista Madrid\",\"datePublished\":\"2025-11-27T16:58:50+00:00\",\"dateModified\":\"2025-11-27T16:58:51+00:00\",\"mainEntityOfPage\":{\"@id\":\"https:\\\/\\\/unaymilletras.com\\\/carino-llena-el-teatro-barcelo-en-un-concierto-gratuito-que-conquista-madrid\\\/\"},\"wordCount\":307,\"publisher\":{\"@id\":\"http:\\\/\\\/unaymilletras.com\\\/#organization\"},\"image\":{\"@id\":\"https:\\\/\\\/unaymilletras.com\\\/carino-llena-el-teatro-barcelo-en-un-concierto-gratuito-que-conquista-madrid\\\/#primaryimage\"},\"thumbnailUrl\":\"https:\\\/\\\/unaymilletras.com\\\/wp-content\\\/uploads\\\/2025\\\/11\\\/WhatsApp-Image-2025-11-27-at-17.46.30.jpeg\",\"articleSection\":[\"Eventos\",\"M\u00fasica\"],\"inLanguage\":\"en-GB\"},{\"@type\":\"WebPage\",\"@id\":\"https:\\\/\\\/unaymilletras.com\\\/carino-llena-el-teatro-barcelo-en-un-concierto-gratuito-que-conquista-madrid\\\/\",\"url\":\"https:\\\/\\\/unaymilletras.com\\\/carino-llena-el-teatro-barcelo-en-un-concierto-gratuito-que-conquista-madrid\\\/\",\"name\":\"Cari\u00f1o llena el Teatro Barcel\u00f3 en Madrid\",\"isPartOf\":{\"@id\":\"http:\\\/\\\/unaymilletras.com\\\/#website\"},\"primaryImageOfPage\":{\"@id\":\"https:\\\/\\\/unaymilletras.com\\\/carino-llena-el-teatro-barcelo-en-un-concierto-gratuito-que-conquista-madrid\\\/#primaryimage\"},\"image\":{\"@id\":\"https:\\\/\\\/unaymilletras.com\\\/carino-llena-el-teatro-barcelo-en-un-concierto-gratuito-que-conquista-madrid\\\/#primaryimage\"},\"thumbnailUrl\":\"https:\\\/\\\/unaymilletras.com\\\/wp-content\\\/uploads\\\/2025\\\/11\\\/WhatsApp-Image-2025-11-27-at-17.46.30.jpeg\",\"datePublished\":\"2025-11-27T16:58:50+00:00\",\"dateModified\":\"2025-11-27T16:58:51+00:00\",\"description\":\"Cari\u00f1o llena el Teatro Barcel\u00f3 en Madrid con un concierto gratuito donde sonaron Tamagotchi, Te brillan y el cierre especial con Si quieres.\",\"breadcrumb\":{\"@id\":\"https:\\\/\\\/unaymilletras.com\\\/carino-llena-el-teatro-barcelo-en-un-concierto-gratuito-que-conquista-madrid\\\/#breadcrumb\"},\"inLanguage\":\"en-GB\",\"potentialAction\":[{\"@type\":\"ReadAction\",\"target\":[\"https:\\\/\\\/unaymilletras.com\\\/carino-llena-el-teatro-barcelo-en-un-concierto-gratuito-que-conquista-madrid\\\/\"]}]},{\"@type\":\"ImageObject\",\"inLanguage\":\"en-GB\",\"@id\":\"https:\\\/\\\/unaymilletras.com\\\/carino-llena-el-teatro-barcelo-en-un-concierto-gratuito-que-conquista-madrid\\\/#primaryimage\",\"url\":\"https:\\\/\\\/unaymilletras.com\\\/wp-content\\\/uploads\\\/2025\\\/11\\\/WhatsApp-Image-2025-11-27-at-17.46.30.jpeg\",\"contentUrl\":\"https:\\\/\\\/unaymilletras.com\\\/wp-content\\\/uploads\\\/2025\\\/11\\\/WhatsApp-Image-2025-11-27-at-17.46.30.jpeg\",\"width\":660,\"height\":825},{\"@type\":\"BreadcrumbList\",\"@id\":\"https:\\\/\\\/unaymilletras.com\\\/carino-llena-el-teatro-barcelo-en-un-concierto-gratuito-que-conquista-madrid\\\/#breadcrumb\",\"itemListElement\":[{\"@type\":\"ListItem\",\"position\":1,\"name\":\"Home\",\"item\":\"http:\\\/\\\/unaymilletras.com\\\/\"},{\"@type\":\"ListItem\",\"position\":2,\"name\":\"Cari\u00f1o llena el Teatro Barcel\u00f3 en un concierto gratuito que conquista Madrid\"}]},{\"@type\":\"WebSite\",\"@id\":\"http:\\\/\\\/unaymilletras.com\\\/#website\",\"url\":\"http:\\\/\\\/unaymilletras.com\\\/\",\"name\":\"Una y Mil Letras\",\"description\":\"\",\"publisher\":{\"@id\":\"http:\\\/\\\/unaymilletras.com\\\/#organization\"},\"potentialAction\":[{\"@type\":\"SearchAction\",\"target\":{\"@type\":\"EntryPoint\",\"urlTemplate\":\"http:\\\/\\\/unaymilletras.com\\\/?s={search_term_string}\"},\"query-input\":{\"@type\":\"PropertyValueSpecification\",\"valueRequired\":true,\"valueName\":\"search_term_string\"}}],\"inLanguage\":\"en-GB\"},{\"@type\":\"Organization\",\"@id\":\"http:\\\/\\\/unaymilletras.com\\\/#organization\",\"name\":\"Una y Mil Letras\",\"url\":\"http:\\\/\\\/unaymilletras.com\\\/\",\"logo\":{\"@type\":\"ImageObject\",\"inLanguage\":\"en-GB\",\"@id\":\"http:\\\/\\\/unaymilletras.com\\\/#\\\/schema\\\/logo\\\/image\\\/\",\"url\":\"https:\\\/\\\/unaymilletras.com\\\/wp-content\\\/uploads\\\/2024\\\/06\\\/cropped-Logo-removebg-preview.png\",\"contentUrl\":\"https:\\\/\\\/unaymilletras.com\\\/wp-content\\\/uploads\\\/2024\\\/06\\\/cropped-Logo-removebg-preview.png\",\"width\":512,\"height\":512,\"caption\":\"Una y Mil Letras\"},\"image\":{\"@id\":\"http:\\\/\\\/unaymilletras.com\\\/#\\\/schema\\\/logo\\\/image\\\/\"},\"sameAs\":[\"https:\\\/\\\/x.com\\\/UnaYMilLetras\",\"https:\\\/\\\/instagram.com\\\/UnaYMilLetras\"]},{\"@type\":\"Person\",\"@id\":\"http:\\\/\\\/unaymilletras.com\\\/#\\\/schema\\\/person\\\/a10550e4bff9a23f941f52b2cd5d8686\",\"name\":\"Alba Benito\",\"image\":{\"@type\":\"ImageObject\",\"inLanguage\":\"en-GB\",\"@id\":\"https:\\\/\\\/secure.gravatar.com\\\/avatar\\\/f227a2222ee313f4b5dea91891742064ec98aa8f11b91568879eaecf941f84de?s=96&d=mm&r=g\",\"url\":\"https:\\\/\\\/secure.gravatar.com\\\/avatar\\\/f227a2222ee313f4b5dea91891742064ec98aa8f11b91568879eaecf941f84de?s=96&d=mm&r=g\",\"contentUrl\":\"https:\\\/\\\/secure.gravatar.com\\\/avatar\\\/f227a2222ee313f4b5dea91891742064ec98aa8f11b91568879eaecf941f84de?s=96&d=mm&r=g\",\"caption\":\"Alba Benito\"},\"url\":\"https:\\\/\\\/unaymilletras.com\\\/en\\\/author\\\/aalbaas_\\\/\"}]}<\/script>\n<!-- \/ Yoast SEO plugin. -->","yoast_head_json":{"title":"Cari\u00f1o llena el Teatro Barcel\u00f3 en Madrid","description":"Cari\u00f1o llena el Teatro Barcel\u00f3 en Madrid con un concierto gratuito donde sonaron Tamagotchi, Te brillan y el cierre especial con Si quieres.","robots":{"index":"index","follow":"follow","max-snippet":"max-snippet:-1","max-image-preview":"max-image-preview:large","max-video-preview":"max-video-preview:-1"},"canonical":"https:\/\/unaymilletras.com\/en\/carino-llena-el-teatro-barcelo-en-un-concierto-gratuito-que-conquista-madrid\/","og_locale":"en_GB","og_type":"article","og_title":"Cari\u00f1o llena el Teatro Barcel\u00f3 en Madrid","og_description":"Cari\u00f1o llena el Teatro Barcel\u00f3 en Madrid con un concierto gratuito donde sonaron Tamagotchi, Te brillan y el cierre especial con Si quieres.","og_url":"https:\/\/unaymilletras.com\/en\/carino-llena-el-teatro-barcelo-en-un-concierto-gratuito-que-conquista-madrid\/","og_site_name":"Una y Mil Letras","article_published_time":"2025-11-27T16:58:50+00:00","article_modified_time":"2025-11-27T16:58:51+00:00","og_image":[{"width":660,"height":825,"url":"http:\/\/unaymilletras.com\/wp-content\/uploads\/2025\/11\/WhatsApp-Image-2025-11-27-at-17.46.30.jpeg","type":"image\/jpeg"}],"author":"Alba Benito","twitter_card":"summary_large_image","twitter_creator":"@UnaYMilLetras","twitter_site":"@UnaYMilLetras","twitter_misc":{"Written by":"Alba Benito","Estimated reading time":"2 minutes"},"schema":{"@context":"https:\/\/schema.org","@graph":[{"@type":"Article","@id":"https:\/\/unaymilletras.com\/carino-llena-el-teatro-barcelo-en-un-concierto-gratuito-que-conquista-madrid\/#article","isPartOf":{"@id":"https:\/\/unaymilletras.com\/carino-llena-el-teatro-barcelo-en-un-concierto-gratuito-que-conquista-madrid\/"},"author":{"name":"Alba Benito","@id":"http:\/\/unaymilletras.com\/#\/schema\/person\/a10550e4bff9a23f941f52b2cd5d8686"},"headline":"Cari\u00f1o llena el Teatro Barcel\u00f3 en un concierto gratuito que conquista Madrid","datePublished":"2025-11-27T16:58:50+00:00","dateModified":"2025-11-27T16:58:51+00:00","mainEntityOfPage":{"@id":"https:\/\/unaymilletras.com\/carino-llena-el-teatro-barcelo-en-un-concierto-gratuito-que-conquista-madrid\/"},"wordCount":307,"publisher":{"@id":"http:\/\/unaymilletras.com\/#organization"},"image":{"@id":"https:\/\/unaymilletras.com\/carino-llena-el-teatro-barcelo-en-un-concierto-gratuito-que-conquista-madrid\/#primaryimage"},"thumbnailUrl":"https:\/\/unaymilletras.com\/wp-content\/uploads\/2025\/11\/WhatsApp-Image-2025-11-27-at-17.46.30.jpeg","articleSection":["Eventos","M\u00fasica"],"inLanguage":"en-GB"},{"@type":"WebPage","@id":"https:\/\/unaymilletras.com\/carino-llena-el-teatro-barcelo-en-un-concierto-gratuito-que-conquista-madrid\/","url":"https:\/\/unaymilletras.com\/carino-llena-el-teatro-barcelo-en-un-concierto-gratuito-que-conquista-madrid\/","name":"Cari\u00f1o llena el Teatro Barcel\u00f3 en Madrid","isPartOf":{"@id":"http:\/\/unaymilletras.com\/#website"},"primaryImageOfPage":{"@id":"https:\/\/unaymilletras.com\/carino-llena-el-teatro-barcelo-en-un-concierto-gratuito-que-conquista-madrid\/#primaryimage"},"image":{"@id":"https:\/\/unaymilletras.com\/carino-llena-el-teatro-barcelo-en-un-concierto-gratuito-que-conquista-madrid\/#primaryimage"},"thumbnailUrl":"https:\/\/unaymilletras.com\/wp-content\/uploads\/2025\/11\/WhatsApp-Image-2025-11-27-at-17.46.30.jpeg","datePublished":"2025-11-27T16:58:50+00:00","dateModified":"2025-11-27T16:58:51+00:00","description":"Cari\u00f1o llena el Teatro Barcel\u00f3 en Madrid con un concierto gratuito donde sonaron Tamagotchi, Te brillan y el cierre especial con Si quieres.","breadcrumb":{"@id":"https:\/\/unaymilletras.com\/carino-llena-el-teatro-barcelo-en-un-concierto-gratuito-que-conquista-madrid\/#breadcrumb"},"inLanguage":"en-GB","potentialAction":[{"@type":"ReadAction","target":["https:\/\/unaymilletras.com\/carino-llena-el-teatro-barcelo-en-un-concierto-gratuito-que-conquista-madrid\/"]}]},{"@type":"ImageObject","inLanguage":"en-GB","@id":"https:\/\/unaymilletras.com\/carino-llena-el-teatro-barcelo-en-un-concierto-gratuito-que-conquista-madrid\/#primaryimage","url":"https:\/\/unaymilletras.com\/wp-content\/uploads\/2025\/11\/WhatsApp-Image-2025-11-27-at-17.46.30.jpeg","contentUrl":"https:\/\/unaymilletras.com\/wp-content\/uploads\/2025\/11\/WhatsApp-Image-2025-11-27-at-17.46.30.jpeg","width":660,"height":825},{"@type":"BreadcrumbList","@id":"https:\/\/unaymilletras.com\/carino-llena-el-teatro-barcelo-en-un-concierto-gratuito-que-conquista-madrid\/#breadcrumb","itemListElement":[{"@type":"ListItem","position":1,"name":"Home","item":"http:\/\/unaymilletras.com\/"},{"@type":"ListItem","position":2,"name":"Cari\u00f1o llena el Teatro Barcel\u00f3 en un concierto gratuito que conquista Madrid"}]},{"@type":"WebSite","@id":"http:\/\/unaymilletras.com\/#website","url":"http:\/\/unaymilletras.com\/","name":"Una y Mil Letras","description":"","publisher":{"@id":"http:\/\/unaymilletras.com\/#organization"},"potentialAction":[{"@type":"SearchAction","target":{"@type":"EntryPoint","urlTemplate":"http:\/\/unaymilletras.com\/?s={search_term_string}"},"query-input":{"@type":"PropertyValueSpecification","valueRequired":true,"valueName":"search_term_string"}}],"inLanguage":"en-GB"},{"@type":"Organization","@id":"http:\/\/unaymilletras.com\/#organization","name":"Una y Mil Letras","url":"http:\/\/unaymilletras.com\/","logo":{"@type":"ImageObject","inLanguage":"en-GB","@id":"http:\/\/unaymilletras.com\/#\/schema\/logo\/image\/","url":"https:\/\/unaymilletras.com\/wp-content\/uploads\/2024\/06\/cropped-Logo-removebg-preview.png","contentUrl":"https:\/\/unaymilletras.com\/wp-content\/uploads\/2024\/06\/cropped-Logo-removebg-preview.png","width":512,"height":512,"caption":"Una y Mil Letras"},"image":{"@id":"http:\/\/unaymilletras.com\/#\/schema\/logo\/image\/"},"sameAs":["https:\/\/x.com\/UnaYMilLetras","https:\/\/instagram.com\/UnaYMilLetras"]},{"@type":"Person","@id":"http:\/\/unaymilletras.com\/#\/schema\/person\/a10550e4bff9a23f941f52b2cd5d8686","name":"Alba Benito","image":{"@type":"ImageObject","inLanguage":"en-GB","@id":"https:\/\/secure.gravatar.com\/avatar\/f227a2222ee313f4b5dea91891742064ec98aa8f11b91568879eaecf941f84de?s=96&d=mm&r=g","url":"https:\/\/secure.gravatar.com\/avatar\/f227a2222ee313f4b5dea91891742064ec98aa8f11b91568879eaecf941f84de?s=96&d=mm&r=g","contentUrl":"https:\/\/secure.gravatar.com\/avatar\/f227a2222ee313f4b5dea91891742064ec98aa8f11b91568879eaecf941f84de?s=96&d=mm&r=g","caption":"Alba Benito"},"url":"https:\/\/unaymilletras.com\/en\/author\/aalbaas_\/"}]}},"_links":{"self":[{"href":"https:\/\/unaymilletras.com\/en\/wp-json\/wp\/v2\/posts\/6534","targetHints":{"allow":["GET"]}}],"collection":[{"href":"https:\/\/unaymilletras.com\/en\/wp-json\/wp\/v2\/posts"}],"about":[{"href":"https:\/\/unaymilletras.com\/en\/wp-json\/wp\/v2\/types\/post"}],"author":[{"embeddable":true,"href":"https:\/\/unaymilletras.com\/en\/wp-json\/wp\/v2\/users\/13"}],"replies":[{"embeddable":true,"href":"https:\/\/unaymilletras.com\/en\/wp-json\/wp\/v2\/comments?post=6534"}],"version-history":[{"count":7,"href":"https:\/\/unaymilletras.com\/en\/wp-json\/wp\/v2\/posts\/6534\/revisions"}],"predecessor-version":[{"id":6544,"href":"https:\/\/unaymilletras.com\/en\/wp-json\/wp\/v2\/posts\/6534\/revisions\/6544"}],"wp:featuredmedia":[{"embeddable":true,"href":"https:\/\/unaymilletras.com\/en\/wp-json\/wp\/v2\/media\/6536"}],"wp:attachment":[{"href":"https:\/\/unaymilletras.com\/en\/wp-json\/wp\/v2\/media?parent=6534"}],"wp:term":[{"taxonomy":"category","embeddable":true,"href":"https:\/\/unaymilletras.com\/en\/wp-json\/wp\/v2\/categories?post=6534"},{"taxonomy":"post_tag","embeddable":true,"href":"https:\/\/unaymilletras.com\/en\/wp-json\/wp\/v2\/tags?post=6534"}],"curies":[{"name":"wp","href":"https:\/\/api.w.org\/{rel}","templated":true}]}}