{"id":6546,"date":"2025-11-27T22:41:01","date_gmt":"2025-11-27T21:41:01","guid":{"rendered":"https:\/\/unaymilletras.com\/?p=6546"},"modified":"2025-11-27T22:42:44","modified_gmt":"2025-11-27T21:42:44","slug":"carolina-durante-anuncia-el-fin-de-la-aventura","status":"publish","type":"post","link":"https:\/\/unaymilletras.com\/en\/carolina-durante-anuncia-el-fin-de-la-aventura\/","title":{"rendered":"Carolina Durante anuncia el &#8216;Fin de la aventura&#8217;"},"content":{"rendered":"<div data-elementor-type=\"wp-post\" data-elementor-id=\"6546\" class=\"elementor elementor-6546\">\n\t\t\t\t\t\t<section class=\"elementor-section elementor-top-section elementor-element elementor-element-b20fe68 elementor-section-boxed elementor-section-height-default elementor-section-height-default\" data-id=\"b20fe68\" data-element_type=\"section\" data-e-type=\"section\">\n\t\t\t\t\t\t<div class=\"elementor-container elementor-column-gap-default\">\n\t\t\t\t\t<div class=\"elementor-column elementor-col-100 elementor-top-column elementor-element elementor-element-8543a60\" data-id=\"8543a60\" data-element_type=\"column\" data-e-type=\"column\">\n\t\t\t<div class=\"elementor-widget-wrap elementor-element-populated\">\n\t\t\t\t\t\t<div class=\"elementor-element elementor-element-15a702b elementor-widget elementor-widget-heading\" data-id=\"15a702b\" data-element_type=\"widget\" data-e-type=\"widget\" data-widget_type=\"heading.default\">\n\t\t\t\t<div class=\"elementor-widget-container\">\n\t\t\t\t\t<h2 class=\"elementor-heading-title elementor-size-default\">La banda anuncia nueve conciertos para 2026 y 2027<\/h2>\t\t\t\t<\/div>\n\t\t\t\t<\/div>\n\t\t\t\t\t<\/div>\n\t\t<\/div>\n\t\t\t\t\t<\/div>\n\t\t<\/section>\n\t\t\t\t<section class=\"elementor-section elementor-top-section elementor-element elementor-element-7017738e elementor-section-boxed elementor-section-height-default elementor-section-height-default\" data-id=\"7017738e\" data-element_type=\"section\" data-e-type=\"section\">\n\t\t\t\t\t\t<div class=\"elementor-container elementor-column-gap-default\">\n\t\t\t\t\t<div class=\"elementor-column elementor-col-100 elementor-top-column elementor-element elementor-element-253a046b\" data-id=\"253a046b\" data-element_type=\"column\" data-e-type=\"column\">\n\t\t\t<div class=\"elementor-widget-wrap elementor-element-populated\">\n\t\t\t\t\t\t<div class=\"elementor-element elementor-element-7e2a44ca elementor-widget elementor-widget-text-editor\" data-id=\"7e2a44ca\" data-element_type=\"widget\" data-e-type=\"widget\" data-widget_type=\"text-editor.default\">\n\t\t\t\t<div class=\"elementor-widget-container\">\n\t\t\t\t\t\t\t\t\t\n<p>Carolina Durante regresa a Espa\u00f1a despu\u00e9s de meses llevando su m\u00fasica por Europa y Am\u00e9rica Latina. La banda madrile\u00f1a ha anunciado el cierre de su &#8216;Elige tu propia aventura World Tour&#8217; con una serie de conciertos bajo el nombre de \u2018Fin de la aventura\u2019. Liderada por Diego Ib\u00e1\u00f1ez, la banda recorrer\u00e1 nueve ciudades para poner el broche de oro a un a\u00f1o intenso que ha llevado su m\u00fasica mucho m\u00e1s all\u00e1 de nuestras fronteras.<\/p>\n\n<p>El anuncio ha desatado la emoci\u00f3n entre sus seguidores, que esperan con ilusi\u00f3n volver a verlos en directo. Con nueve conciertos programados entre 2026 y 2027, Carolina Durante cerrar\u00e1 una gira que ha sido todo un \u00e9xito, dejando atr\u00e1s meses de escenarios internacionales. \u201c<em>Gracias por estar ah\u00ed<\/em>\u201d, compart\u00eda la banda al dar la noticia, recordando la cercan\u00eda y el v\u00ednculo que los une con su p\u00fablico. Tras arrasar en ciudades como Londres, Dubl\u00edn, Glasgow o Par\u00eds, regresan a casa con un repertorio s\u00f3lido que incluye himnos como <em>Hamburguesas<\/em> y <em>Joderse la vida<\/em>, listos para volver a llenar de energ\u00eda cada escenario espa\u00f1ol.<\/p>\n\n<p>Antes de aterrizar en Espa\u00f1a, la banda realizar\u00e1 tres paradas en Latinoam\u00e9rica, en Buenos Aires, Bogot\u00e1 y Ciudad de M\u00e9xico. Y, la gira espa\u00f1ola se extender\u00e1 por Sevilla, Valencia, Barcelona, A Coru\u00f1a, Bilbao y Madrid, donde la banda pondr\u00e1 el broche final de su aventura en el Movistar Arena.<\/p>\n\n<figure class=\"wp-block-image size-full\"><img fetchpriority=\"high\" decoding=\"async\" width=\"819\" height=\"1024\" class=\"wp-image-6548\" src=\"https:\/\/unaymilletras.com\/wp-content\/uploads\/2025\/11\/image-5.png\" alt=\"\" srcset=\"https:\/\/unaymilletras.com\/wp-content\/uploads\/2025\/11\/image-5.png 819w, https:\/\/unaymilletras.com\/wp-content\/uploads\/2025\/11\/image-5-240x300.png 240w, https:\/\/unaymilletras.com\/wp-content\/uploads\/2025\/11\/image-5-768x960.png 768w, https:\/\/unaymilletras.com\/wp-content\/uploads\/2025\/11\/image-5-10x12.png 10w\" sizes=\"(max-width: 819px) 100vw, 819px\" \/>\n<figcaption class=\"wp-element-caption\">Fuente: Universal Spain<\/figcaption>\n<\/figure>\n\n<h2 class=\"wp-block-heading\">C\u00f3mo comprar las entradas<\/h2>\n\n<p>Las entradas para los conciertos por Espa\u00f1a y en Bogot\u00e1 ya est\u00e1n disponibles a trav\u00e9s de su <a href=\"https:\/\/carolinadurante.com\/conciertos\">p\u00e1gina web<\/a>. Mientras que las de Ciudad de M\u00e9xico y Buenos Aires se pondr\u00e1n a la venta pr\u00f3ximamente.<\/p>\n\n<p>Con \u2018Fin de la aventura\u2019, Carolina Durante cierra una etapa marcada por la proyecci\u00f3n internacional, la consolidaci\u00f3n de un repertorio que ha conectado con diversas audiencias y la reafirmaci\u00f3n de su posici\u00f3n como referente del indie rock espa\u00f1ol.<\/p>\n\t\t\t\t\t\t\t\t<\/div>\n\t\t\t\t<\/div>\n\t\t\t\t\t<\/div>\n\t\t<\/div>\n\t\t\t\t\t<\/div>\n\t\t<\/section>\n\t\t\t\t<\/div>","protected":false},"excerpt":{"rendered":"<p>La banda anuncia nueve conciertos para 2026 y 2027 Carolina Durante regresa a Espa\u00f1a despu\u00e9s de meses llevando su m\u00fasica por Europa y Am\u00e9rica Latina. La banda madrile\u00f1a ha anunciado el cierre de su &#8216;Elige tu propia aventura World Tour&#8217; con una serie de conciertos bajo el nombre de \u2018Fin de la aventura\u2019. Liderada por [&hellip;]<\/p>\n","protected":false},"author":5,"featured_media":6553,"comment_status":"closed","ping_status":"closed","sticky":false,"template":"","format":"standard","meta":{"footnotes":""},"categories":[4],"tags":[283,285,284,171,286],"class_list":["post-6546","post","type-post","status-publish","format-standard","has-post-thumbnail","hentry","category-musica","tag-carolina-durante","tag-elige-tu-propia-aventura","tag-fin-de-la-aventura","tag-gira","tag-wold-tour"],"yoast_head":"<!-- This site is optimized with the Yoast SEO plugin v27.4 - https:\/\/yoast.com\/product\/yoast-seo-wordpress\/ -->\n<title>Carolina Durante anuncia el &#039;Fin de la aventura&#039; &#8902; Una y Mil Letras<\/title>\n<meta name=\"description\" content=\"Carolina Durante anuncia el cierre de su \u2018Elige tu propia aventura World Tour\u2019 con la gira \u2018Fin de la aventura\u2019.\" \/>\n<meta name=\"robots\" content=\"index, follow, max-snippet:-1, max-image-preview:large, max-video-preview:-1\" \/>\n<link rel=\"canonical\" href=\"https:\/\/unaymilletras.com\/en\/carolina-durante-anuncia-el-fin-de-la-aventura\/\" \/>\n<meta property=\"og:locale\" content=\"en_GB\" \/>\n<meta property=\"og:type\" content=\"article\" \/>\n<meta property=\"og:title\" content=\"Carolina Durante anuncia el &#039;Fin de la aventura&#039; &#8902; Una y Mil Letras\" \/>\n<meta property=\"og:description\" content=\"Carolina Durante anuncia el cierre de su \u2018Elige tu propia aventura World Tour\u2019 con la gira \u2018Fin de la aventura\u2019.\" \/>\n<meta property=\"og:url\" content=\"https:\/\/unaymilletras.com\/en\/carolina-durante-anuncia-el-fin-de-la-aventura\/\" \/>\n<meta property=\"og:site_name\" content=\"Una y Mil Letras\" \/>\n<meta property=\"article:published_time\" content=\"2025-11-27T21:41:01+00:00\" \/>\n<meta property=\"article:modified_time\" content=\"2025-11-27T21:42:44+00:00\" \/>\n<meta property=\"og:image\" content=\"http:\/\/unaymilletras.com\/wp-content\/uploads\/2025\/11\/G6rXCL_XoAAwwDO.jpg\" \/>\n\t<meta property=\"og:image:width\" content=\"1200\" \/>\n\t<meta property=\"og:image:height\" content=\"800\" \/>\n\t<meta property=\"og:image:type\" content=\"image\/jpeg\" \/>\n<meta name=\"author\" content=\"Luc\u00eda Fandi\u00f1o\" \/>\n<meta name=\"twitter:card\" content=\"summary_large_image\" \/>\n<meta name=\"twitter:creator\" content=\"@UnaYMilLetras\" \/>\n<meta name=\"twitter:site\" content=\"@UnaYMilLetras\" \/>\n<meta name=\"twitter:label1\" content=\"Written by\" \/>\n\t<meta name=\"twitter:data1\" content=\"Luc\u00eda Fandi\u00f1o\" \/>\n\t<meta name=\"twitter:label2\" content=\"Estimated reading time\" \/>\n\t<meta name=\"twitter:data2\" content=\"2 minutes\" \/>\n<script type=\"application\/ld+json\" class=\"yoast-schema-graph\">{\"@context\":\"https:\\\/\\\/schema.org\",\"@graph\":[{\"@type\":\"Article\",\"@id\":\"https:\\\/\\\/unaymilletras.com\\\/carolina-durante-anuncia-el-fin-de-la-aventura\\\/#article\",\"isPartOf\":{\"@id\":\"https:\\\/\\\/unaymilletras.com\\\/carolina-durante-anuncia-el-fin-de-la-aventura\\\/\"},\"author\":{\"name\":\"Luc\u00eda Fandi\u00f1o\",\"@id\":\"http:\\\/\\\/unaymilletras.com\\\/#\\\/schema\\\/person\\\/047a24f09ead3f0ba2387e5df86d9336\"},\"headline\":\"Carolina Durante anuncia el &#8216;Fin de la aventura&#8217;\",\"datePublished\":\"2025-11-27T21:41:01+00:00\",\"dateModified\":\"2025-11-27T21:42:44+00:00\",\"mainEntityOfPage\":{\"@id\":\"https:\\\/\\\/unaymilletras.com\\\/carolina-durante-anuncia-el-fin-de-la-aventura\\\/\"},\"wordCount\":357,\"publisher\":{\"@id\":\"http:\\\/\\\/unaymilletras.com\\\/#organization\"},\"image\":{\"@id\":\"https:\\\/\\\/unaymilletras.com\\\/carolina-durante-anuncia-el-fin-de-la-aventura\\\/#primaryimage\"},\"thumbnailUrl\":\"https:\\\/\\\/unaymilletras.com\\\/wp-content\\\/uploads\\\/2025\\\/11\\\/G6rXCL_XoAAwwDO.jpg\",\"keywords\":[\"Carolina Durante\",\"Elige tu propia aventura\",\"Fin de la aventura\",\"Gira\",\"Wold Tour\"],\"articleSection\":[\"M\u00fasica\"],\"inLanguage\":\"en-GB\"},{\"@type\":\"WebPage\",\"@id\":\"https:\\\/\\\/unaymilletras.com\\\/carolina-durante-anuncia-el-fin-de-la-aventura\\\/\",\"url\":\"https:\\\/\\\/unaymilletras.com\\\/carolina-durante-anuncia-el-fin-de-la-aventura\\\/\",\"name\":\"Carolina Durante anuncia el 'Fin de la aventura' &#8902; Una y Mil Letras\",\"isPartOf\":{\"@id\":\"http:\\\/\\\/unaymilletras.com\\\/#website\"},\"primaryImageOfPage\":{\"@id\":\"https:\\\/\\\/unaymilletras.com\\\/carolina-durante-anuncia-el-fin-de-la-aventura\\\/#primaryimage\"},\"image\":{\"@id\":\"https:\\\/\\\/unaymilletras.com\\\/carolina-durante-anuncia-el-fin-de-la-aventura\\\/#primaryimage\"},\"thumbnailUrl\":\"https:\\\/\\\/unaymilletras.com\\\/wp-content\\\/uploads\\\/2025\\\/11\\\/G6rXCL_XoAAwwDO.jpg\",\"datePublished\":\"2025-11-27T21:41:01+00:00\",\"dateModified\":\"2025-11-27T21:42:44+00:00\",\"description\":\"Carolina Durante anuncia el cierre de su \u2018Elige tu propia aventura World Tour\u2019 con la gira \u2018Fin de la aventura\u2019.\",\"breadcrumb\":{\"@id\":\"https:\\\/\\\/unaymilletras.com\\\/carolina-durante-anuncia-el-fin-de-la-aventura\\\/#breadcrumb\"},\"inLanguage\":\"en-GB\",\"potentialAction\":[{\"@type\":\"ReadAction\",\"target\":[\"https:\\\/\\\/unaymilletras.com\\\/carolina-durante-anuncia-el-fin-de-la-aventura\\\/\"]}]},{\"@type\":\"ImageObject\",\"inLanguage\":\"en-GB\",\"@id\":\"https:\\\/\\\/unaymilletras.com\\\/carolina-durante-anuncia-el-fin-de-la-aventura\\\/#primaryimage\",\"url\":\"https:\\\/\\\/unaymilletras.com\\\/wp-content\\\/uploads\\\/2025\\\/11\\\/G6rXCL_XoAAwwDO.jpg\",\"contentUrl\":\"https:\\\/\\\/unaymilletras.com\\\/wp-content\\\/uploads\\\/2025\\\/11\\\/G6rXCL_XoAAwwDO.jpg\",\"width\":1200,\"height\":800},{\"@type\":\"BreadcrumbList\",\"@id\":\"https:\\\/\\\/unaymilletras.com\\\/carolina-durante-anuncia-el-fin-de-la-aventura\\\/#breadcrumb\",\"itemListElement\":[{\"@type\":\"ListItem\",\"position\":1,\"name\":\"Home\",\"item\":\"http:\\\/\\\/unaymilletras.com\\\/\"},{\"@type\":\"ListItem\",\"position\":2,\"name\":\"Carolina Durante anuncia el &#8216;Fin de la aventura&#8217;\"}]},{\"@type\":\"WebSite\",\"@id\":\"http:\\\/\\\/unaymilletras.com\\\/#website\",\"url\":\"http:\\\/\\\/unaymilletras.com\\\/\",\"name\":\"Una y Mil Letras\",\"description\":\"\",\"publisher\":{\"@id\":\"http:\\\/\\\/unaymilletras.com\\\/#organization\"},\"potentialAction\":[{\"@type\":\"SearchAction\",\"target\":{\"@type\":\"EntryPoint\",\"urlTemplate\":\"http:\\\/\\\/unaymilletras.com\\\/?s={search_term_string}\"},\"query-input\":{\"@type\":\"PropertyValueSpecification\",\"valueRequired\":true,\"valueName\":\"search_term_string\"}}],\"inLanguage\":\"en-GB\"},{\"@type\":\"Organization\",\"@id\":\"http:\\\/\\\/unaymilletras.com\\\/#organization\",\"name\":\"Una y Mil Letras\",\"url\":\"http:\\\/\\\/unaymilletras.com\\\/\",\"logo\":{\"@type\":\"ImageObject\",\"inLanguage\":\"en-GB\",\"@id\":\"http:\\\/\\\/unaymilletras.com\\\/#\\\/schema\\\/logo\\\/image\\\/\",\"url\":\"https:\\\/\\\/unaymilletras.com\\\/wp-content\\\/uploads\\\/2024\\\/06\\\/cropped-Logo-removebg-preview.png\",\"contentUrl\":\"https:\\\/\\\/unaymilletras.com\\\/wp-content\\\/uploads\\\/2024\\\/06\\\/cropped-Logo-removebg-preview.png\",\"width\":512,\"height\":512,\"caption\":\"Una y Mil Letras\"},\"image\":{\"@id\":\"http:\\\/\\\/unaymilletras.com\\\/#\\\/schema\\\/logo\\\/image\\\/\"},\"sameAs\":[\"https:\\\/\\\/x.com\\\/UnaYMilLetras\",\"https:\\\/\\\/instagram.com\\\/UnaYMilLetras\"]},{\"@type\":\"Person\",\"@id\":\"http:\\\/\\\/unaymilletras.com\\\/#\\\/schema\\\/person\\\/047a24f09ead3f0ba2387e5df86d9336\",\"name\":\"Luc\u00eda Fandi\u00f1o\",\"image\":{\"@type\":\"ImageObject\",\"inLanguage\":\"en-GB\",\"@id\":\"https:\\\/\\\/secure.gravatar.com\\\/avatar\\\/d22d9eea03f89c5d17f4b05c3efeb11bad23ff32b99e63bbf54232bc1b6a06b2?s=96&d=mm&r=g\",\"url\":\"https:\\\/\\\/secure.gravatar.com\\\/avatar\\\/d22d9eea03f89c5d17f4b05c3efeb11bad23ff32b99e63bbf54232bc1b6a06b2?s=96&d=mm&r=g\",\"contentUrl\":\"https:\\\/\\\/secure.gravatar.com\\\/avatar\\\/d22d9eea03f89c5d17f4b05c3efeb11bad23ff32b99e63bbf54232bc1b6a06b2?s=96&d=mm&r=g\",\"caption\":\"Luc\u00eda Fandi\u00f1o\"},\"sameAs\":[\"www.instagram.com\\\/luciaafandino\"],\"url\":\"https:\\\/\\\/unaymilletras.com\\\/en\\\/author\\\/luciaafandino\\\/\"}]}<\/script>\n<!-- \/ Yoast SEO plugin. -->","yoast_head_json":{"title":"Carolina Durante anuncia el 'Fin de la aventura' &#8902; Una y Mil Letras","description":"Carolina Durante anuncia el cierre de su \u2018Elige tu propia aventura World Tour\u2019 con la gira \u2018Fin de la aventura\u2019.","robots":{"index":"index","follow":"follow","max-snippet":"max-snippet:-1","max-image-preview":"max-image-preview:large","max-video-preview":"max-video-preview:-1"},"canonical":"https:\/\/unaymilletras.com\/en\/carolina-durante-anuncia-el-fin-de-la-aventura\/","og_locale":"en_GB","og_type":"article","og_title":"Carolina Durante anuncia el 'Fin de la aventura' &#8902; Una y Mil Letras","og_description":"Carolina Durante anuncia el cierre de su \u2018Elige tu propia aventura World Tour\u2019 con la gira \u2018Fin de la aventura\u2019.","og_url":"https:\/\/unaymilletras.com\/en\/carolina-durante-anuncia-el-fin-de-la-aventura\/","og_site_name":"Una y Mil Letras","article_published_time":"2025-11-27T21:41:01+00:00","article_modified_time":"2025-11-27T21:42:44+00:00","og_image":[{"width":1200,"height":800,"url":"http:\/\/unaymilletras.com\/wp-content\/uploads\/2025\/11\/G6rXCL_XoAAwwDO.jpg","type":"image\/jpeg"}],"author":"Luc\u00eda Fandi\u00f1o","twitter_card":"summary_large_image","twitter_creator":"@UnaYMilLetras","twitter_site":"@UnaYMilLetras","twitter_misc":{"Written by":"Luc\u00eda Fandi\u00f1o","Estimated reading time":"2 minutes"},"schema":{"@context":"https:\/\/schema.org","@graph":[{"@type":"Article","@id":"https:\/\/unaymilletras.com\/carolina-durante-anuncia-el-fin-de-la-aventura\/#article","isPartOf":{"@id":"https:\/\/unaymilletras.com\/carolina-durante-anuncia-el-fin-de-la-aventura\/"},"author":{"name":"Luc\u00eda Fandi\u00f1o","@id":"http:\/\/unaymilletras.com\/#\/schema\/person\/047a24f09ead3f0ba2387e5df86d9336"},"headline":"Carolina Durante anuncia el &#8216;Fin de la aventura&#8217;","datePublished":"2025-11-27T21:41:01+00:00","dateModified":"2025-11-27T21:42:44+00:00","mainEntityOfPage":{"@id":"https:\/\/unaymilletras.com\/carolina-durante-anuncia-el-fin-de-la-aventura\/"},"wordCount":357,"publisher":{"@id":"http:\/\/unaymilletras.com\/#organization"},"image":{"@id":"https:\/\/unaymilletras.com\/carolina-durante-anuncia-el-fin-de-la-aventura\/#primaryimage"},"thumbnailUrl":"https:\/\/unaymilletras.com\/wp-content\/uploads\/2025\/11\/G6rXCL_XoAAwwDO.jpg","keywords":["Carolina Durante","Elige tu propia aventura","Fin de la aventura","Gira","Wold Tour"],"articleSection":["M\u00fasica"],"inLanguage":"en-GB"},{"@type":"WebPage","@id":"https:\/\/unaymilletras.com\/carolina-durante-anuncia-el-fin-de-la-aventura\/","url":"https:\/\/unaymilletras.com\/carolina-durante-anuncia-el-fin-de-la-aventura\/","name":"Carolina Durante anuncia el 'Fin de la aventura' &#8902; Una y Mil Letras","isPartOf":{"@id":"http:\/\/unaymilletras.com\/#website"},"primaryImageOfPage":{"@id":"https:\/\/unaymilletras.com\/carolina-durante-anuncia-el-fin-de-la-aventura\/#primaryimage"},"image":{"@id":"https:\/\/unaymilletras.com\/carolina-durante-anuncia-el-fin-de-la-aventura\/#primaryimage"},"thumbnailUrl":"https:\/\/unaymilletras.com\/wp-content\/uploads\/2025\/11\/G6rXCL_XoAAwwDO.jpg","datePublished":"2025-11-27T21:41:01+00:00","dateModified":"2025-11-27T21:42:44+00:00","description":"Carolina Durante anuncia el cierre de su \u2018Elige tu propia aventura World Tour\u2019 con la gira \u2018Fin de la aventura\u2019.","breadcrumb":{"@id":"https:\/\/unaymilletras.com\/carolina-durante-anuncia-el-fin-de-la-aventura\/#breadcrumb"},"inLanguage":"en-GB","potentialAction":[{"@type":"ReadAction","target":["https:\/\/unaymilletras.com\/carolina-durante-anuncia-el-fin-de-la-aventura\/"]}]},{"@type":"ImageObject","inLanguage":"en-GB","@id":"https:\/\/unaymilletras.com\/carolina-durante-anuncia-el-fin-de-la-aventura\/#primaryimage","url":"https:\/\/unaymilletras.com\/wp-content\/uploads\/2025\/11\/G6rXCL_XoAAwwDO.jpg","contentUrl":"https:\/\/unaymilletras.com\/wp-content\/uploads\/2025\/11\/G6rXCL_XoAAwwDO.jpg","width":1200,"height":800},{"@type":"BreadcrumbList","@id":"https:\/\/unaymilletras.com\/carolina-durante-anuncia-el-fin-de-la-aventura\/#breadcrumb","itemListElement":[{"@type":"ListItem","position":1,"name":"Home","item":"http:\/\/unaymilletras.com\/"},{"@type":"ListItem","position":2,"name":"Carolina Durante anuncia el &#8216;Fin de la aventura&#8217;"}]},{"@type":"WebSite","@id":"http:\/\/unaymilletras.com\/#website","url":"http:\/\/unaymilletras.com\/","name":"Una y Mil Letras","description":"","publisher":{"@id":"http:\/\/unaymilletras.com\/#organization"},"potentialAction":[{"@type":"SearchAction","target":{"@type":"EntryPoint","urlTemplate":"http:\/\/unaymilletras.com\/?s={search_term_string}"},"query-input":{"@type":"PropertyValueSpecification","valueRequired":true,"valueName":"search_term_string"}}],"inLanguage":"en-GB"},{"@type":"Organization","@id":"http:\/\/unaymilletras.com\/#organization","name":"Una y Mil Letras","url":"http:\/\/unaymilletras.com\/","logo":{"@type":"ImageObject","inLanguage":"en-GB","@id":"http:\/\/unaymilletras.com\/#\/schema\/logo\/image\/","url":"https:\/\/unaymilletras.com\/wp-content\/uploads\/2024\/06\/cropped-Logo-removebg-preview.png","contentUrl":"https:\/\/unaymilletras.com\/wp-content\/uploads\/2024\/06\/cropped-Logo-removebg-preview.png","width":512,"height":512,"caption":"Una y Mil Letras"},"image":{"@id":"http:\/\/unaymilletras.com\/#\/schema\/logo\/image\/"},"sameAs":["https:\/\/x.com\/UnaYMilLetras","https:\/\/instagram.com\/UnaYMilLetras"]},{"@type":"Person","@id":"http:\/\/unaymilletras.com\/#\/schema\/person\/047a24f09ead3f0ba2387e5df86d9336","name":"Luc\u00eda Fandi\u00f1o","image":{"@type":"ImageObject","inLanguage":"en-GB","@id":"https:\/\/secure.gravatar.com\/avatar\/d22d9eea03f89c5d17f4b05c3efeb11bad23ff32b99e63bbf54232bc1b6a06b2?s=96&d=mm&r=g","url":"https:\/\/secure.gravatar.com\/avatar\/d22d9eea03f89c5d17f4b05c3efeb11bad23ff32b99e63bbf54232bc1b6a06b2?s=96&d=mm&r=g","contentUrl":"https:\/\/secure.gravatar.com\/avatar\/d22d9eea03f89c5d17f4b05c3efeb11bad23ff32b99e63bbf54232bc1b6a06b2?s=96&d=mm&r=g","caption":"Luc\u00eda Fandi\u00f1o"},"sameAs":["www.instagram.com\/luciaafandino"],"url":"https:\/\/unaymilletras.com\/en\/author\/luciaafandino\/"}]}},"_links":{"self":[{"href":"https:\/\/unaymilletras.com\/en\/wp-json\/wp\/v2\/posts\/6546","targetHints":{"allow":["GET"]}}],"collection":[{"href":"https:\/\/unaymilletras.com\/en\/wp-json\/wp\/v2\/posts"}],"about":[{"href":"https:\/\/unaymilletras.com\/en\/wp-json\/wp\/v2\/types\/post"}],"author":[{"embeddable":true,"href":"https:\/\/unaymilletras.com\/en\/wp-json\/wp\/v2\/users\/5"}],"replies":[{"embeddable":true,"href":"https:\/\/unaymilletras.com\/en\/wp-json\/wp\/v2\/comments?post=6546"}],"version-history":[{"count":11,"href":"https:\/\/unaymilletras.com\/en\/wp-json\/wp\/v2\/posts\/6546\/revisions"}],"predecessor-version":[{"id":6561,"href":"https:\/\/unaymilletras.com\/en\/wp-json\/wp\/v2\/posts\/6546\/revisions\/6561"}],"wp:featuredmedia":[{"embeddable":true,"href":"https:\/\/unaymilletras.com\/en\/wp-json\/wp\/v2\/media\/6553"}],"wp:attachment":[{"href":"https:\/\/unaymilletras.com\/en\/wp-json\/wp\/v2\/media?parent=6546"}],"wp:term":[{"taxonomy":"category","embeddable":true,"href":"https:\/\/unaymilletras.com\/en\/wp-json\/wp\/v2\/categories?post=6546"},{"taxonomy":"post_tag","embeddable":true,"href":"https:\/\/unaymilletras.com\/en\/wp-json\/wp\/v2\/tags?post=6546"}],"curies":[{"name":"wp","href":"https:\/\/api.w.org\/{rel}","templated":true}]}}