{"id":6562,"date":"2025-11-30T12:00:00","date_gmt":"2025-11-30T11:00:00","guid":{"rendered":"https:\/\/unaymilletras.com\/?p=6562"},"modified":"2025-11-29T22:21:15","modified_gmt":"2025-11-29T21:21:15","slug":"confusion-y-tension-en-el-concierto-de-anuel-en-barcelona","status":"publish","type":"post","link":"https:\/\/unaymilletras.com\/en\/confusion-y-tension-en-el-concierto-de-anuel-en-barcelona\/","title":{"rendered":"Confusi\u00f3n y tensi\u00f3n en el concierto de Anuel en Barcelona"},"content":{"rendered":"<div data-elementor-type=\"wp-post\" data-elementor-id=\"6562\" class=\"elementor elementor-6562\">\n\t\t\t\t\t\t<section class=\"elementor-section elementor-top-section elementor-element elementor-element-227b353 elementor-section-boxed elementor-section-height-default elementor-section-height-default\" data-id=\"227b353\" data-element_type=\"section\" data-e-type=\"section\">\n\t\t\t\t\t\t<div class=\"elementor-container elementor-column-gap-default\">\n\t\t\t\t\t<div class=\"elementor-column elementor-col-100 elementor-top-column elementor-element elementor-element-4ab2648\" data-id=\"4ab2648\" data-element_type=\"column\" data-e-type=\"column\">\n\t\t\t<div class=\"elementor-widget-wrap elementor-element-populated\">\n\t\t\t\t\t\t<div class=\"elementor-element elementor-element-1f3a52d elementor-widget elementor-widget-text-editor\" data-id=\"1f3a52d\" data-element_type=\"widget\" data-e-type=\"widget\" data-widget_type=\"text-editor.default\">\n\t\t\t\t<div class=\"elementor-widget-container\">\n\t\t\t\t\t\t\t\t\t<h2 style=\"text-align: center;\"><em><span style=\"color: #808080;\">El p\u00fablico de Anuel AA que llen\u00f3 el Palau Sant Jordi termin\u00f3 viviendo un espect\u00e1culo marcado por decisiones inesperadas <\/span><\/em><\/h2>\t\t\t\t\t\t\t\t<\/div>\n\t\t\t\t<\/div>\n\t\t\t\t\t<\/div>\n\t\t<\/div>\n\t\t\t\t\t<\/div>\n\t\t<\/section>\n\t\t\t\t<section class=\"elementor-section elementor-top-section elementor-element elementor-element-f3c5f9e elementor-section-boxed elementor-section-height-default elementor-section-height-default\" data-id=\"f3c5f9e\" data-element_type=\"section\" data-e-type=\"section\">\n\t\t\t\t\t\t<div class=\"elementor-container elementor-column-gap-default\">\n\t\t\t\t\t<div class=\"elementor-column elementor-col-100 elementor-top-column elementor-element elementor-element-4e9474f\" data-id=\"4e9474f\" data-element_type=\"column\" data-e-type=\"column\">\n\t\t\t<div class=\"elementor-widget-wrap elementor-element-populated\">\n\t\t\t\t\t\t<div class=\"elementor-element elementor-element-2358b21 elementor-widget elementor-widget-text-editor\" data-id=\"2358b21\" data-element_type=\"widget\" data-e-type=\"widget\" data-widget_type=\"text-editor.default\">\n\t\t\t\t<div class=\"elementor-widget-container\">\n\t\t\t\t\t\t\t\t\t<p>La visita de Anuel AA a Barcelona el pasado s\u00e1bado 22 de noviembre dej\u00f3 una noche irregular en el Palau Sant Jordi. El p\u00fablico, que llen\u00f3 el recinto con altas expectativas, termin\u00f3 viviendo un espect\u00e1culo marcado por decisiones inesperadas y un desarrollo que gener\u00f3 mucha incertidumbre entre los presentes.<\/p>\t\t\t\t\t\t\t\t<\/div>\n\t\t\t\t<\/div>\n\t\t\t\t\t<\/div>\n\t\t<\/div>\n\t\t\t\t\t<\/div>\n\t\t<\/section>\n\t\t\t\t<section class=\"elementor-section elementor-top-section elementor-element elementor-element-a6bef92 elementor-section-boxed elementor-section-height-default elementor-section-height-default\" data-id=\"a6bef92\" data-element_type=\"section\" data-e-type=\"section\">\n\t\t\t\t\t\t<div class=\"elementor-container elementor-column-gap-default\">\n\t\t\t\t\t<div class=\"elementor-column elementor-col-50 elementor-top-column elementor-element elementor-element-c518851\" data-id=\"c518851\" data-element_type=\"column\" data-e-type=\"column\">\n\t\t\t<div class=\"elementor-widget-wrap elementor-element-populated\">\n\t\t\t\t\t\t<div class=\"elementor-element elementor-element-deeb4bc elementor-widget elementor-widget-text-editor\" data-id=\"deeb4bc\" data-element_type=\"widget\" data-e-type=\"widget\" data-widget_type=\"text-editor.default\">\n\t\t\t\t<div class=\"elementor-widget-container\">\n\t\t\t\t\t\t\t\t\t<h4><strong>Un inicio muy por detr\u00e1s del horario<\/strong><\/h4>\n<p>La noche ya ven\u00eda condicionada por un arranque tard\u00edo. El concierto comenz\u00f3 con un retraso de una hora y quince minutos, lo que gener\u00f3 impaciencia y molestias entre los seguidores que llevaban tiempo esperando. Aunque la entrada de Anuel reaviv\u00f3 el entusiasmo inicial, la demora acab\u00f3 afectando al ritmo global del espect\u00e1culo.&nbsp;<\/p>\t\t\t\t\t\t\t\t<\/div>\n\t\t\t\t<\/div>\n\t\t\t\t\t<\/div>\n\t\t<\/div>\n\t\t\t\t<div class=\"elementor-column elementor-col-50 elementor-top-column elementor-element elementor-element-88f154f\" data-id=\"88f154f\" data-element_type=\"column\" data-e-type=\"column\">\n\t\t\t<div class=\"elementor-widget-wrap elementor-element-populated\">\n\t\t\t\t\t\t<div class=\"elementor-element elementor-element-aeaac2f elementor-widget elementor-widget-image\" data-id=\"aeaac2f\" data-element_type=\"widget\" data-e-type=\"widget\" data-widget_type=\"image.default\">\n\t\t\t\t<div class=\"elementor-widget-container\">\n\t\t\t\t\t\t\t\t\t\t\t\t<figure class=\"wp-caption\">\n\t\t\t\t\t\t\t\t\t\t<img fetchpriority=\"high\" decoding=\"async\" width=\"640\" height=\"800\" src=\"https:\/\/unaymilletras.com\/wp-content\/uploads\/2025\/11\/IMG_5111-819x1024.jpg\" class=\"attachment-large size-large wp-image-6565\" alt=\"Anuel\" srcset=\"https:\/\/unaymilletras.com\/wp-content\/uploads\/2025\/11\/IMG_5111-819x1024.jpg 819w, https:\/\/unaymilletras.com\/wp-content\/uploads\/2025\/11\/IMG_5111-240x300.jpg 240w, https:\/\/unaymilletras.com\/wp-content\/uploads\/2025\/11\/IMG_5111-768x960.jpg 768w, https:\/\/unaymilletras.com\/wp-content\/uploads\/2025\/11\/IMG_5111-1229x1536.jpg 1229w, https:\/\/unaymilletras.com\/wp-content\/uploads\/2025\/11\/IMG_5111-1638x2048.jpg 1638w, https:\/\/unaymilletras.com\/wp-content\/uploads\/2025\/11\/IMG_5111-10x12.jpg 10w, https:\/\/unaymilletras.com\/wp-content\/uploads\/2025\/11\/IMG_5111-1024x1280.jpg 1024w, https:\/\/unaymilletras.com\/wp-content\/uploads\/2025\/11\/IMG_5111-scaled-e1764450697593.jpg 600w\" sizes=\"(max-width: 640px) 100vw, 640px\" \/>\t\t\t\t\t\t\t\t\t\t\t<figcaption class=\"widget-image-caption wp-caption-text\">Foto: Andr\u00e9s Bernal<\/figcaption>\n\t\t\t\t\t\t\t\t\t\t<\/figure>\n\t\t\t\t\t\t\t\t\t<\/div>\n\t\t\t\t<\/div>\n\t\t\t\t\t<\/div>\n\t\t<\/div>\n\t\t\t\t\t<\/div>\n\t\t<\/section>\n\t\t\t\t<section class=\"elementor-section elementor-top-section elementor-element elementor-element-73a6352 elementor-section-boxed elementor-section-height-default elementor-section-height-default\" data-id=\"73a6352\" data-element_type=\"section\" data-e-type=\"section\">\n\t\t\t\t\t\t<div class=\"elementor-container elementor-column-gap-default\">\n\t\t\t\t\t<div class=\"elementor-column elementor-col-100 elementor-top-column elementor-element elementor-element-de4238f\" data-id=\"de4238f\" data-element_type=\"column\" data-e-type=\"column\">\n\t\t\t<div class=\"elementor-widget-wrap elementor-element-populated\">\n\t\t\t\t\t\t<div class=\"elementor-element elementor-element-10eb639 elementor-widget elementor-widget-text-editor\" data-id=\"10eb639\" data-element_type=\"widget\" data-e-type=\"widget\" data-widget_type=\"text-editor.default\">\n\t\t\t\t<div class=\"elementor-widget-container\">\n\t\t\t\t\t\t\t\t\t<p>Pero durante los momentos en los que todo funcion\u00f3 correctamente, Anuel ofreci\u00f3 una actuaci\u00f3n en\u00e9rgica que conect\u00f3 con sus fieles seguidores. Sus temas m\u00e1s reconocidos como Amanece o Secreto lograron animar el recinto y mantener la atenci\u00f3n pese a los contratiempos. Sin embargo, los fallos t\u00e9cnicos y la falta de claridad en la gesti\u00f3n del evento terminaron pesando m\u00e1s que los aciertos musicales.<\/p><h4><strong>Un final que nadie esperaba<\/strong><\/h4><p>El episodio que m\u00e1s dio que hablar ocurri\u00f3 cerca del cierre. Mientras Anuel interpretaba BEBE, a las 23:50, el sonido del micr\u00f3fono desapareci\u00f3 por completo. El artista sigui\u00f3 cantando sin percatarse de inmediato, mientras miles de asistentes intentaban adivinar si se trataba de un fallo t\u00e9cnico o de un corte deliberado. La canci\u00f3n termin\u00f3 a coro entre el p\u00fablico, pero con un ambiente claramente tenso ante un final tan precipitado.<\/p><h4><strong>Las luces encendidas hicieron saltar las alarmas<\/strong><\/h4><p>Antes de ese incidente, ya se hab\u00eda vivido un momento extra\u00f1o. A las 23:30, las luces generales del recinto se encendieron de golpe, algo que habitualmente indica la finalizaci\u00f3n de un concierto. La actuaci\u00f3n no se detuvo, pero la iluminaci\u00f3n provoc\u00f3 confusi\u00f3n y comentarios entre los asistentes, que desde ese instante empezaron a temer que el evento no llegara a completarse seg\u00fan lo previsto.<\/p>\t\t\t\t\t\t\t\t<\/div>\n\t\t\t\t<\/div>\n\t\t\t\t\t<\/div>\n\t\t<\/div>\n\t\t\t\t\t<\/div>\n\t\t<\/section>\n\t\t\t\t<section class=\"elementor-section elementor-top-section elementor-element elementor-element-0cca8bc elementor-section-boxed elementor-section-height-default elementor-section-height-default\" data-id=\"0cca8bc\" data-element_type=\"section\" data-e-type=\"section\">\n\t\t\t\t\t\t<div class=\"elementor-container elementor-column-gap-default\">\n\t\t\t\t\t<div class=\"elementor-column elementor-col-50 elementor-top-column elementor-element elementor-element-ee126f3\" data-id=\"ee126f3\" data-element_type=\"column\" data-e-type=\"column\">\n\t\t\t<div class=\"elementor-widget-wrap elementor-element-populated\">\n\t\t\t\t\t\t<div class=\"elementor-element elementor-element-6c99cc4 elementor-widget elementor-widget-image\" data-id=\"6c99cc4\" data-element_type=\"widget\" data-e-type=\"widget\" data-widget_type=\"image.default\">\n\t\t\t\t<div class=\"elementor-widget-container\">\n\t\t\t\t\t\t\t\t\t\t\t\t<figure class=\"wp-caption\">\n\t\t\t\t\t\t\t\t\t\t<img decoding=\"async\" width=\"640\" height=\"800\" src=\"https:\/\/unaymilletras.com\/wp-content\/uploads\/2025\/11\/IMG_5112-819x1024.jpg\" class=\"attachment-large size-large wp-image-6566\" alt=\"Anuel\" srcset=\"https:\/\/unaymilletras.com\/wp-content\/uploads\/2025\/11\/IMG_5112-819x1024.jpg 819w, https:\/\/unaymilletras.com\/wp-content\/uploads\/2025\/11\/IMG_5112-240x300.jpg 240w, https:\/\/unaymilletras.com\/wp-content\/uploads\/2025\/11\/IMG_5112-768x960.jpg 768w, https:\/\/unaymilletras.com\/wp-content\/uploads\/2025\/11\/IMG_5112-1229x1536.jpg 1229w, https:\/\/unaymilletras.com\/wp-content\/uploads\/2025\/11\/IMG_5112-1638x2048.jpg 1638w, https:\/\/unaymilletras.com\/wp-content\/uploads\/2025\/11\/IMG_5112-10x12.jpg 10w, https:\/\/unaymilletras.com\/wp-content\/uploads\/2025\/11\/IMG_5112-1024x1280.jpg 1024w, https:\/\/unaymilletras.com\/wp-content\/uploads\/2025\/11\/IMG_5112-scaled-e1764450682849.jpg 600w\" sizes=\"(max-width: 640px) 100vw, 640px\" \/>\t\t\t\t\t\t\t\t\t\t\t<figcaption class=\"widget-image-caption wp-caption-text\">Foto: Andr\u00e9s Bernal<\/figcaption>\n\t\t\t\t\t\t\t\t\t\t<\/figure>\n\t\t\t\t\t\t\t\t\t<\/div>\n\t\t\t\t<\/div>\n\t\t\t\t\t<\/div>\n\t\t<\/div>\n\t\t\t\t<div class=\"elementor-column elementor-col-50 elementor-top-column elementor-element elementor-element-b3ea3e3\" data-id=\"b3ea3e3\" data-element_type=\"column\" data-e-type=\"column\">\n\t\t\t<div class=\"elementor-widget-wrap elementor-element-populated\">\n\t\t\t\t\t\t<div class=\"elementor-element elementor-element-e5bee71 elementor-widget elementor-widget-image\" data-id=\"e5bee71\" data-element_type=\"widget\" data-e-type=\"widget\" data-widget_type=\"image.default\">\n\t\t\t\t<div class=\"elementor-widget-container\">\n\t\t\t\t\t\t\t\t\t\t\t\t<figure class=\"wp-caption\">\n\t\t\t\t\t\t\t\t\t\t<img decoding=\"async\" width=\"640\" height=\"800\" src=\"https:\/\/unaymilletras.com\/wp-content\/uploads\/2025\/11\/IMG_5119-819x1024.jpg\" class=\"attachment-large size-large wp-image-6564\" alt=\"Anuel\" srcset=\"https:\/\/unaymilletras.com\/wp-content\/uploads\/2025\/11\/IMG_5119-819x1024.jpg 819w, https:\/\/unaymilletras.com\/wp-content\/uploads\/2025\/11\/IMG_5119-240x300.jpg 240w, https:\/\/unaymilletras.com\/wp-content\/uploads\/2025\/11\/IMG_5119-768x960.jpg 768w, https:\/\/unaymilletras.com\/wp-content\/uploads\/2025\/11\/IMG_5119-1229x1536.jpg 1229w, https:\/\/unaymilletras.com\/wp-content\/uploads\/2025\/11\/IMG_5119-1639x2048.jpg 1639w, https:\/\/unaymilletras.com\/wp-content\/uploads\/2025\/11\/IMG_5119-10x12.jpg 10w, https:\/\/unaymilletras.com\/wp-content\/uploads\/2025\/11\/IMG_5119-1024x1280.jpg 1024w, https:\/\/unaymilletras.com\/wp-content\/uploads\/2025\/11\/IMG_5119-scaled-e1764450511924.jpg 600w\" sizes=\"(max-width: 640px) 100vw, 640px\" \/>\t\t\t\t\t\t\t\t\t\t\t<figcaption class=\"widget-image-caption wp-caption-text\">Foto: Andr\u00e9s Bernal<\/figcaption>\n\t\t\t\t\t\t\t\t\t\t<\/figure>\n\t\t\t\t\t\t\t\t\t<\/div>\n\t\t\t\t<\/div>\n\t\t\t\t\t<\/div>\n\t\t<\/div>\n\t\t\t\t\t<\/div>\n\t\t<\/section>\n\t\t\t\t<section class=\"elementor-section elementor-top-section elementor-element elementor-element-20a2299 elementor-section-boxed elementor-section-height-default elementor-section-height-default\" data-id=\"20a2299\" data-element_type=\"section\" data-e-type=\"section\">\n\t\t\t\t\t\t<div class=\"elementor-container elementor-column-gap-default\">\n\t\t\t\t\t<div class=\"elementor-column elementor-col-100 elementor-top-column elementor-element elementor-element-12117ac\" data-id=\"12117ac\" data-element_type=\"column\" data-e-type=\"column\">\n\t\t\t<div class=\"elementor-widget-wrap elementor-element-populated\">\n\t\t\t\t\t\t<div class=\"elementor-element elementor-element-5d7a4b0 elementor-widget elementor-widget-text-editor\" data-id=\"5d7a4b0\" data-element_type=\"widget\" data-e-type=\"widget\" data-widget_type=\"text-editor.default\">\n\t\t\t\t<div class=\"elementor-widget-container\">\n\t\t\t\t\t\t\t\t\t<h4><strong>Repercusiones dentro de una gira accidentada<\/strong><\/h4><p>Lo sucedido en Barcelona se suma a la serie de irregularidades que han acompa\u00f1ado su gira durante las \u00faltimas semanas. Aunque el artista conserva una base de seguidores fieles, la sucesi\u00f3n de retrasos, cortes y decisiones poco explicadas est\u00e1 generando un desgaste evidente en la percepci\u00f3n del p\u00fablico espa\u00f1ol. La actuaci\u00f3n en el Palau Sant Jordi no fue un desastre, pero s\u00ed un recordatorio de que la gira necesita una coordinaci\u00f3n m\u00e1s s\u00f3lida si quiere recuperar estabilidad y evitar nuevas pol\u00e9micas en sus pr\u00f3ximas paradas.<\/p>\t\t\t\t\t\t\t\t<\/div>\n\t\t\t\t<\/div>\n\t\t\t\t\t<\/div>\n\t\t<\/div>\n\t\t\t\t\t<\/div>\n\t\t<\/section>\n\t\t\t\t<\/div>","protected":false},"excerpt":{"rendered":"<p>El p\u00fablico de Anuel AA que llen\u00f3 el Palau Sant Jordi termin\u00f3 viviendo un espect\u00e1culo marcado por decisiones inesperadas La visita de Anuel AA a Barcelona el pasado s\u00e1bado 22 de noviembre dej\u00f3 una noche irregular en el Palau Sant Jordi. El p\u00fablico, que llen\u00f3 el recinto con altas expectativas, termin\u00f3 viviendo un espect\u00e1culo marcado [&hellip;]<\/p>\n","protected":false},"author":17,"featured_media":6565,"comment_status":"closed","ping_status":"closed","sticky":false,"template":"","format":"standard","meta":{"footnotes":""},"categories":[4],"tags":[],"class_list":["post-6562","post","type-post","status-publish","format-standard","has-post-thumbnail","hentry","category-musica"],"yoast_head":"<!-- This site is optimized with the Yoast SEO plugin v27.4 - https:\/\/yoast.com\/product\/yoast-seo-wordpress\/ -->\n<title>Confusi\u00f3n y tensi\u00f3n en el concierto de Anuel en Barcelona<\/title>\n<meta name=\"description\" content=\"El p\u00fablico de Anuel AA que llen\u00f3 el Palau Sant Jordi termin\u00f3 viviendo un espect\u00e1culo marcado por decisiones inesperadas\" \/>\n<meta name=\"robots\" content=\"index, follow, max-snippet:-1, max-image-preview:large, max-video-preview:-1\" \/>\n<link rel=\"canonical\" href=\"https:\/\/unaymilletras.com\/en\/confusion-y-tension-en-el-concierto-de-anuel-en-barcelona\/\" \/>\n<meta property=\"og:locale\" content=\"en_GB\" \/>\n<meta property=\"og:type\" content=\"article\" \/>\n<meta property=\"og:title\" content=\"Confusi\u00f3n y tensi\u00f3n en el concierto de Anuel en Barcelona\" \/>\n<meta property=\"og:description\" content=\"El p\u00fablico de Anuel AA que llen\u00f3 el Palau Sant Jordi termin\u00f3 viviendo un espect\u00e1culo marcado por decisiones inesperadas\" \/>\n<meta property=\"og:url\" content=\"https:\/\/unaymilletras.com\/en\/confusion-y-tension-en-el-concierto-de-anuel-en-barcelona\/\" \/>\n<meta property=\"og:site_name\" content=\"Una y Mil Letras\" \/>\n<meta property=\"article:published_time\" content=\"2025-11-30T11:00:00+00:00\" \/>\n<meta property=\"og:image\" content=\"https:\/\/unaymilletras.com\/wp-content\/uploads\/2025\/11\/IMG_5111-scaled-e1764450697593.jpg\" \/>\n\t<meta property=\"og:image:width\" content=\"600\" \/>\n\t<meta property=\"og:image:height\" content=\"750\" \/>\n\t<meta property=\"og:image:type\" content=\"image\/jpeg\" \/>\n<meta name=\"author\" content=\"Andr\u00e9s Bell\u00f3n\" \/>\n<meta name=\"twitter:card\" content=\"summary_large_image\" \/>\n<meta name=\"twitter:creator\" content=\"@UnaYMilLetras\" \/>\n<meta name=\"twitter:site\" content=\"@UnaYMilLetras\" \/>\n<meta name=\"twitter:label1\" content=\"Written by\" \/>\n\t<meta name=\"twitter:data1\" content=\"Andr\u00e9s Bell\u00f3n\" \/>\n\t<meta name=\"twitter:label2\" content=\"Estimated reading time\" \/>\n\t<meta name=\"twitter:data2\" content=\"3 minutes\" \/>\n<script type=\"application\/ld+json\" class=\"yoast-schema-graph\">{\"@context\":\"https:\\\/\\\/schema.org\",\"@graph\":[{\"@type\":\"Article\",\"@id\":\"https:\\\/\\\/unaymilletras.com\\\/confusion-y-tension-en-el-concierto-de-anuel-en-barcelona\\\/#article\",\"isPartOf\":{\"@id\":\"https:\\\/\\\/unaymilletras.com\\\/confusion-y-tension-en-el-concierto-de-anuel-en-barcelona\\\/\"},\"author\":{\"name\":\"Andr\u00e9s Bell\u00f3n\",\"@id\":\"http:\\\/\\\/unaymilletras.com\\\/#\\\/schema\\\/person\\\/6c1ae9729eb9387c11180462d50da7d4\"},\"headline\":\"Confusi\u00f3n y tensi\u00f3n en el concierto de Anuel en Barcelona\",\"datePublished\":\"2025-11-30T11:00:00+00:00\",\"mainEntityOfPage\":{\"@id\":\"https:\\\/\\\/unaymilletras.com\\\/confusion-y-tension-en-el-concierto-de-anuel-en-barcelona\\\/\"},\"wordCount\":488,\"publisher\":{\"@id\":\"http:\\\/\\\/unaymilletras.com\\\/#organization\"},\"image\":{\"@id\":\"https:\\\/\\\/unaymilletras.com\\\/confusion-y-tension-en-el-concierto-de-anuel-en-barcelona\\\/#primaryimage\"},\"thumbnailUrl\":\"https:\\\/\\\/unaymilletras.com\\\/wp-content\\\/uploads\\\/2025\\\/11\\\/IMG_5111-scaled-e1764450697593.jpg\",\"articleSection\":[\"M\u00fasica\"],\"inLanguage\":\"en-GB\"},{\"@type\":\"WebPage\",\"@id\":\"https:\\\/\\\/unaymilletras.com\\\/confusion-y-tension-en-el-concierto-de-anuel-en-barcelona\\\/\",\"url\":\"https:\\\/\\\/unaymilletras.com\\\/confusion-y-tension-en-el-concierto-de-anuel-en-barcelona\\\/\",\"name\":\"Confusi\u00f3n y tensi\u00f3n en el concierto de Anuel en Barcelona\",\"isPartOf\":{\"@id\":\"http:\\\/\\\/unaymilletras.com\\\/#website\"},\"primaryImageOfPage\":{\"@id\":\"https:\\\/\\\/unaymilletras.com\\\/confusion-y-tension-en-el-concierto-de-anuel-en-barcelona\\\/#primaryimage\"},\"image\":{\"@id\":\"https:\\\/\\\/unaymilletras.com\\\/confusion-y-tension-en-el-concierto-de-anuel-en-barcelona\\\/#primaryimage\"},\"thumbnailUrl\":\"https:\\\/\\\/unaymilletras.com\\\/wp-content\\\/uploads\\\/2025\\\/11\\\/IMG_5111-scaled-e1764450697593.jpg\",\"datePublished\":\"2025-11-30T11:00:00+00:00\",\"description\":\"El p\u00fablico de Anuel AA que llen\u00f3 el Palau Sant Jordi termin\u00f3 viviendo un espect\u00e1culo marcado por decisiones inesperadas\",\"breadcrumb\":{\"@id\":\"https:\\\/\\\/unaymilletras.com\\\/confusion-y-tension-en-el-concierto-de-anuel-en-barcelona\\\/#breadcrumb\"},\"inLanguage\":\"en-GB\",\"potentialAction\":[{\"@type\":\"ReadAction\",\"target\":[\"https:\\\/\\\/unaymilletras.com\\\/confusion-y-tension-en-el-concierto-de-anuel-en-barcelona\\\/\"]}]},{\"@type\":\"ImageObject\",\"inLanguage\":\"en-GB\",\"@id\":\"https:\\\/\\\/unaymilletras.com\\\/confusion-y-tension-en-el-concierto-de-anuel-en-barcelona\\\/#primaryimage\",\"url\":\"https:\\\/\\\/unaymilletras.com\\\/wp-content\\\/uploads\\\/2025\\\/11\\\/IMG_5111-scaled-e1764450697593.jpg\",\"contentUrl\":\"https:\\\/\\\/unaymilletras.com\\\/wp-content\\\/uploads\\\/2025\\\/11\\\/IMG_5111-scaled-e1764450697593.jpg\",\"width\":600,\"height\":750,\"caption\":\"Anuel\"},{\"@type\":\"BreadcrumbList\",\"@id\":\"https:\\\/\\\/unaymilletras.com\\\/confusion-y-tension-en-el-concierto-de-anuel-en-barcelona\\\/#breadcrumb\",\"itemListElement\":[{\"@type\":\"ListItem\",\"position\":1,\"name\":\"Home\",\"item\":\"http:\\\/\\\/unaymilletras.com\\\/\"},{\"@type\":\"ListItem\",\"position\":2,\"name\":\"Confusi\u00f3n y tensi\u00f3n en el concierto de Anuel en Barcelona\"}]},{\"@type\":\"WebSite\",\"@id\":\"http:\\\/\\\/unaymilletras.com\\\/#website\",\"url\":\"http:\\\/\\\/unaymilletras.com\\\/\",\"name\":\"Una y Mil Letras\",\"description\":\"\",\"publisher\":{\"@id\":\"http:\\\/\\\/unaymilletras.com\\\/#organization\"},\"potentialAction\":[{\"@type\":\"SearchAction\",\"target\":{\"@type\":\"EntryPoint\",\"urlTemplate\":\"http:\\\/\\\/unaymilletras.com\\\/?s={search_term_string}\"},\"query-input\":{\"@type\":\"PropertyValueSpecification\",\"valueRequired\":true,\"valueName\":\"search_term_string\"}}],\"inLanguage\":\"en-GB\"},{\"@type\":\"Organization\",\"@id\":\"http:\\\/\\\/unaymilletras.com\\\/#organization\",\"name\":\"Una y Mil Letras\",\"url\":\"http:\\\/\\\/unaymilletras.com\\\/\",\"logo\":{\"@type\":\"ImageObject\",\"inLanguage\":\"en-GB\",\"@id\":\"http:\\\/\\\/unaymilletras.com\\\/#\\\/schema\\\/logo\\\/image\\\/\",\"url\":\"https:\\\/\\\/unaymilletras.com\\\/wp-content\\\/uploads\\\/2024\\\/06\\\/cropped-Logo-removebg-preview.png\",\"contentUrl\":\"https:\\\/\\\/unaymilletras.com\\\/wp-content\\\/uploads\\\/2024\\\/06\\\/cropped-Logo-removebg-preview.png\",\"width\":512,\"height\":512,\"caption\":\"Una y Mil Letras\"},\"image\":{\"@id\":\"http:\\\/\\\/unaymilletras.com\\\/#\\\/schema\\\/logo\\\/image\\\/\"},\"sameAs\":[\"https:\\\/\\\/x.com\\\/UnaYMilLetras\",\"https:\\\/\\\/instagram.com\\\/UnaYMilLetras\"]},{\"@type\":\"Person\",\"@id\":\"http:\\\/\\\/unaymilletras.com\\\/#\\\/schema\\\/person\\\/6c1ae9729eb9387c11180462d50da7d4\",\"name\":\"Andr\u00e9s Bell\u00f3n\",\"image\":{\"@type\":\"ImageObject\",\"inLanguage\":\"en-GB\",\"@id\":\"https:\\\/\\\/secure.gravatar.com\\\/avatar\\\/3f84854bc6fea4a576b7e53f2ad78eee3e250b92df068048d7d5f6528c299776?s=96&d=mm&r=g\",\"url\":\"https:\\\/\\\/secure.gravatar.com\\\/avatar\\\/3f84854bc6fea4a576b7e53f2ad78eee3e250b92df068048d7d5f6528c299776?s=96&d=mm&r=g\",\"contentUrl\":\"https:\\\/\\\/secure.gravatar.com\\\/avatar\\\/3f84854bc6fea4a576b7e53f2ad78eee3e250b92df068048d7d5f6528c299776?s=96&d=mm&r=g\",\"caption\":\"Andr\u00e9s Bell\u00f3n\"},\"url\":\"https:\\\/\\\/unaymilletras.com\\\/en\\\/author\\\/andresbellon\\\/\"}]}<\/script>\n<!-- \/ Yoast SEO plugin. -->","yoast_head_json":{"title":"Confusi\u00f3n y tensi\u00f3n en el concierto de Anuel en Barcelona","description":"El p\u00fablico de Anuel AA que llen\u00f3 el Palau Sant Jordi termin\u00f3 viviendo un espect\u00e1culo marcado por decisiones inesperadas","robots":{"index":"index","follow":"follow","max-snippet":"max-snippet:-1","max-image-preview":"max-image-preview:large","max-video-preview":"max-video-preview:-1"},"canonical":"https:\/\/unaymilletras.com\/en\/confusion-y-tension-en-el-concierto-de-anuel-en-barcelona\/","og_locale":"en_GB","og_type":"article","og_title":"Confusi\u00f3n y tensi\u00f3n en el concierto de Anuel en Barcelona","og_description":"El p\u00fablico de Anuel AA que llen\u00f3 el Palau Sant Jordi termin\u00f3 viviendo un espect\u00e1culo marcado por decisiones inesperadas","og_url":"https:\/\/unaymilletras.com\/en\/confusion-y-tension-en-el-concierto-de-anuel-en-barcelona\/","og_site_name":"Una y Mil Letras","article_published_time":"2025-11-30T11:00:00+00:00","og_image":[{"width":600,"height":750,"url":"https:\/\/unaymilletras.com\/wp-content\/uploads\/2025\/11\/IMG_5111-scaled-e1764450697593.jpg","type":"image\/jpeg"}],"author":"Andr\u00e9s Bell\u00f3n","twitter_card":"summary_large_image","twitter_creator":"@UnaYMilLetras","twitter_site":"@UnaYMilLetras","twitter_misc":{"Written by":"Andr\u00e9s Bell\u00f3n","Estimated reading time":"3 minutes"},"schema":{"@context":"https:\/\/schema.org","@graph":[{"@type":"Article","@id":"https:\/\/unaymilletras.com\/confusion-y-tension-en-el-concierto-de-anuel-en-barcelona\/#article","isPartOf":{"@id":"https:\/\/unaymilletras.com\/confusion-y-tension-en-el-concierto-de-anuel-en-barcelona\/"},"author":{"name":"Andr\u00e9s Bell\u00f3n","@id":"http:\/\/unaymilletras.com\/#\/schema\/person\/6c1ae9729eb9387c11180462d50da7d4"},"headline":"Confusi\u00f3n y tensi\u00f3n en el concierto de Anuel en Barcelona","datePublished":"2025-11-30T11:00:00+00:00","mainEntityOfPage":{"@id":"https:\/\/unaymilletras.com\/confusion-y-tension-en-el-concierto-de-anuel-en-barcelona\/"},"wordCount":488,"publisher":{"@id":"http:\/\/unaymilletras.com\/#organization"},"image":{"@id":"https:\/\/unaymilletras.com\/confusion-y-tension-en-el-concierto-de-anuel-en-barcelona\/#primaryimage"},"thumbnailUrl":"https:\/\/unaymilletras.com\/wp-content\/uploads\/2025\/11\/IMG_5111-scaled-e1764450697593.jpg","articleSection":["M\u00fasica"],"inLanguage":"en-GB"},{"@type":"WebPage","@id":"https:\/\/unaymilletras.com\/confusion-y-tension-en-el-concierto-de-anuel-en-barcelona\/","url":"https:\/\/unaymilletras.com\/confusion-y-tension-en-el-concierto-de-anuel-en-barcelona\/","name":"Confusi\u00f3n y tensi\u00f3n en el concierto de Anuel en Barcelona","isPartOf":{"@id":"http:\/\/unaymilletras.com\/#website"},"primaryImageOfPage":{"@id":"https:\/\/unaymilletras.com\/confusion-y-tension-en-el-concierto-de-anuel-en-barcelona\/#primaryimage"},"image":{"@id":"https:\/\/unaymilletras.com\/confusion-y-tension-en-el-concierto-de-anuel-en-barcelona\/#primaryimage"},"thumbnailUrl":"https:\/\/unaymilletras.com\/wp-content\/uploads\/2025\/11\/IMG_5111-scaled-e1764450697593.jpg","datePublished":"2025-11-30T11:00:00+00:00","description":"El p\u00fablico de Anuel AA que llen\u00f3 el Palau Sant Jordi termin\u00f3 viviendo un espect\u00e1culo marcado por decisiones inesperadas","breadcrumb":{"@id":"https:\/\/unaymilletras.com\/confusion-y-tension-en-el-concierto-de-anuel-en-barcelona\/#breadcrumb"},"inLanguage":"en-GB","potentialAction":[{"@type":"ReadAction","target":["https:\/\/unaymilletras.com\/confusion-y-tension-en-el-concierto-de-anuel-en-barcelona\/"]}]},{"@type":"ImageObject","inLanguage":"en-GB","@id":"https:\/\/unaymilletras.com\/confusion-y-tension-en-el-concierto-de-anuel-en-barcelona\/#primaryimage","url":"https:\/\/unaymilletras.com\/wp-content\/uploads\/2025\/11\/IMG_5111-scaled-e1764450697593.jpg","contentUrl":"https:\/\/unaymilletras.com\/wp-content\/uploads\/2025\/11\/IMG_5111-scaled-e1764450697593.jpg","width":600,"height":750,"caption":"Anuel"},{"@type":"BreadcrumbList","@id":"https:\/\/unaymilletras.com\/confusion-y-tension-en-el-concierto-de-anuel-en-barcelona\/#breadcrumb","itemListElement":[{"@type":"ListItem","position":1,"name":"Home","item":"http:\/\/unaymilletras.com\/"},{"@type":"ListItem","position":2,"name":"Confusi\u00f3n y tensi\u00f3n en el concierto de Anuel en Barcelona"}]},{"@type":"WebSite","@id":"http:\/\/unaymilletras.com\/#website","url":"http:\/\/unaymilletras.com\/","name":"Una y Mil Letras","description":"","publisher":{"@id":"http:\/\/unaymilletras.com\/#organization"},"potentialAction":[{"@type":"SearchAction","target":{"@type":"EntryPoint","urlTemplate":"http:\/\/unaymilletras.com\/?s={search_term_string}"},"query-input":{"@type":"PropertyValueSpecification","valueRequired":true,"valueName":"search_term_string"}}],"inLanguage":"en-GB"},{"@type":"Organization","@id":"http:\/\/unaymilletras.com\/#organization","name":"Una y Mil Letras","url":"http:\/\/unaymilletras.com\/","logo":{"@type":"ImageObject","inLanguage":"en-GB","@id":"http:\/\/unaymilletras.com\/#\/schema\/logo\/image\/","url":"https:\/\/unaymilletras.com\/wp-content\/uploads\/2024\/06\/cropped-Logo-removebg-preview.png","contentUrl":"https:\/\/unaymilletras.com\/wp-content\/uploads\/2024\/06\/cropped-Logo-removebg-preview.png","width":512,"height":512,"caption":"Una y Mil Letras"},"image":{"@id":"http:\/\/unaymilletras.com\/#\/schema\/logo\/image\/"},"sameAs":["https:\/\/x.com\/UnaYMilLetras","https:\/\/instagram.com\/UnaYMilLetras"]},{"@type":"Person","@id":"http:\/\/unaymilletras.com\/#\/schema\/person\/6c1ae9729eb9387c11180462d50da7d4","name":"Andr\u00e9s Bell\u00f3n","image":{"@type":"ImageObject","inLanguage":"en-GB","@id":"https:\/\/secure.gravatar.com\/avatar\/3f84854bc6fea4a576b7e53f2ad78eee3e250b92df068048d7d5f6528c299776?s=96&d=mm&r=g","url":"https:\/\/secure.gravatar.com\/avatar\/3f84854bc6fea4a576b7e53f2ad78eee3e250b92df068048d7d5f6528c299776?s=96&d=mm&r=g","contentUrl":"https:\/\/secure.gravatar.com\/avatar\/3f84854bc6fea4a576b7e53f2ad78eee3e250b92df068048d7d5f6528c299776?s=96&d=mm&r=g","caption":"Andr\u00e9s Bell\u00f3n"},"url":"https:\/\/unaymilletras.com\/en\/author\/andresbellon\/"}]}},"_links":{"self":[{"href":"https:\/\/unaymilletras.com\/en\/wp-json\/wp\/v2\/posts\/6562","targetHints":{"allow":["GET"]}}],"collection":[{"href":"https:\/\/unaymilletras.com\/en\/wp-json\/wp\/v2\/posts"}],"about":[{"href":"https:\/\/unaymilletras.com\/en\/wp-json\/wp\/v2\/types\/post"}],"author":[{"embeddable":true,"href":"https:\/\/unaymilletras.com\/en\/wp-json\/wp\/v2\/users\/17"}],"replies":[{"embeddable":true,"href":"https:\/\/unaymilletras.com\/en\/wp-json\/wp\/v2\/comments?post=6562"}],"version-history":[{"count":4,"href":"https:\/\/unaymilletras.com\/en\/wp-json\/wp\/v2\/posts\/6562\/revisions"}],"predecessor-version":[{"id":6569,"href":"https:\/\/unaymilletras.com\/en\/wp-json\/wp\/v2\/posts\/6562\/revisions\/6569"}],"wp:featuredmedia":[{"embeddable":true,"href":"https:\/\/unaymilletras.com\/en\/wp-json\/wp\/v2\/media\/6565"}],"wp:attachment":[{"href":"https:\/\/unaymilletras.com\/en\/wp-json\/wp\/v2\/media?parent=6562"}],"wp:term":[{"taxonomy":"category","embeddable":true,"href":"https:\/\/unaymilletras.com\/en\/wp-json\/wp\/v2\/categories?post=6562"},{"taxonomy":"post_tag","embeddable":true,"href":"https:\/\/unaymilletras.com\/en\/wp-json\/wp\/v2\/tags?post=6562"}],"curies":[{"name":"wp","href":"https:\/\/api.w.org\/{rel}","templated":true}]}}