{"id":6577,"date":"2025-12-02T15:19:02","date_gmt":"2025-12-02T14:19:02","guid":{"rendered":"https:\/\/unaymilletras.com\/?p=6577"},"modified":"2025-12-02T15:24:35","modified_gmt":"2025-12-02T14:24:35","slug":"sidecars-presenta-everest-y-anuncia-una-gira-internacional-que-se-extendera-hasta-2027","status":"publish","type":"post","link":"https:\/\/unaymilletras.com\/en\/sidecars-presenta-everest-y-anuncia-una-gira-internacional-que-se-extendera-hasta-2027\/","title":{"rendered":"Sidecars presenta EVEREST y anuncia una gira internacional que se extender\u00e1 hasta 2027"},"content":{"rendered":"<div data-elementor-type=\"wp-post\" data-elementor-id=\"6577\" class=\"elementor elementor-6577\">\n\t\t\t\t\t\t<section class=\"elementor-section elementor-top-section elementor-element elementor-element-77ee7d2 elementor-section-boxed elementor-section-height-default elementor-section-height-default\" data-id=\"77ee7d2\" data-element_type=\"section\" data-e-type=\"section\">\n\t\t\t\t\t\t<div class=\"elementor-container elementor-column-gap-default\">\n\t\t\t\t\t<div class=\"elementor-column elementor-col-100 elementor-top-column elementor-element elementor-element-dee4d8a\" data-id=\"dee4d8a\" data-element_type=\"column\" data-e-type=\"column\">\n\t\t\t<div class=\"elementor-widget-wrap elementor-element-populated\">\n\t\t\t\t\t\t<div class=\"elementor-element elementor-element-5c8d97b elementor-widget elementor-widget-heading\" data-id=\"5c8d97b\" data-element_type=\"widget\" data-e-type=\"widget\" data-widget_type=\"heading.default\">\n\t\t\t\t<div class=\"elementor-widget-container\">\n\t\t\t\t\t<h2 class=\"elementor-heading-title elementor-size-default\">Las entradas ya est\u00e1n disponibles en los puntos de venta oficiales<\/h2>\t\t\t\t<\/div>\n\t\t\t\t<\/div>\n\t\t\t\t\t<\/div>\n\t\t<\/div>\n\t\t\t\t\t<\/div>\n\t\t<\/section>\n\t\t\t\t<section class=\"elementor-section elementor-top-section elementor-element elementor-element-503677fd elementor-section-boxed elementor-section-height-default elementor-section-height-default\" data-id=\"503677fd\" data-element_type=\"section\" data-e-type=\"section\">\n\t\t\t\t\t\t<div class=\"elementor-container elementor-column-gap-default\">\n\t\t\t\t\t<div class=\"elementor-column elementor-col-100 elementor-top-column elementor-element elementor-element-621cdd8c\" data-id=\"621cdd8c\" data-element_type=\"column\" data-e-type=\"column\">\n\t\t\t<div class=\"elementor-widget-wrap elementor-element-populated\">\n\t\t\t\t\t\t<div class=\"elementor-element elementor-element-253f370c elementor-widget elementor-widget-text-editor\" data-id=\"253f370c\" data-element_type=\"widget\" data-e-type=\"widget\" data-widget_type=\"text-editor.default\">\n\t\t\t\t<div class=\"elementor-widget-container\">\n\t\t\t\t\t\t\t\t\t<p>Sidecars ha presentado oficialmente &#8216;EVEREST&#8217;, su nuevo \u00e1lbum de estudio, y ha acompa\u00f1ado el lanzamiento con el anuncio de una gira que recorrer\u00e1 Espa\u00f1a y parte de Latinoam\u00e9rica durante 2026. El tour, que lleva el mismo nombre que el disco, incluir\u00e1 m\u00e1s de una veintena de conciertos y finalizar\u00e1 en 2027 con un gran cierre en el Movistar Arena de Madrid.<\/p>\n<p><!-- \/wp:paragraph --><!-- wp:paragraph --><\/p>\n<p>\u201c<strong>2026 ser\u00e1 un gran a\u00f1o y estamos deseando vivirlo con vosotrxs en los conciertos<\/strong>\u201d, expres\u00f3 la banda al hacer p\u00fablicas las fechas. Y, las entradas ya est\u00e1n disponibles en la<a href=\"https:\/\/sidecars.es\/\"> web oficial de la banda<\/a>.<\/p>\n<p><!-- \/wp:paragraph --><!-- wp:paragraph --><\/p>\n<p>La gira comenzar\u00e1 el 18 de abril en el Auditorio BB de Ciudad de M\u00e9xico, la \u00fanica parada confirmada fuera de Espa\u00f1a antes del tramo nacional. A partir de entonces, Sidecars visitar\u00e1 Torrevieja, Santander, Pamplona, Murcia, Sevilla, Valencia, Valladolid, A Coru\u00f1a, Barcelona, C\u00f3rdoba, Albacete, Bilbao, M\u00e1laga y Granada, entre otras ciudades.<\/p>\n<p><!-- \/wp:paragraph --><!-- wp:image --><\/p>\n<figure class=\"wp-block-image\"><\/figure>\n<p><!-- \/wp:paragraph --><\/p>\t\t\t\t\t\t\t\t<\/div>\n\t\t\t\t<\/div>\n\t\t\t\t\t<\/div>\n\t\t<\/div>\n\t\t\t\t\t<\/div>\n\t\t<\/section>\n\t\t\t\t<section class=\"elementor-section elementor-top-section elementor-element elementor-element-8052310 elementor-section-boxed elementor-section-height-default elementor-section-height-default\" data-id=\"8052310\" data-element_type=\"section\" data-e-type=\"section\">\n\t\t\t\t\t\t<div class=\"elementor-container elementor-column-gap-default\">\n\t\t\t\t\t<div class=\"elementor-column elementor-col-100 elementor-top-column elementor-element elementor-element-e9dac6f\" data-id=\"e9dac6f\" data-element_type=\"column\" data-e-type=\"column\">\n\t\t\t<div class=\"elementor-widget-wrap elementor-element-populated\">\n\t\t\t\t\t\t<div class=\"elementor-element elementor-element-5ebdf52 elementor-widget elementor-widget-image\" data-id=\"5ebdf52\" data-element_type=\"widget\" data-e-type=\"widget\" data-widget_type=\"image.default\">\n\t\t\t\t<div class=\"elementor-widget-container\">\n\t\t\t\t\t\t\t\t\t\t\t\t<figure class=\"wp-caption\">\n\t\t\t\t\t\t\t\t\t\t<img fetchpriority=\"high\" decoding=\"async\" width=\"640\" height=\"731\" src=\"https:\/\/unaymilletras.com\/wp-content\/uploads\/2025\/12\/6bd32282-0044-4398-8888-fa72b7cbd5c6-1-897x1024.jpg\" class=\"attachment-large size-large wp-image-6591\" alt=\"\" srcset=\"https:\/\/unaymilletras.com\/wp-content\/uploads\/2025\/12\/6bd32282-0044-4398-8888-fa72b7cbd5c6-1-897x1024.jpg 897w, https:\/\/unaymilletras.com\/wp-content\/uploads\/2025\/12\/6bd32282-0044-4398-8888-fa72b7cbd5c6-1-263x300.jpg 263w, https:\/\/unaymilletras.com\/wp-content\/uploads\/2025\/12\/6bd32282-0044-4398-8888-fa72b7cbd5c6-1-768x877.jpg 768w, https:\/\/unaymilletras.com\/wp-content\/uploads\/2025\/12\/6bd32282-0044-4398-8888-fa72b7cbd5c6-1-11x12.jpg 11w, https:\/\/unaymilletras.com\/wp-content\/uploads\/2025\/12\/6bd32282-0044-4398-8888-fa72b7cbd5c6-1-1024x1169.jpg 1024w, https:\/\/unaymilletras.com\/wp-content\/uploads\/2025\/12\/6bd32282-0044-4398-8888-fa72b7cbd5c6-1.jpg 1320w\" sizes=\"(max-width: 640px) 100vw, 640px\" \/>\t\t\t\t\t\t\t\t\t\t\t<figcaption class=\"widget-image-caption wp-caption-text\">Fuente: Sidecars<\/figcaption>\n\t\t\t\t\t\t\t\t\t\t<\/figure>\n\t\t\t\t\t\t\t\t\t<\/div>\n\t\t\t\t<\/div>\n\t\t\t\t\t<\/div>\n\t\t<\/div>\n\t\t\t\t\t<\/div>\n\t\t<\/section>\n\t\t\t\t<section class=\"elementor-section elementor-top-section elementor-element elementor-element-2f6f188 elementor-section-boxed elementor-section-height-default elementor-section-height-default\" data-id=\"2f6f188\" data-element_type=\"section\" data-e-type=\"section\">\n\t\t\t\t\t\t<div class=\"elementor-container elementor-column-gap-default\">\n\t\t\t\t\t<div class=\"elementor-column elementor-col-100 elementor-top-column elementor-element elementor-element-ac6134c\" data-id=\"ac6134c\" data-element_type=\"column\" data-e-type=\"column\">\n\t\t\t<div class=\"elementor-widget-wrap elementor-element-populated\">\n\t\t\t\t\t\t<div class=\"elementor-element elementor-element-0934f6d elementor-widget elementor-widget-text-editor\" data-id=\"0934f6d\" data-element_type=\"widget\" data-e-type=\"widget\" data-widget_type=\"text-editor.default\">\n\t\t\t\t<div class=\"elementor-widget-container\">\n\t\t\t\t\t\t\t\t\t<h2><span style=\"font-weight: 400\">Fin de gira en el Movistar Arena<\/span><\/h2>\n<p><span style=\"font-weight: 400\">Y aunque cada fecha tiene su encanto, el punto final promete ser uno de esos momentos que se quedan grabados. Ser\u00e1 el 29 de enero de 2027 en el Movistar Arena de Madrid. Una cita anunciada con much\u00edsima antelaci\u00f3n por una raz\u00f3n muy sencilla \u2014y que el propio grupo explic\u00f3 en <\/span><i><span style=\"font-weight: 400\">Cuerpos especiales<\/span><\/i><span style=\"font-weight: 400\"> de Europa FM: \u201cEs porque no hay hueco, no por otra cosa\u201d. La agenda del recinto est\u00e1 tan llena que encontrar un d\u00eda libre antes de mediados de 2027 era pr\u00e1cticamente imposible. Un reflejo perfecto del gran momento que vive la m\u00fasica en directo en Espa\u00f1a.<\/span><\/p>\n<p><span style=\"font-weight: 400\">La banda est\u00e1 preparada para seguir escalando su propia monta\u00f1a, <\/span><i><span style=\"font-weight: 400\">Everest<\/span><\/i><span style=\"font-weight: 400\">, un recorrido que culminar\u00e1 en Madrid. A lo largo del tour, presentar\u00e1n sus nuevas canciones y consolidar\u00e1n el crecimiento de un grupo que llega en uno de los mejores momentos de la m\u00fasica en vivo. Y lo har\u00e1n haciendo disfrutar a su p\u00fablico con su identidad rockera inconfundible. \u00a1No te lo puedes perder!<\/span><\/p>\t\t\t\t\t\t\t\t<\/div>\n\t\t\t\t<\/div>\n\t\t\t\t\t<\/div>\n\t\t<\/div>\n\t\t\t\t\t<\/div>\n\t\t<\/section>\n\t\t\t\t<\/div>","protected":false},"excerpt":{"rendered":"<p>Las entradas ya est\u00e1n disponibles en los puntos de venta oficiales Sidecars ha presentado oficialmente &#8216;EVEREST&#8217;, su nuevo \u00e1lbum de estudio, y ha acompa\u00f1ado el lanzamiento con el anuncio de una gira que recorrer\u00e1 Espa\u00f1a y parte de Latinoam\u00e9rica durante 2026. El tour, que lleva el mismo nombre que el disco, incluir\u00e1 m\u00e1s de una [&hellip;]<\/p>\n","protected":false},"author":5,"featured_media":6584,"comment_status":"closed","ping_status":"closed","sticky":false,"template":"","format":"standard","meta":{"footnotes":""},"categories":[4],"tags":[271,288,170,287],"class_list":["post-6577","post","type-post","status-publish","format-standard","has-post-thumbnail","hentry","category-musica","tag-271","tag-everest","tag-movistar-arena","tag-sidecars"],"yoast_head":"<!-- This site is optimized with the Yoast SEO plugin v27.4 - https:\/\/yoast.com\/product\/yoast-seo-wordpress\/ -->\n<title>Sidecars presenta EVEREST y anuncia una gira internacional que se extender\u00e1 hasta 2027 &#8902; Una y Mil Letras<\/title>\n<meta name=\"description\" content=\"Sidecars presenta EVEREST y anuncia su gira 2026-2027, que comenzar\u00e1 en Ciudad de M\u00e9xico y culminar\u00e1 en Madrid\" \/>\n<meta name=\"robots\" content=\"index, follow, max-snippet:-1, max-image-preview:large, max-video-preview:-1\" \/>\n<link rel=\"canonical\" href=\"https:\/\/unaymilletras.com\/en\/sidecars-presenta-everest-y-anuncia-una-gira-internacional-que-se-extendera-hasta-2027\/\" \/>\n<meta property=\"og:locale\" content=\"en_GB\" \/>\n<meta property=\"og:type\" content=\"article\" \/>\n<meta property=\"og:title\" content=\"Sidecars presenta EVEREST y anuncia una gira internacional que se extender\u00e1 hasta 2027 &#8902; Una y Mil Letras\" \/>\n<meta property=\"og:description\" content=\"Sidecars presenta EVEREST y anuncia su gira 2026-2027, que comenzar\u00e1 en Ciudad de M\u00e9xico y culminar\u00e1 en Madrid\" \/>\n<meta property=\"og:url\" content=\"https:\/\/unaymilletras.com\/en\/sidecars-presenta-everest-y-anuncia-una-gira-internacional-que-se-extendera-hasta-2027\/\" \/>\n<meta property=\"og:site_name\" content=\"Una y Mil Letras\" \/>\n<meta property=\"article:published_time\" content=\"2025-12-02T14:19:02+00:00\" \/>\n<meta property=\"article:modified_time\" content=\"2025-12-02T14:24:35+00:00\" \/>\n<meta property=\"og:image\" content=\"http:\/\/unaymilletras.com\/wp-content\/uploads\/2025\/12\/sidecars-627x376-1.jpg\" \/>\n\t<meta property=\"og:image:width\" content=\"627\" \/>\n\t<meta property=\"og:image:height\" content=\"376\" \/>\n\t<meta property=\"og:image:type\" content=\"image\/jpeg\" \/>\n<meta name=\"author\" content=\"Luc\u00eda Fandi\u00f1o\" \/>\n<meta name=\"twitter:card\" content=\"summary_large_image\" \/>\n<meta name=\"twitter:creator\" content=\"@UnaYMilLetras\" \/>\n<meta name=\"twitter:site\" content=\"@UnaYMilLetras\" \/>\n<meta name=\"twitter:label1\" content=\"Written by\" \/>\n\t<meta name=\"twitter:data1\" content=\"Luc\u00eda Fandi\u00f1o\" \/>\n\t<meta name=\"twitter:label2\" content=\"Estimated reading time\" \/>\n\t<meta name=\"twitter:data2\" content=\"2 minutes\" \/>\n<script type=\"application\/ld+json\" class=\"yoast-schema-graph\">{\"@context\":\"https:\\\/\\\/schema.org\",\"@graph\":[{\"@type\":\"Article\",\"@id\":\"https:\\\/\\\/unaymilletras.com\\\/sidecars-presenta-everest-y-anuncia-una-gira-internacional-que-se-extendera-hasta-2027\\\/#article\",\"isPartOf\":{\"@id\":\"https:\\\/\\\/unaymilletras.com\\\/sidecars-presenta-everest-y-anuncia-una-gira-internacional-que-se-extendera-hasta-2027\\\/\"},\"author\":{\"name\":\"Luc\u00eda Fandi\u00f1o\",\"@id\":\"http:\\\/\\\/unaymilletras.com\\\/#\\\/schema\\\/person\\\/047a24f09ead3f0ba2387e5df86d9336\"},\"headline\":\"Sidecars presenta EVEREST y anuncia una gira internacional que se extender\u00e1 hasta 2027\",\"datePublished\":\"2025-12-02T14:19:02+00:00\",\"dateModified\":\"2025-12-02T14:24:35+00:00\",\"mainEntityOfPage\":{\"@id\":\"https:\\\/\\\/unaymilletras.com\\\/sidecars-presenta-everest-y-anuncia-una-gira-internacional-que-se-extendera-hasta-2027\\\/\"},\"wordCount\":361,\"publisher\":{\"@id\":\"http:\\\/\\\/unaymilletras.com\\\/#organization\"},\"image\":{\"@id\":\"https:\\\/\\\/unaymilletras.com\\\/sidecars-presenta-everest-y-anuncia-una-gira-internacional-que-se-extendera-hasta-2027\\\/#primaryimage\"},\"thumbnailUrl\":\"https:\\\/\\\/unaymilletras.com\\\/wp-content\\\/uploads\\\/2025\\\/12\\\/sidecars-627x376-1.jpg\",\"keywords\":[\"2026\",\"Everest\",\"Movistar Arena\",\"Sidecars\"],\"articleSection\":[\"M\u00fasica\"],\"inLanguage\":\"en-GB\"},{\"@type\":\"WebPage\",\"@id\":\"https:\\\/\\\/unaymilletras.com\\\/sidecars-presenta-everest-y-anuncia-una-gira-internacional-que-se-extendera-hasta-2027\\\/\",\"url\":\"https:\\\/\\\/unaymilletras.com\\\/sidecars-presenta-everest-y-anuncia-una-gira-internacional-que-se-extendera-hasta-2027\\\/\",\"name\":\"Sidecars presenta EVEREST y anuncia una gira internacional que se extender\u00e1 hasta 2027 &#8902; Una y Mil Letras\",\"isPartOf\":{\"@id\":\"http:\\\/\\\/unaymilletras.com\\\/#website\"},\"primaryImageOfPage\":{\"@id\":\"https:\\\/\\\/unaymilletras.com\\\/sidecars-presenta-everest-y-anuncia-una-gira-internacional-que-se-extendera-hasta-2027\\\/#primaryimage\"},\"image\":{\"@id\":\"https:\\\/\\\/unaymilletras.com\\\/sidecars-presenta-everest-y-anuncia-una-gira-internacional-que-se-extendera-hasta-2027\\\/#primaryimage\"},\"thumbnailUrl\":\"https:\\\/\\\/unaymilletras.com\\\/wp-content\\\/uploads\\\/2025\\\/12\\\/sidecars-627x376-1.jpg\",\"datePublished\":\"2025-12-02T14:19:02+00:00\",\"dateModified\":\"2025-12-02T14:24:35+00:00\",\"description\":\"Sidecars presenta EVEREST y anuncia su gira 2026-2027, que comenzar\u00e1 en Ciudad de M\u00e9xico y culminar\u00e1 en Madrid\",\"breadcrumb\":{\"@id\":\"https:\\\/\\\/unaymilletras.com\\\/sidecars-presenta-everest-y-anuncia-una-gira-internacional-que-se-extendera-hasta-2027\\\/#breadcrumb\"},\"inLanguage\":\"en-GB\",\"potentialAction\":[{\"@type\":\"ReadAction\",\"target\":[\"https:\\\/\\\/unaymilletras.com\\\/sidecars-presenta-everest-y-anuncia-una-gira-internacional-que-se-extendera-hasta-2027\\\/\"]}]},{\"@type\":\"ImageObject\",\"inLanguage\":\"en-GB\",\"@id\":\"https:\\\/\\\/unaymilletras.com\\\/sidecars-presenta-everest-y-anuncia-una-gira-internacional-que-se-extendera-hasta-2027\\\/#primaryimage\",\"url\":\"https:\\\/\\\/unaymilletras.com\\\/wp-content\\\/uploads\\\/2025\\\/12\\\/sidecars-627x376-1.jpg\",\"contentUrl\":\"https:\\\/\\\/unaymilletras.com\\\/wp-content\\\/uploads\\\/2025\\\/12\\\/sidecars-627x376-1.jpg\",\"width\":627,\"height\":376},{\"@type\":\"BreadcrumbList\",\"@id\":\"https:\\\/\\\/unaymilletras.com\\\/sidecars-presenta-everest-y-anuncia-una-gira-internacional-que-se-extendera-hasta-2027\\\/#breadcrumb\",\"itemListElement\":[{\"@type\":\"ListItem\",\"position\":1,\"name\":\"Home\",\"item\":\"http:\\\/\\\/unaymilletras.com\\\/\"},{\"@type\":\"ListItem\",\"position\":2,\"name\":\"Sidecars presenta EVEREST y anuncia una gira internacional que se extender\u00e1 hasta 2027\"}]},{\"@type\":\"WebSite\",\"@id\":\"http:\\\/\\\/unaymilletras.com\\\/#website\",\"url\":\"http:\\\/\\\/unaymilletras.com\\\/\",\"name\":\"Una y Mil Letras\",\"description\":\"\",\"publisher\":{\"@id\":\"http:\\\/\\\/unaymilletras.com\\\/#organization\"},\"potentialAction\":[{\"@type\":\"SearchAction\",\"target\":{\"@type\":\"EntryPoint\",\"urlTemplate\":\"http:\\\/\\\/unaymilletras.com\\\/?s={search_term_string}\"},\"query-input\":{\"@type\":\"PropertyValueSpecification\",\"valueRequired\":true,\"valueName\":\"search_term_string\"}}],\"inLanguage\":\"en-GB\"},{\"@type\":\"Organization\",\"@id\":\"http:\\\/\\\/unaymilletras.com\\\/#organization\",\"name\":\"Una y Mil Letras\",\"url\":\"http:\\\/\\\/unaymilletras.com\\\/\",\"logo\":{\"@type\":\"ImageObject\",\"inLanguage\":\"en-GB\",\"@id\":\"http:\\\/\\\/unaymilletras.com\\\/#\\\/schema\\\/logo\\\/image\\\/\",\"url\":\"https:\\\/\\\/unaymilletras.com\\\/wp-content\\\/uploads\\\/2024\\\/06\\\/cropped-Logo-removebg-preview.png\",\"contentUrl\":\"https:\\\/\\\/unaymilletras.com\\\/wp-content\\\/uploads\\\/2024\\\/06\\\/cropped-Logo-removebg-preview.png\",\"width\":512,\"height\":512,\"caption\":\"Una y Mil Letras\"},\"image\":{\"@id\":\"http:\\\/\\\/unaymilletras.com\\\/#\\\/schema\\\/logo\\\/image\\\/\"},\"sameAs\":[\"https:\\\/\\\/x.com\\\/UnaYMilLetras\",\"https:\\\/\\\/instagram.com\\\/UnaYMilLetras\"]},{\"@type\":\"Person\",\"@id\":\"http:\\\/\\\/unaymilletras.com\\\/#\\\/schema\\\/person\\\/047a24f09ead3f0ba2387e5df86d9336\",\"name\":\"Luc\u00eda Fandi\u00f1o\",\"image\":{\"@type\":\"ImageObject\",\"inLanguage\":\"en-GB\",\"@id\":\"https:\\\/\\\/secure.gravatar.com\\\/avatar\\\/d22d9eea03f89c5d17f4b05c3efeb11bad23ff32b99e63bbf54232bc1b6a06b2?s=96&d=mm&r=g\",\"url\":\"https:\\\/\\\/secure.gravatar.com\\\/avatar\\\/d22d9eea03f89c5d17f4b05c3efeb11bad23ff32b99e63bbf54232bc1b6a06b2?s=96&d=mm&r=g\",\"contentUrl\":\"https:\\\/\\\/secure.gravatar.com\\\/avatar\\\/d22d9eea03f89c5d17f4b05c3efeb11bad23ff32b99e63bbf54232bc1b6a06b2?s=96&d=mm&r=g\",\"caption\":\"Luc\u00eda Fandi\u00f1o\"},\"sameAs\":[\"www.instagram.com\\\/luciaafandino\"],\"url\":\"https:\\\/\\\/unaymilletras.com\\\/en\\\/author\\\/luciaafandino\\\/\"}]}<\/script>\n<!-- \/ Yoast SEO plugin. -->","yoast_head_json":{"title":"Sidecars presenta EVEREST y anuncia una gira internacional que se extender\u00e1 hasta 2027 &#8902; Una y Mil Letras","description":"Sidecars presenta EVEREST y anuncia su gira 2026-2027, que comenzar\u00e1 en Ciudad de M\u00e9xico y culminar\u00e1 en Madrid","robots":{"index":"index","follow":"follow","max-snippet":"max-snippet:-1","max-image-preview":"max-image-preview:large","max-video-preview":"max-video-preview:-1"},"canonical":"https:\/\/unaymilletras.com\/en\/sidecars-presenta-everest-y-anuncia-una-gira-internacional-que-se-extendera-hasta-2027\/","og_locale":"en_GB","og_type":"article","og_title":"Sidecars presenta EVEREST y anuncia una gira internacional que se extender\u00e1 hasta 2027 &#8902; Una y Mil Letras","og_description":"Sidecars presenta EVEREST y anuncia su gira 2026-2027, que comenzar\u00e1 en Ciudad de M\u00e9xico y culminar\u00e1 en Madrid","og_url":"https:\/\/unaymilletras.com\/en\/sidecars-presenta-everest-y-anuncia-una-gira-internacional-que-se-extendera-hasta-2027\/","og_site_name":"Una y Mil Letras","article_published_time":"2025-12-02T14:19:02+00:00","article_modified_time":"2025-12-02T14:24:35+00:00","og_image":[{"width":627,"height":376,"url":"http:\/\/unaymilletras.com\/wp-content\/uploads\/2025\/12\/sidecars-627x376-1.jpg","type":"image\/jpeg"}],"author":"Luc\u00eda Fandi\u00f1o","twitter_card":"summary_large_image","twitter_creator":"@UnaYMilLetras","twitter_site":"@UnaYMilLetras","twitter_misc":{"Written by":"Luc\u00eda Fandi\u00f1o","Estimated reading time":"2 minutes"},"schema":{"@context":"https:\/\/schema.org","@graph":[{"@type":"Article","@id":"https:\/\/unaymilletras.com\/sidecars-presenta-everest-y-anuncia-una-gira-internacional-que-se-extendera-hasta-2027\/#article","isPartOf":{"@id":"https:\/\/unaymilletras.com\/sidecars-presenta-everest-y-anuncia-una-gira-internacional-que-se-extendera-hasta-2027\/"},"author":{"name":"Luc\u00eda Fandi\u00f1o","@id":"http:\/\/unaymilletras.com\/#\/schema\/person\/047a24f09ead3f0ba2387e5df86d9336"},"headline":"Sidecars presenta EVEREST y anuncia una gira internacional que se extender\u00e1 hasta 2027","datePublished":"2025-12-02T14:19:02+00:00","dateModified":"2025-12-02T14:24:35+00:00","mainEntityOfPage":{"@id":"https:\/\/unaymilletras.com\/sidecars-presenta-everest-y-anuncia-una-gira-internacional-que-se-extendera-hasta-2027\/"},"wordCount":361,"publisher":{"@id":"http:\/\/unaymilletras.com\/#organization"},"image":{"@id":"https:\/\/unaymilletras.com\/sidecars-presenta-everest-y-anuncia-una-gira-internacional-que-se-extendera-hasta-2027\/#primaryimage"},"thumbnailUrl":"https:\/\/unaymilletras.com\/wp-content\/uploads\/2025\/12\/sidecars-627x376-1.jpg","keywords":["2026","Everest","Movistar Arena","Sidecars"],"articleSection":["M\u00fasica"],"inLanguage":"en-GB"},{"@type":"WebPage","@id":"https:\/\/unaymilletras.com\/sidecars-presenta-everest-y-anuncia-una-gira-internacional-que-se-extendera-hasta-2027\/","url":"https:\/\/unaymilletras.com\/sidecars-presenta-everest-y-anuncia-una-gira-internacional-que-se-extendera-hasta-2027\/","name":"Sidecars presenta EVEREST y anuncia una gira internacional que se extender\u00e1 hasta 2027 &#8902; Una y Mil Letras","isPartOf":{"@id":"http:\/\/unaymilletras.com\/#website"},"primaryImageOfPage":{"@id":"https:\/\/unaymilletras.com\/sidecars-presenta-everest-y-anuncia-una-gira-internacional-que-se-extendera-hasta-2027\/#primaryimage"},"image":{"@id":"https:\/\/unaymilletras.com\/sidecars-presenta-everest-y-anuncia-una-gira-internacional-que-se-extendera-hasta-2027\/#primaryimage"},"thumbnailUrl":"https:\/\/unaymilletras.com\/wp-content\/uploads\/2025\/12\/sidecars-627x376-1.jpg","datePublished":"2025-12-02T14:19:02+00:00","dateModified":"2025-12-02T14:24:35+00:00","description":"Sidecars presenta EVEREST y anuncia su gira 2026-2027, que comenzar\u00e1 en Ciudad de M\u00e9xico y culminar\u00e1 en Madrid","breadcrumb":{"@id":"https:\/\/unaymilletras.com\/sidecars-presenta-everest-y-anuncia-una-gira-internacional-que-se-extendera-hasta-2027\/#breadcrumb"},"inLanguage":"en-GB","potentialAction":[{"@type":"ReadAction","target":["https:\/\/unaymilletras.com\/sidecars-presenta-everest-y-anuncia-una-gira-internacional-que-se-extendera-hasta-2027\/"]}]},{"@type":"ImageObject","inLanguage":"en-GB","@id":"https:\/\/unaymilletras.com\/sidecars-presenta-everest-y-anuncia-una-gira-internacional-que-se-extendera-hasta-2027\/#primaryimage","url":"https:\/\/unaymilletras.com\/wp-content\/uploads\/2025\/12\/sidecars-627x376-1.jpg","contentUrl":"https:\/\/unaymilletras.com\/wp-content\/uploads\/2025\/12\/sidecars-627x376-1.jpg","width":627,"height":376},{"@type":"BreadcrumbList","@id":"https:\/\/unaymilletras.com\/sidecars-presenta-everest-y-anuncia-una-gira-internacional-que-se-extendera-hasta-2027\/#breadcrumb","itemListElement":[{"@type":"ListItem","position":1,"name":"Home","item":"http:\/\/unaymilletras.com\/"},{"@type":"ListItem","position":2,"name":"Sidecars presenta EVEREST y anuncia una gira internacional que se extender\u00e1 hasta 2027"}]},{"@type":"WebSite","@id":"http:\/\/unaymilletras.com\/#website","url":"http:\/\/unaymilletras.com\/","name":"Una y Mil Letras","description":"","publisher":{"@id":"http:\/\/unaymilletras.com\/#organization"},"potentialAction":[{"@type":"SearchAction","target":{"@type":"EntryPoint","urlTemplate":"http:\/\/unaymilletras.com\/?s={search_term_string}"},"query-input":{"@type":"PropertyValueSpecification","valueRequired":true,"valueName":"search_term_string"}}],"inLanguage":"en-GB"},{"@type":"Organization","@id":"http:\/\/unaymilletras.com\/#organization","name":"Una y Mil Letras","url":"http:\/\/unaymilletras.com\/","logo":{"@type":"ImageObject","inLanguage":"en-GB","@id":"http:\/\/unaymilletras.com\/#\/schema\/logo\/image\/","url":"https:\/\/unaymilletras.com\/wp-content\/uploads\/2024\/06\/cropped-Logo-removebg-preview.png","contentUrl":"https:\/\/unaymilletras.com\/wp-content\/uploads\/2024\/06\/cropped-Logo-removebg-preview.png","width":512,"height":512,"caption":"Una y Mil Letras"},"image":{"@id":"http:\/\/unaymilletras.com\/#\/schema\/logo\/image\/"},"sameAs":["https:\/\/x.com\/UnaYMilLetras","https:\/\/instagram.com\/UnaYMilLetras"]},{"@type":"Person","@id":"http:\/\/unaymilletras.com\/#\/schema\/person\/047a24f09ead3f0ba2387e5df86d9336","name":"Luc\u00eda Fandi\u00f1o","image":{"@type":"ImageObject","inLanguage":"en-GB","@id":"https:\/\/secure.gravatar.com\/avatar\/d22d9eea03f89c5d17f4b05c3efeb11bad23ff32b99e63bbf54232bc1b6a06b2?s=96&d=mm&r=g","url":"https:\/\/secure.gravatar.com\/avatar\/d22d9eea03f89c5d17f4b05c3efeb11bad23ff32b99e63bbf54232bc1b6a06b2?s=96&d=mm&r=g","contentUrl":"https:\/\/secure.gravatar.com\/avatar\/d22d9eea03f89c5d17f4b05c3efeb11bad23ff32b99e63bbf54232bc1b6a06b2?s=96&d=mm&r=g","caption":"Luc\u00eda Fandi\u00f1o"},"sameAs":["www.instagram.com\/luciaafandino"],"url":"https:\/\/unaymilletras.com\/en\/author\/luciaafandino\/"}]}},"_links":{"self":[{"href":"https:\/\/unaymilletras.com\/en\/wp-json\/wp\/v2\/posts\/6577","targetHints":{"allow":["GET"]}}],"collection":[{"href":"https:\/\/unaymilletras.com\/en\/wp-json\/wp\/v2\/posts"}],"about":[{"href":"https:\/\/unaymilletras.com\/en\/wp-json\/wp\/v2\/types\/post"}],"author":[{"embeddable":true,"href":"https:\/\/unaymilletras.com\/en\/wp-json\/wp\/v2\/users\/5"}],"replies":[{"embeddable":true,"href":"https:\/\/unaymilletras.com\/en\/wp-json\/wp\/v2\/comments?post=6577"}],"version-history":[{"count":16,"href":"https:\/\/unaymilletras.com\/en\/wp-json\/wp\/v2\/posts\/6577\/revisions"}],"predecessor-version":[{"id":6598,"href":"https:\/\/unaymilletras.com\/en\/wp-json\/wp\/v2\/posts\/6577\/revisions\/6598"}],"wp:featuredmedia":[{"embeddable":true,"href":"https:\/\/unaymilletras.com\/en\/wp-json\/wp\/v2\/media\/6584"}],"wp:attachment":[{"href":"https:\/\/unaymilletras.com\/en\/wp-json\/wp\/v2\/media?parent=6577"}],"wp:term":[{"taxonomy":"category","embeddable":true,"href":"https:\/\/unaymilletras.com\/en\/wp-json\/wp\/v2\/categories?post=6577"},{"taxonomy":"post_tag","embeddable":true,"href":"https:\/\/unaymilletras.com\/en\/wp-json\/wp\/v2\/tags?post=6577"}],"curies":[{"name":"wp","href":"https:\/\/api.w.org\/{rel}","templated":true}]}}