{"id":6607,"date":"2025-12-04T15:45:16","date_gmt":"2025-12-04T14:45:16","guid":{"rendered":"https:\/\/unaymilletras.com\/?p=6607"},"modified":"2025-12-04T16:28:19","modified_gmt":"2025-12-04T15:28:19","slug":"rosalia-anuncia-lux-tour-2026-con-ocho-conciertos-en-madrid-y-barcelona","status":"publish","type":"post","link":"https:\/\/unaymilletras.com\/en\/rosalia-anuncia-lux-tour-2026-con-ocho-conciertos-en-madrid-y-barcelona\/","title":{"rendered":"Rosal\u00eda anuncia LUX TOUR 2026 con ocho conciertos en Madrid y Barcelona"},"content":{"rendered":"<div data-elementor-type=\"wp-post\" data-elementor-id=\"6607\" class=\"elementor elementor-6607\">\n\t\t\t\t\t\t<section class=\"elementor-section elementor-top-section elementor-element elementor-element-4a09b127 elementor-section-boxed elementor-section-height-default elementor-section-height-default\" data-id=\"4a09b127\" data-element_type=\"section\" data-e-type=\"section\">\n\t\t\t\t\t\t<div class=\"elementor-container elementor-column-gap-default\">\n\t\t\t\t\t<div class=\"elementor-column elementor-col-100 elementor-top-column elementor-element elementor-element-500d60d6\" data-id=\"500d60d6\" data-element_type=\"column\" data-e-type=\"column\">\n\t\t\t<div class=\"elementor-widget-wrap elementor-element-populated\">\n\t\t\t\t\t\t<div class=\"elementor-element elementor-element-1fa991da elementor-widget elementor-widget-text-editor\" data-id=\"1fa991da\" data-element_type=\"widget\" data-e-type=\"widget\" data-widget_type=\"text-editor.default\">\n\t\t\t\t<div class=\"elementor-widget-container\">\n\t\t\t\t\t\t\t\t\t<p><\/p>\n<p><strong><em>La artista espa\u00f1ola, Rosal\u00eda, anuncia una gira mundial en la que celebrar\u00e1 cuatro actuaciones en ambas ciudades espa\u00f1olas para abril<\/em><\/strong><\/p>\n<p><\/p>\n<p>Rosal\u00eda regres\u00f3 por todo lo alto con su proyecto m\u00e1s ambicioso, &#8216;Lux&#8217;, tras dos a\u00f1os de ausencia en el terreno musical. Pero el \u00e1lbum no fue suficiente, ahora toca presentarlo ante los fan\u00e1ticos y ha optado por una gira mundial para ello. Ser\u00e1n un total de 42 conciertos los que ofrecer\u00e1 en un total de 17 pa\u00edses. Las ocho fechas de las que dispondr\u00e1 en Espa\u00f1a ser\u00e1n en Madrid y Barcelona, con un total de cuatro para cada ciudad. Estos conciertos ocurrir\u00e1n entre el 30 de marzo y el 18 de abril. Entre medias actuar\u00e1 dos veces en Lisboa. Los recintos seleccionados fueron el Movistar Arena y el Palau Sant Jordi.<\/p>\n<p><\/p>\t\t\t\t\t\t\t\t<\/div>\n\t\t\t\t<\/div>\n\t\t\t\t\t<\/div>\n\t\t<\/div>\n\t\t\t\t\t<\/div>\n\t\t<\/section>\n\t\t\t\t<section class=\"elementor-section elementor-top-section elementor-element elementor-element-b80bb16 elementor-section-boxed elementor-section-height-default elementor-section-height-default\" data-id=\"b80bb16\" data-element_type=\"section\" data-e-type=\"section\">\n\t\t\t\t\t\t<div class=\"elementor-container elementor-column-gap-default\">\n\t\t\t\t\t<div class=\"elementor-column elementor-col-50 elementor-top-column elementor-element elementor-element-561b6b1\" data-id=\"561b6b1\" data-element_type=\"column\" data-e-type=\"column\">\n\t\t\t<div class=\"elementor-widget-wrap elementor-element-populated\">\n\t\t\t\t\t\t<div class=\"elementor-element elementor-element-187288d elementor-widget elementor-widget-image\" data-id=\"187288d\" data-element_type=\"widget\" data-e-type=\"widget\" data-widget_type=\"image.default\">\n\t\t\t\t<div class=\"elementor-widget-container\">\n\t\t\t\t\t\t\t\t\t\t\t\t\t\t\t<img fetchpriority=\"high\" decoding=\"async\" width=\"640\" height=\"832\" src=\"https:\/\/unaymilletras.com\/wp-content\/uploads\/2025\/12\/6a47bdcc-8e85-eb29-0542-928fe9ed-788x1024.jpg\" class=\"attachment-large size-large wp-image-6609\" alt=\"Rosal\u00eda\" srcset=\"https:\/\/unaymilletras.com\/wp-content\/uploads\/2025\/12\/6a47bdcc-8e85-eb29-0542-928fe9ed-788x1024.jpg 788w, https:\/\/unaymilletras.com\/wp-content\/uploads\/2025\/12\/6a47bdcc-8e85-eb29-0542-928fe9ed-231x300.jpg 231w, https:\/\/unaymilletras.com\/wp-content\/uploads\/2025\/12\/6a47bdcc-8e85-eb29-0542-928fe9ed-768x998.jpg 768w, https:\/\/unaymilletras.com\/wp-content\/uploads\/2025\/12\/6a47bdcc-8e85-eb29-0542-928fe9ed-1182x1536.jpg 1182w, https:\/\/unaymilletras.com\/wp-content\/uploads\/2025\/12\/6a47bdcc-8e85-eb29-0542-928fe9ed-1575x2048.jpg 1575w, https:\/\/unaymilletras.com\/wp-content\/uploads\/2025\/12\/6a47bdcc-8e85-eb29-0542-928fe9ed-9x12.jpg 9w, https:\/\/unaymilletras.com\/wp-content\/uploads\/2025\/12\/6a47bdcc-8e85-eb29-0542-928fe9ed-1024x1331.jpg 1024w, https:\/\/unaymilletras.com\/wp-content\/uploads\/2025\/12\/6a47bdcc-8e85-eb29-0542-928fe9ed-scaled-e1764862074599.jpg 600w\" sizes=\"(max-width: 640px) 100vw, 640px\" \/>\t\t\t\t\t\t\t\t\t\t\t\t\t\t\t<\/div>\n\t\t\t\t<\/div>\n\t\t\t\t\t<\/div>\n\t\t<\/div>\n\t\t\t\t<div class=\"elementor-column elementor-col-50 elementor-top-column elementor-element elementor-element-2a1f117\" data-id=\"2a1f117\" data-element_type=\"column\" data-e-type=\"column\">\n\t\t\t<div class=\"elementor-widget-wrap elementor-element-populated\">\n\t\t\t\t\t\t<div class=\"elementor-element elementor-element-d697995 elementor-widget elementor-widget-text-editor\" data-id=\"d697995\" data-element_type=\"widget\" data-e-type=\"widget\" data-widget_type=\"text-editor.default\">\n\t\t\t\t<div class=\"elementor-widget-container\">\n\t\t\t\t\t\t\t\t\t<p>Rosal\u00eda cuenta con capacidad suficiente como para llenar un estadio m\u00e1s grande, como cada vez es m\u00e1s frecuente en los cantantes internacionales, de acudir a cantar en estadios de f\u00fatbol. Sin embargo, la artista ha optado por tener algo m\u00e1s \u00edntimo y mayor conexi\u00f3n con sus fan\u00e1ticos. Las entradas estar\u00e1n disponibles el d\u00eda 9 en preventa y el d\u00eda 11 de forma oficial, por lo que los 80.000 que quieran acudir a cada ciudad deber\u00e1n estar r\u00e1pidos, ante lo que podr\u00eda ser una guerra por conseguir entradas. El margen entre fechas invita a pensar que por una elevada demanda se podr\u00eda desbloquear alg\u00fan concierto m\u00e1s.<\/p>\t\t\t\t\t\t\t\t<\/div>\n\t\t\t\t<\/div>\n\t\t\t\t\t<\/div>\n\t\t<\/div>\n\t\t\t\t\t<\/div>\n\t\t<\/section>\n\t\t\t\t<section class=\"elementor-section elementor-top-section elementor-element elementor-element-459f0c3 elementor-section-boxed elementor-section-height-default elementor-section-height-default\" data-id=\"459f0c3\" data-element_type=\"section\" data-e-type=\"section\">\n\t\t\t\t\t\t<div class=\"elementor-container elementor-column-gap-default\">\n\t\t\t\t\t<div class=\"elementor-column elementor-col-100 elementor-top-column elementor-element elementor-element-bac4fea\" data-id=\"bac4fea\" data-element_type=\"column\" data-e-type=\"column\">\n\t\t\t<div class=\"elementor-widget-wrap elementor-element-populated\">\n\t\t\t\t\t\t<div class=\"elementor-element elementor-element-195918a elementor-widget elementor-widget-text-editor\" data-id=\"195918a\" data-element_type=\"widget\" data-e-type=\"widget\" data-widget_type=\"text-editor.default\">\n\t\t\t\t<div class=\"elementor-widget-container\">\n\t\t\t\t\t\t\t\t\t<p>La gira producida por Live Nation arrancar\u00e1 el 16 de marzo en Lyon y actuar\u00e1 en Par\u00eds, Z\u00farich y Mil\u00e1n antes de aterrizar en Madrid. La parte europea finalizar\u00e1 en mayo tras cantar en Pa\u00edses Bajos, B\u00e9lgica, Alemania y Reino Unido. En junio y julio cantar\u00e1 por Estados Unidos en diez ciudades diferentes y despu\u00e9s ir\u00e1 a la parte sur del continente a cantar en Chile, Argentina, Brasil y M\u00e9xico. El \u00faltimo concierto ser\u00e1 el 3 de septiembre en el Coliseo de Puerto Rico, un lugar legendario para poner el broche de oro a una gira que promete mucho.<\/p>\n<h2 class=\"wp-block-heading\">LUX, el proyecto ambicioso de Rosal\u00eda<\/h2>\n<p>En la gira habr\u00e1 m\u00e1s canciones aparte de las de LUX y puede que artistas sorpresa, pero la tem\u00e1tica esta dise\u00f1ada para que este disco destaque entre sus oyentes. El trabajo grabado junto a la London Symphony Orchestra bajo la direcci\u00f3n de Dan\u00edel Bjarnason, cuenta con colaboraciones de gran peso como Bj\u00f6rk, Carminho, Estrella Morente, Silvia P\u00e9rez Cruz, Yahritza o Yves Tumor. Desde su lanzamiento,\u00a0<em>LUX<\/em>\u00a0ha cosechado cifras hist\u00f3ricas. Debut\u00f3 en el n\u00famero uno del ranking Global Top Albums de Spotify y registr\u00f3 el mayor estreno de streaming para una artista femenina en espa\u00f1ol.<\/p>\t\t\t\t\t\t\t\t<\/div>\n\t\t\t\t<\/div>\n\t\t\t\t\t<\/div>\n\t\t<\/div>\n\t\t\t\t\t<\/div>\n\t\t<\/section>\n\t\t\t\t<\/div>","protected":false},"excerpt":{"rendered":"<p>La artista espa\u00f1ola, Rosal\u00eda, anuncia una gira mundial en la que celebrar\u00e1 cuatro actuaciones en ambas ciudades espa\u00f1olas para abril Rosal\u00eda regres\u00f3 por todo lo alto con su proyecto m\u00e1s ambicioso, &#8216;Lux&#8217;, tras dos a\u00f1os de ausencia en el terreno musical. Pero el \u00e1lbum no fue suficiente, ahora toca presentarlo ante los fan\u00e1ticos y ha [&hellip;]<\/p>\n","protected":false},"author":10,"featured_media":6609,"comment_status":"closed","ping_status":"closed","sticky":false,"template":"","format":"standard","meta":{"footnotes":""},"categories":[4],"tags":[168,178,171,266,293,170,169,265,172],"class_list":["post-6607","post","type-post","status-publish","format-standard","has-post-thumbnail","hentry","category-musica","tag-disco","tag-espana","tag-gira","tag-lux","tag-lux-tour-2026","tag-movistar-arena","tag-musica","tag-rosalia","tag-tour"],"yoast_head":"<!-- This site is optimized with the Yoast SEO plugin v27.4 - https:\/\/yoast.com\/product\/yoast-seo-wordpress\/ -->\n<title>Rosal\u00eda anuncia LUX TOUR 2026 con ocho conciertos en Madrid y Barcelona &#8902; Una y Mil Letras<\/title>\n<meta name=\"description\" content=\"La artista espa\u00f1ola, Rosal\u00eda, anuncia una gira mundial en la que celebrar\u00e1 cuatro actuaciones en ambas ciudades espa\u00f1olas para abril\" \/>\n<meta name=\"robots\" content=\"index, follow, max-snippet:-1, max-image-preview:large, max-video-preview:-1\" \/>\n<link rel=\"canonical\" href=\"https:\/\/unaymilletras.com\/en\/rosalia-anuncia-lux-tour-2026-con-ocho-conciertos-en-madrid-y-barcelona\/\" \/>\n<meta property=\"og:locale\" content=\"en_GB\" \/>\n<meta property=\"og:type\" content=\"article\" \/>\n<meta property=\"og:title\" content=\"Rosal\u00eda anuncia LUX TOUR 2026 con ocho conciertos en Madrid y Barcelona &#8902; Una y Mil Letras\" \/>\n<meta property=\"og:description\" content=\"La artista espa\u00f1ola, Rosal\u00eda, anuncia una gira mundial en la que celebrar\u00e1 cuatro actuaciones en ambas ciudades espa\u00f1olas para abril\" \/>\n<meta property=\"og:url\" content=\"https:\/\/unaymilletras.com\/en\/rosalia-anuncia-lux-tour-2026-con-ocho-conciertos-en-madrid-y-barcelona\/\" \/>\n<meta property=\"og:site_name\" content=\"Una y Mil Letras\" \/>\n<meta property=\"article:published_time\" content=\"2025-12-04T14:45:16+00:00\" \/>\n<meta property=\"article:modified_time\" content=\"2025-12-04T15:28:19+00:00\" \/>\n<meta property=\"og:image\" content=\"http:\/\/unaymilletras.com\/wp-content\/uploads\/2025\/12\/6a47bdcc-8e85-eb29-0542-928fe9ed-scaled-e1764862074599.jpg\" \/>\n\t<meta property=\"og:image:width\" content=\"600\" \/>\n\t<meta property=\"og:image:height\" content=\"780\" \/>\n\t<meta property=\"og:image:type\" content=\"image\/jpeg\" \/>\n<meta name=\"author\" content=\"David Hern\u00e1ndez\" \/>\n<meta name=\"twitter:card\" content=\"summary_large_image\" \/>\n<meta name=\"twitter:creator\" content=\"@UnaYMilLetras\" \/>\n<meta name=\"twitter:site\" content=\"@UnaYMilLetras\" \/>\n<meta name=\"twitter:label1\" content=\"Written by\" \/>\n\t<meta name=\"twitter:data1\" content=\"David Hern\u00e1ndez\" \/>\n\t<meta name=\"twitter:label2\" content=\"Estimated reading time\" \/>\n\t<meta name=\"twitter:data2\" content=\"3 minutes\" \/>\n<script type=\"application\/ld+json\" class=\"yoast-schema-graph\">{\"@context\":\"https:\\\/\\\/schema.org\",\"@graph\":[{\"@type\":\"Article\",\"@id\":\"https:\\\/\\\/unaymilletras.com\\\/rosalia-anuncia-lux-tour-2026-con-ocho-conciertos-en-madrid-y-barcelona\\\/#article\",\"isPartOf\":{\"@id\":\"https:\\\/\\\/unaymilletras.com\\\/rosalia-anuncia-lux-tour-2026-con-ocho-conciertos-en-madrid-y-barcelona\\\/\"},\"author\":{\"name\":\"David Hern\u00e1ndez\",\"@id\":\"http:\\\/\\\/unaymilletras.com\\\/#\\\/schema\\\/person\\\/0c171c80bc49a58d7a8ed3394548370c\"},\"headline\":\"Rosal\u00eda anuncia LUX TOUR 2026 con ocho conciertos en Madrid y Barcelona\",\"datePublished\":\"2025-12-04T14:45:16+00:00\",\"dateModified\":\"2025-12-04T15:28:19+00:00\",\"mainEntityOfPage\":{\"@id\":\"https:\\\/\\\/unaymilletras.com\\\/rosalia-anuncia-lux-tour-2026-con-ocho-conciertos-en-madrid-y-barcelona\\\/\"},\"wordCount\":485,\"publisher\":{\"@id\":\"http:\\\/\\\/unaymilletras.com\\\/#organization\"},\"image\":{\"@id\":\"https:\\\/\\\/unaymilletras.com\\\/rosalia-anuncia-lux-tour-2026-con-ocho-conciertos-en-madrid-y-barcelona\\\/#primaryimage\"},\"thumbnailUrl\":\"https:\\\/\\\/unaymilletras.com\\\/wp-content\\\/uploads\\\/2025\\\/12\\\/6a47bdcc-8e85-eb29-0542-928fe9ed-scaled-e1764862074599.jpg\",\"keywords\":[\"disco\",\"Espa\u00f1a\",\"Gira\",\"Lux\",\"Lux Tour 2026\",\"Movistar Arena\",\"musica\",\"Rosal\u00eda\",\"Tour\"],\"articleSection\":[\"M\u00fasica\"],\"inLanguage\":\"en-GB\"},{\"@type\":\"WebPage\",\"@id\":\"https:\\\/\\\/unaymilletras.com\\\/rosalia-anuncia-lux-tour-2026-con-ocho-conciertos-en-madrid-y-barcelona\\\/\",\"url\":\"https:\\\/\\\/unaymilletras.com\\\/rosalia-anuncia-lux-tour-2026-con-ocho-conciertos-en-madrid-y-barcelona\\\/\",\"name\":\"Rosal\u00eda anuncia LUX TOUR 2026 con ocho conciertos en Madrid y Barcelona &#8902; Una y Mil Letras\",\"isPartOf\":{\"@id\":\"http:\\\/\\\/unaymilletras.com\\\/#website\"},\"primaryImageOfPage\":{\"@id\":\"https:\\\/\\\/unaymilletras.com\\\/rosalia-anuncia-lux-tour-2026-con-ocho-conciertos-en-madrid-y-barcelona\\\/#primaryimage\"},\"image\":{\"@id\":\"https:\\\/\\\/unaymilletras.com\\\/rosalia-anuncia-lux-tour-2026-con-ocho-conciertos-en-madrid-y-barcelona\\\/#primaryimage\"},\"thumbnailUrl\":\"https:\\\/\\\/unaymilletras.com\\\/wp-content\\\/uploads\\\/2025\\\/12\\\/6a47bdcc-8e85-eb29-0542-928fe9ed-scaled-e1764862074599.jpg\",\"datePublished\":\"2025-12-04T14:45:16+00:00\",\"dateModified\":\"2025-12-04T15:28:19+00:00\",\"description\":\"La artista espa\u00f1ola, Rosal\u00eda, anuncia una gira mundial en la que celebrar\u00e1 cuatro actuaciones en ambas ciudades espa\u00f1olas para abril\",\"breadcrumb\":{\"@id\":\"https:\\\/\\\/unaymilletras.com\\\/rosalia-anuncia-lux-tour-2026-con-ocho-conciertos-en-madrid-y-barcelona\\\/#breadcrumb\"},\"inLanguage\":\"en-GB\",\"potentialAction\":[{\"@type\":\"ReadAction\",\"target\":[\"https:\\\/\\\/unaymilletras.com\\\/rosalia-anuncia-lux-tour-2026-con-ocho-conciertos-en-madrid-y-barcelona\\\/\"]}]},{\"@type\":\"ImageObject\",\"inLanguage\":\"en-GB\",\"@id\":\"https:\\\/\\\/unaymilletras.com\\\/rosalia-anuncia-lux-tour-2026-con-ocho-conciertos-en-madrid-y-barcelona\\\/#primaryimage\",\"url\":\"https:\\\/\\\/unaymilletras.com\\\/wp-content\\\/uploads\\\/2025\\\/12\\\/6a47bdcc-8e85-eb29-0542-928fe9ed-scaled-e1764862074599.jpg\",\"contentUrl\":\"https:\\\/\\\/unaymilletras.com\\\/wp-content\\\/uploads\\\/2025\\\/12\\\/6a47bdcc-8e85-eb29-0542-928fe9ed-scaled-e1764862074599.jpg\",\"width\":600,\"height\":780,\"caption\":\"Rosal\u00eda\"},{\"@type\":\"BreadcrumbList\",\"@id\":\"https:\\\/\\\/unaymilletras.com\\\/rosalia-anuncia-lux-tour-2026-con-ocho-conciertos-en-madrid-y-barcelona\\\/#breadcrumb\",\"itemListElement\":[{\"@type\":\"ListItem\",\"position\":1,\"name\":\"Home\",\"item\":\"http:\\\/\\\/unaymilletras.com\\\/\"},{\"@type\":\"ListItem\",\"position\":2,\"name\":\"Rosal\u00eda anuncia LUX TOUR 2026 con ocho conciertos en Madrid y Barcelona\"}]},{\"@type\":\"WebSite\",\"@id\":\"http:\\\/\\\/unaymilletras.com\\\/#website\",\"url\":\"http:\\\/\\\/unaymilletras.com\\\/\",\"name\":\"Una y Mil Letras\",\"description\":\"\",\"publisher\":{\"@id\":\"http:\\\/\\\/unaymilletras.com\\\/#organization\"},\"potentialAction\":[{\"@type\":\"SearchAction\",\"target\":{\"@type\":\"EntryPoint\",\"urlTemplate\":\"http:\\\/\\\/unaymilletras.com\\\/?s={search_term_string}\"},\"query-input\":{\"@type\":\"PropertyValueSpecification\",\"valueRequired\":true,\"valueName\":\"search_term_string\"}}],\"inLanguage\":\"en-GB\"},{\"@type\":\"Organization\",\"@id\":\"http:\\\/\\\/unaymilletras.com\\\/#organization\",\"name\":\"Una y Mil Letras\",\"url\":\"http:\\\/\\\/unaymilletras.com\\\/\",\"logo\":{\"@type\":\"ImageObject\",\"inLanguage\":\"en-GB\",\"@id\":\"http:\\\/\\\/unaymilletras.com\\\/#\\\/schema\\\/logo\\\/image\\\/\",\"url\":\"https:\\\/\\\/unaymilletras.com\\\/wp-content\\\/uploads\\\/2024\\\/06\\\/cropped-Logo-removebg-preview.png\",\"contentUrl\":\"https:\\\/\\\/unaymilletras.com\\\/wp-content\\\/uploads\\\/2024\\\/06\\\/cropped-Logo-removebg-preview.png\",\"width\":512,\"height\":512,\"caption\":\"Una y Mil Letras\"},\"image\":{\"@id\":\"http:\\\/\\\/unaymilletras.com\\\/#\\\/schema\\\/logo\\\/image\\\/\"},\"sameAs\":[\"https:\\\/\\\/x.com\\\/UnaYMilLetras\",\"https:\\\/\\\/instagram.com\\\/UnaYMilLetras\"]},{\"@type\":\"Person\",\"@id\":\"http:\\\/\\\/unaymilletras.com\\\/#\\\/schema\\\/person\\\/0c171c80bc49a58d7a8ed3394548370c\",\"name\":\"David Hern\u00e1ndez\",\"image\":{\"@type\":\"ImageObject\",\"inLanguage\":\"en-GB\",\"@id\":\"https:\\\/\\\/secure.gravatar.com\\\/avatar\\\/86739d73874dcbc11e4278af33fb905704f5c29329727efb3b0e0bc838b0d469?s=96&d=mm&r=g\",\"url\":\"https:\\\/\\\/secure.gravatar.com\\\/avatar\\\/86739d73874dcbc11e4278af33fb905704f5c29329727efb3b0e0bc838b0d469?s=96&d=mm&r=g\",\"contentUrl\":\"https:\\\/\\\/secure.gravatar.com\\\/avatar\\\/86739d73874dcbc11e4278af33fb905704f5c29329727efb3b0e0bc838b0d469?s=96&d=mm&r=g\",\"caption\":\"David Hern\u00e1ndez\"},\"url\":\"https:\\\/\\\/unaymilletras.com\\\/en\\\/author\\\/davidesel\\\/\"}]}<\/script>\n<!-- \/ Yoast SEO plugin. -->","yoast_head_json":{"title":"Rosal\u00eda anuncia LUX TOUR 2026 con ocho conciertos en Madrid y Barcelona &#8902; Una y Mil Letras","description":"La artista espa\u00f1ola, Rosal\u00eda, anuncia una gira mundial en la que celebrar\u00e1 cuatro actuaciones en ambas ciudades espa\u00f1olas para abril","robots":{"index":"index","follow":"follow","max-snippet":"max-snippet:-1","max-image-preview":"max-image-preview:large","max-video-preview":"max-video-preview:-1"},"canonical":"https:\/\/unaymilletras.com\/en\/rosalia-anuncia-lux-tour-2026-con-ocho-conciertos-en-madrid-y-barcelona\/","og_locale":"en_GB","og_type":"article","og_title":"Rosal\u00eda anuncia LUX TOUR 2026 con ocho conciertos en Madrid y Barcelona &#8902; Una y Mil Letras","og_description":"La artista espa\u00f1ola, Rosal\u00eda, anuncia una gira mundial en la que celebrar\u00e1 cuatro actuaciones en ambas ciudades espa\u00f1olas para abril","og_url":"https:\/\/unaymilletras.com\/en\/rosalia-anuncia-lux-tour-2026-con-ocho-conciertos-en-madrid-y-barcelona\/","og_site_name":"Una y Mil Letras","article_published_time":"2025-12-04T14:45:16+00:00","article_modified_time":"2025-12-04T15:28:19+00:00","og_image":[{"width":600,"height":780,"url":"http:\/\/unaymilletras.com\/wp-content\/uploads\/2025\/12\/6a47bdcc-8e85-eb29-0542-928fe9ed-scaled-e1764862074599.jpg","type":"image\/jpeg"}],"author":"David Hern\u00e1ndez","twitter_card":"summary_large_image","twitter_creator":"@UnaYMilLetras","twitter_site":"@UnaYMilLetras","twitter_misc":{"Written by":"David Hern\u00e1ndez","Estimated reading time":"3 minutes"},"schema":{"@context":"https:\/\/schema.org","@graph":[{"@type":"Article","@id":"https:\/\/unaymilletras.com\/rosalia-anuncia-lux-tour-2026-con-ocho-conciertos-en-madrid-y-barcelona\/#article","isPartOf":{"@id":"https:\/\/unaymilletras.com\/rosalia-anuncia-lux-tour-2026-con-ocho-conciertos-en-madrid-y-barcelona\/"},"author":{"name":"David Hern\u00e1ndez","@id":"http:\/\/unaymilletras.com\/#\/schema\/person\/0c171c80bc49a58d7a8ed3394548370c"},"headline":"Rosal\u00eda anuncia LUX TOUR 2026 con ocho conciertos en Madrid y Barcelona","datePublished":"2025-12-04T14:45:16+00:00","dateModified":"2025-12-04T15:28:19+00:00","mainEntityOfPage":{"@id":"https:\/\/unaymilletras.com\/rosalia-anuncia-lux-tour-2026-con-ocho-conciertos-en-madrid-y-barcelona\/"},"wordCount":485,"publisher":{"@id":"http:\/\/unaymilletras.com\/#organization"},"image":{"@id":"https:\/\/unaymilletras.com\/rosalia-anuncia-lux-tour-2026-con-ocho-conciertos-en-madrid-y-barcelona\/#primaryimage"},"thumbnailUrl":"https:\/\/unaymilletras.com\/wp-content\/uploads\/2025\/12\/6a47bdcc-8e85-eb29-0542-928fe9ed-scaled-e1764862074599.jpg","keywords":["disco","Espa\u00f1a","Gira","Lux","Lux Tour 2026","Movistar Arena","musica","Rosal\u00eda","Tour"],"articleSection":["M\u00fasica"],"inLanguage":"en-GB"},{"@type":"WebPage","@id":"https:\/\/unaymilletras.com\/rosalia-anuncia-lux-tour-2026-con-ocho-conciertos-en-madrid-y-barcelona\/","url":"https:\/\/unaymilletras.com\/rosalia-anuncia-lux-tour-2026-con-ocho-conciertos-en-madrid-y-barcelona\/","name":"Rosal\u00eda anuncia LUX TOUR 2026 con ocho conciertos en Madrid y Barcelona &#8902; Una y Mil Letras","isPartOf":{"@id":"http:\/\/unaymilletras.com\/#website"},"primaryImageOfPage":{"@id":"https:\/\/unaymilletras.com\/rosalia-anuncia-lux-tour-2026-con-ocho-conciertos-en-madrid-y-barcelona\/#primaryimage"},"image":{"@id":"https:\/\/unaymilletras.com\/rosalia-anuncia-lux-tour-2026-con-ocho-conciertos-en-madrid-y-barcelona\/#primaryimage"},"thumbnailUrl":"https:\/\/unaymilletras.com\/wp-content\/uploads\/2025\/12\/6a47bdcc-8e85-eb29-0542-928fe9ed-scaled-e1764862074599.jpg","datePublished":"2025-12-04T14:45:16+00:00","dateModified":"2025-12-04T15:28:19+00:00","description":"La artista espa\u00f1ola, Rosal\u00eda, anuncia una gira mundial en la que celebrar\u00e1 cuatro actuaciones en ambas ciudades espa\u00f1olas para abril","breadcrumb":{"@id":"https:\/\/unaymilletras.com\/rosalia-anuncia-lux-tour-2026-con-ocho-conciertos-en-madrid-y-barcelona\/#breadcrumb"},"inLanguage":"en-GB","potentialAction":[{"@type":"ReadAction","target":["https:\/\/unaymilletras.com\/rosalia-anuncia-lux-tour-2026-con-ocho-conciertos-en-madrid-y-barcelona\/"]}]},{"@type":"ImageObject","inLanguage":"en-GB","@id":"https:\/\/unaymilletras.com\/rosalia-anuncia-lux-tour-2026-con-ocho-conciertos-en-madrid-y-barcelona\/#primaryimage","url":"https:\/\/unaymilletras.com\/wp-content\/uploads\/2025\/12\/6a47bdcc-8e85-eb29-0542-928fe9ed-scaled-e1764862074599.jpg","contentUrl":"https:\/\/unaymilletras.com\/wp-content\/uploads\/2025\/12\/6a47bdcc-8e85-eb29-0542-928fe9ed-scaled-e1764862074599.jpg","width":600,"height":780,"caption":"Rosal\u00eda"},{"@type":"BreadcrumbList","@id":"https:\/\/unaymilletras.com\/rosalia-anuncia-lux-tour-2026-con-ocho-conciertos-en-madrid-y-barcelona\/#breadcrumb","itemListElement":[{"@type":"ListItem","position":1,"name":"Home","item":"http:\/\/unaymilletras.com\/"},{"@type":"ListItem","position":2,"name":"Rosal\u00eda anuncia LUX TOUR 2026 con ocho conciertos en Madrid y Barcelona"}]},{"@type":"WebSite","@id":"http:\/\/unaymilletras.com\/#website","url":"http:\/\/unaymilletras.com\/","name":"Una y Mil Letras","description":"","publisher":{"@id":"http:\/\/unaymilletras.com\/#organization"},"potentialAction":[{"@type":"SearchAction","target":{"@type":"EntryPoint","urlTemplate":"http:\/\/unaymilletras.com\/?s={search_term_string}"},"query-input":{"@type":"PropertyValueSpecification","valueRequired":true,"valueName":"search_term_string"}}],"inLanguage":"en-GB"},{"@type":"Organization","@id":"http:\/\/unaymilletras.com\/#organization","name":"Una y Mil Letras","url":"http:\/\/unaymilletras.com\/","logo":{"@type":"ImageObject","inLanguage":"en-GB","@id":"http:\/\/unaymilletras.com\/#\/schema\/logo\/image\/","url":"https:\/\/unaymilletras.com\/wp-content\/uploads\/2024\/06\/cropped-Logo-removebg-preview.png","contentUrl":"https:\/\/unaymilletras.com\/wp-content\/uploads\/2024\/06\/cropped-Logo-removebg-preview.png","width":512,"height":512,"caption":"Una y Mil Letras"},"image":{"@id":"http:\/\/unaymilletras.com\/#\/schema\/logo\/image\/"},"sameAs":["https:\/\/x.com\/UnaYMilLetras","https:\/\/instagram.com\/UnaYMilLetras"]},{"@type":"Person","@id":"http:\/\/unaymilletras.com\/#\/schema\/person\/0c171c80bc49a58d7a8ed3394548370c","name":"David Hern\u00e1ndez","image":{"@type":"ImageObject","inLanguage":"en-GB","@id":"https:\/\/secure.gravatar.com\/avatar\/86739d73874dcbc11e4278af33fb905704f5c29329727efb3b0e0bc838b0d469?s=96&d=mm&r=g","url":"https:\/\/secure.gravatar.com\/avatar\/86739d73874dcbc11e4278af33fb905704f5c29329727efb3b0e0bc838b0d469?s=96&d=mm&r=g","contentUrl":"https:\/\/secure.gravatar.com\/avatar\/86739d73874dcbc11e4278af33fb905704f5c29329727efb3b0e0bc838b0d469?s=96&d=mm&r=g","caption":"David Hern\u00e1ndez"},"url":"https:\/\/unaymilletras.com\/en\/author\/davidesel\/"}]}},"_links":{"self":[{"href":"https:\/\/unaymilletras.com\/en\/wp-json\/wp\/v2\/posts\/6607","targetHints":{"allow":["GET"]}}],"collection":[{"href":"https:\/\/unaymilletras.com\/en\/wp-json\/wp\/v2\/posts"}],"about":[{"href":"https:\/\/unaymilletras.com\/en\/wp-json\/wp\/v2\/types\/post"}],"author":[{"embeddable":true,"href":"https:\/\/unaymilletras.com\/en\/wp-json\/wp\/v2\/users\/10"}],"replies":[{"embeddable":true,"href":"https:\/\/unaymilletras.com\/en\/wp-json\/wp\/v2\/comments?post=6607"}],"version-history":[{"count":7,"href":"https:\/\/unaymilletras.com\/en\/wp-json\/wp\/v2\/posts\/6607\/revisions"}],"predecessor-version":[{"id":6615,"href":"https:\/\/unaymilletras.com\/en\/wp-json\/wp\/v2\/posts\/6607\/revisions\/6615"}],"wp:featuredmedia":[{"embeddable":true,"href":"https:\/\/unaymilletras.com\/en\/wp-json\/wp\/v2\/media\/6609"}],"wp:attachment":[{"href":"https:\/\/unaymilletras.com\/en\/wp-json\/wp\/v2\/media?parent=6607"}],"wp:term":[{"taxonomy":"category","embeddable":true,"href":"https:\/\/unaymilletras.com\/en\/wp-json\/wp\/v2\/categories?post=6607"},{"taxonomy":"post_tag","embeddable":true,"href":"https:\/\/unaymilletras.com\/en\/wp-json\/wp\/v2\/tags?post=6607"}],"curies":[{"name":"wp","href":"https:\/\/api.w.org\/{rel}","templated":true}]}}