{"id":6622,"date":"2025-12-07T20:00:00","date_gmt":"2025-12-07T19:00:00","guid":{"rendered":"https:\/\/unaymilletras.com\/?p=6622"},"modified":"2025-12-04T19:28:14","modified_gmt":"2025-12-04T18:28:14","slug":"bresh-llega-por-primera-vez-al-riyadh-air-metropolitano-sobre-hielo","status":"publish","type":"post","link":"https:\/\/unaymilletras.com\/en\/bresh-llega-por-primera-vez-al-riyadh-air-metropolitano-sobre-hielo\/","title":{"rendered":"Bresh llega por primera vez al Riyadh Air Metropolitano sobre hielo"},"content":{"rendered":"<div data-elementor-type=\"wp-post\" data-elementor-id=\"6622\" class=\"elementor elementor-6622\">\n\t\t\t\t\t\t<section class=\"elementor-section elementor-top-section elementor-element elementor-element-6154ae3 elementor-section-boxed elementor-section-height-default elementor-section-height-default\" data-id=\"6154ae3\" data-element_type=\"section\" data-e-type=\"section\">\n\t\t\t\t\t\t<div class=\"elementor-container elementor-column-gap-default\">\n\t\t\t\t\t<div class=\"elementor-column elementor-col-100 elementor-top-column elementor-element elementor-element-de799f9\" data-id=\"de799f9\" data-element_type=\"column\" data-e-type=\"column\">\n\t\t\t<div class=\"elementor-widget-wrap elementor-element-populated\">\n\t\t\t\t\t\t<div class=\"elementor-element elementor-element-7fb1547 elementor-widget elementor-widget-text-editor\" data-id=\"7fb1547\" data-element_type=\"widget\" data-e-type=\"widget\" data-widget_type=\"text-editor.default\">\n\t\t\t\t<div class=\"elementor-widget-container\">\n\t\t\t\t\t\t\t\t\t<h2 style=\"text-align: center;\"><span style=\"color: #808080;\"><em>La fiesta m\u00e1s linda, Bresh, del mundo se une a Madrid On Ice para ofrecer una experiencia \u00fanica el 27 de diciembre<\/em><\/span><\/h2>\t\t\t\t\t\t\t\t<\/div>\n\t\t\t\t<\/div>\n\t\t\t\t\t<\/div>\n\t\t<\/div>\n\t\t\t\t\t<\/div>\n\t\t<\/section>\n\t\t\t\t<section class=\"elementor-section elementor-top-section elementor-element elementor-element-1197044 elementor-section-boxed elementor-section-height-default elementor-section-height-default\" data-id=\"1197044\" data-element_type=\"section\" data-e-type=\"section\">\n\t\t\t\t\t\t<div class=\"elementor-container elementor-column-gap-default\">\n\t\t\t\t\t<div class=\"elementor-column elementor-col-100 elementor-top-column elementor-element elementor-element-4d3380e\" data-id=\"4d3380e\" data-element_type=\"column\" data-e-type=\"column\">\n\t\t\t<div class=\"elementor-widget-wrap elementor-element-populated\">\n\t\t\t\t\t\t<div class=\"elementor-element elementor-element-f680423 elementor-widget elementor-widget-text-editor\" data-id=\"f680423\" data-element_type=\"widget\" data-e-type=\"widget\" data-widget_type=\"text-editor.default\">\n\t\t\t\t<div class=\"elementor-widget-container\">\n\t\t\t\t\t\t\t\t\t<p data-start=\"434\" data-end=\"823\">Bresh vuelve a sorprender en Madrid con un formato nunca visto. La fiesta aterriza por primera vez en el <strong data-start=\"539\" data-end=\"567\">Riyadh Air Metropolitano<\/strong> con una edici\u00f3n especial sobre hielo dentro del evento <strong data-start=\"623\" data-end=\"640\">Madrid On Ice<\/strong>. La cita ser\u00e1 el <strong data-start=\"658\" data-end=\"677\">27 de diciembre<\/strong>, de <strong data-start=\"682\" data-end=\"699\">16:00 a 23:00<\/strong>, y promete una experiencia inmersiva que mezcla m\u00fasica, patinaje y esp\u00edritu navide\u00f1o.<\/p>\n<p data-start=\"825\" data-end=\"1257\">El estadio se convertir\u00e1 en un gran espacio festivo con pistas de hielo, espect\u00e1culos y actividades para todas las edades. Por primera vez, los asistentes podr\u00e1n <strong data-start=\"987\" data-end=\"1007\">bailar y patinar<\/strong> al ritmo de Bresh sobre una de las pistas de hielo m\u00e1s grandes de Europa. La esencia visual y energ\u00e9tica de la fiesta se adaptar\u00e1 a este nuevo entorno, creando un show pensado exclusivamente para esta temporada.<\/p>\t\t\t\t\t\t\t\t<\/div>\n\t\t\t\t<\/div>\n\t\t\t\t\t<\/div>\n\t\t<\/div>\n\t\t\t\t\t<\/div>\n\t\t<\/section>\n\t\t\t\t<section class=\"elementor-section elementor-top-section elementor-element elementor-element-caa4ce9 elementor-section-boxed elementor-section-height-default elementor-section-height-default\" data-id=\"caa4ce9\" data-element_type=\"section\" data-e-type=\"section\">\n\t\t\t\t\t\t<div class=\"elementor-container elementor-column-gap-default\">\n\t\t\t\t\t<div class=\"elementor-column elementor-col-50 elementor-top-column elementor-element elementor-element-21a4992\" data-id=\"21a4992\" data-element_type=\"column\" data-e-type=\"column\">\n\t\t\t<div class=\"elementor-widget-wrap elementor-element-populated\">\n\t\t\t\t\t\t<div class=\"elementor-element elementor-element-d55c112 elementor-widget elementor-widget-text-editor\" data-id=\"d55c112\" data-element_type=\"widget\" data-e-type=\"widget\" data-widget_type=\"text-editor.default\">\n\t\t\t\t<div class=\"elementor-widget-container\">\n\t\t\t\t\t\t\t\t\t<p data-start=\"1259\" data-end=\"1621\">La jornada incluir\u00e1 la selecci\u00f3n musical habitual del equipo Bresh y su caracter\u00edstico despliegue esc\u00e9nico. Tambi\u00e9n habr\u00e1 <strong data-start=\"1381\" data-end=\"1442\">foodtrucks, zonas gastron\u00f3micas y actividades tematizadas<\/strong>, integradas dentro del recorrido navide\u00f1o de Madrid On Ice. El objetivo es ofrecer una propuesta ampliada, divertida y totalmente inmersiva.\u00a0<\/p>\n<p data-start=\"1623\" data-end=\"1908\">Desde Bresh aseguran que ser\u00e1 una edici\u00f3n irrepetible. \u201cUna experiencia inmersiva dentro de Madrid On Ice, donde vas a poder patinar, bailar y vivir un show incre\u00edble en uno de los escenarios m\u00e1s ic\u00f3nicos de Madrid\u201d, afirman desde la organizaci\u00f3n.<\/p>\t\t\t\t\t\t\t\t<\/div>\n\t\t\t\t<\/div>\n\t\t\t\t\t<\/div>\n\t\t<\/div>\n\t\t\t\t<div class=\"elementor-column elementor-col-50 elementor-top-column elementor-element elementor-element-2dd7648\" data-id=\"2dd7648\" data-element_type=\"column\" data-e-type=\"column\">\n\t\t\t<div class=\"elementor-widget-wrap elementor-element-populated\">\n\t\t\t\t\t\t<div class=\"elementor-element elementor-element-c31e005 elementor-widget elementor-widget-image\" data-id=\"c31e005\" data-element_type=\"widget\" data-e-type=\"widget\" data-widget_type=\"image.default\">\n\t\t\t\t<div class=\"elementor-widget-container\">\n\t\t\t\t\t\t\t\t\t\t\t\t\t\t\t<img fetchpriority=\"high\" decoding=\"async\" width=\"640\" height=\"853\" src=\"https:\/\/unaymilletras.com\/wp-content\/uploads\/2025\/12\/Feed-Logo-pn-ice-1080x1440_-768x1024.png\" class=\"attachment-large size-large wp-image-6624\" alt=\"\" srcset=\"https:\/\/unaymilletras.com\/wp-content\/uploads\/2025\/12\/Feed-Logo-pn-ice-1080x1440_-768x1024.png 768w, https:\/\/unaymilletras.com\/wp-content\/uploads\/2025\/12\/Feed-Logo-pn-ice-1080x1440_-225x300.png 225w, https:\/\/unaymilletras.com\/wp-content\/uploads\/2025\/12\/Feed-Logo-pn-ice-1080x1440_-9x12.png 9w, https:\/\/unaymilletras.com\/wp-content\/uploads\/2025\/12\/Feed-Logo-pn-ice-1080x1440_-1024x1365.png 1024w, https:\/\/unaymilletras.com\/wp-content\/uploads\/2025\/12\/Feed-Logo-pn-ice-1080x1440_-e1764872797478.png 600w\" sizes=\"(max-width: 640px) 100vw, 640px\" \/>\t\t\t\t\t\t\t\t\t\t\t\t\t\t\t<\/div>\n\t\t\t\t<\/div>\n\t\t\t\t\t<\/div>\n\t\t<\/div>\n\t\t\t\t\t<\/div>\n\t\t<\/section>\n\t\t\t\t<section class=\"elementor-section elementor-top-section elementor-element elementor-element-f6e7722 elementor-section-boxed elementor-section-height-default elementor-section-height-default\" data-id=\"f6e7722\" data-element_type=\"section\" data-e-type=\"section\">\n\t\t\t\t\t\t<div class=\"elementor-container elementor-column-gap-default\">\n\t\t\t\t\t<div class=\"elementor-column elementor-col-100 elementor-top-column elementor-element elementor-element-ec926e5\" data-id=\"ec926e5\" data-element_type=\"column\" data-e-type=\"column\">\n\t\t\t<div class=\"elementor-widget-wrap elementor-element-populated\">\n\t\t\t\t\t\t<div class=\"elementor-element elementor-element-a0bc228 elementor-widget elementor-widget-text-editor\" data-id=\"a0bc228\" data-element_type=\"widget\" data-e-type=\"widget\" data-widget_type=\"text-editor.default\">\n\t\t\t\t<div class=\"elementor-widget-container\">\n\t\t\t\t\t\t\t\t\t<p>Las entradas ya est\u00e1n disponibles a trav\u00e9s de <a href=\"http:\/\/fiestabresh.com\"><strong data-start=\"1956\" data-end=\"1975\">fiestabresh.com<\/strong><\/a>.<\/p>\t\t\t\t\t\t\t\t<\/div>\n\t\t\t\t<\/div>\n\t\t\t\t\t<\/div>\n\t\t<\/div>\n\t\t\t\t\t<\/div>\n\t\t<\/section>\n\t\t\t\t<\/div>","protected":false},"excerpt":{"rendered":"<p>La fiesta m\u00e1s linda, Bresh, del mundo se une a Madrid On Ice para ofrecer una experiencia \u00fanica el 27 de diciembre Bresh vuelve a sorprender en Madrid con un formato nunca visto. La fiesta aterriza por primera vez en el Riyadh Air Metropolitano con una edici\u00f3n especial sobre hielo dentro del evento Madrid On [&hellip;]<\/p>\n","protected":false},"author":6,"featured_media":6624,"comment_status":"closed","ping_status":"closed","sticky":false,"template":"","format":"standard","meta":{"footnotes":""},"categories":[4],"tags":[],"class_list":["post-6622","post","type-post","status-publish","format-standard","has-post-thumbnail","hentry","category-musica"],"yoast_head":"<!-- This site is optimized with the Yoast SEO plugin v27.4 - https:\/\/yoast.com\/product\/yoast-seo-wordpress\/ -->\n<title>Bresh llega por primera vez al Riyadh Air Metropolitano sobre hielo<\/title>\n<meta name=\"description\" content=\"La fiesta m\u00e1s linda, Bresh, del mundo se une a Madrid On Ice para ofrecer una experiencia \u00fanica el 27 de diciembre\" \/>\n<meta name=\"robots\" content=\"index, follow, max-snippet:-1, max-image-preview:large, max-video-preview:-1\" \/>\n<link rel=\"canonical\" href=\"https:\/\/unaymilletras.com\/en\/bresh-llega-por-primera-vez-al-riyadh-air-metropolitano-sobre-hielo\/\" \/>\n<meta property=\"og:locale\" content=\"en_GB\" \/>\n<meta property=\"og:type\" content=\"article\" \/>\n<meta property=\"og:title\" content=\"Bresh llega por primera vez al Riyadh Air Metropolitano sobre hielo\" \/>\n<meta property=\"og:description\" content=\"La fiesta m\u00e1s linda, Bresh, del mundo se une a Madrid On Ice para ofrecer una experiencia \u00fanica el 27 de diciembre\" \/>\n<meta property=\"og:url\" content=\"https:\/\/unaymilletras.com\/en\/bresh-llega-por-primera-vez-al-riyadh-air-metropolitano-sobre-hielo\/\" \/>\n<meta property=\"og:site_name\" content=\"Una y Mil Letras\" \/>\n<meta property=\"article:published_time\" content=\"2025-12-07T19:00:00+00:00\" \/>\n<meta property=\"og:image\" content=\"https:\/\/unaymilletras.com\/wp-content\/uploads\/2025\/12\/Feed-Logo-pn-ice-1080x1440_-e1764872797478.png\" \/>\n\t<meta property=\"og:image:width\" content=\"600\" \/>\n\t<meta property=\"og:image:height\" content=\"800\" \/>\n\t<meta property=\"og:image:type\" content=\"image\/png\" \/>\n<meta name=\"author\" content=\"Redacci\u00f3n\" \/>\n<meta name=\"twitter:card\" content=\"summary_large_image\" \/>\n<meta name=\"twitter:creator\" content=\"@UnaYMilLetras\" \/>\n<meta name=\"twitter:site\" content=\"@UnaYMilLetras\" \/>\n<meta name=\"twitter:label1\" content=\"Written by\" \/>\n\t<meta name=\"twitter:data1\" content=\"Redacci\u00f3n\" \/>\n\t<meta name=\"twitter:label2\" content=\"Estimated reading time\" \/>\n\t<meta name=\"twitter:data2\" content=\"2 minutes\" \/>\n<script type=\"application\/ld+json\" class=\"yoast-schema-graph\">{\"@context\":\"https:\\\/\\\/schema.org\",\"@graph\":[{\"@type\":\"Article\",\"@id\":\"https:\\\/\\\/unaymilletras.com\\\/bresh-llega-por-primera-vez-al-riyadh-air-metropolitano-sobre-hielo\\\/#article\",\"isPartOf\":{\"@id\":\"https:\\\/\\\/unaymilletras.com\\\/bresh-llega-por-primera-vez-al-riyadh-air-metropolitano-sobre-hielo\\\/\"},\"author\":{\"name\":\"Redacci\u00f3n\",\"@id\":\"http:\\\/\\\/unaymilletras.com\\\/#\\\/schema\\\/person\\\/0860dc8a218329991ee2c7591f4f849d\"},\"headline\":\"Bresh llega por primera vez al Riyadh Air Metropolitano sobre hielo\",\"datePublished\":\"2025-12-07T19:00:00+00:00\",\"mainEntityOfPage\":{\"@id\":\"https:\\\/\\\/unaymilletras.com\\\/bresh-llega-por-primera-vez-al-riyadh-air-metropolitano-sobre-hielo\\\/\"},\"wordCount\":267,\"publisher\":{\"@id\":\"http:\\\/\\\/unaymilletras.com\\\/#organization\"},\"image\":{\"@id\":\"https:\\\/\\\/unaymilletras.com\\\/bresh-llega-por-primera-vez-al-riyadh-air-metropolitano-sobre-hielo\\\/#primaryimage\"},\"thumbnailUrl\":\"https:\\\/\\\/unaymilletras.com\\\/wp-content\\\/uploads\\\/2025\\\/12\\\/Feed-Logo-pn-ice-1080x1440_-e1764872797478.png\",\"articleSection\":[\"M\u00fasica\"],\"inLanguage\":\"en-GB\"},{\"@type\":\"WebPage\",\"@id\":\"https:\\\/\\\/unaymilletras.com\\\/bresh-llega-por-primera-vez-al-riyadh-air-metropolitano-sobre-hielo\\\/\",\"url\":\"https:\\\/\\\/unaymilletras.com\\\/bresh-llega-por-primera-vez-al-riyadh-air-metropolitano-sobre-hielo\\\/\",\"name\":\"Bresh llega por primera vez al Riyadh Air Metropolitano sobre hielo\",\"isPartOf\":{\"@id\":\"http:\\\/\\\/unaymilletras.com\\\/#website\"},\"primaryImageOfPage\":{\"@id\":\"https:\\\/\\\/unaymilletras.com\\\/bresh-llega-por-primera-vez-al-riyadh-air-metropolitano-sobre-hielo\\\/#primaryimage\"},\"image\":{\"@id\":\"https:\\\/\\\/unaymilletras.com\\\/bresh-llega-por-primera-vez-al-riyadh-air-metropolitano-sobre-hielo\\\/#primaryimage\"},\"thumbnailUrl\":\"https:\\\/\\\/unaymilletras.com\\\/wp-content\\\/uploads\\\/2025\\\/12\\\/Feed-Logo-pn-ice-1080x1440_-e1764872797478.png\",\"datePublished\":\"2025-12-07T19:00:00+00:00\",\"description\":\"La fiesta m\u00e1s linda, Bresh, del mundo se une a Madrid On Ice para ofrecer una experiencia \u00fanica el 27 de diciembre\",\"breadcrumb\":{\"@id\":\"https:\\\/\\\/unaymilletras.com\\\/bresh-llega-por-primera-vez-al-riyadh-air-metropolitano-sobre-hielo\\\/#breadcrumb\"},\"inLanguage\":\"en-GB\",\"potentialAction\":[{\"@type\":\"ReadAction\",\"target\":[\"https:\\\/\\\/unaymilletras.com\\\/bresh-llega-por-primera-vez-al-riyadh-air-metropolitano-sobre-hielo\\\/\"]}]},{\"@type\":\"ImageObject\",\"inLanguage\":\"en-GB\",\"@id\":\"https:\\\/\\\/unaymilletras.com\\\/bresh-llega-por-primera-vez-al-riyadh-air-metropolitano-sobre-hielo\\\/#primaryimage\",\"url\":\"https:\\\/\\\/unaymilletras.com\\\/wp-content\\\/uploads\\\/2025\\\/12\\\/Feed-Logo-pn-ice-1080x1440_-e1764872797478.png\",\"contentUrl\":\"https:\\\/\\\/unaymilletras.com\\\/wp-content\\\/uploads\\\/2025\\\/12\\\/Feed-Logo-pn-ice-1080x1440_-e1764872797478.png\",\"width\":600,\"height\":800},{\"@type\":\"BreadcrumbList\",\"@id\":\"https:\\\/\\\/unaymilletras.com\\\/bresh-llega-por-primera-vez-al-riyadh-air-metropolitano-sobre-hielo\\\/#breadcrumb\",\"itemListElement\":[{\"@type\":\"ListItem\",\"position\":1,\"name\":\"Home\",\"item\":\"http:\\\/\\\/unaymilletras.com\\\/\"},{\"@type\":\"ListItem\",\"position\":2,\"name\":\"Bresh llega por primera vez al Riyadh Air Metropolitano sobre hielo\"}]},{\"@type\":\"WebSite\",\"@id\":\"http:\\\/\\\/unaymilletras.com\\\/#website\",\"url\":\"http:\\\/\\\/unaymilletras.com\\\/\",\"name\":\"Una y Mil Letras\",\"description\":\"\",\"publisher\":{\"@id\":\"http:\\\/\\\/unaymilletras.com\\\/#organization\"},\"potentialAction\":[{\"@type\":\"SearchAction\",\"target\":{\"@type\":\"EntryPoint\",\"urlTemplate\":\"http:\\\/\\\/unaymilletras.com\\\/?s={search_term_string}\"},\"query-input\":{\"@type\":\"PropertyValueSpecification\",\"valueRequired\":true,\"valueName\":\"search_term_string\"}}],\"inLanguage\":\"en-GB\"},{\"@type\":\"Organization\",\"@id\":\"http:\\\/\\\/unaymilletras.com\\\/#organization\",\"name\":\"Una y Mil Letras\",\"url\":\"http:\\\/\\\/unaymilletras.com\\\/\",\"logo\":{\"@type\":\"ImageObject\",\"inLanguage\":\"en-GB\",\"@id\":\"http:\\\/\\\/unaymilletras.com\\\/#\\\/schema\\\/logo\\\/image\\\/\",\"url\":\"https:\\\/\\\/unaymilletras.com\\\/wp-content\\\/uploads\\\/2024\\\/06\\\/cropped-Logo-removebg-preview.png\",\"contentUrl\":\"https:\\\/\\\/unaymilletras.com\\\/wp-content\\\/uploads\\\/2024\\\/06\\\/cropped-Logo-removebg-preview.png\",\"width\":512,\"height\":512,\"caption\":\"Una y Mil Letras\"},\"image\":{\"@id\":\"http:\\\/\\\/unaymilletras.com\\\/#\\\/schema\\\/logo\\\/image\\\/\"},\"sameAs\":[\"https:\\\/\\\/x.com\\\/UnaYMilLetras\",\"https:\\\/\\\/instagram.com\\\/UnaYMilLetras\"]},{\"@type\":\"Person\",\"@id\":\"http:\\\/\\\/unaymilletras.com\\\/#\\\/schema\\\/person\\\/0860dc8a218329991ee2c7591f4f849d\",\"name\":\"Redacci\u00f3n\",\"image\":{\"@type\":\"ImageObject\",\"inLanguage\":\"en-GB\",\"@id\":\"https:\\\/\\\/secure.gravatar.com\\\/avatar\\\/d8f55e05a8b6597e45c55a1dcbdbfe44f4a360d88b48e00de5216a79b7732796?s=96&d=mm&r=g\",\"url\":\"https:\\\/\\\/secure.gravatar.com\\\/avatar\\\/d8f55e05a8b6597e45c55a1dcbdbfe44f4a360d88b48e00de5216a79b7732796?s=96&d=mm&r=g\",\"contentUrl\":\"https:\\\/\\\/secure.gravatar.com\\\/avatar\\\/d8f55e05a8b6597e45c55a1dcbdbfe44f4a360d88b48e00de5216a79b7732796?s=96&d=mm&r=g\",\"caption\":\"Redacci\u00f3n\"},\"url\":\"https:\\\/\\\/unaymilletras.com\\\/en\\\/author\\\/redaccion\\\/\"}]}<\/script>\n<!-- \/ Yoast SEO plugin. -->","yoast_head_json":{"title":"Bresh llega por primera vez al Riyadh Air Metropolitano sobre hielo","description":"La fiesta m\u00e1s linda, Bresh, del mundo se une a Madrid On Ice para ofrecer una experiencia \u00fanica el 27 de diciembre","robots":{"index":"index","follow":"follow","max-snippet":"max-snippet:-1","max-image-preview":"max-image-preview:large","max-video-preview":"max-video-preview:-1"},"canonical":"https:\/\/unaymilletras.com\/en\/bresh-llega-por-primera-vez-al-riyadh-air-metropolitano-sobre-hielo\/","og_locale":"en_GB","og_type":"article","og_title":"Bresh llega por primera vez al Riyadh Air Metropolitano sobre hielo","og_description":"La fiesta m\u00e1s linda, Bresh, del mundo se une a Madrid On Ice para ofrecer una experiencia \u00fanica el 27 de diciembre","og_url":"https:\/\/unaymilletras.com\/en\/bresh-llega-por-primera-vez-al-riyadh-air-metropolitano-sobre-hielo\/","og_site_name":"Una y Mil Letras","article_published_time":"2025-12-07T19:00:00+00:00","og_image":[{"width":600,"height":800,"url":"https:\/\/unaymilletras.com\/wp-content\/uploads\/2025\/12\/Feed-Logo-pn-ice-1080x1440_-e1764872797478.png","type":"image\/png"}],"author":"Redacci\u00f3n","twitter_card":"summary_large_image","twitter_creator":"@UnaYMilLetras","twitter_site":"@UnaYMilLetras","twitter_misc":{"Written by":"Redacci\u00f3n","Estimated reading time":"2 minutes"},"schema":{"@context":"https:\/\/schema.org","@graph":[{"@type":"Article","@id":"https:\/\/unaymilletras.com\/bresh-llega-por-primera-vez-al-riyadh-air-metropolitano-sobre-hielo\/#article","isPartOf":{"@id":"https:\/\/unaymilletras.com\/bresh-llega-por-primera-vez-al-riyadh-air-metropolitano-sobre-hielo\/"},"author":{"name":"Redacci\u00f3n","@id":"http:\/\/unaymilletras.com\/#\/schema\/person\/0860dc8a218329991ee2c7591f4f849d"},"headline":"Bresh llega por primera vez al Riyadh Air Metropolitano sobre hielo","datePublished":"2025-12-07T19:00:00+00:00","mainEntityOfPage":{"@id":"https:\/\/unaymilletras.com\/bresh-llega-por-primera-vez-al-riyadh-air-metropolitano-sobre-hielo\/"},"wordCount":267,"publisher":{"@id":"http:\/\/unaymilletras.com\/#organization"},"image":{"@id":"https:\/\/unaymilletras.com\/bresh-llega-por-primera-vez-al-riyadh-air-metropolitano-sobre-hielo\/#primaryimage"},"thumbnailUrl":"https:\/\/unaymilletras.com\/wp-content\/uploads\/2025\/12\/Feed-Logo-pn-ice-1080x1440_-e1764872797478.png","articleSection":["M\u00fasica"],"inLanguage":"en-GB"},{"@type":"WebPage","@id":"https:\/\/unaymilletras.com\/bresh-llega-por-primera-vez-al-riyadh-air-metropolitano-sobre-hielo\/","url":"https:\/\/unaymilletras.com\/bresh-llega-por-primera-vez-al-riyadh-air-metropolitano-sobre-hielo\/","name":"Bresh llega por primera vez al Riyadh Air Metropolitano sobre hielo","isPartOf":{"@id":"http:\/\/unaymilletras.com\/#website"},"primaryImageOfPage":{"@id":"https:\/\/unaymilletras.com\/bresh-llega-por-primera-vez-al-riyadh-air-metropolitano-sobre-hielo\/#primaryimage"},"image":{"@id":"https:\/\/unaymilletras.com\/bresh-llega-por-primera-vez-al-riyadh-air-metropolitano-sobre-hielo\/#primaryimage"},"thumbnailUrl":"https:\/\/unaymilletras.com\/wp-content\/uploads\/2025\/12\/Feed-Logo-pn-ice-1080x1440_-e1764872797478.png","datePublished":"2025-12-07T19:00:00+00:00","description":"La fiesta m\u00e1s linda, Bresh, del mundo se une a Madrid On Ice para ofrecer una experiencia \u00fanica el 27 de diciembre","breadcrumb":{"@id":"https:\/\/unaymilletras.com\/bresh-llega-por-primera-vez-al-riyadh-air-metropolitano-sobre-hielo\/#breadcrumb"},"inLanguage":"en-GB","potentialAction":[{"@type":"ReadAction","target":["https:\/\/unaymilletras.com\/bresh-llega-por-primera-vez-al-riyadh-air-metropolitano-sobre-hielo\/"]}]},{"@type":"ImageObject","inLanguage":"en-GB","@id":"https:\/\/unaymilletras.com\/bresh-llega-por-primera-vez-al-riyadh-air-metropolitano-sobre-hielo\/#primaryimage","url":"https:\/\/unaymilletras.com\/wp-content\/uploads\/2025\/12\/Feed-Logo-pn-ice-1080x1440_-e1764872797478.png","contentUrl":"https:\/\/unaymilletras.com\/wp-content\/uploads\/2025\/12\/Feed-Logo-pn-ice-1080x1440_-e1764872797478.png","width":600,"height":800},{"@type":"BreadcrumbList","@id":"https:\/\/unaymilletras.com\/bresh-llega-por-primera-vez-al-riyadh-air-metropolitano-sobre-hielo\/#breadcrumb","itemListElement":[{"@type":"ListItem","position":1,"name":"Home","item":"http:\/\/unaymilletras.com\/"},{"@type":"ListItem","position":2,"name":"Bresh llega por primera vez al Riyadh Air Metropolitano sobre hielo"}]},{"@type":"WebSite","@id":"http:\/\/unaymilletras.com\/#website","url":"http:\/\/unaymilletras.com\/","name":"Una y Mil Letras","description":"","publisher":{"@id":"http:\/\/unaymilletras.com\/#organization"},"potentialAction":[{"@type":"SearchAction","target":{"@type":"EntryPoint","urlTemplate":"http:\/\/unaymilletras.com\/?s={search_term_string}"},"query-input":{"@type":"PropertyValueSpecification","valueRequired":true,"valueName":"search_term_string"}}],"inLanguage":"en-GB"},{"@type":"Organization","@id":"http:\/\/unaymilletras.com\/#organization","name":"Una y Mil Letras","url":"http:\/\/unaymilletras.com\/","logo":{"@type":"ImageObject","inLanguage":"en-GB","@id":"http:\/\/unaymilletras.com\/#\/schema\/logo\/image\/","url":"https:\/\/unaymilletras.com\/wp-content\/uploads\/2024\/06\/cropped-Logo-removebg-preview.png","contentUrl":"https:\/\/unaymilletras.com\/wp-content\/uploads\/2024\/06\/cropped-Logo-removebg-preview.png","width":512,"height":512,"caption":"Una y Mil Letras"},"image":{"@id":"http:\/\/unaymilletras.com\/#\/schema\/logo\/image\/"},"sameAs":["https:\/\/x.com\/UnaYMilLetras","https:\/\/instagram.com\/UnaYMilLetras"]},{"@type":"Person","@id":"http:\/\/unaymilletras.com\/#\/schema\/person\/0860dc8a218329991ee2c7591f4f849d","name":"Redacci\u00f3n","image":{"@type":"ImageObject","inLanguage":"en-GB","@id":"https:\/\/secure.gravatar.com\/avatar\/d8f55e05a8b6597e45c55a1dcbdbfe44f4a360d88b48e00de5216a79b7732796?s=96&d=mm&r=g","url":"https:\/\/secure.gravatar.com\/avatar\/d8f55e05a8b6597e45c55a1dcbdbfe44f4a360d88b48e00de5216a79b7732796?s=96&d=mm&r=g","contentUrl":"https:\/\/secure.gravatar.com\/avatar\/d8f55e05a8b6597e45c55a1dcbdbfe44f4a360d88b48e00de5216a79b7732796?s=96&d=mm&r=g","caption":"Redacci\u00f3n"},"url":"https:\/\/unaymilletras.com\/en\/author\/redaccion\/"}]}},"_links":{"self":[{"href":"https:\/\/unaymilletras.com\/en\/wp-json\/wp\/v2\/posts\/6622","targetHints":{"allow":["GET"]}}],"collection":[{"href":"https:\/\/unaymilletras.com\/en\/wp-json\/wp\/v2\/posts"}],"about":[{"href":"https:\/\/unaymilletras.com\/en\/wp-json\/wp\/v2\/types\/post"}],"author":[{"embeddable":true,"href":"https:\/\/unaymilletras.com\/en\/wp-json\/wp\/v2\/users\/6"}],"replies":[{"embeddable":true,"href":"https:\/\/unaymilletras.com\/en\/wp-json\/wp\/v2\/comments?post=6622"}],"version-history":[{"count":4,"href":"https:\/\/unaymilletras.com\/en\/wp-json\/wp\/v2\/posts\/6622\/revisions"}],"predecessor-version":[{"id":6627,"href":"https:\/\/unaymilletras.com\/en\/wp-json\/wp\/v2\/posts\/6622\/revisions\/6627"}],"wp:featuredmedia":[{"embeddable":true,"href":"https:\/\/unaymilletras.com\/en\/wp-json\/wp\/v2\/media\/6624"}],"wp:attachment":[{"href":"https:\/\/unaymilletras.com\/en\/wp-json\/wp\/v2\/media?parent=6622"}],"wp:term":[{"taxonomy":"category","embeddable":true,"href":"https:\/\/unaymilletras.com\/en\/wp-json\/wp\/v2\/categories?post=6622"},{"taxonomy":"post_tag","embeddable":true,"href":"https:\/\/unaymilletras.com\/en\/wp-json\/wp\/v2\/tags?post=6622"}],"curies":[{"name":"wp","href":"https:\/\/api.w.org\/{rel}","templated":true}]}}