{"id":6628,"date":"2025-12-04T20:41:25","date_gmt":"2025-12-04T19:41:25","guid":{"rendered":"https:\/\/unaymilletras.com\/?p=6628"},"modified":"2025-12-04T21:55:01","modified_gmt":"2025-12-04T20:55:01","slug":"miky-wooz-termina-su-gira-por-espana-y-refuerza-su-poder-en-el-urbano-latino","status":"publish","type":"post","link":"https:\/\/unaymilletras.com\/en\/miky-wooz-termina-su-gira-por-espana-y-refuerza-su-poder-en-el-urbano-latino\/","title":{"rendered":"Miky Woodz termina su gira por Espa\u00f1a y refuerza su poder en el urbano latino"},"content":{"rendered":"<div data-elementor-type=\"wp-post\" data-elementor-id=\"6628\" class=\"elementor elementor-6628\">\n\t\t\t\t\t\t<section class=\"elementor-section elementor-top-section elementor-element elementor-element-3a52ec1 elementor-section-boxed elementor-section-height-default elementor-section-height-default\" data-id=\"3a52ec1\" data-element_type=\"section\" data-e-type=\"section\">\n\t\t\t\t\t\t<div class=\"elementor-container elementor-column-gap-default\">\n\t\t\t\t\t<div class=\"elementor-column elementor-col-100 elementor-top-column elementor-element elementor-element-ed43476\" data-id=\"ed43476\" data-element_type=\"column\" data-e-type=\"column\">\n\t\t\t<div class=\"elementor-widget-wrap elementor-element-populated\">\n\t\t\t\t\t\t<div class=\"elementor-element elementor-element-1c470e3 elementor-widget elementor-widget-text-editor\" data-id=\"1c470e3\" data-element_type=\"widget\" data-e-type=\"widget\" data-widget_type=\"text-editor.default\">\n\t\t\t\t<div class=\"elementor-widget-container\">\n\t\t\t\t\t\t\t\t\t<h2 style=\"text-align: center;\"><span style=\"color: #808080;\"><em>La leyenda del trap puertorrique\u00f1o Miky Wooz re\u00fane a miles de fans y firma uno de los tours urbanos m\u00e1s potentes del a\u00f1o<\/em><\/span><\/h2>\t\t\t\t\t\t\t\t<\/div>\n\t\t\t\t<\/div>\n\t\t\t\t\t<\/div>\n\t\t<\/div>\n\t\t\t\t\t<\/div>\n\t\t<\/section>\n\t\t\t\t<section class=\"elementor-section elementor-top-section elementor-element elementor-element-62660cd elementor-section-boxed elementor-section-height-default elementor-section-height-default\" data-id=\"62660cd\" data-element_type=\"section\" data-e-type=\"section\">\n\t\t\t\t\t\t<div class=\"elementor-container elementor-column-gap-default\">\n\t\t\t\t\t<div class=\"elementor-column elementor-col-100 elementor-top-column elementor-element elementor-element-e784111\" data-id=\"e784111\" data-element_type=\"column\" data-e-type=\"column\">\n\t\t\t<div class=\"elementor-widget-wrap elementor-element-populated\">\n\t\t\t\t\t\t<div class=\"elementor-element elementor-element-f942a4d elementor-widget elementor-widget-text-editor\" data-id=\"f942a4d\" data-element_type=\"widget\" data-e-type=\"widget\" data-widget_type=\"text-editor.default\">\n\t\t\t\t<div class=\"elementor-widget-container\">\n\t\t\t\t\t\t\t\t\t<p data-start=\"339\" data-end=\"688\">Miky Woodz cierra su gira por Espa\u00f1a con un triunfo incontestable que confirma su estatus como una de las figuras m\u00e1s s\u00f3lidas del g\u00e9nero urbano. Con una trayectoria marcada por \u00e9xitos globales y colaboraciones con artistas como Bad Bunny, Anuel AA, Jhayco o Ozuna, el puertorrique\u00f1o volvi\u00f3 a demostrar que su fuerza sobre el escenario sigue intacta.<\/p><p data-start=\"690\" data-end=\"1010\">El artista recorri\u00f3 varias ciudades del pa\u00eds con una serie de conciertos cargados de energ\u00eda, autenticidad y una conexi\u00f3n espectacular con su p\u00fablico. Los asistentes disfrutaron de un repertorio que combin\u00f3 cl\u00e1sicos de su carrera con temas recientes, reafirmando el impacto de Miky Woodz dentro y fuera de Latinoam\u00e9rica.<\/p>\t\t\t\t\t\t\t\t<\/div>\n\t\t\t\t<\/div>\n\t\t\t\t\t<\/div>\n\t\t<\/div>\n\t\t\t\t\t<\/div>\n\t\t<\/section>\n\t\t\t\t<section class=\"elementor-section elementor-top-section elementor-element elementor-element-584129e elementor-section-boxed elementor-section-height-default elementor-section-height-default\" data-id=\"584129e\" data-element_type=\"section\" data-e-type=\"section\">\n\t\t\t\t\t\t<div class=\"elementor-container elementor-column-gap-default\">\n\t\t\t\t\t<div class=\"elementor-column elementor-col-100 elementor-top-column elementor-element elementor-element-262e712\" data-id=\"262e712\" data-element_type=\"column\" data-e-type=\"column\">\n\t\t\t<div class=\"elementor-widget-wrap elementor-element-populated\">\n\t\t\t\t\t\t<div class=\"elementor-element elementor-element-beb1486 elementor-widget elementor-widget-image\" data-id=\"beb1486\" data-element_type=\"widget\" data-e-type=\"widget\" data-widget_type=\"image.default\">\n\t\t\t\t<div class=\"elementor-widget-container\">\n\t\t\t\t\t\t\t\t\t\t\t\t\t\t\t<img fetchpriority=\"high\" decoding=\"async\" width=\"640\" height=\"428\" src=\"https:\/\/unaymilletras.com\/wp-content\/uploads\/2025\/12\/WhatsApp-Image-2025-12-01-at-17.57.51-1024x684.jpeg\" class=\"attachment-large size-large wp-image-6630\" alt=\"Miky Woodz\" srcset=\"https:\/\/unaymilletras.com\/wp-content\/uploads\/2025\/12\/WhatsApp-Image-2025-12-01-at-17.57.51-1024x684.jpeg 1024w, https:\/\/unaymilletras.com\/wp-content\/uploads\/2025\/12\/WhatsApp-Image-2025-12-01-at-17.57.51-300x200.jpeg 300w, https:\/\/unaymilletras.com\/wp-content\/uploads\/2025\/12\/WhatsApp-Image-2025-12-01-at-17.57.51-768x513.jpeg 768w, https:\/\/unaymilletras.com\/wp-content\/uploads\/2025\/12\/WhatsApp-Image-2025-12-01-at-17.57.51-1536x1025.jpeg 1536w, https:\/\/unaymilletras.com\/wp-content\/uploads\/2025\/12\/WhatsApp-Image-2025-12-01-at-17.57.51-2048x1367.jpeg 2048w, https:\/\/unaymilletras.com\/wp-content\/uploads\/2025\/12\/WhatsApp-Image-2025-12-01-at-17.57.51-18x12.jpeg 18w, https:\/\/unaymilletras.com\/wp-content\/uploads\/2025\/12\/WhatsApp-Image-2025-12-01-at-17.57.51-e1764877188511.jpeg 600w\" sizes=\"(max-width: 640px) 100vw, 640px\" \/>\t\t\t\t\t\t\t\t\t\t\t\t\t\t\t<\/div>\n\t\t\t\t<\/div>\n\t\t\t\t\t<\/div>\n\t\t<\/div>\n\t\t\t\t\t<\/div>\n\t\t<\/section>\n\t\t\t\t<section class=\"elementor-section elementor-top-section elementor-element elementor-element-0021e19 elementor-section-boxed elementor-section-height-default elementor-section-height-default\" data-id=\"0021e19\" data-element_type=\"section\" data-e-type=\"section\">\n\t\t\t\t\t\t<div class=\"elementor-container elementor-column-gap-default\">\n\t\t\t\t\t<div class=\"elementor-column elementor-col-100 elementor-top-column elementor-element elementor-element-66854d4\" data-id=\"66854d4\" data-element_type=\"column\" data-e-type=\"column\">\n\t\t\t<div class=\"elementor-widget-wrap elementor-element-populated\">\n\t\t\t\t\t\t<div class=\"elementor-element elementor-element-f3e3874 elementor-widget elementor-widget-text-editor\" data-id=\"f3e3874\" data-element_type=\"widget\" data-e-type=\"widget\" data-widget_type=\"text-editor.default\">\n\t\t\t\t<div class=\"elementor-widget-container\">\n\t\t\t\t\t\t\t\t\t<p data-start=\"1012\" data-end=\"1334\">Con este tour, el artista celebra un momento especialmente importante de su carrera, consolidando una base de fans cada vez m\u00e1s amplia en Espa\u00f1a. Su presencia en los escenarios espa\u00f1oles evidencia el crecimiento continuo del trap y la m\u00fasica urbana latina, que vive uno de sus mejores momentos de proyecci\u00f3n internacional.<\/p><p data-start=\"1336\" data-end=\"1564\" data-is-last-node=\"\" data-is-only-node=\"\">Miky Woodz se despide as\u00ed de Espa\u00f1a dejando claro que su relaci\u00f3n con el p\u00fablico espa\u00f1ol es m\u00e1s fuerte que nunca y anticipando una nueva etapa en su m\u00fasica y pr\u00f3ximos proyectos. \u00bfQu\u00e9 ser\u00e1 lo siguiente? Su comunidad ya lo espera.<\/p>\t\t\t\t\t\t\t\t<\/div>\n\t\t\t\t<\/div>\n\t\t\t\t\t<\/div>\n\t\t<\/div>\n\t\t\t\t\t<\/div>\n\t\t<\/section>\n\t\t\t\t<\/div>","protected":false},"excerpt":{"rendered":"<p>La leyenda del trap puertorrique\u00f1o Miky Wooz re\u00fane a miles de fans y firma uno de los tours urbanos m\u00e1s potentes del a\u00f1o Miky Woodz cierra su gira por Espa\u00f1a con un triunfo incontestable que confirma su estatus como una de las figuras m\u00e1s s\u00f3lidas del g\u00e9nero urbano. Con una trayectoria marcada por \u00e9xitos globales [&hellip;]<\/p>\n","protected":false},"author":6,"featured_media":6630,"comment_status":"closed","ping_status":"closed","sticky":false,"template":"","format":"standard","meta":{"footnotes":""},"categories":[4],"tags":[],"class_list":["post-6628","post","type-post","status-publish","format-standard","has-post-thumbnail","hentry","category-musica"],"yoast_head":"<!-- This site is optimized with the Yoast SEO plugin v27.4 - https:\/\/yoast.com\/product\/yoast-seo-wordpress\/ -->\n<title>Miky Woodz termina su gira por Espa\u00f1a y refuerza su poder en el urbano latino<\/title>\n<meta name=\"description\" content=\"La leyenda del trap puertorrique\u00f1o Miky WooDz re\u00fane a miles de fans y firma uno de los tours urbanos m\u00e1s potentes del a\u00f1o\" \/>\n<meta name=\"robots\" content=\"index, follow, max-snippet:-1, max-image-preview:large, max-video-preview:-1\" \/>\n<link rel=\"canonical\" href=\"https:\/\/unaymilletras.com\/en\/miky-wooz-termina-su-gira-por-espana-y-refuerza-su-poder-en-el-urbano-latino\/\" \/>\n<meta property=\"og:locale\" content=\"en_GB\" \/>\n<meta property=\"og:type\" content=\"article\" \/>\n<meta property=\"og:title\" content=\"Miky Woodz termina su gira por Espa\u00f1a y refuerza su poder en el urbano latino\" \/>\n<meta property=\"og:description\" content=\"La leyenda del trap puertorrique\u00f1o Miky WooDz re\u00fane a miles de fans y firma uno de los tours urbanos m\u00e1s potentes del a\u00f1o\" \/>\n<meta property=\"og:url\" content=\"https:\/\/unaymilletras.com\/en\/miky-wooz-termina-su-gira-por-espana-y-refuerza-su-poder-en-el-urbano-latino\/\" \/>\n<meta property=\"og:site_name\" content=\"Una y Mil Letras\" \/>\n<meta property=\"article:published_time\" content=\"2025-12-04T19:41:25+00:00\" \/>\n<meta property=\"article:modified_time\" content=\"2025-12-04T20:55:01+00:00\" \/>\n<meta property=\"og:image\" content=\"http:\/\/unaymilletras.com\/wp-content\/uploads\/2025\/12\/WhatsApp-Image-2025-12-01-at-17.57.51-e1764877188511.jpeg\" \/>\n\t<meta property=\"og:image:width\" content=\"600\" \/>\n\t<meta property=\"og:image:height\" content=\"401\" \/>\n\t<meta property=\"og:image:type\" content=\"image\/jpeg\" \/>\n<meta name=\"author\" content=\"Redacci\u00f3n\" \/>\n<meta name=\"twitter:card\" content=\"summary_large_image\" \/>\n<meta name=\"twitter:creator\" content=\"@UnaYMilLetras\" \/>\n<meta name=\"twitter:site\" content=\"@UnaYMilLetras\" \/>\n<meta name=\"twitter:label1\" content=\"Written by\" \/>\n\t<meta name=\"twitter:data1\" content=\"Redacci\u00f3n\" \/>\n\t<meta name=\"twitter:label2\" content=\"Estimated reading time\" \/>\n\t<meta name=\"twitter:data2\" content=\"2 minutes\" \/>\n<script type=\"application\/ld+json\" class=\"yoast-schema-graph\">{\"@context\":\"https:\\\/\\\/schema.org\",\"@graph\":[{\"@type\":\"Article\",\"@id\":\"https:\\\/\\\/unaymilletras.com\\\/miky-wooz-termina-su-gira-por-espana-y-refuerza-su-poder-en-el-urbano-latino\\\/#article\",\"isPartOf\":{\"@id\":\"https:\\\/\\\/unaymilletras.com\\\/miky-wooz-termina-su-gira-por-espana-y-refuerza-su-poder-en-el-urbano-latino\\\/\"},\"author\":{\"name\":\"Redacci\u00f3n\",\"@id\":\"http:\\\/\\\/unaymilletras.com\\\/#\\\/schema\\\/person\\\/0860dc8a218329991ee2c7591f4f849d\"},\"headline\":\"Miky Woodz termina su gira por Espa\u00f1a y refuerza su poder en el urbano latino\",\"datePublished\":\"2025-12-04T19:41:25+00:00\",\"dateModified\":\"2025-12-04T20:55:01+00:00\",\"mainEntityOfPage\":{\"@id\":\"https:\\\/\\\/unaymilletras.com\\\/miky-wooz-termina-su-gira-por-espana-y-refuerza-su-poder-en-el-urbano-latino\\\/\"},\"wordCount\":264,\"publisher\":{\"@id\":\"http:\\\/\\\/unaymilletras.com\\\/#organization\"},\"image\":{\"@id\":\"https:\\\/\\\/unaymilletras.com\\\/miky-wooz-termina-su-gira-por-espana-y-refuerza-su-poder-en-el-urbano-latino\\\/#primaryimage\"},\"thumbnailUrl\":\"https:\\\/\\\/unaymilletras.com\\\/wp-content\\\/uploads\\\/2025\\\/12\\\/WhatsApp-Image-2025-12-01-at-17.57.51-e1764877188511.jpeg\",\"articleSection\":[\"M\u00fasica\"],\"inLanguage\":\"en-GB\"},{\"@type\":\"WebPage\",\"@id\":\"https:\\\/\\\/unaymilletras.com\\\/miky-wooz-termina-su-gira-por-espana-y-refuerza-su-poder-en-el-urbano-latino\\\/\",\"url\":\"https:\\\/\\\/unaymilletras.com\\\/miky-wooz-termina-su-gira-por-espana-y-refuerza-su-poder-en-el-urbano-latino\\\/\",\"name\":\"Miky Woodz termina su gira por Espa\u00f1a y refuerza su poder en el urbano latino\",\"isPartOf\":{\"@id\":\"http:\\\/\\\/unaymilletras.com\\\/#website\"},\"primaryImageOfPage\":{\"@id\":\"https:\\\/\\\/unaymilletras.com\\\/miky-wooz-termina-su-gira-por-espana-y-refuerza-su-poder-en-el-urbano-latino\\\/#primaryimage\"},\"image\":{\"@id\":\"https:\\\/\\\/unaymilletras.com\\\/miky-wooz-termina-su-gira-por-espana-y-refuerza-su-poder-en-el-urbano-latino\\\/#primaryimage\"},\"thumbnailUrl\":\"https:\\\/\\\/unaymilletras.com\\\/wp-content\\\/uploads\\\/2025\\\/12\\\/WhatsApp-Image-2025-12-01-at-17.57.51-e1764877188511.jpeg\",\"datePublished\":\"2025-12-04T19:41:25+00:00\",\"dateModified\":\"2025-12-04T20:55:01+00:00\",\"description\":\"La leyenda del trap puertorrique\u00f1o Miky WooDz re\u00fane a miles de fans y firma uno de los tours urbanos m\u00e1s potentes del a\u00f1o\",\"breadcrumb\":{\"@id\":\"https:\\\/\\\/unaymilletras.com\\\/miky-wooz-termina-su-gira-por-espana-y-refuerza-su-poder-en-el-urbano-latino\\\/#breadcrumb\"},\"inLanguage\":\"en-GB\",\"potentialAction\":[{\"@type\":\"ReadAction\",\"target\":[\"https:\\\/\\\/unaymilletras.com\\\/miky-wooz-termina-su-gira-por-espana-y-refuerza-su-poder-en-el-urbano-latino\\\/\"]}]},{\"@type\":\"ImageObject\",\"inLanguage\":\"en-GB\",\"@id\":\"https:\\\/\\\/unaymilletras.com\\\/miky-wooz-termina-su-gira-por-espana-y-refuerza-su-poder-en-el-urbano-latino\\\/#primaryimage\",\"url\":\"https:\\\/\\\/unaymilletras.com\\\/wp-content\\\/uploads\\\/2025\\\/12\\\/WhatsApp-Image-2025-12-01-at-17.57.51-e1764877188511.jpeg\",\"contentUrl\":\"https:\\\/\\\/unaymilletras.com\\\/wp-content\\\/uploads\\\/2025\\\/12\\\/WhatsApp-Image-2025-12-01-at-17.57.51-e1764877188511.jpeg\",\"width\":600,\"height\":401,\"caption\":\"Miky Woodz\"},{\"@type\":\"BreadcrumbList\",\"@id\":\"https:\\\/\\\/unaymilletras.com\\\/miky-wooz-termina-su-gira-por-espana-y-refuerza-su-poder-en-el-urbano-latino\\\/#breadcrumb\",\"itemListElement\":[{\"@type\":\"ListItem\",\"position\":1,\"name\":\"Home\",\"item\":\"http:\\\/\\\/unaymilletras.com\\\/\"},{\"@type\":\"ListItem\",\"position\":2,\"name\":\"Miky Woodz termina su gira por Espa\u00f1a y refuerza su poder en el urbano latino\"}]},{\"@type\":\"WebSite\",\"@id\":\"http:\\\/\\\/unaymilletras.com\\\/#website\",\"url\":\"http:\\\/\\\/unaymilletras.com\\\/\",\"name\":\"Una y Mil Letras\",\"description\":\"\",\"publisher\":{\"@id\":\"http:\\\/\\\/unaymilletras.com\\\/#organization\"},\"potentialAction\":[{\"@type\":\"SearchAction\",\"target\":{\"@type\":\"EntryPoint\",\"urlTemplate\":\"http:\\\/\\\/unaymilletras.com\\\/?s={search_term_string}\"},\"query-input\":{\"@type\":\"PropertyValueSpecification\",\"valueRequired\":true,\"valueName\":\"search_term_string\"}}],\"inLanguage\":\"en-GB\"},{\"@type\":\"Organization\",\"@id\":\"http:\\\/\\\/unaymilletras.com\\\/#organization\",\"name\":\"Una y Mil Letras\",\"url\":\"http:\\\/\\\/unaymilletras.com\\\/\",\"logo\":{\"@type\":\"ImageObject\",\"inLanguage\":\"en-GB\",\"@id\":\"http:\\\/\\\/unaymilletras.com\\\/#\\\/schema\\\/logo\\\/image\\\/\",\"url\":\"https:\\\/\\\/unaymilletras.com\\\/wp-content\\\/uploads\\\/2024\\\/06\\\/cropped-Logo-removebg-preview.png\",\"contentUrl\":\"https:\\\/\\\/unaymilletras.com\\\/wp-content\\\/uploads\\\/2024\\\/06\\\/cropped-Logo-removebg-preview.png\",\"width\":512,\"height\":512,\"caption\":\"Una y Mil Letras\"},\"image\":{\"@id\":\"http:\\\/\\\/unaymilletras.com\\\/#\\\/schema\\\/logo\\\/image\\\/\"},\"sameAs\":[\"https:\\\/\\\/x.com\\\/UnaYMilLetras\",\"https:\\\/\\\/instagram.com\\\/UnaYMilLetras\"]},{\"@type\":\"Person\",\"@id\":\"http:\\\/\\\/unaymilletras.com\\\/#\\\/schema\\\/person\\\/0860dc8a218329991ee2c7591f4f849d\",\"name\":\"Redacci\u00f3n\",\"image\":{\"@type\":\"ImageObject\",\"inLanguage\":\"en-GB\",\"@id\":\"https:\\\/\\\/secure.gravatar.com\\\/avatar\\\/d8f55e05a8b6597e45c55a1dcbdbfe44f4a360d88b48e00de5216a79b7732796?s=96&d=mm&r=g\",\"url\":\"https:\\\/\\\/secure.gravatar.com\\\/avatar\\\/d8f55e05a8b6597e45c55a1dcbdbfe44f4a360d88b48e00de5216a79b7732796?s=96&d=mm&r=g\",\"contentUrl\":\"https:\\\/\\\/secure.gravatar.com\\\/avatar\\\/d8f55e05a8b6597e45c55a1dcbdbfe44f4a360d88b48e00de5216a79b7732796?s=96&d=mm&r=g\",\"caption\":\"Redacci\u00f3n\"},\"url\":\"https:\\\/\\\/unaymilletras.com\\\/en\\\/author\\\/redaccion\\\/\"}]}<\/script>\n<!-- \/ Yoast SEO plugin. -->","yoast_head_json":{"title":"Miky Woodz termina su gira por Espa\u00f1a y refuerza su poder en el urbano latino","description":"La leyenda del trap puertorrique\u00f1o Miky WooDz re\u00fane a miles de fans y firma uno de los tours urbanos m\u00e1s potentes del a\u00f1o","robots":{"index":"index","follow":"follow","max-snippet":"max-snippet:-1","max-image-preview":"max-image-preview:large","max-video-preview":"max-video-preview:-1"},"canonical":"https:\/\/unaymilletras.com\/en\/miky-wooz-termina-su-gira-por-espana-y-refuerza-su-poder-en-el-urbano-latino\/","og_locale":"en_GB","og_type":"article","og_title":"Miky Woodz termina su gira por Espa\u00f1a y refuerza su poder en el urbano latino","og_description":"La leyenda del trap puertorrique\u00f1o Miky WooDz re\u00fane a miles de fans y firma uno de los tours urbanos m\u00e1s potentes del a\u00f1o","og_url":"https:\/\/unaymilletras.com\/en\/miky-wooz-termina-su-gira-por-espana-y-refuerza-su-poder-en-el-urbano-latino\/","og_site_name":"Una y Mil Letras","article_published_time":"2025-12-04T19:41:25+00:00","article_modified_time":"2025-12-04T20:55:01+00:00","og_image":[{"width":600,"height":401,"url":"http:\/\/unaymilletras.com\/wp-content\/uploads\/2025\/12\/WhatsApp-Image-2025-12-01-at-17.57.51-e1764877188511.jpeg","type":"image\/jpeg"}],"author":"Redacci\u00f3n","twitter_card":"summary_large_image","twitter_creator":"@UnaYMilLetras","twitter_site":"@UnaYMilLetras","twitter_misc":{"Written by":"Redacci\u00f3n","Estimated reading time":"2 minutes"},"schema":{"@context":"https:\/\/schema.org","@graph":[{"@type":"Article","@id":"https:\/\/unaymilletras.com\/miky-wooz-termina-su-gira-por-espana-y-refuerza-su-poder-en-el-urbano-latino\/#article","isPartOf":{"@id":"https:\/\/unaymilletras.com\/miky-wooz-termina-su-gira-por-espana-y-refuerza-su-poder-en-el-urbano-latino\/"},"author":{"name":"Redacci\u00f3n","@id":"http:\/\/unaymilletras.com\/#\/schema\/person\/0860dc8a218329991ee2c7591f4f849d"},"headline":"Miky Woodz termina su gira por Espa\u00f1a y refuerza su poder en el urbano latino","datePublished":"2025-12-04T19:41:25+00:00","dateModified":"2025-12-04T20:55:01+00:00","mainEntityOfPage":{"@id":"https:\/\/unaymilletras.com\/miky-wooz-termina-su-gira-por-espana-y-refuerza-su-poder-en-el-urbano-latino\/"},"wordCount":264,"publisher":{"@id":"http:\/\/unaymilletras.com\/#organization"},"image":{"@id":"https:\/\/unaymilletras.com\/miky-wooz-termina-su-gira-por-espana-y-refuerza-su-poder-en-el-urbano-latino\/#primaryimage"},"thumbnailUrl":"https:\/\/unaymilletras.com\/wp-content\/uploads\/2025\/12\/WhatsApp-Image-2025-12-01-at-17.57.51-e1764877188511.jpeg","articleSection":["M\u00fasica"],"inLanguage":"en-GB"},{"@type":"WebPage","@id":"https:\/\/unaymilletras.com\/miky-wooz-termina-su-gira-por-espana-y-refuerza-su-poder-en-el-urbano-latino\/","url":"https:\/\/unaymilletras.com\/miky-wooz-termina-su-gira-por-espana-y-refuerza-su-poder-en-el-urbano-latino\/","name":"Miky Woodz termina su gira por Espa\u00f1a y refuerza su poder en el urbano latino","isPartOf":{"@id":"http:\/\/unaymilletras.com\/#website"},"primaryImageOfPage":{"@id":"https:\/\/unaymilletras.com\/miky-wooz-termina-su-gira-por-espana-y-refuerza-su-poder-en-el-urbano-latino\/#primaryimage"},"image":{"@id":"https:\/\/unaymilletras.com\/miky-wooz-termina-su-gira-por-espana-y-refuerza-su-poder-en-el-urbano-latino\/#primaryimage"},"thumbnailUrl":"https:\/\/unaymilletras.com\/wp-content\/uploads\/2025\/12\/WhatsApp-Image-2025-12-01-at-17.57.51-e1764877188511.jpeg","datePublished":"2025-12-04T19:41:25+00:00","dateModified":"2025-12-04T20:55:01+00:00","description":"La leyenda del trap puertorrique\u00f1o Miky WooDz re\u00fane a miles de fans y firma uno de los tours urbanos m\u00e1s potentes del a\u00f1o","breadcrumb":{"@id":"https:\/\/unaymilletras.com\/miky-wooz-termina-su-gira-por-espana-y-refuerza-su-poder-en-el-urbano-latino\/#breadcrumb"},"inLanguage":"en-GB","potentialAction":[{"@type":"ReadAction","target":["https:\/\/unaymilletras.com\/miky-wooz-termina-su-gira-por-espana-y-refuerza-su-poder-en-el-urbano-latino\/"]}]},{"@type":"ImageObject","inLanguage":"en-GB","@id":"https:\/\/unaymilletras.com\/miky-wooz-termina-su-gira-por-espana-y-refuerza-su-poder-en-el-urbano-latino\/#primaryimage","url":"https:\/\/unaymilletras.com\/wp-content\/uploads\/2025\/12\/WhatsApp-Image-2025-12-01-at-17.57.51-e1764877188511.jpeg","contentUrl":"https:\/\/unaymilletras.com\/wp-content\/uploads\/2025\/12\/WhatsApp-Image-2025-12-01-at-17.57.51-e1764877188511.jpeg","width":600,"height":401,"caption":"Miky Woodz"},{"@type":"BreadcrumbList","@id":"https:\/\/unaymilletras.com\/miky-wooz-termina-su-gira-por-espana-y-refuerza-su-poder-en-el-urbano-latino\/#breadcrumb","itemListElement":[{"@type":"ListItem","position":1,"name":"Home","item":"http:\/\/unaymilletras.com\/"},{"@type":"ListItem","position":2,"name":"Miky Woodz termina su gira por Espa\u00f1a y refuerza su poder en el urbano latino"}]},{"@type":"WebSite","@id":"http:\/\/unaymilletras.com\/#website","url":"http:\/\/unaymilletras.com\/","name":"Una y Mil Letras","description":"","publisher":{"@id":"http:\/\/unaymilletras.com\/#organization"},"potentialAction":[{"@type":"SearchAction","target":{"@type":"EntryPoint","urlTemplate":"http:\/\/unaymilletras.com\/?s={search_term_string}"},"query-input":{"@type":"PropertyValueSpecification","valueRequired":true,"valueName":"search_term_string"}}],"inLanguage":"en-GB"},{"@type":"Organization","@id":"http:\/\/unaymilletras.com\/#organization","name":"Una y Mil Letras","url":"http:\/\/unaymilletras.com\/","logo":{"@type":"ImageObject","inLanguage":"en-GB","@id":"http:\/\/unaymilletras.com\/#\/schema\/logo\/image\/","url":"https:\/\/unaymilletras.com\/wp-content\/uploads\/2024\/06\/cropped-Logo-removebg-preview.png","contentUrl":"https:\/\/unaymilletras.com\/wp-content\/uploads\/2024\/06\/cropped-Logo-removebg-preview.png","width":512,"height":512,"caption":"Una y Mil Letras"},"image":{"@id":"http:\/\/unaymilletras.com\/#\/schema\/logo\/image\/"},"sameAs":["https:\/\/x.com\/UnaYMilLetras","https:\/\/instagram.com\/UnaYMilLetras"]},{"@type":"Person","@id":"http:\/\/unaymilletras.com\/#\/schema\/person\/0860dc8a218329991ee2c7591f4f849d","name":"Redacci\u00f3n","image":{"@type":"ImageObject","inLanguage":"en-GB","@id":"https:\/\/secure.gravatar.com\/avatar\/d8f55e05a8b6597e45c55a1dcbdbfe44f4a360d88b48e00de5216a79b7732796?s=96&d=mm&r=g","url":"https:\/\/secure.gravatar.com\/avatar\/d8f55e05a8b6597e45c55a1dcbdbfe44f4a360d88b48e00de5216a79b7732796?s=96&d=mm&r=g","contentUrl":"https:\/\/secure.gravatar.com\/avatar\/d8f55e05a8b6597e45c55a1dcbdbfe44f4a360d88b48e00de5216a79b7732796?s=96&d=mm&r=g","caption":"Redacci\u00f3n"},"url":"https:\/\/unaymilletras.com\/en\/author\/redaccion\/"}]}},"_links":{"self":[{"href":"https:\/\/unaymilletras.com\/en\/wp-json\/wp\/v2\/posts\/6628","targetHints":{"allow":["GET"]}}],"collection":[{"href":"https:\/\/unaymilletras.com\/en\/wp-json\/wp\/v2\/posts"}],"about":[{"href":"https:\/\/unaymilletras.com\/en\/wp-json\/wp\/v2\/types\/post"}],"author":[{"embeddable":true,"href":"https:\/\/unaymilletras.com\/en\/wp-json\/wp\/v2\/users\/6"}],"replies":[{"embeddable":true,"href":"https:\/\/unaymilletras.com\/en\/wp-json\/wp\/v2\/comments?post=6628"}],"version-history":[{"count":5,"href":"https:\/\/unaymilletras.com\/en\/wp-json\/wp\/v2\/posts\/6628\/revisions"}],"predecessor-version":[{"id":6634,"href":"https:\/\/unaymilletras.com\/en\/wp-json\/wp\/v2\/posts\/6628\/revisions\/6634"}],"wp:featuredmedia":[{"embeddable":true,"href":"https:\/\/unaymilletras.com\/en\/wp-json\/wp\/v2\/media\/6630"}],"wp:attachment":[{"href":"https:\/\/unaymilletras.com\/en\/wp-json\/wp\/v2\/media?parent=6628"}],"wp:term":[{"taxonomy":"category","embeddable":true,"href":"https:\/\/unaymilletras.com\/en\/wp-json\/wp\/v2\/categories?post=6628"},{"taxonomy":"post_tag","embeddable":true,"href":"https:\/\/unaymilletras.com\/en\/wp-json\/wp\/v2\/tags?post=6628"}],"curies":[{"name":"wp","href":"https:\/\/api.w.org\/{rel}","templated":true}]}}