{"id":6641,"date":"2025-12-04T23:01:48","date_gmt":"2025-12-04T22:01:48","guid":{"rendered":"https:\/\/unaymilletras.com\/?p=6641"},"modified":"2025-12-05T11:11:14","modified_gmt":"2025-12-05T10:11:14","slug":"sofia-martin-lanza-amen-el-segundo-adelanto-de-su-ep","status":"publish","type":"post","link":"https:\/\/unaymilletras.com\/en\/sofia-martin-lanza-amen-el-segundo-adelanto-de-su-ep\/","title":{"rendered":"Sof\u00eda Mart\u00edn lanza \u00abAm\u00e9n\u00bb, el segundo adelanto de su EP"},"content":{"rendered":"<div data-elementor-type=\"wp-post\" data-elementor-id=\"6641\" class=\"elementor elementor-6641\">\n\t\t\t\t\t\t<section class=\"elementor-section elementor-top-section elementor-element elementor-element-8e7de1c elementor-section-boxed elementor-section-height-default elementor-section-height-default\" data-id=\"8e7de1c\" data-element_type=\"section\" data-e-type=\"section\">\n\t\t\t\t\t\t<div class=\"elementor-container elementor-column-gap-default\">\n\t\t\t\t\t<div class=\"elementor-column elementor-col-100 elementor-top-column elementor-element elementor-element-e2bb623\" data-id=\"e2bb623\" data-element_type=\"column\" data-e-type=\"column\">\n\t\t\t<div class=\"elementor-widget-wrap elementor-element-populated\">\n\t\t\t\t\t\t<div class=\"elementor-element elementor-element-385077d elementor-widget elementor-widget-text-editor\" data-id=\"385077d\" data-element_type=\"widget\" data-e-type=\"widget\" data-widget_type=\"text-editor.default\">\n\t\t\t\t<div class=\"elementor-widget-container\">\n\t\t\t\t\t\t\t\t\t<h2 style=\"text-align: center;\"><span style=\"color: #808080;\"><em>La artista Sof\u00eda Mart\u00edn transforma el desamor en empoderamiento pop como adelanto de su EP previsto para 2026<\/em><\/span><\/h2>\t\t\t\t\t\t\t\t<\/div>\n\t\t\t\t<\/div>\n\t\t\t\t\t<\/div>\n\t\t<\/div>\n\t\t\t\t\t<\/div>\n\t\t<\/section>\n\t\t\t\t<section class=\"elementor-section elementor-top-section elementor-element elementor-element-b914575 elementor-section-boxed elementor-section-height-default elementor-section-height-default\" data-id=\"b914575\" data-element_type=\"section\" data-e-type=\"section\">\n\t\t\t\t\t\t<div class=\"elementor-container elementor-column-gap-default\">\n\t\t\t\t\t<div class=\"elementor-column elementor-col-100 elementor-top-column elementor-element elementor-element-11d7c6f\" data-id=\"11d7c6f\" data-element_type=\"column\" data-e-type=\"column\">\n\t\t\t<div class=\"elementor-widget-wrap elementor-element-populated\">\n\t\t\t\t\t\t<div class=\"elementor-element elementor-element-fde1ea1 elementor-widget elementor-widget-text-editor\" data-id=\"fde1ea1\" data-element_type=\"widget\" data-e-type=\"widget\" data-widget_type=\"text-editor.default\">\n\t\t\t\t<div class=\"elementor-widget-container\">\n\t\t\t\t\t\t\t\t\t<p data-start=\"439\" data-end=\"778\">Sof\u00eda Mart\u00edn regresa con <em data-start=\"464\" data-end=\"470\">am\u00e9n<\/em>, una canci\u00f3n que transforma la sanaci\u00f3n emocional en un ritual pop lleno de brillo, iron\u00eda y sensibilidad. Lejos de una balada tradicional, la artista propone una misa camp para resurgir, donde el duelo convive con la energ\u00eda del dance pop y la actitud renovadora de una fiesta que se convierte en catarsis.<\/p><p data-start=\"780\" data-end=\"1135\">El nuevo single mezcla bases electr\u00f3nicas, toques urbanos y un glow up sonoro que gu\u00eda al oyente desde la introspecci\u00f3n hasta un estallido liberador en la pista de baile. Sof\u00eda recorre un camino emocional que va del altar al club, del coraz\u00f3n roto a la autoestima reforzada, celebrando que cuidarse a una misma puede convertirse en el ritual m\u00e1s poderoso.<\/p>\t\t\t\t\t\t\t\t<\/div>\n\t\t\t\t<\/div>\n\t\t\t\t\t<\/div>\n\t\t<\/div>\n\t\t\t\t\t<\/div>\n\t\t<\/section>\n\t\t\t\t<section class=\"elementor-section elementor-top-section elementor-element elementor-element-6a8547f elementor-section-boxed elementor-section-height-default elementor-section-height-default\" data-id=\"6a8547f\" data-element_type=\"section\" data-e-type=\"section\">\n\t\t\t\t\t\t<div class=\"elementor-container elementor-column-gap-default\">\n\t\t\t\t\t<div class=\"elementor-column elementor-col-50 elementor-top-column elementor-element elementor-element-d1de167\" data-id=\"d1de167\" data-element_type=\"column\" data-e-type=\"column\">\n\t\t\t<div class=\"elementor-widget-wrap elementor-element-populated\">\n\t\t\t\t\t\t<div class=\"elementor-element elementor-element-96095df elementor-widget elementor-widget-image\" data-id=\"96095df\" data-element_type=\"widget\" data-e-type=\"widget\" data-widget_type=\"image.default\">\n\t\t\t\t<div class=\"elementor-widget-container\">\n\t\t\t\t\t\t\t\t\t\t\t\t\t\t\t<img fetchpriority=\"high\" decoding=\"async\" width=\"640\" height=\"640\" src=\"https:\/\/unaymilletras.com\/wp-content\/uploads\/2025\/12\/SOFIA-MARTIN-AMEN-ARTWORK-1024x1024.png\" class=\"attachment-large size-large wp-image-6644\" alt=\"Sof\u00eda Mart\u00edn\" srcset=\"https:\/\/unaymilletras.com\/wp-content\/uploads\/2025\/12\/SOFIA-MARTIN-AMEN-ARTWORK-1024x1024.png 1024w, https:\/\/unaymilletras.com\/wp-content\/uploads\/2025\/12\/SOFIA-MARTIN-AMEN-ARTWORK-300x300.png 300w, https:\/\/unaymilletras.com\/wp-content\/uploads\/2025\/12\/SOFIA-MARTIN-AMEN-ARTWORK-150x150.png 150w, https:\/\/unaymilletras.com\/wp-content\/uploads\/2025\/12\/SOFIA-MARTIN-AMEN-ARTWORK-768x768.png 768w, https:\/\/unaymilletras.com\/wp-content\/uploads\/2025\/12\/SOFIA-MARTIN-AMEN-ARTWORK-1536x1536.png 1536w, https:\/\/unaymilletras.com\/wp-content\/uploads\/2025\/12\/SOFIA-MARTIN-AMEN-ARTWORK-scaled-e1764929447678.png 600w\" sizes=\"(max-width: 640px) 100vw, 640px\" \/>\t\t\t\t\t\t\t\t\t\t\t\t\t\t\t<\/div>\n\t\t\t\t<\/div>\n\t\t\t\t\t<\/div>\n\t\t<\/div>\n\t\t\t\t<div class=\"elementor-column elementor-col-50 elementor-top-column elementor-element elementor-element-dfc294d\" data-id=\"dfc294d\" data-element_type=\"column\" data-e-type=\"column\">\n\t\t\t<div class=\"elementor-widget-wrap elementor-element-populated\">\n\t\t\t\t\t\t<div class=\"elementor-element elementor-element-fc45b70 elementor-widget elementor-widget-text-editor\" data-id=\"fc45b70\" data-element_type=\"widget\" data-e-type=\"widget\" data-widget_type=\"text-editor.default\">\n\t\t\t\t<div class=\"elementor-widget-container\">\n\t\t\t\t\t\t\t\t\t<p data-start=\"1137\" data-end=\"1527\">Con este lanzamiento contin\u00faa construyendo la narrativa de su pr\u00f3ximo EP, que ver\u00e1 la luz en 2026. Marcar\u00e1 una etapa m\u00e1s experimental donde la espiritualidad, la est\u00e9tica festiva y la sensibilidad pop se entrelazan.<\/p>\n<p data-start=\"1137\" data-end=\"1527\">La personalidad art\u00edstica de Sof\u00eda Mart\u00edn se ha ido moldeando desde su formaci\u00f3n musical temprana en guitarra, piano y canto. M\u00e1s tarde con sus estudios de composici\u00f3n en Berl\u00edn y Londres, ciudades que marcan su estilo h\u00edbrido y multicultural. Ese bagaje se refleja en el car\u00e1cter electr\u00f3nico que domina su m\u00fasica, siempre fusionado con melod\u00edas pop accesibles y letras cargadas de empoderamiento.<\/p>\t\t\t\t\t\t\t\t<\/div>\n\t\t\t\t<\/div>\n\t\t\t\t\t<\/div>\n\t\t<\/div>\n\t\t\t\t\t<\/div>\n\t\t<\/section>\n\t\t\t\t<section class=\"elementor-section elementor-top-section elementor-element elementor-element-cfd84fa elementor-section-boxed elementor-section-height-default elementor-section-height-default\" data-id=\"cfd84fa\" data-element_type=\"section\" data-e-type=\"section\">\n\t\t\t\t\t\t<div class=\"elementor-container elementor-column-gap-default\">\n\t\t\t\t\t<div class=\"elementor-column elementor-col-100 elementor-top-column elementor-element elementor-element-011361a\" data-id=\"011361a\" data-element_type=\"column\" data-e-type=\"column\">\n\t\t\t<div class=\"elementor-widget-wrap elementor-element-populated\">\n\t\t\t\t\t\t<div class=\"elementor-element elementor-element-e9fba36 elementor-widget__width-initial elementor-widget elementor-widget-text-editor\" data-id=\"e9fba36\" data-element_type=\"widget\" data-e-type=\"widget\" data-widget_type=\"text-editor.default\">\n\t\t\t\t<div class=\"elementor-widget-container\">\n\t\t\t\t\t\t\t\t\t<p data-start=\"1930\" data-end=\"2363\">Su trayectoria ha crecido al ritmo de colaboraciones internacionales con productores como Imanbek, Marnik o Blasterjaxx, y \u00e9xitos como <em data-start=\"2065\" data-end=\"2076\">Yo por ti<\/em> con VIZE y Abraham Mateo o <em data-start=\"2104\" data-end=\"2112\">T\u00f3xica<\/em> junto a Le Shuuk, que suman millones de reproducciones. Su paso por el Benidorm Fest 2023 con <em data-start=\"2207\" data-end=\"2213\">Tuki<\/em> impuls\u00f3 su notoriedad en Espa\u00f1a, y en 2024 consolid\u00f3 su propuesta con <em data-start=\"2284\" data-end=\"2292\">Suerte<\/em>, un \u00e1lbum debut multiling\u00fce que refleja su identidad art\u00edstica plural.<\/p><p data-start=\"2365\" data-end=\"2546\" data-is-last-node=\"\" data-is-only-node=\"\">Con <em data-start=\"2369\" data-end=\"2375\">am\u00e9n<\/em>, Sof\u00eda Mart\u00edn reafirma su posici\u00f3n como una de las voces m\u00e1s originales del nuevo pop europeo, capaz de unir espiritualidad, fiesta y emoci\u00f3n en un mismo universo sonoro.<\/p>\t\t\t\t\t\t\t\t<\/div>\n\t\t\t\t<\/div>\n\t\t\t\t\t<\/div>\n\t\t<\/div>\n\t\t\t\t\t<\/div>\n\t\t<\/section>\n\t\t\t\t<\/div>","protected":false},"excerpt":{"rendered":"<p>La artista Sof\u00eda Mart\u00edn transforma el desamor en empoderamiento pop como adelanto de su EP previsto para 2026 Sof\u00eda Mart\u00edn regresa con am\u00e9n, una canci\u00f3n que transforma la sanaci\u00f3n emocional en un ritual pop lleno de brillo, iron\u00eda y sensibilidad. Lejos de una balada tradicional, la artista propone una misa camp para resurgir, donde el [&hellip;]<\/p>\n","protected":false},"author":6,"featured_media":6644,"comment_status":"closed","ping_status":"closed","sticky":false,"template":"","format":"standard","meta":{"footnotes":""},"categories":[4],"tags":[],"class_list":["post-6641","post","type-post","status-publish","format-standard","has-post-thumbnail","hentry","category-musica"],"yoast_head":"<!-- This site is optimized with the Yoast SEO plugin v27.4 - https:\/\/yoast.com\/product\/yoast-seo-wordpress\/ -->\n<title>Sof\u00eda Mart\u00edn lanza &quot;Am\u00e9n&quot;, el segundo adelanto de su EP<\/title>\n<meta name=\"description\" content=\"La artista hispano-alemana Sof\u00eda Mart\u00edn transforma el desamor en empoderamiento pop como adelanto de su EP previsto para 2026\" \/>\n<meta name=\"robots\" content=\"index, follow, max-snippet:-1, max-image-preview:large, max-video-preview:-1\" \/>\n<link rel=\"canonical\" href=\"https:\/\/unaymilletras.com\/en\/sofia-martin-lanza-amen-el-segundo-adelanto-de-su-ep\/\" \/>\n<meta property=\"og:locale\" content=\"en_GB\" \/>\n<meta property=\"og:type\" content=\"article\" \/>\n<meta property=\"og:title\" content=\"Sof\u00eda Mart\u00edn lanza &quot;Am\u00e9n&quot;, el segundo adelanto de su EP\" \/>\n<meta property=\"og:description\" content=\"La artista hispano-alemana Sof\u00eda Mart\u00edn transforma el desamor en empoderamiento pop como adelanto de su EP previsto para 2026\" \/>\n<meta property=\"og:url\" content=\"https:\/\/unaymilletras.com\/en\/sofia-martin-lanza-amen-el-segundo-adelanto-de-su-ep\/\" \/>\n<meta property=\"og:site_name\" content=\"Una y Mil Letras\" \/>\n<meta property=\"article:published_time\" content=\"2025-12-04T22:01:48+00:00\" \/>\n<meta property=\"article:modified_time\" content=\"2025-12-05T10:11:14+00:00\" \/>\n<meta property=\"og:image\" content=\"http:\/\/unaymilletras.com\/wp-content\/uploads\/2025\/12\/SOFIA-MARTIN-AMEN-ARTWORK-scaled-e1764929447678.png\" \/>\n\t<meta property=\"og:image:width\" content=\"600\" \/>\n\t<meta property=\"og:image:height\" content=\"600\" \/>\n\t<meta property=\"og:image:type\" content=\"image\/png\" \/>\n<meta name=\"author\" content=\"Redacci\u00f3n\" \/>\n<meta name=\"twitter:card\" content=\"summary_large_image\" \/>\n<meta name=\"twitter:creator\" content=\"@UnaYMilLetras\" \/>\n<meta name=\"twitter:site\" content=\"@UnaYMilLetras\" \/>\n<meta name=\"twitter:label1\" content=\"Written by\" \/>\n\t<meta name=\"twitter:data1\" content=\"Redacci\u00f3n\" \/>\n\t<meta name=\"twitter:label2\" content=\"Estimated reading time\" \/>\n\t<meta name=\"twitter:data2\" content=\"2 minutes\" \/>\n<script type=\"application\/ld+json\" class=\"yoast-schema-graph\">{\"@context\":\"https:\\\/\\\/schema.org\",\"@graph\":[{\"@type\":\"Article\",\"@id\":\"https:\\\/\\\/unaymilletras.com\\\/sofia-martin-lanza-amen-el-segundo-adelanto-de-su-ep\\\/#article\",\"isPartOf\":{\"@id\":\"https:\\\/\\\/unaymilletras.com\\\/sofia-martin-lanza-amen-el-segundo-adelanto-de-su-ep\\\/\"},\"author\":{\"name\":\"Redacci\u00f3n\",\"@id\":\"http:\\\/\\\/unaymilletras.com\\\/#\\\/schema\\\/person\\\/0860dc8a218329991ee2c7591f4f849d\"},\"headline\":\"Sof\u00eda Mart\u00edn lanza \u00abAm\u00e9n\u00bb, el segundo adelanto de su EP\",\"datePublished\":\"2025-12-04T22:01:48+00:00\",\"dateModified\":\"2025-12-05T10:11:14+00:00\",\"mainEntityOfPage\":{\"@id\":\"https:\\\/\\\/unaymilletras.com\\\/sofia-martin-lanza-amen-el-segundo-adelanto-de-su-ep\\\/\"},\"wordCount\":381,\"publisher\":{\"@id\":\"http:\\\/\\\/unaymilletras.com\\\/#organization\"},\"image\":{\"@id\":\"https:\\\/\\\/unaymilletras.com\\\/sofia-martin-lanza-amen-el-segundo-adelanto-de-su-ep\\\/#primaryimage\"},\"thumbnailUrl\":\"https:\\\/\\\/unaymilletras.com\\\/wp-content\\\/uploads\\\/2025\\\/12\\\/SOFIA-MARTIN-AMEN-ARTWORK-scaled-e1764929447678.png\",\"articleSection\":[\"M\u00fasica\"],\"inLanguage\":\"en-GB\"},{\"@type\":\"WebPage\",\"@id\":\"https:\\\/\\\/unaymilletras.com\\\/sofia-martin-lanza-amen-el-segundo-adelanto-de-su-ep\\\/\",\"url\":\"https:\\\/\\\/unaymilletras.com\\\/sofia-martin-lanza-amen-el-segundo-adelanto-de-su-ep\\\/\",\"name\":\"Sof\u00eda Mart\u00edn lanza \\\"Am\u00e9n\\\", el segundo adelanto de su EP\",\"isPartOf\":{\"@id\":\"http:\\\/\\\/unaymilletras.com\\\/#website\"},\"primaryImageOfPage\":{\"@id\":\"https:\\\/\\\/unaymilletras.com\\\/sofia-martin-lanza-amen-el-segundo-adelanto-de-su-ep\\\/#primaryimage\"},\"image\":{\"@id\":\"https:\\\/\\\/unaymilletras.com\\\/sofia-martin-lanza-amen-el-segundo-adelanto-de-su-ep\\\/#primaryimage\"},\"thumbnailUrl\":\"https:\\\/\\\/unaymilletras.com\\\/wp-content\\\/uploads\\\/2025\\\/12\\\/SOFIA-MARTIN-AMEN-ARTWORK-scaled-e1764929447678.png\",\"datePublished\":\"2025-12-04T22:01:48+00:00\",\"dateModified\":\"2025-12-05T10:11:14+00:00\",\"description\":\"La artista hispano-alemana Sof\u00eda Mart\u00edn transforma el desamor en empoderamiento pop como adelanto de su EP previsto para 2026\",\"breadcrumb\":{\"@id\":\"https:\\\/\\\/unaymilletras.com\\\/sofia-martin-lanza-amen-el-segundo-adelanto-de-su-ep\\\/#breadcrumb\"},\"inLanguage\":\"en-GB\",\"potentialAction\":[{\"@type\":\"ReadAction\",\"target\":[\"https:\\\/\\\/unaymilletras.com\\\/sofia-martin-lanza-amen-el-segundo-adelanto-de-su-ep\\\/\"]}]},{\"@type\":\"ImageObject\",\"inLanguage\":\"en-GB\",\"@id\":\"https:\\\/\\\/unaymilletras.com\\\/sofia-martin-lanza-amen-el-segundo-adelanto-de-su-ep\\\/#primaryimage\",\"url\":\"https:\\\/\\\/unaymilletras.com\\\/wp-content\\\/uploads\\\/2025\\\/12\\\/SOFIA-MARTIN-AMEN-ARTWORK-scaled-e1764929447678.png\",\"contentUrl\":\"https:\\\/\\\/unaymilletras.com\\\/wp-content\\\/uploads\\\/2025\\\/12\\\/SOFIA-MARTIN-AMEN-ARTWORK-scaled-e1764929447678.png\",\"width\":600,\"height\":600,\"caption\":\"Sof\u00eda Mart\u00edn\"},{\"@type\":\"BreadcrumbList\",\"@id\":\"https:\\\/\\\/unaymilletras.com\\\/sofia-martin-lanza-amen-el-segundo-adelanto-de-su-ep\\\/#breadcrumb\",\"itemListElement\":[{\"@type\":\"ListItem\",\"position\":1,\"name\":\"Home\",\"item\":\"http:\\\/\\\/unaymilletras.com\\\/\"},{\"@type\":\"ListItem\",\"position\":2,\"name\":\"Sof\u00eda Mart\u00edn lanza \u00abAm\u00e9n\u00bb, el segundo adelanto de su EP\"}]},{\"@type\":\"WebSite\",\"@id\":\"http:\\\/\\\/unaymilletras.com\\\/#website\",\"url\":\"http:\\\/\\\/unaymilletras.com\\\/\",\"name\":\"Una y Mil Letras\",\"description\":\"\",\"publisher\":{\"@id\":\"http:\\\/\\\/unaymilletras.com\\\/#organization\"},\"potentialAction\":[{\"@type\":\"SearchAction\",\"target\":{\"@type\":\"EntryPoint\",\"urlTemplate\":\"http:\\\/\\\/unaymilletras.com\\\/?s={search_term_string}\"},\"query-input\":{\"@type\":\"PropertyValueSpecification\",\"valueRequired\":true,\"valueName\":\"search_term_string\"}}],\"inLanguage\":\"en-GB\"},{\"@type\":\"Organization\",\"@id\":\"http:\\\/\\\/unaymilletras.com\\\/#organization\",\"name\":\"Una y Mil Letras\",\"url\":\"http:\\\/\\\/unaymilletras.com\\\/\",\"logo\":{\"@type\":\"ImageObject\",\"inLanguage\":\"en-GB\",\"@id\":\"http:\\\/\\\/unaymilletras.com\\\/#\\\/schema\\\/logo\\\/image\\\/\",\"url\":\"https:\\\/\\\/unaymilletras.com\\\/wp-content\\\/uploads\\\/2024\\\/06\\\/cropped-Logo-removebg-preview.png\",\"contentUrl\":\"https:\\\/\\\/unaymilletras.com\\\/wp-content\\\/uploads\\\/2024\\\/06\\\/cropped-Logo-removebg-preview.png\",\"width\":512,\"height\":512,\"caption\":\"Una y Mil Letras\"},\"image\":{\"@id\":\"http:\\\/\\\/unaymilletras.com\\\/#\\\/schema\\\/logo\\\/image\\\/\"},\"sameAs\":[\"https:\\\/\\\/x.com\\\/UnaYMilLetras\",\"https:\\\/\\\/instagram.com\\\/UnaYMilLetras\"]},{\"@type\":\"Person\",\"@id\":\"http:\\\/\\\/unaymilletras.com\\\/#\\\/schema\\\/person\\\/0860dc8a218329991ee2c7591f4f849d\",\"name\":\"Redacci\u00f3n\",\"image\":{\"@type\":\"ImageObject\",\"inLanguage\":\"en-GB\",\"@id\":\"https:\\\/\\\/secure.gravatar.com\\\/avatar\\\/d8f55e05a8b6597e45c55a1dcbdbfe44f4a360d88b48e00de5216a79b7732796?s=96&d=mm&r=g\",\"url\":\"https:\\\/\\\/secure.gravatar.com\\\/avatar\\\/d8f55e05a8b6597e45c55a1dcbdbfe44f4a360d88b48e00de5216a79b7732796?s=96&d=mm&r=g\",\"contentUrl\":\"https:\\\/\\\/secure.gravatar.com\\\/avatar\\\/d8f55e05a8b6597e45c55a1dcbdbfe44f4a360d88b48e00de5216a79b7732796?s=96&d=mm&r=g\",\"caption\":\"Redacci\u00f3n\"},\"url\":\"https:\\\/\\\/unaymilletras.com\\\/en\\\/author\\\/redaccion\\\/\"}]}<\/script>\n<!-- \/ Yoast SEO plugin. -->","yoast_head_json":{"title":"Sof\u00eda Mart\u00edn lanza \"Am\u00e9n\", el segundo adelanto de su EP","description":"La artista hispano-alemana Sof\u00eda Mart\u00edn transforma el desamor en empoderamiento pop como adelanto de su EP previsto para 2026","robots":{"index":"index","follow":"follow","max-snippet":"max-snippet:-1","max-image-preview":"max-image-preview:large","max-video-preview":"max-video-preview:-1"},"canonical":"https:\/\/unaymilletras.com\/en\/sofia-martin-lanza-amen-el-segundo-adelanto-de-su-ep\/","og_locale":"en_GB","og_type":"article","og_title":"Sof\u00eda Mart\u00edn lanza \"Am\u00e9n\", el segundo adelanto de su EP","og_description":"La artista hispano-alemana Sof\u00eda Mart\u00edn transforma el desamor en empoderamiento pop como adelanto de su EP previsto para 2026","og_url":"https:\/\/unaymilletras.com\/en\/sofia-martin-lanza-amen-el-segundo-adelanto-de-su-ep\/","og_site_name":"Una y Mil Letras","article_published_time":"2025-12-04T22:01:48+00:00","article_modified_time":"2025-12-05T10:11:14+00:00","og_image":[{"width":600,"height":600,"url":"http:\/\/unaymilletras.com\/wp-content\/uploads\/2025\/12\/SOFIA-MARTIN-AMEN-ARTWORK-scaled-e1764929447678.png","type":"image\/png"}],"author":"Redacci\u00f3n","twitter_card":"summary_large_image","twitter_creator":"@UnaYMilLetras","twitter_site":"@UnaYMilLetras","twitter_misc":{"Written by":"Redacci\u00f3n","Estimated reading time":"2 minutes"},"schema":{"@context":"https:\/\/schema.org","@graph":[{"@type":"Article","@id":"https:\/\/unaymilletras.com\/sofia-martin-lanza-amen-el-segundo-adelanto-de-su-ep\/#article","isPartOf":{"@id":"https:\/\/unaymilletras.com\/sofia-martin-lanza-amen-el-segundo-adelanto-de-su-ep\/"},"author":{"name":"Redacci\u00f3n","@id":"http:\/\/unaymilletras.com\/#\/schema\/person\/0860dc8a218329991ee2c7591f4f849d"},"headline":"Sof\u00eda Mart\u00edn lanza \u00abAm\u00e9n\u00bb, el segundo adelanto de su EP","datePublished":"2025-12-04T22:01:48+00:00","dateModified":"2025-12-05T10:11:14+00:00","mainEntityOfPage":{"@id":"https:\/\/unaymilletras.com\/sofia-martin-lanza-amen-el-segundo-adelanto-de-su-ep\/"},"wordCount":381,"publisher":{"@id":"http:\/\/unaymilletras.com\/#organization"},"image":{"@id":"https:\/\/unaymilletras.com\/sofia-martin-lanza-amen-el-segundo-adelanto-de-su-ep\/#primaryimage"},"thumbnailUrl":"https:\/\/unaymilletras.com\/wp-content\/uploads\/2025\/12\/SOFIA-MARTIN-AMEN-ARTWORK-scaled-e1764929447678.png","articleSection":["M\u00fasica"],"inLanguage":"en-GB"},{"@type":"WebPage","@id":"https:\/\/unaymilletras.com\/sofia-martin-lanza-amen-el-segundo-adelanto-de-su-ep\/","url":"https:\/\/unaymilletras.com\/sofia-martin-lanza-amen-el-segundo-adelanto-de-su-ep\/","name":"Sof\u00eda Mart\u00edn lanza \"Am\u00e9n\", el segundo adelanto de su EP","isPartOf":{"@id":"http:\/\/unaymilletras.com\/#website"},"primaryImageOfPage":{"@id":"https:\/\/unaymilletras.com\/sofia-martin-lanza-amen-el-segundo-adelanto-de-su-ep\/#primaryimage"},"image":{"@id":"https:\/\/unaymilletras.com\/sofia-martin-lanza-amen-el-segundo-adelanto-de-su-ep\/#primaryimage"},"thumbnailUrl":"https:\/\/unaymilletras.com\/wp-content\/uploads\/2025\/12\/SOFIA-MARTIN-AMEN-ARTWORK-scaled-e1764929447678.png","datePublished":"2025-12-04T22:01:48+00:00","dateModified":"2025-12-05T10:11:14+00:00","description":"La artista hispano-alemana Sof\u00eda Mart\u00edn transforma el desamor en empoderamiento pop como adelanto de su EP previsto para 2026","breadcrumb":{"@id":"https:\/\/unaymilletras.com\/sofia-martin-lanza-amen-el-segundo-adelanto-de-su-ep\/#breadcrumb"},"inLanguage":"en-GB","potentialAction":[{"@type":"ReadAction","target":["https:\/\/unaymilletras.com\/sofia-martin-lanza-amen-el-segundo-adelanto-de-su-ep\/"]}]},{"@type":"ImageObject","inLanguage":"en-GB","@id":"https:\/\/unaymilletras.com\/sofia-martin-lanza-amen-el-segundo-adelanto-de-su-ep\/#primaryimage","url":"https:\/\/unaymilletras.com\/wp-content\/uploads\/2025\/12\/SOFIA-MARTIN-AMEN-ARTWORK-scaled-e1764929447678.png","contentUrl":"https:\/\/unaymilletras.com\/wp-content\/uploads\/2025\/12\/SOFIA-MARTIN-AMEN-ARTWORK-scaled-e1764929447678.png","width":600,"height":600,"caption":"Sof\u00eda Mart\u00edn"},{"@type":"BreadcrumbList","@id":"https:\/\/unaymilletras.com\/sofia-martin-lanza-amen-el-segundo-adelanto-de-su-ep\/#breadcrumb","itemListElement":[{"@type":"ListItem","position":1,"name":"Home","item":"http:\/\/unaymilletras.com\/"},{"@type":"ListItem","position":2,"name":"Sof\u00eda Mart\u00edn lanza \u00abAm\u00e9n\u00bb, el segundo adelanto de su EP"}]},{"@type":"WebSite","@id":"http:\/\/unaymilletras.com\/#website","url":"http:\/\/unaymilletras.com\/","name":"Una y Mil Letras","description":"","publisher":{"@id":"http:\/\/unaymilletras.com\/#organization"},"potentialAction":[{"@type":"SearchAction","target":{"@type":"EntryPoint","urlTemplate":"http:\/\/unaymilletras.com\/?s={search_term_string}"},"query-input":{"@type":"PropertyValueSpecification","valueRequired":true,"valueName":"search_term_string"}}],"inLanguage":"en-GB"},{"@type":"Organization","@id":"http:\/\/unaymilletras.com\/#organization","name":"Una y Mil Letras","url":"http:\/\/unaymilletras.com\/","logo":{"@type":"ImageObject","inLanguage":"en-GB","@id":"http:\/\/unaymilletras.com\/#\/schema\/logo\/image\/","url":"https:\/\/unaymilletras.com\/wp-content\/uploads\/2024\/06\/cropped-Logo-removebg-preview.png","contentUrl":"https:\/\/unaymilletras.com\/wp-content\/uploads\/2024\/06\/cropped-Logo-removebg-preview.png","width":512,"height":512,"caption":"Una y Mil Letras"},"image":{"@id":"http:\/\/unaymilletras.com\/#\/schema\/logo\/image\/"},"sameAs":["https:\/\/x.com\/UnaYMilLetras","https:\/\/instagram.com\/UnaYMilLetras"]},{"@type":"Person","@id":"http:\/\/unaymilletras.com\/#\/schema\/person\/0860dc8a218329991ee2c7591f4f849d","name":"Redacci\u00f3n","image":{"@type":"ImageObject","inLanguage":"en-GB","@id":"https:\/\/secure.gravatar.com\/avatar\/d8f55e05a8b6597e45c55a1dcbdbfe44f4a360d88b48e00de5216a79b7732796?s=96&d=mm&r=g","url":"https:\/\/secure.gravatar.com\/avatar\/d8f55e05a8b6597e45c55a1dcbdbfe44f4a360d88b48e00de5216a79b7732796?s=96&d=mm&r=g","contentUrl":"https:\/\/secure.gravatar.com\/avatar\/d8f55e05a8b6597e45c55a1dcbdbfe44f4a360d88b48e00de5216a79b7732796?s=96&d=mm&r=g","caption":"Redacci\u00f3n"},"url":"https:\/\/unaymilletras.com\/en\/author\/redaccion\/"}]}},"_links":{"self":[{"href":"https:\/\/unaymilletras.com\/en\/wp-json\/wp\/v2\/posts\/6641","targetHints":{"allow":["GET"]}}],"collection":[{"href":"https:\/\/unaymilletras.com\/en\/wp-json\/wp\/v2\/posts"}],"about":[{"href":"https:\/\/unaymilletras.com\/en\/wp-json\/wp\/v2\/types\/post"}],"author":[{"embeddable":true,"href":"https:\/\/unaymilletras.com\/en\/wp-json\/wp\/v2\/users\/6"}],"replies":[{"embeddable":true,"href":"https:\/\/unaymilletras.com\/en\/wp-json\/wp\/v2\/comments?post=6641"}],"version-history":[{"count":7,"href":"https:\/\/unaymilletras.com\/en\/wp-json\/wp\/v2\/posts\/6641\/revisions"}],"predecessor-version":[{"id":6650,"href":"https:\/\/unaymilletras.com\/en\/wp-json\/wp\/v2\/posts\/6641\/revisions\/6650"}],"wp:featuredmedia":[{"embeddable":true,"href":"https:\/\/unaymilletras.com\/en\/wp-json\/wp\/v2\/media\/6644"}],"wp:attachment":[{"href":"https:\/\/unaymilletras.com\/en\/wp-json\/wp\/v2\/media?parent=6641"}],"wp:term":[{"taxonomy":"category","embeddable":true,"href":"https:\/\/unaymilletras.com\/en\/wp-json\/wp\/v2\/categories?post=6641"},{"taxonomy":"post_tag","embeddable":true,"href":"https:\/\/unaymilletras.com\/en\/wp-json\/wp\/v2\/tags?post=6641"}],"curies":[{"name":"wp","href":"https:\/\/api.w.org\/{rel}","templated":true}]}}