{"id":6662,"date":"2025-12-05T12:02:54","date_gmt":"2025-12-05T11:02:54","guid":{"rendered":"https:\/\/unaymilletras.com\/?p=6662"},"modified":"2025-12-05T12:06:48","modified_gmt":"2025-12-05T11:06:48","slug":"daniela-blasco-el-ano-con-te-fuiste-un-homenaje-a-last-christmas","status":"publish","type":"post","link":"https:\/\/unaymilletras.com\/en\/daniela-blasco-el-ano-con-te-fuiste-un-homenaje-a-last-christmas\/","title":{"rendered":"Daniela Blasco el a\u00f1o con Te fuiste, un homenaje a Last Christmas"},"content":{"rendered":"<div data-elementor-type=\"wp-post\" data-elementor-id=\"6662\" class=\"elementor elementor-6662\">\n\t\t\t\t\t\t<section class=\"elementor-section elementor-top-section elementor-element elementor-element-3acce31 elementor-section-boxed elementor-section-height-default elementor-section-height-default\" data-id=\"3acce31\" data-element_type=\"section\" data-e-type=\"section\">\n\t\t\t\t\t\t<div class=\"elementor-container elementor-column-gap-default\">\n\t\t\t\t\t<div class=\"elementor-column elementor-col-100 elementor-top-column elementor-element elementor-element-d9c8c57\" data-id=\"d9c8c57\" data-element_type=\"column\" data-e-type=\"column\">\n\t\t\t<div class=\"elementor-widget-wrap elementor-element-populated\">\n\t\t\t\t\t\t<div class=\"elementor-element elementor-element-212e441 elementor-widget elementor-widget-text-editor\" data-id=\"212e441\" data-element_type=\"widget\" data-e-type=\"widget\" data-widget_type=\"text-editor.default\">\n\t\t\t\t<div class=\"elementor-widget-container\">\n\t\t\t\t\t\t\t\t\t<h2 style=\"text-align: center;\"><span style=\"color: #808080;\"><em>La artista valenciana Daniela Blasco reinterpreta el cl\u00e1sico navide\u00f1o desde una mirada \u00edntima y contempor\u00e1nea<\/em><\/span><\/h2>\t\t\t\t\t\t\t\t<\/div>\n\t\t\t\t<\/div>\n\t\t\t\t\t<\/div>\n\t\t<\/div>\n\t\t\t\t\t<\/div>\n\t\t<\/section>\n\t\t\t\t<section class=\"elementor-section elementor-top-section elementor-element elementor-element-c2703a1 elementor-section-boxed elementor-section-height-default elementor-section-height-default\" data-id=\"c2703a1\" data-element_type=\"section\" data-e-type=\"section\">\n\t\t\t\t\t\t<div class=\"elementor-container elementor-column-gap-default\">\n\t\t\t\t\t<div class=\"elementor-column elementor-col-100 elementor-top-column elementor-element elementor-element-9e2f713\" data-id=\"9e2f713\" data-element_type=\"column\" data-e-type=\"column\">\n\t\t\t<div class=\"elementor-widget-wrap elementor-element-populated\">\n\t\t\t\t\t\t<div class=\"elementor-element elementor-element-afd2a87 elementor-widget elementor-widget-text-editor\" data-id=\"afd2a87\" data-element_type=\"widget\" data-e-type=\"widget\" data-widget_type=\"text-editor.default\">\n\t\t\t\t<div class=\"elementor-widget-container\">\n\t\t\t\t\t\t\t\t\t<p data-start=\"564\" data-end=\"1033\">Daniela Blasco pone el broche final a un 2025 hist\u00f3rico con <em data-start=\"624\" data-end=\"635\">Te fuiste<\/em>, una versi\u00f3n en espa\u00f1ol de <em data-start=\"663\" data-end=\"679\">Last Christmas<\/em> que transforma el icono navide\u00f1o en una confesi\u00f3n \u00edntima y melanc\u00f3lica. La artista, que este a\u00f1o vivi\u00f3 un ascenso mete\u00f3rico tras convertirse en subcampeona del Benidorm Fest con <em data-start=\"858\" data-end=\"867\">UH NANA<\/em> y superar los tres millones de escuchas en plataformas, regresa con un lanzamiento que mira al pasado con honestidad y abre las puertas de una nueva etapa art\u00edstica.<\/p>\t\t\t\t\t\t\t\t<\/div>\n\t\t\t\t<\/div>\n\t\t\t\t\t<\/div>\n\t\t<\/div>\n\t\t\t\t\t<\/div>\n\t\t<\/section>\n\t\t\t\t<section class=\"elementor-section elementor-top-section elementor-element elementor-element-677107d elementor-section-boxed elementor-section-height-default elementor-section-height-default\" data-id=\"677107d\" data-element_type=\"section\" data-e-type=\"section\">\n\t\t\t\t\t\t<div class=\"elementor-container elementor-column-gap-default\">\n\t\t\t\t\t<div class=\"elementor-column elementor-col-50 elementor-top-column elementor-element elementor-element-f2efb5a\" data-id=\"f2efb5a\" data-element_type=\"column\" data-e-type=\"column\">\n\t\t\t<div class=\"elementor-widget-wrap elementor-element-populated\">\n\t\t\t\t\t\t<div class=\"elementor-element elementor-element-2c76659 elementor-widget elementor-widget-text-editor\" data-id=\"2c76659\" data-element_type=\"widget\" data-e-type=\"widget\" data-widget_type=\"text-editor.default\">\n\t\t\t\t<div class=\"elementor-widget-container\">\n\t\t\t\t\t\t\t\t\t<p data-start=\"1035\" data-end=\"1566\">En <em data-start=\"1038\" data-end=\"1049\">Te fuiste<\/em>, Daniela reinterpreta un himno que ha marcado generaciones, pero lo hace desde un lugar propio: m\u00e1s vulnerable, m\u00e1s cinematogr\u00e1fico y con una producci\u00f3n que combina nostalgia ochentera y sensibilidad pop contempor\u00e1nea. La letra refleja un reencuentro lleno de heridas que no terminan de cerrar y una Navidad en la que el brillo convive con la ausencia. Esa dualidad queda encapsulada en versos que exponen la herida con claridad y que conectan con un p\u00fablico que ha seguido de cerca su evoluci\u00f3n durante todo el a\u00f1o.<\/p>\t\t\t\t\t\t\t\t<\/div>\n\t\t\t\t<\/div>\n\t\t\t\t\t<\/div>\n\t\t<\/div>\n\t\t\t\t<div class=\"elementor-column elementor-col-50 elementor-top-column elementor-element elementor-element-cbc5945\" data-id=\"cbc5945\" data-element_type=\"column\" data-e-type=\"column\">\n\t\t\t<div class=\"elementor-widget-wrap elementor-element-populated\">\n\t\t\t\t\t\t<div class=\"elementor-element elementor-element-a9336f8 elementor-widget elementor-widget-image\" data-id=\"a9336f8\" data-element_type=\"widget\" data-e-type=\"widget\" data-widget_type=\"image.default\">\n\t\t\t\t<div class=\"elementor-widget-container\">\n\t\t\t\t\t\t\t\t\t\t\t\t\t\t\t<img fetchpriority=\"high\" decoding=\"async\" width=\"640\" height=\"640\" src=\"https:\/\/unaymilletras.com\/wp-content\/uploads\/2025\/12\/3893c76e-2747-dc41-769b-c679868b-1024x1024.jpg\" class=\"attachment-large size-large wp-image-6664\" alt=\"Daniela Blasco\" srcset=\"https:\/\/unaymilletras.com\/wp-content\/uploads\/2025\/12\/3893c76e-2747-dc41-769b-c679868b-1024x1024.jpg 1024w, https:\/\/unaymilletras.com\/wp-content\/uploads\/2025\/12\/3893c76e-2747-dc41-769b-c679868b-300x300.jpg 300w, https:\/\/unaymilletras.com\/wp-content\/uploads\/2025\/12\/3893c76e-2747-dc41-769b-c679868b-150x150.jpg 150w, https:\/\/unaymilletras.com\/wp-content\/uploads\/2025\/12\/3893c76e-2747-dc41-769b-c679868b-768x768.jpg 768w, https:\/\/unaymilletras.com\/wp-content\/uploads\/2025\/12\/3893c76e-2747-dc41-769b-c679868b-1536x1536.jpg 1536w, https:\/\/unaymilletras.com\/wp-content\/uploads\/2025\/12\/3893c76e-2747-dc41-769b-c679868b-12x12.jpg 12w, https:\/\/unaymilletras.com\/wp-content\/uploads\/2025\/12\/3893c76e-2747-dc41-769b-c679868b-e1764932708590.jpg 600w\" sizes=\"(max-width: 640px) 100vw, 640px\" \/>\t\t\t\t\t\t\t\t\t\t\t\t\t\t\t<\/div>\n\t\t\t\t<\/div>\n\t\t\t\t\t<\/div>\n\t\t<\/div>\n\t\t\t\t\t<\/div>\n\t\t<\/section>\n\t\t\t\t<section class=\"elementor-section elementor-top-section elementor-element elementor-element-dd3689e elementor-section-boxed elementor-section-height-default elementor-section-height-default\" data-id=\"dd3689e\" data-element_type=\"section\" data-e-type=\"section\">\n\t\t\t\t\t\t<div class=\"elementor-container elementor-column-gap-default\">\n\t\t\t\t\t<div class=\"elementor-column elementor-col-100 elementor-top-column elementor-element elementor-element-901802f\" data-id=\"901802f\" data-element_type=\"column\" data-e-type=\"column\">\n\t\t\t<div class=\"elementor-widget-wrap elementor-element-populated\">\n\t\t\t\t\t\t<div class=\"elementor-element elementor-element-26065c9 elementor-widget elementor-widget-text-editor\" data-id=\"26065c9\" data-element_type=\"widget\" data-e-type=\"widget\" data-widget_type=\"text-editor.default\">\n\t\t\t\t<div class=\"elementor-widget-container\">\n\t\t\t\t\t\t\t\t\t<p data-start=\"2153\" data-end=\"2855\"><em data-start=\"2153\" data-end=\"2164\">Te fuiste<\/em> refleja tambi\u00e9n el momento profesional que vive Daniela Blasco. Tras su paso por el Benidorm Fest 2025, donde su actuaci\u00f3n se convirti\u00f3 en una de las m\u00e1s virales del certamen, la artista ha recorrido escenarios clave de la m\u00fasica en Espa\u00f1a, desde eventos de Los40 hasta el Coca Cola Music Experience, afianzando un v\u00ednculo s\u00f3lido con el p\u00fablico y proyect\u00e1ndose como una de las voces j\u00f3venes m\u00e1s prometedoras del pop nacional. Su presencia medi\u00e1tica y su participaci\u00f3n en iniciativas de gran alcance \u2014como campa\u00f1as con TresEmm\u00e8 o Rimmel, y apariciones en eventos multitudinarios como la Copa Intercontinental de Futsal\u2014 han reforzado su visibilidad como icono de la nueva generaci\u00f3n digital.<\/p><p data-start=\"2857\" data-end=\"3365\">Su historia previa, marcada por sus comienzos como creadora de contenido y su conexi\u00f3n con el baile, ha evolucionado hacia una carrera musical en expansi\u00f3n. La viralidad inicial se ha transformado en una propuesta art\u00edstica s\u00f3lida que combina est\u00e9tica, narrativa y una capacidad notable para conectar con el p\u00fablico joven. Sus colaboraciones con artistas internacionales, sus sold outs en salas de referencia y su presencia en eventos exclusivos han definido un camino que ahora entra en una fase m\u00e1s madura.<\/p><p data-start=\"3367\" data-end=\"3761\" data-is-last-node=\"\" data-is-only-node=\"\">Con <em data-start=\"3371\" data-end=\"3382\">Te fuiste<\/em>, Daniela abre la puerta a lo que ser\u00e1 su nueva era en 2026. La artista ya trabaja en una serie de singles que explorar\u00e1n un sonido m\u00e1s internacional, experimental y ambicioso, sin renunciar a la sensibilidad pop que la caracteriza. Este cierre de a\u00f1o, emocional y luminoso, marca el inicio de un cap\u00edtulo que promete consolidarla definitivamente dentro del panorama pop espa\u00f1ol.<\/p>\t\t\t\t\t\t\t\t<\/div>\n\t\t\t\t<\/div>\n\t\t\t\t\t<\/div>\n\t\t<\/div>\n\t\t\t\t\t<\/div>\n\t\t<\/section>\n\t\t\t\t<\/div>","protected":false},"excerpt":{"rendered":"<p>La artista valenciana Daniela Blasco reinterpreta el cl\u00e1sico navide\u00f1o desde una mirada \u00edntima y contempor\u00e1nea Daniela Blasco pone el broche final a un 2025 hist\u00f3rico con Te fuiste, una versi\u00f3n en espa\u00f1ol de Last Christmas que transforma el icono navide\u00f1o en una confesi\u00f3n \u00edntima y melanc\u00f3lica. La artista, que este a\u00f1o vivi\u00f3 un ascenso mete\u00f3rico [&hellip;]<\/p>\n","protected":false},"author":6,"featured_media":6664,"comment_status":"closed","ping_status":"closed","sticky":false,"template":"","format":"standard","meta":{"footnotes":""},"categories":[4],"tags":[],"class_list":["post-6662","post","type-post","status-publish","format-standard","has-post-thumbnail","hentry","category-musica"],"yoast_head":"<!-- This site is optimized with the Yoast SEO plugin v27.4 - https:\/\/yoast.com\/product\/yoast-seo-wordpress\/ -->\n<title>Daniela Blasco el a\u00f1o con Te fuiste, un homenaje a Last Christmas<\/title>\n<meta name=\"description\" content=\"La artista valenciana Daniela Blasco reinterpreta el cl\u00e1sico navide\u00f1o desde una mirada \u00edntima y contempor\u00e1nea\" \/>\n<meta name=\"robots\" content=\"index, follow, max-snippet:-1, max-image-preview:large, max-video-preview:-1\" \/>\n<link rel=\"canonical\" href=\"https:\/\/unaymilletras.com\/en\/daniela-blasco-el-ano-con-te-fuiste-un-homenaje-a-last-christmas\/\" \/>\n<meta property=\"og:locale\" content=\"en_GB\" \/>\n<meta property=\"og:type\" content=\"article\" \/>\n<meta property=\"og:title\" content=\"Daniela Blasco el a\u00f1o con Te fuiste, un homenaje a Last Christmas\" \/>\n<meta property=\"og:description\" content=\"La artista valenciana Daniela Blasco reinterpreta el cl\u00e1sico navide\u00f1o desde una mirada \u00edntima y contempor\u00e1nea\" \/>\n<meta property=\"og:url\" content=\"https:\/\/unaymilletras.com\/en\/daniela-blasco-el-ano-con-te-fuiste-un-homenaje-a-last-christmas\/\" \/>\n<meta property=\"og:site_name\" content=\"Una y Mil Letras\" \/>\n<meta property=\"article:published_time\" content=\"2025-12-05T11:02:54+00:00\" \/>\n<meta property=\"article:modified_time\" content=\"2025-12-05T11:06:48+00:00\" \/>\n<meta property=\"og:image\" content=\"http:\/\/unaymilletras.com\/wp-content\/uploads\/2025\/12\/3893c76e-2747-dc41-769b-c679868b-e1764932708590.jpg\" \/>\n\t<meta property=\"og:image:width\" content=\"600\" \/>\n\t<meta property=\"og:image:height\" content=\"600\" \/>\n\t<meta property=\"og:image:type\" content=\"image\/jpeg\" \/>\n<meta name=\"author\" content=\"Redacci\u00f3n\" \/>\n<meta name=\"twitter:card\" content=\"summary_large_image\" \/>\n<meta name=\"twitter:creator\" content=\"@UnaYMilLetras\" \/>\n<meta name=\"twitter:site\" content=\"@UnaYMilLetras\" \/>\n<meta name=\"twitter:label1\" content=\"Written by\" \/>\n\t<meta name=\"twitter:data1\" content=\"Redacci\u00f3n\" \/>\n\t<meta name=\"twitter:label2\" content=\"Estimated reading time\" \/>\n\t<meta name=\"twitter:data2\" content=\"3 minutes\" \/>\n<script type=\"application\/ld+json\" class=\"yoast-schema-graph\">{\"@context\":\"https:\\\/\\\/schema.org\",\"@graph\":[{\"@type\":\"Article\",\"@id\":\"https:\\\/\\\/unaymilletras.com\\\/daniela-blasco-el-ano-con-te-fuiste-un-homenaje-a-last-christmas\\\/#article\",\"isPartOf\":{\"@id\":\"https:\\\/\\\/unaymilletras.com\\\/daniela-blasco-el-ano-con-te-fuiste-un-homenaje-a-last-christmas\\\/\"},\"author\":{\"name\":\"Redacci\u00f3n\",\"@id\":\"http:\\\/\\\/unaymilletras.com\\\/#\\\/schema\\\/person\\\/0860dc8a218329991ee2c7591f4f849d\"},\"headline\":\"Daniela Blasco el a\u00f1o con Te fuiste, un homenaje a Last Christmas\",\"datePublished\":\"2025-12-05T11:02:54+00:00\",\"dateModified\":\"2025-12-05T11:06:48+00:00\",\"mainEntityOfPage\":{\"@id\":\"https:\\\/\\\/unaymilletras.com\\\/daniela-blasco-el-ano-con-te-fuiste-un-homenaje-a-last-christmas\\\/\"},\"wordCount\":495,\"publisher\":{\"@id\":\"http:\\\/\\\/unaymilletras.com\\\/#organization\"},\"image\":{\"@id\":\"https:\\\/\\\/unaymilletras.com\\\/daniela-blasco-el-ano-con-te-fuiste-un-homenaje-a-last-christmas\\\/#primaryimage\"},\"thumbnailUrl\":\"https:\\\/\\\/unaymilletras.com\\\/wp-content\\\/uploads\\\/2025\\\/12\\\/3893c76e-2747-dc41-769b-c679868b-e1764932708590.jpg\",\"articleSection\":[\"M\u00fasica\"],\"inLanguage\":\"en-GB\"},{\"@type\":\"WebPage\",\"@id\":\"https:\\\/\\\/unaymilletras.com\\\/daniela-blasco-el-ano-con-te-fuiste-un-homenaje-a-last-christmas\\\/\",\"url\":\"https:\\\/\\\/unaymilletras.com\\\/daniela-blasco-el-ano-con-te-fuiste-un-homenaje-a-last-christmas\\\/\",\"name\":\"Daniela Blasco el a\u00f1o con Te fuiste, un homenaje a Last Christmas\",\"isPartOf\":{\"@id\":\"http:\\\/\\\/unaymilletras.com\\\/#website\"},\"primaryImageOfPage\":{\"@id\":\"https:\\\/\\\/unaymilletras.com\\\/daniela-blasco-el-ano-con-te-fuiste-un-homenaje-a-last-christmas\\\/#primaryimage\"},\"image\":{\"@id\":\"https:\\\/\\\/unaymilletras.com\\\/daniela-blasco-el-ano-con-te-fuiste-un-homenaje-a-last-christmas\\\/#primaryimage\"},\"thumbnailUrl\":\"https:\\\/\\\/unaymilletras.com\\\/wp-content\\\/uploads\\\/2025\\\/12\\\/3893c76e-2747-dc41-769b-c679868b-e1764932708590.jpg\",\"datePublished\":\"2025-12-05T11:02:54+00:00\",\"dateModified\":\"2025-12-05T11:06:48+00:00\",\"description\":\"La artista valenciana Daniela Blasco reinterpreta el cl\u00e1sico navide\u00f1o desde una mirada \u00edntima y contempor\u00e1nea\",\"breadcrumb\":{\"@id\":\"https:\\\/\\\/unaymilletras.com\\\/daniela-blasco-el-ano-con-te-fuiste-un-homenaje-a-last-christmas\\\/#breadcrumb\"},\"inLanguage\":\"en-GB\",\"potentialAction\":[{\"@type\":\"ReadAction\",\"target\":[\"https:\\\/\\\/unaymilletras.com\\\/daniela-blasco-el-ano-con-te-fuiste-un-homenaje-a-last-christmas\\\/\"]}]},{\"@type\":\"ImageObject\",\"inLanguage\":\"en-GB\",\"@id\":\"https:\\\/\\\/unaymilletras.com\\\/daniela-blasco-el-ano-con-te-fuiste-un-homenaje-a-last-christmas\\\/#primaryimage\",\"url\":\"https:\\\/\\\/unaymilletras.com\\\/wp-content\\\/uploads\\\/2025\\\/12\\\/3893c76e-2747-dc41-769b-c679868b-e1764932708590.jpg\",\"contentUrl\":\"https:\\\/\\\/unaymilletras.com\\\/wp-content\\\/uploads\\\/2025\\\/12\\\/3893c76e-2747-dc41-769b-c679868b-e1764932708590.jpg\",\"width\":600,\"height\":600,\"caption\":\"Daniela Blasco\"},{\"@type\":\"BreadcrumbList\",\"@id\":\"https:\\\/\\\/unaymilletras.com\\\/daniela-blasco-el-ano-con-te-fuiste-un-homenaje-a-last-christmas\\\/#breadcrumb\",\"itemListElement\":[{\"@type\":\"ListItem\",\"position\":1,\"name\":\"Home\",\"item\":\"http:\\\/\\\/unaymilletras.com\\\/\"},{\"@type\":\"ListItem\",\"position\":2,\"name\":\"Daniela Blasco el a\u00f1o con Te fuiste, un homenaje a Last Christmas\"}]},{\"@type\":\"WebSite\",\"@id\":\"http:\\\/\\\/unaymilletras.com\\\/#website\",\"url\":\"http:\\\/\\\/unaymilletras.com\\\/\",\"name\":\"Una y Mil Letras\",\"description\":\"\",\"publisher\":{\"@id\":\"http:\\\/\\\/unaymilletras.com\\\/#organization\"},\"potentialAction\":[{\"@type\":\"SearchAction\",\"target\":{\"@type\":\"EntryPoint\",\"urlTemplate\":\"http:\\\/\\\/unaymilletras.com\\\/?s={search_term_string}\"},\"query-input\":{\"@type\":\"PropertyValueSpecification\",\"valueRequired\":true,\"valueName\":\"search_term_string\"}}],\"inLanguage\":\"en-GB\"},{\"@type\":\"Organization\",\"@id\":\"http:\\\/\\\/unaymilletras.com\\\/#organization\",\"name\":\"Una y Mil Letras\",\"url\":\"http:\\\/\\\/unaymilletras.com\\\/\",\"logo\":{\"@type\":\"ImageObject\",\"inLanguage\":\"en-GB\",\"@id\":\"http:\\\/\\\/unaymilletras.com\\\/#\\\/schema\\\/logo\\\/image\\\/\",\"url\":\"https:\\\/\\\/unaymilletras.com\\\/wp-content\\\/uploads\\\/2024\\\/06\\\/cropped-Logo-removebg-preview.png\",\"contentUrl\":\"https:\\\/\\\/unaymilletras.com\\\/wp-content\\\/uploads\\\/2024\\\/06\\\/cropped-Logo-removebg-preview.png\",\"width\":512,\"height\":512,\"caption\":\"Una y Mil Letras\"},\"image\":{\"@id\":\"http:\\\/\\\/unaymilletras.com\\\/#\\\/schema\\\/logo\\\/image\\\/\"},\"sameAs\":[\"https:\\\/\\\/x.com\\\/UnaYMilLetras\",\"https:\\\/\\\/instagram.com\\\/UnaYMilLetras\"]},{\"@type\":\"Person\",\"@id\":\"http:\\\/\\\/unaymilletras.com\\\/#\\\/schema\\\/person\\\/0860dc8a218329991ee2c7591f4f849d\",\"name\":\"Redacci\u00f3n\",\"image\":{\"@type\":\"ImageObject\",\"inLanguage\":\"en-GB\",\"@id\":\"https:\\\/\\\/secure.gravatar.com\\\/avatar\\\/d8f55e05a8b6597e45c55a1dcbdbfe44f4a360d88b48e00de5216a79b7732796?s=96&d=mm&r=g\",\"url\":\"https:\\\/\\\/secure.gravatar.com\\\/avatar\\\/d8f55e05a8b6597e45c55a1dcbdbfe44f4a360d88b48e00de5216a79b7732796?s=96&d=mm&r=g\",\"contentUrl\":\"https:\\\/\\\/secure.gravatar.com\\\/avatar\\\/d8f55e05a8b6597e45c55a1dcbdbfe44f4a360d88b48e00de5216a79b7732796?s=96&d=mm&r=g\",\"caption\":\"Redacci\u00f3n\"},\"url\":\"https:\\\/\\\/unaymilletras.com\\\/en\\\/author\\\/redaccion\\\/\"}]}<\/script>\n<!-- \/ Yoast SEO plugin. -->","yoast_head_json":{"title":"Daniela Blasco el a\u00f1o con Te fuiste, un homenaje a Last Christmas","description":"La artista valenciana Daniela Blasco reinterpreta el cl\u00e1sico navide\u00f1o desde una mirada \u00edntima y contempor\u00e1nea","robots":{"index":"index","follow":"follow","max-snippet":"max-snippet:-1","max-image-preview":"max-image-preview:large","max-video-preview":"max-video-preview:-1"},"canonical":"https:\/\/unaymilletras.com\/en\/daniela-blasco-el-ano-con-te-fuiste-un-homenaje-a-last-christmas\/","og_locale":"en_GB","og_type":"article","og_title":"Daniela Blasco el a\u00f1o con Te fuiste, un homenaje a Last Christmas","og_description":"La artista valenciana Daniela Blasco reinterpreta el cl\u00e1sico navide\u00f1o desde una mirada \u00edntima y contempor\u00e1nea","og_url":"https:\/\/unaymilletras.com\/en\/daniela-blasco-el-ano-con-te-fuiste-un-homenaje-a-last-christmas\/","og_site_name":"Una y Mil Letras","article_published_time":"2025-12-05T11:02:54+00:00","article_modified_time":"2025-12-05T11:06:48+00:00","og_image":[{"width":600,"height":600,"url":"http:\/\/unaymilletras.com\/wp-content\/uploads\/2025\/12\/3893c76e-2747-dc41-769b-c679868b-e1764932708590.jpg","type":"image\/jpeg"}],"author":"Redacci\u00f3n","twitter_card":"summary_large_image","twitter_creator":"@UnaYMilLetras","twitter_site":"@UnaYMilLetras","twitter_misc":{"Written by":"Redacci\u00f3n","Estimated reading time":"3 minutes"},"schema":{"@context":"https:\/\/schema.org","@graph":[{"@type":"Article","@id":"https:\/\/unaymilletras.com\/daniela-blasco-el-ano-con-te-fuiste-un-homenaje-a-last-christmas\/#article","isPartOf":{"@id":"https:\/\/unaymilletras.com\/daniela-blasco-el-ano-con-te-fuiste-un-homenaje-a-last-christmas\/"},"author":{"name":"Redacci\u00f3n","@id":"http:\/\/unaymilletras.com\/#\/schema\/person\/0860dc8a218329991ee2c7591f4f849d"},"headline":"Daniela Blasco el a\u00f1o con Te fuiste, un homenaje a Last Christmas","datePublished":"2025-12-05T11:02:54+00:00","dateModified":"2025-12-05T11:06:48+00:00","mainEntityOfPage":{"@id":"https:\/\/unaymilletras.com\/daniela-blasco-el-ano-con-te-fuiste-un-homenaje-a-last-christmas\/"},"wordCount":495,"publisher":{"@id":"http:\/\/unaymilletras.com\/#organization"},"image":{"@id":"https:\/\/unaymilletras.com\/daniela-blasco-el-ano-con-te-fuiste-un-homenaje-a-last-christmas\/#primaryimage"},"thumbnailUrl":"https:\/\/unaymilletras.com\/wp-content\/uploads\/2025\/12\/3893c76e-2747-dc41-769b-c679868b-e1764932708590.jpg","articleSection":["M\u00fasica"],"inLanguage":"en-GB"},{"@type":"WebPage","@id":"https:\/\/unaymilletras.com\/daniela-blasco-el-ano-con-te-fuiste-un-homenaje-a-last-christmas\/","url":"https:\/\/unaymilletras.com\/daniela-blasco-el-ano-con-te-fuiste-un-homenaje-a-last-christmas\/","name":"Daniela Blasco el a\u00f1o con Te fuiste, un homenaje a Last Christmas","isPartOf":{"@id":"http:\/\/unaymilletras.com\/#website"},"primaryImageOfPage":{"@id":"https:\/\/unaymilletras.com\/daniela-blasco-el-ano-con-te-fuiste-un-homenaje-a-last-christmas\/#primaryimage"},"image":{"@id":"https:\/\/unaymilletras.com\/daniela-blasco-el-ano-con-te-fuiste-un-homenaje-a-last-christmas\/#primaryimage"},"thumbnailUrl":"https:\/\/unaymilletras.com\/wp-content\/uploads\/2025\/12\/3893c76e-2747-dc41-769b-c679868b-e1764932708590.jpg","datePublished":"2025-12-05T11:02:54+00:00","dateModified":"2025-12-05T11:06:48+00:00","description":"La artista valenciana Daniela Blasco reinterpreta el cl\u00e1sico navide\u00f1o desde una mirada \u00edntima y contempor\u00e1nea","breadcrumb":{"@id":"https:\/\/unaymilletras.com\/daniela-blasco-el-ano-con-te-fuiste-un-homenaje-a-last-christmas\/#breadcrumb"},"inLanguage":"en-GB","potentialAction":[{"@type":"ReadAction","target":["https:\/\/unaymilletras.com\/daniela-blasco-el-ano-con-te-fuiste-un-homenaje-a-last-christmas\/"]}]},{"@type":"ImageObject","inLanguage":"en-GB","@id":"https:\/\/unaymilletras.com\/daniela-blasco-el-ano-con-te-fuiste-un-homenaje-a-last-christmas\/#primaryimage","url":"https:\/\/unaymilletras.com\/wp-content\/uploads\/2025\/12\/3893c76e-2747-dc41-769b-c679868b-e1764932708590.jpg","contentUrl":"https:\/\/unaymilletras.com\/wp-content\/uploads\/2025\/12\/3893c76e-2747-dc41-769b-c679868b-e1764932708590.jpg","width":600,"height":600,"caption":"Daniela Blasco"},{"@type":"BreadcrumbList","@id":"https:\/\/unaymilletras.com\/daniela-blasco-el-ano-con-te-fuiste-un-homenaje-a-last-christmas\/#breadcrumb","itemListElement":[{"@type":"ListItem","position":1,"name":"Home","item":"http:\/\/unaymilletras.com\/"},{"@type":"ListItem","position":2,"name":"Daniela Blasco el a\u00f1o con Te fuiste, un homenaje a Last Christmas"}]},{"@type":"WebSite","@id":"http:\/\/unaymilletras.com\/#website","url":"http:\/\/unaymilletras.com\/","name":"Una y Mil Letras","description":"","publisher":{"@id":"http:\/\/unaymilletras.com\/#organization"},"potentialAction":[{"@type":"SearchAction","target":{"@type":"EntryPoint","urlTemplate":"http:\/\/unaymilletras.com\/?s={search_term_string}"},"query-input":{"@type":"PropertyValueSpecification","valueRequired":true,"valueName":"search_term_string"}}],"inLanguage":"en-GB"},{"@type":"Organization","@id":"http:\/\/unaymilletras.com\/#organization","name":"Una y Mil Letras","url":"http:\/\/unaymilletras.com\/","logo":{"@type":"ImageObject","inLanguage":"en-GB","@id":"http:\/\/unaymilletras.com\/#\/schema\/logo\/image\/","url":"https:\/\/unaymilletras.com\/wp-content\/uploads\/2024\/06\/cropped-Logo-removebg-preview.png","contentUrl":"https:\/\/unaymilletras.com\/wp-content\/uploads\/2024\/06\/cropped-Logo-removebg-preview.png","width":512,"height":512,"caption":"Una y Mil Letras"},"image":{"@id":"http:\/\/unaymilletras.com\/#\/schema\/logo\/image\/"},"sameAs":["https:\/\/x.com\/UnaYMilLetras","https:\/\/instagram.com\/UnaYMilLetras"]},{"@type":"Person","@id":"http:\/\/unaymilletras.com\/#\/schema\/person\/0860dc8a218329991ee2c7591f4f849d","name":"Redacci\u00f3n","image":{"@type":"ImageObject","inLanguage":"en-GB","@id":"https:\/\/secure.gravatar.com\/avatar\/d8f55e05a8b6597e45c55a1dcbdbfe44f4a360d88b48e00de5216a79b7732796?s=96&d=mm&r=g","url":"https:\/\/secure.gravatar.com\/avatar\/d8f55e05a8b6597e45c55a1dcbdbfe44f4a360d88b48e00de5216a79b7732796?s=96&d=mm&r=g","contentUrl":"https:\/\/secure.gravatar.com\/avatar\/d8f55e05a8b6597e45c55a1dcbdbfe44f4a360d88b48e00de5216a79b7732796?s=96&d=mm&r=g","caption":"Redacci\u00f3n"},"url":"https:\/\/unaymilletras.com\/en\/author\/redaccion\/"}]}},"_links":{"self":[{"href":"https:\/\/unaymilletras.com\/en\/wp-json\/wp\/v2\/posts\/6662","targetHints":{"allow":["GET"]}}],"collection":[{"href":"https:\/\/unaymilletras.com\/en\/wp-json\/wp\/v2\/posts"}],"about":[{"href":"https:\/\/unaymilletras.com\/en\/wp-json\/wp\/v2\/types\/post"}],"author":[{"embeddable":true,"href":"https:\/\/unaymilletras.com\/en\/wp-json\/wp\/v2\/users\/6"}],"replies":[{"embeddable":true,"href":"https:\/\/unaymilletras.com\/en\/wp-json\/wp\/v2\/comments?post=6662"}],"version-history":[{"count":7,"href":"https:\/\/unaymilletras.com\/en\/wp-json\/wp\/v2\/posts\/6662\/revisions"}],"predecessor-version":[{"id":6670,"href":"https:\/\/unaymilletras.com\/en\/wp-json\/wp\/v2\/posts\/6662\/revisions\/6670"}],"wp:featuredmedia":[{"embeddable":true,"href":"https:\/\/unaymilletras.com\/en\/wp-json\/wp\/v2\/media\/6664"}],"wp:attachment":[{"href":"https:\/\/unaymilletras.com\/en\/wp-json\/wp\/v2\/media?parent=6662"}],"wp:term":[{"taxonomy":"category","embeddable":true,"href":"https:\/\/unaymilletras.com\/en\/wp-json\/wp\/v2\/categories?post=6662"},{"taxonomy":"post_tag","embeddable":true,"href":"https:\/\/unaymilletras.com\/en\/wp-json\/wp\/v2\/tags?post=6662"}],"curies":[{"name":"wp","href":"https:\/\/api.w.org\/{rel}","templated":true}]}}