{"id":6672,"date":"2025-12-05T12:36:25","date_gmt":"2025-12-05T11:36:25","guid":{"rendered":"https:\/\/unaymilletras.com\/?p=6672"},"modified":"2025-12-05T12:37:10","modified_gmt":"2025-12-05T11:37:10","slug":"aena-y-estopa-llevan-la-magia-de-la-navidad-a-los-aeropuertos","status":"publish","type":"post","link":"https:\/\/unaymilletras.com\/en\/aena-y-estopa-llevan-la-magia-de-la-navidad-a-los-aeropuertos\/","title":{"rendered":"Aena y Estopa llevan la magia de la Navidad a los aeropuertos"},"content":{"rendered":"<div data-elementor-type=\"wp-post\" data-elementor-id=\"6672\" class=\"elementor elementor-6672\">\n\t\t\t\t\t\t<section class=\"elementor-section elementor-top-section elementor-element elementor-element-5632f4a elementor-section-boxed elementor-section-height-default elementor-section-height-default\" data-id=\"5632f4a\" data-element_type=\"section\" data-e-type=\"section\">\n\t\t\t\t\t\t<div class=\"elementor-container elementor-column-gap-default\">\n\t\t\t\t\t<div class=\"elementor-column elementor-col-100 elementor-top-column elementor-element elementor-element-df46bcc\" data-id=\"df46bcc\" data-element_type=\"column\" data-e-type=\"column\">\n\t\t\t<div class=\"elementor-widget-wrap elementor-element-populated\">\n\t\t\t\t\t\t<div class=\"elementor-element elementor-element-51bc2e4 elementor-widget elementor-widget-text-editor\" data-id=\"51bc2e4\" data-element_type=\"widget\" data-e-type=\"widget\" data-widget_type=\"text-editor.default\">\n\t\t\t\t<div class=\"elementor-widget-container\">\n\t\t\t\t\t\t\t\t\t<p style=\"text-align: justify\"><strong data-start=\"222\" data-end=\"312\">Aena ha presentado su nueva campa\u00f1a navide\u00f1a con un protagonista muy especial: Estopa.<\/strong> El popular d\u00fao catal\u00e1n pone voz y personalidad a un spot que reinterpreta un villancico tradicional extreme\u00f1o, dando lugar a una pieza audiovisual con un marcado estilo cinematogr\u00e1fico que combina comedia y ciencia ficci\u00f3n.<\/p>\t\t\t\t\t\t\t\t<\/div>\n\t\t\t\t<\/div>\n\t\t\t\t\t<\/div>\n\t\t<\/div>\n\t\t\t\t\t<\/div>\n\t\t<\/section>\n\t\t\t\t<section class=\"elementor-section elementor-top-section elementor-element elementor-element-49c6265 elementor-section-boxed elementor-section-height-default elementor-section-height-default\" data-id=\"49c6265\" data-element_type=\"section\" data-e-type=\"section\">\n\t\t\t\t\t\t<div class=\"elementor-container elementor-column-gap-default\">\n\t\t\t\t\t<div class=\"elementor-column elementor-col-100 elementor-top-column elementor-element elementor-element-97df3bb\" data-id=\"97df3bb\" data-element_type=\"column\" data-e-type=\"column\">\n\t\t\t<div class=\"elementor-widget-wrap elementor-element-populated\">\n\t\t\t\t\t\t<div class=\"elementor-element elementor-element-9e3dc56 elementor-widget elementor-widget-image\" data-id=\"9e3dc56\" data-element_type=\"widget\" data-e-type=\"widget\" data-widget_type=\"image.default\">\n\t\t\t\t<div class=\"elementor-widget-container\">\n\t\t\t\t\t\t\t\t\t\t\t\t\t\t\t<img fetchpriority=\"high\" decoding=\"async\" width=\"300\" height=\"169\" src=\"https:\/\/unaymilletras.com\/wp-content\/uploads\/2025\/12\/unnamed-1-300x169.png\" class=\"attachment-medium size-medium wp-image-6677\" alt=\"\" srcset=\"https:\/\/unaymilletras.com\/wp-content\/uploads\/2025\/12\/unnamed-1-300x169.png 300w, https:\/\/unaymilletras.com\/wp-content\/uploads\/2025\/12\/unnamed-1-1024x576.png 1024w, https:\/\/unaymilletras.com\/wp-content\/uploads\/2025\/12\/unnamed-1-768x432.png 768w, https:\/\/unaymilletras.com\/wp-content\/uploads\/2025\/12\/unnamed-1-18x10.png 18w, https:\/\/unaymilletras.com\/wp-content\/uploads\/2025\/12\/unnamed-1-1280x720.png 1280w, https:\/\/unaymilletras.com\/wp-content\/uploads\/2025\/12\/unnamed-1-e1765722041682.png 600w\" sizes=\"(max-width: 300px) 100vw, 300px\" \/>\t\t\t\t\t\t\t\t\t\t\t\t\t\t\t<\/div>\n\t\t\t\t<\/div>\n\t\t\t\t\t<\/div>\n\t\t<\/div>\n\t\t\t\t\t<\/div>\n\t\t<\/section>\n\t\t\t\t<section class=\"elementor-section elementor-top-section elementor-element elementor-element-51a9f61 elementor-section-boxed elementor-section-height-default elementor-section-height-default\" data-id=\"51a9f61\" data-element_type=\"section\" data-e-type=\"section\">\n\t\t\t\t\t\t<div class=\"elementor-container elementor-column-gap-default\">\n\t\t\t\t\t<div class=\"elementor-column elementor-col-100 elementor-top-column elementor-element elementor-element-1428a6c\" data-id=\"1428a6c\" data-element_type=\"column\" data-e-type=\"column\">\n\t\t\t<div class=\"elementor-widget-wrap elementor-element-populated\">\n\t\t\t\t\t\t<div class=\"elementor-element elementor-element-00e642c elementor-widget elementor-widget-text-editor\" data-id=\"00e642c\" data-element_type=\"widget\" data-e-type=\"widget\" data-widget_type=\"text-editor.default\">\n\t\t\t\t<div class=\"elementor-widget-container\">\n\t\t\t\t\t\t\t\t\t<p style=\"text-align: justify\">La campa\u00f1a, bajo el lema\u00a0<strong data-start=\"563\" data-end=\"631\">\u201cCada a\u00f1o la magia de la Navidad llega por nuestros aeropuertos\u201d<\/strong>, fue rodada en el Aeropuerto de Barcelona y dirigida por el cineasta\u00a0<strong data-start=\"701\" data-end=\"720\">\u00c1lvaro Brechner<\/strong>, reconocido por su trayectoria internacional y por su particular mirada narrativa. El anuncio cuenta adem\u00e1s con un\u00a0<strong data-start=\"836\" data-end=\"870\">cameo del cantautor Albert Pla<\/strong>, que aporta un matiz ir\u00f3nico y surrealista al relato visual.<\/p>\t\t\t\t\t\t\t\t<\/div>\n\t\t\t\t<\/div>\n\t\t\t\t\t<\/div>\n\t\t<\/div>\n\t\t\t\t\t<\/div>\n\t\t<\/section>\n\t\t\t\t<section class=\"elementor-section elementor-top-section elementor-element elementor-element-f12cfed elementor-section-boxed elementor-section-height-default elementor-section-height-default\" data-id=\"f12cfed\" data-element_type=\"section\" data-e-type=\"section\">\n\t\t\t\t\t\t<div class=\"elementor-container elementor-column-gap-default\">\n\t\t\t\t\t<div class=\"elementor-column elementor-col-50 elementor-top-column elementor-element elementor-element-c7857cd\" data-id=\"c7857cd\" data-element_type=\"column\" data-e-type=\"column\">\n\t\t\t<div class=\"elementor-widget-wrap elementor-element-populated\">\n\t\t\t\t\t\t<div class=\"elementor-element elementor-element-0ec72a4 elementor-widget elementor-widget-image\" data-id=\"0ec72a4\" data-element_type=\"widget\" data-e-type=\"widget\" data-widget_type=\"image.default\">\n\t\t\t\t<div class=\"elementor-widget-container\">\n\t\t\t\t\t\t\t\t\t\t\t\t\t\t\t<img decoding=\"async\" width=\"640\" height=\"428\" src=\"https:\/\/unaymilletras.com\/wp-content\/uploads\/2025\/12\/unnamed-3-1024x684.jpg\" class=\"attachment-large size-large wp-image-6681\" alt=\"\" srcset=\"https:\/\/unaymilletras.com\/wp-content\/uploads\/2025\/12\/unnamed-3-1024x684.jpg 1024w, https:\/\/unaymilletras.com\/wp-content\/uploads\/2025\/12\/unnamed-3-300x200.jpg 300w, https:\/\/unaymilletras.com\/wp-content\/uploads\/2025\/12\/unnamed-3-768x513.jpg 768w, https:\/\/unaymilletras.com\/wp-content\/uploads\/2025\/12\/unnamed-3-1536x1025.jpg 1536w, https:\/\/unaymilletras.com\/wp-content\/uploads\/2025\/12\/unnamed-3-2048x1367.jpg 2048w, https:\/\/unaymilletras.com\/wp-content\/uploads\/2025\/12\/unnamed-3-18x12.jpg 18w, https:\/\/unaymilletras.com\/wp-content\/uploads\/2025\/12\/unnamed-3-scaled-e1765722032238.jpg 600w\" sizes=\"(max-width: 640px) 100vw, 640px\" \/>\t\t\t\t\t\t\t\t\t\t\t\t\t\t\t<\/div>\n\t\t\t\t<\/div>\n\t\t\t\t\t<\/div>\n\t\t<\/div>\n\t\t\t\t<div class=\"elementor-column elementor-col-50 elementor-top-column elementor-element elementor-element-3f37793\" data-id=\"3f37793\" data-element_type=\"column\" data-e-type=\"column\">\n\t\t\t<div class=\"elementor-widget-wrap elementor-element-populated\">\n\t\t\t\t\t\t<div class=\"elementor-element elementor-element-789c7dd elementor-widget elementor-widget-text-editor\" data-id=\"789c7dd\" data-element_type=\"widget\" data-e-type=\"widget\" data-widget_type=\"text-editor.default\">\n\t\t\t\t<div class=\"elementor-widget-container\">\n\t\t\t\t\t\t\t\t\t<p style=\"text-align: justify\"><span style=\"color: #808080\">El spot se difundir\u00e1 en <a style=\"color: #808080\" href=\"https:\/\/youtu.be\/PCjt3WNdFbQ\">los principales canales de comunicaci\u00f3n de Aena<\/a>: <\/span><strong data-start=\"1006\" data-end=\"1065\"><span style=\"color: #808080\">aeropuertos, redes<\/span> sociales, YouTube, cine y televisi\u00f3n<\/strong>, con el objetivo de acompa\u00f1ar a millones de viajeros durante uno de los periodos con mayor movimiento del a\u00f1o. La propuesta busca reforzar la idea de los aeropuertos como puertas de encuentro, emoci\u00f3n y reencuentros navide\u00f1os.<\/p>\t\t\t\t\t\t\t\t<\/div>\n\t\t\t\t<\/div>\n\t\t\t\t\t<\/div>\n\t\t<\/div>\n\t\t\t\t\t<\/div>\n\t\t<\/section>\n\t\t\t\t<section class=\"elementor-section elementor-top-section elementor-element elementor-element-458f5d2 elementor-section-boxed elementor-section-height-default elementor-section-height-default\" data-id=\"458f5d2\" data-element_type=\"section\" data-e-type=\"section\">\n\t\t\t\t\t\t<div class=\"elementor-container elementor-column-gap-default\">\n\t\t\t\t\t<div class=\"elementor-column elementor-col-100 elementor-top-column elementor-element elementor-element-bac7200\" data-id=\"bac7200\" data-element_type=\"column\" data-e-type=\"column\">\n\t\t\t<div class=\"elementor-widget-wrap elementor-element-populated\">\n\t\t\t\t\t\t<div class=\"elementor-element elementor-element-621cbc4 elementor-widget elementor-widget-text-editor\" data-id=\"621cbc4\" data-element_type=\"widget\" data-e-type=\"widget\" data-widget_type=\"text-editor.default\">\n\t\t\t\t<div class=\"elementor-widget-container\">\n\t\t\t\t\t\t\t\t\t<p style=\"text-align: justify\">Durante la presentaci\u00f3n en Barcelona, Estopa destac\u00f3 la ilusi\u00f3n que les ha hecho formar parte de una campa\u00f1a que combina humor, tradici\u00f3n y esp\u00edritu festivo. Con esta iniciativa, Aena aspira a consolidar una comunicaci\u00f3n navide\u00f1a diferenciada, moderna y cercana al p\u00fablico que transita por sus instalaciones.<\/p><p style=\"text-align: justify\">\u00a0<\/p><p style=\"text-align: justify\"><span style=\"text-align: start\">Sigue descubriendo m\u00e1s sobre la actualidad musical en\u00a0<\/span><em style=\"text-align: start\"><a href=\"https:\/\/unaymilletras.com\/en\/\">Una y mil letras<\/a>.<\/em><\/p>\t\t\t\t\t\t\t\t<\/div>\n\t\t\t\t<\/div>\n\t\t\t\t\t<\/div>\n\t\t<\/div>\n\t\t\t\t\t<\/div>\n\t\t<\/section>\n\t\t\t\t<\/div>","protected":false},"excerpt":{"rendered":"<p>Aena ha presentado su nueva campa\u00f1a navide\u00f1a con un protagonista muy especial: Estopa. El popular d\u00fao catal\u00e1n pone voz y personalidad a un spot que reinterpreta un villancico tradicional extreme\u00f1o, dando lugar a una pieza audiovisual con un marcado estilo cinematogr\u00e1fico que combina comedia y ciencia ficci\u00f3n. La campa\u00f1a, bajo el lema\u00a0\u201cCada a\u00f1o la magia [&hellip;]<\/p>\n","protected":false},"author":13,"featured_media":6677,"comment_status":"closed","ping_status":"closed","sticky":false,"template":"","format":"standard","meta":{"footnotes":""},"categories":[4],"tags":[],"class_list":["post-6672","post","type-post","status-publish","format-standard","has-post-thumbnail","hentry","category-musica"],"yoast_head":"<!-- This site is optimized with the Yoast SEO plugin v27.4 - https:\/\/yoast.com\/product\/yoast-seo-wordpress\/ -->\n<title>Aena y Estopa llevan la magia de la Navidad a los aeropuertos<\/title>\n<meta name=\"description\" content=\"Aena y Estopa llevan la magia de la Navidad a los aeropuertos en un anuncio de esp\u00edritu festivo para acompa\u00f1ar a los viajeros estas fiestas.\" \/>\n<meta name=\"robots\" content=\"index, follow, max-snippet:-1, max-image-preview:large, max-video-preview:-1\" \/>\n<link rel=\"canonical\" href=\"https:\/\/unaymilletras.com\/en\/aena-y-estopa-llevan-la-magia-de-la-navidad-a-los-aeropuertos\/\" \/>\n<meta property=\"og:locale\" content=\"en_GB\" \/>\n<meta property=\"og:type\" content=\"article\" \/>\n<meta property=\"og:title\" content=\"Aena y Estopa llevan la magia de la Navidad a los aeropuertos\" \/>\n<meta property=\"og:description\" content=\"Aena y Estopa llevan la magia de la Navidad a los aeropuertos en un anuncio de esp\u00edritu festivo para acompa\u00f1ar a los viajeros estas fiestas.\" \/>\n<meta property=\"og:url\" content=\"https:\/\/unaymilletras.com\/en\/aena-y-estopa-llevan-la-magia-de-la-navidad-a-los-aeropuertos\/\" \/>\n<meta property=\"og:site_name\" content=\"Una y Mil Letras\" \/>\n<meta property=\"article:published_time\" content=\"2025-12-05T11:36:25+00:00\" \/>\n<meta property=\"article:modified_time\" content=\"2025-12-05T11:37:10+00:00\" \/>\n<meta property=\"og:image\" content=\"http:\/\/unaymilletras.com\/wp-content\/uploads\/2025\/12\/unnamed-1.png\" \/>\n\t<meta property=\"og:image:width\" content=\"1299\" \/>\n\t<meta property=\"og:image:height\" content=\"731\" \/>\n\t<meta property=\"og:image:type\" content=\"image\/png\" \/>\n<meta name=\"author\" content=\"Alba Benito\" \/>\n<meta name=\"twitter:card\" content=\"summary_large_image\" \/>\n<meta name=\"twitter:creator\" content=\"@UnaYMilLetras\" \/>\n<meta name=\"twitter:site\" content=\"@UnaYMilLetras\" \/>\n<meta name=\"twitter:label1\" content=\"Written by\" \/>\n\t<meta name=\"twitter:data1\" content=\"Alba Benito\" \/>\n\t<meta name=\"twitter:label2\" content=\"Estimated reading time\" \/>\n\t<meta name=\"twitter:data2\" content=\"2 minutes\" \/>\n<script type=\"application\/ld+json\" class=\"yoast-schema-graph\">{\"@context\":\"https:\\\/\\\/schema.org\",\"@graph\":[{\"@type\":\"Article\",\"@id\":\"https:\\\/\\\/unaymilletras.com\\\/aena-y-estopa-llevan-la-magia-de-la-navidad-a-los-aeropuertos\\\/#article\",\"isPartOf\":{\"@id\":\"https:\\\/\\\/unaymilletras.com\\\/aena-y-estopa-llevan-la-magia-de-la-navidad-a-los-aeropuertos\\\/\"},\"author\":{\"name\":\"Alba Benito\",\"@id\":\"http:\\\/\\\/unaymilletras.com\\\/#\\\/schema\\\/person\\\/a10550e4bff9a23f941f52b2cd5d8686\"},\"headline\":\"Aena y Estopa llevan la magia de la Navidad a los aeropuertos\",\"datePublished\":\"2025-12-05T11:36:25+00:00\",\"dateModified\":\"2025-12-05T11:37:10+00:00\",\"mainEntityOfPage\":{\"@id\":\"https:\\\/\\\/unaymilletras.com\\\/aena-y-estopa-llevan-la-magia-de-la-navidad-a-los-aeropuertos\\\/\"},\"wordCount\":260,\"publisher\":{\"@id\":\"http:\\\/\\\/unaymilletras.com\\\/#organization\"},\"image\":{\"@id\":\"https:\\\/\\\/unaymilletras.com\\\/aena-y-estopa-llevan-la-magia-de-la-navidad-a-los-aeropuertos\\\/#primaryimage\"},\"thumbnailUrl\":\"https:\\\/\\\/unaymilletras.com\\\/wp-content\\\/uploads\\\/2025\\\/12\\\/unnamed-1-e1765722041682.png\",\"articleSection\":[\"M\u00fasica\"],\"inLanguage\":\"en-GB\"},{\"@type\":\"WebPage\",\"@id\":\"https:\\\/\\\/unaymilletras.com\\\/aena-y-estopa-llevan-la-magia-de-la-navidad-a-los-aeropuertos\\\/\",\"url\":\"https:\\\/\\\/unaymilletras.com\\\/aena-y-estopa-llevan-la-magia-de-la-navidad-a-los-aeropuertos\\\/\",\"name\":\"Aena y Estopa llevan la magia de la Navidad a los aeropuertos\",\"isPartOf\":{\"@id\":\"http:\\\/\\\/unaymilletras.com\\\/#website\"},\"primaryImageOfPage\":{\"@id\":\"https:\\\/\\\/unaymilletras.com\\\/aena-y-estopa-llevan-la-magia-de-la-navidad-a-los-aeropuertos\\\/#primaryimage\"},\"image\":{\"@id\":\"https:\\\/\\\/unaymilletras.com\\\/aena-y-estopa-llevan-la-magia-de-la-navidad-a-los-aeropuertos\\\/#primaryimage\"},\"thumbnailUrl\":\"https:\\\/\\\/unaymilletras.com\\\/wp-content\\\/uploads\\\/2025\\\/12\\\/unnamed-1-e1765722041682.png\",\"datePublished\":\"2025-12-05T11:36:25+00:00\",\"dateModified\":\"2025-12-05T11:37:10+00:00\",\"description\":\"Aena y Estopa llevan la magia de la Navidad a los aeropuertos en un anuncio de esp\u00edritu festivo para acompa\u00f1ar a los viajeros estas fiestas.\",\"breadcrumb\":{\"@id\":\"https:\\\/\\\/unaymilletras.com\\\/aena-y-estopa-llevan-la-magia-de-la-navidad-a-los-aeropuertos\\\/#breadcrumb\"},\"inLanguage\":\"en-GB\",\"potentialAction\":[{\"@type\":\"ReadAction\",\"target\":[\"https:\\\/\\\/unaymilletras.com\\\/aena-y-estopa-llevan-la-magia-de-la-navidad-a-los-aeropuertos\\\/\"]}]},{\"@type\":\"ImageObject\",\"inLanguage\":\"en-GB\",\"@id\":\"https:\\\/\\\/unaymilletras.com\\\/aena-y-estopa-llevan-la-magia-de-la-navidad-a-los-aeropuertos\\\/#primaryimage\",\"url\":\"https:\\\/\\\/unaymilletras.com\\\/wp-content\\\/uploads\\\/2025\\\/12\\\/unnamed-1-e1765722041682.png\",\"contentUrl\":\"https:\\\/\\\/unaymilletras.com\\\/wp-content\\\/uploads\\\/2025\\\/12\\\/unnamed-1-e1765722041682.png\",\"width\":600,\"height\":338},{\"@type\":\"BreadcrumbList\",\"@id\":\"https:\\\/\\\/unaymilletras.com\\\/aena-y-estopa-llevan-la-magia-de-la-navidad-a-los-aeropuertos\\\/#breadcrumb\",\"itemListElement\":[{\"@type\":\"ListItem\",\"position\":1,\"name\":\"Home\",\"item\":\"http:\\\/\\\/unaymilletras.com\\\/\"},{\"@type\":\"ListItem\",\"position\":2,\"name\":\"Aena y Estopa llevan la magia de la Navidad a los aeropuertos\"}]},{\"@type\":\"WebSite\",\"@id\":\"http:\\\/\\\/unaymilletras.com\\\/#website\",\"url\":\"http:\\\/\\\/unaymilletras.com\\\/\",\"name\":\"Una y Mil Letras\",\"description\":\"\",\"publisher\":{\"@id\":\"http:\\\/\\\/unaymilletras.com\\\/#organization\"},\"potentialAction\":[{\"@type\":\"SearchAction\",\"target\":{\"@type\":\"EntryPoint\",\"urlTemplate\":\"http:\\\/\\\/unaymilletras.com\\\/?s={search_term_string}\"},\"query-input\":{\"@type\":\"PropertyValueSpecification\",\"valueRequired\":true,\"valueName\":\"search_term_string\"}}],\"inLanguage\":\"en-GB\"},{\"@type\":\"Organization\",\"@id\":\"http:\\\/\\\/unaymilletras.com\\\/#organization\",\"name\":\"Una y Mil Letras\",\"url\":\"http:\\\/\\\/unaymilletras.com\\\/\",\"logo\":{\"@type\":\"ImageObject\",\"inLanguage\":\"en-GB\",\"@id\":\"http:\\\/\\\/unaymilletras.com\\\/#\\\/schema\\\/logo\\\/image\\\/\",\"url\":\"https:\\\/\\\/unaymilletras.com\\\/wp-content\\\/uploads\\\/2024\\\/06\\\/cropped-Logo-removebg-preview.png\",\"contentUrl\":\"https:\\\/\\\/unaymilletras.com\\\/wp-content\\\/uploads\\\/2024\\\/06\\\/cropped-Logo-removebg-preview.png\",\"width\":512,\"height\":512,\"caption\":\"Una y Mil Letras\"},\"image\":{\"@id\":\"http:\\\/\\\/unaymilletras.com\\\/#\\\/schema\\\/logo\\\/image\\\/\"},\"sameAs\":[\"https:\\\/\\\/x.com\\\/UnaYMilLetras\",\"https:\\\/\\\/instagram.com\\\/UnaYMilLetras\"]},{\"@type\":\"Person\",\"@id\":\"http:\\\/\\\/unaymilletras.com\\\/#\\\/schema\\\/person\\\/a10550e4bff9a23f941f52b2cd5d8686\",\"name\":\"Alba Benito\",\"image\":{\"@type\":\"ImageObject\",\"inLanguage\":\"en-GB\",\"@id\":\"https:\\\/\\\/secure.gravatar.com\\\/avatar\\\/f227a2222ee313f4b5dea91891742064ec98aa8f11b91568879eaecf941f84de?s=96&d=mm&r=g\",\"url\":\"https:\\\/\\\/secure.gravatar.com\\\/avatar\\\/f227a2222ee313f4b5dea91891742064ec98aa8f11b91568879eaecf941f84de?s=96&d=mm&r=g\",\"contentUrl\":\"https:\\\/\\\/secure.gravatar.com\\\/avatar\\\/f227a2222ee313f4b5dea91891742064ec98aa8f11b91568879eaecf941f84de?s=96&d=mm&r=g\",\"caption\":\"Alba Benito\"},\"url\":\"https:\\\/\\\/unaymilletras.com\\\/en\\\/author\\\/aalbaas_\\\/\"}]}<\/script>\n<!-- \/ Yoast SEO plugin. -->","yoast_head_json":{"title":"Aena y Estopa llevan la magia de la Navidad a los aeropuertos","description":"Aena y Estopa llevan la magia de la Navidad a los aeropuertos en un anuncio de esp\u00edritu festivo para acompa\u00f1ar a los viajeros estas fiestas.","robots":{"index":"index","follow":"follow","max-snippet":"max-snippet:-1","max-image-preview":"max-image-preview:large","max-video-preview":"max-video-preview:-1"},"canonical":"https:\/\/unaymilletras.com\/en\/aena-y-estopa-llevan-la-magia-de-la-navidad-a-los-aeropuertos\/","og_locale":"en_GB","og_type":"article","og_title":"Aena y Estopa llevan la magia de la Navidad a los aeropuertos","og_description":"Aena y Estopa llevan la magia de la Navidad a los aeropuertos en un anuncio de esp\u00edritu festivo para acompa\u00f1ar a los viajeros estas fiestas.","og_url":"https:\/\/unaymilletras.com\/en\/aena-y-estopa-llevan-la-magia-de-la-navidad-a-los-aeropuertos\/","og_site_name":"Una y Mil Letras","article_published_time":"2025-12-05T11:36:25+00:00","article_modified_time":"2025-12-05T11:37:10+00:00","og_image":[{"width":1299,"height":731,"url":"http:\/\/unaymilletras.com\/wp-content\/uploads\/2025\/12\/unnamed-1.png","type":"image\/png"}],"author":"Alba Benito","twitter_card":"summary_large_image","twitter_creator":"@UnaYMilLetras","twitter_site":"@UnaYMilLetras","twitter_misc":{"Written by":"Alba Benito","Estimated reading time":"2 minutes"},"schema":{"@context":"https:\/\/schema.org","@graph":[{"@type":"Article","@id":"https:\/\/unaymilletras.com\/aena-y-estopa-llevan-la-magia-de-la-navidad-a-los-aeropuertos\/#article","isPartOf":{"@id":"https:\/\/unaymilletras.com\/aena-y-estopa-llevan-la-magia-de-la-navidad-a-los-aeropuertos\/"},"author":{"name":"Alba Benito","@id":"http:\/\/unaymilletras.com\/#\/schema\/person\/a10550e4bff9a23f941f52b2cd5d8686"},"headline":"Aena y Estopa llevan la magia de la Navidad a los aeropuertos","datePublished":"2025-12-05T11:36:25+00:00","dateModified":"2025-12-05T11:37:10+00:00","mainEntityOfPage":{"@id":"https:\/\/unaymilletras.com\/aena-y-estopa-llevan-la-magia-de-la-navidad-a-los-aeropuertos\/"},"wordCount":260,"publisher":{"@id":"http:\/\/unaymilletras.com\/#organization"},"image":{"@id":"https:\/\/unaymilletras.com\/aena-y-estopa-llevan-la-magia-de-la-navidad-a-los-aeropuertos\/#primaryimage"},"thumbnailUrl":"https:\/\/unaymilletras.com\/wp-content\/uploads\/2025\/12\/unnamed-1-e1765722041682.png","articleSection":["M\u00fasica"],"inLanguage":"en-GB"},{"@type":"WebPage","@id":"https:\/\/unaymilletras.com\/aena-y-estopa-llevan-la-magia-de-la-navidad-a-los-aeropuertos\/","url":"https:\/\/unaymilletras.com\/aena-y-estopa-llevan-la-magia-de-la-navidad-a-los-aeropuertos\/","name":"Aena y Estopa llevan la magia de la Navidad a los aeropuertos","isPartOf":{"@id":"http:\/\/unaymilletras.com\/#website"},"primaryImageOfPage":{"@id":"https:\/\/unaymilletras.com\/aena-y-estopa-llevan-la-magia-de-la-navidad-a-los-aeropuertos\/#primaryimage"},"image":{"@id":"https:\/\/unaymilletras.com\/aena-y-estopa-llevan-la-magia-de-la-navidad-a-los-aeropuertos\/#primaryimage"},"thumbnailUrl":"https:\/\/unaymilletras.com\/wp-content\/uploads\/2025\/12\/unnamed-1-e1765722041682.png","datePublished":"2025-12-05T11:36:25+00:00","dateModified":"2025-12-05T11:37:10+00:00","description":"Aena y Estopa llevan la magia de la Navidad a los aeropuertos en un anuncio de esp\u00edritu festivo para acompa\u00f1ar a los viajeros estas fiestas.","breadcrumb":{"@id":"https:\/\/unaymilletras.com\/aena-y-estopa-llevan-la-magia-de-la-navidad-a-los-aeropuertos\/#breadcrumb"},"inLanguage":"en-GB","potentialAction":[{"@type":"ReadAction","target":["https:\/\/unaymilletras.com\/aena-y-estopa-llevan-la-magia-de-la-navidad-a-los-aeropuertos\/"]}]},{"@type":"ImageObject","inLanguage":"en-GB","@id":"https:\/\/unaymilletras.com\/aena-y-estopa-llevan-la-magia-de-la-navidad-a-los-aeropuertos\/#primaryimage","url":"https:\/\/unaymilletras.com\/wp-content\/uploads\/2025\/12\/unnamed-1-e1765722041682.png","contentUrl":"https:\/\/unaymilletras.com\/wp-content\/uploads\/2025\/12\/unnamed-1-e1765722041682.png","width":600,"height":338},{"@type":"BreadcrumbList","@id":"https:\/\/unaymilletras.com\/aena-y-estopa-llevan-la-magia-de-la-navidad-a-los-aeropuertos\/#breadcrumb","itemListElement":[{"@type":"ListItem","position":1,"name":"Home","item":"http:\/\/unaymilletras.com\/"},{"@type":"ListItem","position":2,"name":"Aena y Estopa llevan la magia de la Navidad a los aeropuertos"}]},{"@type":"WebSite","@id":"http:\/\/unaymilletras.com\/#website","url":"http:\/\/unaymilletras.com\/","name":"Una y Mil Letras","description":"","publisher":{"@id":"http:\/\/unaymilletras.com\/#organization"},"potentialAction":[{"@type":"SearchAction","target":{"@type":"EntryPoint","urlTemplate":"http:\/\/unaymilletras.com\/?s={search_term_string}"},"query-input":{"@type":"PropertyValueSpecification","valueRequired":true,"valueName":"search_term_string"}}],"inLanguage":"en-GB"},{"@type":"Organization","@id":"http:\/\/unaymilletras.com\/#organization","name":"Una y Mil Letras","url":"http:\/\/unaymilletras.com\/","logo":{"@type":"ImageObject","inLanguage":"en-GB","@id":"http:\/\/unaymilletras.com\/#\/schema\/logo\/image\/","url":"https:\/\/unaymilletras.com\/wp-content\/uploads\/2024\/06\/cropped-Logo-removebg-preview.png","contentUrl":"https:\/\/unaymilletras.com\/wp-content\/uploads\/2024\/06\/cropped-Logo-removebg-preview.png","width":512,"height":512,"caption":"Una y Mil Letras"},"image":{"@id":"http:\/\/unaymilletras.com\/#\/schema\/logo\/image\/"},"sameAs":["https:\/\/x.com\/UnaYMilLetras","https:\/\/instagram.com\/UnaYMilLetras"]},{"@type":"Person","@id":"http:\/\/unaymilletras.com\/#\/schema\/person\/a10550e4bff9a23f941f52b2cd5d8686","name":"Alba Benito","image":{"@type":"ImageObject","inLanguage":"en-GB","@id":"https:\/\/secure.gravatar.com\/avatar\/f227a2222ee313f4b5dea91891742064ec98aa8f11b91568879eaecf941f84de?s=96&d=mm&r=g","url":"https:\/\/secure.gravatar.com\/avatar\/f227a2222ee313f4b5dea91891742064ec98aa8f11b91568879eaecf941f84de?s=96&d=mm&r=g","contentUrl":"https:\/\/secure.gravatar.com\/avatar\/f227a2222ee313f4b5dea91891742064ec98aa8f11b91568879eaecf941f84de?s=96&d=mm&r=g","caption":"Alba Benito"},"url":"https:\/\/unaymilletras.com\/en\/author\/aalbaas_\/"}]}},"_links":{"self":[{"href":"https:\/\/unaymilletras.com\/en\/wp-json\/wp\/v2\/posts\/6672","targetHints":{"allow":["GET"]}}],"collection":[{"href":"https:\/\/unaymilletras.com\/en\/wp-json\/wp\/v2\/posts"}],"about":[{"href":"https:\/\/unaymilletras.com\/en\/wp-json\/wp\/v2\/types\/post"}],"author":[{"embeddable":true,"href":"https:\/\/unaymilletras.com\/en\/wp-json\/wp\/v2\/users\/13"}],"replies":[{"embeddable":true,"href":"https:\/\/unaymilletras.com\/en\/wp-json\/wp\/v2\/comments?post=6672"}],"version-history":[{"count":16,"href":"https:\/\/unaymilletras.com\/en\/wp-json\/wp\/v2\/posts\/6672\/revisions"}],"predecessor-version":[{"id":6693,"href":"https:\/\/unaymilletras.com\/en\/wp-json\/wp\/v2\/posts\/6672\/revisions\/6693"}],"wp:featuredmedia":[{"embeddable":true,"href":"https:\/\/unaymilletras.com\/en\/wp-json\/wp\/v2\/media\/6677"}],"wp:attachment":[{"href":"https:\/\/unaymilletras.com\/en\/wp-json\/wp\/v2\/media?parent=6672"}],"wp:term":[{"taxonomy":"category","embeddable":true,"href":"https:\/\/unaymilletras.com\/en\/wp-json\/wp\/v2\/categories?post=6672"},{"taxonomy":"post_tag","embeddable":true,"href":"https:\/\/unaymilletras.com\/en\/wp-json\/wp\/v2\/tags?post=6672"}],"curies":[{"name":"wp","href":"https:\/\/api.w.org\/{rel}","templated":true}]}}