{"id":6694,"date":"2025-12-06T17:20:32","date_gmt":"2025-12-06T16:20:32","guid":{"rendered":"https:\/\/unaymilletras.com\/?p=6694"},"modified":"2025-12-06T17:25:01","modified_gmt":"2025-12-06T16:25:01","slug":"sofia-ellar-lanza-su-cuarto-disco-ellar-y-regresa-a-sus-raices-musicales","status":"publish","type":"post","link":"https:\/\/unaymilletras.com\/en\/sofia-ellar-lanza-su-cuarto-disco-ellar-y-regresa-a-sus-raices-musicales\/","title":{"rendered":"Sof\u00eda Ellar lanza su cuarto disco, \u2018ELLAR\u2019, y regresa a sus ra\u00edces musicales"},"content":{"rendered":"<div data-elementor-type=\"wp-post\" data-elementor-id=\"6694\" class=\"elementor elementor-6694\">\n\t\t\t\t\t\t<section class=\"elementor-section elementor-top-section elementor-element elementor-element-bf22bfd elementor-section-boxed elementor-section-height-default elementor-section-height-default\" data-id=\"bf22bfd\" data-element_type=\"section\" data-e-type=\"section\">\n\t\t\t\t\t\t<div class=\"elementor-container elementor-column-gap-default\">\n\t\t\t\t\t<div class=\"elementor-column elementor-col-100 elementor-top-column elementor-element elementor-element-66aa1da\" data-id=\"66aa1da\" data-element_type=\"column\" data-e-type=\"column\">\n\t\t\t<div class=\"elementor-widget-wrap elementor-element-populated\">\n\t\t\t\t\t\t<div class=\"elementor-element elementor-element-17e1e56 elementor-widget elementor-widget-text-editor\" data-id=\"17e1e56\" data-element_type=\"widget\" data-e-type=\"widget\" data-widget_type=\"text-editor.default\">\n\t\t\t\t<div class=\"elementor-widget-container\">\n\t\t\t\t\t\t\t\t\t<p style=\"text-align: justify\">Este viernes 5 de diciembre, Sof\u00eda Ellar ha lanzado su esperado cuarto disco de estudio, <strong data-start=\"353\" data-end=\"364\">\u2018ELLAR\u2019<\/strong>, un proyecto autoproducido de doce canciones en el que la cantautora regresa a sus ra\u00edces y recupera la esencia que marc\u00f3 sus inicios.<\/p>\t\t\t\t\t\t\t\t<\/div>\n\t\t\t\t<\/div>\n\t\t\t\t\t<\/div>\n\t\t<\/div>\n\t\t\t\t\t<\/div>\n\t\t<\/section>\n\t\t\t\t<section class=\"elementor-section elementor-top-section elementor-element elementor-element-b5aced0 elementor-section-boxed elementor-section-height-default elementor-section-height-default\" data-id=\"b5aced0\" data-element_type=\"section\" data-e-type=\"section\">\n\t\t\t\t\t\t<div class=\"elementor-container elementor-column-gap-default\">\n\t\t\t\t\t<div class=\"elementor-column elementor-col-50 elementor-top-column elementor-element elementor-element-f7d7cd2\" data-id=\"f7d7cd2\" data-element_type=\"column\" data-e-type=\"column\">\n\t\t\t<div class=\"elementor-widget-wrap elementor-element-populated\">\n\t\t\t\t\t\t<div class=\"elementor-element elementor-element-4c4d634 elementor-widget__width-initial elementor-widget elementor-widget-image\" data-id=\"4c4d634\" data-element_type=\"widget\" data-e-type=\"widget\" data-widget_type=\"image.default\">\n\t\t\t\t<div class=\"elementor-widget-container\">\n\t\t\t\t\t\t\t\t\t\t\t\t\t\t\t<img decoding=\"async\" src=\"https:\/\/unaymilletras.com\/wp-content\/uploads\/2025\/12\/presentacion-disco.png\" title=\"presentaci\u00f3n Sofia Ellar\" alt=\"presentaci\u00f3n Sofia Ellar\" loading=\"lazy\" \/>\t\t\t\t\t\t\t\t\t\t\t\t\t\t\t<\/div>\n\t\t\t\t<\/div>\n\t\t\t\t\t<\/div>\n\t\t<\/div>\n\t\t\t\t<div class=\"elementor-column elementor-col-50 elementor-top-column elementor-element elementor-element-5e9f3c8\" data-id=\"5e9f3c8\" data-element_type=\"column\" data-e-type=\"column\">\n\t\t\t<div class=\"elementor-widget-wrap elementor-element-populated\">\n\t\t\t\t\t\t<div class=\"elementor-element elementor-element-cdcef78 elementor-widget elementor-widget-text-editor\" data-id=\"cdcef78\" data-element_type=\"widget\" data-e-type=\"widget\" data-widget_type=\"text-editor.default\">\n\t\t\t\t<div class=\"elementor-widget-container\">\n\t\t\t\t\t\t\t\t\t<p style=\"text-align: justify\">El pasado martes, la artista present\u00f3 su nuevo trabajo en Madrid en la sala Giselle Dinner Club, rodeada de familiares, amigos y numerosos profesionales de la industria musical, entre los que se encontraban MARLENA, Rosa Lagarrigue, Noan, Alex Wall, Jaime de Hermanos Mart\u00ednez y Luc\u00eda de la Puerta, entre otros.<\/p>\t\t\t\t\t\t\t\t<\/div>\n\t\t\t\t<\/div>\n\t\t\t\t\t<\/div>\n\t\t<\/div>\n\t\t\t\t\t<\/div>\n\t\t<\/section>\n\t\t\t\t<section class=\"elementor-section elementor-top-section elementor-element elementor-element-91ad033 elementor-section-boxed elementor-section-height-default elementor-section-height-default\" data-id=\"91ad033\" data-element_type=\"section\" data-e-type=\"section\">\n\t\t\t\t\t\t<div class=\"elementor-container elementor-column-gap-default\">\n\t\t\t\t\t<div class=\"elementor-column elementor-col-100 elementor-top-column elementor-element elementor-element-e17b019\" data-id=\"e17b019\" data-element_type=\"column\" data-e-type=\"column\">\n\t\t\t<div class=\"elementor-widget-wrap elementor-element-populated\">\n\t\t\t\t\t\t<div class=\"elementor-element elementor-element-1cab3f4 elementor-widget elementor-widget-text-editor\" data-id=\"1cab3f4\" data-element_type=\"widget\" data-e-type=\"widget\" data-widget_type=\"text-editor.default\">\n\t\t\t\t<div class=\"elementor-widget-container\">\n\t\t\t\t\t\t\t\t\t<p style=\"text-align: justify\">Durante la presentaci\u00f3n, Sof\u00eda Ellar comparti\u00f3 con los asistentes el proceso creativo de este \u00e1lbum y ofreci\u00f3 algunos de los temas que lo componen. Entre ellos destac\u00f3 <strong data-start=\"973\" data-end=\"991\">\u2018Chelsea Road\u2019<\/strong>, colaboraci\u00f3n biling\u00fce con el cantautor Mateo Falgas, y <strong data-start=\"1048\" data-end=\"1060\">\u2018Sobrao\u2019<\/strong>, un tema vibrante cuyo videoclip se grab\u00f3 en Ibiza y Formentera. Adem\u00e1s, sorprendi\u00f3 con un enfoque \u00edntimo y cercano en canciones como <strong data-start=\"1195\" data-end=\"1220\">\u2018Cosiendo y Cantando\u2019<\/strong> y <strong data-start=\"1223\" data-end=\"1242\">\u2018C\u00f3mo lo vivas\u2019<\/strong>, y cerr\u00f3 el disco con <strong data-start=\"1265\" data-end=\"1278\">\u2018Solo Yo\u2019<\/strong>, composici\u00f3n conjunta con el m\u00fasico Juan Vegas.<\/p>\t\t\t\t\t\t\t\t<\/div>\n\t\t\t\t<\/div>\n\t\t\t\t\t<\/div>\n\t\t<\/div>\n\t\t\t\t\t<\/div>\n\t\t<\/section>\n\t\t\t\t<section class=\"elementor-section elementor-top-section elementor-element elementor-element-720dde4 elementor-section-boxed elementor-section-height-default elementor-section-height-default\" data-id=\"720dde4\" data-element_type=\"section\" data-e-type=\"section\">\n\t\t\t\t\t\t<div class=\"elementor-container elementor-column-gap-default\">\n\t\t\t\t\t<div class=\"elementor-column elementor-col-100 elementor-top-column elementor-element elementor-element-2d7cc76\" data-id=\"2d7cc76\" data-element_type=\"column\" data-e-type=\"column\">\n\t\t\t<div class=\"elementor-widget-wrap elementor-element-populated\">\n\t\t\t\t\t\t<div class=\"elementor-element elementor-element-5261ae8 elementor-widget elementor-widget-text-editor\" data-id=\"5261ae8\" data-element_type=\"widget\" data-e-type=\"widget\" data-widget_type=\"text-editor.default\">\n\t\t\t\t<div class=\"elementor-widget-container\">\n\t\t\t\t\t\t\t\t\t<p style=\"text-align: justify\">El \u00e1lbum tambi\u00e9n incluye un <strong data-start=\"1358\" data-end=\"1373\">focus track<\/strong>, <strong data-start=\"1375\" data-end=\"1388\">\u2018Tranqui\u2019<\/strong>, que refleja el regreso de Sof\u00eda a sus ra\u00edces m\u00e1s country y en\u00e9rgicas, con una letra muy personal que reafirma su estilo \u00fanico.<\/p>\t\t\t\t\t\t\t\t<\/div>\n\t\t\t\t<\/div>\n\t\t\t\t\t<\/div>\n\t\t<\/div>\n\t\t\t\t\t<\/div>\n\t\t<\/section>\n\t\t\t\t<section class=\"elementor-section elementor-top-section elementor-element elementor-element-58ac8df elementor-section-boxed elementor-section-height-default elementor-section-height-default\" data-id=\"58ac8df\" data-element_type=\"section\" data-e-type=\"section\">\n\t\t\t\t\t\t<div class=\"elementor-container elementor-column-gap-default\">\n\t\t\t\t\t<div class=\"elementor-column elementor-col-100 elementor-top-column elementor-element elementor-element-4762192\" data-id=\"4762192\" data-element_type=\"column\" data-e-type=\"column\">\n\t\t\t<div class=\"elementor-widget-wrap elementor-element-populated\">\n\t\t\t\t\t\t<div class=\"elementor-element elementor-element-081819d elementor-widget elementor-widget-image\" data-id=\"081819d\" data-element_type=\"widget\" data-e-type=\"widget\" data-widget_type=\"image.default\">\n\t\t\t\t<div class=\"elementor-widget-container\">\n\t\t\t\t\t\t\t\t\t\t\t\t\t\t\t<img fetchpriority=\"high\" decoding=\"async\" width=\"640\" height=\"427\" src=\"https:\/\/unaymilletras.com\/wp-content\/uploads\/2025\/12\/presentacion-2.png\" class=\"attachment-large size-large wp-image-6729\" alt=\"\" srcset=\"https:\/\/unaymilletras.com\/wp-content\/uploads\/2025\/12\/presentacion-2.png 721w, https:\/\/unaymilletras.com\/wp-content\/uploads\/2025\/12\/presentacion-2-300x200.png 300w, https:\/\/unaymilletras.com\/wp-content\/uploads\/2025\/12\/presentacion-2-18x12.png 18w\" sizes=\"(max-width: 640px) 100vw, 640px\" \/>\t\t\t\t\t\t\t\t\t\t\t\t\t\t\t<\/div>\n\t\t\t\t<\/div>\n\t\t\t\t\t<\/div>\n\t\t<\/div>\n\t\t\t\t\t<\/div>\n\t\t<\/section>\n\t\t\t\t<section class=\"elementor-section elementor-top-section elementor-element elementor-element-00b789b elementor-section-boxed elementor-section-height-default elementor-section-height-default\" data-id=\"00b789b\" data-element_type=\"section\" data-e-type=\"section\">\n\t\t\t\t\t\t<div class=\"elementor-container elementor-column-gap-default\">\n\t\t\t\t\t<div class=\"elementor-column elementor-col-100 elementor-top-column elementor-element elementor-element-2df716f\" data-id=\"2df716f\" data-element_type=\"column\" data-e-type=\"column\">\n\t\t\t<div class=\"elementor-widget-wrap elementor-element-populated\">\n\t\t\t\t\t\t<div class=\"elementor-element elementor-element-16b51ef elementor-widget elementor-widget-text-editor\" data-id=\"16b51ef\" data-element_type=\"widget\" data-e-type=\"widget\" data-widget_type=\"text-editor.default\">\n\t\t\t\t<div class=\"elementor-widget-container\">\n\t\t\t\t\t\t\t\t\t<p style=\"text-align: justify\">Con este disco, Sof\u00eda Ellar vuelve a mostrar su capacidad de conectar con el p\u00fablico a trav\u00e9s de melod\u00edas org\u00e1nicas, guitarras protagonistas y letras que combinan emoci\u00f3n, ritmo y cercan\u00eda. Tras cinco a\u00f1os de giras ininterrumpidas por Espa\u00f1a e Hispanoam\u00e9rica, la artista se toma un respiro para ofrecer un trabajo que representa \u201cun antes y un despu\u00e9s\u201d en su carrera.<\/p>\t\t\t\t\t\t\t\t<\/div>\n\t\t\t\t<\/div>\n\t\t\t\t\t<\/div>\n\t\t<\/div>\n\t\t\t\t\t<\/div>\n\t\t<\/section>\n\t\t\t\t<section class=\"elementor-section elementor-top-section elementor-element elementor-element-4c8a8d5 elementor-section-boxed elementor-section-height-default elementor-section-height-default\" data-id=\"4c8a8d5\" data-element_type=\"section\" data-e-type=\"section\">\n\t\t\t\t\t\t<div class=\"elementor-container elementor-column-gap-default\">\n\t\t\t\t\t<div class=\"elementor-column elementor-col-50 elementor-top-column elementor-element elementor-element-5b8d9df\" data-id=\"5b8d9df\" data-element_type=\"column\" data-e-type=\"column\">\n\t\t\t<div class=\"elementor-widget-wrap elementor-element-populated\">\n\t\t\t\t\t\t<div class=\"elementor-element elementor-element-e891d45 elementor-widget elementor-widget-text-editor\" data-id=\"e891d45\" data-element_type=\"widget\" data-e-type=\"widget\" data-widget_type=\"text-editor.default\">\n\t\t\t\t<div class=\"elementor-widget-container\">\n\t\t\t\t\t\t\t\t\t<p style=\"text-align: justify\"><span style=\"color: #808080\"><a style=\"color: #808080\" href=\"https:\/\/open.spotify.com\/intl-es\/album\/1PjZgyELjJiBWhABfvJ6GX?si=mzMqbYvUQnu2iJ7JszBUUw\">\u2018ELLAR\u2019<\/a><\/span> ya se puede escuchar en todas las plataformas digitales y muy pronto estar\u00e1 disponible en formato f\u00edsico. La artista, natural de Santander y nacida en Londres, contin\u00faa consolid\u00e1ndose como una de las cantautoras independientes m\u00e1s importantes de Espa\u00f1a, con reconocimientos como el <strong data-start=\"2181\" data-end=\"2207\">Premio Voz Inspiradora<\/strong> de Inspiring Girls, el <strong data-start=\"2231\" data-end=\"2257\">Premio Talento Musical<\/strong> de la revista ELLE y el <strong data-start=\"2282\" data-end=\"2317\">Premio Cosmopolitan M\u00fasica 2020<\/strong>.<\/p>\t\t\t\t\t\t\t\t<\/div>\n\t\t\t\t<\/div>\n\t\t\t\t\t<\/div>\n\t\t<\/div>\n\t\t\t\t<div class=\"elementor-column elementor-col-50 elementor-top-column elementor-element elementor-element-e54c610\" data-id=\"e54c610\" data-element_type=\"column\" data-e-type=\"column\">\n\t\t\t<div class=\"elementor-widget-wrap elementor-element-populated\">\n\t\t\t\t\t\t<div class=\"elementor-element elementor-element-0e2608e elementor-widget elementor-widget-button\" data-id=\"0e2608e\" data-element_type=\"widget\" data-e-type=\"widget\" data-widget_type=\"button.default\">\n\t\t\t\t<div class=\"elementor-widget-container\">\n\t\t\t\t\t\t\t\t\t<div class=\"elementor-button-wrapper\">\n\t\t\t\t\t<a class=\"elementor-button elementor-button-link elementor-size-sm\" href=\"\">\n\t\t\t\t\t\t<span class=\"elementor-button-content-wrapper\">\n\t\t\t\t\t\t\t\t\t<span class=\"elementor-button-text\">ESCUCHA \"ELLAR\" AQU\u00cd <\/span>\n\t\t\t\t\t<\/span>\n\t\t\t\t\t<\/a>\n\t\t\t\t<\/div>\n\t\t\t\t\t\t\t\t<\/div>\n\t\t\t\t<\/div>\n\t\t\t\t\t<\/div>\n\t\t<\/div>\n\t\t\t\t\t<\/div>\n\t\t<\/section>\n\t\t\t\t<section class=\"elementor-section elementor-top-section elementor-element elementor-element-e2591bd elementor-section-boxed elementor-section-height-default elementor-section-height-default\" data-id=\"e2591bd\" data-element_type=\"section\" data-e-type=\"section\">\n\t\t\t\t\t\t<div class=\"elementor-container elementor-column-gap-default\">\n\t\t\t\t\t<div class=\"elementor-column elementor-col-100 elementor-top-column elementor-element elementor-element-b2d558a\" data-id=\"b2d558a\" data-element_type=\"column\" data-e-type=\"column\">\n\t\t\t<div class=\"elementor-widget-wrap elementor-element-populated\">\n\t\t\t\t\t\t<div class=\"elementor-element elementor-element-db4897f elementor-widget elementor-widget-text-editor\" data-id=\"db4897f\" data-element_type=\"widget\" data-e-type=\"widget\" data-widget_type=\"text-editor.default\">\n\t\t\t\t<div class=\"elementor-widget-container\">\n\t\t\t\t\t\t\t\t\t<p>Sigue descubriendo m\u00e1s sobre la actualidad musical en\u00a0<em><a href=\"https:\/\/unaymilletras.com\/en\/\">Una y mil letras<\/a>.<\/em><\/p>\t\t\t\t\t\t\t\t<\/div>\n\t\t\t\t<\/div>\n\t\t\t\t\t<\/div>\n\t\t<\/div>\n\t\t\t\t\t<\/div>\n\t\t<\/section>\n\t\t\t\t<\/div>","protected":false},"excerpt":{"rendered":"<p>Este viernes 5 de diciembre, Sof\u00eda Ellar ha lanzado su esperado cuarto disco de estudio, \u2018ELLAR\u2019, un proyecto autoproducido de doce canciones en el que la cantautora regresa a sus ra\u00edces y recupera la esencia que marc\u00f3 sus inicios. El pasado martes, la artista present\u00f3 su nuevo trabajo en Madrid en la sala Giselle Dinner [&hellip;]<\/p>\n","protected":false},"author":13,"featured_media":6729,"comment_status":"closed","ping_status":"closed","sticky":false,"template":"","format":"standard","meta":{"footnotes":""},"categories":[4],"tags":[],"class_list":["post-6694","post","type-post","status-publish","format-standard","has-post-thumbnail","hentry","category-musica"],"yoast_head":"<!-- This site is optimized with the Yoast SEO plugin v27.4 - https:\/\/yoast.com\/product\/yoast-seo-wordpress\/ -->\n<title>Sof\u00eda Ellar lanza su cuarto disco y regresa a su esencia \u00fanica<\/title>\n<meta name=\"description\" content=\"Sof\u00eda Ellar lanza su cuarto disco de estudio ya disponible en plataformas digitales, donde la cantautora recupera su esencia m\u00e1s aut\u00e9ntica.\" \/>\n<meta name=\"robots\" content=\"index, follow, max-snippet:-1, max-image-preview:large, max-video-preview:-1\" \/>\n<link rel=\"canonical\" href=\"https:\/\/unaymilletras.com\/en\/sofia-ellar-lanza-su-cuarto-disco-ellar-y-regresa-a-sus-raices-musicales\/\" \/>\n<meta property=\"og:locale\" content=\"en_GB\" \/>\n<meta property=\"og:type\" content=\"article\" \/>\n<meta property=\"og:title\" content=\"Sof\u00eda Ellar lanza su cuarto disco y regresa a su esencia \u00fanica\" \/>\n<meta property=\"og:description\" content=\"Sof\u00eda Ellar lanza su cuarto disco de estudio ya disponible en plataformas digitales, donde la cantautora recupera su esencia m\u00e1s aut\u00e9ntica.\" \/>\n<meta property=\"og:url\" content=\"https:\/\/unaymilletras.com\/en\/sofia-ellar-lanza-su-cuarto-disco-ellar-y-regresa-a-sus-raices-musicales\/\" \/>\n<meta property=\"og:site_name\" content=\"Una y Mil Letras\" \/>\n<meta property=\"article:published_time\" content=\"2025-12-06T16:20:32+00:00\" \/>\n<meta property=\"article:modified_time\" content=\"2025-12-06T16:25:01+00:00\" \/>\n<meta property=\"og:image\" content=\"http:\/\/unaymilletras.com\/wp-content\/uploads\/2025\/12\/presentacion-2.png\" \/>\n\t<meta property=\"og:image:width\" content=\"721\" \/>\n\t<meta property=\"og:image:height\" content=\"481\" \/>\n\t<meta property=\"og:image:type\" content=\"image\/png\" \/>\n<meta name=\"author\" content=\"Alba Benito\" \/>\n<meta name=\"twitter:card\" content=\"summary_large_image\" \/>\n<meta name=\"twitter:creator\" content=\"@UnaYMilLetras\" \/>\n<meta name=\"twitter:site\" content=\"@UnaYMilLetras\" \/>\n<meta name=\"twitter:label1\" content=\"Written by\" \/>\n\t<meta name=\"twitter:data1\" content=\"Alba Benito\" \/>\n\t<meta name=\"twitter:label2\" content=\"Estimated reading time\" \/>\n\t<meta name=\"twitter:data2\" content=\"2 minutes\" \/>\n<script type=\"application\/ld+json\" class=\"yoast-schema-graph\">{\"@context\":\"https:\\\/\\\/schema.org\",\"@graph\":[{\"@type\":\"Article\",\"@id\":\"https:\\\/\\\/unaymilletras.com\\\/sofia-ellar-lanza-su-cuarto-disco-ellar-y-regresa-a-sus-raices-musicales\\\/#article\",\"isPartOf\":{\"@id\":\"https:\\\/\\\/unaymilletras.com\\\/sofia-ellar-lanza-su-cuarto-disco-ellar-y-regresa-a-sus-raices-musicales\\\/\"},\"author\":{\"name\":\"Alba Benito\",\"@id\":\"http:\\\/\\\/unaymilletras.com\\\/#\\\/schema\\\/person\\\/a10550e4bff9a23f941f52b2cd5d8686\"},\"headline\":\"Sof\u00eda Ellar lanza su cuarto disco, \u2018ELLAR\u2019, y regresa a sus ra\u00edces musicales\",\"datePublished\":\"2025-12-06T16:20:32+00:00\",\"dateModified\":\"2025-12-06T16:25:01+00:00\",\"mainEntityOfPage\":{\"@id\":\"https:\\\/\\\/unaymilletras.com\\\/sofia-ellar-lanza-su-cuarto-disco-ellar-y-regresa-a-sus-raices-musicales\\\/\"},\"wordCount\":387,\"publisher\":{\"@id\":\"http:\\\/\\\/unaymilletras.com\\\/#organization\"},\"image\":{\"@id\":\"https:\\\/\\\/unaymilletras.com\\\/sofia-ellar-lanza-su-cuarto-disco-ellar-y-regresa-a-sus-raices-musicales\\\/#primaryimage\"},\"thumbnailUrl\":\"https:\\\/\\\/unaymilletras.com\\\/wp-content\\\/uploads\\\/2025\\\/12\\\/presentacion-2.png\",\"articleSection\":[\"M\u00fasica\"],\"inLanguage\":\"en-GB\"},{\"@type\":\"WebPage\",\"@id\":\"https:\\\/\\\/unaymilletras.com\\\/sofia-ellar-lanza-su-cuarto-disco-ellar-y-regresa-a-sus-raices-musicales\\\/\",\"url\":\"https:\\\/\\\/unaymilletras.com\\\/sofia-ellar-lanza-su-cuarto-disco-ellar-y-regresa-a-sus-raices-musicales\\\/\",\"name\":\"Sof\u00eda Ellar lanza su cuarto disco y regresa a su esencia \u00fanica\",\"isPartOf\":{\"@id\":\"http:\\\/\\\/unaymilletras.com\\\/#website\"},\"primaryImageOfPage\":{\"@id\":\"https:\\\/\\\/unaymilletras.com\\\/sofia-ellar-lanza-su-cuarto-disco-ellar-y-regresa-a-sus-raices-musicales\\\/#primaryimage\"},\"image\":{\"@id\":\"https:\\\/\\\/unaymilletras.com\\\/sofia-ellar-lanza-su-cuarto-disco-ellar-y-regresa-a-sus-raices-musicales\\\/#primaryimage\"},\"thumbnailUrl\":\"https:\\\/\\\/unaymilletras.com\\\/wp-content\\\/uploads\\\/2025\\\/12\\\/presentacion-2.png\",\"datePublished\":\"2025-12-06T16:20:32+00:00\",\"dateModified\":\"2025-12-06T16:25:01+00:00\",\"description\":\"Sof\u00eda Ellar lanza su cuarto disco de estudio ya disponible en plataformas digitales, donde la cantautora recupera su esencia m\u00e1s aut\u00e9ntica.\",\"breadcrumb\":{\"@id\":\"https:\\\/\\\/unaymilletras.com\\\/sofia-ellar-lanza-su-cuarto-disco-ellar-y-regresa-a-sus-raices-musicales\\\/#breadcrumb\"},\"inLanguage\":\"en-GB\",\"potentialAction\":[{\"@type\":\"ReadAction\",\"target\":[\"https:\\\/\\\/unaymilletras.com\\\/sofia-ellar-lanza-su-cuarto-disco-ellar-y-regresa-a-sus-raices-musicales\\\/\"]}]},{\"@type\":\"ImageObject\",\"inLanguage\":\"en-GB\",\"@id\":\"https:\\\/\\\/unaymilletras.com\\\/sofia-ellar-lanza-su-cuarto-disco-ellar-y-regresa-a-sus-raices-musicales\\\/#primaryimage\",\"url\":\"https:\\\/\\\/unaymilletras.com\\\/wp-content\\\/uploads\\\/2025\\\/12\\\/presentacion-2.png\",\"contentUrl\":\"https:\\\/\\\/unaymilletras.com\\\/wp-content\\\/uploads\\\/2025\\\/12\\\/presentacion-2.png\",\"width\":721,\"height\":481},{\"@type\":\"BreadcrumbList\",\"@id\":\"https:\\\/\\\/unaymilletras.com\\\/sofia-ellar-lanza-su-cuarto-disco-ellar-y-regresa-a-sus-raices-musicales\\\/#breadcrumb\",\"itemListElement\":[{\"@type\":\"ListItem\",\"position\":1,\"name\":\"Home\",\"item\":\"http:\\\/\\\/unaymilletras.com\\\/\"},{\"@type\":\"ListItem\",\"position\":2,\"name\":\"Sof\u00eda Ellar lanza su cuarto disco, \u2018ELLAR\u2019, y regresa a sus ra\u00edces musicales\"}]},{\"@type\":\"WebSite\",\"@id\":\"http:\\\/\\\/unaymilletras.com\\\/#website\",\"url\":\"http:\\\/\\\/unaymilletras.com\\\/\",\"name\":\"Una y Mil Letras\",\"description\":\"\",\"publisher\":{\"@id\":\"http:\\\/\\\/unaymilletras.com\\\/#organization\"},\"potentialAction\":[{\"@type\":\"SearchAction\",\"target\":{\"@type\":\"EntryPoint\",\"urlTemplate\":\"http:\\\/\\\/unaymilletras.com\\\/?s={search_term_string}\"},\"query-input\":{\"@type\":\"PropertyValueSpecification\",\"valueRequired\":true,\"valueName\":\"search_term_string\"}}],\"inLanguage\":\"en-GB\"},{\"@type\":\"Organization\",\"@id\":\"http:\\\/\\\/unaymilletras.com\\\/#organization\",\"name\":\"Una y Mil Letras\",\"url\":\"http:\\\/\\\/unaymilletras.com\\\/\",\"logo\":{\"@type\":\"ImageObject\",\"inLanguage\":\"en-GB\",\"@id\":\"http:\\\/\\\/unaymilletras.com\\\/#\\\/schema\\\/logo\\\/image\\\/\",\"url\":\"https:\\\/\\\/unaymilletras.com\\\/wp-content\\\/uploads\\\/2024\\\/06\\\/cropped-Logo-removebg-preview.png\",\"contentUrl\":\"https:\\\/\\\/unaymilletras.com\\\/wp-content\\\/uploads\\\/2024\\\/06\\\/cropped-Logo-removebg-preview.png\",\"width\":512,\"height\":512,\"caption\":\"Una y Mil Letras\"},\"image\":{\"@id\":\"http:\\\/\\\/unaymilletras.com\\\/#\\\/schema\\\/logo\\\/image\\\/\"},\"sameAs\":[\"https:\\\/\\\/x.com\\\/UnaYMilLetras\",\"https:\\\/\\\/instagram.com\\\/UnaYMilLetras\"]},{\"@type\":\"Person\",\"@id\":\"http:\\\/\\\/unaymilletras.com\\\/#\\\/schema\\\/person\\\/a10550e4bff9a23f941f52b2cd5d8686\",\"name\":\"Alba Benito\",\"image\":{\"@type\":\"ImageObject\",\"inLanguage\":\"en-GB\",\"@id\":\"https:\\\/\\\/secure.gravatar.com\\\/avatar\\\/f227a2222ee313f4b5dea91891742064ec98aa8f11b91568879eaecf941f84de?s=96&d=mm&r=g\",\"url\":\"https:\\\/\\\/secure.gravatar.com\\\/avatar\\\/f227a2222ee313f4b5dea91891742064ec98aa8f11b91568879eaecf941f84de?s=96&d=mm&r=g\",\"contentUrl\":\"https:\\\/\\\/secure.gravatar.com\\\/avatar\\\/f227a2222ee313f4b5dea91891742064ec98aa8f11b91568879eaecf941f84de?s=96&d=mm&r=g\",\"caption\":\"Alba Benito\"},\"url\":\"https:\\\/\\\/unaymilletras.com\\\/en\\\/author\\\/aalbaas_\\\/\"}]}<\/script>\n<!-- \/ Yoast SEO plugin. -->","yoast_head_json":{"title":"Sof\u00eda Ellar lanza su cuarto disco y regresa a su esencia \u00fanica","description":"Sof\u00eda Ellar lanza su cuarto disco de estudio ya disponible en plataformas digitales, donde la cantautora recupera su esencia m\u00e1s aut\u00e9ntica.","robots":{"index":"index","follow":"follow","max-snippet":"max-snippet:-1","max-image-preview":"max-image-preview:large","max-video-preview":"max-video-preview:-1"},"canonical":"https:\/\/unaymilletras.com\/en\/sofia-ellar-lanza-su-cuarto-disco-ellar-y-regresa-a-sus-raices-musicales\/","og_locale":"en_GB","og_type":"article","og_title":"Sof\u00eda Ellar lanza su cuarto disco y regresa a su esencia \u00fanica","og_description":"Sof\u00eda Ellar lanza su cuarto disco de estudio ya disponible en plataformas digitales, donde la cantautora recupera su esencia m\u00e1s aut\u00e9ntica.","og_url":"https:\/\/unaymilletras.com\/en\/sofia-ellar-lanza-su-cuarto-disco-ellar-y-regresa-a-sus-raices-musicales\/","og_site_name":"Una y Mil Letras","article_published_time":"2025-12-06T16:20:32+00:00","article_modified_time":"2025-12-06T16:25:01+00:00","og_image":[{"width":721,"height":481,"url":"http:\/\/unaymilletras.com\/wp-content\/uploads\/2025\/12\/presentacion-2.png","type":"image\/png"}],"author":"Alba Benito","twitter_card":"summary_large_image","twitter_creator":"@UnaYMilLetras","twitter_site":"@UnaYMilLetras","twitter_misc":{"Written by":"Alba Benito","Estimated reading time":"2 minutes"},"schema":{"@context":"https:\/\/schema.org","@graph":[{"@type":"Article","@id":"https:\/\/unaymilletras.com\/sofia-ellar-lanza-su-cuarto-disco-ellar-y-regresa-a-sus-raices-musicales\/#article","isPartOf":{"@id":"https:\/\/unaymilletras.com\/sofia-ellar-lanza-su-cuarto-disco-ellar-y-regresa-a-sus-raices-musicales\/"},"author":{"name":"Alba Benito","@id":"http:\/\/unaymilletras.com\/#\/schema\/person\/a10550e4bff9a23f941f52b2cd5d8686"},"headline":"Sof\u00eda Ellar lanza su cuarto disco, \u2018ELLAR\u2019, y regresa a sus ra\u00edces musicales","datePublished":"2025-12-06T16:20:32+00:00","dateModified":"2025-12-06T16:25:01+00:00","mainEntityOfPage":{"@id":"https:\/\/unaymilletras.com\/sofia-ellar-lanza-su-cuarto-disco-ellar-y-regresa-a-sus-raices-musicales\/"},"wordCount":387,"publisher":{"@id":"http:\/\/unaymilletras.com\/#organization"},"image":{"@id":"https:\/\/unaymilletras.com\/sofia-ellar-lanza-su-cuarto-disco-ellar-y-regresa-a-sus-raices-musicales\/#primaryimage"},"thumbnailUrl":"https:\/\/unaymilletras.com\/wp-content\/uploads\/2025\/12\/presentacion-2.png","articleSection":["M\u00fasica"],"inLanguage":"en-GB"},{"@type":"WebPage","@id":"https:\/\/unaymilletras.com\/sofia-ellar-lanza-su-cuarto-disco-ellar-y-regresa-a-sus-raices-musicales\/","url":"https:\/\/unaymilletras.com\/sofia-ellar-lanza-su-cuarto-disco-ellar-y-regresa-a-sus-raices-musicales\/","name":"Sof\u00eda Ellar lanza su cuarto disco y regresa a su esencia \u00fanica","isPartOf":{"@id":"http:\/\/unaymilletras.com\/#website"},"primaryImageOfPage":{"@id":"https:\/\/unaymilletras.com\/sofia-ellar-lanza-su-cuarto-disco-ellar-y-regresa-a-sus-raices-musicales\/#primaryimage"},"image":{"@id":"https:\/\/unaymilletras.com\/sofia-ellar-lanza-su-cuarto-disco-ellar-y-regresa-a-sus-raices-musicales\/#primaryimage"},"thumbnailUrl":"https:\/\/unaymilletras.com\/wp-content\/uploads\/2025\/12\/presentacion-2.png","datePublished":"2025-12-06T16:20:32+00:00","dateModified":"2025-12-06T16:25:01+00:00","description":"Sof\u00eda Ellar lanza su cuarto disco de estudio ya disponible en plataformas digitales, donde la cantautora recupera su esencia m\u00e1s aut\u00e9ntica.","breadcrumb":{"@id":"https:\/\/unaymilletras.com\/sofia-ellar-lanza-su-cuarto-disco-ellar-y-regresa-a-sus-raices-musicales\/#breadcrumb"},"inLanguage":"en-GB","potentialAction":[{"@type":"ReadAction","target":["https:\/\/unaymilletras.com\/sofia-ellar-lanza-su-cuarto-disco-ellar-y-regresa-a-sus-raices-musicales\/"]}]},{"@type":"ImageObject","inLanguage":"en-GB","@id":"https:\/\/unaymilletras.com\/sofia-ellar-lanza-su-cuarto-disco-ellar-y-regresa-a-sus-raices-musicales\/#primaryimage","url":"https:\/\/unaymilletras.com\/wp-content\/uploads\/2025\/12\/presentacion-2.png","contentUrl":"https:\/\/unaymilletras.com\/wp-content\/uploads\/2025\/12\/presentacion-2.png","width":721,"height":481},{"@type":"BreadcrumbList","@id":"https:\/\/unaymilletras.com\/sofia-ellar-lanza-su-cuarto-disco-ellar-y-regresa-a-sus-raices-musicales\/#breadcrumb","itemListElement":[{"@type":"ListItem","position":1,"name":"Home","item":"http:\/\/unaymilletras.com\/"},{"@type":"ListItem","position":2,"name":"Sof\u00eda Ellar lanza su cuarto disco, \u2018ELLAR\u2019, y regresa a sus ra\u00edces musicales"}]},{"@type":"WebSite","@id":"http:\/\/unaymilletras.com\/#website","url":"http:\/\/unaymilletras.com\/","name":"Una y Mil Letras","description":"","publisher":{"@id":"http:\/\/unaymilletras.com\/#organization"},"potentialAction":[{"@type":"SearchAction","target":{"@type":"EntryPoint","urlTemplate":"http:\/\/unaymilletras.com\/?s={search_term_string}"},"query-input":{"@type":"PropertyValueSpecification","valueRequired":true,"valueName":"search_term_string"}}],"inLanguage":"en-GB"},{"@type":"Organization","@id":"http:\/\/unaymilletras.com\/#organization","name":"Una y Mil Letras","url":"http:\/\/unaymilletras.com\/","logo":{"@type":"ImageObject","inLanguage":"en-GB","@id":"http:\/\/unaymilletras.com\/#\/schema\/logo\/image\/","url":"https:\/\/unaymilletras.com\/wp-content\/uploads\/2024\/06\/cropped-Logo-removebg-preview.png","contentUrl":"https:\/\/unaymilletras.com\/wp-content\/uploads\/2024\/06\/cropped-Logo-removebg-preview.png","width":512,"height":512,"caption":"Una y Mil Letras"},"image":{"@id":"http:\/\/unaymilletras.com\/#\/schema\/logo\/image\/"},"sameAs":["https:\/\/x.com\/UnaYMilLetras","https:\/\/instagram.com\/UnaYMilLetras"]},{"@type":"Person","@id":"http:\/\/unaymilletras.com\/#\/schema\/person\/a10550e4bff9a23f941f52b2cd5d8686","name":"Alba Benito","image":{"@type":"ImageObject","inLanguage":"en-GB","@id":"https:\/\/secure.gravatar.com\/avatar\/f227a2222ee313f4b5dea91891742064ec98aa8f11b91568879eaecf941f84de?s=96&d=mm&r=g","url":"https:\/\/secure.gravatar.com\/avatar\/f227a2222ee313f4b5dea91891742064ec98aa8f11b91568879eaecf941f84de?s=96&d=mm&r=g","contentUrl":"https:\/\/secure.gravatar.com\/avatar\/f227a2222ee313f4b5dea91891742064ec98aa8f11b91568879eaecf941f84de?s=96&d=mm&r=g","caption":"Alba Benito"},"url":"https:\/\/unaymilletras.com\/en\/author\/aalbaas_\/"}]}},"_links":{"self":[{"href":"https:\/\/unaymilletras.com\/en\/wp-json\/wp\/v2\/posts\/6694","targetHints":{"allow":["GET"]}}],"collection":[{"href":"https:\/\/unaymilletras.com\/en\/wp-json\/wp\/v2\/posts"}],"about":[{"href":"https:\/\/unaymilletras.com\/en\/wp-json\/wp\/v2\/types\/post"}],"author":[{"embeddable":true,"href":"https:\/\/unaymilletras.com\/en\/wp-json\/wp\/v2\/users\/13"}],"replies":[{"embeddable":true,"href":"https:\/\/unaymilletras.com\/en\/wp-json\/wp\/v2\/comments?post=6694"}],"version-history":[{"count":11,"href":"https:\/\/unaymilletras.com\/en\/wp-json\/wp\/v2\/posts\/6694\/revisions"}],"predecessor-version":[{"id":6736,"href":"https:\/\/unaymilletras.com\/en\/wp-json\/wp\/v2\/posts\/6694\/revisions\/6736"}],"wp:featuredmedia":[{"embeddable":true,"href":"https:\/\/unaymilletras.com\/en\/wp-json\/wp\/v2\/media\/6729"}],"wp:attachment":[{"href":"https:\/\/unaymilletras.com\/en\/wp-json\/wp\/v2\/media?parent=6694"}],"wp:term":[{"taxonomy":"category","embeddable":true,"href":"https:\/\/unaymilletras.com\/en\/wp-json\/wp\/v2\/categories?post=6694"},{"taxonomy":"post_tag","embeddable":true,"href":"https:\/\/unaymilletras.com\/en\/wp-json\/wp\/v2\/tags?post=6694"}],"curies":[{"name":"wp","href":"https:\/\/api.w.org\/{rel}","templated":true}]}}