{"id":6700,"date":"2025-12-06T10:30:00","date_gmt":"2025-12-06T09:30:00","guid":{"rendered":"https:\/\/unaymilletras.com\/?p=6700"},"modified":"2025-12-06T00:48:15","modified_gmt":"2025-12-05T23:48:15","slug":"sen-senra-despide-po2054az-la-ultima-misa-con-tres-ultimos-conciertos","status":"publish","type":"post","link":"https:\/\/unaymilletras.com\/en\/sen-senra-despide-po2054az-la-ultima-misa-con-tres-ultimos-conciertos\/","title":{"rendered":"Sen Senra despide \u201cPO2054AZ: La \u00daltima Misa\u201d con tres \u00faltimos conciertos"},"content":{"rendered":"<h2>A Coru\u00f1a, Valencia y Madrid ser\u00e1n las \u00faltimas ciudades por donde pasar\u00e1 \u00abLa \u00daltima Misa\u00bb<\/h2>\t\t\t\t\n\t\t\n<p>Escuchar a Sen Senra es entrar en su mundo, recorrer su historia y acompa\u00f1arlo en cada paso de su viaje musical. Y ahora, llega al final de un ciclo creativo que ha definido los \u00faltimos a\u00f1os de su carrera con \u201cPO2054AZ: La \u00daltima Misa\u201d. Es un espect\u00e1culo que repasa sus tres \u00faltimos discos para convertirlos en un relato vivo, dividido en tres actos: origen, emigrante y retorno. Es la historia de un artista que ha sabido evolucionar sin perder su esencia.<\/p>\n\n\n<p>Desde sus primeros pasos experimentando con sonidos de garaje hasta consolidarse como una de las voces m\u00e1s innovadoras del pop alternativo y la m\u00fasica urbana espa\u00f1ola, Sen Senra ha construido un lenguaje propio, donde la sensibilidad, la experimentaci\u00f3n y la autenticidad son protagonistas. <\/p>\n\n\n<p>El primer acto nos devuelve a sus ra\u00edces, al origen, a esos primeros pasos llenos de curiosidad, descubrimiento y ganas de hacer m\u00fasica que conecta. El segundo acto representa al emigrante, al artista que se arriesga, explora y redefine su sonido mientras busca su lugar en el mundo. Y el tercer acto, el retorno, es la consolidaci\u00f3n, la madurez y la celebraci\u00f3n de todo lo recorrido, un cierre cargado de emoci\u00f3n y significado.<\/p>\n\n\n<h2 class=\"wp-block-heading\">\u00daltimas oportunidades para vivir \u00abLa \u00daltima Misa\u00bb<\/h2>\n\n\n<p>La gira entra ahora en su recta final y ofrece tres citas que ning\u00fan fan deber\u00eda perderse. El 12 de diciembre en el Coliseum de A Coru\u00f1a ser\u00e1 un regreso a casa cargado de simbolismo, una noche en la que Sen Senra compartir\u00e1 con su p\u00fablico gallego toda la emoci\u00f3n acumulada a lo largo de esta etapa.<\/p>\n\n\n<p>El 9 de enero en el Roig Arena de Valencia es el momento de una de las ciudades que m\u00e1s aprecia y que, promete ser de lo m\u00e1s especial. Al igual que, el 30 de enero en el Movistar Arena de Madrid, donde se clausurar\u00e1 este ciclo con un cierre lleno de sensibilidad que podr\u00e1 el broche final.<\/p>\n\n\n<figure><img decoding=\"async\" src=\"https:\/\/unaymilletras.com\/wp-content\/uploads\/2025\/12\/image-1.png\" alt=\"\" style=\"width:840px;height:auto\" \/><figcaption>Fuente: Sonido Muchacho<\/figcaption><\/figure>\n\n\n<p>\u201cPO2054AZ: La \u00daltima Misa\u201d cierra un cap\u00edtulo de su trayectoria, pero deja abierta la puerta a nuevos momentos, nuevos sonidos y nuevas historias por contar. Porque Sen Senra ha hecho de la m\u00fasica un espacio emocional para muchos y estas fechas ser\u00e1n un recuerdo para quienes han seguido al artista desde sus primeros pasos, y tambi\u00e9n para quienes lo descubren ahora. \u00a1\u00daltimas entradas disponibles en la <a href=\"https:\/\/sensenra.com\/?mc_cid=ccf315fa4a&amp;mc_eid=09ac137a6e\">web del artista<\/a>!<\/p>","protected":false},"excerpt":{"rendered":"<p>A Coru\u00f1a, Valencia y Madrid ser\u00e1n las \u00faltimas ciudades por donde pasar\u00e1 \u00abLa \u00daltima Misa\u00bb Escuchar a Sen Senra es entrar en su mundo, recorrer su historia y acompa\u00f1arlo en cada paso de su viaje musical. Y ahora, llega al final de un ciclo creativo que ha definido los \u00faltimos a\u00f1os de su carrera con [&hellip;]<\/p>\n","protected":false},"author":5,"featured_media":6703,"comment_status":"closed","ping_status":"closed","sticky":false,"template":"","format":"standard","meta":{"footnotes":""},"categories":[4],"tags":[],"class_list":["post-6700","post","type-post","status-publish","format-standard","has-post-thumbnail","hentry","category-musica"],"yoast_head":"<!-- This site is optimized with the Yoast SEO plugin v27.4 - https:\/\/yoast.com\/product\/yoast-seo-wordpress\/ -->\n<title>Sen Senra despide \u201cPO2054AZ: La \u00daltima Misa\u201d con tres \u00faltimos conciertos &#8902; Una y Mil Letras<\/title>\n<meta name=\"description\" content=\"Sen Senra cierra su gira \u2018PO2054AZ: La \u00daltima Misa\u2019 con tres conciertos emotivos en A Coru\u00f1a, Valencia y Madrid.\" \/>\n<meta name=\"robots\" content=\"index, follow, max-snippet:-1, max-image-preview:large, max-video-preview:-1\" \/>\n<link rel=\"canonical\" href=\"https:\/\/unaymilletras.com\/en\/sen-senra-despide-po2054az-la-ultima-misa-con-tres-ultimos-conciertos\/\" \/>\n<meta property=\"og:locale\" content=\"en_GB\" \/>\n<meta property=\"og:type\" content=\"article\" \/>\n<meta property=\"og:title\" content=\"Sen Senra despide \u201cPO2054AZ: La \u00daltima Misa\u201d con tres \u00faltimos conciertos &#8902; Una y Mil Letras\" \/>\n<meta property=\"og:description\" content=\"Sen Senra cierra su gira \u2018PO2054AZ: La \u00daltima Misa\u2019 con tres conciertos emotivos en A Coru\u00f1a, Valencia y Madrid.\" \/>\n<meta property=\"og:url\" content=\"https:\/\/unaymilletras.com\/en\/sen-senra-despide-po2054az-la-ultima-misa-con-tres-ultimos-conciertos\/\" \/>\n<meta property=\"og:site_name\" content=\"Una y Mil Letras\" \/>\n<meta property=\"article:published_time\" content=\"2025-12-06T09:30:00+00:00\" \/>\n<meta property=\"og:image\" content=\"https:\/\/unaymilletras.com\/wp-content\/uploads\/2025\/12\/SEN-SENRA-ULTIMA-MISA-scaled.jpg\" \/>\n\t<meta property=\"og:image:width\" content=\"2560\" \/>\n\t<meta property=\"og:image:height\" content=\"1947\" \/>\n\t<meta property=\"og:image:type\" content=\"image\/jpeg\" \/>\n<meta name=\"author\" content=\"Luc\u00eda Fandi\u00f1o\" \/>\n<meta name=\"twitter:card\" content=\"summary_large_image\" \/>\n<meta name=\"twitter:creator\" content=\"@UnaYMilLetras\" \/>\n<meta name=\"twitter:site\" content=\"@UnaYMilLetras\" \/>\n<meta name=\"twitter:label1\" content=\"Written by\" \/>\n\t<meta name=\"twitter:data1\" content=\"Luc\u00eda Fandi\u00f1o\" \/>\n\t<meta name=\"twitter:label2\" content=\"Estimated reading time\" \/>\n\t<meta name=\"twitter:data2\" content=\"3 minutes\" \/>\n<script type=\"application\/ld+json\" class=\"yoast-schema-graph\">{\"@context\":\"https:\\\/\\\/schema.org\",\"@graph\":[{\"@type\":\"Article\",\"@id\":\"https:\\\/\\\/unaymilletras.com\\\/sen-senra-despide-po2054az-la-ultima-misa-con-tres-ultimos-conciertos\\\/#article\",\"isPartOf\":{\"@id\":\"https:\\\/\\\/unaymilletras.com\\\/sen-senra-despide-po2054az-la-ultima-misa-con-tres-ultimos-conciertos\\\/\"},\"author\":{\"name\":\"Luc\u00eda Fandi\u00f1o\",\"@id\":\"http:\\\/\\\/unaymilletras.com\\\/#\\\/schema\\\/person\\\/047a24f09ead3f0ba2387e5df86d9336\"},\"headline\":\"Sen Senra despide \u201cPO2054AZ: La \u00daltima Misa\u201d con tres \u00faltimos conciertos\",\"datePublished\":\"2025-12-06T09:30:00+00:00\",\"mainEntityOfPage\":{\"@id\":\"https:\\\/\\\/unaymilletras.com\\\/sen-senra-despide-po2054az-la-ultima-misa-con-tres-ultimos-conciertos\\\/\"},\"wordCount\":442,\"publisher\":{\"@id\":\"http:\\\/\\\/unaymilletras.com\\\/#organization\"},\"image\":{\"@id\":\"https:\\\/\\\/unaymilletras.com\\\/sen-senra-despide-po2054az-la-ultima-misa-con-tres-ultimos-conciertos\\\/#primaryimage\"},\"thumbnailUrl\":\"https:\\\/\\\/unaymilletras.com\\\/wp-content\\\/uploads\\\/2025\\\/12\\\/SEN-SENRA-ULTIMA-MISA-scaled-e1765722018635.jpg\",\"articleSection\":[\"M\u00fasica\"],\"inLanguage\":\"en-GB\"},{\"@type\":\"WebPage\",\"@id\":\"https:\\\/\\\/unaymilletras.com\\\/sen-senra-despide-po2054az-la-ultima-misa-con-tres-ultimos-conciertos\\\/\",\"url\":\"https:\\\/\\\/unaymilletras.com\\\/sen-senra-despide-po2054az-la-ultima-misa-con-tres-ultimos-conciertos\\\/\",\"name\":\"Sen Senra despide \u201cPO2054AZ: La \u00daltima Misa\u201d con tres \u00faltimos conciertos &#8902; Una y Mil Letras\",\"isPartOf\":{\"@id\":\"http:\\\/\\\/unaymilletras.com\\\/#website\"},\"primaryImageOfPage\":{\"@id\":\"https:\\\/\\\/unaymilletras.com\\\/sen-senra-despide-po2054az-la-ultima-misa-con-tres-ultimos-conciertos\\\/#primaryimage\"},\"image\":{\"@id\":\"https:\\\/\\\/unaymilletras.com\\\/sen-senra-despide-po2054az-la-ultima-misa-con-tres-ultimos-conciertos\\\/#primaryimage\"},\"thumbnailUrl\":\"https:\\\/\\\/unaymilletras.com\\\/wp-content\\\/uploads\\\/2025\\\/12\\\/SEN-SENRA-ULTIMA-MISA-scaled-e1765722018635.jpg\",\"datePublished\":\"2025-12-06T09:30:00+00:00\",\"description\":\"Sen Senra cierra su gira \u2018PO2054AZ: La \u00daltima Misa\u2019 con tres conciertos emotivos en A Coru\u00f1a, Valencia y Madrid.\",\"breadcrumb\":{\"@id\":\"https:\\\/\\\/unaymilletras.com\\\/sen-senra-despide-po2054az-la-ultima-misa-con-tres-ultimos-conciertos\\\/#breadcrumb\"},\"inLanguage\":\"en-GB\",\"potentialAction\":[{\"@type\":\"ReadAction\",\"target\":[\"https:\\\/\\\/unaymilletras.com\\\/sen-senra-despide-po2054az-la-ultima-misa-con-tres-ultimos-conciertos\\\/\"]}]},{\"@type\":\"ImageObject\",\"inLanguage\":\"en-GB\",\"@id\":\"https:\\\/\\\/unaymilletras.com\\\/sen-senra-despide-po2054az-la-ultima-misa-con-tres-ultimos-conciertos\\\/#primaryimage\",\"url\":\"https:\\\/\\\/unaymilletras.com\\\/wp-content\\\/uploads\\\/2025\\\/12\\\/SEN-SENRA-ULTIMA-MISA-scaled-e1765722018635.jpg\",\"contentUrl\":\"https:\\\/\\\/unaymilletras.com\\\/wp-content\\\/uploads\\\/2025\\\/12\\\/SEN-SENRA-ULTIMA-MISA-scaled-e1765722018635.jpg\",\"width\":600,\"height\":456},{\"@type\":\"BreadcrumbList\",\"@id\":\"https:\\\/\\\/unaymilletras.com\\\/sen-senra-despide-po2054az-la-ultima-misa-con-tres-ultimos-conciertos\\\/#breadcrumb\",\"itemListElement\":[{\"@type\":\"ListItem\",\"position\":1,\"name\":\"Home\",\"item\":\"http:\\\/\\\/unaymilletras.com\\\/\"},{\"@type\":\"ListItem\",\"position\":2,\"name\":\"Sen Senra despide \u201cPO2054AZ: La \u00daltima Misa\u201d con tres \u00faltimos conciertos\"}]},{\"@type\":\"WebSite\",\"@id\":\"http:\\\/\\\/unaymilletras.com\\\/#website\",\"url\":\"http:\\\/\\\/unaymilletras.com\\\/\",\"name\":\"Una y Mil Letras\",\"description\":\"\",\"publisher\":{\"@id\":\"http:\\\/\\\/unaymilletras.com\\\/#organization\"},\"potentialAction\":[{\"@type\":\"SearchAction\",\"target\":{\"@type\":\"EntryPoint\",\"urlTemplate\":\"http:\\\/\\\/unaymilletras.com\\\/?s={search_term_string}\"},\"query-input\":{\"@type\":\"PropertyValueSpecification\",\"valueRequired\":true,\"valueName\":\"search_term_string\"}}],\"inLanguage\":\"en-GB\"},{\"@type\":\"Organization\",\"@id\":\"http:\\\/\\\/unaymilletras.com\\\/#organization\",\"name\":\"Una y Mil Letras\",\"url\":\"http:\\\/\\\/unaymilletras.com\\\/\",\"logo\":{\"@type\":\"ImageObject\",\"inLanguage\":\"en-GB\",\"@id\":\"http:\\\/\\\/unaymilletras.com\\\/#\\\/schema\\\/logo\\\/image\\\/\",\"url\":\"https:\\\/\\\/unaymilletras.com\\\/wp-content\\\/uploads\\\/2024\\\/06\\\/cropped-Logo-removebg-preview.png\",\"contentUrl\":\"https:\\\/\\\/unaymilletras.com\\\/wp-content\\\/uploads\\\/2024\\\/06\\\/cropped-Logo-removebg-preview.png\",\"width\":512,\"height\":512,\"caption\":\"Una y Mil Letras\"},\"image\":{\"@id\":\"http:\\\/\\\/unaymilletras.com\\\/#\\\/schema\\\/logo\\\/image\\\/\"},\"sameAs\":[\"https:\\\/\\\/x.com\\\/UnaYMilLetras\",\"https:\\\/\\\/instagram.com\\\/UnaYMilLetras\"]},{\"@type\":\"Person\",\"@id\":\"http:\\\/\\\/unaymilletras.com\\\/#\\\/schema\\\/person\\\/047a24f09ead3f0ba2387e5df86d9336\",\"name\":\"Luc\u00eda Fandi\u00f1o\",\"image\":{\"@type\":\"ImageObject\",\"inLanguage\":\"en-GB\",\"@id\":\"https:\\\/\\\/secure.gravatar.com\\\/avatar\\\/d22d9eea03f89c5d17f4b05c3efeb11bad23ff32b99e63bbf54232bc1b6a06b2?s=96&d=mm&r=g\",\"url\":\"https:\\\/\\\/secure.gravatar.com\\\/avatar\\\/d22d9eea03f89c5d17f4b05c3efeb11bad23ff32b99e63bbf54232bc1b6a06b2?s=96&d=mm&r=g\",\"contentUrl\":\"https:\\\/\\\/secure.gravatar.com\\\/avatar\\\/d22d9eea03f89c5d17f4b05c3efeb11bad23ff32b99e63bbf54232bc1b6a06b2?s=96&d=mm&r=g\",\"caption\":\"Luc\u00eda Fandi\u00f1o\"},\"sameAs\":[\"www.instagram.com\\\/luciaafandino\"],\"url\":\"https:\\\/\\\/unaymilletras.com\\\/en\\\/author\\\/luciaafandino\\\/\"}]}<\/script>\n<!-- \/ Yoast SEO plugin. -->","yoast_head_json":{"title":"Sen Senra despide \u201cPO2054AZ: La \u00daltima Misa\u201d con tres \u00faltimos conciertos &#8902; Una y Mil Letras","description":"Sen Senra cierra su gira \u2018PO2054AZ: La \u00daltima Misa\u2019 con tres conciertos emotivos en A Coru\u00f1a, Valencia y Madrid.","robots":{"index":"index","follow":"follow","max-snippet":"max-snippet:-1","max-image-preview":"max-image-preview:large","max-video-preview":"max-video-preview:-1"},"canonical":"https:\/\/unaymilletras.com\/en\/sen-senra-despide-po2054az-la-ultima-misa-con-tres-ultimos-conciertos\/","og_locale":"en_GB","og_type":"article","og_title":"Sen Senra despide \u201cPO2054AZ: La \u00daltima Misa\u201d con tres \u00faltimos conciertos &#8902; Una y Mil Letras","og_description":"Sen Senra cierra su gira \u2018PO2054AZ: La \u00daltima Misa\u2019 con tres conciertos emotivos en A Coru\u00f1a, Valencia y Madrid.","og_url":"https:\/\/unaymilletras.com\/en\/sen-senra-despide-po2054az-la-ultima-misa-con-tres-ultimos-conciertos\/","og_site_name":"Una y Mil Letras","article_published_time":"2025-12-06T09:30:00+00:00","og_image":[{"width":2560,"height":1947,"url":"https:\/\/unaymilletras.com\/wp-content\/uploads\/2025\/12\/SEN-SENRA-ULTIMA-MISA-scaled.jpg","type":"image\/jpeg"}],"author":"Luc\u00eda Fandi\u00f1o","twitter_card":"summary_large_image","twitter_creator":"@UnaYMilLetras","twitter_site":"@UnaYMilLetras","twitter_misc":{"Written by":"Luc\u00eda Fandi\u00f1o","Estimated reading time":"3 minutes"},"schema":{"@context":"https:\/\/schema.org","@graph":[{"@type":"Article","@id":"https:\/\/unaymilletras.com\/sen-senra-despide-po2054az-la-ultima-misa-con-tres-ultimos-conciertos\/#article","isPartOf":{"@id":"https:\/\/unaymilletras.com\/sen-senra-despide-po2054az-la-ultima-misa-con-tres-ultimos-conciertos\/"},"author":{"name":"Luc\u00eda Fandi\u00f1o","@id":"http:\/\/unaymilletras.com\/#\/schema\/person\/047a24f09ead3f0ba2387e5df86d9336"},"headline":"Sen Senra despide \u201cPO2054AZ: La \u00daltima Misa\u201d con tres \u00faltimos conciertos","datePublished":"2025-12-06T09:30:00+00:00","mainEntityOfPage":{"@id":"https:\/\/unaymilletras.com\/sen-senra-despide-po2054az-la-ultima-misa-con-tres-ultimos-conciertos\/"},"wordCount":442,"publisher":{"@id":"http:\/\/unaymilletras.com\/#organization"},"image":{"@id":"https:\/\/unaymilletras.com\/sen-senra-despide-po2054az-la-ultima-misa-con-tres-ultimos-conciertos\/#primaryimage"},"thumbnailUrl":"https:\/\/unaymilletras.com\/wp-content\/uploads\/2025\/12\/SEN-SENRA-ULTIMA-MISA-scaled-e1765722018635.jpg","articleSection":["M\u00fasica"],"inLanguage":"en-GB"},{"@type":"WebPage","@id":"https:\/\/unaymilletras.com\/sen-senra-despide-po2054az-la-ultima-misa-con-tres-ultimos-conciertos\/","url":"https:\/\/unaymilletras.com\/sen-senra-despide-po2054az-la-ultima-misa-con-tres-ultimos-conciertos\/","name":"Sen Senra despide \u201cPO2054AZ: La \u00daltima Misa\u201d con tres \u00faltimos conciertos &#8902; Una y Mil Letras","isPartOf":{"@id":"http:\/\/unaymilletras.com\/#website"},"primaryImageOfPage":{"@id":"https:\/\/unaymilletras.com\/sen-senra-despide-po2054az-la-ultima-misa-con-tres-ultimos-conciertos\/#primaryimage"},"image":{"@id":"https:\/\/unaymilletras.com\/sen-senra-despide-po2054az-la-ultima-misa-con-tres-ultimos-conciertos\/#primaryimage"},"thumbnailUrl":"https:\/\/unaymilletras.com\/wp-content\/uploads\/2025\/12\/SEN-SENRA-ULTIMA-MISA-scaled-e1765722018635.jpg","datePublished":"2025-12-06T09:30:00+00:00","description":"Sen Senra cierra su gira \u2018PO2054AZ: La \u00daltima Misa\u2019 con tres conciertos emotivos en A Coru\u00f1a, Valencia y Madrid.","breadcrumb":{"@id":"https:\/\/unaymilletras.com\/sen-senra-despide-po2054az-la-ultima-misa-con-tres-ultimos-conciertos\/#breadcrumb"},"inLanguage":"en-GB","potentialAction":[{"@type":"ReadAction","target":["https:\/\/unaymilletras.com\/sen-senra-despide-po2054az-la-ultima-misa-con-tres-ultimos-conciertos\/"]}]},{"@type":"ImageObject","inLanguage":"en-GB","@id":"https:\/\/unaymilletras.com\/sen-senra-despide-po2054az-la-ultima-misa-con-tres-ultimos-conciertos\/#primaryimage","url":"https:\/\/unaymilletras.com\/wp-content\/uploads\/2025\/12\/SEN-SENRA-ULTIMA-MISA-scaled-e1765722018635.jpg","contentUrl":"https:\/\/unaymilletras.com\/wp-content\/uploads\/2025\/12\/SEN-SENRA-ULTIMA-MISA-scaled-e1765722018635.jpg","width":600,"height":456},{"@type":"BreadcrumbList","@id":"https:\/\/unaymilletras.com\/sen-senra-despide-po2054az-la-ultima-misa-con-tres-ultimos-conciertos\/#breadcrumb","itemListElement":[{"@type":"ListItem","position":1,"name":"Home","item":"http:\/\/unaymilletras.com\/"},{"@type":"ListItem","position":2,"name":"Sen Senra despide \u201cPO2054AZ: La \u00daltima Misa\u201d con tres \u00faltimos conciertos"}]},{"@type":"WebSite","@id":"http:\/\/unaymilletras.com\/#website","url":"http:\/\/unaymilletras.com\/","name":"Una y Mil Letras","description":"","publisher":{"@id":"http:\/\/unaymilletras.com\/#organization"},"potentialAction":[{"@type":"SearchAction","target":{"@type":"EntryPoint","urlTemplate":"http:\/\/unaymilletras.com\/?s={search_term_string}"},"query-input":{"@type":"PropertyValueSpecification","valueRequired":true,"valueName":"search_term_string"}}],"inLanguage":"en-GB"},{"@type":"Organization","@id":"http:\/\/unaymilletras.com\/#organization","name":"Una y Mil Letras","url":"http:\/\/unaymilletras.com\/","logo":{"@type":"ImageObject","inLanguage":"en-GB","@id":"http:\/\/unaymilletras.com\/#\/schema\/logo\/image\/","url":"https:\/\/unaymilletras.com\/wp-content\/uploads\/2024\/06\/cropped-Logo-removebg-preview.png","contentUrl":"https:\/\/unaymilletras.com\/wp-content\/uploads\/2024\/06\/cropped-Logo-removebg-preview.png","width":512,"height":512,"caption":"Una y Mil Letras"},"image":{"@id":"http:\/\/unaymilletras.com\/#\/schema\/logo\/image\/"},"sameAs":["https:\/\/x.com\/UnaYMilLetras","https:\/\/instagram.com\/UnaYMilLetras"]},{"@type":"Person","@id":"http:\/\/unaymilletras.com\/#\/schema\/person\/047a24f09ead3f0ba2387e5df86d9336","name":"Luc\u00eda Fandi\u00f1o","image":{"@type":"ImageObject","inLanguage":"en-GB","@id":"https:\/\/secure.gravatar.com\/avatar\/d22d9eea03f89c5d17f4b05c3efeb11bad23ff32b99e63bbf54232bc1b6a06b2?s=96&d=mm&r=g","url":"https:\/\/secure.gravatar.com\/avatar\/d22d9eea03f89c5d17f4b05c3efeb11bad23ff32b99e63bbf54232bc1b6a06b2?s=96&d=mm&r=g","contentUrl":"https:\/\/secure.gravatar.com\/avatar\/d22d9eea03f89c5d17f4b05c3efeb11bad23ff32b99e63bbf54232bc1b6a06b2?s=96&d=mm&r=g","caption":"Luc\u00eda Fandi\u00f1o"},"sameAs":["www.instagram.com\/luciaafandino"],"url":"https:\/\/unaymilletras.com\/en\/author\/luciaafandino\/"}]}},"_links":{"self":[{"href":"https:\/\/unaymilletras.com\/en\/wp-json\/wp\/v2\/posts\/6700","targetHints":{"allow":["GET"]}}],"collection":[{"href":"https:\/\/unaymilletras.com\/en\/wp-json\/wp\/v2\/posts"}],"about":[{"href":"https:\/\/unaymilletras.com\/en\/wp-json\/wp\/v2\/types\/post"}],"author":[{"embeddable":true,"href":"https:\/\/unaymilletras.com\/en\/wp-json\/wp\/v2\/users\/5"}],"replies":[{"embeddable":true,"href":"https:\/\/unaymilletras.com\/en\/wp-json\/wp\/v2\/comments?post=6700"}],"version-history":[{"count":3,"href":"https:\/\/unaymilletras.com\/en\/wp-json\/wp\/v2\/posts\/6700\/revisions"}],"predecessor-version":[{"id":6706,"href":"https:\/\/unaymilletras.com\/en\/wp-json\/wp\/v2\/posts\/6700\/revisions\/6706"}],"wp:featuredmedia":[{"embeddable":true,"href":"https:\/\/unaymilletras.com\/en\/wp-json\/wp\/v2\/media\/6703"}],"wp:attachment":[{"href":"https:\/\/unaymilletras.com\/en\/wp-json\/wp\/v2\/media?parent=6700"}],"wp:term":[{"taxonomy":"category","embeddable":true,"href":"https:\/\/unaymilletras.com\/en\/wp-json\/wp\/v2\/categories?post=6700"},{"taxonomy":"post_tag","embeddable":true,"href":"https:\/\/unaymilletras.com\/en\/wp-json\/wp\/v2\/tags?post=6700"}],"curies":[{"name":"wp","href":"https:\/\/api.w.org\/{rel}","templated":true}]}}