{"id":6707,"date":"2025-12-06T13:00:00","date_gmt":"2025-12-06T12:00:00","guid":{"rendered":"https:\/\/unaymilletras.com\/?p=6707"},"modified":"2025-12-05T23:18:44","modified_gmt":"2025-12-05T22:18:44","slug":"__trashed-4","status":"publish","type":"post","link":"https:\/\/unaymilletras.com\/en\/__trashed-4\/","title":{"rendered":"El Recorda Fest arranca motores con las primeras confirmaciones para 2026"},"content":{"rendered":"<h2>Abierta la venta de abonos tras agotar la remesa inicial<\/h2>\n\n\n<p>El Recorda Fest empieza a dar forma a su cuarta edici\u00f3n con el anuncio de los primeros artistas que encabezar\u00e1n el cartel de 2026. La nueva edici\u00f3n del festival se celebrar\u00e1 los d\u00edas 4 y 5 de septiembre en el Muelle de Bater\u00eda de A Coru\u00f1a. Con ella, se inaugura una nueva etapa marcada por la variedad de propuestas y el regreso de algunos nombres muy ligados al p\u00fablico gallego.<\/p>\n\n\n\n<p>Entre las primeras confirmaciones aparece Taburete, que volver\u00e1 al festival tras su paso por la edici\u00f3n inaugural. En esta ocasi\u00f3n lo har\u00e1 con la gira de su nuevo trabajo, <em>El perro que fuma<\/em>, un proyecto con el que el grupo promete renovar su directo. Su vuelta supone uno de los principales reclamos de esta primera tanda de artistas.<\/p>\n\n\n\n<p>Tambi\u00e9n repetir\u00e1 en el Muelle de Bater\u00eda <strong>Juan Mag\u00e1n<\/strong>, uno de los nombres m\u00e1s reconocibles de la escena latina y electr\u00f3nica en Espa\u00f1a. En la edici\u00f3n pasada, sus \u00e9xitos se convirtieron en la banda sonora del festival. Y, sin duda, su regreso apunta a ser nuevamente uno de los momentos m\u00e1s multitudinarios del fin de semana.<\/p>\n\n\n\n<p>A estas confirmaciones se suma Inazio, uno de los artistas revelaci\u00f3n del momento. El navarro destaca por un estilo que mezcla indie folk con una sensibilidad muy personal que lo ha posicionado como una de las voces emergentes m\u00e1s interesantes del panorama nacional.<\/p>\n\n\n\n<p>Por su parte, Beret participar\u00e1 por primera vez en el Recorda Fest. El sevillano acumula una trayectoria consolidada, marcada por \u00e9xitos como <em>Lo siento<\/em>, que lo situaron en lo m\u00e1s alto de las listas y lo convirtieron en una figura clave de la m\u00fasica en espa\u00f1ol de los \u00faltimos a\u00f1os. Su presencia aporta un toque emocional y mel\u00f3dico a esta primera fase del cartel.<\/p>\n\n\n\n<p>El anuncio se cierra con Mafalda Cardenal, cantante alicantina que ha crecido con fuerza en plataformas digitales gracias a composiciones propias que han conectado especialmente con el p\u00fablico joven. Su propuesta pop la sit\u00faa como una de las promesas a seguir durante la pr\u00f3xima temporada.<\/p>\n\n\n\n<figure><img decoding=\"async\" src=\"https:\/\/unaymilletras.com\/wp-content\/uploads\/2025\/12\/image-3-916x1024.png\" alt=\"\" \/><\/figure>\n\n\n\n<h2 class=\"wp-block-heading\">Abonos ya disponibles<\/h2>\n\n\n\n<p>El festival ha puesto a la venta los abonos iniciales a un precio de 45 euros m\u00e1s gastos de gesti\u00f3n. El pasado lunes ya se agotaron la primera remesa de 500 entradas, reservada exclusivamente para asistentes de la edici\u00f3n anterior. \u00a1<a href=\"https:\/\/recordafest.es\/\">No te quedes sin tu abono<\/a>! <\/p>","protected":false},"excerpt":{"rendered":"<p>Abierta la venta de abonos tras agotar la remesa inicial El Recorda Fest empieza a dar forma a su cuarta edici\u00f3n con el anuncio de los primeros artistas que encabezar\u00e1n el cartel de 2026. La nueva edici\u00f3n del festival se celebrar\u00e1 los d\u00edas 4 y 5 de septiembre en el Muelle de Bater\u00eda de A [&hellip;]<\/p>\n","protected":false},"author":5,"featured_media":6717,"comment_status":"closed","ping_status":"closed","sticky":false,"template":"","format":"standard","meta":{"footnotes":""},"categories":[4],"tags":[298,282,305,306,303,302,304],"class_list":["post-6707","post","type-post","status-publish","format-standard","has-post-thumbnail","hentry","category-musica","tag-a-coruna","tag-inazio","tag-juan-magan","tag-mafalda-cardenal","tag-muelle-de-bateria","tag-recorda-fest","tag-taburete"],"yoast_head":"<!-- This site is optimized with the Yoast SEO plugin v27.4 - https:\/\/yoast.com\/product\/yoast-seo-wordpress\/ -->\n<title>El Recorda Fest arranca motores con las primeras confirmaciones para 2026 &#8902; Una y Mil Letras<\/title>\n<meta name=\"description\" content=\"El Recorda Fest anuncia las primeras confirmaciones de su edici\u00f3n 2026 con Taburete, Juan Mag\u00e1n, Inazio, Beret y Mafalda Cardenal.\" \/>\n<meta name=\"robots\" content=\"index, follow, max-snippet:-1, max-image-preview:large, max-video-preview:-1\" \/>\n<link rel=\"canonical\" href=\"https:\/\/unaymilletras.com\/en\/__trashed-4\/\" \/>\n<meta property=\"og:locale\" content=\"en_GB\" \/>\n<meta property=\"og:type\" content=\"article\" \/>\n<meta property=\"og:title\" content=\"El Recorda Fest arranca motores con las primeras confirmaciones para 2026 &#8902; Una y Mil Letras\" \/>\n<meta property=\"og:description\" content=\"El Recorda Fest anuncia las primeras confirmaciones de su edici\u00f3n 2026 con Taburete, Juan Mag\u00e1n, Inazio, Beret y Mafalda Cardenal.\" \/>\n<meta property=\"og:url\" content=\"https:\/\/unaymilletras.com\/en\/__trashed-4\/\" \/>\n<meta property=\"og:site_name\" content=\"Una y Mil Letras\" \/>\n<meta property=\"article:published_time\" content=\"2025-12-06T12:00:00+00:00\" \/>\n<meta property=\"og:image\" content=\"https:\/\/unaymilletras.com\/wp-content\/uploads\/2025\/12\/20251021214320-noticia-actualidad-movistar-arena-1280x640-1.jpg\" \/>\n\t<meta property=\"og:image:width\" content=\"1280\" \/>\n\t<meta property=\"og:image:height\" content=\"640\" \/>\n\t<meta property=\"og:image:type\" content=\"image\/jpeg\" \/>\n<meta name=\"author\" content=\"Luc\u00eda Fandi\u00f1o\" \/>\n<meta name=\"twitter:card\" content=\"summary_large_image\" \/>\n<meta name=\"twitter:creator\" content=\"@UnaYMilLetras\" \/>\n<meta name=\"twitter:site\" content=\"@UnaYMilLetras\" \/>\n<meta name=\"twitter:label1\" content=\"Written by\" \/>\n\t<meta name=\"twitter:data1\" content=\"Luc\u00eda Fandi\u00f1o\" \/>\n\t<meta name=\"twitter:label2\" content=\"Estimated reading time\" \/>\n\t<meta name=\"twitter:data2\" content=\"3 minutes\" \/>\n<script type=\"application\/ld+json\" class=\"yoast-schema-graph\">{\"@context\":\"https:\\\/\\\/schema.org\",\"@graph\":[{\"@type\":\"Article\",\"@id\":\"https:\\\/\\\/unaymilletras.com\\\/__trashed-4\\\/#article\",\"isPartOf\":{\"@id\":\"https:\\\/\\\/unaymilletras.com\\\/__trashed-4\\\/\"},\"author\":{\"name\":\"Luc\u00eda Fandi\u00f1o\",\"@id\":\"http:\\\/\\\/unaymilletras.com\\\/#\\\/schema\\\/person\\\/047a24f09ead3f0ba2387e5df86d9336\"},\"headline\":\"El Recorda Fest arranca motores con las primeras confirmaciones para 2026\",\"datePublished\":\"2025-12-06T12:00:00+00:00\",\"mainEntityOfPage\":{\"@id\":\"https:\\\/\\\/unaymilletras.com\\\/__trashed-4\\\/\"},\"wordCount\":430,\"publisher\":{\"@id\":\"http:\\\/\\\/unaymilletras.com\\\/#organization\"},\"image\":{\"@id\":\"https:\\\/\\\/unaymilletras.com\\\/__trashed-4\\\/#primaryimage\"},\"thumbnailUrl\":\"https:\\\/\\\/unaymilletras.com\\\/wp-content\\\/uploads\\\/2025\\\/12\\\/20251021214320-noticia-actualidad-movistar-arena-1280x640-1-e1765721987951.jpg\",\"keywords\":[\"A Coru\u00f1a\",\"Inazio\",\"Juan Mag\u00e1n\",\"Mafalda Cardenal\",\"Muelle de bater\u00eda\",\"Recorda Fest\",\"Taburete\"],\"articleSection\":[\"M\u00fasica\"],\"inLanguage\":\"en-GB\"},{\"@type\":\"WebPage\",\"@id\":\"https:\\\/\\\/unaymilletras.com\\\/__trashed-4\\\/\",\"url\":\"https:\\\/\\\/unaymilletras.com\\\/__trashed-4\\\/\",\"name\":\"El Recorda Fest arranca motores con las primeras confirmaciones para 2026 &#8902; Una y Mil Letras\",\"isPartOf\":{\"@id\":\"http:\\\/\\\/unaymilletras.com\\\/#website\"},\"primaryImageOfPage\":{\"@id\":\"https:\\\/\\\/unaymilletras.com\\\/__trashed-4\\\/#primaryimage\"},\"image\":{\"@id\":\"https:\\\/\\\/unaymilletras.com\\\/__trashed-4\\\/#primaryimage\"},\"thumbnailUrl\":\"https:\\\/\\\/unaymilletras.com\\\/wp-content\\\/uploads\\\/2025\\\/12\\\/20251021214320-noticia-actualidad-movistar-arena-1280x640-1-e1765721987951.jpg\",\"datePublished\":\"2025-12-06T12:00:00+00:00\",\"description\":\"El Recorda Fest anuncia las primeras confirmaciones de su edici\u00f3n 2026 con Taburete, Juan Mag\u00e1n, Inazio, Beret y Mafalda Cardenal.\",\"breadcrumb\":{\"@id\":\"https:\\\/\\\/unaymilletras.com\\\/__trashed-4\\\/#breadcrumb\"},\"inLanguage\":\"en-GB\",\"potentialAction\":[{\"@type\":\"ReadAction\",\"target\":[\"https:\\\/\\\/unaymilletras.com\\\/__trashed-4\\\/\"]}]},{\"@type\":\"ImageObject\",\"inLanguage\":\"en-GB\",\"@id\":\"https:\\\/\\\/unaymilletras.com\\\/__trashed-4\\\/#primaryimage\",\"url\":\"https:\\\/\\\/unaymilletras.com\\\/wp-content\\\/uploads\\\/2025\\\/12\\\/20251021214320-noticia-actualidad-movistar-arena-1280x640-1-e1765721987951.jpg\",\"contentUrl\":\"https:\\\/\\\/unaymilletras.com\\\/wp-content\\\/uploads\\\/2025\\\/12\\\/20251021214320-noticia-actualidad-movistar-arena-1280x640-1-e1765721987951.jpg\",\"width\":600,\"height\":300},{\"@type\":\"BreadcrumbList\",\"@id\":\"https:\\\/\\\/unaymilletras.com\\\/__trashed-4\\\/#breadcrumb\",\"itemListElement\":[{\"@type\":\"ListItem\",\"position\":1,\"name\":\"Home\",\"item\":\"http:\\\/\\\/unaymilletras.com\\\/\"},{\"@type\":\"ListItem\",\"position\":2,\"name\":\"El Recorda Fest arranca motores con las primeras confirmaciones para 2026\"}]},{\"@type\":\"WebSite\",\"@id\":\"http:\\\/\\\/unaymilletras.com\\\/#website\",\"url\":\"http:\\\/\\\/unaymilletras.com\\\/\",\"name\":\"Una y Mil Letras\",\"description\":\"\",\"publisher\":{\"@id\":\"http:\\\/\\\/unaymilletras.com\\\/#organization\"},\"potentialAction\":[{\"@type\":\"SearchAction\",\"target\":{\"@type\":\"EntryPoint\",\"urlTemplate\":\"http:\\\/\\\/unaymilletras.com\\\/?s={search_term_string}\"},\"query-input\":{\"@type\":\"PropertyValueSpecification\",\"valueRequired\":true,\"valueName\":\"search_term_string\"}}],\"inLanguage\":\"en-GB\"},{\"@type\":\"Organization\",\"@id\":\"http:\\\/\\\/unaymilletras.com\\\/#organization\",\"name\":\"Una y Mil Letras\",\"url\":\"http:\\\/\\\/unaymilletras.com\\\/\",\"logo\":{\"@type\":\"ImageObject\",\"inLanguage\":\"en-GB\",\"@id\":\"http:\\\/\\\/unaymilletras.com\\\/#\\\/schema\\\/logo\\\/image\\\/\",\"url\":\"https:\\\/\\\/unaymilletras.com\\\/wp-content\\\/uploads\\\/2024\\\/06\\\/cropped-Logo-removebg-preview.png\",\"contentUrl\":\"https:\\\/\\\/unaymilletras.com\\\/wp-content\\\/uploads\\\/2024\\\/06\\\/cropped-Logo-removebg-preview.png\",\"width\":512,\"height\":512,\"caption\":\"Una y Mil Letras\"},\"image\":{\"@id\":\"http:\\\/\\\/unaymilletras.com\\\/#\\\/schema\\\/logo\\\/image\\\/\"},\"sameAs\":[\"https:\\\/\\\/x.com\\\/UnaYMilLetras\",\"https:\\\/\\\/instagram.com\\\/UnaYMilLetras\"]},{\"@type\":\"Person\",\"@id\":\"http:\\\/\\\/unaymilletras.com\\\/#\\\/schema\\\/person\\\/047a24f09ead3f0ba2387e5df86d9336\",\"name\":\"Luc\u00eda Fandi\u00f1o\",\"image\":{\"@type\":\"ImageObject\",\"inLanguage\":\"en-GB\",\"@id\":\"https:\\\/\\\/secure.gravatar.com\\\/avatar\\\/d22d9eea03f89c5d17f4b05c3efeb11bad23ff32b99e63bbf54232bc1b6a06b2?s=96&d=mm&r=g\",\"url\":\"https:\\\/\\\/secure.gravatar.com\\\/avatar\\\/d22d9eea03f89c5d17f4b05c3efeb11bad23ff32b99e63bbf54232bc1b6a06b2?s=96&d=mm&r=g\",\"contentUrl\":\"https:\\\/\\\/secure.gravatar.com\\\/avatar\\\/d22d9eea03f89c5d17f4b05c3efeb11bad23ff32b99e63bbf54232bc1b6a06b2?s=96&d=mm&r=g\",\"caption\":\"Luc\u00eda Fandi\u00f1o\"},\"sameAs\":[\"www.instagram.com\\\/luciaafandino\"],\"url\":\"https:\\\/\\\/unaymilletras.com\\\/en\\\/author\\\/luciaafandino\\\/\"}]}<\/script>\n<!-- \/ Yoast SEO plugin. -->","yoast_head_json":{"title":"El Recorda Fest arranca motores con las primeras confirmaciones para 2026 &#8902; Una y Mil Letras","description":"El Recorda Fest anuncia las primeras confirmaciones de su edici\u00f3n 2026 con Taburete, Juan Mag\u00e1n, Inazio, Beret y Mafalda Cardenal.","robots":{"index":"index","follow":"follow","max-snippet":"max-snippet:-1","max-image-preview":"max-image-preview:large","max-video-preview":"max-video-preview:-1"},"canonical":"https:\/\/unaymilletras.com\/en\/__trashed-4\/","og_locale":"en_GB","og_type":"article","og_title":"El Recorda Fest arranca motores con las primeras confirmaciones para 2026 &#8902; Una y Mil Letras","og_description":"El Recorda Fest anuncia las primeras confirmaciones de su edici\u00f3n 2026 con Taburete, Juan Mag\u00e1n, Inazio, Beret y Mafalda Cardenal.","og_url":"https:\/\/unaymilletras.com\/en\/__trashed-4\/","og_site_name":"Una y Mil Letras","article_published_time":"2025-12-06T12:00:00+00:00","og_image":[{"width":1280,"height":640,"url":"https:\/\/unaymilletras.com\/wp-content\/uploads\/2025\/12\/20251021214320-noticia-actualidad-movistar-arena-1280x640-1.jpg","type":"image\/jpeg"}],"author":"Luc\u00eda Fandi\u00f1o","twitter_card":"summary_large_image","twitter_creator":"@UnaYMilLetras","twitter_site":"@UnaYMilLetras","twitter_misc":{"Written by":"Luc\u00eda Fandi\u00f1o","Estimated reading time":"3 minutes"},"schema":{"@context":"https:\/\/schema.org","@graph":[{"@type":"Article","@id":"https:\/\/unaymilletras.com\/__trashed-4\/#article","isPartOf":{"@id":"https:\/\/unaymilletras.com\/__trashed-4\/"},"author":{"name":"Luc\u00eda Fandi\u00f1o","@id":"http:\/\/unaymilletras.com\/#\/schema\/person\/047a24f09ead3f0ba2387e5df86d9336"},"headline":"El Recorda Fest arranca motores con las primeras confirmaciones para 2026","datePublished":"2025-12-06T12:00:00+00:00","mainEntityOfPage":{"@id":"https:\/\/unaymilletras.com\/__trashed-4\/"},"wordCount":430,"publisher":{"@id":"http:\/\/unaymilletras.com\/#organization"},"image":{"@id":"https:\/\/unaymilletras.com\/__trashed-4\/#primaryimage"},"thumbnailUrl":"https:\/\/unaymilletras.com\/wp-content\/uploads\/2025\/12\/20251021214320-noticia-actualidad-movistar-arena-1280x640-1-e1765721987951.jpg","keywords":["A Coru\u00f1a","Inazio","Juan Mag\u00e1n","Mafalda Cardenal","Muelle de bater\u00eda","Recorda Fest","Taburete"],"articleSection":["M\u00fasica"],"inLanguage":"en-GB"},{"@type":"WebPage","@id":"https:\/\/unaymilletras.com\/__trashed-4\/","url":"https:\/\/unaymilletras.com\/__trashed-4\/","name":"El Recorda Fest arranca motores con las primeras confirmaciones para 2026 &#8902; Una y Mil Letras","isPartOf":{"@id":"http:\/\/unaymilletras.com\/#website"},"primaryImageOfPage":{"@id":"https:\/\/unaymilletras.com\/__trashed-4\/#primaryimage"},"image":{"@id":"https:\/\/unaymilletras.com\/__trashed-4\/#primaryimage"},"thumbnailUrl":"https:\/\/unaymilletras.com\/wp-content\/uploads\/2025\/12\/20251021214320-noticia-actualidad-movistar-arena-1280x640-1-e1765721987951.jpg","datePublished":"2025-12-06T12:00:00+00:00","description":"El Recorda Fest anuncia las primeras confirmaciones de su edici\u00f3n 2026 con Taburete, Juan Mag\u00e1n, Inazio, Beret y Mafalda Cardenal.","breadcrumb":{"@id":"https:\/\/unaymilletras.com\/__trashed-4\/#breadcrumb"},"inLanguage":"en-GB","potentialAction":[{"@type":"ReadAction","target":["https:\/\/unaymilletras.com\/__trashed-4\/"]}]},{"@type":"ImageObject","inLanguage":"en-GB","@id":"https:\/\/unaymilletras.com\/__trashed-4\/#primaryimage","url":"https:\/\/unaymilletras.com\/wp-content\/uploads\/2025\/12\/20251021214320-noticia-actualidad-movistar-arena-1280x640-1-e1765721987951.jpg","contentUrl":"https:\/\/unaymilletras.com\/wp-content\/uploads\/2025\/12\/20251021214320-noticia-actualidad-movistar-arena-1280x640-1-e1765721987951.jpg","width":600,"height":300},{"@type":"BreadcrumbList","@id":"https:\/\/unaymilletras.com\/__trashed-4\/#breadcrumb","itemListElement":[{"@type":"ListItem","position":1,"name":"Home","item":"http:\/\/unaymilletras.com\/"},{"@type":"ListItem","position":2,"name":"El Recorda Fest arranca motores con las primeras confirmaciones para 2026"}]},{"@type":"WebSite","@id":"http:\/\/unaymilletras.com\/#website","url":"http:\/\/unaymilletras.com\/","name":"Una y Mil Letras","description":"","publisher":{"@id":"http:\/\/unaymilletras.com\/#organization"},"potentialAction":[{"@type":"SearchAction","target":{"@type":"EntryPoint","urlTemplate":"http:\/\/unaymilletras.com\/?s={search_term_string}"},"query-input":{"@type":"PropertyValueSpecification","valueRequired":true,"valueName":"search_term_string"}}],"inLanguage":"en-GB"},{"@type":"Organization","@id":"http:\/\/unaymilletras.com\/#organization","name":"Una y Mil Letras","url":"http:\/\/unaymilletras.com\/","logo":{"@type":"ImageObject","inLanguage":"en-GB","@id":"http:\/\/unaymilletras.com\/#\/schema\/logo\/image\/","url":"https:\/\/unaymilletras.com\/wp-content\/uploads\/2024\/06\/cropped-Logo-removebg-preview.png","contentUrl":"https:\/\/unaymilletras.com\/wp-content\/uploads\/2024\/06\/cropped-Logo-removebg-preview.png","width":512,"height":512,"caption":"Una y Mil Letras"},"image":{"@id":"http:\/\/unaymilletras.com\/#\/schema\/logo\/image\/"},"sameAs":["https:\/\/x.com\/UnaYMilLetras","https:\/\/instagram.com\/UnaYMilLetras"]},{"@type":"Person","@id":"http:\/\/unaymilletras.com\/#\/schema\/person\/047a24f09ead3f0ba2387e5df86d9336","name":"Luc\u00eda Fandi\u00f1o","image":{"@type":"ImageObject","inLanguage":"en-GB","@id":"https:\/\/secure.gravatar.com\/avatar\/d22d9eea03f89c5d17f4b05c3efeb11bad23ff32b99e63bbf54232bc1b6a06b2?s=96&d=mm&r=g","url":"https:\/\/secure.gravatar.com\/avatar\/d22d9eea03f89c5d17f4b05c3efeb11bad23ff32b99e63bbf54232bc1b6a06b2?s=96&d=mm&r=g","contentUrl":"https:\/\/secure.gravatar.com\/avatar\/d22d9eea03f89c5d17f4b05c3efeb11bad23ff32b99e63bbf54232bc1b6a06b2?s=96&d=mm&r=g","caption":"Luc\u00eda Fandi\u00f1o"},"sameAs":["www.instagram.com\/luciaafandino"],"url":"https:\/\/unaymilletras.com\/en\/author\/luciaafandino\/"}]}},"_links":{"self":[{"href":"https:\/\/unaymilletras.com\/en\/wp-json\/wp\/v2\/posts\/6707","targetHints":{"allow":["GET"]}}],"collection":[{"href":"https:\/\/unaymilletras.com\/en\/wp-json\/wp\/v2\/posts"}],"about":[{"href":"https:\/\/unaymilletras.com\/en\/wp-json\/wp\/v2\/types\/post"}],"author":[{"embeddable":true,"href":"https:\/\/unaymilletras.com\/en\/wp-json\/wp\/v2\/users\/5"}],"replies":[{"embeddable":true,"href":"https:\/\/unaymilletras.com\/en\/wp-json\/wp\/v2\/comments?post=6707"}],"version-history":[{"count":8,"href":"https:\/\/unaymilletras.com\/en\/wp-json\/wp\/v2\/posts\/6707\/revisions"}],"predecessor-version":[{"id":6718,"href":"https:\/\/unaymilletras.com\/en\/wp-json\/wp\/v2\/posts\/6707\/revisions\/6718"}],"wp:featuredmedia":[{"embeddable":true,"href":"https:\/\/unaymilletras.com\/en\/wp-json\/wp\/v2\/media\/6717"}],"wp:attachment":[{"href":"https:\/\/unaymilletras.com\/en\/wp-json\/wp\/v2\/media?parent=6707"}],"wp:term":[{"taxonomy":"category","embeddable":true,"href":"https:\/\/unaymilletras.com\/en\/wp-json\/wp\/v2\/categories?post=6707"},{"taxonomy":"post_tag","embeddable":true,"href":"https:\/\/unaymilletras.com\/en\/wp-json\/wp\/v2\/tags?post=6707"}],"curies":[{"name":"wp","href":"https:\/\/api.w.org\/{rel}","templated":true}]}}