{"id":6737,"date":"2025-12-09T16:44:14","date_gmt":"2025-12-09T15:44:14","guid":{"rendered":"https:\/\/unaymilletras.com\/?p=6737"},"modified":"2025-12-09T16:44:14","modified_gmt":"2025-12-09T15:44:14","slug":"inigo-quintero-llevara-el-sitio-de-siempre-a-una-gira-internacional-en-2026","status":"publish","type":"post","link":"https:\/\/unaymilletras.com\/en\/inigo-quintero-llevara-el-sitio-de-siempre-a-una-gira-internacional-en-2026\/","title":{"rendered":"I\u00f1igo Quintero llevar\u00e1 \u201cEl Sitio de Siempre\u201d a una gira internacional en 2026"},"content":{"rendered":"<h2>Europa, Am\u00e9rica Latina y Estados Unidos acoger\u00e1n su gira 2026.<\/h2>\t\t\t\t\n\t\t\n<p>El cantautor gallego I\u00f1igo Quintero ha cerrado un 2025 lleno de \u00e9xitos y arranca 2026 con un nuevo cap\u00edtulo en su carrera: la publicaci\u00f3n de su \u00e1lbum debut, \u00abEl Sitio de Siempre\u00bb. Adem\u00e1s, viene de la mano del anuncio de una gira mundial que llevar\u00e1 su m\u00fasica desde Europa hasta Am\u00e9rica Latina y Estados Unidos.<\/p>\n\n<blockquote class=\"is-layout-flow wp-block-quote-is-layout-flow\">\n<p><em>El sitio de siempre no es un lugar: es una manera de pertenecer<\/em><\/p>\n<\/blockquote>\n\n<p>Sin duda, su primer \u00e1lbum ha marcado un antes y un despu\u00e9s en su carrera. El disco combina sonoridades org\u00e1nicas y contempor\u00e1neas, con letras que hablan de amor, amistad, identidad y crecimiento personal. Y, canciones como \u00abAmor\u00bb o \u00abEl sitio de siempre\u00bb &#8211; que da nombre al proyecto &#8211; han conquistado a quienes lo escuchan, sumando reproducciones en playlists y consolidando la presencia del artista en la escena musical espa\u00f1ol.<\/p>\n\n<p>Es un claro ejemplo de la madurez compositiva de \u00cd\u00f1igo Quintero y de su capacidad para transformar experiencias personales en historias universales. Esa es, seg\u00fan muchos cr\u00edticos y seguidores, la clave de su \u00e9xito. Porque emociona con una m\u00fasica cerca que conecta con diferentes generaciones y culturas.<\/p>\n\n<h2 class=\"wp-block-heading\">Una gira internacional en 2026: fechas y ciudades<\/h2>\n\n<p>Tras el \u00e9xito de su gira de 2025, donde muchas de las fechas agotaron entradas, I\u00f1igo Quintero llevar\u00e1 su primer disco a escenarios internacionales. La gira incluir\u00e1 Europa, Am\u00e9rica Latina y Estados Unidos, donde sus seguidores podr\u00e1n disfrutar de los \u00e9xitos del artista en primera fila.<\/p>\n\n<ul class=\"wp-block-list\">\n<li>6 marzo \u2013 Par\u00eds \u2013 Cabaret Sauvage<\/li>\n\n<li>13 marzo \u2013 Berl\u00edn \u2013 Astra<\/li>\n\n<li>14 marzo \u2013 Mil\u00e1n \u2013 Magazzini Generali<\/li>\n\n<li>19 marzo \u2013 Lisboa \u2013 LAV Lisboa Ao Vivo<\/li>\n\n<li>5 mayo \u2013 M\u00e9xico \u2013 Lunario<\/li>\n\n<li>7 mayo \u2013 Buenos Aires \u2013 La Trastienda<\/li>\n\n<li>9 mayo \u2013 Miami \u2013 TBC<\/li>\n\n<li>24 mayo \u2013 Madrid \u2013 La Riviera<\/li>\n<\/ul>\n\n<p>Las entradas se pondr\u00e1n a la venta esta semana y se podr\u00e1n adquirir a trav\u00e9s de la <a href=\"https:\/\/www.inigoquintero.com\/\">web oficial del artista<\/a>. La gira se presenta como una de las m\u00e1s esperadas del a\u00f1o para unir Galicia con el mundo y consolidar a \u00cd\u00f1igo Quintero como una de las voces emergentes m\u00e1s destacadas del panorama musical contempor\u00e1neo. \u00a1No te quedes sin tu entrada!<\/p>","protected":false},"excerpt":{"rendered":"<p>Europa, Am\u00e9rica Latina y Estados Unidos acoger\u00e1n su gira 2026. El cantautor gallego I\u00f1igo Quintero ha cerrado un 2025 lleno de \u00e9xitos y arranca 2026 con un nuevo cap\u00edtulo en su carrera: la publicaci\u00f3n de su \u00e1lbum debut, \u00abEl Sitio de Siempre\u00bb. Adem\u00e1s, viene de la mano del anuncio de una gira mundial que llevar\u00e1 [&hellip;]<\/p>\n","protected":false},"author":5,"featured_media":6744,"comment_status":"closed","ping_status":"closed","sticky":false,"template":"","format":"standard","meta":{"footnotes":""},"categories":[4],"tags":[308,311,171,307,312,257],"class_list":["post-6737","post","type-post","status-publish","format-standard","has-post-thumbnail","hentry","category-musica","tag-el-sitio-de-siempre","tag-europa","tag-gira","tag-inigo-quintero","tag-latinoamerica","tag-madrid"],"yoast_head":"<!-- This site is optimized with the Yoast SEO plugin v27.4 - https:\/\/yoast.com\/product\/yoast-seo-wordpress\/ -->\n<title>I\u00f1igo Quintero llevar\u00e1 \u201cEl Sitio de Siempre\u201d a una gira internacional en 2026 &#8902; Una y Mil Letras<\/title>\n<meta name=\"description\" content=\"Su \u00e1lbum debut El Sitio de Siempre llega a los escenarios internacionales con una gira internacional a partir de marzo\" \/>\n<meta name=\"robots\" content=\"index, follow, max-snippet:-1, max-image-preview:large, max-video-preview:-1\" \/>\n<link rel=\"canonical\" href=\"https:\/\/unaymilletras.com\/en\/inigo-quintero-llevara-el-sitio-de-siempre-a-una-gira-internacional-en-2026\/\" \/>\n<meta property=\"og:locale\" content=\"en_GB\" \/>\n<meta property=\"og:type\" content=\"article\" \/>\n<meta property=\"og:title\" content=\"I\u00f1igo Quintero llevar\u00e1 \u201cEl Sitio de Siempre\u201d a una gira internacional en 2026 &#8902; Una y Mil Letras\" \/>\n<meta property=\"og:description\" content=\"Su \u00e1lbum debut El Sitio de Siempre llega a los escenarios internacionales con una gira internacional a partir de marzo\" \/>\n<meta property=\"og:url\" content=\"https:\/\/unaymilletras.com\/en\/inigo-quintero-llevara-el-sitio-de-siempre-a-una-gira-internacional-en-2026\/\" \/>\n<meta property=\"og:site_name\" content=\"Una y Mil Letras\" \/>\n<meta property=\"article:published_time\" content=\"2025-12-09T15:44:14+00:00\" \/>\n<meta property=\"og:image\" content=\"http:\/\/unaymilletras.com\/wp-content\/uploads\/2025\/12\/images-13.jpg\" \/>\n\t<meta property=\"og:image:width\" content=\"308\" \/>\n\t<meta property=\"og:image:height\" content=\"164\" \/>\n\t<meta property=\"og:image:type\" content=\"image\/jpeg\" \/>\n<meta name=\"author\" content=\"Luc\u00eda Fandi\u00f1o\" \/>\n<meta name=\"twitter:card\" content=\"summary_large_image\" \/>\n<meta name=\"twitter:creator\" content=\"@UnaYMilLetras\" \/>\n<meta name=\"twitter:site\" content=\"@UnaYMilLetras\" \/>\n<meta name=\"twitter:label1\" content=\"Written by\" \/>\n\t<meta name=\"twitter:data1\" content=\"Luc\u00eda Fandi\u00f1o\" \/>\n\t<meta name=\"twitter:label2\" content=\"Estimated reading time\" \/>\n\t<meta name=\"twitter:data2\" content=\"2 minutes\" \/>\n<script type=\"application\/ld+json\" class=\"yoast-schema-graph\">{\"@context\":\"https:\\\/\\\/schema.org\",\"@graph\":[{\"@type\":\"Article\",\"@id\":\"https:\\\/\\\/unaymilletras.com\\\/inigo-quintero-llevara-el-sitio-de-siempre-a-una-gira-internacional-en-2026\\\/#article\",\"isPartOf\":{\"@id\":\"https:\\\/\\\/unaymilletras.com\\\/inigo-quintero-llevara-el-sitio-de-siempre-a-una-gira-internacional-en-2026\\\/\"},\"author\":{\"name\":\"Luc\u00eda Fandi\u00f1o\",\"@id\":\"http:\\\/\\\/unaymilletras.com\\\/#\\\/schema\\\/person\\\/047a24f09ead3f0ba2387e5df86d9336\"},\"headline\":\"I\u00f1igo Quintero llevar\u00e1 \u201cEl Sitio de Siempre\u201d a una gira internacional en 2026\",\"datePublished\":\"2025-12-09T15:44:14+00:00\",\"mainEntityOfPage\":{\"@id\":\"https:\\\/\\\/unaymilletras.com\\\/inigo-quintero-llevara-el-sitio-de-siempre-a-una-gira-internacional-en-2026\\\/\"},\"wordCount\":380,\"publisher\":{\"@id\":\"http:\\\/\\\/unaymilletras.com\\\/#organization\"},\"image\":{\"@id\":\"https:\\\/\\\/unaymilletras.com\\\/inigo-quintero-llevara-el-sitio-de-siempre-a-una-gira-internacional-en-2026\\\/#primaryimage\"},\"thumbnailUrl\":\"https:\\\/\\\/unaymilletras.com\\\/wp-content\\\/uploads\\\/2025\\\/12\\\/images-13.jpg\",\"keywords\":[\"El sitio de siempre\",\"Europa\",\"Gira\",\"I\u00f1igo Quintero\",\"Latinoam\u00e9rica\",\"Madrid\"],\"articleSection\":[\"M\u00fasica\"],\"inLanguage\":\"en-GB\"},{\"@type\":\"WebPage\",\"@id\":\"https:\\\/\\\/unaymilletras.com\\\/inigo-quintero-llevara-el-sitio-de-siempre-a-una-gira-internacional-en-2026\\\/\",\"url\":\"https:\\\/\\\/unaymilletras.com\\\/inigo-quintero-llevara-el-sitio-de-siempre-a-una-gira-internacional-en-2026\\\/\",\"name\":\"I\u00f1igo Quintero llevar\u00e1 \u201cEl Sitio de Siempre\u201d a una gira internacional en 2026 &#8902; Una y Mil Letras\",\"isPartOf\":{\"@id\":\"http:\\\/\\\/unaymilletras.com\\\/#website\"},\"primaryImageOfPage\":{\"@id\":\"https:\\\/\\\/unaymilletras.com\\\/inigo-quintero-llevara-el-sitio-de-siempre-a-una-gira-internacional-en-2026\\\/#primaryimage\"},\"image\":{\"@id\":\"https:\\\/\\\/unaymilletras.com\\\/inigo-quintero-llevara-el-sitio-de-siempre-a-una-gira-internacional-en-2026\\\/#primaryimage\"},\"thumbnailUrl\":\"https:\\\/\\\/unaymilletras.com\\\/wp-content\\\/uploads\\\/2025\\\/12\\\/images-13.jpg\",\"datePublished\":\"2025-12-09T15:44:14+00:00\",\"description\":\"Su \u00e1lbum debut El Sitio de Siempre llega a los escenarios internacionales con una gira internacional a partir de marzo\",\"breadcrumb\":{\"@id\":\"https:\\\/\\\/unaymilletras.com\\\/inigo-quintero-llevara-el-sitio-de-siempre-a-una-gira-internacional-en-2026\\\/#breadcrumb\"},\"inLanguage\":\"en-GB\",\"potentialAction\":[{\"@type\":\"ReadAction\",\"target\":[\"https:\\\/\\\/unaymilletras.com\\\/inigo-quintero-llevara-el-sitio-de-siempre-a-una-gira-internacional-en-2026\\\/\"]}]},{\"@type\":\"ImageObject\",\"inLanguage\":\"en-GB\",\"@id\":\"https:\\\/\\\/unaymilletras.com\\\/inigo-quintero-llevara-el-sitio-de-siempre-a-una-gira-internacional-en-2026\\\/#primaryimage\",\"url\":\"https:\\\/\\\/unaymilletras.com\\\/wp-content\\\/uploads\\\/2025\\\/12\\\/images-13.jpg\",\"contentUrl\":\"https:\\\/\\\/unaymilletras.com\\\/wp-content\\\/uploads\\\/2025\\\/12\\\/images-13.jpg\",\"width\":308,\"height\":164},{\"@type\":\"BreadcrumbList\",\"@id\":\"https:\\\/\\\/unaymilletras.com\\\/inigo-quintero-llevara-el-sitio-de-siempre-a-una-gira-internacional-en-2026\\\/#breadcrumb\",\"itemListElement\":[{\"@type\":\"ListItem\",\"position\":1,\"name\":\"Home\",\"item\":\"http:\\\/\\\/unaymilletras.com\\\/\"},{\"@type\":\"ListItem\",\"position\":2,\"name\":\"I\u00f1igo Quintero llevar\u00e1 \u201cEl Sitio de Siempre\u201d a una gira internacional en 2026\"}]},{\"@type\":\"WebSite\",\"@id\":\"http:\\\/\\\/unaymilletras.com\\\/#website\",\"url\":\"http:\\\/\\\/unaymilletras.com\\\/\",\"name\":\"Una y Mil Letras\",\"description\":\"\",\"publisher\":{\"@id\":\"http:\\\/\\\/unaymilletras.com\\\/#organization\"},\"potentialAction\":[{\"@type\":\"SearchAction\",\"target\":{\"@type\":\"EntryPoint\",\"urlTemplate\":\"http:\\\/\\\/unaymilletras.com\\\/?s={search_term_string}\"},\"query-input\":{\"@type\":\"PropertyValueSpecification\",\"valueRequired\":true,\"valueName\":\"search_term_string\"}}],\"inLanguage\":\"en-GB\"},{\"@type\":\"Organization\",\"@id\":\"http:\\\/\\\/unaymilletras.com\\\/#organization\",\"name\":\"Una y Mil Letras\",\"url\":\"http:\\\/\\\/unaymilletras.com\\\/\",\"logo\":{\"@type\":\"ImageObject\",\"inLanguage\":\"en-GB\",\"@id\":\"http:\\\/\\\/unaymilletras.com\\\/#\\\/schema\\\/logo\\\/image\\\/\",\"url\":\"https:\\\/\\\/unaymilletras.com\\\/wp-content\\\/uploads\\\/2024\\\/06\\\/cropped-Logo-removebg-preview.png\",\"contentUrl\":\"https:\\\/\\\/unaymilletras.com\\\/wp-content\\\/uploads\\\/2024\\\/06\\\/cropped-Logo-removebg-preview.png\",\"width\":512,\"height\":512,\"caption\":\"Una y Mil Letras\"},\"image\":{\"@id\":\"http:\\\/\\\/unaymilletras.com\\\/#\\\/schema\\\/logo\\\/image\\\/\"},\"sameAs\":[\"https:\\\/\\\/x.com\\\/UnaYMilLetras\",\"https:\\\/\\\/instagram.com\\\/UnaYMilLetras\"]},{\"@type\":\"Person\",\"@id\":\"http:\\\/\\\/unaymilletras.com\\\/#\\\/schema\\\/person\\\/047a24f09ead3f0ba2387e5df86d9336\",\"name\":\"Luc\u00eda Fandi\u00f1o\",\"image\":{\"@type\":\"ImageObject\",\"inLanguage\":\"en-GB\",\"@id\":\"https:\\\/\\\/secure.gravatar.com\\\/avatar\\\/d22d9eea03f89c5d17f4b05c3efeb11bad23ff32b99e63bbf54232bc1b6a06b2?s=96&d=mm&r=g\",\"url\":\"https:\\\/\\\/secure.gravatar.com\\\/avatar\\\/d22d9eea03f89c5d17f4b05c3efeb11bad23ff32b99e63bbf54232bc1b6a06b2?s=96&d=mm&r=g\",\"contentUrl\":\"https:\\\/\\\/secure.gravatar.com\\\/avatar\\\/d22d9eea03f89c5d17f4b05c3efeb11bad23ff32b99e63bbf54232bc1b6a06b2?s=96&d=mm&r=g\",\"caption\":\"Luc\u00eda Fandi\u00f1o\"},\"sameAs\":[\"www.instagram.com\\\/luciaafandino\"],\"url\":\"https:\\\/\\\/unaymilletras.com\\\/en\\\/author\\\/luciaafandino\\\/\"}]}<\/script>\n<!-- \/ Yoast SEO plugin. -->","yoast_head_json":{"title":"I\u00f1igo Quintero llevar\u00e1 \u201cEl Sitio de Siempre\u201d a una gira internacional en 2026 &#8902; Una y Mil Letras","description":"Su \u00e1lbum debut El Sitio de Siempre llega a los escenarios internacionales con una gira internacional a partir de marzo","robots":{"index":"index","follow":"follow","max-snippet":"max-snippet:-1","max-image-preview":"max-image-preview:large","max-video-preview":"max-video-preview:-1"},"canonical":"https:\/\/unaymilletras.com\/en\/inigo-quintero-llevara-el-sitio-de-siempre-a-una-gira-internacional-en-2026\/","og_locale":"en_GB","og_type":"article","og_title":"I\u00f1igo Quintero llevar\u00e1 \u201cEl Sitio de Siempre\u201d a una gira internacional en 2026 &#8902; Una y Mil Letras","og_description":"Su \u00e1lbum debut El Sitio de Siempre llega a los escenarios internacionales con una gira internacional a partir de marzo","og_url":"https:\/\/unaymilletras.com\/en\/inigo-quintero-llevara-el-sitio-de-siempre-a-una-gira-internacional-en-2026\/","og_site_name":"Una y Mil Letras","article_published_time":"2025-12-09T15:44:14+00:00","og_image":[{"width":308,"height":164,"url":"http:\/\/unaymilletras.com\/wp-content\/uploads\/2025\/12\/images-13.jpg","type":"image\/jpeg"}],"author":"Luc\u00eda Fandi\u00f1o","twitter_card":"summary_large_image","twitter_creator":"@UnaYMilLetras","twitter_site":"@UnaYMilLetras","twitter_misc":{"Written by":"Luc\u00eda Fandi\u00f1o","Estimated reading time":"2 minutes"},"schema":{"@context":"https:\/\/schema.org","@graph":[{"@type":"Article","@id":"https:\/\/unaymilletras.com\/inigo-quintero-llevara-el-sitio-de-siempre-a-una-gira-internacional-en-2026\/#article","isPartOf":{"@id":"https:\/\/unaymilletras.com\/inigo-quintero-llevara-el-sitio-de-siempre-a-una-gira-internacional-en-2026\/"},"author":{"name":"Luc\u00eda Fandi\u00f1o","@id":"http:\/\/unaymilletras.com\/#\/schema\/person\/047a24f09ead3f0ba2387e5df86d9336"},"headline":"I\u00f1igo Quintero llevar\u00e1 \u201cEl Sitio de Siempre\u201d a una gira internacional en 2026","datePublished":"2025-12-09T15:44:14+00:00","mainEntityOfPage":{"@id":"https:\/\/unaymilletras.com\/inigo-quintero-llevara-el-sitio-de-siempre-a-una-gira-internacional-en-2026\/"},"wordCount":380,"publisher":{"@id":"http:\/\/unaymilletras.com\/#organization"},"image":{"@id":"https:\/\/unaymilletras.com\/inigo-quintero-llevara-el-sitio-de-siempre-a-una-gira-internacional-en-2026\/#primaryimage"},"thumbnailUrl":"https:\/\/unaymilletras.com\/wp-content\/uploads\/2025\/12\/images-13.jpg","keywords":["El sitio de siempre","Europa","Gira","I\u00f1igo Quintero","Latinoam\u00e9rica","Madrid"],"articleSection":["M\u00fasica"],"inLanguage":"en-GB"},{"@type":"WebPage","@id":"https:\/\/unaymilletras.com\/inigo-quintero-llevara-el-sitio-de-siempre-a-una-gira-internacional-en-2026\/","url":"https:\/\/unaymilletras.com\/inigo-quintero-llevara-el-sitio-de-siempre-a-una-gira-internacional-en-2026\/","name":"I\u00f1igo Quintero llevar\u00e1 \u201cEl Sitio de Siempre\u201d a una gira internacional en 2026 &#8902; Una y Mil Letras","isPartOf":{"@id":"http:\/\/unaymilletras.com\/#website"},"primaryImageOfPage":{"@id":"https:\/\/unaymilletras.com\/inigo-quintero-llevara-el-sitio-de-siempre-a-una-gira-internacional-en-2026\/#primaryimage"},"image":{"@id":"https:\/\/unaymilletras.com\/inigo-quintero-llevara-el-sitio-de-siempre-a-una-gira-internacional-en-2026\/#primaryimage"},"thumbnailUrl":"https:\/\/unaymilletras.com\/wp-content\/uploads\/2025\/12\/images-13.jpg","datePublished":"2025-12-09T15:44:14+00:00","description":"Su \u00e1lbum debut El Sitio de Siempre llega a los escenarios internacionales con una gira internacional a partir de marzo","breadcrumb":{"@id":"https:\/\/unaymilletras.com\/inigo-quintero-llevara-el-sitio-de-siempre-a-una-gira-internacional-en-2026\/#breadcrumb"},"inLanguage":"en-GB","potentialAction":[{"@type":"ReadAction","target":["https:\/\/unaymilletras.com\/inigo-quintero-llevara-el-sitio-de-siempre-a-una-gira-internacional-en-2026\/"]}]},{"@type":"ImageObject","inLanguage":"en-GB","@id":"https:\/\/unaymilletras.com\/inigo-quintero-llevara-el-sitio-de-siempre-a-una-gira-internacional-en-2026\/#primaryimage","url":"https:\/\/unaymilletras.com\/wp-content\/uploads\/2025\/12\/images-13.jpg","contentUrl":"https:\/\/unaymilletras.com\/wp-content\/uploads\/2025\/12\/images-13.jpg","width":308,"height":164},{"@type":"BreadcrumbList","@id":"https:\/\/unaymilletras.com\/inigo-quintero-llevara-el-sitio-de-siempre-a-una-gira-internacional-en-2026\/#breadcrumb","itemListElement":[{"@type":"ListItem","position":1,"name":"Home","item":"http:\/\/unaymilletras.com\/"},{"@type":"ListItem","position":2,"name":"I\u00f1igo Quintero llevar\u00e1 \u201cEl Sitio de Siempre\u201d a una gira internacional en 2026"}]},{"@type":"WebSite","@id":"http:\/\/unaymilletras.com\/#website","url":"http:\/\/unaymilletras.com\/","name":"Una y Mil Letras","description":"","publisher":{"@id":"http:\/\/unaymilletras.com\/#organization"},"potentialAction":[{"@type":"SearchAction","target":{"@type":"EntryPoint","urlTemplate":"http:\/\/unaymilletras.com\/?s={search_term_string}"},"query-input":{"@type":"PropertyValueSpecification","valueRequired":true,"valueName":"search_term_string"}}],"inLanguage":"en-GB"},{"@type":"Organization","@id":"http:\/\/unaymilletras.com\/#organization","name":"Una y Mil Letras","url":"http:\/\/unaymilletras.com\/","logo":{"@type":"ImageObject","inLanguage":"en-GB","@id":"http:\/\/unaymilletras.com\/#\/schema\/logo\/image\/","url":"https:\/\/unaymilletras.com\/wp-content\/uploads\/2024\/06\/cropped-Logo-removebg-preview.png","contentUrl":"https:\/\/unaymilletras.com\/wp-content\/uploads\/2024\/06\/cropped-Logo-removebg-preview.png","width":512,"height":512,"caption":"Una y Mil Letras"},"image":{"@id":"http:\/\/unaymilletras.com\/#\/schema\/logo\/image\/"},"sameAs":["https:\/\/x.com\/UnaYMilLetras","https:\/\/instagram.com\/UnaYMilLetras"]},{"@type":"Person","@id":"http:\/\/unaymilletras.com\/#\/schema\/person\/047a24f09ead3f0ba2387e5df86d9336","name":"Luc\u00eda Fandi\u00f1o","image":{"@type":"ImageObject","inLanguage":"en-GB","@id":"https:\/\/secure.gravatar.com\/avatar\/d22d9eea03f89c5d17f4b05c3efeb11bad23ff32b99e63bbf54232bc1b6a06b2?s=96&d=mm&r=g","url":"https:\/\/secure.gravatar.com\/avatar\/d22d9eea03f89c5d17f4b05c3efeb11bad23ff32b99e63bbf54232bc1b6a06b2?s=96&d=mm&r=g","contentUrl":"https:\/\/secure.gravatar.com\/avatar\/d22d9eea03f89c5d17f4b05c3efeb11bad23ff32b99e63bbf54232bc1b6a06b2?s=96&d=mm&r=g","caption":"Luc\u00eda Fandi\u00f1o"},"sameAs":["www.instagram.com\/luciaafandino"],"url":"https:\/\/unaymilletras.com\/en\/author\/luciaafandino\/"}]}},"_links":{"self":[{"href":"https:\/\/unaymilletras.com\/en\/wp-json\/wp\/v2\/posts\/6737","targetHints":{"allow":["GET"]}}],"collection":[{"href":"https:\/\/unaymilletras.com\/en\/wp-json\/wp\/v2\/posts"}],"about":[{"href":"https:\/\/unaymilletras.com\/en\/wp-json\/wp\/v2\/types\/post"}],"author":[{"embeddable":true,"href":"https:\/\/unaymilletras.com\/en\/wp-json\/wp\/v2\/users\/5"}],"replies":[{"embeddable":true,"href":"https:\/\/unaymilletras.com\/en\/wp-json\/wp\/v2\/comments?post=6737"}],"version-history":[{"count":6,"href":"https:\/\/unaymilletras.com\/en\/wp-json\/wp\/v2\/posts\/6737\/revisions"}],"predecessor-version":[{"id":6743,"href":"https:\/\/unaymilletras.com\/en\/wp-json\/wp\/v2\/posts\/6737\/revisions\/6743"}],"wp:featuredmedia":[{"embeddable":true,"href":"https:\/\/unaymilletras.com\/en\/wp-json\/wp\/v2\/media\/6744"}],"wp:attachment":[{"href":"https:\/\/unaymilletras.com\/en\/wp-json\/wp\/v2\/media?parent=6737"}],"wp:term":[{"taxonomy":"category","embeddable":true,"href":"https:\/\/unaymilletras.com\/en\/wp-json\/wp\/v2\/categories?post=6737"},{"taxonomy":"post_tag","embeddable":true,"href":"https:\/\/unaymilletras.com\/en\/wp-json\/wp\/v2\/tags?post=6737"}],"curies":[{"name":"wp","href":"https:\/\/api.w.org\/{rel}","templated":true}]}}