{"id":6746,"date":"2025-12-11T17:33:32","date_gmt":"2025-12-11T16:33:32","guid":{"rendered":"https:\/\/unaymilletras.com\/?p=6746"},"modified":"2025-12-12T11:28:16","modified_gmt":"2025-12-12T10:28:16","slug":"manuel-carrasco-anuncia-cuatro-conciertos-en-la-cartuja-de-sevilla","status":"publish","type":"post","link":"https:\/\/unaymilletras.com\/en\/manuel-carrasco-anuncia-cuatro-conciertos-en-la-cartuja-de-sevilla\/","title":{"rendered":"Manuel Carrasco anuncia cuatro conciertos en La Cartuja de Sevilla"},"content":{"rendered":"<div data-elementor-type=\"wp-post\" data-elementor-id=\"6746\" class=\"elementor elementor-6746\">\n\t\t\t\t\t\t<section class=\"elementor-section elementor-top-section elementor-element elementor-element-8a1fcbf elementor-section-boxed elementor-section-height-default elementor-section-height-default\" data-id=\"8a1fcbf\" data-element_type=\"section\" data-e-type=\"section\">\n\t\t\t\t\t\t<div class=\"elementor-container elementor-column-gap-default\">\n\t\t\t\t\t<div class=\"elementor-column elementor-col-100 elementor-top-column elementor-element elementor-element-204409c\" data-id=\"204409c\" data-element_type=\"column\" data-e-type=\"column\">\n\t\t\t<div class=\"elementor-widget-wrap elementor-element-populated\">\n\t\t\t\t\t\t<div class=\"elementor-element elementor-element-261337b elementor-widget elementor-widget-text-editor\" data-id=\"261337b\" data-element_type=\"widget\" data-e-type=\"widget\" data-widget_type=\"text-editor.default\">\n\t\t\t\t<div class=\"elementor-widget-container\">\n\t\t\t\t\t\t\t\t\t<h2 style=\"text-align: center;\"><span style=\"color: #808080;\"><em>\u201cSalvaje desde la ra\u00edz\u201d reunir\u00e1 en 2026 lo mejor de sus \u00faltimos cuatro discos<\/em><\/span><\/h2>\t\t\t\t\t\t\t\t<\/div>\n\t\t\t\t<\/div>\n\t\t\t\t\t<\/div>\n\t\t<\/div>\n\t\t\t\t\t<\/div>\n\t\t<\/section>\n\t\t\t\t<section class=\"elementor-section elementor-top-section elementor-element elementor-element-5b1437bd elementor-section-boxed elementor-section-height-default elementor-section-height-default\" data-id=\"5b1437bd\" data-element_type=\"section\" data-e-type=\"section\">\n\t\t\t\t\t\t<div class=\"elementor-container elementor-column-gap-default\">\n\t\t\t\t\t<div class=\"elementor-column elementor-col-100 elementor-top-column elementor-element elementor-element-2bde2f4a\" data-id=\"2bde2f4a\" data-element_type=\"column\" data-e-type=\"column\">\n\t\t\t<div class=\"elementor-widget-wrap elementor-element-populated\">\n\t\t\t\t\t\t<div class=\"elementor-element elementor-element-2b8bf631 elementor-widget elementor-widget-text-editor\" data-id=\"2b8bf631\" data-element_type=\"widget\" data-e-type=\"widget\" data-widget_type=\"text-editor.default\">\n\t\t\t\t<div class=\"elementor-widget-container\">\n\t\t\t\t\t\t\t\t\t\n<p>Manuel Carrasco se ha propuesto hacer historia una vez m\u00e1s. El 11 de junio de 2016 el artista marc\u00f3 un antes y un despu\u00e9s en su carrera reuniendo a m\u00e1s de 45.000 personas en  La Cartuja de Sevilla presentando su disco <em>Bailar el viento. <\/em>Aquel d\u00eda, Manuel celebr\u00f3 su concierto m\u00e1s multitudinario hasta la fecha. Lo que no sab\u00eda es que ese ser\u00eda el primero de todos los grandes hitos que actualmente lo sit\u00faan como uno de los <strong>grandes nombres de la industria musical espa\u00f1ola<\/strong>.<\/p>\n\n\n\n<p>Tras el impacto de <em>Bailar el viento, <\/em>vi\u00f3 la luz <em>La Cruz del mapa <\/em>con grandes temas como \u201cMe dijeron de peque\u00f1o\u201d, \u201cD\u00e9jame ser\u201d o \u201cQu\u00e9 bonito es querer\u201d, convirti\u00e9ndose esta \u00faltima en todo un himno generacional. A la semana siguiente de llenar el Benito Villamar\u00edn, el 29 de junio de 2019 el cantante onubense aterrizaba en el Wanda Metropolitano, agotando sus entradas.\u00a0<\/p>\n\n\n\n<p>Despu\u00e9s de un par\u00f3n obligado por la pandemia, esta etapa finaliz\u00f3 el 11 de junio de 2022 en <strong>La Cartuja,<\/strong> concierto en el que consigui\u00f3 el<strong> r\u00e9cord de asistencia<\/strong> a un concierto en Espa\u00f1a con <strong>74.345 asistentes<\/strong>.<\/p>\n\n\n\n<figure class=\"wp-block-image size-large\"><img fetchpriority=\"high\" decoding=\"async\" width=\"1024\" height=\"551\" src=\"https:\/\/unaymilletras.com\/wp-content\/uploads\/2025\/12\/IMG_5628-1024x551.jpg\" alt=\"\" class=\"wp-image-6747\" \/><figcaption class=\"wp-element-caption\">Manuel Carrasco durante su concierto en Marbella | Fuente: Instagram @manuelcarrasco_<\/figcaption><\/figure>\n\n\n\n<p>En 2023 Manuel Carrasco public\u00f3 <em>Coraz\u00f3n y Flecha <\/em>cuya gira arranc\u00f3 con 140.000 personas en dos noches en La Cartuja. Tras pasar por M\u00e9xico, Estados Unidos, Argentina y Chile, concluy\u00f3 en el <strong><a href=\"https:\/\/unaymilletras.com\/en\/manuel-carrasco-primer-artista-nacional-en-agotar-el-santiago-bernabeu\/\">Santiago Bernab\u00e9u<\/a> ante m\u00e1s de 70.000 personas<\/strong>. Esto convirti\u00f3 a Manuel en el primer y \u00fanico artista espa\u00f1ol en celebrar un concierto en el recinto.<\/p>\n\n\n\n<h2 class=\"wp-block-heading\">La llegada de Pueblo Salvaje<\/h2>\n\n\n\n<p>Hace apenas unos meses finaliz\u00f3 la gira con la que present\u00f3 su noveno trabajo de estudio, <em>Pueblo Salvaje II. <\/em>Canciones como \u201cTengo el poder\u201d o \u201cSalitre\u201d se cantaron en un <strong>tour que c<\/strong>ongreg\u00f3<strong> a m\u00e1s de 400.000 espectadores, siendo el m\u00e1s exitoso de 2025.<\/strong><\/p>\n\n\n\n<p>Ahora, Manuel quiere celebrar toda una d\u00e9cada de \u00e9xitos en el lugar que le consagr\u00f3 como artista con un nuevo cap\u00edtulo, <strong>\u201cSalvaje desde la ra\u00edz\u201d<\/strong>. Un proyecto especial que se materializar\u00e1 en <strong><a href=\"https:\/\/www.cadenadial.com\/2025\/manuel-carrasco-detalla-como-seran-los-cuatro-estadios-de-salvaje-desde-la-raiz-los-repertorios-seran-diferentes-437747.html\">cuatro conciertos<\/a> en el Estadio La Cartuja de Sevilla en 2026.<\/strong> Una propuesta in\u00e9dita en nuestro pa\u00eds. Por primera vez un artista espa\u00f1ol convierte un estadio en residencia de cuatro noches, cada una dedicada a un \u00e1lbum diferente.<\/p>\n\n\n\n<p>\u2022&nbsp; &nbsp; &nbsp; <strong>VIENTO SALVAJE<\/strong> \u2013 13 de junio de 2026<\/p>\n\n\n\n<p>\u2022&nbsp; &nbsp; &nbsp; <strong>LA CRUZ SALVAJE<\/strong> \u2013 14 de junio de 2026<\/p>\n\n\n\n<p>\u2022&nbsp; &nbsp; &nbsp; <strong>CORAZ\u00d3N SALVAJE<\/strong> \u2013 19 de junio de 2026<\/p>\n\n\n\n<p>\u2022&nbsp; &nbsp; &nbsp; <strong>PUEBLO SALVAJE I y II<\/strong> \u2013 20 de junio de 2026<\/p>\n\n\n\n<p>Cada una de las cuatro noches de \u201cSalvaje desde la ra\u00edz\u201d ser\u00e1 un homenaje a sus \u00faltimos cuatro discos, sin olvidar los grandes cl\u00e1sicos que le han acompa\u00f1ado durante estos a\u00f1os. Cuatro noches con hilo conductor y en las que Manuel Carrasco se convertir\u00e1 en el capit\u00e1n del barco para que toda la maquinaria funcione. La manera en la que suceder\u00e1 solo \u00e9l la sabe. Lo que s\u00ed promete es que ser\u00e1 algo diferente, jam\u00e1s visto, y probablemente, lo m\u00e1s especial que haya hecho en su carrera.<\/p>\n\n\n\n<figure class=\"wp-block-image size-large is-resized\"><img decoding=\"async\" width=\"823\" height=\"1024\" src=\"https:\/\/unaymilletras.com\/wp-content\/uploads\/2025\/12\/IMG_5629-823x1024.jpg\" alt=\"\" class=\"wp-image-6748\" style=\"aspect-ratio:0.8037152876504596;width:363px;height:auto\" \/><figcaption class=\"wp-element-caption\">Cartel oficial de la gira<\/figcaption><\/figure>\n\n\n\n<p>Las <strong>entradas <\/strong>para estos conciertos se pondr\u00e1n a la <strong>venta <\/strong>el <strong>18 de diciembre de 2025 <\/strong>a las <strong>12:00<\/strong>, de forma independiente para cada fecha, y ese mismo d\u00eda se habilitar\u00e1 tambi\u00e9n un <strong>abono especial a precio reducido para quienes quieran vivir las cuatro noches<\/strong> completas en Sevilla.<\/p>\n\t\t\t\t\t\t\t\t<\/div>\n\t\t\t\t<\/div>\n\t\t\t\t\t<\/div>\n\t\t<\/div>\n\t\t\t\t\t<\/div>\n\t\t<\/section>\n\t\t\t\t<\/div>","protected":false},"excerpt":{"rendered":"<p>\u201cSalvaje desde la ra\u00edz\u201d reunir\u00e1 en 2026 lo mejor de sus \u00faltimos cuatro discos Manuel Carrasco se ha propuesto hacer historia una vez m\u00e1s. El 11 de junio de 2016 el artista marc\u00f3 un antes y un despu\u00e9s en su carrera reuniendo a m\u00e1s de 45.000 personas en La Cartuja de Sevilla presentando su disco [&hellip;]<\/p>\n","protected":false},"author":16,"featured_media":6749,"comment_status":"closed","ping_status":"closed","sticky":false,"template":"","format":"standard","meta":{"footnotes":""},"categories":[4],"tags":[171,315,313,169,314],"class_list":["post-6746","post","type-post","status-publish","format-standard","has-post-thumbnail","hentry","category-musica","tag-gira","tag-la-cartuja","tag-manuel-carrasco","tag-musica","tag-sevilla"],"yoast_head":"<!-- This site is optimized with the Yoast SEO plugin v27.4 - https:\/\/yoast.com\/product\/yoast-seo-wordpress\/ -->\n<title>Manuel Carrasco anuncia cuatro conciertos en La Cartuja de Sevilla &#8902; Una y Mil Letras<\/title>\n<meta name=\"robots\" content=\"index, follow, max-snippet:-1, max-image-preview:large, max-video-preview:-1\" \/>\n<link rel=\"canonical\" href=\"https:\/\/unaymilletras.com\/en\/manuel-carrasco-anuncia-cuatro-conciertos-en-la-cartuja-de-sevilla\/\" \/>\n<meta property=\"og:locale\" content=\"en_GB\" \/>\n<meta property=\"og:type\" content=\"article\" \/>\n<meta property=\"og:title\" content=\"Manuel Carrasco anuncia cuatro conciertos en La Cartuja de Sevilla &#8902; Una y Mil Letras\" \/>\n<meta property=\"og:description\" content=\"\u201cSalvaje desde la ra\u00edz\u201d reunir\u00e1 en 2026 lo mejor de sus \u00faltimos cuatro discos Manuel Carrasco se ha propuesto hacer historia una vez m\u00e1s. El 11 de junio de 2016 el artista marc\u00f3 un antes y un despu\u00e9s en su carrera reuniendo a m\u00e1s de 45.000 personas en La Cartuja de Sevilla presentando su disco [&hellip;]\" \/>\n<meta property=\"og:url\" content=\"https:\/\/unaymilletras.com\/en\/manuel-carrasco-anuncia-cuatro-conciertos-en-la-cartuja-de-sevilla\/\" \/>\n<meta property=\"og:site_name\" content=\"Una y Mil Letras\" \/>\n<meta property=\"article:published_time\" content=\"2025-12-11T16:33:32+00:00\" \/>\n<meta property=\"article:modified_time\" content=\"2025-12-12T10:28:16+00:00\" \/>\n<meta property=\"og:image\" content=\"http:\/\/unaymilletras.com\/wp-content\/uploads\/2025\/12\/IMG_5627.jpg\" \/>\n\t<meta property=\"og:image:width\" content=\"1169\" \/>\n\t<meta property=\"og:image:height\" content=\"769\" \/>\n\t<meta property=\"og:image:type\" content=\"image\/jpeg\" \/>\n<meta name=\"author\" content=\"Mercedes Serrano\" \/>\n<meta name=\"twitter:card\" content=\"summary_large_image\" \/>\n<meta name=\"twitter:creator\" content=\"@UnaYMilLetras\" \/>\n<meta name=\"twitter:site\" content=\"@UnaYMilLetras\" \/>\n<meta name=\"twitter:label1\" content=\"Written by\" \/>\n\t<meta name=\"twitter:data1\" content=\"Mercedes Serrano\" \/>\n\t<meta name=\"twitter:label2\" content=\"Estimated reading time\" \/>\n\t<meta name=\"twitter:data2\" content=\"3 minutes\" \/>\n<script type=\"application\/ld+json\" class=\"yoast-schema-graph\">{\"@context\":\"https:\\\/\\\/schema.org\",\"@graph\":[{\"@type\":\"Article\",\"@id\":\"https:\\\/\\\/unaymilletras.com\\\/manuel-carrasco-anuncia-cuatro-conciertos-en-la-cartuja-de-sevilla\\\/#article\",\"isPartOf\":{\"@id\":\"https:\\\/\\\/unaymilletras.com\\\/manuel-carrasco-anuncia-cuatro-conciertos-en-la-cartuja-de-sevilla\\\/\"},\"author\":{\"name\":\"Mercedes Serrano\",\"@id\":\"http:\\\/\\\/unaymilletras.com\\\/#\\\/schema\\\/person\\\/728c13b7395f2a11969bcfa356396dfd\"},\"headline\":\"Manuel Carrasco anuncia cuatro conciertos en La Cartuja de Sevilla\",\"datePublished\":\"2025-12-11T16:33:32+00:00\",\"dateModified\":\"2025-12-12T10:28:16+00:00\",\"mainEntityOfPage\":{\"@id\":\"https:\\\/\\\/unaymilletras.com\\\/manuel-carrasco-anuncia-cuatro-conciertos-en-la-cartuja-de-sevilla\\\/\"},\"wordCount\":595,\"publisher\":{\"@id\":\"http:\\\/\\\/unaymilletras.com\\\/#organization\"},\"image\":{\"@id\":\"https:\\\/\\\/unaymilletras.com\\\/manuel-carrasco-anuncia-cuatro-conciertos-en-la-cartuja-de-sevilla\\\/#primaryimage\"},\"thumbnailUrl\":\"https:\\\/\\\/unaymilletras.com\\\/wp-content\\\/uploads\\\/2025\\\/12\\\/IMG_5627-e1765721956227.jpg\",\"keywords\":[\"Gira\",\"La Cartuja\",\"Manuel Carrasco\",\"musica\",\"Sevilla\"],\"articleSection\":[\"M\u00fasica\"],\"inLanguage\":\"en-GB\"},{\"@type\":\"WebPage\",\"@id\":\"https:\\\/\\\/unaymilletras.com\\\/manuel-carrasco-anuncia-cuatro-conciertos-en-la-cartuja-de-sevilla\\\/\",\"url\":\"https:\\\/\\\/unaymilletras.com\\\/manuel-carrasco-anuncia-cuatro-conciertos-en-la-cartuja-de-sevilla\\\/\",\"name\":\"Manuel Carrasco anuncia cuatro conciertos en La Cartuja de Sevilla &#8902; Una y Mil Letras\",\"isPartOf\":{\"@id\":\"http:\\\/\\\/unaymilletras.com\\\/#website\"},\"primaryImageOfPage\":{\"@id\":\"https:\\\/\\\/unaymilletras.com\\\/manuel-carrasco-anuncia-cuatro-conciertos-en-la-cartuja-de-sevilla\\\/#primaryimage\"},\"image\":{\"@id\":\"https:\\\/\\\/unaymilletras.com\\\/manuel-carrasco-anuncia-cuatro-conciertos-en-la-cartuja-de-sevilla\\\/#primaryimage\"},\"thumbnailUrl\":\"https:\\\/\\\/unaymilletras.com\\\/wp-content\\\/uploads\\\/2025\\\/12\\\/IMG_5627-e1765721956227.jpg\",\"datePublished\":\"2025-12-11T16:33:32+00:00\",\"dateModified\":\"2025-12-12T10:28:16+00:00\",\"breadcrumb\":{\"@id\":\"https:\\\/\\\/unaymilletras.com\\\/manuel-carrasco-anuncia-cuatro-conciertos-en-la-cartuja-de-sevilla\\\/#breadcrumb\"},\"inLanguage\":\"en-GB\",\"potentialAction\":[{\"@type\":\"ReadAction\",\"target\":[\"https:\\\/\\\/unaymilletras.com\\\/manuel-carrasco-anuncia-cuatro-conciertos-en-la-cartuja-de-sevilla\\\/\"]}]},{\"@type\":\"ImageObject\",\"inLanguage\":\"en-GB\",\"@id\":\"https:\\\/\\\/unaymilletras.com\\\/manuel-carrasco-anuncia-cuatro-conciertos-en-la-cartuja-de-sevilla\\\/#primaryimage\",\"url\":\"https:\\\/\\\/unaymilletras.com\\\/wp-content\\\/uploads\\\/2025\\\/12\\\/IMG_5627-e1765721956227.jpg\",\"contentUrl\":\"https:\\\/\\\/unaymilletras.com\\\/wp-content\\\/uploads\\\/2025\\\/12\\\/IMG_5627-e1765721956227.jpg\",\"width\":600,\"height\":395,\"caption\":\"Manuel Carrasco durante su \u00faltimo concierto en Sevilla | Fuente: Instagram @manuelcarrasco_\"},{\"@type\":\"BreadcrumbList\",\"@id\":\"https:\\\/\\\/unaymilletras.com\\\/manuel-carrasco-anuncia-cuatro-conciertos-en-la-cartuja-de-sevilla\\\/#breadcrumb\",\"itemListElement\":[{\"@type\":\"ListItem\",\"position\":1,\"name\":\"Home\",\"item\":\"http:\\\/\\\/unaymilletras.com\\\/\"},{\"@type\":\"ListItem\",\"position\":2,\"name\":\"Manuel Carrasco anuncia cuatro conciertos en La Cartuja de Sevilla\"}]},{\"@type\":\"WebSite\",\"@id\":\"http:\\\/\\\/unaymilletras.com\\\/#website\",\"url\":\"http:\\\/\\\/unaymilletras.com\\\/\",\"name\":\"Una y Mil Letras\",\"description\":\"\",\"publisher\":{\"@id\":\"http:\\\/\\\/unaymilletras.com\\\/#organization\"},\"potentialAction\":[{\"@type\":\"SearchAction\",\"target\":{\"@type\":\"EntryPoint\",\"urlTemplate\":\"http:\\\/\\\/unaymilletras.com\\\/?s={search_term_string}\"},\"query-input\":{\"@type\":\"PropertyValueSpecification\",\"valueRequired\":true,\"valueName\":\"search_term_string\"}}],\"inLanguage\":\"en-GB\"},{\"@type\":\"Organization\",\"@id\":\"http:\\\/\\\/unaymilletras.com\\\/#organization\",\"name\":\"Una y Mil Letras\",\"url\":\"http:\\\/\\\/unaymilletras.com\\\/\",\"logo\":{\"@type\":\"ImageObject\",\"inLanguage\":\"en-GB\",\"@id\":\"http:\\\/\\\/unaymilletras.com\\\/#\\\/schema\\\/logo\\\/image\\\/\",\"url\":\"https:\\\/\\\/unaymilletras.com\\\/wp-content\\\/uploads\\\/2024\\\/06\\\/cropped-Logo-removebg-preview.png\",\"contentUrl\":\"https:\\\/\\\/unaymilletras.com\\\/wp-content\\\/uploads\\\/2024\\\/06\\\/cropped-Logo-removebg-preview.png\",\"width\":512,\"height\":512,\"caption\":\"Una y Mil Letras\"},\"image\":{\"@id\":\"http:\\\/\\\/unaymilletras.com\\\/#\\\/schema\\\/logo\\\/image\\\/\"},\"sameAs\":[\"https:\\\/\\\/x.com\\\/UnaYMilLetras\",\"https:\\\/\\\/instagram.com\\\/UnaYMilLetras\"]},{\"@type\":\"Person\",\"@id\":\"http:\\\/\\\/unaymilletras.com\\\/#\\\/schema\\\/person\\\/728c13b7395f2a11969bcfa356396dfd\",\"name\":\"Mercedes Serrano\",\"image\":{\"@type\":\"ImageObject\",\"inLanguage\":\"en-GB\",\"@id\":\"https:\\\/\\\/secure.gravatar.com\\\/avatar\\\/25fc1817bc872d5b7767664dc1798059e5cdc900520fd06f6182a99304f5ab67?s=96&d=mm&r=g\",\"url\":\"https:\\\/\\\/secure.gravatar.com\\\/avatar\\\/25fc1817bc872d5b7767664dc1798059e5cdc900520fd06f6182a99304f5ab67?s=96&d=mm&r=g\",\"contentUrl\":\"https:\\\/\\\/secure.gravatar.com\\\/avatar\\\/25fc1817bc872d5b7767664dc1798059e5cdc900520fd06f6182a99304f5ab67?s=96&d=mm&r=g\",\"caption\":\"Mercedes Serrano\"},\"url\":\"https:\\\/\\\/unaymilletras.com\\\/en\\\/author\\\/merserrano\\\/\"}]}<\/script>\n<!-- \/ Yoast SEO plugin. -->","yoast_head_json":{"title":"Manuel Carrasco anuncia cuatro conciertos en La Cartuja de Sevilla &#8902; Una y Mil Letras","robots":{"index":"index","follow":"follow","max-snippet":"max-snippet:-1","max-image-preview":"max-image-preview:large","max-video-preview":"max-video-preview:-1"},"canonical":"https:\/\/unaymilletras.com\/en\/manuel-carrasco-anuncia-cuatro-conciertos-en-la-cartuja-de-sevilla\/","og_locale":"en_GB","og_type":"article","og_title":"Manuel Carrasco anuncia cuatro conciertos en La Cartuja de Sevilla &#8902; Una y Mil Letras","og_description":"\u201cSalvaje desde la ra\u00edz\u201d reunir\u00e1 en 2026 lo mejor de sus \u00faltimos cuatro discos Manuel Carrasco se ha propuesto hacer historia una vez m\u00e1s. El 11 de junio de 2016 el artista marc\u00f3 un antes y un despu\u00e9s en su carrera reuniendo a m\u00e1s de 45.000 personas en La Cartuja de Sevilla presentando su disco [&hellip;]","og_url":"https:\/\/unaymilletras.com\/en\/manuel-carrasco-anuncia-cuatro-conciertos-en-la-cartuja-de-sevilla\/","og_site_name":"Una y Mil Letras","article_published_time":"2025-12-11T16:33:32+00:00","article_modified_time":"2025-12-12T10:28:16+00:00","og_image":[{"width":1169,"height":769,"url":"http:\/\/unaymilletras.com\/wp-content\/uploads\/2025\/12\/IMG_5627.jpg","type":"image\/jpeg"}],"author":"Mercedes Serrano","twitter_card":"summary_large_image","twitter_creator":"@UnaYMilLetras","twitter_site":"@UnaYMilLetras","twitter_misc":{"Written by":"Mercedes Serrano","Estimated reading time":"3 minutes"},"schema":{"@context":"https:\/\/schema.org","@graph":[{"@type":"Article","@id":"https:\/\/unaymilletras.com\/manuel-carrasco-anuncia-cuatro-conciertos-en-la-cartuja-de-sevilla\/#article","isPartOf":{"@id":"https:\/\/unaymilletras.com\/manuel-carrasco-anuncia-cuatro-conciertos-en-la-cartuja-de-sevilla\/"},"author":{"name":"Mercedes Serrano","@id":"http:\/\/unaymilletras.com\/#\/schema\/person\/728c13b7395f2a11969bcfa356396dfd"},"headline":"Manuel Carrasco anuncia cuatro conciertos en La Cartuja de Sevilla","datePublished":"2025-12-11T16:33:32+00:00","dateModified":"2025-12-12T10:28:16+00:00","mainEntityOfPage":{"@id":"https:\/\/unaymilletras.com\/manuel-carrasco-anuncia-cuatro-conciertos-en-la-cartuja-de-sevilla\/"},"wordCount":595,"publisher":{"@id":"http:\/\/unaymilletras.com\/#organization"},"image":{"@id":"https:\/\/unaymilletras.com\/manuel-carrasco-anuncia-cuatro-conciertos-en-la-cartuja-de-sevilla\/#primaryimage"},"thumbnailUrl":"https:\/\/unaymilletras.com\/wp-content\/uploads\/2025\/12\/IMG_5627-e1765721956227.jpg","keywords":["Gira","La Cartuja","Manuel Carrasco","musica","Sevilla"],"articleSection":["M\u00fasica"],"inLanguage":"en-GB"},{"@type":"WebPage","@id":"https:\/\/unaymilletras.com\/manuel-carrasco-anuncia-cuatro-conciertos-en-la-cartuja-de-sevilla\/","url":"https:\/\/unaymilletras.com\/manuel-carrasco-anuncia-cuatro-conciertos-en-la-cartuja-de-sevilla\/","name":"Manuel Carrasco anuncia cuatro conciertos en La Cartuja de Sevilla &#8902; Una y Mil Letras","isPartOf":{"@id":"http:\/\/unaymilletras.com\/#website"},"primaryImageOfPage":{"@id":"https:\/\/unaymilletras.com\/manuel-carrasco-anuncia-cuatro-conciertos-en-la-cartuja-de-sevilla\/#primaryimage"},"image":{"@id":"https:\/\/unaymilletras.com\/manuel-carrasco-anuncia-cuatro-conciertos-en-la-cartuja-de-sevilla\/#primaryimage"},"thumbnailUrl":"https:\/\/unaymilletras.com\/wp-content\/uploads\/2025\/12\/IMG_5627-e1765721956227.jpg","datePublished":"2025-12-11T16:33:32+00:00","dateModified":"2025-12-12T10:28:16+00:00","breadcrumb":{"@id":"https:\/\/unaymilletras.com\/manuel-carrasco-anuncia-cuatro-conciertos-en-la-cartuja-de-sevilla\/#breadcrumb"},"inLanguage":"en-GB","potentialAction":[{"@type":"ReadAction","target":["https:\/\/unaymilletras.com\/manuel-carrasco-anuncia-cuatro-conciertos-en-la-cartuja-de-sevilla\/"]}]},{"@type":"ImageObject","inLanguage":"en-GB","@id":"https:\/\/unaymilletras.com\/manuel-carrasco-anuncia-cuatro-conciertos-en-la-cartuja-de-sevilla\/#primaryimage","url":"https:\/\/unaymilletras.com\/wp-content\/uploads\/2025\/12\/IMG_5627-e1765721956227.jpg","contentUrl":"https:\/\/unaymilletras.com\/wp-content\/uploads\/2025\/12\/IMG_5627-e1765721956227.jpg","width":600,"height":395,"caption":"Manuel Carrasco durante su \u00faltimo concierto en Sevilla | Fuente: Instagram @manuelcarrasco_"},{"@type":"BreadcrumbList","@id":"https:\/\/unaymilletras.com\/manuel-carrasco-anuncia-cuatro-conciertos-en-la-cartuja-de-sevilla\/#breadcrumb","itemListElement":[{"@type":"ListItem","position":1,"name":"Home","item":"http:\/\/unaymilletras.com\/"},{"@type":"ListItem","position":2,"name":"Manuel Carrasco anuncia cuatro conciertos en La Cartuja de Sevilla"}]},{"@type":"WebSite","@id":"http:\/\/unaymilletras.com\/#website","url":"http:\/\/unaymilletras.com\/","name":"Una y Mil Letras","description":"","publisher":{"@id":"http:\/\/unaymilletras.com\/#organization"},"potentialAction":[{"@type":"SearchAction","target":{"@type":"EntryPoint","urlTemplate":"http:\/\/unaymilletras.com\/?s={search_term_string}"},"query-input":{"@type":"PropertyValueSpecification","valueRequired":true,"valueName":"search_term_string"}}],"inLanguage":"en-GB"},{"@type":"Organization","@id":"http:\/\/unaymilletras.com\/#organization","name":"Una y Mil Letras","url":"http:\/\/unaymilletras.com\/","logo":{"@type":"ImageObject","inLanguage":"en-GB","@id":"http:\/\/unaymilletras.com\/#\/schema\/logo\/image\/","url":"https:\/\/unaymilletras.com\/wp-content\/uploads\/2024\/06\/cropped-Logo-removebg-preview.png","contentUrl":"https:\/\/unaymilletras.com\/wp-content\/uploads\/2024\/06\/cropped-Logo-removebg-preview.png","width":512,"height":512,"caption":"Una y Mil Letras"},"image":{"@id":"http:\/\/unaymilletras.com\/#\/schema\/logo\/image\/"},"sameAs":["https:\/\/x.com\/UnaYMilLetras","https:\/\/instagram.com\/UnaYMilLetras"]},{"@type":"Person","@id":"http:\/\/unaymilletras.com\/#\/schema\/person\/728c13b7395f2a11969bcfa356396dfd","name":"Mercedes Serrano","image":{"@type":"ImageObject","inLanguage":"en-GB","@id":"https:\/\/secure.gravatar.com\/avatar\/25fc1817bc872d5b7767664dc1798059e5cdc900520fd06f6182a99304f5ab67?s=96&d=mm&r=g","url":"https:\/\/secure.gravatar.com\/avatar\/25fc1817bc872d5b7767664dc1798059e5cdc900520fd06f6182a99304f5ab67?s=96&d=mm&r=g","contentUrl":"https:\/\/secure.gravatar.com\/avatar\/25fc1817bc872d5b7767664dc1798059e5cdc900520fd06f6182a99304f5ab67?s=96&d=mm&r=g","caption":"Mercedes Serrano"},"url":"https:\/\/unaymilletras.com\/en\/author\/merserrano\/"}]}},"_links":{"self":[{"href":"https:\/\/unaymilletras.com\/en\/wp-json\/wp\/v2\/posts\/6746","targetHints":{"allow":["GET"]}}],"collection":[{"href":"https:\/\/unaymilletras.com\/en\/wp-json\/wp\/v2\/posts"}],"about":[{"href":"https:\/\/unaymilletras.com\/en\/wp-json\/wp\/v2\/types\/post"}],"author":[{"embeddable":true,"href":"https:\/\/unaymilletras.com\/en\/wp-json\/wp\/v2\/users\/16"}],"replies":[{"embeddable":true,"href":"https:\/\/unaymilletras.com\/en\/wp-json\/wp\/v2\/comments?post=6746"}],"version-history":[{"count":7,"href":"https:\/\/unaymilletras.com\/en\/wp-json\/wp\/v2\/posts\/6746\/revisions"}],"predecessor-version":[{"id":6756,"href":"https:\/\/unaymilletras.com\/en\/wp-json\/wp\/v2\/posts\/6746\/revisions\/6756"}],"wp:featuredmedia":[{"embeddable":true,"href":"https:\/\/unaymilletras.com\/en\/wp-json\/wp\/v2\/media\/6749"}],"wp:attachment":[{"href":"https:\/\/unaymilletras.com\/en\/wp-json\/wp\/v2\/media?parent=6746"}],"wp:term":[{"taxonomy":"category","embeddable":true,"href":"https:\/\/unaymilletras.com\/en\/wp-json\/wp\/v2\/categories?post=6746"},{"taxonomy":"post_tag","embeddable":true,"href":"https:\/\/unaymilletras.com\/en\/wp-json\/wp\/v2\/tags?post=6746"}],"curies":[{"name":"wp","href":"https:\/\/api.w.org\/{rel}","templated":true}]}}