{"id":6757,"date":"2025-12-12T11:57:11","date_gmt":"2025-12-12T10:57:11","guid":{"rendered":"https:\/\/unaymilletras.com\/?p=6757"},"modified":"2025-12-12T12:00:19","modified_gmt":"2025-12-12T11:00:19","slug":"la-pantera-y-lucho-rk-sold-outs-fassilitos","status":"publish","type":"post","link":"https:\/\/unaymilletras.com\/en\/la-pantera-y-lucho-rk-sold-outs-fassilitos\/","title":{"rendered":"La Pantera y Lucho RK: Sold outs Fassilitos"},"content":{"rendered":"<div data-elementor-type=\"wp-post\" data-elementor-id=\"6757\" class=\"elementor elementor-6757\">\n\t\t\t\t\t\t<section class=\"elementor-section elementor-top-section elementor-element elementor-element-495be55 elementor-section-boxed elementor-section-height-default elementor-section-height-default\" data-id=\"495be55\" data-element_type=\"section\" data-e-type=\"section\">\n\t\t\t\t\t\t<div class=\"elementor-container elementor-column-gap-default\">\n\t\t\t\t\t<div class=\"elementor-column elementor-col-100 elementor-top-column elementor-element elementor-element-b53a6b1\" data-id=\"b53a6b1\" data-element_type=\"column\" data-e-type=\"column\">\n\t\t\t<div class=\"elementor-widget-wrap elementor-element-populated\">\n\t\t\t\t\t\t<div class=\"elementor-element elementor-element-c811e0e elementor-widget elementor-widget-text-editor\" data-id=\"c811e0e\" data-element_type=\"widget\" data-e-type=\"widget\" data-widget_type=\"text-editor.default\">\n\t\t\t\t<div class=\"elementor-widget-container\">\n\t\t\t\t\t\t\t\t\t<h2 class=\"p1\" style=\"text-align: center;\"><span style=\"color: #808080;\"><em>Febrero ser\u00e1 el mes en el que La Pantera y Lucho RK recorran Espa\u00f1a con su gira conjunta<\/em><\/span><\/h2>\t\t\t\t\t\t\t\t<\/div>\n\t\t\t\t<\/div>\n\t\t\t\t\t<\/div>\n\t\t<\/div>\n\t\t\t\t\t<\/div>\n\t\t<\/section>\n\t\t\t\t<section class=\"elementor-section elementor-top-section elementor-element elementor-element-ddc44da elementor-section-boxed elementor-section-height-default elementor-section-height-default\" data-id=\"ddc44da\" data-element_type=\"section\" data-e-type=\"section\">\n\t\t\t\t\t\t<div class=\"elementor-container elementor-column-gap-default\">\n\t\t\t\t\t<div class=\"elementor-column elementor-col-100 elementor-top-column elementor-element elementor-element-f2e1cff\" data-id=\"f2e1cff\" data-element_type=\"column\" data-e-type=\"column\">\n\t\t\t<div class=\"elementor-widget-wrap elementor-element-populated\">\n\t\t\t\t\t\t<div class=\"elementor-element elementor-element-91bb08f elementor-widget elementor-widget-text-editor\" data-id=\"91bb08f\" data-element_type=\"widget\" data-e-type=\"widget\" data-widget_type=\"text-editor.default\">\n\t\t\t\t<div class=\"elementor-widget-container\">\n\t\t\t\t\t\t\t\t\t<p class=\"p1\">Tras estrenar <strong><em>Ta F\u00e1cil<\/em><\/strong>, su EP conjunto, Lucho Rk y La Pantera hac\u00edan un directo juntos en el que daban pistas de lo que se ven\u00eda. Por si quedaban dudas, el s\u00e1bado pasado Lucho avisaba de que estuvi\u00e9semos atentos la siguiente semana, que se ve\u00eda algo. Y no se hicieron de rogar.<\/p>\t\t\t\t\t\t\t\t<\/div>\n\t\t\t\t<\/div>\n\t\t\t\t\t<\/div>\n\t\t<\/div>\n\t\t\t\t\t<\/div>\n\t\t<\/section>\n\t\t\t\t<section class=\"elementor-section elementor-top-section elementor-element elementor-element-051f943 elementor-section-boxed elementor-section-height-default elementor-section-height-default\" data-id=\"051f943\" data-element_type=\"section\" data-e-type=\"section\">\n\t\t\t\t\t\t<div class=\"elementor-container elementor-column-gap-default\">\n\t\t\t\t\t<div class=\"elementor-column elementor-col-50 elementor-top-column elementor-element elementor-element-749ff8d\" data-id=\"749ff8d\" data-element_type=\"column\" data-e-type=\"column\">\n\t\t\t<div class=\"elementor-widget-wrap elementor-element-populated\">\n\t\t\t\t\t\t<div class=\"elementor-element elementor-element-125ea4a elementor-widget elementor-widget-text-editor\" data-id=\"125ea4a\" data-element_type=\"widget\" data-e-type=\"widget\" data-widget_type=\"text-editor.default\">\n\t\t\t\t<div class=\"elementor-widget-container\">\n\t\t\t\t\t\t\t\t\t<p class=\"p1\">El mi\u00e9rcoles anunciaban las cuatro fechas que formar\u00edan este peque\u00f1o tour <b><i>Fassilito<\/i><\/b>. El 14 de febrero celebraremos San Valent\u00edn en el Palacio Vistalegre de Madrid; 19 de febrero iremos hasta Bilbao para ver el show en Santana 27; 6 d\u00edas despu\u00e9s estar\u00e1n en la sala Razzmatazz de Barcelona; y terminaremos el 27 en la sala Pandora de Sevilla.<\/p>\n<p class=\"p1\">Las entradas se agotaron al instante, lo que enfad\u00f3 a muchos usuarios. Varias personas que quisieron entrar con tiempo a la web en cuanto accedieron a la parte de seleccionar entradas ya aparec\u00eda todo agotado. Sin duda, las ganas que hab\u00eda de este tour eran insanas. Sold outs fassilitos.<\/p>\t\t\t\t\t\t\t\t<\/div>\n\t\t\t\t<\/div>\n\t\t\t\t\t<\/div>\n\t\t<\/div>\n\t\t\t\t<div class=\"elementor-column elementor-col-50 elementor-top-column elementor-element elementor-element-205ab2a\" data-id=\"205ab2a\" data-element_type=\"column\" data-e-type=\"column\">\n\t\t\t<div class=\"elementor-widget-wrap elementor-element-populated\">\n\t\t\t\t\t\t<div class=\"elementor-element elementor-element-154557f elementor-widget elementor-widget-image\" data-id=\"154557f\" data-element_type=\"widget\" data-e-type=\"widget\" data-widget_type=\"image.default\">\n\t\t\t\t<div class=\"elementor-widget-container\">\n\t\t\t\t\t\t\t\t\t\t\t\t\t\t\t<img fetchpriority=\"high\" decoding=\"async\" width=\"640\" height=\"800\" src=\"https:\/\/unaymilletras.com\/wp-content\/uploads\/2025\/12\/1080X1350-GENERICO-LOGOS-819x1024.jpg\" class=\"attachment-large size-large wp-image-6759\" alt=\"Lucho RK y La Pantera\" srcset=\"https:\/\/unaymilletras.com\/wp-content\/uploads\/2025\/12\/1080X1350-GENERICO-LOGOS-819x1024.jpg 819w, https:\/\/unaymilletras.com\/wp-content\/uploads\/2025\/12\/1080X1350-GENERICO-LOGOS-240x300.jpg 240w, https:\/\/unaymilletras.com\/wp-content\/uploads\/2025\/12\/1080X1350-GENERICO-LOGOS-768x960.jpg 768w, https:\/\/unaymilletras.com\/wp-content\/uploads\/2025\/12\/1080X1350-GENERICO-LOGOS-10x12.jpg 10w, https:\/\/unaymilletras.com\/wp-content\/uploads\/2025\/12\/1080X1350-GENERICO-LOGOS-1024x1280.jpg 1024w, https:\/\/unaymilletras.com\/wp-content\/uploads\/2025\/12\/1080X1350-GENERICO-LOGOS-e1765537125624.jpg 600w\" sizes=\"(max-width: 640px) 100vw, 640px\" \/>\t\t\t\t\t\t\t\t\t\t\t\t\t\t\t<\/div>\n\t\t\t\t<\/div>\n\t\t\t\t\t<\/div>\n\t\t<\/div>\n\t\t\t\t\t<\/div>\n\t\t<\/section>\n\t\t\t\t<section class=\"elementor-section elementor-top-section elementor-element elementor-element-ce966a9 elementor-section-boxed elementor-section-height-default elementor-section-height-default\" data-id=\"ce966a9\" data-element_type=\"section\" data-e-type=\"section\">\n\t\t\t\t\t\t<div class=\"elementor-container elementor-column-gap-default\">\n\t\t\t\t\t<div class=\"elementor-column elementor-col-100 elementor-top-column elementor-element elementor-element-2d0a18b\" data-id=\"2d0a18b\" data-element_type=\"column\" data-e-type=\"column\">\n\t\t\t<div class=\"elementor-widget-wrap elementor-element-populated\">\n\t\t\t\t\t\t<div class=\"elementor-element elementor-element-765ea43 elementor-widget elementor-widget-text-editor\" data-id=\"765ea43\" data-element_type=\"widget\" data-e-type=\"widget\" data-widget_type=\"text-editor.default\">\n\t\t\t\t<div class=\"elementor-widget-container\">\n\t\t\t\t\t\t\t\t\t<p class=\"p1\">Fue tal la demanda que en Barcelona tuvieron que a\u00f1adir una nueva fecha, el 26 de febrero en el mismo recinto. Por su parte, en Madrid hicieron tres ampliaciones de gradas para que pudiese acudir el m\u00e1ximo n\u00famero de personas posible. Una venta tan r\u00e1pida que ni los propios fans esperaban.<\/p><p class=\"p1\">Este junte era algo que la gente esperaba con ansias. Despu\u00e9s de haber colaborado en varias ocasiones y que los temas fuesen un \u00e9xito, quisieron darle algo m\u00e1s grande a sus seguidores. Dos de los artistas m\u00e1s prometedores del panorama espa\u00f1ol actual. Tanto lo esperaban que muchas de las canciones entraron directas al Top 50 Espa\u00f1a.<\/p><p class=\"p1\">Pero\u2026 \u00bfy las islas?<\/p>\t\t\t\t\t\t\t\t<\/div>\n\t\t\t\t<\/div>\n\t\t\t\t\t<\/div>\n\t\t<\/div>\n\t\t\t\t\t<\/div>\n\t\t<\/section>\n\t\t\t\t<\/div>","protected":false},"excerpt":{"rendered":"<p>Febrero ser\u00e1 el mes en el que La Pantera y Lucho RK recorran Espa\u00f1a con su gira conjunta Tras estrenar Ta F\u00e1cil, su EP conjunto, Lucho Rk y La Pantera hac\u00edan un directo juntos en el que daban pistas de lo que se ven\u00eda. Por si quedaban dudas, el s\u00e1bado pasado Lucho avisaba de que [&hellip;]<\/p>\n","protected":false},"author":1,"featured_media":6759,"comment_status":"closed","ping_status":"closed","sticky":false,"template":"","format":"standard","meta":{"footnotes":""},"categories":[4],"tags":[],"class_list":["post-6757","post","type-post","status-publish","format-standard","has-post-thumbnail","hentry","category-musica"],"yoast_head":"<!-- This site is optimized with the Yoast SEO plugin v27.4 - https:\/\/yoast.com\/product\/yoast-seo-wordpress\/ -->\n<title>La Pantera y Lucho RK: Sold outs Fassilitos<\/title>\n<meta name=\"description\" content=\"Febrero ser\u00e1 el mes en el que La Pantera y Lucho RK recorrer\u00e1n Espa\u00f1a en cinco fechas con su gira conjunta\" \/>\n<meta name=\"robots\" content=\"index, follow, max-snippet:-1, max-image-preview:large, max-video-preview:-1\" \/>\n<link rel=\"canonical\" href=\"https:\/\/unaymilletras.com\/en\/la-pantera-y-lucho-rk-sold-outs-fassilitos\/\" \/>\n<meta property=\"og:locale\" content=\"en_GB\" \/>\n<meta property=\"og:type\" content=\"article\" \/>\n<meta property=\"og:title\" content=\"La Pantera y Lucho RK: Sold outs Fassilitos\" \/>\n<meta property=\"og:description\" content=\"Febrero ser\u00e1 el mes en el que La Pantera y Lucho RK recorrer\u00e1n Espa\u00f1a en cinco fechas con su gira conjunta\" \/>\n<meta property=\"og:url\" content=\"https:\/\/unaymilletras.com\/en\/la-pantera-y-lucho-rk-sold-outs-fassilitos\/\" \/>\n<meta property=\"og:site_name\" content=\"Una y Mil Letras\" \/>\n<meta property=\"article:published_time\" content=\"2025-12-12T10:57:11+00:00\" \/>\n<meta property=\"article:modified_time\" content=\"2025-12-12T11:00:19+00:00\" \/>\n<meta property=\"og:image\" content=\"http:\/\/unaymilletras.com\/wp-content\/uploads\/2025\/12\/1080X1350-GENERICO-LOGOS-e1765537125624.jpg\" \/>\n\t<meta property=\"og:image:width\" content=\"600\" \/>\n\t<meta property=\"og:image:height\" content=\"750\" \/>\n\t<meta property=\"og:image:type\" content=\"image\/jpeg\" \/>\n<meta name=\"author\" content=\"Maria Gil Robledo\" \/>\n<meta name=\"twitter:card\" content=\"summary_large_image\" \/>\n<meta name=\"twitter:creator\" content=\"@UnaYMilLetras\" \/>\n<meta name=\"twitter:site\" content=\"@UnaYMilLetras\" \/>\n<meta name=\"twitter:label1\" content=\"Written by\" \/>\n\t<meta name=\"twitter:data1\" content=\"Maria Gil Robledo\" \/>\n\t<meta name=\"twitter:label2\" content=\"Estimated reading time\" \/>\n\t<meta name=\"twitter:data2\" content=\"2 minutes\" \/>\n<script type=\"application\/ld+json\" class=\"yoast-schema-graph\">{\"@context\":\"https:\\\/\\\/schema.org\",\"@graph\":[{\"@type\":\"Article\",\"@id\":\"https:\\\/\\\/unaymilletras.com\\\/la-pantera-y-lucho-rk-sold-outs-fassilitos\\\/#article\",\"isPartOf\":{\"@id\":\"https:\\\/\\\/unaymilletras.com\\\/la-pantera-y-lucho-rk-sold-outs-fassilitos\\\/\"},\"author\":{\"name\":\"Maria Gil Robledo\",\"@id\":\"http:\\\/\\\/unaymilletras.com\\\/#\\\/schema\\\/person\\\/d55ba681b8a4e463d8982dbe36a5dc94\"},\"headline\":\"La Pantera y Lucho RK: Sold outs Fassilitos\",\"datePublished\":\"2025-12-12T10:57:11+00:00\",\"dateModified\":\"2025-12-12T11:00:19+00:00\",\"mainEntityOfPage\":{\"@id\":\"https:\\\/\\\/unaymilletras.com\\\/la-pantera-y-lucho-rk-sold-outs-fassilitos\\\/\"},\"wordCount\":314,\"publisher\":{\"@id\":\"http:\\\/\\\/unaymilletras.com\\\/#organization\"},\"image\":{\"@id\":\"https:\\\/\\\/unaymilletras.com\\\/la-pantera-y-lucho-rk-sold-outs-fassilitos\\\/#primaryimage\"},\"thumbnailUrl\":\"https:\\\/\\\/unaymilletras.com\\\/wp-content\\\/uploads\\\/2025\\\/12\\\/1080X1350-GENERICO-LOGOS-e1765537125624.jpg\",\"articleSection\":[\"M\u00fasica\"],\"inLanguage\":\"en-GB\"},{\"@type\":\"WebPage\",\"@id\":\"https:\\\/\\\/unaymilletras.com\\\/la-pantera-y-lucho-rk-sold-outs-fassilitos\\\/\",\"url\":\"https:\\\/\\\/unaymilletras.com\\\/la-pantera-y-lucho-rk-sold-outs-fassilitos\\\/\",\"name\":\"La Pantera y Lucho RK: Sold outs Fassilitos\",\"isPartOf\":{\"@id\":\"http:\\\/\\\/unaymilletras.com\\\/#website\"},\"primaryImageOfPage\":{\"@id\":\"https:\\\/\\\/unaymilletras.com\\\/la-pantera-y-lucho-rk-sold-outs-fassilitos\\\/#primaryimage\"},\"image\":{\"@id\":\"https:\\\/\\\/unaymilletras.com\\\/la-pantera-y-lucho-rk-sold-outs-fassilitos\\\/#primaryimage\"},\"thumbnailUrl\":\"https:\\\/\\\/unaymilletras.com\\\/wp-content\\\/uploads\\\/2025\\\/12\\\/1080X1350-GENERICO-LOGOS-e1765537125624.jpg\",\"datePublished\":\"2025-12-12T10:57:11+00:00\",\"dateModified\":\"2025-12-12T11:00:19+00:00\",\"description\":\"Febrero ser\u00e1 el mes en el que La Pantera y Lucho RK recorrer\u00e1n Espa\u00f1a en cinco fechas con su gira conjunta\",\"breadcrumb\":{\"@id\":\"https:\\\/\\\/unaymilletras.com\\\/la-pantera-y-lucho-rk-sold-outs-fassilitos\\\/#breadcrumb\"},\"inLanguage\":\"en-GB\",\"potentialAction\":[{\"@type\":\"ReadAction\",\"target\":[\"https:\\\/\\\/unaymilletras.com\\\/la-pantera-y-lucho-rk-sold-outs-fassilitos\\\/\"]}]},{\"@type\":\"ImageObject\",\"inLanguage\":\"en-GB\",\"@id\":\"https:\\\/\\\/unaymilletras.com\\\/la-pantera-y-lucho-rk-sold-outs-fassilitos\\\/#primaryimage\",\"url\":\"https:\\\/\\\/unaymilletras.com\\\/wp-content\\\/uploads\\\/2025\\\/12\\\/1080X1350-GENERICO-LOGOS-e1765537125624.jpg\",\"contentUrl\":\"https:\\\/\\\/unaymilletras.com\\\/wp-content\\\/uploads\\\/2025\\\/12\\\/1080X1350-GENERICO-LOGOS-e1765537125624.jpg\",\"width\":600,\"height\":750,\"caption\":\"Lucho RK y La Pantera\"},{\"@type\":\"BreadcrumbList\",\"@id\":\"https:\\\/\\\/unaymilletras.com\\\/la-pantera-y-lucho-rk-sold-outs-fassilitos\\\/#breadcrumb\",\"itemListElement\":[{\"@type\":\"ListItem\",\"position\":1,\"name\":\"Home\",\"item\":\"http:\\\/\\\/unaymilletras.com\\\/\"},{\"@type\":\"ListItem\",\"position\":2,\"name\":\"La Pantera y Lucho RK: Sold outs Fassilitos\"}]},{\"@type\":\"WebSite\",\"@id\":\"http:\\\/\\\/unaymilletras.com\\\/#website\",\"url\":\"http:\\\/\\\/unaymilletras.com\\\/\",\"name\":\"Una y Mil Letras\",\"description\":\"\",\"publisher\":{\"@id\":\"http:\\\/\\\/unaymilletras.com\\\/#organization\"},\"potentialAction\":[{\"@type\":\"SearchAction\",\"target\":{\"@type\":\"EntryPoint\",\"urlTemplate\":\"http:\\\/\\\/unaymilletras.com\\\/?s={search_term_string}\"},\"query-input\":{\"@type\":\"PropertyValueSpecification\",\"valueRequired\":true,\"valueName\":\"search_term_string\"}}],\"inLanguage\":\"en-GB\"},{\"@type\":\"Organization\",\"@id\":\"http:\\\/\\\/unaymilletras.com\\\/#organization\",\"name\":\"Una y Mil Letras\",\"url\":\"http:\\\/\\\/unaymilletras.com\\\/\",\"logo\":{\"@type\":\"ImageObject\",\"inLanguage\":\"en-GB\",\"@id\":\"http:\\\/\\\/unaymilletras.com\\\/#\\\/schema\\\/logo\\\/image\\\/\",\"url\":\"https:\\\/\\\/unaymilletras.com\\\/wp-content\\\/uploads\\\/2024\\\/06\\\/cropped-Logo-removebg-preview.png\",\"contentUrl\":\"https:\\\/\\\/unaymilletras.com\\\/wp-content\\\/uploads\\\/2024\\\/06\\\/cropped-Logo-removebg-preview.png\",\"width\":512,\"height\":512,\"caption\":\"Una y Mil Letras\"},\"image\":{\"@id\":\"http:\\\/\\\/unaymilletras.com\\\/#\\\/schema\\\/logo\\\/image\\\/\"},\"sameAs\":[\"https:\\\/\\\/x.com\\\/UnaYMilLetras\",\"https:\\\/\\\/instagram.com\\\/UnaYMilLetras\"]},{\"@type\":\"Person\",\"@id\":\"http:\\\/\\\/unaymilletras.com\\\/#\\\/schema\\\/person\\\/d55ba681b8a4e463d8982dbe36a5dc94\",\"name\":\"Maria Gil Robledo\",\"image\":{\"@type\":\"ImageObject\",\"inLanguage\":\"en-GB\",\"@id\":\"https:\\\/\\\/secure.gravatar.com\\\/avatar\\\/4b8e5102e0015789407eb4870b12f0f2857952d83ca124058f92b764bd1840c3?s=96&d=mm&r=g\",\"url\":\"https:\\\/\\\/secure.gravatar.com\\\/avatar\\\/4b8e5102e0015789407eb4870b12f0f2857952d83ca124058f92b764bd1840c3?s=96&d=mm&r=g\",\"contentUrl\":\"https:\\\/\\\/secure.gravatar.com\\\/avatar\\\/4b8e5102e0015789407eb4870b12f0f2857952d83ca124058f92b764bd1840c3?s=96&d=mm&r=g\",\"caption\":\"Maria Gil Robledo\"},\"sameAs\":[\"http:\\\/\\\/unaymilletras.com\"],\"url\":\"https:\\\/\\\/unaymilletras.com\\\/en\\\/author\\\/mariiagiil02_\\\/\"}]}<\/script>\n<!-- \/ Yoast SEO plugin. -->","yoast_head_json":{"title":"La Pantera y Lucho RK: Sold outs Fassilitos","description":"Febrero ser\u00e1 el mes en el que La Pantera y Lucho RK recorrer\u00e1n Espa\u00f1a en cinco fechas con su gira conjunta","robots":{"index":"index","follow":"follow","max-snippet":"max-snippet:-1","max-image-preview":"max-image-preview:large","max-video-preview":"max-video-preview:-1"},"canonical":"https:\/\/unaymilletras.com\/en\/la-pantera-y-lucho-rk-sold-outs-fassilitos\/","og_locale":"en_GB","og_type":"article","og_title":"La Pantera y Lucho RK: Sold outs Fassilitos","og_description":"Febrero ser\u00e1 el mes en el que La Pantera y Lucho RK recorrer\u00e1n Espa\u00f1a en cinco fechas con su gira conjunta","og_url":"https:\/\/unaymilletras.com\/en\/la-pantera-y-lucho-rk-sold-outs-fassilitos\/","og_site_name":"Una y Mil Letras","article_published_time":"2025-12-12T10:57:11+00:00","article_modified_time":"2025-12-12T11:00:19+00:00","og_image":[{"width":600,"height":750,"url":"http:\/\/unaymilletras.com\/wp-content\/uploads\/2025\/12\/1080X1350-GENERICO-LOGOS-e1765537125624.jpg","type":"image\/jpeg"}],"author":"Maria Gil Robledo","twitter_card":"summary_large_image","twitter_creator":"@UnaYMilLetras","twitter_site":"@UnaYMilLetras","twitter_misc":{"Written by":"Maria Gil Robledo","Estimated reading time":"2 minutes"},"schema":{"@context":"https:\/\/schema.org","@graph":[{"@type":"Article","@id":"https:\/\/unaymilletras.com\/la-pantera-y-lucho-rk-sold-outs-fassilitos\/#article","isPartOf":{"@id":"https:\/\/unaymilletras.com\/la-pantera-y-lucho-rk-sold-outs-fassilitos\/"},"author":{"name":"Maria Gil Robledo","@id":"http:\/\/unaymilletras.com\/#\/schema\/person\/d55ba681b8a4e463d8982dbe36a5dc94"},"headline":"La Pantera y Lucho RK: Sold outs Fassilitos","datePublished":"2025-12-12T10:57:11+00:00","dateModified":"2025-12-12T11:00:19+00:00","mainEntityOfPage":{"@id":"https:\/\/unaymilletras.com\/la-pantera-y-lucho-rk-sold-outs-fassilitos\/"},"wordCount":314,"publisher":{"@id":"http:\/\/unaymilletras.com\/#organization"},"image":{"@id":"https:\/\/unaymilletras.com\/la-pantera-y-lucho-rk-sold-outs-fassilitos\/#primaryimage"},"thumbnailUrl":"https:\/\/unaymilletras.com\/wp-content\/uploads\/2025\/12\/1080X1350-GENERICO-LOGOS-e1765537125624.jpg","articleSection":["M\u00fasica"],"inLanguage":"en-GB"},{"@type":"WebPage","@id":"https:\/\/unaymilletras.com\/la-pantera-y-lucho-rk-sold-outs-fassilitos\/","url":"https:\/\/unaymilletras.com\/la-pantera-y-lucho-rk-sold-outs-fassilitos\/","name":"La Pantera y Lucho RK: Sold outs Fassilitos","isPartOf":{"@id":"http:\/\/unaymilletras.com\/#website"},"primaryImageOfPage":{"@id":"https:\/\/unaymilletras.com\/la-pantera-y-lucho-rk-sold-outs-fassilitos\/#primaryimage"},"image":{"@id":"https:\/\/unaymilletras.com\/la-pantera-y-lucho-rk-sold-outs-fassilitos\/#primaryimage"},"thumbnailUrl":"https:\/\/unaymilletras.com\/wp-content\/uploads\/2025\/12\/1080X1350-GENERICO-LOGOS-e1765537125624.jpg","datePublished":"2025-12-12T10:57:11+00:00","dateModified":"2025-12-12T11:00:19+00:00","description":"Febrero ser\u00e1 el mes en el que La Pantera y Lucho RK recorrer\u00e1n Espa\u00f1a en cinco fechas con su gira conjunta","breadcrumb":{"@id":"https:\/\/unaymilletras.com\/la-pantera-y-lucho-rk-sold-outs-fassilitos\/#breadcrumb"},"inLanguage":"en-GB","potentialAction":[{"@type":"ReadAction","target":["https:\/\/unaymilletras.com\/la-pantera-y-lucho-rk-sold-outs-fassilitos\/"]}]},{"@type":"ImageObject","inLanguage":"en-GB","@id":"https:\/\/unaymilletras.com\/la-pantera-y-lucho-rk-sold-outs-fassilitos\/#primaryimage","url":"https:\/\/unaymilletras.com\/wp-content\/uploads\/2025\/12\/1080X1350-GENERICO-LOGOS-e1765537125624.jpg","contentUrl":"https:\/\/unaymilletras.com\/wp-content\/uploads\/2025\/12\/1080X1350-GENERICO-LOGOS-e1765537125624.jpg","width":600,"height":750,"caption":"Lucho RK y La Pantera"},{"@type":"BreadcrumbList","@id":"https:\/\/unaymilletras.com\/la-pantera-y-lucho-rk-sold-outs-fassilitos\/#breadcrumb","itemListElement":[{"@type":"ListItem","position":1,"name":"Home","item":"http:\/\/unaymilletras.com\/"},{"@type":"ListItem","position":2,"name":"La Pantera y Lucho RK: Sold outs Fassilitos"}]},{"@type":"WebSite","@id":"http:\/\/unaymilletras.com\/#website","url":"http:\/\/unaymilletras.com\/","name":"Una y Mil Letras","description":"","publisher":{"@id":"http:\/\/unaymilletras.com\/#organization"},"potentialAction":[{"@type":"SearchAction","target":{"@type":"EntryPoint","urlTemplate":"http:\/\/unaymilletras.com\/?s={search_term_string}"},"query-input":{"@type":"PropertyValueSpecification","valueRequired":true,"valueName":"search_term_string"}}],"inLanguage":"en-GB"},{"@type":"Organization","@id":"http:\/\/unaymilletras.com\/#organization","name":"Una y Mil Letras","url":"http:\/\/unaymilletras.com\/","logo":{"@type":"ImageObject","inLanguage":"en-GB","@id":"http:\/\/unaymilletras.com\/#\/schema\/logo\/image\/","url":"https:\/\/unaymilletras.com\/wp-content\/uploads\/2024\/06\/cropped-Logo-removebg-preview.png","contentUrl":"https:\/\/unaymilletras.com\/wp-content\/uploads\/2024\/06\/cropped-Logo-removebg-preview.png","width":512,"height":512,"caption":"Una y Mil Letras"},"image":{"@id":"http:\/\/unaymilletras.com\/#\/schema\/logo\/image\/"},"sameAs":["https:\/\/x.com\/UnaYMilLetras","https:\/\/instagram.com\/UnaYMilLetras"]},{"@type":"Person","@id":"http:\/\/unaymilletras.com\/#\/schema\/person\/d55ba681b8a4e463d8982dbe36a5dc94","name":"Maria Gil Robledo","image":{"@type":"ImageObject","inLanguage":"en-GB","@id":"https:\/\/secure.gravatar.com\/avatar\/4b8e5102e0015789407eb4870b12f0f2857952d83ca124058f92b764bd1840c3?s=96&d=mm&r=g","url":"https:\/\/secure.gravatar.com\/avatar\/4b8e5102e0015789407eb4870b12f0f2857952d83ca124058f92b764bd1840c3?s=96&d=mm&r=g","contentUrl":"https:\/\/secure.gravatar.com\/avatar\/4b8e5102e0015789407eb4870b12f0f2857952d83ca124058f92b764bd1840c3?s=96&d=mm&r=g","caption":"Maria Gil Robledo"},"sameAs":["http:\/\/unaymilletras.com"],"url":"https:\/\/unaymilletras.com\/en\/author\/mariiagiil02_\/"}]}},"_links":{"self":[{"href":"https:\/\/unaymilletras.com\/en\/wp-json\/wp\/v2\/posts\/6757","targetHints":{"allow":["GET"]}}],"collection":[{"href":"https:\/\/unaymilletras.com\/en\/wp-json\/wp\/v2\/posts"}],"about":[{"href":"https:\/\/unaymilletras.com\/en\/wp-json\/wp\/v2\/types\/post"}],"author":[{"embeddable":true,"href":"https:\/\/unaymilletras.com\/en\/wp-json\/wp\/v2\/users\/1"}],"replies":[{"embeddable":true,"href":"https:\/\/unaymilletras.com\/en\/wp-json\/wp\/v2\/comments?post=6757"}],"version-history":[{"count":7,"href":"https:\/\/unaymilletras.com\/en\/wp-json\/wp\/v2\/posts\/6757\/revisions"}],"predecessor-version":[{"id":6765,"href":"https:\/\/unaymilletras.com\/en\/wp-json\/wp\/v2\/posts\/6757\/revisions\/6765"}],"wp:featuredmedia":[{"embeddable":true,"href":"https:\/\/unaymilletras.com\/en\/wp-json\/wp\/v2\/media\/6759"}],"wp:attachment":[{"href":"https:\/\/unaymilletras.com\/en\/wp-json\/wp\/v2\/media?parent=6757"}],"wp:term":[{"taxonomy":"category","embeddable":true,"href":"https:\/\/unaymilletras.com\/en\/wp-json\/wp\/v2\/categories?post=6757"},{"taxonomy":"post_tag","embeddable":true,"href":"https:\/\/unaymilletras.com\/en\/wp-json\/wp\/v2\/tags?post=6757"}],"curies":[{"name":"wp","href":"https:\/\/api.w.org\/{rel}","templated":true}]}}