{"id":6766,"date":"2025-12-12T16:30:00","date_gmt":"2025-12-12T15:30:00","guid":{"rendered":"https:\/\/unaymilletras.com\/?p=6766"},"modified":"2025-12-12T12:23:41","modified_gmt":"2025-12-12T11:23:41","slug":"jader-debuta-con-lo-que-nos-paso-un-ep-que-confirma-su-llegada-a-la-escena-urbana-espanola","status":"publish","type":"post","link":"https:\/\/unaymilletras.com\/en\/jader-debuta-con-lo-que-nos-paso-un-ep-que-confirma-su-llegada-a-la-escena-urbana-espanola\/","title":{"rendered":"Jader debuta con Lo Que No(S) Pas\u00f3, un EP que confirma su llegada a la escena urbana espa\u00f1ola"},"content":{"rendered":"<div data-elementor-type=\"wp-post\" data-elementor-id=\"6766\" class=\"elementor elementor-6766\">\n\t\t\t\t\t\t<section class=\"elementor-section elementor-top-section elementor-element elementor-element-eebdc8c elementor-section-boxed elementor-section-height-default elementor-section-height-default\" data-id=\"eebdc8c\" data-element_type=\"section\" data-e-type=\"section\">\n\t\t\t\t\t\t<div class=\"elementor-container elementor-column-gap-default\">\n\t\t\t\t\t<div class=\"elementor-column elementor-col-100 elementor-top-column elementor-element elementor-element-77f1e84\" data-id=\"77f1e84\" data-element_type=\"column\" data-e-type=\"column\">\n\t\t\t<div class=\"elementor-widget-wrap elementor-element-populated\">\n\t\t\t\t\t\t<div class=\"elementor-element elementor-element-b8f77dd elementor-widget elementor-widget-text-editor\" data-id=\"b8f77dd\" data-element_type=\"widget\" data-e-type=\"widget\" data-widget_type=\"text-editor.default\">\n\t\t\t\t<div class=\"elementor-widget-container\">\n\t\t\t\t\t\t\t\t\t<h2 style=\"text-align: center;\"><span style=\"color: #808080;\"><em>El artista venezolano presenta un proyecto emocional que recorre las fases de una relaci\u00f3n y consolida su nueva etapa musical<\/em><\/span><\/h2>\t\t\t\t\t\t\t\t<\/div>\n\t\t\t\t<\/div>\n\t\t\t\t\t<\/div>\n\t\t<\/div>\n\t\t\t\t\t<\/div>\n\t\t<\/section>\n\t\t\t\t<section class=\"elementor-section elementor-top-section elementor-element elementor-element-1f752d5 elementor-section-boxed elementor-section-height-default elementor-section-height-default\" data-id=\"1f752d5\" data-element_type=\"section\" data-e-type=\"section\">\n\t\t\t\t\t\t<div class=\"elementor-container elementor-column-gap-default\">\n\t\t\t\t\t<div class=\"elementor-column elementor-col-100 elementor-top-column elementor-element elementor-element-3ef421f\" data-id=\"3ef421f\" data-element_type=\"column\" data-e-type=\"column\">\n\t\t\t<div class=\"elementor-widget-wrap elementor-element-populated\">\n\t\t\t\t\t\t<div class=\"elementor-element elementor-element-38016b7 elementor-widget elementor-widget-text-editor\" data-id=\"38016b7\" data-element_type=\"widget\" data-e-type=\"widget\" data-widget_type=\"text-editor.default\">\n\t\t\t\t<div class=\"elementor-widget-container\">\n\t\t\t\t\t\t\t\t\t<p>Jader da un paso decisivo en su carrera con <em data-start=\"582\" data-end=\"602\">Lo Que No (S) Pas\u00f3<\/em>, su primer EP, un trabajo de cinco canciones donde convierte la historia de una relaci\u00f3n en un recorrido emocional que va de la euforia inicial a la aceptaci\u00f3n final. El artista venezolano, afincado en las Islas Canarias desde hace a\u00f1os, se posiciona con este proyecto como una de las nuevas voces m\u00e1s prometedoras dentro de la m\u00fasica urbana en Espa\u00f1a.<\/p>\t\t\t\t\t\t\t\t<\/div>\n\t\t\t\t<\/div>\n\t\t\t\t\t<\/div>\n\t\t<\/div>\n\t\t\t\t\t<\/div>\n\t\t<\/section>\n\t\t\t\t<section class=\"elementor-section elementor-top-section elementor-element elementor-element-ebe17da elementor-section-boxed elementor-section-height-default elementor-section-height-default\" data-id=\"ebe17da\" data-element_type=\"section\" data-e-type=\"section\">\n\t\t\t\t\t\t<div class=\"elementor-container elementor-column-gap-default\">\n\t\t\t\t\t<div class=\"elementor-column elementor-col-66 elementor-top-column elementor-element elementor-element-30617c8\" data-id=\"30617c8\" data-element_type=\"column\" data-e-type=\"column\">\n\t\t\t<div class=\"elementor-widget-wrap elementor-element-populated\">\n\t\t\t\t\t\t<div class=\"elementor-element elementor-element-fd5985a elementor-widget elementor-widget-text-editor\" data-id=\"fd5985a\" data-element_type=\"widget\" data-e-type=\"widget\" data-widget_type=\"text-editor.default\">\n\t\t\t\t<div class=\"elementor-widget-container\">\n\t\t\t\t\t\t\t\t\t<p data-start=\"957\" data-end=\"1398\">El EP se construye como una l\u00ednea de tiempo del amor. Comienza con <em data-start=\"1024\" data-end=\"1034\">Facetime<\/em>, un tema que captura la energ\u00eda del inicio, esa etapa donde la conexi\u00f3n es tan intensa que hablar con la otra persona se convierte en el mejor momento del d\u00eda. La historia avanza con <em data-start=\"1218\" data-end=\"1226\">IB1624<\/em>, donde la distancia y el desgaste empiezan a tomar protagonismo. Ambas canciones han sido compuestas junto a La Pantera, uno de los creadores clave de la nueva ola urbana.<\/p><p data-start=\"1400\" data-end=\"1860\">El relato contin\u00faa con <em data-start=\"1423\" data-end=\"1438\">Playa Para\u00edso<\/em>, que refleja el instante en el que una simple fotograf\u00eda es suficiente para comprobar que el sentimiento sigue vivo, incluso despu\u00e9s de la separaci\u00f3n. M\u00e1s adelante llega <em data-start=\"1609\" data-end=\"1626\">Sol de Amadores<\/em>, una pieza que aborda la inseguridad desde la perspectiva de un hombre que comparte su vida con una mujer expuesta p\u00fablicamente. La canci\u00f3n fue escrita junto a Quevedo, lo que a\u00f1ade un peso emocional y narrativo especial al proyecto.<\/p>\t\t\t\t\t\t\t\t<\/div>\n\t\t\t\t<\/div>\n\t\t\t\t\t<\/div>\n\t\t<\/div>\n\t\t\t\t<div class=\"elementor-column elementor-col-33 elementor-top-column elementor-element elementor-element-9ed41cf\" data-id=\"9ed41cf\" data-element_type=\"column\" data-e-type=\"column\">\n\t\t\t<div class=\"elementor-widget-wrap elementor-element-populated\">\n\t\t\t\t\t\t<div class=\"elementor-element elementor-element-13caa77 elementor-widget elementor-widget-image\" data-id=\"13caa77\" data-element_type=\"widget\" data-e-type=\"widget\" data-widget_type=\"image.default\">\n\t\t\t\t<div class=\"elementor-widget-container\">\n\t\t\t\t\t\t\t\t\t\t\t\t\t\t\t<img fetchpriority=\"high\" decoding=\"async\" width=\"640\" height=\"960\" src=\"https:\/\/unaymilletras.com\/wp-content\/uploads\/2025\/12\/ALBE0122-683x1024.jpg\" class=\"attachment-large size-large wp-image-6768\" alt=\"Jeder\" srcset=\"https:\/\/unaymilletras.com\/wp-content\/uploads\/2025\/12\/ALBE0122-683x1024.jpg 683w, https:\/\/unaymilletras.com\/wp-content\/uploads\/2025\/12\/ALBE0122-200x300.jpg 200w, https:\/\/unaymilletras.com\/wp-content\/uploads\/2025\/12\/ALBE0122-768x1152.jpg 768w, https:\/\/unaymilletras.com\/wp-content\/uploads\/2025\/12\/ALBE0122-1024x1536.jpg 1024w, https:\/\/unaymilletras.com\/wp-content\/uploads\/2025\/12\/ALBE0122-1365x2048.jpg 1365w, https:\/\/unaymilletras.com\/wp-content\/uploads\/2025\/12\/ALBE0122-8x12.jpg 8w, https:\/\/unaymilletras.com\/wp-content\/uploads\/2025\/12\/ALBE0122-scaled-e1765538458251.jpg 600w\" sizes=\"(max-width: 640px) 100vw, 640px\" \/>\t\t\t\t\t\t\t\t\t\t\t\t\t\t\t<\/div>\n\t\t\t\t<\/div>\n\t\t\t\t\t<\/div>\n\t\t<\/div>\n\t\t\t\t\t<\/div>\n\t\t<\/section>\n\t\t\t\t<section class=\"elementor-section elementor-top-section elementor-element elementor-element-49c866b elementor-section-boxed elementor-section-height-default elementor-section-height-default\" data-id=\"49c866b\" data-element_type=\"section\" data-e-type=\"section\">\n\t\t\t\t\t\t<div class=\"elementor-container elementor-column-gap-default\">\n\t\t\t\t\t<div class=\"elementor-column elementor-col-100 elementor-top-column elementor-element elementor-element-1e63654\" data-id=\"1e63654\" data-element_type=\"column\" data-e-type=\"column\">\n\t\t\t<div class=\"elementor-widget-wrap elementor-element-populated\">\n\t\t\t\t\t\t<div class=\"elementor-element elementor-element-52cfcda elementor-widget elementor-widget-text-editor\" data-id=\"52cfcda\" data-element_type=\"widget\" data-e-type=\"widget\" data-widget_type=\"text-editor.default\">\n\t\t\t\t<div class=\"elementor-widget-container\">\n\t\t\t\t\t\t\t\t\t<p data-start=\"1862\" data-end=\"2119\">El cierre lo aporta <em data-start=\"1882\" data-end=\"1902\">Globos En El Cielo<\/em>, una despedida que no niega lo vivido, sino que lo ilumina con una mirada madura y agradecida. Es el momento en el que Jader acepta que algunas personas se quedan para siempre, aunque ya no formen parte del presente.<\/p>\n<p data-start=\"2121\" data-end=\"2359\">Cada canci\u00f3n del EP cuenta con su propio videoclip, rodados en Gran Canaria bajo la direcci\u00f3n de Mariana Soutos. Estas piezas visuales acompa\u00f1an el relato del proyecto y refuerzan la atm\u00f3sfera emocional que sostiene el EP.<\/p>\n<p data-start=\"2361\" data-end=\"2676\">En la producci\u00f3n participan varios nombres esenciales: La Joya De Los Beats firma <em data-start=\"2443\" data-end=\"2460\">Sol De Amadores<\/em>; Pana YMB produce <em data-start=\"2479\" data-end=\"2494\">Playa Para\u00edso<\/em>; y D\u00edmelo Milo da forma al resto del trabajo. El resultado es un sonido que combina reguet\u00f3n, sensibilidad pop y matices latinos que conectan directamente con la identidad de Jader.<\/p>\t\t\t\t\t\t\t\t<\/div>\n\t\t\t\t<\/div>\n\t\t\t\t\t<\/div>\n\t\t<\/div>\n\t\t\t\t\t<\/div>\n\t\t<\/section>\n\t\t\t\t<section class=\"elementor-section elementor-top-section elementor-element elementor-element-56a4a91 elementor-section-boxed elementor-section-height-default elementor-section-height-default\" data-id=\"56a4a91\" data-element_type=\"section\" data-e-type=\"section\">\n\t\t\t\t\t\t<div class=\"elementor-container elementor-column-gap-default\">\n\t\t\t\t\t<div class=\"elementor-column elementor-col-100 elementor-top-column elementor-element elementor-element-646691a\" data-id=\"646691a\" data-element_type=\"column\" data-e-type=\"column\">\n\t\t\t<div class=\"elementor-widget-wrap elementor-element-populated\">\n\t\t\t\t\t\t<div class=\"elementor-element elementor-element-6d26267 elementor-widget elementor-widget-video\" data-id=\"6d26267\" data-element_type=\"widget\" data-e-type=\"widget\" data-settings=\"{&quot;youtube_url&quot;:&quot;https:\\\/\\\/www.youtube.com\\\/watch?v=2bp8PhCvJlw&quot;,&quot;video_type&quot;:&quot;youtube&quot;,&quot;controls&quot;:&quot;yes&quot;}\" data-widget_type=\"video.default\">\n\t\t\t\t<div class=\"elementor-widget-container\">\n\t\t\t\t\t\t\t<div class=\"elementor-wrapper elementor-open-inline\">\n\t\t\t<div class=\"elementor-video\"><\/div>\t\t<\/div>\n\t\t\t\t\t\t<\/div>\n\t\t\t\t<\/div>\n\t\t\t\t\t<\/div>\n\t\t<\/div>\n\t\t\t\t\t<\/div>\n\t\t<\/section>\n\t\t\t\t<section class=\"elementor-section elementor-top-section elementor-element elementor-element-20939b2 elementor-section-boxed elementor-section-height-default elementor-section-height-default\" data-id=\"20939b2\" data-element_type=\"section\" data-e-type=\"section\">\n\t\t\t\t\t\t<div class=\"elementor-container elementor-column-gap-default\">\n\t\t\t\t\t<div class=\"elementor-column elementor-col-100 elementor-top-column elementor-element elementor-element-f6fb997\" data-id=\"f6fb997\" data-element_type=\"column\" data-e-type=\"column\">\n\t\t\t<div class=\"elementor-widget-wrap elementor-element-populated\">\n\t\t\t\t\t\t<div class=\"elementor-element elementor-element-c2c2a48 elementor-widget elementor-widget-text-editor\" data-id=\"c2c2a48\" data-element_type=\"widget\" data-e-type=\"widget\" data-widget_type=\"text-editor.default\">\n\t\t\t\t<div class=\"elementor-widget-container\">\n\t\t\t\t\t\t\t\t\t<p data-start=\"2678\" data-end=\"3001\">El artista comenz\u00f3 su trayectoria escribiendo para otros int\u00e9rpretes desde los 18 a\u00f1os y, en 2021, decidi\u00f3 iniciar su propio camino como cantante. Desde entonces ha ido construyendo una propuesta s\u00f3lida, apoyada en su versatilidad, su intuici\u00f3n mel\u00f3dica y su capacidad para narrar emociones desde un punto de vista cercano.<\/p><p data-start=\"3003\" data-end=\"3272\" data-is-last-node=\"\" data-is-only-node=\"\">Con <em data-start=\"3007\" data-end=\"3027\">Lo Que No (S) Pas\u00f3<\/em>, Jader firma una presentaci\u00f3n art\u00edstica contundente. Es un proyecto que demuestra evoluci\u00f3n, sensibilidad y una visi\u00f3n clara, confirmando que est\u00e1 preparado para convertirse en una figura imprescindible dentro de la nueva escena urbana hispana.<\/p>\t\t\t\t\t\t\t\t<\/div>\n\t\t\t\t<\/div>\n\t\t\t\t\t<\/div>\n\t\t<\/div>\n\t\t\t\t\t<\/div>\n\t\t<\/section>\n\t\t\t\t<\/div>","protected":false},"excerpt":{"rendered":"<p>El artista venezolano presenta un proyecto emocional que recorre las fases de una relaci\u00f3n y consolida su nueva etapa musical Jader da un paso decisivo en su carrera con Lo Que No (S) Pas\u00f3, su primer EP, un trabajo de cinco canciones donde convierte la historia de una relaci\u00f3n en un recorrido emocional que va [&hellip;]<\/p>\n","protected":false},"author":6,"featured_media":6768,"comment_status":"closed","ping_status":"closed","sticky":false,"template":"","format":"standard","meta":{"footnotes":""},"categories":[1],"tags":[],"class_list":["post-6766","post","type-post","status-publish","format-standard","has-post-thumbnail","hentry","category-uncategorized"],"yoast_head":"<!-- This site is optimized with the Yoast SEO plugin v27.4 - https:\/\/yoast.com\/product\/yoast-seo-wordpress\/ -->\n<title>Jader debuta con Lo Que No(S) Pas\u00f3, un EP que confirma su llegada a la escena urbana espa\u00f1ola<\/title>\n<meta name=\"description\" content=\"El artista venezolano presenta un proyecto emocional que recorre las fases de una relaci\u00f3n y consolida su nueva etapa musical\" \/>\n<meta name=\"robots\" content=\"index, follow, max-snippet:-1, max-image-preview:large, max-video-preview:-1\" \/>\n<link rel=\"canonical\" href=\"https:\/\/unaymilletras.com\/en\/jader-debuta-con-lo-que-nos-paso-un-ep-que-confirma-su-llegada-a-la-escena-urbana-espanola\/\" \/>\n<meta property=\"og:locale\" content=\"en_GB\" \/>\n<meta property=\"og:type\" content=\"article\" \/>\n<meta property=\"og:title\" content=\"Jader debuta con Lo Que No(S) Pas\u00f3, un EP que confirma su llegada a la escena urbana espa\u00f1ola\" \/>\n<meta property=\"og:description\" content=\"El artista venezolano presenta un proyecto emocional que recorre las fases de una relaci\u00f3n y consolida su nueva etapa musical\" \/>\n<meta property=\"og:url\" content=\"https:\/\/unaymilletras.com\/en\/jader-debuta-con-lo-que-nos-paso-un-ep-que-confirma-su-llegada-a-la-escena-urbana-espanola\/\" \/>\n<meta property=\"og:site_name\" content=\"Una y Mil Letras\" \/>\n<meta property=\"article:published_time\" content=\"2025-12-12T15:30:00+00:00\" \/>\n<meta property=\"og:image\" content=\"https:\/\/unaymilletras.com\/wp-content\/uploads\/2025\/12\/ALBE0122-scaled-e1765538458251.jpg\" \/>\n\t<meta property=\"og:image:width\" content=\"600\" \/>\n\t<meta property=\"og:image:height\" content=\"900\" \/>\n\t<meta property=\"og:image:type\" content=\"image\/jpeg\" \/>\n<meta name=\"author\" content=\"Redacci\u00f3n\" \/>\n<meta name=\"twitter:card\" content=\"summary_large_image\" \/>\n<meta name=\"twitter:creator\" content=\"@UnaYMilLetras\" \/>\n<meta name=\"twitter:site\" content=\"@UnaYMilLetras\" \/>\n<meta name=\"twitter:label1\" content=\"Written by\" \/>\n\t<meta name=\"twitter:data1\" content=\"Redacci\u00f3n\" \/>\n\t<meta name=\"twitter:label2\" content=\"Estimated reading time\" \/>\n\t<meta name=\"twitter:data2\" content=\"3 minutes\" \/>\n<script type=\"application\/ld+json\" class=\"yoast-schema-graph\">{\"@context\":\"https:\\\/\\\/schema.org\",\"@graph\":[{\"@type\":\"Article\",\"@id\":\"https:\\\/\\\/unaymilletras.com\\\/jader-debuta-con-lo-que-nos-paso-un-ep-que-confirma-su-llegada-a-la-escena-urbana-espanola\\\/#article\",\"isPartOf\":{\"@id\":\"https:\\\/\\\/unaymilletras.com\\\/jader-debuta-con-lo-que-nos-paso-un-ep-que-confirma-su-llegada-a-la-escena-urbana-espanola\\\/\"},\"author\":{\"name\":\"Redacci\u00f3n\",\"@id\":\"http:\\\/\\\/unaymilletras.com\\\/#\\\/schema\\\/person\\\/0860dc8a218329991ee2c7591f4f849d\"},\"headline\":\"Jader debuta con Lo Que No(S) Pas\u00f3, un EP que confirma su llegada a la escena urbana espa\u00f1ola\",\"datePublished\":\"2025-12-12T15:30:00+00:00\",\"mainEntityOfPage\":{\"@id\":\"https:\\\/\\\/unaymilletras.com\\\/jader-debuta-con-lo-que-nos-paso-un-ep-que-confirma-su-llegada-a-la-escena-urbana-espanola\\\/\"},\"wordCount\":533,\"publisher\":{\"@id\":\"http:\\\/\\\/unaymilletras.com\\\/#organization\"},\"image\":{\"@id\":\"https:\\\/\\\/unaymilletras.com\\\/jader-debuta-con-lo-que-nos-paso-un-ep-que-confirma-su-llegada-a-la-escena-urbana-espanola\\\/#primaryimage\"},\"thumbnailUrl\":\"https:\\\/\\\/unaymilletras.com\\\/wp-content\\\/uploads\\\/2025\\\/12\\\/ALBE0122-scaled-e1765538458251.jpg\",\"articleSection\":[\"Uncategorized\"],\"inLanguage\":\"en-GB\"},{\"@type\":\"WebPage\",\"@id\":\"https:\\\/\\\/unaymilletras.com\\\/jader-debuta-con-lo-que-nos-paso-un-ep-que-confirma-su-llegada-a-la-escena-urbana-espanola\\\/\",\"url\":\"https:\\\/\\\/unaymilletras.com\\\/jader-debuta-con-lo-que-nos-paso-un-ep-que-confirma-su-llegada-a-la-escena-urbana-espanola\\\/\",\"name\":\"Jader debuta con Lo Que No(S) Pas\u00f3, un EP que confirma su llegada a la escena urbana espa\u00f1ola\",\"isPartOf\":{\"@id\":\"http:\\\/\\\/unaymilletras.com\\\/#website\"},\"primaryImageOfPage\":{\"@id\":\"https:\\\/\\\/unaymilletras.com\\\/jader-debuta-con-lo-que-nos-paso-un-ep-que-confirma-su-llegada-a-la-escena-urbana-espanola\\\/#primaryimage\"},\"image\":{\"@id\":\"https:\\\/\\\/unaymilletras.com\\\/jader-debuta-con-lo-que-nos-paso-un-ep-que-confirma-su-llegada-a-la-escena-urbana-espanola\\\/#primaryimage\"},\"thumbnailUrl\":\"https:\\\/\\\/unaymilletras.com\\\/wp-content\\\/uploads\\\/2025\\\/12\\\/ALBE0122-scaled-e1765538458251.jpg\",\"datePublished\":\"2025-12-12T15:30:00+00:00\",\"description\":\"El artista venezolano presenta un proyecto emocional que recorre las fases de una relaci\u00f3n y consolida su nueva etapa musical\",\"breadcrumb\":{\"@id\":\"https:\\\/\\\/unaymilletras.com\\\/jader-debuta-con-lo-que-nos-paso-un-ep-que-confirma-su-llegada-a-la-escena-urbana-espanola\\\/#breadcrumb\"},\"inLanguage\":\"en-GB\",\"potentialAction\":[{\"@type\":\"ReadAction\",\"target\":[\"https:\\\/\\\/unaymilletras.com\\\/jader-debuta-con-lo-que-nos-paso-un-ep-que-confirma-su-llegada-a-la-escena-urbana-espanola\\\/\"]}]},{\"@type\":\"ImageObject\",\"inLanguage\":\"en-GB\",\"@id\":\"https:\\\/\\\/unaymilletras.com\\\/jader-debuta-con-lo-que-nos-paso-un-ep-que-confirma-su-llegada-a-la-escena-urbana-espanola\\\/#primaryimage\",\"url\":\"https:\\\/\\\/unaymilletras.com\\\/wp-content\\\/uploads\\\/2025\\\/12\\\/ALBE0122-scaled-e1765538458251.jpg\",\"contentUrl\":\"https:\\\/\\\/unaymilletras.com\\\/wp-content\\\/uploads\\\/2025\\\/12\\\/ALBE0122-scaled-e1765538458251.jpg\",\"width\":600,\"height\":900,\"caption\":\"Jeder\"},{\"@type\":\"BreadcrumbList\",\"@id\":\"https:\\\/\\\/unaymilletras.com\\\/jader-debuta-con-lo-que-nos-paso-un-ep-que-confirma-su-llegada-a-la-escena-urbana-espanola\\\/#breadcrumb\",\"itemListElement\":[{\"@type\":\"ListItem\",\"position\":1,\"name\":\"Home\",\"item\":\"http:\\\/\\\/unaymilletras.com\\\/\"},{\"@type\":\"ListItem\",\"position\":2,\"name\":\"Jader debuta con Lo Que No(S) Pas\u00f3, un EP que confirma su llegada a la escena urbana espa\u00f1ola\"}]},{\"@type\":\"WebSite\",\"@id\":\"http:\\\/\\\/unaymilletras.com\\\/#website\",\"url\":\"http:\\\/\\\/unaymilletras.com\\\/\",\"name\":\"Una y Mil Letras\",\"description\":\"\",\"publisher\":{\"@id\":\"http:\\\/\\\/unaymilletras.com\\\/#organization\"},\"potentialAction\":[{\"@type\":\"SearchAction\",\"target\":{\"@type\":\"EntryPoint\",\"urlTemplate\":\"http:\\\/\\\/unaymilletras.com\\\/?s={search_term_string}\"},\"query-input\":{\"@type\":\"PropertyValueSpecification\",\"valueRequired\":true,\"valueName\":\"search_term_string\"}}],\"inLanguage\":\"en-GB\"},{\"@type\":\"Organization\",\"@id\":\"http:\\\/\\\/unaymilletras.com\\\/#organization\",\"name\":\"Una y Mil Letras\",\"url\":\"http:\\\/\\\/unaymilletras.com\\\/\",\"logo\":{\"@type\":\"ImageObject\",\"inLanguage\":\"en-GB\",\"@id\":\"http:\\\/\\\/unaymilletras.com\\\/#\\\/schema\\\/logo\\\/image\\\/\",\"url\":\"https:\\\/\\\/unaymilletras.com\\\/wp-content\\\/uploads\\\/2024\\\/06\\\/cropped-Logo-removebg-preview.png\",\"contentUrl\":\"https:\\\/\\\/unaymilletras.com\\\/wp-content\\\/uploads\\\/2024\\\/06\\\/cropped-Logo-removebg-preview.png\",\"width\":512,\"height\":512,\"caption\":\"Una y Mil Letras\"},\"image\":{\"@id\":\"http:\\\/\\\/unaymilletras.com\\\/#\\\/schema\\\/logo\\\/image\\\/\"},\"sameAs\":[\"https:\\\/\\\/x.com\\\/UnaYMilLetras\",\"https:\\\/\\\/instagram.com\\\/UnaYMilLetras\"]},{\"@type\":\"Person\",\"@id\":\"http:\\\/\\\/unaymilletras.com\\\/#\\\/schema\\\/person\\\/0860dc8a218329991ee2c7591f4f849d\",\"name\":\"Redacci\u00f3n\",\"image\":{\"@type\":\"ImageObject\",\"inLanguage\":\"en-GB\",\"@id\":\"https:\\\/\\\/secure.gravatar.com\\\/avatar\\\/d8f55e05a8b6597e45c55a1dcbdbfe44f4a360d88b48e00de5216a79b7732796?s=96&d=mm&r=g\",\"url\":\"https:\\\/\\\/secure.gravatar.com\\\/avatar\\\/d8f55e05a8b6597e45c55a1dcbdbfe44f4a360d88b48e00de5216a79b7732796?s=96&d=mm&r=g\",\"contentUrl\":\"https:\\\/\\\/secure.gravatar.com\\\/avatar\\\/d8f55e05a8b6597e45c55a1dcbdbfe44f4a360d88b48e00de5216a79b7732796?s=96&d=mm&r=g\",\"caption\":\"Redacci\u00f3n\"},\"url\":\"https:\\\/\\\/unaymilletras.com\\\/en\\\/author\\\/redaccion\\\/\"}]}<\/script>\n<!-- \/ Yoast SEO plugin. -->","yoast_head_json":{"title":"Jader debuta con Lo Que No(S) Pas\u00f3, un EP que confirma su llegada a la escena urbana espa\u00f1ola","description":"El artista venezolano presenta un proyecto emocional que recorre las fases de una relaci\u00f3n y consolida su nueva etapa musical","robots":{"index":"index","follow":"follow","max-snippet":"max-snippet:-1","max-image-preview":"max-image-preview:large","max-video-preview":"max-video-preview:-1"},"canonical":"https:\/\/unaymilletras.com\/en\/jader-debuta-con-lo-que-nos-paso-un-ep-que-confirma-su-llegada-a-la-escena-urbana-espanola\/","og_locale":"en_GB","og_type":"article","og_title":"Jader debuta con Lo Que No(S) Pas\u00f3, un EP que confirma su llegada a la escena urbana espa\u00f1ola","og_description":"El artista venezolano presenta un proyecto emocional que recorre las fases de una relaci\u00f3n y consolida su nueva etapa musical","og_url":"https:\/\/unaymilletras.com\/en\/jader-debuta-con-lo-que-nos-paso-un-ep-que-confirma-su-llegada-a-la-escena-urbana-espanola\/","og_site_name":"Una y Mil Letras","article_published_time":"2025-12-12T15:30:00+00:00","og_image":[{"width":600,"height":900,"url":"https:\/\/unaymilletras.com\/wp-content\/uploads\/2025\/12\/ALBE0122-scaled-e1765538458251.jpg","type":"image\/jpeg"}],"author":"Redacci\u00f3n","twitter_card":"summary_large_image","twitter_creator":"@UnaYMilLetras","twitter_site":"@UnaYMilLetras","twitter_misc":{"Written by":"Redacci\u00f3n","Estimated reading time":"3 minutes"},"schema":{"@context":"https:\/\/schema.org","@graph":[{"@type":"Article","@id":"https:\/\/unaymilletras.com\/jader-debuta-con-lo-que-nos-paso-un-ep-que-confirma-su-llegada-a-la-escena-urbana-espanola\/#article","isPartOf":{"@id":"https:\/\/unaymilletras.com\/jader-debuta-con-lo-que-nos-paso-un-ep-que-confirma-su-llegada-a-la-escena-urbana-espanola\/"},"author":{"name":"Redacci\u00f3n","@id":"http:\/\/unaymilletras.com\/#\/schema\/person\/0860dc8a218329991ee2c7591f4f849d"},"headline":"Jader debuta con Lo Que No(S) Pas\u00f3, un EP que confirma su llegada a la escena urbana espa\u00f1ola","datePublished":"2025-12-12T15:30:00+00:00","mainEntityOfPage":{"@id":"https:\/\/unaymilletras.com\/jader-debuta-con-lo-que-nos-paso-un-ep-que-confirma-su-llegada-a-la-escena-urbana-espanola\/"},"wordCount":533,"publisher":{"@id":"http:\/\/unaymilletras.com\/#organization"},"image":{"@id":"https:\/\/unaymilletras.com\/jader-debuta-con-lo-que-nos-paso-un-ep-que-confirma-su-llegada-a-la-escena-urbana-espanola\/#primaryimage"},"thumbnailUrl":"https:\/\/unaymilletras.com\/wp-content\/uploads\/2025\/12\/ALBE0122-scaled-e1765538458251.jpg","articleSection":["Uncategorized"],"inLanguage":"en-GB"},{"@type":"WebPage","@id":"https:\/\/unaymilletras.com\/jader-debuta-con-lo-que-nos-paso-un-ep-que-confirma-su-llegada-a-la-escena-urbana-espanola\/","url":"https:\/\/unaymilletras.com\/jader-debuta-con-lo-que-nos-paso-un-ep-que-confirma-su-llegada-a-la-escena-urbana-espanola\/","name":"Jader debuta con Lo Que No(S) Pas\u00f3, un EP que confirma su llegada a la escena urbana espa\u00f1ola","isPartOf":{"@id":"http:\/\/unaymilletras.com\/#website"},"primaryImageOfPage":{"@id":"https:\/\/unaymilletras.com\/jader-debuta-con-lo-que-nos-paso-un-ep-que-confirma-su-llegada-a-la-escena-urbana-espanola\/#primaryimage"},"image":{"@id":"https:\/\/unaymilletras.com\/jader-debuta-con-lo-que-nos-paso-un-ep-que-confirma-su-llegada-a-la-escena-urbana-espanola\/#primaryimage"},"thumbnailUrl":"https:\/\/unaymilletras.com\/wp-content\/uploads\/2025\/12\/ALBE0122-scaled-e1765538458251.jpg","datePublished":"2025-12-12T15:30:00+00:00","description":"El artista venezolano presenta un proyecto emocional que recorre las fases de una relaci\u00f3n y consolida su nueva etapa musical","breadcrumb":{"@id":"https:\/\/unaymilletras.com\/jader-debuta-con-lo-que-nos-paso-un-ep-que-confirma-su-llegada-a-la-escena-urbana-espanola\/#breadcrumb"},"inLanguage":"en-GB","potentialAction":[{"@type":"ReadAction","target":["https:\/\/unaymilletras.com\/jader-debuta-con-lo-que-nos-paso-un-ep-que-confirma-su-llegada-a-la-escena-urbana-espanola\/"]}]},{"@type":"ImageObject","inLanguage":"en-GB","@id":"https:\/\/unaymilletras.com\/jader-debuta-con-lo-que-nos-paso-un-ep-que-confirma-su-llegada-a-la-escena-urbana-espanola\/#primaryimage","url":"https:\/\/unaymilletras.com\/wp-content\/uploads\/2025\/12\/ALBE0122-scaled-e1765538458251.jpg","contentUrl":"https:\/\/unaymilletras.com\/wp-content\/uploads\/2025\/12\/ALBE0122-scaled-e1765538458251.jpg","width":600,"height":900,"caption":"Jeder"},{"@type":"BreadcrumbList","@id":"https:\/\/unaymilletras.com\/jader-debuta-con-lo-que-nos-paso-un-ep-que-confirma-su-llegada-a-la-escena-urbana-espanola\/#breadcrumb","itemListElement":[{"@type":"ListItem","position":1,"name":"Home","item":"http:\/\/unaymilletras.com\/"},{"@type":"ListItem","position":2,"name":"Jader debuta con Lo Que No(S) Pas\u00f3, un EP que confirma su llegada a la escena urbana espa\u00f1ola"}]},{"@type":"WebSite","@id":"http:\/\/unaymilletras.com\/#website","url":"http:\/\/unaymilletras.com\/","name":"Una y Mil Letras","description":"","publisher":{"@id":"http:\/\/unaymilletras.com\/#organization"},"potentialAction":[{"@type":"SearchAction","target":{"@type":"EntryPoint","urlTemplate":"http:\/\/unaymilletras.com\/?s={search_term_string}"},"query-input":{"@type":"PropertyValueSpecification","valueRequired":true,"valueName":"search_term_string"}}],"inLanguage":"en-GB"},{"@type":"Organization","@id":"http:\/\/unaymilletras.com\/#organization","name":"Una y Mil Letras","url":"http:\/\/unaymilletras.com\/","logo":{"@type":"ImageObject","inLanguage":"en-GB","@id":"http:\/\/unaymilletras.com\/#\/schema\/logo\/image\/","url":"https:\/\/unaymilletras.com\/wp-content\/uploads\/2024\/06\/cropped-Logo-removebg-preview.png","contentUrl":"https:\/\/unaymilletras.com\/wp-content\/uploads\/2024\/06\/cropped-Logo-removebg-preview.png","width":512,"height":512,"caption":"Una y Mil Letras"},"image":{"@id":"http:\/\/unaymilletras.com\/#\/schema\/logo\/image\/"},"sameAs":["https:\/\/x.com\/UnaYMilLetras","https:\/\/instagram.com\/UnaYMilLetras"]},{"@type":"Person","@id":"http:\/\/unaymilletras.com\/#\/schema\/person\/0860dc8a218329991ee2c7591f4f849d","name":"Redacci\u00f3n","image":{"@type":"ImageObject","inLanguage":"en-GB","@id":"https:\/\/secure.gravatar.com\/avatar\/d8f55e05a8b6597e45c55a1dcbdbfe44f4a360d88b48e00de5216a79b7732796?s=96&d=mm&r=g","url":"https:\/\/secure.gravatar.com\/avatar\/d8f55e05a8b6597e45c55a1dcbdbfe44f4a360d88b48e00de5216a79b7732796?s=96&d=mm&r=g","contentUrl":"https:\/\/secure.gravatar.com\/avatar\/d8f55e05a8b6597e45c55a1dcbdbfe44f4a360d88b48e00de5216a79b7732796?s=96&d=mm&r=g","caption":"Redacci\u00f3n"},"url":"https:\/\/unaymilletras.com\/en\/author\/redaccion\/"}]}},"_links":{"self":[{"href":"https:\/\/unaymilletras.com\/en\/wp-json\/wp\/v2\/posts\/6766","targetHints":{"allow":["GET"]}}],"collection":[{"href":"https:\/\/unaymilletras.com\/en\/wp-json\/wp\/v2\/posts"}],"about":[{"href":"https:\/\/unaymilletras.com\/en\/wp-json\/wp\/v2\/types\/post"}],"author":[{"embeddable":true,"href":"https:\/\/unaymilletras.com\/en\/wp-json\/wp\/v2\/users\/6"}],"replies":[{"embeddable":true,"href":"https:\/\/unaymilletras.com\/en\/wp-json\/wp\/v2\/comments?post=6766"}],"version-history":[{"count":4,"href":"https:\/\/unaymilletras.com\/en\/wp-json\/wp\/v2\/posts\/6766\/revisions"}],"predecessor-version":[{"id":6771,"href":"https:\/\/unaymilletras.com\/en\/wp-json\/wp\/v2\/posts\/6766\/revisions\/6771"}],"wp:featuredmedia":[{"embeddable":true,"href":"https:\/\/unaymilletras.com\/en\/wp-json\/wp\/v2\/media\/6768"}],"wp:attachment":[{"href":"https:\/\/unaymilletras.com\/en\/wp-json\/wp\/v2\/media?parent=6766"}],"wp:term":[{"taxonomy":"category","embeddable":true,"href":"https:\/\/unaymilletras.com\/en\/wp-json\/wp\/v2\/categories?post=6766"},{"taxonomy":"post_tag","embeddable":true,"href":"https:\/\/unaymilletras.com\/en\/wp-json\/wp\/v2\/tags?post=6766"}],"curies":[{"name":"wp","href":"https:\/\/api.w.org\/{rel}","templated":true}]}}