{"id":6772,"date":"2025-12-12T13:40:47","date_gmt":"2025-12-12T12:40:47","guid":{"rendered":"https:\/\/unaymilletras.com\/?p=6772"},"modified":"2025-12-12T13:40:47","modified_gmt":"2025-12-12T12:40:47","slug":"maroon-5-y-martin-garrix-lideran-el-regreso-de-o-gozo-festival-2026","status":"publish","type":"post","link":"https:\/\/unaymilletras.com\/en\/maroon-5-y-martin-garrix-lideran-el-regreso-de-o-gozo-festival-2026\/","title":{"rendered":"Maroon 5 y Martin Garrix lideran el regreso de O Gozo Festival 2026"},"content":{"rendered":"<div data-elementor-type=\"wp-post\" data-elementor-id=\"6772\" class=\"elementor elementor-6772\">\n\t\t\t\t\t\t<section class=\"elementor-section elementor-top-section elementor-element elementor-element-f2c364e elementor-section-boxed elementor-section-height-default elementor-section-height-default\" data-id=\"f2c364e\" data-element_type=\"section\" data-e-type=\"section\">\n\t\t\t\t\t\t<div class=\"elementor-container elementor-column-gap-default\">\n\t\t\t\t\t<div class=\"elementor-column elementor-col-100 elementor-top-column elementor-element elementor-element-3b06f60\" data-id=\"3b06f60\" data-element_type=\"column\" data-e-type=\"column\">\n\t\t\t<div class=\"elementor-widget-wrap elementor-element-populated\">\n\t\t\t\t\t\t<div class=\"elementor-element elementor-element-02e99fc elementor-widget elementor-widget-heading\" data-id=\"02e99fc\" data-element_type=\"widget\" data-e-type=\"widget\" data-widget_type=\"heading.default\">\n\t\t\t\t<div class=\"elementor-widget-container\">\n\t\t\t\t\t<h2 class=\"elementor-heading-title elementor-size-default\">Las entradas estar\u00e1n disponibles a partir del 17 de diciembre<\/h2>\t\t\t\t<\/div>\n\t\t\t\t<\/div>\n\t\t\t\t\t<\/div>\n\t\t<\/div>\n\t\t\t\t\t<\/div>\n\t\t<\/section>\n\t\t\t\t<section class=\"elementor-section elementor-top-section elementor-element elementor-element-189a91b6 elementor-section-boxed elementor-section-height-default elementor-section-height-default\" data-id=\"189a91b6\" data-element_type=\"section\" data-e-type=\"section\">\n\t\t\t\t\t\t<div class=\"elementor-container elementor-column-gap-default\">\n\t\t\t\t\t<div class=\"elementor-column elementor-col-100 elementor-top-column elementor-element elementor-element-8594d56\" data-id=\"8594d56\" data-element_type=\"column\" data-e-type=\"column\">\n\t\t\t<div class=\"elementor-widget-wrap elementor-element-populated\">\n\t\t\t\t\t\t<div class=\"elementor-element elementor-element-f7be61d elementor-widget elementor-widget-text-editor\" data-id=\"f7be61d\" data-element_type=\"widget\" data-e-type=\"widget\" data-widget_type=\"text-editor.default\">\n\t\t\t\t<div class=\"elementor-widget-container\">\n\t\t\t\t\t\t\t\t\t\n<p>\u00a12026 ser\u00e1 un verdadero gozo! O Gozo Festival vuelve el 11 de julio de 2026 al Monte do Gozo, en Santiago de Compostela, y lo hace con un cartel internacional que combina pop, electr\u00f3nica y m\u00fasica latina: <strong>Maroon 5, Martin Garrix, Danny Ocean, Rita Ora y Miriam Rodr\u00edguez<\/strong>. Una cita imprescindible para todos los amantes de la m\u00fasica que quieran vivir un verano inolvidable en Galicia.<\/p>\n\n\n\n<p>En solo tres ediciones, el festival se ha convertido en una fecha en rojo del calendario musical gallego y espa\u00f1ol. Solo en 2025 reuni\u00f3 a m\u00e1s de 55.000 personas y llen\u00f3 Galicia de grandes nombres como David Guetta, Alanis Morissette o Lenny Kravitz. A lo largo de estos a\u00f1os, m\u00e1s de 170.000 asistentes han disfrutado del festival, que tambi\u00e9n ha tra\u00eddo a Ed Sheeran, Robbie Williams, Marshmello o Queens of the Stone Age, muchos de ellos debutando en la comunidad.<\/p>\n\n\n\n<figure class=\"wp-block-image size-large\"><img fetchpriority=\"high\" decoding=\"async\" width=\"732\" height=\"1024\" src=\"https:\/\/unaymilletras.com\/wp-content\/uploads\/2025\/12\/image-4-732x1024.png\" alt=\"\" class=\"wp-image-6773\" \/><figcaption class=\"wp-element-caption\">Fuente: Live Nation<\/figcaption><\/figure>\n\n\n\n<p>El cartel de 2026 de O Gozo Festival es un viaje por los mejores sonidos del pop, la electr\u00f3nica y la m\u00fasica urbana. Maroon 5 llega con sus hits como &#8216;<em>Girls Like You&#8217; <\/em>o <em>&#8216;Moves Like Jagger&#8217;<\/em> para hacernos disfrutar de un directo lleno de fuerza y su elegancia caracter\u00edstica. <\/p>\n\n\n\n<p>Entre las luces que hipnotizan, Martin Garrix y Danny Ocean tambi\u00e9n estar\u00e1n presentes. Mientras Garrix transforma el Monte do Gozo en un escenario de energ\u00eda electr\u00f3nica, Danny Ocean a\u00f1ade el sabor latino y urbano que invita a moverse sin parar.<\/p>\n\n\n\n<p>Tambi\u00e9n Rita Ora suma glamour y energ\u00eda con su pop fresco y bailable, mezclando electr\u00f3nica y dance con un carisma que conecta con todos los p\u00fablicos. Y para cerrar, Miriam Rodr\u00edguez, una de las voces gallegas m\u00e1s queridas, presentar\u00e1 su \u00e1lbum <em>L\u00edneas Rojas<\/em>.<\/p>\n\n\n\n<h2 class=\"wp-block-heading\">\u00bfC\u00f3mo conseguir las entradas?<\/h2>\n\n\n\n<p>Las entradas se ponen a la venta el 19 de diciembre a las 10:00h en <a href=\"https:\/\/www.livenation.es\/agenda\/ogozofestival\">Livenation<\/a>, <a href=\"https:\/\/www.ticketmaster.es\/artist\/o-gozo-festival-tickets\/1185053?language=en-us\">Ticketmaster<\/a>, <a href=\"https:\/\/www.elcorteingles.es\/entradas\/festivales\/gozofestival\/\">El Corte Ingl\u00e9s<\/a> y Ataquilla, con un precio especial de lanzamiento de 45 \u20ac (+ gastos). Antes habr\u00e1 preventas exclusivas los d\u00edas 17 y 18 de diciembre a trav\u00e9s de Live Nation y S.SMusic.<\/p>\n\n\n\n<figure class=\"wp-block-embed is-type-video is-provider-youtube wp-block-embed-youtube wp-embed-aspect-16-9 wp-has-aspect-ratio\"><div class=\"wp-block-embed__wrapper\">\n<iframe title=\"O Gozo Festival BBF 2024 -  Aftermovie Oficial\" width=\"640\" height=\"360\" src=\"https:\/\/www.youtube.com\/embed\/Rv8JcyYgEBg?feature=oembed\" frameborder=\"0\" allow=\"accelerometer; autoplay; clipboard-write; encrypted-media; gyroscope; picture-in-picture; web-share\" referrerpolicy=\"strict-origin-when-cross-origin\" allowfullscreen><\/iframe>\n<\/div><\/figure>\n\n\n\n<p>Desde su nacimiento en 2023, con el apoyo de la Xunta de Galicia y dentro del marco de Concertos do Xacobeo, O Gozo Festival ha logrado consolidarse como un evento que combina m\u00fasica de primer nivel, experiencias \u00fanicas y proyecci\u00f3n cultural y tur\u00edstica para Galicia.<\/p>\n\n\n\n<p>El 11 de julio de 2026, Santiago de Compostela se llenar\u00e1 de m\u00fasica, ritmo y emoci\u00f3n en el Monte do Gozo. Con un cartel repleto de estrellas internacionales, estilos para todos los gustos y una ubicaci\u00f3n que lo convierte en un escenario incomparable, O Gozo Festival se confirma como una experiencia imprescindible del verano. \u00a1No te lo puedes perder!<\/p>\n\t\t\t\t\t\t\t\t<\/div>\n\t\t\t\t<\/div>\n\t\t\t\t\t<\/div>\n\t\t<\/div>\n\t\t\t\t\t<\/div>\n\t\t<\/section>\n\t\t\t\t<\/div>","protected":false},"excerpt":{"rendered":"<p>Las entradas estar\u00e1n disponibles a partir del 17 de diciembre \u00a12026 ser\u00e1 un verdadero gozo! O Gozo Festival vuelve el 11 de julio de 2026 al Monte do Gozo, en Santiago de Compostela, y lo hace con un cartel internacional que combina pop, electr\u00f3nica y m\u00fasica latina: Maroon 5, Martin Garrix, Danny Ocean, Rita Ora [&hellip;]<\/p>\n","protected":false},"author":5,"featured_media":6777,"comment_status":"closed","ping_status":"closed","sticky":false,"template":"","format":"standard","meta":{"footnotes":""},"categories":[119,4],"tags":[323,319,321,320,322,317,316,324,318],"class_list":["post-6772","post","type-post","status-publish","format-standard","has-post-thumbnail","hentry","category-eventos","category-musica","tag-danny-ocean","tag-galicia","tag-maroon-5","tag-martin-garrix","tag-miriam-rodriguez","tag-monte-do-gozo","tag-o-gozo-festival","tag-rita-ora","tag-santiago-de-compostela"],"yoast_head":"<!-- This site is optimized with the Yoast SEO plugin v27.4 - https:\/\/yoast.com\/product\/yoast-seo-wordpress\/ -->\n<title>Maroon 5 y Martin Garrix lideran el regreso de O Gozo Festival 2026 &#8902; Una y Mil Letras<\/title>\n<meta name=\"description\" content=\"Descubre el cartel de O Gozo Festival 2026 con Maroon 5, Martin Garrix, Danny Ocean, Rita Ora y Miriam Rodr\u00edguez.\" \/>\n<meta name=\"robots\" content=\"index, follow, max-snippet:-1, max-image-preview:large, max-video-preview:-1\" \/>\n<link rel=\"canonical\" href=\"https:\/\/unaymilletras.com\/en\/maroon-5-y-martin-garrix-lideran-el-regreso-de-o-gozo-festival-2026\/\" \/>\n<meta property=\"og:locale\" content=\"en_GB\" \/>\n<meta property=\"og:type\" content=\"article\" \/>\n<meta property=\"og:title\" content=\"Maroon 5 y Martin Garrix lideran el regreso de O Gozo Festival 2026 &#8902; Una y Mil Letras\" \/>\n<meta property=\"og:description\" content=\"Descubre el cartel de O Gozo Festival 2026 con Maroon 5, Martin Garrix, Danny Ocean, Rita Ora y Miriam Rodr\u00edguez.\" \/>\n<meta property=\"og:url\" content=\"https:\/\/unaymilletras.com\/en\/maroon-5-y-martin-garrix-lideran-el-regreso-de-o-gozo-festival-2026\/\" \/>\n<meta property=\"og:site_name\" content=\"Una y Mil Letras\" \/>\n<meta property=\"article:published_time\" content=\"2025-12-12T12:40:47+00:00\" \/>\n<meta property=\"og:image\" content=\"http:\/\/unaymilletras.com\/wp-content\/uploads\/2025\/12\/unnamed-39-scaled.jpg\" \/>\n\t<meta property=\"og:image:width\" content=\"2560\" \/>\n\t<meta property=\"og:image:height\" content=\"1440\" \/>\n\t<meta property=\"og:image:type\" content=\"image\/jpeg\" \/>\n<meta name=\"author\" content=\"Luc\u00eda Fandi\u00f1o\" \/>\n<meta name=\"twitter:card\" content=\"summary_large_image\" \/>\n<meta name=\"twitter:creator\" content=\"@UnaYMilLetras\" \/>\n<meta name=\"twitter:site\" content=\"@UnaYMilLetras\" \/>\n<meta name=\"twitter:label1\" content=\"Written by\" \/>\n\t<meta name=\"twitter:data1\" content=\"Luc\u00eda Fandi\u00f1o\" \/>\n\t<meta name=\"twitter:label2\" content=\"Estimated reading time\" \/>\n\t<meta name=\"twitter:data2\" content=\"3 minutes\" \/>\n<script type=\"application\/ld+json\" class=\"yoast-schema-graph\">{\"@context\":\"https:\\\/\\\/schema.org\",\"@graph\":[{\"@type\":\"Article\",\"@id\":\"https:\\\/\\\/unaymilletras.com\\\/maroon-5-y-martin-garrix-lideran-el-regreso-de-o-gozo-festival-2026\\\/#article\",\"isPartOf\":{\"@id\":\"https:\\\/\\\/unaymilletras.com\\\/maroon-5-y-martin-garrix-lideran-el-regreso-de-o-gozo-festival-2026\\\/\"},\"author\":{\"name\":\"Luc\u00eda Fandi\u00f1o\",\"@id\":\"http:\\\/\\\/unaymilletras.com\\\/#\\\/schema\\\/person\\\/047a24f09ead3f0ba2387e5df86d9336\"},\"headline\":\"Maroon 5 y Martin Garrix lideran el regreso de O Gozo Festival 2026\",\"datePublished\":\"2025-12-12T12:40:47+00:00\",\"mainEntityOfPage\":{\"@id\":\"https:\\\/\\\/unaymilletras.com\\\/maroon-5-y-martin-garrix-lideran-el-regreso-de-o-gozo-festival-2026\\\/\"},\"wordCount\":489,\"publisher\":{\"@id\":\"http:\\\/\\\/unaymilletras.com\\\/#organization\"},\"image\":{\"@id\":\"https:\\\/\\\/unaymilletras.com\\\/maroon-5-y-martin-garrix-lideran-el-regreso-de-o-gozo-festival-2026\\\/#primaryimage\"},\"thumbnailUrl\":\"https:\\\/\\\/unaymilletras.com\\\/wp-content\\\/uploads\\\/2025\\\/12\\\/unnamed-39-scaled-e1765721898191.jpg\",\"keywords\":[\"Danny Ocean\",\"Galicia\",\"Maroon 5\",\"Martin Garrix\",\"Miriam Rodr\u00edguez\",\"Monte do Gozo\",\"O Gozo Festival\",\"Rita Ora\",\"Santiago de Compostela\"],\"articleSection\":[\"Eventos\",\"M\u00fasica\"],\"inLanguage\":\"en-GB\"},{\"@type\":\"WebPage\",\"@id\":\"https:\\\/\\\/unaymilletras.com\\\/maroon-5-y-martin-garrix-lideran-el-regreso-de-o-gozo-festival-2026\\\/\",\"url\":\"https:\\\/\\\/unaymilletras.com\\\/maroon-5-y-martin-garrix-lideran-el-regreso-de-o-gozo-festival-2026\\\/\",\"name\":\"Maroon 5 y Martin Garrix lideran el regreso de O Gozo Festival 2026 &#8902; Una y Mil Letras\",\"isPartOf\":{\"@id\":\"http:\\\/\\\/unaymilletras.com\\\/#website\"},\"primaryImageOfPage\":{\"@id\":\"https:\\\/\\\/unaymilletras.com\\\/maroon-5-y-martin-garrix-lideran-el-regreso-de-o-gozo-festival-2026\\\/#primaryimage\"},\"image\":{\"@id\":\"https:\\\/\\\/unaymilletras.com\\\/maroon-5-y-martin-garrix-lideran-el-regreso-de-o-gozo-festival-2026\\\/#primaryimage\"},\"thumbnailUrl\":\"https:\\\/\\\/unaymilletras.com\\\/wp-content\\\/uploads\\\/2025\\\/12\\\/unnamed-39-scaled-e1765721898191.jpg\",\"datePublished\":\"2025-12-12T12:40:47+00:00\",\"description\":\"Descubre el cartel de O Gozo Festival 2026 con Maroon 5, Martin Garrix, Danny Ocean, Rita Ora y Miriam Rodr\u00edguez.\",\"breadcrumb\":{\"@id\":\"https:\\\/\\\/unaymilletras.com\\\/maroon-5-y-martin-garrix-lideran-el-regreso-de-o-gozo-festival-2026\\\/#breadcrumb\"},\"inLanguage\":\"en-GB\",\"potentialAction\":[{\"@type\":\"ReadAction\",\"target\":[\"https:\\\/\\\/unaymilletras.com\\\/maroon-5-y-martin-garrix-lideran-el-regreso-de-o-gozo-festival-2026\\\/\"]}]},{\"@type\":\"ImageObject\",\"inLanguage\":\"en-GB\",\"@id\":\"https:\\\/\\\/unaymilletras.com\\\/maroon-5-y-martin-garrix-lideran-el-regreso-de-o-gozo-festival-2026\\\/#primaryimage\",\"url\":\"https:\\\/\\\/unaymilletras.com\\\/wp-content\\\/uploads\\\/2025\\\/12\\\/unnamed-39-scaled-e1765721898191.jpg\",\"contentUrl\":\"https:\\\/\\\/unaymilletras.com\\\/wp-content\\\/uploads\\\/2025\\\/12\\\/unnamed-39-scaled-e1765721898191.jpg\",\"width\":600,\"height\":338,\"caption\":\"Fuente: Live Nation\"},{\"@type\":\"BreadcrumbList\",\"@id\":\"https:\\\/\\\/unaymilletras.com\\\/maroon-5-y-martin-garrix-lideran-el-regreso-de-o-gozo-festival-2026\\\/#breadcrumb\",\"itemListElement\":[{\"@type\":\"ListItem\",\"position\":1,\"name\":\"Home\",\"item\":\"http:\\\/\\\/unaymilletras.com\\\/\"},{\"@type\":\"ListItem\",\"position\":2,\"name\":\"Maroon 5 y Martin Garrix lideran el regreso de O Gozo Festival 2026\"}]},{\"@type\":\"WebSite\",\"@id\":\"http:\\\/\\\/unaymilletras.com\\\/#website\",\"url\":\"http:\\\/\\\/unaymilletras.com\\\/\",\"name\":\"Una y Mil Letras\",\"description\":\"\",\"publisher\":{\"@id\":\"http:\\\/\\\/unaymilletras.com\\\/#organization\"},\"potentialAction\":[{\"@type\":\"SearchAction\",\"target\":{\"@type\":\"EntryPoint\",\"urlTemplate\":\"http:\\\/\\\/unaymilletras.com\\\/?s={search_term_string}\"},\"query-input\":{\"@type\":\"PropertyValueSpecification\",\"valueRequired\":true,\"valueName\":\"search_term_string\"}}],\"inLanguage\":\"en-GB\"},{\"@type\":\"Organization\",\"@id\":\"http:\\\/\\\/unaymilletras.com\\\/#organization\",\"name\":\"Una y Mil Letras\",\"url\":\"http:\\\/\\\/unaymilletras.com\\\/\",\"logo\":{\"@type\":\"ImageObject\",\"inLanguage\":\"en-GB\",\"@id\":\"http:\\\/\\\/unaymilletras.com\\\/#\\\/schema\\\/logo\\\/image\\\/\",\"url\":\"https:\\\/\\\/unaymilletras.com\\\/wp-content\\\/uploads\\\/2024\\\/06\\\/cropped-Logo-removebg-preview.png\",\"contentUrl\":\"https:\\\/\\\/unaymilletras.com\\\/wp-content\\\/uploads\\\/2024\\\/06\\\/cropped-Logo-removebg-preview.png\",\"width\":512,\"height\":512,\"caption\":\"Una y Mil Letras\"},\"image\":{\"@id\":\"http:\\\/\\\/unaymilletras.com\\\/#\\\/schema\\\/logo\\\/image\\\/\"},\"sameAs\":[\"https:\\\/\\\/x.com\\\/UnaYMilLetras\",\"https:\\\/\\\/instagram.com\\\/UnaYMilLetras\"]},{\"@type\":\"Person\",\"@id\":\"http:\\\/\\\/unaymilletras.com\\\/#\\\/schema\\\/person\\\/047a24f09ead3f0ba2387e5df86d9336\",\"name\":\"Luc\u00eda Fandi\u00f1o\",\"image\":{\"@type\":\"ImageObject\",\"inLanguage\":\"en-GB\",\"@id\":\"https:\\\/\\\/secure.gravatar.com\\\/avatar\\\/d22d9eea03f89c5d17f4b05c3efeb11bad23ff32b99e63bbf54232bc1b6a06b2?s=96&d=mm&r=g\",\"url\":\"https:\\\/\\\/secure.gravatar.com\\\/avatar\\\/d22d9eea03f89c5d17f4b05c3efeb11bad23ff32b99e63bbf54232bc1b6a06b2?s=96&d=mm&r=g\",\"contentUrl\":\"https:\\\/\\\/secure.gravatar.com\\\/avatar\\\/d22d9eea03f89c5d17f4b05c3efeb11bad23ff32b99e63bbf54232bc1b6a06b2?s=96&d=mm&r=g\",\"caption\":\"Luc\u00eda Fandi\u00f1o\"},\"sameAs\":[\"www.instagram.com\\\/luciaafandino\"],\"url\":\"https:\\\/\\\/unaymilletras.com\\\/en\\\/author\\\/luciaafandino\\\/\"}]}<\/script>\n<!-- \/ Yoast SEO plugin. -->","yoast_head_json":{"title":"Maroon 5 y Martin Garrix lideran el regreso de O Gozo Festival 2026 &#8902; Una y Mil Letras","description":"Descubre el cartel de O Gozo Festival 2026 con Maroon 5, Martin Garrix, Danny Ocean, Rita Ora y Miriam Rodr\u00edguez.","robots":{"index":"index","follow":"follow","max-snippet":"max-snippet:-1","max-image-preview":"max-image-preview:large","max-video-preview":"max-video-preview:-1"},"canonical":"https:\/\/unaymilletras.com\/en\/maroon-5-y-martin-garrix-lideran-el-regreso-de-o-gozo-festival-2026\/","og_locale":"en_GB","og_type":"article","og_title":"Maroon 5 y Martin Garrix lideran el regreso de O Gozo Festival 2026 &#8902; Una y Mil Letras","og_description":"Descubre el cartel de O Gozo Festival 2026 con Maroon 5, Martin Garrix, Danny Ocean, Rita Ora y Miriam Rodr\u00edguez.","og_url":"https:\/\/unaymilletras.com\/en\/maroon-5-y-martin-garrix-lideran-el-regreso-de-o-gozo-festival-2026\/","og_site_name":"Una y Mil Letras","article_published_time":"2025-12-12T12:40:47+00:00","og_image":[{"width":2560,"height":1440,"url":"http:\/\/unaymilletras.com\/wp-content\/uploads\/2025\/12\/unnamed-39-scaled.jpg","type":"image\/jpeg"}],"author":"Luc\u00eda Fandi\u00f1o","twitter_card":"summary_large_image","twitter_creator":"@UnaYMilLetras","twitter_site":"@UnaYMilLetras","twitter_misc":{"Written by":"Luc\u00eda Fandi\u00f1o","Estimated reading time":"3 minutes"},"schema":{"@context":"https:\/\/schema.org","@graph":[{"@type":"Article","@id":"https:\/\/unaymilletras.com\/maroon-5-y-martin-garrix-lideran-el-regreso-de-o-gozo-festival-2026\/#article","isPartOf":{"@id":"https:\/\/unaymilletras.com\/maroon-5-y-martin-garrix-lideran-el-regreso-de-o-gozo-festival-2026\/"},"author":{"name":"Luc\u00eda Fandi\u00f1o","@id":"http:\/\/unaymilletras.com\/#\/schema\/person\/047a24f09ead3f0ba2387e5df86d9336"},"headline":"Maroon 5 y Martin Garrix lideran el regreso de O Gozo Festival 2026","datePublished":"2025-12-12T12:40:47+00:00","mainEntityOfPage":{"@id":"https:\/\/unaymilletras.com\/maroon-5-y-martin-garrix-lideran-el-regreso-de-o-gozo-festival-2026\/"},"wordCount":489,"publisher":{"@id":"http:\/\/unaymilletras.com\/#organization"},"image":{"@id":"https:\/\/unaymilletras.com\/maroon-5-y-martin-garrix-lideran-el-regreso-de-o-gozo-festival-2026\/#primaryimage"},"thumbnailUrl":"https:\/\/unaymilletras.com\/wp-content\/uploads\/2025\/12\/unnamed-39-scaled-e1765721898191.jpg","keywords":["Danny Ocean","Galicia","Maroon 5","Martin Garrix","Miriam Rodr\u00edguez","Monte do Gozo","O Gozo Festival","Rita Ora","Santiago de Compostela"],"articleSection":["Eventos","M\u00fasica"],"inLanguage":"en-GB"},{"@type":"WebPage","@id":"https:\/\/unaymilletras.com\/maroon-5-y-martin-garrix-lideran-el-regreso-de-o-gozo-festival-2026\/","url":"https:\/\/unaymilletras.com\/maroon-5-y-martin-garrix-lideran-el-regreso-de-o-gozo-festival-2026\/","name":"Maroon 5 y Martin Garrix lideran el regreso de O Gozo Festival 2026 &#8902; Una y Mil Letras","isPartOf":{"@id":"http:\/\/unaymilletras.com\/#website"},"primaryImageOfPage":{"@id":"https:\/\/unaymilletras.com\/maroon-5-y-martin-garrix-lideran-el-regreso-de-o-gozo-festival-2026\/#primaryimage"},"image":{"@id":"https:\/\/unaymilletras.com\/maroon-5-y-martin-garrix-lideran-el-regreso-de-o-gozo-festival-2026\/#primaryimage"},"thumbnailUrl":"https:\/\/unaymilletras.com\/wp-content\/uploads\/2025\/12\/unnamed-39-scaled-e1765721898191.jpg","datePublished":"2025-12-12T12:40:47+00:00","description":"Descubre el cartel de O Gozo Festival 2026 con Maroon 5, Martin Garrix, Danny Ocean, Rita Ora y Miriam Rodr\u00edguez.","breadcrumb":{"@id":"https:\/\/unaymilletras.com\/maroon-5-y-martin-garrix-lideran-el-regreso-de-o-gozo-festival-2026\/#breadcrumb"},"inLanguage":"en-GB","potentialAction":[{"@type":"ReadAction","target":["https:\/\/unaymilletras.com\/maroon-5-y-martin-garrix-lideran-el-regreso-de-o-gozo-festival-2026\/"]}]},{"@type":"ImageObject","inLanguage":"en-GB","@id":"https:\/\/unaymilletras.com\/maroon-5-y-martin-garrix-lideran-el-regreso-de-o-gozo-festival-2026\/#primaryimage","url":"https:\/\/unaymilletras.com\/wp-content\/uploads\/2025\/12\/unnamed-39-scaled-e1765721898191.jpg","contentUrl":"https:\/\/unaymilletras.com\/wp-content\/uploads\/2025\/12\/unnamed-39-scaled-e1765721898191.jpg","width":600,"height":338,"caption":"Fuente: Live Nation"},{"@type":"BreadcrumbList","@id":"https:\/\/unaymilletras.com\/maroon-5-y-martin-garrix-lideran-el-regreso-de-o-gozo-festival-2026\/#breadcrumb","itemListElement":[{"@type":"ListItem","position":1,"name":"Home","item":"http:\/\/unaymilletras.com\/"},{"@type":"ListItem","position":2,"name":"Maroon 5 y Martin Garrix lideran el regreso de O Gozo Festival 2026"}]},{"@type":"WebSite","@id":"http:\/\/unaymilletras.com\/#website","url":"http:\/\/unaymilletras.com\/","name":"Una y Mil Letras","description":"","publisher":{"@id":"http:\/\/unaymilletras.com\/#organization"},"potentialAction":[{"@type":"SearchAction","target":{"@type":"EntryPoint","urlTemplate":"http:\/\/unaymilletras.com\/?s={search_term_string}"},"query-input":{"@type":"PropertyValueSpecification","valueRequired":true,"valueName":"search_term_string"}}],"inLanguage":"en-GB"},{"@type":"Organization","@id":"http:\/\/unaymilletras.com\/#organization","name":"Una y Mil Letras","url":"http:\/\/unaymilletras.com\/","logo":{"@type":"ImageObject","inLanguage":"en-GB","@id":"http:\/\/unaymilletras.com\/#\/schema\/logo\/image\/","url":"https:\/\/unaymilletras.com\/wp-content\/uploads\/2024\/06\/cropped-Logo-removebg-preview.png","contentUrl":"https:\/\/unaymilletras.com\/wp-content\/uploads\/2024\/06\/cropped-Logo-removebg-preview.png","width":512,"height":512,"caption":"Una y Mil Letras"},"image":{"@id":"http:\/\/unaymilletras.com\/#\/schema\/logo\/image\/"},"sameAs":["https:\/\/x.com\/UnaYMilLetras","https:\/\/instagram.com\/UnaYMilLetras"]},{"@type":"Person","@id":"http:\/\/unaymilletras.com\/#\/schema\/person\/047a24f09ead3f0ba2387e5df86d9336","name":"Luc\u00eda Fandi\u00f1o","image":{"@type":"ImageObject","inLanguage":"en-GB","@id":"https:\/\/secure.gravatar.com\/avatar\/d22d9eea03f89c5d17f4b05c3efeb11bad23ff32b99e63bbf54232bc1b6a06b2?s=96&d=mm&r=g","url":"https:\/\/secure.gravatar.com\/avatar\/d22d9eea03f89c5d17f4b05c3efeb11bad23ff32b99e63bbf54232bc1b6a06b2?s=96&d=mm&r=g","contentUrl":"https:\/\/secure.gravatar.com\/avatar\/d22d9eea03f89c5d17f4b05c3efeb11bad23ff32b99e63bbf54232bc1b6a06b2?s=96&d=mm&r=g","caption":"Luc\u00eda Fandi\u00f1o"},"sameAs":["www.instagram.com\/luciaafandino"],"url":"https:\/\/unaymilletras.com\/en\/author\/luciaafandino\/"}]}},"_links":{"self":[{"href":"https:\/\/unaymilletras.com\/en\/wp-json\/wp\/v2\/posts\/6772","targetHints":{"allow":["GET"]}}],"collection":[{"href":"https:\/\/unaymilletras.com\/en\/wp-json\/wp\/v2\/posts"}],"about":[{"href":"https:\/\/unaymilletras.com\/en\/wp-json\/wp\/v2\/types\/post"}],"author":[{"embeddable":true,"href":"https:\/\/unaymilletras.com\/en\/wp-json\/wp\/v2\/users\/5"}],"replies":[{"embeddable":true,"href":"https:\/\/unaymilletras.com\/en\/wp-json\/wp\/v2\/comments?post=6772"}],"version-history":[{"count":3,"href":"https:\/\/unaymilletras.com\/en\/wp-json\/wp\/v2\/posts\/6772\/revisions"}],"predecessor-version":[{"id":6776,"href":"https:\/\/unaymilletras.com\/en\/wp-json\/wp\/v2\/posts\/6772\/revisions\/6776"}],"wp:featuredmedia":[{"embeddable":true,"href":"https:\/\/unaymilletras.com\/en\/wp-json\/wp\/v2\/media\/6777"}],"wp:attachment":[{"href":"https:\/\/unaymilletras.com\/en\/wp-json\/wp\/v2\/media?parent=6772"}],"wp:term":[{"taxonomy":"category","embeddable":true,"href":"https:\/\/unaymilletras.com\/en\/wp-json\/wp\/v2\/categories?post=6772"},{"taxonomy":"post_tag","embeddable":true,"href":"https:\/\/unaymilletras.com\/en\/wp-json\/wp\/v2\/tags?post=6772"}],"curies":[{"name":"wp","href":"https:\/\/api.w.org\/{rel}","templated":true}]}}