{"id":6794,"date":"2025-12-13T15:42:47","date_gmt":"2025-12-13T14:42:47","guid":{"rendered":"https:\/\/unaymilletras.com\/?p=6794"},"modified":"2025-12-14T15:14:41","modified_gmt":"2025-12-14T14:14:41","slug":"melendi-inaugura-starlite-madrid-con-una-noche-de-celebracion","status":"publish","type":"post","link":"https:\/\/unaymilletras.com\/en\/melendi-inaugura-starlite-madrid-con-una-noche-de-celebracion\/","title":{"rendered":"Melendi inaugura Starlite Madrid con una noche de celebraci\u00f3n"},"content":{"rendered":"<div data-elementor-type=\"wp-post\" data-elementor-id=\"6794\" class=\"elementor elementor-6794\">\n\t\t\t\t\t\t<section class=\"elementor-section elementor-top-section elementor-element elementor-element-3a5be0f elementor-section-boxed elementor-section-height-default elementor-section-height-default\" data-id=\"3a5be0f\" data-element_type=\"section\" data-e-type=\"section\">\n\t\t\t\t\t\t<div class=\"elementor-container elementor-column-gap-default\">\n\t\t\t\t\t<div class=\"elementor-column elementor-col-100 elementor-top-column elementor-element elementor-element-914dfaa\" data-id=\"914dfaa\" data-element_type=\"column\" data-e-type=\"column\">\n\t\t\t<div class=\"elementor-widget-wrap elementor-element-populated\">\n\t\t\t\t\t\t<div class=\"elementor-element elementor-element-608205a elementor-widget elementor-widget-text-editor\" data-id=\"608205a\" data-element_type=\"widget\" data-e-type=\"widget\" data-widget_type=\"text-editor.default\">\n\t\t\t\t<div class=\"elementor-widget-container\">\n\t\t\t\t\t\t\t\t\t<p style=\"text-align: justify\">Ayer por la noche, <strong data-start=\"312\" data-end=\"331\">Starlite Madrid<\/strong> vivi\u00f3 una de sus jornadas m\u00e1s emotivas y vibrantes con el concierto inaugural de <strong data-start=\"413\" data-end=\"424\">Melendi<\/strong>, que abri\u00f3 oficialmente su tercera edici\u00f3n en los pabellones 12 y 14 de IFEMA. El evento, dentro de la programaci\u00f3n musical de Navidad en Madrid, reuni\u00f3 a numerosos aficionados con ganas de disfrutar del ambiente festivo y de una propuesta musical que se prolongar\u00e1 hasta el pr\u00f3ximo 23 de diciembre.<\/p>\t\t\t\t\t\t\t\t<\/div>\n\t\t\t\t<\/div>\n\t\t\t\t\t<\/div>\n\t\t<\/div>\n\t\t\t\t\t<\/div>\n\t\t<\/section>\n\t\t\t\t<section class=\"elementor-section elementor-top-section elementor-element elementor-element-bbe9ab8 elementor-section-boxed elementor-section-height-default elementor-section-height-default\" data-id=\"bbe9ab8\" data-element_type=\"section\" data-e-type=\"section\">\n\t\t\t\t\t\t<div class=\"elementor-container elementor-column-gap-default\">\n\t\t\t\t\t<div class=\"elementor-column elementor-col-100 elementor-top-column elementor-element elementor-element-7ba0cf9\" data-id=\"7ba0cf9\" data-element_type=\"column\" data-e-type=\"column\">\n\t\t\t<div class=\"elementor-widget-wrap elementor-element-populated\">\n\t\t\t\t\t\t<div class=\"elementor-element elementor-element-5b6549b elementor-widget elementor-widget-image\" data-id=\"5b6549b\" data-element_type=\"widget\" data-e-type=\"widget\" data-widget_type=\"image.default\">\n\t\t\t\t<div class=\"elementor-widget-container\">\n\t\t\t\t\t\t\t\t\t\t\t\t\t\t\t<img fetchpriority=\"high\" decoding=\"async\" width=\"640\" height=\"427\" src=\"https:\/\/unaymilletras.com\/wp-content\/uploads\/2025\/12\/MELENDI_STARLITE-MADRID-14-1024x683.jpg\" class=\"attachment-large size-large wp-image-6811\" alt=\"Melendi\" srcset=\"https:\/\/unaymilletras.com\/wp-content\/uploads\/2025\/12\/MELENDI_STARLITE-MADRID-14-1024x683.jpg 1024w, https:\/\/unaymilletras.com\/wp-content\/uploads\/2025\/12\/MELENDI_STARLITE-MADRID-14-300x200.jpg 300w, https:\/\/unaymilletras.com\/wp-content\/uploads\/2025\/12\/MELENDI_STARLITE-MADRID-14-768x512.jpg 768w, https:\/\/unaymilletras.com\/wp-content\/uploads\/2025\/12\/MELENDI_STARLITE-MADRID-14-1536x1024.jpg 1536w, https:\/\/unaymilletras.com\/wp-content\/uploads\/2025\/12\/MELENDI_STARLITE-MADRID-14-2048x1365.jpg 2048w, https:\/\/unaymilletras.com\/wp-content\/uploads\/2025\/12\/MELENDI_STARLITE-MADRID-14-18x12.jpg 18w, https:\/\/unaymilletras.com\/wp-content\/uploads\/2025\/12\/MELENDI_STARLITE-MADRID-14-scaled-e1765721691945.jpg 600w\" sizes=\"(max-width: 640px) 100vw, 640px\" \/>\t\t\t\t\t\t\t\t\t\t\t\t\t\t\t<\/div>\n\t\t\t\t<\/div>\n\t\t\t\t\t<\/div>\n\t\t<\/div>\n\t\t\t\t\t<\/div>\n\t\t<\/section>\n\t\t\t\t<section class=\"elementor-section elementor-top-section elementor-element elementor-element-bee2dc9 elementor-section-boxed elementor-section-height-default elementor-section-height-default\" data-id=\"bee2dc9\" data-element_type=\"section\" data-e-type=\"section\">\n\t\t\t\t\t\t<div class=\"elementor-container elementor-column-gap-default\">\n\t\t\t\t\t<div class=\"elementor-column elementor-col-100 elementor-top-column elementor-element elementor-element-3d3b311\" data-id=\"3d3b311\" data-element_type=\"column\" data-e-type=\"column\">\n\t\t\t<div class=\"elementor-widget-wrap elementor-element-populated\">\n\t\t\t\t\t\t<div class=\"elementor-element elementor-element-0288516 elementor-widget elementor-widget-text-editor\" data-id=\"0288516\" data-element_type=\"widget\" data-e-type=\"widget\" data-widget_type=\"text-editor.default\">\n\t\t\t\t<div class=\"elementor-widget-container\">\n\t\t\t\t\t\t\t\t\t<p style=\"text-align: justify\">Con las puertas abiertas desde las 19:00, y algo m\u00e1s de dos horas por delante hasta el inicio del concierto, el recinto fue cobrando vida poco a poco. P\u00fablico de todas las edades y grupos de amigos se mov\u00edan entre barras, espacios gastron\u00f3micos y zonas comunes mientras sonaba m\u00fasica ambiente. La espera, lejos de sentirse larga, form\u00f3 parte de la experiencia: un ambiente relajado, festivo y muy reconocible del universo Starlite que fue calentando motores hasta que, pasadas las 21:30, se apagaron las luces y comenz\u00f3 el espect\u00e1culo.<\/p>\t\t\t\t\t\t\t\t<\/div>\n\t\t\t\t<\/div>\n\t\t\t\t\t<\/div>\n\t\t<\/div>\n\t\t\t\t\t<\/div>\n\t\t<\/section>\n\t\t\t\t<section class=\"elementor-section elementor-top-section elementor-element elementor-element-d8e18cb elementor-section-boxed elementor-section-height-default elementor-section-height-default\" data-id=\"d8e18cb\" data-element_type=\"section\" data-e-type=\"section\">\n\t\t\t\t\t\t<div class=\"elementor-container elementor-column-gap-default\">\n\t\t\t\t\t<div class=\"elementor-column elementor-col-100 elementor-top-column elementor-element elementor-element-cb1543f\" data-id=\"cb1543f\" data-element_type=\"column\" data-e-type=\"column\">\n\t\t\t<div class=\"elementor-widget-wrap elementor-element-populated\">\n\t\t\t\t\t\t<div class=\"elementor-element elementor-element-abae98c elementor-widget elementor-widget-text-editor\" data-id=\"abae98c\" data-element_type=\"widget\" data-e-type=\"widget\" data-widget_type=\"text-editor.default\">\n\t\t\t\t<div class=\"elementor-widget-container\">\n\t\t\t\t\t\t\t\t\t<p style=\"text-align: justify\">El artista asturiano salt\u00f3 al escenario ante un <strong data-start=\"1307\" data-end=\"1330\">\u2018sold out\u2019 absoluto<\/strong>, poniendo en pie a un p\u00fablico entregado que core\u00f3 desde los primeros acordes. \u00c9xitos como \u201cHablando en plata\u201d, \u00abCaminando por la vida\u00bb y \u201cCon solo una sonrisa\u201d se mezclaron con los aplausos y los m\u00f3viles encendidos, creando una conexi\u00f3n c\u00e1lida entre el artista y su audiencia.<\/p>\t\t\t\t\t\t\t\t<\/div>\n\t\t\t\t<\/div>\n\t\t\t\t\t<\/div>\n\t\t<\/div>\n\t\t\t\t\t<\/div>\n\t\t<\/section>\n\t\t\t\t<section class=\"elementor-section elementor-top-section elementor-element elementor-element-6b56553 elementor-section-boxed elementor-section-height-default elementor-section-height-default\" data-id=\"6b56553\" data-element_type=\"section\" data-e-type=\"section\">\n\t\t\t\t\t\t<div class=\"elementor-container elementor-column-gap-default\">\n\t\t\t\t\t<div class=\"elementor-column elementor-col-50 elementor-top-column elementor-element elementor-element-805899c\" data-id=\"805899c\" data-element_type=\"column\" data-e-type=\"column\">\n\t\t\t<div class=\"elementor-widget-wrap elementor-element-populated\">\n\t\t\t\t\t\t<div class=\"elementor-element elementor-element-fa60728 elementor-widget elementor-widget-image\" data-id=\"fa60728\" data-element_type=\"widget\" data-e-type=\"widget\" data-widget_type=\"image.default\">\n\t\t\t\t<div class=\"elementor-widget-container\">\n\t\t\t\t\t\t\t\t\t\t\t\t\t\t\t<img decoding=\"async\" width=\"300\" height=\"210\" src=\"https:\/\/unaymilletras.com\/wp-content\/uploads\/2025\/12\/robe-iniesta-300x210.webp\" class=\"attachment-medium size-medium wp-image-6804\" alt=\"\" srcset=\"https:\/\/unaymilletras.com\/wp-content\/uploads\/2025\/12\/robe-iniesta-300x210.webp 300w, https:\/\/unaymilletras.com\/wp-content\/uploads\/2025\/12\/robe-iniesta-1024x717.webp 1024w, https:\/\/unaymilletras.com\/wp-content\/uploads\/2025\/12\/robe-iniesta-768x538.webp 768w, https:\/\/unaymilletras.com\/wp-content\/uploads\/2025\/12\/robe-iniesta-18x12.webp 18w, https:\/\/unaymilletras.com\/wp-content\/uploads\/2025\/12\/robe-iniesta-e1765721779779.webp 600w\" sizes=\"(max-width: 300px) 100vw, 300px\" \/>\t\t\t\t\t\t\t\t\t\t\t\t\t\t\t<\/div>\n\t\t\t\t<\/div>\n\t\t\t\t\t<\/div>\n\t\t<\/div>\n\t\t\t\t<div class=\"elementor-column elementor-col-50 elementor-top-column elementor-element elementor-element-083fb7a\" data-id=\"083fb7a\" data-element_type=\"column\" data-e-type=\"column\">\n\t\t\t<div class=\"elementor-widget-wrap elementor-element-populated\">\n\t\t\t\t\t\t<div class=\"elementor-element elementor-element-139332f elementor-widget elementor-widget-text-editor\" data-id=\"139332f\" data-element_type=\"widget\" data-e-type=\"widget\" data-widget_type=\"text-editor.default\">\n\t\t\t\t<div class=\"elementor-widget-container\">\n\t\t\t\t\t\t\t\t\t<p style=\"text-align: justify\">Uno de los momentos m\u00e1s especiales de la noche lleg\u00f3 hacia el final del concierto, cuando Melendi quiso detenerse para rendir <strong data-start=\"1803\" data-end=\"1830\">homenaje a Robe Iniesta<\/strong>, m\u00edtico cantante de Extremoduro, recientemente fallecido. Con palabras de respeto y admiraci\u00f3n, record\u00f3 su figura y su legado en la m\u00fasica espa\u00f1ola antes de interpretar \u00abArriba Extremoduro\u00bb, una dedicatoria que transform\u00f3 el recinto en una gran ovaci\u00f3n.\u00a0<\/p>\t\t\t\t\t\t\t\t<\/div>\n\t\t\t\t<\/div>\n\t\t\t\t\t<\/div>\n\t\t<\/div>\n\t\t\t\t\t<\/div>\n\t\t<\/section>\n\t\t\t\t<section class=\"elementor-section elementor-top-section elementor-element elementor-element-03af104 elementor-section-boxed elementor-section-height-default elementor-section-height-default\" data-id=\"03af104\" data-element_type=\"section\" data-e-type=\"section\">\n\t\t\t\t\t\t<div class=\"elementor-container elementor-column-gap-default\">\n\t\t\t\t\t<div class=\"elementor-column elementor-col-100 elementor-top-column elementor-element elementor-element-9ec4134\" data-id=\"9ec4134\" data-element_type=\"column\" data-e-type=\"column\">\n\t\t\t<div class=\"elementor-widget-wrap elementor-element-populated\">\n\t\t\t\t\t\t<div class=\"elementor-element elementor-element-1e2ef03 elementor-widget elementor-widget-text-editor\" data-id=\"1e2ef03\" data-element_type=\"widget\" data-e-type=\"widget\" data-widget_type=\"text-editor.default\">\n\t\t\t\t<div class=\"elementor-widget-container\">\n\t\t\t\t\t\t\t\t\t<p style=\"text-align: justify\">El broche final lo puso \u00abL\u00e1grimas desordenadas<em data-start=\"2154\" data-end=\"2177\">\u00ab<\/em>, coreada de principio a fin por un p\u00fablico ya entregado, que despidi\u00f3 al artista entre ovaciones. Un cierre a la altura de una noche que no solo inaugur\u00f3 Starlite Madrid, sino que confirm\u00f3 su apuesta por convertir la m\u00fasica en directo en una experiencia que va m\u00e1s all\u00e1 del concierto.<\/p>\t\t\t\t\t\t\t\t<\/div>\n\t\t\t\t<\/div>\n\t\t\t\t\t<\/div>\n\t\t<\/div>\n\t\t\t\t\t<\/div>\n\t\t<\/section>\n\t\t\t\t<section class=\"elementor-section elementor-top-section elementor-element elementor-element-16b3be3 elementor-section-boxed elementor-section-height-default elementor-section-height-default\" data-id=\"16b3be3\" data-element_type=\"section\" data-e-type=\"section\">\n\t\t\t\t\t\t<div class=\"elementor-container elementor-column-gap-default\">\n\t\t\t\t\t<div class=\"elementor-column elementor-col-100 elementor-top-column elementor-element elementor-element-67b9509\" data-id=\"67b9509\" data-element_type=\"column\" data-e-type=\"column\">\n\t\t\t<div class=\"elementor-widget-wrap elementor-element-populated\">\n\t\t\t\t\t\t<div class=\"elementor-element elementor-element-af62d52 elementor-widget elementor-widget-text-editor\" data-id=\"af62d52\" data-element_type=\"widget\" data-e-type=\"widget\" data-widget_type=\"text-editor.default\">\n\t\t\t\t<div class=\"elementor-widget-container\">\n\t\t\t\t\t\t\t\t\t<h3>M\u00e1s que un concierto<\/h3>\t\t\t\t\t\t\t\t<\/div>\n\t\t\t\t<\/div>\n\t\t\t\t\t<\/div>\n\t\t<\/div>\n\t\t\t\t\t<\/div>\n\t\t<\/section>\n\t\t\t\t<section class=\"elementor-section elementor-top-section elementor-element elementor-element-9ac4d04 elementor-section-boxed elementor-section-height-default elementor-section-height-default\" data-id=\"9ac4d04\" data-element_type=\"section\" data-e-type=\"section\">\n\t\t\t\t\t\t<div class=\"elementor-container elementor-column-gap-default\">\n\t\t\t\t\t<div class=\"elementor-column elementor-col-50 elementor-top-column elementor-element elementor-element-a355fad\" data-id=\"a355fad\" data-element_type=\"column\" data-e-type=\"column\">\n\t\t\t<div class=\"elementor-widget-wrap elementor-element-populated\">\n\t\t\t\t\t\t<div class=\"elementor-element elementor-element-4e5bed5 elementor-widget__width-initial elementor-widget elementor-widget-text-editor\" data-id=\"4e5bed5\" data-element_type=\"widget\" data-e-type=\"widget\" data-widget_type=\"text-editor.default\">\n\t\t\t\t<div class=\"elementor-widget-container\">\n\t\t\t\t\t\t\t\t\t<p style=\"text-align: justify\"><span style=\"color: #808080\"><a style=\"color: #808080\" href=\"https:\/\/starlitemadrid.com\/\">Starlite Madrid<\/a> <\/span>no es solo m\u00fasica en vivo: es una experiencia que mezcla conciertos con gastronom\u00eda, ocio y un ambiente festivo que invita a quedarse. Adem\u00e1s de la actuaci\u00f3n de Melendi, el festival contempla actuaciones de nombres como Ricky Martin (13 de diciembre), Disney in Concert (14), India Mart\u00ednez (16), Miguel Poveda (19) o Manuel Carrasco (22), lo que convierte a este evento en un <strong data-start=\"2528\" data-end=\"2584\">espacio musical para todos los gustos y generaciones<\/strong>.<\/p>\t\t\t\t\t\t\t\t<\/div>\n\t\t\t\t<\/div>\n\t\t\t\t\t<\/div>\n\t\t<\/div>\n\t\t\t\t<div class=\"elementor-column elementor-col-50 elementor-top-column elementor-element elementor-element-de02dfd\" data-id=\"de02dfd\" data-element_type=\"column\" data-e-type=\"column\">\n\t\t\t<div class=\"elementor-widget-wrap elementor-element-populated\">\n\t\t\t\t\t\t<div class=\"elementor-element elementor-element-e55b9be elementor-widget__width-initial elementor-widget elementor-widget-image\" data-id=\"e55b9be\" data-element_type=\"widget\" data-e-type=\"widget\" data-widget_type=\"image.default\">\n\t\t\t\t<div class=\"elementor-widget-container\">\n\t\t\t\t\t\t\t\t\t\t\t\t\t\t\t<img decoding=\"async\" width=\"640\" height=\"600\" src=\"https:\/\/unaymilletras.com\/wp-content\/uploads\/2025\/12\/starlite.png\" class=\"attachment-large size-large wp-image-6803\" alt=\"\" srcset=\"https:\/\/unaymilletras.com\/wp-content\/uploads\/2025\/12\/starlite.png 728w, https:\/\/unaymilletras.com\/wp-content\/uploads\/2025\/12\/starlite-300x281.png 300w, https:\/\/unaymilletras.com\/wp-content\/uploads\/2025\/12\/starlite-13x12.png 13w\" sizes=\"(max-width: 640px) 100vw, 640px\" \/>\t\t\t\t\t\t\t\t\t\t\t\t\t\t\t<\/div>\n\t\t\t\t<\/div>\n\t\t\t\t\t<\/div>\n\t\t<\/div>\n\t\t\t\t\t<\/div>\n\t\t<\/section>\n\t\t\t\t<section class=\"elementor-section elementor-top-section elementor-element elementor-element-cc4d46e elementor-section-boxed elementor-section-height-default elementor-section-height-default\" data-id=\"cc4d46e\" data-element_type=\"section\" data-e-type=\"section\">\n\t\t\t\t\t\t<div class=\"elementor-container elementor-column-gap-default\">\n\t\t\t\t\t<div class=\"elementor-column elementor-col-100 elementor-top-column elementor-element elementor-element-0a5f9a9\" data-id=\"0a5f9a9\" data-element_type=\"column\" data-e-type=\"column\">\n\t\t\t<div class=\"elementor-widget-wrap elementor-element-populated\">\n\t\t\t\t\t\t<div class=\"elementor-element elementor-element-152bbcc elementor-widget elementor-widget-text-editor\" data-id=\"152bbcc\" data-element_type=\"widget\" data-e-type=\"widget\" data-widget_type=\"text-editor.default\">\n\t\t\t\t<div class=\"elementor-widget-container\">\n\t\t\t\t\t\t\t\t\t<p style=\"text-align: justify\">A la salida, el p\u00fablico comentaba el buen ambiente de la noche, la energ\u00eda del concierto y lo bien que son\u00f3 todo. Muchos coincid\u00edan en que Starlite Madrid consigue unir la m\u00fasica en directo con el esp\u00edritu navide\u00f1o, convirti\u00e9ndose en uno de los planes culturales m\u00e1s destacados de estas semanas en la ciudad.<\/p>\t\t\t\t\t\t\t\t<\/div>\n\t\t\t\t<\/div>\n\t\t\t\t\t<\/div>\n\t\t<\/div>\n\t\t\t\t\t<\/div>\n\t\t<\/section>\n\t\t\t\t<section class=\"elementor-section elementor-top-section elementor-element elementor-element-c7ed6ec elementor-section-boxed elementor-section-height-default elementor-section-height-default\" data-id=\"c7ed6ec\" data-element_type=\"section\" data-e-type=\"section\">\n\t\t\t\t\t\t<div class=\"elementor-container elementor-column-gap-default\">\n\t\t\t\t\t<div class=\"elementor-column elementor-col-100 elementor-top-column elementor-element elementor-element-0ad6358\" data-id=\"0ad6358\" data-element_type=\"column\" data-e-type=\"column\">\n\t\t\t<div class=\"elementor-widget-wrap elementor-element-populated\">\n\t\t\t\t\t\t<div class=\"elementor-element elementor-element-479c3ab elementor-widget elementor-widget-text-editor\" data-id=\"479c3ab\" data-element_type=\"widget\" data-e-type=\"widget\" data-widget_type=\"text-editor.default\">\n\t\t\t\t<div class=\"elementor-widget-container\">\n\t\t\t\t\t\t\t\t\t<p>Sigue descubriendo m\u00e1s sobre la actualidad musical en\u00a0<em><a href=\"https:\/\/unaymilletras.com\/en\/\">Una y mil letras<\/a>.<\/em><\/p>\t\t\t\t\t\t\t\t<\/div>\n\t\t\t\t<\/div>\n\t\t\t\t\t<\/div>\n\t\t<\/div>\n\t\t\t\t\t<\/div>\n\t\t<\/section>\n\t\t\t\t<\/div>","protected":false},"excerpt":{"rendered":"<p>Ayer por la noche, Starlite Madrid vivi\u00f3 una de sus jornadas m\u00e1s emotivas y vibrantes con el concierto inaugural de Melendi, que abri\u00f3 oficialmente su tercera edici\u00f3n en los pabellones 12 y 14 de IFEMA. El evento, dentro de la programaci\u00f3n musical de Navidad en Madrid, reuni\u00f3 a numerosos aficionados con ganas de disfrutar del [&hellip;]<\/p>\n","protected":false},"author":13,"featured_media":6811,"comment_status":"closed","ping_status":"closed","sticky":false,"template":"","format":"standard","meta":{"footnotes":""},"categories":[119,4],"tags":[],"class_list":["post-6794","post","type-post","status-publish","format-standard","has-post-thumbnail","hentry","category-eventos","category-musica"],"yoast_head":"<!-- This site is optimized with the Yoast SEO plugin v27.4 - https:\/\/yoast.com\/product\/yoast-seo-wordpress\/ -->\n<title>Melendi inaugura Starlite Madrid con un gran concierto<\/title>\n<meta name=\"description\" content=\"Melendi inaugura Starlite Madrid con un concierto lleno de emoci\u00f3n, grandes \u00e9xitos y un homenaje a Robe Iniesta.\" \/>\n<meta name=\"robots\" content=\"index, follow, max-snippet:-1, max-image-preview:large, max-video-preview:-1\" \/>\n<link rel=\"canonical\" href=\"https:\/\/unaymilletras.com\/en\/melendi-inaugura-starlite-madrid-con-una-noche-de-celebracion\/\" \/>\n<meta property=\"og:locale\" content=\"en_GB\" \/>\n<meta property=\"og:type\" content=\"article\" \/>\n<meta property=\"og:title\" content=\"Melendi inaugura Starlite Madrid con un gran concierto\" \/>\n<meta property=\"og:description\" content=\"Melendi inaugura Starlite Madrid con un concierto lleno de emoci\u00f3n, grandes \u00e9xitos y un homenaje a Robe Iniesta.\" \/>\n<meta property=\"og:url\" content=\"https:\/\/unaymilletras.com\/en\/melendi-inaugura-starlite-madrid-con-una-noche-de-celebracion\/\" \/>\n<meta property=\"og:site_name\" content=\"Una y Mil Letras\" \/>\n<meta property=\"article:published_time\" content=\"2025-12-13T14:42:47+00:00\" \/>\n<meta property=\"article:modified_time\" content=\"2025-12-14T14:14:41+00:00\" \/>\n<meta property=\"og:image\" content=\"http:\/\/unaymilletras.com\/wp-content\/uploads\/2025\/12\/MELENDI_STARLITE-MADRID-14-scaled.jpg\" \/>\n\t<meta property=\"og:image:width\" content=\"2560\" \/>\n\t<meta property=\"og:image:height\" content=\"1707\" \/>\n\t<meta property=\"og:image:type\" content=\"image\/jpeg\" \/>\n<meta name=\"author\" content=\"Alba Benito\" \/>\n<meta name=\"twitter:card\" content=\"summary_large_image\" \/>\n<meta name=\"twitter:creator\" content=\"@UnaYMilLetras\" \/>\n<meta name=\"twitter:site\" content=\"@UnaYMilLetras\" \/>\n<meta name=\"twitter:label1\" content=\"Written by\" \/>\n\t<meta name=\"twitter:data1\" content=\"Alba Benito\" \/>\n\t<meta name=\"twitter:label2\" content=\"Estimated reading time\" \/>\n\t<meta name=\"twitter:data2\" content=\"3 minutes\" \/>\n<script type=\"application\/ld+json\" class=\"yoast-schema-graph\">{\"@context\":\"https:\\\/\\\/schema.org\",\"@graph\":[{\"@type\":\"Article\",\"@id\":\"https:\\\/\\\/unaymilletras.com\\\/melendi-inaugura-starlite-madrid-con-una-noche-de-celebracion\\\/#article\",\"isPartOf\":{\"@id\":\"https:\\\/\\\/unaymilletras.com\\\/melendi-inaugura-starlite-madrid-con-una-noche-de-celebracion\\\/\"},\"author\":{\"name\":\"Alba Benito\",\"@id\":\"http:\\\/\\\/unaymilletras.com\\\/#\\\/schema\\\/person\\\/a10550e4bff9a23f941f52b2cd5d8686\"},\"headline\":\"Melendi inaugura Starlite Madrid con una noche de celebraci\u00f3n\",\"datePublished\":\"2025-12-13T14:42:47+00:00\",\"dateModified\":\"2025-12-14T14:14:41+00:00\",\"mainEntityOfPage\":{\"@id\":\"https:\\\/\\\/unaymilletras.com\\\/melendi-inaugura-starlite-madrid-con-una-noche-de-celebracion\\\/\"},\"wordCount\":516,\"publisher\":{\"@id\":\"http:\\\/\\\/unaymilletras.com\\\/#organization\"},\"image\":{\"@id\":\"https:\\\/\\\/unaymilletras.com\\\/melendi-inaugura-starlite-madrid-con-una-noche-de-celebracion\\\/#primaryimage\"},\"thumbnailUrl\":\"https:\\\/\\\/unaymilletras.com\\\/wp-content\\\/uploads\\\/2025\\\/12\\\/MELENDI_STARLITE-MADRID-14-scaled-e1765721691945.jpg\",\"articleSection\":[\"Eventos\",\"M\u00fasica\"],\"inLanguage\":\"en-GB\"},{\"@type\":\"WebPage\",\"@id\":\"https:\\\/\\\/unaymilletras.com\\\/melendi-inaugura-starlite-madrid-con-una-noche-de-celebracion\\\/\",\"url\":\"https:\\\/\\\/unaymilletras.com\\\/melendi-inaugura-starlite-madrid-con-una-noche-de-celebracion\\\/\",\"name\":\"Melendi inaugura Starlite Madrid con un gran concierto\",\"isPartOf\":{\"@id\":\"http:\\\/\\\/unaymilletras.com\\\/#website\"},\"primaryImageOfPage\":{\"@id\":\"https:\\\/\\\/unaymilletras.com\\\/melendi-inaugura-starlite-madrid-con-una-noche-de-celebracion\\\/#primaryimage\"},\"image\":{\"@id\":\"https:\\\/\\\/unaymilletras.com\\\/melendi-inaugura-starlite-madrid-con-una-noche-de-celebracion\\\/#primaryimage\"},\"thumbnailUrl\":\"https:\\\/\\\/unaymilletras.com\\\/wp-content\\\/uploads\\\/2025\\\/12\\\/MELENDI_STARLITE-MADRID-14-scaled-e1765721691945.jpg\",\"datePublished\":\"2025-12-13T14:42:47+00:00\",\"dateModified\":\"2025-12-14T14:14:41+00:00\",\"description\":\"Melendi inaugura Starlite Madrid con un concierto lleno de emoci\u00f3n, grandes \u00e9xitos y un homenaje a Robe Iniesta.\",\"breadcrumb\":{\"@id\":\"https:\\\/\\\/unaymilletras.com\\\/melendi-inaugura-starlite-madrid-con-una-noche-de-celebracion\\\/#breadcrumb\"},\"inLanguage\":\"en-GB\",\"potentialAction\":[{\"@type\":\"ReadAction\",\"target\":[\"https:\\\/\\\/unaymilletras.com\\\/melendi-inaugura-starlite-madrid-con-una-noche-de-celebracion\\\/\"]}]},{\"@type\":\"ImageObject\",\"inLanguage\":\"en-GB\",\"@id\":\"https:\\\/\\\/unaymilletras.com\\\/melendi-inaugura-starlite-madrid-con-una-noche-de-celebracion\\\/#primaryimage\",\"url\":\"https:\\\/\\\/unaymilletras.com\\\/wp-content\\\/uploads\\\/2025\\\/12\\\/MELENDI_STARLITE-MADRID-14-scaled-e1765721691945.jpg\",\"contentUrl\":\"https:\\\/\\\/unaymilletras.com\\\/wp-content\\\/uploads\\\/2025\\\/12\\\/MELENDI_STARLITE-MADRID-14-scaled-e1765721691945.jpg\",\"width\":600,\"height\":400,\"caption\":\"Melendi\"},{\"@type\":\"BreadcrumbList\",\"@id\":\"https:\\\/\\\/unaymilletras.com\\\/melendi-inaugura-starlite-madrid-con-una-noche-de-celebracion\\\/#breadcrumb\",\"itemListElement\":[{\"@type\":\"ListItem\",\"position\":1,\"name\":\"Home\",\"item\":\"http:\\\/\\\/unaymilletras.com\\\/\"},{\"@type\":\"ListItem\",\"position\":2,\"name\":\"Melendi inaugura Starlite Madrid con una noche de celebraci\u00f3n\"}]},{\"@type\":\"WebSite\",\"@id\":\"http:\\\/\\\/unaymilletras.com\\\/#website\",\"url\":\"http:\\\/\\\/unaymilletras.com\\\/\",\"name\":\"Una y Mil Letras\",\"description\":\"\",\"publisher\":{\"@id\":\"http:\\\/\\\/unaymilletras.com\\\/#organization\"},\"potentialAction\":[{\"@type\":\"SearchAction\",\"target\":{\"@type\":\"EntryPoint\",\"urlTemplate\":\"http:\\\/\\\/unaymilletras.com\\\/?s={search_term_string}\"},\"query-input\":{\"@type\":\"PropertyValueSpecification\",\"valueRequired\":true,\"valueName\":\"search_term_string\"}}],\"inLanguage\":\"en-GB\"},{\"@type\":\"Organization\",\"@id\":\"http:\\\/\\\/unaymilletras.com\\\/#organization\",\"name\":\"Una y Mil Letras\",\"url\":\"http:\\\/\\\/unaymilletras.com\\\/\",\"logo\":{\"@type\":\"ImageObject\",\"inLanguage\":\"en-GB\",\"@id\":\"http:\\\/\\\/unaymilletras.com\\\/#\\\/schema\\\/logo\\\/image\\\/\",\"url\":\"https:\\\/\\\/unaymilletras.com\\\/wp-content\\\/uploads\\\/2024\\\/06\\\/cropped-Logo-removebg-preview.png\",\"contentUrl\":\"https:\\\/\\\/unaymilletras.com\\\/wp-content\\\/uploads\\\/2024\\\/06\\\/cropped-Logo-removebg-preview.png\",\"width\":512,\"height\":512,\"caption\":\"Una y Mil Letras\"},\"image\":{\"@id\":\"http:\\\/\\\/unaymilletras.com\\\/#\\\/schema\\\/logo\\\/image\\\/\"},\"sameAs\":[\"https:\\\/\\\/x.com\\\/UnaYMilLetras\",\"https:\\\/\\\/instagram.com\\\/UnaYMilLetras\"]},{\"@type\":\"Person\",\"@id\":\"http:\\\/\\\/unaymilletras.com\\\/#\\\/schema\\\/person\\\/a10550e4bff9a23f941f52b2cd5d8686\",\"name\":\"Alba Benito\",\"image\":{\"@type\":\"ImageObject\",\"inLanguage\":\"en-GB\",\"@id\":\"https:\\\/\\\/secure.gravatar.com\\\/avatar\\\/f227a2222ee313f4b5dea91891742064ec98aa8f11b91568879eaecf941f84de?s=96&d=mm&r=g\",\"url\":\"https:\\\/\\\/secure.gravatar.com\\\/avatar\\\/f227a2222ee313f4b5dea91891742064ec98aa8f11b91568879eaecf941f84de?s=96&d=mm&r=g\",\"contentUrl\":\"https:\\\/\\\/secure.gravatar.com\\\/avatar\\\/f227a2222ee313f4b5dea91891742064ec98aa8f11b91568879eaecf941f84de?s=96&d=mm&r=g\",\"caption\":\"Alba Benito\"},\"url\":\"https:\\\/\\\/unaymilletras.com\\\/en\\\/author\\\/aalbaas_\\\/\"}]}<\/script>\n<!-- \/ Yoast SEO plugin. -->","yoast_head_json":{"title":"Melendi inaugura Starlite Madrid con un gran concierto","description":"Melendi inaugura Starlite Madrid con un concierto lleno de emoci\u00f3n, grandes \u00e9xitos y un homenaje a Robe Iniesta.","robots":{"index":"index","follow":"follow","max-snippet":"max-snippet:-1","max-image-preview":"max-image-preview:large","max-video-preview":"max-video-preview:-1"},"canonical":"https:\/\/unaymilletras.com\/en\/melendi-inaugura-starlite-madrid-con-una-noche-de-celebracion\/","og_locale":"en_GB","og_type":"article","og_title":"Melendi inaugura Starlite Madrid con un gran concierto","og_description":"Melendi inaugura Starlite Madrid con un concierto lleno de emoci\u00f3n, grandes \u00e9xitos y un homenaje a Robe Iniesta.","og_url":"https:\/\/unaymilletras.com\/en\/melendi-inaugura-starlite-madrid-con-una-noche-de-celebracion\/","og_site_name":"Una y Mil Letras","article_published_time":"2025-12-13T14:42:47+00:00","article_modified_time":"2025-12-14T14:14:41+00:00","og_image":[{"width":2560,"height":1707,"url":"http:\/\/unaymilletras.com\/wp-content\/uploads\/2025\/12\/MELENDI_STARLITE-MADRID-14-scaled.jpg","type":"image\/jpeg"}],"author":"Alba Benito","twitter_card":"summary_large_image","twitter_creator":"@UnaYMilLetras","twitter_site":"@UnaYMilLetras","twitter_misc":{"Written by":"Alba Benito","Estimated reading time":"3 minutes"},"schema":{"@context":"https:\/\/schema.org","@graph":[{"@type":"Article","@id":"https:\/\/unaymilletras.com\/melendi-inaugura-starlite-madrid-con-una-noche-de-celebracion\/#article","isPartOf":{"@id":"https:\/\/unaymilletras.com\/melendi-inaugura-starlite-madrid-con-una-noche-de-celebracion\/"},"author":{"name":"Alba Benito","@id":"http:\/\/unaymilletras.com\/#\/schema\/person\/a10550e4bff9a23f941f52b2cd5d8686"},"headline":"Melendi inaugura Starlite Madrid con una noche de celebraci\u00f3n","datePublished":"2025-12-13T14:42:47+00:00","dateModified":"2025-12-14T14:14:41+00:00","mainEntityOfPage":{"@id":"https:\/\/unaymilletras.com\/melendi-inaugura-starlite-madrid-con-una-noche-de-celebracion\/"},"wordCount":516,"publisher":{"@id":"http:\/\/unaymilletras.com\/#organization"},"image":{"@id":"https:\/\/unaymilletras.com\/melendi-inaugura-starlite-madrid-con-una-noche-de-celebracion\/#primaryimage"},"thumbnailUrl":"https:\/\/unaymilletras.com\/wp-content\/uploads\/2025\/12\/MELENDI_STARLITE-MADRID-14-scaled-e1765721691945.jpg","articleSection":["Eventos","M\u00fasica"],"inLanguage":"en-GB"},{"@type":"WebPage","@id":"https:\/\/unaymilletras.com\/melendi-inaugura-starlite-madrid-con-una-noche-de-celebracion\/","url":"https:\/\/unaymilletras.com\/melendi-inaugura-starlite-madrid-con-una-noche-de-celebracion\/","name":"Melendi inaugura Starlite Madrid con un gran concierto","isPartOf":{"@id":"http:\/\/unaymilletras.com\/#website"},"primaryImageOfPage":{"@id":"https:\/\/unaymilletras.com\/melendi-inaugura-starlite-madrid-con-una-noche-de-celebracion\/#primaryimage"},"image":{"@id":"https:\/\/unaymilletras.com\/melendi-inaugura-starlite-madrid-con-una-noche-de-celebracion\/#primaryimage"},"thumbnailUrl":"https:\/\/unaymilletras.com\/wp-content\/uploads\/2025\/12\/MELENDI_STARLITE-MADRID-14-scaled-e1765721691945.jpg","datePublished":"2025-12-13T14:42:47+00:00","dateModified":"2025-12-14T14:14:41+00:00","description":"Melendi inaugura Starlite Madrid con un concierto lleno de emoci\u00f3n, grandes \u00e9xitos y un homenaje a Robe Iniesta.","breadcrumb":{"@id":"https:\/\/unaymilletras.com\/melendi-inaugura-starlite-madrid-con-una-noche-de-celebracion\/#breadcrumb"},"inLanguage":"en-GB","potentialAction":[{"@type":"ReadAction","target":["https:\/\/unaymilletras.com\/melendi-inaugura-starlite-madrid-con-una-noche-de-celebracion\/"]}]},{"@type":"ImageObject","inLanguage":"en-GB","@id":"https:\/\/unaymilletras.com\/melendi-inaugura-starlite-madrid-con-una-noche-de-celebracion\/#primaryimage","url":"https:\/\/unaymilletras.com\/wp-content\/uploads\/2025\/12\/MELENDI_STARLITE-MADRID-14-scaled-e1765721691945.jpg","contentUrl":"https:\/\/unaymilletras.com\/wp-content\/uploads\/2025\/12\/MELENDI_STARLITE-MADRID-14-scaled-e1765721691945.jpg","width":600,"height":400,"caption":"Melendi"},{"@type":"BreadcrumbList","@id":"https:\/\/unaymilletras.com\/melendi-inaugura-starlite-madrid-con-una-noche-de-celebracion\/#breadcrumb","itemListElement":[{"@type":"ListItem","position":1,"name":"Home","item":"http:\/\/unaymilletras.com\/"},{"@type":"ListItem","position":2,"name":"Melendi inaugura Starlite Madrid con una noche de celebraci\u00f3n"}]},{"@type":"WebSite","@id":"http:\/\/unaymilletras.com\/#website","url":"http:\/\/unaymilletras.com\/","name":"Una y Mil Letras","description":"","publisher":{"@id":"http:\/\/unaymilletras.com\/#organization"},"potentialAction":[{"@type":"SearchAction","target":{"@type":"EntryPoint","urlTemplate":"http:\/\/unaymilletras.com\/?s={search_term_string}"},"query-input":{"@type":"PropertyValueSpecification","valueRequired":true,"valueName":"search_term_string"}}],"inLanguage":"en-GB"},{"@type":"Organization","@id":"http:\/\/unaymilletras.com\/#organization","name":"Una y Mil Letras","url":"http:\/\/unaymilletras.com\/","logo":{"@type":"ImageObject","inLanguage":"en-GB","@id":"http:\/\/unaymilletras.com\/#\/schema\/logo\/image\/","url":"https:\/\/unaymilletras.com\/wp-content\/uploads\/2024\/06\/cropped-Logo-removebg-preview.png","contentUrl":"https:\/\/unaymilletras.com\/wp-content\/uploads\/2024\/06\/cropped-Logo-removebg-preview.png","width":512,"height":512,"caption":"Una y Mil Letras"},"image":{"@id":"http:\/\/unaymilletras.com\/#\/schema\/logo\/image\/"},"sameAs":["https:\/\/x.com\/UnaYMilLetras","https:\/\/instagram.com\/UnaYMilLetras"]},{"@type":"Person","@id":"http:\/\/unaymilletras.com\/#\/schema\/person\/a10550e4bff9a23f941f52b2cd5d8686","name":"Alba Benito","image":{"@type":"ImageObject","inLanguage":"en-GB","@id":"https:\/\/secure.gravatar.com\/avatar\/f227a2222ee313f4b5dea91891742064ec98aa8f11b91568879eaecf941f84de?s=96&d=mm&r=g","url":"https:\/\/secure.gravatar.com\/avatar\/f227a2222ee313f4b5dea91891742064ec98aa8f11b91568879eaecf941f84de?s=96&d=mm&r=g","contentUrl":"https:\/\/secure.gravatar.com\/avatar\/f227a2222ee313f4b5dea91891742064ec98aa8f11b91568879eaecf941f84de?s=96&d=mm&r=g","caption":"Alba Benito"},"url":"https:\/\/unaymilletras.com\/en\/author\/aalbaas_\/"}]}},"_links":{"self":[{"href":"https:\/\/unaymilletras.com\/en\/wp-json\/wp\/v2\/posts\/6794","targetHints":{"allow":["GET"]}}],"collection":[{"href":"https:\/\/unaymilletras.com\/en\/wp-json\/wp\/v2\/posts"}],"about":[{"href":"https:\/\/unaymilletras.com\/en\/wp-json\/wp\/v2\/types\/post"}],"author":[{"embeddable":true,"href":"https:\/\/unaymilletras.com\/en\/wp-json\/wp\/v2\/users\/13"}],"replies":[{"embeddable":true,"href":"https:\/\/unaymilletras.com\/en\/wp-json\/wp\/v2\/comments?post=6794"}],"version-history":[{"count":17,"href":"https:\/\/unaymilletras.com\/en\/wp-json\/wp\/v2\/posts\/6794\/revisions"}],"predecessor-version":[{"id":6815,"href":"https:\/\/unaymilletras.com\/en\/wp-json\/wp\/v2\/posts\/6794\/revisions\/6815"}],"wp:featuredmedia":[{"embeddable":true,"href":"https:\/\/unaymilletras.com\/en\/wp-json\/wp\/v2\/media\/6811"}],"wp:attachment":[{"href":"https:\/\/unaymilletras.com\/en\/wp-json\/wp\/v2\/media?parent=6794"}],"wp:term":[{"taxonomy":"category","embeddable":true,"href":"https:\/\/unaymilletras.com\/en\/wp-json\/wp\/v2\/categories?post=6794"},{"taxonomy":"post_tag","embeddable":true,"href":"https:\/\/unaymilletras.com\/en\/wp-json\/wp\/v2\/tags?post=6794"}],"curies":[{"name":"wp","href":"https:\/\/api.w.org\/{rel}","templated":true}]}}