{"id":6822,"date":"2025-12-16T16:58:57","date_gmt":"2025-12-16T15:58:57","guid":{"rendered":"https:\/\/unaymilletras.com\/?p=6822"},"modified":"2025-12-16T17:13:15","modified_gmt":"2025-12-16T16:13:15","slug":"c-tangana-regresa-con-agorazein-para-dar-un-concierto-en-madrid-por-su-decimo-aniversario","status":"publish","type":"post","link":"https:\/\/unaymilletras.com\/en\/c-tangana-regresa-con-agorazein-para-dar-un-concierto-en-madrid-por-su-decimo-aniversario\/","title":{"rendered":"C. Tangana regresa con Agorazein para dar un concierto en Madrid por su d\u00e9cimo aniversario"},"content":{"rendered":"<p><strong><em>El viejo grupo de rap, Agorazein, reaparece anunciando una actuaci\u00f3n en noviembre de 2026 en el Movistar Arena, tras siete a\u00f1os sin juntarse<\/em><\/strong><\/p>\n\n\n\n<p>El pasado domingo el grupo Agorazein anunci\u00f3 su regreso con motivo del d\u00e9cimo aniversario de su creaci\u00f3n. Esta banda formada por C. Tangana,\u00a0Sticky M.A., Jerv. AGZ , I-Ace y Fabianni se encontraran con el p\u00fablico por primera vez desde 2018. Ser\u00e1 en Madrid, ciudad que los vio crecer, y tendr\u00e1 lugar el 15 de noviembre de 2026 en el Movistar Arena. El regreso va acompa\u00f1ado de la palabra \u00absiempre\u00bb, haciendo referencia al \u00faltimo proyecto grupal que lanzaron en 2016. <\/p>\n\n\n\n<p>Esto ha pillado por sorpresa a todo el mundo, ya que C. Tangana estaba alejado de la m\u00fasica, m\u00e1s all\u00e1 de alguna colaboraci\u00f3n espor\u00e1dica como &#8216;Droga&#8217; con Mora, canci\u00f3n que ha arrasado este 2025 con m\u00e1s de 100 millones de reproducciones en Spotify. El autor de &#8216;El Madrile\u00f1o&#8217; inicia de esta manera un primer paso a su ansiada vuelta musical y ser\u00eda conectando con sus ra\u00edces forjadas en el rap.<\/p>\n\n\n\n<blockquote class=\"instagram-media\" data-instgrm-captioned data-instgrm-permalink=\"https:\/\/www.instagram.com\/reel\/DSQT9woDajs\/?utm_source=ig_embed&amp;utm_campaign=loading\" data-instgrm-version=\"14\" style=\"background:#FFF;border:0;border-radius:3px;margin: 1px;max-width:540px;min-width:326px;padding:0;width:99.375%;width:-webkit-calc(100% - 2px);width:calc(100% - 2px)\"><div style=\"padding:16px\"> <a href=\"https:\/\/www.instagram.com\/reel\/DSQT9woDajs\/?utm_source=ig_embed&amp;utm_campaign=loading\" style=\"background:#FFFFFF;line-height:0;padding:0 0;text-align:center;text-decoration:none;width:100%\" target=\"_blank\"> <div style=\"flex-direction: row;align-items: center\"> <div style=\"background-color: #F4F4F4;border-radius: 50%;flex-grow: 0;height: 40px;margin-right: 14px;width: 40px\"><\/div> <div style=\"flex-direction: column;flex-grow: 1;justify-content: center\"> <div style=\"background-color: #F4F4F4;border-radius: 4px;flex-grow: 0;height: 14px;margin-bottom: 6px;width: 100px\"><\/div> <div style=\"background-color: #F4F4F4;border-radius: 4px;flex-grow: 0;height: 14px;width: 60px\"><\/div><\/div><\/div><div style=\"padding: 19% 0\"><\/div> <div style=\"height:50px;margin:0 auto 12px;width:50px\"><\/div><div style=\"padding-top: 8px\"> <div style=\"color:#3897f0;font-family:Arial,sans-serif;font-size:14px;font-style:normal;font-weight:550;line-height:18px\">Ver esta publicaci\u00f3n en Instagram<\/div><\/div><div style=\"padding: 12.5% 0\"><\/div> <div style=\"flex-direction: row;margin-bottom: 14px;align-items: center\"><div> <div style=\"background-color: #F4F4F4;border-radius: 50%;height: 12.5px;width: 12.5px\"><\/div> <div style=\"background-color: #F4F4F4;height: 12.5px;width: 12.5px;flex-grow: 0;margin-right: 14px;margin-left: 2px\"><\/div> <div style=\"background-color: #F4F4F4;border-radius: 50%;height: 12.5px;width: 12.5px\"><\/div><\/div><div style=\"margin-left: 8px\"> <div style=\"background-color: #F4F4F4;border-radius: 50%;flex-grow: 0;height: 20px;width: 20px\"><\/div> <div style=\"width: 0;height: 0;border-top: 2px solid transparent;border-left: 6px solid #f4f4f4;border-bottom: 2px solid transparent\"><\/div><\/div><div style=\"margin-left: auto\"> <div style=\"width: 0px;border-top: 8px solid #F4F4F4;border-right: 8px solid transparent\"><\/div> <div style=\"background-color: #F4F4F4;flex-grow: 0;height: 12px;width: 16px\"><\/div> <div style=\"width: 0;height: 0;border-top: 8px solid #F4F4F4;border-left: 8px solid transparent\"><\/div><\/div><\/div> <div style=\"flex-direction: column;flex-grow: 1;justify-content: center;margin-bottom: 24px\"> <div style=\"background-color: #F4F4F4;border-radius: 4px;flex-grow: 0;height: 14px;margin-bottom: 6px;width: 224px\"><\/div> <div style=\"background-color: #F4F4F4;border-radius: 4px;flex-grow: 0;height: 14px;width: 144px\"><\/div><\/div><\/a><p style=\"color:#c9c8cd;font-family:Arial,sans-serif;font-size:14px;line-height:17px;margin-bottom:0;margin-top:8px;overflow:hidden;padding:8px 0 7px;text-align:center;white-space:nowrap\"><a href=\"https:\/\/www.instagram.com\/reel\/DSQT9woDajs\/?utm_source=ig_embed&amp;utm_campaign=loading\" style=\"color:#c9c8cd;font-family:Arial,sans-serif;font-size:14px;font-style:normal;font-weight:normal;line-height:17px;text-decoration:none\" target=\"_blank\">Una publicaci\u00f3n compartida de Agorazein (@agz_oficial)<\/a><\/p><\/div><\/blockquote>\n\n\n\n\n<p>Fue a trav\u00e9s del nombre de Crema como comenz\u00f3 a sacar temas hace casi 20 a\u00f1os. En 2008 lanz\u00f3 un \u00e1lbum llamado &#8216;Agorazein&#8217;, coincidiendo con el nombre que tendr\u00eda el grupo a\u00f1os m\u00e1s tarde. Sus colaboraciones con Sticky consolidaron principalmente a ambos artistas en la escena musical, aunque a\u00f1os m\u00e1s tarde &#8216;El Madrile\u00f1o&#8217; despuntar\u00eda a un plano superior. En este tiempo que ha estado alejado de la m\u00fasica ha participado en trabajos cinematogr\u00e1ficos como el documental &#8216;Esta ambici\u00f3n desmedida&#8217; (2023) o &#8216;La guitarra flamenca de Yerai Cort\u00e9s&#8217; (2025), ganador este \u00faltimo de dos premios Goya.<\/p>\n\n\n\n<p>El artista m\u00e1s condecorado de Agorazein tendr\u00e1 un a\u00f1o muy especial en 2026, ya que ser\u00e1 padre por primera vez. Esto se anunci\u00f3 el pasado mes de noviembre junto a su pareja Roc\u00edo Aguirre. Sumado esto a su vuelta a un escenario, la cual no se da desde &#8216;Sin Cantar ni Afinar Tour&#8217; en abril de 2022 hace que el medi\u00e1tico cantante espa\u00f1ol pueda sentirse liberado tanto en el aspecto familiar como en su sentir por los fans.<\/p>","protected":false},"excerpt":{"rendered":"<p>El viejo grupo de rap, Agorazein, reaparece anunciando una actuaci\u00f3n en noviembre de 2026 en el Movistar Arena, tras siete a\u00f1os sin juntarse El pasado domingo el grupo Agorazein anunci\u00f3 su regreso con motivo del d\u00e9cimo aniversario de su creaci\u00f3n. Esta banda formada por C. Tangana,\u00a0Sticky M.A., Jerv. AGZ , I-Ace y Fabianni se encontraran [&hellip;]<\/p>\n","protected":false},"author":10,"featured_media":6824,"comment_status":"closed","ping_status":"closed","sticky":false,"template":"","format":"standard","meta":{"footnotes":""},"categories":[4],"tags":[326,325,178,171,170,169,327],"class_list":["post-6822","post","type-post","status-publish","format-standard","has-post-thumbnail","hentry","category-musica","tag-agorazein","tag-c-tangana","tag-espana","tag-gira","tag-movistar-arena","tag-musica","tag-sticky-m-a"],"yoast_head":"<!-- This site is optimized with the Yoast SEO plugin v27.4 - https:\/\/yoast.com\/product\/yoast-seo-wordpress\/ -->\n<title>C. Tangana regresa con Agorazein para dar un concierto en Madrid por su d\u00e9cimo aniversario &#8902; Una y Mil Letras<\/title>\n<meta name=\"description\" content=\"El viejo grupo de rap, Agorazein, reaparece anunciando una actuaci\u00f3n en noviembre de 2026 en el Movistar Arena, tras siete a\u00f1os sin juntarse\" \/>\n<meta name=\"robots\" content=\"index, follow, max-snippet:-1, max-image-preview:large, max-video-preview:-1\" \/>\n<link rel=\"canonical\" href=\"https:\/\/unaymilletras.com\/en\/c-tangana-regresa-con-agorazein-para-dar-un-concierto-en-madrid-por-su-decimo-aniversario\/\" \/>\n<meta property=\"og:locale\" content=\"en_GB\" \/>\n<meta property=\"og:type\" content=\"article\" \/>\n<meta property=\"og:title\" content=\"C. Tangana regresa con Agorazein para dar un concierto en Madrid por su d\u00e9cimo aniversario &#8902; Una y Mil Letras\" \/>\n<meta property=\"og:description\" content=\"El viejo grupo de rap, Agorazein, reaparece anunciando una actuaci\u00f3n en noviembre de 2026 en el Movistar Arena, tras siete a\u00f1os sin juntarse\" \/>\n<meta property=\"og:url\" content=\"https:\/\/unaymilletras.com\/en\/c-tangana-regresa-con-agorazein-para-dar-un-concierto-en-madrid-por-su-decimo-aniversario\/\" \/>\n<meta property=\"og:site_name\" content=\"Una y Mil Letras\" \/>\n<meta property=\"article:published_time\" content=\"2025-12-16T15:58:57+00:00\" \/>\n<meta property=\"article:modified_time\" content=\"2025-12-16T16:13:15+00:00\" \/>\n<meta property=\"og:image\" content=\"http:\/\/unaymilletras.com\/wp-content\/uploads\/2025\/12\/agorazein.jpg\" \/>\n\t<meta property=\"og:image:width\" content=\"279\" \/>\n\t<meta property=\"og:image:height\" content=\"180\" \/>\n\t<meta property=\"og:image:type\" content=\"image\/jpeg\" \/>\n<meta name=\"author\" content=\"David Hern\u00e1ndez\" \/>\n<meta name=\"twitter:card\" content=\"summary_large_image\" \/>\n<meta name=\"twitter:creator\" content=\"@UnaYMilLetras\" \/>\n<meta name=\"twitter:site\" content=\"@UnaYMilLetras\" \/>\n<meta name=\"twitter:label1\" content=\"Written by\" \/>\n\t<meta name=\"twitter:data1\" content=\"David Hern\u00e1ndez\" \/>\n\t<meta name=\"twitter:label2\" content=\"Estimated reading time\" \/>\n\t<meta name=\"twitter:data2\" content=\"2 minutes\" \/>\n<script type=\"application\/ld+json\" class=\"yoast-schema-graph\">{\"@context\":\"https:\\\/\\\/schema.org\",\"@graph\":[{\"@type\":\"Article\",\"@id\":\"https:\\\/\\\/unaymilletras.com\\\/c-tangana-regresa-con-agorazein-para-dar-un-concierto-en-madrid-por-su-decimo-aniversario\\\/#article\",\"isPartOf\":{\"@id\":\"https:\\\/\\\/unaymilletras.com\\\/c-tangana-regresa-con-agorazein-para-dar-un-concierto-en-madrid-por-su-decimo-aniversario\\\/\"},\"author\":{\"name\":\"David Hern\u00e1ndez\",\"@id\":\"http:\\\/\\\/unaymilletras.com\\\/#\\\/schema\\\/person\\\/0c171c80bc49a58d7a8ed3394548370c\"},\"headline\":\"C. Tangana regresa con Agorazein para dar un concierto en Madrid por su d\u00e9cimo aniversario\",\"datePublished\":\"2025-12-16T15:58:57+00:00\",\"dateModified\":\"2025-12-16T16:13:15+00:00\",\"mainEntityOfPage\":{\"@id\":\"https:\\\/\\\/unaymilletras.com\\\/c-tangana-regresa-con-agorazein-para-dar-un-concierto-en-madrid-por-su-decimo-aniversario\\\/\"},\"wordCount\":396,\"publisher\":{\"@id\":\"http:\\\/\\\/unaymilletras.com\\\/#organization\"},\"image\":{\"@id\":\"https:\\\/\\\/unaymilletras.com\\\/c-tangana-regresa-con-agorazein-para-dar-un-concierto-en-madrid-por-su-decimo-aniversario\\\/#primaryimage\"},\"thumbnailUrl\":\"https:\\\/\\\/unaymilletras.com\\\/wp-content\\\/uploads\\\/2025\\\/12\\\/agorazein.jpg\",\"keywords\":[\"Agorazein\",\"C.Tangana\",\"Espa\u00f1a\",\"Gira\",\"Movistar Arena\",\"musica\",\"Sticky M.A\"],\"articleSection\":[\"M\u00fasica\"],\"inLanguage\":\"en-GB\"},{\"@type\":\"WebPage\",\"@id\":\"https:\\\/\\\/unaymilletras.com\\\/c-tangana-regresa-con-agorazein-para-dar-un-concierto-en-madrid-por-su-decimo-aniversario\\\/\",\"url\":\"https:\\\/\\\/unaymilletras.com\\\/c-tangana-regresa-con-agorazein-para-dar-un-concierto-en-madrid-por-su-decimo-aniversario\\\/\",\"name\":\"C. Tangana regresa con Agorazein para dar un concierto en Madrid por su d\u00e9cimo aniversario &#8902; Una y Mil Letras\",\"isPartOf\":{\"@id\":\"http:\\\/\\\/unaymilletras.com\\\/#website\"},\"primaryImageOfPage\":{\"@id\":\"https:\\\/\\\/unaymilletras.com\\\/c-tangana-regresa-con-agorazein-para-dar-un-concierto-en-madrid-por-su-decimo-aniversario\\\/#primaryimage\"},\"image\":{\"@id\":\"https:\\\/\\\/unaymilletras.com\\\/c-tangana-regresa-con-agorazein-para-dar-un-concierto-en-madrid-por-su-decimo-aniversario\\\/#primaryimage\"},\"thumbnailUrl\":\"https:\\\/\\\/unaymilletras.com\\\/wp-content\\\/uploads\\\/2025\\\/12\\\/agorazein.jpg\",\"datePublished\":\"2025-12-16T15:58:57+00:00\",\"dateModified\":\"2025-12-16T16:13:15+00:00\",\"description\":\"El viejo grupo de rap, Agorazein, reaparece anunciando una actuaci\u00f3n en noviembre de 2026 en el Movistar Arena, tras siete a\u00f1os sin juntarse\",\"breadcrumb\":{\"@id\":\"https:\\\/\\\/unaymilletras.com\\\/c-tangana-regresa-con-agorazein-para-dar-un-concierto-en-madrid-por-su-decimo-aniversario\\\/#breadcrumb\"},\"inLanguage\":\"en-GB\",\"potentialAction\":[{\"@type\":\"ReadAction\",\"target\":[\"https:\\\/\\\/unaymilletras.com\\\/c-tangana-regresa-con-agorazein-para-dar-un-concierto-en-madrid-por-su-decimo-aniversario\\\/\"]}]},{\"@type\":\"ImageObject\",\"inLanguage\":\"en-GB\",\"@id\":\"https:\\\/\\\/unaymilletras.com\\\/c-tangana-regresa-con-agorazein-para-dar-un-concierto-en-madrid-por-su-decimo-aniversario\\\/#primaryimage\",\"url\":\"https:\\\/\\\/unaymilletras.com\\\/wp-content\\\/uploads\\\/2025\\\/12\\\/agorazein.jpg\",\"contentUrl\":\"https:\\\/\\\/unaymilletras.com\\\/wp-content\\\/uploads\\\/2025\\\/12\\\/agorazein.jpg\",\"width\":279,\"height\":180,\"caption\":\"HIP HOP LIFE\"},{\"@type\":\"BreadcrumbList\",\"@id\":\"https:\\\/\\\/unaymilletras.com\\\/c-tangana-regresa-con-agorazein-para-dar-un-concierto-en-madrid-por-su-decimo-aniversario\\\/#breadcrumb\",\"itemListElement\":[{\"@type\":\"ListItem\",\"position\":1,\"name\":\"Home\",\"item\":\"http:\\\/\\\/unaymilletras.com\\\/\"},{\"@type\":\"ListItem\",\"position\":2,\"name\":\"C. Tangana regresa con Agorazein para dar un concierto en Madrid por su d\u00e9cimo aniversario\"}]},{\"@type\":\"WebSite\",\"@id\":\"http:\\\/\\\/unaymilletras.com\\\/#website\",\"url\":\"http:\\\/\\\/unaymilletras.com\\\/\",\"name\":\"Una y Mil Letras\",\"description\":\"\",\"publisher\":{\"@id\":\"http:\\\/\\\/unaymilletras.com\\\/#organization\"},\"potentialAction\":[{\"@type\":\"SearchAction\",\"target\":{\"@type\":\"EntryPoint\",\"urlTemplate\":\"http:\\\/\\\/unaymilletras.com\\\/?s={search_term_string}\"},\"query-input\":{\"@type\":\"PropertyValueSpecification\",\"valueRequired\":true,\"valueName\":\"search_term_string\"}}],\"inLanguage\":\"en-GB\"},{\"@type\":\"Organization\",\"@id\":\"http:\\\/\\\/unaymilletras.com\\\/#organization\",\"name\":\"Una y Mil Letras\",\"url\":\"http:\\\/\\\/unaymilletras.com\\\/\",\"logo\":{\"@type\":\"ImageObject\",\"inLanguage\":\"en-GB\",\"@id\":\"http:\\\/\\\/unaymilletras.com\\\/#\\\/schema\\\/logo\\\/image\\\/\",\"url\":\"https:\\\/\\\/unaymilletras.com\\\/wp-content\\\/uploads\\\/2024\\\/06\\\/cropped-Logo-removebg-preview.png\",\"contentUrl\":\"https:\\\/\\\/unaymilletras.com\\\/wp-content\\\/uploads\\\/2024\\\/06\\\/cropped-Logo-removebg-preview.png\",\"width\":512,\"height\":512,\"caption\":\"Una y Mil Letras\"},\"image\":{\"@id\":\"http:\\\/\\\/unaymilletras.com\\\/#\\\/schema\\\/logo\\\/image\\\/\"},\"sameAs\":[\"https:\\\/\\\/x.com\\\/UnaYMilLetras\",\"https:\\\/\\\/instagram.com\\\/UnaYMilLetras\"]},{\"@type\":\"Person\",\"@id\":\"http:\\\/\\\/unaymilletras.com\\\/#\\\/schema\\\/person\\\/0c171c80bc49a58d7a8ed3394548370c\",\"name\":\"David Hern\u00e1ndez\",\"image\":{\"@type\":\"ImageObject\",\"inLanguage\":\"en-GB\",\"@id\":\"https:\\\/\\\/secure.gravatar.com\\\/avatar\\\/86739d73874dcbc11e4278af33fb905704f5c29329727efb3b0e0bc838b0d469?s=96&d=mm&r=g\",\"url\":\"https:\\\/\\\/secure.gravatar.com\\\/avatar\\\/86739d73874dcbc11e4278af33fb905704f5c29329727efb3b0e0bc838b0d469?s=96&d=mm&r=g\",\"contentUrl\":\"https:\\\/\\\/secure.gravatar.com\\\/avatar\\\/86739d73874dcbc11e4278af33fb905704f5c29329727efb3b0e0bc838b0d469?s=96&d=mm&r=g\",\"caption\":\"David Hern\u00e1ndez\"},\"url\":\"https:\\\/\\\/unaymilletras.com\\\/en\\\/author\\\/davidesel\\\/\"}]}<\/script>\n<!-- \/ Yoast SEO plugin. -->","yoast_head_json":{"title":"C. Tangana regresa con Agorazein para dar un concierto en Madrid por su d\u00e9cimo aniversario &#8902; Una y Mil Letras","description":"El viejo grupo de rap, Agorazein, reaparece anunciando una actuaci\u00f3n en noviembre de 2026 en el Movistar Arena, tras siete a\u00f1os sin juntarse","robots":{"index":"index","follow":"follow","max-snippet":"max-snippet:-1","max-image-preview":"max-image-preview:large","max-video-preview":"max-video-preview:-1"},"canonical":"https:\/\/unaymilletras.com\/en\/c-tangana-regresa-con-agorazein-para-dar-un-concierto-en-madrid-por-su-decimo-aniversario\/","og_locale":"en_GB","og_type":"article","og_title":"C. Tangana regresa con Agorazein para dar un concierto en Madrid por su d\u00e9cimo aniversario &#8902; Una y Mil Letras","og_description":"El viejo grupo de rap, Agorazein, reaparece anunciando una actuaci\u00f3n en noviembre de 2026 en el Movistar Arena, tras siete a\u00f1os sin juntarse","og_url":"https:\/\/unaymilletras.com\/en\/c-tangana-regresa-con-agorazein-para-dar-un-concierto-en-madrid-por-su-decimo-aniversario\/","og_site_name":"Una y Mil Letras","article_published_time":"2025-12-16T15:58:57+00:00","article_modified_time":"2025-12-16T16:13:15+00:00","og_image":[{"width":279,"height":180,"url":"http:\/\/unaymilletras.com\/wp-content\/uploads\/2025\/12\/agorazein.jpg","type":"image\/jpeg"}],"author":"David Hern\u00e1ndez","twitter_card":"summary_large_image","twitter_creator":"@UnaYMilLetras","twitter_site":"@UnaYMilLetras","twitter_misc":{"Written by":"David Hern\u00e1ndez","Estimated reading time":"2 minutes"},"schema":{"@context":"https:\/\/schema.org","@graph":[{"@type":"Article","@id":"https:\/\/unaymilletras.com\/c-tangana-regresa-con-agorazein-para-dar-un-concierto-en-madrid-por-su-decimo-aniversario\/#article","isPartOf":{"@id":"https:\/\/unaymilletras.com\/c-tangana-regresa-con-agorazein-para-dar-un-concierto-en-madrid-por-su-decimo-aniversario\/"},"author":{"name":"David Hern\u00e1ndez","@id":"http:\/\/unaymilletras.com\/#\/schema\/person\/0c171c80bc49a58d7a8ed3394548370c"},"headline":"C. Tangana regresa con Agorazein para dar un concierto en Madrid por su d\u00e9cimo aniversario","datePublished":"2025-12-16T15:58:57+00:00","dateModified":"2025-12-16T16:13:15+00:00","mainEntityOfPage":{"@id":"https:\/\/unaymilletras.com\/c-tangana-regresa-con-agorazein-para-dar-un-concierto-en-madrid-por-su-decimo-aniversario\/"},"wordCount":396,"publisher":{"@id":"http:\/\/unaymilletras.com\/#organization"},"image":{"@id":"https:\/\/unaymilletras.com\/c-tangana-regresa-con-agorazein-para-dar-un-concierto-en-madrid-por-su-decimo-aniversario\/#primaryimage"},"thumbnailUrl":"https:\/\/unaymilletras.com\/wp-content\/uploads\/2025\/12\/agorazein.jpg","keywords":["Agorazein","C.Tangana","Espa\u00f1a","Gira","Movistar Arena","musica","Sticky M.A"],"articleSection":["M\u00fasica"],"inLanguage":"en-GB"},{"@type":"WebPage","@id":"https:\/\/unaymilletras.com\/c-tangana-regresa-con-agorazein-para-dar-un-concierto-en-madrid-por-su-decimo-aniversario\/","url":"https:\/\/unaymilletras.com\/c-tangana-regresa-con-agorazein-para-dar-un-concierto-en-madrid-por-su-decimo-aniversario\/","name":"C. Tangana regresa con Agorazein para dar un concierto en Madrid por su d\u00e9cimo aniversario &#8902; Una y Mil Letras","isPartOf":{"@id":"http:\/\/unaymilletras.com\/#website"},"primaryImageOfPage":{"@id":"https:\/\/unaymilletras.com\/c-tangana-regresa-con-agorazein-para-dar-un-concierto-en-madrid-por-su-decimo-aniversario\/#primaryimage"},"image":{"@id":"https:\/\/unaymilletras.com\/c-tangana-regresa-con-agorazein-para-dar-un-concierto-en-madrid-por-su-decimo-aniversario\/#primaryimage"},"thumbnailUrl":"https:\/\/unaymilletras.com\/wp-content\/uploads\/2025\/12\/agorazein.jpg","datePublished":"2025-12-16T15:58:57+00:00","dateModified":"2025-12-16T16:13:15+00:00","description":"El viejo grupo de rap, Agorazein, reaparece anunciando una actuaci\u00f3n en noviembre de 2026 en el Movistar Arena, tras siete a\u00f1os sin juntarse","breadcrumb":{"@id":"https:\/\/unaymilletras.com\/c-tangana-regresa-con-agorazein-para-dar-un-concierto-en-madrid-por-su-decimo-aniversario\/#breadcrumb"},"inLanguage":"en-GB","potentialAction":[{"@type":"ReadAction","target":["https:\/\/unaymilletras.com\/c-tangana-regresa-con-agorazein-para-dar-un-concierto-en-madrid-por-su-decimo-aniversario\/"]}]},{"@type":"ImageObject","inLanguage":"en-GB","@id":"https:\/\/unaymilletras.com\/c-tangana-regresa-con-agorazein-para-dar-un-concierto-en-madrid-por-su-decimo-aniversario\/#primaryimage","url":"https:\/\/unaymilletras.com\/wp-content\/uploads\/2025\/12\/agorazein.jpg","contentUrl":"https:\/\/unaymilletras.com\/wp-content\/uploads\/2025\/12\/agorazein.jpg","width":279,"height":180,"caption":"HIP HOP LIFE"},{"@type":"BreadcrumbList","@id":"https:\/\/unaymilletras.com\/c-tangana-regresa-con-agorazein-para-dar-un-concierto-en-madrid-por-su-decimo-aniversario\/#breadcrumb","itemListElement":[{"@type":"ListItem","position":1,"name":"Home","item":"http:\/\/unaymilletras.com\/"},{"@type":"ListItem","position":2,"name":"C. Tangana regresa con Agorazein para dar un concierto en Madrid por su d\u00e9cimo aniversario"}]},{"@type":"WebSite","@id":"http:\/\/unaymilletras.com\/#website","url":"http:\/\/unaymilletras.com\/","name":"Una y Mil Letras","description":"","publisher":{"@id":"http:\/\/unaymilletras.com\/#organization"},"potentialAction":[{"@type":"SearchAction","target":{"@type":"EntryPoint","urlTemplate":"http:\/\/unaymilletras.com\/?s={search_term_string}"},"query-input":{"@type":"PropertyValueSpecification","valueRequired":true,"valueName":"search_term_string"}}],"inLanguage":"en-GB"},{"@type":"Organization","@id":"http:\/\/unaymilletras.com\/#organization","name":"Una y Mil Letras","url":"http:\/\/unaymilletras.com\/","logo":{"@type":"ImageObject","inLanguage":"en-GB","@id":"http:\/\/unaymilletras.com\/#\/schema\/logo\/image\/","url":"https:\/\/unaymilletras.com\/wp-content\/uploads\/2024\/06\/cropped-Logo-removebg-preview.png","contentUrl":"https:\/\/unaymilletras.com\/wp-content\/uploads\/2024\/06\/cropped-Logo-removebg-preview.png","width":512,"height":512,"caption":"Una y Mil Letras"},"image":{"@id":"http:\/\/unaymilletras.com\/#\/schema\/logo\/image\/"},"sameAs":["https:\/\/x.com\/UnaYMilLetras","https:\/\/instagram.com\/UnaYMilLetras"]},{"@type":"Person","@id":"http:\/\/unaymilletras.com\/#\/schema\/person\/0c171c80bc49a58d7a8ed3394548370c","name":"David Hern\u00e1ndez","image":{"@type":"ImageObject","inLanguage":"en-GB","@id":"https:\/\/secure.gravatar.com\/avatar\/86739d73874dcbc11e4278af33fb905704f5c29329727efb3b0e0bc838b0d469?s=96&d=mm&r=g","url":"https:\/\/secure.gravatar.com\/avatar\/86739d73874dcbc11e4278af33fb905704f5c29329727efb3b0e0bc838b0d469?s=96&d=mm&r=g","contentUrl":"https:\/\/secure.gravatar.com\/avatar\/86739d73874dcbc11e4278af33fb905704f5c29329727efb3b0e0bc838b0d469?s=96&d=mm&r=g","caption":"David Hern\u00e1ndez"},"url":"https:\/\/unaymilletras.com\/en\/author\/davidesel\/"}]}},"_links":{"self":[{"href":"https:\/\/unaymilletras.com\/en\/wp-json\/wp\/v2\/posts\/6822","targetHints":{"allow":["GET"]}}],"collection":[{"href":"https:\/\/unaymilletras.com\/en\/wp-json\/wp\/v2\/posts"}],"about":[{"href":"https:\/\/unaymilletras.com\/en\/wp-json\/wp\/v2\/types\/post"}],"author":[{"embeddable":true,"href":"https:\/\/unaymilletras.com\/en\/wp-json\/wp\/v2\/users\/10"}],"replies":[{"embeddable":true,"href":"https:\/\/unaymilletras.com\/en\/wp-json\/wp\/v2\/comments?post=6822"}],"version-history":[{"count":3,"href":"https:\/\/unaymilletras.com\/en\/wp-json\/wp\/v2\/posts\/6822\/revisions"}],"predecessor-version":[{"id":6829,"href":"https:\/\/unaymilletras.com\/en\/wp-json\/wp\/v2\/posts\/6822\/revisions\/6829"}],"wp:featuredmedia":[{"embeddable":true,"href":"https:\/\/unaymilletras.com\/en\/wp-json\/wp\/v2\/media\/6824"}],"wp:attachment":[{"href":"https:\/\/unaymilletras.com\/en\/wp-json\/wp\/v2\/media?parent=6822"}],"wp:term":[{"taxonomy":"category","embeddable":true,"href":"https:\/\/unaymilletras.com\/en\/wp-json\/wp\/v2\/categories?post=6822"},{"taxonomy":"post_tag","embeddable":true,"href":"https:\/\/unaymilletras.com\/en\/wp-json\/wp\/v2\/tags?post=6822"}],"curies":[{"name":"wp","href":"https:\/\/api.w.org\/{rel}","templated":true}]}}