{"id":6846,"date":"2025-12-18T11:46:33","date_gmt":"2025-12-18T10:46:33","guid":{"rendered":"https:\/\/unaymilletras.com\/?p=6846"},"modified":"2025-12-18T11:47:52","modified_gmt":"2025-12-18T10:47:52","slug":"avatar-3-llegara-a-espana-con-la-experiencia-visual-sonada-por-james-cameron","status":"publish","type":"post","link":"https:\/\/unaymilletras.com\/en\/avatar-3-llegara-a-espana-con-la-experiencia-visual-sonada-por-james-cameron\/","title":{"rendered":"Avatar 3 llegar\u00e1 a Espa\u00f1a con la experiencia visual so\u00f1ada por James Cameron"},"content":{"rendered":"<div data-elementor-type=\"wp-post\" data-elementor-id=\"6846\" class=\"elementor elementor-6846\">\n\t\t\t\t\t\t<section class=\"elementor-section elementor-top-section elementor-element elementor-element-5f3aaa0 elementor-section-boxed elementor-section-height-default elementor-section-height-default\" data-id=\"5f3aaa0\" data-element_type=\"section\" data-e-type=\"section\">\n\t\t\t\t\t\t<div class=\"elementor-container elementor-column-gap-default\">\n\t\t\t\t\t<div class=\"elementor-column elementor-col-100 elementor-top-column elementor-element elementor-element-a4ff496\" data-id=\"a4ff496\" data-element_type=\"column\" data-e-type=\"column\">\n\t\t\t<div class=\"elementor-widget-wrap elementor-element-populated\">\n\t\t\t\t\t\t<div class=\"elementor-element elementor-element-9e3914d elementor-widget elementor-widget-text-editor\" data-id=\"9e3914d\" data-element_type=\"widget\" data-e-type=\"widget\" data-widget_type=\"text-editor.default\">\n\t\t\t\t<div class=\"elementor-widget-container\">\n\t\t\t\t\t\t\t\t\t<h2 style=\"text-align: center;\"><span style=\"color: #808080;\"><em>Odeon Multicines ser\u00e1 la \u00fanica cadena en el pa\u00eds donde podr\u00e1 verse Avatar 3 en el formato premium concebido por el director<\/em><\/span><\/h2>\t\t\t\t\t\t\t\t<\/div>\n\t\t\t\t<\/div>\n\t\t\t\t\t<\/div>\n\t\t<\/div>\n\t\t\t\t\t<\/div>\n\t\t<\/section>\n\t\t\t\t<section class=\"elementor-section elementor-top-section elementor-element elementor-element-5f8a29e elementor-section-boxed elementor-section-height-default elementor-section-height-default\" data-id=\"5f8a29e\" data-element_type=\"section\" data-e-type=\"section\">\n\t\t\t\t\t\t<div class=\"elementor-container elementor-column-gap-default\">\n\t\t\t\t\t<div class=\"elementor-column elementor-col-100 elementor-top-column elementor-element elementor-element-10ee8df\" data-id=\"10ee8df\" data-element_type=\"column\" data-e-type=\"column\">\n\t\t\t<div class=\"elementor-widget-wrap elementor-element-populated\">\n\t\t\t\t\t\t<div class=\"elementor-element elementor-element-9e9c835 elementor-widget elementor-widget-text-editor\" data-id=\"9e9c835\" data-element_type=\"widget\" data-e-type=\"widget\" data-widget_type=\"text-editor.default\">\n\t\t\t\t<div class=\"elementor-widget-container\">\n\t\t\t\t\t\t\t\t\t<p data-start=\"462\" data-end=\"843\">James Cameron siempre ha defendido que sus pel\u00edculas deben verse tal y como fueron concebidas. Con <em data-start=\"561\" data-end=\"585\">Avatar: Fuego y Ceniza<\/em>, el cineasta vuelve a insistir en esa idea y apuesta por la tecnolog\u00eda Cinity como el formato ideal para sumergirse en Pandora. En Espa\u00f1a, esta experiencia solo ser\u00e1 posible en Odeon Multicines, la \u00fanica cadena que ofrece este sistema de proyecci\u00f3n premium.<\/p>\t\t\t\t\t\t\t\t<\/div>\n\t\t\t\t<\/div>\n\t\t\t\t\t<\/div>\n\t\t<\/div>\n\t\t\t\t\t<\/div>\n\t\t<\/section>\n\t\t\t\t<section class=\"elementor-section elementor-top-section elementor-element elementor-element-45139c4 elementor-section-boxed elementor-section-height-default elementor-section-height-default\" data-id=\"45139c4\" data-element_type=\"section\" data-e-type=\"section\">\n\t\t\t\t\t\t<div class=\"elementor-container elementor-column-gap-default\">\n\t\t\t\t\t<div class=\"elementor-column elementor-col-50 elementor-top-column elementor-element elementor-element-66039ab\" data-id=\"66039ab\" data-element_type=\"column\" data-e-type=\"column\">\n\t\t\t<div class=\"elementor-widget-wrap elementor-element-populated\">\n\t\t\t\t\t\t<div class=\"elementor-element elementor-element-5fb3afb elementor-widget elementor-widget-image\" data-id=\"5fb3afb\" data-element_type=\"widget\" data-e-type=\"widget\" data-widget_type=\"image.default\">\n\t\t\t\t<div class=\"elementor-widget-container\">\n\t\t\t\t\t\t\t\t\t\t\t\t\t\t\t<img fetchpriority=\"high\" decoding=\"async\" width=\"640\" height=\"796\" src=\"https:\/\/unaymilletras.com\/wp-content\/uploads\/2025\/12\/f1940d26-e872-67a0-79ca-a290f783-823x1024.jpg\" class=\"attachment-large size-large wp-image-6848\" alt=\"Avatar 3\" srcset=\"https:\/\/unaymilletras.com\/wp-content\/uploads\/2025\/12\/f1940d26-e872-67a0-79ca-a290f783-823x1024.jpg 823w, https:\/\/unaymilletras.com\/wp-content\/uploads\/2025\/12\/f1940d26-e872-67a0-79ca-a290f783-241x300.jpg 241w, https:\/\/unaymilletras.com\/wp-content\/uploads\/2025\/12\/f1940d26-e872-67a0-79ca-a290f783-768x955.jpg 768w, https:\/\/unaymilletras.com\/wp-content\/uploads\/2025\/12\/f1940d26-e872-67a0-79ca-a290f783-10x12.jpg 10w, https:\/\/unaymilletras.com\/wp-content\/uploads\/2025\/12\/f1940d26-e872-67a0-79ca-a290f783-1024x1273.jpg 1024w, https:\/\/unaymilletras.com\/wp-content\/uploads\/2025\/12\/f1940d26-e872-67a0-79ca-a290f783-e1766054632671.jpg 600w\" sizes=\"(max-width: 640px) 100vw, 640px\" \/>\t\t\t\t\t\t\t\t\t\t\t\t\t\t\t<\/div>\n\t\t\t\t<\/div>\n\t\t\t\t\t<\/div>\n\t\t<\/div>\n\t\t\t\t<div class=\"elementor-column elementor-col-50 elementor-top-column elementor-element elementor-element-e4a9908\" data-id=\"e4a9908\" data-element_type=\"column\" data-e-type=\"column\">\n\t\t\t<div class=\"elementor-widget-wrap elementor-element-populated\">\n\t\t\t\t\t\t<div class=\"elementor-element elementor-element-b205c38 elementor-widget elementor-widget-text-editor\" data-id=\"b205c38\" data-element_type=\"widget\" data-e-type=\"widget\" data-widget_type=\"text-editor.default\">\n\t\t\t\t<div class=\"elementor-widget-container\">\n\t\t\t\t\t\t\t\t\t<p>Cinity es actualmente uno de los formatos m\u00e1s avanzados del mercado cinematogr\u00e1fico. Combina resoluci\u00f3n 4K, 3D, alto brillo, alta frecuencia de imagen, alto rango din\u00e1mico, una amplia gama de colores y sonido envolvente. La suma de estas tecnolog\u00edas permite una imagen extremadamente n\u00edtida y fluida, con una profundidad y realismo que elevan la experiencia inmersiva a un nuevo nivel.<\/p><p data-start=\"1232\" data-end=\"1684\">El propio James Cameron ha supervisado los detalles t\u00e9cnicos de la proyecci\u00f3n para garantizar que la pel\u00edcula se exhiba tal y como \u00e9l la concibi\u00f3. Esta semana, el director envi\u00f3 indicaciones espec\u00edficas a los t\u00e9cnicos de las salas adaptadas para asegurar un equilibrio perfecto entre las escenas m\u00e1s \u00edntimas y los grandes momentos de acci\u00f3n. Para Cameron, la din\u00e1mica visual es clave para que el espectador sienta cada plano con la intensidad adecuada.<\/p>\t\t\t\t\t\t\t\t<\/div>\n\t\t\t\t<\/div>\n\t\t\t\t\t<\/div>\n\t\t<\/div>\n\t\t\t\t\t<\/div>\n\t\t<\/section>\n\t\t\t\t<section class=\"elementor-section elementor-top-section elementor-element elementor-element-c94daf1 elementor-section-boxed elementor-section-height-default elementor-section-height-default\" data-id=\"c94daf1\" data-element_type=\"section\" data-e-type=\"section\">\n\t\t\t\t\t\t<div class=\"elementor-container elementor-column-gap-default\">\n\t\t\t\t\t<div class=\"elementor-column elementor-col-100 elementor-top-column elementor-element elementor-element-43cfd03\" data-id=\"43cfd03\" data-element_type=\"column\" data-e-type=\"column\">\n\t\t\t<div class=\"elementor-widget-wrap elementor-element-populated\">\n\t\t\t\t\t\t<div class=\"elementor-element elementor-element-0fb5966 elementor-widget elementor-widget-text-editor\" data-id=\"0fb5966\" data-element_type=\"widget\" data-e-type=\"widget\" data-widget_type=\"text-editor.default\">\n\t\t\t\t<div class=\"elementor-widget-container\">\n\t\t\t\t\t\t\t\t\t<p data-start=\"1232\" data-end=\"1684\">El gran reto es que la tecnolog\u00eda Cinity todav\u00eda no est\u00e1 disponible de forma generalizada en el mundo. Fuera de China, donde naci\u00f3 este sistema, solo unos pocos pa\u00edses cuentan con salas adaptadas. Espa\u00f1a se ha convertido en un enclave estrat\u00e9gico gracias a la apuesta de Odeon Multicines, que desde 2023 ha ido incorporando progresivamente este formato en distintos puntos del pa\u00eds.<\/p>\n<p data-start=\"2070\" data-end=\"2536\">Hasta ahora, cinco salas en Alicante, Nar\u00f3n, Girona, Le\u00f3n y Legan\u00e9s ya ofrec\u00edan proyecciones en Cinity. Con motivo del estreno de <em data-start=\"2200\" data-end=\"2210\">Avatar 3<\/em>, la red se ampliar\u00e1 hasta once cines, sumando nuevas ubicaciones en Madrid capital, Tres Cantos, Vilanova, Portugalete, Algeciras y Avil\u00e9s. Esta expansi\u00f3n sit\u00faa a Espa\u00f1a como el pa\u00eds con m\u00e1s salas Cinity fuera de China, por delante de Alemania, Suiza o Estados Unidos, donde solo existe una sala equipada con esta tecnolog\u00eda.<\/p>\t\t\t\t\t\t\t\t<\/div>\n\t\t\t\t<\/div>\n\t\t\t\t\t<\/div>\n\t\t<\/div>\n\t\t\t\t\t<\/div>\n\t\t<\/section>\n\t\t\t\t<section class=\"elementor-section elementor-top-section elementor-element elementor-element-d5250fb elementor-section-boxed elementor-section-height-default elementor-section-height-default\" data-id=\"d5250fb\" data-element_type=\"section\" data-e-type=\"section\">\n\t\t\t\t\t\t<div class=\"elementor-container elementor-column-gap-default\">\n\t\t\t\t\t<div class=\"elementor-column elementor-col-100 elementor-top-column elementor-element elementor-element-900b7fc\" data-id=\"900b7fc\" data-element_type=\"column\" data-e-type=\"column\">\n\t\t\t<div class=\"elementor-widget-wrap elementor-element-populated\">\n\t\t\t\t\t\t<div class=\"elementor-element elementor-element-3870b76 elementor-widget elementor-widget-video\" data-id=\"3870b76\" data-element_type=\"widget\" data-e-type=\"widget\" data-settings=\"{&quot;youtube_url&quot;:&quot;https:\\\/\\\/www.youtube.com\\\/watch?v=ZJm0hCFvGgE&quot;,&quot;video_type&quot;:&quot;youtube&quot;,&quot;controls&quot;:&quot;yes&quot;}\" data-widget_type=\"video.default\">\n\t\t\t\t<div class=\"elementor-widget-container\">\n\t\t\t\t\t\t\t<div class=\"elementor-wrapper elementor-open-inline\">\n\t\t\t<div class=\"elementor-video\"><\/div>\t\t<\/div>\n\t\t\t\t\t\t<\/div>\n\t\t\t\t<\/div>\n\t\t\t\t\t<\/div>\n\t\t<\/div>\n\t\t\t\t\t<\/div>\n\t\t<\/section>\n\t\t\t\t<section class=\"elementor-section elementor-top-section elementor-element elementor-element-4e62d4a elementor-section-boxed elementor-section-height-default elementor-section-height-default\" data-id=\"4e62d4a\" data-element_type=\"section\" data-e-type=\"section\">\n\t\t\t\t\t\t<div class=\"elementor-container elementor-column-gap-default\">\n\t\t\t\t\t<div class=\"elementor-column elementor-col-100 elementor-top-column elementor-element elementor-element-b837130\" data-id=\"b837130\" data-element_type=\"column\" data-e-type=\"column\">\n\t\t\t<div class=\"elementor-widget-wrap elementor-element-populated\">\n\t\t\t\t\t\t<div class=\"elementor-element elementor-element-d43fdeb elementor-widget elementor-widget-text-editor\" data-id=\"d43fdeb\" data-element_type=\"widget\" data-e-type=\"widget\" data-widget_type=\"text-editor.default\">\n\t\t\t\t<div class=\"elementor-widget-container\">\n\t\t\t\t\t\t\t\t\t<p data-start=\"2538\" data-end=\"2878\">Durante los \u00faltimos a\u00f1os, estas pantallas han acogido m\u00e1s de setenta t\u00edtulos en formato Cinity, incluyendo grandes superproducciones recientes como <em data-start=\"2686\" data-end=\"2703\">Wicked: Parte 2<\/em>, <em data-start=\"2705\" data-end=\"2713\">Mufasa<\/em>, <em data-start=\"2715\" data-end=\"2730\">Indiana Jones<\/em> o <em data-start=\"2733\" data-end=\"2750\">Capit\u00e1n Am\u00e9rica<\/em>. Con <em data-start=\"2756\" data-end=\"2780\">Avatar: Fuego y Ceniza<\/em>, Odeon refuerza su posici\u00f3n como referente en innovaci\u00f3n tecnol\u00f3gica dentro del circuito europeo.<\/p><p data-start=\"2880\" data-end=\"3300\">Luis Carlos Mill\u00e1n, CEO y fundador de Odeon Multicines, destaca que esta pel\u00edcula alcanza su m\u00e1ximo potencial cuando la tecnolog\u00eda acompa\u00f1a a su ambici\u00f3n visual. La nitidez, la fluidez del movimiento, la profundidad del 3D y la precisi\u00f3n del color permiten que el universo de Pandora se perciba m\u00e1s real que nunca, mientras el sonido envolvente completa una experiencia dise\u00f1ada para sumergir por completo al espectador.<\/p><p data-start=\"3302\" data-end=\"3592\" data-is-last-node=\"\" data-is-only-node=\"\">De este modo, el estreno de <em data-start=\"3330\" data-end=\"3340\">Avatar 3<\/em> no ser\u00e1 solo una cita cinematogr\u00e1fica, sino tambi\u00e9n una oportunidad \u00fanica para descubrir c\u00f3mo James Cameron imagin\u00f3 realmente su nueva obra. Una experiencia exclusiva que confirma que el futuro del cine pasa por la tecnolog\u00eda\u2026 y por saber d\u00f3nde verla.<\/p>\t\t\t\t\t\t\t\t<\/div>\n\t\t\t\t<\/div>\n\t\t\t\t\t<\/div>\n\t\t<\/div>\n\t\t\t\t\t<\/div>\n\t\t<\/section>\n\t\t\t\t<section class=\"elementor-section elementor-top-section elementor-element elementor-element-c5de11a elementor-section-boxed elementor-section-height-default elementor-section-height-default\" data-id=\"c5de11a\" data-element_type=\"section\" data-e-type=\"section\">\n\t\t\t\t\t\t<div class=\"elementor-container elementor-column-gap-default\">\n\t\t\t\t\t<div class=\"elementor-column elementor-col-100 elementor-top-column elementor-element elementor-element-7302dd8\" data-id=\"7302dd8\" data-element_type=\"column\" data-e-type=\"column\">\n\t\t\t<div class=\"elementor-widget-wrap elementor-element-populated\">\n\t\t\t\t\t\t<div class=\"elementor-element elementor-element-39588fb elementor-widget elementor-widget-text-editor\" data-id=\"39588fb\" data-element_type=\"widget\" data-e-type=\"widget\" data-widget_type=\"text-editor.default\">\n\t\t\t\t<div class=\"elementor-widget-container\">\n\t\t\t\t\t\t\t\t\t<table class=\"v1mcnTextBlock\" border=\"0\" width=\"100%\" cellspacing=\"0\" cellpadding=\"0\"><tbody class=\"v1mcnTextBlockOuter\"><tr><td class=\"v1mcnTextBlockInner\" valign=\"top\"><table class=\"v1mcnTextContentContainer\" border=\"0\" width=\"100%\" cellspacing=\"0\" cellpadding=\"0\" align=\"left\"><tbody><tr><td class=\"v1mcnTextContent\" valign=\"top\"><p><strong>LISTADO DE CINES DONDE VER &#8216;AVATAR&#8217; EN CINITY.<\/strong><\/p><\/td><\/tr><\/tbody><\/table><\/td><\/tr><\/tbody><\/table><table class=\"v1mcnButtonBlock\" border=\"0\" width=\"100%\" cellspacing=\"0\" cellpadding=\"0\"><tbody class=\"v1mcnButtonBlockOuter\"><tr><td class=\"v1mcnButtonBlockInner\" align=\"center\" valign=\"top\"><table class=\"v1mcnButtonContentContainer\" border=\"0\" cellspacing=\"0\" cellpadding=\"0\"><tbody><tr><td class=\"v1mcnButtonContent\" align=\"center\" valign=\"middle\"><a class=\"v1mcnButton\" title=\"ODEON ALCAL\u00c1 NORTE (MADRID)\" href=\"https:\/\/hayedacultura.us12.list-manage.com\/track\/click?u=43a75b84022687ab0ac5ee79c&amp;id=8b836dcc35&amp;e=a0f4f6a59f\" target=\"_blank\" rel=\"noopener noreferrer\">ODEON ALCAL\u00c1 NORTE (MADRID)<\/a><\/td><\/tr><\/tbody><\/table><\/td><\/tr><\/tbody><\/table><table class=\"v1mcnButtonBlock\" border=\"0\" width=\"100%\" cellspacing=\"0\" cellpadding=\"0\"><tbody class=\"v1mcnButtonBlockOuter\"><tr><td class=\"v1mcnButtonBlockInner\" align=\"center\" valign=\"top\"><table class=\"v1mcnButtonContentContainer\" border=\"0\" cellspacing=\"0\" cellpadding=\"0\"><tbody><tr><td class=\"v1mcnButtonContent\" align=\"center\" valign=\"middle\"><a class=\"v1mcnButton\" title=\"ODEON ALICANTE\" href=\"https:\/\/hayedacultura.us12.list-manage.com\/track\/click?u=43a75b84022687ab0ac5ee79c&amp;id=63d6986949&amp;e=a0f4f6a59f\" target=\"_blank\" rel=\"noopener noreferrer\">ODEON ALICANTE<\/a><\/td><\/tr><\/tbody><\/table><\/td><\/tr><\/tbody><\/table><table class=\"v1mcnButtonBlock\" border=\"0\" width=\"100%\" cellspacing=\"0\" cellpadding=\"0\"><tbody class=\"v1mcnButtonBlockOuter\"><tr><td class=\"v1mcnButtonBlockInner\" align=\"center\" valign=\"top\"><table class=\"v1mcnButtonContentContainer\" border=\"0\" cellspacing=\"0\" cellpadding=\"0\"><tbody><tr><td class=\"v1mcnButtonContent\" align=\"center\" valign=\"middle\"><a class=\"v1mcnButton\" title=\"ODEON BAH\u00cdA PLAZA (ALGECIRAS - C\u00c1DIZ)\" href=\"https:\/\/hayedacultura.us12.list-manage.com\/track\/click?u=43a75b84022687ab0ac5ee79c&amp;id=81dc6b616a&amp;e=a0f4f6a59f\" target=\"_blank\" rel=\"noopener noreferrer\">ODEON BAH\u00cdA PLAZA (ALGECIRAS &#8211; C\u00c1DIZ)<\/a><\/td><\/tr><\/tbody><\/table><\/td><\/tr><\/tbody><\/table><table class=\"v1mcnButtonBlock\" border=\"0\" width=\"100%\" cellspacing=\"0\" cellpadding=\"0\"><tbody class=\"v1mcnButtonBlockOuter\"><tr><td class=\"v1mcnButtonBlockInner\" align=\"center\" valign=\"top\"><table class=\"v1mcnButtonContentContainer\" border=\"0\" cellspacing=\"0\" cellpadding=\"0\"><tbody><tr><td class=\"v1mcnButtonContent\" align=\"center\" valign=\"middle\"><a class=\"v1mcnButton\" title=\"ODEON BALLONTI (PORTUGALETE - VIZCAYA)\" href=\"https:\/\/hayedacultura.us12.list-manage.com\/track\/click?u=43a75b84022687ab0ac5ee79c&amp;id=9598693b6b&amp;e=a0f4f6a59f\" target=\"_blank\" rel=\"noopener noreferrer\">ODEON BALLONTI (PORTUGALETE &#8211; VIZCAYA)<\/a><\/td><\/tr><\/tbody><\/table><\/td><\/tr><\/tbody><\/table><table class=\"v1mcnButtonBlock\" border=\"0\" width=\"100%\" cellspacing=\"0\" cellpadding=\"0\"><tbody class=\"v1mcnButtonBlockOuter\"><tr><td class=\"v1mcnButtonBlockInner\" align=\"center\" valign=\"top\"><table class=\"v1mcnButtonContentContainer\" border=\"0\" cellspacing=\"0\" cellpadding=\"0\"><tbody><tr><td class=\"v1mcnButtonContent\" align=\"center\" valign=\"middle\"><a class=\"v1mcnButton\" title=\"ODEON GIRONA\" href=\"https:\/\/hayedacultura.us12.list-manage.com\/track\/click?u=43a75b84022687ab0ac5ee79c&amp;id=260372930e&amp;e=a0f4f6a59f\" target=\"_blank\" rel=\"noopener noreferrer\">ODEON GIRONA<\/a><\/td><\/tr><\/tbody><\/table><\/td><\/tr><\/tbody><\/table><table class=\"v1mcnButtonBlock\" border=\"0\" width=\"100%\" cellspacing=\"0\" cellpadding=\"0\"><tbody class=\"v1mcnButtonBlockOuter\"><tr><td class=\"v1mcnButtonBlockInner\" align=\"center\" valign=\"top\"><table class=\"v1mcnButtonContentContainer\" border=\"0\" cellspacing=\"0\" cellpadding=\"0\"><tbody><tr><td class=\"v1mcnButtonContent\" align=\"center\" valign=\"middle\"><a class=\"v1mcnButton\" title=\"ODEON LE\u00d3N\" href=\"https:\/\/hayedacultura.us12.list-manage.com\/track\/click?u=43a75b84022687ab0ac5ee79c&amp;id=29b45bbae4&amp;e=a0f4f6a59f\" target=\"_blank\" rel=\"noopener noreferrer\">ODEON LE\u00d3N<\/a><\/td><\/tr><\/tbody><\/table><\/td><\/tr><\/tbody><\/table><table class=\"v1mcnButtonBlock\" border=\"0\" width=\"100%\" cellspacing=\"0\" cellpadding=\"0\"><tbody class=\"v1mcnButtonBlockOuter\"><tr><td class=\"v1mcnButtonBlockInner\" align=\"center\" valign=\"top\"><table class=\"v1mcnButtonContentContainer\" border=\"0\" cellspacing=\"0\" cellpadding=\"0\"><tbody><tr><td class=\"v1mcnButtonContent\" align=\"center\" valign=\"middle\"><a class=\"v1mcnButton\" title=\"ODEON NAR\u00d3N (LA CORU\u00d1A)\" href=\"https:\/\/hayedacultura.us12.list-manage.com\/track\/click?u=43a75b84022687ab0ac5ee79c&amp;id=4f9fdda47f&amp;e=a0f4f6a59f\" target=\"_blank\" rel=\"noopener noreferrer\">ODEON NAR\u00d3N (LA CORU\u00d1A)<\/a><\/td><\/tr><\/tbody><\/table><\/td><\/tr><\/tbody><\/table><table class=\"v1mcnButtonBlock\" border=\"0\" width=\"100%\" cellspacing=\"0\" cellpadding=\"0\"><tbody class=\"v1mcnButtonBlockOuter\"><tr><td class=\"v1mcnButtonBlockInner\" align=\"center\" valign=\"top\"><table class=\"v1mcnButtonContentContainer\" border=\"0\" cellspacing=\"0\" cellpadding=\"0\"><tbody><tr><td class=\"v1mcnButtonContent\" align=\"center\" valign=\"middle\"><a class=\"v1mcnButton\" title=\"ODEON PARQUE ASTUR (AVIL\u00c9S - ASTURIAS)\" href=\"https:\/\/hayedacultura.us12.list-manage.com\/track\/click?u=43a75b84022687ab0ac5ee79c&amp;id=494ccc894d&amp;e=a0f4f6a59f\" target=\"_blank\" rel=\"noopener noreferrer\">ODEON PARQUE ASTUR (AVIL\u00c9S &#8211; ASTURIAS)<\/a><\/td><\/tr><\/tbody><\/table><\/td><\/tr><\/tbody><\/table><table class=\"v1mcnButtonBlock\" border=\"0\" width=\"100%\" cellspacing=\"0\" cellpadding=\"0\"><tbody class=\"v1mcnButtonBlockOuter\"><tr><td class=\"v1mcnButtonBlockInner\" align=\"center\" valign=\"top\"><table class=\"v1mcnButtonContentContainer\" border=\"0\" cellspacing=\"0\" cellpadding=\"0\"><tbody><tr><td class=\"v1mcnButtonContent\" align=\"center\" valign=\"middle\"><a class=\"v1mcnButton\" title=\"ODEON SAMBIL (LEGAN\u00c9S - MADRID)\" href=\"https:\/\/hayedacultura.us12.list-manage.com\/track\/click?u=43a75b84022687ab0ac5ee79c&amp;id=a8937df8d2&amp;e=a0f4f6a59f\" target=\"_blank\" rel=\"noopener noreferrer\">ODEON SAMBIL (LEGAN\u00c9S &#8211; MADRID)<\/a><\/td><\/tr><\/tbody><\/table><\/td><\/tr><\/tbody><\/table><table class=\"v1mcnButtonBlock\" border=\"0\" width=\"100%\" cellspacing=\"0\" cellpadding=\"0\"><tbody class=\"v1mcnButtonBlockOuter\"><tr><td class=\"v1mcnButtonBlockInner\" align=\"center\" valign=\"top\"><table class=\"v1mcnButtonContentContainer\" border=\"0\" cellspacing=\"0\" cellpadding=\"0\"><tbody><tr><td class=\"v1mcnButtonContent\" align=\"center\" valign=\"middle\"><a class=\"v1mcnButton\" title=\"ODEON TRES CANTOS (MADRID)\" href=\"https:\/\/hayedacultura.us12.list-manage.com\/track\/click?u=43a75b84022687ab0ac5ee79c&amp;id=c351fe6f8f&amp;e=a0f4f6a59f\" target=\"_blank\" rel=\"noopener noreferrer\">ODEON TRES CANTOS (MADRID)<\/a><\/td><\/tr><\/tbody><\/table><\/td><\/tr><\/tbody><\/table><table class=\"v1mcnButtonBlock\" border=\"0\" width=\"100%\" cellspacing=\"0\" cellpadding=\"0\"><tbody class=\"v1mcnButtonBlockOuter\"><tr><td class=\"v1mcnButtonBlockInner\" align=\"center\" valign=\"top\"><table class=\"v1mcnButtonContentContainer\" border=\"0\" cellspacing=\"0\" cellpadding=\"0\"><tbody><tr><td class=\"v1mcnButtonContent\" align=\"center\" valign=\"middle\"><a class=\"v1mcnButton\" title=\"ODEON VILANOVA (BARCELONA)\" href=\"https:\/\/hayedacultura.us12.list-manage.com\/track\/click?u=43a75b84022687ab0ac5ee79c&amp;id=584aab2b29&amp;e=a0f4f6a59f\" target=\"_blank\" rel=\"noopener noreferrer\">ODEON VILANOVA (BARCELONA)<\/a><\/td><\/tr><\/tbody><\/table><\/td><\/tr><\/tbody><\/table><table class=\"v1mcnImageBlock\" border=\"0\" width=\"100%\" cellspacing=\"0\" cellpadding=\"0\"><tbody class=\"v1mcnImageBlockOuter\"><tr><td class=\"v1mcnImageBlockInner\" valign=\"top\"><table class=\"v1mcnImageContentContainer\" border=\"0\" width=\"100%\" cellspacing=\"0\" cellpadding=\"0\" align=\"left\"><tbody><tr><td class=\"v1mcnImageContent\" valign=\"top\">\u00a0<\/td><\/tr><\/tbody><\/table><\/td><\/tr><\/tbody><\/table>\t\t\t\t\t\t\t\t<\/div>\n\t\t\t\t<\/div>\n\t\t\t\t\t<\/div>\n\t\t<\/div>\n\t\t\t\t\t<\/div>\n\t\t<\/section>\n\t\t\t\t<\/div>","protected":false},"excerpt":{"rendered":"<p>Odeon Multicines ser\u00e1 la \u00fanica cadena en el pa\u00eds donde podr\u00e1 verse Avatar 3 en el formato premium concebido por el director James Cameron siempre ha defendido que sus pel\u00edculas deben verse tal y como fueron concebidas. Con Avatar: Fuego y Ceniza, el cineasta vuelve a insistir en esa idea y apuesta por la tecnolog\u00eda [&hellip;]<\/p>\n","protected":false},"author":6,"featured_media":6848,"comment_status":"closed","ping_status":"closed","sticky":false,"template":"","format":"standard","meta":{"footnotes":""},"categories":[117],"tags":[],"class_list":["post-6846","post","type-post","status-publish","format-standard","has-post-thumbnail","hentry","category-peliculas-y-series"],"yoast_head":"<!-- This site is optimized with the Yoast SEO plugin v27.4 - https:\/\/yoast.com\/product\/yoast-seo-wordpress\/ -->\n<title>Avatar 3 llegar\u00e1 a Espa\u00f1a con la experiencia visual so\u00f1ada por James Cameron<\/title>\n<meta name=\"description\" content=\"Odeon Multicines ser\u00e1 la \u00fanica cadena en el pa\u00eds donde podr\u00e1 verse Avatar 3 en el formato premium concebido por el director\" \/>\n<meta name=\"robots\" content=\"index, follow, max-snippet:-1, max-image-preview:large, max-video-preview:-1\" \/>\n<link rel=\"canonical\" href=\"https:\/\/unaymilletras.com\/en\/avatar-3-llegara-a-espana-con-la-experiencia-visual-sonada-por-james-cameron\/\" \/>\n<meta property=\"og:locale\" content=\"en_GB\" \/>\n<meta property=\"og:type\" content=\"article\" \/>\n<meta property=\"og:title\" content=\"Avatar 3 llegar\u00e1 a Espa\u00f1a con la experiencia visual so\u00f1ada por James Cameron\" \/>\n<meta property=\"og:description\" content=\"Odeon Multicines ser\u00e1 la \u00fanica cadena en el pa\u00eds donde podr\u00e1 verse Avatar 3 en el formato premium concebido por el director\" \/>\n<meta property=\"og:url\" content=\"https:\/\/unaymilletras.com\/en\/avatar-3-llegara-a-espana-con-la-experiencia-visual-sonada-por-james-cameron\/\" \/>\n<meta property=\"og:site_name\" content=\"Una y Mil Letras\" \/>\n<meta property=\"article:published_time\" content=\"2025-12-18T10:46:33+00:00\" \/>\n<meta property=\"article:modified_time\" content=\"2025-12-18T10:47:52+00:00\" \/>\n<meta property=\"og:image\" content=\"http:\/\/unaymilletras.com\/wp-content\/uploads\/2025\/12\/f1940d26-e872-67a0-79ca-a290f783-e1766054632671.jpg\" \/>\n\t<meta property=\"og:image:width\" content=\"600\" \/>\n\t<meta property=\"og:image:height\" content=\"746\" \/>\n\t<meta property=\"og:image:type\" content=\"image\/jpeg\" \/>\n<meta name=\"author\" content=\"Redacci\u00f3n\" \/>\n<meta name=\"twitter:card\" content=\"summary_large_image\" \/>\n<meta name=\"twitter:creator\" content=\"@UnaYMilLetras\" \/>\n<meta name=\"twitter:site\" content=\"@UnaYMilLetras\" \/>\n<meta name=\"twitter:label1\" content=\"Written by\" \/>\n\t<meta name=\"twitter:data1\" content=\"Redacci\u00f3n\" \/>\n\t<meta name=\"twitter:label2\" content=\"Estimated reading time\" \/>\n\t<meta name=\"twitter:data2\" content=\"3 minutes\" \/>\n<script type=\"application\/ld+json\" class=\"yoast-schema-graph\">{\"@context\":\"https:\\\/\\\/schema.org\",\"@graph\":[{\"@type\":\"Article\",\"@id\":\"https:\\\/\\\/unaymilletras.com\\\/avatar-3-llegara-a-espana-con-la-experiencia-visual-sonada-por-james-cameron\\\/#article\",\"isPartOf\":{\"@id\":\"https:\\\/\\\/unaymilletras.com\\\/avatar-3-llegara-a-espana-con-la-experiencia-visual-sonada-por-james-cameron\\\/\"},\"author\":{\"name\":\"Redacci\u00f3n\",\"@id\":\"http:\\\/\\\/unaymilletras.com\\\/#\\\/schema\\\/person\\\/0860dc8a218329991ee2c7591f4f849d\"},\"headline\":\"Avatar 3 llegar\u00e1 a Espa\u00f1a con la experiencia visual so\u00f1ada por James Cameron\",\"datePublished\":\"2025-12-18T10:46:33+00:00\",\"dateModified\":\"2025-12-18T10:47:52+00:00\",\"mainEntityOfPage\":{\"@id\":\"https:\\\/\\\/unaymilletras.com\\\/avatar-3-llegara-a-espana-con-la-experiencia-visual-sonada-por-james-cameron\\\/\"},\"wordCount\":646,\"publisher\":{\"@id\":\"http:\\\/\\\/unaymilletras.com\\\/#organization\"},\"image\":{\"@id\":\"https:\\\/\\\/unaymilletras.com\\\/avatar-3-llegara-a-espana-con-la-experiencia-visual-sonada-por-james-cameron\\\/#primaryimage\"},\"thumbnailUrl\":\"https:\\\/\\\/unaymilletras.com\\\/wp-content\\\/uploads\\\/2025\\\/12\\\/f1940d26-e872-67a0-79ca-a290f783-e1766054632671.jpg\",\"articleSection\":[\"Pel\u00edculas y Series\"],\"inLanguage\":\"en-GB\"},{\"@type\":\"WebPage\",\"@id\":\"https:\\\/\\\/unaymilletras.com\\\/avatar-3-llegara-a-espana-con-la-experiencia-visual-sonada-por-james-cameron\\\/\",\"url\":\"https:\\\/\\\/unaymilletras.com\\\/avatar-3-llegara-a-espana-con-la-experiencia-visual-sonada-por-james-cameron\\\/\",\"name\":\"Avatar 3 llegar\u00e1 a Espa\u00f1a con la experiencia visual so\u00f1ada por James Cameron\",\"isPartOf\":{\"@id\":\"http:\\\/\\\/unaymilletras.com\\\/#website\"},\"primaryImageOfPage\":{\"@id\":\"https:\\\/\\\/unaymilletras.com\\\/avatar-3-llegara-a-espana-con-la-experiencia-visual-sonada-por-james-cameron\\\/#primaryimage\"},\"image\":{\"@id\":\"https:\\\/\\\/unaymilletras.com\\\/avatar-3-llegara-a-espana-con-la-experiencia-visual-sonada-por-james-cameron\\\/#primaryimage\"},\"thumbnailUrl\":\"https:\\\/\\\/unaymilletras.com\\\/wp-content\\\/uploads\\\/2025\\\/12\\\/f1940d26-e872-67a0-79ca-a290f783-e1766054632671.jpg\",\"datePublished\":\"2025-12-18T10:46:33+00:00\",\"dateModified\":\"2025-12-18T10:47:52+00:00\",\"description\":\"Odeon Multicines ser\u00e1 la \u00fanica cadena en el pa\u00eds donde podr\u00e1 verse Avatar 3 en el formato premium concebido por el director\",\"breadcrumb\":{\"@id\":\"https:\\\/\\\/unaymilletras.com\\\/avatar-3-llegara-a-espana-con-la-experiencia-visual-sonada-por-james-cameron\\\/#breadcrumb\"},\"inLanguage\":\"en-GB\",\"potentialAction\":[{\"@type\":\"ReadAction\",\"target\":[\"https:\\\/\\\/unaymilletras.com\\\/avatar-3-llegara-a-espana-con-la-experiencia-visual-sonada-por-james-cameron\\\/\"]}]},{\"@type\":\"ImageObject\",\"inLanguage\":\"en-GB\",\"@id\":\"https:\\\/\\\/unaymilletras.com\\\/avatar-3-llegara-a-espana-con-la-experiencia-visual-sonada-por-james-cameron\\\/#primaryimage\",\"url\":\"https:\\\/\\\/unaymilletras.com\\\/wp-content\\\/uploads\\\/2025\\\/12\\\/f1940d26-e872-67a0-79ca-a290f783-e1766054632671.jpg\",\"contentUrl\":\"https:\\\/\\\/unaymilletras.com\\\/wp-content\\\/uploads\\\/2025\\\/12\\\/f1940d26-e872-67a0-79ca-a290f783-e1766054632671.jpg\",\"width\":600,\"height\":746,\"caption\":\"Avatar 3\"},{\"@type\":\"BreadcrumbList\",\"@id\":\"https:\\\/\\\/unaymilletras.com\\\/avatar-3-llegara-a-espana-con-la-experiencia-visual-sonada-por-james-cameron\\\/#breadcrumb\",\"itemListElement\":[{\"@type\":\"ListItem\",\"position\":1,\"name\":\"Home\",\"item\":\"http:\\\/\\\/unaymilletras.com\\\/\"},{\"@type\":\"ListItem\",\"position\":2,\"name\":\"Avatar 3 llegar\u00e1 a Espa\u00f1a con la experiencia visual so\u00f1ada por James Cameron\"}]},{\"@type\":\"WebSite\",\"@id\":\"http:\\\/\\\/unaymilletras.com\\\/#website\",\"url\":\"http:\\\/\\\/unaymilletras.com\\\/\",\"name\":\"Una y Mil Letras\",\"description\":\"\",\"publisher\":{\"@id\":\"http:\\\/\\\/unaymilletras.com\\\/#organization\"},\"potentialAction\":[{\"@type\":\"SearchAction\",\"target\":{\"@type\":\"EntryPoint\",\"urlTemplate\":\"http:\\\/\\\/unaymilletras.com\\\/?s={search_term_string}\"},\"query-input\":{\"@type\":\"PropertyValueSpecification\",\"valueRequired\":true,\"valueName\":\"search_term_string\"}}],\"inLanguage\":\"en-GB\"},{\"@type\":\"Organization\",\"@id\":\"http:\\\/\\\/unaymilletras.com\\\/#organization\",\"name\":\"Una y Mil Letras\",\"url\":\"http:\\\/\\\/unaymilletras.com\\\/\",\"logo\":{\"@type\":\"ImageObject\",\"inLanguage\":\"en-GB\",\"@id\":\"http:\\\/\\\/unaymilletras.com\\\/#\\\/schema\\\/logo\\\/image\\\/\",\"url\":\"https:\\\/\\\/unaymilletras.com\\\/wp-content\\\/uploads\\\/2024\\\/06\\\/cropped-Logo-removebg-preview.png\",\"contentUrl\":\"https:\\\/\\\/unaymilletras.com\\\/wp-content\\\/uploads\\\/2024\\\/06\\\/cropped-Logo-removebg-preview.png\",\"width\":512,\"height\":512,\"caption\":\"Una y Mil Letras\"},\"image\":{\"@id\":\"http:\\\/\\\/unaymilletras.com\\\/#\\\/schema\\\/logo\\\/image\\\/\"},\"sameAs\":[\"https:\\\/\\\/x.com\\\/UnaYMilLetras\",\"https:\\\/\\\/instagram.com\\\/UnaYMilLetras\"]},{\"@type\":\"Person\",\"@id\":\"http:\\\/\\\/unaymilletras.com\\\/#\\\/schema\\\/person\\\/0860dc8a218329991ee2c7591f4f849d\",\"name\":\"Redacci\u00f3n\",\"image\":{\"@type\":\"ImageObject\",\"inLanguage\":\"en-GB\",\"@id\":\"https:\\\/\\\/secure.gravatar.com\\\/avatar\\\/d8f55e05a8b6597e45c55a1dcbdbfe44f4a360d88b48e00de5216a79b7732796?s=96&d=mm&r=g\",\"url\":\"https:\\\/\\\/secure.gravatar.com\\\/avatar\\\/d8f55e05a8b6597e45c55a1dcbdbfe44f4a360d88b48e00de5216a79b7732796?s=96&d=mm&r=g\",\"contentUrl\":\"https:\\\/\\\/secure.gravatar.com\\\/avatar\\\/d8f55e05a8b6597e45c55a1dcbdbfe44f4a360d88b48e00de5216a79b7732796?s=96&d=mm&r=g\",\"caption\":\"Redacci\u00f3n\"},\"url\":\"https:\\\/\\\/unaymilletras.com\\\/en\\\/author\\\/redaccion\\\/\"}]}<\/script>\n<!-- \/ Yoast SEO plugin. -->","yoast_head_json":{"title":"Avatar 3 llegar\u00e1 a Espa\u00f1a con la experiencia visual so\u00f1ada por James Cameron","description":"Odeon Multicines ser\u00e1 la \u00fanica cadena en el pa\u00eds donde podr\u00e1 verse Avatar 3 en el formato premium concebido por el director","robots":{"index":"index","follow":"follow","max-snippet":"max-snippet:-1","max-image-preview":"max-image-preview:large","max-video-preview":"max-video-preview:-1"},"canonical":"https:\/\/unaymilletras.com\/en\/avatar-3-llegara-a-espana-con-la-experiencia-visual-sonada-por-james-cameron\/","og_locale":"en_GB","og_type":"article","og_title":"Avatar 3 llegar\u00e1 a Espa\u00f1a con la experiencia visual so\u00f1ada por James Cameron","og_description":"Odeon Multicines ser\u00e1 la \u00fanica cadena en el pa\u00eds donde podr\u00e1 verse Avatar 3 en el formato premium concebido por el director","og_url":"https:\/\/unaymilletras.com\/en\/avatar-3-llegara-a-espana-con-la-experiencia-visual-sonada-por-james-cameron\/","og_site_name":"Una y Mil Letras","article_published_time":"2025-12-18T10:46:33+00:00","article_modified_time":"2025-12-18T10:47:52+00:00","og_image":[{"width":600,"height":746,"url":"http:\/\/unaymilletras.com\/wp-content\/uploads\/2025\/12\/f1940d26-e872-67a0-79ca-a290f783-e1766054632671.jpg","type":"image\/jpeg"}],"author":"Redacci\u00f3n","twitter_card":"summary_large_image","twitter_creator":"@UnaYMilLetras","twitter_site":"@UnaYMilLetras","twitter_misc":{"Written by":"Redacci\u00f3n","Estimated reading time":"3 minutes"},"schema":{"@context":"https:\/\/schema.org","@graph":[{"@type":"Article","@id":"https:\/\/unaymilletras.com\/avatar-3-llegara-a-espana-con-la-experiencia-visual-sonada-por-james-cameron\/#article","isPartOf":{"@id":"https:\/\/unaymilletras.com\/avatar-3-llegara-a-espana-con-la-experiencia-visual-sonada-por-james-cameron\/"},"author":{"name":"Redacci\u00f3n","@id":"http:\/\/unaymilletras.com\/#\/schema\/person\/0860dc8a218329991ee2c7591f4f849d"},"headline":"Avatar 3 llegar\u00e1 a Espa\u00f1a con la experiencia visual so\u00f1ada por James Cameron","datePublished":"2025-12-18T10:46:33+00:00","dateModified":"2025-12-18T10:47:52+00:00","mainEntityOfPage":{"@id":"https:\/\/unaymilletras.com\/avatar-3-llegara-a-espana-con-la-experiencia-visual-sonada-por-james-cameron\/"},"wordCount":646,"publisher":{"@id":"http:\/\/unaymilletras.com\/#organization"},"image":{"@id":"https:\/\/unaymilletras.com\/avatar-3-llegara-a-espana-con-la-experiencia-visual-sonada-por-james-cameron\/#primaryimage"},"thumbnailUrl":"https:\/\/unaymilletras.com\/wp-content\/uploads\/2025\/12\/f1940d26-e872-67a0-79ca-a290f783-e1766054632671.jpg","articleSection":["Pel\u00edculas y Series"],"inLanguage":"en-GB"},{"@type":"WebPage","@id":"https:\/\/unaymilletras.com\/avatar-3-llegara-a-espana-con-la-experiencia-visual-sonada-por-james-cameron\/","url":"https:\/\/unaymilletras.com\/avatar-3-llegara-a-espana-con-la-experiencia-visual-sonada-por-james-cameron\/","name":"Avatar 3 llegar\u00e1 a Espa\u00f1a con la experiencia visual so\u00f1ada por James Cameron","isPartOf":{"@id":"http:\/\/unaymilletras.com\/#website"},"primaryImageOfPage":{"@id":"https:\/\/unaymilletras.com\/avatar-3-llegara-a-espana-con-la-experiencia-visual-sonada-por-james-cameron\/#primaryimage"},"image":{"@id":"https:\/\/unaymilletras.com\/avatar-3-llegara-a-espana-con-la-experiencia-visual-sonada-por-james-cameron\/#primaryimage"},"thumbnailUrl":"https:\/\/unaymilletras.com\/wp-content\/uploads\/2025\/12\/f1940d26-e872-67a0-79ca-a290f783-e1766054632671.jpg","datePublished":"2025-12-18T10:46:33+00:00","dateModified":"2025-12-18T10:47:52+00:00","description":"Odeon Multicines ser\u00e1 la \u00fanica cadena en el pa\u00eds donde podr\u00e1 verse Avatar 3 en el formato premium concebido por el director","breadcrumb":{"@id":"https:\/\/unaymilletras.com\/avatar-3-llegara-a-espana-con-la-experiencia-visual-sonada-por-james-cameron\/#breadcrumb"},"inLanguage":"en-GB","potentialAction":[{"@type":"ReadAction","target":["https:\/\/unaymilletras.com\/avatar-3-llegara-a-espana-con-la-experiencia-visual-sonada-por-james-cameron\/"]}]},{"@type":"ImageObject","inLanguage":"en-GB","@id":"https:\/\/unaymilletras.com\/avatar-3-llegara-a-espana-con-la-experiencia-visual-sonada-por-james-cameron\/#primaryimage","url":"https:\/\/unaymilletras.com\/wp-content\/uploads\/2025\/12\/f1940d26-e872-67a0-79ca-a290f783-e1766054632671.jpg","contentUrl":"https:\/\/unaymilletras.com\/wp-content\/uploads\/2025\/12\/f1940d26-e872-67a0-79ca-a290f783-e1766054632671.jpg","width":600,"height":746,"caption":"Avatar 3"},{"@type":"BreadcrumbList","@id":"https:\/\/unaymilletras.com\/avatar-3-llegara-a-espana-con-la-experiencia-visual-sonada-por-james-cameron\/#breadcrumb","itemListElement":[{"@type":"ListItem","position":1,"name":"Home","item":"http:\/\/unaymilletras.com\/"},{"@type":"ListItem","position":2,"name":"Avatar 3 llegar\u00e1 a Espa\u00f1a con la experiencia visual so\u00f1ada por James Cameron"}]},{"@type":"WebSite","@id":"http:\/\/unaymilletras.com\/#website","url":"http:\/\/unaymilletras.com\/","name":"Una y Mil Letras","description":"","publisher":{"@id":"http:\/\/unaymilletras.com\/#organization"},"potentialAction":[{"@type":"SearchAction","target":{"@type":"EntryPoint","urlTemplate":"http:\/\/unaymilletras.com\/?s={search_term_string}"},"query-input":{"@type":"PropertyValueSpecification","valueRequired":true,"valueName":"search_term_string"}}],"inLanguage":"en-GB"},{"@type":"Organization","@id":"http:\/\/unaymilletras.com\/#organization","name":"Una y Mil Letras","url":"http:\/\/unaymilletras.com\/","logo":{"@type":"ImageObject","inLanguage":"en-GB","@id":"http:\/\/unaymilletras.com\/#\/schema\/logo\/image\/","url":"https:\/\/unaymilletras.com\/wp-content\/uploads\/2024\/06\/cropped-Logo-removebg-preview.png","contentUrl":"https:\/\/unaymilletras.com\/wp-content\/uploads\/2024\/06\/cropped-Logo-removebg-preview.png","width":512,"height":512,"caption":"Una y Mil Letras"},"image":{"@id":"http:\/\/unaymilletras.com\/#\/schema\/logo\/image\/"},"sameAs":["https:\/\/x.com\/UnaYMilLetras","https:\/\/instagram.com\/UnaYMilLetras"]},{"@type":"Person","@id":"http:\/\/unaymilletras.com\/#\/schema\/person\/0860dc8a218329991ee2c7591f4f849d","name":"Redacci\u00f3n","image":{"@type":"ImageObject","inLanguage":"en-GB","@id":"https:\/\/secure.gravatar.com\/avatar\/d8f55e05a8b6597e45c55a1dcbdbfe44f4a360d88b48e00de5216a79b7732796?s=96&d=mm&r=g","url":"https:\/\/secure.gravatar.com\/avatar\/d8f55e05a8b6597e45c55a1dcbdbfe44f4a360d88b48e00de5216a79b7732796?s=96&d=mm&r=g","contentUrl":"https:\/\/secure.gravatar.com\/avatar\/d8f55e05a8b6597e45c55a1dcbdbfe44f4a360d88b48e00de5216a79b7732796?s=96&d=mm&r=g","caption":"Redacci\u00f3n"},"url":"https:\/\/unaymilletras.com\/en\/author\/redaccion\/"}]}},"_links":{"self":[{"href":"https:\/\/unaymilletras.com\/en\/wp-json\/wp\/v2\/posts\/6846","targetHints":{"allow":["GET"]}}],"collection":[{"href":"https:\/\/unaymilletras.com\/en\/wp-json\/wp\/v2\/posts"}],"about":[{"href":"https:\/\/unaymilletras.com\/en\/wp-json\/wp\/v2\/types\/post"}],"author":[{"embeddable":true,"href":"https:\/\/unaymilletras.com\/en\/wp-json\/wp\/v2\/users\/6"}],"replies":[{"embeddable":true,"href":"https:\/\/unaymilletras.com\/en\/wp-json\/wp\/v2\/comments?post=6846"}],"version-history":[{"count":7,"href":"https:\/\/unaymilletras.com\/en\/wp-json\/wp\/v2\/posts\/6846\/revisions"}],"predecessor-version":[{"id":6854,"href":"https:\/\/unaymilletras.com\/en\/wp-json\/wp\/v2\/posts\/6846\/revisions\/6854"}],"wp:featuredmedia":[{"embeddable":true,"href":"https:\/\/unaymilletras.com\/en\/wp-json\/wp\/v2\/media\/6848"}],"wp:attachment":[{"href":"https:\/\/unaymilletras.com\/en\/wp-json\/wp\/v2\/media?parent=6846"}],"wp:term":[{"taxonomy":"category","embeddable":true,"href":"https:\/\/unaymilletras.com\/en\/wp-json\/wp\/v2\/categories?post=6846"},{"taxonomy":"post_tag","embeddable":true,"href":"https:\/\/unaymilletras.com\/en\/wp-json\/wp\/v2\/tags?post=6846"}],"curies":[{"name":"wp","href":"https:\/\/api.w.org\/{rel}","templated":true}]}}